{"id":86764,"date":"2025-03-28T09:00:40","date_gmt":"2025-03-28T08:00:40","guid":{"rendered":"https:\/\/conversesacatalunya.cat\/?p=86764"},"modified":"2025-03-28T05:52:00","modified_gmt":"2025-03-28T04:52:00","slug":"europa-vamos-a-la-guerra","status":"publish","type":"post","link":"https:\/\/conversesacatalunya.cat\/es\/europa-vamos-a-la-guerra\/","title":{"rendered":"Europa, \u00bfvamos a la guerra? Un maldito l\u00edo nos amenaza"},"content":{"rendered":"<p><span class=\"VIpgJd-yAWNEb-VIpgJd-fmcmS-sn54Q\">Europa camina son\u00e1mbula hacia la guerra. Esta inquietante met\u00e1fora, rescatada del an\u00e1lisis hist\u00f3rico cl\u00e1sico de<span>\u00a0<\/span><\/span><a href=\"https:\/\/es.wikipedia.org\/wiki\/Christopher_Clark\" target=\"_blank\" rel=\"noopener\"><strong><span class=\"VIpgJd-yAWNEb-VIpgJd-fmcmS-sn54Q\">Christopher Clark<\/span><\/strong><\/a><span class=\"VIpgJd-yAWNEb-VIpgJd-fmcmS-sn54Q\"><span>\u00a0<\/span>sobre los or\u00edgenes de la Primera Guerra Mundial, refleja con precisi\u00f3n la actual deriva estrat\u00e9gica europea. Hoy, las \u00e9lites pol\u00edticas europeas, como entonces, parecen incapaces de trazar un camino seguro para los ciudadanos, conduciendo el continente hacia un escenario de conflicto que podr\u00eda haberse evitado con pol\u00edticas l\u00facidas y valientes.<\/span><\/p>\n<p><span>La situaci\u00f3n actual evidencia una\u00a0<\/span><strong><span>profunda crisis de liderazgo en Bruselas.<\/span><\/strong><span>\u00a0Mientras Rusia pide garant\u00edas claras de que no ser\u00e1 atacada por Occidente, Europa interpreta esta exigencia como una amenaza directa contra su propia seguridad. Parad\u00f3jicamente, la guerra en Ucrania ha demostrado no la fortaleza, sino la\u00a0<\/span><a href=\"https:\/\/conversesacatalunya.cat\/es\/ucrania-guerra-o-paz-i\/\" target=\"_blank\" rel=\"noopener\"><strong><span>debilidad del ej\u00e9rcito ruso<\/span><\/strong><span>.<\/span><\/a><\/p>\n<h5><strong><span><span class=\"VIpgJd-yAWNEb-VIpgJd-fmcmS-sn54Q\">\u00bfNo ser\u00eda l\u00f3gico y beneficioso para todos proporcionar a Rusia estas garant\u00edas de seguridad que reclama?<\/span><\/span><\/strong><\/h5>\n<p><span><span class=\"VIpgJd-yAWNEb-VIpgJd-fmcmS-sn54Q\">La l\u00f3gica de la cooperaci\u00f3n y la distensi\u00f3n se enfrenta hoy a una absurda l\u00f3gica de confrontaci\u00f3n. Bruselas, en lugar de proponer medidas atrevidas para pacificar las relaciones con Mosc\u00fa,\u00a0<\/span><\/span><strong><span><span class=\"VIpgJd-yAWNEb-VIpgJd-fmcmS-sn54Q\">lanza mensajes alarmantes a sus ciudadanos<\/span><\/span><\/strong><span><span class=\"VIpgJd-yAWNEb-VIpgJd-fmcmS-sn54Q\">,\u00a0pidi\u00e9ndoles acumular suministros de emergencia para 72 horas. La consecuencia inmediata es el miedo, el nerviosismo social y un clima de tensi\u00f3n creciente, exactamente lo contrario de lo que deber\u00eda buscar una pol\u00edtica responsable.<\/span><\/span><\/p>\n<p><span>Ante esta deriva, el fil\u00f3sofo\u00a0<\/span><strong><span>J\u00fcrgen Habermas<\/span><\/strong><span>\u00a0advierte que el proyecto occidental podr\u00eda desmoronarse con Trump en el poder en EE. UU., retornando a un aislacionismo que, en realidad, ha sido la norma hist\u00f3rica en Estados Unidos. Ante esto, Habermas propone rearmar e integrar la defensa europea. Sin embargo, las \u00e9lites de Bruselas optan por presionar a los Estados miembros para que\u00a0<\/span><strong><span>aumenten sus presupuestos militares de manera descoordinada<\/span><\/strong><span>,\u00a0una pol\u00edtica que, lejos de garantizar seguridad, aumentar\u00e1 el endeudamiento, agravando la espiral global de deuda, ya preocupante.<\/span><\/p>\n<p><span>Por otra parte, el\u00a0\u00a0<\/span><em><span>Joint White Paper for European Defense Readiness 2030<\/span><\/em><span>,\u00a0<strong>documento clave de la Comisi\u00f3n Europea<\/strong>, ha recibido duras cr\u00edticas por centrarse m\u00e1s en una pol\u00edtica industrial de defensa que en la aut\u00e9ntica defensa y seguridad ante amenazas reales, tal y como denuncia el almirante general retirado Fernando Garc\u00eda S\u00e1nchez en un art\u00edculo reciente en\u00a0\u00a0<\/span><em><span>ABC<\/span><\/em><span>.\u00a0Este experimentado\u00a0<\/span><strong><span>exjefe del Estado Mayor espa\u00f1ol describe el documento como un \u201cl\u00edo de medidas\u201d burocr\u00e1ticas, carentes de agilidad y determinaci\u00f3n.<\/span><\/strong><\/p>\n<p><span>Adem\u00e1s, la solicitud de \u201csolidaridad\u201d europea frente a un eventual conflicto, centrada exclusivamente en Rusia, ignora peligros grav\u00edsimos en el flanco mediterr\u00e1neo, donde\u00a0<\/span><strong><span>la <a href=\"https:\/\/conversesacatalunya.cat\/es\/golpe-estado-niger-francia-sahel\/\" target=\"_blank\" rel=\"noopener\">amenaza yihadista del Sahel<\/a><\/span><span>\u00a0crece sin control.<\/span><\/strong><\/p>\n<p><span>A todo esto se le suma una pregunta crucial y existencial:<strong> \u00bfDefensa\u00a0<\/strong><\/span><strong><span>de qu\u00e9 Europa?<\/span><\/strong><span>\u00a0La brecha social e ideol\u00f3gica del continente es hoy m\u00e1s profunda que nunca. La polarizaci\u00f3n sobre cuestiones fundamentales como el aborto, la ideolog\u00eda de g\u00e9nero, el matrimonio homosexual, el feminismo radical o el rechazo a las ra\u00edces cristianas ha generado una divisi\u00f3n interna que dificulta enormemente encontrar un prop\u00f3sito com\u00fan s\u00f3lido por el que luchar. Nadie quiere arriesgar su vida por causas impuestas que siente lejanas o, incluso, contrarias a sus m\u00e1s \u00edntimas convicciones.<\/span><\/p>\n<p><span><span class=\"VIpgJd-yAWNEb-VIpgJd-fmcmS-sn54Q\">En Espa\u00f1a, la situaci\u00f3n es a\u00fan m\u00e1s confusa a causa del\u00a0<\/span><\/span><em><span><span class=\"VIpgJd-yAWNEb-VIpgJd-fmcmS-sn54Q\">impasse<\/span><\/span><\/em><span><span class=\"VIpgJd-yAWNEb-VIpgJd-fmcmS-sn54Q\">\u00a0\u00a0presupuestario y pol\u00edtico del presidente S\u00e1nchez. Sin presupuesto aprobado, sin transparencia en las cifras de gasto militar y con socios parlamentarios como Sumar que abogan por abandonar la OTAN,\u00a0<\/span><\/span><strong><span><span class=\"VIpgJd-yAWNEb-VIpgJd-fmcmS-sn54Q\">solo un improbable consenso con el Partido Popular podr\u00eda resolver este caos institucional<\/span><\/span><\/strong><span><span class=\"VIpgJd-yAWNEb-VIpgJd-fmcmS-sn54Q\">.\u00a0Pero lejos de buscar consenso, S\u00e1nchez incrementa su enfrentamiento pol\u00edtico con la oposici\u00f3n.<\/span><\/span><\/p>\n<p><span>Europa necesita urgentemente despertar y repensar su pol\u00edtica de defensa desde una l\u00f3gica aut\u00f3noma, coordinada, pac\u00edfica y coherente, antes de que, como en 1914, sea demasiado tarde y estamos caminando ciegamente hacia una cat\u00e1strofe evitable.<\/span><\/p>\n<span class='bctt-click-to-tweet'><span class='bctt-ctt-text'><a href='https:\/\/twitter.com\/intent\/tweet?url=https%3A%2F%2Fconversesacatalunya.cat%2Fes%2Feuropa-vamos-a-la-guerra%2F&#038;text=La%20solicitud%20de%20solidaridad%20europea%20frente%20a%20un%20eventual%20conflicto%2C%20centrada%20exclusivamente%20en%20Rusia%2C%20ignora%20peligros%20grav%C3%ADsimos%20en%20el%20flanco%20mediterr%C3%A1neo%2C%20donde%20la%20amenaza%20yihadista%20del%20Sahel%20crece%20sin%20control&#038;via=conversesacat&#038;related=conversesacat' target='_blank'rel=\"noopener noreferrer\">La solicitud de solidaridad europea frente a un eventual conflicto, centrada exclusivamente en Rusia, ignora peligros grav\u00edsimos en el flanco mediterr\u00e1neo, donde la amenaza yihadista del Sahel crece sin control <\/a><\/span><a href='https:\/\/twitter.com\/intent\/tweet?url=https%3A%2F%2Fconversesacatalunya.cat%2Fes%2Feuropa-vamos-a-la-guerra%2F&#038;text=La%20solicitud%20de%20solidaridad%20europea%20frente%20a%20un%20eventual%20conflicto%2C%20centrada%20exclusivamente%20en%20Rusia%2C%20ignora%20peligros%20grav%C3%ADsimos%20en%20el%20flanco%20mediterr%C3%A1neo%2C%20donde%20la%20amenaza%20yihadista%20del%20Sahel%20crece%20sin%20control&#038;via=conversesacat&#038;related=conversesacat' target='_blank' class='bctt-ctt-btn'rel=\"noopener noreferrer\">Compartir en X<\/a><\/span>\n<p>&nbsp;<\/p>\n<p>&nbsp;<\/p>\n","protected":false},"excerpt":{"rendered":"<p>Europa camina son\u00e1mbula hacia la guerra. Esta inquietante met\u00e1fora, rescatada del an\u00e1lisis hist\u00f3rico cl\u00e1sico de\u00a0Christopher Clark\u00a0sobre los or\u00edgenes de la Primera Guerra Mundial, refleja con precisi\u00f3n la actual deriva estrat\u00e9gica europea. Hoy, las \u00e9lites pol\u00edticas europeas, como entonces, parecen incapaces de trazar un camino seguro para los ciudadanos, conduciendo el continente hacia un escenario de conflicto que podr\u00eda haberse evitado con pol\u00edticas l\u00facidas y valientes. La situaci\u00f3n actual evidencia una\u00a0profunda crisis de liderazgo en Bruselas.\u00a0Mientras Rusia pide garant\u00edas claras de que no ser\u00e1 atacada por Occidente, Europa interpreta esta exigencia como una amenaza directa contra su propia seguridad. Parad\u00f3jicamente, la guerra en Ucrania ha demostrado no la fortaleza, sino la\u00a0debilidad del ej\u00e9rcito ruso. \u00bfNo ser\u00eda l\u00f3gico y beneficioso para todos proporcionar a Rusia estas garant\u00edas de seguridad que reclama? La l\u00f3gica de la cooperaci\u00f3n y la distensi\u00f3n se enfrenta hoy a una absurda l\u00f3gica de confrontaci\u00f3n. Bruselas, en lugar de proponer medidas atrevidas para pacificar las relaciones con Mosc\u00fa,\u00a0lanza mensajes alarmantes a sus ciudadanos,\u00a0pidi\u00e9ndoles acumular suministros de emergencia para 72 horas. La consecuencia inmediata es el miedo, el nerviosismo social y un clima de tensi\u00f3n creciente, exactamente lo contrario de lo que deber\u00eda buscar una pol\u00edtica responsable. Ante esta deriva, el fil\u00f3sofo\u00a0J\u00fcrgen Habermas\u00a0advierte que el proyecto occidental podr\u00eda desmoronarse con Trump en el poder en EE. UU., retornando a un aislacionismo que, en realidad, ha sido la norma hist\u00f3rica en Estados Unidos. Ante esto, Habermas propone rearmar e integrar la defensa europea. Sin embargo, las \u00e9lites de Bruselas optan por presionar a los Estados miembros para que\u00a0aumenten sus presupuestos militares de manera descoordinada,\u00a0una pol\u00edtica que, lejos de garantizar seguridad, aumentar\u00e1 el endeudamiento, agravando la espiral global de deuda, ya preocupante. Por otra parte, el\u00a0\u00a0Joint White Paper for European Defense Readiness 2030,\u00a0documento clave de la Comisi\u00f3n Europea, ha recibido duras cr\u00edticas por centrarse m\u00e1s en una pol\u00edtica industrial de defensa que en la aut\u00e9ntica defensa y seguridad ante amenazas reales, tal y como denuncia el almirante general retirado Fernando Garc\u00eda S\u00e1nchez en un art\u00edculo reciente en\u00a0\u00a0ABC.\u00a0Este experimentado\u00a0exjefe del Estado Mayor espa\u00f1ol describe el documento como un \u201cl\u00edo de medidas\u201d burocr\u00e1ticas, carentes de agilidad y determinaci\u00f3n. Adem\u00e1s, la solicitud de \u201csolidaridad\u201d europea frente a un eventual conflicto, centrada exclusivamente en Rusia, ignora peligros grav\u00edsimos en el flanco mediterr\u00e1neo, donde\u00a0la amenaza yihadista del Sahel\u00a0crece sin control. A todo esto se le suma una pregunta crucial y existencial: \u00bfDefensa\u00a0de qu\u00e9 Europa?\u00a0La brecha social e ideol\u00f3gica del continente es hoy m\u00e1s profunda que nunca. La polarizaci\u00f3n sobre cuestiones fundamentales como el aborto, la ideolog\u00eda de g\u00e9nero, el matrimonio homosexual, el feminismo radical o el rechazo a las ra\u00edces cristianas ha generado una divisi\u00f3n interna que dificulta enormemente encontrar un prop\u00f3sito com\u00fan s\u00f3lido por el que luchar. Nadie quiere arriesgar su vida por causas impuestas que siente lejanas o, incluso, contrarias a sus m\u00e1s \u00edntimas convicciones. En Espa\u00f1a, la situaci\u00f3n es a\u00fan m\u00e1s confusa a causa del\u00a0impasse\u00a0\u00a0presupuestario y pol\u00edtico del presidente S\u00e1nchez. Sin presupuesto aprobado, sin transparencia en las cifras de gasto militar y con socios parlamentarios como Sumar que abogan por abandonar la OTAN,\u00a0solo un improbable consenso con el Partido Popular podr\u00eda resolver este caos institucional.\u00a0Pero lejos de buscar consenso, S\u00e1nchez incrementa su enfrentamiento pol\u00edtico con la oposici\u00f3n. Europa necesita urgentemente despertar y repensar su pol\u00edtica de defensa desde una l\u00f3gica aut\u00f3noma, coordinada, pac\u00edfica y coherente, antes de que, como en 1914, sea demasiado tarde y estamos caminando ciegamente hacia una cat\u00e1strofe evitable. &nbsp; &nbsp;<\/p>\n","protected":false},"author":77,"featured_media":86761,"comment_status":"open","ping_status":"open","sticky":false,"template":"","format":"standard","meta":{"_FSMCFIC_featured_image_caption":"","_FSMCFIC_featured_image_nocaption":"","_FSMCFIC_featured_image_hide":"","footnotes":""},"categories":[806],"tags":[5120],"class_list":["post-86764","post","type-post","status-publish","format-standard","has-post-thumbnail","hentry","category-punts-claus-del-dia-es","tag-guerra-europa-es"],"yoast_head":"<!-- This site is optimized with the Yoast SEO plugin v26.8 - https:\/\/yoast.com\/product\/yoast-seo-wordpress\/ -->\n<title>Europa, \u00bfvamos a la guerra? Un maldito l\u00edo nos amenaza - Converses a Catalunya<\/title>\n<meta name=\"description\" content=\"Europa camina son\u00e1mbula hacia la guerra. Esta inquietante met\u00e1fora, rescatada del an\u00e1lisis hist\u00f3rico cl\u00e1sico de\u00a0Christopher Clark\u00a0\" \/>\n<meta name=\"robots\" content=\"index, follow, max-snippet:-1, max-image-preview:large, max-video-preview:-1\" \/>\n<link rel=\"canonical\" href=\"https:\/\/conversesacatalunya.cat\/?p=86751\" \/>\n<meta property=\"og:locale\" content=\"es_ES\" \/>\n<meta property=\"og:type\" content=\"article\" \/>\n<meta property=\"og:title\" content=\"Europa, \u00bfvamos a la guerra? Un maldito l\u00edo nos amenaza - Converses a Catalunya\" \/>\n<meta property=\"og:description\" content=\"Europa camina son\u00e1mbula hacia la guerra. Esta inquietante met\u00e1fora, rescatada del an\u00e1lisis hist\u00f3rico cl\u00e1sico de\u00a0Christopher Clark\u00a0\" \/>\n<meta property=\"og:url\" content=\"https:\/\/conversesacatalunya.cat\/?p=86751\" \/>\n<meta property=\"og:site_name\" content=\"Converses a Catalunya\" \/>\n<meta property=\"article:published_time\" content=\"2025-03-28T08:00:40+00:00\" \/>\n<meta property=\"og:image\" content=\"https:\/\/conversesacatalunya.cat\/wp-content\/uploads\/2025\/03\/geography-42292_640.jpg\" \/>\n\t<meta property=\"og:image:width\" content=\"640\" \/>\n\t<meta property=\"og:image:height\" content=\"468\" \/>\n\t<meta property=\"og:image:type\" content=\"image\/jpeg\" \/>\n<meta name=\"author\" content=\"Enric Casanovas\" \/>\n<meta name=\"twitter:card\" content=\"summary_large_image\" \/>\n<meta name=\"twitter:label1\" content=\"Escrito por\" \/>\n\t<meta name=\"twitter:data1\" content=\"Enric Casanovas\" \/>\n\t<meta name=\"twitter:label2\" content=\"Tiempo de lectura\" \/>\n\t<meta name=\"twitter:data2\" content=\"4 minutos\" \/>\n<script type=\"application\/ld+json\" class=\"yoast-schema-graph\">{\"@context\":\"https:\/\/schema.org\",\"@graph\":[{\"@type\":\"Article\",\"@id\":\"https:\/\/conversesacatalunya.cat\/?p=86751#article\",\"isPartOf\":{\"@id\":\"https:\/\/conversesacatalunya.cat\/?p=86751\"},\"author\":{\"name\":\"Enric Casanovas\",\"@id\":\"https:\/\/conversesacatalunya.cat\/#\/schema\/person\/79bd0577b2f3afc8d6519d207c6e8609\"},\"headline\":\"Europa, \u00bfvamos a la guerra? Un maldito l\u00edo nos amenaza\",\"datePublished\":\"2025-03-28T08:00:40+00:00\",\"mainEntityOfPage\":{\"@id\":\"https:\/\/conversesacatalunya.cat\/?p=86751\"},\"wordCount\":712,\"commentCount\":0,\"image\":{\"@id\":\"https:\/\/conversesacatalunya.cat\/?p=86751#primaryimage\"},\"thumbnailUrl\":\"https:\/\/conversesacatalunya.cat\/wp-content\/uploads\/2025\/03\/geography-42292_640.jpg\",\"keywords\":[\"Guerra Europa\"],\"articleSection\":[\"Punts clau del dia (ES)\"],\"inLanguage\":\"es\",\"potentialAction\":[{\"@type\":\"CommentAction\",\"name\":\"Comment\",\"target\":[\"https:\/\/conversesacatalunya.cat\/?p=86751#respond\"]}]},{\"@type\":\"WebPage\",\"@id\":\"https:\/\/conversesacatalunya.cat\/?p=86751\",\"url\":\"https:\/\/conversesacatalunya.cat\/?p=86751\",\"name\":\"Europa, \u00bfvamos a la guerra? Un maldito l\u00edo nos amenaza - Converses a Catalunya\",\"isPartOf\":{\"@id\":\"https:\/\/conversesacatalunya.cat\/#website\"},\"primaryImageOfPage\":{\"@id\":\"https:\/\/conversesacatalunya.cat\/?p=86751#primaryimage\"},\"image\":{\"@id\":\"https:\/\/conversesacatalunya.cat\/?p=86751#primaryimage\"},\"thumbnailUrl\":\"https:\/\/conversesacatalunya.cat\/wp-content\/uploads\/2025\/03\/geography-42292_640.jpg\",\"datePublished\":\"2025-03-28T08:00:40+00:00\",\"author\":{\"@id\":\"https:\/\/conversesacatalunya.cat\/#\/schema\/person\/79bd0577b2f3afc8d6519d207c6e8609\"},\"description\":\"Europa camina son\u00e1mbula hacia la guerra. Esta inquietante met\u00e1fora, rescatada del an\u00e1lisis hist\u00f3rico cl\u00e1sico de\u00a0Christopher Clark\u00a0\",\"breadcrumb\":{\"@id\":\"https:\/\/conversesacatalunya.cat\/?p=86751#breadcrumb\"},\"inLanguage\":\"es\",\"potentialAction\":[{\"@type\":\"ReadAction\",\"target\":[\"https:\/\/conversesacatalunya.cat\/?p=86751\"]}]},{\"@type\":\"ImageObject\",\"inLanguage\":\"es\",\"@id\":\"https:\/\/conversesacatalunya.cat\/?p=86751#primaryimage\",\"url\":\"https:\/\/conversesacatalunya.cat\/wp-content\/uploads\/2025\/03\/geography-42292_640.jpg\",\"contentUrl\":\"https:\/\/conversesacatalunya.cat\/wp-content\/uploads\/2025\/03\/geography-42292_640.jpg\",\"width\":640,\"height\":468,\"caption\":\"Europa guerra\"},{\"@type\":\"BreadcrumbList\",\"@id\":\"https:\/\/conversesacatalunya.cat\/?p=86751#breadcrumb\",\"itemListElement\":[{\"@type\":\"ListItem\",\"position\":1,\"name\":\"Inici\",\"item\":\"https:\/\/conversesacatalunya.cat\/es\/\"},{\"@type\":\"ListItem\",\"position\":2,\"name\":\"Europa, \u00bfvamos a la guerra? Un maldito l\u00edo nos amenaza\"}]},{\"@type\":\"WebSite\",\"@id\":\"https:\/\/conversesacatalunya.cat\/#website\",\"url\":\"https:\/\/conversesacatalunya.cat\/\",\"name\":\"Converses a Catalunya\",\"description\":\"\",\"potentialAction\":[{\"@type\":\"SearchAction\",\"target\":{\"@type\":\"EntryPoint\",\"urlTemplate\":\"https:\/\/conversesacatalunya.cat\/?s={search_term_string}\"},\"query-input\":{\"@type\":\"PropertyValueSpecification\",\"valueRequired\":true,\"valueName\":\"search_term_string\"}}],\"inLanguage\":\"es\"},{\"@type\":\"Person\",\"@id\":\"https:\/\/conversesacatalunya.cat\/#\/schema\/person\/79bd0577b2f3afc8d6519d207c6e8609\",\"name\":\"Enric Casanovas\",\"image\":{\"@type\":\"ImageObject\",\"inLanguage\":\"es\",\"@id\":\"https:\/\/conversesacatalunya.cat\/#\/schema\/person\/image\/\",\"url\":\"https:\/\/conversesacatalunya.cat\/wp-content\/litespeed\/avatar\/7ae4379ad4421ec77820e92afd36dd78.jpg?ver=1777373933\",\"contentUrl\":\"https:\/\/conversesacatalunya.cat\/wp-content\/litespeed\/avatar\/7ae4379ad4421ec77820e92afd36dd78.jpg?ver=1777373933\",\"caption\":\"Enric Casanovas\"},\"url\":\"https:\/\/conversesacatalunya.cat\/es\/author\/enric-casanovas\/\"}]}<\/script>\n<!-- \/ Yoast SEO plugin. -->","yoast_head_json":{"title":"Europa, \u00bfvamos a la guerra? Un maldito l\u00edo nos amenaza - Converses a Catalunya","description":"Europa camina son\u00e1mbula hacia la guerra. Esta inquietante met\u00e1fora, rescatada del an\u00e1lisis hist\u00f3rico cl\u00e1sico de\u00a0Christopher Clark\u00a0","robots":{"index":"index","follow":"follow","max-snippet":"max-snippet:-1","max-image-preview":"max-image-preview:large","max-video-preview":"max-video-preview:-1"},"canonical":"https:\/\/conversesacatalunya.cat\/?p=86751","og_locale":"es_ES","og_type":"article","og_title":"Europa, \u00bfvamos a la guerra? Un maldito l\u00edo nos amenaza - Converses a Catalunya","og_description":"Europa camina son\u00e1mbula hacia la guerra. Esta inquietante met\u00e1fora, rescatada del an\u00e1lisis hist\u00f3rico cl\u00e1sico de\u00a0Christopher Clark\u00a0","og_url":"https:\/\/conversesacatalunya.cat\/?p=86751","og_site_name":"Converses a Catalunya","article_published_time":"2025-03-28T08:00:40+00:00","og_image":[{"width":640,"height":468,"url":"https:\/\/conversesacatalunya.cat\/wp-content\/uploads\/2025\/03\/geography-42292_640.jpg","type":"image\/jpeg"}],"author":"Enric Casanovas","twitter_card":"summary_large_image","twitter_misc":{"Escrito por":"Enric Casanovas","Tiempo de lectura":"4 minutos"},"schema":{"@context":"https:\/\/schema.org","@graph":[{"@type":"Article","@id":"https:\/\/conversesacatalunya.cat\/?p=86751#article","isPartOf":{"@id":"https:\/\/conversesacatalunya.cat\/?p=86751"},"author":{"name":"Enric Casanovas","@id":"https:\/\/conversesacatalunya.cat\/#\/schema\/person\/79bd0577b2f3afc8d6519d207c6e8609"},"headline":"Europa, \u00bfvamos a la guerra? Un maldito l\u00edo nos amenaza","datePublished":"2025-03-28T08:00:40+00:00","mainEntityOfPage":{"@id":"https:\/\/conversesacatalunya.cat\/?p=86751"},"wordCount":712,"commentCount":0,"image":{"@id":"https:\/\/conversesacatalunya.cat\/?p=86751#primaryimage"},"thumbnailUrl":"https:\/\/conversesacatalunya.cat\/wp-content\/uploads\/2025\/03\/geography-42292_640.jpg","keywords":["Guerra Europa"],"articleSection":["Punts clau del dia (ES)"],"inLanguage":"es","potentialAction":[{"@type":"CommentAction","name":"Comment","target":["https:\/\/conversesacatalunya.cat\/?p=86751#respond"]}]},{"@type":"WebPage","@id":"https:\/\/conversesacatalunya.cat\/?p=86751","url":"https:\/\/conversesacatalunya.cat\/?p=86751","name":"Europa, \u00bfvamos a la guerra? Un maldito l\u00edo nos amenaza - Converses a Catalunya","isPartOf":{"@id":"https:\/\/conversesacatalunya.cat\/#website"},"primaryImageOfPage":{"@id":"https:\/\/conversesacatalunya.cat\/?p=86751#primaryimage"},"image":{"@id":"https:\/\/conversesacatalunya.cat\/?p=86751#primaryimage"},"thumbnailUrl":"https:\/\/conversesacatalunya.cat\/wp-content\/uploads\/2025\/03\/geography-42292_640.jpg","datePublished":"2025-03-28T08:00:40+00:00","author":{"@id":"https:\/\/conversesacatalunya.cat\/#\/schema\/person\/79bd0577b2f3afc8d6519d207c6e8609"},"description":"Europa camina son\u00e1mbula hacia la guerra. Esta inquietante met\u00e1fora, rescatada del an\u00e1lisis hist\u00f3rico cl\u00e1sico de\u00a0Christopher Clark\u00a0","breadcrumb":{"@id":"https:\/\/conversesacatalunya.cat\/?p=86751#breadcrumb"},"inLanguage":"es","potentialAction":[{"@type":"ReadAction","target":["https:\/\/conversesacatalunya.cat\/?p=86751"]}]},{"@type":"ImageObject","inLanguage":"es","@id":"https:\/\/conversesacatalunya.cat\/?p=86751#primaryimage","url":"https:\/\/conversesacatalunya.cat\/wp-content\/uploads\/2025\/03\/geography-42292_640.jpg","contentUrl":"https:\/\/conversesacatalunya.cat\/wp-content\/uploads\/2025\/03\/geography-42292_640.jpg","width":640,"height":468,"caption":"Europa guerra"},{"@type":"BreadcrumbList","@id":"https:\/\/conversesacatalunya.cat\/?p=86751#breadcrumb","itemListElement":[{"@type":"ListItem","position":1,"name":"Inici","item":"https:\/\/conversesacatalunya.cat\/es\/"},{"@type":"ListItem","position":2,"name":"Europa, \u00bfvamos a la guerra? Un maldito l\u00edo nos amenaza"}]},{"@type":"WebSite","@id":"https:\/\/conversesacatalunya.cat\/#website","url":"https:\/\/conversesacatalunya.cat\/","name":"Converses a Catalunya","description":"","potentialAction":[{"@type":"SearchAction","target":{"@type":"EntryPoint","urlTemplate":"https:\/\/conversesacatalunya.cat\/?s={search_term_string}"},"query-input":{"@type":"PropertyValueSpecification","valueRequired":true,"valueName":"search_term_string"}}],"inLanguage":"es"},{"@type":"Person","@id":"https:\/\/conversesacatalunya.cat\/#\/schema\/person\/79bd0577b2f3afc8d6519d207c6e8609","name":"Enric Casanovas","image":{"@type":"ImageObject","inLanguage":"es","@id":"https:\/\/conversesacatalunya.cat\/#\/schema\/person\/image\/","url":"https:\/\/conversesacatalunya.cat\/wp-content\/litespeed\/avatar\/7ae4379ad4421ec77820e92afd36dd78.jpg?ver=1777373933","contentUrl":"https:\/\/conversesacatalunya.cat\/wp-content\/litespeed\/avatar\/7ae4379ad4421ec77820e92afd36dd78.jpg?ver=1777373933","caption":"Enric Casanovas"},"url":"https:\/\/conversesacatalunya.cat\/es\/author\/enric-casanovas\/"}]}},"wps_subtitle":"La situaci\u00f3n actual evidencia una profunda crisis de liderazgo en Bruselas.","_links":{"self":[{"href":"https:\/\/conversesacatalunya.cat\/es\/wp-json\/wp\/v2\/posts\/86764","targetHints":{"allow":["GET"]}}],"collection":[{"href":"https:\/\/conversesacatalunya.cat\/es\/wp-json\/wp\/v2\/posts"}],"about":[{"href":"https:\/\/conversesacatalunya.cat\/es\/wp-json\/wp\/v2\/types\/post"}],"author":[{"embeddable":true,"href":"https:\/\/conversesacatalunya.cat\/es\/wp-json\/wp\/v2\/users\/77"}],"replies":[{"embeddable":true,"href":"https:\/\/conversesacatalunya.cat\/es\/wp-json\/wp\/v2\/comments?post=86764"}],"version-history":[{"count":5,"href":"https:\/\/conversesacatalunya.cat\/es\/wp-json\/wp\/v2\/posts\/86764\/revisions"}],"predecessor-version":[{"id":86765,"href":"https:\/\/conversesacatalunya.cat\/es\/wp-json\/wp\/v2\/posts\/86764\/revisions\/86765"}],"wp:featuredmedia":[{"embeddable":true,"href":"https:\/\/conversesacatalunya.cat\/es\/wp-json\/wp\/v2\/media\/86761"}],"wp:attachment":[{"href":"https:\/\/conversesacatalunya.cat\/es\/wp-json\/wp\/v2\/media?parent=86764"}],"wp:term":[{"taxonomy":"category","embeddable":true,"href":"https:\/\/conversesacatalunya.cat\/es\/wp-json\/wp\/v2\/categories?post=86764"},{"taxonomy":"post_tag","embeddable":true,"href":"https:\/\/conversesacatalunya.cat\/es\/wp-json\/wp\/v2\/tags?post=86764"}],"curies":[{"name":"wp","href":"https:\/\/api.w.org\/{rel}","templated":true}]}}