{"id":86726,"date":"2025-03-27T08:50:20","date_gmt":"2025-03-27T07:50:20","guid":{"rendered":"https:\/\/conversesacatalunya.cat\/?p=86726"},"modified":"2025-03-27T07:09:46","modified_gmt":"2025-03-27T06:09:46","slug":"renace-el-congreso-de-cultura-catalana","status":"publish","type":"post","link":"https:\/\/conversesacatalunya.cat\/es\/renace-el-congreso-de-cultura-catalana\/","title":{"rendered":"Cincuenta a\u00f1os despu\u00e9s, renace el Congreso de Cultura Catalana"},"content":{"rendered":"<p><span><span class=\"VIpgJd-yAWNEb-VIpgJd-fmcmS-sn54Q\">El pr\u00f3ximo a\u00f1o se cumplir\u00e1n cinco d\u00e9cadas desde que,\u00a0<\/span><\/span><strong><span><span class=\"VIpgJd-yAWNEb-VIpgJd-fmcmS-sn54Q\">entre 1975 y 1977, se celebr\u00f3 el I Congreso de Cultura Catalana (CCC),<\/span><\/span><\/strong><span><span class=\"VIpgJd-yAWNEb-VIpgJd-fmcmS-sn54Q\"> una de las iniciativas m\u00e1s relevantes para la revitalizaci\u00f3n cultural de los Pa\u00efsos Catalans durante la transici\u00f3n democr\u00e1tica. Cincuenta a\u00f1os despu\u00e9s, se pone en marcha el II Congreso de Cultura Catalana, <\/span><\/span><strong><span><span class=\"VIpgJd-yAWNEb-VIpgJd-fmcmS-sn54Q\">con el objetivo de repensar colectivamente el papel de la cultura catalana en el siglo XXI.<\/span><\/span><\/strong><\/p>\n<p style=\"font-weight: 400;\"><span>Aunque medio siglo pueda parecer un intervalo excesivo, lo importante es que se vuelve a abrir una mirada profunda, cr\u00edtica y constructiva sobre la situaci\u00f3n actual de la cultura catalana, su proyecci\u00f3n futura y su papel como herramienta de transformaci\u00f3n social.<\/span><\/p>\n<h3><strong><span><span class=\"VIpgJd-yAWNEb-VIpgJd-fmcmS-sn54Q\">El I Congreso de Cultura Catalana: una movilizaci\u00f3n hist\u00f3rica<\/span><\/span><\/strong><\/h3>\n<p style=\"font-weight: 400;\"><span><span class=\"VIpgJd-yAWNEb-VIpgJd-fmcmS-sn54Q\">Celebrado en un contexto de efervescencia pol\u00edtica y social, el I CCC fue aprobado en enero de 1975 por el Ilustre Colegio de Abogados de Barcelona y se desarroll\u00f3 durante dos a\u00f1os hasta noviembre de 1977. Participaron m\u00e1s de 12.400 personas como congresistas y se adhirieron m\u00e1s de 1.500 entidades culturales, sociales y profesionales, lo que le convirti\u00f3 en <strong>una de las mayores movilizaciones culturales de la historia contempor\u00e1nea catalana.<\/strong><\/span><\/span><\/p>\n<p><span><span class=\"VIpgJd-yAWNEb-VIpgJd-fmcmS-sn54Q\">Su estructura organizativa fue ejemplarmente participativa y descentralizada. Cont\u00f3 con un Patronato presidido por\u00a0<\/span><\/span><strong><span><span class=\"VIpgJd-yAWNEb-VIpgJd-fmcmS-sn54Q\">Jordi Rubi\u00f3 i Balaguer<\/span><\/span><\/strong><span><span class=\"VIpgJd-yAWNEb-VIpgJd-fmcmS-sn54Q\">,\u00a0una Comisi\u00f3n Promotora liderada por\u00a0<\/span><\/span><strong><span><span class=\"VIpgJd-yAWNEb-VIpgJd-fmcmS-sn54Q\">Miquel Casals Colldecarrera<\/span><\/span><\/strong><span><span class=\"VIpgJd-yAWNEb-VIpgJd-fmcmS-sn54Q\">\u00a0y una Comisi\u00f3n Permanente que reun\u00eda a unas 85 entidades de todos los territorios de habla catalana: Catalu\u00f1a, Comunidad Valenciana, Islas Baleares, Catalu\u00f1a Norte, Andorra y Alguer.<\/span><\/span><\/p>\n<p style=\"font-weight: 400;\"><span><span class=\"VIpgJd-yAWNEb-VIpgJd-fmcmS-sn54Q\">El Congreso se articul\u00f3 en torno a 25 \u00e1reas tem\u00e1ticas \u2014desde lengua, educaci\u00f3n y derecho hasta agricultura, ordenaci\u00f3n territorial, medios de comunicaci\u00f3n o artes pl\u00e1sticas\u2014. Cada grupo trabaj\u00f3 a fondo con la colaboraci\u00f3n de\u00a0<\/span><\/span><strong><span><span class=\"VIpgJd-yAWNEb-VIpgJd-fmcmS-sn54Q\">m\u00e1s de 3000 especialistas, acad\u00e9micos y ciudadanos comprometidos.<\/span><\/span><\/strong><\/p>\n<h3><strong><span><span class=\"VIpgJd-yAWNEb-VIpgJd-fmcmS-sn54Q\">Objetivos y legado<\/span><\/span><\/strong><\/h3>\n<p style=\"font-weight: 400;\"><span>El I CCC ten\u00eda como objetivos fundamentales:<\/span><\/p>\n<ol>\n<li><strong><span><span class=\"VIpgJd-yAWNEb-VIpgJd-fmcmS-sn54Q\">La normalizaci\u00f3n cultural:<\/span><\/span><\/strong><span>\u00a0<\/span><span><span class=\"VIpgJd-yAWNEb-VIpgJd-fmcmS-sn54Q\">\u00a0diagnosticar carencias estructurales y proponer l\u00edneas de acci\u00f3n para una cultura catalana fuerte y viva en democracia.<\/span><\/span><\/li>\n<li><strong><span>La reivindicaci\u00f3n ling\u00fc\u00edstica:<\/span><\/strong><span>\u00a0<\/span><span>\u00a0recuperar\u00a0<\/span><a href=\"https:\/\/conversesacatalunya.cat\/es\/lengua-catalana-las-10-causas-de-una-crisis-desatendida\/\" target=\"_blank\" rel=\"noopener\"><strong><span>el uso del catal\u00e1n<\/span><\/strong><\/a><span>\u00a0en la vida p\u00fablica y educativa, despu\u00e9s de d\u00e9cadas de represi\u00f3n franquista.<\/span><\/li>\n<li><strong><span>La participaci\u00f3n popular:<\/span><\/strong><span>\u00a0<\/span><span>\u00a0fomentar una identidad colectiva activa y compartida entre los habitantes de los Pa\u00efsos Catalans.<\/span><\/li>\n<\/ol>\n<p><span>El impacto del Congreso fue significativo: muchas de sus propuestas inspiraron las primeras pol\u00edticas culturales de las instituciones auton\u00f3micas nacidas despu\u00e9s de la Constituci\u00f3n de 1978, como la Generalitat de Catalu\u00f1a, el Govern Balear o la Generalitat Valenciana. Tambi\u00e9n permiti\u00f3 visualizar la cultura catalana como proyecto compartido m\u00e1s all\u00e1 de las fronteras administrativas.<\/span><\/p>\n<p style=\"font-weight: 400;\"><span>El I CCC tuvo un precedente clandestino entre 1961 y 1964 que no pudo publicar sus conclusiones a causa de la <strong>censura franquista.<\/strong> La metodolog\u00eda del Congreso de los a\u00f1os 70 \u2014basada en la participaci\u00f3n transversal, la descentralizaci\u00f3n y la conexi\u00f3n con la sociedad civil\u2014 sigue siendo hoy un modelo inspirador.<\/span><\/p>\n<h3><strong><span><span class=\"VIpgJd-yAWNEb-VIpgJd-fmcmS-sn54Q\">El II Congreso de cultura catalana: una mirada hacia el futuro<\/span><\/span><\/strong><\/h3>\n<p style=\"font-weight: 400;\"><span><span class=\"VIpgJd-yAWNEb-VIpgJd-fmcmS-sn54Q\">El II Congreso de Cultura Catalana, tambi\u00e9n llamado\u00a0<\/span><\/span><strong><span><span class=\"VIpgJd-yAWNEb-VIpgJd-fmcmS-sn54Q\">Nuevo Congreso de Cultura Catalana<\/span><\/span><\/strong><span><span class=\"VIpgJd-yAWNEb-VIpgJd-fmcmS-sn54Q\">,\u00a0se inaugur\u00f3 el 20 de marzo de 2025 en el Sal\u00f3n del Tinell de Barcelona. La iniciativa est\u00e1 impulsada por la Fundaci\u00f3n Congreso de Cultura Catalana,\u00a0<\/span><\/span><strong><span><span class=\"VIpgJd-yAWNEb-VIpgJd-fmcmS-sn54Q\">presidida por el historiador Agust\u00ed Alcoberro<\/span><\/span><\/strong><span><span class=\"VIpgJd-yAWNEb-VIpgJd-fmcmS-sn54Q\">,\u00a0y cuenta con la direcci\u00f3n del poeta y periodista cultural\u00a0<\/span><\/span><strong><span><span class=\"VIpgJd-yAWNEb-VIpgJd-fmcmS-sn54Q\">Esteve Plantada.<\/span><\/span><\/strong><\/p>\n<p style=\"font-weight: 400;\"><span>Este nuevo congreso de cultura catalana se propone recuperar el esp\u00edritu fundacional adapt\u00e1ndolo a los grandes retos del presente: el debilitamiento del uso social del catal\u00e1n, la crisis del modelo cultural tradicional, el impacto de la tecnolog\u00eda, la fragmentaci\u00f3n generacional y la necesidad de recuperar s\u00f3lidos liderazgos culturales.<\/span><\/p>\n<p style=\"font-weight: 400;\"><span>Se han previsto m\u00e1s de 80 actos a lo largo de 2025 en diversos territorios, estructurados en torno a cuatro grandes ejes tem\u00e1ticos:<\/span><\/p>\n<ul>\n<li><strong><span>C\u00f3mo nos mantenemos:<\/span><\/strong><span>\u00a0<\/span><span>\u00a0reflexiones sobre econom\u00eda, trabajo y sostenibilidad del sistema cultural.<\/span><\/li>\n<li><strong><span><span class=\"VIpgJd-yAWNEb-VIpgJd-fmcmS-sn54Q\">C\u00f3mo nos comunicamos:<\/span><\/span><\/strong><span>\u00a0<\/span><span><span class=\"VIpgJd-yAWNEb-VIpgJd-fmcmS-sn54Q\">\u00a0an\u00e1lisis sobre lengua, medios de comunicaci\u00f3n y entorno digital.<\/span><\/span><\/li>\n<li><strong><span>C\u00f3mo nos cuidamos:<\/span><\/strong><span>\u00a0<\/span><span>\u00a0abordaje de la cultura desde una \u00f3ptica comunitaria y de bienestar.<\/span><\/li>\n<li><strong><span>C\u00f3mo nos cohesionamos:<\/span><\/strong><span>\u00a0<\/span><span>\u00a0di\u00e1logo sobre identidad, convivencia y v\u00ednculos territoriales.<\/span><\/li>\n<\/ul>\n<p><span>El nuevo Congreso de cultura catalana se define como\u00a0<\/span><strong><span>proyecto de la sociedad civil para la sociedad civil.<\/span><\/strong><span>\u00a0Aspira a ser una plataforma de encuentro, debate y acci\u00f3n que impulse un liderazgo en red, intergeneracional y transversal, con capacidad de proyecci\u00f3n y regeneraci\u00f3n.<\/span><\/p>\n<p style=\"font-weight: 400;\"><strong><span><span class=\"VIpgJd-yAWNEb-VIpgJd-fmcmS-sn54Q\">Se celebra en un momento cr\u00edtico para la cultura catalana<\/span><\/span><\/strong><span><span class=\"VIpgJd-yAWNEb-VIpgJd-fmcmS-sn54Q\">, marcado por la erosi\u00f3n de su presencia en espacios p\u00fablicos clave, la p\u00e9rdida de hablantes en sectores j\u00f3venes y las tensiones entre las distintas visiones del catalanismo contempor\u00e1neo. Aun as\u00ed, el Nuevo Congreso tambi\u00e9n\u00a0<\/span><\/span><strong><span><span class=\"VIpgJd-yAWNEb-VIpgJd-fmcmS-sn54Q\">representa una oportunidad para repensar colectivamente el papel de la cultura como herramienta de transformaci\u00f3n y cohesi\u00f3n en un tiempo de crisis social, ecol\u00f3gica y democr\u00e1tica.<\/span><\/span><\/strong><\/p>\n<p style=\"font-weight: 400;\"><span>Cincuenta a\u00f1os despu\u00e9s, el Congreso de Cultura Catalana vuelve con la ambici\u00f3n de ser algo m\u00e1s que una conmemoraci\u00f3n. Es un llamamiento a la acci\u00f3n, al pensamiento colectivo, a la renovaci\u00f3n de las ilusiones culturales. Si el primero fue motor de resistencia y reconstrucci\u00f3n, el segundo busca ser un impulso para imaginar el futuro desde la cultura, la lengua y los v\u00ednculos que dan sentido a los Pa\u00efsos Catalans.<\/span><\/p>\n<p style=\"font-weight: 400;\">Cinquanta anys despr\u00e9s, el Congr\u00e9s de Cultura Catalana torna amb l\u2019ambici\u00f3 de ser alguna cosa m\u00e9s que una commemoraci\u00f3. \u00c9s una crida a l\u2019acci\u00f3, al pensament col\u00b7lectiu, a la renovaci\u00f3 de les il\u00b7lusions culturals. Si el primer va ser motor de resist\u00e8ncia i reconstrucci\u00f3, el segon busca ser un impuls per imaginar el futur des de la cultura, la llengua i els vincles que donen sentit als Pa\u00efsos Catalans.<\/p>\n<span class='bctt-click-to-tweet'><span class='bctt-ctt-text'><a href='https:\/\/twitter.com\/intent\/tweet?url=https%3A%2F%2Fconversesacatalunya.cat%2Fes%2Frenace-el-congreso-de-cultura-catalana%2F&#038;text=Se%20han%20previsto%20m%C3%A1s%20de%2080%20actos%20a%20lo%20largo%20de%202025%20en%20diversos%20territorios%2C%20estructurados%20en%20torno%20a%20cuatro%20grandes%20ejes%20tem%C3%A1ticos&#038;via=conversesacat&#038;related=conversesacat' target='_blank'rel=\"noopener noreferrer\">Se han previsto m\u00e1s de 80 actos a lo largo de 2025 en diversos territorios, estructurados en torno a cuatro grandes ejes tem\u00e1ticos <\/a><\/span><a href='https:\/\/twitter.com\/intent\/tweet?url=https%3A%2F%2Fconversesacatalunya.cat%2Fes%2Frenace-el-congreso-de-cultura-catalana%2F&#038;text=Se%20han%20previsto%20m%C3%A1s%20de%2080%20actos%20a%20lo%20largo%20de%202025%20en%20diversos%20territorios%2C%20estructurados%20en%20torno%20a%20cuatro%20grandes%20ejes%20tem%C3%A1ticos&#038;via=conversesacat&#038;related=conversesacat' target='_blank' class='bctt-ctt-btn'rel=\"noopener noreferrer\">Compartir en X<\/a><\/span>\n","protected":false},"excerpt":{"rendered":"<p>El pr\u00f3ximo a\u00f1o se cumplir\u00e1n cinco d\u00e9cadas desde que,\u00a0entre 1975 y 1977, se celebr\u00f3 el I Congreso de Cultura Catalana (CCC), una de las iniciativas m\u00e1s relevantes para la revitalizaci\u00f3n cultural de los Pa\u00efsos Catalans durante la transici\u00f3n democr\u00e1tica. Cincuenta a\u00f1os despu\u00e9s, se pone en marcha el II Congreso de Cultura Catalana, con el objetivo de repensar colectivamente el papel de la cultura catalana en el siglo XXI. Aunque medio siglo pueda parecer un intervalo excesivo, lo importante es que se vuelve a abrir una mirada profunda, cr\u00edtica y constructiva sobre la situaci\u00f3n actual de la cultura catalana, su proyecci\u00f3n futura y su papel como herramienta de transformaci\u00f3n social. El I Congreso de Cultura Catalana: una movilizaci\u00f3n hist\u00f3rica Celebrado en un contexto de efervescencia pol\u00edtica y social, el I CCC fue aprobado en enero de 1975 por el Ilustre Colegio de Abogados de Barcelona y se desarroll\u00f3 durante dos a\u00f1os hasta noviembre de 1977. Participaron m\u00e1s de 12.400 personas como congresistas y se adhirieron m\u00e1s de 1.500 entidades culturales, sociales y profesionales, lo que le convirti\u00f3 en una de las mayores movilizaciones culturales de la historia contempor\u00e1nea catalana. Su estructura organizativa fue ejemplarmente participativa y descentralizada. Cont\u00f3 con un Patronato presidido por\u00a0Jordi Rubi\u00f3 i Balaguer,\u00a0una Comisi\u00f3n Promotora liderada por\u00a0Miquel Casals Colldecarrera\u00a0y una Comisi\u00f3n Permanente que reun\u00eda a unas 85 entidades de todos los territorios de habla catalana: Catalu\u00f1a, Comunidad Valenciana, Islas Baleares, Catalu\u00f1a Norte, Andorra y Alguer. El Congreso se articul\u00f3 en torno a 25 \u00e1reas tem\u00e1ticas \u2014desde lengua, educaci\u00f3n y derecho hasta agricultura, ordenaci\u00f3n territorial, medios de comunicaci\u00f3n o artes pl\u00e1sticas\u2014. Cada grupo trabaj\u00f3 a fondo con la colaboraci\u00f3n de\u00a0m\u00e1s de 3000 especialistas, acad\u00e9micos y ciudadanos comprometidos. Objetivos y legado El I CCC ten\u00eda como objetivos fundamentales: La normalizaci\u00f3n cultural:\u00a0\u00a0diagnosticar carencias estructurales y proponer l\u00edneas de acci\u00f3n para una cultura catalana fuerte y viva en democracia. La reivindicaci\u00f3n ling\u00fc\u00edstica:\u00a0\u00a0recuperar\u00a0el uso del catal\u00e1n\u00a0en la vida p\u00fablica y educativa, despu\u00e9s de d\u00e9cadas de represi\u00f3n franquista. La participaci\u00f3n popular:\u00a0\u00a0fomentar una identidad colectiva activa y compartida entre los habitantes de los Pa\u00efsos Catalans. El impacto del Congreso fue significativo: muchas de sus propuestas inspiraron las primeras pol\u00edticas culturales de las instituciones auton\u00f3micas nacidas despu\u00e9s de la Constituci\u00f3n de 1978, como la Generalitat de Catalu\u00f1a, el Govern Balear o la Generalitat Valenciana. Tambi\u00e9n permiti\u00f3 visualizar la cultura catalana como proyecto compartido m\u00e1s all\u00e1 de las fronteras administrativas. El I CCC tuvo un precedente clandestino entre 1961 y 1964 que no pudo publicar sus conclusiones a causa de la censura franquista. La metodolog\u00eda del Congreso de los a\u00f1os 70 \u2014basada en la participaci\u00f3n transversal, la descentralizaci\u00f3n y la conexi\u00f3n con la sociedad civil\u2014 sigue siendo hoy un modelo inspirador. El II Congreso de cultura catalana: una mirada hacia el futuro El II Congreso de Cultura Catalana, tambi\u00e9n llamado\u00a0Nuevo Congreso de Cultura Catalana,\u00a0se inaugur\u00f3 el 20 de marzo de 2025 en el Sal\u00f3n del Tinell de Barcelona. La iniciativa est\u00e1 impulsada por la Fundaci\u00f3n Congreso de Cultura Catalana,\u00a0presidida por el historiador Agust\u00ed Alcoberro,\u00a0y cuenta con la direcci\u00f3n del poeta y periodista cultural\u00a0Esteve Plantada. Este nuevo congreso de cultura catalana se propone recuperar el esp\u00edritu fundacional adapt\u00e1ndolo a los grandes retos del presente: el debilitamiento del uso social del catal\u00e1n, la crisis del modelo cultural tradicional, el impacto de la tecnolog\u00eda, la fragmentaci\u00f3n generacional y la necesidad de recuperar s\u00f3lidos liderazgos culturales. Se han previsto m\u00e1s de 80 actos a lo largo de 2025 en diversos territorios, estructurados en torno a cuatro grandes ejes tem\u00e1ticos: C\u00f3mo nos mantenemos:\u00a0\u00a0reflexiones sobre econom\u00eda, trabajo y sostenibilidad del sistema cultural. C\u00f3mo nos comunicamos:\u00a0\u00a0an\u00e1lisis sobre lengua, medios de comunicaci\u00f3n y entorno digital. C\u00f3mo nos cuidamos:\u00a0\u00a0abordaje de la cultura desde una \u00f3ptica comunitaria y de bienestar. C\u00f3mo nos cohesionamos:\u00a0\u00a0di\u00e1logo sobre identidad, convivencia y v\u00ednculos territoriales. El nuevo Congreso de cultura catalana se define como\u00a0proyecto de la sociedad civil para la sociedad civil.\u00a0Aspira a ser una plataforma de encuentro, debate y acci\u00f3n que impulse un liderazgo en red, intergeneracional y transversal, con capacidad de proyecci\u00f3n y regeneraci\u00f3n. Se celebra en un momento cr\u00edtico para la cultura catalana, marcado por la erosi\u00f3n de su presencia en espacios p\u00fablicos clave, la p\u00e9rdida de hablantes en sectores j\u00f3venes y las tensiones entre las distintas visiones del catalanismo contempor\u00e1neo. Aun as\u00ed, el Nuevo Congreso tambi\u00e9n\u00a0representa una oportunidad para repensar colectivamente el papel de la cultura como herramienta de transformaci\u00f3n y cohesi\u00f3n en un tiempo de crisis social, ecol\u00f3gica y democr\u00e1tica. Cincuenta a\u00f1os despu\u00e9s, el Congreso de Cultura Catalana vuelve con la ambici\u00f3n de ser algo m\u00e1s que una conmemoraci\u00f3n. Es un llamamiento a la acci\u00f3n, al pensamiento colectivo, a la renovaci\u00f3n de las ilusiones culturales. Si el primero fue motor de resistencia y reconstrucci\u00f3n, el segundo busca ser un impulso para imaginar el futuro desde la cultura, la lengua y los v\u00ednculos que dan sentido a los Pa\u00efsos Catalans. Cinquanta anys despr\u00e9s, el Congr\u00e9s de Cultura Catalana torna amb l\u2019ambici\u00f3 de ser alguna cosa m\u00e9s que una commemoraci\u00f3. \u00c9s una crida a l\u2019acci\u00f3, al pensament col\u00b7lectiu, a la renovaci\u00f3 de les il\u00b7lusions culturals. Si el primer va ser motor de resist\u00e8ncia i reconstrucci\u00f3, el segon busca ser un impuls per imaginar el futur des de la cultura, la llengua i els vincles que donen sentit als Pa\u00efsos Catalans.<\/p>\n","protected":false},"author":80,"featured_media":86724,"comment_status":"open","ping_status":"open","sticky":false,"template":"","format":"standard","meta":{"_FSMCFIC_featured_image_caption":"","_FSMCFIC_featured_image_nocaption":"","_FSMCFIC_featured_image_hide":"","footnotes":""},"categories":[805],"tags":[1420],"class_list":["post-86726","post","type-post","status-publish","format-standard","has-post-thumbnail","hentry","category-projecte-cultural-es","tag-cultura-es"],"yoast_head":"<!-- This site is optimized with the Yoast SEO plugin v26.8 - https:\/\/yoast.com\/product\/yoast-seo-wordpress\/ -->\n<title>Cincuenta a\u00f1os despu\u00e9s, renace el Congreso de Cultura Catalana - Converses a Catalunya<\/title>\n<meta name=\"description\" content=\"Este nuevo congreso de cultura catalana se propone recuperar el esp\u00edritu fundacional adapt\u00e1ndolo a los grandes retos del presente\" \/>\n<meta name=\"robots\" content=\"index, follow, max-snippet:-1, max-image-preview:large, max-video-preview:-1\" \/>\n<link rel=\"canonical\" href=\"https:\/\/conversesacatalunya.cat\/?p=86717\" \/>\n<meta property=\"og:locale\" content=\"es_ES\" \/>\n<meta property=\"og:type\" content=\"article\" \/>\n<meta property=\"og:title\" content=\"Cincuenta a\u00f1os despu\u00e9s, renace el Congreso de Cultura Catalana - Converses a Catalunya\" \/>\n<meta property=\"og:description\" content=\"Este nuevo congreso de cultura catalana se propone recuperar el esp\u00edritu fundacional adapt\u00e1ndolo a los grandes retos del presente\" \/>\n<meta property=\"og:url\" content=\"https:\/\/conversesacatalunya.cat\/?p=86717\" \/>\n<meta property=\"og:site_name\" content=\"Converses a Catalunya\" \/>\n<meta property=\"article:published_time\" content=\"2025-03-27T07:50:20+00:00\" \/>\n<meta property=\"og:image\" content=\"https:\/\/conversesacatalunya.cat\/wp-content\/uploads\/2025\/03\/the-palau-de-la-musica-catalana-4403098_640.jpg\" \/>\n\t<meta property=\"og:image:width\" content=\"640\" \/>\n\t<meta property=\"og:image:height\" content=\"427\" \/>\n\t<meta property=\"og:image:type\" content=\"image\/jpeg\" \/>\n<meta name=\"author\" content=\"N\u00faria Freixa\" \/>\n<meta name=\"twitter:card\" content=\"summary_large_image\" \/>\n<meta name=\"twitter:label1\" content=\"Escrito por\" \/>\n\t<meta name=\"twitter:data1\" content=\"N\u00faria Freixa\" \/>\n\t<meta name=\"twitter:label2\" content=\"Tiempo de lectura\" \/>\n\t<meta name=\"twitter:data2\" content=\"5 minutos\" \/>\n<script type=\"application\/ld+json\" class=\"yoast-schema-graph\">{\"@context\":\"https:\/\/schema.org\",\"@graph\":[{\"@type\":\"Article\",\"@id\":\"https:\/\/conversesacatalunya.cat\/?p=86717#article\",\"isPartOf\":{\"@id\":\"https:\/\/conversesacatalunya.cat\/?p=86717\"},\"author\":{\"name\":\"N\u00faria Freixa\",\"@id\":\"https:\/\/conversesacatalunya.cat\/#\/schema\/person\/b734752c25b328c819a407cbea568c1f\"},\"headline\":\"Cincuenta a\u00f1os despu\u00e9s, renace el Congreso de Cultura Catalana\",\"datePublished\":\"2025-03-27T07:50:20+00:00\",\"mainEntityOfPage\":{\"@id\":\"https:\/\/conversesacatalunya.cat\/?p=86717\"},\"wordCount\":1028,\"commentCount\":0,\"image\":{\"@id\":\"https:\/\/conversesacatalunya.cat\/?p=86717#primaryimage\"},\"thumbnailUrl\":\"https:\/\/conversesacatalunya.cat\/wp-content\/uploads\/2025\/03\/the-palau-de-la-musica-catalana-4403098_640.jpg\",\"keywords\":[\"Cultura\"],\"articleSection\":[\"Projecte cultural (ES)\"],\"inLanguage\":\"es\",\"potentialAction\":[{\"@type\":\"CommentAction\",\"name\":\"Comment\",\"target\":[\"https:\/\/conversesacatalunya.cat\/?p=86717#respond\"]}]},{\"@type\":\"WebPage\",\"@id\":\"https:\/\/conversesacatalunya.cat\/?p=86717\",\"url\":\"https:\/\/conversesacatalunya.cat\/?p=86717\",\"name\":\"Cincuenta a\u00f1os despu\u00e9s, renace el Congreso de Cultura Catalana - Converses a Catalunya\",\"isPartOf\":{\"@id\":\"https:\/\/conversesacatalunya.cat\/#website\"},\"primaryImageOfPage\":{\"@id\":\"https:\/\/conversesacatalunya.cat\/?p=86717#primaryimage\"},\"image\":{\"@id\":\"https:\/\/conversesacatalunya.cat\/?p=86717#primaryimage\"},\"thumbnailUrl\":\"https:\/\/conversesacatalunya.cat\/wp-content\/uploads\/2025\/03\/the-palau-de-la-musica-catalana-4403098_640.jpg\",\"datePublished\":\"2025-03-27T07:50:20+00:00\",\"author\":{\"@id\":\"https:\/\/conversesacatalunya.cat\/#\/schema\/person\/b734752c25b328c819a407cbea568c1f\"},\"description\":\"Este nuevo congreso de cultura catalana se propone recuperar el esp\u00edritu fundacional adapt\u00e1ndolo a los grandes retos del presente\",\"breadcrumb\":{\"@id\":\"https:\/\/conversesacatalunya.cat\/?p=86717#breadcrumb\"},\"inLanguage\":\"es\",\"potentialAction\":[{\"@type\":\"ReadAction\",\"target\":[\"https:\/\/conversesacatalunya.cat\/?p=86717\"]}]},{\"@type\":\"ImageObject\",\"inLanguage\":\"es\",\"@id\":\"https:\/\/conversesacatalunya.cat\/?p=86717#primaryimage\",\"url\":\"https:\/\/conversesacatalunya.cat\/wp-content\/uploads\/2025\/03\/the-palau-de-la-musica-catalana-4403098_640.jpg\",\"contentUrl\":\"https:\/\/conversesacatalunya.cat\/wp-content\/uploads\/2025\/03\/the-palau-de-la-musica-catalana-4403098_640.jpg\",\"width\":640,\"height\":427,\"caption\":\"Nuevo congreso de cultura catalana\"},{\"@type\":\"BreadcrumbList\",\"@id\":\"https:\/\/conversesacatalunya.cat\/?p=86717#breadcrumb\",\"itemListElement\":[{\"@type\":\"ListItem\",\"position\":1,\"name\":\"Inici\",\"item\":\"https:\/\/conversesacatalunya.cat\/es\/\"},{\"@type\":\"ListItem\",\"position\":2,\"name\":\"Cincuenta a\u00f1os despu\u00e9s, renace el Congreso de Cultura Catalana\"}]},{\"@type\":\"WebSite\",\"@id\":\"https:\/\/conversesacatalunya.cat\/#website\",\"url\":\"https:\/\/conversesacatalunya.cat\/\",\"name\":\"Converses a Catalunya\",\"description\":\"\",\"potentialAction\":[{\"@type\":\"SearchAction\",\"target\":{\"@type\":\"EntryPoint\",\"urlTemplate\":\"https:\/\/conversesacatalunya.cat\/?s={search_term_string}\"},\"query-input\":{\"@type\":\"PropertyValueSpecification\",\"valueRequired\":true,\"valueName\":\"search_term_string\"}}],\"inLanguage\":\"es\"},{\"@type\":\"Person\",\"@id\":\"https:\/\/conversesacatalunya.cat\/#\/schema\/person\/b734752c25b328c819a407cbea568c1f\",\"name\":\"N\u00faria Freixa\",\"image\":{\"@type\":\"ImageObject\",\"inLanguage\":\"es\",\"@id\":\"https:\/\/conversesacatalunya.cat\/#\/schema\/person\/image\/\",\"url\":\"https:\/\/conversesacatalunya.cat\/wp-content\/litespeed\/avatar\/c3686e387186fed249338fe04729c597.jpg?ver=1777289182\",\"contentUrl\":\"https:\/\/conversesacatalunya.cat\/wp-content\/litespeed\/avatar\/c3686e387186fed249338fe04729c597.jpg?ver=1777289182\",\"caption\":\"N\u00faria Freixa\"},\"url\":\"https:\/\/conversesacatalunya.cat\/es\/author\/nuria_freixa\/\"}]}<\/script>\n<!-- \/ Yoast SEO plugin. -->","yoast_head_json":{"title":"Cincuenta a\u00f1os despu\u00e9s, renace el Congreso de Cultura Catalana - Converses a Catalunya","description":"Este nuevo congreso de cultura catalana se propone recuperar el esp\u00edritu fundacional adapt\u00e1ndolo a los grandes retos del presente","robots":{"index":"index","follow":"follow","max-snippet":"max-snippet:-1","max-image-preview":"max-image-preview:large","max-video-preview":"max-video-preview:-1"},"canonical":"https:\/\/conversesacatalunya.cat\/?p=86717","og_locale":"es_ES","og_type":"article","og_title":"Cincuenta a\u00f1os despu\u00e9s, renace el Congreso de Cultura Catalana - Converses a Catalunya","og_description":"Este nuevo congreso de cultura catalana se propone recuperar el esp\u00edritu fundacional adapt\u00e1ndolo a los grandes retos del presente","og_url":"https:\/\/conversesacatalunya.cat\/?p=86717","og_site_name":"Converses a Catalunya","article_published_time":"2025-03-27T07:50:20+00:00","og_image":[{"width":640,"height":427,"url":"https:\/\/conversesacatalunya.cat\/wp-content\/uploads\/2025\/03\/the-palau-de-la-musica-catalana-4403098_640.jpg","type":"image\/jpeg"}],"author":"N\u00faria Freixa","twitter_card":"summary_large_image","twitter_misc":{"Escrito por":"N\u00faria Freixa","Tiempo de lectura":"5 minutos"},"schema":{"@context":"https:\/\/schema.org","@graph":[{"@type":"Article","@id":"https:\/\/conversesacatalunya.cat\/?p=86717#article","isPartOf":{"@id":"https:\/\/conversesacatalunya.cat\/?p=86717"},"author":{"name":"N\u00faria Freixa","@id":"https:\/\/conversesacatalunya.cat\/#\/schema\/person\/b734752c25b328c819a407cbea568c1f"},"headline":"Cincuenta a\u00f1os despu\u00e9s, renace el Congreso de Cultura Catalana","datePublished":"2025-03-27T07:50:20+00:00","mainEntityOfPage":{"@id":"https:\/\/conversesacatalunya.cat\/?p=86717"},"wordCount":1028,"commentCount":0,"image":{"@id":"https:\/\/conversesacatalunya.cat\/?p=86717#primaryimage"},"thumbnailUrl":"https:\/\/conversesacatalunya.cat\/wp-content\/uploads\/2025\/03\/the-palau-de-la-musica-catalana-4403098_640.jpg","keywords":["Cultura"],"articleSection":["Projecte cultural (ES)"],"inLanguage":"es","potentialAction":[{"@type":"CommentAction","name":"Comment","target":["https:\/\/conversesacatalunya.cat\/?p=86717#respond"]}]},{"@type":"WebPage","@id":"https:\/\/conversesacatalunya.cat\/?p=86717","url":"https:\/\/conversesacatalunya.cat\/?p=86717","name":"Cincuenta a\u00f1os despu\u00e9s, renace el Congreso de Cultura Catalana - Converses a Catalunya","isPartOf":{"@id":"https:\/\/conversesacatalunya.cat\/#website"},"primaryImageOfPage":{"@id":"https:\/\/conversesacatalunya.cat\/?p=86717#primaryimage"},"image":{"@id":"https:\/\/conversesacatalunya.cat\/?p=86717#primaryimage"},"thumbnailUrl":"https:\/\/conversesacatalunya.cat\/wp-content\/uploads\/2025\/03\/the-palau-de-la-musica-catalana-4403098_640.jpg","datePublished":"2025-03-27T07:50:20+00:00","author":{"@id":"https:\/\/conversesacatalunya.cat\/#\/schema\/person\/b734752c25b328c819a407cbea568c1f"},"description":"Este nuevo congreso de cultura catalana se propone recuperar el esp\u00edritu fundacional adapt\u00e1ndolo a los grandes retos del presente","breadcrumb":{"@id":"https:\/\/conversesacatalunya.cat\/?p=86717#breadcrumb"},"inLanguage":"es","potentialAction":[{"@type":"ReadAction","target":["https:\/\/conversesacatalunya.cat\/?p=86717"]}]},{"@type":"ImageObject","inLanguage":"es","@id":"https:\/\/conversesacatalunya.cat\/?p=86717#primaryimage","url":"https:\/\/conversesacatalunya.cat\/wp-content\/uploads\/2025\/03\/the-palau-de-la-musica-catalana-4403098_640.jpg","contentUrl":"https:\/\/conversesacatalunya.cat\/wp-content\/uploads\/2025\/03\/the-palau-de-la-musica-catalana-4403098_640.jpg","width":640,"height":427,"caption":"Nuevo congreso de cultura catalana"},{"@type":"BreadcrumbList","@id":"https:\/\/conversesacatalunya.cat\/?p=86717#breadcrumb","itemListElement":[{"@type":"ListItem","position":1,"name":"Inici","item":"https:\/\/conversesacatalunya.cat\/es\/"},{"@type":"ListItem","position":2,"name":"Cincuenta a\u00f1os despu\u00e9s, renace el Congreso de Cultura Catalana"}]},{"@type":"WebSite","@id":"https:\/\/conversesacatalunya.cat\/#website","url":"https:\/\/conversesacatalunya.cat\/","name":"Converses a Catalunya","description":"","potentialAction":[{"@type":"SearchAction","target":{"@type":"EntryPoint","urlTemplate":"https:\/\/conversesacatalunya.cat\/?s={search_term_string}"},"query-input":{"@type":"PropertyValueSpecification","valueRequired":true,"valueName":"search_term_string"}}],"inLanguage":"es"},{"@type":"Person","@id":"https:\/\/conversesacatalunya.cat\/#\/schema\/person\/b734752c25b328c819a407cbea568c1f","name":"N\u00faria Freixa","image":{"@type":"ImageObject","inLanguage":"es","@id":"https:\/\/conversesacatalunya.cat\/#\/schema\/person\/image\/","url":"https:\/\/conversesacatalunya.cat\/wp-content\/litespeed\/avatar\/c3686e387186fed249338fe04729c597.jpg?ver=1777289182","contentUrl":"https:\/\/conversesacatalunya.cat\/wp-content\/litespeed\/avatar\/c3686e387186fed249338fe04729c597.jpg?ver=1777289182","caption":"N\u00faria Freixa"},"url":"https:\/\/conversesacatalunya.cat\/es\/author\/nuria_freixa\/"}]}},"wps_subtitle":"Si el primero fue motor de resistencia y reconstrucci\u00f3n, el segundo busca ser un impulso para imaginar el futuro desde la cultura, la lengua y los v\u00ednculos que dan sentido a los Pa\u00efsos Catalans.","_links":{"self":[{"href":"https:\/\/conversesacatalunya.cat\/es\/wp-json\/wp\/v2\/posts\/86726","targetHints":{"allow":["GET"]}}],"collection":[{"href":"https:\/\/conversesacatalunya.cat\/es\/wp-json\/wp\/v2\/posts"}],"about":[{"href":"https:\/\/conversesacatalunya.cat\/es\/wp-json\/wp\/v2\/types\/post"}],"author":[{"embeddable":true,"href":"https:\/\/conversesacatalunya.cat\/es\/wp-json\/wp\/v2\/users\/80"}],"replies":[{"embeddable":true,"href":"https:\/\/conversesacatalunya.cat\/es\/wp-json\/wp\/v2\/comments?post=86726"}],"version-history":[{"count":5,"href":"https:\/\/conversesacatalunya.cat\/es\/wp-json\/wp\/v2\/posts\/86726\/revisions"}],"predecessor-version":[{"id":86727,"href":"https:\/\/conversesacatalunya.cat\/es\/wp-json\/wp\/v2\/posts\/86726\/revisions\/86727"}],"wp:featuredmedia":[{"embeddable":true,"href":"https:\/\/conversesacatalunya.cat\/es\/wp-json\/wp\/v2\/media\/86724"}],"wp:attachment":[{"href":"https:\/\/conversesacatalunya.cat\/es\/wp-json\/wp\/v2\/media?parent=86726"}],"wp:term":[{"taxonomy":"category","embeddable":true,"href":"https:\/\/conversesacatalunya.cat\/es\/wp-json\/wp\/v2\/categories?post=86726"},{"taxonomy":"post_tag","embeddable":true,"href":"https:\/\/conversesacatalunya.cat\/es\/wp-json\/wp\/v2\/tags?post=86726"}],"curies":[{"name":"wp","href":"https:\/\/api.w.org\/{rel}","templated":true}]}}