{"id":86684,"date":"2025-03-26T09:04:09","date_gmt":"2025-03-26T08:04:09","guid":{"rendered":"https:\/\/conversesacatalunya.cat\/?p=86684"},"modified":"2025-03-26T09:39:44","modified_gmt":"2025-03-26T08:39:44","slug":"espana-y-cataluna-abandonaron-personas-mayores-covid-19","status":"publish","type":"post","link":"https:\/\/conversesacatalunya.cat\/es\/espana-y-cataluna-abandonaron-personas-mayores-covid-19\/","title":{"rendered":"La discriminaci\u00f3n silenciada: C\u00f3mo Espa\u00f1a y Catalu\u00f1a abandonaron las personas mayores durante la COVID-19"},"content":{"rendered":"<p><span><span class=\"VIpgJd-yAWNEb-VIpgJd-fmcmS-sn54Q\">Es evidente que la mayor mortalidad sufrida en Espa\u00f1a desde la Guerra Civil ha intentado ser enterrada en lo m\u00e1s profundo de la memoria colectiva.\u00a0<\/span><\/span><strong><span><span class=\"VIpgJd-yAWNEb-VIpgJd-fmcmS-sn54Q\">Ninguno de los partidos implicados en la gesti\u00f3n<\/span><\/span><\/strong><span><span class=\"VIpgJd-yAWNEb-VIpgJd-fmcmS-sn54Q\">\u00a0(PSOE, que ya gobernaba con Pedro S\u00e1nchez e Illa como ministro de Sanidad, PP, Junts, ERC y PNV, responsables de gobiernos auton\u00f3micos) ha mostrado inter\u00e9s en rendir cuentas, por miedo a verse salpicados.<\/span><\/span><\/p>\n<h5><strong><span>Han pasado cinco a\u00f1os sin revisi\u00f3n alguna, sin establecer una Comisi\u00f3n de investigaci\u00f3n sobre errores y carencias, ni elaborar un Libro Blanco sobre la gesti\u00f3n.<\/span><\/strong><\/h5>\n<p><span><span class=\"VIpgJd-yAWNEb-VIpgJd-fmcmS-sn54Q\">Es sorprendente c\u00f3mo existe un gran inter\u00e9s por la memoria hist\u00f3rica relacionada con Franco y\u00a0<\/span><\/span><strong><span><span class=\"VIpgJd-yAWNEb-VIpgJd-fmcmS-sn54Q\">un absoluto olvido de los dos a\u00f1os m\u00e1s cruentos de la pandemia<\/span><\/span><\/strong><span><span class=\"VIpgJd-yAWNEb-VIpgJd-fmcmS-sn54Q\">,\u00a0pese a que Espa\u00f1a fue uno de los pa\u00edses europeos con m\u00e1s muertes y m\u00e1s destrucci\u00f3n econ\u00f3mica, prueba de que\u00a0<\/span><\/span><strong><span><span class=\"VIpgJd-yAWNEb-VIpgJd-fmcmS-sn54Q\">las medidas restrictivas da\u00f1aron la econom\u00eda sin frenar la mortalidad<\/span><\/span><\/strong><span><span class=\"VIpgJd-yAWNEb-VIpgJd-fmcmS-sn54Q\">\u00a0<\/span><\/span><\/p>\n<p><span><span class=\"VIpgJd-yAWNEb-VIpgJd-fmcmS-sn54Q\">Sin embargo,\u00a0<\/span><\/span><strong><span><span class=\"VIpgJd-yAWNEb-VIpgJd-fmcmS-sn54Q\">la lucha pol\u00edtica entre S\u00e1nchez y Ayuso ha sacado a la luz algo evidente:<\/span><\/span><\/strong><span><span class=\"VIpgJd-yAWNEb-VIpgJd-fmcmS-sn54Q\">\u00a0la gente mayor en residencias y domicilios particulares fue abandonada literalmente a su suerte. Isabel\u00a0<\/span><\/span><strong><span><span class=\"VIpgJd-yAWNEb-VIpgJd-fmcmS-sn54Q\">D\u00edaz Ayuso<\/span><\/span><\/strong><span><span class=\"VIpgJd-yAWNEb-VIpgJd-fmcmS-sn54Q\">\u00a0tiene parte de responsabilidad, aunque no es ni la primera ni la \u00fanica implicada. Ahora la atenci\u00f3n se dirige tambi\u00e9n hacia\u00a0<\/span><\/span><strong><span><span class=\"VIpgJd-yAWNEb-VIpgJd-fmcmS-sn54Q\">Salvador Illa<\/span><\/span><\/strong><span><span class=\"VIpgJd-yAWNEb-VIpgJd-fmcmS-sn54Q\">,\u00a0que hasta ahora hab\u00eda sorteado sin problemas las cr\u00edticas pese a ser uno de los m\u00e1ximos responsables a causa de su cargo.<\/span><\/span><\/p>\n<p><span><span class=\"VIpgJd-yAWNEb-VIpgJd-fmcmS-sn54Q\">El digital\u00a0<\/span><\/span><strong><a href=\"https:\/\/www.eldebate.com\/sociedad\/20250319\/illa-exigio-dos-documentos-ministerio-sanidad-agrupar-mayores-residencias-prohibir-salgan_279897.html\" target=\"_blank\" rel=\"noopener\"><em><span class=\"VIpgJd-yAWNEb-VIpgJd-fmcmS-sn54Q\">El Debate<\/span><\/em><\/a><\/strong><span><span class=\"VIpgJd-yAWNEb-VIpgJd-fmcmS-sn54Q\">,\u00a0conocido por sus buenas fuentes entre altos funcionarios, ha publicado tres escritos que\u00a0<\/span><\/span><strong><span><span class=\"VIpgJd-yAWNEb-VIpgJd-fmcmS-sn54Q\">incriminan directamente a Illa<\/span><\/span><\/strong><span><span class=\"VIpgJd-yAWNEb-VIpgJd-fmcmS-sn54Q\">\u00a0como principal responsable del cribado por edad.<\/span><\/span><\/p>\n<p><span><span class=\"VIpgJd-yAWNEb-VIpgJd-fmcmS-sn54Q\">En concreto, los documentos revelan que el Ministerio de Sanidad, bajo la direcci\u00f3n de Illa, orden\u00f3 que\u00a0<\/span><\/span><strong><span><span class=\"VIpgJd-yAWNEb-VIpgJd-fmcmS-sn54Q\">las personas mayores con covid fueran agrupadas en residencias y se prohibiera su traslado a los hospitales<\/span><\/span><\/strong><span><span class=\"VIpgJd-yAWNEb-VIpgJd-fmcmS-sn54Q\">.\u00a0Se estableci\u00f3 que deb\u00edan ser aisladas en las mismas residencias mediante el\u00a0<\/span><\/span><em><span><span class=\"VIpgJd-yAWNEb-VIpgJd-fmcmS-sn54Q\">\u201caislamiento por cohortes\u201d<\/span><\/span><\/em><span><span class=\"VIpgJd-yAWNEb-VIpgJd-fmcmS-sn54Q\">\u00a0si no era posible el aislamiento individual, es decir,\u00a0<\/span><\/span><strong><span><span class=\"VIpgJd-yAWNEb-VIpgJd-fmcmS-sn54Q\">encerrando juntos en una habitaci\u00f3n a todos los enfermos potenciales con s\u00edntomas<\/span><\/span><\/strong><span><span class=\"VIpgJd-yAWNEb-VIpgJd-fmcmS-sn54Q\">.<\/span><\/span><\/p>\n<p><span>Estas directrices se emitieron pese a conocer la alta letalidad del virus en personas mayores: un 8% para las personas entre 70 y 79 a\u00f1os y un 14,8% para las mayores de 80. Estas revelaciones contradicen la narrativa oficial del gobierno de Pedro S\u00e1nchez y matizan, pero no eximen, la responsabilidad de Isabel D\u00edaz Ayuso por las defunciones en Madrid.\u00a0<\/span><\/p>\n<h4><strong><span><span class=\"VIpgJd-yAWNEb-VIpgJd-fmcmS-sn54Q\">En Catalu\u00f1a, la situaci\u00f3n fue igual o incluso m\u00e1s grave, dejando tambi\u00e9n desatendida a la poblaci\u00f3n mayor.<\/span><\/span><\/strong><\/h4>\n<p><span>El Govern actu\u00f3 sin misericordia, como evidencia el\u00a0<\/span><a href=\"https:\/\/cadenaser00.epimg.net\/descargables\/2020\/04\/01\/dbb972d767c4a3b28e2c866cc3e0cb65.pdf?int=masinfo\" target=\"_blank\" rel=\"noopener\"><strong><span>documento del SEM<\/span><\/strong><\/a><span>\u00a0(Servicio de Emergencias M\u00e9dicas) del Departamento de Salud, disponible \u00edntegramente. Este documento, entre otras cosas, conten\u00eda instrucciones oficiales claras para desincentivar el traslado de mayores a hospitales mediante ambulancias y consultas telef\u00f3nicas. Esto fue confirmado con precisi\u00f3n por el reportaje del\u00a0<\/span><em><span>Corriere della Sera<\/span><\/em><span>\u00a0del 1 de abril, aunque negado p\u00fablicamente por la consejera y responsables del Departamento de Salud con eufemismos sobre supuestos \u00abdiagn\u00f3sticos cl\u00ednicos\u00bb.<\/span><\/p>\n<p><span><span class=\"VIpgJd-yAWNEb-VIpgJd-fmcmS-sn54Q\">Espec\u00edficamente, la instrucci\u00f3n oficial hablaba de la\u00a0<\/span><\/span><strong><span><span class=\"VIpgJd-yAWNEb-VIpgJd-fmcmS-sn54Q\">\u00abfutilidad de las medidas terap\u00e9uticas\u00bb<\/span><\/span><\/strong><span><span class=\"VIpgJd-yAWNEb-VIpgJd-fmcmS-sn54Q\">\u00a0para desaconsejar traslados, sin que existieran diagn\u00f3sticos cl\u00ednicos firmados por m\u00e9dicos concretos, m\u00e1s all\u00e1 del criterio b\u00e1sico de edad y una observaci\u00f3n superficial del paciente.<\/span><\/span><\/p>\n<p><span><span class=\"VIpgJd-yAWNEb-VIpgJd-fmcmS-sn54Q\">El documento del SEM titulado\u00a0<\/span><\/span><em><span><span class=\"VIpgJd-yAWNEb-VIpgJd-fmcmS-sn54Q\">\u201cRecomendaciones para el apoyo a las decisiones de Limitaci\u00f3n del Esfuerzo Terap\u00e9utico (LET) para pacientes con sospecha de COVID-19 e insuficiencia respiratoria aguda hipox\u00e9mica\u201d<\/span><\/span><\/em><span><span class=\"VIpgJd-yAWNEb-VIpgJd-fmcmS-sn54Q\">\u00a0, del 24 de marzo de 2020, establec\u00eda expl\u00edcitamente criterios \u00e9ticos para priorizar recursos sanitarios en funci\u00f3n de la edad, discriminando en la pr\u00e1ctica a las personas mayores de 75 a\u00f1os.<\/span><\/span><\/p>\n<p><span><span class=\"VIpgJd-yAWNEb-VIpgJd-fmcmS-sn54Q\">Seg\u00fan estas directrices, a los mayores de 75 a\u00f1os solo se les ofrec\u00eda oxigenoterapia b\u00e1sica y se les exclu\u00eda de la ventilaci\u00f3n mec\u00e1nica invasiva (VMI), un recurso decisivo al que s\u00ed pod\u00edan acceder los m\u00e1s j\u00f3venes.\u00a0<\/span><\/span><strong><span><span class=\"VIpgJd-yAWNEb-VIpgJd-fmcmS-sn54Q\">Si la oxigenoterapia fracasaba, la atenci\u00f3n se limitaba a una sedaci\u00f3n terminal<\/span><\/span><\/strong><span><span class=\"VIpgJd-yAWNEb-VIpgJd-fmcmS-sn54Q\">,\u00a0convirtiendo la pr\u00e1ctica m\u00e9dica en una eutanasia no consentida.<\/span><\/span><\/p>\n<p><span>Adem\u00e1s, el procedimiento establecido era id\u00e9ntico para una persona de m\u00e1s de 75 a\u00f1os \u00absin limitaciones funcionales y activa\u00bb que para otra en estado terminal, demostrando que\u00a0<\/span><strong><span>el criterio clave para limitar recursos era \u00fanicamente la edad<\/span><\/strong><span>.\u00a0De hecho, las personas mayores de 75 a\u00f1os empeoraban por la carencia de atenci\u00f3n precoz y acababan siendo descartadas por el sistema sanitario, creando un c\u00edrculo vicioso.<\/span><\/p>\n<p><span>En las residencias y domicilios particulares, quienes no pod\u00edan acudir por s\u00ed mismos al hospital tambi\u00e9n fueron desincentivados activamente para ser trasladados y recibir tratamiento m\u00e9dico.<\/span><\/p>\n<h5><strong><span><span class=\"VIpgJd-yAWNEb-VIpgJd-fmcmS-sn54Q\">El documento del SEM, adem\u00e1s, utilizaba un lenguaje eufem\u00edstico para justificar esta carencia de atenci\u00f3n m\u00e9dica:<\/span><\/span><\/strong><\/h5>\n<p><span><span class=\"VIpgJd-yAWNEb-VIpgJd-fmcmS-sn54Q\">\u2022 Se instru\u00eda a presentar la limitaci\u00f3n como algo positivo para el paciente, sugiriendo hip\u00f3critamente que estaba mejor en casa o en la residencia, aunque claramente recibir\u00eda una peor atenci\u00f3n m\u00e9dica.<\/span><\/span><br \/>\n<span><span class=\"VIpgJd-yAWNEb-VIpgJd-fmcmS-sn54Q\">\u2022 Indicaba expl\u00edcitamente evitar la frase\u00a0<\/span><\/span><em><span><span class=\"VIpgJd-yAWNEb-VIpgJd-fmcmS-sn54Q\">\u00abno hay camas para todos\u00bb<\/span><\/span><\/em><span><span class=\"VIpgJd-yAWNEb-VIpgJd-fmcmS-sn54Q\">, mostrando un claro enga\u00f1o institucional.<\/span><\/span><br \/>\n<span><span class=\"VIpgJd-yAWNEb-VIpgJd-fmcmS-sn54Q\">\u2022 Indicaba evitar tratamientos agresivos, ocultando as\u00ed la no aplicaci\u00f3n de la VMI a mayores de 75 a\u00f1os.<\/span><\/span><\/p>\n<p><span><span class=\"VIpgJd-yAWNEb-VIpgJd-fmcmS-sn54Q\">Tambi\u00e9n\u00a0<\/span><\/span><strong><span><span class=\"VIpgJd-yAWNEb-VIpgJd-fmcmS-sn54Q\">se manipulaba la situaci\u00f3n utilizando patolog\u00edas previas como excusa<\/span><\/span><\/strong><span><span class=\"VIpgJd-yAWNEb-VIpgJd-fmcmS-sn54Q\">\u00a0para negar la atenci\u00f3n avanzada, incluso a personas mayores activas y en buen estado de salud.<\/span><\/span><\/p>\n<p><span>Por \u00faltimo, es extremadamente grave que el documento determinante sobre quien recib\u00eda atenci\u00f3n m\u00e9dica cr\u00edtica\u00a0<\/span><strong><span>no estuviera firmado por ning\u00fan responsable m\u00e1ximo.<\/span><\/strong><\/p>\n<p><span><a href=\"https:\/\/conversesacatalunya.cat\/es\/muertes-por-covid-cataluna\/\" target=\"_blank\" rel=\"noopener\"><strong>La consecuencia en Catalu\u00f1a fue especialmente tr\u00e1gica<\/strong><\/a>:<\/span><span>\u00a0<\/span><strong><span>en fecha 6 de abril, 909 personas hab\u00edan muerto en residencias<\/span><\/strong><span>,\u00a0representando el 25% del total de muertes en residencias en Espa\u00f1a, cuando la poblaci\u00f3n total no superaba el 16%. La diferencia da una idea de la magnitud del desastre humano provocado.<\/span><\/p>\n<p><span><span class=\"VIpgJd-yAWNEb-VIpgJd-fmcmS-sn54Q\">Pero seguramente uno de los peores s\u00edntomas es la indiferencia con la que las \u00e9lites y\u00a0<\/span><\/span><strong><span><span class=\"VIpgJd-yAWNEb-VIpgJd-fmcmS-sn54Q\">fuerzas vivas de la sociedad catalana ignoraron esta tragedia<\/span><\/span><\/strong><span><span class=\"VIpgJd-yAWNEb-VIpgJd-fmcmS-sn54Q\">,\u00a0contribuyendo con su pasividad a la ocultaci\u00f3n, as\u00ed como los grandes medios de comunicaci\u00f3n.<\/span><\/span><\/p>\n<p><span><span class=\"VIpgJd-yAWNEb-VIpgJd-fmcmS-sn54Q\">Solo una organizaci\u00f3n,\u00a0<\/span><\/span><strong><em><span><span class=\"VIpgJd-yAWNEb-VIpgJd-fmcmS-sn54Q\">e-Cristians<\/span><\/span><\/em><\/strong><span><span class=\"VIpgJd-yAWNEb-VIpgJd-fmcmS-sn54Q\">,\u00a0abord\u00f3 el tema de cara y con detalle con esa\u00a0<\/span><\/span><a href=\"https:\/\/e-cristians.cat\/es\/llamamiento-a-la-sociedad-la-tragica-situacion-de-las-personas-de-mas-edad-en-el-sistema-sanitario-de-cataluna-doc-completo\/\" target=\"_blank\" rel=\"noopener\"><strong><span class=\"VIpgJd-yAWNEb-VIpgJd-fmcmS-sn54Q\">fundamentada denuncia.<\/span><\/strong><\/a><\/p>\n<p><span><span class=\"VIpgJd-yAWNEb-VIpgJd-fmcmS-sn54Q\">Cinco a\u00f1os despu\u00e9s, el silencio persiste y ha tenido que ser la sucesora de esa entidad, ahora convertida en el movimiento cultural y pol\u00edtico\u00a0<\/span><\/span><strong><em><span><span class=\"VIpgJd-yAWNEb-VIpgJd-fmcmS-sn54Q\">Corriente Social Cristiana, <\/span><\/span><\/em><\/strong><span><span class=\"VIpgJd-yAWNEb-VIpgJd-fmcmS-sn54Q\">quien alzara la voz para exigir claridad y responsabilidades en<a href=\"https:\/\/elcorrent.org\/wp-content\/uploads\/Declaracion-CSC_5-anos-despues-de-la-COVID-19.pdf\" target=\"_blank\" rel=\"noopener\">\u00a0<\/a><\/span><\/span><a href=\"https:\/\/elcorrent.org\/wp-content\/uploads\/Declaracion-CSC_5-anos-despues-de-la-COVID-19.pdf\" target=\"_blank\" rel=\"noopener\"><strong><span><span class=\"VIpgJd-yAWNEb-VIpgJd-fmcmS-sn54Q\">este texto<\/span><\/span><\/strong><\/a><span><span class=\"VIpgJd-yAWNEb-VIpgJd-fmcmS-sn54Q\">.\u00a0<\/span><\/span><\/p>\n<span class='bctt-click-to-tweet'><span class='bctt-ctt-text'><a href='https:\/\/twitter.com\/intent\/tweet?url=https%3A%2F%2Fconversesacatalunya.cat%2Fes%2Fespana-y-cataluna-abandonaron-personas-mayores-covid-19%2F&#038;text=Uno%20de%20los%20peores%20s%C3%ADntomas%20es%20la%20indiferencia%20con%20la%20que%20las%20%C3%A9lites%20y%20fuerzas%20vivas%20de%20la%20sociedad%20catalana%20ignoraron%20esta%20tragedia%2C%20contribuyendo%20con%20su%20pasividad%20a%20la%20ocultaci%C3%B3n%2C%20as%C3%AD%20como%20los%20grandes%20medios%20de%20comunicaci%C3%B3n&#038;via=conversesacat&#038;related=conversesacat' target='_blank'rel=\"noopener noreferrer\">Uno de los peores s\u00edntomas es la indiferencia con la que las \u00e9lites y fuerzas vivas de la sociedad catalana ignoraron esta tragedia, contribuyendo con su pasividad a la ocultaci\u00f3n, as\u00ed como los grandes medios de comunicaci\u00f3n <\/a><\/span><a href='https:\/\/twitter.com\/intent\/tweet?url=https%3A%2F%2Fconversesacatalunya.cat%2Fes%2Fespana-y-cataluna-abandonaron-personas-mayores-covid-19%2F&#038;text=Uno%20de%20los%20peores%20s%C3%ADntomas%20es%20la%20indiferencia%20con%20la%20que%20las%20%C3%A9lites%20y%20fuerzas%20vivas%20de%20la%20sociedad%20catalana%20ignoraron%20esta%20tragedia%2C%20contribuyendo%20con%20su%20pasividad%20a%20la%20ocultaci%C3%B3n%2C%20as%C3%AD%20como%20los%20grandes%20medios%20de%20comunicaci%C3%B3n&#038;via=conversesacat&#038;related=conversesacat' target='_blank' class='bctt-ctt-btn'rel=\"noopener noreferrer\">Compartir en X<\/a><\/span>\n","protected":false},"excerpt":{"rendered":"<p>Es evidente que la mayor mortalidad sufrida en Espa\u00f1a desde la Guerra Civil ha intentado ser enterrada en lo m\u00e1s profundo de la memoria colectiva.\u00a0Ninguno de los partidos implicados en la gesti\u00f3n\u00a0(PSOE, que ya gobernaba con Pedro S\u00e1nchez e Illa como ministro de Sanidad, PP, Junts, ERC y PNV, responsables de gobiernos auton\u00f3micos) ha mostrado inter\u00e9s en rendir cuentas, por miedo a verse salpicados. Han pasado cinco a\u00f1os sin revisi\u00f3n alguna, sin establecer una Comisi\u00f3n de investigaci\u00f3n sobre errores y carencias, ni elaborar un Libro Blanco sobre la gesti\u00f3n. Es sorprendente c\u00f3mo existe un gran inter\u00e9s por la memoria hist\u00f3rica relacionada con Franco y\u00a0un absoluto olvido de los dos a\u00f1os m\u00e1s cruentos de la pandemia,\u00a0pese a que Espa\u00f1a fue uno de los pa\u00edses europeos con m\u00e1s muertes y m\u00e1s destrucci\u00f3n econ\u00f3mica, prueba de que\u00a0las medidas restrictivas da\u00f1aron la econom\u00eda sin frenar la mortalidad\u00a0 Sin embargo,\u00a0la lucha pol\u00edtica entre S\u00e1nchez y Ayuso ha sacado a la luz algo evidente:\u00a0la gente mayor en residencias y domicilios particulares fue abandonada literalmente a su suerte. Isabel\u00a0D\u00edaz Ayuso\u00a0tiene parte de responsabilidad, aunque no es ni la primera ni la \u00fanica implicada. Ahora la atenci\u00f3n se dirige tambi\u00e9n hacia\u00a0Salvador Illa,\u00a0que hasta ahora hab\u00eda sorteado sin problemas las cr\u00edticas pese a ser uno de los m\u00e1ximos responsables a causa de su cargo. El digital\u00a0El Debate,\u00a0conocido por sus buenas fuentes entre altos funcionarios, ha publicado tres escritos que\u00a0incriminan directamente a Illa\u00a0como principal responsable del cribado por edad. En concreto, los documentos revelan que el Ministerio de Sanidad, bajo la direcci\u00f3n de Illa, orden\u00f3 que\u00a0las personas mayores con covid fueran agrupadas en residencias y se prohibiera su traslado a los hospitales.\u00a0Se estableci\u00f3 que deb\u00edan ser aisladas en las mismas residencias mediante el\u00a0\u201caislamiento por cohortes\u201d\u00a0si no era posible el aislamiento individual, es decir,\u00a0encerrando juntos en una habitaci\u00f3n a todos los enfermos potenciales con s\u00edntomas. Estas directrices se emitieron pese a conocer la alta letalidad del virus en personas mayores: un 8% para las personas entre 70 y 79 a\u00f1os y un 14,8% para las mayores de 80. Estas revelaciones contradicen la narrativa oficial del gobierno de Pedro S\u00e1nchez y matizan, pero no eximen, la responsabilidad de Isabel D\u00edaz Ayuso por las defunciones en Madrid.\u00a0 En Catalu\u00f1a, la situaci\u00f3n fue igual o incluso m\u00e1s grave, dejando tambi\u00e9n desatendida a la poblaci\u00f3n mayor. El Govern actu\u00f3 sin misericordia, como evidencia el\u00a0documento del SEM\u00a0(Servicio de Emergencias M\u00e9dicas) del Departamento de Salud, disponible \u00edntegramente. Este documento, entre otras cosas, conten\u00eda instrucciones oficiales claras para desincentivar el traslado de mayores a hospitales mediante ambulancias y consultas telef\u00f3nicas. Esto fue confirmado con precisi\u00f3n por el reportaje del\u00a0Corriere della Sera\u00a0del 1 de abril, aunque negado p\u00fablicamente por la consejera y responsables del Departamento de Salud con eufemismos sobre supuestos \u00abdiagn\u00f3sticos cl\u00ednicos\u00bb. Espec\u00edficamente, la instrucci\u00f3n oficial hablaba de la\u00a0\u00abfutilidad de las medidas terap\u00e9uticas\u00bb\u00a0para desaconsejar traslados, sin que existieran diagn\u00f3sticos cl\u00ednicos firmados por m\u00e9dicos concretos, m\u00e1s all\u00e1 del criterio b\u00e1sico de edad y una observaci\u00f3n superficial del paciente. El documento del SEM titulado\u00a0\u201cRecomendaciones para el apoyo a las decisiones de Limitaci\u00f3n del Esfuerzo Terap\u00e9utico (LET) para pacientes con sospecha de COVID-19 e insuficiencia respiratoria aguda hipox\u00e9mica\u201d\u00a0, del 24 de marzo de 2020, establec\u00eda expl\u00edcitamente criterios \u00e9ticos para priorizar recursos sanitarios en funci\u00f3n de la edad, discriminando en la pr\u00e1ctica a las personas mayores de 75 a\u00f1os. Seg\u00fan estas directrices, a los mayores de 75 a\u00f1os solo se les ofrec\u00eda oxigenoterapia b\u00e1sica y se les exclu\u00eda de la ventilaci\u00f3n mec\u00e1nica invasiva (VMI), un recurso decisivo al que s\u00ed pod\u00edan acceder los m\u00e1s j\u00f3venes.\u00a0Si la oxigenoterapia fracasaba, la atenci\u00f3n se limitaba a una sedaci\u00f3n terminal,\u00a0convirtiendo la pr\u00e1ctica m\u00e9dica en una eutanasia no consentida. Adem\u00e1s, el procedimiento establecido era id\u00e9ntico para una persona de m\u00e1s de 75 a\u00f1os \u00absin limitaciones funcionales y activa\u00bb que para otra en estado terminal, demostrando que\u00a0el criterio clave para limitar recursos era \u00fanicamente la edad.\u00a0De hecho, las personas mayores de 75 a\u00f1os empeoraban por la carencia de atenci\u00f3n precoz y acababan siendo descartadas por el sistema sanitario, creando un c\u00edrculo vicioso. En las residencias y domicilios particulares, quienes no pod\u00edan acudir por s\u00ed mismos al hospital tambi\u00e9n fueron desincentivados activamente para ser trasladados y recibir tratamiento m\u00e9dico. El documento del SEM, adem\u00e1s, utilizaba un lenguaje eufem\u00edstico para justificar esta carencia de atenci\u00f3n m\u00e9dica: \u2022 Se instru\u00eda a presentar la limitaci\u00f3n como algo positivo para el paciente, sugiriendo hip\u00f3critamente que estaba mejor en casa o en la residencia, aunque claramente recibir\u00eda una peor atenci\u00f3n m\u00e9dica. \u2022 Indicaba expl\u00edcitamente evitar la frase\u00a0\u00abno hay camas para todos\u00bb, mostrando un claro enga\u00f1o institucional. \u2022 Indicaba evitar tratamientos agresivos, ocultando as\u00ed la no aplicaci\u00f3n de la VMI a mayores de 75 a\u00f1os. Tambi\u00e9n\u00a0se manipulaba la situaci\u00f3n utilizando patolog\u00edas previas como excusa\u00a0para negar la atenci\u00f3n avanzada, incluso a personas mayores activas y en buen estado de salud. Por \u00faltimo, es extremadamente grave que el documento determinante sobre quien recib\u00eda atenci\u00f3n m\u00e9dica cr\u00edtica\u00a0no estuviera firmado por ning\u00fan responsable m\u00e1ximo. La consecuencia en Catalu\u00f1a fue especialmente tr\u00e1gica:\u00a0en fecha 6 de abril, 909 personas hab\u00edan muerto en residencias,\u00a0representando el 25% del total de muertes en residencias en Espa\u00f1a, cuando la poblaci\u00f3n total no superaba el 16%. La diferencia da una idea de la magnitud del desastre humano provocado. Pero seguramente uno de los peores s\u00edntomas es la indiferencia con la que las \u00e9lites y\u00a0fuerzas vivas de la sociedad catalana ignoraron esta tragedia,\u00a0contribuyendo con su pasividad a la ocultaci\u00f3n, as\u00ed como los grandes medios de comunicaci\u00f3n. Solo una organizaci\u00f3n,\u00a0e-Cristians,\u00a0abord\u00f3 el tema de cara y con detalle con esa\u00a0fundamentada denuncia. Cinco a\u00f1os despu\u00e9s, el silencio persiste y ha tenido que ser la sucesora de esa entidad, ahora convertida en el movimiento cultural y pol\u00edtico\u00a0Corriente Social Cristiana, quien alzara la voz para exigir claridad y responsabilidades en\u00a0este texto.\u00a0<\/p>\n","protected":false},"author":77,"featured_media":86682,"comment_status":"open","ping_status":"open","sticky":false,"template":"","format":"standard","meta":{"_FSMCFIC_featured_image_caption":"","_FSMCFIC_featured_image_nocaption":"","_FSMCFIC_featured_image_hide":"","footnotes":""},"categories":[806],"tags":[1959,1913],"class_list":["post-86684","post","type-post","status-publish","format-standard","has-post-thumbnail","hentry","category-punts-claus-del-dia-es","tag-covid-es","tag-covid-19-es"],"yoast_head":"<!-- This site is optimized with the Yoast SEO plugin v26.8 - https:\/\/yoast.com\/product\/yoast-seo-wordpress\/ -->\n<title>La discriminaci\u00f3n silenciada: C\u00f3mo Espa\u00f1a y Catalu\u00f1a abandonaron las personas mayores durante la COVID-19 - Converses a Catalunya<\/title>\n<meta name=\"description\" content=\"el Ministerio de Sanidad, bajo la direcci\u00f3n de Illa, orden\u00f3 que\u00a0las personas mayores con covid fueran agrupadas en residencias\" \/>\n<meta name=\"robots\" content=\"index, follow, max-snippet:-1, max-image-preview:large, max-video-preview:-1\" \/>\n<link rel=\"canonical\" href=\"https:\/\/conversesacatalunya.cat\/es\/espana-y-cataluna-abandonaron-personas-mayores-covid-19\/\" \/>\n<meta property=\"og:locale\" content=\"es_ES\" \/>\n<meta property=\"og:type\" content=\"article\" \/>\n<meta property=\"og:title\" content=\"La discriminaci\u00f3n silenciada: C\u00f3mo Espa\u00f1a y Catalu\u00f1a abandonaron las personas mayores durante la COVID-19 - Converses a Catalunya\" \/>\n<meta property=\"og:description\" content=\"el Ministerio de Sanidad, bajo la direcci\u00f3n de Illa, orden\u00f3 que\u00a0las personas mayores con covid fueran agrupadas en residencias\" \/>\n<meta property=\"og:url\" content=\"https:\/\/conversesacatalunya.cat\/es\/espana-y-cataluna-abandonaron-personas-mayores-covid-19\/\" \/>\n<meta property=\"og:site_name\" content=\"Converses a Catalunya\" \/>\n<meta property=\"article:published_time\" content=\"2025-03-26T08:04:09+00:00\" \/>\n<meta property=\"article:modified_time\" content=\"2025-03-26T08:39:44+00:00\" \/>\n<meta property=\"og:image\" content=\"https:\/\/conversesacatalunya.cat\/wp-content\/uploads\/2025\/03\/IMG-20250322-WA0003.jpg\" \/>\n\t<meta property=\"og:image:width\" content=\"2040\" \/>\n\t<meta property=\"og:image:height\" content=\"1530\" \/>\n\t<meta property=\"og:image:type\" content=\"image\/jpeg\" \/>\n<meta name=\"author\" content=\"Enric Casanovas\" \/>\n<meta name=\"twitter:card\" content=\"summary_large_image\" \/>\n<meta name=\"twitter:label1\" content=\"Escrito por\" \/>\n\t<meta name=\"twitter:data1\" content=\"Enric Casanovas\" \/>\n\t<meta name=\"twitter:label2\" content=\"Tiempo de lectura\" \/>\n\t<meta name=\"twitter:data2\" content=\"6 minutos\" \/>\n<script type=\"application\/ld+json\" class=\"yoast-schema-graph\">{\"@context\":\"https:\/\/schema.org\",\"@graph\":[{\"@type\":\"Article\",\"@id\":\"https:\/\/conversesacatalunya.cat\/es\/espana-y-cataluna-abandonaron-personas-mayores-covid-19\/#article\",\"isPartOf\":{\"@id\":\"https:\/\/conversesacatalunya.cat\/es\/espana-y-cataluna-abandonaron-personas-mayores-covid-19\/\"},\"author\":{\"name\":\"Enric Casanovas\",\"@id\":\"https:\/\/conversesacatalunya.cat\/#\/schema\/person\/79bd0577b2f3afc8d6519d207c6e8609\"},\"headline\":\"La discriminaci\u00f3n silenciada: C\u00f3mo Espa\u00f1a y Catalu\u00f1a abandonaron las personas mayores durante la COVID-19\",\"datePublished\":\"2025-03-26T08:04:09+00:00\",\"dateModified\":\"2025-03-26T08:39:44+00:00\",\"mainEntityOfPage\":{\"@id\":\"https:\/\/conversesacatalunya.cat\/es\/espana-y-cataluna-abandonaron-personas-mayores-covid-19\/\"},\"wordCount\":1163,\"commentCount\":0,\"image\":{\"@id\":\"https:\/\/conversesacatalunya.cat\/es\/espana-y-cataluna-abandonaron-personas-mayores-covid-19\/#primaryimage\"},\"thumbnailUrl\":\"https:\/\/conversesacatalunya.cat\/wp-content\/uploads\/2025\/03\/IMG-20250322-WA0003.jpg\",\"keywords\":[\"COVID\",\"Covid-19\"],\"articleSection\":[\"Punts clau del dia (ES)\"],\"inLanguage\":\"es\",\"potentialAction\":[{\"@type\":\"CommentAction\",\"name\":\"Comment\",\"target\":[\"https:\/\/conversesacatalunya.cat\/es\/espana-y-cataluna-abandonaron-personas-mayores-covid-19\/#respond\"]}]},{\"@type\":\"WebPage\",\"@id\":\"https:\/\/conversesacatalunya.cat\/es\/espana-y-cataluna-abandonaron-personas-mayores-covid-19\/\",\"url\":\"https:\/\/conversesacatalunya.cat\/es\/espana-y-cataluna-abandonaron-personas-mayores-covid-19\/\",\"name\":\"La discriminaci\u00f3n silenciada: C\u00f3mo Espa\u00f1a y Catalu\u00f1a abandonaron las personas mayores durante la COVID-19 - Converses a Catalunya\",\"isPartOf\":{\"@id\":\"https:\/\/conversesacatalunya.cat\/#website\"},\"primaryImageOfPage\":{\"@id\":\"https:\/\/conversesacatalunya.cat\/es\/espana-y-cataluna-abandonaron-personas-mayores-covid-19\/#primaryimage\"},\"image\":{\"@id\":\"https:\/\/conversesacatalunya.cat\/es\/espana-y-cataluna-abandonaron-personas-mayores-covid-19\/#primaryimage\"},\"thumbnailUrl\":\"https:\/\/conversesacatalunya.cat\/wp-content\/uploads\/2025\/03\/IMG-20250322-WA0003.jpg\",\"datePublished\":\"2025-03-26T08:04:09+00:00\",\"dateModified\":\"2025-03-26T08:39:44+00:00\",\"author\":{\"@id\":\"https:\/\/conversesacatalunya.cat\/#\/schema\/person\/79bd0577b2f3afc8d6519d207c6e8609\"},\"description\":\"el Ministerio de Sanidad, bajo la direcci\u00f3n de Illa, orden\u00f3 que\u00a0las personas mayores con covid fueran agrupadas en residencias\",\"breadcrumb\":{\"@id\":\"https:\/\/conversesacatalunya.cat\/es\/espana-y-cataluna-abandonaron-personas-mayores-covid-19\/#breadcrumb\"},\"inLanguage\":\"es\",\"potentialAction\":[{\"@type\":\"ReadAction\",\"target\":[\"https:\/\/conversesacatalunya.cat\/es\/espana-y-cataluna-abandonaron-personas-mayores-covid-19\/\"]}]},{\"@type\":\"ImageObject\",\"inLanguage\":\"es\",\"@id\":\"https:\/\/conversesacatalunya.cat\/es\/espana-y-cataluna-abandonaron-personas-mayores-covid-19\/#primaryimage\",\"url\":\"https:\/\/conversesacatalunya.cat\/wp-content\/uploads\/2025\/03\/IMG-20250322-WA0003.jpg\",\"contentUrl\":\"https:\/\/conversesacatalunya.cat\/wp-content\/uploads\/2025\/03\/IMG-20250322-WA0003.jpg\",\"width\":2040,\"height\":1530,\"caption\":\"personas mayores residencias covid\"},{\"@type\":\"BreadcrumbList\",\"@id\":\"https:\/\/conversesacatalunya.cat\/es\/espana-y-cataluna-abandonaron-personas-mayores-covid-19\/#breadcrumb\",\"itemListElement\":[{\"@type\":\"ListItem\",\"position\":1,\"name\":\"Inici\",\"item\":\"https:\/\/conversesacatalunya.cat\/es\/\"},{\"@type\":\"ListItem\",\"position\":2,\"name\":\"La discriminaci\u00f3n silenciada: C\u00f3mo Espa\u00f1a y Catalu\u00f1a abandonaron las personas mayores durante la COVID-19\"}]},{\"@type\":\"WebSite\",\"@id\":\"https:\/\/conversesacatalunya.cat\/#website\",\"url\":\"https:\/\/conversesacatalunya.cat\/\",\"name\":\"Converses a Catalunya\",\"description\":\"\",\"potentialAction\":[{\"@type\":\"SearchAction\",\"target\":{\"@type\":\"EntryPoint\",\"urlTemplate\":\"https:\/\/conversesacatalunya.cat\/?s={search_term_string}\"},\"query-input\":{\"@type\":\"PropertyValueSpecification\",\"valueRequired\":true,\"valueName\":\"search_term_string\"}}],\"inLanguage\":\"es\"},{\"@type\":\"Person\",\"@id\":\"https:\/\/conversesacatalunya.cat\/#\/schema\/person\/79bd0577b2f3afc8d6519d207c6e8609\",\"name\":\"Enric Casanovas\",\"image\":{\"@type\":\"ImageObject\",\"inLanguage\":\"es\",\"@id\":\"https:\/\/conversesacatalunya.cat\/#\/schema\/person\/image\/\",\"url\":\"https:\/\/conversesacatalunya.cat\/wp-content\/litespeed\/avatar\/7ae4379ad4421ec77820e92afd36dd78.jpg?ver=1777373933\",\"contentUrl\":\"https:\/\/conversesacatalunya.cat\/wp-content\/litespeed\/avatar\/7ae4379ad4421ec77820e92afd36dd78.jpg?ver=1777373933\",\"caption\":\"Enric Casanovas\"},\"url\":\"https:\/\/conversesacatalunya.cat\/es\/author\/enric-casanovas\/\"}]}<\/script>\n<!-- \/ Yoast SEO plugin. -->","yoast_head_json":{"title":"La discriminaci\u00f3n silenciada: C\u00f3mo Espa\u00f1a y Catalu\u00f1a abandonaron las personas mayores durante la COVID-19 - Converses a Catalunya","description":"el Ministerio de Sanidad, bajo la direcci\u00f3n de Illa, orden\u00f3 que\u00a0las personas mayores con covid fueran agrupadas en residencias","robots":{"index":"index","follow":"follow","max-snippet":"max-snippet:-1","max-image-preview":"max-image-preview:large","max-video-preview":"max-video-preview:-1"},"canonical":"https:\/\/conversesacatalunya.cat\/es\/espana-y-cataluna-abandonaron-personas-mayores-covid-19\/","og_locale":"es_ES","og_type":"article","og_title":"La discriminaci\u00f3n silenciada: C\u00f3mo Espa\u00f1a y Catalu\u00f1a abandonaron las personas mayores durante la COVID-19 - Converses a Catalunya","og_description":"el Ministerio de Sanidad, bajo la direcci\u00f3n de Illa, orden\u00f3 que\u00a0las personas mayores con covid fueran agrupadas en residencias","og_url":"https:\/\/conversesacatalunya.cat\/es\/espana-y-cataluna-abandonaron-personas-mayores-covid-19\/","og_site_name":"Converses a Catalunya","article_published_time":"2025-03-26T08:04:09+00:00","article_modified_time":"2025-03-26T08:39:44+00:00","og_image":[{"width":2040,"height":1530,"url":"https:\/\/conversesacatalunya.cat\/wp-content\/uploads\/2025\/03\/IMG-20250322-WA0003.jpg","type":"image\/jpeg"}],"author":"Enric Casanovas","twitter_card":"summary_large_image","twitter_misc":{"Escrito por":"Enric Casanovas","Tiempo de lectura":"6 minutos"},"schema":{"@context":"https:\/\/schema.org","@graph":[{"@type":"Article","@id":"https:\/\/conversesacatalunya.cat\/es\/espana-y-cataluna-abandonaron-personas-mayores-covid-19\/#article","isPartOf":{"@id":"https:\/\/conversesacatalunya.cat\/es\/espana-y-cataluna-abandonaron-personas-mayores-covid-19\/"},"author":{"name":"Enric Casanovas","@id":"https:\/\/conversesacatalunya.cat\/#\/schema\/person\/79bd0577b2f3afc8d6519d207c6e8609"},"headline":"La discriminaci\u00f3n silenciada: C\u00f3mo Espa\u00f1a y Catalu\u00f1a abandonaron las personas mayores durante la COVID-19","datePublished":"2025-03-26T08:04:09+00:00","dateModified":"2025-03-26T08:39:44+00:00","mainEntityOfPage":{"@id":"https:\/\/conversesacatalunya.cat\/es\/espana-y-cataluna-abandonaron-personas-mayores-covid-19\/"},"wordCount":1163,"commentCount":0,"image":{"@id":"https:\/\/conversesacatalunya.cat\/es\/espana-y-cataluna-abandonaron-personas-mayores-covid-19\/#primaryimage"},"thumbnailUrl":"https:\/\/conversesacatalunya.cat\/wp-content\/uploads\/2025\/03\/IMG-20250322-WA0003.jpg","keywords":["COVID","Covid-19"],"articleSection":["Punts clau del dia (ES)"],"inLanguage":"es","potentialAction":[{"@type":"CommentAction","name":"Comment","target":["https:\/\/conversesacatalunya.cat\/es\/espana-y-cataluna-abandonaron-personas-mayores-covid-19\/#respond"]}]},{"@type":"WebPage","@id":"https:\/\/conversesacatalunya.cat\/es\/espana-y-cataluna-abandonaron-personas-mayores-covid-19\/","url":"https:\/\/conversesacatalunya.cat\/es\/espana-y-cataluna-abandonaron-personas-mayores-covid-19\/","name":"La discriminaci\u00f3n silenciada: C\u00f3mo Espa\u00f1a y Catalu\u00f1a abandonaron las personas mayores durante la COVID-19 - Converses a Catalunya","isPartOf":{"@id":"https:\/\/conversesacatalunya.cat\/#website"},"primaryImageOfPage":{"@id":"https:\/\/conversesacatalunya.cat\/es\/espana-y-cataluna-abandonaron-personas-mayores-covid-19\/#primaryimage"},"image":{"@id":"https:\/\/conversesacatalunya.cat\/es\/espana-y-cataluna-abandonaron-personas-mayores-covid-19\/#primaryimage"},"thumbnailUrl":"https:\/\/conversesacatalunya.cat\/wp-content\/uploads\/2025\/03\/IMG-20250322-WA0003.jpg","datePublished":"2025-03-26T08:04:09+00:00","dateModified":"2025-03-26T08:39:44+00:00","author":{"@id":"https:\/\/conversesacatalunya.cat\/#\/schema\/person\/79bd0577b2f3afc8d6519d207c6e8609"},"description":"el Ministerio de Sanidad, bajo la direcci\u00f3n de Illa, orden\u00f3 que\u00a0las personas mayores con covid fueran agrupadas en residencias","breadcrumb":{"@id":"https:\/\/conversesacatalunya.cat\/es\/espana-y-cataluna-abandonaron-personas-mayores-covid-19\/#breadcrumb"},"inLanguage":"es","potentialAction":[{"@type":"ReadAction","target":["https:\/\/conversesacatalunya.cat\/es\/espana-y-cataluna-abandonaron-personas-mayores-covid-19\/"]}]},{"@type":"ImageObject","inLanguage":"es","@id":"https:\/\/conversesacatalunya.cat\/es\/espana-y-cataluna-abandonaron-personas-mayores-covid-19\/#primaryimage","url":"https:\/\/conversesacatalunya.cat\/wp-content\/uploads\/2025\/03\/IMG-20250322-WA0003.jpg","contentUrl":"https:\/\/conversesacatalunya.cat\/wp-content\/uploads\/2025\/03\/IMG-20250322-WA0003.jpg","width":2040,"height":1530,"caption":"personas mayores residencias covid"},{"@type":"BreadcrumbList","@id":"https:\/\/conversesacatalunya.cat\/es\/espana-y-cataluna-abandonaron-personas-mayores-covid-19\/#breadcrumb","itemListElement":[{"@type":"ListItem","position":1,"name":"Inici","item":"https:\/\/conversesacatalunya.cat\/es\/"},{"@type":"ListItem","position":2,"name":"La discriminaci\u00f3n silenciada: C\u00f3mo Espa\u00f1a y Catalu\u00f1a abandonaron las personas mayores durante la COVID-19"}]},{"@type":"WebSite","@id":"https:\/\/conversesacatalunya.cat\/#website","url":"https:\/\/conversesacatalunya.cat\/","name":"Converses a Catalunya","description":"","potentialAction":[{"@type":"SearchAction","target":{"@type":"EntryPoint","urlTemplate":"https:\/\/conversesacatalunya.cat\/?s={search_term_string}"},"query-input":{"@type":"PropertyValueSpecification","valueRequired":true,"valueName":"search_term_string"}}],"inLanguage":"es"},{"@type":"Person","@id":"https:\/\/conversesacatalunya.cat\/#\/schema\/person\/79bd0577b2f3afc8d6519d207c6e8609","name":"Enric Casanovas","image":{"@type":"ImageObject","inLanguage":"es","@id":"https:\/\/conversesacatalunya.cat\/#\/schema\/person\/image\/","url":"https:\/\/conversesacatalunya.cat\/wp-content\/litespeed\/avatar\/7ae4379ad4421ec77820e92afd36dd78.jpg?ver=1777373933","contentUrl":"https:\/\/conversesacatalunya.cat\/wp-content\/litespeed\/avatar\/7ae4379ad4421ec77820e92afd36dd78.jpg?ver=1777373933","caption":"Enric Casanovas"},"url":"https:\/\/conversesacatalunya.cat\/es\/author\/enric-casanovas\/"}]}},"wps_subtitle":"El Ministerio de Sanidad, bajo la direcci\u00f3n de Illa, orden\u00f3 que las personas mayores con coronavirus fueran agrupadas en residencias y se prohibiera su traslado a los hospitales.","_links":{"self":[{"href":"https:\/\/conversesacatalunya.cat\/es\/wp-json\/wp\/v2\/posts\/86684","targetHints":{"allow":["GET"]}}],"collection":[{"href":"https:\/\/conversesacatalunya.cat\/es\/wp-json\/wp\/v2\/posts"}],"about":[{"href":"https:\/\/conversesacatalunya.cat\/es\/wp-json\/wp\/v2\/types\/post"}],"author":[{"embeddable":true,"href":"https:\/\/conversesacatalunya.cat\/es\/wp-json\/wp\/v2\/users\/77"}],"replies":[{"embeddable":true,"href":"https:\/\/conversesacatalunya.cat\/es\/wp-json\/wp\/v2\/comments?post=86684"}],"version-history":[{"count":9,"href":"https:\/\/conversesacatalunya.cat\/es\/wp-json\/wp\/v2\/posts\/86684\/revisions"}],"predecessor-version":[{"id":86697,"href":"https:\/\/conversesacatalunya.cat\/es\/wp-json\/wp\/v2\/posts\/86684\/revisions\/86697"}],"wp:featuredmedia":[{"embeddable":true,"href":"https:\/\/conversesacatalunya.cat\/es\/wp-json\/wp\/v2\/media\/86682"}],"wp:attachment":[{"href":"https:\/\/conversesacatalunya.cat\/es\/wp-json\/wp\/v2\/media?parent=86684"}],"wp:term":[{"taxonomy":"category","embeddable":true,"href":"https:\/\/conversesacatalunya.cat\/es\/wp-json\/wp\/v2\/categories?post=86684"},{"taxonomy":"post_tag","embeddable":true,"href":"https:\/\/conversesacatalunya.cat\/es\/wp-json\/wp\/v2\/tags?post=86684"}],"curies":[{"name":"wp","href":"https:\/\/api.w.org\/{rel}","templated":true}]}}