{"id":86649,"date":"2025-03-26T09:00:16","date_gmt":"2025-03-26T08:00:16","guid":{"rendered":"https:\/\/conversesacatalunya.cat\/?p=86649"},"modified":"2025-03-25T12:53:03","modified_gmt":"2025-03-25T11:53:03","slug":"medios-problema-desinformacion-fragmentacion","status":"publish","type":"post","link":"https:\/\/conversesacatalunya.cat\/es\/medios-problema-desinformacion-fragmentacion\/","title":{"rendered":"Noticias y democracia: el problema no es la desinformaci\u00f3n, sino la fragmentaci\u00f3n"},"content":{"rendered":"<p><span><span class=\"VIpgJd-yAWNEb-VIpgJd-fmcmS-sn54Q\">Una de las consecuencias de <a href=\"https:\/\/conversesacatalunya.cat\/es\/libro-la-sociedad-desvinculada-de-josep-miro-i-ardevol\/\" target=\"_blank\" rel=\"noopener\">la\u00a0<\/a><\/span><\/span><span><span class=\"VIpgJd-yAWNEb-VIpgJd-fmcmS-sn54Q\">sociedad desvinculada<\/span><\/span><span><span class=\"VIpgJd-yAWNEb-VIpgJd-fmcmS-sn54Q\">\u00a0que caracteriza a Occidente en el siglo XXI es la fragmentaci\u00f3n de la poblaci\u00f3n de los antiguos estados naci\u00f3n en islotes ideol\u00f3gicos y culturales. Es el\u00a0<\/span><\/span><a href=\"https:\/\/conversesacatalunya-cat.translate.goog\/larxipelag-frances-el-llibre-que-posa-en-questio-les-bondats-del-multiculturalisme\/?_x_tr_sl=ca&amp;_x_tr_tl=es&amp;_x_tr_hl=es&amp;_x_tr_pto=wapp\" target=\"_blank\" rel=\"noopener\"><span><span class=\"VIpgJd-yAWNEb-VIpgJd-fmcmS-sn54Q\">archipi\u00e9lago<\/span><\/span><\/a><span><span class=\"VIpgJd-yAWNEb-VIpgJd-fmcmS-sn54Q\">\u00a0del que tambi\u00e9n habla el gran soci\u00f3logo contempor\u00e1neo franc\u00e9s\u00a0<\/span><\/span><strong><span><span class=\"VIpgJd-yAWNEb-VIpgJd-fmcmS-sn54Q\">J\u00e9r\u00f4me Fourquet<\/span><\/span><\/strong><span><span class=\"VIpgJd-yAWNEb-VIpgJd-fmcmS-sn54Q\">.<\/span><\/span><\/p>\n<p><span><span class=\"VIpgJd-yAWNEb-VIpgJd-fmcmS-sn54Q\">La \u201carchipelagitazi\u00f3n\u201d se traduce por ejemplo en la\u00a0<\/span><\/span><strong><span><span class=\"VIpgJd-yAWNEb-VIpgJd-fmcmS-sn54Q\">divisi\u00f3n parlamentaria<\/span><\/span><\/strong><span><span class=\"VIpgJd-yAWNEb-VIpgJd-fmcmS-sn54Q\">\u00a0en toda Europa y la aparici\u00f3n de un n\u00famero creciente de partidos con un peso relativo similar que hace que la toma de decisiones -no digamos el consenso necesario para llegar a pactos de estado- sea cada vez m\u00e1s dif\u00edcil.<\/span><\/span><\/p>\n<p><span>Esta tendencia a la fragmentaci\u00f3n es profundamente preocupante porque est\u00e1\u00a0<\/span><strong><span>desdibujando la religi\u00f3n y la patria<\/span><\/strong><span>\u00a0como los dos grandes sentimientos que actuaban de pegamento social en nuestros pa\u00edses.<\/span><\/p>\n<p><span><span class=\"VIpgJd-yAWNEb-VIpgJd-fmcmS-sn54Q\">La divisi\u00f3n de la sociedad en grupos aislados que persiguen fines exclusivos (por ejemplo: ecologistas, veganos, LGBTQ+, islamistas, feministas de diversos tipos, comunidades nacionales de emigrantes, pero tambi\u00e9n libertarios, cat\u00f3licos progresistas o conservadores, grandes capitalistas, etc.) se manifiesta igualmente en una\u00a0<\/span><\/span><strong><span><span class=\"VIpgJd-yAWNEb-VIpgJd-fmcmS-sn54Q\">divisi\u00f3n cada vez m\u00e1s profunda a la<\/span><\/span><span class=\"VIpgJd-yAWNEb-VIpgJd-fmcmS-sn54Q\"> hora de informarse.<\/span><\/strong><\/p>\n<h5><strong><span><span class=\"VIpgJd-yAWNEb-VIpgJd-fmcmS-sn54Q\">Desde las posiciones m\u00e1s cercanas al poder vigente, se martillea sin cesar que el gran enemigo de nuestra democracia es la desinformaci\u00f3n.<\/span><\/span><\/strong><\/h5>\n<p><span>Algo que desmiente\u00a0<\/span><strong><span>John Burn-Murdoch<\/span><\/strong><span>,\u00a0periodista estad\u00edstico del\u00a0<\/span><em><span>Financial Times<\/span><\/em><span>\u00a0que ya hemos citado\u00a0<\/span><a href=\"https:\/\/conversesacatalunya.cat\/es\/los-jovenes-estadounidenses-viven-mejor-que-los-europeos\/\" target=\"_blank\" rel=\"noopener\"><span>anteriormente<\/span><\/a><span>\u00a0en este diario y que merece atenci\u00f3n por la calidad y osad\u00eda de sus b\u00fasquedas.<\/span><\/p>\n<p><span><span class=\"VIpgJd-yAWNEb-VIpgJd-fmcmS-sn54Q\">Burn-Murdoch <a href=\"https:\/\/www.ft.com\/content\/bbc80e1c-60a7-4f3d-a9a1-a4e68cf36912\" target=\"_blank\" rel=\"noopener\">afirma<\/a><\/span><\/span><span><span class=\"VIpgJd-yAWNEb-VIpgJd-fmcmS-sn54Q\">\u00a0en un art\u00edculo reciente que centr\u00e1ndose en las \u00abfalsedades objetivas\u00bb se ha perdido de vista que el problema esencial para la democracia \u00abno es tanto que la gente crea en falacias, algo que se ha producido siempre.\u00a0<\/span><\/span><strong><span><span class=\"VIpgJd-yAWNEb-VIpgJd-fmcmS-sn54Q\">Es que ya no crean las mismas cosas que los dem\u00e1s, sean falsas o no\u00bb<\/span><\/span><\/strong><span><span class=\"VIpgJd-yAWNEb-VIpgJd-fmcmS-sn54Q\">.<\/span><\/span><\/p>\n<p><span><span class=\"VIpgJd-yAWNEb-VIpgJd-fmcmS-sn54Q\">Esto se traduce en que, seg\u00fan el posicionamiento ideol\u00f3gico de una persona, las informaciones que encontrar\u00e1 en sus noticias no tendr\u00e1n nada que ver con las de una persona que piense diferente. No se trata de que un mismo hecho sea presentado de forma diferente, sino que\u00a0<\/span><\/span><strong><span><span class=\"VIpgJd-yAWNEb-VIpgJd-fmcmS-sn54Q\">la noticia que se presenta en portada en un medio no aparezca ni siquiera en una columna interior de otro<\/span><\/span><\/strong><span><span class=\"VIpgJd-yAWNEb-VIpgJd-fmcmS-sn54Q\">.<\/span><\/span><\/p>\n<p><span><span class=\"VIpgJd-yAWNEb-VIpgJd-fmcmS-sn54Q\">Y no se trata de que los votantes de Trump, Le Pen o Farage sean unos inocentes que se lo tragan todo. Trabajos acad\u00e9micos estadounidenses han demostrado que los conservadores tienden a considerar falsos titulares relativos al cambio clim\u00e1tico, s\u00ed. Pero es que\u00a0<\/span><\/span><strong><span><span class=\"VIpgJd-yAWNEb-VIpgJd-fmcmS-sn54Q\">los progresistas se inclinan por igual a pensar que son falsas las noticias sobre los beneficios de la energ\u00eda nuclear<\/span><\/span><\/strong><span><span class=\"VIpgJd-yAWNEb-VIpgJd-fmcmS-sn54Q\">.<\/span><\/span><\/p>\n<p><span>Es m\u00e1s, seg\u00fan Burn-Murdoch la investigaci\u00f3n apunta a que\u00a0<\/span><strong><span>los graduados universitarios no son mejores jueces de la verdad que los que solo tienen t\u00edtulos de educaci\u00f3n secundaria<\/span><\/strong><span>.<\/span><\/p>\n<h5><strong><span><span class=\"VIpgJd-yAWNEb-VIpgJd-fmcmS-sn54Q\">As\u00ed pues, la fragmentaci\u00f3n es un fen\u00f3meno que no entiende de clase social.<\/span><\/span><\/strong><\/h5>\n<p><span><span class=\"VIpgJd-yAWNEb-VIpgJd-fmcmS-sn54Q\">As\u00ed lo demuestra el hecho, especialmente preocupante, que se est\u00e9 extendiendo a la escala de redes sociales enteras:\u00a0<\/span><\/span><em><span><span class=\"VIpgJd-yAWNEb-VIpgJd-fmcmS-sn54Q\">X<\/span><\/span><\/em><span><span class=\"VIpgJd-yAWNEb-VIpgJd-fmcmS-sn54Q\">\u00a0(ex-\u00a0<\/span><\/span><em><span><span class=\"VIpgJd-yAWNEb-VIpgJd-fmcmS-sn54Q\">Twitter<\/span><\/span><\/em><span><span class=\"VIpgJd-yAWNEb-VIpgJd-fmcmS-sn54Q\">)\u00a0se est\u00e1 convirtiendo a marchas forzadas en una comunidad \u201cde derechas\u201d, mientras que la progres\u00eda ha montado una red paralela,\u00a0<\/span><\/span><em><span><span class=\"VIpgJd-yAWNEb-VIpgJd-fmcmS-sn54Q\">Bluesky<\/span><\/span><\/em><span><span class=\"VIpgJd-yAWNEb-VIpgJd-fmcmS-sn54Q\">.\u00a0Sin contar con\u00a0<\/span><\/span><em><span><span class=\"VIpgJd-yAWNEb-VIpgJd-fmcmS-sn54Q\">Truth Social<\/span><\/span><\/em><span><span class=\"VIpgJd-yAWNEb-VIpgJd-fmcmS-sn54Q\">,\u00a0el medio que Donald Trump estableci\u00f3 tras su expulsi\u00f3n de\u00a0<\/span><\/span><em><span><span class=\"VIpgJd-yAWNEb-VIpgJd-fmcmS-sn54Q\">Twitter<\/span><\/span><\/em><span><span class=\"VIpgJd-yAWNEb-VIpgJd-fmcmS-sn54Q\">. Basta con ver las portadas (<\/span><\/span><a href=\"https:\/\/bsky.app\/\" target=\"_blank\" rel=\"noopener\"><span><span class=\"VIpgJd-yAWNEb-VIpgJd-fmcmS-sn54Q\">aqu\u00ed<\/span><\/span><\/a><span><span class=\"VIpgJd-yAWNEb-VIpgJd-fmcmS-sn54Q\">\u00a0y\u00a0<\/span><\/span><a href=\"https:\/\/truthsocial.com\/\" target=\"_blank\" rel=\"noopener\"><span><span class=\"VIpgJd-yAWNEb-VIpgJd-fmcmS-sn54Q\">aqu\u00ed<\/span><\/span><\/a><span><span class=\"VIpgJd-yAWNEb-VIpgJd-fmcmS-sn54Q\">)\u00a0que ofrecen estas dos \u00faltimas para darse cuenta de que existe un\u00a0<\/span><\/span><strong><span><span class=\"VIpgJd-yAWNEb-VIpgJd-fmcmS-sn54Q\">inmenso problema de segregaci\u00f3n<\/span><\/span><\/strong><span><span class=\"VIpgJd-yAWNEb-VIpgJd-fmcmS-sn54Q\">.<\/span><\/span><\/p>\n<p>Y es que <strong>el ser humano busca constantemente la eficiencia<\/strong>, y no le gusta pasar tiempo contrastando informaciones, sobre todo si estas provienen de una fuente que no le genera repulsi\u00f3n (y en su caso, ser\u00e1 con pr\u00e1ctica totalidad descartada sin m\u00e1s). Si a este rasgo de la naturaleza humana le a\u00f1adimos la multiplicaci\u00f3n de fuentes de informaci\u00f3n de la era digital, el resultado es un reforzamiento medi\u00e1tico extremo de cuyos islotes habl\u00e1bamos al inicio.<\/p>\n<span class='bctt-click-to-tweet'><span class='bctt-ctt-text'><a href='https:\/\/twitter.com\/intent\/tweet?url=https%3A%2F%2Fconversesacatalunya.cat%2Fes%2Fmedios-problema-desinformacion-fragmentacion%2F&#038;text=No%20se%20trata%20de%20que%20un%20mismo%20hecho%20sea%20presentado%20de%20forma%20diferente%2C%20sino%20que%20la%20noticia%20que%20se%20presenta%20en%20portada%20en%20un%20medio%20no%20aparezca%20ni%20siquiera%20en%20una%20columna%20interior%20de%20otro&#038;via=conversesacat&#038;related=conversesacat' target='_blank'rel=\"noopener noreferrer\">No se trata de que un mismo hecho sea presentado de forma diferente, sino que la noticia que se presenta en portada en un medio no aparezca ni siquiera en una columna interior de otro <\/a><\/span><a href='https:\/\/twitter.com\/intent\/tweet?url=https%3A%2F%2Fconversesacatalunya.cat%2Fes%2Fmedios-problema-desinformacion-fragmentacion%2F&#038;text=No%20se%20trata%20de%20que%20un%20mismo%20hecho%20sea%20presentado%20de%20forma%20diferente%2C%20sino%20que%20la%20noticia%20que%20se%20presenta%20en%20portada%20en%20un%20medio%20no%20aparezca%20ni%20siquiera%20en%20una%20columna%20interior%20de%20otro&#038;via=conversesacat&#038;related=conversesacat' target='_blank' class='bctt-ctt-btn'rel=\"noopener noreferrer\">Compartir en X<\/a><\/span>\n","protected":false},"excerpt":{"rendered":"<p>Una de las consecuencias de la\u00a0sociedad desvinculada\u00a0que caracteriza a Occidente en el siglo XXI es la fragmentaci\u00f3n de la poblaci\u00f3n de los antiguos estados naci\u00f3n en islotes ideol\u00f3gicos y culturales. Es el\u00a0archipi\u00e9lago\u00a0del que tambi\u00e9n habla el gran soci\u00f3logo contempor\u00e1neo franc\u00e9s\u00a0J\u00e9r\u00f4me Fourquet. La \u201carchipelagitazi\u00f3n\u201d se traduce por ejemplo en la\u00a0divisi\u00f3n parlamentaria\u00a0en toda Europa y la aparici\u00f3n de un n\u00famero creciente de partidos con un peso relativo similar que hace que la toma de decisiones -no digamos el consenso necesario para llegar a pactos de estado- sea cada vez m\u00e1s dif\u00edcil. Esta tendencia a la fragmentaci\u00f3n es profundamente preocupante porque est\u00e1\u00a0desdibujando la religi\u00f3n y la patria\u00a0como los dos grandes sentimientos que actuaban de pegamento social en nuestros pa\u00edses. La divisi\u00f3n de la sociedad en grupos aislados que persiguen fines exclusivos (por ejemplo: ecologistas, veganos, LGBTQ+, islamistas, feministas de diversos tipos, comunidades nacionales de emigrantes, pero tambi\u00e9n libertarios, cat\u00f3licos progresistas o conservadores, grandes capitalistas, etc.) se manifiesta igualmente en una\u00a0divisi\u00f3n cada vez m\u00e1s profunda a la hora de informarse. Desde las posiciones m\u00e1s cercanas al poder vigente, se martillea sin cesar que el gran enemigo de nuestra democracia es la desinformaci\u00f3n. Algo que desmiente\u00a0John Burn-Murdoch,\u00a0periodista estad\u00edstico del\u00a0Financial Times\u00a0que ya hemos citado\u00a0anteriormente\u00a0en este diario y que merece atenci\u00f3n por la calidad y osad\u00eda de sus b\u00fasquedas. Burn-Murdoch afirma\u00a0en un art\u00edculo reciente que centr\u00e1ndose en las \u00abfalsedades objetivas\u00bb se ha perdido de vista que el problema esencial para la democracia \u00abno es tanto que la gente crea en falacias, algo que se ha producido siempre.\u00a0Es que ya no crean las mismas cosas que los dem\u00e1s, sean falsas o no\u00bb. Esto se traduce en que, seg\u00fan el posicionamiento ideol\u00f3gico de una persona, las informaciones que encontrar\u00e1 en sus noticias no tendr\u00e1n nada que ver con las de una persona que piense diferente. No se trata de que un mismo hecho sea presentado de forma diferente, sino que\u00a0la noticia que se presenta en portada en un medio no aparezca ni siquiera en una columna interior de otro. Y no se trata de que los votantes de Trump, Le Pen o Farage sean unos inocentes que se lo tragan todo. Trabajos acad\u00e9micos estadounidenses han demostrado que los conservadores tienden a considerar falsos titulares relativos al cambio clim\u00e1tico, s\u00ed. Pero es que\u00a0los progresistas se inclinan por igual a pensar que son falsas las noticias sobre los beneficios de la energ\u00eda nuclear. Es m\u00e1s, seg\u00fan Burn-Murdoch la investigaci\u00f3n apunta a que\u00a0los graduados universitarios no son mejores jueces de la verdad que los que solo tienen t\u00edtulos de educaci\u00f3n secundaria. As\u00ed pues, la fragmentaci\u00f3n es un fen\u00f3meno que no entiende de clase social. As\u00ed lo demuestra el hecho, especialmente preocupante, que se est\u00e9 extendiendo a la escala de redes sociales enteras:\u00a0X\u00a0(ex-\u00a0Twitter)\u00a0se est\u00e1 convirtiendo a marchas forzadas en una comunidad \u201cde derechas\u201d, mientras que la progres\u00eda ha montado una red paralela,\u00a0Bluesky.\u00a0Sin contar con\u00a0Truth Social,\u00a0el medio que Donald Trump estableci\u00f3 tras su expulsi\u00f3n de\u00a0Twitter. Basta con ver las portadas (aqu\u00ed\u00a0y\u00a0aqu\u00ed)\u00a0que ofrecen estas dos \u00faltimas para darse cuenta de que existe un\u00a0inmenso problema de segregaci\u00f3n. Y es que el ser humano busca constantemente la eficiencia, y no le gusta pasar tiempo contrastando informaciones, sobre todo si estas provienen de una fuente que no le genera repulsi\u00f3n (y en su caso, ser\u00e1 con pr\u00e1ctica totalidad descartada sin m\u00e1s). Si a este rasgo de la naturaleza humana le a\u00f1adimos la multiplicaci\u00f3n de fuentes de informaci\u00f3n de la era digital, el resultado es un reforzamiento medi\u00e1tico extremo de cuyos islotes habl\u00e1bamos al inicio.<\/p>\n","protected":false},"author":75,"featured_media":86584,"comment_status":"open","ping_status":"open","sticky":false,"template":"","format":"standard","meta":{"_FSMCFIC_featured_image_caption":"","_FSMCFIC_featured_image_nocaption":"","_FSMCFIC_featured_image_hide":"","footnotes":""},"categories":[806],"tags":[5115,2577,4965,1639],"class_list":["post-86649","post","type-post","status-publish","format-standard","has-post-thumbnail","hentry","category-punts-claus-del-dia-es","tag-desinformacio-es","tag-periodisme-es","tag-societat-desvinculada-es","tag-xarxes-socials-es"],"yoast_head":"<!-- This site is optimized with the Yoast SEO plugin v26.8 - https:\/\/yoast.com\/product\/yoast-seo-wordpress\/ -->\n<title>Noticias y democracia: el problema no es la desinformaci\u00f3n, sino la fragmentaci\u00f3n - Converses a Catalunya<\/title>\n<meta name=\"description\" content=\"Desde las posiciones m\u00e1s cercanas al poder vigente, se martillea sin cesar que el gran enemigo de nuestra democracia es la desinformaci\u00f3n\" \/>\n<meta name=\"robots\" content=\"index, follow, max-snippet:-1, max-image-preview:large, max-video-preview:-1\" \/>\n<link rel=\"canonical\" href=\"https:\/\/conversesacatalunya.cat\/?p=86578\" \/>\n<meta property=\"og:locale\" content=\"es_ES\" \/>\n<meta property=\"og:type\" content=\"article\" \/>\n<meta property=\"og:title\" content=\"Noticias y democracia: el problema no es la desinformaci\u00f3n, sino la fragmentaci\u00f3n - Converses a Catalunya\" \/>\n<meta property=\"og:description\" content=\"Desde las posiciones m\u00e1s cercanas al poder vigente, se martillea sin cesar que el gran enemigo de nuestra democracia es la desinformaci\u00f3n\" \/>\n<meta property=\"og:url\" content=\"https:\/\/conversesacatalunya.cat\/?p=86578\" \/>\n<meta property=\"og:site_name\" content=\"Converses a Catalunya\" \/>\n<meta property=\"article:published_time\" content=\"2025-03-26T08:00:16+00:00\" \/>\n<meta property=\"og:image\" content=\"https:\/\/conversesacatalunya.cat\/wp-content\/uploads\/2025\/03\/pexels-kaboompics-6335.jpg\" \/>\n\t<meta property=\"og:image:width\" content=\"1280\" \/>\n\t<meta property=\"og:image:height\" content=\"853\" \/>\n\t<meta property=\"og:image:type\" content=\"image\/jpeg\" \/>\n<meta name=\"author\" content=\"Carles L\u00f3pez\" \/>\n<meta name=\"twitter:card\" content=\"summary_large_image\" \/>\n<meta name=\"twitter:label1\" content=\"Escrito por\" \/>\n\t<meta name=\"twitter:data1\" content=\"Carles L\u00f3pez\" \/>\n\t<meta name=\"twitter:label2\" content=\"Tiempo de lectura\" \/>\n\t<meta name=\"twitter:data2\" content=\"4 minutos\" \/>\n<script type=\"application\/ld+json\" class=\"yoast-schema-graph\">{\"@context\":\"https:\/\/schema.org\",\"@graph\":[{\"@type\":\"Article\",\"@id\":\"https:\/\/conversesacatalunya.cat\/?p=86578#article\",\"isPartOf\":{\"@id\":\"https:\/\/conversesacatalunya.cat\/?p=86578\"},\"author\":{\"name\":\"Carles L\u00f3pez\",\"@id\":\"https:\/\/conversesacatalunya.cat\/#\/schema\/person\/3ce2ab16c0a3803086d80722c7cad56a\"},\"headline\":\"Noticias y democracia: el problema no es la desinformaci\u00f3n, sino la fragmentaci\u00f3n\",\"datePublished\":\"2025-03-26T08:00:16+00:00\",\"mainEntityOfPage\":{\"@id\":\"https:\/\/conversesacatalunya.cat\/?p=86578\"},\"wordCount\":721,\"commentCount\":0,\"image\":{\"@id\":\"https:\/\/conversesacatalunya.cat\/?p=86578#primaryimage\"},\"thumbnailUrl\":\"https:\/\/conversesacatalunya.cat\/wp-content\/uploads\/2025\/03\/pexels-kaboompics-6335.jpg\",\"keywords\":[\"desinformaci\u00f3\",\"Periodisme\",\"societat desvinculada\",\"Xarxes Socials\"],\"articleSection\":[\"Punts clau del dia (ES)\"],\"inLanguage\":\"es\",\"potentialAction\":[{\"@type\":\"CommentAction\",\"name\":\"Comment\",\"target\":[\"https:\/\/conversesacatalunya.cat\/?p=86578#respond\"]}]},{\"@type\":\"WebPage\",\"@id\":\"https:\/\/conversesacatalunya.cat\/?p=86578\",\"url\":\"https:\/\/conversesacatalunya.cat\/?p=86578\",\"name\":\"Noticias y democracia: el problema no es la desinformaci\u00f3n, sino la fragmentaci\u00f3n - Converses a Catalunya\",\"isPartOf\":{\"@id\":\"https:\/\/conversesacatalunya.cat\/#website\"},\"primaryImageOfPage\":{\"@id\":\"https:\/\/conversesacatalunya.cat\/?p=86578#primaryimage\"},\"image\":{\"@id\":\"https:\/\/conversesacatalunya.cat\/?p=86578#primaryimage\"},\"thumbnailUrl\":\"https:\/\/conversesacatalunya.cat\/wp-content\/uploads\/2025\/03\/pexels-kaboompics-6335.jpg\",\"datePublished\":\"2025-03-26T08:00:16+00:00\",\"author\":{\"@id\":\"https:\/\/conversesacatalunya.cat\/#\/schema\/person\/3ce2ab16c0a3803086d80722c7cad56a\"},\"description\":\"Desde las posiciones m\u00e1s cercanas al poder vigente, se martillea sin cesar que el gran enemigo de nuestra democracia es la desinformaci\u00f3n\",\"breadcrumb\":{\"@id\":\"https:\/\/conversesacatalunya.cat\/?p=86578#breadcrumb\"},\"inLanguage\":\"es\",\"potentialAction\":[{\"@type\":\"ReadAction\",\"target\":[\"https:\/\/conversesacatalunya.cat\/?p=86578\"]}]},{\"@type\":\"ImageObject\",\"inLanguage\":\"es\",\"@id\":\"https:\/\/conversesacatalunya.cat\/?p=86578#primaryimage\",\"url\":\"https:\/\/conversesacatalunya.cat\/wp-content\/uploads\/2025\/03\/pexels-kaboompics-6335.jpg\",\"contentUrl\":\"https:\/\/conversesacatalunya.cat\/wp-content\/uploads\/2025\/03\/pexels-kaboompics-6335.jpg\",\"width\":1280,\"height\":853,\"caption\":\"desinformaci\u00f3n\"},{\"@type\":\"BreadcrumbList\",\"@id\":\"https:\/\/conversesacatalunya.cat\/?p=86578#breadcrumb\",\"itemListElement\":[{\"@type\":\"ListItem\",\"position\":1,\"name\":\"Inici\",\"item\":\"https:\/\/conversesacatalunya.cat\/es\/\"},{\"@type\":\"ListItem\",\"position\":2,\"name\":\"Noticias y democracia: el problema no es la desinformaci\u00f3n, sino la fragmentaci\u00f3n\"}]},{\"@type\":\"WebSite\",\"@id\":\"https:\/\/conversesacatalunya.cat\/#website\",\"url\":\"https:\/\/conversesacatalunya.cat\/\",\"name\":\"Converses a Catalunya\",\"description\":\"\",\"potentialAction\":[{\"@type\":\"SearchAction\",\"target\":{\"@type\":\"EntryPoint\",\"urlTemplate\":\"https:\/\/conversesacatalunya.cat\/?s={search_term_string}\"},\"query-input\":{\"@type\":\"PropertyValueSpecification\",\"valueRequired\":true,\"valueName\":\"search_term_string\"}}],\"inLanguage\":\"es\"},{\"@type\":\"Person\",\"@id\":\"https:\/\/conversesacatalunya.cat\/#\/schema\/person\/3ce2ab16c0a3803086d80722c7cad56a\",\"name\":\"Carles L\u00f3pez\",\"image\":{\"@type\":\"ImageObject\",\"inLanguage\":\"es\",\"@id\":\"https:\/\/conversesacatalunya.cat\/#\/schema\/person\/image\/\",\"url\":\"https:\/\/conversesacatalunya.cat\/wp-content\/litespeed\/avatar\/4891585caf2896e97846ab77f06edcf2.jpg?ver=1777091173\",\"contentUrl\":\"https:\/\/conversesacatalunya.cat\/wp-content\/litespeed\/avatar\/4891585caf2896e97846ab77f06edcf2.jpg?ver=1777091173\",\"caption\":\"Carles L\u00f3pez\"},\"url\":\"https:\/\/conversesacatalunya.cat\/es\/author\/carles-lopez\/\"}]}<\/script>\n<!-- \/ Yoast SEO plugin. -->","yoast_head_json":{"title":"Noticias y democracia: el problema no es la desinformaci\u00f3n, sino la fragmentaci\u00f3n - Converses a Catalunya","description":"Desde las posiciones m\u00e1s cercanas al poder vigente, se martillea sin cesar que el gran enemigo de nuestra democracia es la desinformaci\u00f3n","robots":{"index":"index","follow":"follow","max-snippet":"max-snippet:-1","max-image-preview":"max-image-preview:large","max-video-preview":"max-video-preview:-1"},"canonical":"https:\/\/conversesacatalunya.cat\/?p=86578","og_locale":"es_ES","og_type":"article","og_title":"Noticias y democracia: el problema no es la desinformaci\u00f3n, sino la fragmentaci\u00f3n - Converses a Catalunya","og_description":"Desde las posiciones m\u00e1s cercanas al poder vigente, se martillea sin cesar que el gran enemigo de nuestra democracia es la desinformaci\u00f3n","og_url":"https:\/\/conversesacatalunya.cat\/?p=86578","og_site_name":"Converses a Catalunya","article_published_time":"2025-03-26T08:00:16+00:00","og_image":[{"width":1280,"height":853,"url":"https:\/\/conversesacatalunya.cat\/wp-content\/uploads\/2025\/03\/pexels-kaboompics-6335.jpg","type":"image\/jpeg"}],"author":"Carles L\u00f3pez","twitter_card":"summary_large_image","twitter_misc":{"Escrito por":"Carles L\u00f3pez","Tiempo de lectura":"4 minutos"},"schema":{"@context":"https:\/\/schema.org","@graph":[{"@type":"Article","@id":"https:\/\/conversesacatalunya.cat\/?p=86578#article","isPartOf":{"@id":"https:\/\/conversesacatalunya.cat\/?p=86578"},"author":{"name":"Carles L\u00f3pez","@id":"https:\/\/conversesacatalunya.cat\/#\/schema\/person\/3ce2ab16c0a3803086d80722c7cad56a"},"headline":"Noticias y democracia: el problema no es la desinformaci\u00f3n, sino la fragmentaci\u00f3n","datePublished":"2025-03-26T08:00:16+00:00","mainEntityOfPage":{"@id":"https:\/\/conversesacatalunya.cat\/?p=86578"},"wordCount":721,"commentCount":0,"image":{"@id":"https:\/\/conversesacatalunya.cat\/?p=86578#primaryimage"},"thumbnailUrl":"https:\/\/conversesacatalunya.cat\/wp-content\/uploads\/2025\/03\/pexels-kaboompics-6335.jpg","keywords":["desinformaci\u00f3","Periodisme","societat desvinculada","Xarxes Socials"],"articleSection":["Punts clau del dia (ES)"],"inLanguage":"es","potentialAction":[{"@type":"CommentAction","name":"Comment","target":["https:\/\/conversesacatalunya.cat\/?p=86578#respond"]}]},{"@type":"WebPage","@id":"https:\/\/conversesacatalunya.cat\/?p=86578","url":"https:\/\/conversesacatalunya.cat\/?p=86578","name":"Noticias y democracia: el problema no es la desinformaci\u00f3n, sino la fragmentaci\u00f3n - Converses a Catalunya","isPartOf":{"@id":"https:\/\/conversesacatalunya.cat\/#website"},"primaryImageOfPage":{"@id":"https:\/\/conversesacatalunya.cat\/?p=86578#primaryimage"},"image":{"@id":"https:\/\/conversesacatalunya.cat\/?p=86578#primaryimage"},"thumbnailUrl":"https:\/\/conversesacatalunya.cat\/wp-content\/uploads\/2025\/03\/pexels-kaboompics-6335.jpg","datePublished":"2025-03-26T08:00:16+00:00","author":{"@id":"https:\/\/conversesacatalunya.cat\/#\/schema\/person\/3ce2ab16c0a3803086d80722c7cad56a"},"description":"Desde las posiciones m\u00e1s cercanas al poder vigente, se martillea sin cesar que el gran enemigo de nuestra democracia es la desinformaci\u00f3n","breadcrumb":{"@id":"https:\/\/conversesacatalunya.cat\/?p=86578#breadcrumb"},"inLanguage":"es","potentialAction":[{"@type":"ReadAction","target":["https:\/\/conversesacatalunya.cat\/?p=86578"]}]},{"@type":"ImageObject","inLanguage":"es","@id":"https:\/\/conversesacatalunya.cat\/?p=86578#primaryimage","url":"https:\/\/conversesacatalunya.cat\/wp-content\/uploads\/2025\/03\/pexels-kaboompics-6335.jpg","contentUrl":"https:\/\/conversesacatalunya.cat\/wp-content\/uploads\/2025\/03\/pexels-kaboompics-6335.jpg","width":1280,"height":853,"caption":"desinformaci\u00f3n"},{"@type":"BreadcrumbList","@id":"https:\/\/conversesacatalunya.cat\/?p=86578#breadcrumb","itemListElement":[{"@type":"ListItem","position":1,"name":"Inici","item":"https:\/\/conversesacatalunya.cat\/es\/"},{"@type":"ListItem","position":2,"name":"Noticias y democracia: el problema no es la desinformaci\u00f3n, sino la fragmentaci\u00f3n"}]},{"@type":"WebSite","@id":"https:\/\/conversesacatalunya.cat\/#website","url":"https:\/\/conversesacatalunya.cat\/","name":"Converses a Catalunya","description":"","potentialAction":[{"@type":"SearchAction","target":{"@type":"EntryPoint","urlTemplate":"https:\/\/conversesacatalunya.cat\/?s={search_term_string}"},"query-input":{"@type":"PropertyValueSpecification","valueRequired":true,"valueName":"search_term_string"}}],"inLanguage":"es"},{"@type":"Person","@id":"https:\/\/conversesacatalunya.cat\/#\/schema\/person\/3ce2ab16c0a3803086d80722c7cad56a","name":"Carles L\u00f3pez","image":{"@type":"ImageObject","inLanguage":"es","@id":"https:\/\/conversesacatalunya.cat\/#\/schema\/person\/image\/","url":"https:\/\/conversesacatalunya.cat\/wp-content\/litespeed\/avatar\/4891585caf2896e97846ab77f06edcf2.jpg?ver=1777091173","contentUrl":"https:\/\/conversesacatalunya.cat\/wp-content\/litespeed\/avatar\/4891585caf2896e97846ab77f06edcf2.jpg?ver=1777091173","caption":"Carles L\u00f3pez"},"url":"https:\/\/conversesacatalunya.cat\/es\/author\/carles-lopez\/"}]}},"wps_subtitle":"Se nos martillea sin cesar que el gran enemigo de nuestra democracia es la desinformaci\u00f3n","_links":{"self":[{"href":"https:\/\/conversesacatalunya.cat\/es\/wp-json\/wp\/v2\/posts\/86649","targetHints":{"allow":["GET"]}}],"collection":[{"href":"https:\/\/conversesacatalunya.cat\/es\/wp-json\/wp\/v2\/posts"}],"about":[{"href":"https:\/\/conversesacatalunya.cat\/es\/wp-json\/wp\/v2\/types\/post"}],"author":[{"embeddable":true,"href":"https:\/\/conversesacatalunya.cat\/es\/wp-json\/wp\/v2\/users\/75"}],"replies":[{"embeddable":true,"href":"https:\/\/conversesacatalunya.cat\/es\/wp-json\/wp\/v2\/comments?post=86649"}],"version-history":[{"count":6,"href":"https:\/\/conversesacatalunya.cat\/es\/wp-json\/wp\/v2\/posts\/86649\/revisions"}],"predecessor-version":[{"id":86650,"href":"https:\/\/conversesacatalunya.cat\/es\/wp-json\/wp\/v2\/posts\/86649\/revisions\/86650"}],"wp:featuredmedia":[{"embeddable":true,"href":"https:\/\/conversesacatalunya.cat\/es\/wp-json\/wp\/v2\/media\/86584"}],"wp:attachment":[{"href":"https:\/\/conversesacatalunya.cat\/es\/wp-json\/wp\/v2\/media?parent=86649"}],"wp:term":[{"taxonomy":"category","embeddable":true,"href":"https:\/\/conversesacatalunya.cat\/es\/wp-json\/wp\/v2\/categories?post=86649"},{"taxonomy":"post_tag","embeddable":true,"href":"https:\/\/conversesacatalunya.cat\/es\/wp-json\/wp\/v2\/tags?post=86649"}],"curies":[{"name":"wp","href":"https:\/\/api.w.org\/{rel}","templated":true}]}}