{"id":86605,"date":"2025-03-24T11:38:49","date_gmt":"2025-03-24T10:38:49","guid":{"rendered":"https:\/\/conversesacatalunya.cat\/?p=86605"},"modified":"2025-03-25T21:15:56","modified_gmt":"2025-03-25T20:15:56","slug":"cataluna-desastre-demografico-la-generalitat-impasible-i","status":"publish","type":"post","link":"https:\/\/conversesacatalunya.cat\/es\/cataluna-desastre-demografico-la-generalitat-impasible-i\/","title":{"rendered":"Catalu\u00f1a: desastre demogr\u00e1fico. La Generalitat, impasible el gesto (1)"},"content":{"rendered":"<p><span><span class=\"VIpgJd-yAWNEb-VIpgJd-fmcmS-sn54Q\">Los \u00faltimos datos del Idescat y su previsi\u00f3n a diez a\u00f1os muestran una situaci\u00f3n preocupante:\u00a0<\/span><\/span><strong><span><span class=\"VIpgJd-yAWNEb-VIpgJd-fmcmS-sn54Q\">la poblaci\u00f3n de Catalu\u00f1a aumentar\u00e1 en 1.233.466 habitantes en los pr\u00f3ximos 15 a\u00f1os<\/span><\/span><\/strong><span><span class=\"VIpgJd-yAWNEb-VIpgJd-fmcmS-sn54Q\">, lo que representa un crecimiento del 15,38%. Se estima que la poblaci\u00f3n catalana pasar\u00e1 de 8.021.153 personas en 2024 a 9.254.619 habitantes en 2039.<\/span><\/span><\/p>\n<p style=\"font-weight: 400;\"><strong><span><span class=\"VIpgJd-yAWNEb-VIpgJd-fmcmS-sn54Q\">Catalu\u00f1a se posiciona como la cuarta comunidad aut\u00f3noma con mayor crecimiento poblacional en Espa\u00f1a,<\/span><\/span><\/strong><span><span class=\"VIpgJd-yAWNEb-VIpgJd-fmcmS-sn54Q\"> solo superada por las Islas Baleares, la Comunidad Valenciana y Murcia.<\/span><\/span><\/p>\n<p><span><span class=\"VIpgJd-yAWNEb-VIpgJd-fmcmS-sn54Q\">Seg\u00fan el escenario medio, la poblaci\u00f3n de Catalu\u00f1a alcanzar\u00eda los 8,554 millones de habitantes en 2034. El grupo de edad que experimentar\u00e1\u00a0<\/span><\/span><strong><span><span class=\"VIpgJd-yAWNEb-VIpgJd-fmcmS-sn54Q\">el mayor aumento ser\u00e1 el de las\u00a0<\/span><\/span><\/strong><span><\/span><strong><span><span class=\"VIpgJd-yAWNEb-VIpgJd-fmcmS-sn54Q\">personas mayores de 65 a\u00f1os<\/span><\/span><\/strong><span><span class=\"VIpgJd-yAWNEb-VIpgJd-fmcmS-sn54Q\">,\u00a0mientras que\u00a0<\/span><\/span><strong><span><span class=\"VIpgJd-yAWNEb-VIpgJd-fmcmS-sn54Q\">la poblaci\u00f3n de entre 0 y 15 a\u00f1os disminuir\u00e1.<\/span><\/span><\/strong><span><span class=\"VIpgJd-yAWNEb-VIpgJd-fmcmS-sn54Q\">\u00a0Se prev\u00e9 un\u00a0<\/span><\/span><strong><span><span class=\"VIpgJd-yAWNEb-VIpgJd-fmcmS-sn54Q\">notable incremento del 170,17% en el n\u00famero de personas centenarias<\/span><\/span><\/strong><span><span class=\"VIpgJd-yAWNEb-VIpgJd-fmcmS-sn54Q\">\u00a0en los pr\u00f3ximos 15 a\u00f1os.<\/span><\/span><\/p>\n<h5><strong><span><span class=\"VIpgJd-yAWNEb-VIpgJd-fmcmS-sn54Q\">La migraci\u00f3n extranjera es el principal motor del crecimiento poblacional, compensando el crecimiento natural negativo, puesto que el n\u00famero de defunciones supera al de nacimientos.<\/span><\/span><\/strong><\/h5>\n<p><span>La migraci\u00f3n extranjera tiene un impacto significativo en el aumento poblacional de Catalu\u00f1a: es el principal motor del aumento poblacional, compensando el crecimiento natural negativo porque el n\u00famero de defunciones supera al de los nacimientos.<\/span><\/p>\n<p style=\"font-weight: 400;\"><span>En 2023, la migraci\u00f3n extranjera aport\u00f3 126.804 nuevos ciudadanos a Catalu\u00f1a. El saldo migratorio con el extranjero en 2022 fue de 158.546 personas, la cifra m\u00e1s alta jam\u00e1s registrada. El 1 de enero de 2024, la poblaci\u00f3n extranjera en Catalu\u00f1a hab\u00eda llegado a 1.444.192 personas, representando el 18,0% del total. Entre 2000 y 2023, la poblaci\u00f3n extranjera pas\u00f3 de representar el 4% al 21,2% de la poblaci\u00f3n total.<\/span><\/p>\n<blockquote><p><span>la poblaci\u00f3n de Catalu\u00f1a ha pasado de 6,2 millones a principios del siglo XXI a 7,8 millones en 2024<\/span><\/p><\/blockquote>\n<p><span>La llegada de inmigrantes ha sido crucial para el crecimiento demogr\u00e1fico: la poblaci\u00f3n de Catalu\u00f1a ha pasado de 6,2 millones a principios del siglo XXI a 7,8 millones en 2024. Los inmigrantes contribuyen significativamente a la\u00a0<\/span><strong><span>poblaci\u00f3n en edad laboral:<\/span><\/strong><span> entre 2010 y 2023, 375.000 personas venidas de fuera engordaron el volumen de poblaci\u00f3n potencialmente activa (16-65 a\u00f1os). A principios de 2024, las personas nacidas en el extranjero y sus hijos menores de 25 a\u00f1os nacidos en Espa\u00f1a representaban a casi el 30% de la poblaci\u00f3n catalana.<\/span><\/p>\n<h5><strong><span><span class=\"VIpgJd-yAWNEb-VIpgJd-fmcmS-sn54Q\">El escenario futuro es este: una poblaci\u00f3n aut\u00f3ctona envejecida.<\/span><\/span><\/strong><\/h5>\n<p style=\"font-weight: 400;\"><span>Para 2050, m\u00e1s del 30% de la poblaci\u00f3n catalana tendr\u00e1 m\u00e1s de 65 a\u00f1os y depender\u00e1 de una poblaci\u00f3n inmigrante que habr\u00e1 ocupado la mayor\u00eda de nuevos puestos de trabajo, los cuales, por su naturaleza, ser\u00e1n mayoritariamente de productividad reducida.<\/span><\/p>\n<p style=\"font-weight: 400;\"><span><span class=\"VIpgJd-yAWNEb-VIpgJd-fmcmS-sn54Q\">Catalu\u00f1a atraviesa una\u00a0<\/span><strong><span class=\"VIpgJd-yAWNEb-VIpgJd-fmcmS-sn54Q\">crisis demogr\u00e1fica<\/span><\/strong><span class=\"VIpgJd-yAWNEb-VIpgJd-fmcmS-sn54Q\">\u00a0silenciosa pero grave. Desde 2010, la poblaci\u00f3n catalana ha experimentado tendencias preocupantes: menos nacimientos, una fecundidad muy baja, un envejecimiento acelerado y un\u00a0<\/span><strong><span class=\"VIpgJd-yAWNEb-VIpgJd-fmcmS-sn54Q\">crecimiento natural negativo<\/span><\/strong><span class=\"VIpgJd-yAWNEb-VIpgJd-fmcmS-sn54Q\">,\u00a0apenas compensado por la inmigraci\u00f3n.<\/span><\/span><span>\u00a0<\/span><span>\u00a0<\/span><span>\u00a0<\/span><\/p>\n<h4><strong><span><span class=\"VIpgJd-yAWNEb-VIpgJd-fmcmS-sn54Q\">A continuaci\u00f3n se analizan estos aspectos, con cifras oficiales, para entender la magnitud del desaf\u00edo y la carencia de pol\u00edticas eficaces de apoyo a las familias y la natalidad.<\/span><\/span><\/strong><\/h4>\n<p style=\"font-weight: 400;\"><strong><span><span class=\"VIpgJd-yAWNEb-VIpgJd-fmcmS-sn54Q\">Crecimiento vegetativo negativo y declive natural de la poblaci\u00f3n.<\/span><\/span><\/strong><\/p>\n<p style=\"font-weight: 400;\"><span><span class=\"VIpgJd-yAWNEb-VIpgJd-fmcmS-sn54Q\">El\u00a0<\/span><strong><span class=\"VIpgJd-yAWNEb-VIpgJd-fmcmS-sn54Q\">balance vegetativo<\/span><\/strong><span class=\"VIpgJd-yAWNEb-VIpgJd-fmcmS-sn54Q\">\u00a0(nacimientos menos defunciones) de Catalu\u00f1a se ha deteriorado notablemente desde 2010. A principios de la d\u00e9cada de 2010 a\u00fan nac\u00edan m\u00e1s personas de las que mor\u00edan: en 2010, el saldo natural era de +24.946 (casi 25.000 nacimientos m\u00e1s que defunciones).<\/span><\/span><span>\u00a0<\/span><span>\u00a0<\/span><\/p>\n<p style=\"font-weight: 400;\"><span><span class=\"VIpgJd-yAWNEb-VIpgJd-fmcmS-sn54Q\">Sin embargo, este excedente se redujo a\u00f1o tras a\u00f1o. En 2015, el saldo natural anual era de solo +5.584 personas, lo que indicaba que Catalu\u00f1a se encontraba en el l\u00edmite del\u00a0<\/span><strong><span class=\"VIpgJd-yAWNEb-VIpgJd-fmcmS-sn54Q\">crecimiento cero<\/span><\/strong><span class=\"VIpgJd-yAWNEb-VIpgJd-fmcmS-sn54Q\">\u00a0por v\u00eda natural. Finalmente,\u00a0<\/span><strong><span class=\"VIpgJd-yAWNEb-VIpgJd-fmcmS-sn54Q\">desde 2018, el crecimiento vegetativo es negativo:<\/span><\/strong><span class=\"VIpgJd-yAWNEb-VIpgJd-fmcmS-sn54Q\">\u00a0ese a\u00f1o, murieron unas 3.000 personas m\u00e1s de las que nacieron.<\/span><\/span><span>\u00a0<\/span><span>\u00a0<\/span><span>\u00a0<\/span><\/p>\n<p><span><span class=\"VIpgJd-yAWNEb-VIpgJd-fmcmS-sn54Q\">El descenso se acentu\u00f3 con <a href=\"https:\/\/conversesacatalunya.cat\/es\/lo-que-cuenta-son-los-muertos\/\" target=\"_blank\" rel=\"noopener\">la\u00a0<\/a><\/span><\/span><span><span class=\"VIpgJd-yAWNEb-VIpgJd-fmcmS-sn54Q\">pandemia de 2020<\/span><\/span><span><span class=\"VIpgJd-yAWNEb-VIpgJd-fmcmS-sn54Q\">,\u00a0cuando el saldo natural cay\u00f3 a -21.320 (m\u00e1s de veinte mil muertos por encima de los nacimientos). Aunque en 2021 y 2022 la situaci\u00f3n mejor\u00f3 ligeramente, Catalu\u00f1a sigue perdiendo poblaci\u00f3n de forma natural (-13.445 personas en 2023).<\/span><\/span><\/p>\n<p style=\"font-weight: 400;\"><span><span class=\"VIpgJd-yAWNEb-VIpgJd-fmcmS-sn54Q\">En resumen,<\/span><\/span><strong><span><span class=\"VIpgJd-yAWNEb-VIpgJd-fmcmS-sn54Q\">\u00a0desde 2018, Catalu\u00f1a encadena saldos vegetativos negativos<\/span><\/span><\/strong><span><span class=\"VIpgJd-yAWNEb-VIpgJd-fmcmS-sn54Q\">,\u00a0lo que significa que, sin la aportaci\u00f3n de la inmigraci\u00f3n, la poblaci\u00f3n catalana estar\u00eda disminuyendo.<\/span><\/span><\/p>\n<p style=\"font-weight: 400;\"><span><span class=\"VIpgJd-yAWNEb-VIpgJd-fmcmS-sn54Q\">Este cambio es reciente y notable. Catalu\u00f1a hab\u00eda logrado mantener un cierto crecimiento natural hasta mediados de la d\u00e9cada pasada, pero la combinaci\u00f3n de\u00a0<\/span><strong><span class=\"VIpgJd-yAWNEb-VIpgJd-fmcmS-sn54Q\">menos nacimientos y m\u00e1s defunciones<\/span><\/strong><span class=\"VIpgJd-yAWNEb-VIpgJd-fmcmS-sn54Q\">\u00a0(debido al envejecimiento de la poblaci\u00f3n) ha invertido la tendencia. Ahora, Catalu\u00f1a se encuentra en la misma situaci\u00f3n que Espa\u00f1a en su conjunto (saldo vegetativo nacional de -115.468 en 2023) y que muchos pa\u00edses europeos envejecidos:\u00a0<\/span><strong><span class=\"VIpgJd-yAWNEb-VIpgJd-fmcmS-sn54Q\">mueren m\u00e1s personas de las que nacen<\/span><\/strong><span class=\"VIpgJd-yAWNEb-VIpgJd-fmcmS-sn54Q\">.<\/span><\/span><span>\u00a0<\/span><span>\u00a0<\/span><span>\u00a0<\/span><\/p>\n<p style=\"font-weight: 400;\"><span><span class=\"VIpgJd-yAWNEb-VIpgJd-fmcmS-sn54Q\">Esta realidad demogr\u00e1fica compromete el relevo generacional y supone un\u00a0<\/span><strong><span class=\"VIpgJd-yAWNEb-VIpgJd-fmcmS-sn54Q\">declive natural sostenido<\/span><\/strong><span class=\"VIpgJd-yAWNEb-VIpgJd-fmcmS-sn54Q\">,\u00a0una situaci\u00f3n que no se ve\u00eda desde hac\u00eda d\u00e9cadas.<\/span><\/span><span>\u00a0<\/span><\/p>\n<span class='bctt-click-to-tweet'><span class='bctt-ctt-text'><a href='https:\/\/twitter.com\/intent\/tweet?url=https%3A%2F%2Fconversesacatalunya.cat%2Fes%2Fcataluna-desastre-demografico-la-generalitat-impasible-i%2F&#038;text=En%20resumen%2C%20desde%202018%2C%20Catalu%C3%B1a%20encadena%20saldos%20vegetativos%20negativos%2C%20lo%20que%20significa%20que%2C%20sin%20la%20aportaci%C3%B3n%20de%20la%20inmigraci%C3%B3n%2C%20la%20poblaci%C3%B3n%20catalana%20estar%C3%ADa%20disminuyendo&#038;via=conversesacat&#038;related=conversesacat' target='_blank'rel=\"noopener noreferrer\">En resumen, desde 2018, Catalu\u00f1a encadena saldos vegetativos negativos, lo que significa que, sin la aportaci\u00f3n de la inmigraci\u00f3n, la poblaci\u00f3n catalana estar\u00eda disminuyendo <\/a><\/span><a href='https:\/\/twitter.com\/intent\/tweet?url=https%3A%2F%2Fconversesacatalunya.cat%2Fes%2Fcataluna-desastre-demografico-la-generalitat-impasible-i%2F&#038;text=En%20resumen%2C%20desde%202018%2C%20Catalu%C3%B1a%20encadena%20saldos%20vegetativos%20negativos%2C%20lo%20que%20significa%20que%2C%20sin%20la%20aportaci%C3%B3n%20de%20la%20inmigraci%C3%B3n%2C%20la%20poblaci%C3%B3n%20catalana%20estar%C3%ADa%20disminuyendo&#038;via=conversesacat&#038;related=conversesacat' target='_blank' class='bctt-ctt-btn'rel=\"noopener noreferrer\">Compartir en X<\/a><\/span>\n","protected":false},"excerpt":{"rendered":"<p>Los \u00faltimos datos del Idescat y su previsi\u00f3n a diez a\u00f1os muestran una situaci\u00f3n preocupante:\u00a0la poblaci\u00f3n de Catalu\u00f1a aumentar\u00e1 en 1.233.466 habitantes en los pr\u00f3ximos 15 a\u00f1os, lo que representa un crecimiento del 15,38%. Se estima que la poblaci\u00f3n catalana pasar\u00e1 de 8.021.153 personas en 2024 a 9.254.619 habitantes en 2039. Catalu\u00f1a se posiciona como la cuarta comunidad aut\u00f3noma con mayor crecimiento poblacional en Espa\u00f1a, solo superada por las Islas Baleares, la Comunidad Valenciana y Murcia. Seg\u00fan el escenario medio, la poblaci\u00f3n de Catalu\u00f1a alcanzar\u00eda los 8,554 millones de habitantes en 2034. El grupo de edad que experimentar\u00e1\u00a0el mayor aumento ser\u00e1 el de las\u00a0personas mayores de 65 a\u00f1os,\u00a0mientras que\u00a0la poblaci\u00f3n de entre 0 y 15 a\u00f1os disminuir\u00e1.\u00a0Se prev\u00e9 un\u00a0notable incremento del 170,17% en el n\u00famero de personas centenarias\u00a0en los pr\u00f3ximos 15 a\u00f1os. La migraci\u00f3n extranjera es el principal motor del crecimiento poblacional, compensando el crecimiento natural negativo, puesto que el n\u00famero de defunciones supera al de nacimientos. La migraci\u00f3n extranjera tiene un impacto significativo en el aumento poblacional de Catalu\u00f1a: es el principal motor del aumento poblacional, compensando el crecimiento natural negativo porque el n\u00famero de defunciones supera al de los nacimientos. En 2023, la migraci\u00f3n extranjera aport\u00f3 126.804 nuevos ciudadanos a Catalu\u00f1a. El saldo migratorio con el extranjero en 2022 fue de 158.546 personas, la cifra m\u00e1s alta jam\u00e1s registrada. El 1 de enero de 2024, la poblaci\u00f3n extranjera en Catalu\u00f1a hab\u00eda llegado a 1.444.192 personas, representando el 18,0% del total. Entre 2000 y 2023, la poblaci\u00f3n extranjera pas\u00f3 de representar el 4% al 21,2% de la poblaci\u00f3n total. la poblaci\u00f3n de Catalu\u00f1a ha pasado de 6,2 millones a principios del siglo XXI a 7,8 millones en 2024 La llegada de inmigrantes ha sido crucial para el crecimiento demogr\u00e1fico: la poblaci\u00f3n de Catalu\u00f1a ha pasado de 6,2 millones a principios del siglo XXI a 7,8 millones en 2024. Los inmigrantes contribuyen significativamente a la\u00a0poblaci\u00f3n en edad laboral: entre 2010 y 2023, 375.000 personas venidas de fuera engordaron el volumen de poblaci\u00f3n potencialmente activa (16-65 a\u00f1os). A principios de 2024, las personas nacidas en el extranjero y sus hijos menores de 25 a\u00f1os nacidos en Espa\u00f1a representaban a casi el 30% de la poblaci\u00f3n catalana. El escenario futuro es este: una poblaci\u00f3n aut\u00f3ctona envejecida. Para 2050, m\u00e1s del 30% de la poblaci\u00f3n catalana tendr\u00e1 m\u00e1s de 65 a\u00f1os y depender\u00e1 de una poblaci\u00f3n inmigrante que habr\u00e1 ocupado la mayor\u00eda de nuevos puestos de trabajo, los cuales, por su naturaleza, ser\u00e1n mayoritariamente de productividad reducida. Catalu\u00f1a atraviesa una\u00a0crisis demogr\u00e1fica\u00a0silenciosa pero grave. Desde 2010, la poblaci\u00f3n catalana ha experimentado tendencias preocupantes: menos nacimientos, una fecundidad muy baja, un envejecimiento acelerado y un\u00a0crecimiento natural negativo,\u00a0apenas compensado por la inmigraci\u00f3n.\u00a0\u00a0\u00a0 A continuaci\u00f3n se analizan estos aspectos, con cifras oficiales, para entender la magnitud del desaf\u00edo y la carencia de pol\u00edticas eficaces de apoyo a las familias y la natalidad. Crecimiento vegetativo negativo y declive natural de la poblaci\u00f3n. El\u00a0balance vegetativo\u00a0(nacimientos menos defunciones) de Catalu\u00f1a se ha deteriorado notablemente desde 2010. A principios de la d\u00e9cada de 2010 a\u00fan nac\u00edan m\u00e1s personas de las que mor\u00edan: en 2010, el saldo natural era de +24.946 (casi 25.000 nacimientos m\u00e1s que defunciones).\u00a0\u00a0 Sin embargo, este excedente se redujo a\u00f1o tras a\u00f1o. En 2015, el saldo natural anual era de solo +5.584 personas, lo que indicaba que Catalu\u00f1a se encontraba en el l\u00edmite del\u00a0crecimiento cero\u00a0por v\u00eda natural. Finalmente,\u00a0desde 2018, el crecimiento vegetativo es negativo:\u00a0ese a\u00f1o, murieron unas 3.000 personas m\u00e1s de las que nacieron.\u00a0\u00a0\u00a0 El descenso se acentu\u00f3 con la\u00a0pandemia de 2020,\u00a0cuando el saldo natural cay\u00f3 a -21.320 (m\u00e1s de veinte mil muertos por encima de los nacimientos). Aunque en 2021 y 2022 la situaci\u00f3n mejor\u00f3 ligeramente, Catalu\u00f1a sigue perdiendo poblaci\u00f3n de forma natural (-13.445 personas en 2023). En resumen,\u00a0desde 2018, Catalu\u00f1a encadena saldos vegetativos negativos,\u00a0lo que significa que, sin la aportaci\u00f3n de la inmigraci\u00f3n, la poblaci\u00f3n catalana estar\u00eda disminuyendo. Este cambio es reciente y notable. Catalu\u00f1a hab\u00eda logrado mantener un cierto crecimiento natural hasta mediados de la d\u00e9cada pasada, pero la combinaci\u00f3n de\u00a0menos nacimientos y m\u00e1s defunciones\u00a0(debido al envejecimiento de la poblaci\u00f3n) ha invertido la tendencia. Ahora, Catalu\u00f1a se encuentra en la misma situaci\u00f3n que Espa\u00f1a en su conjunto (saldo vegetativo nacional de -115.468 en 2023) y que muchos pa\u00edses europeos envejecidos:\u00a0mueren m\u00e1s personas de las que nacen.\u00a0\u00a0\u00a0 Esta realidad demogr\u00e1fica compromete el relevo generacional y supone un\u00a0declive natural sostenido,\u00a0una situaci\u00f3n que no se ve\u00eda desde hac\u00eda d\u00e9cadas.\u00a0<\/p>\n","protected":false},"author":81,"featured_media":86602,"comment_status":"open","ping_status":"open","sticky":false,"template":"","format":"standard","meta":{"_FSMCFIC_featured_image_caption":"","_FSMCFIC_featured_image_nocaption":"","_FSMCFIC_featured_image_hide":"","footnotes":""},"categories":[806],"tags":[1312],"class_list":["post-86605","post","type-post","status-publish","format-standard","has-post-thumbnail","hentry","category-punts-claus-del-dia-es","tag-demografia-es"],"yoast_head":"<!-- This site is optimized with the Yoast SEO plugin v26.8 - https:\/\/yoast.com\/product\/yoast-seo-wordpress\/ -->\n<title>Catalu\u00f1a: desastre demogr\u00e1fico. La Generalitat, impasible el gesto (1) - Converses a Catalunya<\/title>\n<meta name=\"description\" content=\"Crecimiento vegetativo negativo y declive natural de la poblaci\u00f3n. El balance vegetativo de Catalu\u00f1a se ha deteriorado desde 2010\" \/>\n<meta name=\"robots\" content=\"index, follow, max-snippet:-1, max-image-preview:large, max-video-preview:-1\" \/>\n<link rel=\"canonical\" href=\"https:\/\/conversesacatalunya.cat\/es\/cataluna-desastre-demografico-la-generalitat-impasible-i\/\" \/>\n<meta property=\"og:locale\" content=\"es_ES\" \/>\n<meta property=\"og:type\" content=\"article\" \/>\n<meta property=\"og:title\" content=\"Catalu\u00f1a: desastre demogr\u00e1fico. La Generalitat, impasible el gesto (1) - Converses a Catalunya\" \/>\n<meta property=\"og:description\" content=\"Crecimiento vegetativo negativo y declive natural de la poblaci\u00f3n. El balance vegetativo de Catalu\u00f1a se ha deteriorado desde 2010\" \/>\n<meta property=\"og:url\" content=\"https:\/\/conversesacatalunya.cat\/es\/cataluna-desastre-demografico-la-generalitat-impasible-i\/\" \/>\n<meta property=\"og:site_name\" content=\"Converses a Catalunya\" \/>\n<meta property=\"article:published_time\" content=\"2025-03-24T10:38:49+00:00\" \/>\n<meta property=\"article:modified_time\" content=\"2025-03-25T20:15:56+00:00\" \/>\n<meta property=\"og:image\" content=\"https:\/\/conversesacatalunya.cat\/wp-content\/uploads\/2025\/03\/metro-4076515_640.jpg\" \/>\n\t<meta property=\"og:image:width\" content=\"640\" \/>\n\t<meta property=\"og:image:height\" content=\"480\" \/>\n\t<meta property=\"og:image:type\" content=\"image\/jpeg\" \/>\n<meta name=\"author\" content=\"Emili Clos\" \/>\n<meta name=\"twitter:card\" content=\"summary_large_image\" \/>\n<meta name=\"twitter:label1\" content=\"Escrito por\" \/>\n\t<meta name=\"twitter:data1\" content=\"Emili Clos\" \/>\n\t<meta name=\"twitter:label2\" content=\"Tiempo de lectura\" \/>\n\t<meta name=\"twitter:data2\" content=\"4 minutos\" \/>\n<script type=\"application\/ld+json\" class=\"yoast-schema-graph\">{\"@context\":\"https:\/\/schema.org\",\"@graph\":[{\"@type\":\"Article\",\"@id\":\"https:\/\/conversesacatalunya.cat\/es\/cataluna-desastre-demografico-la-generalitat-impasible-i\/#article\",\"isPartOf\":{\"@id\":\"https:\/\/conversesacatalunya.cat\/es\/cataluna-desastre-demografico-la-generalitat-impasible-i\/\"},\"author\":{\"name\":\"Emili Clos\",\"@id\":\"https:\/\/conversesacatalunya.cat\/#\/schema\/person\/46306de4129bccb959ed5e1720c4e3e7\"},\"headline\":\"Catalu\u00f1a: desastre demogr\u00e1fico. La Generalitat, impasible el gesto (1)\",\"datePublished\":\"2025-03-24T10:38:49+00:00\",\"dateModified\":\"2025-03-25T20:15:56+00:00\",\"mainEntityOfPage\":{\"@id\":\"https:\/\/conversesacatalunya.cat\/es\/cataluna-desastre-demografico-la-generalitat-impasible-i\/\"},\"wordCount\":846,\"commentCount\":0,\"image\":{\"@id\":\"https:\/\/conversesacatalunya.cat\/es\/cataluna-desastre-demografico-la-generalitat-impasible-i\/#primaryimage\"},\"thumbnailUrl\":\"https:\/\/conversesacatalunya.cat\/wp-content\/uploads\/2025\/03\/metro-4076515_640.jpg\",\"keywords\":[\"Demografia\"],\"articleSection\":[\"Punts clau del dia (ES)\"],\"inLanguage\":\"es\",\"potentialAction\":[{\"@type\":\"CommentAction\",\"name\":\"Comment\",\"target\":[\"https:\/\/conversesacatalunya.cat\/es\/cataluna-desastre-demografico-la-generalitat-impasible-i\/#respond\"]}]},{\"@type\":\"WebPage\",\"@id\":\"https:\/\/conversesacatalunya.cat\/es\/cataluna-desastre-demografico-la-generalitat-impasible-i\/\",\"url\":\"https:\/\/conversesacatalunya.cat\/es\/cataluna-desastre-demografico-la-generalitat-impasible-i\/\",\"name\":\"Catalu\u00f1a: desastre demogr\u00e1fico. La Generalitat, impasible el gesto (1) - Converses a Catalunya\",\"isPartOf\":{\"@id\":\"https:\/\/conversesacatalunya.cat\/#website\"},\"primaryImageOfPage\":{\"@id\":\"https:\/\/conversesacatalunya.cat\/es\/cataluna-desastre-demografico-la-generalitat-impasible-i\/#primaryimage\"},\"image\":{\"@id\":\"https:\/\/conversesacatalunya.cat\/es\/cataluna-desastre-demografico-la-generalitat-impasible-i\/#primaryimage\"},\"thumbnailUrl\":\"https:\/\/conversesacatalunya.cat\/wp-content\/uploads\/2025\/03\/metro-4076515_640.jpg\",\"datePublished\":\"2025-03-24T10:38:49+00:00\",\"dateModified\":\"2025-03-25T20:15:56+00:00\",\"author\":{\"@id\":\"https:\/\/conversesacatalunya.cat\/#\/schema\/person\/46306de4129bccb959ed5e1720c4e3e7\"},\"description\":\"Crecimiento vegetativo negativo y declive natural de la poblaci\u00f3n. El balance vegetativo de Catalu\u00f1a se ha deteriorado desde 2010\",\"breadcrumb\":{\"@id\":\"https:\/\/conversesacatalunya.cat\/es\/cataluna-desastre-demografico-la-generalitat-impasible-i\/#breadcrumb\"},\"inLanguage\":\"es\",\"potentialAction\":[{\"@type\":\"ReadAction\",\"target\":[\"https:\/\/conversesacatalunya.cat\/es\/cataluna-desastre-demografico-la-generalitat-impasible-i\/\"]}]},{\"@type\":\"ImageObject\",\"inLanguage\":\"es\",\"@id\":\"https:\/\/conversesacatalunya.cat\/es\/cataluna-desastre-demografico-la-generalitat-impasible-i\/#primaryimage\",\"url\":\"https:\/\/conversesacatalunya.cat\/wp-content\/uploads\/2025\/03\/metro-4076515_640.jpg\",\"contentUrl\":\"https:\/\/conversesacatalunya.cat\/wp-content\/uploads\/2025\/03\/metro-4076515_640.jpg\",\"width\":640,\"height\":480,\"caption\":\"crecimiento vegetativo negativo\"},{\"@type\":\"BreadcrumbList\",\"@id\":\"https:\/\/conversesacatalunya.cat\/es\/cataluna-desastre-demografico-la-generalitat-impasible-i\/#breadcrumb\",\"itemListElement\":[{\"@type\":\"ListItem\",\"position\":1,\"name\":\"Inici\",\"item\":\"https:\/\/conversesacatalunya.cat\/es\/\"},{\"@type\":\"ListItem\",\"position\":2,\"name\":\"Catalu\u00f1a: desastre demogr\u00e1fico. La Generalitat, impasible el gesto (1)\"}]},{\"@type\":\"WebSite\",\"@id\":\"https:\/\/conversesacatalunya.cat\/#website\",\"url\":\"https:\/\/conversesacatalunya.cat\/\",\"name\":\"Converses a Catalunya\",\"description\":\"\",\"potentialAction\":[{\"@type\":\"SearchAction\",\"target\":{\"@type\":\"EntryPoint\",\"urlTemplate\":\"https:\/\/conversesacatalunya.cat\/?s={search_term_string}\"},\"query-input\":{\"@type\":\"PropertyValueSpecification\",\"valueRequired\":true,\"valueName\":\"search_term_string\"}}],\"inLanguage\":\"es\"},{\"@type\":\"Person\",\"@id\":\"https:\/\/conversesacatalunya.cat\/#\/schema\/person\/46306de4129bccb959ed5e1720c4e3e7\",\"name\":\"Emili Clos\",\"image\":{\"@type\":\"ImageObject\",\"inLanguage\":\"es\",\"@id\":\"https:\/\/conversesacatalunya.cat\/#\/schema\/person\/image\/\",\"url\":\"https:\/\/conversesacatalunya.cat\/wp-content\/litespeed\/avatar\/a9a662bd802eed79498de818aef91cc9.jpg?ver=1777096184\",\"contentUrl\":\"https:\/\/conversesacatalunya.cat\/wp-content\/litespeed\/avatar\/a9a662bd802eed79498de818aef91cc9.jpg?ver=1777096184\",\"caption\":\"Emili Clos\"},\"url\":\"https:\/\/conversesacatalunya.cat\/es\/author\/emili_clos\/\"}]}<\/script>\n<!-- \/ Yoast SEO plugin. -->","yoast_head_json":{"title":"Catalu\u00f1a: desastre demogr\u00e1fico. La Generalitat, impasible el gesto (1) - Converses a Catalunya","description":"Crecimiento vegetativo negativo y declive natural de la poblaci\u00f3n. El balance vegetativo de Catalu\u00f1a se ha deteriorado desde 2010","robots":{"index":"index","follow":"follow","max-snippet":"max-snippet:-1","max-image-preview":"max-image-preview:large","max-video-preview":"max-video-preview:-1"},"canonical":"https:\/\/conversesacatalunya.cat\/es\/cataluna-desastre-demografico-la-generalitat-impasible-i\/","og_locale":"es_ES","og_type":"article","og_title":"Catalu\u00f1a: desastre demogr\u00e1fico. La Generalitat, impasible el gesto (1) - Converses a Catalunya","og_description":"Crecimiento vegetativo negativo y declive natural de la poblaci\u00f3n. El balance vegetativo de Catalu\u00f1a se ha deteriorado desde 2010","og_url":"https:\/\/conversesacatalunya.cat\/es\/cataluna-desastre-demografico-la-generalitat-impasible-i\/","og_site_name":"Converses a Catalunya","article_published_time":"2025-03-24T10:38:49+00:00","article_modified_time":"2025-03-25T20:15:56+00:00","og_image":[{"width":640,"height":480,"url":"https:\/\/conversesacatalunya.cat\/wp-content\/uploads\/2025\/03\/metro-4076515_640.jpg","type":"image\/jpeg"}],"author":"Emili Clos","twitter_card":"summary_large_image","twitter_misc":{"Escrito por":"Emili Clos","Tiempo de lectura":"4 minutos"},"schema":{"@context":"https:\/\/schema.org","@graph":[{"@type":"Article","@id":"https:\/\/conversesacatalunya.cat\/es\/cataluna-desastre-demografico-la-generalitat-impasible-i\/#article","isPartOf":{"@id":"https:\/\/conversesacatalunya.cat\/es\/cataluna-desastre-demografico-la-generalitat-impasible-i\/"},"author":{"name":"Emili Clos","@id":"https:\/\/conversesacatalunya.cat\/#\/schema\/person\/46306de4129bccb959ed5e1720c4e3e7"},"headline":"Catalu\u00f1a: desastre demogr\u00e1fico. La Generalitat, impasible el gesto (1)","datePublished":"2025-03-24T10:38:49+00:00","dateModified":"2025-03-25T20:15:56+00:00","mainEntityOfPage":{"@id":"https:\/\/conversesacatalunya.cat\/es\/cataluna-desastre-demografico-la-generalitat-impasible-i\/"},"wordCount":846,"commentCount":0,"image":{"@id":"https:\/\/conversesacatalunya.cat\/es\/cataluna-desastre-demografico-la-generalitat-impasible-i\/#primaryimage"},"thumbnailUrl":"https:\/\/conversesacatalunya.cat\/wp-content\/uploads\/2025\/03\/metro-4076515_640.jpg","keywords":["Demografia"],"articleSection":["Punts clau del dia (ES)"],"inLanguage":"es","potentialAction":[{"@type":"CommentAction","name":"Comment","target":["https:\/\/conversesacatalunya.cat\/es\/cataluna-desastre-demografico-la-generalitat-impasible-i\/#respond"]}]},{"@type":"WebPage","@id":"https:\/\/conversesacatalunya.cat\/es\/cataluna-desastre-demografico-la-generalitat-impasible-i\/","url":"https:\/\/conversesacatalunya.cat\/es\/cataluna-desastre-demografico-la-generalitat-impasible-i\/","name":"Catalu\u00f1a: desastre demogr\u00e1fico. La Generalitat, impasible el gesto (1) - Converses a Catalunya","isPartOf":{"@id":"https:\/\/conversesacatalunya.cat\/#website"},"primaryImageOfPage":{"@id":"https:\/\/conversesacatalunya.cat\/es\/cataluna-desastre-demografico-la-generalitat-impasible-i\/#primaryimage"},"image":{"@id":"https:\/\/conversesacatalunya.cat\/es\/cataluna-desastre-demografico-la-generalitat-impasible-i\/#primaryimage"},"thumbnailUrl":"https:\/\/conversesacatalunya.cat\/wp-content\/uploads\/2025\/03\/metro-4076515_640.jpg","datePublished":"2025-03-24T10:38:49+00:00","dateModified":"2025-03-25T20:15:56+00:00","author":{"@id":"https:\/\/conversesacatalunya.cat\/#\/schema\/person\/46306de4129bccb959ed5e1720c4e3e7"},"description":"Crecimiento vegetativo negativo y declive natural de la poblaci\u00f3n. El balance vegetativo de Catalu\u00f1a se ha deteriorado desde 2010","breadcrumb":{"@id":"https:\/\/conversesacatalunya.cat\/es\/cataluna-desastre-demografico-la-generalitat-impasible-i\/#breadcrumb"},"inLanguage":"es","potentialAction":[{"@type":"ReadAction","target":["https:\/\/conversesacatalunya.cat\/es\/cataluna-desastre-demografico-la-generalitat-impasible-i\/"]}]},{"@type":"ImageObject","inLanguage":"es","@id":"https:\/\/conversesacatalunya.cat\/es\/cataluna-desastre-demografico-la-generalitat-impasible-i\/#primaryimage","url":"https:\/\/conversesacatalunya.cat\/wp-content\/uploads\/2025\/03\/metro-4076515_640.jpg","contentUrl":"https:\/\/conversesacatalunya.cat\/wp-content\/uploads\/2025\/03\/metro-4076515_640.jpg","width":640,"height":480,"caption":"crecimiento vegetativo negativo"},{"@type":"BreadcrumbList","@id":"https:\/\/conversesacatalunya.cat\/es\/cataluna-desastre-demografico-la-generalitat-impasible-i\/#breadcrumb","itemListElement":[{"@type":"ListItem","position":1,"name":"Inici","item":"https:\/\/conversesacatalunya.cat\/es\/"},{"@type":"ListItem","position":2,"name":"Catalu\u00f1a: desastre demogr\u00e1fico. La Generalitat, impasible el gesto (1)"}]},{"@type":"WebSite","@id":"https:\/\/conversesacatalunya.cat\/#website","url":"https:\/\/conversesacatalunya.cat\/","name":"Converses a Catalunya","description":"","potentialAction":[{"@type":"SearchAction","target":{"@type":"EntryPoint","urlTemplate":"https:\/\/conversesacatalunya.cat\/?s={search_term_string}"},"query-input":{"@type":"PropertyValueSpecification","valueRequired":true,"valueName":"search_term_string"}}],"inLanguage":"es"},{"@type":"Person","@id":"https:\/\/conversesacatalunya.cat\/#\/schema\/person\/46306de4129bccb959ed5e1720c4e3e7","name":"Emili Clos","image":{"@type":"ImageObject","inLanguage":"es","@id":"https:\/\/conversesacatalunya.cat\/#\/schema\/person\/image\/","url":"https:\/\/conversesacatalunya.cat\/wp-content\/litespeed\/avatar\/a9a662bd802eed79498de818aef91cc9.jpg?ver=1777096184","contentUrl":"https:\/\/conversesacatalunya.cat\/wp-content\/litespeed\/avatar\/a9a662bd802eed79498de818aef91cc9.jpg?ver=1777096184","caption":"Emili Clos"},"url":"https:\/\/conversesacatalunya.cat\/es\/author\/emili_clos\/"}]}},"wps_subtitle":"Los \u00faltimos datos del Idescat y su previsi\u00f3n a diez a\u00f1os muestran una situaci\u00f3n preocupante.","_links":{"self":[{"href":"https:\/\/conversesacatalunya.cat\/es\/wp-json\/wp\/v2\/posts\/86605","targetHints":{"allow":["GET"]}}],"collection":[{"href":"https:\/\/conversesacatalunya.cat\/es\/wp-json\/wp\/v2\/posts"}],"about":[{"href":"https:\/\/conversesacatalunya.cat\/es\/wp-json\/wp\/v2\/types\/post"}],"author":[{"embeddable":true,"href":"https:\/\/conversesacatalunya.cat\/es\/wp-json\/wp\/v2\/users\/81"}],"replies":[{"embeddable":true,"href":"https:\/\/conversesacatalunya.cat\/es\/wp-json\/wp\/v2\/comments?post=86605"}],"version-history":[{"count":11,"href":"https:\/\/conversesacatalunya.cat\/es\/wp-json\/wp\/v2\/posts\/86605\/revisions"}],"predecessor-version":[{"id":86661,"href":"https:\/\/conversesacatalunya.cat\/es\/wp-json\/wp\/v2\/posts\/86605\/revisions\/86661"}],"wp:featuredmedia":[{"embeddable":true,"href":"https:\/\/conversesacatalunya.cat\/es\/wp-json\/wp\/v2\/media\/86602"}],"wp:attachment":[{"href":"https:\/\/conversesacatalunya.cat\/es\/wp-json\/wp\/v2\/media?parent=86605"}],"wp:term":[{"taxonomy":"category","embeddable":true,"href":"https:\/\/conversesacatalunya.cat\/es\/wp-json\/wp\/v2\/categories?post=86605"},{"taxonomy":"post_tag","embeddable":true,"href":"https:\/\/conversesacatalunya.cat\/es\/wp-json\/wp\/v2\/tags?post=86605"}],"curies":[{"name":"wp","href":"https:\/\/api.w.org\/{rel}","templated":true}]}}