{"id":86566,"date":"2025-03-24T08:32:32","date_gmt":"2025-03-24T07:32:32","guid":{"rendered":"https:\/\/conversesacatalunya.cat\/?p=86566"},"modified":"2025-03-23T07:34:36","modified_gmt":"2025-03-23T06:34:36","slug":"union-europea-le-ha-llegado-hora-de-la-verdad","status":"publish","type":"post","link":"https:\/\/conversesacatalunya.cat\/es\/union-europea-le-ha-llegado-hora-de-la-verdad\/","title":{"rendered":"A la Uni\u00f3n Europea (UE) le ha llegado la hora de la verdad"},"content":{"rendered":"<p><span><span class=\"VIpgJd-yAWNEb-VIpgJd-fmcmS-sn54Q\">Con la guerra de Ucrania y la segunda llegada de Donald Trump a la Casa Blanca, a la Uni\u00f3n Europea (UE) le ha llegado la hora de la verdad, de ser o no ser, de alcanzar o no su uni\u00f3n pol\u00edtica federal, dotada de pol\u00edticas de exterior y defensa comunes.\u00a0<\/span><\/span><strong><span><span class=\"VIpgJd-yAWNEb-VIpgJd-fmcmS-sn54Q\">A trav\u00e9s de su \u201cmecanismo est\u00edmulo-respuesta\u201d,<\/span><\/span><\/strong><span><span class=\"VIpgJd-yAWNEb-VIpgJd-fmcmS-sn54Q\">\u00a0el gran historiador, brit\u00e1nico, Arnold Toynbee, nos ha ense\u00f1ado que las civilizaciones menguan o mueren cuando no son capaces de reaccionar adecuadamente a los est\u00edmulos o desaf\u00edos que reciben.\u00a0<\/span><\/span><strong><span><span class=\"VIpgJd-yAWNEb-VIpgJd-fmcmS-sn54Q\">Para la UE, la alternativa a la uni\u00f3n pol\u00edtica es la irrelevancia.\u00a0<\/span><\/span><\/strong><\/p>\n<p><span>Se ha escrito que una Europa unida es la \u00fanica utop\u00eda razonable que han inventado los europeos. Hemos inventado unas cuantas utop\u00edas horribles -para\u00edsos te\u00f3ricos convertidos en infiernos reales-. Utop\u00edas razonables, en cambio, solo habr\u00edamos inventado una: la idea de una Europa unida.<\/span><\/p>\n<p><span><span class=\"VIpgJd-yAWNEb-VIpgJd-fmcmS-sn54Q\">Esta \u201cutop\u00eda\u201d no significa un \u201cno lugar\u201d. No es un sue\u00f1o irrealizable, sino un proyecto razonable, ideal, pero de dif\u00edcil realizaci\u00f3n. Este proyecto es el \u00fanico que puede garantizar la paz, la prosperidad y la democracia en Europa. Lo sabemos porque lo hemos comprobado durante los \u00faltimos tres cuartos de siglo que llevamos de integraci\u00f3n europea, que han sido portadores de unos niveles de paz y prosperidad como Europa nunca hab\u00eda conocido a lo largo de su conflictiva historia.<\/span><\/span><\/p>\n<p><strong><span><span class=\"VIpgJd-yAWNEb-VIpgJd-fmcmS-sn54Q\">El proceso integrador hacia una Europa unida -un proyecto pol\u00edtico in\u00e9dito y muy innovador, <\/span><\/span><\/strong><strong><span><span class=\"VIpgJd-yAWNEb-VIpgJd-fmcmS-sn54Q\">que ha podido ser definido como \u00abel gran proyecto pol\u00edtico del siglo XXI\u00bb- est\u00e1 hoy en peligro.<\/span><\/span><\/strong><span><span class=\"VIpgJd-yAWNEb-VIpgJd-fmcmS-sn54Q\">\u00a0Ahora mismo, en Europa, peligran la paz, la prosperidad y la democracia, todo lo que el proyecto de una Europa unida ha conseguido en las \u00faltimas d\u00e9cadas.<\/span><\/span><\/p>\n<h4><strong><span><span class=\"VIpgJd-yAWNEb-VIpgJd-fmcmS-sn54Q\">Los europeos debemos trabajar m\u00e1s \u00abpro Europa\u00bb<\/span><\/span><\/strong><\/h4>\n<p><strong><span>Los europeos deber\u00edamos ser capaces de completar el proceso de integraci\u00f3n y alcanzar el objetivo de una Europa unida. Debemos trabajar m\u00e1s \u201cpro Europa\u201d.<\/span><\/strong><span>\u00a0\u00c9ste es precisamente el t\u00edtulo y la intenci\u00f3n\u00a0<\/span><a href=\"https:\/\/conversesacatalunya.cat\/es\/pro-europa\/\" target=\"_blank\" rel=\"noopener\"><strong><span>de este Blog<\/span><\/strong><\/a><span>.<\/span><span>\u00a0La denominaci\u00f3n se inspira en una acertada realizaci\u00f3n institucional del<strong> presidente Pujol<\/strong> de comienzos de los a\u00f1os ochenta del siglo pasado, poco despu\u00e9s de llegar a la presidencia de la Generalitat en 1980. Se trata del\u00a0<\/span><strong><span>Patronat Catal\u00e0 Pro Europa,<\/span><\/strong><span> creado en 1982, dedicado a la preparaci\u00f3n de Catalu\u00f1a de cara a la inminente adhesi\u00f3n de Espa\u00f1a a la Europa Comunitaria (1986). Recuerdo que el presidente Pujol se presentaba entonces a menudo como un \u201cpatriota europeo\u201d. Proclamaba que Catalu\u00f1a era un pa\u00eds de origen carolingio y que la pr\u00f3xima adhesi\u00f3n de Espa\u00f1a a la Europa Comunitaria har\u00eda que Catalu\u00f1a \u00abvolviera a casa\u00bb.<\/span><\/p>\n<p><strong><span><span class=\"VIpgJd-yAWNEb-VIpgJd-fmcmS-sn54Q\">Los europeos de hoy vivimos atrapados entre Vlad\u00edmir Putin y Donald Trump, que en modo alguno quieren una Europa unida.<\/span><\/span><\/strong><span><span class=\"VIpgJd-yAWNEb-VIpgJd-fmcmS-sn54Q\">\u00a0Saben que la UE es el gran basti\u00f3n de la democracia en el mundo. Tambi\u00e9n intuyen que, si Europa se uniera de verdad, ser\u00eda un competidor imbatible en muchos campos. Est\u00e1n haciendo todo lo posible por desarticularla.<\/span><\/span><\/p>\n<p><strong><span>El d\u00eda 15 de marzo tuvo lugar en Italia una gran manifestaci\u00f3n pro Europa. <\/span><\/strong><span>La sociedad civil italiana ha salido a la calle -en el marco de una movilizaci\u00f3n espont\u00e1nea, popular y transversal- para defender el orgullo de ser europeos, ondeando la bandera de la UE con sus doce estrellas doradas sobre fondo azul.\u00a0<\/span><strong><span>Esta iniciativa merece ser replicada en todo el continente.<\/span><\/strong><\/p>\n<p><strong><span><span class=\"VIpgJd-yAWNEb-VIpgJd-fmcmS-sn54Q\">Para nosotros, los europeos, Europa es nuestra patria. En palabras de V\u00e1clav Havel, Europa es el hogar de nuestros hogares.<\/span><\/span><\/strong><span><span class=\"VIpgJd-yAWNEb-VIpgJd-fmcmS-sn54Q\">\u00a0Ortega y Gasset ha escrito que\u00a0<\/span><\/span><strong><span><span class=\"VIpgJd-yAWNEb-VIpgJd-fmcmS-sn54Q\">Europa es una \u00absociedad que todav\u00eda no ha llegado a organizarse pol\u00edticamente de forma unificada\u00bb.<\/span><\/span><\/strong><span><span class=\"VIpgJd-yAWNEb-VIpgJd-fmcmS-sn54Q\">\u00a0\u00abLos pueblos europeos son desde hace mucho tiempo una sociedad, una colectividad. Europa es como un enjambre: muchas abejas y un solo vuelo.\u00a0<\/span><\/span><strong><span><span class=\"VIpgJd-yAWNEb-VIpgJd-fmcmS-sn54Q\">Europa es una unidad en la diversidad<\/span><\/span><\/strong><span><span class=\"VIpgJd-yAWNEb-VIpgJd-fmcmS-sn54Q\">. Este car\u00e1cter unitario de la magn\u00edfica pluralidad europea es fecundo y deseable. La unidad de Europa no es una fantas\u00eda, sino que es la propia realidad. La fantas\u00eda es precisamente la creencia de que sus estados son realidades sustantivas e independientes. La unidad de Europa es un proyecto sugestivo de vida en com\u00fan\u201d.<\/span><\/span><\/p>\n<p><strong><span><span class=\"VIpgJd-yAWNEb-VIpgJd-fmcmS-sn54Q\">El intelectual b\u00falgaro, Tzvetan Teodorov, ha escrito que \u00abla \u00fanica y verdadera identidad de Europa es su diversidad; Europa debe ser pol\u00edticamente una y culturalmente plural\u00bb. <\/span><\/span><\/strong><strong><span><span class=\"VIpgJd-yAWNEb-VIpgJd-fmcmS-sn54Q\">Teodorov avisa de que es necesario conciliar diversidad cultural y uni\u00f3n pol\u00edtica. Sin su diversidad cultural, Europa se empobrecer\u00eda de forma irremisible,<\/span><\/span><\/strong><span><span class=\"VIpgJd-yAWNEb-VIpgJd-fmcmS-sn54Q\">\u00a0porque la variedad de lenguas, culturas, tradiciones locales y autonom\u00edas sociales es una fuente inagotable de riqueza y por eso hay que cuidarla y potenciarla.<\/span><\/span><strong>\u00a0<\/strong><\/p>\n<p><strong><span>El presidente Jordi Pujol se hizo suyo este discurso y lo supo \u201cvender\u201d muy bien desde la presidencia de la Generalitat de Catalunya. Su \u00abpatriotismo europeo\u00bb fue una f\u00f3rmula ganadora en Barcelona, \u200b\u200bMadrid y Bruselas (hoy se hablar\u00eda de una f\u00f3rmula\u00a0<\/span><em><span>win-win).\u00a0 <\/span><\/em><\/strong><span>Para la Catalu\u00f1a y la Espa\u00f1a de los a\u00f1os ochenta del pasado siglo -pocos a\u00f1os despu\u00e9s del fin del franquismo- Europa representaba una gran promesa de modernidad, prosperidad, democracia y libertad.<\/span><\/p>\n<p><span>Nuestra patria es Europa, una Europa unida que no puede construirse contra ninguna naci\u00f3n ni contra ning\u00fan sentimiento nacional, sino que debe respetarlos a todos, integr\u00e1ndolos y trascendi\u00e9ndolos.\u00a0<\/span><strong><span>El proyecto de integraci\u00f3n que empez\u00f3 en 1950 con la\u00a0<\/span><a href=\"https:\/\/european-union.europa.eu\/principles-countries-history\/history-eu\/1945-59\/schuman-declaration-may-1950_es\" target=\"_blank\" rel=\"noopener\"><span>Declaraci\u00f3n Schuman<\/span><\/a><span>\u00a0y la posterior creaci\u00f3n de la primera Comunidad Europea, la CECA (Comunidad Europea del carb\u00f3n y del Acero) (1954) pretend\u00eda llegar a la creaci\u00f3n de una Europa federal, capaz de combinar la unidad pol\u00edtica con la diversidad ling\u00fc\u00edstica, cultural e identitaria.<\/span><\/strong><\/p>\n<h5><strong><span><span class=\"\">En una editorial reciente de un reputado diario italiano se puede leer lo siguiente:\u00a0<\/span><\/span><\/strong><\/h5>\n<p style=\"padding-left: 40px;\"><span><span class=\"VIpgJd-yAWNEb-VIpgJd-fmcmS-sn54Q\">\u00abEuropa\u00a0<\/span><\/span><strong><span><span class=\"VIpgJd-yAWNEb-VIpgJd-fmcmS-sn54Q\">es m\u00e1s fuerte de lo que muchos piensan. Tenemos el primer mercado interior del mundo, somos la primera potencia comercial, utilizamos la segunda moneda del mundo, el euro, y tenemos el tercer PIB del mundo. Si los europeos nos unimos de verdad y tenemos visi\u00f3n hist\u00f3rica y ambici\u00f3n pol\u00edtica, el siglo XXI puede ser el de la Europa unida, por nuestro bien y del resto del mundo.<\/span><\/span><\/strong><span><span class=\"VIpgJd-yAWNEb-VIpgJd-fmcmS-sn54Q\">\u00a0Paz, reconciliaci\u00f3n, concordia, prosperidad, estabilidad y democracia han sido los grandes pilares que han sustentado el proceso de integraci\u00f3n europea por la v\u00eda de las Comunidades Europeas, hoy Uni\u00f3n Europea. Son tambi\u00e9n los pilares de la futura Uni\u00f3n Europea cuando haya llegado a la uni\u00f3n pol\u00edtica federal\u201d.<\/span><\/span><\/p>\n<h4><strong><span><span class=\"VIpgJd-yAWNEb-VIpgJd-fmcmS-sn54Q\">\u00bfQu\u00e9 m\u00e1s debe ocurrir para que la UE reaccione y llegue a la unidad pol\u00edtica?<\/span><\/span><\/strong><\/h4>\n<p><strong><span>El poeta alem\u00e1n H\u00f6lderlin ha escrito en su poema Patmos que \u00abdonde est\u00e1 el peligro, all\u00ed tambi\u00e9n crece lo que salva\u00bb.\u00a0<\/span><\/strong><\/p>\n<p><strong><span>\u201c\u00bfQu\u00e9 m\u00e1s debe ocurrir -acaban de escribir los eurodiputados Verhofstadt, Ruiz Devesa y Bar\u00f3n en una Tribuna de prensa- para que Europa reaccione?\u00a0<\/span><\/strong><\/p>\n<p><span>Pocas semanas han pasado desde la toma de posesi\u00f3n de Trump como presidente de Estados Unidos por segunda vez, y ya constatamos que Estados Unidos no son nuestros aliados. Vemos, en cambio, el surgimiento de un nuevo eje Trump-Putin (<\/span><em><span>Trumpin<\/span><\/em><span>)\u00a0y el final de la alianza transatl\u00e1ntica fundada en agosto de 1941 por Churchill y Roosevelt contra la Alemania nazi. Es evidente que no compartimos la misma visi\u00f3n del mundo ni podemos confiar en Estados Unidos para la defensa territorial de la UE. Europa est\u00e1 sola frente a un peligro real y debe asumir su responsabilidad. La libertad tiene un coste.<\/span><\/p>\n<p><span><span class=\"VIpgJd-yAWNEb-VIpgJd-fmcmS-sn54Q\">Debemos crear una nueva Comunidad Europea de Defensa (CED). La propuesta anterior de una CED (1954) fracas\u00f3 por el <strong>rechazo del parlamento franc\u00e9s<\/strong>, temeroso ante un rearme alem\u00e1n. La nueva CED se encargar\u00eda de nuestra defensa como pilar europeo de la OTAN y constituir\u00eda nuestra \u00abautonom\u00eda estrat\u00e9gica\u00bb. Paralelamente, debemos llegar a la uni\u00f3n pol\u00edtica a trav\u00e9s de la reforma federal de los tratados propuesta en el Parlamento Europeo en el a\u00f1o 2023. Hay que elegir entre Estados Unidos de Europa o el eje\u00a0<\/span><\/span><em><span><span class=\"VIpgJd-yAWNEb-VIpgJd-fmcmS-sn54Q\">Trumpin<\/span><\/span><\/em><span><span class=\"VIpgJd-yAWNEb-VIpgJd-fmcmS-sn54Q\">\u201d.<\/span><\/span><\/p>\n<h4><strong><span><span class=\"VIpgJd-yAWNEb-VIpgJd-fmcmS-sn54Q\">\u00bfEl pr\u00f3ximo Premio Carlomagno para Donald Trump?<\/span><\/span><\/strong><\/h4>\n<p><span>El prestigioso colaborador del\u00a0<\/span><em><span>Financial Times<\/span><\/em><span>,\u00a0Gideon Rachman, acaba de escribir un art\u00edculo con este t\u00edtulo:\u00a0<\/span><em><span>Trump is making Europe great again<\/span><\/em><span>.\u00a0Es un MEGA\u00a0<\/span><em><span>(Make Europe Great Again<\/span><\/em><span>) que contrapone al famoso MAGA de Trump (<\/span><em><span>Make America Great Again<\/span><\/em><span>).<\/span><\/p>\n<h5><strong><span><span class=\"VIpgJd-yAWNEb-VIpgJd-fmcmS-sn54Q\">Rachman escribe ir\u00f3nicamente lo siguiente:\u00a0<\/span><\/span><\/strong><\/h5>\n<p style=\"padding-left: 40px;\"><span>\u201cTrump no conseguir\u00e1 nunca el premio Nobel de la Pau que tanto desea, pero s\u00ed que es un firme candidato a conseguir el premio Carlomagno que cada a\u00f1o se otorga en la UE a una personalidad que haya contribuido de manera notoria al proceso comunitario de integraci\u00f3n europea. Trump ha hecho nacer una Europa de la Defensa, estimula la emisi\u00f3n de nuevos eurobonos para financiarla y ha conseguido el retorno del Reino Unido hacia la UE para hacer frente com\u00fan ante<a href=\"https:\/\/conversesacatalunya.cat\/es\/reacciones-ue-a-la-ruptura-de-la-relacion-transatlantica\/\" target=\"_blank\" rel=\"noopener\"><strong> la ruptura de la alianza transatl\u00e1ntica<\/strong><\/a>. Todos los grandes pasos adelante de la UE se han producido hist\u00f3ricamente como una reacci\u00f3n a est\u00edmulos fuertes recibidos en forma de <\/span><span>shocks<\/span><span>\u00a0geopol\u00edticos; el primero fue al final de la Segunda Guerra Mundial, el segundo fue el final de la Guerra Fr\u00eda y hoy, por cortes\u00eda de Trump, tenemos\u00a0la ruptura de la alianza transatl\u00e1ntica.\u00a0Europa ha sabido reaccionar muy bien ante los dos primeros est\u00edmulos. Ahora puede hacer el mismo con el tercero\u201d.<\/span><\/p>\n<span class='bctt-click-to-tweet'><span class='bctt-ctt-text'><a href='https:\/\/twitter.com\/intent\/tweet?url=https%3A%2F%2Fconversesacatalunya.cat%2Fes%2Funion-europea-le-ha-llegado-hora-de-la-verdad%2F&#038;text=Es%20evidente%20que%20no%20compartimos%20la%20misma%20visi%C3%B3n%20del%20mundo%20ni%20podemos%20confiar%20en%20Estados%20Unidos%20para%20la%20defensa%20territorial%20de%20la%20UE.%20Europa%20est%C3%A1%20sola%20frente%20a%20un%20peligro%20real%20y%20debe%20asumir%20su%20responsabilidad.%20La%20libertad%20tiene%20un%20coste&#038;via=conversesacat&#038;related=conversesacat' target='_blank'rel=\"noopener noreferrer\">Es evidente que no compartimos la misma visi\u00f3n del mundo ni podemos confiar en Estados Unidos para la defensa territorial de la UE. Europa est\u00e1 sola frente a un peligro real y debe asumir su responsabilidad. La libertad tiene un coste <\/a><\/span><a href='https:\/\/twitter.com\/intent\/tweet?url=https%3A%2F%2Fconversesacatalunya.cat%2Fes%2Funion-europea-le-ha-llegado-hora-de-la-verdad%2F&#038;text=Es%20evidente%20que%20no%20compartimos%20la%20misma%20visi%C3%B3n%20del%20mundo%20ni%20podemos%20confiar%20en%20Estados%20Unidos%20para%20la%20defensa%20territorial%20de%20la%20UE.%20Europa%20est%C3%A1%20sola%20frente%20a%20un%20peligro%20real%20y%20debe%20asumir%20su%20responsabilidad.%20La%20libertad%20tiene%20un%20coste&#038;via=conversesacat&#038;related=conversesacat' target='_blank' class='bctt-ctt-btn'rel=\"noopener noreferrer\">Compartir en X<\/a><\/span>\n","protected":false},"excerpt":{"rendered":"<p>Con la guerra de Ucrania y la segunda llegada de Donald Trump a la Casa Blanca, a la Uni\u00f3n Europea (UE) le ha llegado la hora de la verdad, de ser o no ser, de alcanzar o no su uni\u00f3n pol\u00edtica federal, dotada de pol\u00edticas de exterior y defensa comunes.\u00a0A trav\u00e9s de su \u201cmecanismo est\u00edmulo-respuesta\u201d,\u00a0el gran historiador, brit\u00e1nico, Arnold Toynbee, nos ha ense\u00f1ado que las civilizaciones menguan o mueren cuando no son capaces de reaccionar adecuadamente a los est\u00edmulos o desaf\u00edos que reciben.\u00a0Para la UE, la alternativa a la uni\u00f3n pol\u00edtica es la irrelevancia.\u00a0 Se ha escrito que una Europa unida es la \u00fanica utop\u00eda razonable que han inventado los europeos. Hemos inventado unas cuantas utop\u00edas horribles -para\u00edsos te\u00f3ricos convertidos en infiernos reales-. Utop\u00edas razonables, en cambio, solo habr\u00edamos inventado una: la idea de una Europa unida. Esta \u201cutop\u00eda\u201d no significa un \u201cno lugar\u201d. No es un sue\u00f1o irrealizable, sino un proyecto razonable, ideal, pero de dif\u00edcil realizaci\u00f3n. Este proyecto es el \u00fanico que puede garantizar la paz, la prosperidad y la democracia en Europa. Lo sabemos porque lo hemos comprobado durante los \u00faltimos tres cuartos de siglo que llevamos de integraci\u00f3n europea, que han sido portadores de unos niveles de paz y prosperidad como Europa nunca hab\u00eda conocido a lo largo de su conflictiva historia. El proceso integrador hacia una Europa unida -un proyecto pol\u00edtico in\u00e9dito y muy innovador, que ha podido ser definido como \u00abel gran proyecto pol\u00edtico del siglo XXI\u00bb- est\u00e1 hoy en peligro.\u00a0Ahora mismo, en Europa, peligran la paz, la prosperidad y la democracia, todo lo que el proyecto de una Europa unida ha conseguido en las \u00faltimas d\u00e9cadas. Los europeos debemos trabajar m\u00e1s \u00abpro Europa\u00bb Los europeos deber\u00edamos ser capaces de completar el proceso de integraci\u00f3n y alcanzar el objetivo de una Europa unida. Debemos trabajar m\u00e1s \u201cpro Europa\u201d.\u00a0\u00c9ste es precisamente el t\u00edtulo y la intenci\u00f3n\u00a0de este Blog.\u00a0La denominaci\u00f3n se inspira en una acertada realizaci\u00f3n institucional del presidente Pujol de comienzos de los a\u00f1os ochenta del siglo pasado, poco despu\u00e9s de llegar a la presidencia de la Generalitat en 1980. Se trata del\u00a0Patronat Catal\u00e0 Pro Europa, creado en 1982, dedicado a la preparaci\u00f3n de Catalu\u00f1a de cara a la inminente adhesi\u00f3n de Espa\u00f1a a la Europa Comunitaria (1986). Recuerdo que el presidente Pujol se presentaba entonces a menudo como un \u201cpatriota europeo\u201d. Proclamaba que Catalu\u00f1a era un pa\u00eds de origen carolingio y que la pr\u00f3xima adhesi\u00f3n de Espa\u00f1a a la Europa Comunitaria har\u00eda que Catalu\u00f1a \u00abvolviera a casa\u00bb. Los europeos de hoy vivimos atrapados entre Vlad\u00edmir Putin y Donald Trump, que en modo alguno quieren una Europa unida.\u00a0Saben que la UE es el gran basti\u00f3n de la democracia en el mundo. Tambi\u00e9n intuyen que, si Europa se uniera de verdad, ser\u00eda un competidor imbatible en muchos campos. Est\u00e1n haciendo todo lo posible por desarticularla. El d\u00eda 15 de marzo tuvo lugar en Italia una gran manifestaci\u00f3n pro Europa. La sociedad civil italiana ha salido a la calle -en el marco de una movilizaci\u00f3n espont\u00e1nea, popular y transversal- para defender el orgullo de ser europeos, ondeando la bandera de la UE con sus doce estrellas doradas sobre fondo azul.\u00a0Esta iniciativa merece ser replicada en todo el continente. Para nosotros, los europeos, Europa es nuestra patria. En palabras de V\u00e1clav Havel, Europa es el hogar de nuestros hogares.\u00a0Ortega y Gasset ha escrito que\u00a0Europa es una \u00absociedad que todav\u00eda no ha llegado a organizarse pol\u00edticamente de forma unificada\u00bb.\u00a0\u00abLos pueblos europeos son desde hace mucho tiempo una sociedad, una colectividad. Europa es como un enjambre: muchas abejas y un solo vuelo.\u00a0Europa es una unidad en la diversidad. Este car\u00e1cter unitario de la magn\u00edfica pluralidad europea es fecundo y deseable. La unidad de Europa no es una fantas\u00eda, sino que es la propia realidad. La fantas\u00eda es precisamente la creencia de que sus estados son realidades sustantivas e independientes. La unidad de Europa es un proyecto sugestivo de vida en com\u00fan\u201d. El intelectual b\u00falgaro, Tzvetan Teodorov, ha escrito que \u00abla \u00fanica y verdadera identidad de Europa es su diversidad; Europa debe ser pol\u00edticamente una y culturalmente plural\u00bb. Teodorov avisa de que es necesario conciliar diversidad cultural y uni\u00f3n pol\u00edtica. Sin su diversidad cultural, Europa se empobrecer\u00eda de forma irremisible,\u00a0porque la variedad de lenguas, culturas, tradiciones locales y autonom\u00edas sociales es una fuente inagotable de riqueza y por eso hay que cuidarla y potenciarla.\u00a0 El presidente Jordi Pujol se hizo suyo este discurso y lo supo \u201cvender\u201d muy bien desde la presidencia de la Generalitat de Catalunya. Su \u00abpatriotismo europeo\u00bb fue una f\u00f3rmula ganadora en Barcelona, \u200b\u200bMadrid y Bruselas (hoy se hablar\u00eda de una f\u00f3rmula\u00a0win-win).\u00a0 Para la Catalu\u00f1a y la Espa\u00f1a de los a\u00f1os ochenta del pasado siglo -pocos a\u00f1os despu\u00e9s del fin del franquismo- Europa representaba una gran promesa de modernidad, prosperidad, democracia y libertad. Nuestra patria es Europa, una Europa unida que no puede construirse contra ninguna naci\u00f3n ni contra ning\u00fan sentimiento nacional, sino que debe respetarlos a todos, integr\u00e1ndolos y trascendi\u00e9ndolos.\u00a0El proyecto de integraci\u00f3n que empez\u00f3 en 1950 con la\u00a0Declaraci\u00f3n Schuman\u00a0y la posterior creaci\u00f3n de la primera Comunidad Europea, la CECA (Comunidad Europea del carb\u00f3n y del Acero) (1954) pretend\u00eda llegar a la creaci\u00f3n de una Europa federal, capaz de combinar la unidad pol\u00edtica con la diversidad ling\u00fc\u00edstica, cultural e identitaria. En una editorial reciente de un reputado diario italiano se puede leer lo siguiente:\u00a0 \u00abEuropa\u00a0es m\u00e1s fuerte de lo que muchos piensan. Tenemos el primer mercado interior del mundo, somos la primera potencia comercial, utilizamos la segunda moneda del mundo, el euro, y tenemos el tercer PIB del mundo. Si los europeos nos unimos de verdad y tenemos visi\u00f3n hist\u00f3rica y ambici\u00f3n pol\u00edtica, el siglo XXI puede ser el de la Europa unida, por nuestro bien y del resto del mundo.\u00a0Paz, reconciliaci\u00f3n, concordia, prosperidad, estabilidad y democracia han sido los grandes pilares que han sustentado el proceso de integraci\u00f3n europea por la v\u00eda de las Comunidades Europeas, hoy Uni\u00f3n Europea. Son tambi\u00e9n los pilares de la futura Uni\u00f3n Europea cuando haya llegado a la uni\u00f3n pol\u00edtica&#8230;<\/p>\n","protected":false},"author":38,"featured_media":86557,"comment_status":"open","ping_status":"open","sticky":false,"template":"","format":"standard","meta":{"_FSMCFIC_featured_image_caption":"","_FSMCFIC_featured_image_nocaption":"","_FSMCFIC_featured_image_hide":"","footnotes":""},"categories":[798],"tags":[1060,1334],"class_list":["post-86566","post","type-post","status-publish","format-standard","has-post-thumbnail","hentry","category-pro-europa-es","tag-unio-europea-es","tag-union-europea"],"yoast_head":"<!-- This site is optimized with the Yoast SEO plugin v26.8 - https:\/\/yoast.com\/product\/yoast-seo-wordpress\/ -->\n<title>A la Uni\u00f3n Europea (UE) le ha llegado la hora de la verdad - Converses a Catalunya<\/title>\n<meta name=\"description\" content=\"Se ha escrito que una Europa unida es la \u00fanica utop\u00eda razonable que han inventado los europeos. De utop\u00edas horribles hemos inventado varias\" \/>\n<meta name=\"robots\" content=\"index, follow, max-snippet:-1, max-image-preview:large, max-video-preview:-1\" \/>\n<link rel=\"canonical\" href=\"https:\/\/conversesacatalunya.cat\/unio-europea-li-ha-arribat-hora-de-la-veritat\/\" \/>\n<meta property=\"og:locale\" content=\"es_ES\" \/>\n<meta property=\"og:type\" content=\"article\" \/>\n<meta property=\"og:title\" content=\"A la Uni\u00f3n Europea (UE) le ha llegado la hora de la verdad - Converses a Catalunya\" \/>\n<meta property=\"og:description\" content=\"Se ha escrito que una Europa unida es la \u00fanica utop\u00eda razonable que han inventado los europeos. De utop\u00edas horribles hemos inventado varias\" \/>\n<meta property=\"og:url\" content=\"https:\/\/conversesacatalunya.cat\/unio-europea-li-ha-arribat-hora-de-la-veritat\/\" \/>\n<meta property=\"og:site_name\" content=\"Converses a Catalunya\" \/>\n<meta property=\"article:published_time\" content=\"2025-03-24T07:32:32+00:00\" \/>\n<meta property=\"og:image\" content=\"https:\/\/conversesacatalunya.cat\/wp-content\/uploads\/2025\/03\/european-flag-4777467_640.jpg\" \/>\n\t<meta property=\"og:image:width\" content=\"640\" \/>\n\t<meta property=\"og:image:height\" content=\"427\" \/>\n\t<meta property=\"og:image:type\" content=\"image\/jpeg\" \/>\n<meta name=\"author\" content=\"Victor Pou\" \/>\n<meta name=\"twitter:card\" content=\"summary_large_image\" \/>\n<meta name=\"twitter:label1\" content=\"Escrito por\" \/>\n\t<meta name=\"twitter:data1\" content=\"Victor Pou\" \/>\n\t<meta name=\"twitter:label2\" content=\"Tiempo de lectura\" \/>\n\t<meta name=\"twitter:data2\" content=\"8 minutos\" \/>\n<script type=\"application\/ld+json\" class=\"yoast-schema-graph\">{\"@context\":\"https:\/\/schema.org\",\"@graph\":[{\"@type\":\"Article\",\"@id\":\"https:\/\/conversesacatalunya.cat\/unio-europea-li-ha-arribat-hora-de-la-veritat\/#article\",\"isPartOf\":{\"@id\":\"https:\/\/conversesacatalunya.cat\/unio-europea-li-ha-arribat-hora-de-la-veritat\/\"},\"author\":{\"name\":\"Victor Pou\",\"@id\":\"https:\/\/conversesacatalunya.cat\/#\/schema\/person\/1b0082ee920b837be791bee630d460b2\"},\"headline\":\"A la Uni\u00f3n Europea (UE) le ha llegado la hora de la verdad\",\"datePublished\":\"2025-03-24T07:32:32+00:00\",\"mainEntityOfPage\":{\"@id\":\"https:\/\/conversesacatalunya.cat\/unio-europea-li-ha-arribat-hora-de-la-veritat\/\"},\"wordCount\":1673,\"commentCount\":0,\"image\":{\"@id\":\"https:\/\/conversesacatalunya.cat\/unio-europea-li-ha-arribat-hora-de-la-veritat\/#primaryimage\"},\"thumbnailUrl\":\"https:\/\/conversesacatalunya.cat\/wp-content\/uploads\/2025\/03\/european-flag-4777467_640.jpg\",\"keywords\":[\"Uni\u00f3 Europea\",\"Uni\u00f3n Europea\"],\"articleSection\":[\"Pro Europa (ES)\"],\"inLanguage\":\"es\",\"potentialAction\":[{\"@type\":\"CommentAction\",\"name\":\"Comment\",\"target\":[\"https:\/\/conversesacatalunya.cat\/unio-europea-li-ha-arribat-hora-de-la-veritat\/#respond\"]}]},{\"@type\":\"WebPage\",\"@id\":\"https:\/\/conversesacatalunya.cat\/unio-europea-li-ha-arribat-hora-de-la-veritat\/\",\"url\":\"https:\/\/conversesacatalunya.cat\/unio-europea-li-ha-arribat-hora-de-la-veritat\/\",\"name\":\"A la Uni\u00f3n Europea (UE) le ha llegado la hora de la verdad - Converses a Catalunya\",\"isPartOf\":{\"@id\":\"https:\/\/conversesacatalunya.cat\/#website\"},\"primaryImageOfPage\":{\"@id\":\"https:\/\/conversesacatalunya.cat\/unio-europea-li-ha-arribat-hora-de-la-veritat\/#primaryimage\"},\"image\":{\"@id\":\"https:\/\/conversesacatalunya.cat\/unio-europea-li-ha-arribat-hora-de-la-veritat\/#primaryimage\"},\"thumbnailUrl\":\"https:\/\/conversesacatalunya.cat\/wp-content\/uploads\/2025\/03\/european-flag-4777467_640.jpg\",\"datePublished\":\"2025-03-24T07:32:32+00:00\",\"author\":{\"@id\":\"https:\/\/conversesacatalunya.cat\/#\/schema\/person\/1b0082ee920b837be791bee630d460b2\"},\"description\":\"Se ha escrito que una Europa unida es la \u00fanica utop\u00eda razonable que han inventado los europeos. De utop\u00edas horribles hemos inventado varias\",\"breadcrumb\":{\"@id\":\"https:\/\/conversesacatalunya.cat\/unio-europea-li-ha-arribat-hora-de-la-veritat\/#breadcrumb\"},\"inLanguage\":\"es\",\"potentialAction\":[{\"@type\":\"ReadAction\",\"target\":[\"https:\/\/conversesacatalunya.cat\/unio-europea-li-ha-arribat-hora-de-la-veritat\/\"]}]},{\"@type\":\"ImageObject\",\"inLanguage\":\"es\",\"@id\":\"https:\/\/conversesacatalunya.cat\/unio-europea-li-ha-arribat-hora-de-la-veritat\/#primaryimage\",\"url\":\"https:\/\/conversesacatalunya.cat\/wp-content\/uploads\/2025\/03\/european-flag-4777467_640.jpg\",\"contentUrl\":\"https:\/\/conversesacatalunya.cat\/wp-content\/uploads\/2025\/03\/european-flag-4777467_640.jpg\",\"width\":640,\"height\":427,\"caption\":\"Una Europa unida\"},{\"@type\":\"BreadcrumbList\",\"@id\":\"https:\/\/conversesacatalunya.cat\/unio-europea-li-ha-arribat-hora-de-la-veritat\/#breadcrumb\",\"itemListElement\":[{\"@type\":\"ListItem\",\"position\":1,\"name\":\"Inici\",\"item\":\"https:\/\/conversesacatalunya.cat\/es\/\"},{\"@type\":\"ListItem\",\"position\":2,\"name\":\"A la Uni\u00f3n Europea (UE) le ha llegado la hora de la verdad\"}]},{\"@type\":\"WebSite\",\"@id\":\"https:\/\/conversesacatalunya.cat\/#website\",\"url\":\"https:\/\/conversesacatalunya.cat\/\",\"name\":\"Converses a Catalunya\",\"description\":\"\",\"potentialAction\":[{\"@type\":\"SearchAction\",\"target\":{\"@type\":\"EntryPoint\",\"urlTemplate\":\"https:\/\/conversesacatalunya.cat\/?s={search_term_string}\"},\"query-input\":{\"@type\":\"PropertyValueSpecification\",\"valueRequired\":true,\"valueName\":\"search_term_string\"}}],\"inLanguage\":\"es\"},{\"@type\":\"Person\",\"@id\":\"https:\/\/conversesacatalunya.cat\/#\/schema\/person\/1b0082ee920b837be791bee630d460b2\",\"name\":\"Victor Pou\",\"image\":{\"@type\":\"ImageObject\",\"inLanguage\":\"es\",\"@id\":\"https:\/\/conversesacatalunya.cat\/#\/schema\/person\/image\/\",\"url\":\"https:\/\/conversesacatalunya.cat\/wp-content\/litespeed\/avatar\/b9b32a5f987117ce72836d050f735d2b.jpg?ver=1777366285\",\"contentUrl\":\"https:\/\/conversesacatalunya.cat\/wp-content\/litespeed\/avatar\/b9b32a5f987117ce72836d050f735d2b.jpg?ver=1777366285\",\"caption\":\"Victor Pou\"},\"url\":\"https:\/\/conversesacatalunya.cat\/es\/author\/victor_pou\/\"}]}<\/script>\n<!-- \/ Yoast SEO plugin. -->","yoast_head_json":{"title":"A la Uni\u00f3n Europea (UE) le ha llegado la hora de la verdad - Converses a Catalunya","description":"Se ha escrito que una Europa unida es la \u00fanica utop\u00eda razonable que han inventado los europeos. De utop\u00edas horribles hemos inventado varias","robots":{"index":"index","follow":"follow","max-snippet":"max-snippet:-1","max-image-preview":"max-image-preview:large","max-video-preview":"max-video-preview:-1"},"canonical":"https:\/\/conversesacatalunya.cat\/unio-europea-li-ha-arribat-hora-de-la-veritat\/","og_locale":"es_ES","og_type":"article","og_title":"A la Uni\u00f3n Europea (UE) le ha llegado la hora de la verdad - Converses a Catalunya","og_description":"Se ha escrito que una Europa unida es la \u00fanica utop\u00eda razonable que han inventado los europeos. De utop\u00edas horribles hemos inventado varias","og_url":"https:\/\/conversesacatalunya.cat\/unio-europea-li-ha-arribat-hora-de-la-veritat\/","og_site_name":"Converses a Catalunya","article_published_time":"2025-03-24T07:32:32+00:00","og_image":[{"width":640,"height":427,"url":"https:\/\/conversesacatalunya.cat\/wp-content\/uploads\/2025\/03\/european-flag-4777467_640.jpg","type":"image\/jpeg"}],"author":"Victor Pou","twitter_card":"summary_large_image","twitter_misc":{"Escrito por":"Victor Pou","Tiempo de lectura":"8 minutos"},"schema":{"@context":"https:\/\/schema.org","@graph":[{"@type":"Article","@id":"https:\/\/conversesacatalunya.cat\/unio-europea-li-ha-arribat-hora-de-la-veritat\/#article","isPartOf":{"@id":"https:\/\/conversesacatalunya.cat\/unio-europea-li-ha-arribat-hora-de-la-veritat\/"},"author":{"name":"Victor Pou","@id":"https:\/\/conversesacatalunya.cat\/#\/schema\/person\/1b0082ee920b837be791bee630d460b2"},"headline":"A la Uni\u00f3n Europea (UE) le ha llegado la hora de la verdad","datePublished":"2025-03-24T07:32:32+00:00","mainEntityOfPage":{"@id":"https:\/\/conversesacatalunya.cat\/unio-europea-li-ha-arribat-hora-de-la-veritat\/"},"wordCount":1673,"commentCount":0,"image":{"@id":"https:\/\/conversesacatalunya.cat\/unio-europea-li-ha-arribat-hora-de-la-veritat\/#primaryimage"},"thumbnailUrl":"https:\/\/conversesacatalunya.cat\/wp-content\/uploads\/2025\/03\/european-flag-4777467_640.jpg","keywords":["Uni\u00f3 Europea","Uni\u00f3n Europea"],"articleSection":["Pro Europa (ES)"],"inLanguage":"es","potentialAction":[{"@type":"CommentAction","name":"Comment","target":["https:\/\/conversesacatalunya.cat\/unio-europea-li-ha-arribat-hora-de-la-veritat\/#respond"]}]},{"@type":"WebPage","@id":"https:\/\/conversesacatalunya.cat\/unio-europea-li-ha-arribat-hora-de-la-veritat\/","url":"https:\/\/conversesacatalunya.cat\/unio-europea-li-ha-arribat-hora-de-la-veritat\/","name":"A la Uni\u00f3n Europea (UE) le ha llegado la hora de la verdad - Converses a Catalunya","isPartOf":{"@id":"https:\/\/conversesacatalunya.cat\/#website"},"primaryImageOfPage":{"@id":"https:\/\/conversesacatalunya.cat\/unio-europea-li-ha-arribat-hora-de-la-veritat\/#primaryimage"},"image":{"@id":"https:\/\/conversesacatalunya.cat\/unio-europea-li-ha-arribat-hora-de-la-veritat\/#primaryimage"},"thumbnailUrl":"https:\/\/conversesacatalunya.cat\/wp-content\/uploads\/2025\/03\/european-flag-4777467_640.jpg","datePublished":"2025-03-24T07:32:32+00:00","author":{"@id":"https:\/\/conversesacatalunya.cat\/#\/schema\/person\/1b0082ee920b837be791bee630d460b2"},"description":"Se ha escrito que una Europa unida es la \u00fanica utop\u00eda razonable que han inventado los europeos. De utop\u00edas horribles hemos inventado varias","breadcrumb":{"@id":"https:\/\/conversesacatalunya.cat\/unio-europea-li-ha-arribat-hora-de-la-veritat\/#breadcrumb"},"inLanguage":"es","potentialAction":[{"@type":"ReadAction","target":["https:\/\/conversesacatalunya.cat\/unio-europea-li-ha-arribat-hora-de-la-veritat\/"]}]},{"@type":"ImageObject","inLanguage":"es","@id":"https:\/\/conversesacatalunya.cat\/unio-europea-li-ha-arribat-hora-de-la-veritat\/#primaryimage","url":"https:\/\/conversesacatalunya.cat\/wp-content\/uploads\/2025\/03\/european-flag-4777467_640.jpg","contentUrl":"https:\/\/conversesacatalunya.cat\/wp-content\/uploads\/2025\/03\/european-flag-4777467_640.jpg","width":640,"height":427,"caption":"Una Europa unida"},{"@type":"BreadcrumbList","@id":"https:\/\/conversesacatalunya.cat\/unio-europea-li-ha-arribat-hora-de-la-veritat\/#breadcrumb","itemListElement":[{"@type":"ListItem","position":1,"name":"Inici","item":"https:\/\/conversesacatalunya.cat\/es\/"},{"@type":"ListItem","position":2,"name":"A la Uni\u00f3n Europea (UE) le ha llegado la hora de la verdad"}]},{"@type":"WebSite","@id":"https:\/\/conversesacatalunya.cat\/#website","url":"https:\/\/conversesacatalunya.cat\/","name":"Converses a Catalunya","description":"","potentialAction":[{"@type":"SearchAction","target":{"@type":"EntryPoint","urlTemplate":"https:\/\/conversesacatalunya.cat\/?s={search_term_string}"},"query-input":{"@type":"PropertyValueSpecification","valueRequired":true,"valueName":"search_term_string"}}],"inLanguage":"es"},{"@type":"Person","@id":"https:\/\/conversesacatalunya.cat\/#\/schema\/person\/1b0082ee920b837be791bee630d460b2","name":"Victor Pou","image":{"@type":"ImageObject","inLanguage":"es","@id":"https:\/\/conversesacatalunya.cat\/#\/schema\/person\/image\/","url":"https:\/\/conversesacatalunya.cat\/wp-content\/litespeed\/avatar\/b9b32a5f987117ce72836d050f735d2b.jpg?ver=1777366285","contentUrl":"https:\/\/conversesacatalunya.cat\/wp-content\/litespeed\/avatar\/b9b32a5f987117ce72836d050f735d2b.jpg?ver=1777366285","caption":"Victor Pou"},"url":"https:\/\/conversesacatalunya.cat\/es\/author\/victor_pou\/"}]}},"wps_subtitle":"Con la guerra de Ucrania y la segunda llegada de Donald Trump a la Casa Blanca, a la Uni\u00f3n Europea (UE) le ha llegado la hora de la verdad, de ser o no ser, de alcanzar o no su uni\u00f3n pol\u00edtica federal, dotada de pol\u00edticas de exterior y defensa comunes.","_links":{"self":[{"href":"https:\/\/conversesacatalunya.cat\/es\/wp-json\/wp\/v2\/posts\/86566","targetHints":{"allow":["GET"]}}],"collection":[{"href":"https:\/\/conversesacatalunya.cat\/es\/wp-json\/wp\/v2\/posts"}],"about":[{"href":"https:\/\/conversesacatalunya.cat\/es\/wp-json\/wp\/v2\/types\/post"}],"author":[{"embeddable":true,"href":"https:\/\/conversesacatalunya.cat\/es\/wp-json\/wp\/v2\/users\/38"}],"replies":[{"embeddable":true,"href":"https:\/\/conversesacatalunya.cat\/es\/wp-json\/wp\/v2\/comments?post=86566"}],"version-history":[{"count":8,"href":"https:\/\/conversesacatalunya.cat\/es\/wp-json\/wp\/v2\/posts\/86566\/revisions"}],"predecessor-version":[{"id":86577,"href":"https:\/\/conversesacatalunya.cat\/es\/wp-json\/wp\/v2\/posts\/86566\/revisions\/86577"}],"wp:featuredmedia":[{"embeddable":true,"href":"https:\/\/conversesacatalunya.cat\/es\/wp-json\/wp\/v2\/media\/86557"}],"wp:attachment":[{"href":"https:\/\/conversesacatalunya.cat\/es\/wp-json\/wp\/v2\/media?parent=86566"}],"wp:term":[{"taxonomy":"category","embeddable":true,"href":"https:\/\/conversesacatalunya.cat\/es\/wp-json\/wp\/v2\/categories?post=86566"},{"taxonomy":"post_tag","embeddable":true,"href":"https:\/\/conversesacatalunya.cat\/es\/wp-json\/wp\/v2\/tags?post=86566"}],"curies":[{"name":"wp","href":"https:\/\/api.w.org\/{rel}","templated":true}]}}