{"id":86531,"date":"2025-03-21T09:05:13","date_gmt":"2025-03-21T08:05:13","guid":{"rendered":"https:\/\/conversesacatalunya.cat\/?p=86531"},"modified":"2025-03-21T08:57:36","modified_gmt":"2025-03-21T07:57:36","slug":"nos-estan-empujando-a-una-guerra-civil-europea","status":"publish","type":"post","link":"https:\/\/conversesacatalunya.cat\/es\/nos-estan-empujando-a-una-guerra-civil-europea\/","title":{"rendered":"Nos est\u00e1n empujando a una Guerra Civil Europea"},"content":{"rendered":"<p><span>El notable historiador\u00a0<\/span><strong><span>Jos\u00e9 Enrique Ruiz-Dom\u00e8nec<\/span><\/strong><span>\u00a0escribe en\u00a0<\/span><strong><span>su obra <\/span><em><span>Europa<\/span><\/em>\u00a0<\/strong><span>\u00a0que Occidente no posee el monopolio del ser europeo. En realidad, no existe ninguna raz\u00f3n hist\u00f3rica para afirmar que el imperio carolingio sea el \u00fanico sucesor leg\u00edtimo de Roma, ya que los mismos argumentos podr\u00edan aplicarse igualmente en Rusia<\/span><\/p>\n<p style=\"font-weight: 400;\"><span>Resulta dif\u00edcil imaginar que la religi\u00f3n cristiana latina haya servido \u00fanicamente como v\u00ednculo espiritual entre los pueblos occidentales, sin haber jugado un papel igual de eficaz entre los pueblos orientales.<\/span><\/p>\n<p style=\"font-weight: 400;\"><strong><span><span class=\"VIpgJd-yAWNEb-VIpgJd-fmcmS-sn54Q\">De esta reflexi\u00f3n se desprende una fina iron\u00eda:<\/span><\/span><\/strong><span><span class=\"VIpgJd-yAWNEb-VIpgJd-fmcmS-sn54Q\">\u00a0las tradiciones fundamentales europeas son comunes tanto en Oriente como en Occidente. La supuesta oposici\u00f3n entre ambas partes es m\u00e1s aparente que real y nace de un intento arbitrario de despojar a Europa de su contenido unitario e integrador.<\/span><\/span><\/p>\n<h5><strong><span><span class=\"VIpgJd-yAWNEb-VIpgJd-fmcmS-sn54Q\">Es fundamental considerar este planteamiento antes de seguir avanzando hacia un conflicto con Rusia.<\/span><\/span><\/strong><\/h5>\n<p style=\"font-weight: 400;\"><strong><span><span class=\"VIpgJd-yAWNEb-VIpgJd-fmcmS-sn54Q\">Ruiz-Dom\u00e8nec destaca dos hechos constitutivos y complementarios de Europa:<\/span><\/span><\/strong><span><span class=\"VIpgJd-yAWNEb-VIpgJd-fmcmS-sn54Q\">\u00a0uno, desde Roma a Bizancio y posteriormente en Mosc\u00fa\u2014conocida como la Tercera Roma\u2014y otro, desde las orillas del T\u00edber hacia Aquisgr\u00e1n y\u00a0<\/span><\/span><a href=\"https:\/\/es.wikipedia.org\/wiki\/Lotaringia\" target=\"_blank\" rel=\"noopener\"><strong><span><span class=\"VIpgJd-yAWNEb-VIpgJd-fmcmS-sn54Q\">la Lotaringia<\/span><\/span><\/strong><\/a><span><span class=\"VIpgJd-yAWNEb-VIpgJd-fmcmS-sn54Q\">.\u00a0El cristianismo es el sustrato espiritual compartido en ambas tradiciones, con\u00a0<\/span><\/span><strong><span><span class=\"VIpgJd-yAWNEb-VIpgJd-fmcmS-sn54Q\">los matices propios de la Iglesia latina y la Iglesia ortodoxa.<\/span><\/span><\/strong><\/p>\n<p style=\"font-weight: 400;\"><span><span class=\"VIpgJd-yAWNEb-VIpgJd-fmcmS-sn54Q\">Sin embargo, en la actualidad,\u00a0<\/span><\/span><strong><span><span class=\"VIpgJd-yAWNEb-VIpgJd-fmcmS-sn54Q\">Mosc\u00fa intenta asumir ese legado espiritual mientras que Bruselas lo rechaza abiertamente<\/span><\/span><\/strong><span><span class=\"VIpgJd-yAWNEb-VIpgJd-fmcmS-sn54Q\">, quedando desprovista as\u00ed de una sabidur\u00eda espiritual esencial para la supervivencia cultural y social a largo plazo. Este es precisamente el problema central de la Europa occidental liderada desde Bruselas.<\/span><\/span><\/p>\n<h5><strong><span><span class=\"VIpgJd-yAWNEb-VIpgJd-fmcmS-sn54Q\">Superada la anomal\u00eda sovi\u00e9tica, y tras un breve interludio, es necesario restablecer un reencuentro entre las dos Europas.<\/span><\/span><\/strong><\/h5>\n<p style=\"font-weight: 400;\"><span><span class=\"VIpgJd-yAWNEb-VIpgJd-fmcmS-sn54Q\">La guerra de Ucrania deber\u00eda servir para aprender sobre sus causas profundas y no para demonizar una parte frente a otra, error en el que tambi\u00e9n incurre Rusia respecto a Europa. M\u00e1s bien, es esencial construir primero una paz s\u00f3lida y duradera que permita despu\u00e9s una estrecha cooperaci\u00f3n, base necesaria para una uni\u00f3n fruct\u00edfera.\u00a0<\/span><\/span><strong><span><span class=\"VIpgJd-yAWNEb-VIpgJd-fmcmS-sn54Q\">Este es el \u00fanico camino que permitir\u00e1 a Europa ser un actor global al nivel de China o Estados Unidos.<\/span><\/span><\/strong><\/p>\n<p><span><span class=\"VIpgJd-yAWNEb-VIpgJd-fmcmS-sn54Q\">No s\u00f3lo compartimos un mismo tronco hist\u00f3rico-cultural, sino que la Uni\u00f3n Europea y Rusia son arm\u00f3nicamente complementarias en t\u00e9rminos econ\u00f3micos y en disponibilidad de recursos naturales. El potencial de una uni\u00f3n entre ambas partes es extraordinario, y abordarlo positivamente no implica buscar beligerancia con Estados Unidos, sino\u00a0<\/span><\/span><strong><span><span class=\"VIpgJd-yAWNEb-VIpgJd-fmcmS-sn54Q\">evitar dos escenarios igualmente negativos que ahora se perfilan:<\/span><\/span><\/strong><\/p>\n<p style=\"font-weight: 400;\"><span>Uno es empujar a Rusia a una alianza antinatural con China, creando un bloque eurasi\u00e1tico que significar\u00eda, a largo plazo, la liquidaci\u00f3n de Europa.<\/span><\/p>\n<p style=\"font-weight: 400;\"><span>El otro es el escenario que contempla Trump, con un pacto con Putin para frenar la guerra en Ucrania, establecer condiciones de paz y estrechar lazos econ\u00f3micos con Rusia.<\/span><\/p>\n<p style=\"font-weight: 400;\"><span><span class=\"VIpgJd-yAWNEb-VIpgJd-fmcmS-sn54Q\">Este segundo escenario llevar\u00eda inevitablemente a\u00a0<\/span><\/span><strong><span><span class=\"VIpgJd-yAWNEb-VIpgJd-fmcmS-sn54Q\">cuestionar<a href=\"https:\/\/conversesacatalunya.cat\/es\/dos-espiritus-otan\/\" target=\"_blank\" rel=\"noopener\">\u00a0<\/a><\/span><\/span><span><span class=\"VIpgJd-yAWNEb-VIpgJd-fmcmS-sn54Q\">la utilidad de la OTAN<\/span><\/span><\/strong><span><span class=\"VIpgJd-yAWNEb-VIpgJd-fmcmS-sn54Q\">\u00a0y a la retirada de recursos militares estadounidenses en Europa, solucionando en gran parte los graves problemas financieros de EE.UU., cuya deuda p\u00fablica supera el 140% del PIB, en gran parte derivada de su gasto militar.<\/span><\/span><\/p>\n<p style=\"font-weight: 400;\"><span>Este enfoque forma parte de la estrategia profunda de Trump, quien, lejos de estar enloquecido,\u00a0<\/span><strong><span>representa una disrupci\u00f3n que muchos estadounidenses ven necesaria para competir contra una China<\/span><\/strong><span>\u00a0que avanza aceleradamente hacia la supremac\u00eda mundial.<\/span><\/p>\n<p style=\"font-weight: 400;\"><span>Europa puede y debe anticiparse a este proyecto estadounidense, abandonando la gu\u00eda de\u00a0<\/span><strong><span>pol\u00edticos fracasados \u200b\u200bcomo Macron o l\u00edderes brit\u00e1nicos<\/span><\/strong><span>\u00a0cuya mirada siempre apunta hacia el Atl\u00e1ntico, lejos del inter\u00e9s continental europeo.<\/span><\/p>\n<h5><strong><span>Recientemente, Ursula von der Leyen ha manifestado su apuesta por rearmar Europa de aqu\u00ed a 2030, declarando: <\/span><em><span>\u00abEuropa debe prepararse para la guerra\u00bb<\/span><\/em><span>.<\/span><\/strong><\/h5>\n<p style=\"font-weight: 400;\"><span><span class=\"VIpgJd-yAWNEb-VIpgJd-fmcmS-sn54Q\">Ante esta inquietante perspectiva, cabe preguntarse: \u00bfrealmente queremos que nuestros hijos o nosotros mismos vayamos a una guerra contra Rusia? \u00bfO preferimos que los rusos vuelvan como turistas a disfrutar de nuestras playas? Nos est\u00e1n empujando hacia una aut\u00e9ntica\u00a0<\/span><\/span><a href=\"https:\/\/conversesacatalunya.cat\/es\/mentalidad-de-guerra-europa-rusia\/\" target=\"_blank\" rel=\"noopener\"><strong><span><span class=\"VIpgJd-yAWNEb-VIpgJd-fmcmS-sn54Q\">guerra civil europea<\/span><\/span><\/strong><span><span class=\"VIpgJd-yAWNEb-VIpgJd-fmcmS-sn54Q\">.<\/span><\/span><\/a><\/p>\n<p style=\"font-weight: 400;\"><span class='bctt-click-to-tweet'><span class='bctt-ctt-text'><a href='https:\/\/twitter.com\/intent\/tweet?url=https%3A%2F%2Fconversesacatalunya.cat%2Fes%2Fnos-estan-empujando-a-una-guerra-civil-europea%2F&#038;text=Ante%20esta%20inquietante%20perspectiva%2C%20cabe%20preguntarse%3A%20%C2%BFrealmente%20queremos%20que%20nuestros%20hijos%20o%20nosotros%20mismos%20vayamos%20a%20una%20guerra%20contra%20Rusia%3F&#038;via=conversesacat&#038;related=conversesacat' target='_blank'rel=\"noopener noreferrer\">Ante esta inquietante perspectiva, cabe preguntarse: \u00bfrealmente queremos que nuestros hijos o nosotros mismos vayamos a una guerra contra Rusia? <\/a><\/span><a href='https:\/\/twitter.com\/intent\/tweet?url=https%3A%2F%2Fconversesacatalunya.cat%2Fes%2Fnos-estan-empujando-a-una-guerra-civil-europea%2F&#038;text=Ante%20esta%20inquietante%20perspectiva%2C%20cabe%20preguntarse%3A%20%C2%BFrealmente%20queremos%20que%20nuestros%20hijos%20o%20nosotros%20mismos%20vayamos%20a%20una%20guerra%20contra%20Rusia%3F&#038;via=conversesacat&#038;related=conversesacat' target='_blank' class='bctt-ctt-btn'rel=\"noopener noreferrer\">Compartir en X<\/a><\/span>\n<div id=\"polls-277\" class=\"wp-polls\">\n\t<form id=\"polls_form_277\" class=\"wp-polls-form\" action=\"\/index.php\" method=\"post\">\n\t\t<p style=\"display: none;\"><input type=\"hidden\" id=\"poll_277_nonce\" name=\"wp-polls-nonce\" value=\"ba0579586e\" \/><\/p>\n\t\t<p style=\"display: none;\"><input type=\"hidden\" name=\"poll_id\" value=\"277\" \/><\/p>\n\t\t<p style=\"text-align: center\"><strong>Creus que l'ampliaci\u00f3 de la despesa militar a Espanya hauria de passar per l'aprovaci\u00f3 del Congr\u00e9s dels Diputats?<\/strong><\/p><div id=\"polls-277-ans\" class=\"wp-polls-ans\"><ul class=\"wp-polls-ul\">\n\t\t<li><input type=\"radio\" id=\"poll-answer-782\" name=\"poll_277\" value=\"782\" \/> <label for=\"poll-answer-782\">S\u00ed<\/label><\/li>\n\t\t<li><input type=\"radio\" id=\"poll-answer-783\" name=\"poll_277\" value=\"783\" \/> <label for=\"poll-answer-783\">No<\/label><\/li>\n\t\t<li><input type=\"radio\" id=\"poll-answer-784\" name=\"poll_277\" value=\"784\" \/> <label for=\"poll-answer-784\">No ho s\u00e9<\/label><\/li>\n\t\t<\/ul><p style=\"text-align: center\"><input type=\"button\" name=\"vote\" value=\"   Vota   \" class=\"Buttons\" onclick=\"poll_vote(277);\" \/><\/p><p style=\"text-align: center\"><a href=\"#ViewPollResults\" onclick=\"poll_result(277); return false;\" title=\"View Results Of This Poll\">Mira els resultats<\/a><\/p><\/div>\n\t<\/form>\n<\/div>\n<div id=\"polls-277-loading\" class=\"wp-polls-loading\"><img decoding=\"async\" data-src=\"https:\/\/conversesacatalunya.cat\/wp-content\/plugins\/wp-polls\/images\/loading.gif\" width=\"16\" height=\"16\" alt=\"Cargando ...\" title=\"Cargando ...\" class=\"wp-polls-image lazyload\" src=\"data:image\/svg+xml;base64,PHN2ZyB3aWR0aD0iMSIgaGVpZ2h0PSIxIiB4bWxucz0iaHR0cDovL3d3dy53My5vcmcvMjAwMC9zdmciPjwvc3ZnPg==\" style=\"--smush-placeholder-width: 16px; --smush-placeholder-aspect-ratio: 16\/16;\" \/>&nbsp;Cargando ...<\/div>\n\n<p style=\"font-weight: 400;\">\n","protected":false},"excerpt":{"rendered":"<p>El notable historiador\u00a0Jos\u00e9 Enrique Ruiz-Dom\u00e8nec\u00a0escribe en\u00a0su obra Europa\u00a0\u00a0que Occidente no posee el monopolio del ser europeo. En realidad, no existe ninguna raz\u00f3n hist\u00f3rica para afirmar que el imperio carolingio sea el \u00fanico sucesor leg\u00edtimo de Roma, ya que los mismos argumentos podr\u00edan aplicarse igualmente en Rusia Resulta dif\u00edcil imaginar que la religi\u00f3n cristiana latina haya servido \u00fanicamente como v\u00ednculo espiritual entre los pueblos occidentales, sin haber jugado un papel igual de eficaz entre los pueblos orientales. De esta reflexi\u00f3n se desprende una fina iron\u00eda:\u00a0las tradiciones fundamentales europeas son comunes tanto en Oriente como en Occidente. La supuesta oposici\u00f3n entre ambas partes es m\u00e1s aparente que real y nace de un intento arbitrario de despojar a Europa de su contenido unitario e integrador. Es fundamental considerar este planteamiento antes de seguir avanzando hacia un conflicto con Rusia. Ruiz-Dom\u00e8nec destaca dos hechos constitutivos y complementarios de Europa:\u00a0uno, desde Roma a Bizancio y posteriormente en Mosc\u00fa\u2014conocida como la Tercera Roma\u2014y otro, desde las orillas del T\u00edber hacia Aquisgr\u00e1n y\u00a0la Lotaringia.\u00a0El cristianismo es el sustrato espiritual compartido en ambas tradiciones, con\u00a0los matices propios de la Iglesia latina y la Iglesia ortodoxa. Sin embargo, en la actualidad,\u00a0Mosc\u00fa intenta asumir ese legado espiritual mientras que Bruselas lo rechaza abiertamente, quedando desprovista as\u00ed de una sabidur\u00eda espiritual esencial para la supervivencia cultural y social a largo plazo. Este es precisamente el problema central de la Europa occidental liderada desde Bruselas. Superada la anomal\u00eda sovi\u00e9tica, y tras un breve interludio, es necesario restablecer un reencuentro entre las dos Europas. La guerra de Ucrania deber\u00eda servir para aprender sobre sus causas profundas y no para demonizar una parte frente a otra, error en el que tambi\u00e9n incurre Rusia respecto a Europa. M\u00e1s bien, es esencial construir primero una paz s\u00f3lida y duradera que permita despu\u00e9s una estrecha cooperaci\u00f3n, base necesaria para una uni\u00f3n fruct\u00edfera.\u00a0Este es el \u00fanico camino que permitir\u00e1 a Europa ser un actor global al nivel de China o Estados Unidos. No s\u00f3lo compartimos un mismo tronco hist\u00f3rico-cultural, sino que la Uni\u00f3n Europea y Rusia son arm\u00f3nicamente complementarias en t\u00e9rminos econ\u00f3micos y en disponibilidad de recursos naturales. El potencial de una uni\u00f3n entre ambas partes es extraordinario, y abordarlo positivamente no implica buscar beligerancia con Estados Unidos, sino\u00a0evitar dos escenarios igualmente negativos que ahora se perfilan: Uno es empujar a Rusia a una alianza antinatural con China, creando un bloque eurasi\u00e1tico que significar\u00eda, a largo plazo, la liquidaci\u00f3n de Europa. El otro es el escenario que contempla Trump, con un pacto con Putin para frenar la guerra en Ucrania, establecer condiciones de paz y estrechar lazos econ\u00f3micos con Rusia. Este segundo escenario llevar\u00eda inevitablemente a\u00a0cuestionar\u00a0la utilidad de la OTAN\u00a0y a la retirada de recursos militares estadounidenses en Europa, solucionando en gran parte los graves problemas financieros de EE.UU., cuya deuda p\u00fablica supera el 140% del PIB, en gran parte derivada de su gasto militar. Este enfoque forma parte de la estrategia profunda de Trump, quien, lejos de estar enloquecido,\u00a0representa una disrupci\u00f3n que muchos estadounidenses ven necesaria para competir contra una China\u00a0que avanza aceleradamente hacia la supremac\u00eda mundial. Europa puede y debe anticiparse a este proyecto estadounidense, abandonando la gu\u00eda de\u00a0pol\u00edticos fracasados \u200b\u200bcomo Macron o l\u00edderes brit\u00e1nicos\u00a0cuya mirada siempre apunta hacia el Atl\u00e1ntico, lejos del inter\u00e9s continental europeo. Recientemente, Ursula von der Leyen ha manifestado su apuesta por rearmar Europa de aqu\u00ed a 2030, declarando: \u00abEuropa debe prepararse para la guerra\u00bb. Ante esta inquietante perspectiva, cabe preguntarse: \u00bfrealmente queremos que nuestros hijos o nosotros mismos vayamos a una guerra contra Rusia? \u00bfO preferimos que los rusos vuelvan como turistas a disfrutar de nuestras playas? Nos est\u00e1n empujando hacia una aut\u00e9ntica\u00a0guerra civil europea.<\/p>\n","protected":false},"author":77,"featured_media":86529,"comment_status":"open","ping_status":"open","sticky":false,"template":"","format":"standard","meta":{"_FSMCFIC_featured_image_caption":"","_FSMCFIC_featured_image_nocaption":"","_FSMCFIC_featured_image_hide":"","footnotes":""},"categories":[806],"tags":[5120],"class_list":["post-86531","post","type-post","status-publish","format-standard","has-post-thumbnail","hentry","category-punts-claus-del-dia-es","tag-guerra-europa-es"],"yoast_head":"<!-- This site is optimized with the Yoast SEO plugin v26.8 - https:\/\/yoast.com\/product\/yoast-seo-wordpress\/ -->\n<title>Nos est\u00e1n empujando a una Guerra Civil Europea - Converses a Catalunya<\/title>\n<meta name=\"description\" content=\"Nos est\u00e1n empujando hacia una aut\u00e9ntica guerra civil europea. Von der Leyen ha manifestado su apuesta por rearmar Europa de aqu\u00ed al 2030\" \/>\n<meta name=\"robots\" content=\"index, follow, max-snippet:-1, max-image-preview:large, max-video-preview:-1\" \/>\n<link rel=\"canonical\" href=\"https:\/\/conversesacatalunya.cat\/?p=86505\" \/>\n<meta property=\"og:locale\" content=\"es_ES\" \/>\n<meta property=\"og:type\" content=\"article\" \/>\n<meta property=\"og:title\" content=\"Nos est\u00e1n empujando a una Guerra Civil Europea - Converses a Catalunya\" \/>\n<meta property=\"og:description\" content=\"Nos est\u00e1n empujando hacia una aut\u00e9ntica guerra civil europea. Von der Leyen ha manifestado su apuesta por rearmar Europa de aqu\u00ed al 2030\" \/>\n<meta property=\"og:url\" content=\"https:\/\/conversesacatalunya.cat\/?p=86505\" \/>\n<meta property=\"og:site_name\" content=\"Converses a Catalunya\" \/>\n<meta property=\"article:published_time\" content=\"2025-03-21T08:05:13+00:00\" \/>\n<meta property=\"og:image\" content=\"https:\/\/conversesacatalunya.cat\/wp-content\/uploads\/2025\/03\/Guerra-civil-europea.jpg\" \/>\n\t<meta property=\"og:image:width\" content=\"640\" \/>\n\t<meta property=\"og:image:height\" content=\"427\" \/>\n\t<meta property=\"og:image:type\" content=\"image\/jpeg\" \/>\n<meta name=\"author\" content=\"Enric Casanovas\" \/>\n<meta name=\"twitter:card\" content=\"summary_large_image\" \/>\n<meta name=\"twitter:label1\" content=\"Escrito por\" \/>\n\t<meta name=\"twitter:data1\" content=\"Enric Casanovas\" \/>\n\t<meta name=\"twitter:label2\" content=\"Tiempo de lectura\" \/>\n\t<meta name=\"twitter:data2\" content=\"4 minutos\" \/>\n<script type=\"application\/ld+json\" class=\"yoast-schema-graph\">{\"@context\":\"https:\/\/schema.org\",\"@graph\":[{\"@type\":\"Article\",\"@id\":\"https:\/\/conversesacatalunya.cat\/?p=86505#article\",\"isPartOf\":{\"@id\":\"https:\/\/conversesacatalunya.cat\/?p=86505\"},\"author\":{\"name\":\"Enric Casanovas\",\"@id\":\"https:\/\/conversesacatalunya.cat\/#\/schema\/person\/79bd0577b2f3afc8d6519d207c6e8609\"},\"headline\":\"Nos est\u00e1n empujando a una Guerra Civil Europea\",\"datePublished\":\"2025-03-21T08:05:13+00:00\",\"mainEntityOfPage\":{\"@id\":\"https:\/\/conversesacatalunya.cat\/?p=86505\"},\"wordCount\":709,\"commentCount\":0,\"image\":{\"@id\":\"https:\/\/conversesacatalunya.cat\/?p=86505#primaryimage\"},\"thumbnailUrl\":\"https:\/\/conversesacatalunya.cat\/wp-content\/uploads\/2025\/03\/Guerra-civil-europea.jpg\",\"keywords\":[\"Guerra Europa\"],\"articleSection\":[\"Punts clau del dia (ES)\"],\"inLanguage\":\"es\",\"potentialAction\":[{\"@type\":\"CommentAction\",\"name\":\"Comment\",\"target\":[\"https:\/\/conversesacatalunya.cat\/?p=86505#respond\"]}]},{\"@type\":\"WebPage\",\"@id\":\"https:\/\/conversesacatalunya.cat\/?p=86505\",\"url\":\"https:\/\/conversesacatalunya.cat\/?p=86505\",\"name\":\"Nos est\u00e1n empujando a una Guerra Civil Europea - Converses a Catalunya\",\"isPartOf\":{\"@id\":\"https:\/\/conversesacatalunya.cat\/#website\"},\"primaryImageOfPage\":{\"@id\":\"https:\/\/conversesacatalunya.cat\/?p=86505#primaryimage\"},\"image\":{\"@id\":\"https:\/\/conversesacatalunya.cat\/?p=86505#primaryimage\"},\"thumbnailUrl\":\"https:\/\/conversesacatalunya.cat\/wp-content\/uploads\/2025\/03\/Guerra-civil-europea.jpg\",\"datePublished\":\"2025-03-21T08:05:13+00:00\",\"author\":{\"@id\":\"https:\/\/conversesacatalunya.cat\/#\/schema\/person\/79bd0577b2f3afc8d6519d207c6e8609\"},\"description\":\"Nos est\u00e1n empujando hacia una aut\u00e9ntica guerra civil europea. Von der Leyen ha manifestado su apuesta por rearmar Europa de aqu\u00ed al 2030\",\"breadcrumb\":{\"@id\":\"https:\/\/conversesacatalunya.cat\/?p=86505#breadcrumb\"},\"inLanguage\":\"es\",\"potentialAction\":[{\"@type\":\"ReadAction\",\"target\":[\"https:\/\/conversesacatalunya.cat\/?p=86505\"]}]},{\"@type\":\"ImageObject\",\"inLanguage\":\"es\",\"@id\":\"https:\/\/conversesacatalunya.cat\/?p=86505#primaryimage\",\"url\":\"https:\/\/conversesacatalunya.cat\/wp-content\/uploads\/2025\/03\/Guerra-civil-europea.jpg\",\"contentUrl\":\"https:\/\/conversesacatalunya.cat\/wp-content\/uploads\/2025\/03\/Guerra-civil-europea.jpg\",\"width\":640,\"height\":427,\"caption\":\"Guerra civil europea\"},{\"@type\":\"BreadcrumbList\",\"@id\":\"https:\/\/conversesacatalunya.cat\/?p=86505#breadcrumb\",\"itemListElement\":[{\"@type\":\"ListItem\",\"position\":1,\"name\":\"Inici\",\"item\":\"https:\/\/conversesacatalunya.cat\/es\/\"},{\"@type\":\"ListItem\",\"position\":2,\"name\":\"Nos est\u00e1n empujando a una Guerra Civil Europea\"}]},{\"@type\":\"WebSite\",\"@id\":\"https:\/\/conversesacatalunya.cat\/#website\",\"url\":\"https:\/\/conversesacatalunya.cat\/\",\"name\":\"Converses a Catalunya\",\"description\":\"\",\"potentialAction\":[{\"@type\":\"SearchAction\",\"target\":{\"@type\":\"EntryPoint\",\"urlTemplate\":\"https:\/\/conversesacatalunya.cat\/?s={search_term_string}\"},\"query-input\":{\"@type\":\"PropertyValueSpecification\",\"valueRequired\":true,\"valueName\":\"search_term_string\"}}],\"inLanguage\":\"es\"},{\"@type\":\"Person\",\"@id\":\"https:\/\/conversesacatalunya.cat\/#\/schema\/person\/79bd0577b2f3afc8d6519d207c6e8609\",\"name\":\"Enric Casanovas\",\"image\":{\"@type\":\"ImageObject\",\"inLanguage\":\"es\",\"@id\":\"https:\/\/conversesacatalunya.cat\/#\/schema\/person\/image\/\",\"url\":\"https:\/\/conversesacatalunya.cat\/wp-content\/litespeed\/avatar\/7ae4379ad4421ec77820e92afd36dd78.jpg?ver=1777373933\",\"contentUrl\":\"https:\/\/conversesacatalunya.cat\/wp-content\/litespeed\/avatar\/7ae4379ad4421ec77820e92afd36dd78.jpg?ver=1777373933\",\"caption\":\"Enric Casanovas\"},\"url\":\"https:\/\/conversesacatalunya.cat\/es\/author\/enric-casanovas\/\"}]}<\/script>\n<!-- \/ Yoast SEO plugin. -->","yoast_head_json":{"title":"Nos est\u00e1n empujando a una Guerra Civil Europea - Converses a Catalunya","description":"Nos est\u00e1n empujando hacia una aut\u00e9ntica guerra civil europea. Von der Leyen ha manifestado su apuesta por rearmar Europa de aqu\u00ed al 2030","robots":{"index":"index","follow":"follow","max-snippet":"max-snippet:-1","max-image-preview":"max-image-preview:large","max-video-preview":"max-video-preview:-1"},"canonical":"https:\/\/conversesacatalunya.cat\/?p=86505","og_locale":"es_ES","og_type":"article","og_title":"Nos est\u00e1n empujando a una Guerra Civil Europea - Converses a Catalunya","og_description":"Nos est\u00e1n empujando hacia una aut\u00e9ntica guerra civil europea. Von der Leyen ha manifestado su apuesta por rearmar Europa de aqu\u00ed al 2030","og_url":"https:\/\/conversesacatalunya.cat\/?p=86505","og_site_name":"Converses a Catalunya","article_published_time":"2025-03-21T08:05:13+00:00","og_image":[{"width":640,"height":427,"url":"https:\/\/conversesacatalunya.cat\/wp-content\/uploads\/2025\/03\/Guerra-civil-europea.jpg","type":"image\/jpeg"}],"author":"Enric Casanovas","twitter_card":"summary_large_image","twitter_misc":{"Escrito por":"Enric Casanovas","Tiempo de lectura":"4 minutos"},"schema":{"@context":"https:\/\/schema.org","@graph":[{"@type":"Article","@id":"https:\/\/conversesacatalunya.cat\/?p=86505#article","isPartOf":{"@id":"https:\/\/conversesacatalunya.cat\/?p=86505"},"author":{"name":"Enric Casanovas","@id":"https:\/\/conversesacatalunya.cat\/#\/schema\/person\/79bd0577b2f3afc8d6519d207c6e8609"},"headline":"Nos est\u00e1n empujando a una Guerra Civil Europea","datePublished":"2025-03-21T08:05:13+00:00","mainEntityOfPage":{"@id":"https:\/\/conversesacatalunya.cat\/?p=86505"},"wordCount":709,"commentCount":0,"image":{"@id":"https:\/\/conversesacatalunya.cat\/?p=86505#primaryimage"},"thumbnailUrl":"https:\/\/conversesacatalunya.cat\/wp-content\/uploads\/2025\/03\/Guerra-civil-europea.jpg","keywords":["Guerra Europa"],"articleSection":["Punts clau del dia (ES)"],"inLanguage":"es","potentialAction":[{"@type":"CommentAction","name":"Comment","target":["https:\/\/conversesacatalunya.cat\/?p=86505#respond"]}]},{"@type":"WebPage","@id":"https:\/\/conversesacatalunya.cat\/?p=86505","url":"https:\/\/conversesacatalunya.cat\/?p=86505","name":"Nos est\u00e1n empujando a una Guerra Civil Europea - Converses a Catalunya","isPartOf":{"@id":"https:\/\/conversesacatalunya.cat\/#website"},"primaryImageOfPage":{"@id":"https:\/\/conversesacatalunya.cat\/?p=86505#primaryimage"},"image":{"@id":"https:\/\/conversesacatalunya.cat\/?p=86505#primaryimage"},"thumbnailUrl":"https:\/\/conversesacatalunya.cat\/wp-content\/uploads\/2025\/03\/Guerra-civil-europea.jpg","datePublished":"2025-03-21T08:05:13+00:00","author":{"@id":"https:\/\/conversesacatalunya.cat\/#\/schema\/person\/79bd0577b2f3afc8d6519d207c6e8609"},"description":"Nos est\u00e1n empujando hacia una aut\u00e9ntica guerra civil europea. Von der Leyen ha manifestado su apuesta por rearmar Europa de aqu\u00ed al 2030","breadcrumb":{"@id":"https:\/\/conversesacatalunya.cat\/?p=86505#breadcrumb"},"inLanguage":"es","potentialAction":[{"@type":"ReadAction","target":["https:\/\/conversesacatalunya.cat\/?p=86505"]}]},{"@type":"ImageObject","inLanguage":"es","@id":"https:\/\/conversesacatalunya.cat\/?p=86505#primaryimage","url":"https:\/\/conversesacatalunya.cat\/wp-content\/uploads\/2025\/03\/Guerra-civil-europea.jpg","contentUrl":"https:\/\/conversesacatalunya.cat\/wp-content\/uploads\/2025\/03\/Guerra-civil-europea.jpg","width":640,"height":427,"caption":"Guerra civil europea"},{"@type":"BreadcrumbList","@id":"https:\/\/conversesacatalunya.cat\/?p=86505#breadcrumb","itemListElement":[{"@type":"ListItem","position":1,"name":"Inici","item":"https:\/\/conversesacatalunya.cat\/es\/"},{"@type":"ListItem","position":2,"name":"Nos est\u00e1n empujando a una Guerra Civil Europea"}]},{"@type":"WebSite","@id":"https:\/\/conversesacatalunya.cat\/#website","url":"https:\/\/conversesacatalunya.cat\/","name":"Converses a Catalunya","description":"","potentialAction":[{"@type":"SearchAction","target":{"@type":"EntryPoint","urlTemplate":"https:\/\/conversesacatalunya.cat\/?s={search_term_string}"},"query-input":{"@type":"PropertyValueSpecification","valueRequired":true,"valueName":"search_term_string"}}],"inLanguage":"es"},{"@type":"Person","@id":"https:\/\/conversesacatalunya.cat\/#\/schema\/person\/79bd0577b2f3afc8d6519d207c6e8609","name":"Enric Casanovas","image":{"@type":"ImageObject","inLanguage":"es","@id":"https:\/\/conversesacatalunya.cat\/#\/schema\/person\/image\/","url":"https:\/\/conversesacatalunya.cat\/wp-content\/litespeed\/avatar\/7ae4379ad4421ec77820e92afd36dd78.jpg?ver=1777373933","contentUrl":"https:\/\/conversesacatalunya.cat\/wp-content\/litespeed\/avatar\/7ae4379ad4421ec77820e92afd36dd78.jpg?ver=1777373933","caption":"Enric Casanovas"},"url":"https:\/\/conversesacatalunya.cat\/es\/author\/enric-casanovas\/"}]}},"wps_subtitle":"Las tradiciones fundamentales europeas son comunes tanto en Oriente como en Occidente. La supuesta oposici\u00f3n entre ambas partes es m\u00e1s aparente que real y nace de un intento arbitrario de despojar a Europa de su contenido unitario e integrador.","_links":{"self":[{"href":"https:\/\/conversesacatalunya.cat\/es\/wp-json\/wp\/v2\/posts\/86531","targetHints":{"allow":["GET"]}}],"collection":[{"href":"https:\/\/conversesacatalunya.cat\/es\/wp-json\/wp\/v2\/posts"}],"about":[{"href":"https:\/\/conversesacatalunya.cat\/es\/wp-json\/wp\/v2\/types\/post"}],"author":[{"embeddable":true,"href":"https:\/\/conversesacatalunya.cat\/es\/wp-json\/wp\/v2\/users\/77"}],"replies":[{"embeddable":true,"href":"https:\/\/conversesacatalunya.cat\/es\/wp-json\/wp\/v2\/comments?post=86531"}],"version-history":[{"count":4,"href":"https:\/\/conversesacatalunya.cat\/es\/wp-json\/wp\/v2\/posts\/86531\/revisions"}],"predecessor-version":[{"id":86535,"href":"https:\/\/conversesacatalunya.cat\/es\/wp-json\/wp\/v2\/posts\/86531\/revisions\/86535"}],"wp:featuredmedia":[{"embeddable":true,"href":"https:\/\/conversesacatalunya.cat\/es\/wp-json\/wp\/v2\/media\/86529"}],"wp:attachment":[{"href":"https:\/\/conversesacatalunya.cat\/es\/wp-json\/wp\/v2\/media?parent=86531"}],"wp:term":[{"taxonomy":"category","embeddable":true,"href":"https:\/\/conversesacatalunya.cat\/es\/wp-json\/wp\/v2\/categories?post=86531"},{"taxonomy":"post_tag","embeddable":true,"href":"https:\/\/conversesacatalunya.cat\/es\/wp-json\/wp\/v2\/tags?post=86531"}],"curies":[{"name":"wp","href":"https:\/\/api.w.org\/{rel}","templated":true}]}}