{"id":86465,"date":"2025-03-22T08:41:31","date_gmt":"2025-03-22T07:41:31","guid":{"rendered":"https:\/\/conversesacatalunya.cat\/?p=86465"},"modified":"2025-03-20T08:50:31","modified_gmt":"2025-03-20T07:50:31","slug":"agua-regenerada-una-solucion-resiliente-ante-la-sequia","status":"publish","type":"post","link":"https:\/\/conversesacatalunya.cat\/es\/agua-regenerada-una-solucion-resiliente-ante-la-sequia\/","title":{"rendered":"El agua regenerada, una soluci\u00f3n resiliente ante la sequ\u00eda"},"content":{"rendered":"<p>Apenas entrada la primavera, el planeta celebra este <strong>22 de marzo<\/strong> el D\u00eda Mundial del Agua. Para la cita de este a\u00f1o, Naciones Unidas ha puesto el foco en la <strong>\u201cConservaci\u00f3n de los glaciares\u201d<\/strong>. Precisamente el hielo, la nieve y los glaciares son elementos gravemente perjudicados por el avance del <a href=\"https:\/\/conversesacatalunya.cat\/es\/gestion-sostenible-del-agua-clave-en-la-lucha-cambio-climatico\/\" target=\"_blank\" rel=\"noopener\"><strong>cambio clim\u00e1tico<\/strong><\/a>. El calentamiento global acelera un deshielo de los glaciares que implica<strong> repercusiones no s\u00f3lo ambientales, sino tambi\u00e9n sociales y econ\u00f3micas<\/strong>. Una crisis clim\u00e1tica que amenaza al planeta entero y que pide actuar para afrontar el problema.<\/p>\n<p>El cambio clim\u00e1tico se posiciona como el principal reto de la humanidad en pleno siglo XXI. Todo ello mientras, todav\u00eda, m\u00e1s de 2 millones de personas en el mundo son privadas del acceso a agua potable y la escasez de agua afecta a la mitad del planeta.<\/p>\n<p>Catalu\u00f1a no es ajena a ello y sufre una <strong>grave situaci\u00f3n de sequ\u00eda<\/strong> que ya dura m\u00e1s de tres a\u00f1os. Aunque las lluvias espor\u00e1dicas de los \u00faltimos meses han paliado m\u00ednimamente la situaci\u00f3n, los embalses de las cuencas internas se encuentran en torno al <strong>45% de su capacidad<\/strong>. Si volvemos la vista atr\u00e1s en la \u00faltima d\u00e9cada, el agua almacenada se situaba sobre el 65%. Y, desgraciadamente, la sequ\u00eda ha llegado para quedarse. Seg\u00fan la Agencia Catalana del Agua (ACA), en 2027 el d\u00e9ficit h\u00eddrico del \u00e1rea metropolitana de Barcelona ser\u00e1 de <strong>130 hect\u00f3metros c\u00fabicos, el equivalente a unas 300 piscinas ol\u00edmpicas<\/strong>. Solo quedan dos a\u00f1os para alcanzar estas cifras si no se toman medidas para evitarlo.<\/p>\n<h3><span style=\"color: #00ccff;\"><strong>El agua regenerada, una soluci\u00f3n para un ciclo del agua circular <\/strong><\/span><\/h3>\n<p>En un momento en que el ciclo de un recurso escaso como el agua est\u00e1 en peligro, <a href=\"https:\/\/www.aiguesdebarcelona.cat\/es\/aigues-de-barcelona\" target=\"_blank\" rel=\"noopener\"><strong>Aig\u00fces de Barcelona<\/strong><\/a> lleva tiempo apostando por una soluci\u00f3n sostenible: <strong>el agua regenerada<\/strong>.<\/p>\n<p>De esta forma, el ciclo del agua suma un paso m\u00e1s tras la depuraci\u00f3n: la regeneraci\u00f3n. Es decir, las aguas residuales provenientes de la red de saneamiento se depuran y posteriormente reciben un <strong>tratamiento adicional que permite su reutilizaci\u00f3n<\/strong> en diversos usos. Los m\u00e1s comunes son el agr\u00edcola, el ambiental, el industrial y el urbano.<\/p>\n<p>Desde la Estaci\u00f3n Regeneradora de Agua de la depuradora del Baix Llobregat, se impulsan hasta 1.500 litros de agua por segundo hasta Molins de Rei. All\u00ed se incorporan al caudal del r\u00edo en condici\u00f3n de agua prepotable. Posteriormente, y tras recorrer ocho kil\u00f3metros, el agua llega al punto de captaci\u00f3n de la planta potabilizadora de Sant Joan Desp\u00ed, donde <strong>volver\u00e1 a tratarse y potabilizarse<\/strong> para enviarla posteriormente a los hogares metropolitanos.<\/p>\n<p>S\u00f3lo en 2024, <a href=\"https:\/\/www.aiguesdebarcelona.cat\/es\/aigues-de-barcelona\" target=\"_blank\" rel=\"noopener\"><strong>Aig\u00fces de Barcelona<\/strong><\/a> <strong>regener\u00f3 tanta agua como la que consume un mill\u00f3n de personas en un a\u00f1o entero<\/strong>: un total de 43,3 hect\u00f3metros c\u00fabicos. Se trata, adem\u00e1s, de un proceso <strong>m\u00e1s sostenible<\/strong> que otras propuestas para combatir la escasez h\u00eddrica. Por ejemplo, regenerar agua tiene un coste energ\u00e9tico hasta tres veces inferior al de desalinizarla y genera casi un 50% menos de huella de carbono.<\/p>\n<p>Con esta apuesta por el agua regenerada, Aig\u00fces de Barcelona refuerza su prop\u00f3sito de asegurar el suministro de agua de calidad en los 23 municipios del \u00e1rea metropolitana, en cualquier circunstancia; haya o no sequ\u00eda.<\/p>\n<h3><span style=\"color: #00ccff;\"><strong>Hacia unas instalaciones m\u00e1s resilientes<\/strong><\/span><\/h3>\n<p>Para hacer realidad este camino hacia ciudades m\u00e1s resilientes, es necesario invertir y convertir las infraestructuras del ciclo integral del agua en instalaciones resistentes, robustas y adaptadas al cambio clim\u00e1tico. Con este objetivo, se est\u00e1 desplegando un <strong>plan de inversiones<\/strong>, coordinado entre Aig\u00fces de Barcelona y la administraci\u00f3n, para aprovechar todos los recursos h\u00eddricos disponibles.<\/p>\n<figure id=\"attachment_86436\" aria-describedby=\"caption-attachment-86436\" style=\"width: 840px\" class=\"wp-caption alignnone\"><img fetchpriority=\"high\" decoding=\"async\" class=\"wp-image-86436 size-full\" src=\"https:\/\/conversesacatalunya.cat\/wp-content\/uploads\/2025\/03\/depuradora-1.jpg\" alt=\"\" width=\"840\" height=\"568\" srcset=\"https:\/\/conversesacatalunya.cat\/wp-content\/uploads\/2025\/03\/depuradora-1.jpg 840w, https:\/\/conversesacatalunya.cat\/wp-content\/uploads\/2025\/03\/depuradora-1-300x203.jpg 300w\" sizes=\"(max-width: 840px) 100vw, 840px\" \/><figcaption id=\"caption-attachment-86436\" class=\"wp-caption-text\">La planta potabilizadora del Bes\u00f2s triplicar\u00e1 su capacidad de producci\u00f3n de agua potable<\/figcaption><\/figure>\n<p>Una de las actuaciones previstas en el plan es la que concierne a la <strong>planta potabilizadora del Bes\u00f2s<\/strong>. En esta planta se ha llevado a cabo la primera fase de unas obras que permitir\u00e1n <strong>recuperar el Rec Comtal<\/strong> como recurso para el abastecimiento. Pero la compa\u00f1\u00eda tiene un plan m\u00e1s ambicioso para esta instalaci\u00f3n: Aig\u00fces de Barcelona planea <strong>ampliar la infraestructura<\/strong> para aprovechar el agua directamente desde la cabecera del Rec y tambi\u00e9n del r\u00edo. Esta mejora, junto con la construcci\u00f3n de nuevos pozos en la zona, multiplicar\u00e1n por tres la producci\u00f3n de agua potable de la instalaci\u00f3n del Bes\u00f2s para abastecer al entorno metropolitano. Todo ello utilizando algunos de los tratamientos m\u00e1s avanzados en el proceso de potabilizaci\u00f3n, como la ultrafiltraci\u00f3n y la \u00f3smosis inversa. El objetivo es que esta instalaci\u00f3n aporte hasta el 15% del agua consumida en la regi\u00f3n metropolitana.<\/p>\n<p>La planta potabilizadora <strong>l\u2019Estrella de Sant Feliu de Llobregat<\/strong> es otra de las instalaciones que la compa\u00f1\u00eda est\u00e1 actualizando. En este caso, Aig\u00fces de Barcelona trabaja para incluir dos nuevas l\u00edneas de tratamientos pioneros en potabilizaci\u00f3n: la \u00f3smosis inversa y el carb\u00f3n activo, <strong>para el conjunto de los 5 pozos<\/strong>, con una capacidad de tratamiento de hasta 1.000 litros por segundo. Con estas obras de mejora, la <strong>nueva l\u00ednea de carb\u00f3n activo<\/strong> tratar\u00e1 el 75% del agua, mientras que el 25% recibir\u00e1 <strong>tratamiento por \u00f3smosis inversa<\/strong>. Esta actuaci\u00f3n permitir\u00e1 aprovechar toda el agua disponible en estos momentos de escasez h\u00eddrica en la cuenca mediterr\u00e1nea. Aig\u00fces de Barcelona prev\u00e9 finalizar las obras en la planta potabilizadora l\u2019Estrella de Sant Feliu de Llobregat este 2025.<\/p>\n<p><strong>La innovaci\u00f3n, la capacidad tecnol\u00f3gica y la colaboraci\u00f3n p\u00fablico-privada<\/strong> son clave para seguir garantizando el agua potable y de calidad en la regi\u00f3n metropolitana, ya castigada por los efectos de la crisis clim\u00e1tica. El objetivo es claro: avanzamos hacia un futuro m\u00e1s sostenible para caminar juntos, personas y planeta.<\/p>\n<span class='bctt-click-to-tweet'><span class='bctt-ctt-text'><a href='https:\/\/twitter.com\/intent\/tweet?url=https%3A%2F%2Fconversesacatalunya.cat%2Fes%2Fagua-regenerada-una-solucion-resiliente-ante-la-sequia%2F&#038;text=S%C3%B3lo%20en%202024%2C%20Aig%C3%BCes%20de%20Barcelona%20regener%C3%B3%20tanta%20agua%20como%20la%20que%20consume%20un%20mill%C3%B3n%20de%20personas%20en%20un%20a%C3%B1o%20entero&#038;via=conversesacat&#038;related=conversesacat' target='_blank'rel=\"noopener noreferrer\">S\u00f3lo en 2024, Aig\u00fces de Barcelona regener\u00f3 tanta agua como la que consume un mill\u00f3n de personas en un a\u00f1o entero <\/a><\/span><a href='https:\/\/twitter.com\/intent\/tweet?url=https%3A%2F%2Fconversesacatalunya.cat%2Fes%2Fagua-regenerada-una-solucion-resiliente-ante-la-sequia%2F&#038;text=S%C3%B3lo%20en%202024%2C%20Aig%C3%BCes%20de%20Barcelona%20regener%C3%B3%20tanta%20agua%20como%20la%20que%20consume%20un%20mill%C3%B3n%20de%20personas%20en%20un%20a%C3%B1o%20entero&#038;via=conversesacat&#038;related=conversesacat' target='_blank' class='bctt-ctt-btn'rel=\"noopener noreferrer\">Compartir en X<\/a><\/span>\n<p>&nbsp;<\/p>\n","protected":false},"excerpt":{"rendered":"<p>Apenas entrada la primavera, el planeta celebra este 22 de marzo el D\u00eda Mundial del Agua. Para la cita de este a\u00f1o, Naciones Unidas ha puesto el foco en la \u201cConservaci\u00f3n de los glaciares\u201d. Precisamente el hielo, la nieve y los glaciares son elementos gravemente perjudicados por el avance del cambio clim\u00e1tico. El calentamiento global acelera un deshielo de los glaciares que implica repercusiones no s\u00f3lo ambientales, sino tambi\u00e9n sociales y econ\u00f3micas. Una crisis clim\u00e1tica que amenaza al planeta entero y que pide actuar para afrontar el problema. El cambio clim\u00e1tico se posiciona como el principal reto de la humanidad en pleno siglo XXI. Todo ello mientras, todav\u00eda, m\u00e1s de 2 millones de personas en el mundo son privadas del acceso a agua potable y la escasez de agua afecta a la mitad del planeta. Catalu\u00f1a no es ajena a ello y sufre una grave situaci\u00f3n de sequ\u00eda que ya dura m\u00e1s de tres a\u00f1os. Aunque las lluvias espor\u00e1dicas de los \u00faltimos meses han paliado m\u00ednimamente la situaci\u00f3n, los embalses de las cuencas internas se encuentran en torno al 45% de su capacidad. Si volvemos la vista atr\u00e1s en la \u00faltima d\u00e9cada, el agua almacenada se situaba sobre el 65%. Y, desgraciadamente, la sequ\u00eda ha llegado para quedarse. Seg\u00fan la Agencia Catalana del Agua (ACA), en 2027 el d\u00e9ficit h\u00eddrico del \u00e1rea metropolitana de Barcelona ser\u00e1 de 130 hect\u00f3metros c\u00fabicos, el equivalente a unas 300 piscinas ol\u00edmpicas. Solo quedan dos a\u00f1os para alcanzar estas cifras si no se toman medidas para evitarlo. El agua regenerada, una soluci\u00f3n para un ciclo del agua circular En un momento en que el ciclo de un recurso escaso como el agua est\u00e1 en peligro, Aig\u00fces de Barcelona lleva tiempo apostando por una soluci\u00f3n sostenible: el agua regenerada. De esta forma, el ciclo del agua suma un paso m\u00e1s tras la depuraci\u00f3n: la regeneraci\u00f3n. Es decir, las aguas residuales provenientes de la red de saneamiento se depuran y posteriormente reciben un tratamiento adicional que permite su reutilizaci\u00f3n en diversos usos. Los m\u00e1s comunes son el agr\u00edcola, el ambiental, el industrial y el urbano. Desde la Estaci\u00f3n Regeneradora de Agua de la depuradora del Baix Llobregat, se impulsan hasta 1.500 litros de agua por segundo hasta Molins de Rei. All\u00ed se incorporan al caudal del r\u00edo en condici\u00f3n de agua prepotable. Posteriormente, y tras recorrer ocho kil\u00f3metros, el agua llega al punto de captaci\u00f3n de la planta potabilizadora de Sant Joan Desp\u00ed, donde volver\u00e1 a tratarse y potabilizarse para enviarla posteriormente a los hogares metropolitanos. S\u00f3lo en 2024, Aig\u00fces de Barcelona regener\u00f3 tanta agua como la que consume un mill\u00f3n de personas en un a\u00f1o entero: un total de 43,3 hect\u00f3metros c\u00fabicos. Se trata, adem\u00e1s, de un proceso m\u00e1s sostenible que otras propuestas para combatir la escasez h\u00eddrica. Por ejemplo, regenerar agua tiene un coste energ\u00e9tico hasta tres veces inferior al de desalinizarla y genera casi un 50% menos de huella de carbono. Con esta apuesta por el agua regenerada, Aig\u00fces de Barcelona refuerza su prop\u00f3sito de asegurar el suministro de agua de calidad en los 23 municipios del \u00e1rea metropolitana, en cualquier circunstancia; haya o no sequ\u00eda. Hacia unas instalaciones m\u00e1s resilientes Para hacer realidad este camino hacia ciudades m\u00e1s resilientes, es necesario invertir y convertir las infraestructuras del ciclo integral del agua en instalaciones resistentes, robustas y adaptadas al cambio clim\u00e1tico. Con este objetivo, se est\u00e1 desplegando un plan de inversiones, coordinado entre Aig\u00fces de Barcelona y la administraci\u00f3n, para aprovechar todos los recursos h\u00eddricos disponibles. Una de las actuaciones previstas en el plan es la que concierne a la planta potabilizadora del Bes\u00f2s. En esta planta se ha llevado a cabo la primera fase de unas obras que permitir\u00e1n recuperar el Rec Comtal como recurso para el abastecimiento. Pero la compa\u00f1\u00eda tiene un plan m\u00e1s ambicioso para esta instalaci\u00f3n: Aig\u00fces de Barcelona planea ampliar la infraestructura para aprovechar el agua directamente desde la cabecera del Rec y tambi\u00e9n del r\u00edo. Esta mejora, junto con la construcci\u00f3n de nuevos pozos en la zona, multiplicar\u00e1n por tres la producci\u00f3n de agua potable de la instalaci\u00f3n del Bes\u00f2s para abastecer al entorno metropolitano. Todo ello utilizando algunos de los tratamientos m\u00e1s avanzados en el proceso de potabilizaci\u00f3n, como la ultrafiltraci\u00f3n y la \u00f3smosis inversa. El objetivo es que esta instalaci\u00f3n aporte hasta el 15% del agua consumida en la regi\u00f3n metropolitana. La planta potabilizadora l\u2019Estrella de Sant Feliu de Llobregat es otra de las instalaciones que la compa\u00f1\u00eda est\u00e1 actualizando. En este caso, Aig\u00fces de Barcelona trabaja para incluir dos nuevas l\u00edneas de tratamientos pioneros en potabilizaci\u00f3n: la \u00f3smosis inversa y el carb\u00f3n activo, para el conjunto de los 5 pozos, con una capacidad de tratamiento de hasta 1.000 litros por segundo. Con estas obras de mejora, la nueva l\u00ednea de carb\u00f3n activo tratar\u00e1 el 75% del agua, mientras que el 25% recibir\u00e1 tratamiento por \u00f3smosis inversa. Esta actuaci\u00f3n permitir\u00e1 aprovechar toda el agua disponible en estos momentos de escasez h\u00eddrica en la cuenca mediterr\u00e1nea. Aig\u00fces de Barcelona prev\u00e9 finalizar las obras en la planta potabilizadora l\u2019Estrella de Sant Feliu de Llobregat este 2025. La innovaci\u00f3n, la capacidad tecnol\u00f3gica y la colaboraci\u00f3n p\u00fablico-privada son clave para seguir garantizando el agua potable y de calidad en la regi\u00f3n metropolitana, ya castigada por los efectos de la crisis clim\u00e1tica. El objetivo es claro: avanzamos hacia un futuro m\u00e1s sostenible para caminar juntos, personas y planeta. &nbsp;<\/p>\n","protected":false},"author":3,"featured_media":86428,"comment_status":"open","ping_status":"open","sticky":false,"template":"","format":"standard","meta":{"_FSMCFIC_featured_image_caption":"El agua regenerada es la soluci\u00f3n m\u00e1s sostenible para hacer frente a la escasez h\u00eddrica. Aig\u00fces de Barcelona","_FSMCFIC_featured_image_nocaption":"","_FSMCFIC_featured_image_hide":"","footnotes":""},"categories":[806],"tags":[3580,3578],"class_list":["post-86465","post","type-post","status-publish","format-standard","has-post-thumbnail","hentry","category-punts-claus-del-dia-es","tag-dia-mundial-de-laigua-es-2","tag-dia-mundial-de-laigua-es"],"yoast_head":"<!-- This site is optimized with the Yoast SEO plugin v26.8 - https:\/\/yoast.com\/product\/yoast-seo-wordpress\/ -->\n<title>El agua regenerada, una soluci\u00f3n resiliente ante la sequ\u00eda - Converses a Catalunya<\/title>\n<meta name=\"description\" content=\"El agua regenerada, una soluci\u00f3n ante a la sequ\u00eda. Aig\u00fces de Barcelona hace tiempo que apuesta por una soluci\u00f3n: agua regenerada.\" \/>\n<meta name=\"robots\" content=\"index, follow, max-snippet:-1, max-image-preview:large, max-video-preview:-1\" \/>\n<link rel=\"canonical\" href=\"https:\/\/conversesacatalunya.cat\/?p=86425\" \/>\n<meta property=\"og:locale\" content=\"es_ES\" \/>\n<meta property=\"og:type\" content=\"article\" \/>\n<meta property=\"og:title\" content=\"El agua regenerada, una soluci\u00f3n resiliente ante la sequ\u00eda - Converses a Catalunya\" \/>\n<meta property=\"og:description\" content=\"El agua regenerada, una soluci\u00f3n ante a la sequ\u00eda. Aig\u00fces de Barcelona hace tiempo que apuesta por una soluci\u00f3n: agua regenerada.\" \/>\n<meta property=\"og:url\" content=\"https:\/\/conversesacatalunya.cat\/?p=86425\" \/>\n<meta property=\"og:site_name\" content=\"Converses a Catalunya\" \/>\n<meta property=\"article:published_time\" content=\"2025-03-22T07:41:31+00:00\" \/>\n<meta property=\"og:image\" content=\"https:\/\/conversesacatalunya.cat\/wp-content\/uploads\/2025\/03\/Captura.jpg\" \/>\n\t<meta property=\"og:image:width\" content=\"871\" \/>\n\t<meta property=\"og:image:height\" content=\"537\" \/>\n\t<meta property=\"og:image:type\" content=\"image\/jpeg\" \/>\n<meta name=\"author\" content=\"conversesacatalunya\" \/>\n<meta name=\"twitter:card\" content=\"summary_large_image\" \/>\n<meta name=\"twitter:label1\" content=\"Escrito por\" \/>\n\t<meta name=\"twitter:data1\" content=\"conversesacatalunya\" \/>\n\t<meta name=\"twitter:label2\" content=\"Tiempo de lectura\" \/>\n\t<meta name=\"twitter:data2\" content=\"5 minutos\" \/>\n<script type=\"application\/ld+json\" class=\"yoast-schema-graph\">{\"@context\":\"https:\/\/schema.org\",\"@graph\":[{\"@type\":\"Article\",\"@id\":\"https:\/\/conversesacatalunya.cat\/?p=86425#article\",\"isPartOf\":{\"@id\":\"https:\/\/conversesacatalunya.cat\/?p=86425\"},\"author\":{\"name\":\"conversesacatalunya\",\"@id\":\"https:\/\/conversesacatalunya.cat\/#\/schema\/person\/982274792508d804a0821b413c9ac076\"},\"headline\":\"El agua regenerada, una soluci\u00f3n resiliente ante la sequ\u00eda\",\"datePublished\":\"2025-03-22T07:41:31+00:00\",\"mainEntityOfPage\":{\"@id\":\"https:\/\/conversesacatalunya.cat\/?p=86425\"},\"wordCount\":1041,\"commentCount\":0,\"image\":{\"@id\":\"https:\/\/conversesacatalunya.cat\/?p=86425#primaryimage\"},\"thumbnailUrl\":\"https:\/\/conversesacatalunya.cat\/wp-content\/uploads\/2025\/03\/Captura.jpg\",\"keywords\":[\"Dia Mundial de l'Aigua\",\"Dia Mundial de l&#8217;Aigua\"],\"articleSection\":[\"Punts clau del dia (ES)\"],\"inLanguage\":\"es\",\"potentialAction\":[{\"@type\":\"CommentAction\",\"name\":\"Comment\",\"target\":[\"https:\/\/conversesacatalunya.cat\/?p=86425#respond\"]}]},{\"@type\":\"WebPage\",\"@id\":\"https:\/\/conversesacatalunya.cat\/?p=86425\",\"url\":\"https:\/\/conversesacatalunya.cat\/?p=86425\",\"name\":\"El agua regenerada, una soluci\u00f3n resiliente ante la sequ\u00eda - Converses a Catalunya\",\"isPartOf\":{\"@id\":\"https:\/\/conversesacatalunya.cat\/#website\"},\"primaryImageOfPage\":{\"@id\":\"https:\/\/conversesacatalunya.cat\/?p=86425#primaryimage\"},\"image\":{\"@id\":\"https:\/\/conversesacatalunya.cat\/?p=86425#primaryimage\"},\"thumbnailUrl\":\"https:\/\/conversesacatalunya.cat\/wp-content\/uploads\/2025\/03\/Captura.jpg\",\"datePublished\":\"2025-03-22T07:41:31+00:00\",\"author\":{\"@id\":\"https:\/\/conversesacatalunya.cat\/#\/schema\/person\/982274792508d804a0821b413c9ac076\"},\"description\":\"El agua regenerada, una soluci\u00f3n ante a la sequ\u00eda. Aig\u00fces de Barcelona hace tiempo que apuesta por una soluci\u00f3n: agua regenerada.\",\"breadcrumb\":{\"@id\":\"https:\/\/conversesacatalunya.cat\/?p=86425#breadcrumb\"},\"inLanguage\":\"es\",\"potentialAction\":[{\"@type\":\"ReadAction\",\"target\":[\"https:\/\/conversesacatalunya.cat\/?p=86425\"]}]},{\"@type\":\"ImageObject\",\"inLanguage\":\"es\",\"@id\":\"https:\/\/conversesacatalunya.cat\/?p=86425#primaryimage\",\"url\":\"https:\/\/conversesacatalunya.cat\/wp-content\/uploads\/2025\/03\/Captura.jpg\",\"contentUrl\":\"https:\/\/conversesacatalunya.cat\/wp-content\/uploads\/2025\/03\/Captura.jpg\",\"width\":871,\"height\":537,\"caption\":\"soluci\u00f3n ante la sequ\u00eda\"},{\"@type\":\"BreadcrumbList\",\"@id\":\"https:\/\/conversesacatalunya.cat\/?p=86425#breadcrumb\",\"itemListElement\":[{\"@type\":\"ListItem\",\"position\":1,\"name\":\"Inici\",\"item\":\"https:\/\/conversesacatalunya.cat\/es\/\"},{\"@type\":\"ListItem\",\"position\":2,\"name\":\"El agua regenerada, una soluci\u00f3n resiliente ante la sequ\u00eda\"}]},{\"@type\":\"WebSite\",\"@id\":\"https:\/\/conversesacatalunya.cat\/#website\",\"url\":\"https:\/\/conversesacatalunya.cat\/\",\"name\":\"Converses a Catalunya\",\"description\":\"\",\"potentialAction\":[{\"@type\":\"SearchAction\",\"target\":{\"@type\":\"EntryPoint\",\"urlTemplate\":\"https:\/\/conversesacatalunya.cat\/?s={search_term_string}\"},\"query-input\":{\"@type\":\"PropertyValueSpecification\",\"valueRequired\":true,\"valueName\":\"search_term_string\"}}],\"inLanguage\":\"es\"},{\"@type\":\"Person\",\"@id\":\"https:\/\/conversesacatalunya.cat\/#\/schema\/person\/982274792508d804a0821b413c9ac076\",\"name\":\"conversesacatalunya\",\"image\":{\"@type\":\"ImageObject\",\"inLanguage\":\"es\",\"@id\":\"https:\/\/conversesacatalunya.cat\/#\/schema\/person\/image\/\",\"url\":\"https:\/\/conversesacatalunya.cat\/wp-content\/litespeed\/avatar\/f04b47eeffd9637c7cf7869e217fb9ec.jpg?ver=1776765264\",\"contentUrl\":\"https:\/\/conversesacatalunya.cat\/wp-content\/litespeed\/avatar\/f04b47eeffd9637c7cf7869e217fb9ec.jpg?ver=1776765264\",\"caption\":\"conversesacatalunya\"},\"url\":\"https:\/\/conversesacatalunya.cat\/es\/author\/muntsa_escola\/\"}]}<\/script>\n<!-- \/ Yoast SEO plugin. -->","yoast_head_json":{"title":"El agua regenerada, una soluci\u00f3n resiliente ante la sequ\u00eda - Converses a Catalunya","description":"El agua regenerada, una soluci\u00f3n ante a la sequ\u00eda. Aig\u00fces de Barcelona hace tiempo que apuesta por una soluci\u00f3n: agua regenerada.","robots":{"index":"index","follow":"follow","max-snippet":"max-snippet:-1","max-image-preview":"max-image-preview:large","max-video-preview":"max-video-preview:-1"},"canonical":"https:\/\/conversesacatalunya.cat\/?p=86425","og_locale":"es_ES","og_type":"article","og_title":"El agua regenerada, una soluci\u00f3n resiliente ante la sequ\u00eda - Converses a Catalunya","og_description":"El agua regenerada, una soluci\u00f3n ante a la sequ\u00eda. Aig\u00fces de Barcelona hace tiempo que apuesta por una soluci\u00f3n: agua regenerada.","og_url":"https:\/\/conversesacatalunya.cat\/?p=86425","og_site_name":"Converses a Catalunya","article_published_time":"2025-03-22T07:41:31+00:00","og_image":[{"width":871,"height":537,"url":"https:\/\/conversesacatalunya.cat\/wp-content\/uploads\/2025\/03\/Captura.jpg","type":"image\/jpeg"}],"author":"conversesacatalunya","twitter_card":"summary_large_image","twitter_misc":{"Escrito por":"conversesacatalunya","Tiempo de lectura":"5 minutos"},"schema":{"@context":"https:\/\/schema.org","@graph":[{"@type":"Article","@id":"https:\/\/conversesacatalunya.cat\/?p=86425#article","isPartOf":{"@id":"https:\/\/conversesacatalunya.cat\/?p=86425"},"author":{"name":"conversesacatalunya","@id":"https:\/\/conversesacatalunya.cat\/#\/schema\/person\/982274792508d804a0821b413c9ac076"},"headline":"El agua regenerada, una soluci\u00f3n resiliente ante la sequ\u00eda","datePublished":"2025-03-22T07:41:31+00:00","mainEntityOfPage":{"@id":"https:\/\/conversesacatalunya.cat\/?p=86425"},"wordCount":1041,"commentCount":0,"image":{"@id":"https:\/\/conversesacatalunya.cat\/?p=86425#primaryimage"},"thumbnailUrl":"https:\/\/conversesacatalunya.cat\/wp-content\/uploads\/2025\/03\/Captura.jpg","keywords":["Dia Mundial de l'Aigua","Dia Mundial de l&#8217;Aigua"],"articleSection":["Punts clau del dia (ES)"],"inLanguage":"es","potentialAction":[{"@type":"CommentAction","name":"Comment","target":["https:\/\/conversesacatalunya.cat\/?p=86425#respond"]}]},{"@type":"WebPage","@id":"https:\/\/conversesacatalunya.cat\/?p=86425","url":"https:\/\/conversesacatalunya.cat\/?p=86425","name":"El agua regenerada, una soluci\u00f3n resiliente ante la sequ\u00eda - Converses a Catalunya","isPartOf":{"@id":"https:\/\/conversesacatalunya.cat\/#website"},"primaryImageOfPage":{"@id":"https:\/\/conversesacatalunya.cat\/?p=86425#primaryimage"},"image":{"@id":"https:\/\/conversesacatalunya.cat\/?p=86425#primaryimage"},"thumbnailUrl":"https:\/\/conversesacatalunya.cat\/wp-content\/uploads\/2025\/03\/Captura.jpg","datePublished":"2025-03-22T07:41:31+00:00","author":{"@id":"https:\/\/conversesacatalunya.cat\/#\/schema\/person\/982274792508d804a0821b413c9ac076"},"description":"El agua regenerada, una soluci\u00f3n ante a la sequ\u00eda. Aig\u00fces de Barcelona hace tiempo que apuesta por una soluci\u00f3n: agua regenerada.","breadcrumb":{"@id":"https:\/\/conversesacatalunya.cat\/?p=86425#breadcrumb"},"inLanguage":"es","potentialAction":[{"@type":"ReadAction","target":["https:\/\/conversesacatalunya.cat\/?p=86425"]}]},{"@type":"ImageObject","inLanguage":"es","@id":"https:\/\/conversesacatalunya.cat\/?p=86425#primaryimage","url":"https:\/\/conversesacatalunya.cat\/wp-content\/uploads\/2025\/03\/Captura.jpg","contentUrl":"https:\/\/conversesacatalunya.cat\/wp-content\/uploads\/2025\/03\/Captura.jpg","width":871,"height":537,"caption":"soluci\u00f3n ante la sequ\u00eda"},{"@type":"BreadcrumbList","@id":"https:\/\/conversesacatalunya.cat\/?p=86425#breadcrumb","itemListElement":[{"@type":"ListItem","position":1,"name":"Inici","item":"https:\/\/conversesacatalunya.cat\/es\/"},{"@type":"ListItem","position":2,"name":"El agua regenerada, una soluci\u00f3n resiliente ante la sequ\u00eda"}]},{"@type":"WebSite","@id":"https:\/\/conversesacatalunya.cat\/#website","url":"https:\/\/conversesacatalunya.cat\/","name":"Converses a Catalunya","description":"","potentialAction":[{"@type":"SearchAction","target":{"@type":"EntryPoint","urlTemplate":"https:\/\/conversesacatalunya.cat\/?s={search_term_string}"},"query-input":{"@type":"PropertyValueSpecification","valueRequired":true,"valueName":"search_term_string"}}],"inLanguage":"es"},{"@type":"Person","@id":"https:\/\/conversesacatalunya.cat\/#\/schema\/person\/982274792508d804a0821b413c9ac076","name":"conversesacatalunya","image":{"@type":"ImageObject","inLanguage":"es","@id":"https:\/\/conversesacatalunya.cat\/#\/schema\/person\/image\/","url":"https:\/\/conversesacatalunya.cat\/wp-content\/litespeed\/avatar\/f04b47eeffd9637c7cf7869e217fb9ec.jpg?ver=1776765264","contentUrl":"https:\/\/conversesacatalunya.cat\/wp-content\/litespeed\/avatar\/f04b47eeffd9637c7cf7869e217fb9ec.jpg?ver=1776765264","caption":"conversesacatalunya"},"url":"https:\/\/conversesacatalunya.cat\/es\/author\/muntsa_escola\/"}]}},"wps_subtitle":"Un a\u00f1o m\u00e1s, Aig\u00fces de Barcelona conmemora el D\u00eda Mundial del Agua afianzando su objetivo para hacer del ciclo integral del agua un c\u00edrculo perfecto a trav\u00e9s del agua regenerada. Una apuesta clave en un momento en el que el cambio clim\u00e1tico no da tregua. ","_links":{"self":[{"href":"https:\/\/conversesacatalunya.cat\/es\/wp-json\/wp\/v2\/posts\/86465","targetHints":{"allow":["GET"]}}],"collection":[{"href":"https:\/\/conversesacatalunya.cat\/es\/wp-json\/wp\/v2\/posts"}],"about":[{"href":"https:\/\/conversesacatalunya.cat\/es\/wp-json\/wp\/v2\/types\/post"}],"author":[{"embeddable":true,"href":"https:\/\/conversesacatalunya.cat\/es\/wp-json\/wp\/v2\/users\/3"}],"replies":[{"embeddable":true,"href":"https:\/\/conversesacatalunya.cat\/es\/wp-json\/wp\/v2\/comments?post=86465"}],"version-history":[{"count":6,"href":"https:\/\/conversesacatalunya.cat\/es\/wp-json\/wp\/v2\/posts\/86465\/revisions"}],"predecessor-version":[{"id":86471,"href":"https:\/\/conversesacatalunya.cat\/es\/wp-json\/wp\/v2\/posts\/86465\/revisions\/86471"}],"wp:featuredmedia":[{"embeddable":true,"href":"https:\/\/conversesacatalunya.cat\/es\/wp-json\/wp\/v2\/media\/86428"}],"wp:attachment":[{"href":"https:\/\/conversesacatalunya.cat\/es\/wp-json\/wp\/v2\/media?parent=86465"}],"wp:term":[{"taxonomy":"category","embeddable":true,"href":"https:\/\/conversesacatalunya.cat\/es\/wp-json\/wp\/v2\/categories?post=86465"},{"taxonomy":"post_tag","embeddable":true,"href":"https:\/\/conversesacatalunya.cat\/es\/wp-json\/wp\/v2\/tags?post=86465"}],"curies":[{"name":"wp","href":"https:\/\/api.w.org\/{rel}","templated":true}]}}