{"id":86461,"date":"2025-03-19T10:55:48","date_gmt":"2025-03-19T09:55:48","guid":{"rendered":"https:\/\/conversesacatalunya.cat\/govern-illa-un-informe-demolidor\/"},"modified":"2025-03-19T14:58:34","modified_gmt":"2025-03-19T13:58:34","slug":"gobierno-illa-un-informe-demoledor","status":"publish","type":"post","link":"https:\/\/conversesacatalunya.cat\/es\/gobierno-illa-un-informe-demoledor\/","title":{"rendered":"Gobierno Illa: Un informe demoledor"},"content":{"rendered":"<p><span><span class=\"\">Los persistentes problemas en los trenes de\u00a0<\/span><\/span><a href=\"https:\/\/conversesacatalunya.cat\/es\/cercanias-y-el-colapso-de-las-infraestructuras-catalanas\/\" target=\"_blank\" rel=\"noopener\"><strong><span><span class=\"\">cercan\u00edas de Renfe<\/span><\/span><\/strong><\/a><span><span class=\"\">\u00a0y el fracaso en su traspaso a la Generalitat, debido principalmente a la resistencia de los trabajadores de la compa\u00f1\u00eda nacional de ferrocarriles, constituyen un duro rev\u00e9s para la gesti\u00f3n del Govern liderado por Salvador Illa.<\/span><\/span><\/p>\n<p><span><span class=\"\">Despu\u00e9s de m\u00e1s de medio a\u00f1o a la cabeza, no aparecen indicios claros que permitan pensar que el ejecutivo catal\u00e1n\u00a0<\/span><\/span><strong><span><span class=\"\">pueda mejorar la gesti\u00f3n de los servicios p\u00fablicos esenciales<\/span><\/span><\/strong><span><span class=\"\">, de los cuales depende directamente la calidad de vida de la ciudadan\u00eda.<\/span><\/span><\/p>\n<p><span>En este per\u00edodo, el Gobierno Illa se ha caracterizado fundamentalmente por\u00a0<\/span><strong><span>tres aspectos<\/span><\/strong><span>. Primero, una imagen de seriedad que podr\u00eda generar sensaci\u00f3n de rigor frente al ruido pol\u00edtico habitual. Segundo, una intensa y desmedida campa\u00f1a publicitaria centrada en promesas futuras, sin concretar medidas inmediatas. Tercero, y m\u00e1s preocupante, la manifiesta incapacidad para ofrecer mejoras reales en la gesti\u00f3n p\u00fablica, lo que ha sido confirmado recientemente por el contundente informe presentado en el Parlamento catal\u00e1n por la S\u00edndica de Greuges, Esther Gim\u00e9nez-Salinas.<\/span><\/p>\n<p><span>El informe de la sindicatura expone\u00a0<\/span><strong><span>datos alarmantes<\/span><\/strong><span>: las quejas ciudadanas han alcanzado las 11.214 en el \u00faltimo a\u00f1o, mil m\u00e1s que el a\u00f1o anterior, alcanzando niveles similares a los registrados durante los peores momentos de la pandemia. La evaluaci\u00f3n se\u00f1ala directamente a la Generalitat para prestar servicios lentos, excesivamente burocr\u00e1ticos y obsoletos, en completo contraste con las promesas electorales y discursos oficiales del presidente Illa.<\/span><\/p>\n<p><span>Los indicadores sectoriales son especialmente preocupantes en \u00e1reas sensibles como\u00a0<\/span><strong><span>la sanidad y los servicios sociales<\/span><\/strong><span>. Las listas de espera quir\u00fargicas crecieron un 9%, mientras que las consultas externas y pruebas diagn\u00f3sticas aumentaron un 18%. El acceso a residencias para personas mayores y personas con discapacidad tambi\u00e9n ha empeorado: las esperas medias alcanzan 1,2 a\u00f1os para mayores y hasta seis a\u00f1os para discapacitados. Asimismo, la demora en la concesi\u00f3n de viviendas sociales alcanza un a\u00f1o y medio, agravando a\u00fan m\u00e1s la ya precaria situaci\u00f3n habitacional en Catalu\u00f1a.<\/span><\/p>\n<p><span>Adem\u00e1s,\u00a0<\/span><strong><span>la burocracia de la Generalitat recibe fuertes cr\u00edticas por priorizar la comodidad administrativa por encima de la eficacia y accesibilidad al ciudadano<\/span><\/strong><span>. Seg\u00fan Esther Gim\u00e9nez-Salinas, algunos procedimientos y formularios parecen dise\u00f1ados para facilitar exclusivamente el trabajo a los funcionarios, complicando innecesariamente la vida a los usuarios. La propia s\u00edndica declar\u00f3 que algunos documentos administrativos son tan complejos que s\u00f3lo ella, en ocasiones, logra entenderlos.<\/span><\/p>\n<p><span>El informe tambi\u00e9n cuestiona\u00a0<\/span><strong><span>el enfoque de ciertas pol\u00edticas sociales<\/span><\/strong><span>, especialmente en el \u00e1mbito del envejecimiento y la dependencia. Aunque el Govern insiste en aumentar las plazas residenciales para las personas mayores, la demanda supera ampliamente a la oferta disponible. Paralelamente, la atenci\u00f3n domiciliaria, una soluci\u00f3n l\u00f3gica para permitir un envejecimiento digno en casa, sigue profundamente desatendida.<\/span><\/p>\n<p><span>A\u00a0<\/span><strong><span>nivel educativo<\/span><\/strong><span>, aunque es evidente que Catalu\u00f1a afronta una profunda crisis que requiere m\u00e1s recursos, el informe subraya que la soluci\u00f3n no puede limitarse s\u00f3lo a un incremento presupuestario, ya que la ra\u00edz del problema es mucho m\u00e1s profunda.<\/span><\/p>\n<p><span>Otra asignatura pendiente destacada por la sindicatura es la carencia de un modelo claro de acogida e integraci\u00f3n de inmigrantes, que ya constituyen cerca del 25% de la poblaci\u00f3n catalana. Esta carencia resulta escandalosa y revela una falta de inter\u00e9s real para abordar estrat\u00e9gicamente la cuesti\u00f3n desde el Gobierno.<\/span><\/p>\n<p><span>El informe se\u00f1ala un problema generalizado, especialmente agudo en Catalu\u00f1a debido a una financiaci\u00f3n insuficiente y unas prioridades gubernamentales desconectadas de las necesidades reales de la poblaci\u00f3n. Como ejemplo ilustrativo, el informe critica el continuo incremento de impuestos, especialmente en materia de vivienda, aplicados por el Gobierno Illa, generando un \u201cinfierno fiscal\u201d que contrasta radicalmente con la poca eficiencia en los servicios p\u00fablicos.<\/span><\/p>\n<p><span>Resulta llamativo que Salvador Illa, quien en la oposici\u00f3n propuso reducir gastos superfluos por valor de 1.100 millones de euros, no haya llevado a cabo estas iniciativas tras alcanzar la presidencia. En cambio, la respuesta habitual del ejecutivo catal\u00e1n a los problemas sociales sigue siendo m\u00e1s publicidad,\u00a0<\/span><strong><span>promesas futuras y aumento de la presi\u00f3n fiscal sobre la ciudadan\u00eda<\/span><\/strong><span>.<\/span><\/p>\n<p><span>La realidad palpable es que el actual sistema pol\u00edtico permite afirmaciones sorprendentes por parte de altos cargos sin consecuencias reales. As\u00ed, cuando recientemente la consellera de Salut afirm\u00f3 que el problema no era la carencia de m\u00e9dicos, sino su distribuci\u00f3n, no hubo ninguna reacci\u00f3n concreta ni planes efectivos para resolverlo, ilustrando la inacci\u00f3n del Govern ante problemas urgentes.<\/span><\/p>\n<p><span>En definitiva, despu\u00e9s de m\u00e1s de medio a\u00f1o de gobierno, el Gobierno Illa muestra una\u00a0<\/span><strong><span>preocupante incapacidad para abordar eficazmente los problemas fundamentales de Catalunya<\/span><\/strong><span>, apostando por la propaganda y la subida de impuestos en lugar de emprender reformas profundas en la administraci\u00f3n p\u00fablica. El informe de la Sindicatura de Greuges es claro y contundente: necesita mucho m\u00e1s que promesas vac\u00edas para mejorar realmente la vida de los catalanes.<\/span><span><\/span><\/p>\n","protected":false},"excerpt":{"rendered":"<p>Los persistentes problemas en los trenes de\u00a0cercan\u00edas de Renfe\u00a0y el fracaso en su traspaso a la Generalitat, debido principalmente a la resistencia de los trabajadores de la compa\u00f1\u00eda nacional de ferrocarriles, constituyen un duro rev\u00e9s para la gesti\u00f3n del Govern liderado por Salvador Illa. Despu\u00e9s de m\u00e1s de medio a\u00f1o a la cabeza, no aparecen indicios claros que permitan pensar que el ejecutivo catal\u00e1n\u00a0pueda mejorar la gesti\u00f3n de los servicios p\u00fablicos esenciales, de los cuales depende directamente la calidad de vida de la ciudadan\u00eda. En este per\u00edodo, el Gobierno Illa se ha caracterizado fundamentalmente por\u00a0tres aspectos. Primero, una imagen de seriedad que podr\u00eda generar sensaci\u00f3n de rigor frente al ruido pol\u00edtico habitual. Segundo, una intensa y desmedida campa\u00f1a publicitaria centrada en promesas futuras, sin concretar medidas inmediatas. Tercero, y m\u00e1s preocupante, la manifiesta incapacidad para ofrecer mejoras reales en la gesti\u00f3n p\u00fablica, lo que ha sido confirmado recientemente por el contundente informe presentado en el Parlamento catal\u00e1n por la S\u00edndica de Greuges, Esther Gim\u00e9nez-Salinas. El informe de la sindicatura expone\u00a0datos alarmantes: las quejas ciudadanas han alcanzado las 11.214 en el \u00faltimo a\u00f1o, mil m\u00e1s que el a\u00f1o anterior, alcanzando niveles similares a los registrados durante los peores momentos de la pandemia. La evaluaci\u00f3n se\u00f1ala directamente a la Generalitat para prestar servicios lentos, excesivamente burocr\u00e1ticos y obsoletos, en completo contraste con las promesas electorales y discursos oficiales del presidente Illa. Los indicadores sectoriales son especialmente preocupantes en \u00e1reas sensibles como\u00a0la sanidad y los servicios sociales. Las listas de espera quir\u00fargicas crecieron un 9%, mientras que las consultas externas y pruebas diagn\u00f3sticas aumentaron un 18%. El acceso a residencias para personas mayores y personas con discapacidad tambi\u00e9n ha empeorado: las esperas medias alcanzan 1,2 a\u00f1os para mayores y hasta seis a\u00f1os para discapacitados. Asimismo, la demora en la concesi\u00f3n de viviendas sociales alcanza un a\u00f1o y medio, agravando a\u00fan m\u00e1s la ya precaria situaci\u00f3n habitacional en Catalu\u00f1a. Adem\u00e1s,\u00a0la burocracia de la Generalitat recibe fuertes cr\u00edticas por priorizar la comodidad administrativa por encima de la eficacia y accesibilidad al ciudadano. Seg\u00fan Esther Gim\u00e9nez-Salinas, algunos procedimientos y formularios parecen dise\u00f1ados para facilitar exclusivamente el trabajo a los funcionarios, complicando innecesariamente la vida a los usuarios. La propia s\u00edndica declar\u00f3 que algunos documentos administrativos son tan complejos que s\u00f3lo ella, en ocasiones, logra entenderlos. El informe tambi\u00e9n cuestiona\u00a0el enfoque de ciertas pol\u00edticas sociales, especialmente en el \u00e1mbito del envejecimiento y la dependencia. Aunque el Govern insiste en aumentar las plazas residenciales para las personas mayores, la demanda supera ampliamente a la oferta disponible. Paralelamente, la atenci\u00f3n domiciliaria, una soluci\u00f3n l\u00f3gica para permitir un envejecimiento digno en casa, sigue profundamente desatendida. A\u00a0nivel educativo, aunque es evidente que Catalu\u00f1a afronta una profunda crisis que requiere m\u00e1s recursos, el informe subraya que la soluci\u00f3n no puede limitarse s\u00f3lo a un incremento presupuestario, ya que la ra\u00edz del problema es mucho m\u00e1s profunda. Otra asignatura pendiente destacada por la sindicatura es la carencia de un modelo claro de acogida e integraci\u00f3n de inmigrantes, que ya constituyen cerca del 25% de la poblaci\u00f3n catalana. Esta carencia resulta escandalosa y revela una falta de inter\u00e9s real para abordar estrat\u00e9gicamente la cuesti\u00f3n desde el Gobierno. El informe se\u00f1ala un problema generalizado, especialmente agudo en Catalu\u00f1a debido a una financiaci\u00f3n insuficiente y unas prioridades gubernamentales desconectadas de las necesidades reales de la poblaci\u00f3n. Como ejemplo ilustrativo, el informe critica el continuo incremento de impuestos, especialmente en materia de vivienda, aplicados por el Gobierno Illa, generando un \u201cinfierno fiscal\u201d que contrasta radicalmente con la poca eficiencia en los servicios p\u00fablicos. Resulta llamativo que Salvador Illa, quien en la oposici\u00f3n propuso reducir gastos superfluos por valor de 1.100 millones de euros, no haya llevado a cabo estas iniciativas tras alcanzar la presidencia. En cambio, la respuesta habitual del ejecutivo catal\u00e1n a los problemas sociales sigue siendo m\u00e1s publicidad,\u00a0promesas futuras y aumento de la presi\u00f3n fiscal sobre la ciudadan\u00eda. La realidad palpable es que el actual sistema pol\u00edtico permite afirmaciones sorprendentes por parte de altos cargos sin consecuencias reales. As\u00ed, cuando recientemente la consellera de Salut afirm\u00f3 que el problema no era la carencia de m\u00e9dicos, sino su distribuci\u00f3n, no hubo ninguna reacci\u00f3n concreta ni planes efectivos para resolverlo, ilustrando la inacci\u00f3n del Govern ante problemas urgentes. En definitiva, despu\u00e9s de m\u00e1s de medio a\u00f1o de gobierno, el Gobierno Illa muestra una\u00a0preocupante incapacidad para abordar eficazmente los problemas fundamentales de Catalunya, apostando por la propaganda y la subida de impuestos en lugar de emprender reformas profundas en la administraci\u00f3n p\u00fablica. El informe de la Sindicatura de Greuges es claro y contundente: necesita mucho m\u00e1s que promesas vac\u00edas para mejorar realmente la vida de los catalanes.<\/p>\n","protected":false},"author":77,"featured_media":83558,"comment_status":"open","ping_status":"open","sticky":false,"template":"","format":"standard","meta":{"_FSMCFIC_featured_image_caption":"","_FSMCFIC_featured_image_nocaption":"","_FSMCFIC_featured_image_hide":"","footnotes":""},"categories":[806],"tags":[3079],"class_list":["post-86461","post","type-post","status-publish","format-standard","has-post-thumbnail","hentry","category-punts-claus-del-dia-es","tag-salvador-illa"],"yoast_head":"<!-- This site is optimized with the Yoast SEO plugin v26.8 - https:\/\/yoast.com\/product\/yoast-seo-wordpress\/ -->\n<title>Gobierno Illa: Un informe demoledor - Converses a Catalunya<\/title>\n<meta name=\"description\" content=\"El Govern Illa muestra una preocupante incapacidad para abordar eficazmente los problemas fundamentales de Catalunya\" \/>\n<meta name=\"robots\" content=\"index, follow, max-snippet:-1, max-image-preview:large, max-video-preview:-1\" \/>\n<link rel=\"canonical\" href=\"https:\/\/conversesacatalunya.cat\/es\/gobierno-illa-un-informe-demoledor\/\" \/>\n<meta property=\"og:locale\" content=\"es_ES\" \/>\n<meta property=\"og:type\" content=\"article\" \/>\n<meta property=\"og:title\" content=\"Gobierno Illa: Un informe demoledor - Converses a Catalunya\" \/>\n<meta property=\"og:description\" content=\"El Govern Illa muestra una preocupante incapacidad para abordar eficazmente los problemas fundamentales de Catalunya\" \/>\n<meta property=\"og:url\" content=\"https:\/\/conversesacatalunya.cat\/es\/gobierno-illa-un-informe-demoledor\/\" \/>\n<meta property=\"og:site_name\" content=\"Converses a Catalunya\" \/>\n<meta property=\"article:published_time\" content=\"2025-03-19T09:55:48+00:00\" \/>\n<meta property=\"article:modified_time\" content=\"2025-03-19T13:58:34+00:00\" \/>\n<meta property=\"og:image\" content=\"https:\/\/conversesacatalunya.cat\/wp-content\/uploads\/2024\/11\/humanismo-cristiano.jpeg\" \/>\n\t<meta property=\"og:image:width\" content=\"642\" \/>\n\t<meta property=\"og:image:height\" content=\"372\" \/>\n\t<meta property=\"og:image:type\" content=\"image\/jpeg\" \/>\n<meta name=\"author\" content=\"Enric Casanovas\" \/>\n<meta name=\"twitter:card\" content=\"summary_large_image\" \/>\n<meta name=\"twitter:label1\" content=\"Escrito por\" \/>\n\t<meta name=\"twitter:data1\" content=\"Enric Casanovas\" \/>\n\t<meta name=\"twitter:label2\" content=\"Tiempo de lectura\" \/>\n\t<meta name=\"twitter:data2\" content=\"4 minutos\" \/>\n<script type=\"application\/ld+json\" class=\"yoast-schema-graph\">{\"@context\":\"https:\/\/schema.org\",\"@graph\":[{\"@type\":\"Article\",\"@id\":\"https:\/\/conversesacatalunya.cat\/es\/gobierno-illa-un-informe-demoledor\/#article\",\"isPartOf\":{\"@id\":\"https:\/\/conversesacatalunya.cat\/es\/gobierno-illa-un-informe-demoledor\/\"},\"author\":{\"name\":\"Enric Casanovas\",\"@id\":\"https:\/\/conversesacatalunya.cat\/#\/schema\/person\/79bd0577b2f3afc8d6519d207c6e8609\"},\"headline\":\"Gobierno Illa: Un informe demoledor\",\"datePublished\":\"2025-03-19T09:55:48+00:00\",\"dateModified\":\"2025-03-19T13:58:34+00:00\",\"mainEntityOfPage\":{\"@id\":\"https:\/\/conversesacatalunya.cat\/es\/gobierno-illa-un-informe-demoledor\/\"},\"wordCount\":863,\"commentCount\":0,\"image\":{\"@id\":\"https:\/\/conversesacatalunya.cat\/es\/gobierno-illa-un-informe-demoledor\/#primaryimage\"},\"thumbnailUrl\":\"https:\/\/conversesacatalunya.cat\/wp-content\/uploads\/2024\/11\/humanismo-cristiano.jpeg\",\"keywords\":[\"Salvador Illa\"],\"articleSection\":[\"Punts clau del dia (ES)\"],\"inLanguage\":\"es\",\"potentialAction\":[{\"@type\":\"CommentAction\",\"name\":\"Comment\",\"target\":[\"https:\/\/conversesacatalunya.cat\/es\/gobierno-illa-un-informe-demoledor\/#respond\"]}]},{\"@type\":\"WebPage\",\"@id\":\"https:\/\/conversesacatalunya.cat\/es\/gobierno-illa-un-informe-demoledor\/\",\"url\":\"https:\/\/conversesacatalunya.cat\/es\/gobierno-illa-un-informe-demoledor\/\",\"name\":\"Gobierno Illa: Un informe demoledor - Converses a Catalunya\",\"isPartOf\":{\"@id\":\"https:\/\/conversesacatalunya.cat\/#website\"},\"primaryImageOfPage\":{\"@id\":\"https:\/\/conversesacatalunya.cat\/es\/gobierno-illa-un-informe-demoledor\/#primaryimage\"},\"image\":{\"@id\":\"https:\/\/conversesacatalunya.cat\/es\/gobierno-illa-un-informe-demoledor\/#primaryimage\"},\"thumbnailUrl\":\"https:\/\/conversesacatalunya.cat\/wp-content\/uploads\/2024\/11\/humanismo-cristiano.jpeg\",\"datePublished\":\"2025-03-19T09:55:48+00:00\",\"dateModified\":\"2025-03-19T13:58:34+00:00\",\"author\":{\"@id\":\"https:\/\/conversesacatalunya.cat\/#\/schema\/person\/79bd0577b2f3afc8d6519d207c6e8609\"},\"description\":\"El Govern Illa muestra una preocupante incapacidad para abordar eficazmente los problemas fundamentales de Catalunya\",\"breadcrumb\":{\"@id\":\"https:\/\/conversesacatalunya.cat\/es\/gobierno-illa-un-informe-demoledor\/#breadcrumb\"},\"inLanguage\":\"es\",\"potentialAction\":[{\"@type\":\"ReadAction\",\"target\":[\"https:\/\/conversesacatalunya.cat\/es\/gobierno-illa-un-informe-demoledor\/\"]}]},{\"@type\":\"ImageObject\",\"inLanguage\":\"es\",\"@id\":\"https:\/\/conversesacatalunya.cat\/es\/gobierno-illa-un-informe-demoledor\/#primaryimage\",\"url\":\"https:\/\/conversesacatalunya.cat\/wp-content\/uploads\/2024\/11\/humanismo-cristiano.jpeg\",\"contentUrl\":\"https:\/\/conversesacatalunya.cat\/wp-content\/uploads\/2024\/11\/humanismo-cristiano.jpeg\",\"width\":642,\"height\":372,\"caption\":\"humanismo cristiano Illa\"},{\"@type\":\"BreadcrumbList\",\"@id\":\"https:\/\/conversesacatalunya.cat\/es\/gobierno-illa-un-informe-demoledor\/#breadcrumb\",\"itemListElement\":[{\"@type\":\"ListItem\",\"position\":1,\"name\":\"Inici\",\"item\":\"https:\/\/conversesacatalunya.cat\/es\/\"},{\"@type\":\"ListItem\",\"position\":2,\"name\":\"Gobierno Illa: Un informe demoledor\"}]},{\"@type\":\"WebSite\",\"@id\":\"https:\/\/conversesacatalunya.cat\/#website\",\"url\":\"https:\/\/conversesacatalunya.cat\/\",\"name\":\"Converses a Catalunya\",\"description\":\"\",\"potentialAction\":[{\"@type\":\"SearchAction\",\"target\":{\"@type\":\"EntryPoint\",\"urlTemplate\":\"https:\/\/conversesacatalunya.cat\/?s={search_term_string}\"},\"query-input\":{\"@type\":\"PropertyValueSpecification\",\"valueRequired\":true,\"valueName\":\"search_term_string\"}}],\"inLanguage\":\"es\"},{\"@type\":\"Person\",\"@id\":\"https:\/\/conversesacatalunya.cat\/#\/schema\/person\/79bd0577b2f3afc8d6519d207c6e8609\",\"name\":\"Enric Casanovas\",\"image\":{\"@type\":\"ImageObject\",\"inLanguage\":\"es\",\"@id\":\"https:\/\/conversesacatalunya.cat\/#\/schema\/person\/image\/\",\"url\":\"https:\/\/conversesacatalunya.cat\/wp-content\/litespeed\/avatar\/7ae4379ad4421ec77820e92afd36dd78.jpg?ver=1777373933\",\"contentUrl\":\"https:\/\/conversesacatalunya.cat\/wp-content\/litespeed\/avatar\/7ae4379ad4421ec77820e92afd36dd78.jpg?ver=1777373933\",\"caption\":\"Enric Casanovas\"},\"url\":\"https:\/\/conversesacatalunya.cat\/es\/author\/enric-casanovas\/\"}]}<\/script>\n<!-- \/ Yoast SEO plugin. -->","yoast_head_json":{"title":"Gobierno Illa: Un informe demoledor - Converses a Catalunya","description":"El Govern Illa muestra una preocupante incapacidad para abordar eficazmente los problemas fundamentales de Catalunya","robots":{"index":"index","follow":"follow","max-snippet":"max-snippet:-1","max-image-preview":"max-image-preview:large","max-video-preview":"max-video-preview:-1"},"canonical":"https:\/\/conversesacatalunya.cat\/es\/gobierno-illa-un-informe-demoledor\/","og_locale":"es_ES","og_type":"article","og_title":"Gobierno Illa: Un informe demoledor - Converses a Catalunya","og_description":"El Govern Illa muestra una preocupante incapacidad para abordar eficazmente los problemas fundamentales de Catalunya","og_url":"https:\/\/conversesacatalunya.cat\/es\/gobierno-illa-un-informe-demoledor\/","og_site_name":"Converses a Catalunya","article_published_time":"2025-03-19T09:55:48+00:00","article_modified_time":"2025-03-19T13:58:34+00:00","og_image":[{"width":642,"height":372,"url":"https:\/\/conversesacatalunya.cat\/wp-content\/uploads\/2024\/11\/humanismo-cristiano.jpeg","type":"image\/jpeg"}],"author":"Enric Casanovas","twitter_card":"summary_large_image","twitter_misc":{"Escrito por":"Enric Casanovas","Tiempo de lectura":"4 minutos"},"schema":{"@context":"https:\/\/schema.org","@graph":[{"@type":"Article","@id":"https:\/\/conversesacatalunya.cat\/es\/gobierno-illa-un-informe-demoledor\/#article","isPartOf":{"@id":"https:\/\/conversesacatalunya.cat\/es\/gobierno-illa-un-informe-demoledor\/"},"author":{"name":"Enric Casanovas","@id":"https:\/\/conversesacatalunya.cat\/#\/schema\/person\/79bd0577b2f3afc8d6519d207c6e8609"},"headline":"Gobierno Illa: Un informe demoledor","datePublished":"2025-03-19T09:55:48+00:00","dateModified":"2025-03-19T13:58:34+00:00","mainEntityOfPage":{"@id":"https:\/\/conversesacatalunya.cat\/es\/gobierno-illa-un-informe-demoledor\/"},"wordCount":863,"commentCount":0,"image":{"@id":"https:\/\/conversesacatalunya.cat\/es\/gobierno-illa-un-informe-demoledor\/#primaryimage"},"thumbnailUrl":"https:\/\/conversesacatalunya.cat\/wp-content\/uploads\/2024\/11\/humanismo-cristiano.jpeg","keywords":["Salvador Illa"],"articleSection":["Punts clau del dia (ES)"],"inLanguage":"es","potentialAction":[{"@type":"CommentAction","name":"Comment","target":["https:\/\/conversesacatalunya.cat\/es\/gobierno-illa-un-informe-demoledor\/#respond"]}]},{"@type":"WebPage","@id":"https:\/\/conversesacatalunya.cat\/es\/gobierno-illa-un-informe-demoledor\/","url":"https:\/\/conversesacatalunya.cat\/es\/gobierno-illa-un-informe-demoledor\/","name":"Gobierno Illa: Un informe demoledor - Converses a Catalunya","isPartOf":{"@id":"https:\/\/conversesacatalunya.cat\/#website"},"primaryImageOfPage":{"@id":"https:\/\/conversesacatalunya.cat\/es\/gobierno-illa-un-informe-demoledor\/#primaryimage"},"image":{"@id":"https:\/\/conversesacatalunya.cat\/es\/gobierno-illa-un-informe-demoledor\/#primaryimage"},"thumbnailUrl":"https:\/\/conversesacatalunya.cat\/wp-content\/uploads\/2024\/11\/humanismo-cristiano.jpeg","datePublished":"2025-03-19T09:55:48+00:00","dateModified":"2025-03-19T13:58:34+00:00","author":{"@id":"https:\/\/conversesacatalunya.cat\/#\/schema\/person\/79bd0577b2f3afc8d6519d207c6e8609"},"description":"El Govern Illa muestra una preocupante incapacidad para abordar eficazmente los problemas fundamentales de Catalunya","breadcrumb":{"@id":"https:\/\/conversesacatalunya.cat\/es\/gobierno-illa-un-informe-demoledor\/#breadcrumb"},"inLanguage":"es","potentialAction":[{"@type":"ReadAction","target":["https:\/\/conversesacatalunya.cat\/es\/gobierno-illa-un-informe-demoledor\/"]}]},{"@type":"ImageObject","inLanguage":"es","@id":"https:\/\/conversesacatalunya.cat\/es\/gobierno-illa-un-informe-demoledor\/#primaryimage","url":"https:\/\/conversesacatalunya.cat\/wp-content\/uploads\/2024\/11\/humanismo-cristiano.jpeg","contentUrl":"https:\/\/conversesacatalunya.cat\/wp-content\/uploads\/2024\/11\/humanismo-cristiano.jpeg","width":642,"height":372,"caption":"humanismo cristiano Illa"},{"@type":"BreadcrumbList","@id":"https:\/\/conversesacatalunya.cat\/es\/gobierno-illa-un-informe-demoledor\/#breadcrumb","itemListElement":[{"@type":"ListItem","position":1,"name":"Inici","item":"https:\/\/conversesacatalunya.cat\/es\/"},{"@type":"ListItem","position":2,"name":"Gobierno Illa: Un informe demoledor"}]},{"@type":"WebSite","@id":"https:\/\/conversesacatalunya.cat\/#website","url":"https:\/\/conversesacatalunya.cat\/","name":"Converses a Catalunya","description":"","potentialAction":[{"@type":"SearchAction","target":{"@type":"EntryPoint","urlTemplate":"https:\/\/conversesacatalunya.cat\/?s={search_term_string}"},"query-input":{"@type":"PropertyValueSpecification","valueRequired":true,"valueName":"search_term_string"}}],"inLanguage":"es"},{"@type":"Person","@id":"https:\/\/conversesacatalunya.cat\/#\/schema\/person\/79bd0577b2f3afc8d6519d207c6e8609","name":"Enric Casanovas","image":{"@type":"ImageObject","inLanguage":"es","@id":"https:\/\/conversesacatalunya.cat\/#\/schema\/person\/image\/","url":"https:\/\/conversesacatalunya.cat\/wp-content\/litespeed\/avatar\/7ae4379ad4421ec77820e92afd36dd78.jpg?ver=1777373933","contentUrl":"https:\/\/conversesacatalunya.cat\/wp-content\/litespeed\/avatar\/7ae4379ad4421ec77820e92afd36dd78.jpg?ver=1777373933","caption":"Enric Casanovas"},"url":"https:\/\/conversesacatalunya.cat\/es\/author\/enric-casanovas\/"}]}},"wps_subtitle":"El Govern Illa muestra una preocupante incapacidad para abordar eficazmente los problemas fundamentales de Catalunya","_links":{"self":[{"href":"https:\/\/conversesacatalunya.cat\/es\/wp-json\/wp\/v2\/posts\/86461","targetHints":{"allow":["GET"]}}],"collection":[{"href":"https:\/\/conversesacatalunya.cat\/es\/wp-json\/wp\/v2\/posts"}],"about":[{"href":"https:\/\/conversesacatalunya.cat\/es\/wp-json\/wp\/v2\/types\/post"}],"author":[{"embeddable":true,"href":"https:\/\/conversesacatalunya.cat\/es\/wp-json\/wp\/v2\/users\/77"}],"replies":[{"embeddable":true,"href":"https:\/\/conversesacatalunya.cat\/es\/wp-json\/wp\/v2\/comments?post=86461"}],"version-history":[{"count":2,"href":"https:\/\/conversesacatalunya.cat\/es\/wp-json\/wp\/v2\/posts\/86461\/revisions"}],"predecessor-version":[{"id":86463,"href":"https:\/\/conversesacatalunya.cat\/es\/wp-json\/wp\/v2\/posts\/86461\/revisions\/86463"}],"wp:featuredmedia":[{"embeddable":true,"href":"https:\/\/conversesacatalunya.cat\/es\/wp-json\/wp\/v2\/media\/83558"}],"wp:attachment":[{"href":"https:\/\/conversesacatalunya.cat\/es\/wp-json\/wp\/v2\/media?parent=86461"}],"wp:term":[{"taxonomy":"category","embeddable":true,"href":"https:\/\/conversesacatalunya.cat\/es\/wp-json\/wp\/v2\/categories?post=86461"},{"taxonomy":"post_tag","embeddable":true,"href":"https:\/\/conversesacatalunya.cat\/es\/wp-json\/wp\/v2\/tags?post=86461"}],"curies":[{"name":"wp","href":"https:\/\/api.w.org\/{rel}","templated":true}]}}