{"id":86363,"date":"2025-03-17T09:00:03","date_gmt":"2025-03-17T08:00:03","guid":{"rendered":"https:\/\/conversesacatalunya.cat\/?p=86363"},"modified":"2025-03-16T07:25:28","modified_gmt":"2025-03-16T06:25:28","slug":"reacciones-ue-a-la-ruptura-de-la-relacion-transatlantica","status":"publish","type":"post","link":"https:\/\/conversesacatalunya.cat\/es\/reacciones-ue-a-la-ruptura-de-la-relacion-transatlantica\/","title":{"rendered":"Primeras reacciones de la UE a la ruptura de la relaci\u00f3n transatl\u00e1ntica y al advenimiento de una nueva era geopol\u00edtica de car\u00e1cter imperial (y II)"},"content":{"rendered":"<h3><strong><span><span class=\"VIpgJd-yAWNEb-VIpgJd-fmcmS-sn54Q\">Romper los moldes de la Europa geopol\u00edtica<\/span><\/span><\/strong><\/h3>\n<p><strong><span><span class=\"VIpgJd-yAWNEb-VIpgJd-fmcmS-sn54Q\">Con el regreso de Trump a la Casa Blanca, vivimos una subversi\u00f3n del orden internacional y el divorcio transatl\u00e1ntico.<\/span><\/span><\/strong><\/p>\n<p><strong><span><span class=\"VIpgJd-yAWNEb-VIpgJd-fmcmS-sn54Q\">El trumpismo tambi\u00e9n se encuentra en el interior de la UE, con l\u00edderes europeos partidarios de un MEGA (<\/span><\/span><em><span><span class=\"VIpgJd-yAWNEb-VIpgJd-fmcmS-sn54Q\">Make Europe Great Again<\/span><\/span><\/em><span><span class=\"VIpgJd-yAWNEb-VIpgJd-fmcmS-sn54Q\">), r\u00e9plica del MAGA\u00a0<\/span><\/span><em><span><span class=\"VIpgJd-yAWNEb-VIpgJd-fmcmS-sn54Q\">(Make America Great Again<\/span><\/span><\/em><span><span class=\"VIpgJd-yAWNEb-VIpgJd-fmcmS-sn54Q\">\u00a0)<\/span><\/span><\/strong><span><span class=\"VIpgJd-yAWNEb-VIpgJd-fmcmS-sn54Q\">\u00a0a trav\u00e9s de retornar a los estados nacionales independientes de lazos de integraci\u00f3n europea. Aproximadamente un tercio de los eurodiputados se apunta de una u otra manera al MEGA.<\/span><\/span><strong><span><span class=\"VIpgJd-yAWNEb-VIpgJd-fmcmS-sn54Q\">\u00a0<\/span><\/span><\/strong><\/p>\n<h5><strong><span><span class=\"VIpgJd-yAWNEb-VIpgJd-fmcmS-sn54Q\">Dentro de la UE conviven hoy dos visiones contrapuestas sobre el futuro de Europa.<\/span><\/span><\/strong><\/h5>\n<p><strong><span>Una es la trumpista, admiradora del liderazgo nacional populista de Trump.<\/span><\/strong><span>\u00a0Pretende deconstruir la integraci\u00f3n europea y devolver los poderes de Bruselas a las capitales estatales. Es la Europa de las naciones y de los patriotas.<\/span><\/p>\n<p><strong><span><span class=\"VIpgJd-yAWNEb-VIpgJd-fmcmS-sn54Q\">La otra visi\u00f3n es la Europa que pretende avanzar en el proceso de integraci\u00f3n, en marcha desde hace tres cuartos de siglo, como \u00fanica receta para contar como un actor global en un mundo de gigantes.<\/span><\/span><\/strong><span><span class=\"VIpgJd-yAWNEb-VIpgJd-fmcmS-sn54Q\">\u00a0Es la Europa que se propone avanzar en competitividad, seguridad y defensa, as\u00ed como completar el mercado \u00fanico (<strong><a href=\"https:\/\/conversesacatalunya.cat\/es\/informes-letta-y-draghi-marcar-el-paso-ue\/\" target=\"_blank\" rel=\"noopener\">Informes Draghi, Letta<\/a><\/strong> y Niisltron).<\/span><\/span><\/p>\n<h4><strong><span>La UE se ve existencialmente amenazada, pero le quedan muchas cartas por jugar.<\/span><\/strong><\/h4>\n<p><strong><span><span class=\"VIpgJd-yAWNEb-VIpgJd-fmcmS-sn54Q\">En el plano exterior, la UE puede encontrar socios y colaboradores que no quieren formar parte <\/span><\/span><\/strong><strong><span><span class=\"VIpgJd-yAWNEb-VIpgJd-fmcmS-sn54Q\">de esferas de influencia\u00a0<\/span><\/span><\/strong><span><\/span><strong><span><span class=\"VIpgJd-yAWNEb-VIpgJd-fmcmS-sn54Q\">y que respetan las reglas de la democracia y del multilateralismo<\/span><\/span><\/strong><span><span class=\"VIpgJd-yAWNEb-VIpgJd-fmcmS-sn54Q\">.\u00a0La UE puede tejer una red de alianzas y complicidades al margen de los gigantes geopol\u00edticos actuales, alianzas basadas en intereses mutuos interconectados. Puede buscar compromisos para una nueva gobernanza global y tejer alianzas pol\u00edticas y comerciales con las democracias liberales, Reino Unido primero, con Canad\u00e1, Jap\u00f3n, Corea del Sur, India, Australia o pa\u00edses de Am\u00e9rica Latina, entre otros.<\/span><\/span><\/p>\n<p><span><span class=\"VIpgJd-yAWNEb-VIpgJd-fmcmS-sn54Q\">Puede establecer una l\u00ednea de defensa com\u00fan frente a las ambiciones imperiales.\u00a0<\/span><\/span><strong><span><span class=\"VIpgJd-yAWNEb-VIpgJd-fmcmS-sn54Q\">Europa podr\u00eda tratar de liderar las democracias liberales<\/span><\/span><\/strong><span><span class=\"VIpgJd-yAWNEb-VIpgJd-fmcmS-sn54Q\">.\u00a0<\/span><\/span><strong><span><span class=\"VIpgJd-yAWNEb-VIpgJd-fmcmS-sn54Q\">Para liderarlas habr\u00eda que formar un n\u00facleo duro de pa\u00edses miembros de la UE que avanzara con firmeza hacia la integraci\u00f3n pol\u00edtica y dejara a un lado la regla de la unanimidad.<\/span><\/span><\/strong><span><span class=\"VIpgJd-yAWNEb-VIpgJd-fmcmS-sn54Q\">\u00a0Si Europa quiere ser aut\u00f3noma geopol\u00edticamente, en correspondencia con su peso econ\u00f3mico, cient\u00edfico y cultural, debe empezar por reforzar su unidad y dar un salto adelante tecnol\u00f3gico.<\/span><\/span><\/p>\n<h5><strong><span><span class=\"VIpgJd-yAWNEb-VIpgJd-fmcmS-sn54Q\">En el plano interno<\/span><\/span><\/strong><span><span class=\"VIpgJd-yAWNEb-VIpgJd-fmcmS-sn54Q\">,\u00a0<\/span><\/span><strong><span><span class=\"VIpgJd-yAWNEb-VIpgJd-fmcmS-sn54Q\">la UE necesita encontrar f\u00f3rmulas innovadoras para avanzar hacia una Europa geopol\u00edtica<\/span><\/span><\/strong><span><span class=\"VIpgJd-yAWNEb-VIpgJd-fmcmS-sn54Q\">.<\/span><\/span><\/h5>\n<p><span><span class=\"VIpgJd-yAWNEb-VIpgJd-fmcmS-sn54Q\">El progreso en pol\u00edtica exterior, seguridad y defensa probablemente deber\u00e1 realizarse fuera de los marcos institucionales hasta ahora conocidos.\u00a0<\/span><\/span><strong><span><span class=\"VIpgJd-yAWNEb-VIpgJd-fmcmS-sn54Q\">La integraci\u00f3n diferenciada puede convertirse en una receta inevitable<\/span><\/span><\/strong><span><span class=\"VIpgJd-yAWNEb-VIpgJd-fmcmS-sn54Q\">.\u00a0El euro (moneda \u00fanica) y el espacio Schengen (libertad de circulaci\u00f3n de personas) son buenos ejemplos de \u00e9xito de integraci\u00f3n diferenciada actualmente existentes dentro de la UE.<\/span><\/span><\/p>\n<p><span><span class=\"VIpgJd-yAWNEb-VIpgJd-fmcmS-sn54Q\">En las reuniones de Par\u00eds y Londres, citadas en el anterior art\u00edculo, convocadas por iniciativa franco-brit\u00e1nica, se ha hablado de una\u00a0<\/span><\/span><strong><span><span class=\"VIpgJd-yAWNEb-VIpgJd-fmcmS-sn54Q\">\u201ccoalici\u00f3n de estados\u201d capacitados en materia de defensa,<\/span><\/span><\/strong><span><span class=\"VIpgJd-yAWNEb-VIpgJd-fmcmS-sn54Q\">\u00a0a la que otros estados podr\u00edan a\u00f1adirse de forma voluntaria y diferenciada; \u00abuna coalici\u00f3n reducida de voluntarios\u00bb formada por estados europeos miembros y no miembros de la UE.<\/span><\/span><\/p>\n<p><strong><span>La UE debe jugar, en cualquier caso, un papel clave en el futuro de Ucrania.<\/span><\/strong><span>\u00a0Debe participar en las negociaciones de paz y en la definici\u00f3n de su futuro como estado, centrado en su adhesi\u00f3n a la UE, su seguridad y su reconstrucci\u00f3n.<\/span><\/p>\n<blockquote><p><strong>La UE <span><span class=\"VIpgJd-yAWNEb-VIpgJd-fmcmS-sn54Q\">debe volver a hablar de t\u00fa a t\u00fa con Rusia y forjar unas nuevas relaciones bilaterales<\/span><\/span><\/strong><\/p><\/blockquote>\n<p><strong><span><span class=\"VIpgJd-yAWNEb-VIpgJd-fmcmS-sn54Q\">La UE debe volver a hablar de t\u00fa a t\u00fa con Rusia y forjar unas nuevas relaciones bilaterales constructivas y duraderas, una vez resuelto el futuro de Ucrania.<\/span><\/span><\/strong><span><span class=\"VIpgJd-yAWNEb-VIpgJd-fmcmS-sn54Q\">\u00a0Rusia es un pa\u00eds europeo y su econom\u00eda es complementaria con la de la UE. Rusia seguir\u00e1 siendo el gran vecino de la UE por los siglos venideros. La diplomacia europea pudo evitar la guerra de Ucrania. Ha sido incapaz de evitar su supeditaci\u00f3n a los planteamientos de Estados Unidos respecto a Rusia tras la ca\u00edda del muro de Berl\u00edn en 1989. Es hora de reconocer este error y corregirlo.<\/span><\/span><\/p>\n<p><strong><span><span class=\"VIpgJd-yAWNEb-VIpgJd-fmcmS-sn54Q\">La diplomacia europea tambi\u00e9n debe ser capaz de reconducir las relaciones con China, la gran potencia reemergente del mundo, un estado-civilizaci\u00f3n con m\u00e1s de 5000 a\u00f1os de historia. China<\/span><\/span><\/strong><span><span class=\"VIpgJd-yAWNEb-VIpgJd-fmcmS-sn54Q\">\u00a0no es solo un \u00abrival sist\u00e9mico\u00bb para la UE, es mucho m\u00e1s que eso. China\u00a0<\/span><\/span><strong><span><span class=\"VIpgJd-yAWNEb-VIpgJd-fmcmS-sn54Q\">va camino de convertirse en la primera potencia mundial<\/span><\/span><\/strong><span><span class=\"VIpgJd-yAWNEb-VIpgJd-fmcmS-sn54Q\">.<\/span><\/span><\/p>\n<blockquote><p><strong><span><span class=\"VIpgJd-yAWNEb-VIpgJd-fmcmS-sn54Q\">China est\u00e1 demostrando que es la potencia m\u00e1s inteligente en la \u00e9poca actual de grandes cambios geopol\u00edticos.<\/span><\/span><\/strong><\/p><\/blockquote>\n<p><span>La UE y China comparten la visi\u00f3n de un nuevo orden mundial de car\u00e1cter multipolar, basado en reglas.\u00a0<\/span><strong><span>China est\u00e1 demostrando que es la potencia m\u00e1s inteligente en la \u00e9poca actual de grandes cambios geopol\u00edticos.<\/span><\/strong><span>\u00a0Quiere un mundo multipolar en el que sea respetada. Es contraria a los hegemonismos y a la unilateralidad.\u00a0<\/span><strong><span>La UE debe seguir su propio camino de relaciones con China, no necesariamente coincidente con el de Estados Unidos.<\/span><\/strong><\/p>\n<p><strong><span><span class=\"VIpgJd-yAWNEb-VIpgJd-fmcmS-sn54Q\">La UE no podr\u00e1 ser un actor global en la nueva geopol\u00edtica si no se dota de f\u00f3rmulas innovadoras en sus mecanismos de integraci\u00f3n, toma de decisiones, pol\u00edtica de seguridad y defensa. Las propuestas antes mencionadas de la Comisi\u00f3n Europea no bastan. Si es necesario, debe recurrirse a la posibilidad de una Europa a varias velocidades o de geometr\u00eda variable.<\/span><\/span><\/strong><\/p>\n<p><strong><span><span class=\"VIpgJd-yAWNEb-VIpgJd-fmcmS-sn54Q\">El gran paso adelante de la Europa geopol\u00edtica -llegar a la uni\u00f3n pol\u00edtica con pol\u00edticas comunes de exteriores y defensa- sigue pendiente de la voluntad de sus Estados miembros. <\/span><\/span><\/strong><span><span class=\"VIpgJd-yAWNEb-VIpgJd-fmcmS-sn54Q\">Algunos Estados miembros de la UE, como Alemania, est\u00e1n dispuestos a ello. En el programa pol\u00edtico de la anterior coalici\u00f3n gubernamental presidida por el socialdem\u00f3crata Olaf Scholz, figura que\u00a0<\/span><\/span><strong><span><span class=\"VIpgJd-yAWNEb-VIpgJd-fmcmS-sn54Q\">Alemania quiere alcanzar la uni\u00f3n pol\u00edtica federal de Europa.<\/span><\/span><\/strong><span><span class=\"VIpgJd-yAWNEb-VIpgJd-fmcmS-sn54Q\">\u00a0Lo est\u00e1 desde el inicio del proceso integrador europeo posterior a la Segunda Guerra Mundial.<\/span><\/span><\/p>\n<p><strong><span>Pretender avanzar solo en el marco de la actual UE con prop\u00f3sitos compartidos por varios Estados miembros bloquea el camino de Europa como verdadero actor global geopol\u00edtico. Si seguimos as\u00ed, el trumpismo habr\u00e1 ganado.<\/span><\/strong><\/p>\n<h3><strong><span><span class=\"VIpgJd-yAWNEb-VIpgJd-fmcmS-sn54Q\">\u00bfHa llegado la hora de Alemania?<\/span><\/span><\/strong><\/h3>\n<p><strong><span><span class=\"VIpgJd-yAWNEb-VIpgJd-fmcmS-sn54Q\">Destacados analistas consideran que, en el contexto internacional actual, la \u00fanica potencia europea que podr\u00eda redefinir la posici\u00f3n del continente es Alemania<\/span><\/span><\/strong><span><span class=\"VIpgJd-yAWNEb-VIpgJd-fmcmS-sn54Q\">.\u00a0Sin embargo, para ello Berl\u00edn deber\u00eda abandonar los paradigmas que han regido la pol\u00edtica exterior europea en los \u00faltimos a\u00f1os.\u00a0<\/span><\/span><strong><span><span class=\"VIpgJd-yAWNEb-VIpgJd-fmcmS-sn54Q\">Piensan que, si existe un pa\u00eds con la capacidad de corregir el rumbo a Europa, este es Alemania<\/span><\/span><\/strong><span><span class=\"VIpgJd-yAWNEb-VIpgJd-fmcmS-sn54Q\">.<\/span><\/span><\/p>\n<blockquote><p><strong><span>Los errores de la era Merkel ahora se ven muy claros, costar\u00e1 remontar sus consecuencias negativas en muchos \u00e1mbitos<\/span><\/strong><\/p><\/blockquote>\n<p><span>Su econom\u00eda sigue siendo el motor de Europa, pese a la dif\u00edcil situaci\u00f3n pol\u00edtica y econ\u00f3mica a la que se enfrenta.\u00a0<\/span><strong><span>Su influencia pol\u00edtica ha quedado diluida bajo el d\u00e9bil y err\u00e1tico liderazgo de Olaf Scholz<\/span><\/strong><span>. <\/span><strong><span>Los errores de la era Merkel ahora se ven muy claros,<\/span><\/strong><span>\u00a0costar\u00e1 remontar sus consecuencias negativas en muchos \u00e1mbitos: infraestructuras, energ\u00eda, inmigraci\u00f3n, pol\u00edtica industrial, nuevas tecnolog\u00edas, defensa, educaci\u00f3n, investigaci\u00f3n b\u00e1sica, burocracia, etc.<\/span><\/p>\n<p><strong><span>El futuro canciller alem\u00e1n, el conservador Friedrich Merz, ha declarado que recuperar la autonom\u00eda respecto a Estados Unidos es una de sus prioridades, as\u00ed como \u00abconstruir un ej\u00e9rcito y entenderse con Rusia\u00bb.\u00a0<\/span><\/strong><\/p>\n<p><strong><span>Con la llegada del nuevo canciller, Berl\u00edn tiene la oportunidad- y la responsabilidad- de redefinir el papel de Europa en el mundo.<\/span><\/strong><span>\u00a0Si Berl\u00edn no act\u00faa pronto, Europa seguir\u00e1 cometiendo los mismos errores, mientras que Estados Unidos, China, Rusia y otras potencias reconfiguran el orden mundial, alcanzando sus objetivos e intereses, sin oposici\u00f3n.<\/span><\/p>\n<p><strong><span><span class=\"VIpgJd-yAWNEb-VIpgJd-fmcmS-sn54Q\">Alemania es la abanderada del federalismo en Europa. Alemania entiende perfectamente, y lo defiende, que una Europa federal -capaz de combinar la unidad pol\u00edtica con la diversidad ling\u00fc\u00edstica, cultural e identitaria- es la \u00fanica garant\u00eda de la paz, la prosperidad y la democracia en el continente, as\u00ed como desde su relevancia en el mundo.<\/span><\/span><\/strong><\/p>\n<p><span>\u00bfLo aceptar\u00e1n en alg\u00fan momento Francia y el resto de Estados miembros de la UE reacios a la unidad pol\u00edtica federal?<\/span><\/p>\n<p><a href=\"https:\/\/conversesacatalunya.cat\/es\/nueva-era-geopolitica-de-caracter-imperial\/\" target=\"_blank\" rel=\"noopener\"><strong><span>Primeras reacciones de la UE a la ruptura de la relaci\u00f3n transatl\u00e1ntica y al advenimiento de una nueva era geopol\u00edtica de car\u00e1cter imperial (I)<\/span><\/strong><\/a><\/p>\n<span class='bctt-click-to-tweet'><span class='bctt-ctt-text'><a href='https:\/\/twitter.com\/intent\/tweet?url=https%3A%2F%2Fconversesacatalunya.cat%2Fes%2Freacciones-ue-a-la-ruptura-de-la-relacion-transatlantica%2F&#038;text=Alemania%20entiende%20perfectamente%2C%20y%20lo%20defiende%2C%20que%20una%20Europa%20federal%20-capaz%20de%20combinar%20la%20unidad%20pol%C3%ADtica%20con%20la%20diversidad%20ling%C3%BC%C3%ADstica%2C%20cultural%20e%20identitaria-%20es%20la%20%C3%BAnica%20garant%C3%ADa%20de%20la%20paz%2C%20la%20prosperidad%20y%20la%20democracia&#038;via=conversesacat&#038;related=conversesacat' target='_blank'rel=\"noopener noreferrer\">Alemania entiende perfectamente, y lo defiende, que una Europa federal -capaz de combinar la unidad pol\u00edtica con la diversidad ling\u00fc\u00edstica, cultural e identitaria- es la \u00fanica garant\u00eda de la paz, la prosperidad y la democracia <\/a><\/span><a href='https:\/\/twitter.com\/intent\/tweet?url=https%3A%2F%2Fconversesacatalunya.cat%2Fes%2Freacciones-ue-a-la-ruptura-de-la-relacion-transatlantica%2F&#038;text=Alemania%20entiende%20perfectamente%2C%20y%20lo%20defiende%2C%20que%20una%20Europa%20federal%20-capaz%20de%20combinar%20la%20unidad%20pol%C3%ADtica%20con%20la%20diversidad%20ling%C3%BC%C3%ADstica%2C%20cultural%20e%20identitaria-%20es%20la%20%C3%BAnica%20garant%C3%ADa%20de%20la%20paz%2C%20la%20prosperidad%20y%20la%20democracia&#038;via=conversesacat&#038;related=conversesacat' target='_blank' class='bctt-ctt-btn'rel=\"noopener noreferrer\">Compartir en X<\/a><\/span>\n","protected":false},"excerpt":{"rendered":"<p>Romper los moldes de la Europa geopol\u00edtica Con el regreso de Trump a la Casa Blanca, vivimos una subversi\u00f3n del orden internacional y el divorcio transatl\u00e1ntico. El trumpismo tambi\u00e9n se encuentra en el interior de la UE, con l\u00edderes europeos partidarios de un MEGA (Make Europe Great Again), r\u00e9plica del MAGA\u00a0(Make America Great Again\u00a0)\u00a0a trav\u00e9s de retornar a los estados nacionales independientes de lazos de integraci\u00f3n europea. Aproximadamente un tercio de los eurodiputados se apunta de una u otra manera al MEGA.\u00a0 Dentro de la UE conviven hoy dos visiones contrapuestas sobre el futuro de Europa. Una es la trumpista, admiradora del liderazgo nacional populista de Trump.\u00a0Pretende deconstruir la integraci\u00f3n europea y devolver los poderes de Bruselas a las capitales estatales. Es la Europa de las naciones y de los patriotas. La otra visi\u00f3n es la Europa que pretende avanzar en el proceso de integraci\u00f3n, en marcha desde hace tres cuartos de siglo, como \u00fanica receta para contar como un actor global en un mundo de gigantes.\u00a0Es la Europa que se propone avanzar en competitividad, seguridad y defensa, as\u00ed como completar el mercado \u00fanico (Informes Draghi, Letta y Niisltron). La UE se ve existencialmente amenazada, pero le quedan muchas cartas por jugar. En el plano exterior, la UE puede encontrar socios y colaboradores que no quieren formar parte de esferas de influencia\u00a0y que respetan las reglas de la democracia y del multilateralismo.\u00a0La UE puede tejer una red de alianzas y complicidades al margen de los gigantes geopol\u00edticos actuales, alianzas basadas en intereses mutuos interconectados. Puede buscar compromisos para una nueva gobernanza global y tejer alianzas pol\u00edticas y comerciales con las democracias liberales, Reino Unido primero, con Canad\u00e1, Jap\u00f3n, Corea del Sur, India, Australia o pa\u00edses de Am\u00e9rica Latina, entre otros. Puede establecer una l\u00ednea de defensa com\u00fan frente a las ambiciones imperiales.\u00a0Europa podr\u00eda tratar de liderar las democracias liberales.\u00a0Para liderarlas habr\u00eda que formar un n\u00facleo duro de pa\u00edses miembros de la UE que avanzara con firmeza hacia la integraci\u00f3n pol\u00edtica y dejara a un lado la regla de la unanimidad.\u00a0Si Europa quiere ser aut\u00f3noma geopol\u00edticamente, en correspondencia con su peso econ\u00f3mico, cient\u00edfico y cultural, debe empezar por reforzar su unidad y dar un salto adelante tecnol\u00f3gico. En el plano interno,\u00a0la UE necesita encontrar f\u00f3rmulas innovadoras para avanzar hacia una Europa geopol\u00edtica. El progreso en pol\u00edtica exterior, seguridad y defensa probablemente deber\u00e1 realizarse fuera de los marcos institucionales hasta ahora conocidos.\u00a0La integraci\u00f3n diferenciada puede convertirse en una receta inevitable.\u00a0El euro (moneda \u00fanica) y el espacio Schengen (libertad de circulaci\u00f3n de personas) son buenos ejemplos de \u00e9xito de integraci\u00f3n diferenciada actualmente existentes dentro de la UE. En las reuniones de Par\u00eds y Londres, citadas en el anterior art\u00edculo, convocadas por iniciativa franco-brit\u00e1nica, se ha hablado de una\u00a0\u201ccoalici\u00f3n de estados\u201d capacitados en materia de defensa,\u00a0a la que otros estados podr\u00edan a\u00f1adirse de forma voluntaria y diferenciada; \u00abuna coalici\u00f3n reducida de voluntarios\u00bb formada por estados europeos miembros y no miembros de la UE. La UE debe jugar, en cualquier caso, un papel clave en el futuro de Ucrania.\u00a0Debe participar en las negociaciones de paz y en la definici\u00f3n de su futuro como estado, centrado en su adhesi\u00f3n a la UE, su seguridad y su reconstrucci\u00f3n. La UE debe volver a hablar de t\u00fa a t\u00fa con Rusia y forjar unas nuevas relaciones bilaterales La UE debe volver a hablar de t\u00fa a t\u00fa con Rusia y forjar unas nuevas relaciones bilaterales constructivas y duraderas, una vez resuelto el futuro de Ucrania.\u00a0Rusia es un pa\u00eds europeo y su econom\u00eda es complementaria con la de la UE. Rusia seguir\u00e1 siendo el gran vecino de la UE por los siglos venideros. La diplomacia europea pudo evitar la guerra de Ucrania. Ha sido incapaz de evitar su supeditaci\u00f3n a los planteamientos de Estados Unidos respecto a Rusia tras la ca\u00edda del muro de Berl\u00edn en 1989. Es hora de reconocer este error y corregirlo. La diplomacia europea tambi\u00e9n debe ser capaz de reconducir las relaciones con China, la gran potencia reemergente del mundo, un estado-civilizaci\u00f3n con m\u00e1s de 5000 a\u00f1os de historia. China\u00a0no es solo un \u00abrival sist\u00e9mico\u00bb para la UE, es mucho m\u00e1s que eso. China\u00a0va camino de convertirse en la primera potencia mundial. China est\u00e1 demostrando que es la potencia m\u00e1s inteligente en la \u00e9poca actual de grandes cambios geopol\u00edticos. La UE y China comparten la visi\u00f3n de un nuevo orden mundial de car\u00e1cter multipolar, basado en reglas.\u00a0China est\u00e1 demostrando que es la potencia m\u00e1s inteligente en la \u00e9poca actual de grandes cambios geopol\u00edticos.\u00a0Quiere un mundo multipolar en el que sea respetada. Es contraria a los hegemonismos y a la unilateralidad.\u00a0La UE debe seguir su propio camino de relaciones con China, no necesariamente coincidente con el de Estados Unidos. La UE no podr\u00e1 ser un actor global en la nueva geopol\u00edtica si no se dota de f\u00f3rmulas innovadoras en sus mecanismos de integraci\u00f3n, toma de decisiones, pol\u00edtica de seguridad y defensa. Las propuestas antes mencionadas de la Comisi\u00f3n Europea no bastan. Si es necesario, debe recurrirse a la posibilidad de una Europa a varias velocidades o de geometr\u00eda variable. El gran paso adelante de la Europa geopol\u00edtica -llegar a la uni\u00f3n pol\u00edtica con pol\u00edticas comunes de exteriores y defensa- sigue pendiente de la voluntad de sus Estados miembros. Algunos Estados miembros de la UE, como Alemania, est\u00e1n dispuestos a ello. En el programa pol\u00edtico de la anterior coalici\u00f3n gubernamental presidida por el socialdem\u00f3crata Olaf Scholz, figura que\u00a0Alemania quiere alcanzar la uni\u00f3n pol\u00edtica federal de Europa.\u00a0Lo est\u00e1 desde el inicio del proceso integrador europeo posterior a la Segunda Guerra Mundial. Pretender avanzar solo en el marco de la actual UE con prop\u00f3sitos compartidos por varios Estados miembros bloquea el camino de Europa como verdadero actor global geopol\u00edtico. Si seguimos as\u00ed, el trumpismo habr\u00e1 ganado. \u00bfHa llegado la hora de Alemania? Destacados analistas consideran que, en el contexto internacional actual, la \u00fanica potencia europea que podr\u00eda redefinir la posici\u00f3n del continente es Alemania.\u00a0Sin embargo, para ello Berl\u00edn deber\u00eda abandonar los paradigmas que han regido la pol\u00edtica exterior&#8230;<\/p>\n","protected":false},"author":38,"featured_media":86361,"comment_status":"open","ping_status":"open","sticky":false,"template":"","format":"standard","meta":{"_FSMCFIC_featured_image_caption":"","_FSMCFIC_featured_image_nocaption":"","_FSMCFIC_featured_image_hide":"","footnotes":""},"categories":[798],"tags":[1587,1586,1060,1334],"class_list":["post-86363","post","type-post","status-publish","format-standard","has-post-thumbnail","hentry","category-pro-europa-es","tag-alemania","tag-alemanya-es","tag-unio-europea-es","tag-union-europea"],"yoast_head":"<!-- This site is optimized with the Yoast SEO plugin v26.8 - https:\/\/yoast.com\/product\/yoast-seo-wordpress\/ -->\n<title>Europa geopol\u00edtica. Relaci\u00f3n transatl\u00e0ntica<\/title>\n<meta name=\"description\" content=\"Romper los moldes de la Europa geopol\u00edtica. Con el regreso de Trump a la Casa Blanca, vivimos una subversi\u00f3n del orden internacional\" \/>\n<meta name=\"robots\" content=\"index, follow, max-snippet:-1, max-image-preview:large, max-video-preview:-1\" \/>\n<link rel=\"canonical\" href=\"https:\/\/conversesacatalunya.cat\/?p=86291\" \/>\n<meta property=\"og:locale\" content=\"es_ES\" \/>\n<meta property=\"og:type\" content=\"article\" \/>\n<meta property=\"og:title\" content=\"Europa geopol\u00edtica. Relaci\u00f3n transatl\u00e0ntica\" \/>\n<meta property=\"og:description\" content=\"Romper los moldes de la Europa geopol\u00edtica. Con el regreso de Trump a la Casa Blanca, vivimos una subversi\u00f3n del orden internacional\" \/>\n<meta property=\"og:url\" content=\"https:\/\/conversesacatalunya.cat\/?p=86291\" \/>\n<meta property=\"og:site_name\" content=\"Converses a Catalunya\" \/>\n<meta property=\"article:published_time\" content=\"2025-03-17T08:00:03+00:00\" \/>\n<meta property=\"og:image\" content=\"https:\/\/conversesacatalunya.cat\/wp-content\/uploads\/2025\/03\/europe-63026_640.jpg\" \/>\n\t<meta property=\"og:image:width\" content=\"640\" \/>\n\t<meta property=\"og:image:height\" content=\"492\" \/>\n\t<meta property=\"og:image:type\" content=\"image\/jpeg\" \/>\n<meta name=\"author\" content=\"Victor Pou\" \/>\n<meta name=\"twitter:card\" content=\"summary_large_image\" \/>\n<meta name=\"twitter:label1\" content=\"Escrito por\" \/>\n\t<meta name=\"twitter:data1\" content=\"Victor Pou\" \/>\n\t<meta name=\"twitter:label2\" content=\"Tiempo de lectura\" \/>\n\t<meta name=\"twitter:data2\" content=\"7 minutos\" \/>\n<script type=\"application\/ld+json\" class=\"yoast-schema-graph\">{\"@context\":\"https:\/\/schema.org\",\"@graph\":[{\"@type\":\"Article\",\"@id\":\"https:\/\/conversesacatalunya.cat\/?p=86291#article\",\"isPartOf\":{\"@id\":\"https:\/\/conversesacatalunya.cat\/?p=86291\"},\"author\":{\"name\":\"Victor Pou\",\"@id\":\"https:\/\/conversesacatalunya.cat\/#\/schema\/person\/1b0082ee920b837be791bee630d460b2\"},\"headline\":\"Primeras reacciones de la UE a la ruptura de la relaci\u00f3n transatl\u00e1ntica y al advenimiento de una nueva era geopol\u00edtica de car\u00e1cter imperial (y II)\",\"datePublished\":\"2025-03-17T08:00:03+00:00\",\"mainEntityOfPage\":{\"@id\":\"https:\/\/conversesacatalunya.cat\/?p=86291\"},\"wordCount\":1505,\"commentCount\":0,\"image\":{\"@id\":\"https:\/\/conversesacatalunya.cat\/?p=86291#primaryimage\"},\"thumbnailUrl\":\"https:\/\/conversesacatalunya.cat\/wp-content\/uploads\/2025\/03\/europe-63026_640.jpg\",\"keywords\":[\"Alemania\",\"Alemanya\",\"Uni\u00f3 Europea\",\"Uni\u00f3n Europea\"],\"articleSection\":[\"Pro Europa (ES)\"],\"inLanguage\":\"es\",\"potentialAction\":[{\"@type\":\"CommentAction\",\"name\":\"Comment\",\"target\":[\"https:\/\/conversesacatalunya.cat\/?p=86291#respond\"]}]},{\"@type\":\"WebPage\",\"@id\":\"https:\/\/conversesacatalunya.cat\/?p=86291\",\"url\":\"https:\/\/conversesacatalunya.cat\/?p=86291\",\"name\":\"Europa geopol\u00edtica. Relaci\u00f3n transatl\u00e0ntica\",\"isPartOf\":{\"@id\":\"https:\/\/conversesacatalunya.cat\/#website\"},\"primaryImageOfPage\":{\"@id\":\"https:\/\/conversesacatalunya.cat\/?p=86291#primaryimage\"},\"image\":{\"@id\":\"https:\/\/conversesacatalunya.cat\/?p=86291#primaryimage\"},\"thumbnailUrl\":\"https:\/\/conversesacatalunya.cat\/wp-content\/uploads\/2025\/03\/europe-63026_640.jpg\",\"datePublished\":\"2025-03-17T08:00:03+00:00\",\"author\":{\"@id\":\"https:\/\/conversesacatalunya.cat\/#\/schema\/person\/1b0082ee920b837be791bee630d460b2\"},\"description\":\"Romper los moldes de la Europa geopol\u00edtica. Con el regreso de Trump a la Casa Blanca, vivimos una subversi\u00f3n del orden internacional\",\"breadcrumb\":{\"@id\":\"https:\/\/conversesacatalunya.cat\/?p=86291#breadcrumb\"},\"inLanguage\":\"es\",\"potentialAction\":[{\"@type\":\"ReadAction\",\"target\":[\"https:\/\/conversesacatalunya.cat\/?p=86291\"]}]},{\"@type\":\"ImageObject\",\"inLanguage\":\"es\",\"@id\":\"https:\/\/conversesacatalunya.cat\/?p=86291#primaryimage\",\"url\":\"https:\/\/conversesacatalunya.cat\/wp-content\/uploads\/2025\/03\/europe-63026_640.jpg\",\"contentUrl\":\"https:\/\/conversesacatalunya.cat\/wp-content\/uploads\/2025\/03\/europe-63026_640.jpg\",\"width\":640,\"height\":492,\"caption\":\"Europa geopol\u00edtica\"},{\"@type\":\"BreadcrumbList\",\"@id\":\"https:\/\/conversesacatalunya.cat\/?p=86291#breadcrumb\",\"itemListElement\":[{\"@type\":\"ListItem\",\"position\":1,\"name\":\"Inici\",\"item\":\"https:\/\/conversesacatalunya.cat\/es\/\"},{\"@type\":\"ListItem\",\"position\":2,\"name\":\"Primeras reacciones de la UE a la ruptura de la relaci\u00f3n transatl\u00e1ntica y al advenimiento de una nueva era geopol\u00edtica de car\u00e1cter imperial (y II)\"}]},{\"@type\":\"WebSite\",\"@id\":\"https:\/\/conversesacatalunya.cat\/#website\",\"url\":\"https:\/\/conversesacatalunya.cat\/\",\"name\":\"Converses a Catalunya\",\"description\":\"\",\"potentialAction\":[{\"@type\":\"SearchAction\",\"target\":{\"@type\":\"EntryPoint\",\"urlTemplate\":\"https:\/\/conversesacatalunya.cat\/?s={search_term_string}\"},\"query-input\":{\"@type\":\"PropertyValueSpecification\",\"valueRequired\":true,\"valueName\":\"search_term_string\"}}],\"inLanguage\":\"es\"},{\"@type\":\"Person\",\"@id\":\"https:\/\/conversesacatalunya.cat\/#\/schema\/person\/1b0082ee920b837be791bee630d460b2\",\"name\":\"Victor Pou\",\"image\":{\"@type\":\"ImageObject\",\"inLanguage\":\"es\",\"@id\":\"https:\/\/conversesacatalunya.cat\/#\/schema\/person\/image\/\",\"url\":\"https:\/\/conversesacatalunya.cat\/wp-content\/litespeed\/avatar\/b9b32a5f987117ce72836d050f735d2b.jpg?ver=1777366285\",\"contentUrl\":\"https:\/\/conversesacatalunya.cat\/wp-content\/litespeed\/avatar\/b9b32a5f987117ce72836d050f735d2b.jpg?ver=1777366285\",\"caption\":\"Victor Pou\"},\"url\":\"https:\/\/conversesacatalunya.cat\/es\/author\/victor_pou\/\"}]}<\/script>\n<!-- \/ Yoast SEO plugin. -->","yoast_head_json":{"title":"Europa geopol\u00edtica. Relaci\u00f3n transatl\u00e0ntica","description":"Romper los moldes de la Europa geopol\u00edtica. Con el regreso de Trump a la Casa Blanca, vivimos una subversi\u00f3n del orden internacional","robots":{"index":"index","follow":"follow","max-snippet":"max-snippet:-1","max-image-preview":"max-image-preview:large","max-video-preview":"max-video-preview:-1"},"canonical":"https:\/\/conversesacatalunya.cat\/?p=86291","og_locale":"es_ES","og_type":"article","og_title":"Europa geopol\u00edtica. Relaci\u00f3n transatl\u00e0ntica","og_description":"Romper los moldes de la Europa geopol\u00edtica. Con el regreso de Trump a la Casa Blanca, vivimos una subversi\u00f3n del orden internacional","og_url":"https:\/\/conversesacatalunya.cat\/?p=86291","og_site_name":"Converses a Catalunya","article_published_time":"2025-03-17T08:00:03+00:00","og_image":[{"width":640,"height":492,"url":"https:\/\/conversesacatalunya.cat\/wp-content\/uploads\/2025\/03\/europe-63026_640.jpg","type":"image\/jpeg"}],"author":"Victor Pou","twitter_card":"summary_large_image","twitter_misc":{"Escrito por":"Victor Pou","Tiempo de lectura":"7 minutos"},"schema":{"@context":"https:\/\/schema.org","@graph":[{"@type":"Article","@id":"https:\/\/conversesacatalunya.cat\/?p=86291#article","isPartOf":{"@id":"https:\/\/conversesacatalunya.cat\/?p=86291"},"author":{"name":"Victor Pou","@id":"https:\/\/conversesacatalunya.cat\/#\/schema\/person\/1b0082ee920b837be791bee630d460b2"},"headline":"Primeras reacciones de la UE a la ruptura de la relaci\u00f3n transatl\u00e1ntica y al advenimiento de una nueva era geopol\u00edtica de car\u00e1cter imperial (y II)","datePublished":"2025-03-17T08:00:03+00:00","mainEntityOfPage":{"@id":"https:\/\/conversesacatalunya.cat\/?p=86291"},"wordCount":1505,"commentCount":0,"image":{"@id":"https:\/\/conversesacatalunya.cat\/?p=86291#primaryimage"},"thumbnailUrl":"https:\/\/conversesacatalunya.cat\/wp-content\/uploads\/2025\/03\/europe-63026_640.jpg","keywords":["Alemania","Alemanya","Uni\u00f3 Europea","Uni\u00f3n Europea"],"articleSection":["Pro Europa (ES)"],"inLanguage":"es","potentialAction":[{"@type":"CommentAction","name":"Comment","target":["https:\/\/conversesacatalunya.cat\/?p=86291#respond"]}]},{"@type":"WebPage","@id":"https:\/\/conversesacatalunya.cat\/?p=86291","url":"https:\/\/conversesacatalunya.cat\/?p=86291","name":"Europa geopol\u00edtica. Relaci\u00f3n transatl\u00e0ntica","isPartOf":{"@id":"https:\/\/conversesacatalunya.cat\/#website"},"primaryImageOfPage":{"@id":"https:\/\/conversesacatalunya.cat\/?p=86291#primaryimage"},"image":{"@id":"https:\/\/conversesacatalunya.cat\/?p=86291#primaryimage"},"thumbnailUrl":"https:\/\/conversesacatalunya.cat\/wp-content\/uploads\/2025\/03\/europe-63026_640.jpg","datePublished":"2025-03-17T08:00:03+00:00","author":{"@id":"https:\/\/conversesacatalunya.cat\/#\/schema\/person\/1b0082ee920b837be791bee630d460b2"},"description":"Romper los moldes de la Europa geopol\u00edtica. Con el regreso de Trump a la Casa Blanca, vivimos una subversi\u00f3n del orden internacional","breadcrumb":{"@id":"https:\/\/conversesacatalunya.cat\/?p=86291#breadcrumb"},"inLanguage":"es","potentialAction":[{"@type":"ReadAction","target":["https:\/\/conversesacatalunya.cat\/?p=86291"]}]},{"@type":"ImageObject","inLanguage":"es","@id":"https:\/\/conversesacatalunya.cat\/?p=86291#primaryimage","url":"https:\/\/conversesacatalunya.cat\/wp-content\/uploads\/2025\/03\/europe-63026_640.jpg","contentUrl":"https:\/\/conversesacatalunya.cat\/wp-content\/uploads\/2025\/03\/europe-63026_640.jpg","width":640,"height":492,"caption":"Europa geopol\u00edtica"},{"@type":"BreadcrumbList","@id":"https:\/\/conversesacatalunya.cat\/?p=86291#breadcrumb","itemListElement":[{"@type":"ListItem","position":1,"name":"Inici","item":"https:\/\/conversesacatalunya.cat\/es\/"},{"@type":"ListItem","position":2,"name":"Primeras reacciones de la UE a la ruptura de la relaci\u00f3n transatl\u00e1ntica y al advenimiento de una nueva era geopol\u00edtica de car\u00e1cter imperial (y II)"}]},{"@type":"WebSite","@id":"https:\/\/conversesacatalunya.cat\/#website","url":"https:\/\/conversesacatalunya.cat\/","name":"Converses a Catalunya","description":"","potentialAction":[{"@type":"SearchAction","target":{"@type":"EntryPoint","urlTemplate":"https:\/\/conversesacatalunya.cat\/?s={search_term_string}"},"query-input":{"@type":"PropertyValueSpecification","valueRequired":true,"valueName":"search_term_string"}}],"inLanguage":"es"},{"@type":"Person","@id":"https:\/\/conversesacatalunya.cat\/#\/schema\/person\/1b0082ee920b837be791bee630d460b2","name":"Victor Pou","image":{"@type":"ImageObject","inLanguage":"es","@id":"https:\/\/conversesacatalunya.cat\/#\/schema\/person\/image\/","url":"https:\/\/conversesacatalunya.cat\/wp-content\/litespeed\/avatar\/b9b32a5f987117ce72836d050f735d2b.jpg?ver=1777366285","contentUrl":"https:\/\/conversesacatalunya.cat\/wp-content\/litespeed\/avatar\/b9b32a5f987117ce72836d050f735d2b.jpg?ver=1777366285","caption":"Victor Pou"},"url":"https:\/\/conversesacatalunya.cat\/es\/author\/victor_pou\/"}]}},"wps_subtitle":"La UE se ve existencialmente amenazada, pero le quedan muchas cartas por jugar.","_links":{"self":[{"href":"https:\/\/conversesacatalunya.cat\/es\/wp-json\/wp\/v2\/posts\/86363","targetHints":{"allow":["GET"]}}],"collection":[{"href":"https:\/\/conversesacatalunya.cat\/es\/wp-json\/wp\/v2\/posts"}],"about":[{"href":"https:\/\/conversesacatalunya.cat\/es\/wp-json\/wp\/v2\/types\/post"}],"author":[{"embeddable":true,"href":"https:\/\/conversesacatalunya.cat\/es\/wp-json\/wp\/v2\/users\/38"}],"replies":[{"embeddable":true,"href":"https:\/\/conversesacatalunya.cat\/es\/wp-json\/wp\/v2\/comments?post=86363"}],"version-history":[{"count":11,"href":"https:\/\/conversesacatalunya.cat\/es\/wp-json\/wp\/v2\/posts\/86363\/revisions"}],"predecessor-version":[{"id":86381,"href":"https:\/\/conversesacatalunya.cat\/es\/wp-json\/wp\/v2\/posts\/86363\/revisions\/86381"}],"wp:featuredmedia":[{"embeddable":true,"href":"https:\/\/conversesacatalunya.cat\/es\/wp-json\/wp\/v2\/media\/86361"}],"wp:attachment":[{"href":"https:\/\/conversesacatalunya.cat\/es\/wp-json\/wp\/v2\/media?parent=86363"}],"wp:term":[{"taxonomy":"category","embeddable":true,"href":"https:\/\/conversesacatalunya.cat\/es\/wp-json\/wp\/v2\/categories?post=86363"},{"taxonomy":"post_tag","embeddable":true,"href":"https:\/\/conversesacatalunya.cat\/es\/wp-json\/wp\/v2\/tags?post=86363"}],"curies":[{"name":"wp","href":"https:\/\/api.w.org\/{rel}","templated":true}]}}