{"id":86324,"date":"2025-03-13T12:34:12","date_gmt":"2025-03-13T11:34:12","guid":{"rendered":"https:\/\/conversesacatalunya.cat\/la-immigracio-espanya-es-una-solucio-pessima-i\/"},"modified":"2025-03-13T12:50:00","modified_gmt":"2025-03-13T11:50:00","slug":"la-inmigracion-tal-y-como-esta-planteada-en-espana-es-una-solucion-pesima-i","status":"publish","type":"post","link":"https:\/\/conversesacatalunya.cat\/es\/la-inmigracion-tal-y-como-esta-planteada-en-espana-es-una-solucion-pesima-i\/","title":{"rendered":"Por qu\u00e9 la inmigraci\u00f3n tal y como est\u00e1 planteada en Espa\u00f1a es una soluci\u00f3n p\u00e9sima (I)"},"content":{"rendered":"<p><span><span class=\"\">Espa\u00f1a, un pa\u00eds de\u00a0<\/span><\/span><strong><span><span class=\"\">inmigraciones masivas<\/span><\/span><\/strong><span><span class=\"\">\u00a0que carece de una pol\u00edtica sobre este fen\u00f3meno digna de ese nombre, tambi\u00e9n se plantea como una panacea. Como sustituta de la \u00ednfima natalidad espa\u00f1ola y como el factor que ayuda a equilibrar las pensiones. Todo esto, unido a esta masificaci\u00f3n, es un error muy grave, que ya estamos pagando y que a\u00fan vamos a pagar m\u00e1s en el futuro.<\/span><\/span><\/p>\n<h4><strong><span>La clave es el capital humano<\/span><\/strong><\/h4>\n<p><span>Sabemos que, seg\u00fan los estudios del Instituto Valenciano de Investigaciones Econ\u00f3micas (IVIE), el valor del capital humano per c\u00e1pita en Espa\u00f1a se situaba en 320.975 euros por persona en 2021. Sin embargo, es importante destacar que este valor ha experimentado una tendencia decreciente en las \u00faltimas d\u00e9cadas: 1 %.<\/span><\/p>\n<h4><strong>\u00bfPero cu\u00e1l es el capital humano de la poblaci\u00f3n inmigrante?<\/strong><\/h4>\n<p><span>Para aproximar el\u00a0<\/span><strong><span>capital humano per c\u00e1pita de la poblaci\u00f3n inmigrante<\/span><\/strong><span>\u00a0en Espa\u00f1a, podemos utilizar como referencia la brecha salarial entre trabajadores nativos e inmigrantes. En general, los salarios reflejan la productividad y, por tanto, el nivel de capital humano (formaci\u00f3n, habilidades y experiencia) de los trabajadores. Datos recientes muestran una diferencia sustancial en las remuneraciones:\u00a0<\/span><strong><span>en 2022, el salario medio de los trabajadores extranjeros fue aproximadamente un 33% inferior al de los trabajadores espa\u00f1oles<\/span><\/strong><span>. Es decir, de media, un inmigrante gan\u00f3 en torno a dos tercios del salario de un nativo.<\/span><\/p>\n<p><strong><span>Asumiendo una correlaci\u00f3n positiva entre salario y capital humano<\/span><\/strong><span>, este dato sugiere que\u00a0<\/span><strong><span>el capital humano medio por persona de la poblaci\u00f3n inmigrante equivale aproximadamente al 67% del capital humano per c\u00e1pita de la poblaci\u00f3n nativa<\/span><\/strong><span>\u00a0(tomando el salario de los espa\u00f1oles como referencia). En otras palabras, si los espa\u00f1oles tienen un \u201c100%\u201d de capital humano de media, los inmigrantes tendr\u00edan alrededor de un \u201c67%\u201d de media,\u00a0<\/span><strong><span>bajo el supuesto de que la brecha salarial se debe principalmente a diferencias en productividad y calificaci\u00f3n<\/span><\/strong><span>.<\/span><\/p>\n<p><span>Cabe se\u00f1alar que buena parte de esta brecha salarial se explica por diferencias observables en las caracter\u00edsticas laborales y educativas de ambos colectivos.<\/span><\/p>\n<p><span>Los inmigrantes en Espa\u00f1a suelen ser, en promedio,\u00a0<\/span><strong><span>m\u00e1s j\u00f3venes, con menos a\u00f1os de educaci\u00f3n formal y concentrados en trabajos de menor calificaci\u00f3n, a menudo a tiempo parcial o temporales<\/span><\/strong><span>. De hecho, el economista Raquel Carrasco estima que,\u00a0<\/span><strong><span>descontando factores como edad, nivel educativo, tipo de contrato o sector, la diferencia \u00abno explicada\u00bb en el salario medio se reducir\u00eda a s\u00f3lo un 6%<\/span><\/strong><span>. Esto implica que gran parte de la menor remuneraci\u00f3n de los inmigrantes se debe a un menor capital humano efectivo (menos formaci\u00f3n o experiencia relevante) y a las caracter\u00edsticas de los puestos de trabajo que ocupan, m\u00e1s que a una penalizaci\u00f3n puramente por su condici\u00f3n de extranjeros.<\/span><\/p>\n<p><strong><span>En t\u00e9rminos de capital humano per c\u00e1pita, por tanto, los inmigrantes tendr\u00edan un valor medio inferior al de los nativos, de acuerdo con esta brecha salarial bruta del ~33%<\/span><\/strong><span>. Podemos concluir que, utilizando los salarios como indicador, el capital humano medio de un inmigrante en Espa\u00f1a estar\u00eda en torno a dos tercios del de un espa\u00f1ol nativo en la actualidad.<\/span><\/p>\n<h4><strong><span>Impacto de la inmigraci\u00f3n y la emigraci\u00f3n en el capital humano de Espa\u00f1a<\/span><\/strong><\/h4>\n<p><strong><span>La hip\u00f3tesis de que el capital humano en Espa\u00f1a ha descendido en las \u00faltimas d\u00e9cadas<\/span><\/strong><span>\u00a0est\u00e1 avalada por varios estudios, que se\u00f1alan una tendencia preocupante a la baja en el valor del capital humano por habitante. Seg\u00fan un informe de la Fundaci\u00f3n BBVA y el IVIE,\u00a0<\/span><strong><span>el valor del capital humano per c\u00e1pita en Espa\u00f1a cay\u00f3 un 19,1% entre 2000 y 2021<\/span><\/strong><span>.<\/span><\/p>\n<p><span>Este descenso significa que, en promedio, cada persona en 2021 aportaba menos capital humano (en t\u00e9rminos de valor productivo) que a principios de siglo. El\u00a0<\/span><strong><span>principal factor<\/span><\/strong><span>\u00a0identificado es el\u00a0<\/span><strong><span>envejecimiento poblacional<\/span><\/strong><span>, que reduce la proporci\u00f3n de personas en edad de trabajar altamente productivas. Sin embargo, los\u00a0<\/span><strong><span>movimientos migratorios<\/span><\/strong><span>\u00a0han influido adicionalmente en esta evoluci\u00f3n, a trav\u00e9s de dos v\u00edas:<\/span><\/p>\n<ol>\n<li><strong><span>La entrada de grandes flujos de inmigrantes<\/span><\/strong><span>\u00a0(con menor nivel formativo de media).<\/span><\/li>\n<li><strong><span>La salida de una parte de la poblaci\u00f3n aut\u00f3ctona altamente calificada<\/span><\/strong><span>\u00a0(fuga de talento).<\/span><\/li>\n<\/ol>\n<p><span>A continuaci\u00f3n, analizamos cualitativamente cada fen\u00f3meno y su efecto en el\u00a0<\/span><strong><span>stock de capital humano<\/span><\/strong><span>\u00a0del pa\u00eds, aportando datos disponibles.<\/span><\/p>\n<p><span>Espa\u00f1a ha experimentado\u00a0<\/span><strong><span>dos grandes oleadas migratorias<\/span><\/strong><span>\u00a0desde finales del siglo XX. La primera tuvo lugar en la d\u00e9cada del 2000, cuando el r\u00e1pido crecimiento econ\u00f3mico atrajo a cientos de miles de extranjeros cada a\u00f1o. Como resultado, la poblaci\u00f3n inmigrante pas\u00f3 de ser muy reducida en los a\u00f1os 90 a representar al\u00a0<\/span><strong><span>12,2% de la poblaci\u00f3n en 2010<\/span><\/strong><span>. Tras la crisis de 2008, muchos extranjeros regresaron a sus pa\u00edses o emigraron a terceros, reduciendo la proporci\u00f3n a ~9,8% en 2017.<\/span><\/p>\n<p><span>La\u00a0<\/span><strong><span>segunda ola<\/span><\/strong><span>\u00a0ha tenido lugar en la segunda mitad de la d\u00e9cada de 2010 y principios de 2020, con la recuperaci\u00f3n econ\u00f3mica y necesidades laborales espec\u00edficas. En los \u00faltimos a\u00f1os, Espa\u00f1a ha vuelto a atraer a inmigrantes en cifras r\u00e9cord: a\u00a0<\/span><strong><span>1 de enero de 2025, los residentes de nacionalidad extranjera alcanzaban los 6,85 millones (14% de la poblaci\u00f3n total)<\/span><\/strong><span>, y la\u00a0<\/span><strong><span>poblaci\u00f3n nacida en el extranjero<\/span><\/strong><span>\u00a0(incluyendo naturalizados) llegaba a\u00a0<\/span><strong><span>9,38 millones de personas<\/span><\/strong><span>. Es decir,\u00a0<\/span><strong><span>casi una de cada cinco personas en Espa\u00f1a naci\u00f3 fuera del pa\u00eds<\/span><\/strong><span>, una notable transformaci\u00f3n demogr\u00e1fica en pocas d\u00e9cadas.<\/span><\/p>\n<p><span>Estas oleadas migratorias\u00a0<\/span><strong><span>han aumentado la poblaci\u00f3n activa y la mano de obra<\/span><\/strong><span>, pero\u00a0<\/span><strong><span>no han elevado en la misma medida el nivel medio de capital humano<\/span><\/strong><span>. Esto se debe a que, estad\u00edsticamente, los inmigrantes en Espa\u00f1a tienen de media menos formaci\u00f3n acad\u00e9mica que la poblaci\u00f3n aut\u00f3ctona.<\/span><\/p>\n<p><span>Por ejemplo, un estudio de Funcas muestra que\u00a0<\/span><strong><span>s\u00f3lo alrededor del 30% de los inmigrantes de 25 a 54 a\u00f1os en Espa\u00f1a ten\u00eda educaci\u00f3n universitaria en 2021<\/span><\/strong><span>, una proporci\u00f3n pr\u00e1cticamente estancada desde 2004. En paralelo,\u00a0<\/span><strong><span>un 37,8% de la poblaci\u00f3n inmigrante ten\u00eda s\u00f3lo estudios b\u00e1sicos<\/span><\/strong><span>\u00a0(educaci\u00f3n obligatoria o menos), uno de los porcentajes.<\/span><\/p>\n<p><span>Esto contrasta con la poblaci\u00f3n espa\u00f1ola en su conjunto, cuyo nivel educativo ha mejorado en las \u00faltimas d\u00e9cadas (m\u00e1s del 40% de los adultos espa\u00f1oles de 25-64 a\u00f1os han completado educaci\u00f3n superior, seg\u00fan datos del Ministerio de Educaci\u00f3n).<\/span><\/p>\n<p><strong><span>La llegada masiva de inmigrantes con calificaciones medias o bajas diluye el capital humano medio por habitante<\/span><\/strong><span>, porque incrementa la poblaci\u00f3n total m\u00e1s r\u00e1pidamente que el stock de formaci\u00f3n acumulada. En t\u00e9rminos simples: la econom\u00eda suma trabajadores, pero muchos de ellos con menos \u201cmochila\u201d de conocimientos o habilidades formales que el trabajador medio nativo, lo que\u00a0<\/span><strong><span>frena el aumento (o provoca la ca\u00edda) del capital humano per c\u00e1pita<\/span><\/strong><span>.<\/span><\/p>\n<p><span><span class=\"VIpgJd-yAWNEb-VIpgJd-fmcmS-sn54Q\">De hecho, los expertos se\u00f1alan que el crecimiento econ\u00f3mico espa\u00f1ol en los a\u00f1os 2000 se sustent\u00f3 m\u00e1s en la expansi\u00f3n de la fuerza laboral (demanda de trabajo poco calificado en construcci\u00f3n, servicios, etc.) que en mejoras de productividad por capital humano. Esto explica que, pese al aumento extraordinario de poblaci\u00f3n gracias a la inmigraci\u00f3n,\u00a0<\/span><\/span><strong><span><span class=\"VIpgJd-yAWNEb-VIpgJd-fmcmS-sn54Q\">no se observaran incrementos sustanciales en el capital humano por persona ni siquiera en los a\u00f1os de bonanza precrisis<\/span><\/span><\/strong><span><span class=\"VIpgJd-yAWNEb-VIpgJd-fmcmS-sn54Q\">.<\/span><\/span><\/p>\n<div id=\"polls-277\" class=\"wp-polls\">\n\t<form id=\"polls_form_277\" class=\"wp-polls-form\" action=\"\/index.php\" method=\"post\">\n\t\t<p style=\"display: none;\"><input type=\"hidden\" id=\"poll_277_nonce\" name=\"wp-polls-nonce\" value=\"ba0579586e\" \/><\/p>\n\t\t<p style=\"display: none;\"><input type=\"hidden\" name=\"poll_id\" value=\"277\" \/><\/p>\n\t\t<p style=\"text-align: center\"><strong>Creus que l'ampliaci\u00f3 de la despesa militar a Espanya hauria de passar per l'aprovaci\u00f3 del Congr\u00e9s dels Diputats?<\/strong><\/p><div id=\"polls-277-ans\" class=\"wp-polls-ans\"><ul class=\"wp-polls-ul\">\n\t\t<li><input type=\"radio\" id=\"poll-answer-782\" name=\"poll_277\" value=\"782\" \/> <label for=\"poll-answer-782\">S\u00ed<\/label><\/li>\n\t\t<li><input type=\"radio\" id=\"poll-answer-783\" name=\"poll_277\" value=\"783\" \/> <label for=\"poll-answer-783\">No<\/label><\/li>\n\t\t<li><input type=\"radio\" id=\"poll-answer-784\" name=\"poll_277\" value=\"784\" \/> <label for=\"poll-answer-784\">No ho s\u00e9<\/label><\/li>\n\t\t<\/ul><p style=\"text-align: center\"><input type=\"button\" name=\"vote\" value=\"   Vota   \" class=\"Buttons\" onclick=\"poll_vote(277);\" \/><\/p><p style=\"text-align: center\"><a href=\"#ViewPollResults\" onclick=\"poll_result(277); return false;\" title=\"View Results Of This Poll\">Mira els resultats<\/a><\/p><\/div>\n\t<\/form>\n<\/div>\n<div id=\"polls-277-loading\" class=\"wp-polls-loading\"><img decoding=\"async\" data-src=\"https:\/\/conversesacatalunya.cat\/wp-content\/plugins\/wp-polls\/images\/loading.gif\" width=\"16\" height=\"16\" alt=\"Cargando ...\" title=\"Cargando ...\" class=\"wp-polls-image lazyload\" src=\"data:image\/svg+xml;base64,PHN2ZyB3aWR0aD0iMSIgaGVpZ2h0PSIxIiB4bWxucz0iaHR0cDovL3d3dy53My5vcmcvMjAwMC9zdmciPjwvc3ZnPg==\" style=\"--smush-placeholder-width: 16px; --smush-placeholder-aspect-ratio: 16\/16;\" \/>&nbsp;Cargando ...<\/div>\n\n","protected":false},"excerpt":{"rendered":"<p>Espa\u00f1a, un pa\u00eds de\u00a0inmigraciones masivas\u00a0que carece de una pol\u00edtica sobre este fen\u00f3meno digna de ese nombre, tambi\u00e9n se plantea como una panacea. Como sustituta de la \u00ednfima natalidad espa\u00f1ola y como el factor que ayuda a equilibrar las pensiones. Todo esto, unido a esta masificaci\u00f3n, es un error muy grave, que ya estamos pagando y que a\u00fan vamos a pagar m\u00e1s en el futuro. La clave es el capital humano Sabemos que, seg\u00fan los estudios del Instituto Valenciano de Investigaciones Econ\u00f3micas (IVIE), el valor del capital humano per c\u00e1pita en Espa\u00f1a se situaba en 320.975 euros por persona en 2021. Sin embargo, es importante destacar que este valor ha experimentado una tendencia decreciente en las \u00faltimas d\u00e9cadas: 1 %. \u00bfPero cu\u00e1l es el capital humano de la poblaci\u00f3n inmigrante? Para aproximar el\u00a0capital humano per c\u00e1pita de la poblaci\u00f3n inmigrante\u00a0en Espa\u00f1a, podemos utilizar como referencia la brecha salarial entre trabajadores nativos e inmigrantes. En general, los salarios reflejan la productividad y, por tanto, el nivel de capital humano (formaci\u00f3n, habilidades y experiencia) de los trabajadores. Datos recientes muestran una diferencia sustancial en las remuneraciones:\u00a0en 2022, el salario medio de los trabajadores extranjeros fue aproximadamente un 33% inferior al de los trabajadores espa\u00f1oles. Es decir, de media, un inmigrante gan\u00f3 en torno a dos tercios del salario de un nativo. Asumiendo una correlaci\u00f3n positiva entre salario y capital humano, este dato sugiere que\u00a0el capital humano medio por persona de la poblaci\u00f3n inmigrante equivale aproximadamente al 67% del capital humano per c\u00e1pita de la poblaci\u00f3n nativa\u00a0(tomando el salario de los espa\u00f1oles como referencia). En otras palabras, si los espa\u00f1oles tienen un \u201c100%\u201d de capital humano de media, los inmigrantes tendr\u00edan alrededor de un \u201c67%\u201d de media,\u00a0bajo el supuesto de que la brecha salarial se debe principalmente a diferencias en productividad y calificaci\u00f3n. Cabe se\u00f1alar que buena parte de esta brecha salarial se explica por diferencias observables en las caracter\u00edsticas laborales y educativas de ambos colectivos. Los inmigrantes en Espa\u00f1a suelen ser, en promedio,\u00a0m\u00e1s j\u00f3venes, con menos a\u00f1os de educaci\u00f3n formal y concentrados en trabajos de menor calificaci\u00f3n, a menudo a tiempo parcial o temporales. De hecho, el economista Raquel Carrasco estima que,\u00a0descontando factores como edad, nivel educativo, tipo de contrato o sector, la diferencia \u00abno explicada\u00bb en el salario medio se reducir\u00eda a s\u00f3lo un 6%. Esto implica que gran parte de la menor remuneraci\u00f3n de los inmigrantes se debe a un menor capital humano efectivo (menos formaci\u00f3n o experiencia relevante) y a las caracter\u00edsticas de los puestos de trabajo que ocupan, m\u00e1s que a una penalizaci\u00f3n puramente por su condici\u00f3n de extranjeros. En t\u00e9rminos de capital humano per c\u00e1pita, por tanto, los inmigrantes tendr\u00edan un valor medio inferior al de los nativos, de acuerdo con esta brecha salarial bruta del ~33%. Podemos concluir que, utilizando los salarios como indicador, el capital humano medio de un inmigrante en Espa\u00f1a estar\u00eda en torno a dos tercios del de un espa\u00f1ol nativo en la actualidad. Impacto de la inmigraci\u00f3n y la emigraci\u00f3n en el capital humano de Espa\u00f1a La hip\u00f3tesis de que el capital humano en Espa\u00f1a ha descendido en las \u00faltimas d\u00e9cadas\u00a0est\u00e1 avalada por varios estudios, que se\u00f1alan una tendencia preocupante a la baja en el valor del capital humano por habitante. Seg\u00fan un informe de la Fundaci\u00f3n BBVA y el IVIE,\u00a0el valor del capital humano per c\u00e1pita en Espa\u00f1a cay\u00f3 un 19,1% entre 2000 y 2021. Este descenso significa que, en promedio, cada persona en 2021 aportaba menos capital humano (en t\u00e9rminos de valor productivo) que a principios de siglo. El\u00a0principal factor\u00a0identificado es el\u00a0envejecimiento poblacional, que reduce la proporci\u00f3n de personas en edad de trabajar altamente productivas. Sin embargo, los\u00a0movimientos migratorios\u00a0han influido adicionalmente en esta evoluci\u00f3n, a trav\u00e9s de dos v\u00edas: La entrada de grandes flujos de inmigrantes\u00a0(con menor nivel formativo de media). La salida de una parte de la poblaci\u00f3n aut\u00f3ctona altamente calificada\u00a0(fuga de talento). A continuaci\u00f3n, analizamos cualitativamente cada fen\u00f3meno y su efecto en el\u00a0stock de capital humano\u00a0del pa\u00eds, aportando datos disponibles. Espa\u00f1a ha experimentado\u00a0dos grandes oleadas migratorias\u00a0desde finales del siglo XX. La primera tuvo lugar en la d\u00e9cada del 2000, cuando el r\u00e1pido crecimiento econ\u00f3mico atrajo a cientos de miles de extranjeros cada a\u00f1o. Como resultado, la poblaci\u00f3n inmigrante pas\u00f3 de ser muy reducida en los a\u00f1os 90 a representar al\u00a012,2% de la poblaci\u00f3n en 2010. Tras la crisis de 2008, muchos extranjeros regresaron a sus pa\u00edses o emigraron a terceros, reduciendo la proporci\u00f3n a ~9,8% en 2017. La\u00a0segunda ola\u00a0ha tenido lugar en la segunda mitad de la d\u00e9cada de 2010 y principios de 2020, con la recuperaci\u00f3n econ\u00f3mica y necesidades laborales espec\u00edficas. En los \u00faltimos a\u00f1os, Espa\u00f1a ha vuelto a atraer a inmigrantes en cifras r\u00e9cord: a\u00a01 de enero de 2025, los residentes de nacionalidad extranjera alcanzaban los 6,85 millones (14% de la poblaci\u00f3n total), y la\u00a0poblaci\u00f3n nacida en el extranjero\u00a0(incluyendo naturalizados) llegaba a\u00a09,38 millones de personas. Es decir,\u00a0casi una de cada cinco personas en Espa\u00f1a naci\u00f3 fuera del pa\u00eds, una notable transformaci\u00f3n demogr\u00e1fica en pocas d\u00e9cadas. Estas oleadas migratorias\u00a0han aumentado la poblaci\u00f3n activa y la mano de obra, pero\u00a0no han elevado en la misma medida el nivel medio de capital humano. Esto se debe a que, estad\u00edsticamente, los inmigrantes en Espa\u00f1a tienen de media menos formaci\u00f3n acad\u00e9mica que la poblaci\u00f3n aut\u00f3ctona. Por ejemplo, un estudio de Funcas muestra que\u00a0s\u00f3lo alrededor del 30% de los inmigrantes de 25 a 54 a\u00f1os en Espa\u00f1a ten\u00eda educaci\u00f3n universitaria en 2021, una proporci\u00f3n pr\u00e1cticamente estancada desde 2004. En paralelo,\u00a0un 37,8% de la poblaci\u00f3n inmigrante ten\u00eda s\u00f3lo estudios b\u00e1sicos\u00a0(educaci\u00f3n obligatoria o menos), uno de los porcentajes. Esto contrasta con la poblaci\u00f3n espa\u00f1ola en su conjunto, cuyo nivel educativo ha mejorado en las \u00faltimas d\u00e9cadas (m\u00e1s del 40% de los adultos espa\u00f1oles de 25-64 a\u00f1os han completado educaci\u00f3n superior, seg\u00fan datos del Ministerio de Educaci\u00f3n). La llegada masiva de inmigrantes con calificaciones medias o bajas diluye el capital humano medio por habitante, porque incrementa la poblaci\u00f3n total m\u00e1s r\u00e1pidamente que el stock de formaci\u00f3n acumulada. En t\u00e9rminos simples: la econom\u00eda suma trabajadores, pero&#8230;<\/p>\n","protected":false},"author":77,"featured_media":86321,"comment_status":"open","ping_status":"open","sticky":false,"template":"","format":"standard","meta":{"_FSMCFIC_featured_image_caption":"","_FSMCFIC_featured_image_nocaption":"","_FSMCFIC_featured_image_hide":"","footnotes":""},"categories":[806],"tags":[1678],"class_list":["post-86324","post","type-post","status-publish","format-standard","has-post-thumbnail","hentry","category-punts-claus-del-dia-es","tag-inmigracion"],"yoast_head":"<!-- This site is optimized with the Yoast SEO plugin v26.8 - https:\/\/yoast.com\/product\/yoast-seo-wordpress\/ -->\n<title>Por qu\u00e9 la inmigraci\u00f3n tal y como est\u00e1 planteada en Espa\u00f1a es una soluci\u00f3n p\u00e9sima (I) - Converses a Catalunya<\/title>\n<meta name=\"description\" content=\"Espa\u00f1a, un pa\u00eds de inmigraciones masivas que no tiene una pol\u00edtica sobre este fen\u00f3meno digna de ese nombre\" \/>\n<meta name=\"robots\" content=\"index, follow, max-snippet:-1, max-image-preview:large, max-video-preview:-1\" \/>\n<link rel=\"canonical\" href=\"https:\/\/conversesacatalunya.cat\/es\/la-inmigracion-tal-y-como-esta-planteada-en-espana-es-una-solucion-pesima-i\/\" \/>\n<meta property=\"og:locale\" content=\"es_ES\" \/>\n<meta property=\"og:type\" content=\"article\" \/>\n<meta property=\"og:title\" content=\"Por qu\u00e9 la inmigraci\u00f3n tal y como est\u00e1 planteada en Espa\u00f1a es una soluci\u00f3n p\u00e9sima (I) - Converses a Catalunya\" \/>\n<meta property=\"og:description\" content=\"Espa\u00f1a, un pa\u00eds de inmigraciones masivas que no tiene una pol\u00edtica sobre este fen\u00f3meno digna de ese nombre\" \/>\n<meta property=\"og:url\" content=\"https:\/\/conversesacatalunya.cat\/es\/la-inmigracion-tal-y-como-esta-planteada-en-espana-es-una-solucion-pesima-i\/\" \/>\n<meta property=\"og:site_name\" content=\"Converses a Catalunya\" \/>\n<meta property=\"article:published_time\" content=\"2025-03-13T11:34:12+00:00\" \/>\n<meta property=\"article:modified_time\" content=\"2025-03-13T11:50:00+00:00\" \/>\n<meta property=\"og:image\" content=\"https:\/\/conversesacatalunya.cat\/wp-content\/uploads\/2025\/03\/immigracio.jpg\" \/>\n\t<meta property=\"og:image:width\" content=\"381\" \/>\n\t<meta property=\"og:image:height\" content=\"213\" \/>\n\t<meta property=\"og:image:type\" content=\"image\/jpeg\" \/>\n<meta name=\"author\" content=\"Enric Casanovas\" \/>\n<meta name=\"twitter:card\" content=\"summary_large_image\" \/>\n<meta name=\"twitter:label1\" content=\"Escrito por\" \/>\n\t<meta name=\"twitter:data1\" content=\"Enric Casanovas\" \/>\n\t<meta name=\"twitter:label2\" content=\"Tiempo de lectura\" \/>\n\t<meta name=\"twitter:data2\" content=\"6 minutos\" \/>\n<script type=\"application\/ld+json\" class=\"yoast-schema-graph\">{\"@context\":\"https:\/\/schema.org\",\"@graph\":[{\"@type\":\"Article\",\"@id\":\"https:\/\/conversesacatalunya.cat\/es\/la-inmigracion-tal-y-como-esta-planteada-en-espana-es-una-solucion-pesima-i\/#article\",\"isPartOf\":{\"@id\":\"https:\/\/conversesacatalunya.cat\/es\/la-inmigracion-tal-y-como-esta-planteada-en-espana-es-una-solucion-pesima-i\/\"},\"author\":{\"name\":\"Enric Casanovas\",\"@id\":\"https:\/\/conversesacatalunya.cat\/#\/schema\/person\/79bd0577b2f3afc8d6519d207c6e8609\"},\"headline\":\"Por qu\u00e9 la inmigraci\u00f3n tal y como est\u00e1 planteada en Espa\u00f1a es una soluci\u00f3n p\u00e9sima (I)\",\"datePublished\":\"2025-03-13T11:34:12+00:00\",\"dateModified\":\"2025-03-13T11:50:00+00:00\",\"mainEntityOfPage\":{\"@id\":\"https:\/\/conversesacatalunya.cat\/es\/la-inmigracion-tal-y-como-esta-planteada-en-espana-es-una-solucion-pesima-i\/\"},\"wordCount\":1265,\"commentCount\":0,\"image\":{\"@id\":\"https:\/\/conversesacatalunya.cat\/es\/la-inmigracion-tal-y-como-esta-planteada-en-espana-es-una-solucion-pesima-i\/#primaryimage\"},\"thumbnailUrl\":\"https:\/\/conversesacatalunya.cat\/wp-content\/uploads\/2025\/03\/immigracio.jpg\",\"keywords\":[\"inmigraci\u00f3n\"],\"articleSection\":[\"Punts clau del dia (ES)\"],\"inLanguage\":\"es\",\"potentialAction\":[{\"@type\":\"CommentAction\",\"name\":\"Comment\",\"target\":[\"https:\/\/conversesacatalunya.cat\/es\/la-inmigracion-tal-y-como-esta-planteada-en-espana-es-una-solucion-pesima-i\/#respond\"]}]},{\"@type\":\"WebPage\",\"@id\":\"https:\/\/conversesacatalunya.cat\/es\/la-inmigracion-tal-y-como-esta-planteada-en-espana-es-una-solucion-pesima-i\/\",\"url\":\"https:\/\/conversesacatalunya.cat\/es\/la-inmigracion-tal-y-como-esta-planteada-en-espana-es-una-solucion-pesima-i\/\",\"name\":\"Por qu\u00e9 la inmigraci\u00f3n tal y como est\u00e1 planteada en Espa\u00f1a es una soluci\u00f3n p\u00e9sima (I) - Converses a Catalunya\",\"isPartOf\":{\"@id\":\"https:\/\/conversesacatalunya.cat\/#website\"},\"primaryImageOfPage\":{\"@id\":\"https:\/\/conversesacatalunya.cat\/es\/la-inmigracion-tal-y-como-esta-planteada-en-espana-es-una-solucion-pesima-i\/#primaryimage\"},\"image\":{\"@id\":\"https:\/\/conversesacatalunya.cat\/es\/la-inmigracion-tal-y-como-esta-planteada-en-espana-es-una-solucion-pesima-i\/#primaryimage\"},\"thumbnailUrl\":\"https:\/\/conversesacatalunya.cat\/wp-content\/uploads\/2025\/03\/immigracio.jpg\",\"datePublished\":\"2025-03-13T11:34:12+00:00\",\"dateModified\":\"2025-03-13T11:50:00+00:00\",\"author\":{\"@id\":\"https:\/\/conversesacatalunya.cat\/#\/schema\/person\/79bd0577b2f3afc8d6519d207c6e8609\"},\"description\":\"Espa\u00f1a, un pa\u00eds de inmigraciones masivas que no tiene una pol\u00edtica sobre este fen\u00f3meno digna de ese nombre\",\"breadcrumb\":{\"@id\":\"https:\/\/conversesacatalunya.cat\/es\/la-inmigracion-tal-y-como-esta-planteada-en-espana-es-una-solucion-pesima-i\/#breadcrumb\"},\"inLanguage\":\"es\",\"potentialAction\":[{\"@type\":\"ReadAction\",\"target\":[\"https:\/\/conversesacatalunya.cat\/es\/la-inmigracion-tal-y-como-esta-planteada-en-espana-es-una-solucion-pesima-i\/\"]}]},{\"@type\":\"ImageObject\",\"inLanguage\":\"es\",\"@id\":\"https:\/\/conversesacatalunya.cat\/es\/la-inmigracion-tal-y-como-esta-planteada-en-espana-es-una-solucion-pesima-i\/#primaryimage\",\"url\":\"https:\/\/conversesacatalunya.cat\/wp-content\/uploads\/2025\/03\/immigracio.jpg\",\"contentUrl\":\"https:\/\/conversesacatalunya.cat\/wp-content\/uploads\/2025\/03\/immigracio.jpg\",\"width\":381,\"height\":213},{\"@type\":\"BreadcrumbList\",\"@id\":\"https:\/\/conversesacatalunya.cat\/es\/la-inmigracion-tal-y-como-esta-planteada-en-espana-es-una-solucion-pesima-i\/#breadcrumb\",\"itemListElement\":[{\"@type\":\"ListItem\",\"position\":1,\"name\":\"Inici\",\"item\":\"https:\/\/conversesacatalunya.cat\/es\/\"},{\"@type\":\"ListItem\",\"position\":2,\"name\":\"Por qu\u00e9 la inmigraci\u00f3n tal y como est\u00e1 planteada en Espa\u00f1a es una soluci\u00f3n p\u00e9sima (I)\"}]},{\"@type\":\"WebSite\",\"@id\":\"https:\/\/conversesacatalunya.cat\/#website\",\"url\":\"https:\/\/conversesacatalunya.cat\/\",\"name\":\"Converses a Catalunya\",\"description\":\"\",\"potentialAction\":[{\"@type\":\"SearchAction\",\"target\":{\"@type\":\"EntryPoint\",\"urlTemplate\":\"https:\/\/conversesacatalunya.cat\/?s={search_term_string}\"},\"query-input\":{\"@type\":\"PropertyValueSpecification\",\"valueRequired\":true,\"valueName\":\"search_term_string\"}}],\"inLanguage\":\"es\"},{\"@type\":\"Person\",\"@id\":\"https:\/\/conversesacatalunya.cat\/#\/schema\/person\/79bd0577b2f3afc8d6519d207c6e8609\",\"name\":\"Enric Casanovas\",\"image\":{\"@type\":\"ImageObject\",\"inLanguage\":\"es\",\"@id\":\"https:\/\/conversesacatalunya.cat\/#\/schema\/person\/image\/\",\"url\":\"https:\/\/conversesacatalunya.cat\/wp-content\/litespeed\/avatar\/7ae4379ad4421ec77820e92afd36dd78.jpg?ver=1777373933\",\"contentUrl\":\"https:\/\/conversesacatalunya.cat\/wp-content\/litespeed\/avatar\/7ae4379ad4421ec77820e92afd36dd78.jpg?ver=1777373933\",\"caption\":\"Enric Casanovas\"},\"url\":\"https:\/\/conversesacatalunya.cat\/es\/author\/enric-casanovas\/\"}]}<\/script>\n<!-- \/ Yoast SEO plugin. -->","yoast_head_json":{"title":"Por qu\u00e9 la inmigraci\u00f3n tal y como est\u00e1 planteada en Espa\u00f1a es una soluci\u00f3n p\u00e9sima (I) - Converses a Catalunya","description":"Espa\u00f1a, un pa\u00eds de inmigraciones masivas que no tiene una pol\u00edtica sobre este fen\u00f3meno digna de ese nombre","robots":{"index":"index","follow":"follow","max-snippet":"max-snippet:-1","max-image-preview":"max-image-preview:large","max-video-preview":"max-video-preview:-1"},"canonical":"https:\/\/conversesacatalunya.cat\/es\/la-inmigracion-tal-y-como-esta-planteada-en-espana-es-una-solucion-pesima-i\/","og_locale":"es_ES","og_type":"article","og_title":"Por qu\u00e9 la inmigraci\u00f3n tal y como est\u00e1 planteada en Espa\u00f1a es una soluci\u00f3n p\u00e9sima (I) - Converses a Catalunya","og_description":"Espa\u00f1a, un pa\u00eds de inmigraciones masivas que no tiene una pol\u00edtica sobre este fen\u00f3meno digna de ese nombre","og_url":"https:\/\/conversesacatalunya.cat\/es\/la-inmigracion-tal-y-como-esta-planteada-en-espana-es-una-solucion-pesima-i\/","og_site_name":"Converses a Catalunya","article_published_time":"2025-03-13T11:34:12+00:00","article_modified_time":"2025-03-13T11:50:00+00:00","og_image":[{"width":381,"height":213,"url":"https:\/\/conversesacatalunya.cat\/wp-content\/uploads\/2025\/03\/immigracio.jpg","type":"image\/jpeg"}],"author":"Enric Casanovas","twitter_card":"summary_large_image","twitter_misc":{"Escrito por":"Enric Casanovas","Tiempo de lectura":"6 minutos"},"schema":{"@context":"https:\/\/schema.org","@graph":[{"@type":"Article","@id":"https:\/\/conversesacatalunya.cat\/es\/la-inmigracion-tal-y-como-esta-planteada-en-espana-es-una-solucion-pesima-i\/#article","isPartOf":{"@id":"https:\/\/conversesacatalunya.cat\/es\/la-inmigracion-tal-y-como-esta-planteada-en-espana-es-una-solucion-pesima-i\/"},"author":{"name":"Enric Casanovas","@id":"https:\/\/conversesacatalunya.cat\/#\/schema\/person\/79bd0577b2f3afc8d6519d207c6e8609"},"headline":"Por qu\u00e9 la inmigraci\u00f3n tal y como est\u00e1 planteada en Espa\u00f1a es una soluci\u00f3n p\u00e9sima (I)","datePublished":"2025-03-13T11:34:12+00:00","dateModified":"2025-03-13T11:50:00+00:00","mainEntityOfPage":{"@id":"https:\/\/conversesacatalunya.cat\/es\/la-inmigracion-tal-y-como-esta-planteada-en-espana-es-una-solucion-pesima-i\/"},"wordCount":1265,"commentCount":0,"image":{"@id":"https:\/\/conversesacatalunya.cat\/es\/la-inmigracion-tal-y-como-esta-planteada-en-espana-es-una-solucion-pesima-i\/#primaryimage"},"thumbnailUrl":"https:\/\/conversesacatalunya.cat\/wp-content\/uploads\/2025\/03\/immigracio.jpg","keywords":["inmigraci\u00f3n"],"articleSection":["Punts clau del dia (ES)"],"inLanguage":"es","potentialAction":[{"@type":"CommentAction","name":"Comment","target":["https:\/\/conversesacatalunya.cat\/es\/la-inmigracion-tal-y-como-esta-planteada-en-espana-es-una-solucion-pesima-i\/#respond"]}]},{"@type":"WebPage","@id":"https:\/\/conversesacatalunya.cat\/es\/la-inmigracion-tal-y-como-esta-planteada-en-espana-es-una-solucion-pesima-i\/","url":"https:\/\/conversesacatalunya.cat\/es\/la-inmigracion-tal-y-como-esta-planteada-en-espana-es-una-solucion-pesima-i\/","name":"Por qu\u00e9 la inmigraci\u00f3n tal y como est\u00e1 planteada en Espa\u00f1a es una soluci\u00f3n p\u00e9sima (I) - Converses a Catalunya","isPartOf":{"@id":"https:\/\/conversesacatalunya.cat\/#website"},"primaryImageOfPage":{"@id":"https:\/\/conversesacatalunya.cat\/es\/la-inmigracion-tal-y-como-esta-planteada-en-espana-es-una-solucion-pesima-i\/#primaryimage"},"image":{"@id":"https:\/\/conversesacatalunya.cat\/es\/la-inmigracion-tal-y-como-esta-planteada-en-espana-es-una-solucion-pesima-i\/#primaryimage"},"thumbnailUrl":"https:\/\/conversesacatalunya.cat\/wp-content\/uploads\/2025\/03\/immigracio.jpg","datePublished":"2025-03-13T11:34:12+00:00","dateModified":"2025-03-13T11:50:00+00:00","author":{"@id":"https:\/\/conversesacatalunya.cat\/#\/schema\/person\/79bd0577b2f3afc8d6519d207c6e8609"},"description":"Espa\u00f1a, un pa\u00eds de inmigraciones masivas que no tiene una pol\u00edtica sobre este fen\u00f3meno digna de ese nombre","breadcrumb":{"@id":"https:\/\/conversesacatalunya.cat\/es\/la-inmigracion-tal-y-como-esta-planteada-en-espana-es-una-solucion-pesima-i\/#breadcrumb"},"inLanguage":"es","potentialAction":[{"@type":"ReadAction","target":["https:\/\/conversesacatalunya.cat\/es\/la-inmigracion-tal-y-como-esta-planteada-en-espana-es-una-solucion-pesima-i\/"]}]},{"@type":"ImageObject","inLanguage":"es","@id":"https:\/\/conversesacatalunya.cat\/es\/la-inmigracion-tal-y-como-esta-planteada-en-espana-es-una-solucion-pesima-i\/#primaryimage","url":"https:\/\/conversesacatalunya.cat\/wp-content\/uploads\/2025\/03\/immigracio.jpg","contentUrl":"https:\/\/conversesacatalunya.cat\/wp-content\/uploads\/2025\/03\/immigracio.jpg","width":381,"height":213},{"@type":"BreadcrumbList","@id":"https:\/\/conversesacatalunya.cat\/es\/la-inmigracion-tal-y-como-esta-planteada-en-espana-es-una-solucion-pesima-i\/#breadcrumb","itemListElement":[{"@type":"ListItem","position":1,"name":"Inici","item":"https:\/\/conversesacatalunya.cat\/es\/"},{"@type":"ListItem","position":2,"name":"Por qu\u00e9 la inmigraci\u00f3n tal y como est\u00e1 planteada en Espa\u00f1a es una soluci\u00f3n p\u00e9sima (I)"}]},{"@type":"WebSite","@id":"https:\/\/conversesacatalunya.cat\/#website","url":"https:\/\/conversesacatalunya.cat\/","name":"Converses a Catalunya","description":"","potentialAction":[{"@type":"SearchAction","target":{"@type":"EntryPoint","urlTemplate":"https:\/\/conversesacatalunya.cat\/?s={search_term_string}"},"query-input":{"@type":"PropertyValueSpecification","valueRequired":true,"valueName":"search_term_string"}}],"inLanguage":"es"},{"@type":"Person","@id":"https:\/\/conversesacatalunya.cat\/#\/schema\/person\/79bd0577b2f3afc8d6519d207c6e8609","name":"Enric Casanovas","image":{"@type":"ImageObject","inLanguage":"es","@id":"https:\/\/conversesacatalunya.cat\/#\/schema\/person\/image\/","url":"https:\/\/conversesacatalunya.cat\/wp-content\/litespeed\/avatar\/7ae4379ad4421ec77820e92afd36dd78.jpg?ver=1777373933","contentUrl":"https:\/\/conversesacatalunya.cat\/wp-content\/litespeed\/avatar\/7ae4379ad4421ec77820e92afd36dd78.jpg?ver=1777373933","caption":"Enric Casanovas"},"url":"https:\/\/conversesacatalunya.cat\/es\/author\/enric-casanovas\/"}]}},"wps_subtitle":"Espa\u00f1a, un pa\u00eds de inmigraciones masivas que no tiene una pol\u00edtica sobre este fen\u00f3meno digna de ese nombre","_links":{"self":[{"href":"https:\/\/conversesacatalunya.cat\/es\/wp-json\/wp\/v2\/posts\/86324","targetHints":{"allow":["GET"]}}],"collection":[{"href":"https:\/\/conversesacatalunya.cat\/es\/wp-json\/wp\/v2\/posts"}],"about":[{"href":"https:\/\/conversesacatalunya.cat\/es\/wp-json\/wp\/v2\/types\/post"}],"author":[{"embeddable":true,"href":"https:\/\/conversesacatalunya.cat\/es\/wp-json\/wp\/v2\/users\/77"}],"replies":[{"embeddable":true,"href":"https:\/\/conversesacatalunya.cat\/es\/wp-json\/wp\/v2\/comments?post=86324"}],"version-history":[{"count":2,"href":"https:\/\/conversesacatalunya.cat\/es\/wp-json\/wp\/v2\/posts\/86324\/revisions"}],"predecessor-version":[{"id":86326,"href":"https:\/\/conversesacatalunya.cat\/es\/wp-json\/wp\/v2\/posts\/86324\/revisions\/86326"}],"wp:featuredmedia":[{"embeddable":true,"href":"https:\/\/conversesacatalunya.cat\/es\/wp-json\/wp\/v2\/media\/86321"}],"wp:attachment":[{"href":"https:\/\/conversesacatalunya.cat\/es\/wp-json\/wp\/v2\/media?parent=86324"}],"wp:term":[{"taxonomy":"category","embeddable":true,"href":"https:\/\/conversesacatalunya.cat\/es\/wp-json\/wp\/v2\/categories?post=86324"},{"taxonomy":"post_tag","embeddable":true,"href":"https:\/\/conversesacatalunya.cat\/es\/wp-json\/wp\/v2\/tags?post=86324"}],"curies":[{"name":"wp","href":"https:\/\/api.w.org\/{rel}","templated":true}]}}