{"id":86189,"date":"2025-03-07T11:20:21","date_gmt":"2025-03-07T10:20:21","guid":{"rendered":"https:\/\/conversesacatalunya.cat\/?p=86189"},"modified":"2025-03-10T09:55:07","modified_gmt":"2025-03-10T08:55:07","slug":"factores-clave-la-ensenanza","status":"publish","type":"post","link":"https:\/\/conversesacatalunya.cat\/es\/factores-clave-la-ensenanza\/","title":{"rendered":"\u00bfYa conoces los 5 factores clave que condicionan el futuro de Catalu\u00f1a? (II): La ense\u00f1anza"},"content":{"rendered":"<p>En esta serie de art\u00edculos consideraremos aquello que es vital para el presente y futuro del pa\u00eds y que no registra la atenci\u00f3n o los esfuerzos de las pol\u00edticas p\u00fablicas del gobierno de la Generalitat en un grado m\u00ednimamente adecuado o bien que su pol\u00edtica es incapaz o inadecuada.<\/p>\n<p>Vimos en el <a href=\"https:\/\/conversesacatalunya.cat\/es\/factores-clave-ptf\/\" target=\"_blank\" rel=\"noopener\">primer cap\u00edtulo<\/a> de la serie <strong>la productividad<\/strong>. Ahora es el turno de <strong>la educaci\u00f3n<\/strong>:<\/p>\n<p><strong>Del conjunto de diversos y no siempre coincidentes diagn\u00f3sticos publicados, pueden entresacarse algunes ejes comunes:<\/strong><\/p>\n<ol>\n<li><strong>Fallo cr\u00edtico en los fundamentos<\/strong>: la comprensi\u00f3n lectora y la capacidad de expresi\u00f3n por escrito, lo que afecta al conjunto del aprendizaje en todos los \u00e1mbitos, incluidos los t\u00e9cnicos. Si alguien no comprende el enunciado de un problema matem\u00e1tico nunca podr\u00e1 resolverlo<\/li>\n<li><strong>Falta de formaci\u00f3n del profesorado<\/strong>: Los docentes carecen de suficiente preparaci\u00f3n disciplinar y did\u00e1ctica, especialmente en \u00e1reas como las ciencias<span>.<\/span><\/li>\n<li><strong>Escasez de recursos<\/strong>: Existe una dificultad para implementar ciertas actividades educativas debido a la falta de recursos espec\u00edficos<span>.<\/span><\/li>\n<li><strong>Desaf\u00edos \u00e9ticos en la era digital<\/strong>: El uso de tecnolog\u00edas digitales en la educaci\u00f3n plantea nuevas cuestiones \u00e9ticas que requieren atenci\u00f3n y desarrollo de c\u00f3digos \u00e9ticos apropiados<span>.<\/span><\/li>\n<li><strong>Problemas de salud mental<\/strong>: Hay una creciente preocupaci\u00f3n por la salud mental de los estudiantes, especialmente en poblaciones vulnerables como las personas sin hogar<span>.<\/span><\/li>\n<li><strong>Dificultades en la inclusi\u00f3n educativa<\/strong>: A pesar de la normativa existente, la implementaci\u00f3n efectiva de la educaci\u00f3n inclusiva sigue siendo un desaf\u00edo<span>.<\/span><\/li>\n<li><strong>Preocupaciones del profesorado novel<\/strong>: Los docentes reci\u00e9n incorporados enfrentan problemas relacionados con cuestiones acad\u00e9micas y organizativas, similares a los identificados, d\u00e9cadas atr\u00e1s<span>.<\/span><\/li>\n<li><strong>Desconexi\u00f3n entre educaci\u00f3n y mundo laboral<\/strong>: El sistema educativo no prepara adecuadamente a los estudiantes para las demandas del mercado laboral actual<span>.<\/span><\/li>\n<li><strong>Exceso de horas lectivas<\/strong>: En comparaci\u00f3n con otros pa\u00edses europeos, Espa\u00f1a tiene un 20% m\u00e1s de horas de clase, lo que puede afectar a la concentraci\u00f3n y al rendimiento de los estudiantes<span>.<\/span><\/li>\n<li><strong>Problemas de atenci\u00f3n<\/strong>: Los estudiantes muestran dificultades para mantener la atenci\u00f3n durante per\u00edodos prolongados, lo que plantea desaf\u00edos para la ense\u00f1anza tradicional<span>.<\/span><\/li>\n<\/ol>\n<p>Estos problemas requieren una atenci\u00f3n integral y estrategias adaptadas al contexto local de Catalu\u00f1a para mejorar la calidad y eficacia del sistema educativo.<\/p>\n<h3>Analizando con m\u00e1s detalle la cuesti\u00f3n podemos constatar:<\/h3>\n<ol>\n<li>\n<h4><strong> Rendimiento acad\u00e9mico (Informe PISA)<\/strong><\/h4>\n<\/li>\n<\/ol>\n<p>Los resultados de <a href=\"https:\/\/www.epdata.es\/datos\/espana-pisa-datos-graficos\/484#:~:text=Navarra%20logra%20los%20mejores%20resultados,490\" target=\"_blank\" rel=\"noopener\"><strong>Catalu\u00f1a en las pruebas PISA<\/strong><\/a> han mostrado un <strong>estancamiento e incluso retroceso<\/strong> en el \u00faltimo quinquenio. En <strong>PISA 2018<\/strong>, Catalu\u00f1a obtuvo <em>puntajes por encima de la media de Espa\u00f1a e incluso de la OCDE<\/em> en algunas \u00e1reas: por ejemplo, alcanz\u00f3 490 puntos en matem\u00e1ticas, superando el promedio de la OCDE (alrededor de 489).<\/p>\n<p>Sin embargo, en <a href=\"https:\/\/www.rtve.es\/noticias\/20231205\/pisa-2022-ranking-comunidades-autonomas\/2464647.shtml#:~:text=match%20at%20L150%20superior%20del,462%20y%20463%20puntos%2C%20respectivamente\" target=\"_blank\" rel=\"noopener\"><strong>PISA 2022<\/strong><\/a> se observa una ca\u00edda notable. Catalu\u00f1a experiment\u00f3 descensos de <strong>21 puntos en matem\u00e1ticas, 12 en ciencias y 22 en lectura<\/strong> respecto a informes previos, situ\u00e1ndose por debajo de la media nacional en varias \u00e1reas.<\/p>\n<p>En comprensi\u00f3n <strong>lectora 2022<\/strong>, Catalu\u00f1a logr\u00f3 <strong>462 puntos<\/strong>, quedando <strong>segunda por la cola<\/strong> entre las comunidades (solo por encima de Canarias con 463) y muy por debajo de la media espa\u00f1ola (474) (<span>Informe PISA 2022: ranking por comunidades aut\u00f3nomas<\/span>). En <strong>ciencias 2022<\/strong>, Catalu\u00f1a obtuvo <strong>477 puntos<\/strong>, tambi\u00e9n <strong>inferior al promedio nacional<\/strong> (485) (<span>Informe PISA 2022 por comunidades: estas son las que han obtenido las mejores y peores notas<\/span>). En <strong>matem\u00e1ticas 2022<\/strong>, Catalu\u00f1a se ubic\u00f3 en torno al promedio espa\u00f1ol (aprox. 470 puntos, frente a 473 de media nacional) pero lejos de comunidades punteras como Castilla y Le\u00f3n (~499) (<span>Informe PISA 2022 por comunidades: estas son las que han obtenido las mejores y peores notas<\/span>).<\/p>\n<p>Estas comparativas reflejan que regiones como <strong>Castilla y Le\u00f3n, Asturias o Cantabria<\/strong> lideran consistentemente los rankings PISA en Espa\u00f1a, mientras Catalu\u00f1a ha pasado de posiciones destacadas a estar en la mitad baja de la tabla.<\/p>\n<p><strong>Tabla 1. Resultados PISA 2022 \u2013 Catalu\u00f1a vs. comparativa<\/strong> (puntajes promedio por \u00e1rea) (<span>Informe PISA 2022 por comunidades: estas son las que han obtenido las mejores y peores notas<\/span>).<\/p>\n<p><img fetchpriority=\"high\" decoding=\"async\" class=\"size-full wp-image-86190 aligncenter\" src=\"https:\/\/conversesacatalunya.cat\/wp-content\/uploads\/2025\/03\/avui-1.jpg\" alt=\"\" width=\"578\" height=\"122\" srcset=\"https:\/\/conversesacatalunya.cat\/wp-content\/uploads\/2025\/03\/avui-1.jpg 578w, https:\/\/conversesacatalunya.cat\/wp-content\/uploads\/2025\/03\/avui-1-300x63.jpg 300w\" sizes=\"(max-width: 578px) 100vw, 578px\" \/><\/p>\n<p>En s\u00edntesis, <strong>el rendimiento acad\u00e9mico catal\u00e1n se ha debilitado<\/strong> en los \u00faltimos a\u00f1os en comparaci\u00f3n con otras comunidades. Donde antes Catalu\u00f1a sol\u00eda situarse cerca de la cabeza (en 2009 fue la 3\u00aa en lectura), en 2022 aparece en posiciones rezagadas. Esto enciende se\u00f1ales de alerta sobre la calidad y equidad del sistema educativo catal\u00e1n en relaci\u00f3n con el resto de Espa\u00f1a.<\/p>\n<p>El diagnostico en este caso es claro: es a lo largo de estas dos \u00faltimas d\u00e9cadas donde se produce un retroceso de Catalunya que en los \u00faltimos a\u00f1os se convierte en ca\u00edda libre. Este aspecto hist\u00f3rico de la cuesti\u00f3n, no est\u00e1 siendo suficientemente considerado en los diagn\u00f3sticos: \u00bf<strong>qu\u00e9 ha cambiado para pasar en 15 a\u00f1os de las posiciones de cabeza a las de cola?<\/strong><\/p>\n<ol start=\"2\">\n<li>\n<h4><strong> Tasas de abandono escolar temprano<\/strong><\/h4>\n<\/li>\n<\/ol>\n<p>La <strong>tasa de abandono escolar temprano<\/strong> (j\u00f3venes de 18-24 a\u00f1os que dejan los estudios sin acabar la segunda etapa de secundaria) ha mostrado <strong>altibajos en Catalu\u00f1a<\/strong> en el \u00faltimo lustro, aunque con una tendencia general a la baja a largo plazo. En <strong>2018<\/strong>, el abandono temprano catal\u00e1n rondaba el <strong>17%<\/strong>, cifra similar a la media espa\u00f1ola de ese a\u00f1o (~17,9%).<\/p>\n<p>Sin embargo, en <strong>2019<\/strong> el indicador empeor\u00f3 en Catalu\u00f1a hasta un <strong>19%<\/strong>, quedando por encima del promedio nacional (que rondaba el 17% ese a\u00f1o). A partir de 2020 se observa una <strong>mejora significativa<\/strong>: Catalu\u00f1a redujo el abandono al <strong>17,4% en 2020<\/strong> y alcanz\u00f3 su m\u00ednimo hist\u00f3rico en <strong>2021 con 14,8%<\/strong>. Este valor, no obstante, segu\u00eda siendo ligeramente superior al promedio de Espa\u00f1a en 2021 (13,3%).<\/p>\n<p>En <strong>2022<\/strong> hubo un repunte indeseado: Catalu\u00f1a subi\u00f3 a <strong>16,9%<\/strong> de abandono temprano, m\u00e1s de 2 puntos por encima del a\u00f1o anterior y claramente <strong>por encima de la media estatal<\/strong> del 13,9%. De hecho, en 2022 Catalu\u00f1a fue la <strong>segunda comunidad con mayor abandono<\/strong> de Espa\u00f1a, solo superada por Murcia (18,7%).<\/p>\n<p><em>A partir de 2021 Espa\u00f1a cambi\u00f3 base poblacional (INE), pero los datos son comparables. El objetivo UE 2030 es bajar del 9%<\/em><em>.<\/em><\/p>\n<p>Como se observa, <strong>Catalu\u00f1a logr\u00f3 reducir el abandono escolar en 2020-21<\/strong>, acerc\u00e1ndose a la media nacional, pero en 2022 volvi\u00f3 a aumentarlo. Esto contrasta con la <strong>mejora sostenida a nivel estatal<\/strong>, donde se pas\u00f3 de casi 18% en 2018 a 13,9% en 2022. Aun as\u00ed, la tendencia de fondo en Catalu\u00f1a desde 2010 es positiva (muy lejos del 34% que lleg\u00f3 a tener a inicios de los 2000 , pero persisten fluctuaciones preocupantes.<\/p>\n<p>El abandono catal\u00e1n sigue <em>ligeramente peor que el promedio de Espa\u00f1a y lejos de las comunidades m\u00e1s exitosas<\/em> (Navarra, Pa\u00eds Vasco, etc., que rondan el 6-9%). En 2023, por ejemplo, Catalu\u00f1a marc\u00f3 14,0% vs ~13,6% nacional.<\/p>\n<ol start=\"3\">\n<li>\n<h4><strong> Poblaci\u00f3n \u00abni-ni\u00bb (ni estudia ni trabaja)<\/strong><\/h4>\n<\/li>\n<\/ol>\n<p>La proporci\u00f3n de <strong>j\u00f3venes que ni estudian ni trabajan<\/strong> (indicador NEET, t\u00edpicamente medido en edad 15-29 a\u00f1os) en Catalu\u00f1a es relativamente alta, aunque ha mejorado en los \u00faltimos a\u00f1os. Seg\u00fan el Ministerio de Educaci\u00f3n, en <strong>2022 el 13,1% de los j\u00f3venes catalanes de 15 a 29 a\u00f1os eran \u00abni-ni\u00bb<\/strong>, ligeramente <em>por encima<\/em> de la media de Espa\u00f1a (12,7%).<\/p>\n<p>Catalu\u00f1a se sit\u00faa as\u00ed en la franja intermedia-alta entre comunidades: comparte niveles similares a Extremadura o Murcia (en torno al 13-14%), se mantiene por debajo de Baleares (15,6%) y Andaluc\u00eda (14,7%), pero est\u00e1 peor que comunidades como Cantabria (10,5%) o Arag\u00f3n (9,9%)<\/p>\n<p><strong>Tabla 2. Porcentaje de j\u00f3venes 15-29 \u00abni-ni\u00bb (2022)<\/strong>En perspectiva temporal, Catalu\u00f1a tambi\u00e9n ha logrado reducir este indicador: en <strong>2018 rondaba el 15%<\/strong> (estimaci\u00f3n), mientras que para <strong>2023 baj\u00f3 a ~11%<\/strong> de j\u00f3venes ni-ni. De hecho, Catalu\u00f1a pas\u00f3 de un 12,4% en 2018 a 9,8% en 2023 en el grupo 15-24 a\u00f1os, reduciendo la proporci\u00f3n de <em>ni-nis<\/em> juveniles.<\/p>\n<p><img decoding=\"async\" class=\"aligncenter size-full wp-image-86192 lazyload\" data-src=\"https:\/\/conversesacatalunya.cat\/wp-content\/uploads\/2025\/03\/Avui-2.jpg\" alt=\"\" width=\"309\" height=\"193\" data-srcset=\"https:\/\/conversesacatalunya.cat\/wp-content\/uploads\/2025\/03\/Avui-2.jpg 309w, https:\/\/conversesacatalunya.cat\/wp-content\/uploads\/2025\/03\/Avui-2-300x187.jpg 300w\" data-sizes=\"(max-width: 309px) 100vw, 309px\" src=\"data:image\/svg+xml;base64,PHN2ZyB3aWR0aD0iMSIgaGVpZ2h0PSIxIiB4bWxucz0iaHR0cDovL3d3dy53My5vcmcvMjAwMC9zdmciPjwvc3ZnPg==\" style=\"--smush-placeholder-width: 309px; --smush-placeholder-aspect-ratio: 309\/193;\" \/><\/p>\n<p>Esto refleja una evoluci\u00f3n positiva, acorde con la mejora general en Espa\u00f1a (donde la tasa nacional 15-29 descendi\u00f3 de 17,3% en 2020 a 12,3% en 2023). No obstante, <strong>el nivel actual a\u00fan es elevado comparado con Europa<\/strong>: Espa\u00f1a y Catalu\u00f1a superan ampliamente el promedio de la UE en este aspecto (alrededor del 9-10% en la UE).<\/p>\n<ol start=\"4\">\n<li>\n<h4><strong> Otros indicadores educativos en Catalu\u00f1a<\/strong><\/h4>\n<\/li>\n<\/ol>\n<p>Adem\u00e1s de los resultados y la continuidad educativa, existen <strong>otros factores clave<\/strong> para evaluar el sistema catal\u00e1n:<\/p>\n<ul>\n<li><strong>Inversi\u00f3n en educaci\u00f3n<\/strong>: La financiaci\u00f3n educativa en Catalu\u00f1a ha aumentado en t\u00e9rminos absolutos en los \u00faltimos a\u00f1os, pero sigue consider\u00e1ndose <strong>insuficiente en relaci\u00f3n con el PIB y con otras regiones l\u00edderes<\/strong>. En 2020 <a href=\"https:\/\/es.ara.cat\/sociedad\/educacion\/cataluna-cola-inversion-educativa_130_4887428.html#:~:text=hora%20de%20realizar%20la%20radiograf%C3%ADa,su%20presupuesto%20p%C3%BAblico%20en%20educaci%C3%B3n\" target=\"_blank\" rel=\"noopener\">Catalu\u00f1a dedic\u00f3 unos 7.550 millones de \u20ac<\/a> a educaci\u00f3n, la segunda cifra m\u00e1s alta de Espa\u00f1a. Sin embargo, esto representa solo ~<strong>2,5% del PIB regional<\/strong>, muy por debajo de comunidades como Castilla y Le\u00f3n (~4,5% del PIB) \u00a0y tambi\u00e9n inferior a pa\u00edses punteros de la OCDE<\/li>\n<\/ul>\n<p style=\"padding-left: 40px;\">Expresado por alumno, Catalu\u00f1a invierte alrededor de <strong>5.230 \u20ac por estudiante<\/strong>, monto significativamente <em>inferior al promedio europeo<\/em> (\u22486.082 \u20ac) y tambi\u00e9n por debajo de varias autonom\u00edas espa\u00f1olas; por ejemplo, <strong>Castilla y Le\u00f3n invierte ~6.556 \u20ac por alumno<\/strong>. Esta brecha de recursos sugiere que Catalu\u00f1a arrastra un d\u00e9ficit inversor hist\u00f3rico en educaci\u00f3n. Aun habiendo batido r\u00e9cord de presupuesto educativo en 2023, los expertos se\u00f1alan que \u00ab<strong>la inversi\u00f3n es la gran asignatura pendiente<\/strong>\u00bb en Catalu\u00f1a<\/p>\n<ul>\n<li><strong>Dotaci\u00f3n de recursos y profesorado<\/strong>: La consecuencia directa de un menor gasto por alumno se aprecia en indicadores como la <strong>ratio de alumnos por profesor<\/strong>. Catalu\u00f1a presenta una de las ratios m\u00e1s altas de Espa\u00f1a: en el curso 2021\/22 tuvo <strong>11,5 alumnos por docente<\/strong>, la <em>tercera mayor<\/em> despu\u00e9s de Madrid y Melilla, y por encima de la media estatal (10,9).<\/li>\n<\/ul>\n<p style=\"padding-left: 40px;\">Ello implica clases m\u00e1s numerosas o menos personal docente disponible por estudiante, lo que puede afectar a la atenci\u00f3n individual y la calidad de la ense\u00f1anza.<\/p>\n<p style=\"padding-left: 40px;\">En cuanto a la <strong>calidad del profesorado<\/strong>, no hay un indicador simple; pero s\u00ed cabe se\u00f1alar desaf\u00edos en su distribuci\u00f3n: Catalu\u00f1a tiene una elevada concentraci\u00f3n de docentes en entornos urbanos y ha enfrentado dificultades para estabilizar plantillas. En 2023 se\u00a0 anunciaron mejoras como convocar concursos de traslados docentes anuales para fidelizar al profesorado. La formaci\u00f3n docente continua y la capacidad de atender a un alumnado diverso (por idioma, origen y nivel socioecon\u00f3mico) son aspectos cr\u00edticos en Catalu\u00f1a.<\/p>\n<ul>\n<li><strong>Red p\u00fablica vs concertada<\/strong>: Catalu\u00f1a se caracteriza por un <em>alto peso de la escuela concertada<\/em> (privada subvencionada). Aproximadamente <strong>1 de cada 3 alumnos cursa en centros concertados<\/strong>, y alrededor del <strong>17,8% del gasto educativo catal\u00e1n<\/strong> se destina a conciertos y subvenciones a privados. Este porcentaje es de los m\u00e1s altos (solo superado por Pa\u00eds Vasco, Baleares, Madrid y Navarra) y mayor que la media estatal (12,6%).<\/li>\n<li><strong>Biling\u00fcismo e idioma de instrucci\u00f3n<\/strong>: Un rasgo diferencial de Catalu\u00f1a es su modelo de <strong>inmersi\u00f3n ling\u00fc\u00edstica en catal\u00e1n<\/strong>, donde el catal\u00e1n es lengua vehicular principal y el castellano (espa\u00f1ol) se imparte como asignatura. Este modelo, vigente desde hace d\u00e9cadas, busca asegurar la competencia plena en catal\u00e1n y castellano al finalizar la escolaridad.<\/li>\n<\/ul>\n<p style=\"padding-left: 40px;\"><strong>El impacto de la ense\u00f1anza biling\u00fce en los resultados<\/strong> ha sido debatido. Algunos sectores han sugerido que podr\u00eda afectar las destrezas en lengua castellana; sin embargo, las evaluaciones muestran que los j\u00f3venes catalanes dominan el castellano de forma equiparable al resto de Espa\u00f1a. De hecho, Catalu\u00f1a obtuvo buenos resultados en lectura en ciclos PISA anteriores bajo el mismo modelo ling\u00fc\u00edstico (p.ej., 500+ puntos en 2009).<\/p>\n<p style=\"padding-left: 40px;\">La reciente ca\u00edda en comprensi\u00f3n lectora parece m\u00e1s vinculada a factores socioeducativos (segregaci\u00f3n, recursos, pandemia) que al idioma de ense\u00f1anza. No obstante, el modelo biling\u00fce enfrenta el <strong>reto de integrar al alumnado inmigrante<\/strong> que llega sin conocimiento de catal\u00e1n: la escuela debe alfabetizarlos en una segunda lengua, lo cual exige apoyos adicionales.<\/p>\n<p style=\"padding-left: 40px;\">En resumen, la inmersi\u00f3n ling\u00fc\u00edstica sigue siendo una pol\u00edtica apoyada por sus logros en cohesi\u00f3n social y biling\u00fcismo generalizado, aunque requiere adaptaci\u00f3n constante para que <strong>ninguna lengua ni colectivo salga perjudicado<\/strong> en t\u00e9rminos educativos.<\/p>\n<ul>\n<li><strong>Otros indicadores<\/strong>: En <em>escolarizaci\u00f3n postobligatoria<\/em>, Catalu\u00f1a ha mejorado en matriculaci\u00f3n en <strong>Formaci\u00f3n Profesional (FP)<\/strong> en los \u00faltimos a\u00f1os, ampliando plazas de FP para retener a m\u00e1s j\u00f3venes (aunque problemas de oferta dejaron 12.600 solicitantes sin plaza en 2022. La tasa bruta de acceso a la universidad tambi\u00e9n se ha mantenido s\u00f3lida.<\/li>\n<\/ul>\n<p style=\"padding-left: 40px;\">Sin embargo, persisten <strong>brechas en equidad<\/strong>: seg\u00fan PISA, Catalu\u00f1a presenta un <strong>\u00edndice socioecon\u00f3mico y cultural medio ligeramente por debajo<\/strong> de la media espa\u00f1ola, y adem\u00e1s ese contexto influye m\u00e1s en los resultados (menor equidad educativa).<\/p>\n<p style=\"padding-left: 40px;\">La proporci\u00f3n de <strong>alumnado inmigrante o de origen extranjero<\/strong> es alta en Catalu\u00f1a (entre 16% y 24% seg\u00fan la definici\u00f3n), lo que supone tanto una riqueza cultural como una demanda de recursos de apoyo ling\u00fc\u00edstico y social. Cabe destacar que muchos de estos estudiantes provienen de entornos socioecon\u00f3micos bajos; de hecho, Catalu\u00f1a atiende a un porcentaje notable de alumnos reci\u00e9n llegados y vulnerables en comparaci\u00f3n con otras CCAA, factor que <strong>incide en promedios de rendimiento<\/strong>.<\/p>\n<p style=\"padding-left: 40px;\">En contraste, Catalu\u00f1a muestra fortalezas en <strong>innovaci\u00f3n pedag\u00f3gica<\/strong> (programas pluriling\u00fces, uso de tecnolog\u00eda, proyectos interculturales) y en participaci\u00f3n de las familias en la educaci\u00f3n, aspectos cualitativos dif\u00edciles de medir pero relevantes.<\/p>\n<ol start=\"5\">\n<li>\n<h4><strong> Diagn\u00f3stico cr\u00edtico: debilidades y fortalezas del sistema catal\u00e1n<\/strong><\/h4>\n<\/li>\n<\/ol>\n<p>A partir de los datos revisados, es posible trazar un <strong>diagn\u00f3stico cr\u00edtico<\/strong> del sistema educativo en Catalu\u00f1a, se\u00f1alando sus principales <strong>debilidades<\/strong> y <strong>fortalezas<\/strong>, as\u00ed como causas y consecuencias:<\/p>\n<ul>\n<li><strong>Debilidades identificadas<\/strong>:\n<ul>\n<li><a href=\"https:\/\/www.rtve.es\/noticias\/20231205\/pisa-2022-ranking-comunidades-autonomas\/2464647.shtml#:~:text=match%20at%20L150%20superior%20del,462%20y%20463%20puntos%2C%20respectivamente\" target=\"_blank\" rel=\"noopener\"><strong>Descenso en rendimiento acad\u00e9mico<\/strong><\/a>: La ca\u00edda de Catalu\u00f1a en las evaluaciones PISA (especialmente en lectura y matem\u00e1ticas) evidencia problemas en la calidad de los aprendizajes adquiridos. Haber pasado de la zona alta a casi la cola en comprensi\u00f3n lectora (462 puntos)\u00a0es un s\u00edntoma claro de que <em>algo falla<\/em> en el ciclo de secundaria. Esto puede repercutir en la preparaci\u00f3n de los alumnos para estudios superiores y mercado laboral, mermando la competitividad futura de la regi\u00f3n.<\/li>\n<li><a href=\"https:\/\/www.europapress.es\/catalunya\/noticia-catalunya-cifra-169-abandono-escolar-temprano-dos-puntos-mas-2021-20230127183605.html#:~:text=El%20abandono%20escolar%20temprano%20en,por%20Europa%20Press%20este%20viernes\" target=\"_blank\" rel=\"noopener\"><strong>Abandono escolar a\u00fan elevado<\/strong><\/a>: Pese a mejoras puntuales, la tasa de abandono catal\u00e1n sigue por encima de la media nacional (16,9% vs 13,9% en 2022). Esto indica que una porci\u00f3n importante de j\u00f3venes catalanes sale del sistema sin cualificaci\u00f3n postobligatoria, lo cual los deja en desventaja e impacta en la productividad y cohesi\u00f3n social. El repunte tras la pandemia se\u00f1ala vulnerabilidad: en \u00e9pocas de bonanza tur\u00edstica o facilidad de empleo precario, muchos j\u00f3venes catalanes optan por dejar los estudios (influencia de sectores como la <strong>hosteler\u00eda y el turismo<\/strong>, muy fuertes en Catalu\u00f1a, que <strong>ponen a prueba la capacidad del sistema para retenerlos<\/strong>.<\/li>\n<li><a href=\"https:\/\/www.europapress.es\/catalunya\/noticia-catalunya-cifra-169-abandono-escolar-temprano-dos-puntos-mas-2021-20230127183605.html#:~:text=El%20abandono%20escolar%20temprano%20en,por%20Europa%20Press%20este%20viernes\" target=\"_blank\" rel=\"noopener\"><strong>Segregaci\u00f3n y equidad<\/strong><\/a>: Existe un <strong>alto grado de segregaci\u00f3n escolar<\/strong> en Catalu\u00f1a, tanto por nivel socioecon\u00f3mico como por origen migrante. Esto significa que las diferencias de rendimiento entre centros \u201cricos\u201d y \u201cpobres\u201d son marcadas, afectando sobre todo a los alumnos m\u00e1s desfavorecidos. La concentraci\u00f3n de inmigraci\u00f3n y renta baja en ciertas escuelas p\u00fablicas urbanas, junto con la fuga de clases medias a la concertada, ha derivado en un sistema menos equitativo que la media espa\u00f1ola. La consecuencia es un <em>c\u00edrculo vicioso<\/em>: los estudiantes vulnerables tienden a obtener peores resultados, elevando el abandono y reduciendo el promedio general de Catalu\u00f1a.<\/li>\n<li><strong>Baja inversi\u00f3n y recursos limitados<\/strong>: Como indic\u00f3 el analista Lucas Gort\u00e1zar, la <strong>escasa inversi\u00f3n educativa<\/strong> es uno de los factores tras los flojos resultados catalanes. Gastar del orden del 2,5-3% del PIB en educaci\u00f3n (cuando comunidades l\u00edderes invierten cerca del doble) implica menos docentes, menos apoyo individualizado y menor infraestructura. Catalu\u00f1a \u201csale perdiendo se mire como se mire\u201d en la comparativa de recursos con regiones que obtienen mejores desempe\u00f1os. La <strong>consecuencia directa<\/strong> es sobrecarga en las aulas y dificultad para implementar medidas de atenci\u00f3n a la diversidad, refuerzo educativo, orientaci\u00f3n, etc.<\/li>\n<li><strong>Respuesta insuficiente a <a href=\"https:\/\/www.mundoestudiante.com\/resultados-informe-pisa\/#:~:text=Resultados%20informe%20PISA%20,de%20un%20curso%20y%20medio\" target=\"_blank\" rel=\"noopener\">alumnos vulnerables<\/a><\/strong>: La combinaci\u00f3n de los puntos anteriores ha revelado que Catalu\u00f1a no est\u00e1 logrando cerrar la brecha para su alumnado m\u00e1s vulnerable. El <em>informe PISA 2022<\/em> se\u00f1ala que el alumnado inmigrante en Espa\u00f1a saca de media 32 puntos menos en matem\u00e1ticas que el nativo, y en Catalu\u00f1a este grupo es numeroso (15\u201324% del total). Si no se destinan apoyos espec\u00edficos (profesores de refuerzo, mediadores ling\u00fc\u00edsticos, becas), el riesgo es perpetuar un <strong>\u201cdoble sistema\u201d<\/strong>: uno de alto rendimiento para clases medias\/altas, y otro rezagado para alumnos pobres o extranjeros. Esto lastra el rendimiento global y genera bolsas de j\u00f3venes con baja cualificaci\u00f3n (nutriendo tambi\u00e9n la estad\u00edstica de ni-nis).<\/li>\n<\/ul>\n<\/li>\n<li><strong>Fortalezas y aspectos positivos<\/strong>:\n<ul>\n<li><strong>Mejora relativa en abandono y ni-nis<\/strong>: A pesar de seguir por encima de la media espa\u00f1ola, Catalu\u00f1a ha logrado en la \u00faltima d\u00e9cada una <em>reducci\u00f3n sustancial del abandono temprano<\/em> (era &gt;30% en 2004, baj\u00f3 a ~15% en 2021). Asimismo, la proporci\u00f3n de j\u00f3venes que ni estudian ni trabajan ha descendido al nivel m\u00e1s bajo registrado (cerca del 11% en 2023, frente a m\u00e1s del 20% que lleg\u00f3 a tener en 2009). Esto indica que <strong>m\u00e1s j\u00f3venes catalanes permanecen en el sistema educativo o formativo que en generaciones previas<\/strong>, lo cual es un avance estructural importante. El incremento de la oferta de Formaci\u00f3n Profesional y programas de segunda oportunidad est\u00e1 dando frutos, evitando que miles de chavales queden excluidos tras la ESO.<\/li>\n<li><strong>Compromiso con la educaci\u00f3n inclusiva y biling\u00fce<\/strong>: Catalu\u00f1a mantiene un <strong>modelo ling\u00fc\u00edstico integrador<\/strong> que garantiza el biling\u00fcismo catal\u00e1n-castellano al finalizar la etapa escolar. Pese a las pol\u00e9micas, la mayor\u00eda de estudios se\u00f1alan que los estudiantes catalanes alcanzan altos niveles de competencia en ambas lenguas oficiales. Adem\u00e1s, se ha introducido el ingl\u00e9s como tercera lengua desde primaria, fomentando el triling\u00fcismo. Esta apuesta idiom\u00e1tica enriquece el perfil del alumnado catal\u00e1n y responde a las necesidades de una sociedad biling\u00fce. Por otro lado, la Generalitat ha impulsado programas para la <strong>inclusi\u00f3n educativa<\/strong> (por ejemplo, aument\u00f3 un 20% el n\u00famero de <strong>aulas de acogida<\/strong> para alumnos reci\u00e9n llegados en secundaria en los \u00faltimos a\u00f1os, y refuerzos de catal\u00e1n inicial).<\/li>\n<li><strong>Alta escolarizaci\u00f3n y acceso universal<\/strong>: Los indicadores de <strong>escolarizaci\u00f3n infantil<\/strong> en Catalu\u00f1a son de los m\u00e1s altos de Espa\u00f1a (pr\u00e1cticamente universal a los 3-5 a\u00f1os). Tambi\u00e9n la tasa de titulaci\u00f3n en ESO ha mejorado y se sit\u00faa cercana a la media espa\u00f1ola. Catalu\u00f1a cuenta con <em>universidades p\u00fablicas de prestigio<\/em> y un sector de educaci\u00f3n superior atractivo, lo que motiva a muchos j\u00f3venes a continuar estudiando (la tasa de entrada a estudios terciarios es elevada). Esto supone una fortaleza en t\u00e9rminos de capital humano cualificado en el largo plazo.<\/li>\n<li><strong>Iniciativas de mejora en marcha<\/strong>: En respuesta a las \u201cse\u00f1ales preocupantes\u201d, Catalu\u00f1a ha iniciado varias medidas recientes. Entre ellas, el aumento del presupuesto educativo anual (camino al objetivo del 6% del PIB marcado en la Ley de Educaci\u00f3n de Catalu\u00f1a), planes contra la segregaci\u00f3n escolar (como el <strong>Pacto contra la Segregaci\u00f3n<\/strong> firmado en 2019, que reserva plazas en centros concertados para alumnado vulnerable) y la digitalizaci\u00f3n masiva de las aulas. Asimismo, tras la pandemia se reforzaron programas de acompa\u00f1amiento acad\u00e9mico (como <em>suport escolar personalitzat<\/em>) para recuperar aprendizajes perdidos. Si bien sus efectos tardar\u00e1n en medirse, demuestran un <strong>compromiso por revertir las tendencias negativas<\/strong> recientes.<\/li>\n<\/ul>\n<\/li>\n<\/ul>\n<p>En conclusi\u00f3n, el sistema educativo catal\u00e1n enfrenta <strong>desaf\u00edos importantes<\/strong>, evidenciados en un rendimiento PISA por debajo de su potencial y en indicadores de abandono y equidad mejorables. Las causas son multifactoriales: <em>insuficiente inversi\u00f3n, segregaci\u00f3n socioecon\u00f3mica, impacto de la inmigraci\u00f3n y un modelo productivo que tienta a los j\u00f3venes a dejar los estudios<\/em> son elementos centrales del diagn\u00f3stico. Las <strong>consecuencias<\/strong> de no abordar estos problemas van desde la p\u00e9rdida de talento y productividad, hasta la profundizaci\u00f3n de desigualdades sociales en Catalu\u00f1a.<\/p>\n<p>No obstante, tambi\u00e9n hay <strong>se\u00f1ales de mejora y fortalezas<\/strong> en las que apoyarse: la sociedad catalana valora la educaci\u00f3n, se est\u00e1n tomando medidas de correcci\u00f3n y hay factores positivos (biling\u00fcismo, alta escolarizaci\u00f3n inicial, tejido educativo diverso) que pueden servir de palanca. Un <strong>mayor compromiso inversor<\/strong> y pol\u00edticas sostenidas de equidad ser\u00e1n cruciales para que Catalu\u00f1a recupere posiciones en calidad educativa, <strong>reduzca el abandono<\/strong> hasta niveles europeos y garantice oportunidades de \u00e9xito para todo su alumnado en los pr\u00f3ximos a\u00f1os.<\/p>\n<div id=\"polls-276\" class=\"wp-polls\">\n\t<form id=\"polls_form_276\" class=\"wp-polls-form\" action=\"\/index.php\" method=\"post\">\n\t\t<p style=\"display: none;\"><input type=\"hidden\" id=\"poll_276_nonce\" name=\"wp-polls-nonce\" value=\"5ad4912192\" \/><\/p>\n\t\t<p style=\"display: none;\"><input type=\"hidden\" name=\"poll_id\" value=\"276\" \/><\/p>\n\t\t<p style=\"text-align: center\"><strong>Est\u00e0s d'acord que Europa assumeixi la plenitud dels compromisos militars que tenia els EUA amb Ucra\u00efna?<\/strong><\/p><div id=\"polls-276-ans\" class=\"wp-polls-ans\"><ul class=\"wp-polls-ul\">\n\t\t<li><input type=\"radio\" id=\"poll-answer-779\" name=\"poll_276\" value=\"779\" \/> <label for=\"poll-answer-779\">S\u00ed<\/label><\/li>\n\t\t<li><input type=\"radio\" id=\"poll-answer-780\" name=\"poll_276\" value=\"780\" \/> <label for=\"poll-answer-780\">No<\/label><\/li>\n\t\t<li><input type=\"radio\" id=\"poll-answer-781\" name=\"poll_276\" value=\"781\" \/> <label for=\"poll-answer-781\">No ho s\u00e9<\/label><\/li>\n\t\t<\/ul><p style=\"text-align: center\"><input type=\"button\" name=\"vote\" value=\"   Vota   \" class=\"Buttons\" onclick=\"poll_vote(276);\" \/><\/p><p style=\"text-align: center\"><a href=\"#ViewPollResults\" onclick=\"poll_result(276); return false;\" title=\"View Results Of This Poll\">Mira els resultats<\/a><\/p><\/div>\n\t<\/form>\n<\/div>\n<div id=\"polls-276-loading\" class=\"wp-polls-loading\"><img decoding=\"async\" data-src=\"https:\/\/conversesacatalunya.cat\/wp-content\/plugins\/wp-polls\/images\/loading.gif\" width=\"16\" height=\"16\" alt=\"Cargando ...\" title=\"Cargando ...\" class=\"wp-polls-image lazyload\" src=\"data:image\/svg+xml;base64,PHN2ZyB3aWR0aD0iMSIgaGVpZ2h0PSIxIiB4bWxucz0iaHR0cDovL3d3dy53My5vcmcvMjAwMC9zdmciPjwvc3ZnPg==\" style=\"--smush-placeholder-width: 16px; --smush-placeholder-aspect-ratio: 16\/16;\" \/>&nbsp;Cargando ...<\/div>\n\n","protected":false},"excerpt":{"rendered":"<p>En esta serie de art\u00edculos consideraremos aquello que es vital para el presente y futuro del pa\u00eds y que no registra la atenci\u00f3n o los esfuerzos de las pol\u00edticas p\u00fablicas del gobierno de la Generalitat en un grado m\u00ednimamente adecuado o bien que su pol\u00edtica es incapaz o inadecuada. Vimos en el primer cap\u00edtulo de la serie la productividad. Ahora es el turno de la educaci\u00f3n: Del conjunto de diversos y no siempre coincidentes diagn\u00f3sticos publicados, pueden entresacarse algunes ejes comunes: Fallo cr\u00edtico en los fundamentos: la comprensi\u00f3n lectora y la capacidad de expresi\u00f3n por escrito, lo que afecta al conjunto del aprendizaje en todos los \u00e1mbitos, incluidos los t\u00e9cnicos. Si alguien no comprende el enunciado de un problema matem\u00e1tico nunca podr\u00e1 resolverlo Falta de formaci\u00f3n del profesorado: Los docentes carecen de suficiente preparaci\u00f3n disciplinar y did\u00e1ctica, especialmente en \u00e1reas como las ciencias. Escasez de recursos: Existe una dificultad para implementar ciertas actividades educativas debido a la falta de recursos espec\u00edficos. Desaf\u00edos \u00e9ticos en la era digital: El uso de tecnolog\u00edas digitales en la educaci\u00f3n plantea nuevas cuestiones \u00e9ticas que requieren atenci\u00f3n y desarrollo de c\u00f3digos \u00e9ticos apropiados. Problemas de salud mental: Hay una creciente preocupaci\u00f3n por la salud mental de los estudiantes, especialmente en poblaciones vulnerables como las personas sin hogar. Dificultades en la inclusi\u00f3n educativa: A pesar de la normativa existente, la implementaci\u00f3n efectiva de la educaci\u00f3n inclusiva sigue siendo un desaf\u00edo. Preocupaciones del profesorado novel: Los docentes reci\u00e9n incorporados enfrentan problemas relacionados con cuestiones acad\u00e9micas y organizativas, similares a los identificados, d\u00e9cadas atr\u00e1s. Desconexi\u00f3n entre educaci\u00f3n y mundo laboral: El sistema educativo no prepara adecuadamente a los estudiantes para las demandas del mercado laboral actual. Exceso de horas lectivas: En comparaci\u00f3n con otros pa\u00edses europeos, Espa\u00f1a tiene un 20% m\u00e1s de horas de clase, lo que puede afectar a la concentraci\u00f3n y al rendimiento de los estudiantes. Problemas de atenci\u00f3n: Los estudiantes muestran dificultades para mantener la atenci\u00f3n durante per\u00edodos prolongados, lo que plantea desaf\u00edos para la ense\u00f1anza tradicional. Estos problemas requieren una atenci\u00f3n integral y estrategias adaptadas al contexto local de Catalu\u00f1a para mejorar la calidad y eficacia del sistema educativo. Analizando con m\u00e1s detalle la cuesti\u00f3n podemos constatar: Rendimiento acad\u00e9mico (Informe PISA) Los resultados de Catalu\u00f1a en las pruebas PISA han mostrado un estancamiento e incluso retroceso en el \u00faltimo quinquenio. En PISA 2018, Catalu\u00f1a obtuvo puntajes por encima de la media de Espa\u00f1a e incluso de la OCDE en algunas \u00e1reas: por ejemplo, alcanz\u00f3 490 puntos en matem\u00e1ticas, superando el promedio de la OCDE (alrededor de 489). Sin embargo, en PISA 2022 se observa una ca\u00edda notable. Catalu\u00f1a experiment\u00f3 descensos de 21 puntos en matem\u00e1ticas, 12 en ciencias y 22 en lectura respecto a informes previos, situ\u00e1ndose por debajo de la media nacional en varias \u00e1reas. En comprensi\u00f3n lectora 2022, Catalu\u00f1a logr\u00f3 462 puntos, quedando segunda por la cola entre las comunidades (solo por encima de Canarias con 463) y muy por debajo de la media espa\u00f1ola (474) (Informe PISA 2022: ranking por comunidades aut\u00f3nomas). En ciencias 2022, Catalu\u00f1a obtuvo 477 puntos, tambi\u00e9n inferior al promedio nacional (485) (Informe PISA 2022 por comunidades: estas son las que han obtenido las mejores y peores notas). En matem\u00e1ticas 2022, Catalu\u00f1a se ubic\u00f3 en torno al promedio espa\u00f1ol (aprox. 470 puntos, frente a 473 de media nacional) pero lejos de comunidades punteras como Castilla y Le\u00f3n (~499) (Informe PISA 2022 por comunidades: estas son las que han obtenido las mejores y peores notas). Estas comparativas reflejan que regiones como Castilla y Le\u00f3n, Asturias o Cantabria lideran consistentemente los rankings PISA en Espa\u00f1a, mientras Catalu\u00f1a ha pasado de posiciones destacadas a estar en la mitad baja de la tabla. Tabla 1. Resultados PISA 2022 \u2013 Catalu\u00f1a vs. comparativa (puntajes promedio por \u00e1rea) (Informe PISA 2022 por comunidades: estas son las que han obtenido las mejores y peores notas). En s\u00edntesis, el rendimiento acad\u00e9mico catal\u00e1n se ha debilitado en los \u00faltimos a\u00f1os en comparaci\u00f3n con otras comunidades. Donde antes Catalu\u00f1a sol\u00eda situarse cerca de la cabeza (en 2009 fue la 3\u00aa en lectura), en 2022 aparece en posiciones rezagadas. Esto enciende se\u00f1ales de alerta sobre la calidad y equidad del sistema educativo catal\u00e1n en relaci\u00f3n con el resto de Espa\u00f1a. El diagnostico en este caso es claro: es a lo largo de estas dos \u00faltimas d\u00e9cadas donde se produce un retroceso de Catalunya que en los \u00faltimos a\u00f1os se convierte en ca\u00edda libre. Este aspecto hist\u00f3rico de la cuesti\u00f3n, no est\u00e1 siendo suficientemente considerado en los diagn\u00f3sticos: \u00bfqu\u00e9 ha cambiado para pasar en 15 a\u00f1os de las posiciones de cabeza a las de cola? Tasas de abandono escolar temprano La tasa de abandono escolar temprano (j\u00f3venes de 18-24 a\u00f1os que dejan los estudios sin acabar la segunda etapa de secundaria) ha mostrado altibajos en Catalu\u00f1a en el \u00faltimo lustro, aunque con una tendencia general a la baja a largo plazo. En 2018, el abandono temprano catal\u00e1n rondaba el 17%, cifra similar a la media espa\u00f1ola de ese a\u00f1o (~17,9%). Sin embargo, en 2019 el indicador empeor\u00f3 en Catalu\u00f1a hasta un 19%, quedando por encima del promedio nacional (que rondaba el 17% ese a\u00f1o). A partir de 2020 se observa una mejora significativa: Catalu\u00f1a redujo el abandono al 17,4% en 2020 y alcanz\u00f3 su m\u00ednimo hist\u00f3rico en 2021 con 14,8%. Este valor, no obstante, segu\u00eda siendo ligeramente superior al promedio de Espa\u00f1a en 2021 (13,3%). En 2022 hubo un repunte indeseado: Catalu\u00f1a subi\u00f3 a 16,9% de abandono temprano, m\u00e1s de 2 puntos por encima del a\u00f1o anterior y claramente por encima de la media estatal del 13,9%. De hecho, en 2022 Catalu\u00f1a fue la segunda comunidad con mayor abandono de Espa\u00f1a, solo superada por Murcia (18,7%). A partir de 2021 Espa\u00f1a cambi\u00f3 base poblacional (INE), pero los datos son comparables. El objetivo UE 2030 es bajar del 9%. Como se observa, Catalu\u00f1a logr\u00f3 reducir el abandono escolar en 2020-21, acerc\u00e1ndose a la media nacional, pero en 2022 volvi\u00f3 a aumentarlo. Esto contrasta con la mejora sostenida a nivel estatal,&#8230;<\/p>\n","protected":false},"author":77,"featured_media":37782,"comment_status":"open","ping_status":"open","sticky":false,"template":"","format":"standard","meta":{"_FSMCFIC_featured_image_caption":"","_FSMCFIC_featured_image_nocaption":"","_FSMCFIC_featured_image_hide":"","footnotes":""},"categories":[806],"tags":[928],"class_list":["post-86189","post","type-post","status-publish","format-standard","has-post-thumbnail","hentry","category-punts-claus-del-dia-es","tag-educacion"],"yoast_head":"<!-- This site is optimized with the Yoast SEO plugin v26.8 - https:\/\/yoast.com\/product\/yoast-seo-wordpress\/ -->\n<title>\u00bfYa conoces los 5 factores clave que condicionan el futuro de Catalu\u00f1a? (II): La ense\u00f1anza - Converses a Catalunya<\/title>\n<meta name=\"description\" content=\"La ense\u00f1anza en Catalu\u00f1a enfrenta desaf\u00edos importantes, evidenciados en un rendimiento PISA por debajo de su potencial y en indicadores de abandono y equidad mejorables\" \/>\n<meta name=\"robots\" content=\"index, follow, max-snippet:-1, max-image-preview:large, max-video-preview:-1\" \/>\n<link rel=\"canonical\" href=\"https:\/\/conversesacatalunya.cat\/es\/factores-clave-la-ensenanza\/\" \/>\n<meta property=\"og:locale\" content=\"es_ES\" \/>\n<meta property=\"og:type\" content=\"article\" \/>\n<meta property=\"og:title\" content=\"\u00bfYa conoces los 5 factores clave que condicionan el futuro de Catalu\u00f1a? (II): La ense\u00f1anza - Converses a Catalunya\" \/>\n<meta property=\"og:description\" content=\"La ense\u00f1anza en Catalu\u00f1a enfrenta desaf\u00edos importantes, evidenciados en un rendimiento PISA por debajo de su potencial y en indicadores de abandono y equidad mejorables\" \/>\n<meta property=\"og:url\" content=\"https:\/\/conversesacatalunya.cat\/es\/factores-clave-la-ensenanza\/\" \/>\n<meta property=\"og:site_name\" content=\"Converses a Catalunya\" \/>\n<meta property=\"article:published_time\" content=\"2025-03-07T10:20:21+00:00\" \/>\n<meta property=\"article:modified_time\" content=\"2025-03-10T08:55:07+00:00\" \/>\n<meta property=\"og:image\" content=\"https:\/\/conversesacatalunya.cat\/wp-content\/uploads\/2020\/06\/600x400_educacion-libros-pizarra.jpg\" \/>\n\t<meta property=\"og:image:width\" content=\"600\" \/>\n\t<meta property=\"og:image:height\" content=\"400\" \/>\n\t<meta property=\"og:image:type\" content=\"image\/jpeg\" \/>\n<meta name=\"author\" content=\"Enric Casanovas\" \/>\n<meta name=\"twitter:card\" content=\"summary_large_image\" \/>\n<meta name=\"twitter:label1\" content=\"Escrito por\" \/>\n\t<meta name=\"twitter:data1\" content=\"Enric Casanovas\" \/>\n\t<meta name=\"twitter:label2\" content=\"Tiempo de lectura\" \/>\n\t<meta name=\"twitter:data2\" content=\"17 minutos\" \/>\n<script type=\"application\/ld+json\" class=\"yoast-schema-graph\">{\"@context\":\"https:\/\/schema.org\",\"@graph\":[{\"@type\":\"Article\",\"@id\":\"https:\/\/conversesacatalunya.cat\/es\/factores-clave-la-ensenanza\/#article\",\"isPartOf\":{\"@id\":\"https:\/\/conversesacatalunya.cat\/es\/factores-clave-la-ensenanza\/\"},\"author\":{\"name\":\"Enric Casanovas\",\"@id\":\"https:\/\/conversesacatalunya.cat\/#\/schema\/person\/79bd0577b2f3afc8d6519d207c6e8609\"},\"headline\":\"\u00bfYa conoces los 5 factores clave que condicionan el futuro de Catalu\u00f1a? (II): La ense\u00f1anza\",\"datePublished\":\"2025-03-07T10:20:21+00:00\",\"dateModified\":\"2025-03-10T08:55:07+00:00\",\"mainEntityOfPage\":{\"@id\":\"https:\/\/conversesacatalunya.cat\/es\/factores-clave-la-ensenanza\/\"},\"wordCount\":3496,\"commentCount\":0,\"image\":{\"@id\":\"https:\/\/conversesacatalunya.cat\/es\/factores-clave-la-ensenanza\/#primaryimage\"},\"thumbnailUrl\":\"https:\/\/conversesacatalunya.cat\/wp-content\/uploads\/2020\/06\/600x400_educacion-libros-pizarra.jpg\",\"keywords\":[\"Educaci\u00f3n\"],\"articleSection\":[\"Punts clau del dia (ES)\"],\"inLanguage\":\"es\",\"potentialAction\":[{\"@type\":\"CommentAction\",\"name\":\"Comment\",\"target\":[\"https:\/\/conversesacatalunya.cat\/es\/factores-clave-la-ensenanza\/#respond\"]}]},{\"@type\":\"WebPage\",\"@id\":\"https:\/\/conversesacatalunya.cat\/es\/factores-clave-la-ensenanza\/\",\"url\":\"https:\/\/conversesacatalunya.cat\/es\/factores-clave-la-ensenanza\/\",\"name\":\"\u00bfYa conoces los 5 factores clave que condicionan el futuro de Catalu\u00f1a? (II): La ense\u00f1anza - Converses a Catalunya\",\"isPartOf\":{\"@id\":\"https:\/\/conversesacatalunya.cat\/#website\"},\"primaryImageOfPage\":{\"@id\":\"https:\/\/conversesacatalunya.cat\/es\/factores-clave-la-ensenanza\/#primaryimage\"},\"image\":{\"@id\":\"https:\/\/conversesacatalunya.cat\/es\/factores-clave-la-ensenanza\/#primaryimage\"},\"thumbnailUrl\":\"https:\/\/conversesacatalunya.cat\/wp-content\/uploads\/2020\/06\/600x400_educacion-libros-pizarra.jpg\",\"datePublished\":\"2025-03-07T10:20:21+00:00\",\"dateModified\":\"2025-03-10T08:55:07+00:00\",\"author\":{\"@id\":\"https:\/\/conversesacatalunya.cat\/#\/schema\/person\/79bd0577b2f3afc8d6519d207c6e8609\"},\"description\":\"La ense\u00f1anza en Catalu\u00f1a enfrenta desaf\u00edos importantes, evidenciados en un rendimiento PISA por debajo de su potencial y en indicadores de abandono y equidad mejorables\",\"breadcrumb\":{\"@id\":\"https:\/\/conversesacatalunya.cat\/es\/factores-clave-la-ensenanza\/#breadcrumb\"},\"inLanguage\":\"es\",\"potentialAction\":[{\"@type\":\"ReadAction\",\"target\":[\"https:\/\/conversesacatalunya.cat\/es\/factores-clave-la-ensenanza\/\"]}]},{\"@type\":\"ImageObject\",\"inLanguage\":\"es\",\"@id\":\"https:\/\/conversesacatalunya.cat\/es\/factores-clave-la-ensenanza\/#primaryimage\",\"url\":\"https:\/\/conversesacatalunya.cat\/wp-content\/uploads\/2020\/06\/600x400_educacion-libros-pizarra.jpg\",\"contentUrl\":\"https:\/\/conversesacatalunya.cat\/wp-content\/uploads\/2020\/06\/600x400_educacion-libros-pizarra.jpg\",\"width\":600,\"height\":400,\"caption\":\"Educar\"},{\"@type\":\"BreadcrumbList\",\"@id\":\"https:\/\/conversesacatalunya.cat\/es\/factores-clave-la-ensenanza\/#breadcrumb\",\"itemListElement\":[{\"@type\":\"ListItem\",\"position\":1,\"name\":\"Inici\",\"item\":\"https:\/\/conversesacatalunya.cat\/es\/\"},{\"@type\":\"ListItem\",\"position\":2,\"name\":\"\u00bfYa conoces los 5 factores clave que condicionan el futuro de Catalu\u00f1a? (II): La ense\u00f1anza\"}]},{\"@type\":\"WebSite\",\"@id\":\"https:\/\/conversesacatalunya.cat\/#website\",\"url\":\"https:\/\/conversesacatalunya.cat\/\",\"name\":\"Converses a Catalunya\",\"description\":\"\",\"potentialAction\":[{\"@type\":\"SearchAction\",\"target\":{\"@type\":\"EntryPoint\",\"urlTemplate\":\"https:\/\/conversesacatalunya.cat\/?s={search_term_string}\"},\"query-input\":{\"@type\":\"PropertyValueSpecification\",\"valueRequired\":true,\"valueName\":\"search_term_string\"}}],\"inLanguage\":\"es\"},{\"@type\":\"Person\",\"@id\":\"https:\/\/conversesacatalunya.cat\/#\/schema\/person\/79bd0577b2f3afc8d6519d207c6e8609\",\"name\":\"Enric Casanovas\",\"image\":{\"@type\":\"ImageObject\",\"inLanguage\":\"es\",\"@id\":\"https:\/\/conversesacatalunya.cat\/#\/schema\/person\/image\/\",\"url\":\"https:\/\/conversesacatalunya.cat\/wp-content\/litespeed\/avatar\/7ae4379ad4421ec77820e92afd36dd78.jpg?ver=1777373933\",\"contentUrl\":\"https:\/\/conversesacatalunya.cat\/wp-content\/litespeed\/avatar\/7ae4379ad4421ec77820e92afd36dd78.jpg?ver=1777373933\",\"caption\":\"Enric Casanovas\"},\"url\":\"https:\/\/conversesacatalunya.cat\/es\/author\/enric-casanovas\/\"}]}<\/script>\n<!-- \/ Yoast SEO plugin. -->","yoast_head_json":{"title":"\u00bfYa conoces los 5 factores clave que condicionan el futuro de Catalu\u00f1a? (II): La ense\u00f1anza - Converses a Catalunya","description":"La ense\u00f1anza en Catalu\u00f1a enfrenta desaf\u00edos importantes, evidenciados en un rendimiento PISA por debajo de su potencial y en indicadores de abandono y equidad mejorables","robots":{"index":"index","follow":"follow","max-snippet":"max-snippet:-1","max-image-preview":"max-image-preview:large","max-video-preview":"max-video-preview:-1"},"canonical":"https:\/\/conversesacatalunya.cat\/es\/factores-clave-la-ensenanza\/","og_locale":"es_ES","og_type":"article","og_title":"\u00bfYa conoces los 5 factores clave que condicionan el futuro de Catalu\u00f1a? (II): La ense\u00f1anza - Converses a Catalunya","og_description":"La ense\u00f1anza en Catalu\u00f1a enfrenta desaf\u00edos importantes, evidenciados en un rendimiento PISA por debajo de su potencial y en indicadores de abandono y equidad mejorables","og_url":"https:\/\/conversesacatalunya.cat\/es\/factores-clave-la-ensenanza\/","og_site_name":"Converses a Catalunya","article_published_time":"2025-03-07T10:20:21+00:00","article_modified_time":"2025-03-10T08:55:07+00:00","og_image":[{"width":600,"height":400,"url":"https:\/\/conversesacatalunya.cat\/wp-content\/uploads\/2020\/06\/600x400_educacion-libros-pizarra.jpg","type":"image\/jpeg"}],"author":"Enric Casanovas","twitter_card":"summary_large_image","twitter_misc":{"Escrito por":"Enric Casanovas","Tiempo de lectura":"17 minutos"},"schema":{"@context":"https:\/\/schema.org","@graph":[{"@type":"Article","@id":"https:\/\/conversesacatalunya.cat\/es\/factores-clave-la-ensenanza\/#article","isPartOf":{"@id":"https:\/\/conversesacatalunya.cat\/es\/factores-clave-la-ensenanza\/"},"author":{"name":"Enric Casanovas","@id":"https:\/\/conversesacatalunya.cat\/#\/schema\/person\/79bd0577b2f3afc8d6519d207c6e8609"},"headline":"\u00bfYa conoces los 5 factores clave que condicionan el futuro de Catalu\u00f1a? (II): La ense\u00f1anza","datePublished":"2025-03-07T10:20:21+00:00","dateModified":"2025-03-10T08:55:07+00:00","mainEntityOfPage":{"@id":"https:\/\/conversesacatalunya.cat\/es\/factores-clave-la-ensenanza\/"},"wordCount":3496,"commentCount":0,"image":{"@id":"https:\/\/conversesacatalunya.cat\/es\/factores-clave-la-ensenanza\/#primaryimage"},"thumbnailUrl":"https:\/\/conversesacatalunya.cat\/wp-content\/uploads\/2020\/06\/600x400_educacion-libros-pizarra.jpg","keywords":["Educaci\u00f3n"],"articleSection":["Punts clau del dia (ES)"],"inLanguage":"es","potentialAction":[{"@type":"CommentAction","name":"Comment","target":["https:\/\/conversesacatalunya.cat\/es\/factores-clave-la-ensenanza\/#respond"]}]},{"@type":"WebPage","@id":"https:\/\/conversesacatalunya.cat\/es\/factores-clave-la-ensenanza\/","url":"https:\/\/conversesacatalunya.cat\/es\/factores-clave-la-ensenanza\/","name":"\u00bfYa conoces los 5 factores clave que condicionan el futuro de Catalu\u00f1a? (II): La ense\u00f1anza - Converses a Catalunya","isPartOf":{"@id":"https:\/\/conversesacatalunya.cat\/#website"},"primaryImageOfPage":{"@id":"https:\/\/conversesacatalunya.cat\/es\/factores-clave-la-ensenanza\/#primaryimage"},"image":{"@id":"https:\/\/conversesacatalunya.cat\/es\/factores-clave-la-ensenanza\/#primaryimage"},"thumbnailUrl":"https:\/\/conversesacatalunya.cat\/wp-content\/uploads\/2020\/06\/600x400_educacion-libros-pizarra.jpg","datePublished":"2025-03-07T10:20:21+00:00","dateModified":"2025-03-10T08:55:07+00:00","author":{"@id":"https:\/\/conversesacatalunya.cat\/#\/schema\/person\/79bd0577b2f3afc8d6519d207c6e8609"},"description":"La ense\u00f1anza en Catalu\u00f1a enfrenta desaf\u00edos importantes, evidenciados en un rendimiento PISA por debajo de su potencial y en indicadores de abandono y equidad mejorables","breadcrumb":{"@id":"https:\/\/conversesacatalunya.cat\/es\/factores-clave-la-ensenanza\/#breadcrumb"},"inLanguage":"es","potentialAction":[{"@type":"ReadAction","target":["https:\/\/conversesacatalunya.cat\/es\/factores-clave-la-ensenanza\/"]}]},{"@type":"ImageObject","inLanguage":"es","@id":"https:\/\/conversesacatalunya.cat\/es\/factores-clave-la-ensenanza\/#primaryimage","url":"https:\/\/conversesacatalunya.cat\/wp-content\/uploads\/2020\/06\/600x400_educacion-libros-pizarra.jpg","contentUrl":"https:\/\/conversesacatalunya.cat\/wp-content\/uploads\/2020\/06\/600x400_educacion-libros-pizarra.jpg","width":600,"height":400,"caption":"Educar"},{"@type":"BreadcrumbList","@id":"https:\/\/conversesacatalunya.cat\/es\/factores-clave-la-ensenanza\/#breadcrumb","itemListElement":[{"@type":"ListItem","position":1,"name":"Inici","item":"https:\/\/conversesacatalunya.cat\/es\/"},{"@type":"ListItem","position":2,"name":"\u00bfYa conoces los 5 factores clave que condicionan el futuro de Catalu\u00f1a? (II): La ense\u00f1anza"}]},{"@type":"WebSite","@id":"https:\/\/conversesacatalunya.cat\/#website","url":"https:\/\/conversesacatalunya.cat\/","name":"Converses a Catalunya","description":"","potentialAction":[{"@type":"SearchAction","target":{"@type":"EntryPoint","urlTemplate":"https:\/\/conversesacatalunya.cat\/?s={search_term_string}"},"query-input":{"@type":"PropertyValueSpecification","valueRequired":true,"valueName":"search_term_string"}}],"inLanguage":"es"},{"@type":"Person","@id":"https:\/\/conversesacatalunya.cat\/#\/schema\/person\/79bd0577b2f3afc8d6519d207c6e8609","name":"Enric Casanovas","image":{"@type":"ImageObject","inLanguage":"es","@id":"https:\/\/conversesacatalunya.cat\/#\/schema\/person\/image\/","url":"https:\/\/conversesacatalunya.cat\/wp-content\/litespeed\/avatar\/7ae4379ad4421ec77820e92afd36dd78.jpg?ver=1777373933","contentUrl":"https:\/\/conversesacatalunya.cat\/wp-content\/litespeed\/avatar\/7ae4379ad4421ec77820e92afd36dd78.jpg?ver=1777373933","caption":"Enric Casanovas"},"url":"https:\/\/conversesacatalunya.cat\/es\/author\/enric-casanovas\/"}]}},"wps_subtitle":"el sistema educativo catal\u00e1n enfrenta desaf\u00edos importantes, evidenciados en un rendimiento PISA por debajo de su potencial y en indicadores de abandono y equidad mejorables","_links":{"self":[{"href":"https:\/\/conversesacatalunya.cat\/es\/wp-json\/wp\/v2\/posts\/86189","targetHints":{"allow":["GET"]}}],"collection":[{"href":"https:\/\/conversesacatalunya.cat\/es\/wp-json\/wp\/v2\/posts"}],"about":[{"href":"https:\/\/conversesacatalunya.cat\/es\/wp-json\/wp\/v2\/types\/post"}],"author":[{"embeddable":true,"href":"https:\/\/conversesacatalunya.cat\/es\/wp-json\/wp\/v2\/users\/77"}],"replies":[{"embeddable":true,"href":"https:\/\/conversesacatalunya.cat\/es\/wp-json\/wp\/v2\/comments?post=86189"}],"version-history":[{"count":1,"href":"https:\/\/conversesacatalunya.cat\/es\/wp-json\/wp\/v2\/posts\/86189\/revisions"}],"predecessor-version":[{"id":86194,"href":"https:\/\/conversesacatalunya.cat\/es\/wp-json\/wp\/v2\/posts\/86189\/revisions\/86194"}],"wp:featuredmedia":[{"embeddable":true,"href":"https:\/\/conversesacatalunya.cat\/es\/wp-json\/wp\/v2\/media\/37782"}],"wp:attachment":[{"href":"https:\/\/conversesacatalunya.cat\/es\/wp-json\/wp\/v2\/media?parent=86189"}],"wp:term":[{"taxonomy":"category","embeddable":true,"href":"https:\/\/conversesacatalunya.cat\/es\/wp-json\/wp\/v2\/categories?post=86189"},{"taxonomy":"post_tag","embeddable":true,"href":"https:\/\/conversesacatalunya.cat\/es\/wp-json\/wp\/v2\/tags?post=86189"}],"curies":[{"name":"wp","href":"https:\/\/api.w.org\/{rel}","templated":true}]}}