{"id":86185,"date":"2025-03-07T10:12:44","date_gmt":"2025-03-07T09:12:44","guid":{"rendered":"https:\/\/conversesacatalunya.cat\/alemanya-riscos-govern-centrista\/"},"modified":"2025-03-07T10:28:08","modified_gmt":"2025-03-07T09:28:08","slug":"alemanya-riscos-govern-centrista","status":"publish","type":"post","link":"https:\/\/conversesacatalunya.cat\/es\/alemanya-riscos-govern-centrista\/","title":{"rendered":"Alemania y los riesgos de un gobierno centrista"},"content":{"rendered":"<p>Los principales medios de comunicaci\u00f3n, las instituciones europeas y buena parte de los gobiernos del Viejo Continente respiraron aligerados al conocer los resultados\u00a0<a href=\"https:\/\/conversesacatalunya.cat\/es\/elecciones-en-alemania-mas-alla-de-las-cifras-cuestiones-clave\/\" target=\"_blank\" rel=\"noopener\">definitivos<\/a>\u00a0de las elecciones federales alemanas del pasado domingo 23 de febrero.<\/p>\n<p>Por un lado, los cristianodem\u00f3cratas de la coalici\u00f3n CDU\/CSU, liderados por\u00a0<strong>Friedrich Merz<\/strong>, consiguieron un resultado suficientemente distanciado del resto de partidos (28,6% de los votos) para reclamar el liderazgo de un gobierno de coalici\u00f3n.<\/p>\n<p>Y por otro, los socialdem\u00f3cratas del SPD, capitaneados por el canciller saliente\u00a0<strong>Olaf Scholz<\/strong>, cayeron hasta un nivel hist\u00f3ricamente bajo, pero quiz\u00e1s no tan dram\u00e1ticamente como algunos tem\u00edan (16,4%), suficiente para convertirse en el socio minoritario de Merz.<\/p>\n<p>Merz se puso inmediatamente manos a la obra para trabajar hacia un gobierno de \u00abgran coalici\u00f3n\u00bb que deje de lado al otro posible socio, Alternativa por Alemania (AfD por sus siglas germ\u00e1nicas), quien habiendo obtenido el 20,8% de los votos se consolidar\u00eda como el partido l\u00edder de la oposici\u00f3n.<\/p>\n<p>De hecho, para agradar a los socialdem\u00f3cratas, el candidato a canciller de Alemania se\u00a0<a href=\"https:\/\/www.youtube.com\/watch?v=nJBdRW6ryoA&amp;list=PL-j1qqL5tzpeDgNOHCFBMctAJOan4gvc9&amp;index=2\" target=\"_blank\" rel=\"noopener\">desdijo<\/a>\u00a0p\u00fablicamente en 24 horas de una de sus promesas electorales,\u00a0<strong>cerrar la puerta a la inmigraci\u00f3n<\/strong>.<\/p>\n<p>Este hecho denota el grav\u00edsimo problema de fondo que conlleva una nueva gran coalici\u00f3n entre la CDU\/CSU y el SPD, y es que la voluntad popular expresada en las urnas quede de nuevo desdibujada por un gobierno que insiste en mantenerse\u00a0<strong>rigurosamente alineado con el\u00a0<em>establishment<\/em> pol\u00edtico, ideol\u00f3gico y medi\u00e1tico que todav\u00eda impera en Europa<\/strong>.<\/p>\n<p>De hecho, la catastr\u00f3fica coalici\u00f3n de \u201cgobierno sem\u00e1foro\u201d entre socialdem\u00f3cratas, verdes y liberales, que ha sido la causante de acelerar el deterioro econ\u00f3mico de Alemania desde 2021, fue una\u00a0<strong>alianza contranatura<\/strong>\u00a0hecha posible \u00fanicamente para que los tres partidos aceptaran convertirse en los defensores del\u00a0<em>status quo<\/em> pol\u00edtico y econ\u00f3mico.<\/p>\n<p>Las negociaciones que siguieron a las\u00a0<strong>elecciones europeas del pasado junio<\/strong>\u00a0tambi\u00e9n marcaron una distinci\u00f3n clara entre las opciones pol\u00edticas compatibles con el\u00a0<em>establishment<\/em>\u00a0y las alternativas.<\/p>\n<p>Para mantenerse en la silla, y con la excusa de \u201csalvar a Europa\u201d, los partidos\u00a0<a href=\"https:\/\/conversesacatalunya.cat\/es\/cargos-europeos-derecha\/\" target=\"_blank\" rel=\"noopener\">vulneraron<\/a>\u00a0de nuevo la voluntad popular expresada en las urnas y se inventaron otra\u00a0<strong>coalici\u00f3n Frankenstein<\/strong> entre populares, socialistas, ecologistas y liberales europeos. \u00c9sta ha permitido\u00a0 una pol\u00edtica tan gris y desgastada como Ursula Von der Leyen por mantenerse al frente de la Comisi\u00f3n Europea durante cinco a\u00f1os m\u00e1s.<\/p>\n<p>Podr\u00eda aducirse que Alemania es un caso diferente porque la cultura de la estabilidad y las coaliciones que permiten garantizarla est\u00e1n profundamente ancladas.<\/p>\n<p>Sin embargo, otra gran coalici\u00f3n entre el centroderecha y el centroizquierda alem\u00e1n podr\u00eda marcar el canto del cisne de los partidos tradicionales europeos al quedar en evidencia que\u00a0<strong>lo que en realidad defienden es \u00fanicamente el\u00a0<em>statu quo<\/em><\/strong>, y que sus discursos electorales no son m\u00e1s que eso, narrativas concebidas para ganar elecciones, y que luego se guardan tranquilamente.<\/p>\n<p>Por su parte, la propia l\u00edder de la AfD,\u00a0<strong>Alice Weidel<\/strong>, ya ha pronosticado que los principales beneficiados de una gran coalici\u00f3n centrista ser\u00edan ellos, Alternativa por Alemania.<\/p>\n<div id=\"polls-276\" class=\"wp-polls\">\n\t<form id=\"polls_form_276\" class=\"wp-polls-form\" action=\"\/index.php\" method=\"post\">\n\t\t<p style=\"display: none;\"><input type=\"hidden\" id=\"poll_276_nonce\" name=\"wp-polls-nonce\" value=\"f61fbbceb0\" \/><\/p>\n\t\t<p style=\"display: none;\"><input type=\"hidden\" name=\"poll_id\" value=\"276\" \/><\/p>\n\t\t<p style=\"text-align: center\"><strong>Est\u00e0s d'acord que Europa assumeixi la plenitud dels compromisos militars que tenia els EUA amb Ucra\u00efna?<\/strong><\/p><div id=\"polls-276-ans\" class=\"wp-polls-ans\"><ul class=\"wp-polls-ul\">\n\t\t<li><input type=\"radio\" id=\"poll-answer-779\" name=\"poll_276\" value=\"779\" \/> <label for=\"poll-answer-779\">S\u00ed<\/label><\/li>\n\t\t<li><input type=\"radio\" id=\"poll-answer-780\" name=\"poll_276\" value=\"780\" \/> <label for=\"poll-answer-780\">No<\/label><\/li>\n\t\t<li><input type=\"radio\" id=\"poll-answer-781\" name=\"poll_276\" value=\"781\" \/> <label for=\"poll-answer-781\">No ho s\u00e9<\/label><\/li>\n\t\t<\/ul><p style=\"text-align: center\"><input type=\"button\" name=\"vote\" value=\"   Vota   \" class=\"Buttons\" onclick=\"poll_vote(276);\" \/><\/p><p style=\"text-align: center\"><a href=\"#ViewPollResults\" onclick=\"poll_result(276); return false;\" title=\"View Results Of This Poll\">Mira els resultats<\/a><\/p><\/div>\n\t<\/form>\n<\/div>\n<div id=\"polls-276-loading\" class=\"wp-polls-loading\"><img decoding=\"async\" data-src=\"https:\/\/conversesacatalunya.cat\/wp-content\/plugins\/wp-polls\/images\/loading.gif\" width=\"16\" height=\"16\" alt=\"Cargando ...\" title=\"Cargando ...\" class=\"wp-polls-image lazyload\" src=\"data:image\/svg+xml;base64,PHN2ZyB3aWR0aD0iMSIgaGVpZ2h0PSIxIiB4bWxucz0iaHR0cDovL3d3dy53My5vcmcvMjAwMC9zdmciPjwvc3ZnPg==\" style=\"--smush-placeholder-width: 16px; --smush-placeholder-aspect-ratio: 16\/16;\" \/>&nbsp;Cargando ...<\/div>\n\n","protected":false},"excerpt":{"rendered":"<p>Los principales medios de comunicaci\u00f3n, las instituciones europeas y buena parte de los gobiernos del Viejo Continente respiraron aligerados al conocer los resultados\u00a0definitivos\u00a0de las elecciones federales alemanas del pasado domingo 23 de febrero. Por un lado, los cristianodem\u00f3cratas de la coalici\u00f3n CDU\/CSU, liderados por\u00a0Friedrich Merz, consiguieron un resultado suficientemente distanciado del resto de partidos (28,6% de los votos) para reclamar el liderazgo de un gobierno de coalici\u00f3n. Y por otro, los socialdem\u00f3cratas del SPD, capitaneados por el canciller saliente\u00a0Olaf Scholz, cayeron hasta un nivel hist\u00f3ricamente bajo, pero quiz\u00e1s no tan dram\u00e1ticamente como algunos tem\u00edan (16,4%), suficiente para convertirse en el socio minoritario de Merz. Merz se puso inmediatamente manos a la obra para trabajar hacia un gobierno de \u00abgran coalici\u00f3n\u00bb que deje de lado al otro posible socio, Alternativa por Alemania (AfD por sus siglas germ\u00e1nicas), quien habiendo obtenido el 20,8% de los votos se consolidar\u00eda como el partido l\u00edder de la oposici\u00f3n. De hecho, para agradar a los socialdem\u00f3cratas, el candidato a canciller de Alemania se\u00a0desdijo\u00a0p\u00fablicamente en 24 horas de una de sus promesas electorales,\u00a0cerrar la puerta a la inmigraci\u00f3n. Este hecho denota el grav\u00edsimo problema de fondo que conlleva una nueva gran coalici\u00f3n entre la CDU\/CSU y el SPD, y es que la voluntad popular expresada en las urnas quede de nuevo desdibujada por un gobierno que insiste en mantenerse\u00a0rigurosamente alineado con el\u00a0establishment pol\u00edtico, ideol\u00f3gico y medi\u00e1tico que todav\u00eda impera en Europa. De hecho, la catastr\u00f3fica coalici\u00f3n de \u201cgobierno sem\u00e1foro\u201d entre socialdem\u00f3cratas, verdes y liberales, que ha sido la causante de acelerar el deterioro econ\u00f3mico de Alemania desde 2021, fue una\u00a0alianza contranatura\u00a0hecha posible \u00fanicamente para que los tres partidos aceptaran convertirse en los defensores del\u00a0status quo pol\u00edtico y econ\u00f3mico. Las negociaciones que siguieron a las\u00a0elecciones europeas del pasado junio\u00a0tambi\u00e9n marcaron una distinci\u00f3n clara entre las opciones pol\u00edticas compatibles con el\u00a0establishment\u00a0y las alternativas. Para mantenerse en la silla, y con la excusa de \u201csalvar a Europa\u201d, los partidos\u00a0vulneraron\u00a0de nuevo la voluntad popular expresada en las urnas y se inventaron otra\u00a0coalici\u00f3n Frankenstein entre populares, socialistas, ecologistas y liberales europeos. \u00c9sta ha permitido\u00a0 una pol\u00edtica tan gris y desgastada como Ursula Von der Leyen por mantenerse al frente de la Comisi\u00f3n Europea durante cinco a\u00f1os m\u00e1s. Podr\u00eda aducirse que Alemania es un caso diferente porque la cultura de la estabilidad y las coaliciones que permiten garantizarla est\u00e1n profundamente ancladas. Sin embargo, otra gran coalici\u00f3n entre el centroderecha y el centroizquierda alem\u00e1n podr\u00eda marcar el canto del cisne de los partidos tradicionales europeos al quedar en evidencia que\u00a0lo que en realidad defienden es \u00fanicamente el\u00a0statu quo, y que sus discursos electorales no son m\u00e1s que eso, narrativas concebidas para ganar elecciones, y que luego se guardan tranquilamente. Por su parte, la propia l\u00edder de la AfD,\u00a0Alice Weidel, ya ha pronosticado que los principales beneficiados de una gran coalici\u00f3n centrista ser\u00edan ellos, Alternativa por Alemania.<\/p>\n","protected":false},"author":75,"featured_media":86011,"comment_status":"open","ping_status":"open","sticky":false,"template":"","format":"standard","meta":{"_FSMCFIC_featured_image_caption":"","_FSMCFIC_featured_image_nocaption":"","_FSMCFIC_featured_image_hide":"","footnotes":""},"categories":[806],"tags":[5149,5148,3937,3936],"class_list":["post-86185","post","type-post","status-publish","format-standard","has-post-thumbnail","hentry","category-punts-claus-del-dia-es","tag-derecha-alternativa","tag-dreta-alternativa-es","tag-elecciones-alemanas","tag-eleccions-alemanya-es"],"yoast_head":"<!-- This site is optimized with the Yoast SEO plugin v26.8 - https:\/\/yoast.com\/product\/yoast-seo-wordpress\/ -->\n<title>Alemania y los riesgos de un gobierno centrista - Converses a Catalunya<\/title>\n<meta name=\"description\" content=\"Una gran coalici\u00f3n entre el centroderecha y el centroizquierda alem\u00e1n podr\u00eda marcar el canto del cisne de los partidos tradicionales, al quedar en evidencia que lo \u00fanico que defienden es el status quo\" \/>\n<meta name=\"robots\" content=\"index, follow, max-snippet:-1, max-image-preview:large, max-video-preview:-1\" \/>\n<link rel=\"canonical\" href=\"https:\/\/conversesacatalunya.cat\/es\/alemanya-riscos-govern-centrista\/\" \/>\n<meta property=\"og:locale\" content=\"es_ES\" \/>\n<meta property=\"og:type\" content=\"article\" \/>\n<meta property=\"og:title\" content=\"Alemania y los riesgos de un gobierno centrista - Converses a Catalunya\" \/>\n<meta property=\"og:description\" content=\"Una gran coalici\u00f3n entre el centroderecha y el centroizquierda alem\u00e1n podr\u00eda marcar el canto del cisne de los partidos tradicionales, al quedar en evidencia que lo \u00fanico que defienden es el status quo\" \/>\n<meta property=\"og:url\" content=\"https:\/\/conversesacatalunya.cat\/es\/alemanya-riscos-govern-centrista\/\" \/>\n<meta property=\"og:site_name\" content=\"Converses a Catalunya\" \/>\n<meta property=\"article:published_time\" content=\"2025-03-07T09:12:44+00:00\" \/>\n<meta property=\"article:modified_time\" content=\"2025-03-07T09:28:08+00:00\" \/>\n<meta property=\"og:image\" content=\"https:\/\/conversesacatalunya.cat\/wp-content\/uploads\/2025\/03\/merz-508527086.jpg\" \/>\n\t<meta property=\"og:image:width\" content=\"767\" \/>\n\t<meta property=\"og:image:height\" content=\"575\" \/>\n\t<meta property=\"og:image:type\" content=\"image\/jpeg\" \/>\n<meta name=\"author\" content=\"Carles L\u00f3pez\" \/>\n<meta name=\"twitter:card\" content=\"summary_large_image\" \/>\n<meta name=\"twitter:label1\" content=\"Escrito por\" \/>\n\t<meta name=\"twitter:data1\" content=\"Carles L\u00f3pez\" \/>\n\t<meta name=\"twitter:label2\" content=\"Tiempo de lectura\" \/>\n\t<meta name=\"twitter:data2\" content=\"3 minutos\" \/>\n<script type=\"application\/ld+json\" class=\"yoast-schema-graph\">{\"@context\":\"https:\/\/schema.org\",\"@graph\":[{\"@type\":\"Article\",\"@id\":\"https:\/\/conversesacatalunya.cat\/es\/alemanya-riscos-govern-centrista\/#article\",\"isPartOf\":{\"@id\":\"https:\/\/conversesacatalunya.cat\/es\/alemanya-riscos-govern-centrista\/\"},\"author\":{\"name\":\"Carles L\u00f3pez\",\"@id\":\"https:\/\/conversesacatalunya.cat\/#\/schema\/person\/3ce2ab16c0a3803086d80722c7cad56a\"},\"headline\":\"Alemania y los riesgos de un gobierno centrista\",\"datePublished\":\"2025-03-07T09:12:44+00:00\",\"dateModified\":\"2025-03-07T09:28:08+00:00\",\"mainEntityOfPage\":{\"@id\":\"https:\/\/conversesacatalunya.cat\/es\/alemanya-riscos-govern-centrista\/\"},\"wordCount\":547,\"commentCount\":0,\"image\":{\"@id\":\"https:\/\/conversesacatalunya.cat\/es\/alemanya-riscos-govern-centrista\/#primaryimage\"},\"thumbnailUrl\":\"https:\/\/conversesacatalunya.cat\/wp-content\/uploads\/2025\/03\/merz-508527086.jpg\",\"keywords\":[\"Derecha alternativa\",\"Dreta alternativa\",\"elecciones alemanas\",\"eleccions alemanya\"],\"articleSection\":[\"Punts clau del dia (ES)\"],\"inLanguage\":\"es\",\"potentialAction\":[{\"@type\":\"CommentAction\",\"name\":\"Comment\",\"target\":[\"https:\/\/conversesacatalunya.cat\/es\/alemanya-riscos-govern-centrista\/#respond\"]}]},{\"@type\":\"WebPage\",\"@id\":\"https:\/\/conversesacatalunya.cat\/es\/alemanya-riscos-govern-centrista\/\",\"url\":\"https:\/\/conversesacatalunya.cat\/es\/alemanya-riscos-govern-centrista\/\",\"name\":\"Alemania y los riesgos de un gobierno centrista - Converses a Catalunya\",\"isPartOf\":{\"@id\":\"https:\/\/conversesacatalunya.cat\/#website\"},\"primaryImageOfPage\":{\"@id\":\"https:\/\/conversesacatalunya.cat\/es\/alemanya-riscos-govern-centrista\/#primaryimage\"},\"image\":{\"@id\":\"https:\/\/conversesacatalunya.cat\/es\/alemanya-riscos-govern-centrista\/#primaryimage\"},\"thumbnailUrl\":\"https:\/\/conversesacatalunya.cat\/wp-content\/uploads\/2025\/03\/merz-508527086.jpg\",\"datePublished\":\"2025-03-07T09:12:44+00:00\",\"dateModified\":\"2025-03-07T09:28:08+00:00\",\"author\":{\"@id\":\"https:\/\/conversesacatalunya.cat\/#\/schema\/person\/3ce2ab16c0a3803086d80722c7cad56a\"},\"description\":\"Una gran coalici\u00f3n entre el centroderecha y el centroizquierda alem\u00e1n podr\u00eda marcar el canto del cisne de los partidos tradicionales, al quedar en evidencia que lo \u00fanico que defienden es el status quo\",\"breadcrumb\":{\"@id\":\"https:\/\/conversesacatalunya.cat\/es\/alemanya-riscos-govern-centrista\/#breadcrumb\"},\"inLanguage\":\"es\",\"potentialAction\":[{\"@type\":\"ReadAction\",\"target\":[\"https:\/\/conversesacatalunya.cat\/es\/alemanya-riscos-govern-centrista\/\"]}]},{\"@type\":\"ImageObject\",\"inLanguage\":\"es\",\"@id\":\"https:\/\/conversesacatalunya.cat\/es\/alemanya-riscos-govern-centrista\/#primaryimage\",\"url\":\"https:\/\/conversesacatalunya.cat\/wp-content\/uploads\/2025\/03\/merz-508527086.jpg\",\"contentUrl\":\"https:\/\/conversesacatalunya.cat\/wp-content\/uploads\/2025\/03\/merz-508527086.jpg\",\"width\":767,\"height\":575},{\"@type\":\"BreadcrumbList\",\"@id\":\"https:\/\/conversesacatalunya.cat\/es\/alemanya-riscos-govern-centrista\/#breadcrumb\",\"itemListElement\":[{\"@type\":\"ListItem\",\"position\":1,\"name\":\"Inici\",\"item\":\"https:\/\/conversesacatalunya.cat\/es\/\"},{\"@type\":\"ListItem\",\"position\":2,\"name\":\"Alemania y los riesgos de un gobierno centrista\"}]},{\"@type\":\"WebSite\",\"@id\":\"https:\/\/conversesacatalunya.cat\/#website\",\"url\":\"https:\/\/conversesacatalunya.cat\/\",\"name\":\"Converses a Catalunya\",\"description\":\"\",\"potentialAction\":[{\"@type\":\"SearchAction\",\"target\":{\"@type\":\"EntryPoint\",\"urlTemplate\":\"https:\/\/conversesacatalunya.cat\/?s={search_term_string}\"},\"query-input\":{\"@type\":\"PropertyValueSpecification\",\"valueRequired\":true,\"valueName\":\"search_term_string\"}}],\"inLanguage\":\"es\"},{\"@type\":\"Person\",\"@id\":\"https:\/\/conversesacatalunya.cat\/#\/schema\/person\/3ce2ab16c0a3803086d80722c7cad56a\",\"name\":\"Carles L\u00f3pez\",\"image\":{\"@type\":\"ImageObject\",\"inLanguage\":\"es\",\"@id\":\"https:\/\/conversesacatalunya.cat\/#\/schema\/person\/image\/\",\"url\":\"https:\/\/conversesacatalunya.cat\/wp-content\/litespeed\/avatar\/4891585caf2896e97846ab77f06edcf2.jpg?ver=1777091173\",\"contentUrl\":\"https:\/\/conversesacatalunya.cat\/wp-content\/litespeed\/avatar\/4891585caf2896e97846ab77f06edcf2.jpg?ver=1777091173\",\"caption\":\"Carles L\u00f3pez\"},\"url\":\"https:\/\/conversesacatalunya.cat\/es\/author\/carles-lopez\/\"}]}<\/script>\n<!-- \/ Yoast SEO plugin. -->","yoast_head_json":{"title":"Alemania y los riesgos de un gobierno centrista - Converses a Catalunya","description":"Una gran coalici\u00f3n entre el centroderecha y el centroizquierda alem\u00e1n podr\u00eda marcar el canto del cisne de los partidos tradicionales, al quedar en evidencia que lo \u00fanico que defienden es el status quo","robots":{"index":"index","follow":"follow","max-snippet":"max-snippet:-1","max-image-preview":"max-image-preview:large","max-video-preview":"max-video-preview:-1"},"canonical":"https:\/\/conversesacatalunya.cat\/es\/alemanya-riscos-govern-centrista\/","og_locale":"es_ES","og_type":"article","og_title":"Alemania y los riesgos de un gobierno centrista - Converses a Catalunya","og_description":"Una gran coalici\u00f3n entre el centroderecha y el centroizquierda alem\u00e1n podr\u00eda marcar el canto del cisne de los partidos tradicionales, al quedar en evidencia que lo \u00fanico que defienden es el status quo","og_url":"https:\/\/conversesacatalunya.cat\/es\/alemanya-riscos-govern-centrista\/","og_site_name":"Converses a Catalunya","article_published_time":"2025-03-07T09:12:44+00:00","article_modified_time":"2025-03-07T09:28:08+00:00","og_image":[{"width":767,"height":575,"url":"https:\/\/conversesacatalunya.cat\/wp-content\/uploads\/2025\/03\/merz-508527086.jpg","type":"image\/jpeg"}],"author":"Carles L\u00f3pez","twitter_card":"summary_large_image","twitter_misc":{"Escrito por":"Carles L\u00f3pez","Tiempo de lectura":"3 minutos"},"schema":{"@context":"https:\/\/schema.org","@graph":[{"@type":"Article","@id":"https:\/\/conversesacatalunya.cat\/es\/alemanya-riscos-govern-centrista\/#article","isPartOf":{"@id":"https:\/\/conversesacatalunya.cat\/es\/alemanya-riscos-govern-centrista\/"},"author":{"name":"Carles L\u00f3pez","@id":"https:\/\/conversesacatalunya.cat\/#\/schema\/person\/3ce2ab16c0a3803086d80722c7cad56a"},"headline":"Alemania y los riesgos de un gobierno centrista","datePublished":"2025-03-07T09:12:44+00:00","dateModified":"2025-03-07T09:28:08+00:00","mainEntityOfPage":{"@id":"https:\/\/conversesacatalunya.cat\/es\/alemanya-riscos-govern-centrista\/"},"wordCount":547,"commentCount":0,"image":{"@id":"https:\/\/conversesacatalunya.cat\/es\/alemanya-riscos-govern-centrista\/#primaryimage"},"thumbnailUrl":"https:\/\/conversesacatalunya.cat\/wp-content\/uploads\/2025\/03\/merz-508527086.jpg","keywords":["Derecha alternativa","Dreta alternativa","elecciones alemanas","eleccions alemanya"],"articleSection":["Punts clau del dia (ES)"],"inLanguage":"es","potentialAction":[{"@type":"CommentAction","name":"Comment","target":["https:\/\/conversesacatalunya.cat\/es\/alemanya-riscos-govern-centrista\/#respond"]}]},{"@type":"WebPage","@id":"https:\/\/conversesacatalunya.cat\/es\/alemanya-riscos-govern-centrista\/","url":"https:\/\/conversesacatalunya.cat\/es\/alemanya-riscos-govern-centrista\/","name":"Alemania y los riesgos de un gobierno centrista - Converses a Catalunya","isPartOf":{"@id":"https:\/\/conversesacatalunya.cat\/#website"},"primaryImageOfPage":{"@id":"https:\/\/conversesacatalunya.cat\/es\/alemanya-riscos-govern-centrista\/#primaryimage"},"image":{"@id":"https:\/\/conversesacatalunya.cat\/es\/alemanya-riscos-govern-centrista\/#primaryimage"},"thumbnailUrl":"https:\/\/conversesacatalunya.cat\/wp-content\/uploads\/2025\/03\/merz-508527086.jpg","datePublished":"2025-03-07T09:12:44+00:00","dateModified":"2025-03-07T09:28:08+00:00","author":{"@id":"https:\/\/conversesacatalunya.cat\/#\/schema\/person\/3ce2ab16c0a3803086d80722c7cad56a"},"description":"Una gran coalici\u00f3n entre el centroderecha y el centroizquierda alem\u00e1n podr\u00eda marcar el canto del cisne de los partidos tradicionales, al quedar en evidencia que lo \u00fanico que defienden es el status quo","breadcrumb":{"@id":"https:\/\/conversesacatalunya.cat\/es\/alemanya-riscos-govern-centrista\/#breadcrumb"},"inLanguage":"es","potentialAction":[{"@type":"ReadAction","target":["https:\/\/conversesacatalunya.cat\/es\/alemanya-riscos-govern-centrista\/"]}]},{"@type":"ImageObject","inLanguage":"es","@id":"https:\/\/conversesacatalunya.cat\/es\/alemanya-riscos-govern-centrista\/#primaryimage","url":"https:\/\/conversesacatalunya.cat\/wp-content\/uploads\/2025\/03\/merz-508527086.jpg","contentUrl":"https:\/\/conversesacatalunya.cat\/wp-content\/uploads\/2025\/03\/merz-508527086.jpg","width":767,"height":575},{"@type":"BreadcrumbList","@id":"https:\/\/conversesacatalunya.cat\/es\/alemanya-riscos-govern-centrista\/#breadcrumb","itemListElement":[{"@type":"ListItem","position":1,"name":"Inici","item":"https:\/\/conversesacatalunya.cat\/es\/"},{"@type":"ListItem","position":2,"name":"Alemania y los riesgos de un gobierno centrista"}]},{"@type":"WebSite","@id":"https:\/\/conversesacatalunya.cat\/#website","url":"https:\/\/conversesacatalunya.cat\/","name":"Converses a Catalunya","description":"","potentialAction":[{"@type":"SearchAction","target":{"@type":"EntryPoint","urlTemplate":"https:\/\/conversesacatalunya.cat\/?s={search_term_string}"},"query-input":{"@type":"PropertyValueSpecification","valueRequired":true,"valueName":"search_term_string"}}],"inLanguage":"es"},{"@type":"Person","@id":"https:\/\/conversesacatalunya.cat\/#\/schema\/person\/3ce2ab16c0a3803086d80722c7cad56a","name":"Carles L\u00f3pez","image":{"@type":"ImageObject","inLanguage":"es","@id":"https:\/\/conversesacatalunya.cat\/#\/schema\/person\/image\/","url":"https:\/\/conversesacatalunya.cat\/wp-content\/litespeed\/avatar\/4891585caf2896e97846ab77f06edcf2.jpg?ver=1777091173","contentUrl":"https:\/\/conversesacatalunya.cat\/wp-content\/litespeed\/avatar\/4891585caf2896e97846ab77f06edcf2.jpg?ver=1777091173","caption":"Carles L\u00f3pez"},"url":"https:\/\/conversesacatalunya.cat\/es\/author\/carles-lopez\/"}]}},"wps_subtitle":"Una gran coalici\u00f3n entre el centroderecha y el centroizquierda alem\u00e1n podr\u00eda marcar el canto del cisne de los partidos tradicionales, al quedar en evidencia que lo \u00fanico que defienden es el status quo","_links":{"self":[{"href":"https:\/\/conversesacatalunya.cat\/es\/wp-json\/wp\/v2\/posts\/86185","targetHints":{"allow":["GET"]}}],"collection":[{"href":"https:\/\/conversesacatalunya.cat\/es\/wp-json\/wp\/v2\/posts"}],"about":[{"href":"https:\/\/conversesacatalunya.cat\/es\/wp-json\/wp\/v2\/types\/post"}],"author":[{"embeddable":true,"href":"https:\/\/conversesacatalunya.cat\/es\/wp-json\/wp\/v2\/users\/75"}],"replies":[{"embeddable":true,"href":"https:\/\/conversesacatalunya.cat\/es\/wp-json\/wp\/v2\/comments?post=86185"}],"version-history":[{"count":2,"href":"https:\/\/conversesacatalunya.cat\/es\/wp-json\/wp\/v2\/posts\/86185\/revisions"}],"predecessor-version":[{"id":86187,"href":"https:\/\/conversesacatalunya.cat\/es\/wp-json\/wp\/v2\/posts\/86185\/revisions\/86187"}],"wp:featuredmedia":[{"embeddable":true,"href":"https:\/\/conversesacatalunya.cat\/es\/wp-json\/wp\/v2\/media\/86011"}],"wp:attachment":[{"href":"https:\/\/conversesacatalunya.cat\/es\/wp-json\/wp\/v2\/media?parent=86185"}],"wp:term":[{"taxonomy":"category","embeddable":true,"href":"https:\/\/conversesacatalunya.cat\/es\/wp-json\/wp\/v2\/categories?post=86185"},{"taxonomy":"post_tag","embeddable":true,"href":"https:\/\/conversesacatalunya.cat\/es\/wp-json\/wp\/v2\/tags?post=86185"}],"curies":[{"name":"wp","href":"https:\/\/api.w.org\/{rel}","templated":true}]}}