{"id":86173,"date":"2025-03-07T07:48:13","date_gmt":"2025-03-07T06:48:13","guid":{"rendered":"https:\/\/conversesacatalunya.cat\/?p=86173"},"modified":"2025-03-07T07:53:03","modified_gmt":"2025-03-07T06:53:03","slug":"una-fe-dos-lenguas","status":"publish","type":"post","link":"https:\/\/conversesacatalunya.cat\/es\/una-fe-dos-lenguas\/","title":{"rendered":"Una fe, dos lenguas"},"content":{"rendered":"<p>Cada vez m\u00e1s cristianos en Catalu\u00f1a viven su fe en castellano, y los datos indican que la tendencia ir\u00e1 a m\u00e1s en los pr\u00f3ximos tiempos. Partimos de la informaci\u00f3n que proporciona el <a href=\"https:\/\/afersreligiosos.gencat.cat\/ca\/diversitat-religiosa\/barometre\/index.html#googtrans(ca|es)\" target=\"_blank\" rel=\"noopener\"><strong>Bar\u00f3metro sobre la religiosidad y sobre la gesti\u00f3n de su diversidad<\/strong><\/a>, realizado en 2023 por el Centro de Estudios de Opini\u00f3n de la Generalitat.<\/p>\n<p><strong>Sobre la lengua de celebraci\u00f3n de los actos religiosos<\/strong>, la encuesta muestra que los cat\u00f3licos asisten, preferentemente, a los actos de culto en catal\u00e1n y castellano (41%), seguido de los que se realizan s\u00f3lo en catal\u00e1n (36%), y de los que se realizan s\u00f3lo en castellano (19%). Los evang\u00e9licos o protestantes mayoritariamente celebran en castellano (54%), seguido de quienes lo hacen en las dos lenguas (25%) y de los que se hacen s\u00f3lo en catal\u00e1n (14%).<\/p>\n<p>La encuesta incluye tambi\u00e9n la pregunta sobre<strong> la lengua de comunicaci\u00f3n entre los asistentes a los actos religiosos<\/strong>. En las iglesias la mayor\u00eda de los cat\u00f3licos se comunican entre ellos en castellano (41%), seguido de quienes lo hacen en catal\u00e1n (28%) y de los que utilizan las dos lenguas (27%). En el caso de los evang\u00e9licos, la diferencia es a\u00fan m\u00e1s marcada: en castellano (59%), en las dos lenguas (28%), y de los que se realizan s\u00f3lo en catal\u00e1n (7%).<\/p>\n<p><strong>Solo un apunte sobre la lengua que utilizan los musulmanes en Catalu\u00f1a<\/strong>. Como lengua de celebraci\u00f3n del culto isl\u00e1mico: s\u00f3lo en catal\u00e1n (0%), s\u00f3lo castellano (2%) y castellano y catal\u00e1n (2%). Y como lengua de comunicaci\u00f3n entre los asistentes a los actos religiosos musulmanes: s\u00f3lo en catal\u00e1n (0%), s\u00f3lo castellano (17%) y castellano y catal\u00e1n (2%).<\/p>\n<p>El Bar\u00f3metro ofrece tambi\u00e9n datos sobre las <strong>creencias religiosas de los catalanes seg\u00fan el lugar de nacimiento.<\/strong> En respuesta a la pregunta \u201c\u00bfSe considera una persona con creencias religiosas?\u201d, las personas nacidas fuera del Estado espa\u00f1ol son las que afirman tener m\u00e1s creencias religiosas (71%), siguen a las personas oriundas de otras comunidades aut\u00f3nomas (59%) y, finalmente, muy por debajo, las nacidas en Catalu\u00f1a (35%).<\/p>\n<p><strong>Por sexos, encontramos tambi\u00e9n datos muy interesantes.<\/strong> Las mujeres mayores de 64 a\u00f1os es el grupo que declara que Dios es m\u00e1s importante en sus vidas. En el otro extremo, se sit\u00faan las mujeres menores de 24 a\u00f1os. En el caso de los hombres, los mayores de 64 a\u00f1os, pero tambi\u00e9n los menores de 25 a\u00f1os, son los perfiles en los que Dios es m\u00e1s importante en sus vidas. Los varones de la franja de edad de 16 a 24 a\u00f1os son los que en mayor proporci\u00f3n acuden a los centros de culto (27%) con una frecuencia semanal o superior. Mientras que s\u00f3lo lo hacen un 17% de las mujeres en esta misma franja de edad m\u00e1s joven.<\/p>\n<p>Completamos el mapa de situaci\u00f3n con los <strong>datos de nacimientos del Instituto de Estad\u00edstica de Catalu\u00f1a del a\u00f1o 2023<\/strong>, que muestra que la fecundidad de las mujeres extranjeras fue mayor que la de las mujeres con nacionalidad espa\u00f1ola residentes en Catalu\u00f1a, siendo el n\u00famero de hijos por mujer de 1,32 y de 1,06, respectivamente.<\/p>\n<h3><strong>De estos datos se puede concluir lo siguiente:<\/strong><\/h3>\n<p>Actualmente<strong> la pr\u00e1ctica cat\u00f3lica en Catalu\u00f1a presenta un biling\u00fcismo relativamente equilibrado<\/strong> en lo que se refiere a la lengua de las celebraciones, pero predomina el castellano como lengua de relaci\u00f3n entre los fieles. En el caso de los protestantes, el predominio del castellano es abrumador.<\/p>\n<p>Los catalanes nacidos en Catalunya (categor\u00eda que incluye la inmensa mayor\u00eda de catalanohablantes) <strong>son menos practicantes de su fe<\/strong> que los nacidos en el resto de Espa\u00f1a y mucho menos que los nacidos en el extranjero. Y tienen una<a href=\"https:\/\/conversesacatalunya.cat\/es\/quieren-hacer-cataluna-sin-catalanitos\/\" target=\"_blank\" rel=\"noopener\"><strong> natalidad a la baja<\/strong><\/a>, que hoy est\u00e1 en la mitad de la tasa de reposici\u00f3n y sin que por el momento haya razones objetivas para un cambio de tendencia.<\/p>\n<p>Todo parece indicar que el actual biling\u00fcismo imperfecto, con las actuales tendencias demogr\u00e1ficas y de natalidad, se seguir\u00e1 desequilibrando a\u00fan <strong>m\u00e1s a favor del castellano<\/strong>. Esta situaci\u00f3n, l\u00f3gicamente, tiene muchas causas compartidas con el fen\u00f3meno general del biling\u00fcismo en Catalu\u00f1a y otras m\u00e1s espec\u00edficamente espirituales o religiosas. <strong>Tratamos algunas de ellas a continuaci\u00f3n.<\/strong><\/p>\n<p>De entrada, <strong>es dif\u00edcil que una lengua minoritaria se conserve si la natalidad de quienes la tienen como propia es de un hijo por mujer, por debajo de la de los castellanohablantes<\/strong>, que es tambi\u00e9n baja. Creo que tampoco ha ayudado el posicionamiento ideol\u00f3gico de los poderes p\u00fablicos catalanes y el vuelco de los valores que ha experimentado en general la sociedad catalana, sobre todo en lo que llevamos del actual siglo, per\u00edodo en el que ha tenido lugar la gran ola inmigratoria de personas procedentes de otras culturas.<\/p>\n<p>En la Catalu\u00f1a del tercer cuarto del siglo XX que recibi\u00f3 la gran ola inmigratoria procedente sobre todo del sur de Espa\u00f1a, <strong>muchos de los reci\u00e9n llegados quer\u00edan progresar como los catalanes de origen,<\/strong> y pod\u00edan hacerlo en aquella \u00e9poca de gran crecimiento econ\u00f3mico. Esto claramente facilitaba su integraci\u00f3n, tambi\u00e9n en el aprendizaje y uso de la lengua catalana, aunque \u00e9sta no se ense\u00f1aba en las escuelas ni era lengua oficial. En la Catalu\u00f1a en el siglo XXI los reci\u00e9n llegados que quieren aspirar a progresar social y econ\u00f3micamente lo tienen m\u00e1s dif\u00edcil y, a menudo, deben conformarse con trabajos de baja retribuci\u00f3n o depender de los subsidios.<\/p>\n<p>Los inmigrantes que han llegado este siglo se han encontrado tambi\u00e9n una Catalu\u00f1a que da la espalda, o directamente reniega de su tradici\u00f3n. Un pa\u00eds con nuevas costumbres sociales, una escuela, una cultura y unos medios de comunicaci\u00f3n que transmiten unos valores, una visi\u00f3n de la familia, de la sexualidad y de la vida opuestas radicalmente a la propia de <strong>los reci\u00e9n llegados, sean cristianos o musulmanes<\/strong>. Por eso, creo que se puede decir que<strong> los nuevos \u00abvalores\u00bb que hoy predominan en la sociedad catalana hacen menos atractivo el \u00abser catal\u00e1n\u00bb a muchos de los reci\u00e9n llegados<\/strong>. El catal\u00e1n ahora es oficial y se ense\u00f1a en las escuelas. Y quiz\u00e1s una mayor\u00eda de los que han llegado lo saben o sabr\u00e1n hablarlo m\u00e1s o menos bien. Pero una cosa es saber hablar una lengua y otra cosa es identificarse con quienes la hablan hasta el punto de adoptarla como propia para querer ser como ellos.<\/p>\n<p><strong>En cuanto a los factores propiamente religiosos,<\/strong> es obvio que el catolicismo en lengua castellana tiene hoy m\u00e1s vitalidad y es m\u00e1s creativo que el que se expresa en catal\u00e1n. Parte de la jerarqu\u00eda eclesi\u00e1stica en Catalu\u00f1a, claramente la de Girona, ha tardado d\u00e9cadas en darse cuenta de que una parte importante de la renovaci\u00f3n de la iglesia pasa por los movimientos laicales, y durante mucho tiempo no ha apoyado estos movimientos. <strong>Hubo excepciones, como la de Moss\u00e9n Gabriel Sol\u00e1<\/strong>, que en la d\u00e9cada de los 80 ya intuy\u00f3 que hab\u00eda que promover estas nuevas realidades eclesiales, y se esforz\u00f3 para que el Movimiento de Schoenstatt arraigara en Girona. Cuatro d\u00e9cadas despu\u00e9s este Movimiento est\u00e1 bien vivo en Girona, y hoy tiene su sede en la parroquia de Sant Salvador de Horta.<\/p>\n<p>Si la actitud de Mn. Gabriel hubiera sido la norma y no la excepci\u00f3n, y los nuevos movimientos laicales hubieran crecido en nuestras propias di\u00f3cesis, <strong>quiz\u00e1s hoy los j\u00f3venes no deber\u00edan adherirse a movimientos que provienen de fuera y que se expresan mayoritariamente en castellano<\/strong>, como es el caso de Hakuna. Montserrat Dameson resum\u00eda muy bien la situaci\u00f3n refiri\u00e9ndose a este Movimiento en el art\u00edculo <strong>\u201cQui\u00e9nes son los j\u00f3venes ultracat\u00f3licos\u201d<\/strong>: \u201cSi estos j\u00f3venes son catalanohablantes y se tragan hora y media de adoraci\u00f3n en castellano, es posible que tengan la sensaci\u00f3n de que no se les ofrece nada mejor en su lengua\u201d (&#8230;) \u201cSiempre que alguien dice: \u201clas iglesias est\u00e1n vac\u00edas cu\u00e1les\u201d, respongo: \u201cdepende de cuales\u201d. (&#8230;) \u201cLa Iglesia espa\u00f1ola come espacio en la Iglesia catalana porque esta \u00faltima tiene capada toda capacidad de autocr\u00edtica\u201d.<\/p>\n<p>Hoy la actitud de obispos y curas respecto a los movimientos es m\u00e1s favorable. Pero si la iglesia en Catalu\u00f1a quiere que los j\u00f3venes recen y celebren en catal\u00e1n, tendr\u00e1 que completar su <em>aggiornamento<\/em> en estos aspectos y ponerse las pilas.<\/p>\n<h4><strong>Examinadas algunas de las causas, queda s\u00f3lo hacer algunas consideraciones sobre c\u00f3mo afrontar esta cuesti\u00f3n en el futuro.<\/strong><\/h4>\n<p>Ciertamente es un bien de primer orden para nuestra cultura que <strong>\u00abla iglesia que peregrina en Catalu\u00f1a\u00bb<\/strong> <strong>siga celebrando y expres\u00e1ndose en catal\u00e1n<\/strong>. \u00c9sta es tambi\u00e9n una riqueza de toda la iglesia, y en particular de \u201cla que peregrina en el resto de Espa\u00f1a\u201d, la cual deber\u00eda ser sensible a este patrimonio e intentar protegerlo y promoverlo en todos los territorios de habla catalana.<\/p>\n<p><strong>La fe y su expresi\u00f3n es un aspecto muy \u00edntimo de la persona.<\/strong> A m\u00ed personalmente me cuesta m\u00e1s rezar en castellano. Entiendo que a los castellanohablantes les ocurra lo mismo, y que lo que resulta espont\u00e1neo a todo el mundo es orar y celebrar en su lengua materna. Pero tambi\u00e9n es verdad que la sociedad que acoge puede ver como un gesto de agradecimiento, una virtud cristiana, que quien venga a vivir a Catalu\u00f1a haga el esfuerzo de aprender el catal\u00e1n y celebrar su fe tambi\u00e9n en esta lengua.<\/p>\n<p>Creo que estar\u00eda abocado al fracaso el intento, que no se ha producido, de imponer un monoling\u00fcismo eclesial catal\u00e1n. No s\u00f3lo no servir\u00eda para fomentar el uso del catal\u00e1n entre los fieles, sino que f\u00e1cilmente<strong> provocar\u00eda que parte de los fieles latinoamericanos abandonaran la iglesia cat\u00f3lica<\/strong> y pasaran a las iglesias protestantes, mayoritariamente castellanohablantes.<\/p>\n<p>En la Iglesia existe un bien de naturaleza superior que es la comuni\u00f3n de los fieles, que no puede quedar supeditado al bien de la defensa y conservaci\u00f3n de la lengua catalana en la vida de nuestra iglesia. En este sentido, y dadas las circunstancias anteriormente expuestas, <strong>hoy el biling\u00fcismo en Catalu\u00f1a puede ser el medio adecuado<\/strong> para mantener y crecer en la comuni\u00f3n de las comunidades parroquiales, de vida consagrada y de los movimientos.<\/p>\n<p>No veo que en las actuales circunstancias los catalanohablantes podamos aspirar a una situaci\u00f3n mejor que la de un <strong>biling\u00fcismo equilibrado.<\/strong> Es necesario saber diferenciar entre nuestros deseos y la realidad desfavorable para la lengua catalana en la Iglesia que nosotros mismos hemos contribuido a crear. Si la gran mayor\u00eda de catalanohablantes llevan d\u00e9cadas no practicando la fe cristiana, y no se han preocupado de transmitirla a sus hijos, que ni son bautizados, ni hacen la primera comuni\u00f3n, ni se confirman, ni se casan por la iglesia, ni celebran la eucarist\u00eda&#8230;, <strong>\u00bfcon qu\u00e9 raz\u00f3n pueden despu\u00e9s lamentarse que el pueblo de Dios en Catalu\u00f1a se exprese cada vez m\u00e1s en castellano?<\/strong><\/p>\n<span class='bctt-click-to-tweet'><span class='bctt-ctt-text'><a href='https:\/\/twitter.com\/intent\/tweet?url=https%3A%2F%2Fconversesacatalunya.cat%2Fes%2Funa-fe-dos-lenguas%2F&#038;text=Los%20nuevos%20valores%20que%20hoy%20predominan%20en%20la%20sociedad%20catalana%20hacen%20menos%20atractivo%20el%20ser%20catal%C3%A1n%20a%20muchos%20de%20los%20reci%C3%A9n%20llegados&#038;via=conversesacat&#038;related=conversesacat' target='_blank'rel=\"noopener noreferrer\">Los nuevos valores que hoy predominan en la sociedad catalana hacen menos atractivo el ser catal\u00e1n a muchos de los reci\u00e9n llegados <\/a><\/span><a href='https:\/\/twitter.com\/intent\/tweet?url=https%3A%2F%2Fconversesacatalunya.cat%2Fes%2Funa-fe-dos-lenguas%2F&#038;text=Los%20nuevos%20valores%20que%20hoy%20predominan%20en%20la%20sociedad%20catalana%20hacen%20menos%20atractivo%20el%20ser%20catal%C3%A1n%20a%20muchos%20de%20los%20reci%C3%A9n%20llegados&#038;via=conversesacat&#038;related=conversesacat' target='_blank' class='bctt-ctt-btn'rel=\"noopener noreferrer\">Compartir en X<\/a><\/span>\n<p>&nbsp;<\/p>\n","protected":false},"excerpt":{"rendered":"<p>Cada vez m\u00e1s cristianos en Catalu\u00f1a viven su fe en castellano, y los datos indican que la tendencia ir\u00e1 a m\u00e1s en los pr\u00f3ximos tiempos. Partimos de la informaci\u00f3n que proporciona el Bar\u00f3metro sobre la religiosidad y sobre la gesti\u00f3n de su diversidad, realizado en 2023 por el Centro de Estudios de Opini\u00f3n de la Generalitat. Sobre la lengua de celebraci\u00f3n de los actos religiosos, la encuesta muestra que los cat\u00f3licos asisten, preferentemente, a los actos de culto en catal\u00e1n y castellano (41%), seguido de los que se realizan s\u00f3lo en catal\u00e1n (36%), y de los que se realizan s\u00f3lo en castellano (19%). Los evang\u00e9licos o protestantes mayoritariamente celebran en castellano (54%), seguido de quienes lo hacen en las dos lenguas (25%) y de los que se hacen s\u00f3lo en catal\u00e1n (14%). La encuesta incluye tambi\u00e9n la pregunta sobre la lengua de comunicaci\u00f3n entre los asistentes a los actos religiosos. En las iglesias la mayor\u00eda de los cat\u00f3licos se comunican entre ellos en castellano (41%), seguido de quienes lo hacen en catal\u00e1n (28%) y de los que utilizan las dos lenguas (27%). En el caso de los evang\u00e9licos, la diferencia es a\u00fan m\u00e1s marcada: en castellano (59%), en las dos lenguas (28%), y de los que se realizan s\u00f3lo en catal\u00e1n (7%). Solo un apunte sobre la lengua que utilizan los musulmanes en Catalu\u00f1a. Como lengua de celebraci\u00f3n del culto isl\u00e1mico: s\u00f3lo en catal\u00e1n (0%), s\u00f3lo castellano (2%) y castellano y catal\u00e1n (2%). Y como lengua de comunicaci\u00f3n entre los asistentes a los actos religiosos musulmanes: s\u00f3lo en catal\u00e1n (0%), s\u00f3lo castellano (17%) y castellano y catal\u00e1n (2%). El Bar\u00f3metro ofrece tambi\u00e9n datos sobre las creencias religiosas de los catalanes seg\u00fan el lugar de nacimiento. En respuesta a la pregunta \u201c\u00bfSe considera una persona con creencias religiosas?\u201d, las personas nacidas fuera del Estado espa\u00f1ol son las que afirman tener m\u00e1s creencias religiosas (71%), siguen a las personas oriundas de otras comunidades aut\u00f3nomas (59%) y, finalmente, muy por debajo, las nacidas en Catalu\u00f1a (35%). Por sexos, encontramos tambi\u00e9n datos muy interesantes. Las mujeres mayores de 64 a\u00f1os es el grupo que declara que Dios es m\u00e1s importante en sus vidas. En el otro extremo, se sit\u00faan las mujeres menores de 24 a\u00f1os. En el caso de los hombres, los mayores de 64 a\u00f1os, pero tambi\u00e9n los menores de 25 a\u00f1os, son los perfiles en los que Dios es m\u00e1s importante en sus vidas. Los varones de la franja de edad de 16 a 24 a\u00f1os son los que en mayor proporci\u00f3n acuden a los centros de culto (27%) con una frecuencia semanal o superior. Mientras que s\u00f3lo lo hacen un 17% de las mujeres en esta misma franja de edad m\u00e1s joven. Completamos el mapa de situaci\u00f3n con los datos de nacimientos del Instituto de Estad\u00edstica de Catalu\u00f1a del a\u00f1o 2023, que muestra que la fecundidad de las mujeres extranjeras fue mayor que la de las mujeres con nacionalidad espa\u00f1ola residentes en Catalu\u00f1a, siendo el n\u00famero de hijos por mujer de 1,32 y de 1,06, respectivamente. De estos datos se puede concluir lo siguiente: Actualmente la pr\u00e1ctica cat\u00f3lica en Catalu\u00f1a presenta un biling\u00fcismo relativamente equilibrado en lo que se refiere a la lengua de las celebraciones, pero predomina el castellano como lengua de relaci\u00f3n entre los fieles. En el caso de los protestantes, el predominio del castellano es abrumador. Los catalanes nacidos en Catalunya (categor\u00eda que incluye la inmensa mayor\u00eda de catalanohablantes) son menos practicantes de su fe que los nacidos en el resto de Espa\u00f1a y mucho menos que los nacidos en el extranjero. Y tienen una natalidad a la baja, que hoy est\u00e1 en la mitad de la tasa de reposici\u00f3n y sin que por el momento haya razones objetivas para un cambio de tendencia. Todo parece indicar que el actual biling\u00fcismo imperfecto, con las actuales tendencias demogr\u00e1ficas y de natalidad, se seguir\u00e1 desequilibrando a\u00fan m\u00e1s a favor del castellano. Esta situaci\u00f3n, l\u00f3gicamente, tiene muchas causas compartidas con el fen\u00f3meno general del biling\u00fcismo en Catalu\u00f1a y otras m\u00e1s espec\u00edficamente espirituales o religiosas. Tratamos algunas de ellas a continuaci\u00f3n. De entrada, es dif\u00edcil que una lengua minoritaria se conserve si la natalidad de quienes la tienen como propia es de un hijo por mujer, por debajo de la de los castellanohablantes, que es tambi\u00e9n baja. Creo que tampoco ha ayudado el posicionamiento ideol\u00f3gico de los poderes p\u00fablicos catalanes y el vuelco de los valores que ha experimentado en general la sociedad catalana, sobre todo en lo que llevamos del actual siglo, per\u00edodo en el que ha tenido lugar la gran ola inmigratoria de personas procedentes de otras culturas. En la Catalu\u00f1a del tercer cuarto del siglo XX que recibi\u00f3 la gran ola inmigratoria procedente sobre todo del sur de Espa\u00f1a, muchos de los reci\u00e9n llegados quer\u00edan progresar como los catalanes de origen, y pod\u00edan hacerlo en aquella \u00e9poca de gran crecimiento econ\u00f3mico. Esto claramente facilitaba su integraci\u00f3n, tambi\u00e9n en el aprendizaje y uso de la lengua catalana, aunque \u00e9sta no se ense\u00f1aba en las escuelas ni era lengua oficial. En la Catalu\u00f1a en el siglo XXI los reci\u00e9n llegados que quieren aspirar a progresar social y econ\u00f3micamente lo tienen m\u00e1s dif\u00edcil y, a menudo, deben conformarse con trabajos de baja retribuci\u00f3n o depender de los subsidios. Los inmigrantes que han llegado este siglo se han encontrado tambi\u00e9n una Catalu\u00f1a que da la espalda, o directamente reniega de su tradici\u00f3n. Un pa\u00eds con nuevas costumbres sociales, una escuela, una cultura y unos medios de comunicaci\u00f3n que transmiten unos valores, una visi\u00f3n de la familia, de la sexualidad y de la vida opuestas radicalmente a la propia de los reci\u00e9n llegados, sean cristianos o musulmanes. Por eso, creo que se puede decir que los nuevos \u00abvalores\u00bb que hoy predominan en la sociedad catalana hacen menos atractivo el \u00abser catal\u00e1n\u00bb a muchos de los reci\u00e9n llegados. El catal\u00e1n ahora es oficial y se ense\u00f1a en las escuelas. Y quiz\u00e1s una mayor\u00eda de los que han llegado lo saben o sabr\u00e1n hablarlo m\u00e1s&#8230;<\/p>\n","protected":false},"author":6,"featured_media":86170,"comment_status":"open","ping_status":"open","sticky":false,"template":"","format":"standard","meta":{"_FSMCFIC_featured_image_caption":"","_FSMCFIC_featured_image_nocaption":"","_FSMCFIC_featured_image_hide":"","footnotes":""},"categories":[801],"tags":[1030],"class_list":["post-86173","post","type-post","status-publish","format-standard","has-post-thumbnail","hentry","category-veritas-in-caritate-es","tag-catala-es"],"yoast_head":"<!-- This site is optimized with the Yoast SEO plugin v26.8 - https:\/\/yoast.com\/product\/yoast-seo-wordpress\/ -->\n<title>Una fe, dos lenguas - Converses a Catalunya<\/title>\n<meta name=\"description\" content=\"es un bien de primer orden para nuestra cultura que \u201cla iglesia que peregrina a Catalu\u00f1a\u201d siga celebrando y expres\u00e1ndose en catal\u00e1n\" \/>\n<meta name=\"robots\" content=\"index, follow, max-snippet:-1, max-image-preview:large, max-video-preview:-1\" \/>\n<link rel=\"canonical\" href=\"https:\/\/conversesacatalunya.cat\/es\/una-fe-dos-lenguas\/\" \/>\n<meta property=\"og:locale\" content=\"es_ES\" \/>\n<meta property=\"og:type\" content=\"article\" \/>\n<meta property=\"og:title\" content=\"Una fe, dos lenguas - Converses a Catalunya\" \/>\n<meta property=\"og:description\" content=\"es un bien de primer orden para nuestra cultura que \u201cla iglesia que peregrina a Catalu\u00f1a\u201d siga celebrando y expres\u00e1ndose en catal\u00e1n\" \/>\n<meta property=\"og:url\" content=\"https:\/\/conversesacatalunya.cat\/es\/una-fe-dos-lenguas\/\" \/>\n<meta property=\"og:site_name\" content=\"Converses a Catalunya\" \/>\n<meta property=\"article:published_time\" content=\"2025-03-07T06:48:13+00:00\" \/>\n<meta property=\"article:modified_time\" content=\"2025-03-07T06:53:03+00:00\" \/>\n<meta property=\"og:image\" content=\"https:\/\/conversesacatalunya.cat\/wp-content\/uploads\/2025\/03\/DVD.jpeg\" \/>\n\t<meta property=\"og:image:width\" content=\"1500\" \/>\n\t<meta property=\"og:image:height\" content=\"2000\" \/>\n\t<meta property=\"og:image:type\" content=\"image\/jpeg\" \/>\n<meta name=\"author\" content=\"Carles Ros Arpa\" \/>\n<meta name=\"twitter:card\" content=\"summary_large_image\" \/>\n<meta name=\"twitter:label1\" content=\"Escrito por\" \/>\n\t<meta name=\"twitter:data1\" content=\"Carles Ros Arpa\" \/>\n\t<meta name=\"twitter:label2\" content=\"Tiempo de lectura\" \/>\n\t<meta name=\"twitter:data2\" content=\"10 minutos\" \/>\n<script type=\"application\/ld+json\" class=\"yoast-schema-graph\">{\"@context\":\"https:\/\/schema.org\",\"@graph\":[{\"@type\":\"Article\",\"@id\":\"https:\/\/conversesacatalunya.cat\/es\/una-fe-dos-lenguas\/#article\",\"isPartOf\":{\"@id\":\"https:\/\/conversesacatalunya.cat\/es\/una-fe-dos-lenguas\/\"},\"author\":{\"name\":\"Carles Ros Arpa\",\"@id\":\"https:\/\/conversesacatalunya.cat\/#\/schema\/person\/158977e8a6f4c10be20fb1e30375371b\"},\"headline\":\"Una fe, dos lenguas\",\"datePublished\":\"2025-03-07T06:48:13+00:00\",\"dateModified\":\"2025-03-07T06:53:03+00:00\",\"mainEntityOfPage\":{\"@id\":\"https:\/\/conversesacatalunya.cat\/es\/una-fe-dos-lenguas\/\"},\"wordCount\":1947,\"commentCount\":0,\"image\":{\"@id\":\"https:\/\/conversesacatalunya.cat\/es\/una-fe-dos-lenguas\/#primaryimage\"},\"thumbnailUrl\":\"https:\/\/conversesacatalunya.cat\/wp-content\/uploads\/2025\/03\/DVD.jpeg\",\"keywords\":[\"Catal\u00e0\"],\"articleSection\":[\"Veritas in caritate (ES)\"],\"inLanguage\":\"es\",\"potentialAction\":[{\"@type\":\"CommentAction\",\"name\":\"Comment\",\"target\":[\"https:\/\/conversesacatalunya.cat\/es\/una-fe-dos-lenguas\/#respond\"]}]},{\"@type\":\"WebPage\",\"@id\":\"https:\/\/conversesacatalunya.cat\/es\/una-fe-dos-lenguas\/\",\"url\":\"https:\/\/conversesacatalunya.cat\/es\/una-fe-dos-lenguas\/\",\"name\":\"Una fe, dos lenguas - Converses a Catalunya\",\"isPartOf\":{\"@id\":\"https:\/\/conversesacatalunya.cat\/#website\"},\"primaryImageOfPage\":{\"@id\":\"https:\/\/conversesacatalunya.cat\/es\/una-fe-dos-lenguas\/#primaryimage\"},\"image\":{\"@id\":\"https:\/\/conversesacatalunya.cat\/es\/una-fe-dos-lenguas\/#primaryimage\"},\"thumbnailUrl\":\"https:\/\/conversesacatalunya.cat\/wp-content\/uploads\/2025\/03\/DVD.jpeg\",\"datePublished\":\"2025-03-07T06:48:13+00:00\",\"dateModified\":\"2025-03-07T06:53:03+00:00\",\"author\":{\"@id\":\"https:\/\/conversesacatalunya.cat\/#\/schema\/person\/158977e8a6f4c10be20fb1e30375371b\"},\"description\":\"es un bien de primer orden para nuestra cultura que \u201cla iglesia que peregrina a Catalu\u00f1a\u201d siga celebrando y expres\u00e1ndose en catal\u00e1n\",\"breadcrumb\":{\"@id\":\"https:\/\/conversesacatalunya.cat\/es\/una-fe-dos-lenguas\/#breadcrumb\"},\"inLanguage\":\"es\",\"potentialAction\":[{\"@type\":\"ReadAction\",\"target\":[\"https:\/\/conversesacatalunya.cat\/es\/una-fe-dos-lenguas\/\"]}]},{\"@type\":\"ImageObject\",\"inLanguage\":\"es\",\"@id\":\"https:\/\/conversesacatalunya.cat\/es\/una-fe-dos-lenguas\/#primaryimage\",\"url\":\"https:\/\/conversesacatalunya.cat\/wp-content\/uploads\/2025\/03\/DVD.jpeg\",\"contentUrl\":\"https:\/\/conversesacatalunya.cat\/wp-content\/uploads\/2025\/03\/DVD.jpeg\",\"width\":1500,\"height\":2000,\"caption\":\"Iglesia catal\u00e1n\"},{\"@type\":\"BreadcrumbList\",\"@id\":\"https:\/\/conversesacatalunya.cat\/es\/una-fe-dos-lenguas\/#breadcrumb\",\"itemListElement\":[{\"@type\":\"ListItem\",\"position\":1,\"name\":\"Inici\",\"item\":\"https:\/\/conversesacatalunya.cat\/es\/\"},{\"@type\":\"ListItem\",\"position\":2,\"name\":\"Una fe, dos lenguas\"}]},{\"@type\":\"WebSite\",\"@id\":\"https:\/\/conversesacatalunya.cat\/#website\",\"url\":\"https:\/\/conversesacatalunya.cat\/\",\"name\":\"Converses a Catalunya\",\"description\":\"\",\"potentialAction\":[{\"@type\":\"SearchAction\",\"target\":{\"@type\":\"EntryPoint\",\"urlTemplate\":\"https:\/\/conversesacatalunya.cat\/?s={search_term_string}\"},\"query-input\":{\"@type\":\"PropertyValueSpecification\",\"valueRequired\":true,\"valueName\":\"search_term_string\"}}],\"inLanguage\":\"es\"},{\"@type\":\"Person\",\"@id\":\"https:\/\/conversesacatalunya.cat\/#\/schema\/person\/158977e8a6f4c10be20fb1e30375371b\",\"name\":\"Carles Ros Arpa\",\"image\":{\"@type\":\"ImageObject\",\"inLanguage\":\"es\",\"@id\":\"https:\/\/conversesacatalunya.cat\/#\/schema\/person\/image\/\",\"url\":\"https:\/\/conversesacatalunya.cat\/wp-content\/litespeed\/avatar\/ba530fe068c88283940054d0b5ea1f09.jpg?ver=1777376928\",\"contentUrl\":\"https:\/\/conversesacatalunya.cat\/wp-content\/litespeed\/avatar\/ba530fe068c88283940054d0b5ea1f09.jpg?ver=1777376928\",\"caption\":\"Carles Ros Arpa\"},\"url\":\"https:\/\/conversesacatalunya.cat\/es\/author\/carles-ros-arpa\/\"}]}<\/script>\n<!-- \/ Yoast SEO plugin. -->","yoast_head_json":{"title":"Una fe, dos lenguas - Converses a Catalunya","description":"es un bien de primer orden para nuestra cultura que \u201cla iglesia que peregrina a Catalu\u00f1a\u201d siga celebrando y expres\u00e1ndose en catal\u00e1n","robots":{"index":"index","follow":"follow","max-snippet":"max-snippet:-1","max-image-preview":"max-image-preview:large","max-video-preview":"max-video-preview:-1"},"canonical":"https:\/\/conversesacatalunya.cat\/es\/una-fe-dos-lenguas\/","og_locale":"es_ES","og_type":"article","og_title":"Una fe, dos lenguas - Converses a Catalunya","og_description":"es un bien de primer orden para nuestra cultura que \u201cla iglesia que peregrina a Catalu\u00f1a\u201d siga celebrando y expres\u00e1ndose en catal\u00e1n","og_url":"https:\/\/conversesacatalunya.cat\/es\/una-fe-dos-lenguas\/","og_site_name":"Converses a Catalunya","article_published_time":"2025-03-07T06:48:13+00:00","article_modified_time":"2025-03-07T06:53:03+00:00","og_image":[{"width":1500,"height":2000,"url":"https:\/\/conversesacatalunya.cat\/wp-content\/uploads\/2025\/03\/DVD.jpeg","type":"image\/jpeg"}],"author":"Carles Ros Arpa","twitter_card":"summary_large_image","twitter_misc":{"Escrito por":"Carles Ros Arpa","Tiempo de lectura":"10 minutos"},"schema":{"@context":"https:\/\/schema.org","@graph":[{"@type":"Article","@id":"https:\/\/conversesacatalunya.cat\/es\/una-fe-dos-lenguas\/#article","isPartOf":{"@id":"https:\/\/conversesacatalunya.cat\/es\/una-fe-dos-lenguas\/"},"author":{"name":"Carles Ros Arpa","@id":"https:\/\/conversesacatalunya.cat\/#\/schema\/person\/158977e8a6f4c10be20fb1e30375371b"},"headline":"Una fe, dos lenguas","datePublished":"2025-03-07T06:48:13+00:00","dateModified":"2025-03-07T06:53:03+00:00","mainEntityOfPage":{"@id":"https:\/\/conversesacatalunya.cat\/es\/una-fe-dos-lenguas\/"},"wordCount":1947,"commentCount":0,"image":{"@id":"https:\/\/conversesacatalunya.cat\/es\/una-fe-dos-lenguas\/#primaryimage"},"thumbnailUrl":"https:\/\/conversesacatalunya.cat\/wp-content\/uploads\/2025\/03\/DVD.jpeg","keywords":["Catal\u00e0"],"articleSection":["Veritas in caritate (ES)"],"inLanguage":"es","potentialAction":[{"@type":"CommentAction","name":"Comment","target":["https:\/\/conversesacatalunya.cat\/es\/una-fe-dos-lenguas\/#respond"]}]},{"@type":"WebPage","@id":"https:\/\/conversesacatalunya.cat\/es\/una-fe-dos-lenguas\/","url":"https:\/\/conversesacatalunya.cat\/es\/una-fe-dos-lenguas\/","name":"Una fe, dos lenguas - Converses a Catalunya","isPartOf":{"@id":"https:\/\/conversesacatalunya.cat\/#website"},"primaryImageOfPage":{"@id":"https:\/\/conversesacatalunya.cat\/es\/una-fe-dos-lenguas\/#primaryimage"},"image":{"@id":"https:\/\/conversesacatalunya.cat\/es\/una-fe-dos-lenguas\/#primaryimage"},"thumbnailUrl":"https:\/\/conversesacatalunya.cat\/wp-content\/uploads\/2025\/03\/DVD.jpeg","datePublished":"2025-03-07T06:48:13+00:00","dateModified":"2025-03-07T06:53:03+00:00","author":{"@id":"https:\/\/conversesacatalunya.cat\/#\/schema\/person\/158977e8a6f4c10be20fb1e30375371b"},"description":"es un bien de primer orden para nuestra cultura que \u201cla iglesia que peregrina a Catalu\u00f1a\u201d siga celebrando y expres\u00e1ndose en catal\u00e1n","breadcrumb":{"@id":"https:\/\/conversesacatalunya.cat\/es\/una-fe-dos-lenguas\/#breadcrumb"},"inLanguage":"es","potentialAction":[{"@type":"ReadAction","target":["https:\/\/conversesacatalunya.cat\/es\/una-fe-dos-lenguas\/"]}]},{"@type":"ImageObject","inLanguage":"es","@id":"https:\/\/conversesacatalunya.cat\/es\/una-fe-dos-lenguas\/#primaryimage","url":"https:\/\/conversesacatalunya.cat\/wp-content\/uploads\/2025\/03\/DVD.jpeg","contentUrl":"https:\/\/conversesacatalunya.cat\/wp-content\/uploads\/2025\/03\/DVD.jpeg","width":1500,"height":2000,"caption":"Iglesia catal\u00e1n"},{"@type":"BreadcrumbList","@id":"https:\/\/conversesacatalunya.cat\/es\/una-fe-dos-lenguas\/#breadcrumb","itemListElement":[{"@type":"ListItem","position":1,"name":"Inici","item":"https:\/\/conversesacatalunya.cat\/es\/"},{"@type":"ListItem","position":2,"name":"Una fe, dos lenguas"}]},{"@type":"WebSite","@id":"https:\/\/conversesacatalunya.cat\/#website","url":"https:\/\/conversesacatalunya.cat\/","name":"Converses a Catalunya","description":"","potentialAction":[{"@type":"SearchAction","target":{"@type":"EntryPoint","urlTemplate":"https:\/\/conversesacatalunya.cat\/?s={search_term_string}"},"query-input":{"@type":"PropertyValueSpecification","valueRequired":true,"valueName":"search_term_string"}}],"inLanguage":"es"},{"@type":"Person","@id":"https:\/\/conversesacatalunya.cat\/#\/schema\/person\/158977e8a6f4c10be20fb1e30375371b","name":"Carles Ros Arpa","image":{"@type":"ImageObject","inLanguage":"es","@id":"https:\/\/conversesacatalunya.cat\/#\/schema\/person\/image\/","url":"https:\/\/conversesacatalunya.cat\/wp-content\/litespeed\/avatar\/ba530fe068c88283940054d0b5ea1f09.jpg?ver=1777376928","contentUrl":"https:\/\/conversesacatalunya.cat\/wp-content\/litespeed\/avatar\/ba530fe068c88283940054d0b5ea1f09.jpg?ver=1777376928","caption":"Carles Ros Arpa"},"url":"https:\/\/conversesacatalunya.cat\/es\/author\/carles-ros-arpa\/"}]}},"wps_subtitle":"Cada vez m\u00e1s cristianos en Catalu\u00f1a viven su fe en castellano, y los datos indican que la tendencia ir\u00e1 a m\u00e1s en los pr\u00f3ximos tiempos.","_links":{"self":[{"href":"https:\/\/conversesacatalunya.cat\/es\/wp-json\/wp\/v2\/posts\/86173","targetHints":{"allow":["GET"]}}],"collection":[{"href":"https:\/\/conversesacatalunya.cat\/es\/wp-json\/wp\/v2\/posts"}],"about":[{"href":"https:\/\/conversesacatalunya.cat\/es\/wp-json\/wp\/v2\/types\/post"}],"author":[{"embeddable":true,"href":"https:\/\/conversesacatalunya.cat\/es\/wp-json\/wp\/v2\/users\/6"}],"replies":[{"embeddable":true,"href":"https:\/\/conversesacatalunya.cat\/es\/wp-json\/wp\/v2\/comments?post=86173"}],"version-history":[{"count":7,"href":"https:\/\/conversesacatalunya.cat\/es\/wp-json\/wp\/v2\/posts\/86173\/revisions"}],"predecessor-version":[{"id":86181,"href":"https:\/\/conversesacatalunya.cat\/es\/wp-json\/wp\/v2\/posts\/86173\/revisions\/86181"}],"wp:featuredmedia":[{"embeddable":true,"href":"https:\/\/conversesacatalunya.cat\/es\/wp-json\/wp\/v2\/media\/86170"}],"wp:attachment":[{"href":"https:\/\/conversesacatalunya.cat\/es\/wp-json\/wp\/v2\/media?parent=86173"}],"wp:term":[{"taxonomy":"category","embeddable":true,"href":"https:\/\/conversesacatalunya.cat\/es\/wp-json\/wp\/v2\/categories?post=86173"},{"taxonomy":"post_tag","embeddable":true,"href":"https:\/\/conversesacatalunya.cat\/es\/wp-json\/wp\/v2\/tags?post=86173"}],"curies":[{"name":"wp","href":"https:\/\/api.w.org\/{rel}","templated":true}]}}