{"id":85946,"date":"2025-02-27T11:24:10","date_gmt":"2025-02-27T10:24:10","guid":{"rendered":"https:\/\/conversesacatalunya.cat\/?p=85946"},"modified":"2025-02-27T11:24:10","modified_gmt":"2025-02-27T10:24:10","slug":"aranceles-tension-comercial-entre-estados-unidos-y-europa","status":"publish","type":"post","link":"https:\/\/conversesacatalunya.cat\/es\/aranceles-tension-comercial-entre-estados-unidos-y-europa\/","title":{"rendered":"La amenaza de los aranceles: Tensi\u00f3n comercial entre Estados Unidos y Europa"},"content":{"rendered":"<p class=\"my-0\">Los recientes anuncios del presidente estadounidense Donald Trump sobre la imposici\u00f3n de aranceles del 25% a los productos de la Uni\u00f3n Europea han generado preocupaci\u00f3n en el \u00e1mbito econ\u00f3mico internacional<span class=\"whitespace-nowrap\"><span class=\"relative align-middle undefined -top-px default font-sans text-base text-textMain dark:text-textMainDark selection:bg-super\/50 selection:text-textMain dark:selection:bg-superDuper\/10 dark:selection:text-superDark\"><span class=\"hover:bg-super dark:hover:bg-superDark dark:hover:text-backgroundDark min-w-[1rem] rounded-[0.3125rem] px-[0.3rem] text-center align-middle font-mono text-[0.6rem] tabular-nums hover:text-white py-[0.1875rem] border-borderMain\/50 ring-borderMain\/50 divide-borderMain\/50 dark:divide-borderMainDark\/50  dark:ring-borderMainDark\/50 dark:border-borderMainDark\/50 bg-offsetPlus dark:bg-offsetPlusDark\"><\/span><\/span>.<\/span><span>\u00a0<\/span>Estos aranceles, que se aplicar\u00edan de manera general pero afectar\u00edan especialmente al sector automovil\u00edstico, podr\u00edan tener <strong>consecuencias significativas para la econom\u00eda europea<\/strong>.<\/p>\n<h3>Impacto en sectores clave<\/h3>\n<h4>Sector automovil\u00edstico<\/h4>\n<p class=\"my-0\">El sector m\u00e1s vulnerable a estos aranceles ser\u00eda el de la automoci\u00f3n. En 2023, las empresas europeas exportaron a Estados Unidos veh\u00edculos y componentes por valor de 56.000 millones de d\u00f3lares, lo que representa el 20% del total de las exportaciones de autom\u00f3viles de la UE<span class=\"whitespace-nowrap\">.<\/span><span>\u00a0<\/span>La imposici\u00f3n de aranceles del 25% podr\u00eda <strong>reducir dr\u00e1sticamente la competitividad de los fabricantes europeos en el mercado estadounidense<\/strong>.<\/p>\n<h4>Sector agr\u00edcola<\/h4>\n<p class=\"my-0\">Otro sector que se ver\u00eda gravemente afectado es el agr\u00edcola. Estados Unidos es un destino importante para productos europeos como el <strong>vino, el queso y el aceite de oliva<\/strong><span class=\"whitespace-nowrap\">.<\/span><span>\u00a0<\/span>Los nuevos aranceles encarecer\u00edan estos productos para los consumidores estadounidenses, lo que podr\u00eda resultar en una disminuci\u00f3n de las exportaciones europeas.<\/p>\n<h3>Consecuencias econ\u00f3micas<\/h3>\n<p class=\"my-0\">La implementaci\u00f3n de estos aranceles podr\u00eda tener un impacto significativo en la econom\u00eda de la UE:<\/p>\n<ol class=\"marker:text-textOff list-decimal\">\n<li>\n<p class=\"my-0\"><strong>Reducci\u00f3n del PIB<\/strong>: Seg\u00fan estimaciones de Goldman Sachs, la medida podr\u00eda reducir el PIB de la UE en un 1%.<span class=\"whitespace-nowrap\"><\/span><\/p>\n<\/li>\n<li>\n<p class=\"my-0\"><strong>Afectaci\u00f3n desigual<\/strong>: Alemania ser\u00eda el pa\u00eds m\u00e1s afectado, con una posible contracci\u00f3n del 1,1% de su PIB, mientras que Espa\u00f1a podr\u00eda experimentar una p\u00e9rdida del 0,6%<span class=\"whitespace-nowrap\">.<\/span><\/p>\n<\/li>\n<li>\n<p class=\"my-0\"><strong>Balanza comercial<\/strong>: Los aranceles afectar\u00edan a un saldo comercial favorable para la UE, ya que en 2024 Estados Unidos adquiri\u00f3 productos europeos por casi 700.000 millones de d\u00f3lares, 233.000 millones m\u00e1s que el valor de sus exportaciones a la UE<span class=\"whitespace-nowrap\">.<\/span><\/p>\n<\/li>\n<\/ol>\n<h3>Respuestas de la Uni\u00f3n Europea<\/h3>\n<p class=\"my-0\">Ante esta amenaza, la Uni\u00f3n Europea ha declarado que<strong> tomar\u00e1 medidas de represalia<\/strong> si se aplican las nuevas tarifas<span class=\"whitespace-nowrap\">.<\/span><span>\u00a0<\/span>Bruselas no descarta responder con aranceles equivalentes a productos estadounidenses, lo que podr\u00eda desencadenar una <strong>guerra comercial<\/strong> similar a la vivida entre 2018 y 2019<span class=\"whitespace-nowrap\">.<\/span><\/p>\n<p class=\"my-0\">En definitiva, la imposici\u00f3n de estos aranceles por parte de Trump podr\u00eda tener <strong>consecuencias graves para la econom\u00eda europea<\/strong>, afectando especialmente a sectores clave como el automovil\u00edstico y el agr\u00edcola. La situaci\u00f3n actual genera incertidumbre en el panorama econ\u00f3mico internacional y podr\u00eda llevar a una escalada de tensiones comerciales entre Estados Unidos y la Uni\u00f3n Europea.<\/p>\n<div id=\"polls-275\" class=\"wp-polls\">\n\t<form id=\"polls_form_275\" class=\"wp-polls-form\" action=\"\/index.php\" method=\"post\">\n\t\t<p style=\"display: none;\"><input type=\"hidden\" id=\"poll_275_nonce\" name=\"wp-polls-nonce\" value=\"84aad3cbbd\" \/><\/p>\n\t\t<p style=\"display: none;\"><input type=\"hidden\" name=\"poll_id\" value=\"275\" \/><\/p>\n\t\t<p style=\"text-align: center\"><strong>Creus que la nova situaci\u00f3 provocada per Trump facilitar\u00e0 que S\u00e1nchez pugui presentar-se com la gran alternativa a Espanya?<\/strong><\/p><div id=\"polls-275-ans\" class=\"wp-polls-ans\"><ul class=\"wp-polls-ul\">\n\t\t<li><input type=\"radio\" id=\"poll-answer-776\" name=\"poll_275\" value=\"776\" \/> <label for=\"poll-answer-776\">S\u00ed<\/label><\/li>\n\t\t<li><input type=\"radio\" id=\"poll-answer-777\" name=\"poll_275\" value=\"777\" \/> <label for=\"poll-answer-777\">No<\/label><\/li>\n\t\t<li><input type=\"radio\" id=\"poll-answer-778\" name=\"poll_275\" value=\"778\" \/> <label for=\"poll-answer-778\">No ho s\u00e9<\/label><\/li>\n\t\t<\/ul><p style=\"text-align: center\"><input type=\"button\" name=\"vote\" value=\"   Vota   \" class=\"Buttons\" onclick=\"poll_vote(275);\" \/><\/p><p style=\"text-align: center\"><a href=\"#ViewPollResults\" onclick=\"poll_result(275); return false;\" title=\"View Results Of This Poll\">Mira els resultats<\/a><\/p><\/div>\n\t<\/form>\n<\/div>\n<div id=\"polls-275-loading\" class=\"wp-polls-loading\"><img decoding=\"async\" data-src=\"https:\/\/conversesacatalunya.cat\/wp-content\/plugins\/wp-polls\/images\/loading.gif\" width=\"16\" height=\"16\" alt=\"Cargando ...\" title=\"Cargando ...\" class=\"wp-polls-image lazyload\" src=\"data:image\/svg+xml;base64,PHN2ZyB3aWR0aD0iMSIgaGVpZ2h0PSIxIiB4bWxucz0iaHR0cDovL3d3dy53My5vcmcvMjAwMC9zdmciPjwvc3ZnPg==\" style=\"--smush-placeholder-width: 16px; --smush-placeholder-aspect-ratio: 16\/16;\" \/>&nbsp;Cargando ...<\/div>\n\n","protected":false},"excerpt":{"rendered":"<p>Los recientes anuncios del presidente estadounidense Donald Trump sobre la imposici\u00f3n de aranceles del 25% a los productos de la Uni\u00f3n Europea han generado preocupaci\u00f3n en el \u00e1mbito econ\u00f3mico internacional.\u00a0Estos aranceles, que se aplicar\u00edan de manera general pero afectar\u00edan especialmente al sector automovil\u00edstico, podr\u00edan tener consecuencias significativas para la econom\u00eda europea. Impacto en sectores clave Sector automovil\u00edstico El sector m\u00e1s vulnerable a estos aranceles ser\u00eda el de la automoci\u00f3n. En 2023, las empresas europeas exportaron a Estados Unidos veh\u00edculos y componentes por valor de 56.000 millones de d\u00f3lares, lo que representa el 20% del total de las exportaciones de autom\u00f3viles de la UE.\u00a0La imposici\u00f3n de aranceles del 25% podr\u00eda reducir dr\u00e1sticamente la competitividad de los fabricantes europeos en el mercado estadounidense. Sector agr\u00edcola Otro sector que se ver\u00eda gravemente afectado es el agr\u00edcola. Estados Unidos es un destino importante para productos europeos como el vino, el queso y el aceite de oliva.\u00a0Los nuevos aranceles encarecer\u00edan estos productos para los consumidores estadounidenses, lo que podr\u00eda resultar en una disminuci\u00f3n de las exportaciones europeas. Consecuencias econ\u00f3micas La implementaci\u00f3n de estos aranceles podr\u00eda tener un impacto significativo en la econom\u00eda de la UE: Reducci\u00f3n del PIB: Seg\u00fan estimaciones de Goldman Sachs, la medida podr\u00eda reducir el PIB de la UE en un 1%. Afectaci\u00f3n desigual: Alemania ser\u00eda el pa\u00eds m\u00e1s afectado, con una posible contracci\u00f3n del 1,1% de su PIB, mientras que Espa\u00f1a podr\u00eda experimentar una p\u00e9rdida del 0,6%. Balanza comercial: Los aranceles afectar\u00edan a un saldo comercial favorable para la UE, ya que en 2024 Estados Unidos adquiri\u00f3 productos europeos por casi 700.000 millones de d\u00f3lares, 233.000 millones m\u00e1s que el valor de sus exportaciones a la UE. Respuestas de la Uni\u00f3n Europea Ante esta amenaza, la Uni\u00f3n Europea ha declarado que tomar\u00e1 medidas de represalia si se aplican las nuevas tarifas.\u00a0Bruselas no descarta responder con aranceles equivalentes a productos estadounidenses, lo que podr\u00eda desencadenar una guerra comercial similar a la vivida entre 2018 y 2019. En definitiva, la imposici\u00f3n de estos aranceles por parte de Trump podr\u00eda tener consecuencias graves para la econom\u00eda europea, afectando especialmente a sectores clave como el automovil\u00edstico y el agr\u00edcola. La situaci\u00f3n actual genera incertidumbre en el panorama econ\u00f3mico internacional y podr\u00eda llevar a una escalada de tensiones comerciales entre Estados Unidos y la Uni\u00f3n Europea.<\/p>\n","protected":false},"author":81,"featured_media":85947,"comment_status":"open","ping_status":"open","sticky":false,"template":"","format":"standard","meta":{"_FSMCFIC_featured_image_caption":"","_FSMCFIC_featured_image_nocaption":"","_FSMCFIC_featured_image_hide":"","footnotes":""},"categories":[806],"tags":[963,1387],"class_list":["post-85946","post","type-post","status-publish","format-standard","has-post-thumbnail","hentry","category-punts-claus-del-dia-es","tag-donald-trump-es","tag-economia-mundial-es"],"yoast_head":"<!-- This site is optimized with the Yoast SEO plugin v26.8 - https:\/\/yoast.com\/product\/yoast-seo-wordpress\/ -->\n<title>La amenaza de los aranceles: Tensi\u00f3n comercial entre Estados Unidos y Europa - Converses a Catalunya<\/title>\n<meta name=\"description\" content=\"C\u00f3mo las medidas proteccionistas de Trump podr\u00edan afectar a la econom\u00eda europea\" \/>\n<meta name=\"robots\" content=\"index, follow, max-snippet:-1, max-image-preview:large, max-video-preview:-1\" \/>\n<link rel=\"canonical\" href=\"https:\/\/conversesacatalunya.cat\/es\/aranceles-tension-comercial-entre-estados-unidos-y-europa\/\" \/>\n<meta property=\"og:locale\" content=\"es_ES\" \/>\n<meta property=\"og:type\" content=\"article\" \/>\n<meta property=\"og:title\" content=\"La amenaza de los aranceles: Tensi\u00f3n comercial entre Estados Unidos y Europa - Converses a Catalunya\" \/>\n<meta property=\"og:description\" content=\"C\u00f3mo las medidas proteccionistas de Trump podr\u00edan afectar a la econom\u00eda europea\" \/>\n<meta property=\"og:url\" content=\"https:\/\/conversesacatalunya.cat\/es\/aranceles-tension-comercial-entre-estados-unidos-y-europa\/\" \/>\n<meta property=\"og:site_name\" content=\"Converses a Catalunya\" \/>\n<meta property=\"article:published_time\" content=\"2025-02-27T10:24:10+00:00\" \/>\n<meta property=\"og:image\" content=\"https:\/\/conversesacatalunya.cat\/wp-content\/uploads\/2025\/02\/aranceles.jpg\" \/>\n\t<meta property=\"og:image:width\" content=\"452\" \/>\n\t<meta property=\"og:image:height\" content=\"327\" \/>\n\t<meta property=\"og:image:type\" content=\"image\/jpeg\" \/>\n<meta name=\"author\" content=\"Emili Clos\" \/>\n<meta name=\"twitter:card\" content=\"summary_large_image\" \/>\n<meta name=\"twitter:label1\" content=\"Escrito por\" \/>\n\t<meta name=\"twitter:data1\" content=\"Emili Clos\" \/>\n\t<meta name=\"twitter:label2\" content=\"Tiempo de lectura\" \/>\n\t<meta name=\"twitter:data2\" content=\"2 minutos\" \/>\n<script type=\"application\/ld+json\" class=\"yoast-schema-graph\">{\"@context\":\"https:\/\/schema.org\",\"@graph\":[{\"@type\":\"Article\",\"@id\":\"https:\/\/conversesacatalunya.cat\/es\/aranceles-tension-comercial-entre-estados-unidos-y-europa\/#article\",\"isPartOf\":{\"@id\":\"https:\/\/conversesacatalunya.cat\/es\/aranceles-tension-comercial-entre-estados-unidos-y-europa\/\"},\"author\":{\"name\":\"Emili Clos\",\"@id\":\"https:\/\/conversesacatalunya.cat\/#\/schema\/person\/46306de4129bccb959ed5e1720c4e3e7\"},\"headline\":\"La amenaza de los aranceles: Tensi\u00f3n comercial entre Estados Unidos y Europa\",\"datePublished\":\"2025-02-27T10:24:10+00:00\",\"mainEntityOfPage\":{\"@id\":\"https:\/\/conversesacatalunya.cat\/es\/aranceles-tension-comercial-entre-estados-unidos-y-europa\/\"},\"wordCount\":441,\"commentCount\":0,\"image\":{\"@id\":\"https:\/\/conversesacatalunya.cat\/es\/aranceles-tension-comercial-entre-estados-unidos-y-europa\/#primaryimage\"},\"thumbnailUrl\":\"https:\/\/conversesacatalunya.cat\/wp-content\/uploads\/2025\/02\/aranceles.jpg\",\"keywords\":[\"Donald Trump\",\"economia mundial\"],\"articleSection\":[\"Punts clau del dia (ES)\"],\"inLanguage\":\"es\",\"potentialAction\":[{\"@type\":\"CommentAction\",\"name\":\"Comment\",\"target\":[\"https:\/\/conversesacatalunya.cat\/es\/aranceles-tension-comercial-entre-estados-unidos-y-europa\/#respond\"]}]},{\"@type\":\"WebPage\",\"@id\":\"https:\/\/conversesacatalunya.cat\/es\/aranceles-tension-comercial-entre-estados-unidos-y-europa\/\",\"url\":\"https:\/\/conversesacatalunya.cat\/es\/aranceles-tension-comercial-entre-estados-unidos-y-europa\/\",\"name\":\"La amenaza de los aranceles: Tensi\u00f3n comercial entre Estados Unidos y Europa - Converses a Catalunya\",\"isPartOf\":{\"@id\":\"https:\/\/conversesacatalunya.cat\/#website\"},\"primaryImageOfPage\":{\"@id\":\"https:\/\/conversesacatalunya.cat\/es\/aranceles-tension-comercial-entre-estados-unidos-y-europa\/#primaryimage\"},\"image\":{\"@id\":\"https:\/\/conversesacatalunya.cat\/es\/aranceles-tension-comercial-entre-estados-unidos-y-europa\/#primaryimage\"},\"thumbnailUrl\":\"https:\/\/conversesacatalunya.cat\/wp-content\/uploads\/2025\/02\/aranceles.jpg\",\"datePublished\":\"2025-02-27T10:24:10+00:00\",\"author\":{\"@id\":\"https:\/\/conversesacatalunya.cat\/#\/schema\/person\/46306de4129bccb959ed5e1720c4e3e7\"},\"description\":\"C\u00f3mo las medidas proteccionistas de Trump podr\u00edan afectar a la econom\u00eda europea\",\"breadcrumb\":{\"@id\":\"https:\/\/conversesacatalunya.cat\/es\/aranceles-tension-comercial-entre-estados-unidos-y-europa\/#breadcrumb\"},\"inLanguage\":\"es\",\"potentialAction\":[{\"@type\":\"ReadAction\",\"target\":[\"https:\/\/conversesacatalunya.cat\/es\/aranceles-tension-comercial-entre-estados-unidos-y-europa\/\"]}]},{\"@type\":\"ImageObject\",\"inLanguage\":\"es\",\"@id\":\"https:\/\/conversesacatalunya.cat\/es\/aranceles-tension-comercial-entre-estados-unidos-y-europa\/#primaryimage\",\"url\":\"https:\/\/conversesacatalunya.cat\/wp-content\/uploads\/2025\/02\/aranceles.jpg\",\"contentUrl\":\"https:\/\/conversesacatalunya.cat\/wp-content\/uploads\/2025\/02\/aranceles.jpg\",\"width\":452,\"height\":327,\"caption\":\"aranceles Trump\"},{\"@type\":\"BreadcrumbList\",\"@id\":\"https:\/\/conversesacatalunya.cat\/es\/aranceles-tension-comercial-entre-estados-unidos-y-europa\/#breadcrumb\",\"itemListElement\":[{\"@type\":\"ListItem\",\"position\":1,\"name\":\"Inici\",\"item\":\"https:\/\/conversesacatalunya.cat\/es\/\"},{\"@type\":\"ListItem\",\"position\":2,\"name\":\"La amenaza de los aranceles: Tensi\u00f3n comercial entre Estados Unidos y Europa\"}]},{\"@type\":\"WebSite\",\"@id\":\"https:\/\/conversesacatalunya.cat\/#website\",\"url\":\"https:\/\/conversesacatalunya.cat\/\",\"name\":\"Converses a Catalunya\",\"description\":\"\",\"potentialAction\":[{\"@type\":\"SearchAction\",\"target\":{\"@type\":\"EntryPoint\",\"urlTemplate\":\"https:\/\/conversesacatalunya.cat\/?s={search_term_string}\"},\"query-input\":{\"@type\":\"PropertyValueSpecification\",\"valueRequired\":true,\"valueName\":\"search_term_string\"}}],\"inLanguage\":\"es\"},{\"@type\":\"Person\",\"@id\":\"https:\/\/conversesacatalunya.cat\/#\/schema\/person\/46306de4129bccb959ed5e1720c4e3e7\",\"name\":\"Emili Clos\",\"image\":{\"@type\":\"ImageObject\",\"inLanguage\":\"es\",\"@id\":\"https:\/\/conversesacatalunya.cat\/#\/schema\/person\/image\/\",\"url\":\"https:\/\/conversesacatalunya.cat\/wp-content\/litespeed\/avatar\/a9a662bd802eed79498de818aef91cc9.jpg?ver=1777096184\",\"contentUrl\":\"https:\/\/conversesacatalunya.cat\/wp-content\/litespeed\/avatar\/a9a662bd802eed79498de818aef91cc9.jpg?ver=1777096184\",\"caption\":\"Emili Clos\"},\"url\":\"https:\/\/conversesacatalunya.cat\/es\/author\/emili_clos\/\"}]}<\/script>\n<!-- \/ Yoast SEO plugin. -->","yoast_head_json":{"title":"La amenaza de los aranceles: Tensi\u00f3n comercial entre Estados Unidos y Europa - Converses a Catalunya","description":"C\u00f3mo las medidas proteccionistas de Trump podr\u00edan afectar a la econom\u00eda europea","robots":{"index":"index","follow":"follow","max-snippet":"max-snippet:-1","max-image-preview":"max-image-preview:large","max-video-preview":"max-video-preview:-1"},"canonical":"https:\/\/conversesacatalunya.cat\/es\/aranceles-tension-comercial-entre-estados-unidos-y-europa\/","og_locale":"es_ES","og_type":"article","og_title":"La amenaza de los aranceles: Tensi\u00f3n comercial entre Estados Unidos y Europa - Converses a Catalunya","og_description":"C\u00f3mo las medidas proteccionistas de Trump podr\u00edan afectar a la econom\u00eda europea","og_url":"https:\/\/conversesacatalunya.cat\/es\/aranceles-tension-comercial-entre-estados-unidos-y-europa\/","og_site_name":"Converses a Catalunya","article_published_time":"2025-02-27T10:24:10+00:00","og_image":[{"width":452,"height":327,"url":"https:\/\/conversesacatalunya.cat\/wp-content\/uploads\/2025\/02\/aranceles.jpg","type":"image\/jpeg"}],"author":"Emili Clos","twitter_card":"summary_large_image","twitter_misc":{"Escrito por":"Emili Clos","Tiempo de lectura":"2 minutos"},"schema":{"@context":"https:\/\/schema.org","@graph":[{"@type":"Article","@id":"https:\/\/conversesacatalunya.cat\/es\/aranceles-tension-comercial-entre-estados-unidos-y-europa\/#article","isPartOf":{"@id":"https:\/\/conversesacatalunya.cat\/es\/aranceles-tension-comercial-entre-estados-unidos-y-europa\/"},"author":{"name":"Emili Clos","@id":"https:\/\/conversesacatalunya.cat\/#\/schema\/person\/46306de4129bccb959ed5e1720c4e3e7"},"headline":"La amenaza de los aranceles: Tensi\u00f3n comercial entre Estados Unidos y Europa","datePublished":"2025-02-27T10:24:10+00:00","mainEntityOfPage":{"@id":"https:\/\/conversesacatalunya.cat\/es\/aranceles-tension-comercial-entre-estados-unidos-y-europa\/"},"wordCount":441,"commentCount":0,"image":{"@id":"https:\/\/conversesacatalunya.cat\/es\/aranceles-tension-comercial-entre-estados-unidos-y-europa\/#primaryimage"},"thumbnailUrl":"https:\/\/conversesacatalunya.cat\/wp-content\/uploads\/2025\/02\/aranceles.jpg","keywords":["Donald Trump","economia mundial"],"articleSection":["Punts clau del dia (ES)"],"inLanguage":"es","potentialAction":[{"@type":"CommentAction","name":"Comment","target":["https:\/\/conversesacatalunya.cat\/es\/aranceles-tension-comercial-entre-estados-unidos-y-europa\/#respond"]}]},{"@type":"WebPage","@id":"https:\/\/conversesacatalunya.cat\/es\/aranceles-tension-comercial-entre-estados-unidos-y-europa\/","url":"https:\/\/conversesacatalunya.cat\/es\/aranceles-tension-comercial-entre-estados-unidos-y-europa\/","name":"La amenaza de los aranceles: Tensi\u00f3n comercial entre Estados Unidos y Europa - Converses a Catalunya","isPartOf":{"@id":"https:\/\/conversesacatalunya.cat\/#website"},"primaryImageOfPage":{"@id":"https:\/\/conversesacatalunya.cat\/es\/aranceles-tension-comercial-entre-estados-unidos-y-europa\/#primaryimage"},"image":{"@id":"https:\/\/conversesacatalunya.cat\/es\/aranceles-tension-comercial-entre-estados-unidos-y-europa\/#primaryimage"},"thumbnailUrl":"https:\/\/conversesacatalunya.cat\/wp-content\/uploads\/2025\/02\/aranceles.jpg","datePublished":"2025-02-27T10:24:10+00:00","author":{"@id":"https:\/\/conversesacatalunya.cat\/#\/schema\/person\/46306de4129bccb959ed5e1720c4e3e7"},"description":"C\u00f3mo las medidas proteccionistas de Trump podr\u00edan afectar a la econom\u00eda europea","breadcrumb":{"@id":"https:\/\/conversesacatalunya.cat\/es\/aranceles-tension-comercial-entre-estados-unidos-y-europa\/#breadcrumb"},"inLanguage":"es","potentialAction":[{"@type":"ReadAction","target":["https:\/\/conversesacatalunya.cat\/es\/aranceles-tension-comercial-entre-estados-unidos-y-europa\/"]}]},{"@type":"ImageObject","inLanguage":"es","@id":"https:\/\/conversesacatalunya.cat\/es\/aranceles-tension-comercial-entre-estados-unidos-y-europa\/#primaryimage","url":"https:\/\/conversesacatalunya.cat\/wp-content\/uploads\/2025\/02\/aranceles.jpg","contentUrl":"https:\/\/conversesacatalunya.cat\/wp-content\/uploads\/2025\/02\/aranceles.jpg","width":452,"height":327,"caption":"aranceles Trump"},{"@type":"BreadcrumbList","@id":"https:\/\/conversesacatalunya.cat\/es\/aranceles-tension-comercial-entre-estados-unidos-y-europa\/#breadcrumb","itemListElement":[{"@type":"ListItem","position":1,"name":"Inici","item":"https:\/\/conversesacatalunya.cat\/es\/"},{"@type":"ListItem","position":2,"name":"La amenaza de los aranceles: Tensi\u00f3n comercial entre Estados Unidos y Europa"}]},{"@type":"WebSite","@id":"https:\/\/conversesacatalunya.cat\/#website","url":"https:\/\/conversesacatalunya.cat\/","name":"Converses a Catalunya","description":"","potentialAction":[{"@type":"SearchAction","target":{"@type":"EntryPoint","urlTemplate":"https:\/\/conversesacatalunya.cat\/?s={search_term_string}"},"query-input":{"@type":"PropertyValueSpecification","valueRequired":true,"valueName":"search_term_string"}}],"inLanguage":"es"},{"@type":"Person","@id":"https:\/\/conversesacatalunya.cat\/#\/schema\/person\/46306de4129bccb959ed5e1720c4e3e7","name":"Emili Clos","image":{"@type":"ImageObject","inLanguage":"es","@id":"https:\/\/conversesacatalunya.cat\/#\/schema\/person\/image\/","url":"https:\/\/conversesacatalunya.cat\/wp-content\/litespeed\/avatar\/a9a662bd802eed79498de818aef91cc9.jpg?ver=1777096184","contentUrl":"https:\/\/conversesacatalunya.cat\/wp-content\/litespeed\/avatar\/a9a662bd802eed79498de818aef91cc9.jpg?ver=1777096184","caption":"Emili Clos"},"url":"https:\/\/conversesacatalunya.cat\/es\/author\/emili_clos\/"}]}},"wps_subtitle":"C\u00f3mo las medidas proteccionistas de Trump podr\u00edan afectar a la econom\u00eda europea","_links":{"self":[{"href":"https:\/\/conversesacatalunya.cat\/es\/wp-json\/wp\/v2\/posts\/85946","targetHints":{"allow":["GET"]}}],"collection":[{"href":"https:\/\/conversesacatalunya.cat\/es\/wp-json\/wp\/v2\/posts"}],"about":[{"href":"https:\/\/conversesacatalunya.cat\/es\/wp-json\/wp\/v2\/types\/post"}],"author":[{"embeddable":true,"href":"https:\/\/conversesacatalunya.cat\/es\/wp-json\/wp\/v2\/users\/81"}],"replies":[{"embeddable":true,"href":"https:\/\/conversesacatalunya.cat\/es\/wp-json\/wp\/v2\/comments?post=85946"}],"version-history":[{"count":1,"href":"https:\/\/conversesacatalunya.cat\/es\/wp-json\/wp\/v2\/posts\/85946\/revisions"}],"predecessor-version":[{"id":85949,"href":"https:\/\/conversesacatalunya.cat\/es\/wp-json\/wp\/v2\/posts\/85946\/revisions\/85949"}],"wp:featuredmedia":[{"embeddable":true,"href":"https:\/\/conversesacatalunya.cat\/es\/wp-json\/wp\/v2\/media\/85947"}],"wp:attachment":[{"href":"https:\/\/conversesacatalunya.cat\/es\/wp-json\/wp\/v2\/media?parent=85946"}],"wp:term":[{"taxonomy":"category","embeddable":true,"href":"https:\/\/conversesacatalunya.cat\/es\/wp-json\/wp\/v2\/categories?post=85946"},{"taxonomy":"post_tag","embeddable":true,"href":"https:\/\/conversesacatalunya.cat\/es\/wp-json\/wp\/v2\/tags?post=85946"}],"curies":[{"name":"wp","href":"https:\/\/api.w.org\/{rel}","templated":true}]}}