{"id":85878,"date":"2025-02-24T13:42:27","date_gmt":"2025-02-24T12:42:27","guid":{"rendered":"https:\/\/conversesacatalunya.cat\/el-rerefons-cultural-del-primer-cicle-borsatil-del-franquisme-15\/"},"modified":"2025-08-18T12:28:08","modified_gmt":"2025-08-18T10:28:08","slug":"el-rerefons-cultural-del-primer-cicle-borsatil-del-franquisme-15","status":"publish","type":"post","link":"https:\/\/conversesacatalunya.cat\/es\/el-rerefons-cultural-del-primer-cicle-borsatil-del-franquisme-15\/","title":{"rendered":"El trasfondo cultural del primer ciclo burs\u00e1til del franquismo (15). Las Letras. Nacionalcat\u00f3licos e incorporaciones opusdeistas (X)"},"content":{"rendered":"<p data-start=\"76\" data-end=\"402\">El predominio del sector cat\u00f3lico se fue consolidando a medida que perd\u00eda peso el hegemonismo falangista. El equilibrio gubernamental que manten\u00eda Franco se acomodaba a las vicisitudes pol\u00edticas del momento, en particular a la evoluci\u00f3n de la guerra europea y a los enfrentamientos entre las diferentes familias del r\u00e9gimen.<\/p>\n<p data-start=\"76\" data-end=\"402\"><img fetchpriority=\"high\" decoding=\"async\" class=\"alignleft size-full wp-image-85875\" src=\"https:\/\/conversesacatalunya.cat\/wp-content\/uploads\/2025\/02\/westfalians.jpg\" alt=\"\" width=\"311\" height=\"238\" srcset=\"https:\/\/conversesacatalunya.cat\/wp-content\/uploads\/2025\/02\/westfalians.jpg 311w, https:\/\/conversesacatalunya.cat\/wp-content\/uploads\/2025\/02\/westfalians-300x230.jpg 300w\" sizes=\"(max-width: 311px) 100vw, 311px\" \/><\/p>\n<p data-start=\"404\" data-end=\"713\">La Iglesia, que desde un principio hab\u00eda tenido una clara inclinaci\u00f3n a favor del bando sublevado (la Carta del Episcopado y la subsiguiente entronizaci\u00f3n de la Cruzada), mantuvo una discreta participaci\u00f3n en tareas gubernamentales a lo largo de los a\u00f1os de la contienda y en los del inicio de la posguerra.<\/p>\n<p data-start=\"715\" data-end=\"981\">El fervor parafascista de aquellos tiempos encumbraba a los falangistas, aunque, ya en el segundo gobierno de la dictadura, es decir, a partir del 9 de agosto de 1939, ocup\u00f3 la cartera de Educaci\u00f3n Nacional, como se dijo, el cat\u00f3lico integrista Jos\u00e9 Ib\u00e1\u00f1ez Mart\u00edn.<\/p>\n<p data-start=\"983\" data-end=\"1502\">Mientras tanto, Serrano Su\u00f1er hab\u00eda pasado de Interior a Gobernaci\u00f3n y de Gobernaci\u00f3n a Exteriores, y es bien sabido que \u201clos exteriores dan directamente a la calle\u201d. Serrano Su\u00f1er sale del gobierno, Tovar y Ridruejo son cesados de sus competencias en Prensa y Propaganda, La\u00edn Entralgo deja la direcci\u00f3n de <em data-start=\"1291\" data-end=\"1304\">El Escorial<\/em>, siendo sustituido por Jos\u00e9 Mar\u00eda Alfaro Polanco (1905-1994), un escritor burgal\u00e9s, Premio Nacional de Literatura en 1933, que luego el franquismo situar\u00eda como embajador en Colombia y Argentina.<\/p>\n<p data-start=\"1504\" data-end=\"1883\">Asimismo, el catedr\u00e1tico de Derecho Civil y falangista destacado, Alfonso Garc\u00eda Valdecasas (1904-1993), pierde la direcci\u00f3n de la <em data-start=\"1635\" data-end=\"1666\">Revista de Estudios Pol\u00edticos<\/em>, sucedi\u00e9ndole a partir del oto\u00f1o de 1942 Francisco Javier Conde Garc\u00eda (1908-1974), igualmente catedr\u00e1tico de la Universidad de Madrid y m\u00e1s adelante tambi\u00e9n premiado con importantes responsabilidades diplom\u00e1ticas.<\/p>\n<p data-start=\"1885\" data-end=\"2123\">Va quedando atr\u00e1s el aislamiento y la fascistizaci\u00f3n y empieza el camino hacia la apertura y la democracia org\u00e1nica, con el hito que a continuaci\u00f3n supondr\u00e1 la designaci\u00f3n de \u201cEspa\u00f1a cat\u00f3lica\u201d, sancionada por la Ley de Sucesi\u00f3n de 1947.<\/p>\n<p data-start=\"2125\" data-end=\"2384\">El giro se ampl\u00eda a finales de 1943 y, de modo definitivo, en 1945, cuando los aliados salen victoriosos en la guerra europea. La familia nacionalcat\u00f3lica asume todo el protagonismo, centrado en educaci\u00f3n (Ib\u00e1\u00f1ez Mart\u00edn) e investigaci\u00f3n (el padre Albareda).<\/p>\n<p data-start=\"2386\" data-end=\"2699\">Mientras tanto, Gobernaci\u00f3n hab\u00eda pasado a manos del militar Valent\u00edn Galarza y la vicesecretar\u00eda de Educaci\u00f3n Popular la ocupaba Gabriel Arias Salgado (1904-1962), un cat\u00f3lico-falangista que, cuando se produzca el cambio de gobierno de 1951, ser\u00e1 nombrado titular del nuevo ministerio de Informaci\u00f3n y Turismo.<\/p>\n<p data-start=\"2701\" data-end=\"3083\">El grueso de las competencias en prensa y propaganda quedar\u00e1 depositado en Arias Salgado con la inestimable colaboraci\u00f3n del ya citado Juan Aparicio. Los falangistas, en particular el Grupo de Burgos, se \u201cacomodar\u00e1n\u201d en una segunda l\u00ednea, orientando su influencia en el \u00e1mbito universitario, en las tareas propias del SEU y sucesivamente en las relativas al acceso al profesorado.<\/p>\n<p data-start=\"3085\" data-end=\"3509\">En este punto, de todos modos, ser\u00e1 el Opus Dei quien obtenga \u201cla mejor parte\u201d. A lo largo de la d\u00e9cada de los cuarenta, 23 hombres de la Obra obtendr\u00e1n c\u00e1tedra universitaria, empezando por Jos\u00e9 Mar\u00eda Albareda, que la ocupar\u00eda en 1940. A continuaci\u00f3n, Calvo Serer, Vicente Rodr\u00edguez, P\u00e9rez Embid, Antonio Font\u00e1n, S\u00e1nchez Bella\u2026 Tambi\u00e9n importantes figuras del futuro pol\u00edtico, como Laureano L\u00f3pez Rod\u00f3 o Alberto Ullastres.<\/p>\n<p data-start=\"3511\" data-end=\"4026\">L\u00f3pez Rod\u00f3, despu\u00e9s de fracasar en el primer intento, accede a la c\u00e1tedra de Derecho Administrativo de la Universidad de Santiago en el mes de julio de 1945; Ullastres, a la de Econom\u00eda Pol\u00edtica y Hacienda P\u00fablica de la Universidad de Murcia, en diciembre de 1948, si bien no lleg\u00f3 a tomar posesi\u00f3n al conced\u00e9rsele una excedencia para que no tuviera que abandonar sus tareas en Madrid (Ullastres fue designado en segundo lugar con tres votos, obteniendo el liberal Juan Sard\u00e0 Dexeus el n\u00famero uno por unanimidad).<\/p>\n<p data-start=\"4028\" data-end=\"4287\">En un clima \u201cbelicoso\u201d, el tema de las oposiciones a c\u00e1tedra fue una cuesti\u00f3n discutida y polemizada con clara intencionalidad pol\u00edtico-ideol\u00f3gica, esgrimiendo por la parte contraria el temerario sarcasmo: \u201ccatedr\u00e1tico es\/quien de cinco votos\/obtiene tres\u201d.<\/p>\n<p data-start=\"4289\" data-end=\"4397\">Con todo, en la \u00e9poca tambi\u00e9n acceder\u00edan a la c\u00e1tedra los falangistas Pedro La\u00edn Entralgo y Antonio Tovar.<\/p>\n<p data-start=\"4399\" data-end=\"4805\">As\u00ed las cosas, Franco manten\u00eda falangistas en el gobierno (principalmente, el <em data-start=\"4477\" data-end=\"4491\">camisa vieja<\/em> Gir\u00f3n en Trabajo, el <em data-start=\"4513\" data-end=\"4527\">camisa nueva<\/em> Fern\u00e1ndez Cuesta en Justicia y, en cierta medida, el acomodaticio Arrese en la Secretar\u00eda General del Movimiento), pero los focos de irradiaci\u00f3n doctrinal e ideol\u00f3gica ir\u00edan experimentando reorientaciones significativas que se har\u00edan notar en las publicaciones de cada parte.<\/p>\n<p data-start=\"4807\" data-end=\"5155\">Los falangistas, atrincherados y dolidos, aunque no por ello en rebeld\u00eda, ya que, al fin y al cabo, se sent\u00edan parte del \u201cNuevo Estado\u201d, continuaron con el impulso que supon\u00eda la revista <em data-start=\"4994\" data-end=\"5003\">V\u00e9rtice<\/em> hasta 1946, cuando cerrar\u00eda sus puertas, y tambi\u00e9n en <em data-start=\"5058\" data-end=\"5071\">El Escorial<\/em>, a pesar de haber perdido su control a ra\u00edz de los cambios ministeriales de 1942.<\/p>\n<p data-start=\"5157\" data-end=\"5440\">Contribuir\u00edan al lanzamiento de la nueva revista <em data-start=\"5206\" data-end=\"5236\">Garcilaso, Juventud Creadora<\/em> (1943), fundada por Jos\u00e9 Garc\u00eda Nieto (1914-2001). Rivalizar\u00eda con <em data-start=\"5304\" data-end=\"5314\">Espada\u00f1a<\/em> del grupo de Vitoriano Cr\u00e9mer (1906-2009), de l\u00ednea editorial contraria al r\u00e9gimen y de claro compromiso pol\u00edtico y social.<\/p>\n<p data-start=\"5442\" data-end=\"5597\">Tambi\u00e9n aprovechar\u00edan la aparici\u00f3n de nuevas publicaciones en el \u00e1mbito privado y pretendidamente independientes, como <em data-start=\"5561\" data-end=\"5569\">\u00cdndice<\/em> (1945) e <em data-start=\"5579\" data-end=\"5587\">\u00cdnsula<\/em> (1946).<\/p>\n<p data-start=\"5599\" data-end=\"6083\">Ahora bien, en este contexto de \u201creflexi\u00f3n falangista\u201d sobresale la aceptaci\u00f3n por parte de La\u00edn Entralgo de dirigir en 1948, acompa\u00f1ado de Luis Rosales, la revista <em data-start=\"5764\" data-end=\"5793\">Cuadernos Hispanoamericanos<\/em>, que en cierta medida intentar\u00e1, en la l\u00ednea \u201ccomprensiva\u201d iniciada en la \u00faltima \u00e9poca de <em data-start=\"5884\" data-end=\"5897\">El Escorial<\/em>, la aproximaci\u00f3n a figuras del republicanismo como Antonio Machado, as\u00ed como el contacto con el exilio en tanto que alternativa a la revista editada en M\u00e9xico, <em data-start=\"6058\" data-end=\"6080\">Cuadernos Americanos<\/em>.<\/p>\n<p data-start=\"6085\" data-end=\"6281\">Por el lado del nacionalcatolicismo, en auge creciente en estos a\u00f1os, la revista de referencia, dejando <em data-start=\"6189\" data-end=\"6199\">Ecclesia<\/em> para cuestiones de tipo episcopal, fue <em data-start=\"6239\" data-end=\"6246\">Arbor<\/em>, verdadera estrella de la \u00e9poca.<\/p>\n<p data-start=\"6283\" data-end=\"6513\">Fundada en Barcelona en marzo de 1943 por Rafael Calvo Serer, Ram\u00f3n Roquer y Raimon Paniker, pronto se traslad\u00f3 a Madrid dentro de la \u00f3rbita del Consejo Superior de Investigaciones Cient\u00edficas, siendo su revista m\u00e1s emblem\u00e1tica.<\/p>\n<p data-start=\"6515\" data-end=\"6697\">Calvo Serer ser\u00eda su \u201cfact\u00f3tum\u201d hasta mediados de los a\u00f1os cincuenta, excepto durante un par de a\u00f1os (1947-48) en los que ejerci\u00f3 como subdirector del Instituto Espa\u00f1ol en Londres.<\/p>\n<p data-start=\"6699\" data-end=\"6923\">Su distanciamiento de <em data-start=\"6721\" data-end=\"6728\">Arbor<\/em> y del CSIC se debe a la publicaci\u00f3n en 1953 en Par\u00eds de <em data-start=\"6785\" data-end=\"6793\">\u00c9crits<\/em>, un manifiesto en el que reclamaba una tercera fuerza nacional, los mon\u00e1rquicos, para sustituir a democristianos y falangistas.<\/p>\n<p data-start=\"62\" data-end=\"336\">Mientras tanto, las p\u00e1ginas de <em data-start=\"93\" data-end=\"100\">Arbor<\/em> acogieron art\u00edculos y trabajos de las figuras m\u00e1s destacadas de la intelectualidad del momento, sin faltar colaboraciones de naturaleza pol\u00edtico-institucional, entre las cuales se encuentran algunas del almirante Luis Carrero Blanco.<\/p>\n<p data-start=\"338\" data-end=\"742\">Abundaron los n\u00fameros monogr\u00e1ficos y la organizaci\u00f3n de seminarios. Se contaba con las aportaciones de editoriales fundadas por miembros de la Obra, entre las cuales destaca Rialp. Y, de manera muy especial, con el refuerzo del simb\u00f3lico Ateneo de Madrid, presidido por opusde\u00edstas tan notorios como Pedro Rocamora (1946-1951), Florentino P\u00e9rez Embid (1951-1956) y Vicente Rodr\u00edguez Casado (1956-1961).<\/p>\n<p data-start=\"744\" data-end=\"964\">En el clima as\u00ed generado, se configur\u00f3 la llamada \u201cgeneraci\u00f3n del 48\u201d (parece que fue el prestigioso historiador catal\u00e1n Jaume Vicens Vives quien les dio este nombre, ya que en aquel tiempo estaba vinculado con ellos).<\/p>\n<p data-start=\"966\" data-end=\"1616\" data-is-last-node=\"\" data-is-only-node=\"\">A esta generaci\u00f3n se la calific\u00f3 tambi\u00e9n de \u201cwestfalianos\u201d, ya que precisamente en 1948 se conmemoraba el tercer centenario de la paz de Westfalia, que hab\u00eda puesto fin a la guerra de los Treinta A\u00f1os. Con este motivo, Vicente Palacio Atard public\u00f3 un art\u00edculo en <em data-start=\"1230\" data-end=\"1237\">Arbor<\/em> (<em data-start=\"1239\" data-end=\"1284\">Westfalia ante los espa\u00f1oles de 1648 y 1948<\/em>), que originar\u00eda una interesante discusi\u00f3n intelectual sobre los acontecimientos de aquellos a\u00f1os, incluyendo otros episodios hist\u00f3ricos an\u00e1logos como 1848, por las revoluciones sociales y la publicaci\u00f3n del <em data-start=\"1493\" data-end=\"1515\">Manifiesto Comunista<\/em> de Marx y Engels, o 1898, por el desastre colonial, ya que en 1948 se conmemoraba su cincuentenario.<\/p>\n<p class=\"w-post-elm post_title us_custom_e2aee182 entry-title color_link_inherit\"><a href=\"https:\/\/conversesacatalunya.cat\/es\/corporaciones-opusdeistes-ix\/\" target=\"_blank\" rel=\"noopener\"><strong>El trasfondo cultural del primer ciclo burs\u00e1til del franquismo (14). Las Letras. Nacionalcat\u00f3licos e incorporaciones opusde\u00edstas (IX)<\/strong><\/a><\/p>\n<p data-start=\"891\" data-end=\"1539\" data-is-last-node=\"\" data-is-only-node=\"\">\n","protected":false},"excerpt":{"rendered":"<p>El predominio del sector cat\u00f3lico se fue consolidando a medida que perd\u00eda peso el hegemonismo falangista. El equilibrio gubernamental que manten\u00eda Franco se acomodaba a las vicisitudes pol\u00edticas del momento, en particular a la evoluci\u00f3n de la guerra europea y a los enfrentamientos entre las diferentes familias del r\u00e9gimen. La Iglesia, que desde un principio hab\u00eda tenido una clara inclinaci\u00f3n a favor del bando sublevado (la Carta del Episcopado y la subsiguiente entronizaci\u00f3n de la Cruzada), mantuvo una discreta participaci\u00f3n en tareas gubernamentales a lo largo de los a\u00f1os de la contienda y en los del inicio de la posguerra. El fervor parafascista de aquellos tiempos encumbraba a los falangistas, aunque, ya en el segundo gobierno de la dictadura, es decir, a partir del 9 de agosto de 1939, ocup\u00f3 la cartera de Educaci\u00f3n Nacional, como se dijo, el cat\u00f3lico integrista Jos\u00e9 Ib\u00e1\u00f1ez Mart\u00edn. Mientras tanto, Serrano Su\u00f1er hab\u00eda pasado de Interior a Gobernaci\u00f3n y de Gobernaci\u00f3n a Exteriores, y es bien sabido que \u201clos exteriores dan directamente a la calle\u201d. Serrano Su\u00f1er sale del gobierno, Tovar y Ridruejo son cesados de sus competencias en Prensa y Propaganda, La\u00edn Entralgo deja la direcci\u00f3n de El Escorial, siendo sustituido por Jos\u00e9 Mar\u00eda Alfaro Polanco (1905-1994), un escritor burgal\u00e9s, Premio Nacional de Literatura en 1933, que luego el franquismo situar\u00eda como embajador en Colombia y Argentina. Asimismo, el catedr\u00e1tico de Derecho Civil y falangista destacado, Alfonso Garc\u00eda Valdecasas (1904-1993), pierde la direcci\u00f3n de la Revista de Estudios Pol\u00edticos, sucedi\u00e9ndole a partir del oto\u00f1o de 1942 Francisco Javier Conde Garc\u00eda (1908-1974), igualmente catedr\u00e1tico de la Universidad de Madrid y m\u00e1s adelante tambi\u00e9n premiado con importantes responsabilidades diplom\u00e1ticas. Va quedando atr\u00e1s el aislamiento y la fascistizaci\u00f3n y empieza el camino hacia la apertura y la democracia org\u00e1nica, con el hito que a continuaci\u00f3n supondr\u00e1 la designaci\u00f3n de \u201cEspa\u00f1a cat\u00f3lica\u201d, sancionada por la Ley de Sucesi\u00f3n de 1947. El giro se ampl\u00eda a finales de 1943 y, de modo definitivo, en 1945, cuando los aliados salen victoriosos en la guerra europea. La familia nacionalcat\u00f3lica asume todo el protagonismo, centrado en educaci\u00f3n (Ib\u00e1\u00f1ez Mart\u00edn) e investigaci\u00f3n (el padre Albareda). Mientras tanto, Gobernaci\u00f3n hab\u00eda pasado a manos del militar Valent\u00edn Galarza y la vicesecretar\u00eda de Educaci\u00f3n Popular la ocupaba Gabriel Arias Salgado (1904-1962), un cat\u00f3lico-falangista que, cuando se produzca el cambio de gobierno de 1951, ser\u00e1 nombrado titular del nuevo ministerio de Informaci\u00f3n y Turismo. El grueso de las competencias en prensa y propaganda quedar\u00e1 depositado en Arias Salgado con la inestimable colaboraci\u00f3n del ya citado Juan Aparicio. Los falangistas, en particular el Grupo de Burgos, se \u201cacomodar\u00e1n\u201d en una segunda l\u00ednea, orientando su influencia en el \u00e1mbito universitario, en las tareas propias del SEU y sucesivamente en las relativas al acceso al profesorado. En este punto, de todos modos, ser\u00e1 el Opus Dei quien obtenga \u201cla mejor parte\u201d. A lo largo de la d\u00e9cada de los cuarenta, 23 hombres de la Obra obtendr\u00e1n c\u00e1tedra universitaria, empezando por Jos\u00e9 Mar\u00eda Albareda, que la ocupar\u00eda en 1940. A continuaci\u00f3n, Calvo Serer, Vicente Rodr\u00edguez, P\u00e9rez Embid, Antonio Font\u00e1n, S\u00e1nchez Bella\u2026 Tambi\u00e9n importantes figuras del futuro pol\u00edtico, como Laureano L\u00f3pez Rod\u00f3 o Alberto Ullastres. L\u00f3pez Rod\u00f3, despu\u00e9s de fracasar en el primer intento, accede a la c\u00e1tedra de Derecho Administrativo de la Universidad de Santiago en el mes de julio de 1945; Ullastres, a la de Econom\u00eda Pol\u00edtica y Hacienda P\u00fablica de la Universidad de Murcia, en diciembre de 1948, si bien no lleg\u00f3 a tomar posesi\u00f3n al conced\u00e9rsele una excedencia para que no tuviera que abandonar sus tareas en Madrid (Ullastres fue designado en segundo lugar con tres votos, obteniendo el liberal Juan Sard\u00e0 Dexeus el n\u00famero uno por unanimidad). En un clima \u201cbelicoso\u201d, el tema de las oposiciones a c\u00e1tedra fue una cuesti\u00f3n discutida y polemizada con clara intencionalidad pol\u00edtico-ideol\u00f3gica, esgrimiendo por la parte contraria el temerario sarcasmo: \u201ccatedr\u00e1tico es\/quien de cinco votos\/obtiene tres\u201d. Con todo, en la \u00e9poca tambi\u00e9n acceder\u00edan a la c\u00e1tedra los falangistas Pedro La\u00edn Entralgo y Antonio Tovar. As\u00ed las cosas, Franco manten\u00eda falangistas en el gobierno (principalmente, el camisa vieja Gir\u00f3n en Trabajo, el camisa nueva Fern\u00e1ndez Cuesta en Justicia y, en cierta medida, el acomodaticio Arrese en la Secretar\u00eda General del Movimiento), pero los focos de irradiaci\u00f3n doctrinal e ideol\u00f3gica ir\u00edan experimentando reorientaciones significativas que se har\u00edan notar en las publicaciones de cada parte. Los falangistas, atrincherados y dolidos, aunque no por ello en rebeld\u00eda, ya que, al fin y al cabo, se sent\u00edan parte del \u201cNuevo Estado\u201d, continuaron con el impulso que supon\u00eda la revista V\u00e9rtice hasta 1946, cuando cerrar\u00eda sus puertas, y tambi\u00e9n en El Escorial, a pesar de haber perdido su control a ra\u00edz de los cambios ministeriales de 1942. Contribuir\u00edan al lanzamiento de la nueva revista Garcilaso, Juventud Creadora (1943), fundada por Jos\u00e9 Garc\u00eda Nieto (1914-2001). Rivalizar\u00eda con Espada\u00f1a del grupo de Vitoriano Cr\u00e9mer (1906-2009), de l\u00ednea editorial contraria al r\u00e9gimen y de claro compromiso pol\u00edtico y social. Tambi\u00e9n aprovechar\u00edan la aparici\u00f3n de nuevas publicaciones en el \u00e1mbito privado y pretendidamente independientes, como \u00cdndice (1945) e \u00cdnsula (1946). Ahora bien, en este contexto de \u201creflexi\u00f3n falangista\u201d sobresale la aceptaci\u00f3n por parte de La\u00edn Entralgo de dirigir en 1948, acompa\u00f1ado de Luis Rosales, la revista Cuadernos Hispanoamericanos, que en cierta medida intentar\u00e1, en la l\u00ednea \u201ccomprensiva\u201d iniciada en la \u00faltima \u00e9poca de El Escorial, la aproximaci\u00f3n a figuras del republicanismo como Antonio Machado, as\u00ed como el contacto con el exilio en tanto que alternativa a la revista editada en M\u00e9xico, Cuadernos Americanos. Por el lado del nacionalcatolicismo, en auge creciente en estos a\u00f1os, la revista de referencia, dejando Ecclesia para cuestiones de tipo episcopal, fue Arbor, verdadera estrella de la \u00e9poca. Fundada en Barcelona en marzo de 1943 por Rafael Calvo Serer, Ram\u00f3n Roquer y Raimon Paniker, pronto se traslad\u00f3 a Madrid dentro de la \u00f3rbita del Consejo Superior de Investigaciones Cient\u00edficas, siendo su revista m\u00e1s emblem\u00e1tica. Calvo Serer ser\u00eda su \u201cfact\u00f3tum\u201d hasta mediados de los a\u00f1os cincuenta, excepto durante un par de a\u00f1os (1947-48) en los que&#8230;<\/p>\n","protected":false},"author":85,"featured_media":85875,"comment_status":"open","ping_status":"open","sticky":false,"template":"","format":"standard","meta":{"_FSMCFIC_featured_image_caption":"","_FSMCFIC_featured_image_nocaption":"","_FSMCFIC_featured_image_hide":"","footnotes":""},"categories":[806],"tags":[5240,5173],"class_list":["post-85878","post","type-post","status-publish","format-standard","has-post-thumbnail","hentry","category-punts-claus-del-dia-es","tag-primer-cicle-borsari-del-franquisme-es","tag-primer-ciclo-bursatil-del-franquismo"],"yoast_head":"<!-- This site is optimized with the Yoast SEO plugin v26.8 - https:\/\/yoast.com\/product\/yoast-seo-wordpress\/ -->\n<title>El trasfondo cultural del primer ciclo burs\u00e1til del franquismo (15). Las Letras. Nacionalcat\u00f3licos e incorporaciones opusdeistas (X) - Converses a Catalunya<\/title>\n<meta name=\"description\" content=\"El predominio del sector cat\u00f3lico se fue consolidando a medida que perd\u00eda peso el hegemonismo falangista\" \/>\n<meta name=\"robots\" content=\"index, follow, max-snippet:-1, max-image-preview:large, max-video-preview:-1\" \/>\n<link rel=\"canonical\" href=\"https:\/\/conversesacatalunya.cat\/es\/el-rerefons-cultural-del-primer-cicle-borsatil-del-franquisme-15\/\" \/>\n<meta property=\"og:locale\" content=\"es_ES\" \/>\n<meta property=\"og:type\" content=\"article\" \/>\n<meta property=\"og:title\" content=\"El trasfondo cultural del primer ciclo burs\u00e1til del franquismo (15). Las Letras. Nacionalcat\u00f3licos e incorporaciones opusdeistas (X) - Converses a Catalunya\" \/>\n<meta property=\"og:description\" content=\"El predominio del sector cat\u00f3lico se fue consolidando a medida que perd\u00eda peso el hegemonismo falangista\" \/>\n<meta property=\"og:url\" content=\"https:\/\/conversesacatalunya.cat\/es\/el-rerefons-cultural-del-primer-cicle-borsatil-del-franquisme-15\/\" \/>\n<meta property=\"og:site_name\" content=\"Converses a Catalunya\" \/>\n<meta property=\"article:published_time\" content=\"2025-02-24T12:42:27+00:00\" \/>\n<meta property=\"article:modified_time\" content=\"2025-08-18T10:28:08+00:00\" \/>\n<meta property=\"og:image\" content=\"https:\/\/conversesacatalunya.cat\/wp-content\/uploads\/2025\/02\/westfalians.jpg\" \/>\n\t<meta property=\"og:image:width\" content=\"311\" \/>\n\t<meta property=\"og:image:height\" content=\"238\" \/>\n\t<meta property=\"og:image:type\" content=\"image\/jpeg\" \/>\n<meta name=\"author\" content=\"Joan Hortal\u00e0 i Arau\" \/>\n<meta name=\"twitter:card\" content=\"summary_large_image\" \/>\n<meta name=\"twitter:label1\" content=\"Escrito por\" \/>\n\t<meta name=\"twitter:data1\" content=\"Joan Hortal\u00e0 i Arau\" \/>\n\t<meta name=\"twitter:label2\" content=\"Tiempo de lectura\" \/>\n\t<meta name=\"twitter:data2\" content=\"7 minutos\" \/>\n<script type=\"application\/ld+json\" class=\"yoast-schema-graph\">{\"@context\":\"https:\/\/schema.org\",\"@graph\":[{\"@type\":\"Article\",\"@id\":\"https:\/\/conversesacatalunya.cat\/es\/el-rerefons-cultural-del-primer-cicle-borsatil-del-franquisme-15\/#article\",\"isPartOf\":{\"@id\":\"https:\/\/conversesacatalunya.cat\/es\/el-rerefons-cultural-del-primer-cicle-borsatil-del-franquisme-15\/\"},\"author\":{\"name\":\"Joan Hortal\u00e0 i Arau\",\"@id\":\"https:\/\/conversesacatalunya.cat\/#\/schema\/person\/d1a98659327f7a7a4254b63c8828486b\"},\"headline\":\"El trasfondo cultural del primer ciclo burs\u00e1til del franquismo (15). Las Letras. Nacionalcat\u00f3licos e incorporaciones opusdeistas (X)\",\"datePublished\":\"2025-02-24T12:42:27+00:00\",\"dateModified\":\"2025-08-18T10:28:08+00:00\",\"mainEntityOfPage\":{\"@id\":\"https:\/\/conversesacatalunya.cat\/es\/el-rerefons-cultural-del-primer-cicle-borsatil-del-franquisme-15\/\"},\"wordCount\":1449,\"commentCount\":0,\"image\":{\"@id\":\"https:\/\/conversesacatalunya.cat\/es\/el-rerefons-cultural-del-primer-cicle-borsatil-del-franquisme-15\/#primaryimage\"},\"thumbnailUrl\":\"https:\/\/conversesacatalunya.cat\/wp-content\/uploads\/2025\/02\/westfalians.jpg\",\"keywords\":[\"primer cicle borsari del franquisme\",\"primer ciclo burs\u00e1til del franquismo\"],\"articleSection\":[\"Punts clau del dia (ES)\"],\"inLanguage\":\"es\",\"potentialAction\":[{\"@type\":\"CommentAction\",\"name\":\"Comment\",\"target\":[\"https:\/\/conversesacatalunya.cat\/es\/el-rerefons-cultural-del-primer-cicle-borsatil-del-franquisme-15\/#respond\"]}]},{\"@type\":\"WebPage\",\"@id\":\"https:\/\/conversesacatalunya.cat\/es\/el-rerefons-cultural-del-primer-cicle-borsatil-del-franquisme-15\/\",\"url\":\"https:\/\/conversesacatalunya.cat\/es\/el-rerefons-cultural-del-primer-cicle-borsatil-del-franquisme-15\/\",\"name\":\"El trasfondo cultural del primer ciclo burs\u00e1til del franquismo (15). Las Letras. Nacionalcat\u00f3licos e incorporaciones opusdeistas (X) - Converses a Catalunya\",\"isPartOf\":{\"@id\":\"https:\/\/conversesacatalunya.cat\/#website\"},\"primaryImageOfPage\":{\"@id\":\"https:\/\/conversesacatalunya.cat\/es\/el-rerefons-cultural-del-primer-cicle-borsatil-del-franquisme-15\/#primaryimage\"},\"image\":{\"@id\":\"https:\/\/conversesacatalunya.cat\/es\/el-rerefons-cultural-del-primer-cicle-borsatil-del-franquisme-15\/#primaryimage\"},\"thumbnailUrl\":\"https:\/\/conversesacatalunya.cat\/wp-content\/uploads\/2025\/02\/westfalians.jpg\",\"datePublished\":\"2025-02-24T12:42:27+00:00\",\"dateModified\":\"2025-08-18T10:28:08+00:00\",\"author\":{\"@id\":\"https:\/\/conversesacatalunya.cat\/#\/schema\/person\/d1a98659327f7a7a4254b63c8828486b\"},\"description\":\"El predominio del sector cat\u00f3lico se fue consolidando a medida que perd\u00eda peso el hegemonismo falangista\",\"breadcrumb\":{\"@id\":\"https:\/\/conversesacatalunya.cat\/es\/el-rerefons-cultural-del-primer-cicle-borsatil-del-franquisme-15\/#breadcrumb\"},\"inLanguage\":\"es\",\"potentialAction\":[{\"@type\":\"ReadAction\",\"target\":[\"https:\/\/conversesacatalunya.cat\/es\/el-rerefons-cultural-del-primer-cicle-borsatil-del-franquisme-15\/\"]}]},{\"@type\":\"ImageObject\",\"inLanguage\":\"es\",\"@id\":\"https:\/\/conversesacatalunya.cat\/es\/el-rerefons-cultural-del-primer-cicle-borsatil-del-franquisme-15\/#primaryimage\",\"url\":\"https:\/\/conversesacatalunya.cat\/wp-content\/uploads\/2025\/02\/westfalians.jpg\",\"contentUrl\":\"https:\/\/conversesacatalunya.cat\/wp-content\/uploads\/2025\/02\/westfalians.jpg\",\"width\":311,\"height\":238,\"caption\":\"sector cat\u00f3lico falangista\"},{\"@type\":\"BreadcrumbList\",\"@id\":\"https:\/\/conversesacatalunya.cat\/es\/el-rerefons-cultural-del-primer-cicle-borsatil-del-franquisme-15\/#breadcrumb\",\"itemListElement\":[{\"@type\":\"ListItem\",\"position\":1,\"name\":\"Inici\",\"item\":\"https:\/\/conversesacatalunya.cat\/es\/\"},{\"@type\":\"ListItem\",\"position\":2,\"name\":\"El trasfondo cultural del primer ciclo burs\u00e1til del franquismo (15). Las Letras. Nacionalcat\u00f3licos e incorporaciones opusdeistas (X)\"}]},{\"@type\":\"WebSite\",\"@id\":\"https:\/\/conversesacatalunya.cat\/#website\",\"url\":\"https:\/\/conversesacatalunya.cat\/\",\"name\":\"Converses a Catalunya\",\"description\":\"\",\"potentialAction\":[{\"@type\":\"SearchAction\",\"target\":{\"@type\":\"EntryPoint\",\"urlTemplate\":\"https:\/\/conversesacatalunya.cat\/?s={search_term_string}\"},\"query-input\":{\"@type\":\"PropertyValueSpecification\",\"valueRequired\":true,\"valueName\":\"search_term_string\"}}],\"inLanguage\":\"es\"},{\"@type\":\"Person\",\"@id\":\"https:\/\/conversesacatalunya.cat\/#\/schema\/person\/d1a98659327f7a7a4254b63c8828486b\",\"name\":\"Joan Hortal\u00e0 i Arau\",\"image\":{\"@type\":\"ImageObject\",\"inLanguage\":\"es\",\"@id\":\"https:\/\/conversesacatalunya.cat\/#\/schema\/person\/image\/\",\"url\":\"https:\/\/conversesacatalunya.cat\/wp-content\/litespeed\/avatar\/2d63b18d9ae06677345f920e73d8d4f0.jpg?ver=1776938333\",\"contentUrl\":\"https:\/\/conversesacatalunya.cat\/wp-content\/litespeed\/avatar\/2d63b18d9ae06677345f920e73d8d4f0.jpg?ver=1776938333\",\"caption\":\"Joan Hortal\u00e0 i Arau\"},\"url\":\"https:\/\/conversesacatalunya.cat\/es\/author\/joan-hortala-i-arau\/\"}]}<\/script>\n<!-- \/ Yoast SEO plugin. -->","yoast_head_json":{"title":"El trasfondo cultural del primer ciclo burs\u00e1til del franquismo (15). Las Letras. Nacionalcat\u00f3licos e incorporaciones opusdeistas (X) - Converses a Catalunya","description":"El predominio del sector cat\u00f3lico se fue consolidando a medida que perd\u00eda peso el hegemonismo falangista","robots":{"index":"index","follow":"follow","max-snippet":"max-snippet:-1","max-image-preview":"max-image-preview:large","max-video-preview":"max-video-preview:-1"},"canonical":"https:\/\/conversesacatalunya.cat\/es\/el-rerefons-cultural-del-primer-cicle-borsatil-del-franquisme-15\/","og_locale":"es_ES","og_type":"article","og_title":"El trasfondo cultural del primer ciclo burs\u00e1til del franquismo (15). Las Letras. Nacionalcat\u00f3licos e incorporaciones opusdeistas (X) - Converses a Catalunya","og_description":"El predominio del sector cat\u00f3lico se fue consolidando a medida que perd\u00eda peso el hegemonismo falangista","og_url":"https:\/\/conversesacatalunya.cat\/es\/el-rerefons-cultural-del-primer-cicle-borsatil-del-franquisme-15\/","og_site_name":"Converses a Catalunya","article_published_time":"2025-02-24T12:42:27+00:00","article_modified_time":"2025-08-18T10:28:08+00:00","og_image":[{"width":311,"height":238,"url":"https:\/\/conversesacatalunya.cat\/wp-content\/uploads\/2025\/02\/westfalians.jpg","type":"image\/jpeg"}],"author":"Joan Hortal\u00e0 i Arau","twitter_card":"summary_large_image","twitter_misc":{"Escrito por":"Joan Hortal\u00e0 i Arau","Tiempo de lectura":"7 minutos"},"schema":{"@context":"https:\/\/schema.org","@graph":[{"@type":"Article","@id":"https:\/\/conversesacatalunya.cat\/es\/el-rerefons-cultural-del-primer-cicle-borsatil-del-franquisme-15\/#article","isPartOf":{"@id":"https:\/\/conversesacatalunya.cat\/es\/el-rerefons-cultural-del-primer-cicle-borsatil-del-franquisme-15\/"},"author":{"name":"Joan Hortal\u00e0 i Arau","@id":"https:\/\/conversesacatalunya.cat\/#\/schema\/person\/d1a98659327f7a7a4254b63c8828486b"},"headline":"El trasfondo cultural del primer ciclo burs\u00e1til del franquismo (15). Las Letras. Nacionalcat\u00f3licos e incorporaciones opusdeistas (X)","datePublished":"2025-02-24T12:42:27+00:00","dateModified":"2025-08-18T10:28:08+00:00","mainEntityOfPage":{"@id":"https:\/\/conversesacatalunya.cat\/es\/el-rerefons-cultural-del-primer-cicle-borsatil-del-franquisme-15\/"},"wordCount":1449,"commentCount":0,"image":{"@id":"https:\/\/conversesacatalunya.cat\/es\/el-rerefons-cultural-del-primer-cicle-borsatil-del-franquisme-15\/#primaryimage"},"thumbnailUrl":"https:\/\/conversesacatalunya.cat\/wp-content\/uploads\/2025\/02\/westfalians.jpg","keywords":["primer cicle borsari del franquisme","primer ciclo burs\u00e1til del franquismo"],"articleSection":["Punts clau del dia (ES)"],"inLanguage":"es","potentialAction":[{"@type":"CommentAction","name":"Comment","target":["https:\/\/conversesacatalunya.cat\/es\/el-rerefons-cultural-del-primer-cicle-borsatil-del-franquisme-15\/#respond"]}]},{"@type":"WebPage","@id":"https:\/\/conversesacatalunya.cat\/es\/el-rerefons-cultural-del-primer-cicle-borsatil-del-franquisme-15\/","url":"https:\/\/conversesacatalunya.cat\/es\/el-rerefons-cultural-del-primer-cicle-borsatil-del-franquisme-15\/","name":"El trasfondo cultural del primer ciclo burs\u00e1til del franquismo (15). Las Letras. Nacionalcat\u00f3licos e incorporaciones opusdeistas (X) - Converses a Catalunya","isPartOf":{"@id":"https:\/\/conversesacatalunya.cat\/#website"},"primaryImageOfPage":{"@id":"https:\/\/conversesacatalunya.cat\/es\/el-rerefons-cultural-del-primer-cicle-borsatil-del-franquisme-15\/#primaryimage"},"image":{"@id":"https:\/\/conversesacatalunya.cat\/es\/el-rerefons-cultural-del-primer-cicle-borsatil-del-franquisme-15\/#primaryimage"},"thumbnailUrl":"https:\/\/conversesacatalunya.cat\/wp-content\/uploads\/2025\/02\/westfalians.jpg","datePublished":"2025-02-24T12:42:27+00:00","dateModified":"2025-08-18T10:28:08+00:00","author":{"@id":"https:\/\/conversesacatalunya.cat\/#\/schema\/person\/d1a98659327f7a7a4254b63c8828486b"},"description":"El predominio del sector cat\u00f3lico se fue consolidando a medida que perd\u00eda peso el hegemonismo falangista","breadcrumb":{"@id":"https:\/\/conversesacatalunya.cat\/es\/el-rerefons-cultural-del-primer-cicle-borsatil-del-franquisme-15\/#breadcrumb"},"inLanguage":"es","potentialAction":[{"@type":"ReadAction","target":["https:\/\/conversesacatalunya.cat\/es\/el-rerefons-cultural-del-primer-cicle-borsatil-del-franquisme-15\/"]}]},{"@type":"ImageObject","inLanguage":"es","@id":"https:\/\/conversesacatalunya.cat\/es\/el-rerefons-cultural-del-primer-cicle-borsatil-del-franquisme-15\/#primaryimage","url":"https:\/\/conversesacatalunya.cat\/wp-content\/uploads\/2025\/02\/westfalians.jpg","contentUrl":"https:\/\/conversesacatalunya.cat\/wp-content\/uploads\/2025\/02\/westfalians.jpg","width":311,"height":238,"caption":"sector cat\u00f3lico falangista"},{"@type":"BreadcrumbList","@id":"https:\/\/conversesacatalunya.cat\/es\/el-rerefons-cultural-del-primer-cicle-borsatil-del-franquisme-15\/#breadcrumb","itemListElement":[{"@type":"ListItem","position":1,"name":"Inici","item":"https:\/\/conversesacatalunya.cat\/es\/"},{"@type":"ListItem","position":2,"name":"El trasfondo cultural del primer ciclo burs\u00e1til del franquismo (15). Las Letras. Nacionalcat\u00f3licos e incorporaciones opusdeistas (X)"}]},{"@type":"WebSite","@id":"https:\/\/conversesacatalunya.cat\/#website","url":"https:\/\/conversesacatalunya.cat\/","name":"Converses a Catalunya","description":"","potentialAction":[{"@type":"SearchAction","target":{"@type":"EntryPoint","urlTemplate":"https:\/\/conversesacatalunya.cat\/?s={search_term_string}"},"query-input":{"@type":"PropertyValueSpecification","valueRequired":true,"valueName":"search_term_string"}}],"inLanguage":"es"},{"@type":"Person","@id":"https:\/\/conversesacatalunya.cat\/#\/schema\/person\/d1a98659327f7a7a4254b63c8828486b","name":"Joan Hortal\u00e0 i Arau","image":{"@type":"ImageObject","inLanguage":"es","@id":"https:\/\/conversesacatalunya.cat\/#\/schema\/person\/image\/","url":"https:\/\/conversesacatalunya.cat\/wp-content\/litespeed\/avatar\/2d63b18d9ae06677345f920e73d8d4f0.jpg?ver=1776938333","contentUrl":"https:\/\/conversesacatalunya.cat\/wp-content\/litespeed\/avatar\/2d63b18d9ae06677345f920e73d8d4f0.jpg?ver=1776938333","caption":"Joan Hortal\u00e0 i Arau"},"url":"https:\/\/conversesacatalunya.cat\/es\/author\/joan-hortala-i-arau\/"}]}},"wps_subtitle":"El predominio del sector cat\u00f3lico se fue consolidando a medida que perd\u00eda peso el hegemonismo falangista","_links":{"self":[{"href":"https:\/\/conversesacatalunya.cat\/es\/wp-json\/wp\/v2\/posts\/85878","targetHints":{"allow":["GET"]}}],"collection":[{"href":"https:\/\/conversesacatalunya.cat\/es\/wp-json\/wp\/v2\/posts"}],"about":[{"href":"https:\/\/conversesacatalunya.cat\/es\/wp-json\/wp\/v2\/types\/post"}],"author":[{"embeddable":true,"href":"https:\/\/conversesacatalunya.cat\/es\/wp-json\/wp\/v2\/users\/85"}],"replies":[{"embeddable":true,"href":"https:\/\/conversesacatalunya.cat\/es\/wp-json\/wp\/v2\/comments?post=85878"}],"version-history":[{"count":6,"href":"https:\/\/conversesacatalunya.cat\/es\/wp-json\/wp\/v2\/posts\/85878\/revisions"}],"predecessor-version":[{"id":91214,"href":"https:\/\/conversesacatalunya.cat\/es\/wp-json\/wp\/v2\/posts\/85878\/revisions\/91214"}],"wp:featuredmedia":[{"embeddable":true,"href":"https:\/\/conversesacatalunya.cat\/es\/wp-json\/wp\/v2\/media\/85875"}],"wp:attachment":[{"href":"https:\/\/conversesacatalunya.cat\/es\/wp-json\/wp\/v2\/media?parent=85878"}],"wp:term":[{"taxonomy":"category","embeddable":true,"href":"https:\/\/conversesacatalunya.cat\/es\/wp-json\/wp\/v2\/categories?post=85878"},{"taxonomy":"post_tag","embeddable":true,"href":"https:\/\/conversesacatalunya.cat\/es\/wp-json\/wp\/v2\/tags?post=85878"}],"curies":[{"name":"wp","href":"https:\/\/api.w.org\/{rel}","templated":true}]}}