{"id":85865,"date":"2025-02-24T11:23:24","date_gmt":"2025-02-24T10:23:24","guid":{"rendered":"https:\/\/conversesacatalunya.cat\/estrategia-de-sanchez-augmentar-la-polaritzacio-interna\/"},"modified":"2025-02-24T13:22:06","modified_gmt":"2025-02-24T12:22:06","slug":"estrategia-de-sanchez-aumentar-la-polarizacion-interna","status":"publish","type":"post","link":"https:\/\/conversesacatalunya.cat\/es\/estrategia-de-sanchez-aumentar-la-polarizacion-interna\/","title":{"rendered":"La nueva (vieja) estrategia de S\u00e1nchez: aumentar la polarizaci\u00f3n interna a expensas de Trump"},"content":{"rendered":"<p data-pm-slice=\"1 1 []\"><span><span class=\"\">En el actual panorama internacional, que empez\u00f3 con las elecciones al Parlamento Europeo y el extraordinario crecimiento de las opciones de las derechas alternativas \u2014y que se ha consolidado de forma abrumadora con la victoria de Trump\u2014, S\u00e1nchez ve el camino expeditivo no s\u00f3lo para continuar en el gobierno, sino para revalidar su mayor\u00eda mediante una\u00a0<\/span><strong><span class=\"\">nueva estrategia<\/span><\/strong><span class=\"\">.<\/span><\/span><\/p>\n<p data-pm-slice=\"1 1 []\"><span>Un planteamiento visto con preocupaci\u00f3n por parte del PP, que, como casi siempre, oscila entre la imprevisi\u00f3n y el exceso de tacticismo, lo que se traduce en una imagen de pol\u00edticas vacilantes y una sobreinterpretaci\u00f3n esc\u00e9nica marcada por la agresividad, intentando as\u00ed disimular sus carencias de fondo.<\/span><\/p>\n<p><span><span class=\"\">S\u00e1nchez considera que\u00a0<\/span><strong><span class=\"\">utilizar\u00e1 el escenario internacional como bandera para su replanteamiento interno<\/span><\/strong><span class=\"\">: intentar\u00e1 convertirse a escala espa\u00f1ola en lo que no logra en el \u00e1mbito europeo.<\/span><\/span><\/p>\n<p><span>Se presenta como un l\u00edder del europe\u00edsmo y del progresismo que se enfrenta simb\u00f3licamente a un contexto que equipara con \u201cel retorno de Hitler\u201d. Este nuevo enfoque se materializa al\u00a0<strong>acusar al PP de colaboracionismo con la extrema derecha<\/strong>, incorporando un lenguaje propio del final de la Segunda Guerra Mundial. Su narrativa encaja con el\u00a0<em>revival<\/em>\u00a0de Franco que ha promovido en el 2025, bajo la excusa de celebrar la recuperaci\u00f3n de derechos y libertades en la fecha de su muerte.<\/span><\/p>\n<p><span>Para S\u00e1nchez, la historia vuelve a ser un instrumento al servicio de la coyuntura pol\u00edtica: ganar las pr\u00f3ximas elecciones, tarea en la que cuenta con historiadores profesionales afines a su causa.<\/span><\/p>\n<p><span>Este posicionamiento refuerza lo que ya aplic\u00f3 en la campa\u00f1a del 2023, lo que le permite recuperar terreno, al confundir al Partido Popular con un bloque imaginario de extrema derecha, vinculado al fascismo y al nazismo. Veremos im\u00e1genes de l\u00edderes y simpatizantes de la nueva derecha siendo asociados \u2013mediante gestos como levantar la mano\u2013 con un supuesto \u201csaludo romano\u201d, sea cierto o no.<\/span><\/p>\n<p><span><span class=\"\">Para S\u00e1nchez es irrelevante que el fascismo y el nazismo se definan por su concepci\u00f3n totalitaria del Estado y la imposici\u00f3n de un partido \u00fanico, aspectos ajenos a las derechas alternativas europeas, centradas en temas como la desigualdad econ\u00f3mica, el declive de la clase media, la inmigraci\u00f3n masiva, la p\u00e9rdida de ra\u00edces culturales \u2014ligadas a la tradici\u00f3n cristiana\u2014 o la erosi\u00f3n de identidades nacionales y personales (\u00e9sta \u00faltima, atribuida a la ideolog\u00eda de g\u00e9nero).<\/span><\/span><\/p>\n<p><span>En cambio, prefiere destacar estos movimientos como una\u00a0<strong>amenaza antidemocr\u00e1tica<\/strong>, equipar\u00e1ndolos con reg\u00edmenes hist\u00f3ricos.<\/span><\/p>\n<p><span>Su posici\u00f3n, pese a evitar nombrar directamente a Trump en las cr\u00edticas, podr\u00eda generar tensiones con Estados Unidos.\u00a0<strong>Ya ha chocado en dos frentes<\/strong>: sus duras condenas a la situaci\u00f3n en Gaza y su exigencia de un compromiso total con Ucrania, aunque Espa\u00f1a est\u00e1 entre los pa\u00edses de la OTAN que menos\u00a0<a href=\"https:\/\/conversesacatalunya.cat\/es\/un-ejercito-de-salario-minimo-casi\/\" target=\"_blank\" rel=\"noopener\">gasto militar<\/a>\u00a0destina y es uno de los mayores beneficiarios de fondos europeos. Se le acusa de \u201cmucho ruido y pocas nueces\u201d, especialmente al aportar ayuda simb\u00f3lica a Ucrania.<\/span><\/p>\n<p><span>El riesgo de su estrategia de confrontaci\u00f3n con la nueva administraci\u00f3n norteamericana es que \u00e9sta imponga aranceles diferenciales en Espa\u00f1a \u2014como los que Trump podr\u00eda aplicar al aceite espa\u00f1ol, pero no al italiano\u2014,\u00a0<strong>perjudicando la econom\u00eda<\/strong>. Los estrategas de la Moncloa ya prev\u00e9n utilizar este posible sufrimiento econ\u00f3mico como combustible para intensificar la polarizaci\u00f3n. Adem\u00e1s, Estados Unidos cuenta con aliados como Marruecos en el Mediterr\u00e1neo, lo que a\u00f1ade presi\u00f3n.<\/span><\/p>\n<p><span>Para S\u00e1nchez, sin embargo, las consecuencias a medio plazo importan menos que mantener el poder. Su prioridad es\u00a0<strong>instalar en la agenda medi\u00e1tica un marco de polarizaci\u00f3n extrema<\/strong>, beneficiando indirectamente a Vox, que gana relevancia al ser presentado como el polo opuesto al \u201cprogresismo feminista\u201d que \u00e9l encarna. Este escenario desplaza los problemas estructurales de Espa\u00f1a \u2014sustituyendo la b\u00fasqueda de soluciones para su explotaci\u00f3n como herramienta de confrontaci\u00f3n\u2014.<\/span><\/p>\n<p><span><strong><span class=\"VIpgJd-yAWNEb-VIpgJd-fmcmS-sn54Q\">La tensi\u00f3n tambi\u00e9n afecta a sus aliados<\/span><\/strong><span class=\"VIpgJd-yAWNEb-VIpgJd-fmcmS-sn54Q\">\u00a0: Junts y el PNV, inc\u00f3modos ante esta din\u00e1mica, podr\u00edan diluir sus exigencias \u2014como la moci\u00f3n de confianza vinculada al traspaso de competencias en inmigraci\u00f3n\u2014 a cambio de reiteradas promesas.<\/span><\/span><\/p>\n<p><span>En definitiva,\u00a0<strong>S\u00e1nchez apuesta por una pol\u00edtica de choque, donde el enfrentamiento con la extrema derecha (definida ampliamente como todo aqu\u00e9l fuera de su campo) sirva para movilizar su base<\/strong>. El riesgo es profundizar en la fractura social, pero para un l\u00edder enfocado en el corto plazo, el c\u00e1lculo es claro: prolongar su permanencia en el poder, aunque esto signifique sacrificar el di\u00e1logo y el bienestar com\u00fan.<\/span><\/p>\n<div id=\"polls-275\" class=\"wp-polls\">\n\t<form id=\"polls_form_275\" class=\"wp-polls-form\" action=\"\/index.php\" method=\"post\">\n\t\t<p style=\"display: none;\"><input type=\"hidden\" id=\"poll_275_nonce\" name=\"wp-polls-nonce\" value=\"6f00ffdf1f\" \/><\/p>\n\t\t<p style=\"display: none;\"><input type=\"hidden\" name=\"poll_id\" value=\"275\" \/><\/p>\n\t\t<p style=\"text-align: center\"><strong>Creus que la nova situaci\u00f3 provocada per Trump facilitar\u00e0 que S\u00e1nchez pugui presentar-se com la gran alternativa a Espanya?<\/strong><\/p><div id=\"polls-275-ans\" class=\"wp-polls-ans\"><ul class=\"wp-polls-ul\">\n\t\t<li><input type=\"radio\" id=\"poll-answer-776\" name=\"poll_275\" value=\"776\" \/> <label for=\"poll-answer-776\">S\u00ed<\/label><\/li>\n\t\t<li><input type=\"radio\" id=\"poll-answer-777\" name=\"poll_275\" value=\"777\" \/> <label for=\"poll-answer-777\">No<\/label><\/li>\n\t\t<li><input type=\"radio\" id=\"poll-answer-778\" name=\"poll_275\" value=\"778\" \/> <label for=\"poll-answer-778\">No ho s\u00e9<\/label><\/li>\n\t\t<\/ul><p style=\"text-align: center\"><input type=\"button\" name=\"vote\" value=\"   Vota   \" class=\"Buttons\" onclick=\"poll_vote(275);\" \/><\/p><p style=\"text-align: center\"><a href=\"#ViewPollResults\" onclick=\"poll_result(275); return false;\" title=\"View Results Of This Poll\">Mira els resultats<\/a><\/p><\/div>\n\t<\/form>\n<\/div>\n<div id=\"polls-275-loading\" class=\"wp-polls-loading\"><img decoding=\"async\" data-src=\"https:\/\/conversesacatalunya.cat\/wp-content\/plugins\/wp-polls\/images\/loading.gif\" width=\"16\" height=\"16\" alt=\"Cargando ...\" title=\"Cargando ...\" class=\"wp-polls-image lazyload\" src=\"data:image\/svg+xml;base64,PHN2ZyB3aWR0aD0iMSIgaGVpZ2h0PSIxIiB4bWxucz0iaHR0cDovL3d3dy53My5vcmcvMjAwMC9zdmciPjwvc3ZnPg==\" style=\"--smush-placeholder-width: 16px; --smush-placeholder-aspect-ratio: 16\/16;\" \/>&nbsp;Cargando ...<\/div>\n\n","protected":false},"excerpt":{"rendered":"<p>En el actual panorama internacional, que empez\u00f3 con las elecciones al Parlamento Europeo y el extraordinario crecimiento de las opciones de las derechas alternativas \u2014y que se ha consolidado de forma abrumadora con la victoria de Trump\u2014, S\u00e1nchez ve el camino expeditivo no s\u00f3lo para continuar en el gobierno, sino para revalidar su mayor\u00eda mediante una\u00a0nueva estrategia. Un planteamiento visto con preocupaci\u00f3n por parte del PP, que, como casi siempre, oscila entre la imprevisi\u00f3n y el exceso de tacticismo, lo que se traduce en una imagen de pol\u00edticas vacilantes y una sobreinterpretaci\u00f3n esc\u00e9nica marcada por la agresividad, intentando as\u00ed disimular sus carencias de fondo. S\u00e1nchez considera que\u00a0utilizar\u00e1 el escenario internacional como bandera para su replanteamiento interno: intentar\u00e1 convertirse a escala espa\u00f1ola en lo que no logra en el \u00e1mbito europeo. Se presenta como un l\u00edder del europe\u00edsmo y del progresismo que se enfrenta simb\u00f3licamente a un contexto que equipara con \u201cel retorno de Hitler\u201d. Este nuevo enfoque se materializa al\u00a0acusar al PP de colaboracionismo con la extrema derecha, incorporando un lenguaje propio del final de la Segunda Guerra Mundial. Su narrativa encaja con el\u00a0revival\u00a0de Franco que ha promovido en el 2025, bajo la excusa de celebrar la recuperaci\u00f3n de derechos y libertades en la fecha de su muerte. Para S\u00e1nchez, la historia vuelve a ser un instrumento al servicio de la coyuntura pol\u00edtica: ganar las pr\u00f3ximas elecciones, tarea en la que cuenta con historiadores profesionales afines a su causa. Este posicionamiento refuerza lo que ya aplic\u00f3 en la campa\u00f1a del 2023, lo que le permite recuperar terreno, al confundir al Partido Popular con un bloque imaginario de extrema derecha, vinculado al fascismo y al nazismo. Veremos im\u00e1genes de l\u00edderes y simpatizantes de la nueva derecha siendo asociados \u2013mediante gestos como levantar la mano\u2013 con un supuesto \u201csaludo romano\u201d, sea cierto o no. Para S\u00e1nchez es irrelevante que el fascismo y el nazismo se definan por su concepci\u00f3n totalitaria del Estado y la imposici\u00f3n de un partido \u00fanico, aspectos ajenos a las derechas alternativas europeas, centradas en temas como la desigualdad econ\u00f3mica, el declive de la clase media, la inmigraci\u00f3n masiva, la p\u00e9rdida de ra\u00edces culturales \u2014ligadas a la tradici\u00f3n cristiana\u2014 o la erosi\u00f3n de identidades nacionales y personales (\u00e9sta \u00faltima, atribuida a la ideolog\u00eda de g\u00e9nero). En cambio, prefiere destacar estos movimientos como una\u00a0amenaza antidemocr\u00e1tica, equipar\u00e1ndolos con reg\u00edmenes hist\u00f3ricos. Su posici\u00f3n, pese a evitar nombrar directamente a Trump en las cr\u00edticas, podr\u00eda generar tensiones con Estados Unidos.\u00a0Ya ha chocado en dos frentes: sus duras condenas a la situaci\u00f3n en Gaza y su exigencia de un compromiso total con Ucrania, aunque Espa\u00f1a est\u00e1 entre los pa\u00edses de la OTAN que menos\u00a0gasto militar\u00a0destina y es uno de los mayores beneficiarios de fondos europeos. Se le acusa de \u201cmucho ruido y pocas nueces\u201d, especialmente al aportar ayuda simb\u00f3lica a Ucrania. El riesgo de su estrategia de confrontaci\u00f3n con la nueva administraci\u00f3n norteamericana es que \u00e9sta imponga aranceles diferenciales en Espa\u00f1a \u2014como los que Trump podr\u00eda aplicar al aceite espa\u00f1ol, pero no al italiano\u2014,\u00a0perjudicando la econom\u00eda. Los estrategas de la Moncloa ya prev\u00e9n utilizar este posible sufrimiento econ\u00f3mico como combustible para intensificar la polarizaci\u00f3n. Adem\u00e1s, Estados Unidos cuenta con aliados como Marruecos en el Mediterr\u00e1neo, lo que a\u00f1ade presi\u00f3n. Para S\u00e1nchez, sin embargo, las consecuencias a medio plazo importan menos que mantener el poder. Su prioridad es\u00a0instalar en la agenda medi\u00e1tica un marco de polarizaci\u00f3n extrema, beneficiando indirectamente a Vox, que gana relevancia al ser presentado como el polo opuesto al \u201cprogresismo feminista\u201d que \u00e9l encarna. Este escenario desplaza los problemas estructurales de Espa\u00f1a \u2014sustituyendo la b\u00fasqueda de soluciones para su explotaci\u00f3n como herramienta de confrontaci\u00f3n\u2014. La tensi\u00f3n tambi\u00e9n afecta a sus aliados\u00a0: Junts y el PNV, inc\u00f3modos ante esta din\u00e1mica, podr\u00edan diluir sus exigencias \u2014como la moci\u00f3n de confianza vinculada al traspaso de competencias en inmigraci\u00f3n\u2014 a cambio de reiteradas promesas. En definitiva,\u00a0S\u00e1nchez apuesta por una pol\u00edtica de choque, donde el enfrentamiento con la extrema derecha (definida ampliamente como todo aqu\u00e9l fuera de su campo) sirva para movilizar su base. El riesgo es profundizar en la fractura social, pero para un l\u00edder enfocado en el corto plazo, el c\u00e1lculo es claro: prolongar su permanencia en el poder, aunque esto signifique sacrificar el di\u00e1logo y el bienestar com\u00fan.<\/p>\n","protected":false},"author":78,"featured_media":73279,"comment_status":"open","ping_status":"open","sticky":false,"template":"","format":"standard","meta":{"_FSMCFIC_featured_image_caption":"","_FSMCFIC_featured_image_nocaption":"","_FSMCFIC_featured_image_hide":"","footnotes":""},"categories":[806],"tags":[1157],"class_list":["post-85865","post","type-post","status-publish","format-standard","has-post-thumbnail","hentry","category-punts-claus-del-dia-es","tag-pedro-sanchez-es"],"yoast_head":"<!-- This site is optimized with the Yoast SEO plugin v26.8 - https:\/\/yoast.com\/product\/yoast-seo-wordpress\/ -->\n<title>La nueva (vieja) estrategia de S\u00e1nchez: aumentar la polarizaci\u00f3n interna a expensas de Trump - Converses a Catalunya<\/title>\n<meta name=\"description\" content=\"S\u00e1nchez apuesta por una pol\u00edtica de choque, donde el enfrentamiento con la extrema derecha sirva para movilizar a su base\" \/>\n<meta name=\"robots\" content=\"index, follow, max-snippet:-1, max-image-preview:large, max-video-preview:-1\" \/>\n<link rel=\"canonical\" href=\"https:\/\/conversesacatalunya.cat\/es\/estrategia-de-sanchez-aumentar-la-polarizacion-interna\/\" \/>\n<meta property=\"og:locale\" content=\"es_ES\" \/>\n<meta property=\"og:type\" content=\"article\" \/>\n<meta property=\"og:title\" content=\"La nueva (vieja) estrategia de S\u00e1nchez: aumentar la polarizaci\u00f3n interna a expensas de Trump - Converses a Catalunya\" \/>\n<meta property=\"og:description\" content=\"S\u00e1nchez apuesta por una pol\u00edtica de choque, donde el enfrentamiento con la extrema derecha sirva para movilizar a su base\" \/>\n<meta property=\"og:url\" content=\"https:\/\/conversesacatalunya.cat\/es\/estrategia-de-sanchez-aumentar-la-polarizacion-interna\/\" \/>\n<meta property=\"og:site_name\" content=\"Converses a Catalunya\" \/>\n<meta property=\"article:published_time\" content=\"2025-02-24T10:23:24+00:00\" \/>\n<meta property=\"article:modified_time\" content=\"2025-02-24T12:22:06+00:00\" \/>\n<meta property=\"og:image\" content=\"https:\/\/conversesacatalunya.cat\/wp-content\/uploads\/2023\/12\/sanchez-ue.jpeg\" \/>\n\t<meta property=\"og:image:width\" content=\"990\" \/>\n\t<meta property=\"og:image:height\" content=\"556\" \/>\n\t<meta property=\"og:image:type\" content=\"image\/jpeg\" \/>\n<meta name=\"author\" content=\"Joan Masip\" \/>\n<meta name=\"twitter:card\" content=\"summary_large_image\" \/>\n<meta name=\"twitter:label1\" content=\"Escrito por\" \/>\n\t<meta name=\"twitter:data1\" content=\"Joan Masip\" \/>\n\t<meta name=\"twitter:label2\" content=\"Tiempo de lectura\" \/>\n\t<meta name=\"twitter:data2\" content=\"4 minutos\" \/>\n<script type=\"application\/ld+json\" class=\"yoast-schema-graph\">{\"@context\":\"https:\/\/schema.org\",\"@graph\":[{\"@type\":\"Article\",\"@id\":\"https:\/\/conversesacatalunya.cat\/es\/estrategia-de-sanchez-aumentar-la-polarizacion-interna\/#article\",\"isPartOf\":{\"@id\":\"https:\/\/conversesacatalunya.cat\/es\/estrategia-de-sanchez-aumentar-la-polarizacion-interna\/\"},\"author\":{\"name\":\"Joan Masip\",\"@id\":\"https:\/\/conversesacatalunya.cat\/#\/schema\/person\/311d0bf53def217d5124c78a7bc42275\"},\"headline\":\"La nueva (vieja) estrategia de S\u00e1nchez: aumentar la polarizaci\u00f3n interna a expensas de Trump\",\"datePublished\":\"2025-02-24T10:23:24+00:00\",\"dateModified\":\"2025-02-24T12:22:06+00:00\",\"mainEntityOfPage\":{\"@id\":\"https:\/\/conversesacatalunya.cat\/es\/estrategia-de-sanchez-aumentar-la-polarizacion-interna\/\"},\"wordCount\":808,\"commentCount\":0,\"image\":{\"@id\":\"https:\/\/conversesacatalunya.cat\/es\/estrategia-de-sanchez-aumentar-la-polarizacion-interna\/#primaryimage\"},\"thumbnailUrl\":\"https:\/\/conversesacatalunya.cat\/wp-content\/uploads\/2023\/12\/sanchez-ue.jpeg\",\"keywords\":[\"Pedro S\u00e1nchez\"],\"articleSection\":[\"Punts clau del dia (ES)\"],\"inLanguage\":\"es\",\"potentialAction\":[{\"@type\":\"CommentAction\",\"name\":\"Comment\",\"target\":[\"https:\/\/conversesacatalunya.cat\/es\/estrategia-de-sanchez-aumentar-la-polarizacion-interna\/#respond\"]}]},{\"@type\":\"WebPage\",\"@id\":\"https:\/\/conversesacatalunya.cat\/es\/estrategia-de-sanchez-aumentar-la-polarizacion-interna\/\",\"url\":\"https:\/\/conversesacatalunya.cat\/es\/estrategia-de-sanchez-aumentar-la-polarizacion-interna\/\",\"name\":\"La nueva (vieja) estrategia de S\u00e1nchez: aumentar la polarizaci\u00f3n interna a expensas de Trump - Converses a Catalunya\",\"isPartOf\":{\"@id\":\"https:\/\/conversesacatalunya.cat\/#website\"},\"primaryImageOfPage\":{\"@id\":\"https:\/\/conversesacatalunya.cat\/es\/estrategia-de-sanchez-aumentar-la-polarizacion-interna\/#primaryimage\"},\"image\":{\"@id\":\"https:\/\/conversesacatalunya.cat\/es\/estrategia-de-sanchez-aumentar-la-polarizacion-interna\/#primaryimage\"},\"thumbnailUrl\":\"https:\/\/conversesacatalunya.cat\/wp-content\/uploads\/2023\/12\/sanchez-ue.jpeg\",\"datePublished\":\"2025-02-24T10:23:24+00:00\",\"dateModified\":\"2025-02-24T12:22:06+00:00\",\"author\":{\"@id\":\"https:\/\/conversesacatalunya.cat\/#\/schema\/person\/311d0bf53def217d5124c78a7bc42275\"},\"description\":\"S\u00e1nchez apuesta por una pol\u00edtica de choque, donde el enfrentamiento con la extrema derecha sirva para movilizar a su base\",\"breadcrumb\":{\"@id\":\"https:\/\/conversesacatalunya.cat\/es\/estrategia-de-sanchez-aumentar-la-polarizacion-interna\/#breadcrumb\"},\"inLanguage\":\"es\",\"potentialAction\":[{\"@type\":\"ReadAction\",\"target\":[\"https:\/\/conversesacatalunya.cat\/es\/estrategia-de-sanchez-aumentar-la-polarizacion-interna\/\"]}]},{\"@type\":\"ImageObject\",\"inLanguage\":\"es\",\"@id\":\"https:\/\/conversesacatalunya.cat\/es\/estrategia-de-sanchez-aumentar-la-polarizacion-interna\/#primaryimage\",\"url\":\"https:\/\/conversesacatalunya.cat\/wp-content\/uploads\/2023\/12\/sanchez-ue.jpeg\",\"contentUrl\":\"https:\/\/conversesacatalunya.cat\/wp-content\/uploads\/2023\/12\/sanchez-ue.jpeg\",\"width\":990,\"height\":556,\"caption\":\"S\u00e1nchez a la UE\"},{\"@type\":\"BreadcrumbList\",\"@id\":\"https:\/\/conversesacatalunya.cat\/es\/estrategia-de-sanchez-aumentar-la-polarizacion-interna\/#breadcrumb\",\"itemListElement\":[{\"@type\":\"ListItem\",\"position\":1,\"name\":\"Inici\",\"item\":\"https:\/\/conversesacatalunya.cat\/es\/\"},{\"@type\":\"ListItem\",\"position\":2,\"name\":\"La nueva (vieja) estrategia de S\u00e1nchez: aumentar la polarizaci\u00f3n interna a expensas de Trump\"}]},{\"@type\":\"WebSite\",\"@id\":\"https:\/\/conversesacatalunya.cat\/#website\",\"url\":\"https:\/\/conversesacatalunya.cat\/\",\"name\":\"Converses a Catalunya\",\"description\":\"\",\"potentialAction\":[{\"@type\":\"SearchAction\",\"target\":{\"@type\":\"EntryPoint\",\"urlTemplate\":\"https:\/\/conversesacatalunya.cat\/?s={search_term_string}\"},\"query-input\":{\"@type\":\"PropertyValueSpecification\",\"valueRequired\":true,\"valueName\":\"search_term_string\"}}],\"inLanguage\":\"es\"},{\"@type\":\"Person\",\"@id\":\"https:\/\/conversesacatalunya.cat\/#\/schema\/person\/311d0bf53def217d5124c78a7bc42275\",\"name\":\"Joan Masip\",\"image\":{\"@type\":\"ImageObject\",\"inLanguage\":\"es\",\"@id\":\"https:\/\/conversesacatalunya.cat\/#\/schema\/person\/image\/\",\"url\":\"https:\/\/conversesacatalunya.cat\/wp-content\/litespeed\/avatar\/fa67b994763cff7d443f54b63ec96481.jpg?ver=1777372547\",\"contentUrl\":\"https:\/\/conversesacatalunya.cat\/wp-content\/litespeed\/avatar\/fa67b994763cff7d443f54b63ec96481.jpg?ver=1777372547\",\"caption\":\"Joan Masip\"},\"url\":\"https:\/\/conversesacatalunya.cat\/es\/author\/joan-masip\/\"}]}<\/script>\n<!-- \/ Yoast SEO plugin. -->","yoast_head_json":{"title":"La nueva (vieja) estrategia de S\u00e1nchez: aumentar la polarizaci\u00f3n interna a expensas de Trump - Converses a Catalunya","description":"S\u00e1nchez apuesta por una pol\u00edtica de choque, donde el enfrentamiento con la extrema derecha sirva para movilizar a su base","robots":{"index":"index","follow":"follow","max-snippet":"max-snippet:-1","max-image-preview":"max-image-preview:large","max-video-preview":"max-video-preview:-1"},"canonical":"https:\/\/conversesacatalunya.cat\/es\/estrategia-de-sanchez-aumentar-la-polarizacion-interna\/","og_locale":"es_ES","og_type":"article","og_title":"La nueva (vieja) estrategia de S\u00e1nchez: aumentar la polarizaci\u00f3n interna a expensas de Trump - Converses a Catalunya","og_description":"S\u00e1nchez apuesta por una pol\u00edtica de choque, donde el enfrentamiento con la extrema derecha sirva para movilizar a su base","og_url":"https:\/\/conversesacatalunya.cat\/es\/estrategia-de-sanchez-aumentar-la-polarizacion-interna\/","og_site_name":"Converses a Catalunya","article_published_time":"2025-02-24T10:23:24+00:00","article_modified_time":"2025-02-24T12:22:06+00:00","og_image":[{"width":990,"height":556,"url":"https:\/\/conversesacatalunya.cat\/wp-content\/uploads\/2023\/12\/sanchez-ue.jpeg","type":"image\/jpeg"}],"author":"Joan Masip","twitter_card":"summary_large_image","twitter_misc":{"Escrito por":"Joan Masip","Tiempo de lectura":"4 minutos"},"schema":{"@context":"https:\/\/schema.org","@graph":[{"@type":"Article","@id":"https:\/\/conversesacatalunya.cat\/es\/estrategia-de-sanchez-aumentar-la-polarizacion-interna\/#article","isPartOf":{"@id":"https:\/\/conversesacatalunya.cat\/es\/estrategia-de-sanchez-aumentar-la-polarizacion-interna\/"},"author":{"name":"Joan Masip","@id":"https:\/\/conversesacatalunya.cat\/#\/schema\/person\/311d0bf53def217d5124c78a7bc42275"},"headline":"La nueva (vieja) estrategia de S\u00e1nchez: aumentar la polarizaci\u00f3n interna a expensas de Trump","datePublished":"2025-02-24T10:23:24+00:00","dateModified":"2025-02-24T12:22:06+00:00","mainEntityOfPage":{"@id":"https:\/\/conversesacatalunya.cat\/es\/estrategia-de-sanchez-aumentar-la-polarizacion-interna\/"},"wordCount":808,"commentCount":0,"image":{"@id":"https:\/\/conversesacatalunya.cat\/es\/estrategia-de-sanchez-aumentar-la-polarizacion-interna\/#primaryimage"},"thumbnailUrl":"https:\/\/conversesacatalunya.cat\/wp-content\/uploads\/2023\/12\/sanchez-ue.jpeg","keywords":["Pedro S\u00e1nchez"],"articleSection":["Punts clau del dia (ES)"],"inLanguage":"es","potentialAction":[{"@type":"CommentAction","name":"Comment","target":["https:\/\/conversesacatalunya.cat\/es\/estrategia-de-sanchez-aumentar-la-polarizacion-interna\/#respond"]}]},{"@type":"WebPage","@id":"https:\/\/conversesacatalunya.cat\/es\/estrategia-de-sanchez-aumentar-la-polarizacion-interna\/","url":"https:\/\/conversesacatalunya.cat\/es\/estrategia-de-sanchez-aumentar-la-polarizacion-interna\/","name":"La nueva (vieja) estrategia de S\u00e1nchez: aumentar la polarizaci\u00f3n interna a expensas de Trump - Converses a Catalunya","isPartOf":{"@id":"https:\/\/conversesacatalunya.cat\/#website"},"primaryImageOfPage":{"@id":"https:\/\/conversesacatalunya.cat\/es\/estrategia-de-sanchez-aumentar-la-polarizacion-interna\/#primaryimage"},"image":{"@id":"https:\/\/conversesacatalunya.cat\/es\/estrategia-de-sanchez-aumentar-la-polarizacion-interna\/#primaryimage"},"thumbnailUrl":"https:\/\/conversesacatalunya.cat\/wp-content\/uploads\/2023\/12\/sanchez-ue.jpeg","datePublished":"2025-02-24T10:23:24+00:00","dateModified":"2025-02-24T12:22:06+00:00","author":{"@id":"https:\/\/conversesacatalunya.cat\/#\/schema\/person\/311d0bf53def217d5124c78a7bc42275"},"description":"S\u00e1nchez apuesta por una pol\u00edtica de choque, donde el enfrentamiento con la extrema derecha sirva para movilizar a su base","breadcrumb":{"@id":"https:\/\/conversesacatalunya.cat\/es\/estrategia-de-sanchez-aumentar-la-polarizacion-interna\/#breadcrumb"},"inLanguage":"es","potentialAction":[{"@type":"ReadAction","target":["https:\/\/conversesacatalunya.cat\/es\/estrategia-de-sanchez-aumentar-la-polarizacion-interna\/"]}]},{"@type":"ImageObject","inLanguage":"es","@id":"https:\/\/conversesacatalunya.cat\/es\/estrategia-de-sanchez-aumentar-la-polarizacion-interna\/#primaryimage","url":"https:\/\/conversesacatalunya.cat\/wp-content\/uploads\/2023\/12\/sanchez-ue.jpeg","contentUrl":"https:\/\/conversesacatalunya.cat\/wp-content\/uploads\/2023\/12\/sanchez-ue.jpeg","width":990,"height":556,"caption":"S\u00e1nchez a la UE"},{"@type":"BreadcrumbList","@id":"https:\/\/conversesacatalunya.cat\/es\/estrategia-de-sanchez-aumentar-la-polarizacion-interna\/#breadcrumb","itemListElement":[{"@type":"ListItem","position":1,"name":"Inici","item":"https:\/\/conversesacatalunya.cat\/es\/"},{"@type":"ListItem","position":2,"name":"La nueva (vieja) estrategia de S\u00e1nchez: aumentar la polarizaci\u00f3n interna a expensas de Trump"}]},{"@type":"WebSite","@id":"https:\/\/conversesacatalunya.cat\/#website","url":"https:\/\/conversesacatalunya.cat\/","name":"Converses a Catalunya","description":"","potentialAction":[{"@type":"SearchAction","target":{"@type":"EntryPoint","urlTemplate":"https:\/\/conversesacatalunya.cat\/?s={search_term_string}"},"query-input":{"@type":"PropertyValueSpecification","valueRequired":true,"valueName":"search_term_string"}}],"inLanguage":"es"},{"@type":"Person","@id":"https:\/\/conversesacatalunya.cat\/#\/schema\/person\/311d0bf53def217d5124c78a7bc42275","name":"Joan Masip","image":{"@type":"ImageObject","inLanguage":"es","@id":"https:\/\/conversesacatalunya.cat\/#\/schema\/person\/image\/","url":"https:\/\/conversesacatalunya.cat\/wp-content\/litespeed\/avatar\/fa67b994763cff7d443f54b63ec96481.jpg?ver=1777372547","contentUrl":"https:\/\/conversesacatalunya.cat\/wp-content\/litespeed\/avatar\/fa67b994763cff7d443f54b63ec96481.jpg?ver=1777372547","caption":"Joan Masip"},"url":"https:\/\/conversesacatalunya.cat\/es\/author\/joan-masip\/"}]}},"wps_subtitle":"S\u00e1nchez apuesta por una pol\u00edtica de choque, donde el enfrentamiento con la extrema derecha sirva para movilizar a su base","_links":{"self":[{"href":"https:\/\/conversesacatalunya.cat\/es\/wp-json\/wp\/v2\/posts\/85865","targetHints":{"allow":["GET"]}}],"collection":[{"href":"https:\/\/conversesacatalunya.cat\/es\/wp-json\/wp\/v2\/posts"}],"about":[{"href":"https:\/\/conversesacatalunya.cat\/es\/wp-json\/wp\/v2\/types\/post"}],"author":[{"embeddable":true,"href":"https:\/\/conversesacatalunya.cat\/es\/wp-json\/wp\/v2\/users\/78"}],"replies":[{"embeddable":true,"href":"https:\/\/conversesacatalunya.cat\/es\/wp-json\/wp\/v2\/comments?post=85865"}],"version-history":[{"count":2,"href":"https:\/\/conversesacatalunya.cat\/es\/wp-json\/wp\/v2\/posts\/85865\/revisions"}],"predecessor-version":[{"id":85867,"href":"https:\/\/conversesacatalunya.cat\/es\/wp-json\/wp\/v2\/posts\/85865\/revisions\/85867"}],"wp:featuredmedia":[{"embeddable":true,"href":"https:\/\/conversesacatalunya.cat\/es\/wp-json\/wp\/v2\/media\/73279"}],"wp:attachment":[{"href":"https:\/\/conversesacatalunya.cat\/es\/wp-json\/wp\/v2\/media?parent=85865"}],"wp:term":[{"taxonomy":"category","embeddable":true,"href":"https:\/\/conversesacatalunya.cat\/es\/wp-json\/wp\/v2\/categories?post=85865"},{"taxonomy":"post_tag","embeddable":true,"href":"https:\/\/conversesacatalunya.cat\/es\/wp-json\/wp\/v2\/tags?post=85865"}],"curies":[{"name":"wp","href":"https:\/\/api.w.org\/{rel}","templated":true}]}}