{"id":85861,"date":"2025-02-24T10:46:12","date_gmt":"2025-02-24T09:46:12","guid":{"rendered":"https:\/\/conversesacatalunya.cat\/eleccions-a-alemanya-mes-enlla-de-les-xifres-questions-clau\/"},"modified":"2025-02-24T13:05:40","modified_gmt":"2025-02-24T12:05:40","slug":"elecciones-en-alemania-mas-alla-de-las-cifras-cuestiones-clave","status":"publish","type":"post","link":"https:\/\/conversesacatalunya.cat\/es\/elecciones-en-alemania-mas-alla-de-las-cifras-cuestiones-clave\/","title":{"rendered":"Elecciones en Alemania: m\u00e1s all\u00e1 de las cifras, cuestiones clave"},"content":{"rendered":"<h4 data-pm-slice=\"1 1 []\"><span><strong>Primero, los resultados<\/strong><\/span><\/h4>\n<ul>\n<li><span><strong>CDU\/CSU,<\/strong>\u00a0\u00a0resultado actual: 28,6% de los votos, una variaci\u00f3n de +4,5 puntos porcentuales respecto a la elecci\u00f3n anterior. Se sit\u00faa por debajo del consenso de las encuestas (30%). En esca\u00f1os, supone un aumento de aproximadamente 12, pendiente todav\u00eda de los resultados definitivos, y alcanza 208, marcando una distancia hist\u00f3rica con su competidor habitual, la socialdemocracia.<\/span><\/li>\n<li><span><strong>AfD (Alternativa por Alemania):<\/strong>\u00a0le ha votado uno de cada cinco alemanes: 20,8% de los votos. Adem\u00e1s de ser la segunda fuerza superando a la hist\u00f3rica socialdemocracia, es el primer partido en los lands que corresponden a la antigua Rep\u00fablica Democr\u00e1tica Alemana. Variaci\u00f3n: +10,5 puntos, pasando de cerca de 10,3% en la \u00faltima elecci\u00f3n. Las previsiones demosc\u00f3picas acertaron de lleno, as\u00ed como con los socialdem\u00f3cratas. Han pasado de 77 esca\u00f1os en 2021 a 151, duplic\u00e1ndolos y ganando cerca de 74 esca\u00f1os adicionales.<\/span><\/li>\n<li><span><strong>SPD:<\/strong>\u00a0en la actualidad 16,4% de los votos. Variaci\u00f3n: -9,3 puntos, cayendo desde el 25,7% (su peor resultado en la historia desde la unificaci\u00f3n). Hasta ahora, su peor cifra hab\u00eda sido en 2017 con el 20,5% de los votos. A principios de siglo se situaba cerca del 40%. Ha sufrido una ca\u00edda dram\u00e1tica de diputados, ya que ha perdido 85, consiguiendo s\u00f3lo 125.<\/span><\/li>\n<li><span><strong>Los Verdes:<\/strong>\u00a0\u00a011,6% de los votos. Variaci\u00f3n: -3,2 puntos (anteriormente cerca del 14,8%). Pierden, pero resisten mejor la ca\u00edda que los otros socios de gobierno (liberales y socialdem\u00f3cratas). Quedaron por debajo de las previsiones, que les daban una media del 13%. Pierden 8 diputados de los 93 que ten\u00edan.<\/span><\/li>\n<li><span><strong>Die Linke:<\/strong>\u00a0obtiene el 8,8% de los votos. Un \u00e9xito, porque la variaci\u00f3n (+3,9 puntos) es un notable ascenso para un partido tan peque\u00f1o, que adem\u00e1s compet\u00eda con otro partido de izquierdas, la Alianza Sahra Wagenknecht (BSW, con un 4,97%), que en principio no ha entrado en el Parlament por poco, ya que se necesita el 5% de los sufragios. A\u00fan podr\u00eda hacerlo en el recuento final o si logra tres diputados en las elecciones en cada distrito electoral uninominal, que se rige por una f\u00f3rmula mayoritaria al estilo ingl\u00e9s. (En Alemania, la mitad de los diputados se eligen por listas de partidos en cada land y la otra mitad por voto unipersonal en cada circunscripci\u00f3n; si se consiguen tres diputados por esta v\u00eda, se tiene derecho a recoger la proporci\u00f3n de diputados que le corresponde por el resultado obtenido, aunque no llegue al 5% de los votos en la elecci\u00f3n). Ahora aumenta 25 esca\u00f1os, sobre los 39 que ten\u00eda.<\/span><\/li>\n<li><span><strong>FDP (4,3%):<\/strong>\u00a0no super\u00f3 el umbral m\u00ednimo del 5% para entrar en el Parlamento y, junto a los socialdem\u00f3cratas, son los grandes perdedores.<\/span><\/li>\n<\/ul>\n<p><span>Con estos resultados, la suma de\u00a0<strong>CDU\/CSU y SPD llega a 208 + 121 = 329 esca\u00f1os<\/strong>, lo que les da la mayor\u00eda absoluta (la necesaria es 316) para gobernar sin requerir un tercer partido. Si finalmente entrara BSW, esa mayor\u00eda de dos podr\u00eda resultar insuficiente, aunque por muy poco.<\/span><\/p>\n<h4><span><strong>Las previsiones<\/strong><\/span><\/h4>\n<p><span>El escenario previsible es otra vez una\u00a0<strong>gran coalici\u00f3n CDU\/CSU con el SPD<\/strong>, un cl\u00e1sico alem\u00e1n, que tendr\u00eda por delante una oposici\u00f3n muy crecida a ambos extremos de la c\u00e1mara. As\u00ed,\u00a0<strong>Die Linke a la izquierda y Alternativa por Alemania a la derecha<\/strong>\u00a0son los que han obtenido mejores resultados relativos, mientras que la coalici\u00f3n de gobierno estar\u00eda formada por una socialdemocracia agotada y unos democristianos que siguen sin alcanzar el 30% de apoyo. El hecho de que Alternativa sea el primer partido del que fue Alemania Oriental augura una profundizaci\u00f3n de las diferencias territoriales, adem\u00e1s de las pol\u00edticas.<\/span><\/p>\n<p><span>Adem\u00e1s, ahora empezar\u00e1\u00a0<strong>la gran batalla en la UE para establecer el presupuesto del per\u00edodo 2028-2034<\/strong>\u00a0, uno de los m\u00e1s dif\u00edciles de la historia, lo que puede incrementar la tensi\u00f3n en el Parlamento y dentro de la misma coalici\u00f3n gubernamental.<\/span><\/p>\n<h4><span>Se ha producido una\u00a0<strong>reconfiguraci\u00f3n del panorama pol\u00edtico<\/strong>\u00a0:<\/span><\/h4>\n<ul>\n<li><span><strong>La extrema derecha ha duplicado su cuota de voto<\/strong>, pasando de cerca del 10% a m\u00e1s del 20%. Este ascenso representa un cambio substancial en el equilibrio pol\u00edtico y evidencia una radicalizaci\u00f3n del electorado conservador.<\/span><\/li>\n<li><span><strong>Derrota hist\u00f3rica del SPD:<\/strong>\u00a0con una ca\u00edda de m\u00e1s de 9 puntos (del 25,7% al 16,4%), ha obtenido su peor resultado desde la posguerra, planteando serias dudas sobre su capacidad para competir en el futuro y su papel en la pol\u00edtica alemana.<\/span><\/li>\n<li><span><strong>Los Verdes han perdido apoyo, mientras que Die Linke ha recuperado terreno<\/strong>, lo que sugiere una reconfiguraci\u00f3n en la izquierda y una mayor fragmentaci\u00f3n del voto progresista.<\/span><\/li>\n<li><span><strong>Mayor polarizaci\u00f3n:<\/strong>\u00a0el fuerte ascenso de la AfD y la p\u00e9rdida dr\u00e1stica de apoyo del SPD indican un desplazamiento del centro pol\u00edtico y una creciente polarizaci\u00f3n. Esto podr\u00eda traducirse en debates m\u00e1s tensos y una pol\u00edtica m\u00e1s fragmentada.<\/span><\/li>\n<\/ul>\n<p><span><strong>Grandes retos para la nueva administraci\u00f3n:<\/strong>\u00a0Aunque la gran coalici\u00f3n entre\u00a0<strong>CDU\/CSU y SPD asegura una mayor\u00eda en el Parlamento<\/strong>, el debilitamiento del SPD podr\u00eda limitar su capacidad para influir en la agenda y obligar a los conservadores a tomar decisiones unilaterales en temas cr\u00edticos como\u00a0<strong>inmigraci\u00f3n, econom\u00eda y pol\u00edtica exterior<\/strong>.<\/span><\/p>\n<p><span><strong>Implicaciones para Europa y el Atl\u00e1ntico:<\/strong>\u00a0el discurso de\u00a0<strong>Friedrich Merz<\/strong>\u00a0apunta a reforzar la autonom\u00eda europea y a reducir la dependencia de Estados Unidos, en un contexto de tensiones geopol\u00edticas y presi\u00f3n de actores externos (como la influencia de figuras vinculadas a\u00a0<strong>Trump o Musk<\/strong>). Esto podr\u00eda desencadenar una reorientaci\u00f3n en las relaciones internacionales de Alemania.<\/span><\/p>\n<p><span><strong>Riesgo de estabilidad interna:<\/strong>\u00a0la combinaci\u00f3n de una participaci\u00f3n elevada (<strong>82,5%<\/strong>) y unos resultados muy polarizados plantea el reto de un gobierno que, a pesar de tener mayor\u00eda, deber\u00e1 gestionar tensiones internas y atender a las demandas de grupos disidentes, especialmente si\u00a0<strong>la AfD decide utilizar su posici\u00f3n fortalecida para presionar en futuros negociaciones o en el debate p\u00fablico<\/strong>.<\/span><\/p>\n<h4><span><strong>Conclusi\u00f3n<\/strong><\/span><\/h4>\n<p><span><span class=\"VIpgJd-yAWNEb-VIpgJd-fmcmS-sn54Q\">El triunfo de\u00a0<\/span><strong><span class=\"VIpgJd-yAWNEb-VIpgJd-fmcmS-sn54Q\">Friedrich Merz<\/span><\/strong><span class=\"VIpgJd-yAWNEb-VIpgJd-fmcmS-sn54Q\">\u00a0y la reconfiguraci\u00f3n del Parlamento reflejan no s\u00f3lo un cambio en las preferencias electorales, sino tambi\u00e9n un momento de transici\u00f3n en el sistema pol\u00edtico alem\u00e1n, con\u00a0<\/span><strong><span class=\"VIpgJd-yAWNEb-VIpgJd-fmcmS-sn54Q\">profundas implicaciones tanto a nivel interno como para la pol\u00edtica europea e internacional<\/span><\/strong><span class=\"VIpgJd-yAWNEb-VIpgJd-fmcmS-sn54Q\">.<\/span><\/span><\/p>\n<div id=\"polls-275\" class=\"wp-polls\">\n\t<form id=\"polls_form_275\" class=\"wp-polls-form\" action=\"\/index.php\" method=\"post\">\n\t\t<p style=\"display: none;\"><input type=\"hidden\" id=\"poll_275_nonce\" name=\"wp-polls-nonce\" value=\"6f00ffdf1f\" \/><\/p>\n\t\t<p style=\"display: none;\"><input type=\"hidden\" name=\"poll_id\" value=\"275\" \/><\/p>\n\t\t<p style=\"text-align: center\"><strong>Creus que la nova situaci\u00f3 provocada per Trump facilitar\u00e0 que S\u00e1nchez pugui presentar-se com la gran alternativa a Espanya?<\/strong><\/p><div id=\"polls-275-ans\" class=\"wp-polls-ans\"><ul class=\"wp-polls-ul\">\n\t\t<li><input type=\"radio\" id=\"poll-answer-776\" name=\"poll_275\" value=\"776\" \/> <label for=\"poll-answer-776\">S\u00ed<\/label><\/li>\n\t\t<li><input type=\"radio\" id=\"poll-answer-777\" name=\"poll_275\" value=\"777\" \/> <label for=\"poll-answer-777\">No<\/label><\/li>\n\t\t<li><input type=\"radio\" id=\"poll-answer-778\" name=\"poll_275\" value=\"778\" \/> <label for=\"poll-answer-778\">No ho s\u00e9<\/label><\/li>\n\t\t<\/ul><p style=\"text-align: center\"><input type=\"button\" name=\"vote\" value=\"   Vota   \" class=\"Buttons\" onclick=\"poll_vote(275);\" \/><\/p><p style=\"text-align: center\"><a href=\"#ViewPollResults\" onclick=\"poll_result(275); return false;\" title=\"View Results Of This Poll\">Mira els resultats<\/a><\/p><\/div>\n\t<\/form>\n<\/div>\n<div id=\"polls-275-loading\" class=\"wp-polls-loading\"><img decoding=\"async\" data-src=\"https:\/\/conversesacatalunya.cat\/wp-content\/plugins\/wp-polls\/images\/loading.gif\" width=\"16\" height=\"16\" alt=\"Cargando ...\" title=\"Cargando ...\" class=\"wp-polls-image lazyload\" src=\"data:image\/svg+xml;base64,PHN2ZyB3aWR0aD0iMSIgaGVpZ2h0PSIxIiB4bWxucz0iaHR0cDovL3d3dy53My5vcmcvMjAwMC9zdmciPjwvc3ZnPg==\" style=\"--smush-placeholder-width: 16px; --smush-placeholder-aspect-ratio: 16\/16;\" \/>&nbsp;Cargando ...<\/div>\n\n","protected":false},"excerpt":{"rendered":"<p>Primero, los resultados CDU\/CSU,\u00a0\u00a0resultado actual: 28,6% de los votos, una variaci\u00f3n de +4,5 puntos porcentuales respecto a la elecci\u00f3n anterior. Se sit\u00faa por debajo del consenso de las encuestas (30%). En esca\u00f1os, supone un aumento de aproximadamente 12, pendiente todav\u00eda de los resultados definitivos, y alcanza 208, marcando una distancia hist\u00f3rica con su competidor habitual, la socialdemocracia. AfD (Alternativa por Alemania):\u00a0le ha votado uno de cada cinco alemanes: 20,8% de los votos. Adem\u00e1s de ser la segunda fuerza superando a la hist\u00f3rica socialdemocracia, es el primer partido en los lands que corresponden a la antigua Rep\u00fablica Democr\u00e1tica Alemana. Variaci\u00f3n: +10,5 puntos, pasando de cerca de 10,3% en la \u00faltima elecci\u00f3n. Las previsiones demosc\u00f3picas acertaron de lleno, as\u00ed como con los socialdem\u00f3cratas. Han pasado de 77 esca\u00f1os en 2021 a 151, duplic\u00e1ndolos y ganando cerca de 74 esca\u00f1os adicionales. SPD:\u00a0en la actualidad 16,4% de los votos. Variaci\u00f3n: -9,3 puntos, cayendo desde el 25,7% (su peor resultado en la historia desde la unificaci\u00f3n). Hasta ahora, su peor cifra hab\u00eda sido en 2017 con el 20,5% de los votos. A principios de siglo se situaba cerca del 40%. Ha sufrido una ca\u00edda dram\u00e1tica de diputados, ya que ha perdido 85, consiguiendo s\u00f3lo 125. Los Verdes:\u00a0\u00a011,6% de los votos. Variaci\u00f3n: -3,2 puntos (anteriormente cerca del 14,8%). Pierden, pero resisten mejor la ca\u00edda que los otros socios de gobierno (liberales y socialdem\u00f3cratas). Quedaron por debajo de las previsiones, que les daban una media del 13%. Pierden 8 diputados de los 93 que ten\u00edan. Die Linke:\u00a0obtiene el 8,8% de los votos. Un \u00e9xito, porque la variaci\u00f3n (+3,9 puntos) es un notable ascenso para un partido tan peque\u00f1o, que adem\u00e1s compet\u00eda con otro partido de izquierdas, la Alianza Sahra Wagenknecht (BSW, con un 4,97%), que en principio no ha entrado en el Parlament por poco, ya que se necesita el 5% de los sufragios. A\u00fan podr\u00eda hacerlo en el recuento final o si logra tres diputados en las elecciones en cada distrito electoral uninominal, que se rige por una f\u00f3rmula mayoritaria al estilo ingl\u00e9s. (En Alemania, la mitad de los diputados se eligen por listas de partidos en cada land y la otra mitad por voto unipersonal en cada circunscripci\u00f3n; si se consiguen tres diputados por esta v\u00eda, se tiene derecho a recoger la proporci\u00f3n de diputados que le corresponde por el resultado obtenido, aunque no llegue al 5% de los votos en la elecci\u00f3n). Ahora aumenta 25 esca\u00f1os, sobre los 39 que ten\u00eda. FDP (4,3%):\u00a0no super\u00f3 el umbral m\u00ednimo del 5% para entrar en el Parlamento y, junto a los socialdem\u00f3cratas, son los grandes perdedores. Con estos resultados, la suma de\u00a0CDU\/CSU y SPD llega a 208 + 121 = 329 esca\u00f1os, lo que les da la mayor\u00eda absoluta (la necesaria es 316) para gobernar sin requerir un tercer partido. Si finalmente entrara BSW, esa mayor\u00eda de dos podr\u00eda resultar insuficiente, aunque por muy poco. Las previsiones El escenario previsible es otra vez una\u00a0gran coalici\u00f3n CDU\/CSU con el SPD, un cl\u00e1sico alem\u00e1n, que tendr\u00eda por delante una oposici\u00f3n muy crecida a ambos extremos de la c\u00e1mara. As\u00ed,\u00a0Die Linke a la izquierda y Alternativa por Alemania a la derecha\u00a0son los que han obtenido mejores resultados relativos, mientras que la coalici\u00f3n de gobierno estar\u00eda formada por una socialdemocracia agotada y unos democristianos que siguen sin alcanzar el 30% de apoyo. El hecho de que Alternativa sea el primer partido del que fue Alemania Oriental augura una profundizaci\u00f3n de las diferencias territoriales, adem\u00e1s de las pol\u00edticas. Adem\u00e1s, ahora empezar\u00e1\u00a0la gran batalla en la UE para establecer el presupuesto del per\u00edodo 2028-2034\u00a0, uno de los m\u00e1s dif\u00edciles de la historia, lo que puede incrementar la tensi\u00f3n en el Parlamento y dentro de la misma coalici\u00f3n gubernamental. Se ha producido una\u00a0reconfiguraci\u00f3n del panorama pol\u00edtico\u00a0: La extrema derecha ha duplicado su cuota de voto, pasando de cerca del 10% a m\u00e1s del 20%. Este ascenso representa un cambio substancial en el equilibrio pol\u00edtico y evidencia una radicalizaci\u00f3n del electorado conservador. Derrota hist\u00f3rica del SPD:\u00a0con una ca\u00edda de m\u00e1s de 9 puntos (del 25,7% al 16,4%), ha obtenido su peor resultado desde la posguerra, planteando serias dudas sobre su capacidad para competir en el futuro y su papel en la pol\u00edtica alemana. Los Verdes han perdido apoyo, mientras que Die Linke ha recuperado terreno, lo que sugiere una reconfiguraci\u00f3n en la izquierda y una mayor fragmentaci\u00f3n del voto progresista. Mayor polarizaci\u00f3n:\u00a0el fuerte ascenso de la AfD y la p\u00e9rdida dr\u00e1stica de apoyo del SPD indican un desplazamiento del centro pol\u00edtico y una creciente polarizaci\u00f3n. Esto podr\u00eda traducirse en debates m\u00e1s tensos y una pol\u00edtica m\u00e1s fragmentada. Grandes retos para la nueva administraci\u00f3n:\u00a0Aunque la gran coalici\u00f3n entre\u00a0CDU\/CSU y SPD asegura una mayor\u00eda en el Parlamento, el debilitamiento del SPD podr\u00eda limitar su capacidad para influir en la agenda y obligar a los conservadores a tomar decisiones unilaterales en temas cr\u00edticos como\u00a0inmigraci\u00f3n, econom\u00eda y pol\u00edtica exterior. Implicaciones para Europa y el Atl\u00e1ntico:\u00a0el discurso de\u00a0Friedrich Merz\u00a0apunta a reforzar la autonom\u00eda europea y a reducir la dependencia de Estados Unidos, en un contexto de tensiones geopol\u00edticas y presi\u00f3n de actores externos (como la influencia de figuras vinculadas a\u00a0Trump o Musk). Esto podr\u00eda desencadenar una reorientaci\u00f3n en las relaciones internacionales de Alemania. Riesgo de estabilidad interna:\u00a0la combinaci\u00f3n de una participaci\u00f3n elevada (82,5%) y unos resultados muy polarizados plantea el reto de un gobierno que, a pesar de tener mayor\u00eda, deber\u00e1 gestionar tensiones internas y atender a las demandas de grupos disidentes, especialmente si\u00a0la AfD decide utilizar su posici\u00f3n fortalecida para presionar en futuros negociaciones o en el debate p\u00fablico. Conclusi\u00f3n El triunfo de\u00a0Friedrich Merz\u00a0y la reconfiguraci\u00f3n del Parlamento reflejan no s\u00f3lo un cambio en las preferencias electorales, sino tambi\u00e9n un momento de transici\u00f3n en el sistema pol\u00edtico alem\u00e1n, con\u00a0profundas implicaciones tanto a nivel interno como para la pol\u00edtica europea e internacional.<\/p>\n","protected":false},"author":81,"featured_media":85856,"comment_status":"open","ping_status":"open","sticky":false,"template":"","format":"standard","meta":{"_FSMCFIC_featured_image_caption":"","_FSMCFIC_featured_image_nocaption":"","_FSMCFIC_featured_image_hide":"","footnotes":""},"categories":[806],"tags":[3937],"class_list":["post-85861","post","type-post","status-publish","format-standard","has-post-thumbnail","hentry","category-punts-claus-del-dia-es","tag-elecciones-alemanas"],"yoast_head":"<!-- This site is optimized with the Yoast SEO plugin v26.8 - https:\/\/yoast.com\/product\/yoast-seo-wordpress\/ -->\n<title>Elecciones en Alemania: m\u00e1s all\u00e1 de las cifras, cuestiones clave - Converses a Catalunya<\/title>\n<meta name=\"description\" content=\"El triunfo de Friedrich Merz y la reconfiguraci\u00f3n del Parlamento reflejan no s\u00f3lo un cambio en las preferencias electorales, sino tambi\u00e9n un momento de transici\u00f3n en el sistema pol\u00edtico alem\u00e1n\" \/>\n<meta name=\"robots\" content=\"index, follow, max-snippet:-1, max-image-preview:large, max-video-preview:-1\" \/>\n<link rel=\"canonical\" href=\"https:\/\/conversesacatalunya.cat\/es\/elecciones-en-alemania-mas-alla-de-las-cifras-cuestiones-clave\/\" \/>\n<meta property=\"og:locale\" content=\"es_ES\" \/>\n<meta property=\"og:type\" content=\"article\" \/>\n<meta property=\"og:title\" content=\"Elecciones en Alemania: m\u00e1s all\u00e1 de las cifras, cuestiones clave - Converses a Catalunya\" \/>\n<meta property=\"og:description\" content=\"El triunfo de Friedrich Merz y la reconfiguraci\u00f3n del Parlamento reflejan no s\u00f3lo un cambio en las preferencias electorales, sino tambi\u00e9n un momento de transici\u00f3n en el sistema pol\u00edtico alem\u00e1n\" \/>\n<meta property=\"og:url\" content=\"https:\/\/conversesacatalunya.cat\/es\/elecciones-en-alemania-mas-alla-de-las-cifras-cuestiones-clave\/\" \/>\n<meta property=\"og:site_name\" content=\"Converses a Catalunya\" \/>\n<meta property=\"article:published_time\" content=\"2025-02-24T09:46:12+00:00\" \/>\n<meta property=\"article:modified_time\" content=\"2025-02-24T12:05:40+00:00\" \/>\n<meta property=\"og:image\" content=\"https:\/\/conversesacatalunya.cat\/wp-content\/uploads\/2025\/02\/Merz.jpg\" \/>\n\t<meta property=\"og:image:width\" content=\"508\" \/>\n\t<meta property=\"og:image:height\" content=\"288\" \/>\n\t<meta property=\"og:image:type\" content=\"image\/jpeg\" \/>\n<meta name=\"author\" content=\"Emili Clos\" \/>\n<meta name=\"twitter:card\" content=\"summary_large_image\" \/>\n<meta name=\"twitter:label1\" content=\"Escrito por\" \/>\n\t<meta name=\"twitter:data1\" content=\"Emili Clos\" \/>\n\t<meta name=\"twitter:label2\" content=\"Tiempo de lectura\" \/>\n\t<meta name=\"twitter:data2\" content=\"5 minutos\" \/>\n<script type=\"application\/ld+json\" class=\"yoast-schema-graph\">{\"@context\":\"https:\/\/schema.org\",\"@graph\":[{\"@type\":\"Article\",\"@id\":\"https:\/\/conversesacatalunya.cat\/es\/elecciones-en-alemania-mas-alla-de-las-cifras-cuestiones-clave\/#article\",\"isPartOf\":{\"@id\":\"https:\/\/conversesacatalunya.cat\/es\/elecciones-en-alemania-mas-alla-de-las-cifras-cuestiones-clave\/\"},\"author\":{\"name\":\"Emili Clos\",\"@id\":\"https:\/\/conversesacatalunya.cat\/#\/schema\/person\/46306de4129bccb959ed5e1720c4e3e7\"},\"headline\":\"Elecciones en Alemania: m\u00e1s all\u00e1 de las cifras, cuestiones clave\",\"datePublished\":\"2025-02-24T09:46:12+00:00\",\"dateModified\":\"2025-02-24T12:05:40+00:00\",\"mainEntityOfPage\":{\"@id\":\"https:\/\/conversesacatalunya.cat\/es\/elecciones-en-alemania-mas-alla-de-las-cifras-cuestiones-clave\/\"},\"wordCount\":1070,\"commentCount\":0,\"image\":{\"@id\":\"https:\/\/conversesacatalunya.cat\/es\/elecciones-en-alemania-mas-alla-de-las-cifras-cuestiones-clave\/#primaryimage\"},\"thumbnailUrl\":\"https:\/\/conversesacatalunya.cat\/wp-content\/uploads\/2025\/02\/Merz.jpg\",\"keywords\":[\"elecciones alemanas\"],\"articleSection\":[\"Punts clau del dia (ES)\"],\"inLanguage\":\"es\",\"potentialAction\":[{\"@type\":\"CommentAction\",\"name\":\"Comment\",\"target\":[\"https:\/\/conversesacatalunya.cat\/es\/elecciones-en-alemania-mas-alla-de-las-cifras-cuestiones-clave\/#respond\"]}]},{\"@type\":\"WebPage\",\"@id\":\"https:\/\/conversesacatalunya.cat\/es\/elecciones-en-alemania-mas-alla-de-las-cifras-cuestiones-clave\/\",\"url\":\"https:\/\/conversesacatalunya.cat\/es\/elecciones-en-alemania-mas-alla-de-las-cifras-cuestiones-clave\/\",\"name\":\"Elecciones en Alemania: m\u00e1s all\u00e1 de las cifras, cuestiones clave - Converses a Catalunya\",\"isPartOf\":{\"@id\":\"https:\/\/conversesacatalunya.cat\/#website\"},\"primaryImageOfPage\":{\"@id\":\"https:\/\/conversesacatalunya.cat\/es\/elecciones-en-alemania-mas-alla-de-las-cifras-cuestiones-clave\/#primaryimage\"},\"image\":{\"@id\":\"https:\/\/conversesacatalunya.cat\/es\/elecciones-en-alemania-mas-alla-de-las-cifras-cuestiones-clave\/#primaryimage\"},\"thumbnailUrl\":\"https:\/\/conversesacatalunya.cat\/wp-content\/uploads\/2025\/02\/Merz.jpg\",\"datePublished\":\"2025-02-24T09:46:12+00:00\",\"dateModified\":\"2025-02-24T12:05:40+00:00\",\"author\":{\"@id\":\"https:\/\/conversesacatalunya.cat\/#\/schema\/person\/46306de4129bccb959ed5e1720c4e3e7\"},\"description\":\"El triunfo de Friedrich Merz y la reconfiguraci\u00f3n del Parlamento reflejan no s\u00f3lo un cambio en las preferencias electorales, sino tambi\u00e9n un momento de transici\u00f3n en el sistema pol\u00edtico alem\u00e1n\",\"breadcrumb\":{\"@id\":\"https:\/\/conversesacatalunya.cat\/es\/elecciones-en-alemania-mas-alla-de-las-cifras-cuestiones-clave\/#breadcrumb\"},\"inLanguage\":\"es\",\"potentialAction\":[{\"@type\":\"ReadAction\",\"target\":[\"https:\/\/conversesacatalunya.cat\/es\/elecciones-en-alemania-mas-alla-de-las-cifras-cuestiones-clave\/\"]}]},{\"@type\":\"ImageObject\",\"inLanguage\":\"es\",\"@id\":\"https:\/\/conversesacatalunya.cat\/es\/elecciones-en-alemania-mas-alla-de-las-cifras-cuestiones-clave\/#primaryimage\",\"url\":\"https:\/\/conversesacatalunya.cat\/wp-content\/uploads\/2025\/02\/Merz.jpg\",\"contentUrl\":\"https:\/\/conversesacatalunya.cat\/wp-content\/uploads\/2025\/02\/Merz.jpg\",\"width\":508,\"height\":288},{\"@type\":\"BreadcrumbList\",\"@id\":\"https:\/\/conversesacatalunya.cat\/es\/elecciones-en-alemania-mas-alla-de-las-cifras-cuestiones-clave\/#breadcrumb\",\"itemListElement\":[{\"@type\":\"ListItem\",\"position\":1,\"name\":\"Inici\",\"item\":\"https:\/\/conversesacatalunya.cat\/es\/\"},{\"@type\":\"ListItem\",\"position\":2,\"name\":\"Elecciones en Alemania: m\u00e1s all\u00e1 de las cifras, cuestiones clave\"}]},{\"@type\":\"WebSite\",\"@id\":\"https:\/\/conversesacatalunya.cat\/#website\",\"url\":\"https:\/\/conversesacatalunya.cat\/\",\"name\":\"Converses a Catalunya\",\"description\":\"\",\"potentialAction\":[{\"@type\":\"SearchAction\",\"target\":{\"@type\":\"EntryPoint\",\"urlTemplate\":\"https:\/\/conversesacatalunya.cat\/?s={search_term_string}\"},\"query-input\":{\"@type\":\"PropertyValueSpecification\",\"valueRequired\":true,\"valueName\":\"search_term_string\"}}],\"inLanguage\":\"es\"},{\"@type\":\"Person\",\"@id\":\"https:\/\/conversesacatalunya.cat\/#\/schema\/person\/46306de4129bccb959ed5e1720c4e3e7\",\"name\":\"Emili Clos\",\"image\":{\"@type\":\"ImageObject\",\"inLanguage\":\"es\",\"@id\":\"https:\/\/conversesacatalunya.cat\/#\/schema\/person\/image\/\",\"url\":\"https:\/\/conversesacatalunya.cat\/wp-content\/litespeed\/avatar\/a9a662bd802eed79498de818aef91cc9.jpg?ver=1777701214\",\"contentUrl\":\"https:\/\/conversesacatalunya.cat\/wp-content\/litespeed\/avatar\/a9a662bd802eed79498de818aef91cc9.jpg?ver=1777701214\",\"caption\":\"Emili Clos\"},\"url\":\"https:\/\/conversesacatalunya.cat\/es\/author\/emili_clos\/\"}]}<\/script>\n<!-- \/ Yoast SEO plugin. -->","yoast_head_json":{"title":"Elecciones en Alemania: m\u00e1s all\u00e1 de las cifras, cuestiones clave - Converses a Catalunya","description":"El triunfo de Friedrich Merz y la reconfiguraci\u00f3n del Parlamento reflejan no s\u00f3lo un cambio en las preferencias electorales, sino tambi\u00e9n un momento de transici\u00f3n en el sistema pol\u00edtico alem\u00e1n","robots":{"index":"index","follow":"follow","max-snippet":"max-snippet:-1","max-image-preview":"max-image-preview:large","max-video-preview":"max-video-preview:-1"},"canonical":"https:\/\/conversesacatalunya.cat\/es\/elecciones-en-alemania-mas-alla-de-las-cifras-cuestiones-clave\/","og_locale":"es_ES","og_type":"article","og_title":"Elecciones en Alemania: m\u00e1s all\u00e1 de las cifras, cuestiones clave - Converses a Catalunya","og_description":"El triunfo de Friedrich Merz y la reconfiguraci\u00f3n del Parlamento reflejan no s\u00f3lo un cambio en las preferencias electorales, sino tambi\u00e9n un momento de transici\u00f3n en el sistema pol\u00edtico alem\u00e1n","og_url":"https:\/\/conversesacatalunya.cat\/es\/elecciones-en-alemania-mas-alla-de-las-cifras-cuestiones-clave\/","og_site_name":"Converses a Catalunya","article_published_time":"2025-02-24T09:46:12+00:00","article_modified_time":"2025-02-24T12:05:40+00:00","og_image":[{"width":508,"height":288,"url":"https:\/\/conversesacatalunya.cat\/wp-content\/uploads\/2025\/02\/Merz.jpg","type":"image\/jpeg"}],"author":"Emili Clos","twitter_card":"summary_large_image","twitter_misc":{"Escrito por":"Emili Clos","Tiempo de lectura":"5 minutos"},"schema":{"@context":"https:\/\/schema.org","@graph":[{"@type":"Article","@id":"https:\/\/conversesacatalunya.cat\/es\/elecciones-en-alemania-mas-alla-de-las-cifras-cuestiones-clave\/#article","isPartOf":{"@id":"https:\/\/conversesacatalunya.cat\/es\/elecciones-en-alemania-mas-alla-de-las-cifras-cuestiones-clave\/"},"author":{"name":"Emili Clos","@id":"https:\/\/conversesacatalunya.cat\/#\/schema\/person\/46306de4129bccb959ed5e1720c4e3e7"},"headline":"Elecciones en Alemania: m\u00e1s all\u00e1 de las cifras, cuestiones clave","datePublished":"2025-02-24T09:46:12+00:00","dateModified":"2025-02-24T12:05:40+00:00","mainEntityOfPage":{"@id":"https:\/\/conversesacatalunya.cat\/es\/elecciones-en-alemania-mas-alla-de-las-cifras-cuestiones-clave\/"},"wordCount":1070,"commentCount":0,"image":{"@id":"https:\/\/conversesacatalunya.cat\/es\/elecciones-en-alemania-mas-alla-de-las-cifras-cuestiones-clave\/#primaryimage"},"thumbnailUrl":"https:\/\/conversesacatalunya.cat\/wp-content\/uploads\/2025\/02\/Merz.jpg","keywords":["elecciones alemanas"],"articleSection":["Punts clau del dia (ES)"],"inLanguage":"es","potentialAction":[{"@type":"CommentAction","name":"Comment","target":["https:\/\/conversesacatalunya.cat\/es\/elecciones-en-alemania-mas-alla-de-las-cifras-cuestiones-clave\/#respond"]}]},{"@type":"WebPage","@id":"https:\/\/conversesacatalunya.cat\/es\/elecciones-en-alemania-mas-alla-de-las-cifras-cuestiones-clave\/","url":"https:\/\/conversesacatalunya.cat\/es\/elecciones-en-alemania-mas-alla-de-las-cifras-cuestiones-clave\/","name":"Elecciones en Alemania: m\u00e1s all\u00e1 de las cifras, cuestiones clave - Converses a Catalunya","isPartOf":{"@id":"https:\/\/conversesacatalunya.cat\/#website"},"primaryImageOfPage":{"@id":"https:\/\/conversesacatalunya.cat\/es\/elecciones-en-alemania-mas-alla-de-las-cifras-cuestiones-clave\/#primaryimage"},"image":{"@id":"https:\/\/conversesacatalunya.cat\/es\/elecciones-en-alemania-mas-alla-de-las-cifras-cuestiones-clave\/#primaryimage"},"thumbnailUrl":"https:\/\/conversesacatalunya.cat\/wp-content\/uploads\/2025\/02\/Merz.jpg","datePublished":"2025-02-24T09:46:12+00:00","dateModified":"2025-02-24T12:05:40+00:00","author":{"@id":"https:\/\/conversesacatalunya.cat\/#\/schema\/person\/46306de4129bccb959ed5e1720c4e3e7"},"description":"El triunfo de Friedrich Merz y la reconfiguraci\u00f3n del Parlamento reflejan no s\u00f3lo un cambio en las preferencias electorales, sino tambi\u00e9n un momento de transici\u00f3n en el sistema pol\u00edtico alem\u00e1n","breadcrumb":{"@id":"https:\/\/conversesacatalunya.cat\/es\/elecciones-en-alemania-mas-alla-de-las-cifras-cuestiones-clave\/#breadcrumb"},"inLanguage":"es","potentialAction":[{"@type":"ReadAction","target":["https:\/\/conversesacatalunya.cat\/es\/elecciones-en-alemania-mas-alla-de-las-cifras-cuestiones-clave\/"]}]},{"@type":"ImageObject","inLanguage":"es","@id":"https:\/\/conversesacatalunya.cat\/es\/elecciones-en-alemania-mas-alla-de-las-cifras-cuestiones-clave\/#primaryimage","url":"https:\/\/conversesacatalunya.cat\/wp-content\/uploads\/2025\/02\/Merz.jpg","contentUrl":"https:\/\/conversesacatalunya.cat\/wp-content\/uploads\/2025\/02\/Merz.jpg","width":508,"height":288},{"@type":"BreadcrumbList","@id":"https:\/\/conversesacatalunya.cat\/es\/elecciones-en-alemania-mas-alla-de-las-cifras-cuestiones-clave\/#breadcrumb","itemListElement":[{"@type":"ListItem","position":1,"name":"Inici","item":"https:\/\/conversesacatalunya.cat\/es\/"},{"@type":"ListItem","position":2,"name":"Elecciones en Alemania: m\u00e1s all\u00e1 de las cifras, cuestiones clave"}]},{"@type":"WebSite","@id":"https:\/\/conversesacatalunya.cat\/#website","url":"https:\/\/conversesacatalunya.cat\/","name":"Converses a Catalunya","description":"","potentialAction":[{"@type":"SearchAction","target":{"@type":"EntryPoint","urlTemplate":"https:\/\/conversesacatalunya.cat\/?s={search_term_string}"},"query-input":{"@type":"PropertyValueSpecification","valueRequired":true,"valueName":"search_term_string"}}],"inLanguage":"es"},{"@type":"Person","@id":"https:\/\/conversesacatalunya.cat\/#\/schema\/person\/46306de4129bccb959ed5e1720c4e3e7","name":"Emili Clos","image":{"@type":"ImageObject","inLanguage":"es","@id":"https:\/\/conversesacatalunya.cat\/#\/schema\/person\/image\/","url":"https:\/\/conversesacatalunya.cat\/wp-content\/litespeed\/avatar\/a9a662bd802eed79498de818aef91cc9.jpg?ver=1777701214","contentUrl":"https:\/\/conversesacatalunya.cat\/wp-content\/litespeed\/avatar\/a9a662bd802eed79498de818aef91cc9.jpg?ver=1777701214","caption":"Emili Clos"},"url":"https:\/\/conversesacatalunya.cat\/es\/author\/emili_clos\/"}]}},"wps_subtitle":"El triunfo de Friedrich Merz y la reconfiguraci\u00f3n del Parlamento reflejan no s\u00f3lo un cambio en las preferencias electorales, sino tambi\u00e9n un momento de transici\u00f3n en el sistema pol\u00edtico alem\u00e1n","_links":{"self":[{"href":"https:\/\/conversesacatalunya.cat\/es\/wp-json\/wp\/v2\/posts\/85861","targetHints":{"allow":["GET"]}}],"collection":[{"href":"https:\/\/conversesacatalunya.cat\/es\/wp-json\/wp\/v2\/posts"}],"about":[{"href":"https:\/\/conversesacatalunya.cat\/es\/wp-json\/wp\/v2\/types\/post"}],"author":[{"embeddable":true,"href":"https:\/\/conversesacatalunya.cat\/es\/wp-json\/wp\/v2\/users\/81"}],"replies":[{"embeddable":true,"href":"https:\/\/conversesacatalunya.cat\/es\/wp-json\/wp\/v2\/comments?post=85861"}],"version-history":[{"count":2,"href":"https:\/\/conversesacatalunya.cat\/es\/wp-json\/wp\/v2\/posts\/85861\/revisions"}],"predecessor-version":[{"id":85863,"href":"https:\/\/conversesacatalunya.cat\/es\/wp-json\/wp\/v2\/posts\/85861\/revisions\/85863"}],"wp:featuredmedia":[{"embeddable":true,"href":"https:\/\/conversesacatalunya.cat\/es\/wp-json\/wp\/v2\/media\/85856"}],"wp:attachment":[{"href":"https:\/\/conversesacatalunya.cat\/es\/wp-json\/wp\/v2\/media?parent=85861"}],"wp:term":[{"taxonomy":"category","embeddable":true,"href":"https:\/\/conversesacatalunya.cat\/es\/wp-json\/wp\/v2\/categories?post=85861"},{"taxonomy":"post_tag","embeddable":true,"href":"https:\/\/conversesacatalunya.cat\/es\/wp-json\/wp\/v2\/tags?post=85861"}],"curies":[{"name":"wp","href":"https:\/\/api.w.org\/{rel}","templated":true}]}}