{"id":85835,"date":"2025-02-21T10:36:24","date_gmt":"2025-02-21T09:36:24","guid":{"rendered":"https:\/\/conversesacatalunya.cat\/per-que-el-pla-illa-de-construir-50-000-habitatges-abans-del-2030-sera-una-altra-promesa-incomplerta\/"},"modified":"2025-02-21T11:31:24","modified_gmt":"2025-02-21T10:31:24","slug":"per-que-el-pla-illa-de-construir-50-000-habitatges-abans-del-2030-sera-una-altra-promesa-incomplerta","status":"publish","type":"post","link":"https:\/\/conversesacatalunya.cat\/es\/per-que-el-pla-illa-de-construir-50-000-habitatges-abans-del-2030-sera-una-altra-promesa-incomplerta\/","title":{"rendered":"Por qu\u00e9 el Plan Illa de construir 50.000 viviendas antes del 2030 ser\u00e1 otra promesa incumplida"},"content":{"rendered":"<p data-pm-slice=\"1 1 []\"><span><span class=\"\">Salvador Illa, presidente de la Generalitat de Catalu\u00f1a, ha anunciado un plan para construir\u00a0<\/span><strong><span class=\"\">50.000 viviendas p\u00fablicas antes de 2030<\/span><\/strong><span class=\"\">. Este ambicioso proyecto requiere una inversi\u00f3n total de 4.400 millones de euros, lo que se traduce en una inversi\u00f3n anual de 1.100 millones de euros.<\/span><\/span><\/p>\n<p data-pm-slice=\"1 1 []\"><span>Se trata de viviendas de alquiler p\u00fablicas. Un 25% de las nuevas viviendas protegidas se destinar\u00e1n a j\u00f3venes, un 10% se asignar\u00e1 a personas vulnerables. Esto representa 17.500 viviendas de car\u00e1cter social y el resto de mercado, algo l\u00f3gico teniendo en cuenta que la aportaci\u00f3n p\u00fablica por vivienda es de 88.000 euros, lo que significa que el peso de la iniciativa debe recaer en el sector privado.<\/span><\/p>\n<p><span>Para que el plan salga adelante, se establecen unas estrategias clave:<\/span><\/p>\n<ul>\n<li><span><strong>Reserva p\u00fablica de suelo<\/strong>: Se crear\u00e1 una reserva de suelo p\u00fablico para ayudar a los municipios a promover el suelo disponible.<\/span><\/li>\n<li><span><strong>Agilizaci\u00f3n de tr\u00e1mites<\/strong>: Se busca reducir en un 50% el tiempo de entrega de las llaves.<\/span><\/li>\n<li><span><strong>Colaboraci\u00f3n p\u00fablico-privada<\/strong>: Se fomentar\u00e1 la cooperaci\u00f3n entre sectores.<\/span><\/li>\n<li><span><strong>Aumento de ayudas<\/strong>: Se incrementar\u00e1n las ayudas para facilitar el acceso a la vivienda.<\/span><\/li>\n<\/ul>\n<p><span>La primera convocatoria para la reserva de solares est\u00e1 prevista para febrero.<\/span><\/p>\n<p><span>En condiciones normales, el tiempo para obtener la aprobaci\u00f3n de un proyecto de construcci\u00f3n var\u00eda significativamente, pero generalmente puede dividirse en dos fases principales:<\/span><\/p>\n<ol type=\"1\">\n<li><span><strong>Obtenci\u00f3n de la licencia de obras<\/strong>, que en una gran ciudad puede superar el a\u00f1o y, en poblaciones peque\u00f1as, resolverse en la mitad o menos. La media espa\u00f1ola, seg\u00fan la Asociaci\u00f3n de Promotores Constructores de Espa\u00f1a (APCE), es de 12 a 14 meses.<\/span><\/li>\n<li><span><strong>Licencia de primera ocupaci\u00f3n<\/strong>, que suele tardar entre 3 y 6 meses adicionales.<\/span><\/li>\n<\/ol>\n<p><span>En total, considerando ambas licencias, el proceso de aprobaci\u00f3n puede alargarse hasta veinte meses.<\/span><\/p>\n<p><span>Los factores que m\u00e1s influyen en el tiempo son: la eficacia del ayuntamiento, la complejidad del proyecto, la carga de trabajo del departamento de urbanismo del ayuntamiento y el tama\u00f1o de la localidad.<\/span><\/p>\n<p><span>A este plazo hay que a\u00f1adir el tiempo de construcci\u00f3n, que para una vivienda media suele durar entre 10 y 14 meses. En casos de construcci\u00f3n modular, el plazo se reduce significativamente a la mitad o incluso a una cuarta parte.<\/span><\/p>\n<p><span><span class=\"\">Las condiciones clim\u00e1ticas \u2014per\u00edodos de lluvias, sobre todo\u2014, la disponibilidad de materiales y mano de obra, adem\u00e1s de los imprevistos durante la construcci\u00f3n, tienen una gran importancia cuando se trata de un plan de 50.000 unidades en menos de cinco a\u00f1os.<\/span><\/span><\/p>\n<h4><span><strong>\u00bfEs todo esto posible? Analicemos:<\/strong><\/span><\/h4>\n<p><span>Las licencias consumen un a\u00f1o y la construcci\u00f3n es pr\u00e1cticamente otro en condiciones normales y a buen ritmo. Esto significa que las \u00faltimas viviendas deber\u00edan empezar a construirse en el 2028, dentro de tres a\u00f1os. Por tanto, habr\u00eda que resolver la disponibilidad de suelo y las licencias dentro de estos plazos, si no, el plan no se cumplir\u00e1. De entrada, esto es literalmente imposible, considerando que, adem\u00e1s, es la iniciativa privada la que lleva el peso de la operaci\u00f3n.<\/span><\/p>\n<p><span>La\u00a0<strong>propuesta de\u00a0<\/strong><strong>\u201clicencia b\u00e1sica\u201d<\/strong>\u00a0podr\u00eda simplificar y acelerar los tr\u00e1mites de forma que permita iniciar obras de nueva planta o rehabilitaci\u00f3n mientras se sigue con el tr\u00e1mite urban\u00edstico completo. Pero est\u00e1 por ver su aplicaci\u00f3n.<\/span><\/p>\n<p><span><strong>Dependencia interinstitucional<\/strong>: Para conseguir una reducci\u00f3n del 50% en los tiempos (como se ha prometido, pasando de, por ejemplo, 100 a 50 meses en ciertos casos) es imprescindible una coordinaci\u00f3n efectiva entre la Generalitat, los ayuntamientos y otros organismos (bomberos, polic\u00eda, etc.).<\/span><\/p>\n<p><span><strong>Riesgo cr\u00edtico<\/strong>: La reforma legislativa necesaria para esta agilizaci\u00f3n podr\u00eda enfrentar obst\u00e1culos pol\u00edticos o resistencias de las administraciones locales, lo que, en la pr\u00e1ctica, podr\u00eda no traducirse en la aceleraci\u00f3n esperada.<\/span><\/p>\n<h4><span><strong>La ejecuci\u00f3n de la construcci\u00f3n presenta otros retos<\/strong>\u00a0:<\/span><\/h4>\n<ul>\n<li><span><strong>Escalabilidad<\/strong>: Para cumplir el objetivo, habr\u00eda que construir entre 8.000 y 10.000 viviendas por a\u00f1o. Esto exige un despliegue enorme de recursos, mano de obra y coordinaci\u00f3n log\u00edstica, pero que, dados los tiempos, deber\u00edan movilizarse sobre todo en los primeros tres a\u00f1os; si no, los resultados podr\u00edan retrasarse hasta el 2040 o m\u00e1s all\u00e1, y entonces ya no ser\u00eda el plan presentado ni responder\u00eda a una acci\u00f3n de urgencia como la que se debe emprender.<\/span><\/li>\n<li><span>La incorporaci\u00f3n de\u00a0<strong>m\u00e9todos constructivos industrializados o modulares<\/strong>, como se sugiere, podr\u00eda acortar los plazos de edificaci\u00f3n, lo que permite acelerar la entrega de llaves, pero es dif\u00edcil que esto sea as\u00ed para la mayor\u00eda de las construcciones.<\/span><\/li>\n<li><span><strong>El plan depende de la colaboraci\u00f3n del sector privado<\/strong>, y hay que ver c\u00f3mo responder\u00e1 a las condiciones.<\/span><\/li>\n<li><span><strong>Existe un riesgo cr\u00edtico<\/strong>: Incluso con t\u00e9cnicas avanzadas, coordinar la ejecuci\u00f3n simult\u00e1nea en m\u00faltiples lugares implica riesgos de retrasos, problemas de calidad o cuellos de botella en la cadena de suministro que podr\u00edan comprometer el ritmo de construcci\u00f3n necesario.<\/span><\/li>\n<\/ul>\n<p><span>Uno de los pilares del plan es la creaci\u00f3n de un fondo o\u00a0<strong>reserva p\u00fablica de solares<\/strong>\u00a0para agilizar la disponibilidad de terreno. Esto requerir\u00e1 que la Generalitat y los ayuntamientos trabajen conjuntamente para identificar y ceder terrenos adecuados.<\/span><\/p>\n<p><span>Esto implica\u00a0<strong>aspectos legales y de planeamiento<\/strong>: la transformaci\u00f3n de suelo (a trav\u00e9s de la modificaci\u00f3n de la Ley de Urbanismo) es un proceso complejo que puede requerir estudios ambientales, aprobaci\u00f3n de cambios de uso y adaptaci\u00f3n a normativas locales, lo que normalmente lleva tiempo. Si la identificaci\u00f3n, aprobaci\u00f3n y cesi\u00f3n de estos solares no se\u00a0<strong>concreta de forma r\u00e1pida y coordinada<\/strong>, la falta de terreno adecuado ser\u00e1 otro cuello de botella fundamental que retrasar\u00e1 el inicio y la continuidad de las obras.<\/span><\/p>\n<p><span>En definitiva, aunque el enfoque innovador (<strong>licencia b\u00e1sica, uso de t\u00e9cnicas constructivas modernas y reserva de suelo<\/strong>) es prometedor, el plan se enfrenta a desaf\u00edos estructurales y de coordinaci\u00f3n que\u00a0<strong>hacen muy incierta su realizaci\u00f3n completa antes de 2030<\/strong>, salvo que se consiga un cambio sist\u00e9mico en la gesti\u00f3n p\u00fablica y una colaboraci\u00f3n estrecha entre el sector p\u00fablico y el privado.<\/span><\/p>\n<p><span>Conseguirlo, adem\u00e1s, con la estructura actual, organizaci\u00f3n y eficiencia administrativa de la Generalitat parece un optimismo equivalente al de los planes quinquenales de la URSS. Dicho de otra forma, el\u00a0<strong>plan tiene una formulaci\u00f3n aventurera<\/strong>, por no decir otra cosa, porque a los objetivos y novedades que incorpora no a\u00f1ade la transformaci\u00f3n organizativa que podr\u00eda hacer viable el intento.<\/span><\/p>\n<p><span><strong>Previsi\u00f3n<\/strong>: Una promesa que, una vez m\u00e1s, se incumplir\u00e1 y que ir\u00e1 seguida de nuevas promesas para paliar el incumplimiento, as\u00ed como de formulaciones maquilladas para presentar resultados que, para no enga\u00f1arnos, s\u00f3lo pueden ser unas:\u00a0<strong>cu\u00e1ntas viviendas del plan est\u00e1n en el mercado cada a\u00f1o<\/strong>.<\/span><\/p>\n<div id=\"polls-274\" class=\"wp-polls\">\n\t<form id=\"polls_form_274\" class=\"wp-polls-form\" action=\"\/index.php\" method=\"post\">\n\t\t<p style=\"display: none;\"><input type=\"hidden\" id=\"poll_274_nonce\" name=\"wp-polls-nonce\" value=\"e235716605\" \/><\/p>\n\t\t<p style=\"display: none;\"><input type=\"hidden\" name=\"poll_id\" value=\"274\" \/><\/p>\n\t\t<p style=\"text-align: center\"><strong>Creus que despr\u00e9s de les difer\u00e8ncies d'Europa amb la nova Administraci\u00f3 dels EUA s'ha produ\u00eft un canvi d'\u00e8poca?<\/strong><\/p><div id=\"polls-274-ans\" class=\"wp-polls-ans\"><ul class=\"wp-polls-ul\">\n\t\t<li><input type=\"radio\" id=\"poll-answer-773\" name=\"poll_274\" value=\"773\" \/> <label for=\"poll-answer-773\">S\u00ed<\/label><\/li>\n\t\t<li><input type=\"radio\" id=\"poll-answer-774\" name=\"poll_274\" value=\"774\" \/> <label for=\"poll-answer-774\">No<\/label><\/li>\n\t\t<li><input type=\"radio\" id=\"poll-answer-775\" name=\"poll_274\" value=\"775\" \/> <label for=\"poll-answer-775\">No ho s\u00e9<\/label><\/li>\n\t\t<\/ul><p style=\"text-align: center\"><input type=\"button\" name=\"vote\" value=\"   Vota   \" class=\"Buttons\" onclick=\"poll_vote(274);\" \/><\/p><p style=\"text-align: center\"><a href=\"#ViewPollResults\" onclick=\"poll_result(274); return false;\" title=\"View Results Of This Poll\">Mira els resultats<\/a><\/p><\/div>\n\t<\/form>\n<\/div>\n<div id=\"polls-274-loading\" class=\"wp-polls-loading\"><img decoding=\"async\" data-src=\"https:\/\/conversesacatalunya.cat\/wp-content\/plugins\/wp-polls\/images\/loading.gif\" width=\"16\" height=\"16\" alt=\"Cargando ...\" title=\"Cargando ...\" class=\"wp-polls-image lazyload\" src=\"data:image\/svg+xml;base64,PHN2ZyB3aWR0aD0iMSIgaGVpZ2h0PSIxIiB4bWxucz0iaHR0cDovL3d3dy53My5vcmcvMjAwMC9zdmciPjwvc3ZnPg==\" style=\"--smush-placeholder-width: 16px; --smush-placeholder-aspect-ratio: 16\/16;\" \/>&nbsp;Cargando ...<\/div>\n\n","protected":false},"excerpt":{"rendered":"<p>Salvador Illa, presidente de la Generalitat de Catalu\u00f1a, ha anunciado un plan para construir\u00a050.000 viviendas p\u00fablicas antes de 2030. Este ambicioso proyecto requiere una inversi\u00f3n total de 4.400 millones de euros, lo que se traduce en una inversi\u00f3n anual de 1.100 millones de euros. Se trata de viviendas de alquiler p\u00fablicas. Un 25% de las nuevas viviendas protegidas se destinar\u00e1n a j\u00f3venes, un 10% se asignar\u00e1 a personas vulnerables. Esto representa 17.500 viviendas de car\u00e1cter social y el resto de mercado, algo l\u00f3gico teniendo en cuenta que la aportaci\u00f3n p\u00fablica por vivienda es de 88.000 euros, lo que significa que el peso de la iniciativa debe recaer en el sector privado. Para que el plan salga adelante, se establecen unas estrategias clave: Reserva p\u00fablica de suelo: Se crear\u00e1 una reserva de suelo p\u00fablico para ayudar a los municipios a promover el suelo disponible. Agilizaci\u00f3n de tr\u00e1mites: Se busca reducir en un 50% el tiempo de entrega de las llaves. Colaboraci\u00f3n p\u00fablico-privada: Se fomentar\u00e1 la cooperaci\u00f3n entre sectores. Aumento de ayudas: Se incrementar\u00e1n las ayudas para facilitar el acceso a la vivienda. La primera convocatoria para la reserva de solares est\u00e1 prevista para febrero. En condiciones normales, el tiempo para obtener la aprobaci\u00f3n de un proyecto de construcci\u00f3n var\u00eda significativamente, pero generalmente puede dividirse en dos fases principales: Obtenci\u00f3n de la licencia de obras, que en una gran ciudad puede superar el a\u00f1o y, en poblaciones peque\u00f1as, resolverse en la mitad o menos. La media espa\u00f1ola, seg\u00fan la Asociaci\u00f3n de Promotores Constructores de Espa\u00f1a (APCE), es de 12 a 14 meses. Licencia de primera ocupaci\u00f3n, que suele tardar entre 3 y 6 meses adicionales. En total, considerando ambas licencias, el proceso de aprobaci\u00f3n puede alargarse hasta veinte meses. Los factores que m\u00e1s influyen en el tiempo son: la eficacia del ayuntamiento, la complejidad del proyecto, la carga de trabajo del departamento de urbanismo del ayuntamiento y el tama\u00f1o de la localidad. A este plazo hay que a\u00f1adir el tiempo de construcci\u00f3n, que para una vivienda media suele durar entre 10 y 14 meses. En casos de construcci\u00f3n modular, el plazo se reduce significativamente a la mitad o incluso a una cuarta parte. Las condiciones clim\u00e1ticas \u2014per\u00edodos de lluvias, sobre todo\u2014, la disponibilidad de materiales y mano de obra, adem\u00e1s de los imprevistos durante la construcci\u00f3n, tienen una gran importancia cuando se trata de un plan de 50.000 unidades en menos de cinco a\u00f1os. \u00bfEs todo esto posible? Analicemos: Las licencias consumen un a\u00f1o y la construcci\u00f3n es pr\u00e1cticamente otro en condiciones normales y a buen ritmo. Esto significa que las \u00faltimas viviendas deber\u00edan empezar a construirse en el 2028, dentro de tres a\u00f1os. Por tanto, habr\u00eda que resolver la disponibilidad de suelo y las licencias dentro de estos plazos, si no, el plan no se cumplir\u00e1. De entrada, esto es literalmente imposible, considerando que, adem\u00e1s, es la iniciativa privada la que lleva el peso de la operaci\u00f3n. La\u00a0propuesta de\u00a0\u201clicencia b\u00e1sica\u201d\u00a0podr\u00eda simplificar y acelerar los tr\u00e1mites de forma que permita iniciar obras de nueva planta o rehabilitaci\u00f3n mientras se sigue con el tr\u00e1mite urban\u00edstico completo. Pero est\u00e1 por ver su aplicaci\u00f3n. Dependencia interinstitucional: Para conseguir una reducci\u00f3n del 50% en los tiempos (como se ha prometido, pasando de, por ejemplo, 100 a 50 meses en ciertos casos) es imprescindible una coordinaci\u00f3n efectiva entre la Generalitat, los ayuntamientos y otros organismos (bomberos, polic\u00eda, etc.). Riesgo cr\u00edtico: La reforma legislativa necesaria para esta agilizaci\u00f3n podr\u00eda enfrentar obst\u00e1culos pol\u00edticos o resistencias de las administraciones locales, lo que, en la pr\u00e1ctica, podr\u00eda no traducirse en la aceleraci\u00f3n esperada. La ejecuci\u00f3n de la construcci\u00f3n presenta otros retos\u00a0: Escalabilidad: Para cumplir el objetivo, habr\u00eda que construir entre 8.000 y 10.000 viviendas por a\u00f1o. Esto exige un despliegue enorme de recursos, mano de obra y coordinaci\u00f3n log\u00edstica, pero que, dados los tiempos, deber\u00edan movilizarse sobre todo en los primeros tres a\u00f1os; si no, los resultados podr\u00edan retrasarse hasta el 2040 o m\u00e1s all\u00e1, y entonces ya no ser\u00eda el plan presentado ni responder\u00eda a una acci\u00f3n de urgencia como la que se debe emprender. La incorporaci\u00f3n de\u00a0m\u00e9todos constructivos industrializados o modulares, como se sugiere, podr\u00eda acortar los plazos de edificaci\u00f3n, lo que permite acelerar la entrega de llaves, pero es dif\u00edcil que esto sea as\u00ed para la mayor\u00eda de las construcciones. El plan depende de la colaboraci\u00f3n del sector privado, y hay que ver c\u00f3mo responder\u00e1 a las condiciones. Existe un riesgo cr\u00edtico: Incluso con t\u00e9cnicas avanzadas, coordinar la ejecuci\u00f3n simult\u00e1nea en m\u00faltiples lugares implica riesgos de retrasos, problemas de calidad o cuellos de botella en la cadena de suministro que podr\u00edan comprometer el ritmo de construcci\u00f3n necesario. Uno de los pilares del plan es la creaci\u00f3n de un fondo o\u00a0reserva p\u00fablica de solares\u00a0para agilizar la disponibilidad de terreno. Esto requerir\u00e1 que la Generalitat y los ayuntamientos trabajen conjuntamente para identificar y ceder terrenos adecuados. Esto implica\u00a0aspectos legales y de planeamiento: la transformaci\u00f3n de suelo (a trav\u00e9s de la modificaci\u00f3n de la Ley de Urbanismo) es un proceso complejo que puede requerir estudios ambientales, aprobaci\u00f3n de cambios de uso y adaptaci\u00f3n a normativas locales, lo que normalmente lleva tiempo. Si la identificaci\u00f3n, aprobaci\u00f3n y cesi\u00f3n de estos solares no se\u00a0concreta de forma r\u00e1pida y coordinada, la falta de terreno adecuado ser\u00e1 otro cuello de botella fundamental que retrasar\u00e1 el inicio y la continuidad de las obras. En definitiva, aunque el enfoque innovador (licencia b\u00e1sica, uso de t\u00e9cnicas constructivas modernas y reserva de suelo) es prometedor, el plan se enfrenta a desaf\u00edos estructurales y de coordinaci\u00f3n que\u00a0hacen muy incierta su realizaci\u00f3n completa antes de 2030, salvo que se consiga un cambio sist\u00e9mico en la gesti\u00f3n p\u00fablica y una colaboraci\u00f3n estrecha entre el sector p\u00fablico y el privado. Conseguirlo, adem\u00e1s, con la estructura actual, organizaci\u00f3n y eficiencia administrativa de la Generalitat parece un optimismo equivalente al de los planes quinquenales de la URSS. Dicho de otra forma, el\u00a0plan tiene una formulaci\u00f3n aventurera, por no decir otra cosa, porque a los objetivos y novedades que incorpora no a\u00f1ade la transformaci\u00f3n organizativa&#8230;<\/p>\n","protected":false},"author":77,"featured_media":85833,"comment_status":"open","ping_status":"open","sticky":false,"template":"","format":"standard","meta":{"_FSMCFIC_featured_image_caption":"","_FSMCFIC_featured_image_nocaption":"","_FSMCFIC_featured_image_hide":"","footnotes":""},"categories":[806],"tags":[1026,1035],"class_list":["post-85835","post","type-post","status-publish","format-standard","has-post-thumbnail","hentry","category-punts-claus-del-dia-es","tag-habitatge-es","tag-vivienda"],"yoast_head":"<!-- This site is optimized with the Yoast SEO plugin v26.8 - https:\/\/yoast.com\/product\/yoast-seo-wordpress\/ -->\n<title>Por qu\u00e9 el Plan Illa de construir 50.000 viviendas antes del 2030 ser\u00e1 otra promesa incumplida - Converses a Catalunya<\/title>\n<meta name=\"description\" content=\"Una promesa que, una vez m\u00e1s, se incumplir\u00e1 y que ir\u00e1 seguida de nuevas promesas para paliar el incumplimiento\" \/>\n<meta name=\"robots\" content=\"index, follow, max-snippet:-1, max-image-preview:large, max-video-preview:-1\" \/>\n<link rel=\"canonical\" href=\"https:\/\/conversesacatalunya.cat\/es\/per-que-el-pla-illa-de-construir-50-000-habitatges-abans-del-2030-sera-una-altra-promesa-incomplerta\/\" \/>\n<meta property=\"og:locale\" content=\"es_ES\" \/>\n<meta property=\"og:type\" content=\"article\" \/>\n<meta property=\"og:title\" content=\"Por qu\u00e9 el Plan Illa de construir 50.000 viviendas antes del 2030 ser\u00e1 otra promesa incumplida - Converses a Catalunya\" \/>\n<meta property=\"og:description\" content=\"Una promesa que, una vez m\u00e1s, se incumplir\u00e1 y que ir\u00e1 seguida de nuevas promesas para paliar el incumplimiento\" \/>\n<meta property=\"og:url\" content=\"https:\/\/conversesacatalunya.cat\/es\/per-que-el-pla-illa-de-construir-50-000-habitatges-abans-del-2030-sera-una-altra-promesa-incomplerta\/\" \/>\n<meta property=\"og:site_name\" content=\"Converses a Catalunya\" \/>\n<meta property=\"article:published_time\" content=\"2025-02-21T09:36:24+00:00\" \/>\n<meta property=\"article:modified_time\" content=\"2025-02-21T10:31:24+00:00\" \/>\n<meta property=\"og:image\" content=\"https:\/\/conversesacatalunya.cat\/wp-content\/uploads\/2025\/02\/habitatge.jpg\" \/>\n\t<meta property=\"og:image:width\" content=\"478\" \/>\n\t<meta property=\"og:image:height\" content=\"305\" \/>\n\t<meta property=\"og:image:type\" content=\"image\/jpeg\" \/>\n<meta name=\"author\" content=\"Enric Casanovas\" \/>\n<meta name=\"twitter:card\" content=\"summary_large_image\" \/>\n<meta name=\"twitter:label1\" content=\"Escrito por\" \/>\n\t<meta name=\"twitter:data1\" content=\"Enric Casanovas\" \/>\n\t<meta name=\"twitter:label2\" content=\"Tiempo de lectura\" \/>\n\t<meta name=\"twitter:data2\" content=\"6 minutos\" \/>\n<script type=\"application\/ld+json\" class=\"yoast-schema-graph\">{\"@context\":\"https:\/\/schema.org\",\"@graph\":[{\"@type\":\"Article\",\"@id\":\"https:\/\/conversesacatalunya.cat\/es\/per-que-el-pla-illa-de-construir-50-000-habitatges-abans-del-2030-sera-una-altra-promesa-incomplerta\/#article\",\"isPartOf\":{\"@id\":\"https:\/\/conversesacatalunya.cat\/es\/per-que-el-pla-illa-de-construir-50-000-habitatges-abans-del-2030-sera-una-altra-promesa-incomplerta\/\"},\"author\":{\"name\":\"Enric Casanovas\",\"@id\":\"https:\/\/conversesacatalunya.cat\/#\/schema\/person\/79bd0577b2f3afc8d6519d207c6e8609\"},\"headline\":\"Por qu\u00e9 el Plan Illa de construir 50.000 viviendas antes del 2030 ser\u00e1 otra promesa incumplida\",\"datePublished\":\"2025-02-21T09:36:24+00:00\",\"dateModified\":\"2025-02-21T10:31:24+00:00\",\"mainEntityOfPage\":{\"@id\":\"https:\/\/conversesacatalunya.cat\/es\/per-que-el-pla-illa-de-construir-50-000-habitatges-abans-del-2030-sera-una-altra-promesa-incomplerta\/\"},\"wordCount\":1183,\"commentCount\":0,\"image\":{\"@id\":\"https:\/\/conversesacatalunya.cat\/es\/per-que-el-pla-illa-de-construir-50-000-habitatges-abans-del-2030-sera-una-altra-promesa-incomplerta\/#primaryimage\"},\"thumbnailUrl\":\"https:\/\/conversesacatalunya.cat\/wp-content\/uploads\/2025\/02\/habitatge.jpg\",\"keywords\":[\"Habitatge\",\"vivienda\"],\"articleSection\":[\"Punts clau del dia (ES)\"],\"inLanguage\":\"es\",\"potentialAction\":[{\"@type\":\"CommentAction\",\"name\":\"Comment\",\"target\":[\"https:\/\/conversesacatalunya.cat\/es\/per-que-el-pla-illa-de-construir-50-000-habitatges-abans-del-2030-sera-una-altra-promesa-incomplerta\/#respond\"]}]},{\"@type\":\"WebPage\",\"@id\":\"https:\/\/conversesacatalunya.cat\/es\/per-que-el-pla-illa-de-construir-50-000-habitatges-abans-del-2030-sera-una-altra-promesa-incomplerta\/\",\"url\":\"https:\/\/conversesacatalunya.cat\/es\/per-que-el-pla-illa-de-construir-50-000-habitatges-abans-del-2030-sera-una-altra-promesa-incomplerta\/\",\"name\":\"Por qu\u00e9 el Plan Illa de construir 50.000 viviendas antes del 2030 ser\u00e1 otra promesa incumplida - Converses a Catalunya\",\"isPartOf\":{\"@id\":\"https:\/\/conversesacatalunya.cat\/#website\"},\"primaryImageOfPage\":{\"@id\":\"https:\/\/conversesacatalunya.cat\/es\/per-que-el-pla-illa-de-construir-50-000-habitatges-abans-del-2030-sera-una-altra-promesa-incomplerta\/#primaryimage\"},\"image\":{\"@id\":\"https:\/\/conversesacatalunya.cat\/es\/per-que-el-pla-illa-de-construir-50-000-habitatges-abans-del-2030-sera-una-altra-promesa-incomplerta\/#primaryimage\"},\"thumbnailUrl\":\"https:\/\/conversesacatalunya.cat\/wp-content\/uploads\/2025\/02\/habitatge.jpg\",\"datePublished\":\"2025-02-21T09:36:24+00:00\",\"dateModified\":\"2025-02-21T10:31:24+00:00\",\"author\":{\"@id\":\"https:\/\/conversesacatalunya.cat\/#\/schema\/person\/79bd0577b2f3afc8d6519d207c6e8609\"},\"description\":\"Una promesa que, una vez m\u00e1s, se incumplir\u00e1 y que ir\u00e1 seguida de nuevas promesas para paliar el incumplimiento\",\"breadcrumb\":{\"@id\":\"https:\/\/conversesacatalunya.cat\/es\/per-que-el-pla-illa-de-construir-50-000-habitatges-abans-del-2030-sera-una-altra-promesa-incomplerta\/#breadcrumb\"},\"inLanguage\":\"es\",\"potentialAction\":[{\"@type\":\"ReadAction\",\"target\":[\"https:\/\/conversesacatalunya.cat\/es\/per-que-el-pla-illa-de-construir-50-000-habitatges-abans-del-2030-sera-una-altra-promesa-incomplerta\/\"]}]},{\"@type\":\"ImageObject\",\"inLanguage\":\"es\",\"@id\":\"https:\/\/conversesacatalunya.cat\/es\/per-que-el-pla-illa-de-construir-50-000-habitatges-abans-del-2030-sera-una-altra-promesa-incomplerta\/#primaryimage\",\"url\":\"https:\/\/conversesacatalunya.cat\/wp-content\/uploads\/2025\/02\/habitatge.jpg\",\"contentUrl\":\"https:\/\/conversesacatalunya.cat\/wp-content\/uploads\/2025\/02\/habitatge.jpg\",\"width\":478,\"height\":305,\"caption\":\"Illa habitatges p\u00fablics\"},{\"@type\":\"BreadcrumbList\",\"@id\":\"https:\/\/conversesacatalunya.cat\/es\/per-que-el-pla-illa-de-construir-50-000-habitatges-abans-del-2030-sera-una-altra-promesa-incomplerta\/#breadcrumb\",\"itemListElement\":[{\"@type\":\"ListItem\",\"position\":1,\"name\":\"Inici\",\"item\":\"https:\/\/conversesacatalunya.cat\/es\/\"},{\"@type\":\"ListItem\",\"position\":2,\"name\":\"Por qu\u00e9 el Plan Illa de construir 50.000 viviendas antes del 2030 ser\u00e1 otra promesa incumplida\"}]},{\"@type\":\"WebSite\",\"@id\":\"https:\/\/conversesacatalunya.cat\/#website\",\"url\":\"https:\/\/conversesacatalunya.cat\/\",\"name\":\"Converses a Catalunya\",\"description\":\"\",\"potentialAction\":[{\"@type\":\"SearchAction\",\"target\":{\"@type\":\"EntryPoint\",\"urlTemplate\":\"https:\/\/conversesacatalunya.cat\/?s={search_term_string}\"},\"query-input\":{\"@type\":\"PropertyValueSpecification\",\"valueRequired\":true,\"valueName\":\"search_term_string\"}}],\"inLanguage\":\"es\"},{\"@type\":\"Person\",\"@id\":\"https:\/\/conversesacatalunya.cat\/#\/schema\/person\/79bd0577b2f3afc8d6519d207c6e8609\",\"name\":\"Enric Casanovas\",\"image\":{\"@type\":\"ImageObject\",\"inLanguage\":\"es\",\"@id\":\"https:\/\/conversesacatalunya.cat\/#\/schema\/person\/image\/\",\"url\":\"https:\/\/conversesacatalunya.cat\/wp-content\/litespeed\/avatar\/7ae4379ad4421ec77820e92afd36dd78.jpg?ver=1777373933\",\"contentUrl\":\"https:\/\/conversesacatalunya.cat\/wp-content\/litespeed\/avatar\/7ae4379ad4421ec77820e92afd36dd78.jpg?ver=1777373933\",\"caption\":\"Enric Casanovas\"},\"url\":\"https:\/\/conversesacatalunya.cat\/es\/author\/enric-casanovas\/\"}]}<\/script>\n<!-- \/ Yoast SEO plugin. -->","yoast_head_json":{"title":"Por qu\u00e9 el Plan Illa de construir 50.000 viviendas antes del 2030 ser\u00e1 otra promesa incumplida - Converses a Catalunya","description":"Una promesa que, una vez m\u00e1s, se incumplir\u00e1 y que ir\u00e1 seguida de nuevas promesas para paliar el incumplimiento","robots":{"index":"index","follow":"follow","max-snippet":"max-snippet:-1","max-image-preview":"max-image-preview:large","max-video-preview":"max-video-preview:-1"},"canonical":"https:\/\/conversesacatalunya.cat\/es\/per-que-el-pla-illa-de-construir-50-000-habitatges-abans-del-2030-sera-una-altra-promesa-incomplerta\/","og_locale":"es_ES","og_type":"article","og_title":"Por qu\u00e9 el Plan Illa de construir 50.000 viviendas antes del 2030 ser\u00e1 otra promesa incumplida - Converses a Catalunya","og_description":"Una promesa que, una vez m\u00e1s, se incumplir\u00e1 y que ir\u00e1 seguida de nuevas promesas para paliar el incumplimiento","og_url":"https:\/\/conversesacatalunya.cat\/es\/per-que-el-pla-illa-de-construir-50-000-habitatges-abans-del-2030-sera-una-altra-promesa-incomplerta\/","og_site_name":"Converses a Catalunya","article_published_time":"2025-02-21T09:36:24+00:00","article_modified_time":"2025-02-21T10:31:24+00:00","og_image":[{"width":478,"height":305,"url":"https:\/\/conversesacatalunya.cat\/wp-content\/uploads\/2025\/02\/habitatge.jpg","type":"image\/jpeg"}],"author":"Enric Casanovas","twitter_card":"summary_large_image","twitter_misc":{"Escrito por":"Enric Casanovas","Tiempo de lectura":"6 minutos"},"schema":{"@context":"https:\/\/schema.org","@graph":[{"@type":"Article","@id":"https:\/\/conversesacatalunya.cat\/es\/per-que-el-pla-illa-de-construir-50-000-habitatges-abans-del-2030-sera-una-altra-promesa-incomplerta\/#article","isPartOf":{"@id":"https:\/\/conversesacatalunya.cat\/es\/per-que-el-pla-illa-de-construir-50-000-habitatges-abans-del-2030-sera-una-altra-promesa-incomplerta\/"},"author":{"name":"Enric Casanovas","@id":"https:\/\/conversesacatalunya.cat\/#\/schema\/person\/79bd0577b2f3afc8d6519d207c6e8609"},"headline":"Por qu\u00e9 el Plan Illa de construir 50.000 viviendas antes del 2030 ser\u00e1 otra promesa incumplida","datePublished":"2025-02-21T09:36:24+00:00","dateModified":"2025-02-21T10:31:24+00:00","mainEntityOfPage":{"@id":"https:\/\/conversesacatalunya.cat\/es\/per-que-el-pla-illa-de-construir-50-000-habitatges-abans-del-2030-sera-una-altra-promesa-incomplerta\/"},"wordCount":1183,"commentCount":0,"image":{"@id":"https:\/\/conversesacatalunya.cat\/es\/per-que-el-pla-illa-de-construir-50-000-habitatges-abans-del-2030-sera-una-altra-promesa-incomplerta\/#primaryimage"},"thumbnailUrl":"https:\/\/conversesacatalunya.cat\/wp-content\/uploads\/2025\/02\/habitatge.jpg","keywords":["Habitatge","vivienda"],"articleSection":["Punts clau del dia (ES)"],"inLanguage":"es","potentialAction":[{"@type":"CommentAction","name":"Comment","target":["https:\/\/conversesacatalunya.cat\/es\/per-que-el-pla-illa-de-construir-50-000-habitatges-abans-del-2030-sera-una-altra-promesa-incomplerta\/#respond"]}]},{"@type":"WebPage","@id":"https:\/\/conversesacatalunya.cat\/es\/per-que-el-pla-illa-de-construir-50-000-habitatges-abans-del-2030-sera-una-altra-promesa-incomplerta\/","url":"https:\/\/conversesacatalunya.cat\/es\/per-que-el-pla-illa-de-construir-50-000-habitatges-abans-del-2030-sera-una-altra-promesa-incomplerta\/","name":"Por qu\u00e9 el Plan Illa de construir 50.000 viviendas antes del 2030 ser\u00e1 otra promesa incumplida - Converses a Catalunya","isPartOf":{"@id":"https:\/\/conversesacatalunya.cat\/#website"},"primaryImageOfPage":{"@id":"https:\/\/conversesacatalunya.cat\/es\/per-que-el-pla-illa-de-construir-50-000-habitatges-abans-del-2030-sera-una-altra-promesa-incomplerta\/#primaryimage"},"image":{"@id":"https:\/\/conversesacatalunya.cat\/es\/per-que-el-pla-illa-de-construir-50-000-habitatges-abans-del-2030-sera-una-altra-promesa-incomplerta\/#primaryimage"},"thumbnailUrl":"https:\/\/conversesacatalunya.cat\/wp-content\/uploads\/2025\/02\/habitatge.jpg","datePublished":"2025-02-21T09:36:24+00:00","dateModified":"2025-02-21T10:31:24+00:00","author":{"@id":"https:\/\/conversesacatalunya.cat\/#\/schema\/person\/79bd0577b2f3afc8d6519d207c6e8609"},"description":"Una promesa que, una vez m\u00e1s, se incumplir\u00e1 y que ir\u00e1 seguida de nuevas promesas para paliar el incumplimiento","breadcrumb":{"@id":"https:\/\/conversesacatalunya.cat\/es\/per-que-el-pla-illa-de-construir-50-000-habitatges-abans-del-2030-sera-una-altra-promesa-incomplerta\/#breadcrumb"},"inLanguage":"es","potentialAction":[{"@type":"ReadAction","target":["https:\/\/conversesacatalunya.cat\/es\/per-que-el-pla-illa-de-construir-50-000-habitatges-abans-del-2030-sera-una-altra-promesa-incomplerta\/"]}]},{"@type":"ImageObject","inLanguage":"es","@id":"https:\/\/conversesacatalunya.cat\/es\/per-que-el-pla-illa-de-construir-50-000-habitatges-abans-del-2030-sera-una-altra-promesa-incomplerta\/#primaryimage","url":"https:\/\/conversesacatalunya.cat\/wp-content\/uploads\/2025\/02\/habitatge.jpg","contentUrl":"https:\/\/conversesacatalunya.cat\/wp-content\/uploads\/2025\/02\/habitatge.jpg","width":478,"height":305,"caption":"Illa habitatges p\u00fablics"},{"@type":"BreadcrumbList","@id":"https:\/\/conversesacatalunya.cat\/es\/per-que-el-pla-illa-de-construir-50-000-habitatges-abans-del-2030-sera-una-altra-promesa-incomplerta\/#breadcrumb","itemListElement":[{"@type":"ListItem","position":1,"name":"Inici","item":"https:\/\/conversesacatalunya.cat\/es\/"},{"@type":"ListItem","position":2,"name":"Por qu\u00e9 el Plan Illa de construir 50.000 viviendas antes del 2030 ser\u00e1 otra promesa incumplida"}]},{"@type":"WebSite","@id":"https:\/\/conversesacatalunya.cat\/#website","url":"https:\/\/conversesacatalunya.cat\/","name":"Converses a Catalunya","description":"","potentialAction":[{"@type":"SearchAction","target":{"@type":"EntryPoint","urlTemplate":"https:\/\/conversesacatalunya.cat\/?s={search_term_string}"},"query-input":{"@type":"PropertyValueSpecification","valueRequired":true,"valueName":"search_term_string"}}],"inLanguage":"es"},{"@type":"Person","@id":"https:\/\/conversesacatalunya.cat\/#\/schema\/person\/79bd0577b2f3afc8d6519d207c6e8609","name":"Enric Casanovas","image":{"@type":"ImageObject","inLanguage":"es","@id":"https:\/\/conversesacatalunya.cat\/#\/schema\/person\/image\/","url":"https:\/\/conversesacatalunya.cat\/wp-content\/litespeed\/avatar\/7ae4379ad4421ec77820e92afd36dd78.jpg?ver=1777373933","contentUrl":"https:\/\/conversesacatalunya.cat\/wp-content\/litespeed\/avatar\/7ae4379ad4421ec77820e92afd36dd78.jpg?ver=1777373933","caption":"Enric Casanovas"},"url":"https:\/\/conversesacatalunya.cat\/es\/author\/enric-casanovas\/"}]}},"wps_subtitle":"Una promesa que, una vez m\u00e1s, se incumplir\u00e1 y que ir\u00e1 seguida de nuevas promesas para paliar el incumplimiento","_links":{"self":[{"href":"https:\/\/conversesacatalunya.cat\/es\/wp-json\/wp\/v2\/posts\/85835","targetHints":{"allow":["GET"]}}],"collection":[{"href":"https:\/\/conversesacatalunya.cat\/es\/wp-json\/wp\/v2\/posts"}],"about":[{"href":"https:\/\/conversesacatalunya.cat\/es\/wp-json\/wp\/v2\/types\/post"}],"author":[{"embeddable":true,"href":"https:\/\/conversesacatalunya.cat\/es\/wp-json\/wp\/v2\/users\/77"}],"replies":[{"embeddable":true,"href":"https:\/\/conversesacatalunya.cat\/es\/wp-json\/wp\/v2\/comments?post=85835"}],"version-history":[{"count":2,"href":"https:\/\/conversesacatalunya.cat\/es\/wp-json\/wp\/v2\/posts\/85835\/revisions"}],"predecessor-version":[{"id":85837,"href":"https:\/\/conversesacatalunya.cat\/es\/wp-json\/wp\/v2\/posts\/85835\/revisions\/85837"}],"wp:featuredmedia":[{"embeddable":true,"href":"https:\/\/conversesacatalunya.cat\/es\/wp-json\/wp\/v2\/media\/85833"}],"wp:attachment":[{"href":"https:\/\/conversesacatalunya.cat\/es\/wp-json\/wp\/v2\/media?parent=85835"}],"wp:term":[{"taxonomy":"category","embeddable":true,"href":"https:\/\/conversesacatalunya.cat\/es\/wp-json\/wp\/v2\/categories?post=85835"},{"taxonomy":"post_tag","embeddable":true,"href":"https:\/\/conversesacatalunya.cat\/es\/wp-json\/wp\/v2\/tags?post=85835"}],"curies":[{"name":"wp","href":"https:\/\/api.w.org\/{rel}","templated":true}]}}