{"id":85791,"date":"2025-02-20T10:00:21","date_gmt":"2025-02-20T09:00:21","guid":{"rendered":"https:\/\/conversesacatalunya.cat\/?p=85791"},"modified":"2025-02-20T10:00:21","modified_gmt":"2025-02-20T09:00:21","slug":"depresion-aislada-a-niveles-altos-dana","status":"publish","type":"post","link":"https:\/\/conversesacatalunya.cat\/es\/depresion-aislada-a-niveles-altos-dana\/","title":{"rendered":"Depresi\u00f3n aislada a niveles altos: DANA"},"content":{"rendered":"<p>Un fragmento de poes\u00eda de<strong> Salvador Espriu<\/strong>, que est\u00e1 situado al frente de un monumento dedicado a las v\u00edctimas de muertes accidentales, dice estas palabras: <strong>\u00abSento com la muda mort dels homes\/ s&#8217;emporta les meves paraules\/que esdev\u00e9 pur silenci en el meu dolor\u00bb<\/strong>. Estas palabras de Espriu, reflejan claramente, el choque doloroso de muertes inesperadas de personas por situaciones catastr\u00f3ficas.<\/p>\n<p>Cuando uno se encuentra en medio del caos, de la destrucci\u00f3n, de la desaparici\u00f3n y la muerte de personas queridas, nos parece que es el fin del mundo. No podemos saber la magnitud de la tragedia, si no lo vivimos en primera persona. Pero a pesar de ser o no perjudicados directos, el<strong> dolor colectivo<\/strong> pone de manifiesto que no todo est\u00e1 perdido.<\/p>\n<p>Los actos de solidaridad y ayuda, se produjeron de forma masiva. Ahora es necesario que la respuesta corporativa sea m\u00e1s firme y r\u00e1pida, y elegir los nuevos asentamientos, lejos de las posibles bajadas de agua. Pero por encima de todo, lo irreparable: la p\u00e9rdida de vidas humanas. Cu\u00e1nto dolor, especialmente para aquellos que han perdido a personas queridas.<\/p>\n<p>Una experiencia tan dura como \u00e9sta, debe hacernos reflexionar, tanto personal como colectivamente, para afianzar la prudencia y la prevenci\u00f3n. Es hora de reflexionar a fondo sobre nuestro comportamiento.<\/p>\n<p>Algo tan inocente como coger el coche, cuando lo hacen millones y millones de personas, se transforma en un grave da\u00f1o para la atm\u00f3sfera. Aumenta la cantidad de anh\u00eddrido carb\u00f3nico, que al tener m\u00e1s densidad que el aire forma una capa semiconductora que deja entrar la radiaci\u00f3n del sol, pero la deja salir poco, lo que aumenta la temperatura del aire, y este aire caliente sube porque pesa menos, dejando una zona de bajas presiones, que llevado al extremo genera una de \u00abdepresi\u00f3n aislada a niveles altos\u00bb,<a href=\"https:\/\/conversesacatalunya.cat\/es\/que-es-una-dana-y-que-la-diferencia-de-las-tormentas-de-toda-la-vida\/\" target=\"_blank\" rel=\"noopener\"><strong> la DANA<\/strong><\/a>, que descarga de golpe toda la masa de agua que lleva el aire h\u00famedo.<\/p>\n<p>Se han visto las inundaciones en Valencia, tambi\u00e9n en el Alt Empord\u00e0, el aguacero se llev\u00f3 una treintena de coches que quedaron amontonados bajo un puente al final de la riera de Cadaqu\u00e9s.<\/p>\n<p>Hay que evitar aquellos excesos que hacemos y que nos pasan por alto, pero que castigan el equilibrio termodin\u00e1mico del planeta, Los da\u00f1os, desgraciadamente, no est\u00e1n repartidos equitativamente, porque los pa\u00edses pobres siempre se llevan la peor parte.<\/p>\n<p>Reformar las conciencias ahora y en el futuro ser\u00e1 una necesidad de primer orden.<\/p>\n<span class='bctt-click-to-tweet'><span class='bctt-ctt-text'><a href='https:\/\/twitter.com\/intent\/tweet?url=https%3A%2F%2Fconversesacatalunya.cat%2Fes%2Fdepresion-aislada-a-niveles-altos-dana%2F&#038;text=Estas%20palabras%20de%20Espriu%2C%20reflejan%20claramente%2C%20el%20choque%20doloroso%20de%20muertes%20inesperadas%20de%20personas%20por%20situaciones%20catastr%C3%B3ficas&#038;via=conversesacat&#038;related=conversesacat' target='_blank'rel=\"noopener noreferrer\">Estas palabras de Espriu, reflejan claramente, el choque doloroso de muertes inesperadas de personas por situaciones catastr\u00f3ficas <\/a><\/span><a href='https:\/\/twitter.com\/intent\/tweet?url=https%3A%2F%2Fconversesacatalunya.cat%2Fes%2Fdepresion-aislada-a-niveles-altos-dana%2F&#038;text=Estas%20palabras%20de%20Espriu%2C%20reflejan%20claramente%2C%20el%20choque%20doloroso%20de%20muertes%20inesperadas%20de%20personas%20por%20situaciones%20catastr%C3%B3ficas&#038;via=conversesacat&#038;related=conversesacat' target='_blank' class='bctt-ctt-btn'rel=\"noopener noreferrer\">Compartir en X<\/a><\/span>\n<p>&nbsp;<\/p>\n","protected":false},"excerpt":{"rendered":"<p>Un fragmento de poes\u00eda de Salvador Espriu, que est\u00e1 situado al frente de un monumento dedicado a las v\u00edctimas de muertes accidentales, dice estas palabras: \u00abSento com la muda mort dels homes\/ s&#8217;emporta les meves paraules\/que esdev\u00e9 pur silenci en el meu dolor\u00bb. Estas palabras de Espriu, reflejan claramente, el choque doloroso de muertes inesperadas de personas por situaciones catastr\u00f3ficas. Cuando uno se encuentra en medio del caos, de la destrucci\u00f3n, de la desaparici\u00f3n y la muerte de personas queridas, nos parece que es el fin del mundo. No podemos saber la magnitud de la tragedia, si no lo vivimos en primera persona. Pero a pesar de ser o no perjudicados directos, el dolor colectivo pone de manifiesto que no todo est\u00e1 perdido. Los actos de solidaridad y ayuda, se produjeron de forma masiva. Ahora es necesario que la respuesta corporativa sea m\u00e1s firme y r\u00e1pida, y elegir los nuevos asentamientos, lejos de las posibles bajadas de agua. Pero por encima de todo, lo irreparable: la p\u00e9rdida de vidas humanas. Cu\u00e1nto dolor, especialmente para aquellos que han perdido a personas queridas. Una experiencia tan dura como \u00e9sta, debe hacernos reflexionar, tanto personal como colectivamente, para afianzar la prudencia y la prevenci\u00f3n. Es hora de reflexionar a fondo sobre nuestro comportamiento. Algo tan inocente como coger el coche, cuando lo hacen millones y millones de personas, se transforma en un grave da\u00f1o para la atm\u00f3sfera. Aumenta la cantidad de anh\u00eddrido carb\u00f3nico, que al tener m\u00e1s densidad que el aire forma una capa semiconductora que deja entrar la radiaci\u00f3n del sol, pero la deja salir poco, lo que aumenta la temperatura del aire, y este aire caliente sube porque pesa menos, dejando una zona de bajas presiones, que llevado al extremo genera una de \u00abdepresi\u00f3n aislada a niveles altos\u00bb, la DANA, que descarga de golpe toda la masa de agua que lleva el aire h\u00famedo. Se han visto las inundaciones en Valencia, tambi\u00e9n en el Alt Empord\u00e0, el aguacero se llev\u00f3 una treintena de coches que quedaron amontonados bajo un puente al final de la riera de Cadaqu\u00e9s. Hay que evitar aquellos excesos que hacemos y que nos pasan por alto, pero que castigan el equilibrio termodin\u00e1mico del planeta, Los da\u00f1os, desgraciadamente, no est\u00e1n repartidos equitativamente, porque los pa\u00edses pobres siempre se llevan la peor parte. Reformar las conciencias ahora y en el futuro ser\u00e1 una necesidad de primer orden. &nbsp;<\/p>\n","protected":false},"author":16,"featured_media":85787,"comment_status":"open","ping_status":"open","sticky":false,"template":"","format":"standard","meta":{"_FSMCFIC_featured_image_caption":"","_FSMCFIC_featured_image_nocaption":"","_FSMCFIC_featured_image_hide":"","footnotes":""},"categories":[804],"tags":[5212],"class_list":["post-85791","post","type-post","status-publish","format-standard","has-post-thumbnail","hentry","category-opinem-es","tag-dana-es"],"yoast_head":"<!-- This site is optimized with the Yoast SEO plugin v26.8 - https:\/\/yoast.com\/product\/yoast-seo-wordpress\/ -->\n<title>Depresi\u00f3n aislada a niveles altos: DANA - Converses a Catalunya<\/title>\n<meta name=\"description\" content=\"Estas palabras de Espriu, reflejan claramente, el choque doloroso de muertes inesperadas de personas por situaciones catastr\u00f3ficas\" \/>\n<meta name=\"robots\" content=\"index, follow, max-snippet:-1, max-image-preview:large, max-video-preview:-1\" \/>\n<link rel=\"canonical\" href=\"https:\/\/conversesacatalunya.cat\/es\/depresion-aislada-a-niveles-altos-dana\/\" \/>\n<meta property=\"og:locale\" content=\"es_ES\" \/>\n<meta property=\"og:type\" content=\"article\" \/>\n<meta property=\"og:title\" content=\"Depresi\u00f3n aislada a niveles altos: DANA - Converses a Catalunya\" \/>\n<meta property=\"og:description\" content=\"Estas palabras de Espriu, reflejan claramente, el choque doloroso de muertes inesperadas de personas por situaciones catastr\u00f3ficas\" \/>\n<meta property=\"og:url\" content=\"https:\/\/conversesacatalunya.cat\/es\/depresion-aislada-a-niveles-altos-dana\/\" \/>\n<meta property=\"og:site_name\" content=\"Converses a Catalunya\" \/>\n<meta property=\"article:published_time\" content=\"2025-02-20T09:00:21+00:00\" \/>\n<meta property=\"og:image\" content=\"https:\/\/conversesacatalunya.cat\/wp-content\/uploads\/2025\/02\/pexels-photo-1440372.jpeg\" \/>\n\t<meta property=\"og:image:width\" content=\"1125\" \/>\n\t<meta property=\"og:image:height\" content=\"750\" \/>\n\t<meta property=\"og:image:type\" content=\"image\/jpeg\" \/>\n<meta name=\"author\" content=\"Antoni Pedragosa\" \/>\n<meta name=\"twitter:card\" content=\"summary_large_image\" \/>\n<meta name=\"twitter:label1\" content=\"Escrito por\" \/>\n\t<meta name=\"twitter:data1\" content=\"Antoni Pedragosa\" \/>\n\t<meta name=\"twitter:label2\" content=\"Tiempo de lectura\" \/>\n\t<meta name=\"twitter:data2\" content=\"2 minutos\" \/>\n<script type=\"application\/ld+json\" class=\"yoast-schema-graph\">{\"@context\":\"https:\/\/schema.org\",\"@graph\":[{\"@type\":\"Article\",\"@id\":\"https:\/\/conversesacatalunya.cat\/es\/depresion-aislada-a-niveles-altos-dana\/#article\",\"isPartOf\":{\"@id\":\"https:\/\/conversesacatalunya.cat\/es\/depresion-aislada-a-niveles-altos-dana\/\"},\"author\":{\"name\":\"Antoni Pedragosa\",\"@id\":\"https:\/\/conversesacatalunya.cat\/#\/schema\/person\/c7d367ce5cf939081390b9cff82b9efa\"},\"headline\":\"Depresi\u00f3n aislada a niveles altos: DANA\",\"datePublished\":\"2025-02-20T09:00:21+00:00\",\"mainEntityOfPage\":{\"@id\":\"https:\/\/conversesacatalunya.cat\/es\/depresion-aislada-a-niveles-altos-dana\/\"},\"wordCount\":454,\"commentCount\":0,\"image\":{\"@id\":\"https:\/\/conversesacatalunya.cat\/es\/depresion-aislada-a-niveles-altos-dana\/#primaryimage\"},\"thumbnailUrl\":\"https:\/\/conversesacatalunya.cat\/wp-content\/uploads\/2025\/02\/pexels-photo-1440372.jpeg\",\"keywords\":[\"DANA\"],\"articleSection\":[\"Opinem (ES)\"],\"inLanguage\":\"es\",\"potentialAction\":[{\"@type\":\"CommentAction\",\"name\":\"Comment\",\"target\":[\"https:\/\/conversesacatalunya.cat\/es\/depresion-aislada-a-niveles-altos-dana\/#respond\"]}]},{\"@type\":\"WebPage\",\"@id\":\"https:\/\/conversesacatalunya.cat\/es\/depresion-aislada-a-niveles-altos-dana\/\",\"url\":\"https:\/\/conversesacatalunya.cat\/es\/depresion-aislada-a-niveles-altos-dana\/\",\"name\":\"Depresi\u00f3n aislada a niveles altos: DANA - Converses a Catalunya\",\"isPartOf\":{\"@id\":\"https:\/\/conversesacatalunya.cat\/#website\"},\"primaryImageOfPage\":{\"@id\":\"https:\/\/conversesacatalunya.cat\/es\/depresion-aislada-a-niveles-altos-dana\/#primaryimage\"},\"image\":{\"@id\":\"https:\/\/conversesacatalunya.cat\/es\/depresion-aislada-a-niveles-altos-dana\/#primaryimage\"},\"thumbnailUrl\":\"https:\/\/conversesacatalunya.cat\/wp-content\/uploads\/2025\/02\/pexels-photo-1440372.jpeg\",\"datePublished\":\"2025-02-20T09:00:21+00:00\",\"author\":{\"@id\":\"https:\/\/conversesacatalunya.cat\/#\/schema\/person\/c7d367ce5cf939081390b9cff82b9efa\"},\"description\":\"Estas palabras de Espriu, reflejan claramente, el choque doloroso de muertes inesperadas de personas por situaciones catastr\u00f3ficas\",\"breadcrumb\":{\"@id\":\"https:\/\/conversesacatalunya.cat\/es\/depresion-aislada-a-niveles-altos-dana\/#breadcrumb\"},\"inLanguage\":\"es\",\"potentialAction\":[{\"@type\":\"ReadAction\",\"target\":[\"https:\/\/conversesacatalunya.cat\/es\/depresion-aislada-a-niveles-altos-dana\/\"]}]},{\"@type\":\"ImageObject\",\"inLanguage\":\"es\",\"@id\":\"https:\/\/conversesacatalunya.cat\/es\/depresion-aislada-a-niveles-altos-dana\/#primaryimage\",\"url\":\"https:\/\/conversesacatalunya.cat\/wp-content\/uploads\/2025\/02\/pexels-photo-1440372.jpeg\",\"contentUrl\":\"https:\/\/conversesacatalunya.cat\/wp-content\/uploads\/2025\/02\/pexels-photo-1440372.jpeg\",\"width\":1125,\"height\":750,\"caption\":\"muertes inesperadas\"},{\"@type\":\"BreadcrumbList\",\"@id\":\"https:\/\/conversesacatalunya.cat\/es\/depresion-aislada-a-niveles-altos-dana\/#breadcrumb\",\"itemListElement\":[{\"@type\":\"ListItem\",\"position\":1,\"name\":\"Inici\",\"item\":\"https:\/\/conversesacatalunya.cat\/es\/\"},{\"@type\":\"ListItem\",\"position\":2,\"name\":\"Depresi\u00f3n aislada a niveles altos: DANA\"}]},{\"@type\":\"WebSite\",\"@id\":\"https:\/\/conversesacatalunya.cat\/#website\",\"url\":\"https:\/\/conversesacatalunya.cat\/\",\"name\":\"Converses a Catalunya\",\"description\":\"\",\"potentialAction\":[{\"@type\":\"SearchAction\",\"target\":{\"@type\":\"EntryPoint\",\"urlTemplate\":\"https:\/\/conversesacatalunya.cat\/?s={search_term_string}\"},\"query-input\":{\"@type\":\"PropertyValueSpecification\",\"valueRequired\":true,\"valueName\":\"search_term_string\"}}],\"inLanguage\":\"es\"},{\"@type\":\"Person\",\"@id\":\"https:\/\/conversesacatalunya.cat\/#\/schema\/person\/c7d367ce5cf939081390b9cff82b9efa\",\"name\":\"Antoni Pedragosa\",\"image\":{\"@type\":\"ImageObject\",\"inLanguage\":\"es\",\"@id\":\"https:\/\/conversesacatalunya.cat\/#\/schema\/person\/image\/\",\"url\":\"https:\/\/conversesacatalunya.cat\/wp-content\/litespeed\/avatar\/a65bdd7b7b57e4f85109aaf65843a0eb.jpg?ver=1777376633\",\"contentUrl\":\"https:\/\/conversesacatalunya.cat\/wp-content\/litespeed\/avatar\/a65bdd7b7b57e4f85109aaf65843a0eb.jpg?ver=1777376633\",\"caption\":\"Antoni Pedragosa\"},\"url\":\"https:\/\/conversesacatalunya.cat\/es\/author\/antoni-pedragosa\/\"}]}<\/script>\n<!-- \/ Yoast SEO plugin. -->","yoast_head_json":{"title":"Depresi\u00f3n aislada a niveles altos: DANA - Converses a Catalunya","description":"Estas palabras de Espriu, reflejan claramente, el choque doloroso de muertes inesperadas de personas por situaciones catastr\u00f3ficas","robots":{"index":"index","follow":"follow","max-snippet":"max-snippet:-1","max-image-preview":"max-image-preview:large","max-video-preview":"max-video-preview:-1"},"canonical":"https:\/\/conversesacatalunya.cat\/es\/depresion-aislada-a-niveles-altos-dana\/","og_locale":"es_ES","og_type":"article","og_title":"Depresi\u00f3n aislada a niveles altos: DANA - Converses a Catalunya","og_description":"Estas palabras de Espriu, reflejan claramente, el choque doloroso de muertes inesperadas de personas por situaciones catastr\u00f3ficas","og_url":"https:\/\/conversesacatalunya.cat\/es\/depresion-aislada-a-niveles-altos-dana\/","og_site_name":"Converses a Catalunya","article_published_time":"2025-02-20T09:00:21+00:00","og_image":[{"width":1125,"height":750,"url":"https:\/\/conversesacatalunya.cat\/wp-content\/uploads\/2025\/02\/pexels-photo-1440372.jpeg","type":"image\/jpeg"}],"author":"Antoni Pedragosa","twitter_card":"summary_large_image","twitter_misc":{"Escrito por":"Antoni Pedragosa","Tiempo de lectura":"2 minutos"},"schema":{"@context":"https:\/\/schema.org","@graph":[{"@type":"Article","@id":"https:\/\/conversesacatalunya.cat\/es\/depresion-aislada-a-niveles-altos-dana\/#article","isPartOf":{"@id":"https:\/\/conversesacatalunya.cat\/es\/depresion-aislada-a-niveles-altos-dana\/"},"author":{"name":"Antoni Pedragosa","@id":"https:\/\/conversesacatalunya.cat\/#\/schema\/person\/c7d367ce5cf939081390b9cff82b9efa"},"headline":"Depresi\u00f3n aislada a niveles altos: DANA","datePublished":"2025-02-20T09:00:21+00:00","mainEntityOfPage":{"@id":"https:\/\/conversesacatalunya.cat\/es\/depresion-aislada-a-niveles-altos-dana\/"},"wordCount":454,"commentCount":0,"image":{"@id":"https:\/\/conversesacatalunya.cat\/es\/depresion-aislada-a-niveles-altos-dana\/#primaryimage"},"thumbnailUrl":"https:\/\/conversesacatalunya.cat\/wp-content\/uploads\/2025\/02\/pexels-photo-1440372.jpeg","keywords":["DANA"],"articleSection":["Opinem (ES)"],"inLanguage":"es","potentialAction":[{"@type":"CommentAction","name":"Comment","target":["https:\/\/conversesacatalunya.cat\/es\/depresion-aislada-a-niveles-altos-dana\/#respond"]}]},{"@type":"WebPage","@id":"https:\/\/conversesacatalunya.cat\/es\/depresion-aislada-a-niveles-altos-dana\/","url":"https:\/\/conversesacatalunya.cat\/es\/depresion-aislada-a-niveles-altos-dana\/","name":"Depresi\u00f3n aislada a niveles altos: DANA - Converses a Catalunya","isPartOf":{"@id":"https:\/\/conversesacatalunya.cat\/#website"},"primaryImageOfPage":{"@id":"https:\/\/conversesacatalunya.cat\/es\/depresion-aislada-a-niveles-altos-dana\/#primaryimage"},"image":{"@id":"https:\/\/conversesacatalunya.cat\/es\/depresion-aislada-a-niveles-altos-dana\/#primaryimage"},"thumbnailUrl":"https:\/\/conversesacatalunya.cat\/wp-content\/uploads\/2025\/02\/pexels-photo-1440372.jpeg","datePublished":"2025-02-20T09:00:21+00:00","author":{"@id":"https:\/\/conversesacatalunya.cat\/#\/schema\/person\/c7d367ce5cf939081390b9cff82b9efa"},"description":"Estas palabras de Espriu, reflejan claramente, el choque doloroso de muertes inesperadas de personas por situaciones catastr\u00f3ficas","breadcrumb":{"@id":"https:\/\/conversesacatalunya.cat\/es\/depresion-aislada-a-niveles-altos-dana\/#breadcrumb"},"inLanguage":"es","potentialAction":[{"@type":"ReadAction","target":["https:\/\/conversesacatalunya.cat\/es\/depresion-aislada-a-niveles-altos-dana\/"]}]},{"@type":"ImageObject","inLanguage":"es","@id":"https:\/\/conversesacatalunya.cat\/es\/depresion-aislada-a-niveles-altos-dana\/#primaryimage","url":"https:\/\/conversesacatalunya.cat\/wp-content\/uploads\/2025\/02\/pexels-photo-1440372.jpeg","contentUrl":"https:\/\/conversesacatalunya.cat\/wp-content\/uploads\/2025\/02\/pexels-photo-1440372.jpeg","width":1125,"height":750,"caption":"muertes inesperadas"},{"@type":"BreadcrumbList","@id":"https:\/\/conversesacatalunya.cat\/es\/depresion-aislada-a-niveles-altos-dana\/#breadcrumb","itemListElement":[{"@type":"ListItem","position":1,"name":"Inici","item":"https:\/\/conversesacatalunya.cat\/es\/"},{"@type":"ListItem","position":2,"name":"Depresi\u00f3n aislada a niveles altos: DANA"}]},{"@type":"WebSite","@id":"https:\/\/conversesacatalunya.cat\/#website","url":"https:\/\/conversesacatalunya.cat\/","name":"Converses a Catalunya","description":"","potentialAction":[{"@type":"SearchAction","target":{"@type":"EntryPoint","urlTemplate":"https:\/\/conversesacatalunya.cat\/?s={search_term_string}"},"query-input":{"@type":"PropertyValueSpecification","valueRequired":true,"valueName":"search_term_string"}}],"inLanguage":"es"},{"@type":"Person","@id":"https:\/\/conversesacatalunya.cat\/#\/schema\/person\/c7d367ce5cf939081390b9cff82b9efa","name":"Antoni Pedragosa","image":{"@type":"ImageObject","inLanguage":"es","@id":"https:\/\/conversesacatalunya.cat\/#\/schema\/person\/image\/","url":"https:\/\/conversesacatalunya.cat\/wp-content\/litespeed\/avatar\/a65bdd7b7b57e4f85109aaf65843a0eb.jpg?ver=1777376633","contentUrl":"https:\/\/conversesacatalunya.cat\/wp-content\/litespeed\/avatar\/a65bdd7b7b57e4f85109aaf65843a0eb.jpg?ver=1777376633","caption":"Antoni Pedragosa"},"url":"https:\/\/conversesacatalunya.cat\/es\/author\/antoni-pedragosa\/"}]}},"wps_subtitle":"\"Sento com la muda mort dels homes\/ s'emporta les meves paraules\/que esdev\u00e9 pur silenci en el meu dolor\"","_links":{"self":[{"href":"https:\/\/conversesacatalunya.cat\/es\/wp-json\/wp\/v2\/posts\/85791","targetHints":{"allow":["GET"]}}],"collection":[{"href":"https:\/\/conversesacatalunya.cat\/es\/wp-json\/wp\/v2\/posts"}],"about":[{"href":"https:\/\/conversesacatalunya.cat\/es\/wp-json\/wp\/v2\/types\/post"}],"author":[{"embeddable":true,"href":"https:\/\/conversesacatalunya.cat\/es\/wp-json\/wp\/v2\/users\/16"}],"replies":[{"embeddable":true,"href":"https:\/\/conversesacatalunya.cat\/es\/wp-json\/wp\/v2\/comments?post=85791"}],"version-history":[{"count":4,"href":"https:\/\/conversesacatalunya.cat\/es\/wp-json\/wp\/v2\/posts\/85791\/revisions"}],"predecessor-version":[{"id":85792,"href":"https:\/\/conversesacatalunya.cat\/es\/wp-json\/wp\/v2\/posts\/85791\/revisions\/85792"}],"wp:featuredmedia":[{"embeddable":true,"href":"https:\/\/conversesacatalunya.cat\/es\/wp-json\/wp\/v2\/media\/85787"}],"wp:attachment":[{"href":"https:\/\/conversesacatalunya.cat\/es\/wp-json\/wp\/v2\/media?parent=85791"}],"wp:term":[{"taxonomy":"category","embeddable":true,"href":"https:\/\/conversesacatalunya.cat\/es\/wp-json\/wp\/v2\/categories?post=85791"},{"taxonomy":"post_tag","embeddable":true,"href":"https:\/\/conversesacatalunya.cat\/es\/wp-json\/wp\/v2\/tags?post=85791"}],"curies":[{"name":"wp","href":"https:\/\/api.w.org\/{rel}","templated":true}]}}