{"id":85729,"date":"2025-02-18T12:18:21","date_gmt":"2025-02-18T11:18:21","guid":{"rendered":"https:\/\/conversesacatalunya.cat\/electricitat-intelligencia-artificial-i-canvi-climatic\/"},"modified":"2025-02-18T13:16:19","modified_gmt":"2025-02-18T12:16:19","slug":"electricidad-inteligencia-artificial-y-cambio-climatico","status":"publish","type":"post","link":"https:\/\/conversesacatalunya.cat\/es\/electricidad-inteligencia-artificial-y-cambio-climatico\/","title":{"rendered":"El desorden de quienes nos gobiernan: Electricidad, Inteligencia Artificial y cambio clim\u00e1tico"},"content":{"rendered":"<p data-pm-slice=\"1 1 []\"><span>La noticia ha saltado a los medios:\u00a0<strong>los centros de datos y la Inteligencia Artificial (IA) generan tanta demanda el\u00e9ctrica<\/strong>\u00a0que en cinco a\u00f1os a\u00f1adir\u00e1n a la demanda el\u00e9ctrica europea el equivalente del consumo de un pa\u00eds como Espa\u00f1a, situ\u00e1ndola en 287 Terawatts hora (TWh).<\/span><\/p>\n<p data-pm-slice=\"1 1 []\"><span>A este hecho se le a\u00f1ade el todo el\u00e9ctrico para los veh\u00edculos autom\u00f3viles que tambi\u00e9n contribuir\u00e1n a un aumento extraordinario de la electricidad. Por si no fuera suficiente, existe adem\u00e1s el impulso a la producci\u00f3n de\u00a0<strong>hidr\u00f3geno verde<\/strong>, que en realidad no es otra cosa que agua + electricidad.<\/span><\/p>\n<p><span>Estos tres hechos tienen un especial impacto en Espa\u00f1a y Catalu\u00f1a, porque somos o queremos ser puesto de cabeza en grandes centrales de datos, grandes emplazamientos inform\u00e1ticos y de IA, tambi\u00e9n queremos ser l\u00edderes del coche el\u00e9ctrico, seg\u00fan los planes oficiales, que no son \u2013 a la vista est\u00e1 \u2013 demasiado seguidos por la gente y \u00a1vaya!, debemos ser el <a href=\"https:\/\/conversesacatalunya.cat\/es\/hidrogeno-verde-barcelona-marsella\/\">productor de hidr\u00f3gen verde<\/a> para toda Europa, canaliz\u00e1ndolo con una conducci\u00f3n submarina desde Barcelona a Marsella.\u00a0<\/span><\/p>\n<p><span>Por si fuera poco\u00a0<strong>cerraremos las centrales nucleares<\/strong>, que en el caso de Catalu\u00f1a producen la mayor parte de la electricidad que consumimos y a pesar de que vayamos muy atrasados \u200b\u200ben la producci\u00f3n de electricidad de fuentes renovables.<\/span><\/p>\n<p><span>\u00bfNadie es capaz de constatar que todo esto al mismo tiempo es imposible? Para ser m\u00e1s precisos es una burrada, que deja sin credibilidad al gobierno espa\u00f1ol y al de la Generalitat, a la Comisi\u00f3n Europea, y algunos m\u00e1s empezando por Alemania, que ahora paga factura de todas sus p\u00e9simas decisiones.\u00a0<strong>Se enga\u00f1an y nos enga\u00f1an y lo peor de todo es que lo hacen para servir a \u201cclich\u00e9s\u201d ideol\u00f3gicos de lo que se considera pol\u00edticamente correcto<\/strong>.<\/span><\/p>\n<p><span>F\u00edjese en los datos de la Producci\u00f3n el\u00e9ctrica:<\/span><\/p>\n<h4><span><strong>Espa\u00f1a:<\/strong><\/span><\/h4>\n<ul>\n<li><span><strong>Energ\u00eda e\u00f3lica:<\/strong>\u00a0En 2023, la energ\u00eda e\u00f3lica se consolid\u00f3 como la principal fuente de generaci\u00f3n el\u00e9ctrica en Espa\u00f1a, representando el 23,5% de la producci\u00f3n total.<\/span><\/li>\n<li><span><strong>Energ\u00eda nuclear:<\/strong>\u00a0Ocup\u00f3 el segundo puesto, aportando aproximadamente el 20,5% de la electricidad generada en el pa\u00eds.<\/span><\/li>\n<li><span><strong>Ciclo combinado:<\/strong>\u00a0Las plantas de ciclo combinado, que utilizan gas natural, contribuyeron con un 17,3% al mix energ\u00e9tico.<\/span><\/li>\n<li><span><strong>Energ\u00eda solar:<\/strong>\u00a0La energ\u00eda solar, incluyendo fotovoltaica y termosolar, represent\u00f3 el 14% de la generaci\u00f3n el\u00e9ctrica en 2023.<\/span><\/li>\n<li><span><strong>Energ\u00eda hidr\u00e1ulica:<\/strong>\u00a0Aport\u00f3 un 9,5% al \u200b\u200btotal de la producci\u00f3n el\u00e9ctrica, incrementando su participaci\u00f3n en un 41,1% respecto al a\u00f1o anterior a causa de condiciones hidrol\u00f3gicas m\u00e1s favorables.<\/span><\/li>\n<\/ul>\n<p><span>En conjunto, las fuentes renovables representaron el 50,8% de la generaci\u00f3n el\u00e9ctrica en Espa\u00f1a en el 2023. Solo la mitad del total, mientras que la nuclear representa una quinta parte. \u00bfC\u00f3mo resolveremos ese 20%, que desaparecer\u00e1 m\u00e1s, de incremento de demanda que puede ser del 100% en cinco a\u00f1os?<\/span><\/p>\n<h4><span><strong>El caso de Catalu\u00f1a es peor<\/strong><\/span><\/h4>\n<ul>\n<li><span><strong>Energ\u00eda nuclear:<\/strong>\u00a0Catalu\u00f1a se destaca por su alta dependencia de la energ\u00eda nuclear, que en 2021 represent\u00f3 el 58,7% de su producci\u00f3n el\u00e9ctrica.<\/span><\/li>\n<li><span><strong>Ciclo combinado:<\/strong>\u00a0Contribuy\u00f3 con un 12,1% al mix energ\u00e9tico catal\u00e1n el mismo a\u00f1o.<\/span><\/li>\n<li><span><strong>Cogeneraci\u00f3n:<\/strong>\u00a0Aport\u00f3 un 11,4% a la generaci\u00f3n el\u00e9ctrica de la regi\u00f3n.<\/span><\/li>\n<li><span><strong>Energ\u00edas renovables:<\/strong>\u00a0Aunque en crecimiento, las fuentes renovables representaron el 17% de la producci\u00f3n total en 2021, con la energ\u00eda hidr\u00e1ulica liderando ese segmento con un 8,5%.<\/span><\/li>\n<\/ul>\n<p><span>Sin aumentos de demanda, ni hidr\u00f3geno ni centros de datos ni de IA el cierre nos situar\u00e1 en una crisis de producci\u00f3n. \u00bfC\u00f3mo mantener con estas cifras el calendario de cierre de las nucleares? Es una locura.<\/span><\/p>\n<p><span><span class=\"VIpgJd-yAWNEb-VIpgJd-fmcmS-sn54Q\">Pero es que adem\u00e1s es importante destacar que Catalu\u00f1a ha sido la comunidad aut\u00f3noma que m\u00e1s energ\u00eda el\u00e9ctrica ha generado sin emitir CO\u2082 equivalente a la atm\u00f3sfera, llegando a un 76% de su producci\u00f3n libre de emisiones en 2021 y esto no se debe a las renovables, que tienen una escasa presencia, sino a las nucleares.<\/span><\/span><\/p>\n<blockquote><p><span>\u00bfNo se trataba de luchar contra el cambio clim\u00e1tico?<\/span><\/p><\/blockquote>\n<div id=\"polls-274\" class=\"wp-polls\">\n\t<form id=\"polls_form_274\" class=\"wp-polls-form\" action=\"\/index.php\" method=\"post\">\n\t\t<p style=\"display: none;\"><input type=\"hidden\" id=\"poll_274_nonce\" name=\"wp-polls-nonce\" value=\"cd2d07773b\" \/><\/p>\n\t\t<p style=\"display: none;\"><input type=\"hidden\" name=\"poll_id\" value=\"274\" \/><\/p>\n\t\t<p style=\"text-align: center\"><strong>Creus que despr\u00e9s de les difer\u00e8ncies d'Europa amb la nova Administraci\u00f3 dels EUA s'ha produ\u00eft un canvi d'\u00e8poca?<\/strong><\/p><div id=\"polls-274-ans\" class=\"wp-polls-ans\"><ul class=\"wp-polls-ul\">\n\t\t<li><input type=\"radio\" id=\"poll-answer-773\" name=\"poll_274\" value=\"773\" \/> <label for=\"poll-answer-773\">S\u00ed<\/label><\/li>\n\t\t<li><input type=\"radio\" id=\"poll-answer-774\" name=\"poll_274\" value=\"774\" \/> <label for=\"poll-answer-774\">No<\/label><\/li>\n\t\t<li><input type=\"radio\" id=\"poll-answer-775\" name=\"poll_274\" value=\"775\" \/> <label for=\"poll-answer-775\">No ho s\u00e9<\/label><\/li>\n\t\t<\/ul><p style=\"text-align: center\"><input type=\"button\" name=\"vote\" value=\"   Vota   \" class=\"Buttons\" onclick=\"poll_vote(274);\" \/><\/p><p style=\"text-align: center\"><a href=\"#ViewPollResults\" onclick=\"poll_result(274); return false;\" title=\"View Results Of This Poll\">Mira els resultats<\/a><\/p><\/div>\n\t<\/form>\n<\/div>\n<div id=\"polls-274-loading\" class=\"wp-polls-loading\"><img decoding=\"async\" data-src=\"https:\/\/conversesacatalunya.cat\/wp-content\/plugins\/wp-polls\/images\/loading.gif\" width=\"16\" height=\"16\" alt=\"Cargando ...\" title=\"Cargando ...\" class=\"wp-polls-image lazyload\" src=\"data:image\/svg+xml;base64,PHN2ZyB3aWR0aD0iMSIgaGVpZ2h0PSIxIiB4bWxucz0iaHR0cDovL3d3dy53My5vcmcvMjAwMC9zdmciPjwvc3ZnPg==\" style=\"--smush-placeholder-width: 16px; --smush-placeholder-aspect-ratio: 16\/16;\" \/>&nbsp;Cargando ...<\/div>\n\n","protected":false},"excerpt":{"rendered":"<p>La noticia ha saltado a los medios:\u00a0los centros de datos y la Inteligencia Artificial (IA) generan tanta demanda el\u00e9ctrica\u00a0que en cinco a\u00f1os a\u00f1adir\u00e1n a la demanda el\u00e9ctrica europea el equivalente del consumo de un pa\u00eds como Espa\u00f1a, situ\u00e1ndola en 287 Terawatts hora (TWh). A este hecho se le a\u00f1ade el todo el\u00e9ctrico para los veh\u00edculos autom\u00f3viles que tambi\u00e9n contribuir\u00e1n a un aumento extraordinario de la electricidad. Por si no fuera suficiente, existe adem\u00e1s el impulso a la producci\u00f3n de\u00a0hidr\u00f3geno verde, que en realidad no es otra cosa que agua + electricidad. Estos tres hechos tienen un especial impacto en Espa\u00f1a y Catalu\u00f1a, porque somos o queremos ser puesto de cabeza en grandes centrales de datos, grandes emplazamientos inform\u00e1ticos y de IA, tambi\u00e9n queremos ser l\u00edderes del coche el\u00e9ctrico, seg\u00fan los planes oficiales, que no son \u2013 a la vista est\u00e1 \u2013 demasiado seguidos por la gente y \u00a1vaya!, debemos ser el productor de hidr\u00f3gen verde para toda Europa, canaliz\u00e1ndolo con una conducci\u00f3n submarina desde Barcelona a Marsella.\u00a0 Por si fuera poco\u00a0cerraremos las centrales nucleares, que en el caso de Catalu\u00f1a producen la mayor parte de la electricidad que consumimos y a pesar de que vayamos muy atrasados \u200b\u200ben la producci\u00f3n de electricidad de fuentes renovables. \u00bfNadie es capaz de constatar que todo esto al mismo tiempo es imposible? Para ser m\u00e1s precisos es una burrada, que deja sin credibilidad al gobierno espa\u00f1ol y al de la Generalitat, a la Comisi\u00f3n Europea, y algunos m\u00e1s empezando por Alemania, que ahora paga factura de todas sus p\u00e9simas decisiones.\u00a0Se enga\u00f1an y nos enga\u00f1an y lo peor de todo es que lo hacen para servir a \u201cclich\u00e9s\u201d ideol\u00f3gicos de lo que se considera pol\u00edticamente correcto. F\u00edjese en los datos de la Producci\u00f3n el\u00e9ctrica: Espa\u00f1a: Energ\u00eda e\u00f3lica:\u00a0En 2023, la energ\u00eda e\u00f3lica se consolid\u00f3 como la principal fuente de generaci\u00f3n el\u00e9ctrica en Espa\u00f1a, representando el 23,5% de la producci\u00f3n total. Energ\u00eda nuclear:\u00a0Ocup\u00f3 el segundo puesto, aportando aproximadamente el 20,5% de la electricidad generada en el pa\u00eds. Ciclo combinado:\u00a0Las plantas de ciclo combinado, que utilizan gas natural, contribuyeron con un 17,3% al mix energ\u00e9tico. Energ\u00eda solar:\u00a0La energ\u00eda solar, incluyendo fotovoltaica y termosolar, represent\u00f3 el 14% de la generaci\u00f3n el\u00e9ctrica en 2023. Energ\u00eda hidr\u00e1ulica:\u00a0Aport\u00f3 un 9,5% al \u200b\u200btotal de la producci\u00f3n el\u00e9ctrica, incrementando su participaci\u00f3n en un 41,1% respecto al a\u00f1o anterior a causa de condiciones hidrol\u00f3gicas m\u00e1s favorables. En conjunto, las fuentes renovables representaron el 50,8% de la generaci\u00f3n el\u00e9ctrica en Espa\u00f1a en el 2023. Solo la mitad del total, mientras que la nuclear representa una quinta parte. \u00bfC\u00f3mo resolveremos ese 20%, que desaparecer\u00e1 m\u00e1s, de incremento de demanda que puede ser del 100% en cinco a\u00f1os? El caso de Catalu\u00f1a es peor Energ\u00eda nuclear:\u00a0Catalu\u00f1a se destaca por su alta dependencia de la energ\u00eda nuclear, que en 2021 represent\u00f3 el 58,7% de su producci\u00f3n el\u00e9ctrica. Ciclo combinado:\u00a0Contribuy\u00f3 con un 12,1% al mix energ\u00e9tico catal\u00e1n el mismo a\u00f1o. Cogeneraci\u00f3n:\u00a0Aport\u00f3 un 11,4% a la generaci\u00f3n el\u00e9ctrica de la regi\u00f3n. Energ\u00edas renovables:\u00a0Aunque en crecimiento, las fuentes renovables representaron el 17% de la producci\u00f3n total en 2021, con la energ\u00eda hidr\u00e1ulica liderando ese segmento con un 8,5%. Sin aumentos de demanda, ni hidr\u00f3geno ni centros de datos ni de IA el cierre nos situar\u00e1 en una crisis de producci\u00f3n. \u00bfC\u00f3mo mantener con estas cifras el calendario de cierre de las nucleares? Es una locura. Pero es que adem\u00e1s es importante destacar que Catalu\u00f1a ha sido la comunidad aut\u00f3noma que m\u00e1s energ\u00eda el\u00e9ctrica ha generado sin emitir CO\u2082 equivalente a la atm\u00f3sfera, llegando a un 76% de su producci\u00f3n libre de emisiones en 2021 y esto no se debe a las renovables, que tienen una escasa presencia, sino a las nucleares. \u00bfNo se trataba de luchar contra el cambio clim\u00e1tico?<\/p>\n","protected":false},"author":77,"featured_media":85707,"comment_status":"open","ping_status":"open","sticky":false,"template":"","format":"standard","meta":{"_FSMCFIC_featured_image_caption":"","_FSMCFIC_featured_image_nocaption":"","_FSMCFIC_featured_image_hide":"","footnotes":""},"categories":[806],"tags":[1267,3372,4919,1642],"class_list":["post-85729","post","type-post","status-publish","format-standard","has-post-thumbnail","hentry","category-punts-claus-del-dia-es","tag-cambio-climatico","tag-electricidad","tag-hidrogeno-verde","tag-inteligencia-artificial-es"],"yoast_head":"<!-- This site is optimized with the Yoast SEO plugin v26.8 - https:\/\/yoast.com\/product\/yoast-seo-wordpress\/ -->\n<title>El desorden de quienes nos gobiernan: Electricidad, Inteligencia Artificial y cambio clim\u00e1tico - Converses a Catalunya<\/title>\n<meta name=\"description\" content=\"Se enga\u00f1an y nos enga\u00f1an y lo peor de todo es que lo hacen para servir a \u201cclich\u00e9s\u201d ideol\u00f3gicos de lo que se considera pol\u00edticamente correcto\" \/>\n<meta name=\"robots\" content=\"index, follow, max-snippet:-1, max-image-preview:large, max-video-preview:-1\" \/>\n<link rel=\"canonical\" href=\"https:\/\/conversesacatalunya.cat\/es\/electricidad-inteligencia-artificial-y-cambio-climatico\/\" \/>\n<meta property=\"og:locale\" content=\"es_ES\" \/>\n<meta property=\"og:type\" content=\"article\" \/>\n<meta property=\"og:title\" content=\"El desorden de quienes nos gobiernan: Electricidad, Inteligencia Artificial y cambio clim\u00e1tico - Converses a Catalunya\" \/>\n<meta property=\"og:description\" content=\"Se enga\u00f1an y nos enga\u00f1an y lo peor de todo es que lo hacen para servir a \u201cclich\u00e9s\u201d ideol\u00f3gicos de lo que se considera pol\u00edticamente correcto\" \/>\n<meta property=\"og:url\" content=\"https:\/\/conversesacatalunya.cat\/es\/electricidad-inteligencia-artificial-y-cambio-climatico\/\" \/>\n<meta property=\"og:site_name\" content=\"Converses a Catalunya\" \/>\n<meta property=\"article:published_time\" content=\"2025-02-18T11:18:21+00:00\" \/>\n<meta property=\"article:modified_time\" content=\"2025-02-18T12:16:19+00:00\" \/>\n<meta property=\"og:image\" content=\"https:\/\/conversesacatalunya.cat\/wp-content\/uploads\/2025\/02\/electricitat.jpg\" \/>\n\t<meta property=\"og:image:width\" content=\"434\" \/>\n\t<meta property=\"og:image:height\" content=\"304\" \/>\n\t<meta property=\"og:image:type\" content=\"image\/jpeg\" \/>\n<meta name=\"author\" content=\"Enric Casanovas\" \/>\n<meta name=\"twitter:card\" content=\"summary_large_image\" \/>\n<meta name=\"twitter:label1\" content=\"Escrito por\" \/>\n\t<meta name=\"twitter:data1\" content=\"Enric Casanovas\" \/>\n\t<meta name=\"twitter:label2\" content=\"Tiempo de lectura\" \/>\n\t<meta name=\"twitter:data2\" content=\"4 minutos\" \/>\n<script type=\"application\/ld+json\" class=\"yoast-schema-graph\">{\"@context\":\"https:\/\/schema.org\",\"@graph\":[{\"@type\":\"Article\",\"@id\":\"https:\/\/conversesacatalunya.cat\/es\/electricidad-inteligencia-artificial-y-cambio-climatico\/#article\",\"isPartOf\":{\"@id\":\"https:\/\/conversesacatalunya.cat\/es\/electricidad-inteligencia-artificial-y-cambio-climatico\/\"},\"author\":{\"name\":\"Enric Casanovas\",\"@id\":\"https:\/\/conversesacatalunya.cat\/#\/schema\/person\/79bd0577b2f3afc8d6519d207c6e8609\"},\"headline\":\"El desorden de quienes nos gobiernan: Electricidad, Inteligencia Artificial y cambio clim\u00e1tico\",\"datePublished\":\"2025-02-18T11:18:21+00:00\",\"dateModified\":\"2025-02-18T12:16:19+00:00\",\"mainEntityOfPage\":{\"@id\":\"https:\/\/conversesacatalunya.cat\/es\/electricidad-inteligencia-artificial-y-cambio-climatico\/\"},\"wordCount\":723,\"commentCount\":0,\"image\":{\"@id\":\"https:\/\/conversesacatalunya.cat\/es\/electricidad-inteligencia-artificial-y-cambio-climatico\/#primaryimage\"},\"thumbnailUrl\":\"https:\/\/conversesacatalunya.cat\/wp-content\/uploads\/2025\/02\/electricitat.jpg\",\"keywords\":[\"cambio clim\u00e1tico\",\"Electricidad\",\"Hidr\u00f3geno verde\",\"Inteligencia Artificial\"],\"articleSection\":[\"Punts clau del dia (ES)\"],\"inLanguage\":\"es\",\"potentialAction\":[{\"@type\":\"CommentAction\",\"name\":\"Comment\",\"target\":[\"https:\/\/conversesacatalunya.cat\/es\/electricidad-inteligencia-artificial-y-cambio-climatico\/#respond\"]}]},{\"@type\":\"WebPage\",\"@id\":\"https:\/\/conversesacatalunya.cat\/es\/electricidad-inteligencia-artificial-y-cambio-climatico\/\",\"url\":\"https:\/\/conversesacatalunya.cat\/es\/electricidad-inteligencia-artificial-y-cambio-climatico\/\",\"name\":\"El desorden de quienes nos gobiernan: Electricidad, Inteligencia Artificial y cambio clim\u00e1tico - Converses a Catalunya\",\"isPartOf\":{\"@id\":\"https:\/\/conversesacatalunya.cat\/#website\"},\"primaryImageOfPage\":{\"@id\":\"https:\/\/conversesacatalunya.cat\/es\/electricidad-inteligencia-artificial-y-cambio-climatico\/#primaryimage\"},\"image\":{\"@id\":\"https:\/\/conversesacatalunya.cat\/es\/electricidad-inteligencia-artificial-y-cambio-climatico\/#primaryimage\"},\"thumbnailUrl\":\"https:\/\/conversesacatalunya.cat\/wp-content\/uploads\/2025\/02\/electricitat.jpg\",\"datePublished\":\"2025-02-18T11:18:21+00:00\",\"dateModified\":\"2025-02-18T12:16:19+00:00\",\"author\":{\"@id\":\"https:\/\/conversesacatalunya.cat\/#\/schema\/person\/79bd0577b2f3afc8d6519d207c6e8609\"},\"description\":\"Se enga\u00f1an y nos enga\u00f1an y lo peor de todo es que lo hacen para servir a \u201cclich\u00e9s\u201d ideol\u00f3gicos de lo que se considera pol\u00edticamente correcto\",\"breadcrumb\":{\"@id\":\"https:\/\/conversesacatalunya.cat\/es\/electricidad-inteligencia-artificial-y-cambio-climatico\/#breadcrumb\"},\"inLanguage\":\"es\",\"potentialAction\":[{\"@type\":\"ReadAction\",\"target\":[\"https:\/\/conversesacatalunya.cat\/es\/electricidad-inteligencia-artificial-y-cambio-climatico\/\"]}]},{\"@type\":\"ImageObject\",\"inLanguage\":\"es\",\"@id\":\"https:\/\/conversesacatalunya.cat\/es\/electricidad-inteligencia-artificial-y-cambio-climatico\/#primaryimage\",\"url\":\"https:\/\/conversesacatalunya.cat\/wp-content\/uploads\/2025\/02\/electricitat.jpg\",\"contentUrl\":\"https:\/\/conversesacatalunya.cat\/wp-content\/uploads\/2025\/02\/electricitat.jpg\",\"width\":434,\"height\":304,\"caption\":\"electricitat\"},{\"@type\":\"BreadcrumbList\",\"@id\":\"https:\/\/conversesacatalunya.cat\/es\/electricidad-inteligencia-artificial-y-cambio-climatico\/#breadcrumb\",\"itemListElement\":[{\"@type\":\"ListItem\",\"position\":1,\"name\":\"Inici\",\"item\":\"https:\/\/conversesacatalunya.cat\/es\/\"},{\"@type\":\"ListItem\",\"position\":2,\"name\":\"El desorden de quienes nos gobiernan: Electricidad, Inteligencia Artificial y cambio clim\u00e1tico\"}]},{\"@type\":\"WebSite\",\"@id\":\"https:\/\/conversesacatalunya.cat\/#website\",\"url\":\"https:\/\/conversesacatalunya.cat\/\",\"name\":\"Converses a Catalunya\",\"description\":\"\",\"potentialAction\":[{\"@type\":\"SearchAction\",\"target\":{\"@type\":\"EntryPoint\",\"urlTemplate\":\"https:\/\/conversesacatalunya.cat\/?s={search_term_string}\"},\"query-input\":{\"@type\":\"PropertyValueSpecification\",\"valueRequired\":true,\"valueName\":\"search_term_string\"}}],\"inLanguage\":\"es\"},{\"@type\":\"Person\",\"@id\":\"https:\/\/conversesacatalunya.cat\/#\/schema\/person\/79bd0577b2f3afc8d6519d207c6e8609\",\"name\":\"Enric Casanovas\",\"image\":{\"@type\":\"ImageObject\",\"inLanguage\":\"es\",\"@id\":\"https:\/\/conversesacatalunya.cat\/#\/schema\/person\/image\/\",\"url\":\"https:\/\/conversesacatalunya.cat\/wp-content\/litespeed\/avatar\/7ae4379ad4421ec77820e92afd36dd78.jpg?ver=1777373933\",\"contentUrl\":\"https:\/\/conversesacatalunya.cat\/wp-content\/litespeed\/avatar\/7ae4379ad4421ec77820e92afd36dd78.jpg?ver=1777373933\",\"caption\":\"Enric Casanovas\"},\"url\":\"https:\/\/conversesacatalunya.cat\/es\/author\/enric-casanovas\/\"}]}<\/script>\n<!-- \/ Yoast SEO plugin. -->","yoast_head_json":{"title":"El desorden de quienes nos gobiernan: Electricidad, Inteligencia Artificial y cambio clim\u00e1tico - Converses a Catalunya","description":"Se enga\u00f1an y nos enga\u00f1an y lo peor de todo es que lo hacen para servir a \u201cclich\u00e9s\u201d ideol\u00f3gicos de lo que se considera pol\u00edticamente correcto","robots":{"index":"index","follow":"follow","max-snippet":"max-snippet:-1","max-image-preview":"max-image-preview:large","max-video-preview":"max-video-preview:-1"},"canonical":"https:\/\/conversesacatalunya.cat\/es\/electricidad-inteligencia-artificial-y-cambio-climatico\/","og_locale":"es_ES","og_type":"article","og_title":"El desorden de quienes nos gobiernan: Electricidad, Inteligencia Artificial y cambio clim\u00e1tico - Converses a Catalunya","og_description":"Se enga\u00f1an y nos enga\u00f1an y lo peor de todo es que lo hacen para servir a \u201cclich\u00e9s\u201d ideol\u00f3gicos de lo que se considera pol\u00edticamente correcto","og_url":"https:\/\/conversesacatalunya.cat\/es\/electricidad-inteligencia-artificial-y-cambio-climatico\/","og_site_name":"Converses a Catalunya","article_published_time":"2025-02-18T11:18:21+00:00","article_modified_time":"2025-02-18T12:16:19+00:00","og_image":[{"width":434,"height":304,"url":"https:\/\/conversesacatalunya.cat\/wp-content\/uploads\/2025\/02\/electricitat.jpg","type":"image\/jpeg"}],"author":"Enric Casanovas","twitter_card":"summary_large_image","twitter_misc":{"Escrito por":"Enric Casanovas","Tiempo de lectura":"4 minutos"},"schema":{"@context":"https:\/\/schema.org","@graph":[{"@type":"Article","@id":"https:\/\/conversesacatalunya.cat\/es\/electricidad-inteligencia-artificial-y-cambio-climatico\/#article","isPartOf":{"@id":"https:\/\/conversesacatalunya.cat\/es\/electricidad-inteligencia-artificial-y-cambio-climatico\/"},"author":{"name":"Enric Casanovas","@id":"https:\/\/conversesacatalunya.cat\/#\/schema\/person\/79bd0577b2f3afc8d6519d207c6e8609"},"headline":"El desorden de quienes nos gobiernan: Electricidad, Inteligencia Artificial y cambio clim\u00e1tico","datePublished":"2025-02-18T11:18:21+00:00","dateModified":"2025-02-18T12:16:19+00:00","mainEntityOfPage":{"@id":"https:\/\/conversesacatalunya.cat\/es\/electricidad-inteligencia-artificial-y-cambio-climatico\/"},"wordCount":723,"commentCount":0,"image":{"@id":"https:\/\/conversesacatalunya.cat\/es\/electricidad-inteligencia-artificial-y-cambio-climatico\/#primaryimage"},"thumbnailUrl":"https:\/\/conversesacatalunya.cat\/wp-content\/uploads\/2025\/02\/electricitat.jpg","keywords":["cambio clim\u00e1tico","Electricidad","Hidr\u00f3geno verde","Inteligencia Artificial"],"articleSection":["Punts clau del dia (ES)"],"inLanguage":"es","potentialAction":[{"@type":"CommentAction","name":"Comment","target":["https:\/\/conversesacatalunya.cat\/es\/electricidad-inteligencia-artificial-y-cambio-climatico\/#respond"]}]},{"@type":"WebPage","@id":"https:\/\/conversesacatalunya.cat\/es\/electricidad-inteligencia-artificial-y-cambio-climatico\/","url":"https:\/\/conversesacatalunya.cat\/es\/electricidad-inteligencia-artificial-y-cambio-climatico\/","name":"El desorden de quienes nos gobiernan: Electricidad, Inteligencia Artificial y cambio clim\u00e1tico - Converses a Catalunya","isPartOf":{"@id":"https:\/\/conversesacatalunya.cat\/#website"},"primaryImageOfPage":{"@id":"https:\/\/conversesacatalunya.cat\/es\/electricidad-inteligencia-artificial-y-cambio-climatico\/#primaryimage"},"image":{"@id":"https:\/\/conversesacatalunya.cat\/es\/electricidad-inteligencia-artificial-y-cambio-climatico\/#primaryimage"},"thumbnailUrl":"https:\/\/conversesacatalunya.cat\/wp-content\/uploads\/2025\/02\/electricitat.jpg","datePublished":"2025-02-18T11:18:21+00:00","dateModified":"2025-02-18T12:16:19+00:00","author":{"@id":"https:\/\/conversesacatalunya.cat\/#\/schema\/person\/79bd0577b2f3afc8d6519d207c6e8609"},"description":"Se enga\u00f1an y nos enga\u00f1an y lo peor de todo es que lo hacen para servir a \u201cclich\u00e9s\u201d ideol\u00f3gicos de lo que se considera pol\u00edticamente correcto","breadcrumb":{"@id":"https:\/\/conversesacatalunya.cat\/es\/electricidad-inteligencia-artificial-y-cambio-climatico\/#breadcrumb"},"inLanguage":"es","potentialAction":[{"@type":"ReadAction","target":["https:\/\/conversesacatalunya.cat\/es\/electricidad-inteligencia-artificial-y-cambio-climatico\/"]}]},{"@type":"ImageObject","inLanguage":"es","@id":"https:\/\/conversesacatalunya.cat\/es\/electricidad-inteligencia-artificial-y-cambio-climatico\/#primaryimage","url":"https:\/\/conversesacatalunya.cat\/wp-content\/uploads\/2025\/02\/electricitat.jpg","contentUrl":"https:\/\/conversesacatalunya.cat\/wp-content\/uploads\/2025\/02\/electricitat.jpg","width":434,"height":304,"caption":"electricitat"},{"@type":"BreadcrumbList","@id":"https:\/\/conversesacatalunya.cat\/es\/electricidad-inteligencia-artificial-y-cambio-climatico\/#breadcrumb","itemListElement":[{"@type":"ListItem","position":1,"name":"Inici","item":"https:\/\/conversesacatalunya.cat\/es\/"},{"@type":"ListItem","position":2,"name":"El desorden de quienes nos gobiernan: Electricidad, Inteligencia Artificial y cambio clim\u00e1tico"}]},{"@type":"WebSite","@id":"https:\/\/conversesacatalunya.cat\/#website","url":"https:\/\/conversesacatalunya.cat\/","name":"Converses a Catalunya","description":"","potentialAction":[{"@type":"SearchAction","target":{"@type":"EntryPoint","urlTemplate":"https:\/\/conversesacatalunya.cat\/?s={search_term_string}"},"query-input":{"@type":"PropertyValueSpecification","valueRequired":true,"valueName":"search_term_string"}}],"inLanguage":"es"},{"@type":"Person","@id":"https:\/\/conversesacatalunya.cat\/#\/schema\/person\/79bd0577b2f3afc8d6519d207c6e8609","name":"Enric Casanovas","image":{"@type":"ImageObject","inLanguage":"es","@id":"https:\/\/conversesacatalunya.cat\/#\/schema\/person\/image\/","url":"https:\/\/conversesacatalunya.cat\/wp-content\/litespeed\/avatar\/7ae4379ad4421ec77820e92afd36dd78.jpg?ver=1777373933","contentUrl":"https:\/\/conversesacatalunya.cat\/wp-content\/litespeed\/avatar\/7ae4379ad4421ec77820e92afd36dd78.jpg?ver=1777373933","caption":"Enric Casanovas"},"url":"https:\/\/conversesacatalunya.cat\/es\/author\/enric-casanovas\/"}]}},"wps_subtitle":"Se enga\u00f1an y nos enga\u00f1an y lo peor de todo es que lo hacen para servir a \u201cclich\u00e9s\u201d ideol\u00f3gicos de lo que se considera pol\u00edticamente correcto","_links":{"self":[{"href":"https:\/\/conversesacatalunya.cat\/es\/wp-json\/wp\/v2\/posts\/85729","targetHints":{"allow":["GET"]}}],"collection":[{"href":"https:\/\/conversesacatalunya.cat\/es\/wp-json\/wp\/v2\/posts"}],"about":[{"href":"https:\/\/conversesacatalunya.cat\/es\/wp-json\/wp\/v2\/types\/post"}],"author":[{"embeddable":true,"href":"https:\/\/conversesacatalunya.cat\/es\/wp-json\/wp\/v2\/users\/77"}],"replies":[{"embeddable":true,"href":"https:\/\/conversesacatalunya.cat\/es\/wp-json\/wp\/v2\/comments?post=85729"}],"version-history":[{"count":2,"href":"https:\/\/conversesacatalunya.cat\/es\/wp-json\/wp\/v2\/posts\/85729\/revisions"}],"predecessor-version":[{"id":85731,"href":"https:\/\/conversesacatalunya.cat\/es\/wp-json\/wp\/v2\/posts\/85729\/revisions\/85731"}],"wp:featuredmedia":[{"embeddable":true,"href":"https:\/\/conversesacatalunya.cat\/es\/wp-json\/wp\/v2\/media\/85707"}],"wp:attachment":[{"href":"https:\/\/conversesacatalunya.cat\/es\/wp-json\/wp\/v2\/media?parent=85729"}],"wp:term":[{"taxonomy":"category","embeddable":true,"href":"https:\/\/conversesacatalunya.cat\/es\/wp-json\/wp\/v2\/categories?post=85729"},{"taxonomy":"post_tag","embeddable":true,"href":"https:\/\/conversesacatalunya.cat\/es\/wp-json\/wp\/v2\/tags?post=85729"}],"curies":[{"name":"wp","href":"https:\/\/api.w.org\/{rel}","templated":true}]}}