{"id":85725,"date":"2025-02-18T08:40:37","date_gmt":"2025-02-18T07:40:37","guid":{"rendered":"https:\/\/conversesacatalunya.cat\/la-fiscalitat-espanyola-castiga-mes-les-rendes-baixes\/"},"modified":"2025-02-18T13:04:46","modified_gmt":"2025-02-18T12:04:46","slug":"la-fiscalidad-espanola-castiga-mas-a-las-rentas-bajas","status":"publish","type":"post","link":"https:\/\/conversesacatalunya.cat\/es\/la-fiscalidad-espanola-castiga-mas-a-las-rentas-bajas\/","title":{"rendered":"La fiscalidad espa\u00f1ola castiga m\u00e1s a las rentas bajas"},"content":{"rendered":"<p data-pm-slice=\"1 1 []\"><span>La fiscalidad espa\u00f1ola penaliza m\u00e1s a las rentas bajas, y en Catalu\u00f1a esta situaci\u00f3n es especialmente pronunciada. Los gobiernos progresistas parecen intensificar la carga fiscal sobre quienes m\u00e1s necesitan conservar sus ingresos. No se trata del Impuesto sobre la Renta de las Personas F\u00edsicas (IRPF), que es progresivo, sino del total que se paga al Estado, es decir, la llamada\u00a0<\/span><strong><span>cu\u00f1a fiscal<\/span><\/strong><span>.<\/span><\/p>\n<p><span><span class=\"\">El reciente conflicto entre las ministras\u00a0<\/span><\/span><strong><span><span class=\"\">Yolanda D\u00edaz y Mar\u00eda Jes\u00fas Montero<\/span><\/span><\/strong><span><span class=\"\">\u00a0sobre la tributaci\u00f3n del salario m\u00ednimo en el IRPF, tras su \u00faltima subida, esconde una cuesti\u00f3n m\u00e1s relevante. D\u00edaz critica que, con el aumento del Salario M\u00ednimo Interprofesional (SMI) a 1.184 euros mensuales, algunos perceptores tendr\u00e1n que tributar por primera vez, lo que\u00a0<\/span><\/span><strong><span><span class=\"\">podr\u00eda reducir su poder adquisitivo<\/span><\/span><\/strong><span><span class=\"\">.<\/span><\/span><\/p>\n<p><span>Sin embargo, la cuesti\u00f3n real radica en la necesidad de\u00a0<\/span><strong><span>ajustar los impuestos en funci\u00f3n de la inflaci\u00f3n<\/span><\/strong><span>. Aunque \u00e9sta se ha moderado, los impuestos se aplican sobre bases imponibles que han crecido a causa de la inflaci\u00f3n pasada. Muchos pa\u00edses han modificado su estructura fiscal para evitar que los ciudadanos sean los m\u00e1s perjudicados. En Espa\u00f1a, no se ha hecho este ajuste, lo que beneficia a los ingresos del Estado, que puede repartir peque\u00f1as donaciones y aparentar generosidad.<\/span><\/p>\n<p><strong><span>Reducir de cualquier modo la presi\u00f3n fiscal podr\u00eda beneficiar a las rentas m\u00e1s bajas<\/span><\/strong><span>. Sin embargo, ni D\u00edaz ni Montero, y por tanto el presidente S\u00e1nchez, parecen dispuestos a abordar este tema, manteniendo la idea de que\u00a0<\/span><strong><span>pagar m\u00e1s impuestos es beneficioso<\/span><\/strong><span>. Esto es cuestionable, especialmente en un pa\u00eds como Espa\u00f1a, que tiene pendiente una\u00a0<\/span><strong><span>reforma fiscal<\/span><\/strong><span>\u00a0que el gobierno actual mantiene archivada.<\/span><\/p>\n<p><span>La presi\u00f3n fiscal en Espa\u00f1a\u00a0<\/span><strong><span>afecta gravemente a las rentas m\u00e1s bajas y, en menor grado, a la clase media<\/span><\/strong><span>. Parad\u00f3jicamente, el\u00a0<\/span><strong><span>1% de los contribuyentes con mayores ingresos liquida un tipo impositivo medio m\u00e1s reducido en toda la escala de renta<\/span><\/strong><span>, ya que sus ingresos se concentran en grandes sociedades que tributan por v\u00edas menos costosas que el IRPF.<\/span><\/p>\n<p><span>El problema es que rara vez se aborda lo que realmente afecta al bolsillo de los trabajadores: la\u00a0<\/span><strong><span>cu\u00f1a fiscal<\/span><\/strong><span>. \u00c9sta representa la diferencia entre el coste total que un empresario asume al contratar a un trabajador (salario bruto m\u00e1s cotizaciones y otros impuestos laborales) y el salario neto que el empleado recibe tras las deducciones (IRPF y cotizaciones sociales). Este indicador muestra cu\u00e1nto del coste laboral\u00a0<\/span><strong><span>se queda el Estado<\/span><\/strong><span>\u00a0y, por tanto, la carga fiscal sobre el trabajo.<\/span><\/p>\n<p><span>Seg\u00fan la Fundaci\u00f3n de Estudios de Econom\u00eda Aplicada (FEDEA), en 2022, la carga impositiva efectiva para el 20% de la poblaci\u00f3n con las rentas m\u00e1s bajas se desglosaba as\u00ed: 2,3% para el IRPF, 11,9% para las cotizaciones sociales, 11,5% para el IVA y transmisiones.<\/span><\/p>\n<p><span>Se observa que las cotizaciones sociales, que en su mayor\u00eda el trabajador no percibe directamente porque las paga la empresa, pero que se descuentan del salario bruto, y el IVA, un impuesto claramente regresivo, constituyen una parte significativa de la carga fiscal.<\/span><\/p>\n<p><span>La cu\u00f1a fiscal espa\u00f1ola es notablemente elevada, situ\u00e1ndose entre el\u00a0<\/span><strong><span>30% y el 40%<\/span><\/strong><span>\u00a0, lo que significa que\u00a0<\/span><strong><span>una parte considerable del salario bruto se destina al Estado<\/span><\/strong><span>, reduciendo el ingreso neto del trabajador. Esta cifra coloca a Espa\u00f1a entre los primeros puestos en presi\u00f3n fiscal tanto en Europa como en la OCDE.<\/span><\/p>\n<p><span>La comparaci\u00f3n con Estados Unidos es interesante en tanto que la victoria de Trump se basa en gran parte en la queja de los trabajadores por el maltrato y el coste de la administraci\u00f3n federal, ya que consideran que sus impuestos est\u00e1n mal utilizados.<\/span><\/p>\n<p><span>Compar\u00e1ndolo con\u00a0<\/span><strong><span>Estados Unidos<\/span><\/strong><span>, la cu\u00f1a fiscal suele ser m\u00e1s baja,\u00a0<\/span><strong><span>aproximadamente entre el 28% y el 30%<\/span><\/strong><span>\u00a0del salario bruto, lo que implica que los trabajadores retienen una mayor parte de sus ingresos y, en general, la presi\u00f3n sobre el empleo es menor. En cambio, en Espa\u00f1a, la cu\u00f1a fiscal\u00a0<\/span><strong><span>se sit\u00faa en torno al 30-40%<\/span><\/strong><span>\u00a0para un trabajador soltero sin hijos, lo que significa que casi cuatro de cada diez euros del salario bruto se destinan a impuestos y cotizaciones sociales.<\/span><\/p>\n<p><span>Adem\u00e1s, para el consumidor final, el IVA en Espa\u00f1a penaliza desproporcionadamente a las rentas m\u00e1s bajas. Aunque este impuesto es valorado por su neutralidad y eficiencia recaudatoria, tiene el grave inconveniente de\u00a0<\/span><strong><span>afectar m\u00e1s a aquellos que menos ingresan<\/span><\/strong><span>.<\/span><\/p>\n<p><span>En Estados Unidos, no existe un impuesto equivalente al IVA; en su lugar, se aplica el \u201c<\/span><strong><span>sales tax<\/span><\/strong><span>\u201d, un impuesto monof\u00e1sico sobre ventas que se aplica \u00fanicamente en la transacci\u00f3n final al consumidor, sin mecanismo de deducci\u00f3n para los intermediarios. Las tasas var\u00edan seg\u00fan el estado y suelen oscilar entre el 4% y el 10%, siendo substancialmente menores que el IVA.<\/span><\/p>\n<p><span>Por tanto, con un mismo salario \u2014aunque en Estados Unidos suelen ser m\u00e1s elevados\u2014,\u00a0<\/span><strong><span>un trabajador estadounidense paga menos al fisco y, cuando realiza compras, los productos est\u00e1n menos gravados por impuestos<\/span><\/strong><span>.<\/span><\/p>\n<p><span><span class=\"VIpgJd-yAWNEb-VIpgJd-fmcmS-sn54Q\">Una soluci\u00f3n para la injusticia fiscal en Espa\u00f1a ser\u00eda la mencionada, pero nunca implementada reforma fiscal. Mientras, podr\u00edan adoptarse dos medidas claras y sencillas:\u00a0<\/span><\/span><strong><span><span class=\"VIpgJd-yAWNEb-VIpgJd-fmcmS-sn54Q\">ajustar la carga fiscal del IRPF en funci\u00f3n de la inflaci\u00f3n y establecer una pol\u00edtica de ayudas sustanciales y universales a las familias con hijos<\/span><\/span><\/strong><span><span class=\"VIpgJd-yAWNEb-VIpgJd-fmcmS-sn54Q\">.<\/span><\/span><\/p>\n<p><span>Esto no s\u00f3lo facilitar\u00eda la igualdad de oportunidades, sino que tambi\u00e9n reducir\u00eda la alarmante pobreza infantil en Espa\u00f1a, una de las m\u00e1s altas de Europa junto a Bulgaria y Ruman\u00eda.<\/span><\/p>\n<div id=\"polls-274\" class=\"wp-polls\">\n\t<form id=\"polls_form_274\" class=\"wp-polls-form\" action=\"\/index.php\" method=\"post\">\n\t\t<p style=\"display: none;\"><input type=\"hidden\" id=\"poll_274_nonce\" name=\"wp-polls-nonce\" value=\"cd2d07773b\" \/><\/p>\n\t\t<p style=\"display: none;\"><input type=\"hidden\" name=\"poll_id\" value=\"274\" \/><\/p>\n\t\t<p style=\"text-align: center\"><strong>Creus que despr\u00e9s de les difer\u00e8ncies d'Europa amb la nova Administraci\u00f3 dels EUA s'ha produ\u00eft un canvi d'\u00e8poca?<\/strong><\/p><div id=\"polls-274-ans\" class=\"wp-polls-ans\"><ul class=\"wp-polls-ul\">\n\t\t<li><input type=\"radio\" id=\"poll-answer-773\" name=\"poll_274\" value=\"773\" \/> <label for=\"poll-answer-773\">S\u00ed<\/label><\/li>\n\t\t<li><input type=\"radio\" id=\"poll-answer-774\" name=\"poll_274\" value=\"774\" \/> <label for=\"poll-answer-774\">No<\/label><\/li>\n\t\t<li><input type=\"radio\" id=\"poll-answer-775\" name=\"poll_274\" value=\"775\" \/> <label for=\"poll-answer-775\">No ho s\u00e9<\/label><\/li>\n\t\t<\/ul><p style=\"text-align: center\"><input type=\"button\" name=\"vote\" value=\"   Vota   \" class=\"Buttons\" onclick=\"poll_vote(274);\" \/><\/p><p style=\"text-align: center\"><a href=\"#ViewPollResults\" onclick=\"poll_result(274); return false;\" title=\"View Results Of This Poll\">Mira els resultats<\/a><\/p><\/div>\n\t<\/form>\n<\/div>\n<div id=\"polls-274-loading\" class=\"wp-polls-loading\"><img decoding=\"async\" data-src=\"https:\/\/conversesacatalunya.cat\/wp-content\/plugins\/wp-polls\/images\/loading.gif\" width=\"16\" height=\"16\" alt=\"Cargando ...\" title=\"Cargando ...\" class=\"wp-polls-image lazyload\" src=\"data:image\/svg+xml;base64,PHN2ZyB3aWR0aD0iMSIgaGVpZ2h0PSIxIiB4bWxucz0iaHR0cDovL3d3dy53My5vcmcvMjAwMC9zdmciPjwvc3ZnPg==\" style=\"--smush-placeholder-width: 16px; --smush-placeholder-aspect-ratio: 16\/16;\" \/>&nbsp;Cargando ...<\/div>\n\n","protected":false},"excerpt":{"rendered":"<p>La fiscalidad espa\u00f1ola penaliza m\u00e1s a las rentas bajas, y en Catalu\u00f1a esta situaci\u00f3n es especialmente pronunciada. Los gobiernos progresistas parecen intensificar la carga fiscal sobre quienes m\u00e1s necesitan conservar sus ingresos. No se trata del Impuesto sobre la Renta de las Personas F\u00edsicas (IRPF), que es progresivo, sino del total que se paga al Estado, es decir, la llamada\u00a0cu\u00f1a fiscal. El reciente conflicto entre las ministras\u00a0Yolanda D\u00edaz y Mar\u00eda Jes\u00fas Montero\u00a0sobre la tributaci\u00f3n del salario m\u00ednimo en el IRPF, tras su \u00faltima subida, esconde una cuesti\u00f3n m\u00e1s relevante. D\u00edaz critica que, con el aumento del Salario M\u00ednimo Interprofesional (SMI) a 1.184 euros mensuales, algunos perceptores tendr\u00e1n que tributar por primera vez, lo que\u00a0podr\u00eda reducir su poder adquisitivo. Sin embargo, la cuesti\u00f3n real radica en la necesidad de\u00a0ajustar los impuestos en funci\u00f3n de la inflaci\u00f3n. Aunque \u00e9sta se ha moderado, los impuestos se aplican sobre bases imponibles que han crecido a causa de la inflaci\u00f3n pasada. Muchos pa\u00edses han modificado su estructura fiscal para evitar que los ciudadanos sean los m\u00e1s perjudicados. En Espa\u00f1a, no se ha hecho este ajuste, lo que beneficia a los ingresos del Estado, que puede repartir peque\u00f1as donaciones y aparentar generosidad. Reducir de cualquier modo la presi\u00f3n fiscal podr\u00eda beneficiar a las rentas m\u00e1s bajas. Sin embargo, ni D\u00edaz ni Montero, y por tanto el presidente S\u00e1nchez, parecen dispuestos a abordar este tema, manteniendo la idea de que\u00a0pagar m\u00e1s impuestos es beneficioso. Esto es cuestionable, especialmente en un pa\u00eds como Espa\u00f1a, que tiene pendiente una\u00a0reforma fiscal\u00a0que el gobierno actual mantiene archivada. La presi\u00f3n fiscal en Espa\u00f1a\u00a0afecta gravemente a las rentas m\u00e1s bajas y, en menor grado, a la clase media. Parad\u00f3jicamente, el\u00a01% de los contribuyentes con mayores ingresos liquida un tipo impositivo medio m\u00e1s reducido en toda la escala de renta, ya que sus ingresos se concentran en grandes sociedades que tributan por v\u00edas menos costosas que el IRPF. El problema es que rara vez se aborda lo que realmente afecta al bolsillo de los trabajadores: la\u00a0cu\u00f1a fiscal. \u00c9sta representa la diferencia entre el coste total que un empresario asume al contratar a un trabajador (salario bruto m\u00e1s cotizaciones y otros impuestos laborales) y el salario neto que el empleado recibe tras las deducciones (IRPF y cotizaciones sociales). Este indicador muestra cu\u00e1nto del coste laboral\u00a0se queda el Estado\u00a0y, por tanto, la carga fiscal sobre el trabajo. Seg\u00fan la Fundaci\u00f3n de Estudios de Econom\u00eda Aplicada (FEDEA), en 2022, la carga impositiva efectiva para el 20% de la poblaci\u00f3n con las rentas m\u00e1s bajas se desglosaba as\u00ed: 2,3% para el IRPF, 11,9% para las cotizaciones sociales, 11,5% para el IVA y transmisiones. Se observa que las cotizaciones sociales, que en su mayor\u00eda el trabajador no percibe directamente porque las paga la empresa, pero que se descuentan del salario bruto, y el IVA, un impuesto claramente regresivo, constituyen una parte significativa de la carga fiscal. La cu\u00f1a fiscal espa\u00f1ola es notablemente elevada, situ\u00e1ndose entre el\u00a030% y el 40%\u00a0, lo que significa que\u00a0una parte considerable del salario bruto se destina al Estado, reduciendo el ingreso neto del trabajador. Esta cifra coloca a Espa\u00f1a entre los primeros puestos en presi\u00f3n fiscal tanto en Europa como en la OCDE. La comparaci\u00f3n con Estados Unidos es interesante en tanto que la victoria de Trump se basa en gran parte en la queja de los trabajadores por el maltrato y el coste de la administraci\u00f3n federal, ya que consideran que sus impuestos est\u00e1n mal utilizados. Compar\u00e1ndolo con\u00a0Estados Unidos, la cu\u00f1a fiscal suele ser m\u00e1s baja,\u00a0aproximadamente entre el 28% y el 30%\u00a0del salario bruto, lo que implica que los trabajadores retienen una mayor parte de sus ingresos y, en general, la presi\u00f3n sobre el empleo es menor. En cambio, en Espa\u00f1a, la cu\u00f1a fiscal\u00a0se sit\u00faa en torno al 30-40%\u00a0para un trabajador soltero sin hijos, lo que significa que casi cuatro de cada diez euros del salario bruto se destinan a impuestos y cotizaciones sociales. Adem\u00e1s, para el consumidor final, el IVA en Espa\u00f1a penaliza desproporcionadamente a las rentas m\u00e1s bajas. Aunque este impuesto es valorado por su neutralidad y eficiencia recaudatoria, tiene el grave inconveniente de\u00a0afectar m\u00e1s a aquellos que menos ingresan. En Estados Unidos, no existe un impuesto equivalente al IVA; en su lugar, se aplica el \u201csales tax\u201d, un impuesto monof\u00e1sico sobre ventas que se aplica \u00fanicamente en la transacci\u00f3n final al consumidor, sin mecanismo de deducci\u00f3n para los intermediarios. Las tasas var\u00edan seg\u00fan el estado y suelen oscilar entre el 4% y el 10%, siendo substancialmente menores que el IVA. Por tanto, con un mismo salario \u2014aunque en Estados Unidos suelen ser m\u00e1s elevados\u2014,\u00a0un trabajador estadounidense paga menos al fisco y, cuando realiza compras, los productos est\u00e1n menos gravados por impuestos. Una soluci\u00f3n para la injusticia fiscal en Espa\u00f1a ser\u00eda la mencionada, pero nunca implementada reforma fiscal. Mientras, podr\u00edan adoptarse dos medidas claras y sencillas:\u00a0ajustar la carga fiscal del IRPF en funci\u00f3n de la inflaci\u00f3n y establecer una pol\u00edtica de ayudas sustanciales y universales a las familias con hijos. Esto no s\u00f3lo facilitar\u00eda la igualdad de oportunidades, sino que tambi\u00e9n reducir\u00eda la alarmante pobreza infantil en Espa\u00f1a, una de las m\u00e1s altas de Europa junto a Bulgaria y Ruman\u00eda.<\/p>\n","protected":false},"author":77,"featured_media":85636,"comment_status":"open","ping_status":"open","sticky":false,"template":"","format":"standard","meta":{"_FSMCFIC_featured_image_caption":"","_FSMCFIC_featured_image_nocaption":"","_FSMCFIC_featured_image_hide":"","footnotes":""},"categories":[806],"tags":[1199,1208],"class_list":["post-85725","post","type-post","status-publish","format-standard","has-post-thumbnail","hentry","category-punts-claus-del-dia-es","tag-fiscalidad","tag-impostos-es"],"yoast_head":"<!-- This site is optimized with the Yoast SEO plugin v26.8 - https:\/\/yoast.com\/product\/yoast-seo-wordpress\/ -->\n<title>La fiscalidad espa\u00f1ola castiga m\u00e1s a las rentas bajas - Converses a Catalunya<\/title>\n<meta name=\"description\" content=\"Reducir de cualquier modo la presi\u00f3n fiscal podr\u00eda beneficiar a las rentas m\u00e1s bajas\" \/>\n<meta name=\"robots\" content=\"index, follow, max-snippet:-1, max-image-preview:large, max-video-preview:-1\" \/>\n<link rel=\"canonical\" href=\"https:\/\/conversesacatalunya.cat\/es\/la-fiscalidad-espanola-castiga-mas-a-las-rentas-bajas\/\" \/>\n<meta property=\"og:locale\" content=\"es_ES\" \/>\n<meta property=\"og:type\" content=\"article\" \/>\n<meta property=\"og:title\" content=\"La fiscalidad espa\u00f1ola castiga m\u00e1s a las rentas bajas - Converses a Catalunya\" \/>\n<meta property=\"og:description\" content=\"Reducir de cualquier modo la presi\u00f3n fiscal podr\u00eda beneficiar a las rentas m\u00e1s bajas\" \/>\n<meta property=\"og:url\" content=\"https:\/\/conversesacatalunya.cat\/es\/la-fiscalidad-espanola-castiga-mas-a-las-rentas-bajas\/\" \/>\n<meta property=\"og:site_name\" content=\"Converses a Catalunya\" \/>\n<meta property=\"article:published_time\" content=\"2025-02-18T07:40:37+00:00\" \/>\n<meta property=\"article:modified_time\" content=\"2025-02-18T12:04:46+00:00\" \/>\n<meta property=\"og:image\" content=\"https:\/\/conversesacatalunya.cat\/wp-content\/uploads\/2025\/02\/nomina.jpg\" \/>\n\t<meta property=\"og:image:width\" content=\"1000\" \/>\n\t<meta property=\"og:image:height\" content=\"694\" \/>\n\t<meta property=\"og:image:type\" content=\"image\/jpeg\" \/>\n<meta name=\"author\" content=\"Enric Casanovas\" \/>\n<meta name=\"twitter:card\" content=\"summary_large_image\" \/>\n<meta name=\"twitter:label1\" content=\"Escrito por\" \/>\n\t<meta name=\"twitter:data1\" content=\"Enric Casanovas\" \/>\n\t<meta name=\"twitter:label2\" content=\"Tiempo de lectura\" \/>\n\t<meta name=\"twitter:data2\" content=\"5 minutos\" \/>\n<script type=\"application\/ld+json\" class=\"yoast-schema-graph\">{\"@context\":\"https:\/\/schema.org\",\"@graph\":[{\"@type\":\"Article\",\"@id\":\"https:\/\/conversesacatalunya.cat\/es\/la-fiscalidad-espanola-castiga-mas-a-las-rentas-bajas\/#article\",\"isPartOf\":{\"@id\":\"https:\/\/conversesacatalunya.cat\/es\/la-fiscalidad-espanola-castiga-mas-a-las-rentas-bajas\/\"},\"author\":{\"name\":\"Enric Casanovas\",\"@id\":\"https:\/\/conversesacatalunya.cat\/#\/schema\/person\/79bd0577b2f3afc8d6519d207c6e8609\"},\"headline\":\"La fiscalidad espa\u00f1ola castiga m\u00e1s a las rentas bajas\",\"datePublished\":\"2025-02-18T07:40:37+00:00\",\"dateModified\":\"2025-02-18T12:04:46+00:00\",\"mainEntityOfPage\":{\"@id\":\"https:\/\/conversesacatalunya.cat\/es\/la-fiscalidad-espanola-castiga-mas-a-las-rentas-bajas\/\"},\"wordCount\":970,\"commentCount\":0,\"image\":{\"@id\":\"https:\/\/conversesacatalunya.cat\/es\/la-fiscalidad-espanola-castiga-mas-a-las-rentas-bajas\/#primaryimage\"},\"thumbnailUrl\":\"https:\/\/conversesacatalunya.cat\/wp-content\/uploads\/2025\/02\/nomina.jpg\",\"keywords\":[\"Fiscalidad\",\"impostos\"],\"articleSection\":[\"Punts clau del dia (ES)\"],\"inLanguage\":\"es\",\"potentialAction\":[{\"@type\":\"CommentAction\",\"name\":\"Comment\",\"target\":[\"https:\/\/conversesacatalunya.cat\/es\/la-fiscalidad-espanola-castiga-mas-a-las-rentas-bajas\/#respond\"]}]},{\"@type\":\"WebPage\",\"@id\":\"https:\/\/conversesacatalunya.cat\/es\/la-fiscalidad-espanola-castiga-mas-a-las-rentas-bajas\/\",\"url\":\"https:\/\/conversesacatalunya.cat\/es\/la-fiscalidad-espanola-castiga-mas-a-las-rentas-bajas\/\",\"name\":\"La fiscalidad espa\u00f1ola castiga m\u00e1s a las rentas bajas - Converses a Catalunya\",\"isPartOf\":{\"@id\":\"https:\/\/conversesacatalunya.cat\/#website\"},\"primaryImageOfPage\":{\"@id\":\"https:\/\/conversesacatalunya.cat\/es\/la-fiscalidad-espanola-castiga-mas-a-las-rentas-bajas\/#primaryimage\"},\"image\":{\"@id\":\"https:\/\/conversesacatalunya.cat\/es\/la-fiscalidad-espanola-castiga-mas-a-las-rentas-bajas\/#primaryimage\"},\"thumbnailUrl\":\"https:\/\/conversesacatalunya.cat\/wp-content\/uploads\/2025\/02\/nomina.jpg\",\"datePublished\":\"2025-02-18T07:40:37+00:00\",\"dateModified\":\"2025-02-18T12:04:46+00:00\",\"author\":{\"@id\":\"https:\/\/conversesacatalunya.cat\/#\/schema\/person\/79bd0577b2f3afc8d6519d207c6e8609\"},\"description\":\"Reducir de cualquier modo la presi\u00f3n fiscal podr\u00eda beneficiar a las rentas m\u00e1s bajas\",\"breadcrumb\":{\"@id\":\"https:\/\/conversesacatalunya.cat\/es\/la-fiscalidad-espanola-castiga-mas-a-las-rentas-bajas\/#breadcrumb\"},\"inLanguage\":\"es\",\"potentialAction\":[{\"@type\":\"ReadAction\",\"target\":[\"https:\/\/conversesacatalunya.cat\/es\/la-fiscalidad-espanola-castiga-mas-a-las-rentas-bajas\/\"]}]},{\"@type\":\"ImageObject\",\"inLanguage\":\"es\",\"@id\":\"https:\/\/conversesacatalunya.cat\/es\/la-fiscalidad-espanola-castiga-mas-a-las-rentas-bajas\/#primaryimage\",\"url\":\"https:\/\/conversesacatalunya.cat\/wp-content\/uploads\/2025\/02\/nomina.jpg\",\"contentUrl\":\"https:\/\/conversesacatalunya.cat\/wp-content\/uploads\/2025\/02\/nomina.jpg\",\"width\":1000,\"height\":694,\"caption\":\"falca fiscal\"},{\"@type\":\"BreadcrumbList\",\"@id\":\"https:\/\/conversesacatalunya.cat\/es\/la-fiscalidad-espanola-castiga-mas-a-las-rentas-bajas\/#breadcrumb\",\"itemListElement\":[{\"@type\":\"ListItem\",\"position\":1,\"name\":\"Inici\",\"item\":\"https:\/\/conversesacatalunya.cat\/es\/\"},{\"@type\":\"ListItem\",\"position\":2,\"name\":\"La fiscalidad espa\u00f1ola castiga m\u00e1s a las rentas bajas\"}]},{\"@type\":\"WebSite\",\"@id\":\"https:\/\/conversesacatalunya.cat\/#website\",\"url\":\"https:\/\/conversesacatalunya.cat\/\",\"name\":\"Converses a Catalunya\",\"description\":\"\",\"potentialAction\":[{\"@type\":\"SearchAction\",\"target\":{\"@type\":\"EntryPoint\",\"urlTemplate\":\"https:\/\/conversesacatalunya.cat\/?s={search_term_string}\"},\"query-input\":{\"@type\":\"PropertyValueSpecification\",\"valueRequired\":true,\"valueName\":\"search_term_string\"}}],\"inLanguage\":\"es\"},{\"@type\":\"Person\",\"@id\":\"https:\/\/conversesacatalunya.cat\/#\/schema\/person\/79bd0577b2f3afc8d6519d207c6e8609\",\"name\":\"Enric Casanovas\",\"image\":{\"@type\":\"ImageObject\",\"inLanguage\":\"es\",\"@id\":\"https:\/\/conversesacatalunya.cat\/#\/schema\/person\/image\/\",\"url\":\"https:\/\/conversesacatalunya.cat\/wp-content\/litespeed\/avatar\/7ae4379ad4421ec77820e92afd36dd78.jpg?ver=1777373933\",\"contentUrl\":\"https:\/\/conversesacatalunya.cat\/wp-content\/litespeed\/avatar\/7ae4379ad4421ec77820e92afd36dd78.jpg?ver=1777373933\",\"caption\":\"Enric Casanovas\"},\"url\":\"https:\/\/conversesacatalunya.cat\/es\/author\/enric-casanovas\/\"}]}<\/script>\n<!-- \/ Yoast SEO plugin. -->","yoast_head_json":{"title":"La fiscalidad espa\u00f1ola castiga m\u00e1s a las rentas bajas - Converses a Catalunya","description":"Reducir de cualquier modo la presi\u00f3n fiscal podr\u00eda beneficiar a las rentas m\u00e1s bajas","robots":{"index":"index","follow":"follow","max-snippet":"max-snippet:-1","max-image-preview":"max-image-preview:large","max-video-preview":"max-video-preview:-1"},"canonical":"https:\/\/conversesacatalunya.cat\/es\/la-fiscalidad-espanola-castiga-mas-a-las-rentas-bajas\/","og_locale":"es_ES","og_type":"article","og_title":"La fiscalidad espa\u00f1ola castiga m\u00e1s a las rentas bajas - Converses a Catalunya","og_description":"Reducir de cualquier modo la presi\u00f3n fiscal podr\u00eda beneficiar a las rentas m\u00e1s bajas","og_url":"https:\/\/conversesacatalunya.cat\/es\/la-fiscalidad-espanola-castiga-mas-a-las-rentas-bajas\/","og_site_name":"Converses a Catalunya","article_published_time":"2025-02-18T07:40:37+00:00","article_modified_time":"2025-02-18T12:04:46+00:00","og_image":[{"width":1000,"height":694,"url":"https:\/\/conversesacatalunya.cat\/wp-content\/uploads\/2025\/02\/nomina.jpg","type":"image\/jpeg"}],"author":"Enric Casanovas","twitter_card":"summary_large_image","twitter_misc":{"Escrito por":"Enric Casanovas","Tiempo de lectura":"5 minutos"},"schema":{"@context":"https:\/\/schema.org","@graph":[{"@type":"Article","@id":"https:\/\/conversesacatalunya.cat\/es\/la-fiscalidad-espanola-castiga-mas-a-las-rentas-bajas\/#article","isPartOf":{"@id":"https:\/\/conversesacatalunya.cat\/es\/la-fiscalidad-espanola-castiga-mas-a-las-rentas-bajas\/"},"author":{"name":"Enric Casanovas","@id":"https:\/\/conversesacatalunya.cat\/#\/schema\/person\/79bd0577b2f3afc8d6519d207c6e8609"},"headline":"La fiscalidad espa\u00f1ola castiga m\u00e1s a las rentas bajas","datePublished":"2025-02-18T07:40:37+00:00","dateModified":"2025-02-18T12:04:46+00:00","mainEntityOfPage":{"@id":"https:\/\/conversesacatalunya.cat\/es\/la-fiscalidad-espanola-castiga-mas-a-las-rentas-bajas\/"},"wordCount":970,"commentCount":0,"image":{"@id":"https:\/\/conversesacatalunya.cat\/es\/la-fiscalidad-espanola-castiga-mas-a-las-rentas-bajas\/#primaryimage"},"thumbnailUrl":"https:\/\/conversesacatalunya.cat\/wp-content\/uploads\/2025\/02\/nomina.jpg","keywords":["Fiscalidad","impostos"],"articleSection":["Punts clau del dia (ES)"],"inLanguage":"es","potentialAction":[{"@type":"CommentAction","name":"Comment","target":["https:\/\/conversesacatalunya.cat\/es\/la-fiscalidad-espanola-castiga-mas-a-las-rentas-bajas\/#respond"]}]},{"@type":"WebPage","@id":"https:\/\/conversesacatalunya.cat\/es\/la-fiscalidad-espanola-castiga-mas-a-las-rentas-bajas\/","url":"https:\/\/conversesacatalunya.cat\/es\/la-fiscalidad-espanola-castiga-mas-a-las-rentas-bajas\/","name":"La fiscalidad espa\u00f1ola castiga m\u00e1s a las rentas bajas - Converses a Catalunya","isPartOf":{"@id":"https:\/\/conversesacatalunya.cat\/#website"},"primaryImageOfPage":{"@id":"https:\/\/conversesacatalunya.cat\/es\/la-fiscalidad-espanola-castiga-mas-a-las-rentas-bajas\/#primaryimage"},"image":{"@id":"https:\/\/conversesacatalunya.cat\/es\/la-fiscalidad-espanola-castiga-mas-a-las-rentas-bajas\/#primaryimage"},"thumbnailUrl":"https:\/\/conversesacatalunya.cat\/wp-content\/uploads\/2025\/02\/nomina.jpg","datePublished":"2025-02-18T07:40:37+00:00","dateModified":"2025-02-18T12:04:46+00:00","author":{"@id":"https:\/\/conversesacatalunya.cat\/#\/schema\/person\/79bd0577b2f3afc8d6519d207c6e8609"},"description":"Reducir de cualquier modo la presi\u00f3n fiscal podr\u00eda beneficiar a las rentas m\u00e1s bajas","breadcrumb":{"@id":"https:\/\/conversesacatalunya.cat\/es\/la-fiscalidad-espanola-castiga-mas-a-las-rentas-bajas\/#breadcrumb"},"inLanguage":"es","potentialAction":[{"@type":"ReadAction","target":["https:\/\/conversesacatalunya.cat\/es\/la-fiscalidad-espanola-castiga-mas-a-las-rentas-bajas\/"]}]},{"@type":"ImageObject","inLanguage":"es","@id":"https:\/\/conversesacatalunya.cat\/es\/la-fiscalidad-espanola-castiga-mas-a-las-rentas-bajas\/#primaryimage","url":"https:\/\/conversesacatalunya.cat\/wp-content\/uploads\/2025\/02\/nomina.jpg","contentUrl":"https:\/\/conversesacatalunya.cat\/wp-content\/uploads\/2025\/02\/nomina.jpg","width":1000,"height":694,"caption":"falca fiscal"},{"@type":"BreadcrumbList","@id":"https:\/\/conversesacatalunya.cat\/es\/la-fiscalidad-espanola-castiga-mas-a-las-rentas-bajas\/#breadcrumb","itemListElement":[{"@type":"ListItem","position":1,"name":"Inici","item":"https:\/\/conversesacatalunya.cat\/es\/"},{"@type":"ListItem","position":2,"name":"La fiscalidad espa\u00f1ola castiga m\u00e1s a las rentas bajas"}]},{"@type":"WebSite","@id":"https:\/\/conversesacatalunya.cat\/#website","url":"https:\/\/conversesacatalunya.cat\/","name":"Converses a Catalunya","description":"","potentialAction":[{"@type":"SearchAction","target":{"@type":"EntryPoint","urlTemplate":"https:\/\/conversesacatalunya.cat\/?s={search_term_string}"},"query-input":{"@type":"PropertyValueSpecification","valueRequired":true,"valueName":"search_term_string"}}],"inLanguage":"es"},{"@type":"Person","@id":"https:\/\/conversesacatalunya.cat\/#\/schema\/person\/79bd0577b2f3afc8d6519d207c6e8609","name":"Enric Casanovas","image":{"@type":"ImageObject","inLanguage":"es","@id":"https:\/\/conversesacatalunya.cat\/#\/schema\/person\/image\/","url":"https:\/\/conversesacatalunya.cat\/wp-content\/litespeed\/avatar\/7ae4379ad4421ec77820e92afd36dd78.jpg?ver=1777373933","contentUrl":"https:\/\/conversesacatalunya.cat\/wp-content\/litespeed\/avatar\/7ae4379ad4421ec77820e92afd36dd78.jpg?ver=1777373933","caption":"Enric Casanovas"},"url":"https:\/\/conversesacatalunya.cat\/es\/author\/enric-casanovas\/"}]}},"wps_subtitle":"Reducir de cualquier modo la presi\u00f3n fiscal podr\u00eda beneficiar a las rentas m\u00e1s bajas","_links":{"self":[{"href":"https:\/\/conversesacatalunya.cat\/es\/wp-json\/wp\/v2\/posts\/85725","targetHints":{"allow":["GET"]}}],"collection":[{"href":"https:\/\/conversesacatalunya.cat\/es\/wp-json\/wp\/v2\/posts"}],"about":[{"href":"https:\/\/conversesacatalunya.cat\/es\/wp-json\/wp\/v2\/types\/post"}],"author":[{"embeddable":true,"href":"https:\/\/conversesacatalunya.cat\/es\/wp-json\/wp\/v2\/users\/77"}],"replies":[{"embeddable":true,"href":"https:\/\/conversesacatalunya.cat\/es\/wp-json\/wp\/v2\/comments?post=85725"}],"version-history":[{"count":2,"href":"https:\/\/conversesacatalunya.cat\/es\/wp-json\/wp\/v2\/posts\/85725\/revisions"}],"predecessor-version":[{"id":85727,"href":"https:\/\/conversesacatalunya.cat\/es\/wp-json\/wp\/v2\/posts\/85725\/revisions\/85727"}],"wp:featuredmedia":[{"embeddable":true,"href":"https:\/\/conversesacatalunya.cat\/es\/wp-json\/wp\/v2\/media\/85636"}],"wp:attachment":[{"href":"https:\/\/conversesacatalunya.cat\/es\/wp-json\/wp\/v2\/media?parent=85725"}],"wp:term":[{"taxonomy":"category","embeddable":true,"href":"https:\/\/conversesacatalunya.cat\/es\/wp-json\/wp\/v2\/categories?post=85725"},{"taxonomy":"post_tag","embeddable":true,"href":"https:\/\/conversesacatalunya.cat\/es\/wp-json\/wp\/v2\/tags?post=85725"}],"curies":[{"name":"wp","href":"https:\/\/api.w.org\/{rel}","templated":true}]}}