{"id":85697,"date":"2025-02-19T08:16:35","date_gmt":"2025-02-19T07:16:35","guid":{"rendered":"https:\/\/conversesacatalunya.cat\/?p=85697"},"modified":"2025-03-05T21:59:42","modified_gmt":"2025-03-05T20:59:42","slug":"conferencia-munich-pone-en-evidencia-nuevo-orden-imperial","status":"publish","type":"post","link":"https:\/\/conversesacatalunya.cat\/es\/conferencia-munich-pone-en-evidencia-nuevo-orden-imperial\/","title":{"rendered":"La reciente Conferencia de Seguridad de M\u00fanich pone en evidencia que el mundo avanza hacia un nuevo orden imperial"},"content":{"rendered":"<p><strong>El mundo avanza hacia un<a href=\"https:\/\/conversesacatalunya.cat\/es\/caminando-hacia-nuevo-orden-mundial-ii\/\" target=\"_blank\" rel=\"noopener\"> nuevo orden mundial<\/a> marcado por el fuerte regreso a las esferas de influencia de las potencias y por las consiguientes l\u00f3gicas imperiales. <\/strong>Esta percepci\u00f3n ha aflorado muy potente en los discursos p\u00fablicos y en las conversaciones privadas de la recientemente celebrada Conferencia de Seguridad de M\u00fanich (14 \/ 15 de febrero).<\/p>\n<p><strong>El prestigioso analista de relaciones internacionales,<a href=\"https:\/\/en.wikipedia.org\/wiki\/Gideon_Rachman\" target=\"_blank\" rel=\"noopener\"> Gideon Rachman<\/a>, acaba de publicar un art\u00edculo en el <em>Financial Times<\/em> con un t\u00edtulo muy significativo: \u201cTrump, Putin, Xi Jinping y la nueva era imperial\u201d.<\/strong><\/p>\n<p><strong>Trump ha declarado que \u201cEstados Unidos se vuelve a considerar a s\u00ed mismo como un estado creciente, un estado que quiere aumentar su riqueza y su territorio\u201d<\/strong>. \u00a0Se ha referido concretamente a Groenlandia, Canad\u00e1 y Canal de Panam\u00e1.\u00a0 Tambi\u00e9n aspira a convertir Gaza en un gran <em>resort<\/em> tur\u00edstico controlado por intereses inmobiliarios estadounidenses.<\/p>\n<h4><strong>Las ambiciones territoriales de Trump forman parte de una tendencia global<\/strong>.<\/h4>\n<p><strong><a href=\"https:\/\/conversesacatalunya.cat\/es\/exito-lider-chino-xi-en-moscu\/\" target=\"_blank\" rel=\"noopener\">Putin y Xi Jinping<\/a> tienen sus propias ambiciones expansivas en materia de territorios y zonas de influencia. <\/strong>El veterano ministro ruso de asuntos exteriores, Sergei Lavrov, ha declarado que \u201cPutin, antes de invadir Ucrania, se asesor\u00f3 con tres consejeros: Iv\u00e1n el Terrible, Pedro el Grande y Catalina la Grande\u201d. Los tres consiguieron, a su manera, expandir en gran medida la superficie del imperio ruso. Putin aspira a pasar a la historia como un gran l\u00edder del Kremlin que habr\u00e1 recuperado territorios rusos perdidos injustamente, a su juicio, despu\u00e9s de la implosi\u00f3n de la URSS en 1991.\u00a0 Putin declara repetidamente un pensamiento que le define: \u201cel acontecimiento geopol\u00edtico m\u00e1s desastroso del siglo XX ha sido la descomposici\u00f3n de la URSS\u201d.<\/p>\n<p>Xi Jinping ha declarado que \u201cla cuesti\u00f3n de un <strong><a href=\"https:\/\/conversesacatalunya.cat\/es\/taiwan-xina-pais-independiente\/\" target=\"_blank\" rel=\"noopener\">Taiw\u00e1n<\/a><\/strong> independiente no puede pasar indefinidamente de generaci\u00f3n en generaci\u00f3n sin que Taiw\u00e1n se reintegre finalmente a la gran patria china, a la que pertenece\u201d.<\/p>\n<p><strong>Gideon Rachman concluye que los l\u00edderes actuales de Estados Unidos, Rusia y China \u201ctienen en com\u00fan ambiciones de expansi\u00f3n territorial y de fijaci\u00f3n de zonas de influencia\u201d. Estados Unidos se concentrar\u00eda en el hemisferio occidental, Rusia en la Europa del este y China en Asia Oriental e Indopac\u00edfico. \u00a0<\/strong><\/p>\n<p>En tiempos normales, los pol\u00edticos y militares acuden a la reuni\u00f3n anual de la Conferencia de Seguridad de M\u00fanich para acordar estrategias y profundizar en los v\u00ednculos transatl\u00e1nticos y t\u00e1cticas para contener a Rusia, el enemigo com\u00fan. Este a\u00f1o no ha sido as\u00ed y por este motivo puede ser hist\u00f3rica por haber puesto en evidencia una realidad determinante: <strong>\u201cel final de ochenta a\u00f1os de un cierto tipo de relaciones transatl\u00e1nticas\u201d.<\/strong><\/p>\n<p>Rusia lleva a cabo desde hace a\u00f1os una pol\u00edtica imperialista por medios militares. China se declara sostenedora de un orden mundial multilateral, pero no lo respeta en lo que concierne a los intereses de su zona de influencia.\u00a0 Por ejemplo, ignorando sentencias internacionales.\u00a0 Ahora, como se ha comprobado en la reuni\u00f3n de M\u00fanich, Estados Unidos tambi\u00e9n se adscribe a una l\u00f3gica de rasgos imperialistas,<strong> pretendiendo decidir la suerte de un continente sin consultar siquiera con sus aliados.<\/strong><\/p>\n<p><strong>La decisi\u00f3n de Trump de abrir un di\u00e1logo con Putin- con lo que parecen ser enormes concesiones previas a la negociaci\u00f3n- ha sido definido por muchos como un M\u00fanich 2.0, en referencia a la pol\u00edtica de apaciguamiento que ensay\u00f3 con Hitler en 1938 el entonces primer ministro brit\u00e1nico, Neville Chamberlain. <\/strong><\/p>\n<p><strong>Alexander Stubb<\/strong>, presidente de Finlandia, ha declarado en la reuni\u00f3n que \u201cestamos viviendo momentos semejantes a Yalta y Helsinki\u201d, en referencia tanto al acuerdo con el que, en 1945, Roosevelt, Churchill y Stalin se repartieron el mundo en esferas e influencia, como al que en 1975 encumbr\u00f3 en la capital finlandesa los conceptos de soberan\u00eda e integridad territorial de los pa\u00edses. \u201cEspero que podamos revivir el esp\u00edritu de Helsinki, vivimos momentos muy importantes\u201d.<\/p>\n<p>El pesimismo ha presidido los pasillos del hotel <em>Bayerischer Hof<\/em>, lugar de celebraci\u00f3n de la Conferencia. No solo el espectro de Yalta ha aflorado con fuerza antes y durante la gran cita b\u00e1vara, tambi\u00e9n en las conversaciones de los expertos recurr\u00eda<strong> el concepto de un nuevo y temido imperialismo<\/strong>.<\/p>\n<p>Un diplom\u00e1tico europeo ha declarado: \u201cSin duda avanzamos hacia un orden de esferas de influencia. Un mundo peor que el anterior, un mundo imperial, en el cual Estados Unidos, Rusia y China se consideran potencias imperiales\u201d.<\/p>\n<h5><strong>Para muchos de los presentes, el ya famoso <a href=\"https:\/\/conversesacatalunya.cat\/es\/discurso-integro-de-jd-vance\/\" target=\"_blank\" rel=\"noopener\">discurso del vicepresidente Vance<\/a> en la Conferencia ha sido un verdadero \u201celectroshock\u201ddel \u201csheriff\u201d Trump<\/strong>.<\/h5>\n<p>Vance fue al grano y dijo que lo que le preocupaba no era la amenaza exterior, sino la interior de Europa.\u00a0 Acus\u00f3 a los gobiernos europeos en general y a tres de ellos en particular \u2013 el del Reino Unido, el alem\u00e1n y el sueco \u2013 de censurar las voces conservadoras y religiosas que discrepaban de sus pol\u00edticas.<strong> Vance arremeti\u00f3 con inusual dureza contra los gobiernos e instituciones europeas.<\/strong> Vino a decir que una decadente Europa se hab\u00eda adherido a la agenda <em>woke<\/em> y no aceptaba la libertadora del \u201cnuevo sheriff\u201den Washington.\u00a0 All\u00e1 ella, vino a decir, pero que se atenga a las consecuencias. Sostuvo que en Europa se est\u00e1 reprimiendo de manera antidemocr\u00e1tica el discurso de los ultraderechistas y se\u00f1al\u00f3 que, a su juicio, es la principal amenaza que se ci\u00f1e sobre el continente, por encima de los tanques y de los misiles de Putin.<\/p>\n<p>La dureza del discurso de Vance \u2013 o la dureza del <em>no<\/em> con el cual el enviado especial de Trump para Ucrania, el general Keith Kelogg, respondi\u00f3 a la pregunta de si habr\u00eda un asiento para los europeos en la mesa de negociaci\u00f3n con Rusia &#8211; dejan poco margen a dudas acerca de la consideraci\u00f3n de Washington hacia los pa\u00edses de Europa.<\/p>\n<p>En este contexto, los l\u00edderes europeos buscan con urgencia perfilar una respuesta y en este marco se ha inscrito la reuni\u00f3n convocada en Par\u00eds el 17 de febrero por el presidente Macron, inmediatamente despu\u00e9s de la reuni\u00f3n de M\u00fanich.<\/p>\n<h5><strong>En la edici\u00f3n de 2007 de la Conferencia de Seguridad de M\u00fanich, Putin pronunci\u00f3 un hist\u00f3rico discurso en el que por primera vez de forma expl\u00edcita y desafiante dijo que no aceptaba la hegemon\u00eda estadounidense. Entonces reclam\u00f3, sustancialmente, que se reconociera a Rusia una esfera de influencia. La conferencia de M\u00fanich de 2025 ha ofrecido muchos elementos que hacen pensar que est\u00e1 m\u00e1s cerca que nunca de conseguirlo.<\/strong><\/h5>\n<span class='bctt-click-to-tweet'><span class='bctt-ctt-text'><a href='https:\/\/twitter.com\/intent\/tweet?url=https%3A%2F%2Fconversesacatalunya.cat%2Fes%2Fconferencia-munich-pone-en-evidencia-nuevo-orden-imperial%2F&#038;text=Sin%20duda%20avanzamos%20hacia%20un%20orden%20de%20esferas%20de%20influencia.%20Un%20mundo%20peor%20que%20el%20anterior%2C%20un%20mundo%20imperial%2C%20en%20el%20cual%20Estados%20Unidos%2C%20Rusia%20y%20China%20se%20consideran%20potencias%20imperiales&#038;via=conversesacat&#038;related=conversesacat' target='_blank'rel=\"noopener noreferrer\">Sin duda avanzamos hacia un orden de esferas de influencia. Un mundo peor que el anterior, un mundo imperial, en el cual Estados Unidos, Rusia y China se consideran potencias imperiales <\/a><\/span><a href='https:\/\/twitter.com\/intent\/tweet?url=https%3A%2F%2Fconversesacatalunya.cat%2Fes%2Fconferencia-munich-pone-en-evidencia-nuevo-orden-imperial%2F&#038;text=Sin%20duda%20avanzamos%20hacia%20un%20orden%20de%20esferas%20de%20influencia.%20Un%20mundo%20peor%20que%20el%20anterior%2C%20un%20mundo%20imperial%2C%20en%20el%20cual%20Estados%20Unidos%2C%20Rusia%20y%20China%20se%20consideran%20potencias%20imperiales&#038;via=conversesacat&#038;related=conversesacat' target='_blank' class='bctt-ctt-btn'rel=\"noopener noreferrer\">Compartir en X<\/a><\/span>\n<p>&nbsp;<\/p>\n","protected":false},"excerpt":{"rendered":"<p>El mundo avanza hacia un nuevo orden mundial marcado por el fuerte regreso a las esferas de influencia de las potencias y por las consiguientes l\u00f3gicas imperiales. Esta percepci\u00f3n ha aflorado muy potente en los discursos p\u00fablicos y en las conversaciones privadas de la recientemente celebrada Conferencia de Seguridad de M\u00fanich (14 \/ 15 de febrero). El prestigioso analista de relaciones internacionales, Gideon Rachman, acaba de publicar un art\u00edculo en el Financial Times con un t\u00edtulo muy significativo: \u201cTrump, Putin, Xi Jinping y la nueva era imperial\u201d. Trump ha declarado que \u201cEstados Unidos se vuelve a considerar a s\u00ed mismo como un estado creciente, un estado que quiere aumentar su riqueza y su territorio\u201d. \u00a0Se ha referido concretamente a Groenlandia, Canad\u00e1 y Canal de Panam\u00e1.\u00a0 Tambi\u00e9n aspira a convertir Gaza en un gran resort tur\u00edstico controlado por intereses inmobiliarios estadounidenses. Las ambiciones territoriales de Trump forman parte de una tendencia global. Putin y Xi Jinping tienen sus propias ambiciones expansivas en materia de territorios y zonas de influencia. El veterano ministro ruso de asuntos exteriores, Sergei Lavrov, ha declarado que \u201cPutin, antes de invadir Ucrania, se asesor\u00f3 con tres consejeros: Iv\u00e1n el Terrible, Pedro el Grande y Catalina la Grande\u201d. Los tres consiguieron, a su manera, expandir en gran medida la superficie del imperio ruso. Putin aspira a pasar a la historia como un gran l\u00edder del Kremlin que habr\u00e1 recuperado territorios rusos perdidos injustamente, a su juicio, despu\u00e9s de la implosi\u00f3n de la URSS en 1991.\u00a0 Putin declara repetidamente un pensamiento que le define: \u201cel acontecimiento geopol\u00edtico m\u00e1s desastroso del siglo XX ha sido la descomposici\u00f3n de la URSS\u201d. Xi Jinping ha declarado que \u201cla cuesti\u00f3n de un Taiw\u00e1n independiente no puede pasar indefinidamente de generaci\u00f3n en generaci\u00f3n sin que Taiw\u00e1n se reintegre finalmente a la gran patria china, a la que pertenece\u201d. Gideon Rachman concluye que los l\u00edderes actuales de Estados Unidos, Rusia y China \u201ctienen en com\u00fan ambiciones de expansi\u00f3n territorial y de fijaci\u00f3n de zonas de influencia\u201d. Estados Unidos se concentrar\u00eda en el hemisferio occidental, Rusia en la Europa del este y China en Asia Oriental e Indopac\u00edfico. \u00a0 En tiempos normales, los pol\u00edticos y militares acuden a la reuni\u00f3n anual de la Conferencia de Seguridad de M\u00fanich para acordar estrategias y profundizar en los v\u00ednculos transatl\u00e1nticos y t\u00e1cticas para contener a Rusia, el enemigo com\u00fan. Este a\u00f1o no ha sido as\u00ed y por este motivo puede ser hist\u00f3rica por haber puesto en evidencia una realidad determinante: \u201cel final de ochenta a\u00f1os de un cierto tipo de relaciones transatl\u00e1nticas\u201d. Rusia lleva a cabo desde hace a\u00f1os una pol\u00edtica imperialista por medios militares. China se declara sostenedora de un orden mundial multilateral, pero no lo respeta en lo que concierne a los intereses de su zona de influencia.\u00a0 Por ejemplo, ignorando sentencias internacionales.\u00a0 Ahora, como se ha comprobado en la reuni\u00f3n de M\u00fanich, Estados Unidos tambi\u00e9n se adscribe a una l\u00f3gica de rasgos imperialistas, pretendiendo decidir la suerte de un continente sin consultar siquiera con sus aliados. La decisi\u00f3n de Trump de abrir un di\u00e1logo con Putin- con lo que parecen ser enormes concesiones previas a la negociaci\u00f3n- ha sido definido por muchos como un M\u00fanich 2.0, en referencia a la pol\u00edtica de apaciguamiento que ensay\u00f3 con Hitler en 1938 el entonces primer ministro brit\u00e1nico, Neville Chamberlain. Alexander Stubb, presidente de Finlandia, ha declarado en la reuni\u00f3n que \u201cestamos viviendo momentos semejantes a Yalta y Helsinki\u201d, en referencia tanto al acuerdo con el que, en 1945, Roosevelt, Churchill y Stalin se repartieron el mundo en esferas e influencia, como al que en 1975 encumbr\u00f3 en la capital finlandesa los conceptos de soberan\u00eda e integridad territorial de los pa\u00edses. \u201cEspero que podamos revivir el esp\u00edritu de Helsinki, vivimos momentos muy importantes\u201d. El pesimismo ha presidido los pasillos del hotel Bayerischer Hof, lugar de celebraci\u00f3n de la Conferencia. No solo el espectro de Yalta ha aflorado con fuerza antes y durante la gran cita b\u00e1vara, tambi\u00e9n en las conversaciones de los expertos recurr\u00eda el concepto de un nuevo y temido imperialismo. Un diplom\u00e1tico europeo ha declarado: \u201cSin duda avanzamos hacia un orden de esferas de influencia. Un mundo peor que el anterior, un mundo imperial, en el cual Estados Unidos, Rusia y China se consideran potencias imperiales\u201d. Para muchos de los presentes, el ya famoso discurso del vicepresidente Vance en la Conferencia ha sido un verdadero \u201celectroshock\u201ddel \u201csheriff\u201d Trump. Vance fue al grano y dijo que lo que le preocupaba no era la amenaza exterior, sino la interior de Europa.\u00a0 Acus\u00f3 a los gobiernos europeos en general y a tres de ellos en particular \u2013 el del Reino Unido, el alem\u00e1n y el sueco \u2013 de censurar las voces conservadoras y religiosas que discrepaban de sus pol\u00edticas. Vance arremeti\u00f3 con inusual dureza contra los gobiernos e instituciones europeas. Vino a decir que una decadente Europa se hab\u00eda adherido a la agenda woke y no aceptaba la libertadora del \u201cnuevo sheriff\u201den Washington.\u00a0 All\u00e1 ella, vino a decir, pero que se atenga a las consecuencias. Sostuvo que en Europa se est\u00e1 reprimiendo de manera antidemocr\u00e1tica el discurso de los ultraderechistas y se\u00f1al\u00f3 que, a su juicio, es la principal amenaza que se ci\u00f1e sobre el continente, por encima de los tanques y de los misiles de Putin. La dureza del discurso de Vance \u2013 o la dureza del no con el cual el enviado especial de Trump para Ucrania, el general Keith Kelogg, respondi\u00f3 a la pregunta de si habr\u00eda un asiento para los europeos en la mesa de negociaci\u00f3n con Rusia &#8211; dejan poco margen a dudas acerca de la consideraci\u00f3n de Washington hacia los pa\u00edses de Europa. En este contexto, los l\u00edderes europeos buscan con urgencia perfilar una respuesta y en este marco se ha inscrito la reuni\u00f3n convocada en Par\u00eds el 17 de febrero por el presidente Macron, inmediatamente despu\u00e9s de la reuni\u00f3n de M\u00fanich. En la edici\u00f3n de 2007 de la Conferencia de Seguridad de M\u00fanich, Putin pronunci\u00f3 un hist\u00f3rico discurso en el que por primera&#8230;<\/p>\n","protected":false},"author":38,"featured_media":85721,"comment_status":"open","ping_status":"open","sticky":false,"template":"","format":"standard","meta":{"_FSMCFIC_featured_image_caption":"El prestigioso analista de relaciones internacionales, Gideon Rachman","_FSMCFIC_featured_image_nocaption":"","_FSMCFIC_featured_image_hide":"","footnotes":""},"categories":[798],"tags":[1346,5172,2649],"class_list":["post-85697","post","type-post","status-publish","format-standard","has-post-thumbnail","hentry","category-pro-europa-es","tag-china","tag-jd-vance-es","tag-putin-es"],"yoast_head":"<!-- This site is optimized with the Yoast SEO plugin v26.8 - https:\/\/yoast.com\/product\/yoast-seo-wordpress\/ -->\n<title>Rachman: EEUU, Rusia y China tienen ambiciones comunes<\/title>\n<meta name=\"description\" content=\"Gideon Rachman concluye que los l\u00edderes de EEUU, Rusia y China tienen ambiciones de expansi\u00f3n territorial y fijaci\u00f3n de zonas de influencia\" \/>\n<meta name=\"robots\" content=\"index, follow, max-snippet:-1, max-image-preview:large, max-video-preview:-1\" \/>\n<link rel=\"canonical\" href=\"https:\/\/conversesacatalunya.cat\/es\/conferencia-munich-pone-en-evidencia-nuevo-orden-imperial\/\" \/>\n<meta property=\"og:locale\" content=\"es_ES\" \/>\n<meta property=\"og:type\" content=\"article\" \/>\n<meta property=\"og:title\" content=\"Rachman: EEUU, Rusia y China tienen ambiciones comunes\" \/>\n<meta property=\"og:description\" content=\"Gideon Rachman concluye que los l\u00edderes de EEUU, Rusia y China tienen ambiciones de expansi\u00f3n territorial y fijaci\u00f3n de zonas de influencia\" \/>\n<meta property=\"og:url\" content=\"https:\/\/conversesacatalunya.cat\/es\/conferencia-munich-pone-en-evidencia-nuevo-orden-imperial\/\" \/>\n<meta property=\"og:site_name\" content=\"Converses a Catalunya\" \/>\n<meta property=\"article:published_time\" content=\"2025-02-19T07:16:35+00:00\" \/>\n<meta property=\"article:modified_time\" content=\"2025-03-05T20:59:42+00:00\" \/>\n<meta property=\"og:image\" content=\"https:\/\/conversesacatalunya.cat\/wp-content\/uploads\/2025\/02\/Captura.jpg\" \/>\n\t<meta property=\"og:image:width\" content=\"470\" \/>\n\t<meta property=\"og:image:height\" content=\"361\" \/>\n\t<meta property=\"og:image:type\" content=\"image\/jpeg\" \/>\n<meta name=\"author\" content=\"Victor Pou\" \/>\n<meta name=\"twitter:card\" content=\"summary_large_image\" \/>\n<meta name=\"twitter:label1\" content=\"Escrito por\" \/>\n\t<meta name=\"twitter:data1\" content=\"Victor Pou\" \/>\n\t<meta name=\"twitter:label2\" content=\"Tiempo de lectura\" \/>\n\t<meta name=\"twitter:data2\" content=\"6 minutos\" \/>\n<script type=\"application\/ld+json\" class=\"yoast-schema-graph\">{\"@context\":\"https:\/\/schema.org\",\"@graph\":[{\"@type\":\"Article\",\"@id\":\"https:\/\/conversesacatalunya.cat\/es\/conferencia-munich-pone-en-evidencia-nuevo-orden-imperial\/#article\",\"isPartOf\":{\"@id\":\"https:\/\/conversesacatalunya.cat\/es\/conferencia-munich-pone-en-evidencia-nuevo-orden-imperial\/\"},\"author\":{\"name\":\"Victor Pou\",\"@id\":\"https:\/\/conversesacatalunya.cat\/#\/schema\/person\/1b0082ee920b837be791bee630d460b2\"},\"headline\":\"La reciente Conferencia de Seguridad de M\u00fanich pone en evidencia que el mundo avanza hacia un nuevo orden imperial\",\"datePublished\":\"2025-02-19T07:16:35+00:00\",\"dateModified\":\"2025-03-05T20:59:42+00:00\",\"mainEntityOfPage\":{\"@id\":\"https:\/\/conversesacatalunya.cat\/es\/conferencia-munich-pone-en-evidencia-nuevo-orden-imperial\/\"},\"wordCount\":1169,\"commentCount\":0,\"image\":{\"@id\":\"https:\/\/conversesacatalunya.cat\/es\/conferencia-munich-pone-en-evidencia-nuevo-orden-imperial\/#primaryimage\"},\"thumbnailUrl\":\"https:\/\/conversesacatalunya.cat\/wp-content\/uploads\/2025\/02\/Captura.jpg\",\"keywords\":[\"China\",\"JD Vance\",\"Putin\"],\"articleSection\":[\"Pro Europa (ES)\"],\"inLanguage\":\"es\",\"potentialAction\":[{\"@type\":\"CommentAction\",\"name\":\"Comment\",\"target\":[\"https:\/\/conversesacatalunya.cat\/es\/conferencia-munich-pone-en-evidencia-nuevo-orden-imperial\/#respond\"]}]},{\"@type\":\"WebPage\",\"@id\":\"https:\/\/conversesacatalunya.cat\/es\/conferencia-munich-pone-en-evidencia-nuevo-orden-imperial\/\",\"url\":\"https:\/\/conversesacatalunya.cat\/es\/conferencia-munich-pone-en-evidencia-nuevo-orden-imperial\/\",\"name\":\"Rachman: EEUU, Rusia y China tienen ambiciones comunes\",\"isPartOf\":{\"@id\":\"https:\/\/conversesacatalunya.cat\/#website\"},\"primaryImageOfPage\":{\"@id\":\"https:\/\/conversesacatalunya.cat\/es\/conferencia-munich-pone-en-evidencia-nuevo-orden-imperial\/#primaryimage\"},\"image\":{\"@id\":\"https:\/\/conversesacatalunya.cat\/es\/conferencia-munich-pone-en-evidencia-nuevo-orden-imperial\/#primaryimage\"},\"thumbnailUrl\":\"https:\/\/conversesacatalunya.cat\/wp-content\/uploads\/2025\/02\/Captura.jpg\",\"datePublished\":\"2025-02-19T07:16:35+00:00\",\"dateModified\":\"2025-03-05T20:59:42+00:00\",\"author\":{\"@id\":\"https:\/\/conversesacatalunya.cat\/#\/schema\/person\/1b0082ee920b837be791bee630d460b2\"},\"description\":\"Gideon Rachman concluye que los l\u00edderes de EEUU, Rusia y China tienen ambiciones de expansi\u00f3n territorial y fijaci\u00f3n de zonas de influencia\",\"breadcrumb\":{\"@id\":\"https:\/\/conversesacatalunya.cat\/es\/conferencia-munich-pone-en-evidencia-nuevo-orden-imperial\/#breadcrumb\"},\"inLanguage\":\"es\",\"potentialAction\":[{\"@type\":\"ReadAction\",\"target\":[\"https:\/\/conversesacatalunya.cat\/es\/conferencia-munich-pone-en-evidencia-nuevo-orden-imperial\/\"]}]},{\"@type\":\"ImageObject\",\"inLanguage\":\"es\",\"@id\":\"https:\/\/conversesacatalunya.cat\/es\/conferencia-munich-pone-en-evidencia-nuevo-orden-imperial\/#primaryimage\",\"url\":\"https:\/\/conversesacatalunya.cat\/wp-content\/uploads\/2025\/02\/Captura.jpg\",\"contentUrl\":\"https:\/\/conversesacatalunya.cat\/wp-content\/uploads\/2025\/02\/Captura.jpg\",\"width\":470,\"height\":361,\"caption\":\"Rachman\"},{\"@type\":\"BreadcrumbList\",\"@id\":\"https:\/\/conversesacatalunya.cat\/es\/conferencia-munich-pone-en-evidencia-nuevo-orden-imperial\/#breadcrumb\",\"itemListElement\":[{\"@type\":\"ListItem\",\"position\":1,\"name\":\"Inici\",\"item\":\"https:\/\/conversesacatalunya.cat\/es\/\"},{\"@type\":\"ListItem\",\"position\":2,\"name\":\"La reciente Conferencia de Seguridad de M\u00fanich pone en evidencia que el mundo avanza hacia un nuevo orden imperial\"}]},{\"@type\":\"WebSite\",\"@id\":\"https:\/\/conversesacatalunya.cat\/#website\",\"url\":\"https:\/\/conversesacatalunya.cat\/\",\"name\":\"Converses a Catalunya\",\"description\":\"\",\"potentialAction\":[{\"@type\":\"SearchAction\",\"target\":{\"@type\":\"EntryPoint\",\"urlTemplate\":\"https:\/\/conversesacatalunya.cat\/?s={search_term_string}\"},\"query-input\":{\"@type\":\"PropertyValueSpecification\",\"valueRequired\":true,\"valueName\":\"search_term_string\"}}],\"inLanguage\":\"es\"},{\"@type\":\"Person\",\"@id\":\"https:\/\/conversesacatalunya.cat\/#\/schema\/person\/1b0082ee920b837be791bee630d460b2\",\"name\":\"Victor Pou\",\"image\":{\"@type\":\"ImageObject\",\"inLanguage\":\"es\",\"@id\":\"https:\/\/conversesacatalunya.cat\/#\/schema\/person\/image\/\",\"url\":\"https:\/\/conversesacatalunya.cat\/wp-content\/litespeed\/avatar\/b9b32a5f987117ce72836d050f735d2b.jpg?ver=1777366285\",\"contentUrl\":\"https:\/\/conversesacatalunya.cat\/wp-content\/litespeed\/avatar\/b9b32a5f987117ce72836d050f735d2b.jpg?ver=1777366285\",\"caption\":\"Victor Pou\"},\"url\":\"https:\/\/conversesacatalunya.cat\/es\/author\/victor_pou\/\"}]}<\/script>\n<!-- \/ Yoast SEO plugin. -->","yoast_head_json":{"title":"Rachman: EEUU, Rusia y China tienen ambiciones comunes","description":"Gideon Rachman concluye que los l\u00edderes de EEUU, Rusia y China tienen ambiciones de expansi\u00f3n territorial y fijaci\u00f3n de zonas de influencia","robots":{"index":"index","follow":"follow","max-snippet":"max-snippet:-1","max-image-preview":"max-image-preview:large","max-video-preview":"max-video-preview:-1"},"canonical":"https:\/\/conversesacatalunya.cat\/es\/conferencia-munich-pone-en-evidencia-nuevo-orden-imperial\/","og_locale":"es_ES","og_type":"article","og_title":"Rachman: EEUU, Rusia y China tienen ambiciones comunes","og_description":"Gideon Rachman concluye que los l\u00edderes de EEUU, Rusia y China tienen ambiciones de expansi\u00f3n territorial y fijaci\u00f3n de zonas de influencia","og_url":"https:\/\/conversesacatalunya.cat\/es\/conferencia-munich-pone-en-evidencia-nuevo-orden-imperial\/","og_site_name":"Converses a Catalunya","article_published_time":"2025-02-19T07:16:35+00:00","article_modified_time":"2025-03-05T20:59:42+00:00","og_image":[{"width":470,"height":361,"url":"https:\/\/conversesacatalunya.cat\/wp-content\/uploads\/2025\/02\/Captura.jpg","type":"image\/jpeg"}],"author":"Victor Pou","twitter_card":"summary_large_image","twitter_misc":{"Escrito por":"Victor Pou","Tiempo de lectura":"6 minutos"},"schema":{"@context":"https:\/\/schema.org","@graph":[{"@type":"Article","@id":"https:\/\/conversesacatalunya.cat\/es\/conferencia-munich-pone-en-evidencia-nuevo-orden-imperial\/#article","isPartOf":{"@id":"https:\/\/conversesacatalunya.cat\/es\/conferencia-munich-pone-en-evidencia-nuevo-orden-imperial\/"},"author":{"name":"Victor Pou","@id":"https:\/\/conversesacatalunya.cat\/#\/schema\/person\/1b0082ee920b837be791bee630d460b2"},"headline":"La reciente Conferencia de Seguridad de M\u00fanich pone en evidencia que el mundo avanza hacia un nuevo orden imperial","datePublished":"2025-02-19T07:16:35+00:00","dateModified":"2025-03-05T20:59:42+00:00","mainEntityOfPage":{"@id":"https:\/\/conversesacatalunya.cat\/es\/conferencia-munich-pone-en-evidencia-nuevo-orden-imperial\/"},"wordCount":1169,"commentCount":0,"image":{"@id":"https:\/\/conversesacatalunya.cat\/es\/conferencia-munich-pone-en-evidencia-nuevo-orden-imperial\/#primaryimage"},"thumbnailUrl":"https:\/\/conversesacatalunya.cat\/wp-content\/uploads\/2025\/02\/Captura.jpg","keywords":["China","JD Vance","Putin"],"articleSection":["Pro Europa (ES)"],"inLanguage":"es","potentialAction":[{"@type":"CommentAction","name":"Comment","target":["https:\/\/conversesacatalunya.cat\/es\/conferencia-munich-pone-en-evidencia-nuevo-orden-imperial\/#respond"]}]},{"@type":"WebPage","@id":"https:\/\/conversesacatalunya.cat\/es\/conferencia-munich-pone-en-evidencia-nuevo-orden-imperial\/","url":"https:\/\/conversesacatalunya.cat\/es\/conferencia-munich-pone-en-evidencia-nuevo-orden-imperial\/","name":"Rachman: EEUU, Rusia y China tienen ambiciones comunes","isPartOf":{"@id":"https:\/\/conversesacatalunya.cat\/#website"},"primaryImageOfPage":{"@id":"https:\/\/conversesacatalunya.cat\/es\/conferencia-munich-pone-en-evidencia-nuevo-orden-imperial\/#primaryimage"},"image":{"@id":"https:\/\/conversesacatalunya.cat\/es\/conferencia-munich-pone-en-evidencia-nuevo-orden-imperial\/#primaryimage"},"thumbnailUrl":"https:\/\/conversesacatalunya.cat\/wp-content\/uploads\/2025\/02\/Captura.jpg","datePublished":"2025-02-19T07:16:35+00:00","dateModified":"2025-03-05T20:59:42+00:00","author":{"@id":"https:\/\/conversesacatalunya.cat\/#\/schema\/person\/1b0082ee920b837be791bee630d460b2"},"description":"Gideon Rachman concluye que los l\u00edderes de EEUU, Rusia y China tienen ambiciones de expansi\u00f3n territorial y fijaci\u00f3n de zonas de influencia","breadcrumb":{"@id":"https:\/\/conversesacatalunya.cat\/es\/conferencia-munich-pone-en-evidencia-nuevo-orden-imperial\/#breadcrumb"},"inLanguage":"es","potentialAction":[{"@type":"ReadAction","target":["https:\/\/conversesacatalunya.cat\/es\/conferencia-munich-pone-en-evidencia-nuevo-orden-imperial\/"]}]},{"@type":"ImageObject","inLanguage":"es","@id":"https:\/\/conversesacatalunya.cat\/es\/conferencia-munich-pone-en-evidencia-nuevo-orden-imperial\/#primaryimage","url":"https:\/\/conversesacatalunya.cat\/wp-content\/uploads\/2025\/02\/Captura.jpg","contentUrl":"https:\/\/conversesacatalunya.cat\/wp-content\/uploads\/2025\/02\/Captura.jpg","width":470,"height":361,"caption":"Rachman"},{"@type":"BreadcrumbList","@id":"https:\/\/conversesacatalunya.cat\/es\/conferencia-munich-pone-en-evidencia-nuevo-orden-imperial\/#breadcrumb","itemListElement":[{"@type":"ListItem","position":1,"name":"Inici","item":"https:\/\/conversesacatalunya.cat\/es\/"},{"@type":"ListItem","position":2,"name":"La reciente Conferencia de Seguridad de M\u00fanich pone en evidencia que el mundo avanza hacia un nuevo orden imperial"}]},{"@type":"WebSite","@id":"https:\/\/conversesacatalunya.cat\/#website","url":"https:\/\/conversesacatalunya.cat\/","name":"Converses a Catalunya","description":"","potentialAction":[{"@type":"SearchAction","target":{"@type":"EntryPoint","urlTemplate":"https:\/\/conversesacatalunya.cat\/?s={search_term_string}"},"query-input":{"@type":"PropertyValueSpecification","valueRequired":true,"valueName":"search_term_string"}}],"inLanguage":"es"},{"@type":"Person","@id":"https:\/\/conversesacatalunya.cat\/#\/schema\/person\/1b0082ee920b837be791bee630d460b2","name":"Victor Pou","image":{"@type":"ImageObject","inLanguage":"es","@id":"https:\/\/conversesacatalunya.cat\/#\/schema\/person\/image\/","url":"https:\/\/conversesacatalunya.cat\/wp-content\/litespeed\/avatar\/b9b32a5f987117ce72836d050f735d2b.jpg?ver=1777366285","contentUrl":"https:\/\/conversesacatalunya.cat\/wp-content\/litespeed\/avatar\/b9b32a5f987117ce72836d050f735d2b.jpg?ver=1777366285","caption":"Victor Pou"},"url":"https:\/\/conversesacatalunya.cat\/es\/author\/victor_pou\/"}]}},"wps_subtitle":"La reuni\u00f3n anual de la Conferencia de Seguridad de M\u00fanich ha puesto en evidencia una realidad determinante: \u201cel final de ochenta a\u00f1os de un cierto tipo de relaciones transatl\u00e1nticas\u201d.","_links":{"self":[{"href":"https:\/\/conversesacatalunya.cat\/es\/wp-json\/wp\/v2\/posts\/85697","targetHints":{"allow":["GET"]}}],"collection":[{"href":"https:\/\/conversesacatalunya.cat\/es\/wp-json\/wp\/v2\/posts"}],"about":[{"href":"https:\/\/conversesacatalunya.cat\/es\/wp-json\/wp\/v2\/types\/post"}],"author":[{"embeddable":true,"href":"https:\/\/conversesacatalunya.cat\/es\/wp-json\/wp\/v2\/users\/38"}],"replies":[{"embeddable":true,"href":"https:\/\/conversesacatalunya.cat\/es\/wp-json\/wp\/v2\/comments?post=85697"}],"version-history":[{"count":11,"href":"https:\/\/conversesacatalunya.cat\/es\/wp-json\/wp\/v2\/posts\/85697\/revisions"}],"predecessor-version":[{"id":86129,"href":"https:\/\/conversesacatalunya.cat\/es\/wp-json\/wp\/v2\/posts\/85697\/revisions\/86129"}],"wp:featuredmedia":[{"embeddable":true,"href":"https:\/\/conversesacatalunya.cat\/es\/wp-json\/wp\/v2\/media\/85721"}],"wp:attachment":[{"href":"https:\/\/conversesacatalunya.cat\/es\/wp-json\/wp\/v2\/media?parent=85697"}],"wp:term":[{"taxonomy":"category","embeddable":true,"href":"https:\/\/conversesacatalunya.cat\/es\/wp-json\/wp\/v2\/categories?post=85697"},{"taxonomy":"post_tag","embeddable":true,"href":"https:\/\/conversesacatalunya.cat\/es\/wp-json\/wp\/v2\/tags?post=85697"}],"curies":[{"name":"wp","href":"https:\/\/api.w.org\/{rel}","templated":true}]}}