{"id":85597,"date":"2025-02-14T10:31:54","date_gmt":"2025-02-14T09:31:54","guid":{"rendered":"https:\/\/conversesacatalunya.cat\/segon-mandat-de-trump-primeres-qualificacions-i-expectatives\/"},"modified":"2025-02-14T10:51:03","modified_gmt":"2025-02-14T09:51:03","slug":"segundo-mandato-de-trump-primeras-calificaciones-y-expectativas","status":"publish","type":"post","link":"https:\/\/conversesacatalunya.cat\/es\/segundo-mandato-de-trump-primeras-calificaciones-y-expectativas\/","title":{"rendered":"Segundo mandato de Trump: primeras calificaciones y expectativas"},"content":{"rendered":"<p><span><span class=\"\">Ya disponemos de la primera y amplia encuesta sobre lo que opinan los estadounidenses sobre la situaci\u00f3n y las perspectivas del segundo mandato de Trump, realizada por el conocido instituto de investigaci\u00f3n social Pew Research Center.<\/span><\/span><\/p>\n<p><span>El resultado no es una sorpresa:\u00a0<\/span><strong><span>los ciudadanos estadounidenses est\u00e1n profundamente divididos sobre los planes de Donald Trump<\/span><\/strong><span>\u00a0y la forma en que est\u00e1 gestionando su trabajo en las primeras semanas de su regreso a la presidencia, y la valoraci\u00f3n es mejor que durante su primer mandato.<\/span><\/p>\n<p><span>El 47% de los adultos estadounidenses aprueba la forma en que Trump est\u00e1 gestionando su trabajo como presidente, mientras que el 51% dice que lo desaprueba. Y la mayor\u00eda de estas opiniones est\u00e1n muy arraigadas: el 37%\u00a0<\/span><em><span>aprueba firmemente<\/span><\/em><span>\u00a0su rendimiento, mientras que el 40% lo\u00a0<\/span><em><span>desaprueba rotundamente<\/span><\/em><span>\u00a0.<\/span><\/p>\n<p><span>En otra lectura de los resultados,\u00a0<\/span><strong><span>el nivel de aprobaci\u00f3n aumenta<\/span><\/strong><span>: un tercio (35%) dice que apoya todas o la mayor\u00eda de las pol\u00edticas y planes de Trump, y el 17% dice que apoya algunas, es decir, el 52% manifiesta un determinado grado de aprobaci\u00f3n.<\/span><\/p>\n<p><span>Donde s\u00ed existe un consenso es al considerar que\u00a0<\/span><strong><span>Trump tiene objetivos claros sobre d\u00f3nde quiere llevar el pa\u00eds (73%)<\/span><\/strong><span>, incluidas las mayor\u00edas de republicanos y dem\u00f3cratas. La discrepancia est\u00e1 en las opiniones sobre si tendr\u00e1 \u00e9xito o no. Los republicanos lo afirman, mientras que los dem\u00f3cratas piensan lo contrario.<\/span><\/p>\n<p><span>La aprobaci\u00f3n del 47% de Trump es mayor hoy que al inicio de su primer mandato en el cargo. Su calificaci\u00f3n tambi\u00e9n es mayor que en cualquier otro momento de su primer mandato de cuatro a\u00f1os, y mucho m\u00e1s alta que cuando dej\u00f3 el cargo a principios del 2021.<\/span><\/p>\n<p><span>La aprobaci\u00f3n de Trump\u00a0<\/span><a href=\"https:\/\/www.pewresearch.org\/politics\/2021\/01\/15\/biden-begins-presidency-with-positive-ratings-trump-departs-with-lowest-ever-job-mark\/\" target=\"_blank\" rel=\"noopener\"><span>cay\u00f3 al 29%<\/span><\/a><span>\u00a0a ra\u00edz de las elecciones presidenciales del 2020 y su rechazo a los resultados, lo que hace a\u00fan m\u00e1s incre\u00edble su victoria y subraya el fracaso dem\u00f3crata y de Kamala Harris.<\/span><\/p>\n<h4><strong><span>La polarizaci\u00f3n es evidente:<\/span><\/strong><\/h4>\n<ul>\n<li><span>El 84% de los republicanos y de los independientes de tendencia republicana aprueban actualmente el trabajo que est\u00e1 realizando Trump.<\/span><\/li>\n<li><span>En comparaci\u00f3n, s\u00f3lo el 10% de los dem\u00f3cratas aprueba el rendimiento laboral de Trump.<\/span><\/li>\n<\/ul>\n<p><span>Las calificaciones de Trump son\u00a0<\/span><strong><em><span>m\u00e1s positivas<\/span><\/em><span>\u00a0que negativas entre<\/span><\/strong><span>:<\/span><\/p>\n<ul>\n<li><span>Hombres (52% lo aprueba).<\/span><\/li>\n<li><span>Adultos blancos (55%).<\/span><\/li>\n<li><span>Adultos de 50 o m\u00e1s a\u00f1os (51%).<\/span><\/li>\n<li><span>Personas con diploma de escuela secundaria o inferior (53%).<\/span><\/li>\n<\/ul>\n<p><span>Las calificaciones de Trump son\u00a0<\/span><strong><em><span>m\u00e1s negativas<\/span><\/em><span>\u00a0que positivas entr<\/span><\/strong><span>\u00a0:<\/span><\/p>\n<ul>\n<li><span>Mujeres (42% lo aprueba).<\/span><\/li>\n<li><span>Adultos negros (19%).<\/span><\/li>\n<li><span>Adultos hispanos (36%).<\/span><\/li>\n<li><span>Menores de 50 a\u00f1os (43%).<\/span><\/li>\n<li><span>Personas con t\u00edtulo universitario o superior (40%).<\/span><\/li>\n<\/ul>\n<p><span>El 53% de los estadounidenses conf\u00eda mucho o bastante en que Trump tiene las\u00a0<\/span><strong><span>habilidades de liderazgo<\/span><\/strong><span>\u00a0para hacer el trabajo, mientras que el 43% no conf\u00eda demasiado o nada en \u00e9l (el 16% tiene algo de confianza).<\/span><\/p>\n<p><span>Del mismo modo, el 55% tiene mucha o bastante confianza en la\u00a0<\/span><strong><span>aptitud mental<\/span><\/strong><span>\u00a0de Trump para la presidencia, mientras que el 44% tiene poca o ninguna.<\/span><\/p>\n<p><span>Y mientras que el 59% est\u00e1 seguro o algo seguro de que Trump est\u00e1\u00a0<\/span><strong><span>f\u00edsicamente apto<\/span><\/strong><span>\u00a0para el cargo, el 41% no est\u00e1 demasiado o nada seguro.<\/span><\/p>\n<p><span>La mayor\u00eda de los republicanos tienen al menos mucha confianza en Trump en los seis rasgos sobre los que se pregunt\u00f3 en la encuesta. En particular, los republicanos expresan una gran confianza en lo que respecta a sus habilidades de liderazgo (76%), aptitud mental (75%) y aptitud f\u00edsica (65%).<\/span><\/p>\n<p><span>Mayor\u00edas m\u00e1s peque\u00f1as de republicanos expresan confianza en que act\u00faa \u00e9ticamente en el cargo (55%), elige buenos asesores (60%) o respeta los valores democr\u00e1ticos del pa\u00eds (60%).<\/span><\/p>\n<p><span>Sin embargo, la confianza de los republicanos en que Trump act\u00fae con \u00e9tica y elija buenos asesores es mayor que en abril del 2024.<\/span><\/p>\n<p><span>Los dem\u00f3cratas expresan poca o ninguna confianza en Trump en ninguna de las dimensiones sobre las que se pregunta en la encuesta. Estas opiniones son casi id\u00e9nticas a la opini\u00f3n dem\u00f3crata de abril de 2024.<\/span><\/p>\n<p><span>Los estadounidenses est\u00e1n divididos en sus opiniones sobre si la administraci\u00f3n Trump tendr\u00e1 \u00e9xito a largo plazo.<\/span><\/p>\n<p><span>Mientras que el 35% dice creer que Trump tendr\u00e1 \u00e9xito a largo plazo, una proporci\u00f3n similar (33%) dice creer que no lo tendr\u00e1. Aproximadamente tres de cada diez (31%) dicen que todav\u00eda es demasiado pronto para decir si va a tener \u00e9xito.<\/span><\/p>\n<h4><strong><span>La agenda, planes y primeras acciones ejecutivas de Trump<\/span><\/strong><\/h4>\n<p><span>Los estadounidenses tambi\u00e9n est\u00e1n divididos en su apoyo a las pol\u00edticas y planes de Trump.<\/span><\/p>\n<p><span>Alrededor de un tercio (51%) de los adultos estadounidenses dicen apoyarlas todas (9%) o la mayor\u00eda (25%) de las pol\u00edticas y planes de Trump, y el 17% dice apoyar algunas.<\/span><\/p>\n<p><span>Esto se compara con el 47% de los adultos que apoyan s\u00f3lo unas cuantas (23%) o ninguna (24%) de sus pol\u00edticas.<\/span><\/p>\n<p><span>Dos tercios de los republicanos dicen apoyar todos o la mayor\u00eda de los planes de Trump, mientras que una mayor\u00eda a\u00fan m\u00e1s amplia de los dem\u00f3cratas, el 84%, dice que apoya s\u00f3lo a algunos o ninguno de los planes de Trump.<\/span><\/p>\n<p><span>Las divisiones partidistas en las opiniones sobre sus planes y pol\u00edticas se extienden a las primeras acciones que la administraci\u00f3n ha tomado hasta ahora.<\/span><\/p>\n<p><span>Mientras el 53% de los republicanos dice que estas acciones han sido mejores de lo que esperaban, el 60% de los dem\u00f3cratas dice que han sido peores de lo que esperaban. M\u00e1s de un tercio de los estadounidenses (36%) \u2014incluyendo porcentajes similares en ambos grupos partidistas\u2014 dicen que las acciones de Trump han sido m\u00e1s o menos lo esperado.<\/span><\/p>\n<h4><strong><span>\u00bfQu\u00e9 podr\u00e1 conseguir Trump?<\/span><\/strong><\/h4>\n<p><span>La mayor\u00eda de los estadounidenses dicen que Trump tiene objetivos claros sobre d\u00f3nde quiere llevar al pa\u00eds (73%), pero hay m\u00e1s desacuerdo sobre cu\u00e1nto de su agenda podr\u00e1 conseguir en los pr\u00f3ximos cuatro a\u00f1os.<\/span><\/p>\n<ul>\n<li><span>El 92% de los republicanos dice que Trump tiene claros objetivos para el pa\u00eds.<\/span><\/li>\n<li><span>Una mayor\u00eda m\u00e1s estrecha de dem\u00f3cratas (55%) dice lo mismo.<\/span><\/li>\n<\/ul>\n<p><span>Pero hay una mayor brecha partidista sobre si alcanzar\u00e1 estos objetivos:<\/span><\/p>\n<ul>\n<li><span>El 54% de los republicanos dice que Trump conseguir\u00e1 la mayor parte o la totalidad de su agenda, y un 39% adicional dice que cumplir\u00e1 una parte. S\u00f3lo el 6% dice que conseguir\u00e1 \u00abs\u00f3lo un poco\u00bb o nada de su agenda en los pr\u00f3ximos cuatro a\u00f1os.<\/span><\/li>\n<li><span>Los dem\u00f3cratas son m\u00e1s esc\u00e9pticos: el 23% dice que completar\u00e1 toda o la mayor parte de su agenda, mientras que el 53% dice cumplir\u00e1 una parte y el 24% dice que s\u00f3lo un poco o nada.<\/span><\/li>\n<\/ul>\n<h4><strong><span>Indultos de Trump del 6 de enero<\/span><\/strong><\/h4>\n<ul>\n<li><span>Casi ocho de cada diez republicanos (78%) aprueban a los indultos de Trump para estos delincuentes no violentos, mientras que aproximadamente dos de cada diez (21%) los desaprueban.<\/span><\/li>\n<li><span>En contraste, el 85% de los dem\u00f3cratas desaprueba estos indultos.<\/span><\/li>\n<\/ul>\n<p><span>En cuanto a los indultos por delitos violentos:<\/span><\/p>\n<ul>\n<li><span>Los republicanos est\u00e1n relativamente divididos (54% en contra, 45% en favor).<\/span><\/li>\n<li><span>M\u00e1s de nueve de cada diez dem\u00f3cratas (93%) desaprueban la decisi\u00f3n de Trump de indultar a los condenados por delitos violentos relacionados con los hechos del 6 de enero del 2021 en el Capitolio.<\/span><\/li>\n<\/ul>\n<p><span>Poco antes de que Joe Biden dejara el cargo, emiti\u00f3 indultos a miembros del Congreso y al personal del Congreso que trabajaron en el comit\u00e9 que investig\u00f3 los eventos del 6 de enero, as\u00ed como a agentes de polic\u00eda que testificaron ante este comit\u00e9.<\/span><\/p>\n<ul>\n<li><span>El 46% de los estadounidenses aprueba estos indultos, mientras que el 52% los desaprueba.<\/span><\/li>\n<\/ul>\n<p><span>Los republicanos y los dem\u00f3cratas tienen puntos de vista marcadamente distintos sobre estos indultos:<\/span><\/p>\n<ul>\n<li><span>El 72% de los dem\u00f3cratas aprueba los indultos de Biden y el 26% los desaprueba.<\/span><\/li>\n<li><span>Las opiniones de los republicanos son casi las contrarias: el 78% los desaprueba, mientras que el 22% los aprueba.<\/span><\/li>\n<\/ul>\n<div id=\"polls-273\" class=\"wp-polls\">\n\t<form id=\"polls_form_273\" class=\"wp-polls-form\" action=\"\/index.php\" method=\"post\">\n\t\t<p style=\"display: none;\"><input type=\"hidden\" id=\"poll_273_nonce\" name=\"wp-polls-nonce\" value=\"f85796560e\" \/><\/p>\n\t\t<p style=\"display: none;\"><input type=\"hidden\" name=\"poll_id\" value=\"273\" \/><\/p>\n\t\t<p style=\"text-align: center\"><strong>Fa sis mesos que Salvador Illa \u00e9s president. Consideres que ha millorat el Govern de la Generalitat?<\/strong><\/p><div id=\"polls-273-ans\" class=\"wp-polls-ans\"><ul class=\"wp-polls-ul\">\n\t\t<li><input type=\"radio\" id=\"poll-answer-770\" name=\"poll_273\" value=\"770\" \/> <label for=\"poll-answer-770\">S\u00ed<\/label><\/li>\n\t\t<li><input type=\"radio\" id=\"poll-answer-771\" name=\"poll_273\" value=\"771\" \/> <label for=\"poll-answer-771\">No<\/label><\/li>\n\t\t<li><input type=\"radio\" id=\"poll-answer-772\" name=\"poll_273\" value=\"772\" \/> <label for=\"poll-answer-772\">No ho s\u00e9<\/label><\/li>\n\t\t<\/ul><p style=\"text-align: center\"><input type=\"button\" name=\"vote\" value=\"   Vota   \" class=\"Buttons\" onclick=\"poll_vote(273);\" \/><\/p><p style=\"text-align: center\"><a href=\"#ViewPollResults\" onclick=\"poll_result(273); return false;\" title=\"View Results Of This Poll\">Mira els resultats<\/a><\/p><\/div>\n\t<\/form>\n<\/div>\n<div id=\"polls-273-loading\" class=\"wp-polls-loading\"><img decoding=\"async\" data-src=\"https:\/\/conversesacatalunya.cat\/wp-content\/plugins\/wp-polls\/images\/loading.gif\" width=\"16\" height=\"16\" alt=\"Cargando ...\" title=\"Cargando ...\" class=\"wp-polls-image lazyload\" src=\"data:image\/svg+xml;base64,PHN2ZyB3aWR0aD0iMSIgaGVpZ2h0PSIxIiB4bWxucz0iaHR0cDovL3d3dy53My5vcmcvMjAwMC9zdmciPjwvc3ZnPg==\" style=\"--smush-placeholder-width: 16px; --smush-placeholder-aspect-ratio: 16\/16;\" \/>&nbsp;Cargando ...<\/div>\n\n","protected":false},"excerpt":{"rendered":"<p>Ya disponemos de la primera y amplia encuesta sobre lo que opinan los estadounidenses sobre la situaci\u00f3n y las perspectivas del segundo mandato de Trump, realizada por el conocido instituto de investigaci\u00f3n social Pew Research Center. El resultado no es una sorpresa:\u00a0los ciudadanos estadounidenses est\u00e1n profundamente divididos sobre los planes de Donald Trump\u00a0y la forma en que est\u00e1 gestionando su trabajo en las primeras semanas de su regreso a la presidencia, y la valoraci\u00f3n es mejor que durante su primer mandato. El 47% de los adultos estadounidenses aprueba la forma en que Trump est\u00e1 gestionando su trabajo como presidente, mientras que el 51% dice que lo desaprueba. Y la mayor\u00eda de estas opiniones est\u00e1n muy arraigadas: el 37%\u00a0aprueba firmemente\u00a0su rendimiento, mientras que el 40% lo\u00a0desaprueba rotundamente\u00a0. En otra lectura de los resultados,\u00a0el nivel de aprobaci\u00f3n aumenta: un tercio (35%) dice que apoya todas o la mayor\u00eda de las pol\u00edticas y planes de Trump, y el 17% dice que apoya algunas, es decir, el 52% manifiesta un determinado grado de aprobaci\u00f3n. Donde s\u00ed existe un consenso es al considerar que\u00a0Trump tiene objetivos claros sobre d\u00f3nde quiere llevar el pa\u00eds (73%), incluidas las mayor\u00edas de republicanos y dem\u00f3cratas. La discrepancia est\u00e1 en las opiniones sobre si tendr\u00e1 \u00e9xito o no. Los republicanos lo afirman, mientras que los dem\u00f3cratas piensan lo contrario. La aprobaci\u00f3n del 47% de Trump es mayor hoy que al inicio de su primer mandato en el cargo. Su calificaci\u00f3n tambi\u00e9n es mayor que en cualquier otro momento de su primer mandato de cuatro a\u00f1os, y mucho m\u00e1s alta que cuando dej\u00f3 el cargo a principios del 2021. La aprobaci\u00f3n de Trump\u00a0cay\u00f3 al 29%\u00a0a ra\u00edz de las elecciones presidenciales del 2020 y su rechazo a los resultados, lo que hace a\u00fan m\u00e1s incre\u00edble su victoria y subraya el fracaso dem\u00f3crata y de Kamala Harris. La polarizaci\u00f3n es evidente: El 84% de los republicanos y de los independientes de tendencia republicana aprueban actualmente el trabajo que est\u00e1 realizando Trump. En comparaci\u00f3n, s\u00f3lo el 10% de los dem\u00f3cratas aprueba el rendimiento laboral de Trump. Las calificaciones de Trump son\u00a0m\u00e1s positivas\u00a0que negativas entre: Hombres (52% lo aprueba). Adultos blancos (55%). Adultos de 50 o m\u00e1s a\u00f1os (51%). Personas con diploma de escuela secundaria o inferior (53%). Las calificaciones de Trump son\u00a0m\u00e1s negativas\u00a0que positivas entr\u00a0: Mujeres (42% lo aprueba). Adultos negros (19%). Adultos hispanos (36%). Menores de 50 a\u00f1os (43%). Personas con t\u00edtulo universitario o superior (40%). El 53% de los estadounidenses conf\u00eda mucho o bastante en que Trump tiene las\u00a0habilidades de liderazgo\u00a0para hacer el trabajo, mientras que el 43% no conf\u00eda demasiado o nada en \u00e9l (el 16% tiene algo de confianza). Del mismo modo, el 55% tiene mucha o bastante confianza en la\u00a0aptitud mental\u00a0de Trump para la presidencia, mientras que el 44% tiene poca o ninguna. Y mientras que el 59% est\u00e1 seguro o algo seguro de que Trump est\u00e1\u00a0f\u00edsicamente apto\u00a0para el cargo, el 41% no est\u00e1 demasiado o nada seguro. La mayor\u00eda de los republicanos tienen al menos mucha confianza en Trump en los seis rasgos sobre los que se pregunt\u00f3 en la encuesta. En particular, los republicanos expresan una gran confianza en lo que respecta a sus habilidades de liderazgo (76%), aptitud mental (75%) y aptitud f\u00edsica (65%). Mayor\u00edas m\u00e1s peque\u00f1as de republicanos expresan confianza en que act\u00faa \u00e9ticamente en el cargo (55%), elige buenos asesores (60%) o respeta los valores democr\u00e1ticos del pa\u00eds (60%). Sin embargo, la confianza de los republicanos en que Trump act\u00fae con \u00e9tica y elija buenos asesores es mayor que en abril del 2024. Los dem\u00f3cratas expresan poca o ninguna confianza en Trump en ninguna de las dimensiones sobre las que se pregunta en la encuesta. Estas opiniones son casi id\u00e9nticas a la opini\u00f3n dem\u00f3crata de abril de 2024. Los estadounidenses est\u00e1n divididos en sus opiniones sobre si la administraci\u00f3n Trump tendr\u00e1 \u00e9xito a largo plazo. Mientras que el 35% dice creer que Trump tendr\u00e1 \u00e9xito a largo plazo, una proporci\u00f3n similar (33%) dice creer que no lo tendr\u00e1. Aproximadamente tres de cada diez (31%) dicen que todav\u00eda es demasiado pronto para decir si va a tener \u00e9xito. La agenda, planes y primeras acciones ejecutivas de Trump Los estadounidenses tambi\u00e9n est\u00e1n divididos en su apoyo a las pol\u00edticas y planes de Trump. Alrededor de un tercio (51%) de los adultos estadounidenses dicen apoyarlas todas (9%) o la mayor\u00eda (25%) de las pol\u00edticas y planes de Trump, y el 17% dice apoyar algunas. Esto se compara con el 47% de los adultos que apoyan s\u00f3lo unas cuantas (23%) o ninguna (24%) de sus pol\u00edticas. Dos tercios de los republicanos dicen apoyar todos o la mayor\u00eda de los planes de Trump, mientras que una mayor\u00eda a\u00fan m\u00e1s amplia de los dem\u00f3cratas, el 84%, dice que apoya s\u00f3lo a algunos o ninguno de los planes de Trump. Las divisiones partidistas en las opiniones sobre sus planes y pol\u00edticas se extienden a las primeras acciones que la administraci\u00f3n ha tomado hasta ahora. Mientras el 53% de los republicanos dice que estas acciones han sido mejores de lo que esperaban, el 60% de los dem\u00f3cratas dice que han sido peores de lo que esperaban. M\u00e1s de un tercio de los estadounidenses (36%) \u2014incluyendo porcentajes similares en ambos grupos partidistas\u2014 dicen que las acciones de Trump han sido m\u00e1s o menos lo esperado. \u00bfQu\u00e9 podr\u00e1 conseguir Trump? La mayor\u00eda de los estadounidenses dicen que Trump tiene objetivos claros sobre d\u00f3nde quiere llevar al pa\u00eds (73%), pero hay m\u00e1s desacuerdo sobre cu\u00e1nto de su agenda podr\u00e1 conseguir en los pr\u00f3ximos cuatro a\u00f1os. El 92% de los republicanos dice que Trump tiene claros objetivos para el pa\u00eds. Una mayor\u00eda m\u00e1s estrecha de dem\u00f3cratas (55%) dice lo mismo. Pero hay una mayor brecha partidista sobre si alcanzar\u00e1 estos objetivos: El 54% de los republicanos dice que Trump conseguir\u00e1 la mayor parte o la totalidad de su agenda, y un 39% adicional dice que cumplir\u00e1 una parte. S\u00f3lo el 6% dice que conseguir\u00e1 \u00abs\u00f3lo un poco\u00bb o nada de su agenda en los pr\u00f3ximos&#8230;<\/p>\n","protected":false},"author":81,"featured_media":40422,"comment_status":"open","ping_status":"open","sticky":false,"template":"","format":"standard","meta":{"_FSMCFIC_featured_image_caption":"","_FSMCFIC_featured_image_nocaption":"1","_FSMCFIC_featured_image_hide":"","footnotes":""},"categories":[806],"tags":[963],"class_list":["post-85597","post","type-post","status-publish","format-standard","has-post-thumbnail","hentry","category-punts-claus-del-dia-es","tag-donald-trump-es"],"yoast_head":"<!-- This site is optimized with the Yoast SEO plugin v26.8 - https:\/\/yoast.com\/product\/yoast-seo-wordpress\/ -->\n<title>Segundo mandato de Trump: primeras calificaciones y expectativas - Converses a Catalunya<\/title>\n<meta name=\"description\" content=\"\u00bfQu\u00e9 opinan los estadounidenses sobre la situaci\u00f3n y las perspectivas del segundo mandato de Trump\" \/>\n<meta name=\"robots\" content=\"index, follow, max-snippet:-1, max-image-preview:large, max-video-preview:-1\" \/>\n<link rel=\"canonical\" href=\"https:\/\/conversesacatalunya.cat\/es\/segundo-mandato-de-trump-primeras-calificaciones-y-expectativas\/\" \/>\n<meta property=\"og:locale\" content=\"es_ES\" \/>\n<meta property=\"og:type\" content=\"article\" \/>\n<meta property=\"og:title\" content=\"Segundo mandato de Trump: primeras calificaciones y expectativas - Converses a Catalunya\" \/>\n<meta property=\"og:description\" content=\"\u00bfQu\u00e9 opinan los estadounidenses sobre la situaci\u00f3n y las perspectivas del segundo mandato de Trump\" \/>\n<meta property=\"og:url\" content=\"https:\/\/conversesacatalunya.cat\/es\/segundo-mandato-de-trump-primeras-calificaciones-y-expectativas\/\" \/>\n<meta property=\"og:site_name\" content=\"Converses a Catalunya\" \/>\n<meta property=\"article:published_time\" content=\"2025-02-14T09:31:54+00:00\" \/>\n<meta property=\"article:modified_time\" content=\"2025-02-14T09:51:03+00:00\" \/>\n<meta property=\"og:image\" content=\"https:\/\/conversesacatalunya.cat\/wp-content\/uploads\/2020\/09\/trump-campanya.jpg\" \/>\n\t<meta property=\"og:image:width\" content=\"862\" \/>\n\t<meta property=\"og:image:height\" content=\"485\" \/>\n\t<meta property=\"og:image:type\" content=\"image\/jpeg\" \/>\n<meta name=\"author\" content=\"Emili Clos\" \/>\n<meta name=\"twitter:card\" content=\"summary_large_image\" \/>\n<meta name=\"twitter:label1\" content=\"Escrito por\" \/>\n\t<meta name=\"twitter:data1\" content=\"Emili Clos\" \/>\n\t<meta name=\"twitter:label2\" content=\"Tiempo de lectura\" \/>\n\t<meta name=\"twitter:data2\" content=\"6 minutos\" \/>\n<script type=\"application\/ld+json\" class=\"yoast-schema-graph\">{\"@context\":\"https:\/\/schema.org\",\"@graph\":[{\"@type\":\"Article\",\"@id\":\"https:\/\/conversesacatalunya.cat\/es\/segundo-mandato-de-trump-primeras-calificaciones-y-expectativas\/#article\",\"isPartOf\":{\"@id\":\"https:\/\/conversesacatalunya.cat\/es\/segundo-mandato-de-trump-primeras-calificaciones-y-expectativas\/\"},\"author\":{\"name\":\"Emili Clos\",\"@id\":\"https:\/\/conversesacatalunya.cat\/#\/schema\/person\/46306de4129bccb959ed5e1720c4e3e7\"},\"headline\":\"Segundo mandato de Trump: primeras calificaciones y expectativas\",\"datePublished\":\"2025-02-14T09:31:54+00:00\",\"dateModified\":\"2025-02-14T09:51:03+00:00\",\"mainEntityOfPage\":{\"@id\":\"https:\/\/conversesacatalunya.cat\/es\/segundo-mandato-de-trump-primeras-calificaciones-y-expectativas\/\"},\"wordCount\":1292,\"commentCount\":0,\"image\":{\"@id\":\"https:\/\/conversesacatalunya.cat\/es\/segundo-mandato-de-trump-primeras-calificaciones-y-expectativas\/#primaryimage\"},\"thumbnailUrl\":\"https:\/\/conversesacatalunya.cat\/wp-content\/uploads\/2020\/09\/trump-campanya.jpg\",\"keywords\":[\"Donald Trump\"],\"articleSection\":[\"Punts clau del dia (ES)\"],\"inLanguage\":\"es\",\"potentialAction\":[{\"@type\":\"CommentAction\",\"name\":\"Comment\",\"target\":[\"https:\/\/conversesacatalunya.cat\/es\/segundo-mandato-de-trump-primeras-calificaciones-y-expectativas\/#respond\"]}]},{\"@type\":\"WebPage\",\"@id\":\"https:\/\/conversesacatalunya.cat\/es\/segundo-mandato-de-trump-primeras-calificaciones-y-expectativas\/\",\"url\":\"https:\/\/conversesacatalunya.cat\/es\/segundo-mandato-de-trump-primeras-calificaciones-y-expectativas\/\",\"name\":\"Segundo mandato de Trump: primeras calificaciones y expectativas - Converses a Catalunya\",\"isPartOf\":{\"@id\":\"https:\/\/conversesacatalunya.cat\/#website\"},\"primaryImageOfPage\":{\"@id\":\"https:\/\/conversesacatalunya.cat\/es\/segundo-mandato-de-trump-primeras-calificaciones-y-expectativas\/#primaryimage\"},\"image\":{\"@id\":\"https:\/\/conversesacatalunya.cat\/es\/segundo-mandato-de-trump-primeras-calificaciones-y-expectativas\/#primaryimage\"},\"thumbnailUrl\":\"https:\/\/conversesacatalunya.cat\/wp-content\/uploads\/2020\/09\/trump-campanya.jpg\",\"datePublished\":\"2025-02-14T09:31:54+00:00\",\"dateModified\":\"2025-02-14T09:51:03+00:00\",\"author\":{\"@id\":\"https:\/\/conversesacatalunya.cat\/#\/schema\/person\/46306de4129bccb959ed5e1720c4e3e7\"},\"description\":\"\u00bfQu\u00e9 opinan los estadounidenses sobre la situaci\u00f3n y las perspectivas del segundo mandato de Trump\",\"breadcrumb\":{\"@id\":\"https:\/\/conversesacatalunya.cat\/es\/segundo-mandato-de-trump-primeras-calificaciones-y-expectativas\/#breadcrumb\"},\"inLanguage\":\"es\",\"potentialAction\":[{\"@type\":\"ReadAction\",\"target\":[\"https:\/\/conversesacatalunya.cat\/es\/segundo-mandato-de-trump-primeras-calificaciones-y-expectativas\/\"]}]},{\"@type\":\"ImageObject\",\"inLanguage\":\"es\",\"@id\":\"https:\/\/conversesacatalunya.cat\/es\/segundo-mandato-de-trump-primeras-calificaciones-y-expectativas\/#primaryimage\",\"url\":\"https:\/\/conversesacatalunya.cat\/wp-content\/uploads\/2020\/09\/trump-campanya.jpg\",\"contentUrl\":\"https:\/\/conversesacatalunya.cat\/wp-content\/uploads\/2020\/09\/trump-campanya.jpg\",\"width\":862,\"height\":485,\"caption\":\"Trump eleccions\"},{\"@type\":\"BreadcrumbList\",\"@id\":\"https:\/\/conversesacatalunya.cat\/es\/segundo-mandato-de-trump-primeras-calificaciones-y-expectativas\/#breadcrumb\",\"itemListElement\":[{\"@type\":\"ListItem\",\"position\":1,\"name\":\"Inici\",\"item\":\"https:\/\/conversesacatalunya.cat\/es\/\"},{\"@type\":\"ListItem\",\"position\":2,\"name\":\"Segundo mandato de Trump: primeras calificaciones y expectativas\"}]},{\"@type\":\"WebSite\",\"@id\":\"https:\/\/conversesacatalunya.cat\/#website\",\"url\":\"https:\/\/conversesacatalunya.cat\/\",\"name\":\"Converses a Catalunya\",\"description\":\"\",\"potentialAction\":[{\"@type\":\"SearchAction\",\"target\":{\"@type\":\"EntryPoint\",\"urlTemplate\":\"https:\/\/conversesacatalunya.cat\/?s={search_term_string}\"},\"query-input\":{\"@type\":\"PropertyValueSpecification\",\"valueRequired\":true,\"valueName\":\"search_term_string\"}}],\"inLanguage\":\"es\"},{\"@type\":\"Person\",\"@id\":\"https:\/\/conversesacatalunya.cat\/#\/schema\/person\/46306de4129bccb959ed5e1720c4e3e7\",\"name\":\"Emili Clos\",\"image\":{\"@type\":\"ImageObject\",\"inLanguage\":\"es\",\"@id\":\"https:\/\/conversesacatalunya.cat\/#\/schema\/person\/image\/\",\"url\":\"https:\/\/conversesacatalunya.cat\/wp-content\/litespeed\/avatar\/a9a662bd802eed79498de818aef91cc9.jpg?ver=1777701214\",\"contentUrl\":\"https:\/\/conversesacatalunya.cat\/wp-content\/litespeed\/avatar\/a9a662bd802eed79498de818aef91cc9.jpg?ver=1777701214\",\"caption\":\"Emili Clos\"},\"url\":\"https:\/\/conversesacatalunya.cat\/es\/author\/emili_clos\/\"}]}<\/script>\n<!-- \/ Yoast SEO plugin. -->","yoast_head_json":{"title":"Segundo mandato de Trump: primeras calificaciones y expectativas - Converses a Catalunya","description":"\u00bfQu\u00e9 opinan los estadounidenses sobre la situaci\u00f3n y las perspectivas del segundo mandato de Trump","robots":{"index":"index","follow":"follow","max-snippet":"max-snippet:-1","max-image-preview":"max-image-preview:large","max-video-preview":"max-video-preview:-1"},"canonical":"https:\/\/conversesacatalunya.cat\/es\/segundo-mandato-de-trump-primeras-calificaciones-y-expectativas\/","og_locale":"es_ES","og_type":"article","og_title":"Segundo mandato de Trump: primeras calificaciones y expectativas - Converses a Catalunya","og_description":"\u00bfQu\u00e9 opinan los estadounidenses sobre la situaci\u00f3n y las perspectivas del segundo mandato de Trump","og_url":"https:\/\/conversesacatalunya.cat\/es\/segundo-mandato-de-trump-primeras-calificaciones-y-expectativas\/","og_site_name":"Converses a Catalunya","article_published_time":"2025-02-14T09:31:54+00:00","article_modified_time":"2025-02-14T09:51:03+00:00","og_image":[{"width":862,"height":485,"url":"https:\/\/conversesacatalunya.cat\/wp-content\/uploads\/2020\/09\/trump-campanya.jpg","type":"image\/jpeg"}],"author":"Emili Clos","twitter_card":"summary_large_image","twitter_misc":{"Escrito por":"Emili Clos","Tiempo de lectura":"6 minutos"},"schema":{"@context":"https:\/\/schema.org","@graph":[{"@type":"Article","@id":"https:\/\/conversesacatalunya.cat\/es\/segundo-mandato-de-trump-primeras-calificaciones-y-expectativas\/#article","isPartOf":{"@id":"https:\/\/conversesacatalunya.cat\/es\/segundo-mandato-de-trump-primeras-calificaciones-y-expectativas\/"},"author":{"name":"Emili Clos","@id":"https:\/\/conversesacatalunya.cat\/#\/schema\/person\/46306de4129bccb959ed5e1720c4e3e7"},"headline":"Segundo mandato de Trump: primeras calificaciones y expectativas","datePublished":"2025-02-14T09:31:54+00:00","dateModified":"2025-02-14T09:51:03+00:00","mainEntityOfPage":{"@id":"https:\/\/conversesacatalunya.cat\/es\/segundo-mandato-de-trump-primeras-calificaciones-y-expectativas\/"},"wordCount":1292,"commentCount":0,"image":{"@id":"https:\/\/conversesacatalunya.cat\/es\/segundo-mandato-de-trump-primeras-calificaciones-y-expectativas\/#primaryimage"},"thumbnailUrl":"https:\/\/conversesacatalunya.cat\/wp-content\/uploads\/2020\/09\/trump-campanya.jpg","keywords":["Donald Trump"],"articleSection":["Punts clau del dia (ES)"],"inLanguage":"es","potentialAction":[{"@type":"CommentAction","name":"Comment","target":["https:\/\/conversesacatalunya.cat\/es\/segundo-mandato-de-trump-primeras-calificaciones-y-expectativas\/#respond"]}]},{"@type":"WebPage","@id":"https:\/\/conversesacatalunya.cat\/es\/segundo-mandato-de-trump-primeras-calificaciones-y-expectativas\/","url":"https:\/\/conversesacatalunya.cat\/es\/segundo-mandato-de-trump-primeras-calificaciones-y-expectativas\/","name":"Segundo mandato de Trump: primeras calificaciones y expectativas - Converses a Catalunya","isPartOf":{"@id":"https:\/\/conversesacatalunya.cat\/#website"},"primaryImageOfPage":{"@id":"https:\/\/conversesacatalunya.cat\/es\/segundo-mandato-de-trump-primeras-calificaciones-y-expectativas\/#primaryimage"},"image":{"@id":"https:\/\/conversesacatalunya.cat\/es\/segundo-mandato-de-trump-primeras-calificaciones-y-expectativas\/#primaryimage"},"thumbnailUrl":"https:\/\/conversesacatalunya.cat\/wp-content\/uploads\/2020\/09\/trump-campanya.jpg","datePublished":"2025-02-14T09:31:54+00:00","dateModified":"2025-02-14T09:51:03+00:00","author":{"@id":"https:\/\/conversesacatalunya.cat\/#\/schema\/person\/46306de4129bccb959ed5e1720c4e3e7"},"description":"\u00bfQu\u00e9 opinan los estadounidenses sobre la situaci\u00f3n y las perspectivas del segundo mandato de Trump","breadcrumb":{"@id":"https:\/\/conversesacatalunya.cat\/es\/segundo-mandato-de-trump-primeras-calificaciones-y-expectativas\/#breadcrumb"},"inLanguage":"es","potentialAction":[{"@type":"ReadAction","target":["https:\/\/conversesacatalunya.cat\/es\/segundo-mandato-de-trump-primeras-calificaciones-y-expectativas\/"]}]},{"@type":"ImageObject","inLanguage":"es","@id":"https:\/\/conversesacatalunya.cat\/es\/segundo-mandato-de-trump-primeras-calificaciones-y-expectativas\/#primaryimage","url":"https:\/\/conversesacatalunya.cat\/wp-content\/uploads\/2020\/09\/trump-campanya.jpg","contentUrl":"https:\/\/conversesacatalunya.cat\/wp-content\/uploads\/2020\/09\/trump-campanya.jpg","width":862,"height":485,"caption":"Trump eleccions"},{"@type":"BreadcrumbList","@id":"https:\/\/conversesacatalunya.cat\/es\/segundo-mandato-de-trump-primeras-calificaciones-y-expectativas\/#breadcrumb","itemListElement":[{"@type":"ListItem","position":1,"name":"Inici","item":"https:\/\/conversesacatalunya.cat\/es\/"},{"@type":"ListItem","position":2,"name":"Segundo mandato de Trump: primeras calificaciones y expectativas"}]},{"@type":"WebSite","@id":"https:\/\/conversesacatalunya.cat\/#website","url":"https:\/\/conversesacatalunya.cat\/","name":"Converses a Catalunya","description":"","potentialAction":[{"@type":"SearchAction","target":{"@type":"EntryPoint","urlTemplate":"https:\/\/conversesacatalunya.cat\/?s={search_term_string}"},"query-input":{"@type":"PropertyValueSpecification","valueRequired":true,"valueName":"search_term_string"}}],"inLanguage":"es"},{"@type":"Person","@id":"https:\/\/conversesacatalunya.cat\/#\/schema\/person\/46306de4129bccb959ed5e1720c4e3e7","name":"Emili Clos","image":{"@type":"ImageObject","inLanguage":"es","@id":"https:\/\/conversesacatalunya.cat\/#\/schema\/person\/image\/","url":"https:\/\/conversesacatalunya.cat\/wp-content\/litespeed\/avatar\/a9a662bd802eed79498de818aef91cc9.jpg?ver=1777701214","contentUrl":"https:\/\/conversesacatalunya.cat\/wp-content\/litespeed\/avatar\/a9a662bd802eed79498de818aef91cc9.jpg?ver=1777701214","caption":"Emili Clos"},"url":"https:\/\/conversesacatalunya.cat\/es\/author\/emili_clos\/"}]}},"wps_subtitle":"\u00bfQu\u00e9 opinan los estadounidenses sobre la situaci\u00f3n y las perspectivas del segundo mandato de Trump","_links":{"self":[{"href":"https:\/\/conversesacatalunya.cat\/es\/wp-json\/wp\/v2\/posts\/85597","targetHints":{"allow":["GET"]}}],"collection":[{"href":"https:\/\/conversesacatalunya.cat\/es\/wp-json\/wp\/v2\/posts"}],"about":[{"href":"https:\/\/conversesacatalunya.cat\/es\/wp-json\/wp\/v2\/types\/post"}],"author":[{"embeddable":true,"href":"https:\/\/conversesacatalunya.cat\/es\/wp-json\/wp\/v2\/users\/81"}],"replies":[{"embeddable":true,"href":"https:\/\/conversesacatalunya.cat\/es\/wp-json\/wp\/v2\/comments?post=85597"}],"version-history":[{"count":2,"href":"https:\/\/conversesacatalunya.cat\/es\/wp-json\/wp\/v2\/posts\/85597\/revisions"}],"predecessor-version":[{"id":85602,"href":"https:\/\/conversesacatalunya.cat\/es\/wp-json\/wp\/v2\/posts\/85597\/revisions\/85602"}],"wp:featuredmedia":[{"embeddable":true,"href":"https:\/\/conversesacatalunya.cat\/es\/wp-json\/wp\/v2\/media\/40422"}],"wp:attachment":[{"href":"https:\/\/conversesacatalunya.cat\/es\/wp-json\/wp\/v2\/media?parent=85597"}],"wp:term":[{"taxonomy":"category","embeddable":true,"href":"https:\/\/conversesacatalunya.cat\/es\/wp-json\/wp\/v2\/categories?post=85597"},{"taxonomy":"post_tag","embeddable":true,"href":"https:\/\/conversesacatalunya.cat\/es\/wp-json\/wp\/v2\/tags?post=85597"}],"curies":[{"name":"wp","href":"https:\/\/api.w.org\/{rel}","templated":true}]}}