{"id":85511,"date":"2025-02-11T11:23:01","date_gmt":"2025-02-11T10:23:01","guid":{"rendered":"https:\/\/conversesacatalunya.cat\/la-casa-orsola\/"},"modified":"2025-02-11T11:59:48","modified_gmt":"2025-02-11T10:59:48","slug":"la-casa-orsola","status":"publish","type":"post","link":"https:\/\/conversesacatalunya.cat\/es\/la-casa-orsola\/","title":{"rendered":"La Casa Orsola, un ejemplo de las contradicciones desastrosas de la pol\u00edtica urban\u00edstica y de vivienda que practica la progres\u00eda"},"content":{"rendered":"<p><span>Seg\u00fan se\u00f1alan las encuestas, la vivienda se ha convertido en uno de los grandes problemas que une a la mayor\u00eda de los ciudadanos; el otro es la pol\u00edtica y en esta relaci\u00f3n ya podemos encontrar parte de la respuesta del desastre fruto de la total carencia de una pol\u00edtica territorial, a escala espa\u00f1ola y catalana, y urban\u00edstica en lo que respecta a Barcelona. Lo que repercute en los tres niveles territoriales en el desastre espec\u00edfico de la vivienda, que paga ahora las consecuencias de una acumulaci\u00f3n de graves errores pol\u00edticos:<\/span><\/p>\n<ol type=\"a\">\n<li><span>El primero, la\u00a0<strong>insuficiencia de la oferta<\/strong>\u00a0no s\u00f3lo social sino general.<\/span><\/li>\n<li><span>Las\u00a0<strong>limitaciones de suelo disponible<\/strong>\u00a0para su construcci\u00f3n.<\/span><\/li>\n<li><span>El largo y\u00a0<strong>burocr\u00e1tico proceso<\/strong>\u00a0que acompa\u00f1a la construcci\u00f3n de un nuevo edificio.<\/span><\/li>\n<li><span>La doble apuesta por el\u00a0<strong>turismo y la inmigraci\u00f3n masiva<\/strong>.<\/span><\/li>\n<li><span>Pol\u00edticas p\u00fablicas que hacen recaer la soluci\u00f3n, incluso en su dimensi\u00f3n social, en\u00a0<strong>el agente privado<\/strong>\u00a0en lugar de en las respectivas administraciones.<\/span><\/li>\n<li><span>Y, como consecuencia final, el\u00a0<strong>retraimiento de la oferta en el mercado de alquiler<\/strong>.<\/span><\/li>\n<\/ol>\n<p><span>A ello hay que sumar el problema de los trabajadores espa\u00f1oles, que no es el de un n\u00famero excesivo de horas de trabajo, sino los bajos sueldos.<\/span><\/p>\n<p><span>Por situar una referencia, Barcelona, \u200b\u200bque es el n\u00facleo del dinamismo econ\u00f3mico catal\u00e1n, todav\u00eda no ha recuperado el\u00a0<\/span><strong><span>sueldo medio<\/span><\/strong><span>\u00a0en t\u00e9rminos de poder adquisitivo de 2010. En valores absolutos la cifra en hosteler\u00eda, una de las ocupaciones m\u00e1s numerosas en la ciudad, es de s\u00f3lo 20.234 euros al a\u00f1o, y la media global para trabajadores de entre 25 y 29 a\u00f1os. \u00bfQui\u00e9n puede pagar un alquiler o ahorrar para comprar un piso en estas condiciones?<\/span><\/p>\n<p><span>A todo esto Barcelona ha a\u00f1adido un\u00a0<\/span><strong><span>urbanismo<\/span><\/strong><span>, el de Colau ahora parado, pero que no ha retrocedido, el de los ejes verdes (porque en realidad son esto y grandes manzanas) que ha servido para gentrificar zonas de la ciudad disparando los alquileres y desplazando actividades y vecinos de toda la vida, como ha ocurrido en la zona del Mercado de Sant Antoni y en la calle Consell de Cent. La\u00a0<\/span><strong><span>Casa Orsola es consecuencia de buena parte de estos absurdos pol\u00edticos<\/span><\/strong><span>.<\/span><\/p>\n<p><span>La Casa Orsola, ubicada en el n\u00famero 122 de la calle Consell de Cent en Barcelona, \u200b\u200bfue construida en 1909 (aunque algunas fuentes indican 1913). Originalmente, fue dise\u00f1ada para alojar a los trabajadores de la F\u00e1brica Orsola Sol\u00e0 y C\u00eda, una empresa de mosaicos hidr\u00e1ulicos. El edificio, encargado por Giovanni Orsola, cuenta con 27 pisos y 4 locales, destacando por su fachada verde y su decoraci\u00f3n modernista.<\/span><\/p>\n<p><span>En octubre de 2021, la empresa Lioness Inversions compr\u00f3 las dos fincas que componen la Casa Orsola y decidi\u00f3\u00a0<\/span><strong><span>no renovar los contratos de los inquilinos<\/span><\/strong><span>, con el objetivo de reformar las viviendas y convertirlas en alquileres temporales. La intenci\u00f3n era destinar los pisos a alquileres de corta duraci\u00f3n, triplicando el precio que pagaban los residentes originales.<\/span><\/p>\n<p><span>Estas buenas perspectivas de mercado ven\u00edan determinadas por la transformaci\u00f3n de Consell de Cent, adem\u00e1s de las condiciones generales del mercado de la vivienda de Barcelona, \u200b\u200bdonde los vectores tur\u00edstico e inmigratorio presionan al m\u00e1ximo, el primero con los pisos tur\u00edsticos, el segundo en el mercado de alquileres m\u00e1s bajos; un tercio de la poblaci\u00f3n de Barcelona ha nacido en el extranjero.<\/span><\/p>\n<p><span>Esto desat\u00f3 un\u00a0<\/span><strong><span>conflicto entre los propietarios y los inquilinos<\/span><\/strong><span>, que se unieron para luchar contra los desahucios y la especulaci\u00f3n inmobiliaria.<\/span><\/p>\n<h4><strong><span>Intervenci\u00f3n del Ayuntamiento<\/span><\/strong><\/h4>\n<p><span>Una fuerte movilizaci\u00f3n vecinal y del Sindicato de Inquilinos, destacando el caso de Josep Torrent, un profesor de 49 a\u00f1os que llevaba 22 residiendo en el edificio. Su desahucio, programado inicialmente para el 31 de enero de 2025, fue aplazado en varias ocasiones gracias a la presi\u00f3n social y las protestas, convirti\u00e9ndose en un\u00a0<\/span><strong><span>emblema de la resistencia contra la gentrificaci\u00f3n<\/span><\/strong><span>, que en parte el propio gobierno municipal ha generado.<\/span><\/p>\n<p><span>El 7 de febrero de 2025, el Ayuntamiento de Barcelona anunci\u00f3 la\u00a0<\/span><strong><span>compra de la Casa Orsola<\/span><\/strong><span>\u00a0en colaboraci\u00f3n con la fundaci\u00f3n H\u00e1bitat 3, una entidad del Tercer Sector. Esta adquisici\u00f3n se realiz\u00f3 mediante una \u201cf\u00f3rmula social colaborativa\u201d por importe de 9,2 millones de euros, un 30% por debajo del valor de mercado en el Eixample.<\/span><\/p>\n<p><span>En esta operaci\u00f3n el Ayuntamiento aport\u00f3 el 49% del importe y H\u00e1bitat3 el 51% restante. Esta estrategia busca no s\u00f3lo resolver la situaci\u00f3n de la Casa Orsola, sino establecer un modelo reproducible para futuras intervenciones en casos similares, enfrentando la crisis de la vivienda y la especulaci\u00f3n inmobiliaria en Barcelona. Para a\u00f1adir m\u00e1s contradicciones, Ada Colau, con Collboni de teniente de alcalde,\u00a0<\/span><strong><span>rechaz\u00f3 hacerse cargo de la vivienda unos pocos a\u00f1os atr\u00e1s por un importe inferior al actual<\/span><\/strong><span>.<\/span><\/p>\n<p><span>La compra tiene como objetivo\u00a0<\/span><strong><span>proteger a los inquilinos actuales<\/span><\/strong><span>, tanto aquellos con contratos indefinidos como los que se encuentran sin contrato desde 2023. Los problemas que presenta esta intervenci\u00f3n son muchos:<\/span><\/p>\n<ol type=\"a\">\n<li><span>Es\u00a0<strong>arbitraria y oportunista<\/strong>. \u00bfPor qu\u00e9 este caso y no muchos otros, con vecinos en situaciones econ\u00f3micas mucho peores?<\/span><\/li>\n<li><span><strong>Sit\u00faa un precedente<\/strong>. Si no se act\u00faa en t\u00e9rminos similares, en un futuro existir\u00e1 una discriminaci\u00f3n.<\/span><\/li>\n<li><span><strong>Plantea un problema objetivo<\/strong>. La mayor\u00eda, por no decir todos los inquilinos de la Casa Orsola, tienen rentas superiores a las que se exigen para recibir ayudas por la vivienda en cualquiera de sus f\u00f3rmulas. Si permanecen en una vivienda p\u00fablica ser\u00e1 un favoritismo flagrante, si los desahucian estar\u00e1n como antes.<\/span><\/li>\n<li><span><strong>No todos los inquilinos son iguales<\/strong>. Hay alquiler de toda la vida, pero tambi\u00e9n de temporada y un par de okupas. C\u00f3mo abordar\u00e1 la cuesti\u00f3n el gobierno municipal es un dato desconocido.<\/span><\/li>\n<\/ol>\n<p><span><span class=\"VIpgJd-yAWNEb-VIpgJd-fmcmS-sn54Q\">El dinero que maneja el alcalde Collboni no es suyo, no lo puede gestionar a su manera; no puede disponer de ellos a golpe de medios de comunicaci\u00f3n de manera arbitraria y confusa. Ha tenido a\u00f1os para encontrar una soluci\u00f3n y no lo ha hecho.<\/span><\/span><\/p>\n<p><span>S\u00ed, la casa Orsola es un ejemplo de lo que no debe ser la pol\u00edtica en t\u00e9rminos generales y espec\u00edficos de urbanismo y vivienda.<\/span><\/p>\n<div id=\"polls-273\" class=\"wp-polls\">\n\t<form id=\"polls_form_273\" class=\"wp-polls-form\" action=\"\/index.php\" method=\"post\">\n\t\t<p style=\"display: none;\"><input type=\"hidden\" id=\"poll_273_nonce\" name=\"wp-polls-nonce\" value=\"0ff4c595ab\" \/><\/p>\n\t\t<p style=\"display: none;\"><input type=\"hidden\" name=\"poll_id\" value=\"273\" \/><\/p>\n\t\t<p style=\"text-align: center\"><strong>Fa sis mesos que Salvador Illa \u00e9s president. Consideres que ha millorat el Govern de la Generalitat?<\/strong><\/p><div id=\"polls-273-ans\" class=\"wp-polls-ans\"><ul class=\"wp-polls-ul\">\n\t\t<li><input type=\"radio\" id=\"poll-answer-770\" name=\"poll_273\" value=\"770\" \/> <label for=\"poll-answer-770\">S\u00ed<\/label><\/li>\n\t\t<li><input type=\"radio\" id=\"poll-answer-771\" name=\"poll_273\" value=\"771\" \/> <label for=\"poll-answer-771\">No<\/label><\/li>\n\t\t<li><input type=\"radio\" id=\"poll-answer-772\" name=\"poll_273\" value=\"772\" \/> <label for=\"poll-answer-772\">No ho s\u00e9<\/label><\/li>\n\t\t<\/ul><p style=\"text-align: center\"><input type=\"button\" name=\"vote\" value=\"   Vota   \" class=\"Buttons\" onclick=\"poll_vote(273);\" \/><\/p><p style=\"text-align: center\"><a href=\"#ViewPollResults\" onclick=\"poll_result(273); return false;\" title=\"View Results Of This Poll\">Mira els resultats<\/a><\/p><\/div>\n\t<\/form>\n<\/div>\n<div id=\"polls-273-loading\" class=\"wp-polls-loading\"><img decoding=\"async\" data-src=\"https:\/\/conversesacatalunya.cat\/wp-content\/plugins\/wp-polls\/images\/loading.gif\" width=\"16\" height=\"16\" alt=\"Cargando ...\" title=\"Cargando ...\" class=\"wp-polls-image lazyload\" src=\"data:image\/svg+xml;base64,PHN2ZyB3aWR0aD0iMSIgaGVpZ2h0PSIxIiB4bWxucz0iaHR0cDovL3d3dy53My5vcmcvMjAwMC9zdmciPjwvc3ZnPg==\" style=\"--smush-placeholder-width: 16px; --smush-placeholder-aspect-ratio: 16\/16;\" \/>&nbsp;Cargando ...<\/div>\n\n","protected":false},"excerpt":{"rendered":"<p>Seg\u00fan se\u00f1alan las encuestas, la vivienda se ha convertido en uno de los grandes problemas que une a la mayor\u00eda de los ciudadanos; el otro es la pol\u00edtica y en esta relaci\u00f3n ya podemos encontrar parte de la respuesta del desastre fruto de la total carencia de una pol\u00edtica territorial, a escala espa\u00f1ola y catalana, y urban\u00edstica en lo que respecta a Barcelona. Lo que repercute en los tres niveles territoriales en el desastre espec\u00edfico de la vivienda, que paga ahora las consecuencias de una acumulaci\u00f3n de graves errores pol\u00edticos: El primero, la\u00a0insuficiencia de la oferta\u00a0no s\u00f3lo social sino general. Las\u00a0limitaciones de suelo disponible\u00a0para su construcci\u00f3n. El largo y\u00a0burocr\u00e1tico proceso\u00a0que acompa\u00f1a la construcci\u00f3n de un nuevo edificio. La doble apuesta por el\u00a0turismo y la inmigraci\u00f3n masiva. Pol\u00edticas p\u00fablicas que hacen recaer la soluci\u00f3n, incluso en su dimensi\u00f3n social, en\u00a0el agente privado\u00a0en lugar de en las respectivas administraciones. Y, como consecuencia final, el\u00a0retraimiento de la oferta en el mercado de alquiler. A ello hay que sumar el problema de los trabajadores espa\u00f1oles, que no es el de un n\u00famero excesivo de horas de trabajo, sino los bajos sueldos. Por situar una referencia, Barcelona, \u200b\u200bque es el n\u00facleo del dinamismo econ\u00f3mico catal\u00e1n, todav\u00eda no ha recuperado el\u00a0sueldo medio\u00a0en t\u00e9rminos de poder adquisitivo de 2010. En valores absolutos la cifra en hosteler\u00eda, una de las ocupaciones m\u00e1s numerosas en la ciudad, es de s\u00f3lo 20.234 euros al a\u00f1o, y la media global para trabajadores de entre 25 y 29 a\u00f1os. \u00bfQui\u00e9n puede pagar un alquiler o ahorrar para comprar un piso en estas condiciones? A todo esto Barcelona ha a\u00f1adido un\u00a0urbanismo, el de Colau ahora parado, pero que no ha retrocedido, el de los ejes verdes (porque en realidad son esto y grandes manzanas) que ha servido para gentrificar zonas de la ciudad disparando los alquileres y desplazando actividades y vecinos de toda la vida, como ha ocurrido en la zona del Mercado de Sant Antoni y en la calle Consell de Cent. La\u00a0Casa Orsola es consecuencia de buena parte de estos absurdos pol\u00edticos. La Casa Orsola, ubicada en el n\u00famero 122 de la calle Consell de Cent en Barcelona, \u200b\u200bfue construida en 1909 (aunque algunas fuentes indican 1913). Originalmente, fue dise\u00f1ada para alojar a los trabajadores de la F\u00e1brica Orsola Sol\u00e0 y C\u00eda, una empresa de mosaicos hidr\u00e1ulicos. El edificio, encargado por Giovanni Orsola, cuenta con 27 pisos y 4 locales, destacando por su fachada verde y su decoraci\u00f3n modernista. En octubre de 2021, la empresa Lioness Inversions compr\u00f3 las dos fincas que componen la Casa Orsola y decidi\u00f3\u00a0no renovar los contratos de los inquilinos, con el objetivo de reformar las viviendas y convertirlas en alquileres temporales. La intenci\u00f3n era destinar los pisos a alquileres de corta duraci\u00f3n, triplicando el precio que pagaban los residentes originales. Estas buenas perspectivas de mercado ven\u00edan determinadas por la transformaci\u00f3n de Consell de Cent, adem\u00e1s de las condiciones generales del mercado de la vivienda de Barcelona, \u200b\u200bdonde los vectores tur\u00edstico e inmigratorio presionan al m\u00e1ximo, el primero con los pisos tur\u00edsticos, el segundo en el mercado de alquileres m\u00e1s bajos; un tercio de la poblaci\u00f3n de Barcelona ha nacido en el extranjero. Esto desat\u00f3 un\u00a0conflicto entre los propietarios y los inquilinos, que se unieron para luchar contra los desahucios y la especulaci\u00f3n inmobiliaria. Intervenci\u00f3n del Ayuntamiento Una fuerte movilizaci\u00f3n vecinal y del Sindicato de Inquilinos, destacando el caso de Josep Torrent, un profesor de 49 a\u00f1os que llevaba 22 residiendo en el edificio. Su desahucio, programado inicialmente para el 31 de enero de 2025, fue aplazado en varias ocasiones gracias a la presi\u00f3n social y las protestas, convirti\u00e9ndose en un\u00a0emblema de la resistencia contra la gentrificaci\u00f3n, que en parte el propio gobierno municipal ha generado. El 7 de febrero de 2025, el Ayuntamiento de Barcelona anunci\u00f3 la\u00a0compra de la Casa Orsola\u00a0en colaboraci\u00f3n con la fundaci\u00f3n H\u00e1bitat 3, una entidad del Tercer Sector. Esta adquisici\u00f3n se realiz\u00f3 mediante una \u201cf\u00f3rmula social colaborativa\u201d por importe de 9,2 millones de euros, un 30% por debajo del valor de mercado en el Eixample. En esta operaci\u00f3n el Ayuntamiento aport\u00f3 el 49% del importe y H\u00e1bitat3 el 51% restante. Esta estrategia busca no s\u00f3lo resolver la situaci\u00f3n de la Casa Orsola, sino establecer un modelo reproducible para futuras intervenciones en casos similares, enfrentando la crisis de la vivienda y la especulaci\u00f3n inmobiliaria en Barcelona. Para a\u00f1adir m\u00e1s contradicciones, Ada Colau, con Collboni de teniente de alcalde,\u00a0rechaz\u00f3 hacerse cargo de la vivienda unos pocos a\u00f1os atr\u00e1s por un importe inferior al actual. La compra tiene como objetivo\u00a0proteger a los inquilinos actuales, tanto aquellos con contratos indefinidos como los que se encuentran sin contrato desde 2023. Los problemas que presenta esta intervenci\u00f3n son muchos: Es\u00a0arbitraria y oportunista. \u00bfPor qu\u00e9 este caso y no muchos otros, con vecinos en situaciones econ\u00f3micas mucho peores? Sit\u00faa un precedente. Si no se act\u00faa en t\u00e9rminos similares, en un futuro existir\u00e1 una discriminaci\u00f3n. Plantea un problema objetivo. La mayor\u00eda, por no decir todos los inquilinos de la Casa Orsola, tienen rentas superiores a las que se exigen para recibir ayudas por la vivienda en cualquiera de sus f\u00f3rmulas. Si permanecen en una vivienda p\u00fablica ser\u00e1 un favoritismo flagrante, si los desahucian estar\u00e1n como antes. No todos los inquilinos son iguales. Hay alquiler de toda la vida, pero tambi\u00e9n de temporada y un par de okupas. C\u00f3mo abordar\u00e1 la cuesti\u00f3n el gobierno municipal es un dato desconocido. El dinero que maneja el alcalde Collboni no es suyo, no lo puede gestionar a su manera; no puede disponer de ellos a golpe de medios de comunicaci\u00f3n de manera arbitraria y confusa. Ha tenido a\u00f1os para encontrar una soluci\u00f3n y no lo ha hecho. S\u00ed, la casa Orsola es un ejemplo de lo que no debe ser la pol\u00edtica en t\u00e9rminos generales y espec\u00edficos de urbanismo y vivienda.<\/p>\n","protected":false},"author":77,"featured_media":85503,"comment_status":"open","ping_status":"open","sticky":false,"template":"","format":"standard","meta":{"_FSMCFIC_featured_image_caption":"","_FSMCFIC_featured_image_nocaption":"","_FSMCFIC_featured_image_hide":"","footnotes":""},"categories":[3787,806],"tags":[1026,1035],"class_list":["post-85511","post","type-post","status-publish","format-standard","has-post-thumbnail","hentry","category-expedient-barcelona-es","category-punts-claus-del-dia-es","tag-habitatge-es","tag-vivienda"],"yoast_head":"<!-- This site is optimized with the Yoast SEO plugin v26.8 - https:\/\/yoast.com\/product\/yoast-seo-wordpress\/ -->\n<title>La Casa Orsola, un ejemplo de las contradicciones desastrosas de la pol\u00edtica urban\u00edstica y de vivienda que practica la progres\u00eda - Converses a Catalunya<\/title>\n<meta name=\"description\" content=\"S\u00ed, la casa Orsola es un ejemplo de lo que no debe ser la pol\u00edtica en t\u00e9rminos generales y espec\u00edficos de urbanismo y vivienda\" \/>\n<meta name=\"robots\" content=\"index, follow, max-snippet:-1, max-image-preview:large, max-video-preview:-1\" \/>\n<link rel=\"canonical\" href=\"https:\/\/conversesacatalunya.cat\/es\/la-casa-orsola\/\" \/>\n<meta property=\"og:locale\" content=\"es_ES\" \/>\n<meta property=\"og:type\" content=\"article\" \/>\n<meta property=\"og:title\" content=\"La Casa Orsola, un ejemplo de las contradicciones desastrosas de la pol\u00edtica urban\u00edstica y de vivienda que practica la progres\u00eda - Converses a Catalunya\" \/>\n<meta property=\"og:description\" content=\"S\u00ed, la casa Orsola es un ejemplo de lo que no debe ser la pol\u00edtica en t\u00e9rminos generales y espec\u00edficos de urbanismo y vivienda\" \/>\n<meta property=\"og:url\" content=\"https:\/\/conversesacatalunya.cat\/es\/la-casa-orsola\/\" \/>\n<meta property=\"og:site_name\" content=\"Converses a Catalunya\" \/>\n<meta property=\"article:published_time\" content=\"2025-02-11T10:23:01+00:00\" \/>\n<meta property=\"article:modified_time\" content=\"2025-02-11T10:59:48+00:00\" \/>\n<meta property=\"og:image\" content=\"https:\/\/conversesacatalunya.cat\/wp-content\/uploads\/2025\/02\/casa-Orsola.jpg\" \/>\n\t<meta property=\"og:image:width\" content=\"324\" \/>\n\t<meta property=\"og:image:height\" content=\"242\" \/>\n\t<meta property=\"og:image:type\" content=\"image\/jpeg\" \/>\n<meta name=\"author\" content=\"Enric Casanovas\" \/>\n<meta name=\"twitter:card\" content=\"summary_large_image\" \/>\n<meta name=\"twitter:label1\" content=\"Escrito por\" \/>\n\t<meta name=\"twitter:data1\" content=\"Enric Casanovas\" \/>\n\t<meta name=\"twitter:label2\" content=\"Tiempo de lectura\" \/>\n\t<meta name=\"twitter:data2\" content=\"5 minutos\" \/>\n<script type=\"application\/ld+json\" class=\"yoast-schema-graph\">{\"@context\":\"https:\/\/schema.org\",\"@graph\":[{\"@type\":\"Article\",\"@id\":\"https:\/\/conversesacatalunya.cat\/es\/la-casa-orsola\/#article\",\"isPartOf\":{\"@id\":\"https:\/\/conversesacatalunya.cat\/es\/la-casa-orsola\/\"},\"author\":{\"name\":\"Enric Casanovas\",\"@id\":\"https:\/\/conversesacatalunya.cat\/#\/schema\/person\/79bd0577b2f3afc8d6519d207c6e8609\"},\"headline\":\"La Casa Orsola, un ejemplo de las contradicciones desastrosas de la pol\u00edtica urban\u00edstica y de vivienda que practica la progres\u00eda\",\"datePublished\":\"2025-02-11T10:23:01+00:00\",\"dateModified\":\"2025-02-11T10:59:48+00:00\",\"mainEntityOfPage\":{\"@id\":\"https:\/\/conversesacatalunya.cat\/es\/la-casa-orsola\/\"},\"wordCount\":1084,\"commentCount\":0,\"image\":{\"@id\":\"https:\/\/conversesacatalunya.cat\/es\/la-casa-orsola\/#primaryimage\"},\"thumbnailUrl\":\"https:\/\/conversesacatalunya.cat\/wp-content\/uploads\/2025\/02\/casa-Orsola.jpg\",\"keywords\":[\"Habitatge\",\"vivienda\"],\"articleSection\":[\"Expedient Barcelona (ES)\",\"Punts clau del dia (ES)\"],\"inLanguage\":\"es\",\"potentialAction\":[{\"@type\":\"CommentAction\",\"name\":\"Comment\",\"target\":[\"https:\/\/conversesacatalunya.cat\/es\/la-casa-orsola\/#respond\"]}]},{\"@type\":\"WebPage\",\"@id\":\"https:\/\/conversesacatalunya.cat\/es\/la-casa-orsola\/\",\"url\":\"https:\/\/conversesacatalunya.cat\/es\/la-casa-orsola\/\",\"name\":\"La Casa Orsola, un ejemplo de las contradicciones desastrosas de la pol\u00edtica urban\u00edstica y de vivienda que practica la progres\u00eda - Converses a Catalunya\",\"isPartOf\":{\"@id\":\"https:\/\/conversesacatalunya.cat\/#website\"},\"primaryImageOfPage\":{\"@id\":\"https:\/\/conversesacatalunya.cat\/es\/la-casa-orsola\/#primaryimage\"},\"image\":{\"@id\":\"https:\/\/conversesacatalunya.cat\/es\/la-casa-orsola\/#primaryimage\"},\"thumbnailUrl\":\"https:\/\/conversesacatalunya.cat\/wp-content\/uploads\/2025\/02\/casa-Orsola.jpg\",\"datePublished\":\"2025-02-11T10:23:01+00:00\",\"dateModified\":\"2025-02-11T10:59:48+00:00\",\"author\":{\"@id\":\"https:\/\/conversesacatalunya.cat\/#\/schema\/person\/79bd0577b2f3afc8d6519d207c6e8609\"},\"description\":\"S\u00ed, la casa Orsola es un ejemplo de lo que no debe ser la pol\u00edtica en t\u00e9rminos generales y espec\u00edficos de urbanismo y vivienda\",\"breadcrumb\":{\"@id\":\"https:\/\/conversesacatalunya.cat\/es\/la-casa-orsola\/#breadcrumb\"},\"inLanguage\":\"es\",\"potentialAction\":[{\"@type\":\"ReadAction\",\"target\":[\"https:\/\/conversesacatalunya.cat\/es\/la-casa-orsola\/\"]}]},{\"@type\":\"ImageObject\",\"inLanguage\":\"es\",\"@id\":\"https:\/\/conversesacatalunya.cat\/es\/la-casa-orsola\/#primaryimage\",\"url\":\"https:\/\/conversesacatalunya.cat\/wp-content\/uploads\/2025\/02\/casa-Orsola.jpg\",\"contentUrl\":\"https:\/\/conversesacatalunya.cat\/wp-content\/uploads\/2025\/02\/casa-Orsola.jpg\",\"width\":324,\"height\":242,\"caption\":\"casa Orsola\"},{\"@type\":\"BreadcrumbList\",\"@id\":\"https:\/\/conversesacatalunya.cat\/es\/la-casa-orsola\/#breadcrumb\",\"itemListElement\":[{\"@type\":\"ListItem\",\"position\":1,\"name\":\"Inici\",\"item\":\"https:\/\/conversesacatalunya.cat\/es\/\"},{\"@type\":\"ListItem\",\"position\":2,\"name\":\"La Casa Orsola, un ejemplo de las contradicciones desastrosas de la pol\u00edtica urban\u00edstica y de vivienda que practica la progres\u00eda\"}]},{\"@type\":\"WebSite\",\"@id\":\"https:\/\/conversesacatalunya.cat\/#website\",\"url\":\"https:\/\/conversesacatalunya.cat\/\",\"name\":\"Converses a Catalunya\",\"description\":\"\",\"potentialAction\":[{\"@type\":\"SearchAction\",\"target\":{\"@type\":\"EntryPoint\",\"urlTemplate\":\"https:\/\/conversesacatalunya.cat\/?s={search_term_string}\"},\"query-input\":{\"@type\":\"PropertyValueSpecification\",\"valueRequired\":true,\"valueName\":\"search_term_string\"}}],\"inLanguage\":\"es\"},{\"@type\":\"Person\",\"@id\":\"https:\/\/conversesacatalunya.cat\/#\/schema\/person\/79bd0577b2f3afc8d6519d207c6e8609\",\"name\":\"Enric Casanovas\",\"image\":{\"@type\":\"ImageObject\",\"inLanguage\":\"es\",\"@id\":\"https:\/\/conversesacatalunya.cat\/#\/schema\/person\/image\/\",\"url\":\"https:\/\/conversesacatalunya.cat\/wp-content\/litespeed\/avatar\/7ae4379ad4421ec77820e92afd36dd78.jpg?ver=1777373933\",\"contentUrl\":\"https:\/\/conversesacatalunya.cat\/wp-content\/litespeed\/avatar\/7ae4379ad4421ec77820e92afd36dd78.jpg?ver=1777373933\",\"caption\":\"Enric Casanovas\"},\"url\":\"https:\/\/conversesacatalunya.cat\/es\/author\/enric-casanovas\/\"}]}<\/script>\n<!-- \/ Yoast SEO plugin. -->","yoast_head_json":{"title":"La Casa Orsola, un ejemplo de las contradicciones desastrosas de la pol\u00edtica urban\u00edstica y de vivienda que practica la progres\u00eda - Converses a Catalunya","description":"S\u00ed, la casa Orsola es un ejemplo de lo que no debe ser la pol\u00edtica en t\u00e9rminos generales y espec\u00edficos de urbanismo y vivienda","robots":{"index":"index","follow":"follow","max-snippet":"max-snippet:-1","max-image-preview":"max-image-preview:large","max-video-preview":"max-video-preview:-1"},"canonical":"https:\/\/conversesacatalunya.cat\/es\/la-casa-orsola\/","og_locale":"es_ES","og_type":"article","og_title":"La Casa Orsola, un ejemplo de las contradicciones desastrosas de la pol\u00edtica urban\u00edstica y de vivienda que practica la progres\u00eda - Converses a Catalunya","og_description":"S\u00ed, la casa Orsola es un ejemplo de lo que no debe ser la pol\u00edtica en t\u00e9rminos generales y espec\u00edficos de urbanismo y vivienda","og_url":"https:\/\/conversesacatalunya.cat\/es\/la-casa-orsola\/","og_site_name":"Converses a Catalunya","article_published_time":"2025-02-11T10:23:01+00:00","article_modified_time":"2025-02-11T10:59:48+00:00","og_image":[{"width":324,"height":242,"url":"https:\/\/conversesacatalunya.cat\/wp-content\/uploads\/2025\/02\/casa-Orsola.jpg","type":"image\/jpeg"}],"author":"Enric Casanovas","twitter_card":"summary_large_image","twitter_misc":{"Escrito por":"Enric Casanovas","Tiempo de lectura":"5 minutos"},"schema":{"@context":"https:\/\/schema.org","@graph":[{"@type":"Article","@id":"https:\/\/conversesacatalunya.cat\/es\/la-casa-orsola\/#article","isPartOf":{"@id":"https:\/\/conversesacatalunya.cat\/es\/la-casa-orsola\/"},"author":{"name":"Enric Casanovas","@id":"https:\/\/conversesacatalunya.cat\/#\/schema\/person\/79bd0577b2f3afc8d6519d207c6e8609"},"headline":"La Casa Orsola, un ejemplo de las contradicciones desastrosas de la pol\u00edtica urban\u00edstica y de vivienda que practica la progres\u00eda","datePublished":"2025-02-11T10:23:01+00:00","dateModified":"2025-02-11T10:59:48+00:00","mainEntityOfPage":{"@id":"https:\/\/conversesacatalunya.cat\/es\/la-casa-orsola\/"},"wordCount":1084,"commentCount":0,"image":{"@id":"https:\/\/conversesacatalunya.cat\/es\/la-casa-orsola\/#primaryimage"},"thumbnailUrl":"https:\/\/conversesacatalunya.cat\/wp-content\/uploads\/2025\/02\/casa-Orsola.jpg","keywords":["Habitatge","vivienda"],"articleSection":["Expedient Barcelona (ES)","Punts clau del dia (ES)"],"inLanguage":"es","potentialAction":[{"@type":"CommentAction","name":"Comment","target":["https:\/\/conversesacatalunya.cat\/es\/la-casa-orsola\/#respond"]}]},{"@type":"WebPage","@id":"https:\/\/conversesacatalunya.cat\/es\/la-casa-orsola\/","url":"https:\/\/conversesacatalunya.cat\/es\/la-casa-orsola\/","name":"La Casa Orsola, un ejemplo de las contradicciones desastrosas de la pol\u00edtica urban\u00edstica y de vivienda que practica la progres\u00eda - Converses a Catalunya","isPartOf":{"@id":"https:\/\/conversesacatalunya.cat\/#website"},"primaryImageOfPage":{"@id":"https:\/\/conversesacatalunya.cat\/es\/la-casa-orsola\/#primaryimage"},"image":{"@id":"https:\/\/conversesacatalunya.cat\/es\/la-casa-orsola\/#primaryimage"},"thumbnailUrl":"https:\/\/conversesacatalunya.cat\/wp-content\/uploads\/2025\/02\/casa-Orsola.jpg","datePublished":"2025-02-11T10:23:01+00:00","dateModified":"2025-02-11T10:59:48+00:00","author":{"@id":"https:\/\/conversesacatalunya.cat\/#\/schema\/person\/79bd0577b2f3afc8d6519d207c6e8609"},"description":"S\u00ed, la casa Orsola es un ejemplo de lo que no debe ser la pol\u00edtica en t\u00e9rminos generales y espec\u00edficos de urbanismo y vivienda","breadcrumb":{"@id":"https:\/\/conversesacatalunya.cat\/es\/la-casa-orsola\/#breadcrumb"},"inLanguage":"es","potentialAction":[{"@type":"ReadAction","target":["https:\/\/conversesacatalunya.cat\/es\/la-casa-orsola\/"]}]},{"@type":"ImageObject","inLanguage":"es","@id":"https:\/\/conversesacatalunya.cat\/es\/la-casa-orsola\/#primaryimage","url":"https:\/\/conversesacatalunya.cat\/wp-content\/uploads\/2025\/02\/casa-Orsola.jpg","contentUrl":"https:\/\/conversesacatalunya.cat\/wp-content\/uploads\/2025\/02\/casa-Orsola.jpg","width":324,"height":242,"caption":"casa Orsola"},{"@type":"BreadcrumbList","@id":"https:\/\/conversesacatalunya.cat\/es\/la-casa-orsola\/#breadcrumb","itemListElement":[{"@type":"ListItem","position":1,"name":"Inici","item":"https:\/\/conversesacatalunya.cat\/es\/"},{"@type":"ListItem","position":2,"name":"La Casa Orsola, un ejemplo de las contradicciones desastrosas de la pol\u00edtica urban\u00edstica y de vivienda que practica la progres\u00eda"}]},{"@type":"WebSite","@id":"https:\/\/conversesacatalunya.cat\/#website","url":"https:\/\/conversesacatalunya.cat\/","name":"Converses a Catalunya","description":"","potentialAction":[{"@type":"SearchAction","target":{"@type":"EntryPoint","urlTemplate":"https:\/\/conversesacatalunya.cat\/?s={search_term_string}"},"query-input":{"@type":"PropertyValueSpecification","valueRequired":true,"valueName":"search_term_string"}}],"inLanguage":"es"},{"@type":"Person","@id":"https:\/\/conversesacatalunya.cat\/#\/schema\/person\/79bd0577b2f3afc8d6519d207c6e8609","name":"Enric Casanovas","image":{"@type":"ImageObject","inLanguage":"es","@id":"https:\/\/conversesacatalunya.cat\/#\/schema\/person\/image\/","url":"https:\/\/conversesacatalunya.cat\/wp-content\/litespeed\/avatar\/7ae4379ad4421ec77820e92afd36dd78.jpg?ver=1777373933","contentUrl":"https:\/\/conversesacatalunya.cat\/wp-content\/litespeed\/avatar\/7ae4379ad4421ec77820e92afd36dd78.jpg?ver=1777373933","caption":"Enric Casanovas"},"url":"https:\/\/conversesacatalunya.cat\/es\/author\/enric-casanovas\/"}]}},"wps_subtitle":"S\u00ed, la casa Orsola es un ejemplo de lo que no debe ser la pol\u00edtica en t\u00e9rminos generales y espec\u00edficos de urbanismo y vivienda","_links":{"self":[{"href":"https:\/\/conversesacatalunya.cat\/es\/wp-json\/wp\/v2\/posts\/85511","targetHints":{"allow":["GET"]}}],"collection":[{"href":"https:\/\/conversesacatalunya.cat\/es\/wp-json\/wp\/v2\/posts"}],"about":[{"href":"https:\/\/conversesacatalunya.cat\/es\/wp-json\/wp\/v2\/types\/post"}],"author":[{"embeddable":true,"href":"https:\/\/conversesacatalunya.cat\/es\/wp-json\/wp\/v2\/users\/77"}],"replies":[{"embeddable":true,"href":"https:\/\/conversesacatalunya.cat\/es\/wp-json\/wp\/v2\/comments?post=85511"}],"version-history":[{"count":2,"href":"https:\/\/conversesacatalunya.cat\/es\/wp-json\/wp\/v2\/posts\/85511\/revisions"}],"predecessor-version":[{"id":85513,"href":"https:\/\/conversesacatalunya.cat\/es\/wp-json\/wp\/v2\/posts\/85511\/revisions\/85513"}],"wp:featuredmedia":[{"embeddable":true,"href":"https:\/\/conversesacatalunya.cat\/es\/wp-json\/wp\/v2\/media\/85503"}],"wp:attachment":[{"href":"https:\/\/conversesacatalunya.cat\/es\/wp-json\/wp\/v2\/media?parent=85511"}],"wp:term":[{"taxonomy":"category","embeddable":true,"href":"https:\/\/conversesacatalunya.cat\/es\/wp-json\/wp\/v2\/categories?post=85511"},{"taxonomy":"post_tag","embeddable":true,"href":"https:\/\/conversesacatalunya.cat\/es\/wp-json\/wp\/v2\/tags?post=85511"}],"curies":[{"name":"wp","href":"https:\/\/api.w.org\/{rel}","templated":true}]}}