{"id":85464,"date":"2025-02-10T12:41:51","date_gmt":"2025-02-10T11:41:51","guid":{"rendered":"https:\/\/conversesacatalunya.cat\/?p=85464"},"modified":"2025-02-10T12:42:09","modified_gmt":"2025-02-10T11:42:09","slug":"neymar-un-testimonio-de-fe-y-solidaridad","status":"publish","type":"post","link":"https:\/\/conversesacatalunya.cat\/es\/neymar-un-testimonio-de-fe-y-solidaridad\/","title":{"rendered":"Neymar, un testimonio de fe y solidaridad"},"content":{"rendered":"<p data-pm-slice=\"1 1 []\"><span>El futbolista brasile\u00f1o Neymar no solo ha conquistado los estadios con su talento y habilidad, sino que tambi\u00e9n ha impactado la vida de miles de personas a trav\u00e9s de su <strong>compromiso con la solidaridad<\/strong>. Su fe en Jes\u00fas, que expresa abiertamente, se refleja en sus numerosas iniciativas para ayudar a los m\u00e1s desfavorecidos, tanto en Brasil como en otras partes del mundo.<\/span><\/p>\n<h3><span><strong>Compromiso con los m\u00e1s necesitados<\/strong><\/span><\/h3>\n<p><span>A lo largo de su carrera, Neymar ha demostrado que <strong>su compromiso cristiano va m\u00e1s all\u00e1 de las palabras<\/strong>. Ha financiado proyectos ben\u00e9ficos en favelas brasile\u00f1as, contribuyendo con donaciones a hospitales infantiles, bancos de alimentos y asociaciones de ayuda a comunidades en situaci\u00f3n de pobreza extrema. Su fundaci\u00f3n, el <a href=\"https:\/\/www.institutoneymarjr.org.br\/es\/\" target=\"_blank\" rel=\"noopener\"><strong>Instituto Neymar Jr.<\/strong><\/a>, se ha convertido en un referente de apoyo para ni\u00f1os y j\u00f3venes en riesgo de exclusi\u00f3n social.<\/span><\/p>\n<p><span>Este centro, ubicado en Praia Grande, S\u00e3o Paulo, brinda educaci\u00f3n, deportes y asistencia social a m\u00e1s de 3.000 ni\u00f1os y sus familias. Su objetivo es ofrecer oportunidades de crecimiento a quienes viven en entornos de alta vulnerabilidad. La iniciativa no solo se centra en mejorar las condiciones materiales, sino en inculcar valores de esfuerzo, respeto y fe.<\/span><\/p>\n<h3><span><strong>Solidaridad en tiempos de crisis<\/strong><\/span><\/h3>\n<p><span>Durante la pandemia del COVID-19, Neymar realiz\u00f3 importantes <strong>donaciones a hospitales<\/strong> en Brasil y a organizaciones que brindaban asistencia a familias afectadas por la crisis sanitaria. Su acci\u00f3n silenciosa, sin buscar protagonismo, fue un ejemplo de c\u00f3mo el compromiso social puede marcar una diferencia real en momentos dif\u00edciles.<\/span><\/p>\n<p><span>Adem\u00e1s, el futbolista ha participado activamente en causas humanitarias, colaborando con organizaciones internacionales en la lucha contra el hambre y la pobreza. En varias ocasiones, <strong>ha financiado tratamientos m\u00e9dicos para ni\u00f1os enfermos<\/strong> que no ten\u00edan acceso a cuidados adecuados.<\/span><\/p>\n<h3><span><strong>Una fe que se traduce en acciones<\/strong><\/span><\/h3>\n<p><span>Si bien Neymar es conocido por su manifestaci\u00f3n p\u00fablica de fe, como su ic\u00f3nica cinta con el mensaje \u00ab<strong>100% Jes\u00fas<\/strong>\u00ab, su verdadero testimonio est\u00e1 en sus acciones. Su compromiso con los m\u00e1s vulnerables es una extensi\u00f3n de su creencia en que la fe debe traducirse en ayuda concreta al pr\u00f3jimo.<\/span><\/p>\n<p><span>En un mundo donde los deportistas son figuras de gran influencia, Neymar ha utilizado su posici\u00f3n para inspirar no solo con su talento en el campo, sino con su entrega a causas solidarias. M\u00e1s all\u00e1 del f\u00fatbol, su historia es un recordatorio de que la fama y el \u00e9xito pueden ser herramientas poderosas para el bien com\u00fan.<\/span><\/p>\n<p>&nbsp;<\/p>\n","protected":false},"excerpt":{"rendered":"<p>El futbolista brasile\u00f1o Neymar no solo ha conquistado los estadios con su talento y habilidad, sino que tambi\u00e9n ha impactado la vida de miles de personas a trav\u00e9s de su compromiso con la solidaridad. Su fe en Jes\u00fas, que expresa abiertamente, se refleja en sus numerosas iniciativas para ayudar a los m\u00e1s desfavorecidos, tanto en Brasil como en otras partes del mundo. Compromiso con los m\u00e1s necesitados A lo largo de su carrera, Neymar ha demostrado que su compromiso cristiano va m\u00e1s all\u00e1 de las palabras. Ha financiado proyectos ben\u00e9ficos en favelas brasile\u00f1as, contribuyendo con donaciones a hospitales infantiles, bancos de alimentos y asociaciones de ayuda a comunidades en situaci\u00f3n de pobreza extrema. Su fundaci\u00f3n, el Instituto Neymar Jr., se ha convertido en un referente de apoyo para ni\u00f1os y j\u00f3venes en riesgo de exclusi\u00f3n social. Este centro, ubicado en Praia Grande, S\u00e3o Paulo, brinda educaci\u00f3n, deportes y asistencia social a m\u00e1s de 3.000 ni\u00f1os y sus familias. Su objetivo es ofrecer oportunidades de crecimiento a quienes viven en entornos de alta vulnerabilidad. La iniciativa no solo se centra en mejorar las condiciones materiales, sino en inculcar valores de esfuerzo, respeto y fe. Solidaridad en tiempos de crisis Durante la pandemia del COVID-19, Neymar realiz\u00f3 importantes donaciones a hospitales en Brasil y a organizaciones que brindaban asistencia a familias afectadas por la crisis sanitaria. Su acci\u00f3n silenciosa, sin buscar protagonismo, fue un ejemplo de c\u00f3mo el compromiso social puede marcar una diferencia real en momentos dif\u00edciles. Adem\u00e1s, el futbolista ha participado activamente en causas humanitarias, colaborando con organizaciones internacionales en la lucha contra el hambre y la pobreza. En varias ocasiones, ha financiado tratamientos m\u00e9dicos para ni\u00f1os enfermos que no ten\u00edan acceso a cuidados adecuados. Una fe que se traduce en acciones Si bien Neymar es conocido por su manifestaci\u00f3n p\u00fablica de fe, como su ic\u00f3nica cinta con el mensaje \u00ab100% Jes\u00fas\u00ab, su verdadero testimonio est\u00e1 en sus acciones. Su compromiso con los m\u00e1s vulnerables es una extensi\u00f3n de su creencia en que la fe debe traducirse en ayuda concreta al pr\u00f3jimo. En un mundo donde los deportistas son figuras de gran influencia, Neymar ha utilizado su posici\u00f3n para inspirar no solo con su talento en el campo, sino con su entrega a causas solidarias. M\u00e1s all\u00e1 del f\u00fatbol, su historia es un recordatorio de que la fama y el \u00e9xito pueden ser herramientas poderosas para el bien com\u00fan. &nbsp;<\/p>\n","protected":false},"author":80,"featured_media":85465,"comment_status":"open","ping_status":"open","sticky":false,"template":"","format":"standard","meta":{"_FSMCFIC_featured_image_caption":"","_FSMCFIC_featured_image_nocaption":"","_FSMCFIC_featured_image_hide":"","footnotes":""},"categories":[804],"tags":[1203,5035,2109],"class_list":["post-85464","post","type-post","status-publish","format-standard","has-post-thumbnail","hentry","category-opinem-es","tag-deportes","tag-futbol-es","tag-solidaridad"],"yoast_head":"<!-- This site is optimized with the Yoast SEO plugin v26.8 - https:\/\/yoast.com\/product\/yoast-seo-wordpress\/ -->\n<title>Neymar, un testimonio de fe y solidaridad - Converses a Catalunya<\/title>\n<meta name=\"description\" content=\"Su historia es un recordatorio de que la fama y el \u00e9xito pueden ser herramientas poderosas para el bien com\u00fan\" \/>\n<meta name=\"robots\" content=\"index, follow, max-snippet:-1, max-image-preview:large, max-video-preview:-1\" \/>\n<link rel=\"canonical\" href=\"https:\/\/conversesacatalunya.cat\/es\/neymar-un-testimonio-de-fe-y-solidaridad\/\" \/>\n<meta property=\"og:locale\" content=\"es_ES\" \/>\n<meta property=\"og:type\" content=\"article\" \/>\n<meta property=\"og:title\" content=\"Neymar, un testimonio de fe y solidaridad - Converses a Catalunya\" \/>\n<meta property=\"og:description\" content=\"Su historia es un recordatorio de que la fama y el \u00e9xito pueden ser herramientas poderosas para el bien com\u00fan\" \/>\n<meta property=\"og:url\" content=\"https:\/\/conversesacatalunya.cat\/es\/neymar-un-testimonio-de-fe-y-solidaridad\/\" \/>\n<meta property=\"og:site_name\" content=\"Converses a Catalunya\" \/>\n<meta property=\"article:published_time\" content=\"2025-02-10T11:41:51+00:00\" \/>\n<meta property=\"article:modified_time\" content=\"2025-02-10T11:42:09+00:00\" \/>\n<meta property=\"og:image\" content=\"https:\/\/conversesacatalunya.cat\/wp-content\/uploads\/2025\/02\/neymar.jpg\" \/>\n\t<meta property=\"og:image:width\" content=\"793\" \/>\n\t<meta property=\"og:image:height\" content=\"523\" \/>\n\t<meta property=\"og:image:type\" content=\"image\/jpeg\" \/>\n<meta name=\"author\" content=\"N\u00faria Freixa\" \/>\n<meta name=\"twitter:card\" content=\"summary_large_image\" \/>\n<meta name=\"twitter:label1\" content=\"Escrito por\" \/>\n\t<meta name=\"twitter:data1\" content=\"N\u00faria Freixa\" \/>\n\t<meta name=\"twitter:label2\" content=\"Tiempo de lectura\" \/>\n\t<meta name=\"twitter:data2\" content=\"2 minutos\" \/>\n<script type=\"application\/ld+json\" class=\"yoast-schema-graph\">{\"@context\":\"https:\/\/schema.org\",\"@graph\":[{\"@type\":\"Article\",\"@id\":\"https:\/\/conversesacatalunya.cat\/es\/neymar-un-testimonio-de-fe-y-solidaridad\/#article\",\"isPartOf\":{\"@id\":\"https:\/\/conversesacatalunya.cat\/es\/neymar-un-testimonio-de-fe-y-solidaridad\/\"},\"author\":{\"name\":\"N\u00faria Freixa\",\"@id\":\"https:\/\/conversesacatalunya.cat\/#\/schema\/person\/b734752c25b328c819a407cbea568c1f\"},\"headline\":\"Neymar, un testimonio de fe y solidaridad\",\"datePublished\":\"2025-02-10T11:41:51+00:00\",\"dateModified\":\"2025-02-10T11:42:09+00:00\",\"mainEntityOfPage\":{\"@id\":\"https:\/\/conversesacatalunya.cat\/es\/neymar-un-testimonio-de-fe-y-solidaridad\/\"},\"wordCount\":441,\"commentCount\":0,\"image\":{\"@id\":\"https:\/\/conversesacatalunya.cat\/es\/neymar-un-testimonio-de-fe-y-solidaridad\/#primaryimage\"},\"thumbnailUrl\":\"https:\/\/conversesacatalunya.cat\/wp-content\/uploads\/2025\/02\/neymar.jpg\",\"keywords\":[\"Deportes\",\"Futbol\",\"solidaridad\"],\"articleSection\":[\"Opinem (ES)\"],\"inLanguage\":\"es\",\"potentialAction\":[{\"@type\":\"CommentAction\",\"name\":\"Comment\",\"target\":[\"https:\/\/conversesacatalunya.cat\/es\/neymar-un-testimonio-de-fe-y-solidaridad\/#respond\"]}]},{\"@type\":\"WebPage\",\"@id\":\"https:\/\/conversesacatalunya.cat\/es\/neymar-un-testimonio-de-fe-y-solidaridad\/\",\"url\":\"https:\/\/conversesacatalunya.cat\/es\/neymar-un-testimonio-de-fe-y-solidaridad\/\",\"name\":\"Neymar, un testimonio de fe y solidaridad - Converses a Catalunya\",\"isPartOf\":{\"@id\":\"https:\/\/conversesacatalunya.cat\/#website\"},\"primaryImageOfPage\":{\"@id\":\"https:\/\/conversesacatalunya.cat\/es\/neymar-un-testimonio-de-fe-y-solidaridad\/#primaryimage\"},\"image\":{\"@id\":\"https:\/\/conversesacatalunya.cat\/es\/neymar-un-testimonio-de-fe-y-solidaridad\/#primaryimage\"},\"thumbnailUrl\":\"https:\/\/conversesacatalunya.cat\/wp-content\/uploads\/2025\/02\/neymar.jpg\",\"datePublished\":\"2025-02-10T11:41:51+00:00\",\"dateModified\":\"2025-02-10T11:42:09+00:00\",\"author\":{\"@id\":\"https:\/\/conversesacatalunya.cat\/#\/schema\/person\/b734752c25b328c819a407cbea568c1f\"},\"description\":\"Su historia es un recordatorio de que la fama y el \u00e9xito pueden ser herramientas poderosas para el bien com\u00fan\",\"breadcrumb\":{\"@id\":\"https:\/\/conversesacatalunya.cat\/es\/neymar-un-testimonio-de-fe-y-solidaridad\/#breadcrumb\"},\"inLanguage\":\"es\",\"potentialAction\":[{\"@type\":\"ReadAction\",\"target\":[\"https:\/\/conversesacatalunya.cat\/es\/neymar-un-testimonio-de-fe-y-solidaridad\/\"]}]},{\"@type\":\"ImageObject\",\"inLanguage\":\"es\",\"@id\":\"https:\/\/conversesacatalunya.cat\/es\/neymar-un-testimonio-de-fe-y-solidaridad\/#primaryimage\",\"url\":\"https:\/\/conversesacatalunya.cat\/wp-content\/uploads\/2025\/02\/neymar.jpg\",\"contentUrl\":\"https:\/\/conversesacatalunya.cat\/wp-content\/uploads\/2025\/02\/neymar.jpg\",\"width\":793,\"height\":523},{\"@type\":\"BreadcrumbList\",\"@id\":\"https:\/\/conversesacatalunya.cat\/es\/neymar-un-testimonio-de-fe-y-solidaridad\/#breadcrumb\",\"itemListElement\":[{\"@type\":\"ListItem\",\"position\":1,\"name\":\"Inici\",\"item\":\"https:\/\/conversesacatalunya.cat\/es\/\"},{\"@type\":\"ListItem\",\"position\":2,\"name\":\"Neymar, un testimonio de fe y solidaridad\"}]},{\"@type\":\"WebSite\",\"@id\":\"https:\/\/conversesacatalunya.cat\/#website\",\"url\":\"https:\/\/conversesacatalunya.cat\/\",\"name\":\"Converses a Catalunya\",\"description\":\"\",\"potentialAction\":[{\"@type\":\"SearchAction\",\"target\":{\"@type\":\"EntryPoint\",\"urlTemplate\":\"https:\/\/conversesacatalunya.cat\/?s={search_term_string}\"},\"query-input\":{\"@type\":\"PropertyValueSpecification\",\"valueRequired\":true,\"valueName\":\"search_term_string\"}}],\"inLanguage\":\"es\"},{\"@type\":\"Person\",\"@id\":\"https:\/\/conversesacatalunya.cat\/#\/schema\/person\/b734752c25b328c819a407cbea568c1f\",\"name\":\"N\u00faria Freixa\",\"image\":{\"@type\":\"ImageObject\",\"inLanguage\":\"es\",\"@id\":\"https:\/\/conversesacatalunya.cat\/#\/schema\/person\/image\/\",\"url\":\"https:\/\/conversesacatalunya.cat\/wp-content\/litespeed\/avatar\/c3686e387186fed249338fe04729c597.jpg?ver=1776684241\",\"contentUrl\":\"https:\/\/conversesacatalunya.cat\/wp-content\/litespeed\/avatar\/c3686e387186fed249338fe04729c597.jpg?ver=1776684241\",\"caption\":\"N\u00faria Freixa\"},\"url\":\"https:\/\/conversesacatalunya.cat\/es\/author\/nuria_freixa\/\"}]}<\/script>\n<!-- \/ Yoast SEO plugin. -->","yoast_head_json":{"title":"Neymar, un testimonio de fe y solidaridad - Converses a Catalunya","description":"Su historia es un recordatorio de que la fama y el \u00e9xito pueden ser herramientas poderosas para el bien com\u00fan","robots":{"index":"index","follow":"follow","max-snippet":"max-snippet:-1","max-image-preview":"max-image-preview:large","max-video-preview":"max-video-preview:-1"},"canonical":"https:\/\/conversesacatalunya.cat\/es\/neymar-un-testimonio-de-fe-y-solidaridad\/","og_locale":"es_ES","og_type":"article","og_title":"Neymar, un testimonio de fe y solidaridad - Converses a Catalunya","og_description":"Su historia es un recordatorio de que la fama y el \u00e9xito pueden ser herramientas poderosas para el bien com\u00fan","og_url":"https:\/\/conversesacatalunya.cat\/es\/neymar-un-testimonio-de-fe-y-solidaridad\/","og_site_name":"Converses a Catalunya","article_published_time":"2025-02-10T11:41:51+00:00","article_modified_time":"2025-02-10T11:42:09+00:00","og_image":[{"width":793,"height":523,"url":"https:\/\/conversesacatalunya.cat\/wp-content\/uploads\/2025\/02\/neymar.jpg","type":"image\/jpeg"}],"author":"N\u00faria Freixa","twitter_card":"summary_large_image","twitter_misc":{"Escrito por":"N\u00faria Freixa","Tiempo de lectura":"2 minutos"},"schema":{"@context":"https:\/\/schema.org","@graph":[{"@type":"Article","@id":"https:\/\/conversesacatalunya.cat\/es\/neymar-un-testimonio-de-fe-y-solidaridad\/#article","isPartOf":{"@id":"https:\/\/conversesacatalunya.cat\/es\/neymar-un-testimonio-de-fe-y-solidaridad\/"},"author":{"name":"N\u00faria Freixa","@id":"https:\/\/conversesacatalunya.cat\/#\/schema\/person\/b734752c25b328c819a407cbea568c1f"},"headline":"Neymar, un testimonio de fe y solidaridad","datePublished":"2025-02-10T11:41:51+00:00","dateModified":"2025-02-10T11:42:09+00:00","mainEntityOfPage":{"@id":"https:\/\/conversesacatalunya.cat\/es\/neymar-un-testimonio-de-fe-y-solidaridad\/"},"wordCount":441,"commentCount":0,"image":{"@id":"https:\/\/conversesacatalunya.cat\/es\/neymar-un-testimonio-de-fe-y-solidaridad\/#primaryimage"},"thumbnailUrl":"https:\/\/conversesacatalunya.cat\/wp-content\/uploads\/2025\/02\/neymar.jpg","keywords":["Deportes","Futbol","solidaridad"],"articleSection":["Opinem (ES)"],"inLanguage":"es","potentialAction":[{"@type":"CommentAction","name":"Comment","target":["https:\/\/conversesacatalunya.cat\/es\/neymar-un-testimonio-de-fe-y-solidaridad\/#respond"]}]},{"@type":"WebPage","@id":"https:\/\/conversesacatalunya.cat\/es\/neymar-un-testimonio-de-fe-y-solidaridad\/","url":"https:\/\/conversesacatalunya.cat\/es\/neymar-un-testimonio-de-fe-y-solidaridad\/","name":"Neymar, un testimonio de fe y solidaridad - Converses a Catalunya","isPartOf":{"@id":"https:\/\/conversesacatalunya.cat\/#website"},"primaryImageOfPage":{"@id":"https:\/\/conversesacatalunya.cat\/es\/neymar-un-testimonio-de-fe-y-solidaridad\/#primaryimage"},"image":{"@id":"https:\/\/conversesacatalunya.cat\/es\/neymar-un-testimonio-de-fe-y-solidaridad\/#primaryimage"},"thumbnailUrl":"https:\/\/conversesacatalunya.cat\/wp-content\/uploads\/2025\/02\/neymar.jpg","datePublished":"2025-02-10T11:41:51+00:00","dateModified":"2025-02-10T11:42:09+00:00","author":{"@id":"https:\/\/conversesacatalunya.cat\/#\/schema\/person\/b734752c25b328c819a407cbea568c1f"},"description":"Su historia es un recordatorio de que la fama y el \u00e9xito pueden ser herramientas poderosas para el bien com\u00fan","breadcrumb":{"@id":"https:\/\/conversesacatalunya.cat\/es\/neymar-un-testimonio-de-fe-y-solidaridad\/#breadcrumb"},"inLanguage":"es","potentialAction":[{"@type":"ReadAction","target":["https:\/\/conversesacatalunya.cat\/es\/neymar-un-testimonio-de-fe-y-solidaridad\/"]}]},{"@type":"ImageObject","inLanguage":"es","@id":"https:\/\/conversesacatalunya.cat\/es\/neymar-un-testimonio-de-fe-y-solidaridad\/#primaryimage","url":"https:\/\/conversesacatalunya.cat\/wp-content\/uploads\/2025\/02\/neymar.jpg","contentUrl":"https:\/\/conversesacatalunya.cat\/wp-content\/uploads\/2025\/02\/neymar.jpg","width":793,"height":523},{"@type":"BreadcrumbList","@id":"https:\/\/conversesacatalunya.cat\/es\/neymar-un-testimonio-de-fe-y-solidaridad\/#breadcrumb","itemListElement":[{"@type":"ListItem","position":1,"name":"Inici","item":"https:\/\/conversesacatalunya.cat\/es\/"},{"@type":"ListItem","position":2,"name":"Neymar, un testimonio de fe y solidaridad"}]},{"@type":"WebSite","@id":"https:\/\/conversesacatalunya.cat\/#website","url":"https:\/\/conversesacatalunya.cat\/","name":"Converses a Catalunya","description":"","potentialAction":[{"@type":"SearchAction","target":{"@type":"EntryPoint","urlTemplate":"https:\/\/conversesacatalunya.cat\/?s={search_term_string}"},"query-input":{"@type":"PropertyValueSpecification","valueRequired":true,"valueName":"search_term_string"}}],"inLanguage":"es"},{"@type":"Person","@id":"https:\/\/conversesacatalunya.cat\/#\/schema\/person\/b734752c25b328c819a407cbea568c1f","name":"N\u00faria Freixa","image":{"@type":"ImageObject","inLanguage":"es","@id":"https:\/\/conversesacatalunya.cat\/#\/schema\/person\/image\/","url":"https:\/\/conversesacatalunya.cat\/wp-content\/litespeed\/avatar\/c3686e387186fed249338fe04729c597.jpg?ver=1776684241","contentUrl":"https:\/\/conversesacatalunya.cat\/wp-content\/litespeed\/avatar\/c3686e387186fed249338fe04729c597.jpg?ver=1776684241","caption":"N\u00faria Freixa"},"url":"https:\/\/conversesacatalunya.cat\/es\/author\/nuria_freixa\/"}]}},"wps_subtitle":"Su historia es un recordatorio de que la fama y el \u00e9xito pueden ser herramientas poderosas para el bien com\u00fan","_links":{"self":[{"href":"https:\/\/conversesacatalunya.cat\/es\/wp-json\/wp\/v2\/posts\/85464","targetHints":{"allow":["GET"]}}],"collection":[{"href":"https:\/\/conversesacatalunya.cat\/es\/wp-json\/wp\/v2\/posts"}],"about":[{"href":"https:\/\/conversesacatalunya.cat\/es\/wp-json\/wp\/v2\/types\/post"}],"author":[{"embeddable":true,"href":"https:\/\/conversesacatalunya.cat\/es\/wp-json\/wp\/v2\/users\/80"}],"replies":[{"embeddable":true,"href":"https:\/\/conversesacatalunya.cat\/es\/wp-json\/wp\/v2\/comments?post=85464"}],"version-history":[{"count":1,"href":"https:\/\/conversesacatalunya.cat\/es\/wp-json\/wp\/v2\/posts\/85464\/revisions"}],"predecessor-version":[{"id":85467,"href":"https:\/\/conversesacatalunya.cat\/es\/wp-json\/wp\/v2\/posts\/85464\/revisions\/85467"}],"wp:featuredmedia":[{"embeddable":true,"href":"https:\/\/conversesacatalunya.cat\/es\/wp-json\/wp\/v2\/media\/85465"}],"wp:attachment":[{"href":"https:\/\/conversesacatalunya.cat\/es\/wp-json\/wp\/v2\/media?parent=85464"}],"wp:term":[{"taxonomy":"category","embeddable":true,"href":"https:\/\/conversesacatalunya.cat\/es\/wp-json\/wp\/v2\/categories?post=85464"},{"taxonomy":"post_tag","embeddable":true,"href":"https:\/\/conversesacatalunya.cat\/es\/wp-json\/wp\/v2\/tags?post=85464"}],"curies":[{"name":"wp","href":"https:\/\/api.w.org\/{rel}","templated":true}]}}