{"id":85410,"date":"2025-02-06T12:13:42","date_gmt":"2025-02-06T11:13:42","guid":{"rendered":"https:\/\/conversesacatalunya.cat\/corporacions-opusdeistes-ix\/"},"modified":"2025-02-07T08:32:55","modified_gmt":"2025-02-07T07:32:55","slug":"corporaciones-opusdeistes-ix","status":"publish","type":"post","link":"https:\/\/conversesacatalunya.cat\/es\/corporaciones-opusdeistes-ix\/","title":{"rendered":"El trasfondo cultural del primer ciclo burs\u00e1til del franquismo (14). Las Letras. Nacionalcat\u00f3licos e incorporaciones opusde\u00edstas (IX)"},"content":{"rendered":"<p><span><span class=\"\">Los cat\u00f3licos integristas y opusde\u00edstas, como componentes de la familia del nacionalcatolicismo, se manifestaron a trav\u00e9s de un activismo que combinaba servicio p\u00fablico e intelectualidad.<\/span><\/span><\/p>\n<p><span>Desempe\u00f1ando cargos pol\u00edticos, al tiempo que afirmaban su ideario en cuanto a inquietudes culturales, destacan, entre otros, Luis Ortiz, M\u00e1ximo Cuervo o Vicente Rodr\u00edguez. Con mayor reconocimiento como escritores, Juan de Contreras, Jos\u00e9 Corts, tambi\u00e9n Vicente Palacio y, particularmente, los miembros de la Obra, Calvo Serer y P\u00e9rez Embid.<\/span><u><\/u><u><\/u><\/p>\n<p><strong><span>Luis Ortiz Mu\u00f1oz<\/span><\/strong><span>\u00a0<\/span><span>\u00a0(Sevilla, 1905 \u2013 Madrid, 1975), licenciado en Filosof\u00eda y Letras por las universidades de Sevilla y Granada y doctorado en Madrid, fue un conocido propagandista cat\u00f3lico que ejerci\u00f3 de periodista y, en 1939, gan\u00f3 por oposici\u00f3n una c\u00e1tedra de griego en el instituto.<\/span><\/p>\n<p><span>En 1942 fue nombrado Director General de Ense\u00f1anza Secundaria del Ministerio de Educaci\u00f3n Nacional y cuatro a\u00f1os m\u00e1s tarde se convirti\u00f3 en el titular de la nueva subsecretar\u00eda de Ense\u00f1anza Popular, cuando se transfirieron al ministerio las competencias de la disuelta vicesecretar\u00eda de Ense\u00f1anza Popular a manos de FET y de las JONS. A partir de entonces, el control de la prensa y la propaganda pas\u00f3 de los falangistas a los cat\u00f3licos de la Asociaci\u00f3n Cat\u00f3lica Nacional de Propagandistas.<\/span><u><\/u><u><\/u><\/p>\n<p><strong><span>M\u00e1ximo Cuervo Radigales<\/span><\/strong><span>\u00a0<\/span><span>\u00a0(Madrid, 1893 \u2013 1982) fue un militar miembro del Cuerpo Jur\u00eddico del Ej\u00e9rcito que ejerci\u00f3 como Director General de Prisiones. Posteriormente fue Auditor General y, en varias ocasiones, miembro del Consejo Superior de Justicia Militar. Y, adem\u00e1s, un activista en favor del catolicismo integrista, fundando en 1943 la Biblioteca de Autores Cristianos y siendo miembro activo de la Editorial Cat\u00f3lica.<\/span><u><\/u><u><\/u><\/p>\n<p><strong><span>Vicente Rodr\u00edguez Casado<\/span><\/strong><span>\u00a0(Ceuta, 1918 \u2013 Madrid, 1990) fue un historiador miembro del Opus Dei que obtuvo por oposici\u00f3n una c\u00e1tedra en la Universidad de Sevilla que pas\u00f3 a denominarse Historia Universal y Contempor\u00e1nea e Historia General de la Cultura. Muy vinculado al CSIC, impuls\u00f3 la creaci\u00f3n de la Escuela de Estudios Hispano-americanos, que editar\u00eda la<em>\u00a0Revista de Indias<\/em>\u00a0.<\/span><span>\u00a0<\/span><span><\/span><\/p>\n<p><span>Tambi\u00e9n fund\u00f3, junto con la R\u00eda de Huelva, la Universidad Hispanoamericana de Santa Mar\u00eda de La R\u00e1bida, que fue una palanca para la creaci\u00f3n de ateneos populares de base cat\u00f3lica para obreros y estudiantes, as\u00ed como para la formaci\u00f3n de profesores con destino a Iberoam\u00e9rica.<\/span><\/p>\n<p><span>En 1957 se traslad\u00f3 a Madrid, donde desempe\u00f1\u00f3 varios cargos pol\u00edticos: Director General de Informaci\u00f3n, Director del Instituto Social de la Marina, procurador en las Cortes\u2026<\/span><u><\/u><u><\/u><\/p>\n<p><strong><span>Juan de Contreras y L\u00f3pez de Ayala<\/span><\/strong><span>\u00a0, marqu\u00e9s de Lozoya (Segovia, 1893 \u2013 1978), fue un polifac\u00e9tico personaje que se movi\u00f3 desde la historia hasta el arte, y desde la poes\u00eda hasta la novela.<\/span><\/p>\n<p><span>Estudi\u00f3 Derecho y Filosof\u00eda y Letras en Salamanca y Madrid, y ejerci\u00f3 como catedr\u00e1tico en las universidades de Valencia, Madrid y Navarra. Fue procurador en las Cortes republicanas de 1933 a 1939 y, posteriormente, en las Cortes franquistas. Finalizada la guerra, se le encomend\u00f3 la Direcci\u00f3n General de Bellas Artes y m\u00e1s tarde dirigir\u00eda la Academia Espa\u00f1ola de Bellas Artes de Roma, la Academia de Bellas Artes de San Fernando y el Instituto de Espa\u00f1a.<\/span><\/p>\n<p><span>Dentro de su extensa obra, sobresale en este per\u00edodo\u00a0<em>Historia del Arte Hisp\u00e1nico<\/em>\u00a0, en cinco vol\u00famenes, y tambi\u00e9n\u00a0<em>Los or\u00edgenes del Imperio: La Espa\u00f1a de Fernando e Isabel<\/em>\u00a0.<\/span><span>\u00a0<\/span><span><\/span><span>\u00a0<\/span><span><\/span><u><\/u><u><\/u><\/p>\n<p><strong><span>Jos\u00e9 Corts Grau<\/span><\/strong><span>\u00a0<\/span><span>\u00a0(Valencia, 1905 \u2013 1995), catedr\u00e1tico de Filosof\u00eda del Derecho, primero en la Universidad de Granada (1931) y despu\u00e9s en la de Valencia (1935), de la que tambi\u00e9n ser\u00eda rector de 1951 a 1967.<\/span><\/p>\n<p><span>Durante el per\u00edodo republicano, hab\u00eda colaborado activamente con la revista\u00a0<em>Acci\u00f3n Espa\u00f1ola<\/em>\u00a0de Ramiro de Maeztu, incorpor\u00e1ndose a la Asociaci\u00f3n Cat\u00f3lica Nacional de Propagandistas. Aparte de diversas publicaciones sobre su especialidad, destaca la obra derivada de su tesis doctoral,\u00a0<em>Balmes, fil\u00f3sofo social, apologista y pol\u00edtico<\/em>\u00a0(1945). Tambi\u00e9n un celebrado art\u00edculo, que le consagr\u00f3 doctrinalmente, aparecido en la\u00a0<em>Revista de Econom\u00eda Pol\u00edtica<\/em>\u00a0,\u00a0<em>Nuestro anticomunismo<\/em>\u00a0, en el que conclu\u00eda que \u201cel comunismo, por desarraigado y por anticat\u00f3lico, nos resulta dos veces la anti-Espa\u00f1a\u201d.<\/span><span>\u00a0<\/span><span><\/span><span>\u00a0<\/span><span>\u00a0<\/span><span><\/span><span>\u00a0<\/span><span>\u00a0<\/span><span><\/span><span>\u00a0<\/span><span><\/span><u><\/u><u><\/u><\/p>\n<p><strong><span>Vicente Palacio Atard<\/span><\/strong><span>, un bilba\u00edno nacido el 2 de enero de 1920, destac\u00f3 por sus estudios hist\u00f3ricos, ejerciendo esta materia como catedr\u00e1tico en las universidades de Barcelona, \u200b\u200bValladolid y Madrid, ciudad donde muri\u00f3 el 15 de octubre de 2013. Fue miembro de la Real Academia de la Historia.<\/span><\/p>\n<p><span>Pol\u00edticamente, se movi\u00f3 en el nacionalcatolicismo. Su singular aportaci\u00f3n intelectual, en el marco que configuraba la revista\u00a0<em>Arbor<\/em>\u00a0del CSIC, fue el art\u00edculo\u00a0<em>Westfalia ante los espa\u00f1oles de 1648 y 1948<\/em>\u00a0, con el que bautiz\u00f3 a la Generaci\u00f3n del 48 como \u201cwestfalianos\u201d. En la pol\u00e9mica sobre el\u00a0<em>Ser de Espa\u00f1a<\/em>, entre falangistas y cat\u00f3licos-opusde\u00edstas, intervino con la obra\u00a0<em>El problema de Espa\u00f1a y la Historia<\/em>\u00a0(1950).<\/span><span>\u00a0<\/span><span><\/span><span>\u00a0<\/span><span>\u00a0<\/span><span><\/span><span>\u00a0<\/span><span><\/span><span>\u00a0<\/span><span><\/span><span>\u00a0<\/span><u><\/u><u><\/u><\/p>\n<p><strong><span>Rafael Calvo Serer<\/span><\/strong><span>\u00a0<\/span><span>\u00a0(Valencia, 1916 \u2013 Pamplona, \u200b\u200b1988), estudi\u00f3 Filosof\u00eda y Letras en la Universidad de Valencia y se doctor\u00f3 en Historia por la de Madrid con una tesis sobre Men\u00e9ndez Pelayo. Fue el primer catedr\u00e1tico de Historia de la Filosof\u00eda Espa\u00f1ola y Filosof\u00eda de la Historia.<\/span><\/p>\n<p><span>Activo militante del Opus Dei desde abril de 1936, a medida que avanzaba la decadencia falangista, inici\u00f3 una enconada defensa de la monarqu\u00eda a partir de 1943. Se traslad\u00f3 a Suiza para contactar con Juan de Borb\u00f3n. En 1952 ingresar\u00eda en su Consejo Privado. Viaj\u00f3 a Londres para ser vicedirector del Instituto Espa\u00f1ol de 1947.<\/span><\/p>\n<p><span>A su regreso, se incorpor\u00f3 activamente a la revista\u00a0<em>Arbor<\/em>\u00a0del CSIC. Destac\u00f3 al publicar su primer libro\u00a0<em>Espa\u00f1a, sin Problema<\/em>\u00a0(1949), que, como cat\u00f3lico-integrista, le enfrent\u00f3 con el falangismo representado por La\u00edn Entralgo con\u00a0<em>Espa\u00f1a como problema<\/em>\u00a0.<\/span><span>\u00a0<\/span><span><\/span><span>\u00a0<\/span><span>\u00a0<\/span><span><\/span><span>\u00a0<\/span><span>\u00a0<\/span><span><\/span><\/p>\n<p><span>El r\u00e9gimen le concedi\u00f3 el Premio Nacional de Literatura. Tras el Concilio Vaticano II, evolucion\u00f3 hacia t\u00edmidas posiciones democr\u00e1ticas. En 1966 se incorpor\u00f3 al diario\u00a0<em>Madrid<\/em>\u00a0como presidente del Consejo de Administraci\u00f3n y cinco a\u00f1os m\u00e1s tarde tuvo que marcharse al exilio en Par\u00eds, despu\u00e9s de la publicaci\u00f3n de un art\u00edculo en el diario\u00a0<em>Le Monde<\/em>\u00a0en el que criticaba al gobierno franquista (se dict\u00f3 orden de b\u00fasqueda y captura y el fiscal ped\u00eda siete a\u00f1os de c\u00e1rcel).<\/span><span>\u00a0<\/span><span><\/span><span>\u00a0<\/span><span>\u00a0<\/span><span><\/span><span>\u00a0<\/span><\/p>\n<p><span>Durante su exilio en Par\u00eds, particip\u00f3 en la creaci\u00f3n de la Junta Democr\u00e1tica, coalici\u00f3n antifranquista promovida por el Partido Comunista de Espa\u00f1a. Regres\u00f3 a Espa\u00f1a en 1976 y, tras un breve encarcelamiento, fue amnistiado.<\/span><\/p>\n<p><span>Se traslad\u00f3 a Pamplona en estrecha colaboraci\u00f3n con la Universidad de Navarra. Mientras, hab\u00eda iniciado una demanda judicial por el cierre del diario\u00a0<em>Madrid<\/em>\u00a0, exigiendo una indemnizaci\u00f3n que le fue concedida por sentencia judicial. A su muerte, dej\u00f3 establecido que estos fondos se dedicar\u00e1n a la creaci\u00f3n de una fundaci\u00f3n cultural privada.<\/span><span>\u00a0<\/span><span><\/span><u><\/u><u><\/u><\/p>\n<p><strong><span>Florentino P\u00e9rez-Embid Tello<\/span><\/strong><span>, nacido en Aracena, Huelva, en 1918 y fallecido en Madrid en 1974, a los cincuenta y seis a\u00f1os. Estudi\u00f3 Historia en la Universidad de Sevilla y, durante el curso 1942-43, conoci\u00f3 al fundador del Opus Dei, entrando r\u00e1pidamente en el Instituto. Realiz\u00f3 importantes gestiones en los campos acad\u00e9mico, cultural y pol\u00edtico.<\/span><\/p>\n<p><span>Acad\u00e9micamente, ocup\u00f3 la c\u00e1tedra de Historia de los Descubrimientos Geogr\u00e1ficos y Geograf\u00eda de Am\u00e9rica, primero en Sevilla y despu\u00e9s en Madrid, y fue rector de la Universidad Men\u00e9ndez Pelayo.<\/span><\/p>\n<p><span>Culturalmente, ejerci\u00f3 como intelectual y como gestor, colaborando en las revistas\u00a0<em>Arbor<\/em>\u00a0y\u00a0<em>Cuadernos Hispanoamericanos<\/em>\u00a0, al tiempo que promov\u00eda\u00a0<em>Ateneo<\/em>\u00a0y\u00a0<em>Atl\u00e1ntida<\/em>. Fund\u00f3 la Biblioteca del Pensamiento Actual, editada por Rialp, y dirigi\u00f3 la colecci\u00f3n\u00a0<em>Forjadores del mundo contempor\u00e1neo<\/em>\u00a0de la editorial Planeta, en la que public\u00f3 una biograf\u00eda oficial de San Josemar\u00eda Escriv\u00e1 de Balaguer.<\/span><span>\u00a0<\/span><span><\/span><span>\u00a0<\/span><span>\u00a0<\/span><span><\/span><span>\u00a0<\/span><span><\/span><span>\u00a0<\/span><span>\u00a0<\/span><span><\/span><span>\u00a0<\/span><span><\/span><span>\u00a0<\/span><\/p>\n<p><span>Tambi\u00e9n presidi\u00f3 el Ateneo de Madrid entre 1951 y 1956. Pol\u00edticamente, con una orientaci\u00f3n ideol\u00f3gica franquista y tradicionalista, ejerci\u00f3 como m\u00e1ximo responsable de la censura durante la d\u00e9cada de los cincuenta, al ocupar la Direcci\u00f3n General de Propaganda y la de Informaci\u00f3n y Turismo, siendo tambi\u00e9n, durante este per\u00edodo, el mentor cultural.<\/span><\/p>\n<p><span><span class=\"VIpgJd-yAWNEb-VIpgJd-fmcmS-sn54Q\">Ocup\u00f3 tambi\u00e9n la Direcci\u00f3n General de Bellas Artes (1968-1974), fue Procurador en Les Corts (1958-1967) y miembro del Consejo Privado del Conde de Barcelona.<\/span><\/span><\/p>\n<p><span>En 1972 ingres\u00f3 en la Real Academia de Bellas Artes de San Fernando con un discurso de ingreso sobre\u00a0<em>Pedro Mill\u00e1n y los or\u00edgenes de la escultura en Sevilla<\/em>\u00a0, una notable aportaci\u00f3n al conjunto de su obra escrita.<\/span><span>\u00a0<\/span><\/p>\n<p class=\"w-post-elm post_title us_custom_e2aee182 entry-title color_link_inherit\"><a href=\"https:\/\/conversesacatalunya.cat\/es\/el-trasfondo-cultural-del-primer-ciclo-bursatil-del-franquismo-13-las-letras-las-familias-del-franquismo-viii\/\" target=\"_blank\" rel=\"noopener\"><strong>El trasfondo cultural del primer ciclo burs\u00e1til del franquismo (13). Las Letras. Las familias del franquismo (VIII)<\/strong><\/a><\/p>\n<div id=\"polls-272\" class=\"wp-polls\">\n\t<form id=\"polls_form_272\" class=\"wp-polls-form\" action=\"\/index.php\" method=\"post\">\n\t\t<p style=\"display: none;\"><input type=\"hidden\" id=\"poll_272_nonce\" name=\"wp-polls-nonce\" value=\"4a7528dd7a\" \/><\/p>\n\t\t<p style=\"display: none;\"><input type=\"hidden\" name=\"poll_id\" value=\"272\" \/><\/p>\n\t\t<p style=\"text-align: center\"><strong>Si finalment Trump aprova la imposici\u00f3 d'aranzels a la UE, com creu que afectar\u00e0 Espanya i Catalunya?<\/strong><\/p><div id=\"polls-272-ans\" class=\"wp-polls-ans\"><ul class=\"wp-polls-ul\">\n\t\t<li><input type=\"radio\" id=\"poll-answer-768\" name=\"poll_272\" value=\"768\" \/> <label for=\"poll-answer-768\">Molt<\/label><\/li>\n\t\t<li><input type=\"radio\" id=\"poll-answer-769\" name=\"poll_272\" value=\"769\" \/> <label for=\"poll-answer-769\">Poc<\/label><\/li>\n\t\t<\/ul><p style=\"text-align: center\"><input type=\"button\" name=\"vote\" value=\"   Vota   \" class=\"Buttons\" onclick=\"poll_vote(272);\" \/><\/p><p style=\"text-align: center\"><a href=\"#ViewPollResults\" onclick=\"poll_result(272); return false;\" title=\"View Results Of This Poll\">Mira els resultats<\/a><\/p><\/div>\n\t<\/form>\n<\/div>\n<div id=\"polls-272-loading\" class=\"wp-polls-loading\"><img decoding=\"async\" data-src=\"https:\/\/conversesacatalunya.cat\/wp-content\/plugins\/wp-polls\/images\/loading.gif\" width=\"16\" height=\"16\" alt=\"Cargando ...\" title=\"Cargando ...\" class=\"wp-polls-image lazyload\" src=\"data:image\/svg+xml;base64,PHN2ZyB3aWR0aD0iMSIgaGVpZ2h0PSIxIiB4bWxucz0iaHR0cDovL3d3dy53My5vcmcvMjAwMC9zdmciPjwvc3ZnPg==\" style=\"--smush-placeholder-width: 16px; --smush-placeholder-aspect-ratio: 16\/16;\" \/>&nbsp;Cargando ...<\/div>\n\n","protected":false},"excerpt":{"rendered":"<p>Los cat\u00f3licos integristas y opusde\u00edstas, como componentes de la familia del nacionalcatolicismo, se manifestaron a trav\u00e9s de un activismo que combinaba servicio p\u00fablico e intelectualidad. Desempe\u00f1ando cargos pol\u00edticos, al tiempo que afirmaban su ideario en cuanto a inquietudes culturales, destacan, entre otros, Luis Ortiz, M\u00e1ximo Cuervo o Vicente Rodr\u00edguez. Con mayor reconocimiento como escritores, Juan de Contreras, Jos\u00e9 Corts, tambi\u00e9n Vicente Palacio y, particularmente, los miembros de la Obra, Calvo Serer y P\u00e9rez Embid. Luis Ortiz Mu\u00f1oz\u00a0\u00a0(Sevilla, 1905 \u2013 Madrid, 1975), licenciado en Filosof\u00eda y Letras por las universidades de Sevilla y Granada y doctorado en Madrid, fue un conocido propagandista cat\u00f3lico que ejerci\u00f3 de periodista y, en 1939, gan\u00f3 por oposici\u00f3n una c\u00e1tedra de griego en el instituto. En 1942 fue nombrado Director General de Ense\u00f1anza Secundaria del Ministerio de Educaci\u00f3n Nacional y cuatro a\u00f1os m\u00e1s tarde se convirti\u00f3 en el titular de la nueva subsecretar\u00eda de Ense\u00f1anza Popular, cuando se transfirieron al ministerio las competencias de la disuelta vicesecretar\u00eda de Ense\u00f1anza Popular a manos de FET y de las JONS. A partir de entonces, el control de la prensa y la propaganda pas\u00f3 de los falangistas a los cat\u00f3licos de la Asociaci\u00f3n Cat\u00f3lica Nacional de Propagandistas. M\u00e1ximo Cuervo Radigales\u00a0\u00a0(Madrid, 1893 \u2013 1982) fue un militar miembro del Cuerpo Jur\u00eddico del Ej\u00e9rcito que ejerci\u00f3 como Director General de Prisiones. Posteriormente fue Auditor General y, en varias ocasiones, miembro del Consejo Superior de Justicia Militar. Y, adem\u00e1s, un activista en favor del catolicismo integrista, fundando en 1943 la Biblioteca de Autores Cristianos y siendo miembro activo de la Editorial Cat\u00f3lica. Vicente Rodr\u00edguez Casado\u00a0(Ceuta, 1918 \u2013 Madrid, 1990) fue un historiador miembro del Opus Dei que obtuvo por oposici\u00f3n una c\u00e1tedra en la Universidad de Sevilla que pas\u00f3 a denominarse Historia Universal y Contempor\u00e1nea e Historia General de la Cultura. Muy vinculado al CSIC, impuls\u00f3 la creaci\u00f3n de la Escuela de Estudios Hispano-americanos, que editar\u00eda la\u00a0Revista de Indias\u00a0.\u00a0 Tambi\u00e9n fund\u00f3, junto con la R\u00eda de Huelva, la Universidad Hispanoamericana de Santa Mar\u00eda de La R\u00e1bida, que fue una palanca para la creaci\u00f3n de ateneos populares de base cat\u00f3lica para obreros y estudiantes, as\u00ed como para la formaci\u00f3n de profesores con destino a Iberoam\u00e9rica. En 1957 se traslad\u00f3 a Madrid, donde desempe\u00f1\u00f3 varios cargos pol\u00edticos: Director General de Informaci\u00f3n, Director del Instituto Social de la Marina, procurador en las Cortes\u2026 Juan de Contreras y L\u00f3pez de Ayala\u00a0, marqu\u00e9s de Lozoya (Segovia, 1893 \u2013 1978), fue un polifac\u00e9tico personaje que se movi\u00f3 desde la historia hasta el arte, y desde la poes\u00eda hasta la novela. Estudi\u00f3 Derecho y Filosof\u00eda y Letras en Salamanca y Madrid, y ejerci\u00f3 como catedr\u00e1tico en las universidades de Valencia, Madrid y Navarra. Fue procurador en las Cortes republicanas de 1933 a 1939 y, posteriormente, en las Cortes franquistas. Finalizada la guerra, se le encomend\u00f3 la Direcci\u00f3n General de Bellas Artes y m\u00e1s tarde dirigir\u00eda la Academia Espa\u00f1ola de Bellas Artes de Roma, la Academia de Bellas Artes de San Fernando y el Instituto de Espa\u00f1a. Dentro de su extensa obra, sobresale en este per\u00edodo\u00a0Historia del Arte Hisp\u00e1nico\u00a0, en cinco vol\u00famenes, y tambi\u00e9n\u00a0Los or\u00edgenes del Imperio: La Espa\u00f1a de Fernando e Isabel\u00a0.\u00a0\u00a0 Jos\u00e9 Corts Grau\u00a0\u00a0(Valencia, 1905 \u2013 1995), catedr\u00e1tico de Filosof\u00eda del Derecho, primero en la Universidad de Granada (1931) y despu\u00e9s en la de Valencia (1935), de la que tambi\u00e9n ser\u00eda rector de 1951 a 1967. Durante el per\u00edodo republicano, hab\u00eda colaborado activamente con la revista\u00a0Acci\u00f3n Espa\u00f1ola\u00a0de Ramiro de Maeztu, incorpor\u00e1ndose a la Asociaci\u00f3n Cat\u00f3lica Nacional de Propagandistas. Aparte de diversas publicaciones sobre su especialidad, destaca la obra derivada de su tesis doctoral,\u00a0Balmes, fil\u00f3sofo social, apologista y pol\u00edtico\u00a0(1945). Tambi\u00e9n un celebrado art\u00edculo, que le consagr\u00f3 doctrinalmente, aparecido en la\u00a0Revista de Econom\u00eda Pol\u00edtica\u00a0,\u00a0Nuestro anticomunismo\u00a0, en el que conclu\u00eda que \u201cel comunismo, por desarraigado y por anticat\u00f3lico, nos resulta dos veces la anti-Espa\u00f1a\u201d.\u00a0\u00a0\u00a0\u00a0\u00a0\u00a0 Vicente Palacio Atard, un bilba\u00edno nacido el 2 de enero de 1920, destac\u00f3 por sus estudios hist\u00f3ricos, ejerciendo esta materia como catedr\u00e1tico en las universidades de Barcelona, \u200b\u200bValladolid y Madrid, ciudad donde muri\u00f3 el 15 de octubre de 2013. Fue miembro de la Real Academia de la Historia. Pol\u00edticamente, se movi\u00f3 en el nacionalcatolicismo. Su singular aportaci\u00f3n intelectual, en el marco que configuraba la revista\u00a0Arbor\u00a0del CSIC, fue el art\u00edculo\u00a0Westfalia ante los espa\u00f1oles de 1648 y 1948\u00a0, con el que bautiz\u00f3 a la Generaci\u00f3n del 48 como \u201cwestfalianos\u201d. En la pol\u00e9mica sobre el\u00a0Ser de Espa\u00f1a, entre falangistas y cat\u00f3licos-opusde\u00edstas, intervino con la obra\u00a0El problema de Espa\u00f1a y la Historia\u00a0(1950).\u00a0\u00a0\u00a0\u00a0\u00a0\u00a0 Rafael Calvo Serer\u00a0\u00a0(Valencia, 1916 \u2013 Pamplona, \u200b\u200b1988), estudi\u00f3 Filosof\u00eda y Letras en la Universidad de Valencia y se doctor\u00f3 en Historia por la de Madrid con una tesis sobre Men\u00e9ndez Pelayo. Fue el primer catedr\u00e1tico de Historia de la Filosof\u00eda Espa\u00f1ola y Filosof\u00eda de la Historia. Activo militante del Opus Dei desde abril de 1936, a medida que avanzaba la decadencia falangista, inici\u00f3 una enconada defensa de la monarqu\u00eda a partir de 1943. Se traslad\u00f3 a Suiza para contactar con Juan de Borb\u00f3n. En 1952 ingresar\u00eda en su Consejo Privado. Viaj\u00f3 a Londres para ser vicedirector del Instituto Espa\u00f1ol de 1947. A su regreso, se incorpor\u00f3 activamente a la revista\u00a0Arbor\u00a0del CSIC. Destac\u00f3 al publicar su primer libro\u00a0Espa\u00f1a, sin Problema\u00a0(1949), que, como cat\u00f3lico-integrista, le enfrent\u00f3 con el falangismo representado por La\u00edn Entralgo con\u00a0Espa\u00f1a como problema\u00a0.\u00a0\u00a0\u00a0\u00a0\u00a0 El r\u00e9gimen le concedi\u00f3 el Premio Nacional de Literatura. Tras el Concilio Vaticano II, evolucion\u00f3 hacia t\u00edmidas posiciones democr\u00e1ticas. En 1966 se incorpor\u00f3 al diario\u00a0Madrid\u00a0como presidente del Consejo de Administraci\u00f3n y cinco a\u00f1os m\u00e1s tarde tuvo que marcharse al exilio en Par\u00eds, despu\u00e9s de la publicaci\u00f3n de un art\u00edculo en el diario\u00a0Le Monde\u00a0en el que criticaba al gobierno franquista (se dict\u00f3 orden de b\u00fasqueda y captura y el fiscal ped\u00eda siete a\u00f1os de c\u00e1rcel).\u00a0\u00a0\u00a0\u00a0 Durante su exilio en Par\u00eds, particip\u00f3 en la creaci\u00f3n de la Junta Democr\u00e1tica, coalici\u00f3n antifranquista promovida por el Partido Comunista de Espa\u00f1a. Regres\u00f3 a Espa\u00f1a en 1976 y, tras un breve encarcelamiento, fue amnistiado. Se traslad\u00f3 a Pamplona en estrecha colaboraci\u00f3n con la Universidad de Navarra. Mientras, hab\u00eda iniciado una&#8230;<\/p>\n","protected":false},"author":85,"featured_media":85406,"comment_status":"open","ping_status":"open","sticky":false,"template":"","format":"standard","meta":{"_FSMCFIC_featured_image_caption":"","_FSMCFIC_featured_image_nocaption":"","_FSMCFIC_featured_image_hide":"","footnotes":""},"categories":[806],"tags":[5240,5173],"class_list":["post-85410","post","type-post","status-publish","format-standard","has-post-thumbnail","hentry","category-punts-claus-del-dia-es","tag-primer-cicle-borsari-del-franquisme-es","tag-primer-ciclo-bursatil-del-franquismo"],"yoast_head":"<!-- This site is optimized with the Yoast SEO plugin v26.8 - https:\/\/yoast.com\/product\/yoast-seo-wordpress\/ -->\n<title>El trasfondo cultural del primer ciclo burs\u00e1til del franquismo (14). Las Letras. Nacionalcat\u00f3licos e incorporaciones opusde\u00edstas (IX) - Converses a Catalunya<\/title>\n<meta name=\"description\" content=\"Los cat\u00f3licos integristas y opusde\u00edstas, como componentes de la familia del nacionalcatolicismo, se manifestaron a trav\u00e9s de un activismo\" \/>\n<meta name=\"robots\" content=\"index, follow, max-snippet:-1, max-image-preview:large, max-video-preview:-1\" \/>\n<link rel=\"canonical\" href=\"https:\/\/conversesacatalunya.cat\/es\/corporaciones-opusdeistes-ix\/\" \/>\n<meta property=\"og:locale\" content=\"es_ES\" \/>\n<meta property=\"og:type\" content=\"article\" \/>\n<meta property=\"og:title\" content=\"El trasfondo cultural del primer ciclo burs\u00e1til del franquismo (14). Las Letras. Nacionalcat\u00f3licos e incorporaciones opusde\u00edstas (IX) - Converses a Catalunya\" \/>\n<meta property=\"og:description\" content=\"Los cat\u00f3licos integristas y opusde\u00edstas, como componentes de la familia del nacionalcatolicismo, se manifestaron a trav\u00e9s de un activismo\" \/>\n<meta property=\"og:url\" content=\"https:\/\/conversesacatalunya.cat\/es\/corporaciones-opusdeistes-ix\/\" \/>\n<meta property=\"og:site_name\" content=\"Converses a Catalunya\" \/>\n<meta property=\"article:published_time\" content=\"2025-02-06T11:13:42+00:00\" \/>\n<meta property=\"article:modified_time\" content=\"2025-02-07T07:32:55+00:00\" \/>\n<meta property=\"og:image\" content=\"https:\/\/conversesacatalunya.cat\/wp-content\/uploads\/2025\/02\/Que-es-el-Opus-Dei.jpg\" \/>\n\t<meta property=\"og:image:width\" content=\"1200\" \/>\n\t<meta property=\"og:image:height\" content=\"800\" \/>\n\t<meta property=\"og:image:type\" content=\"image\/jpeg\" \/>\n<meta name=\"author\" content=\"Joan Hortal\u00e0 i Arau\" \/>\n<meta name=\"twitter:card\" content=\"summary_large_image\" \/>\n<meta name=\"twitter:label1\" content=\"Escrito por\" \/>\n\t<meta name=\"twitter:data1\" content=\"Joan Hortal\u00e0 i Arau\" \/>\n\t<meta name=\"twitter:label2\" content=\"Tiempo de lectura\" \/>\n\t<meta name=\"twitter:data2\" content=\"7 minutos\" \/>\n<script type=\"application\/ld+json\" class=\"yoast-schema-graph\">{\"@context\":\"https:\/\/schema.org\",\"@graph\":[{\"@type\":\"Article\",\"@id\":\"https:\/\/conversesacatalunya.cat\/es\/corporaciones-opusdeistes-ix\/#article\",\"isPartOf\":{\"@id\":\"https:\/\/conversesacatalunya.cat\/es\/corporaciones-opusdeistes-ix\/\"},\"author\":{\"name\":\"Joan Hortal\u00e0 i Arau\",\"@id\":\"https:\/\/conversesacatalunya.cat\/#\/schema\/person\/d1a98659327f7a7a4254b63c8828486b\"},\"headline\":\"El trasfondo cultural del primer ciclo burs\u00e1til del franquismo (14). Las Letras. Nacionalcat\u00f3licos e incorporaciones opusde\u00edstas (IX)\",\"datePublished\":\"2025-02-06T11:13:42+00:00\",\"dateModified\":\"2025-02-07T07:32:55+00:00\",\"mainEntityOfPage\":{\"@id\":\"https:\/\/conversesacatalunya.cat\/es\/corporaciones-opusdeistes-ix\/\"},\"wordCount\":1477,\"commentCount\":0,\"image\":{\"@id\":\"https:\/\/conversesacatalunya.cat\/es\/corporaciones-opusdeistes-ix\/#primaryimage\"},\"thumbnailUrl\":\"https:\/\/conversesacatalunya.cat\/wp-content\/uploads\/2025\/02\/Que-es-el-Opus-Dei.jpg\",\"keywords\":[\"primer cicle borsari del franquisme\",\"primer ciclo burs\u00e1til del franquismo\"],\"articleSection\":[\"Punts clau del dia (ES)\"],\"inLanguage\":\"es\",\"potentialAction\":[{\"@type\":\"CommentAction\",\"name\":\"Comment\",\"target\":[\"https:\/\/conversesacatalunya.cat\/es\/corporaciones-opusdeistes-ix\/#respond\"]}]},{\"@type\":\"WebPage\",\"@id\":\"https:\/\/conversesacatalunya.cat\/es\/corporaciones-opusdeistes-ix\/\",\"url\":\"https:\/\/conversesacatalunya.cat\/es\/corporaciones-opusdeistes-ix\/\",\"name\":\"El trasfondo cultural del primer ciclo burs\u00e1til del franquismo (14). Las Letras. Nacionalcat\u00f3licos e incorporaciones opusde\u00edstas (IX) - Converses a Catalunya\",\"isPartOf\":{\"@id\":\"https:\/\/conversesacatalunya.cat\/#website\"},\"primaryImageOfPage\":{\"@id\":\"https:\/\/conversesacatalunya.cat\/es\/corporaciones-opusdeistes-ix\/#primaryimage\"},\"image\":{\"@id\":\"https:\/\/conversesacatalunya.cat\/es\/corporaciones-opusdeistes-ix\/#primaryimage\"},\"thumbnailUrl\":\"https:\/\/conversesacatalunya.cat\/wp-content\/uploads\/2025\/02\/Que-es-el-Opus-Dei.jpg\",\"datePublished\":\"2025-02-06T11:13:42+00:00\",\"dateModified\":\"2025-02-07T07:32:55+00:00\",\"author\":{\"@id\":\"https:\/\/conversesacatalunya.cat\/#\/schema\/person\/d1a98659327f7a7a4254b63c8828486b\"},\"description\":\"Los cat\u00f3licos integristas y opusde\u00edstas, como componentes de la familia del nacionalcatolicismo, se manifestaron a trav\u00e9s de un activismo\",\"breadcrumb\":{\"@id\":\"https:\/\/conversesacatalunya.cat\/es\/corporaciones-opusdeistes-ix\/#breadcrumb\"},\"inLanguage\":\"es\",\"potentialAction\":[{\"@type\":\"ReadAction\",\"target\":[\"https:\/\/conversesacatalunya.cat\/es\/corporaciones-opusdeistes-ix\/\"]}]},{\"@type\":\"ImageObject\",\"inLanguage\":\"es\",\"@id\":\"https:\/\/conversesacatalunya.cat\/es\/corporaciones-opusdeistes-ix\/#primaryimage\",\"url\":\"https:\/\/conversesacatalunya.cat\/wp-content\/uploads\/2025\/02\/Que-es-el-Opus-Dei.jpg\",\"contentUrl\":\"https:\/\/conversesacatalunya.cat\/wp-content\/uploads\/2025\/02\/Que-es-el-Opus-Dei.jpg\",\"width\":1200,\"height\":800,\"caption\":\"nacionalcatolicism0\"},{\"@type\":\"BreadcrumbList\",\"@id\":\"https:\/\/conversesacatalunya.cat\/es\/corporaciones-opusdeistes-ix\/#breadcrumb\",\"itemListElement\":[{\"@type\":\"ListItem\",\"position\":1,\"name\":\"Inici\",\"item\":\"https:\/\/conversesacatalunya.cat\/es\/\"},{\"@type\":\"ListItem\",\"position\":2,\"name\":\"El trasfondo cultural del primer ciclo burs\u00e1til del franquismo (14). Las Letras. Nacionalcat\u00f3licos e incorporaciones opusde\u00edstas (IX)\"}]},{\"@type\":\"WebSite\",\"@id\":\"https:\/\/conversesacatalunya.cat\/#website\",\"url\":\"https:\/\/conversesacatalunya.cat\/\",\"name\":\"Converses a Catalunya\",\"description\":\"\",\"potentialAction\":[{\"@type\":\"SearchAction\",\"target\":{\"@type\":\"EntryPoint\",\"urlTemplate\":\"https:\/\/conversesacatalunya.cat\/?s={search_term_string}\"},\"query-input\":{\"@type\":\"PropertyValueSpecification\",\"valueRequired\":true,\"valueName\":\"search_term_string\"}}],\"inLanguage\":\"es\"},{\"@type\":\"Person\",\"@id\":\"https:\/\/conversesacatalunya.cat\/#\/schema\/person\/d1a98659327f7a7a4254b63c8828486b\",\"name\":\"Joan Hortal\u00e0 i Arau\",\"image\":{\"@type\":\"ImageObject\",\"inLanguage\":\"es\",\"@id\":\"https:\/\/conversesacatalunya.cat\/#\/schema\/person\/image\/\",\"url\":\"https:\/\/conversesacatalunya.cat\/wp-content\/litespeed\/avatar\/2d63b18d9ae06677345f920e73d8d4f0.jpg?ver=1776938333\",\"contentUrl\":\"https:\/\/conversesacatalunya.cat\/wp-content\/litespeed\/avatar\/2d63b18d9ae06677345f920e73d8d4f0.jpg?ver=1776938333\",\"caption\":\"Joan Hortal\u00e0 i Arau\"},\"url\":\"https:\/\/conversesacatalunya.cat\/es\/author\/joan-hortala-i-arau\/\"}]}<\/script>\n<!-- \/ Yoast SEO plugin. -->","yoast_head_json":{"title":"El trasfondo cultural del primer ciclo burs\u00e1til del franquismo (14). Las Letras. Nacionalcat\u00f3licos e incorporaciones opusde\u00edstas (IX) - Converses a Catalunya","description":"Los cat\u00f3licos integristas y opusde\u00edstas, como componentes de la familia del nacionalcatolicismo, se manifestaron a trav\u00e9s de un activismo","robots":{"index":"index","follow":"follow","max-snippet":"max-snippet:-1","max-image-preview":"max-image-preview:large","max-video-preview":"max-video-preview:-1"},"canonical":"https:\/\/conversesacatalunya.cat\/es\/corporaciones-opusdeistes-ix\/","og_locale":"es_ES","og_type":"article","og_title":"El trasfondo cultural del primer ciclo burs\u00e1til del franquismo (14). Las Letras. Nacionalcat\u00f3licos e incorporaciones opusde\u00edstas (IX) - Converses a Catalunya","og_description":"Los cat\u00f3licos integristas y opusde\u00edstas, como componentes de la familia del nacionalcatolicismo, se manifestaron a trav\u00e9s de un activismo","og_url":"https:\/\/conversesacatalunya.cat\/es\/corporaciones-opusdeistes-ix\/","og_site_name":"Converses a Catalunya","article_published_time":"2025-02-06T11:13:42+00:00","article_modified_time":"2025-02-07T07:32:55+00:00","og_image":[{"width":1200,"height":800,"url":"https:\/\/conversesacatalunya.cat\/wp-content\/uploads\/2025\/02\/Que-es-el-Opus-Dei.jpg","type":"image\/jpeg"}],"author":"Joan Hortal\u00e0 i Arau","twitter_card":"summary_large_image","twitter_misc":{"Escrito por":"Joan Hortal\u00e0 i Arau","Tiempo de lectura":"7 minutos"},"schema":{"@context":"https:\/\/schema.org","@graph":[{"@type":"Article","@id":"https:\/\/conversesacatalunya.cat\/es\/corporaciones-opusdeistes-ix\/#article","isPartOf":{"@id":"https:\/\/conversesacatalunya.cat\/es\/corporaciones-opusdeistes-ix\/"},"author":{"name":"Joan Hortal\u00e0 i Arau","@id":"https:\/\/conversesacatalunya.cat\/#\/schema\/person\/d1a98659327f7a7a4254b63c8828486b"},"headline":"El trasfondo cultural del primer ciclo burs\u00e1til del franquismo (14). Las Letras. Nacionalcat\u00f3licos e incorporaciones opusde\u00edstas (IX)","datePublished":"2025-02-06T11:13:42+00:00","dateModified":"2025-02-07T07:32:55+00:00","mainEntityOfPage":{"@id":"https:\/\/conversesacatalunya.cat\/es\/corporaciones-opusdeistes-ix\/"},"wordCount":1477,"commentCount":0,"image":{"@id":"https:\/\/conversesacatalunya.cat\/es\/corporaciones-opusdeistes-ix\/#primaryimage"},"thumbnailUrl":"https:\/\/conversesacatalunya.cat\/wp-content\/uploads\/2025\/02\/Que-es-el-Opus-Dei.jpg","keywords":["primer cicle borsari del franquisme","primer ciclo burs\u00e1til del franquismo"],"articleSection":["Punts clau del dia (ES)"],"inLanguage":"es","potentialAction":[{"@type":"CommentAction","name":"Comment","target":["https:\/\/conversesacatalunya.cat\/es\/corporaciones-opusdeistes-ix\/#respond"]}]},{"@type":"WebPage","@id":"https:\/\/conversesacatalunya.cat\/es\/corporaciones-opusdeistes-ix\/","url":"https:\/\/conversesacatalunya.cat\/es\/corporaciones-opusdeistes-ix\/","name":"El trasfondo cultural del primer ciclo burs\u00e1til del franquismo (14). Las Letras. Nacionalcat\u00f3licos e incorporaciones opusde\u00edstas (IX) - Converses a Catalunya","isPartOf":{"@id":"https:\/\/conversesacatalunya.cat\/#website"},"primaryImageOfPage":{"@id":"https:\/\/conversesacatalunya.cat\/es\/corporaciones-opusdeistes-ix\/#primaryimage"},"image":{"@id":"https:\/\/conversesacatalunya.cat\/es\/corporaciones-opusdeistes-ix\/#primaryimage"},"thumbnailUrl":"https:\/\/conversesacatalunya.cat\/wp-content\/uploads\/2025\/02\/Que-es-el-Opus-Dei.jpg","datePublished":"2025-02-06T11:13:42+00:00","dateModified":"2025-02-07T07:32:55+00:00","author":{"@id":"https:\/\/conversesacatalunya.cat\/#\/schema\/person\/d1a98659327f7a7a4254b63c8828486b"},"description":"Los cat\u00f3licos integristas y opusde\u00edstas, como componentes de la familia del nacionalcatolicismo, se manifestaron a trav\u00e9s de un activismo","breadcrumb":{"@id":"https:\/\/conversesacatalunya.cat\/es\/corporaciones-opusdeistes-ix\/#breadcrumb"},"inLanguage":"es","potentialAction":[{"@type":"ReadAction","target":["https:\/\/conversesacatalunya.cat\/es\/corporaciones-opusdeistes-ix\/"]}]},{"@type":"ImageObject","inLanguage":"es","@id":"https:\/\/conversesacatalunya.cat\/es\/corporaciones-opusdeistes-ix\/#primaryimage","url":"https:\/\/conversesacatalunya.cat\/wp-content\/uploads\/2025\/02\/Que-es-el-Opus-Dei.jpg","contentUrl":"https:\/\/conversesacatalunya.cat\/wp-content\/uploads\/2025\/02\/Que-es-el-Opus-Dei.jpg","width":1200,"height":800,"caption":"nacionalcatolicism0"},{"@type":"BreadcrumbList","@id":"https:\/\/conversesacatalunya.cat\/es\/corporaciones-opusdeistes-ix\/#breadcrumb","itemListElement":[{"@type":"ListItem","position":1,"name":"Inici","item":"https:\/\/conversesacatalunya.cat\/es\/"},{"@type":"ListItem","position":2,"name":"El trasfondo cultural del primer ciclo burs\u00e1til del franquismo (14). Las Letras. Nacionalcat\u00f3licos e incorporaciones opusde\u00edstas (IX)"}]},{"@type":"WebSite","@id":"https:\/\/conversesacatalunya.cat\/#website","url":"https:\/\/conversesacatalunya.cat\/","name":"Converses a Catalunya","description":"","potentialAction":[{"@type":"SearchAction","target":{"@type":"EntryPoint","urlTemplate":"https:\/\/conversesacatalunya.cat\/?s={search_term_string}"},"query-input":{"@type":"PropertyValueSpecification","valueRequired":true,"valueName":"search_term_string"}}],"inLanguage":"es"},{"@type":"Person","@id":"https:\/\/conversesacatalunya.cat\/#\/schema\/person\/d1a98659327f7a7a4254b63c8828486b","name":"Joan Hortal\u00e0 i Arau","image":{"@type":"ImageObject","inLanguage":"es","@id":"https:\/\/conversesacatalunya.cat\/#\/schema\/person\/image\/","url":"https:\/\/conversesacatalunya.cat\/wp-content\/litespeed\/avatar\/2d63b18d9ae06677345f920e73d8d4f0.jpg?ver=1776938333","contentUrl":"https:\/\/conversesacatalunya.cat\/wp-content\/litespeed\/avatar\/2d63b18d9ae06677345f920e73d8d4f0.jpg?ver=1776938333","caption":"Joan Hortal\u00e0 i Arau"},"url":"https:\/\/conversesacatalunya.cat\/es\/author\/joan-hortala-i-arau\/"}]}},"wps_subtitle":"","_links":{"self":[{"href":"https:\/\/conversesacatalunya.cat\/es\/wp-json\/wp\/v2\/posts\/85410","targetHints":{"allow":["GET"]}}],"collection":[{"href":"https:\/\/conversesacatalunya.cat\/es\/wp-json\/wp\/v2\/posts"}],"about":[{"href":"https:\/\/conversesacatalunya.cat\/es\/wp-json\/wp\/v2\/types\/post"}],"author":[{"embeddable":true,"href":"https:\/\/conversesacatalunya.cat\/es\/wp-json\/wp\/v2\/users\/85"}],"replies":[{"embeddable":true,"href":"https:\/\/conversesacatalunya.cat\/es\/wp-json\/wp\/v2\/comments?post=85410"}],"version-history":[{"count":4,"href":"https:\/\/conversesacatalunya.cat\/es\/wp-json\/wp\/v2\/posts\/85410\/revisions"}],"predecessor-version":[{"id":85421,"href":"https:\/\/conversesacatalunya.cat\/es\/wp-json\/wp\/v2\/posts\/85410\/revisions\/85421"}],"wp:featuredmedia":[{"embeddable":true,"href":"https:\/\/conversesacatalunya.cat\/es\/wp-json\/wp\/v2\/media\/85406"}],"wp:attachment":[{"href":"https:\/\/conversesacatalunya.cat\/es\/wp-json\/wp\/v2\/media?parent=85410"}],"wp:term":[{"taxonomy":"category","embeddable":true,"href":"https:\/\/conversesacatalunya.cat\/es\/wp-json\/wp\/v2\/categories?post=85410"},{"taxonomy":"post_tag","embeddable":true,"href":"https:\/\/conversesacatalunya.cat\/es\/wp-json\/wp\/v2\/tags?post=85410"}],"curies":[{"name":"wp","href":"https:\/\/api.w.org\/{rel}","templated":true}]}}