{"id":85396,"date":"2025-02-06T10:52:37","date_gmt":"2025-02-06T09:52:37","guid":{"rendered":"https:\/\/conversesacatalunya.cat\/esquerra-republicana-junts-per-catalunya-i-les-pimes\/"},"modified":"2025-02-06T11:38:18","modified_gmt":"2025-02-06T10:38:18","slug":"esquerra-republicana-junts-per-catalunya-y-las-pymes","status":"publish","type":"post","link":"https:\/\/conversesacatalunya.cat\/es\/esquerra-republicana-junts-per-catalunya-y-las-pymes\/","title":{"rendered":"Esquerra Republicana, Junts per Catalunya y las PYMES"},"content":{"rendered":"<p><span><span class=\"\">La peque\u00f1a empresa, aquella que se sit\u00faa entre 1 y 49 trabajadores, vive un mal momento y esto afecta en gran medida al tejido econ\u00f3mico de Catalunya, ya que tiene en este tipo de empresas su base fundamental. El n\u00famero total de empresas es de 634.000, de las que 236.000 son microempresas (aquellas que no llegan a los 10 trabajadores de plantilla) y 476.000 carecen de asalariados. El siguiente grupo, las que tienen como l\u00edmite m\u00e1ximo a 49 personas, son calificadas de peque\u00f1as empresas, siendo algo m\u00e1s de 23.000, mientras que las medias suman 4.200 y la gran empresa apenas supera el millar. Con esto est\u00e1 dicho todo: tal y como les vaya a la multitud de empresas de menos de 10 trabajadores, as\u00ed ir\u00e1 la econom\u00eda de muchos catalanes.<\/span><\/span><u><\/u><u><\/u><\/p>\n<p><b><span>Pero son malos tiempos para ellas<\/span><\/b><span> <\/span><span>porque registran un alud de exigencias dif\u00edciles de cumplir por su volumen, sin que \u00e9stas vengan compensadas con medidas suficientes por parte de la administraci\u00f3n que les permitan asumir estas cargas sin poner en riesgo su viabilidad.<\/span><\/p>\n<p><span>Por una parte, el desarrollo creciente de\u00a0<b>normas laborales<\/b>, junto con\u00a0<b>otras exigencias de la administraci\u00f3n<\/b>, determina una burocracia que las ahoga. Es algo parecido a lo que les ocurre a los agricultores, m\u00e9dicos y profesores de escuela, que en realidad dedican casi tantas horas a la burocracia como a su actividad principal. Es una paradoja terrible.<\/span><span>\u00a0<\/span><b><\/b><span>\u00a0<\/span><b><\/b><\/p>\n<p><span>Las Administraciones P\u00fablicas y los pol\u00edticos, que deber\u00edan contribuir a hacer la vida m\u00e1s f\u00e1cil a la gente emprendedora,\u00a0<b>descargan cada vez m\u00e1s peso en sus hombros<\/b>, mientras ellos eluden en mayor medida cada d\u00eda m\u00e1s sus obligaciones y responsabilidades. Aqu\u00ed es aplicable lo que\u00a0<b>Jesucristo<\/b>\u00a0dice a los\u00a0<b>fariseos<\/b>\u00a0en el Evangelio: \u201cDescargue piedras pesadas sobre los hombros de la gente\u2026\u201d.<\/span><span>\u00a0<\/span><b><\/b><span>\u00a0<\/span><b><\/b><span>\u00a0<\/span><span>\u00a0<\/span><b><\/b><span>\u00a0<\/span><u><\/u><u><\/u><\/p>\n<p><span>Por si esto no fuera suficiente, la\u00a0<b>plaga del absentismo laboral<\/b>\u00a0se ha desarrollado hasta l\u00edmites inviables para la continuidad empresarial. Esto afecta a todas las empresas, pero en mayor medida a las m\u00e1s peque\u00f1as, porque a mayor n\u00famero de trabajadores, mayor facilidad para cubrir entre unos y otros los vac\u00edos que se producen por este motivo. Pero cuando de 3 trabajadores falta 1, la desorganizaci\u00f3n de la producci\u00f3n de cualquier actividad es m\u00e1s que considerable.<\/span><span>\u00a0<\/span><b><\/b><span>\u00a0<\/span><\/p>\n<p><span>El aumento r\u00e1pido del\u00a0<b>salario m\u00ednimo interprofesional<\/b>, siendo necesario, ha dejado de tener un impacto objetivo sobre el estado de cuentas de las empresas, aumentando sus costes. Este hecho se ha sumado a otro aumento de costes:\u00a0<b>el de la Seguridad Social<\/b>, que castiga al puesto de trabajo y contribuye a disuadir a nuevas contrataciones, aunque por ahora el mercado laboral funcione a buen ritmo.<\/span><span>\u00a0<\/span><b><\/b><span>\u00a0<\/span><b><\/b><\/p>\n<p><span>Un tercer elemento castiga los costes:\u00a0<b>la inflaci\u00f3n<\/b>. Este conjunto ha estrechado los m\u00e1rgenes, sobre todo en las empresas m\u00e1s peque\u00f1as, porque son las que tienen mayores dificultades para ganar productividad que pueda compensar esta din\u00e1mica. A todo esto ahora se quiere sumar la\u00a0<b>reducci\u00f3n de la jornada laboral<\/b>.<\/span><span>\u00a0<\/span><b><\/b><span>\u00a0<\/span><b><\/b><u><\/u><u><\/u><\/p>\n<p><span>En este caso hay que decir que las consecuencias son diferentes seg\u00fan los sectores, porque ya hay algunos en los que la medida no surtir\u00e1 efecto, dado que ya se trabaja 37,5 horas a la semana. Pero en otros,\u00a0<b>m\u00e1s intensivos en mano de obra, de menor productividad y mayor dificultad para ganarla<\/b>, dado el tipo de actividad, como puede ser la hosteler\u00eda, el coste puede ser importante. La reducci\u00f3n de la jornada laboral es deseable, pero debe resultar viable para la empresa, y no puede aplicarse una medida generalizada y centralizada; deber\u00eda resolverse sector por sector, empresa por empresa, con programas a corto, medio o largo plazo para alcanzarla, vincul\u00e1ndola al estado ya compromisos futuros con la productividad.<\/span><span>\u00a0<\/span><b><\/b><\/p>\n<p><span>El reciente ejemplo franc\u00e9s y el mal resultado que ha tenido para su econom\u00eda, y que ahora se intenta corregir, de la jornada de 35 horas, pese a flexibilizarse en su aplicaci\u00f3n inicial, deber\u00eda hacer reflexionar sobre las consecuencias de concepciones propias de una burocracia centralizada.<\/span><u><\/u><u><\/u><\/p>\n<p><span>Ante esta situaci\u00f3n que afecta a una parte fundamental de la econom\u00eda catalana y a las personas que viven de ella,\u00a0<b>Esquerra Republicana i Junts per Catalunya<\/b>\u00a0tienen el reto de definir a qui\u00e9nes sirven: si a la ideolog\u00eda del Gobierno, y espec\u00edficamente a la de la vicepresidenta de dudoso prestigio,\u00a0<b>Yolanda D\u00edaz<\/b>, que impulsa la medida como parte de su campa\u00f1a pol\u00edtica personal y que ni tan siquiera; o bien si se inclinan por defender los intereses de Catalu\u00f1a, votando en contra de la reducci\u00f3n de jornada.<\/span><span>\u00a0<\/span><b><\/b><span>\u00a0<\/span><span>\u00a0<\/span><b><\/b><\/p>\n<p><span>S\u00e1nchez, finalmente, se ha inclinado por las tesis de D\u00edaz, como una especie de respiraci\u00f3n boca a boca para evitar que la v\u00edctima acabe de ahogarse \u2013su hundimiento electoral\u2013, sabiendo que el Ministerio de Econom\u00eda, que es el m\u00e1s racional que tiene su gobierno, sabe perfectamente que la medida es adversa.<\/span><u><\/u><u><\/u><\/p>\n<p><b><span>No puede gobernarse en el \u00e1mbito laboral imponiendo siempre las tesis sobre los representantes empresariales<\/span><\/b><span>\u00a0<\/span><span>\u00a0como si sus planteamientos no tuvieran ning\u00fan sentido. Esto crea condiciones para el conflicto a medio plazo, pero lo importante es que da\u00f1a empresas y personas a corto plazo.<\/span><u><\/u><u><\/u><\/p>\n<p><span><span class=\"\">Si estos partidos votan a favor de la medida, su credibilidad, ya muy escasa, quedar\u00e1\u00a0<\/span><b><span class=\"\">definitivamente hundida<\/span><\/b><span class=\"\">. Han jugado con el independentismo hasta conseguir convertirlo en minoritario en el Parlament de Catalunya por la desafecci\u00f3n que han creado, demostrando que, ocupando la Generalitat, no sab\u00edan gobernar, y se han mostrado, sobre todo Esquerra Republicana, m\u00e1s como\u00a0<\/span><b><span class=\"\">una muleta de S\u00e1nchez<\/span><\/b><span class=\"\">\u00a0que como un partido que defiende de forma razonable y objetiva los intereses de Catalunya.<\/span><\/span><span>\u00a0<\/span><b><\/b><span>\u00a0<\/span><b><\/b><span>\u00a0<\/span><\/p>\n<p><span>Ahora tienen una oportunidad de demostrar que se han enmendado o que definitivamente se hunden en su propia agenda pol\u00edtica, que vive en la autorreferencia y los aleja cada vez m\u00e1s de la gente.<\/span><\/p>\n<div id=\"polls-272\" class=\"wp-polls\">\n\t<form id=\"polls_form_272\" class=\"wp-polls-form\" action=\"\/index.php\" method=\"post\">\n\t\t<p style=\"display: none;\"><input type=\"hidden\" id=\"poll_272_nonce\" name=\"wp-polls-nonce\" value=\"8d391bc964\" \/><\/p>\n\t\t<p style=\"display: none;\"><input type=\"hidden\" name=\"poll_id\" value=\"272\" \/><\/p>\n\t\t<p style=\"text-align: center\"><strong>Si finalment Trump aprova la imposici\u00f3 d'aranzels a la UE, com creu que afectar\u00e0 Espanya i Catalunya?<\/strong><\/p><div id=\"polls-272-ans\" class=\"wp-polls-ans\"><ul class=\"wp-polls-ul\">\n\t\t<li><input type=\"radio\" id=\"poll-answer-768\" name=\"poll_272\" value=\"768\" \/> <label for=\"poll-answer-768\">Molt<\/label><\/li>\n\t\t<li><input type=\"radio\" id=\"poll-answer-769\" name=\"poll_272\" value=\"769\" \/> <label for=\"poll-answer-769\">Poc<\/label><\/li>\n\t\t<\/ul><p style=\"text-align: center\"><input type=\"button\" name=\"vote\" value=\"   Vota   \" class=\"Buttons\" onclick=\"poll_vote(272);\" \/><\/p><p style=\"text-align: center\"><a href=\"#ViewPollResults\" onclick=\"poll_result(272); return false;\" title=\"View Results Of This Poll\">Mira els resultats<\/a><\/p><\/div>\n\t<\/form>\n<\/div>\n<div id=\"polls-272-loading\" class=\"wp-polls-loading\"><img decoding=\"async\" data-src=\"https:\/\/conversesacatalunya.cat\/wp-content\/plugins\/wp-polls\/images\/loading.gif\" width=\"16\" height=\"16\" alt=\"Cargando ...\" title=\"Cargando ...\" class=\"wp-polls-image lazyload\" src=\"data:image\/svg+xml;base64,PHN2ZyB3aWR0aD0iMSIgaGVpZ2h0PSIxIiB4bWxucz0iaHR0cDovL3d3dy53My5vcmcvMjAwMC9zdmciPjwvc3ZnPg==\" style=\"--smush-placeholder-width: 16px; --smush-placeholder-aspect-ratio: 16\/16;\" \/>&nbsp;Cargando ...<\/div>\n\n","protected":false},"excerpt":{"rendered":"<p>La peque\u00f1a empresa, aquella que se sit\u00faa entre 1 y 49 trabajadores, vive un mal momento y esto afecta en gran medida al tejido econ\u00f3mico de Catalunya, ya que tiene en este tipo de empresas su base fundamental. El n\u00famero total de empresas es de 634.000, de las que 236.000 son microempresas (aquellas que no llegan a los 10 trabajadores de plantilla) y 476.000 carecen de asalariados. El siguiente grupo, las que tienen como l\u00edmite m\u00e1ximo a 49 personas, son calificadas de peque\u00f1as empresas, siendo algo m\u00e1s de 23.000, mientras que las medias suman 4.200 y la gran empresa apenas supera el millar. Con esto est\u00e1 dicho todo: tal y como les vaya a la multitud de empresas de menos de 10 trabajadores, as\u00ed ir\u00e1 la econom\u00eda de muchos catalanes. Pero son malos tiempos para ellas porque registran un alud de exigencias dif\u00edciles de cumplir por su volumen, sin que \u00e9stas vengan compensadas con medidas suficientes por parte de la administraci\u00f3n que les permitan asumir estas cargas sin poner en riesgo su viabilidad. Por una parte, el desarrollo creciente de\u00a0normas laborales, junto con\u00a0otras exigencias de la administraci\u00f3n, determina una burocracia que las ahoga. Es algo parecido a lo que les ocurre a los agricultores, m\u00e9dicos y profesores de escuela, que en realidad dedican casi tantas horas a la burocracia como a su actividad principal. Es una paradoja terrible.\u00a0\u00a0 Las Administraciones P\u00fablicas y los pol\u00edticos, que deber\u00edan contribuir a hacer la vida m\u00e1s f\u00e1cil a la gente emprendedora,\u00a0descargan cada vez m\u00e1s peso en sus hombros, mientras ellos eluden en mayor medida cada d\u00eda m\u00e1s sus obligaciones y responsabilidades. Aqu\u00ed es aplicable lo que\u00a0Jesucristo\u00a0dice a los\u00a0fariseos\u00a0en el Evangelio: \u201cDescargue piedras pesadas sobre los hombros de la gente\u2026\u201d.\u00a0\u00a0\u00a0\u00a0\u00a0 Por si esto no fuera suficiente, la\u00a0plaga del absentismo laboral\u00a0se ha desarrollado hasta l\u00edmites inviables para la continuidad empresarial. Esto afecta a todas las empresas, pero en mayor medida a las m\u00e1s peque\u00f1as, porque a mayor n\u00famero de trabajadores, mayor facilidad para cubrir entre unos y otros los vac\u00edos que se producen por este motivo. Pero cuando de 3 trabajadores falta 1, la desorganizaci\u00f3n de la producci\u00f3n de cualquier actividad es m\u00e1s que considerable.\u00a0\u00a0 El aumento r\u00e1pido del\u00a0salario m\u00ednimo interprofesional, siendo necesario, ha dejado de tener un impacto objetivo sobre el estado de cuentas de las empresas, aumentando sus costes. Este hecho se ha sumado a otro aumento de costes:\u00a0el de la Seguridad Social, que castiga al puesto de trabajo y contribuye a disuadir a nuevas contrataciones, aunque por ahora el mercado laboral funcione a buen ritmo.\u00a0\u00a0 Un tercer elemento castiga los costes:\u00a0la inflaci\u00f3n. Este conjunto ha estrechado los m\u00e1rgenes, sobre todo en las empresas m\u00e1s peque\u00f1as, porque son las que tienen mayores dificultades para ganar productividad que pueda compensar esta din\u00e1mica. A todo esto ahora se quiere sumar la\u00a0reducci\u00f3n de la jornada laboral.\u00a0\u00a0 En este caso hay que decir que las consecuencias son diferentes seg\u00fan los sectores, porque ya hay algunos en los que la medida no surtir\u00e1 efecto, dado que ya se trabaja 37,5 horas a la semana. Pero en otros,\u00a0m\u00e1s intensivos en mano de obra, de menor productividad y mayor dificultad para ganarla, dado el tipo de actividad, como puede ser la hosteler\u00eda, el coste puede ser importante. La reducci\u00f3n de la jornada laboral es deseable, pero debe resultar viable para la empresa, y no puede aplicarse una medida generalizada y centralizada; deber\u00eda resolverse sector por sector, empresa por empresa, con programas a corto, medio o largo plazo para alcanzarla, vincul\u00e1ndola al estado ya compromisos futuros con la productividad.\u00a0 El reciente ejemplo franc\u00e9s y el mal resultado que ha tenido para su econom\u00eda, y que ahora se intenta corregir, de la jornada de 35 horas, pese a flexibilizarse en su aplicaci\u00f3n inicial, deber\u00eda hacer reflexionar sobre las consecuencias de concepciones propias de una burocracia centralizada. Ante esta situaci\u00f3n que afecta a una parte fundamental de la econom\u00eda catalana y a las personas que viven de ella,\u00a0Esquerra Republicana i Junts per Catalunya\u00a0tienen el reto de definir a qui\u00e9nes sirven: si a la ideolog\u00eda del Gobierno, y espec\u00edficamente a la de la vicepresidenta de dudoso prestigio,\u00a0Yolanda D\u00edaz, que impulsa la medida como parte de su campa\u00f1a pol\u00edtica personal y que ni tan siquiera; o bien si se inclinan por defender los intereses de Catalu\u00f1a, votando en contra de la reducci\u00f3n de jornada.\u00a0\u00a0\u00a0 S\u00e1nchez, finalmente, se ha inclinado por las tesis de D\u00edaz, como una especie de respiraci\u00f3n boca a boca para evitar que la v\u00edctima acabe de ahogarse \u2013su hundimiento electoral\u2013, sabiendo que el Ministerio de Econom\u00eda, que es el m\u00e1s racional que tiene su gobierno, sabe perfectamente que la medida es adversa. No puede gobernarse en el \u00e1mbito laboral imponiendo siempre las tesis sobre los representantes empresariales\u00a0\u00a0como si sus planteamientos no tuvieran ning\u00fan sentido. Esto crea condiciones para el conflicto a medio plazo, pero lo importante es que da\u00f1a empresas y personas a corto plazo. Si estos partidos votan a favor de la medida, su credibilidad, ya muy escasa, quedar\u00e1\u00a0definitivamente hundida. Han jugado con el independentismo hasta conseguir convertirlo en minoritario en el Parlament de Catalunya por la desafecci\u00f3n que han creado, demostrando que, ocupando la Generalitat, no sab\u00edan gobernar, y se han mostrado, sobre todo Esquerra Republicana, m\u00e1s como\u00a0una muleta de S\u00e1nchez\u00a0que como un partido que defiende de forma razonable y objetiva los intereses de Catalunya.\u00a0\u00a0\u00a0 Ahora tienen una oportunidad de demostrar que se han enmendado o que definitivamente se hunden en su propia agenda pol\u00edtica, que vive en la autorreferencia y los aleja cada vez m\u00e1s de la gente.<\/p>\n","protected":false},"author":19,"featured_media":85393,"comment_status":"open","ping_status":"open","sticky":false,"template":"","format":"standard","meta":{"_FSMCFIC_featured_image_caption":"","_FSMCFIC_featured_image_nocaption":"","_FSMCFIC_featured_image_hide":"","footnotes":""},"categories":[806],"tags":[5239,4312],"class_list":["post-85396","post","type-post","status-publish","format-standard","has-post-thumbnail","hentry","category-punts-claus-del-dia-es","tag-jornada-laboral-es","tag-trabajo"],"yoast_head":"<!-- This site is optimized with the Yoast SEO plugin v26.8 - https:\/\/yoast.com\/product\/yoast-seo-wordpress\/ -->\n<title>Esquerra Republicana, Junts per Catalunya y las PYMES - Converses a Catalunya<\/title>\n<meta name=\"description\" content=\"No se puede gobernar en el \u00e1mbito laboral imponiendo siempre las tesis sobre los representantes empresariales como si sus planteamientos no tuvieran ning\u00fan sentido\" \/>\n<meta name=\"robots\" content=\"index, follow, max-snippet:-1, max-image-preview:large, max-video-preview:-1\" \/>\n<link rel=\"canonical\" href=\"https:\/\/conversesacatalunya.cat\/es\/esquerra-republicana-junts-per-catalunya-y-las-pymes\/\" \/>\n<meta property=\"og:locale\" content=\"es_ES\" \/>\n<meta property=\"og:type\" content=\"article\" \/>\n<meta property=\"og:title\" content=\"Esquerra Republicana, Junts per Catalunya y las PYMES - Converses a Catalunya\" \/>\n<meta property=\"og:description\" content=\"No se puede gobernar en el \u00e1mbito laboral imponiendo siempre las tesis sobre los representantes empresariales como si sus planteamientos no tuvieran ning\u00fan sentido\" \/>\n<meta property=\"og:url\" content=\"https:\/\/conversesacatalunya.cat\/es\/esquerra-republicana-junts-per-catalunya-y-las-pymes\/\" \/>\n<meta property=\"og:site_name\" content=\"Converses a Catalunya\" \/>\n<meta property=\"article:published_time\" content=\"2025-02-06T09:52:37+00:00\" \/>\n<meta property=\"article:modified_time\" content=\"2025-02-06T10:38:18+00:00\" \/>\n<meta property=\"og:image\" content=\"https:\/\/conversesacatalunya.cat\/wp-content\/uploads\/2025\/02\/pimes.png\" \/>\n\t<meta property=\"og:image:width\" content=\"1984\" \/>\n\t<meta property=\"og:image:height\" content=\"844\" \/>\n\t<meta property=\"og:image:type\" content=\"image\/png\" \/>\n<meta name=\"author\" content=\"Josep Mir\u00f3 i Ard\u00e8vol\" \/>\n<meta name=\"twitter:card\" content=\"summary_large_image\" \/>\n<meta name=\"twitter:label1\" content=\"Escrito por\" \/>\n\t<meta name=\"twitter:data1\" content=\"Josep Mir\u00f3 i Ard\u00e8vol\" \/>\n\t<meta name=\"twitter:label2\" content=\"Tiempo de lectura\" \/>\n\t<meta name=\"twitter:data2\" content=\"5 minutos\" \/>\n<script type=\"application\/ld+json\" class=\"yoast-schema-graph\">{\"@context\":\"https:\/\/schema.org\",\"@graph\":[{\"@type\":\"Article\",\"@id\":\"https:\/\/conversesacatalunya.cat\/es\/esquerra-republicana-junts-per-catalunya-y-las-pymes\/#article\",\"isPartOf\":{\"@id\":\"https:\/\/conversesacatalunya.cat\/es\/esquerra-republicana-junts-per-catalunya-y-las-pymes\/\"},\"author\":{\"name\":\"Josep Mir\u00f3 i Ard\u00e8vol\",\"@id\":\"https:\/\/conversesacatalunya.cat\/#\/schema\/person\/a9598a6786ba7d3d1c5e0de477b79370\"},\"headline\":\"Esquerra Republicana, Junts per Catalunya y las PYMES\",\"datePublished\":\"2025-02-06T09:52:37+00:00\",\"dateModified\":\"2025-02-06T10:38:18+00:00\",\"mainEntityOfPage\":{\"@id\":\"https:\/\/conversesacatalunya.cat\/es\/esquerra-republicana-junts-per-catalunya-y-las-pymes\/\"},\"wordCount\":1006,\"commentCount\":0,\"image\":{\"@id\":\"https:\/\/conversesacatalunya.cat\/es\/esquerra-republicana-junts-per-catalunya-y-las-pymes\/#primaryimage\"},\"thumbnailUrl\":\"https:\/\/conversesacatalunya.cat\/wp-content\/uploads\/2025\/02\/pimes.png\",\"keywords\":[\"jornada laboral\",\"Trabajo\"],\"articleSection\":[\"Punts clau del dia (ES)\"],\"inLanguage\":\"es\",\"potentialAction\":[{\"@type\":\"CommentAction\",\"name\":\"Comment\",\"target\":[\"https:\/\/conversesacatalunya.cat\/es\/esquerra-republicana-junts-per-catalunya-y-las-pymes\/#respond\"]}]},{\"@type\":\"WebPage\",\"@id\":\"https:\/\/conversesacatalunya.cat\/es\/esquerra-republicana-junts-per-catalunya-y-las-pymes\/\",\"url\":\"https:\/\/conversesacatalunya.cat\/es\/esquerra-republicana-junts-per-catalunya-y-las-pymes\/\",\"name\":\"Esquerra Republicana, Junts per Catalunya y las PYMES - Converses a Catalunya\",\"isPartOf\":{\"@id\":\"https:\/\/conversesacatalunya.cat\/#website\"},\"primaryImageOfPage\":{\"@id\":\"https:\/\/conversesacatalunya.cat\/es\/esquerra-republicana-junts-per-catalunya-y-las-pymes\/#primaryimage\"},\"image\":{\"@id\":\"https:\/\/conversesacatalunya.cat\/es\/esquerra-republicana-junts-per-catalunya-y-las-pymes\/#primaryimage\"},\"thumbnailUrl\":\"https:\/\/conversesacatalunya.cat\/wp-content\/uploads\/2025\/02\/pimes.png\",\"datePublished\":\"2025-02-06T09:52:37+00:00\",\"dateModified\":\"2025-02-06T10:38:18+00:00\",\"author\":{\"@id\":\"https:\/\/conversesacatalunya.cat\/#\/schema\/person\/a9598a6786ba7d3d1c5e0de477b79370\"},\"description\":\"No se puede gobernar en el \u00e1mbito laboral imponiendo siempre las tesis sobre los representantes empresariales como si sus planteamientos no tuvieran ning\u00fan sentido\",\"breadcrumb\":{\"@id\":\"https:\/\/conversesacatalunya.cat\/es\/esquerra-republicana-junts-per-catalunya-y-las-pymes\/#breadcrumb\"},\"inLanguage\":\"es\",\"potentialAction\":[{\"@type\":\"ReadAction\",\"target\":[\"https:\/\/conversesacatalunya.cat\/es\/esquerra-republicana-junts-per-catalunya-y-las-pymes\/\"]}]},{\"@type\":\"ImageObject\",\"inLanguage\":\"es\",\"@id\":\"https:\/\/conversesacatalunya.cat\/es\/esquerra-republicana-junts-per-catalunya-y-las-pymes\/#primaryimage\",\"url\":\"https:\/\/conversesacatalunya.cat\/wp-content\/uploads\/2025\/02\/pimes.png\",\"contentUrl\":\"https:\/\/conversesacatalunya.cat\/wp-content\/uploads\/2025\/02\/pimes.png\",\"width\":1984,\"height\":844},{\"@type\":\"BreadcrumbList\",\"@id\":\"https:\/\/conversesacatalunya.cat\/es\/esquerra-republicana-junts-per-catalunya-y-las-pymes\/#breadcrumb\",\"itemListElement\":[{\"@type\":\"ListItem\",\"position\":1,\"name\":\"Inici\",\"item\":\"https:\/\/conversesacatalunya.cat\/es\/\"},{\"@type\":\"ListItem\",\"position\":2,\"name\":\"Esquerra Republicana, Junts per Catalunya y las PYMES\"}]},{\"@type\":\"WebSite\",\"@id\":\"https:\/\/conversesacatalunya.cat\/#website\",\"url\":\"https:\/\/conversesacatalunya.cat\/\",\"name\":\"Converses a Catalunya\",\"description\":\"\",\"potentialAction\":[{\"@type\":\"SearchAction\",\"target\":{\"@type\":\"EntryPoint\",\"urlTemplate\":\"https:\/\/conversesacatalunya.cat\/?s={search_term_string}\"},\"query-input\":{\"@type\":\"PropertyValueSpecification\",\"valueRequired\":true,\"valueName\":\"search_term_string\"}}],\"inLanguage\":\"es\"},{\"@type\":\"Person\",\"@id\":\"https:\/\/conversesacatalunya.cat\/#\/schema\/person\/a9598a6786ba7d3d1c5e0de477b79370\",\"name\":\"Josep Mir\u00f3 i Ard\u00e8vol\",\"image\":{\"@type\":\"ImageObject\",\"inLanguage\":\"es\",\"@id\":\"https:\/\/conversesacatalunya.cat\/#\/schema\/person\/image\/\",\"url\":\"https:\/\/conversesacatalunya.cat\/wp-content\/litespeed\/avatar\/c37e3dc881857483d6694cdf98fdedea.jpg?ver=1777270381\",\"contentUrl\":\"https:\/\/conversesacatalunya.cat\/wp-content\/litespeed\/avatar\/c37e3dc881857483d6694cdf98fdedea.jpg?ver=1777270381\",\"caption\":\"Josep Mir\u00f3 i Ard\u00e8vol\"},\"url\":\"https:\/\/conversesacatalunya.cat\/es\/author\/josep-miro-i-ardevol\/\"}]}<\/script>\n<!-- \/ Yoast SEO plugin. -->","yoast_head_json":{"title":"Esquerra Republicana, Junts per Catalunya y las PYMES - Converses a Catalunya","description":"No se puede gobernar en el \u00e1mbito laboral imponiendo siempre las tesis sobre los representantes empresariales como si sus planteamientos no tuvieran ning\u00fan sentido","robots":{"index":"index","follow":"follow","max-snippet":"max-snippet:-1","max-image-preview":"max-image-preview:large","max-video-preview":"max-video-preview:-1"},"canonical":"https:\/\/conversesacatalunya.cat\/es\/esquerra-republicana-junts-per-catalunya-y-las-pymes\/","og_locale":"es_ES","og_type":"article","og_title":"Esquerra Republicana, Junts per Catalunya y las PYMES - Converses a Catalunya","og_description":"No se puede gobernar en el \u00e1mbito laboral imponiendo siempre las tesis sobre los representantes empresariales como si sus planteamientos no tuvieran ning\u00fan sentido","og_url":"https:\/\/conversesacatalunya.cat\/es\/esquerra-republicana-junts-per-catalunya-y-las-pymes\/","og_site_name":"Converses a Catalunya","article_published_time":"2025-02-06T09:52:37+00:00","article_modified_time":"2025-02-06T10:38:18+00:00","og_image":[{"width":1984,"height":844,"url":"https:\/\/conversesacatalunya.cat\/wp-content\/uploads\/2025\/02\/pimes.png","type":"image\/png"}],"author":"Josep Mir\u00f3 i Ard\u00e8vol","twitter_card":"summary_large_image","twitter_misc":{"Escrito por":"Josep Mir\u00f3 i Ard\u00e8vol","Tiempo de lectura":"5 minutos"},"schema":{"@context":"https:\/\/schema.org","@graph":[{"@type":"Article","@id":"https:\/\/conversesacatalunya.cat\/es\/esquerra-republicana-junts-per-catalunya-y-las-pymes\/#article","isPartOf":{"@id":"https:\/\/conversesacatalunya.cat\/es\/esquerra-republicana-junts-per-catalunya-y-las-pymes\/"},"author":{"name":"Josep Mir\u00f3 i Ard\u00e8vol","@id":"https:\/\/conversesacatalunya.cat\/#\/schema\/person\/a9598a6786ba7d3d1c5e0de477b79370"},"headline":"Esquerra Republicana, Junts per Catalunya y las PYMES","datePublished":"2025-02-06T09:52:37+00:00","dateModified":"2025-02-06T10:38:18+00:00","mainEntityOfPage":{"@id":"https:\/\/conversesacatalunya.cat\/es\/esquerra-republicana-junts-per-catalunya-y-las-pymes\/"},"wordCount":1006,"commentCount":0,"image":{"@id":"https:\/\/conversesacatalunya.cat\/es\/esquerra-republicana-junts-per-catalunya-y-las-pymes\/#primaryimage"},"thumbnailUrl":"https:\/\/conversesacatalunya.cat\/wp-content\/uploads\/2025\/02\/pimes.png","keywords":["jornada laboral","Trabajo"],"articleSection":["Punts clau del dia (ES)"],"inLanguage":"es","potentialAction":[{"@type":"CommentAction","name":"Comment","target":["https:\/\/conversesacatalunya.cat\/es\/esquerra-republicana-junts-per-catalunya-y-las-pymes\/#respond"]}]},{"@type":"WebPage","@id":"https:\/\/conversesacatalunya.cat\/es\/esquerra-republicana-junts-per-catalunya-y-las-pymes\/","url":"https:\/\/conversesacatalunya.cat\/es\/esquerra-republicana-junts-per-catalunya-y-las-pymes\/","name":"Esquerra Republicana, Junts per Catalunya y las PYMES - Converses a Catalunya","isPartOf":{"@id":"https:\/\/conversesacatalunya.cat\/#website"},"primaryImageOfPage":{"@id":"https:\/\/conversesacatalunya.cat\/es\/esquerra-republicana-junts-per-catalunya-y-las-pymes\/#primaryimage"},"image":{"@id":"https:\/\/conversesacatalunya.cat\/es\/esquerra-republicana-junts-per-catalunya-y-las-pymes\/#primaryimage"},"thumbnailUrl":"https:\/\/conversesacatalunya.cat\/wp-content\/uploads\/2025\/02\/pimes.png","datePublished":"2025-02-06T09:52:37+00:00","dateModified":"2025-02-06T10:38:18+00:00","author":{"@id":"https:\/\/conversesacatalunya.cat\/#\/schema\/person\/a9598a6786ba7d3d1c5e0de477b79370"},"description":"No se puede gobernar en el \u00e1mbito laboral imponiendo siempre las tesis sobre los representantes empresariales como si sus planteamientos no tuvieran ning\u00fan sentido","breadcrumb":{"@id":"https:\/\/conversesacatalunya.cat\/es\/esquerra-republicana-junts-per-catalunya-y-las-pymes\/#breadcrumb"},"inLanguage":"es","potentialAction":[{"@type":"ReadAction","target":["https:\/\/conversesacatalunya.cat\/es\/esquerra-republicana-junts-per-catalunya-y-las-pymes\/"]}]},{"@type":"ImageObject","inLanguage":"es","@id":"https:\/\/conversesacatalunya.cat\/es\/esquerra-republicana-junts-per-catalunya-y-las-pymes\/#primaryimage","url":"https:\/\/conversesacatalunya.cat\/wp-content\/uploads\/2025\/02\/pimes.png","contentUrl":"https:\/\/conversesacatalunya.cat\/wp-content\/uploads\/2025\/02\/pimes.png","width":1984,"height":844},{"@type":"BreadcrumbList","@id":"https:\/\/conversesacatalunya.cat\/es\/esquerra-republicana-junts-per-catalunya-y-las-pymes\/#breadcrumb","itemListElement":[{"@type":"ListItem","position":1,"name":"Inici","item":"https:\/\/conversesacatalunya.cat\/es\/"},{"@type":"ListItem","position":2,"name":"Esquerra Republicana, Junts per Catalunya y las PYMES"}]},{"@type":"WebSite","@id":"https:\/\/conversesacatalunya.cat\/#website","url":"https:\/\/conversesacatalunya.cat\/","name":"Converses a Catalunya","description":"","potentialAction":[{"@type":"SearchAction","target":{"@type":"EntryPoint","urlTemplate":"https:\/\/conversesacatalunya.cat\/?s={search_term_string}"},"query-input":{"@type":"PropertyValueSpecification","valueRequired":true,"valueName":"search_term_string"}}],"inLanguage":"es"},{"@type":"Person","@id":"https:\/\/conversesacatalunya.cat\/#\/schema\/person\/a9598a6786ba7d3d1c5e0de477b79370","name":"Josep Mir\u00f3 i Ard\u00e8vol","image":{"@type":"ImageObject","inLanguage":"es","@id":"https:\/\/conversesacatalunya.cat\/#\/schema\/person\/image\/","url":"https:\/\/conversesacatalunya.cat\/wp-content\/litespeed\/avatar\/c37e3dc881857483d6694cdf98fdedea.jpg?ver=1777270381","contentUrl":"https:\/\/conversesacatalunya.cat\/wp-content\/litespeed\/avatar\/c37e3dc881857483d6694cdf98fdedea.jpg?ver=1777270381","caption":"Josep Mir\u00f3 i Ard\u00e8vol"},"url":"https:\/\/conversesacatalunya.cat\/es\/author\/josep-miro-i-ardevol\/"}]}},"wps_subtitle":"No se puede gobernar en el \u00e1mbito laboral imponiendo siempre las tesis sobre los representantes empresariales como si sus planteamientos no tuvieran ning\u00fan sentido","_links":{"self":[{"href":"https:\/\/conversesacatalunya.cat\/es\/wp-json\/wp\/v2\/posts\/85396","targetHints":{"allow":["GET"]}}],"collection":[{"href":"https:\/\/conversesacatalunya.cat\/es\/wp-json\/wp\/v2\/posts"}],"about":[{"href":"https:\/\/conversesacatalunya.cat\/es\/wp-json\/wp\/v2\/types\/post"}],"author":[{"embeddable":true,"href":"https:\/\/conversesacatalunya.cat\/es\/wp-json\/wp\/v2\/users\/19"}],"replies":[{"embeddable":true,"href":"https:\/\/conversesacatalunya.cat\/es\/wp-json\/wp\/v2\/comments?post=85396"}],"version-history":[{"count":2,"href":"https:\/\/conversesacatalunya.cat\/es\/wp-json\/wp\/v2\/posts\/85396\/revisions"}],"predecessor-version":[{"id":85398,"href":"https:\/\/conversesacatalunya.cat\/es\/wp-json\/wp\/v2\/posts\/85396\/revisions\/85398"}],"wp:featuredmedia":[{"embeddable":true,"href":"https:\/\/conversesacatalunya.cat\/es\/wp-json\/wp\/v2\/media\/85393"}],"wp:attachment":[{"href":"https:\/\/conversesacatalunya.cat\/es\/wp-json\/wp\/v2\/media?parent=85396"}],"wp:term":[{"taxonomy":"category","embeddable":true,"href":"https:\/\/conversesacatalunya.cat\/es\/wp-json\/wp\/v2\/categories?post=85396"},{"taxonomy":"post_tag","embeddable":true,"href":"https:\/\/conversesacatalunya.cat\/es\/wp-json\/wp\/v2\/tags?post=85396"}],"curies":[{"name":"wp","href":"https:\/\/api.w.org\/{rel}","templated":true}]}}