{"id":85387,"date":"2025-02-05T12:27:18","date_gmt":"2025-02-05T11:27:18","guid":{"rendered":"https:\/\/conversesacatalunya.cat\/la-realitat-economica-del-govern-sanchez\/"},"modified":"2025-02-05T13:10:52","modified_gmt":"2025-02-05T12:10:52","slug":"la-realidad-economica-del-gobierno-sanchez","status":"publish","type":"post","link":"https:\/\/conversesacatalunya.cat\/es\/la-realidad-economica-del-gobierno-sanchez\/","title":{"rendered":"La realidad econ\u00f3mica del gobierno S\u00e1nchez"},"content":{"rendered":"<p><span>El presidente del gobierno habla y no para de la\u00a0<\/span><a href=\"https:\/\/conversesacatalunya.cat\/es\/sanchez-insisteix-espanya-la-millor-economia-del-mon\/\" target=\"_blank\" rel=\"noopener\"><span>excelente situaci\u00f3n<\/span><\/a><span>\u00a0de la econom\u00eda espa\u00f1ola. La realidad de las cifras de fondo dice otra cosa.<\/span><\/p>\n<p><span>Para analizar el escenario econ\u00f3mico de Espa\u00f1a, debemos examinar datos hist\u00f3ricos, factores estructurales y el impacto de las crisis recientes:<\/span><\/p>\n<p><span>As\u00ed, la renta per c\u00e1pita (PIB per c\u00e1pita en est\u00e1ndar de poder adquisitivo, SPA) como porcentaje de la media de la UE-27 (o UE-28, seg\u00fan el a\u00f1o) muestra una trayectoria vol\u00e1til y sin convergencia sostenida:<\/span><\/p>\n<ul>\n<li><span>1986 (a\u00f1o de adhesi\u00f3n a la UE): ~75% de la media comunitaria.<\/span><\/li>\n<li><span>2007 (precrisis): Alcanz\u00f3 un m\u00e1ximo del 105% gracias al auge inmobiliario y financiero.<\/span><\/li>\n<li><span>2013 (postcrisis financiera): Cay\u00f3 al 91% por el colapso del sector de la construcci\u00f3n y el paro (26%).<\/span><\/li>\n<li><span>2022: Tras cuatro a\u00f1os y medio de gobierno S\u00e1nchez, se situ\u00f3 en el 86% de la media de la UE-27, lejos de pa\u00edses como Alemania (122%) o Francia (108%). (87,3% en 2023).<\/span><\/li>\n<\/ul>\n<p><span>En relaci\u00f3n a 1986, s\u00f3lo hemos ganado once puntos en 36 a\u00f1os. Y hemos perdido 5 desde el 2013, pese a la ca\u00edda que signific\u00f3 la crisis financiera.<\/span><\/p>\n<p><span>Hay una carencia de convergencia real (sigma y beta). Seg\u00fan el concepto te\u00f3rico, la convergencia (ya sea beta-convergencia o sigma-convergencia) implicar\u00eda que los pa\u00edses con niveles de renta per c\u00e1pita m\u00e1s bajos (como hist\u00f3ricamente era el caso de Espa\u00f1a) crezcan en tasas suficientemente superiores a las de los pa\u00edses m\u00e1s ricos, de modo que, con el tiempo, la diferencia relativa o la o la dispersi\u00f3n absoluta se reducen. Para precisar:<\/span><\/p>\n<ul>\n<li><span>Sigma Convergencia (\u03c3-convergencia): Se refiere a la reducci\u00f3n en la dispersi\u00f3n de los niveles de ingreso o productividad entre regiones o pa\u00edses a lo largo del tiempo. Se mide generalmente mediante indicadores de racimo como la desviaci\u00f3n est\u00e1ndar o el coeficiente de variaci\u00f3n del PIB per c\u00e1pita.<\/span><\/li>\n<li><span>Beta Convergencia (\u03b2-convergencia): Indica que las econom\u00edas m\u00e1s pobres crecen m\u00e1s r\u00e1pido que las ricas, reduciendo la brecha de ingresos en el tiempo. Se mide mediante regresiones que analizan si existe una relaci\u00f3n negativa entre el crecimiento del PIB per c\u00e1pita y su nivel inicial.<\/span><\/li>\n<li><span>Diferencia clave: La \u03b2-convergencia es una condici\u00f3n necesaria pero no suficiente para la \u03c3-convergencia. Es decir, puede haber \u03b2-convergencia sin que la dispersi\u00f3n total de los ingresos disminuya, por lo que la \u03c3-convergencia es una medida m\u00e1s estricta de la reducci\u00f3n de desigualdades econ\u00f3micas.<\/span><\/li>\n<li><span>Sigma-convergencia: Las disparidades entre Espa\u00f1a y los pa\u00edses l\u00edderes de la UE (Alemania, Pa\u00edses Bajos)\u00a0<strong>aumentaron<\/strong>\u00a0despu\u00e9s de 2008. Mientras Espa\u00f1a retroced\u00eda, los pa\u00edses del Este (Polonia, Hungr\u00eda)\u00a0<strong>redujeron sus brechas<\/strong>.<\/span><span>\u00a0<\/span><span>\u00a0<\/span><span>\u00a0<\/span><\/li>\n<li><span>Beta-convergencia: Espa\u00f1a no crece m\u00e1s r\u00e1pido que la media de la UE desde 2010. Entre 2010 y 2022, el crecimiento anual medio del PIB espa\u00f1ol fue del 1,4%, frente al 1,6% de la UE.\u00a0<strong>En lugar de converger, divergimos<\/strong>.<\/span><span>\u00a0<\/span><\/li>\n<\/ul>\n<p><span>Hay unos factores estructurales que frenan la convergencia y sobre los que no existen pol\u00edticas dignas de ese nombre que los afronten:<\/span><\/p>\n<ul>\n<li><span>Productividad estancada: Crecimiento anual de la productividad (0,5% en 2000-2022), muy por debajo de la UE (1,2%).<\/span><\/li>\n<li><span>Paro estructural: Tasa de paro del 11,6% en 2023 (UE: 6%), con j\u00f3venes al 29%. Adem\u00e1s, con el nuevo c\u00f3mputo de los fijos discontinuos, las estad\u00edsticas enmascaran el paro real. Hay 1,3 millones de \u201ctrabajadores\u201d fijos discontinuos registrados en paro.<\/span><\/li>\n<li><span>Dependencia de sectores de bajo valor a\u00f1adido: Turismo (12% del PIB y en crecimiento) y construcci\u00f3n vulnerables a crisis externas.<\/span><\/li>\n<li><span>Inversi\u00f3n en I+D baja: 1,4% del PIB (frente al 2,2% de la UE en 2021).<\/span><\/li>\n<\/ul>\n<p><span>Las recientes crisis han tenido un fuerte impacto, en parte por razones objetivas, en parte por d\u00e9ficits de las pol\u00edticas gubernamentales (Rodr\u00edguez Zapatero, S\u00e1nchez):<\/span><\/p>\n<ul>\n<li><span>Crisis financiera (2008-2013): La burbuja inmobiliaria dej\u00f3 una deuda p\u00fablica elevada (95% del PIB en 2014) y paro masivo. El gobierno de Rodr\u00edguez Zapatero reaccion\u00f3 tarde, forzado y mal. Su \u201cPlan \u00d1\u201d fue una burla a la econom\u00eda.<\/span><\/li>\n<li><span>Pandemia (2020-2021): El turismo cay\u00f3 un 75% en 2020, afectando m\u00e1s a Espa\u00f1a que a las econom\u00edas industriales. El hundimiento del PIB espa\u00f1ol fue de los mayores y su recuperaci\u00f3n de las m\u00e1s largas de Europa por una pol\u00edtica p\u00fablica insuficiente en ambas fases.<\/span><\/li>\n<li><span>Inflaci\u00f3n post-COVID y energ\u00eda (2022): Los precios energ\u00e9ticos impactaron en la competitividad industrial. S\u00f3lo las finanzas del Estado se beneficiaron, pero esto no se ha traducido en los impulsos a los cambios econ\u00f3micos necesarios, al igual que tampoco se est\u00e1n traduciendo en los Fondos Europeos, en gran parte captados por el propio sector p\u00fablico.<\/span><\/li>\n<\/ul>\n<p><span>La comparaci\u00f3n con otros pa\u00edses de la UE es adversa. Algunos pa\u00edses de integraci\u00f3n m\u00e1s reciente, como Chequia, Estonia, Letonia y Malta, nos han superado en PIB per c\u00e1pita:<\/span><\/p>\n<ul>\n<li><span>Pa\u00edses del Este: Polonia pas\u00f3 del 48% al 79% de la renta media de la UE entre 2000-2022.<\/span><\/li>\n<li><span>Espa\u00f1a: Retroceso relativo, incluso frente a Italia (96% en 2022).<\/span><\/li>\n<\/ul>\n<p><span>La Comisi\u00f3n Europea prev\u00e9 que Espa\u00f1a crezca un 1,9% en 2024 (UE: 1,4%), pero insuficiente para cerrar brechas sin reformas estructurales (transici\u00f3n energ\u00e9tica, digitalizaci\u00f3n, educaci\u00f3n).<\/span><\/p>\n<p><span><strong>La conclusi\u00f3n est\u00e1 clara<\/strong>: Espa\u00f1a no converge con la renta per c\u00e1pita de la UE debido a la baja productividad y un modelo econ\u00f3mico desequilibrado. Crisis recurrentes que ampl\u00edan brechas porque nos afectan m\u00e1s que al conjunto europeo. El resultado es la falta de convergencia real desde 2008, con un crecimiento del PIB de estos \u00faltimos a\u00f1os basado en la adici\u00f3n masiva de trabajo inmigrado, que no mejora suficientemente el problema de la renta per c\u00e1pita.<\/span><\/p>\n<p><span>Sin profundas reformas, persistir\u00e1 la divergencia respecto a los pa\u00edses l\u00edderes de la UE. \u00c9ste era el objetivo de los fondos\u00a0<em>Next Generation<\/em>, pero hasta ahora no han conseguido pr\u00e1cticamente nada, y las previsiones de inversi\u00f3n futura apuntan a cambios insuficientes. Espa\u00f1a sigue confiando en el turismo y el consumo interior ligado a la inmigraci\u00f3n masiva como factores b\u00e1sicos de crecimiento.<\/span><span>\u00a0<\/span><\/p>\n<div id=\"polls-272\" class=\"wp-polls\">\n\t<form id=\"polls_form_272\" class=\"wp-polls-form\" action=\"\/index.php\" method=\"post\">\n\t\t<p style=\"display: none;\"><input type=\"hidden\" id=\"poll_272_nonce\" name=\"wp-polls-nonce\" value=\"17293cbfca\" \/><\/p>\n\t\t<p style=\"display: none;\"><input type=\"hidden\" name=\"poll_id\" value=\"272\" \/><\/p>\n\t\t<p style=\"text-align: center\"><strong>Si finalment Trump aprova la imposici\u00f3 d'aranzels a la UE, com creu que afectar\u00e0 Espanya i Catalunya?<\/strong><\/p><div id=\"polls-272-ans\" class=\"wp-polls-ans\"><ul class=\"wp-polls-ul\">\n\t\t<li><input type=\"radio\" id=\"poll-answer-768\" name=\"poll_272\" value=\"768\" \/> <label for=\"poll-answer-768\">Molt<\/label><\/li>\n\t\t<li><input type=\"radio\" id=\"poll-answer-769\" name=\"poll_272\" value=\"769\" \/> <label for=\"poll-answer-769\">Poc<\/label><\/li>\n\t\t<\/ul><p style=\"text-align: center\"><input type=\"button\" name=\"vote\" value=\"   Vota   \" class=\"Buttons\" onclick=\"poll_vote(272);\" \/><\/p><p style=\"text-align: center\"><a href=\"#ViewPollResults\" onclick=\"poll_result(272); return false;\" title=\"View Results Of This Poll\">Mira els resultats<\/a><\/p><\/div>\n\t<\/form>\n<\/div>\n<div id=\"polls-272-loading\" class=\"wp-polls-loading\"><img decoding=\"async\" data-src=\"https:\/\/conversesacatalunya.cat\/wp-content\/plugins\/wp-polls\/images\/loading.gif\" width=\"16\" height=\"16\" alt=\"Cargando ...\" title=\"Cargando ...\" class=\"wp-polls-image lazyload\" src=\"data:image\/svg+xml;base64,PHN2ZyB3aWR0aD0iMSIgaGVpZ2h0PSIxIiB4bWxucz0iaHR0cDovL3d3dy53My5vcmcvMjAwMC9zdmciPjwvc3ZnPg==\" style=\"--smush-placeholder-width: 16px; --smush-placeholder-aspect-ratio: 16\/16;\" \/>&nbsp;Cargando ...<\/div>\n\n","protected":false},"excerpt":{"rendered":"<p>El presidente del gobierno habla y no para de la\u00a0excelente situaci\u00f3n\u00a0de la econom\u00eda espa\u00f1ola. La realidad de las cifras de fondo dice otra cosa. Para analizar el escenario econ\u00f3mico de Espa\u00f1a, debemos examinar datos hist\u00f3ricos, factores estructurales y el impacto de las crisis recientes: As\u00ed, la renta per c\u00e1pita (PIB per c\u00e1pita en est\u00e1ndar de poder adquisitivo, SPA) como porcentaje de la media de la UE-27 (o UE-28, seg\u00fan el a\u00f1o) muestra una trayectoria vol\u00e1til y sin convergencia sostenida: 1986 (a\u00f1o de adhesi\u00f3n a la UE): ~75% de la media comunitaria. 2007 (precrisis): Alcanz\u00f3 un m\u00e1ximo del 105% gracias al auge inmobiliario y financiero. 2013 (postcrisis financiera): Cay\u00f3 al 91% por el colapso del sector de la construcci\u00f3n y el paro (26%). 2022: Tras cuatro a\u00f1os y medio de gobierno S\u00e1nchez, se situ\u00f3 en el 86% de la media de la UE-27, lejos de pa\u00edses como Alemania (122%) o Francia (108%). (87,3% en 2023). En relaci\u00f3n a 1986, s\u00f3lo hemos ganado once puntos en 36 a\u00f1os. Y hemos perdido 5 desde el 2013, pese a la ca\u00edda que signific\u00f3 la crisis financiera. Hay una carencia de convergencia real (sigma y beta). Seg\u00fan el concepto te\u00f3rico, la convergencia (ya sea beta-convergencia o sigma-convergencia) implicar\u00eda que los pa\u00edses con niveles de renta per c\u00e1pita m\u00e1s bajos (como hist\u00f3ricamente era el caso de Espa\u00f1a) crezcan en tasas suficientemente superiores a las de los pa\u00edses m\u00e1s ricos, de modo que, con el tiempo, la diferencia relativa o la o la dispersi\u00f3n absoluta se reducen. Para precisar: Sigma Convergencia (\u03c3-convergencia): Se refiere a la reducci\u00f3n en la dispersi\u00f3n de los niveles de ingreso o productividad entre regiones o pa\u00edses a lo largo del tiempo. Se mide generalmente mediante indicadores de racimo como la desviaci\u00f3n est\u00e1ndar o el coeficiente de variaci\u00f3n del PIB per c\u00e1pita. Beta Convergencia (\u03b2-convergencia): Indica que las econom\u00edas m\u00e1s pobres crecen m\u00e1s r\u00e1pido que las ricas, reduciendo la brecha de ingresos en el tiempo. Se mide mediante regresiones que analizan si existe una relaci\u00f3n negativa entre el crecimiento del PIB per c\u00e1pita y su nivel inicial. Diferencia clave: La \u03b2-convergencia es una condici\u00f3n necesaria pero no suficiente para la \u03c3-convergencia. Es decir, puede haber \u03b2-convergencia sin que la dispersi\u00f3n total de los ingresos disminuya, por lo que la \u03c3-convergencia es una medida m\u00e1s estricta de la reducci\u00f3n de desigualdades econ\u00f3micas. Sigma-convergencia: Las disparidades entre Espa\u00f1a y los pa\u00edses l\u00edderes de la UE (Alemania, Pa\u00edses Bajos)\u00a0aumentaron\u00a0despu\u00e9s de 2008. Mientras Espa\u00f1a retroced\u00eda, los pa\u00edses del Este (Polonia, Hungr\u00eda)\u00a0redujeron sus brechas.\u00a0\u00a0\u00a0 Beta-convergencia: Espa\u00f1a no crece m\u00e1s r\u00e1pido que la media de la UE desde 2010. Entre 2010 y 2022, el crecimiento anual medio del PIB espa\u00f1ol fue del 1,4%, frente al 1,6% de la UE.\u00a0En lugar de converger, divergimos.\u00a0 Hay unos factores estructurales que frenan la convergencia y sobre los que no existen pol\u00edticas dignas de ese nombre que los afronten: Productividad estancada: Crecimiento anual de la productividad (0,5% en 2000-2022), muy por debajo de la UE (1,2%). Paro estructural: Tasa de paro del 11,6% en 2023 (UE: 6%), con j\u00f3venes al 29%. Adem\u00e1s, con el nuevo c\u00f3mputo de los fijos discontinuos, las estad\u00edsticas enmascaran el paro real. Hay 1,3 millones de \u201ctrabajadores\u201d fijos discontinuos registrados en paro. Dependencia de sectores de bajo valor a\u00f1adido: Turismo (12% del PIB y en crecimiento) y construcci\u00f3n vulnerables a crisis externas. Inversi\u00f3n en I+D baja: 1,4% del PIB (frente al 2,2% de la UE en 2021). Las recientes crisis han tenido un fuerte impacto, en parte por razones objetivas, en parte por d\u00e9ficits de las pol\u00edticas gubernamentales (Rodr\u00edguez Zapatero, S\u00e1nchez): Crisis financiera (2008-2013): La burbuja inmobiliaria dej\u00f3 una deuda p\u00fablica elevada (95% del PIB en 2014) y paro masivo. El gobierno de Rodr\u00edguez Zapatero reaccion\u00f3 tarde, forzado y mal. Su \u201cPlan \u00d1\u201d fue una burla a la econom\u00eda. Pandemia (2020-2021): El turismo cay\u00f3 un 75% en 2020, afectando m\u00e1s a Espa\u00f1a que a las econom\u00edas industriales. El hundimiento del PIB espa\u00f1ol fue de los mayores y su recuperaci\u00f3n de las m\u00e1s largas de Europa por una pol\u00edtica p\u00fablica insuficiente en ambas fases. Inflaci\u00f3n post-COVID y energ\u00eda (2022): Los precios energ\u00e9ticos impactaron en la competitividad industrial. S\u00f3lo las finanzas del Estado se beneficiaron, pero esto no se ha traducido en los impulsos a los cambios econ\u00f3micos necesarios, al igual que tampoco se est\u00e1n traduciendo en los Fondos Europeos, en gran parte captados por el propio sector p\u00fablico. La comparaci\u00f3n con otros pa\u00edses de la UE es adversa. Algunos pa\u00edses de integraci\u00f3n m\u00e1s reciente, como Chequia, Estonia, Letonia y Malta, nos han superado en PIB per c\u00e1pita: Pa\u00edses del Este: Polonia pas\u00f3 del 48% al 79% de la renta media de la UE entre 2000-2022. Espa\u00f1a: Retroceso relativo, incluso frente a Italia (96% en 2022). La Comisi\u00f3n Europea prev\u00e9 que Espa\u00f1a crezca un 1,9% en 2024 (UE: 1,4%), pero insuficiente para cerrar brechas sin reformas estructurales (transici\u00f3n energ\u00e9tica, digitalizaci\u00f3n, educaci\u00f3n). La conclusi\u00f3n est\u00e1 clara: Espa\u00f1a no converge con la renta per c\u00e1pita de la UE debido a la baja productividad y un modelo econ\u00f3mico desequilibrado. Crisis recurrentes que ampl\u00edan brechas porque nos afectan m\u00e1s que al conjunto europeo. El resultado es la falta de convergencia real desde 2008, con un crecimiento del PIB de estos \u00faltimos a\u00f1os basado en la adici\u00f3n masiva de trabajo inmigrado, que no mejora suficientemente el problema de la renta per c\u00e1pita. Sin profundas reformas, persistir\u00e1 la divergencia respecto a los pa\u00edses l\u00edderes de la UE. \u00c9ste era el objetivo de los fondos\u00a0Next Generation, pero hasta ahora no han conseguido pr\u00e1cticamente nada, y las previsiones de inversi\u00f3n futura apuntan a cambios insuficientes. Espa\u00f1a sigue confiando en el turismo y el consumo interior ligado a la inmigraci\u00f3n masiva como factores b\u00e1sicos de crecimiento.\u00a0<\/p>\n","protected":false},"author":19,"featured_media":82157,"comment_status":"open","ping_status":"open","sticky":false,"template":"","format":"standard","meta":{"_FSMCFIC_featured_image_caption":"","_FSMCFIC_featured_image_nocaption":"","_FSMCFIC_featured_image_hide":"","footnotes":""},"categories":[806],"tags":[5086],"class_list":["post-85387","post","type-post","status-publish","format-standard","has-post-thumbnail","hentry","category-punts-claus-del-dia-es","tag-economia-espana"],"yoast_head":"<!-- This site is optimized with the Yoast SEO plugin v26.8 - https:\/\/yoast.com\/product\/yoast-seo-wordpress\/ -->\n<title>La realidad econ\u00f3mica del gobierno S\u00e1nchez - Converses a Catalunya<\/title>\n<meta name=\"description\" content=\"Espa\u00f1a no converge con la renta per c\u00e1pita de la UE a causa de la baja productividad y un modelo econ\u00f3mico desequilibrado\" \/>\n<meta name=\"robots\" content=\"index, follow, max-snippet:-1, max-image-preview:large, max-video-preview:-1\" \/>\n<link rel=\"canonical\" href=\"https:\/\/conversesacatalunya.cat\/es\/la-realidad-economica-del-gobierno-sanchez\/\" \/>\n<meta property=\"og:locale\" content=\"es_ES\" \/>\n<meta property=\"og:type\" content=\"article\" \/>\n<meta property=\"og:title\" content=\"La realidad econ\u00f3mica del gobierno S\u00e1nchez - Converses a Catalunya\" \/>\n<meta property=\"og:description\" content=\"Espa\u00f1a no converge con la renta per c\u00e1pita de la UE a causa de la baja productividad y un modelo econ\u00f3mico desequilibrado\" \/>\n<meta property=\"og:url\" content=\"https:\/\/conversesacatalunya.cat\/es\/la-realidad-economica-del-gobierno-sanchez\/\" \/>\n<meta property=\"og:site_name\" content=\"Converses a Catalunya\" \/>\n<meta property=\"article:published_time\" content=\"2025-02-05T11:27:18+00:00\" \/>\n<meta property=\"article:modified_time\" content=\"2025-02-05T12:10:52+00:00\" \/>\n<meta property=\"og:image\" content=\"https:\/\/conversesacatalunya.cat\/wp-content\/uploads\/2024\/10\/la-economia-espanola-durante-2020.jpg\" \/>\n\t<meta property=\"og:image:width\" content=\"1250\" \/>\n\t<meta property=\"og:image:height\" content=\"750\" \/>\n\t<meta property=\"og:image:type\" content=\"image\/jpeg\" \/>\n<meta name=\"author\" content=\"Josep Mir\u00f3 i Ard\u00e8vol\" \/>\n<meta name=\"twitter:card\" content=\"summary_large_image\" \/>\n<meta name=\"twitter:label1\" content=\"Escrito por\" \/>\n\t<meta name=\"twitter:data1\" content=\"Josep Mir\u00f3 i Ard\u00e8vol\" \/>\n\t<meta name=\"twitter:label2\" content=\"Tiempo de lectura\" \/>\n\t<meta name=\"twitter:data2\" content=\"5 minutos\" \/>\n<script type=\"application\/ld+json\" class=\"yoast-schema-graph\">{\"@context\":\"https:\/\/schema.org\",\"@graph\":[{\"@type\":\"Article\",\"@id\":\"https:\/\/conversesacatalunya.cat\/es\/la-realidad-economica-del-gobierno-sanchez\/#article\",\"isPartOf\":{\"@id\":\"https:\/\/conversesacatalunya.cat\/es\/la-realidad-economica-del-gobierno-sanchez\/\"},\"author\":{\"name\":\"Josep Mir\u00f3 i Ard\u00e8vol\",\"@id\":\"https:\/\/conversesacatalunya.cat\/#\/schema\/person\/a9598a6786ba7d3d1c5e0de477b79370\"},\"headline\":\"La realidad econ\u00f3mica del gobierno S\u00e1nchez\",\"datePublished\":\"2025-02-05T11:27:18+00:00\",\"dateModified\":\"2025-02-05T12:10:52+00:00\",\"mainEntityOfPage\":{\"@id\":\"https:\/\/conversesacatalunya.cat\/es\/la-realidad-economica-del-gobierno-sanchez\/\"},\"wordCount\":1041,\"commentCount\":0,\"image\":{\"@id\":\"https:\/\/conversesacatalunya.cat\/es\/la-realidad-economica-del-gobierno-sanchez\/#primaryimage\"},\"thumbnailUrl\":\"https:\/\/conversesacatalunya.cat\/wp-content\/uploads\/2024\/10\/la-economia-espanola-durante-2020.jpg\",\"keywords\":[\"Econom\u00eda Espa\u00f1a\"],\"articleSection\":[\"Punts clau del dia (ES)\"],\"inLanguage\":\"es\",\"potentialAction\":[{\"@type\":\"CommentAction\",\"name\":\"Comment\",\"target\":[\"https:\/\/conversesacatalunya.cat\/es\/la-realidad-economica-del-gobierno-sanchez\/#respond\"]}]},{\"@type\":\"WebPage\",\"@id\":\"https:\/\/conversesacatalunya.cat\/es\/la-realidad-economica-del-gobierno-sanchez\/\",\"url\":\"https:\/\/conversesacatalunya.cat\/es\/la-realidad-economica-del-gobierno-sanchez\/\",\"name\":\"La realidad econ\u00f3mica del gobierno S\u00e1nchez - Converses a Catalunya\",\"isPartOf\":{\"@id\":\"https:\/\/conversesacatalunya.cat\/#website\"},\"primaryImageOfPage\":{\"@id\":\"https:\/\/conversesacatalunya.cat\/es\/la-realidad-economica-del-gobierno-sanchez\/#primaryimage\"},\"image\":{\"@id\":\"https:\/\/conversesacatalunya.cat\/es\/la-realidad-economica-del-gobierno-sanchez\/#primaryimage\"},\"thumbnailUrl\":\"https:\/\/conversesacatalunya.cat\/wp-content\/uploads\/2024\/10\/la-economia-espanola-durante-2020.jpg\",\"datePublished\":\"2025-02-05T11:27:18+00:00\",\"dateModified\":\"2025-02-05T12:10:52+00:00\",\"author\":{\"@id\":\"https:\/\/conversesacatalunya.cat\/#\/schema\/person\/a9598a6786ba7d3d1c5e0de477b79370\"},\"description\":\"Espa\u00f1a no converge con la renta per c\u00e1pita de la UE a causa de la baja productividad y un modelo econ\u00f3mico desequilibrado\",\"breadcrumb\":{\"@id\":\"https:\/\/conversesacatalunya.cat\/es\/la-realidad-economica-del-gobierno-sanchez\/#breadcrumb\"},\"inLanguage\":\"es\",\"potentialAction\":[{\"@type\":\"ReadAction\",\"target\":[\"https:\/\/conversesacatalunya.cat\/es\/la-realidad-economica-del-gobierno-sanchez\/\"]}]},{\"@type\":\"ImageObject\",\"inLanguage\":\"es\",\"@id\":\"https:\/\/conversesacatalunya.cat\/es\/la-realidad-economica-del-gobierno-sanchez\/#primaryimage\",\"url\":\"https:\/\/conversesacatalunya.cat\/wp-content\/uploads\/2024\/10\/la-economia-espanola-durante-2020.jpg\",\"contentUrl\":\"https:\/\/conversesacatalunya.cat\/wp-content\/uploads\/2024\/10\/la-economia-espanola-durante-2020.jpg\",\"width\":1250,\"height\":750},{\"@type\":\"BreadcrumbList\",\"@id\":\"https:\/\/conversesacatalunya.cat\/es\/la-realidad-economica-del-gobierno-sanchez\/#breadcrumb\",\"itemListElement\":[{\"@type\":\"ListItem\",\"position\":1,\"name\":\"Inici\",\"item\":\"https:\/\/conversesacatalunya.cat\/es\/\"},{\"@type\":\"ListItem\",\"position\":2,\"name\":\"La realidad econ\u00f3mica del gobierno S\u00e1nchez\"}]},{\"@type\":\"WebSite\",\"@id\":\"https:\/\/conversesacatalunya.cat\/#website\",\"url\":\"https:\/\/conversesacatalunya.cat\/\",\"name\":\"Converses a Catalunya\",\"description\":\"\",\"potentialAction\":[{\"@type\":\"SearchAction\",\"target\":{\"@type\":\"EntryPoint\",\"urlTemplate\":\"https:\/\/conversesacatalunya.cat\/?s={search_term_string}\"},\"query-input\":{\"@type\":\"PropertyValueSpecification\",\"valueRequired\":true,\"valueName\":\"search_term_string\"}}],\"inLanguage\":\"es\"},{\"@type\":\"Person\",\"@id\":\"https:\/\/conversesacatalunya.cat\/#\/schema\/person\/a9598a6786ba7d3d1c5e0de477b79370\",\"name\":\"Josep Mir\u00f3 i Ard\u00e8vol\",\"image\":{\"@type\":\"ImageObject\",\"inLanguage\":\"es\",\"@id\":\"https:\/\/conversesacatalunya.cat\/#\/schema\/person\/image\/\",\"url\":\"https:\/\/conversesacatalunya.cat\/wp-content\/litespeed\/avatar\/c37e3dc881857483d6694cdf98fdedea.jpg?ver=1777270381\",\"contentUrl\":\"https:\/\/conversesacatalunya.cat\/wp-content\/litespeed\/avatar\/c37e3dc881857483d6694cdf98fdedea.jpg?ver=1777270381\",\"caption\":\"Josep Mir\u00f3 i Ard\u00e8vol\"},\"url\":\"https:\/\/conversesacatalunya.cat\/es\/author\/josep-miro-i-ardevol\/\"}]}<\/script>\n<!-- \/ Yoast SEO plugin. -->","yoast_head_json":{"title":"La realidad econ\u00f3mica del gobierno S\u00e1nchez - Converses a Catalunya","description":"Espa\u00f1a no converge con la renta per c\u00e1pita de la UE a causa de la baja productividad y un modelo econ\u00f3mico desequilibrado","robots":{"index":"index","follow":"follow","max-snippet":"max-snippet:-1","max-image-preview":"max-image-preview:large","max-video-preview":"max-video-preview:-1"},"canonical":"https:\/\/conversesacatalunya.cat\/es\/la-realidad-economica-del-gobierno-sanchez\/","og_locale":"es_ES","og_type":"article","og_title":"La realidad econ\u00f3mica del gobierno S\u00e1nchez - Converses a Catalunya","og_description":"Espa\u00f1a no converge con la renta per c\u00e1pita de la UE a causa de la baja productividad y un modelo econ\u00f3mico desequilibrado","og_url":"https:\/\/conversesacatalunya.cat\/es\/la-realidad-economica-del-gobierno-sanchez\/","og_site_name":"Converses a Catalunya","article_published_time":"2025-02-05T11:27:18+00:00","article_modified_time":"2025-02-05T12:10:52+00:00","og_image":[{"width":1250,"height":750,"url":"https:\/\/conversesacatalunya.cat\/wp-content\/uploads\/2024\/10\/la-economia-espanola-durante-2020.jpg","type":"image\/jpeg"}],"author":"Josep Mir\u00f3 i Ard\u00e8vol","twitter_card":"summary_large_image","twitter_misc":{"Escrito por":"Josep Mir\u00f3 i Ard\u00e8vol","Tiempo de lectura":"5 minutos"},"schema":{"@context":"https:\/\/schema.org","@graph":[{"@type":"Article","@id":"https:\/\/conversesacatalunya.cat\/es\/la-realidad-economica-del-gobierno-sanchez\/#article","isPartOf":{"@id":"https:\/\/conversesacatalunya.cat\/es\/la-realidad-economica-del-gobierno-sanchez\/"},"author":{"name":"Josep Mir\u00f3 i Ard\u00e8vol","@id":"https:\/\/conversesacatalunya.cat\/#\/schema\/person\/a9598a6786ba7d3d1c5e0de477b79370"},"headline":"La realidad econ\u00f3mica del gobierno S\u00e1nchez","datePublished":"2025-02-05T11:27:18+00:00","dateModified":"2025-02-05T12:10:52+00:00","mainEntityOfPage":{"@id":"https:\/\/conversesacatalunya.cat\/es\/la-realidad-economica-del-gobierno-sanchez\/"},"wordCount":1041,"commentCount":0,"image":{"@id":"https:\/\/conversesacatalunya.cat\/es\/la-realidad-economica-del-gobierno-sanchez\/#primaryimage"},"thumbnailUrl":"https:\/\/conversesacatalunya.cat\/wp-content\/uploads\/2024\/10\/la-economia-espanola-durante-2020.jpg","keywords":["Econom\u00eda Espa\u00f1a"],"articleSection":["Punts clau del dia (ES)"],"inLanguage":"es","potentialAction":[{"@type":"CommentAction","name":"Comment","target":["https:\/\/conversesacatalunya.cat\/es\/la-realidad-economica-del-gobierno-sanchez\/#respond"]}]},{"@type":"WebPage","@id":"https:\/\/conversesacatalunya.cat\/es\/la-realidad-economica-del-gobierno-sanchez\/","url":"https:\/\/conversesacatalunya.cat\/es\/la-realidad-economica-del-gobierno-sanchez\/","name":"La realidad econ\u00f3mica del gobierno S\u00e1nchez - Converses a Catalunya","isPartOf":{"@id":"https:\/\/conversesacatalunya.cat\/#website"},"primaryImageOfPage":{"@id":"https:\/\/conversesacatalunya.cat\/es\/la-realidad-economica-del-gobierno-sanchez\/#primaryimage"},"image":{"@id":"https:\/\/conversesacatalunya.cat\/es\/la-realidad-economica-del-gobierno-sanchez\/#primaryimage"},"thumbnailUrl":"https:\/\/conversesacatalunya.cat\/wp-content\/uploads\/2024\/10\/la-economia-espanola-durante-2020.jpg","datePublished":"2025-02-05T11:27:18+00:00","dateModified":"2025-02-05T12:10:52+00:00","author":{"@id":"https:\/\/conversesacatalunya.cat\/#\/schema\/person\/a9598a6786ba7d3d1c5e0de477b79370"},"description":"Espa\u00f1a no converge con la renta per c\u00e1pita de la UE a causa de la baja productividad y un modelo econ\u00f3mico desequilibrado","breadcrumb":{"@id":"https:\/\/conversesacatalunya.cat\/es\/la-realidad-economica-del-gobierno-sanchez\/#breadcrumb"},"inLanguage":"es","potentialAction":[{"@type":"ReadAction","target":["https:\/\/conversesacatalunya.cat\/es\/la-realidad-economica-del-gobierno-sanchez\/"]}]},{"@type":"ImageObject","inLanguage":"es","@id":"https:\/\/conversesacatalunya.cat\/es\/la-realidad-economica-del-gobierno-sanchez\/#primaryimage","url":"https:\/\/conversesacatalunya.cat\/wp-content\/uploads\/2024\/10\/la-economia-espanola-durante-2020.jpg","contentUrl":"https:\/\/conversesacatalunya.cat\/wp-content\/uploads\/2024\/10\/la-economia-espanola-durante-2020.jpg","width":1250,"height":750},{"@type":"BreadcrumbList","@id":"https:\/\/conversesacatalunya.cat\/es\/la-realidad-economica-del-gobierno-sanchez\/#breadcrumb","itemListElement":[{"@type":"ListItem","position":1,"name":"Inici","item":"https:\/\/conversesacatalunya.cat\/es\/"},{"@type":"ListItem","position":2,"name":"La realidad econ\u00f3mica del gobierno S\u00e1nchez"}]},{"@type":"WebSite","@id":"https:\/\/conversesacatalunya.cat\/#website","url":"https:\/\/conversesacatalunya.cat\/","name":"Converses a Catalunya","description":"","potentialAction":[{"@type":"SearchAction","target":{"@type":"EntryPoint","urlTemplate":"https:\/\/conversesacatalunya.cat\/?s={search_term_string}"},"query-input":{"@type":"PropertyValueSpecification","valueRequired":true,"valueName":"search_term_string"}}],"inLanguage":"es"},{"@type":"Person","@id":"https:\/\/conversesacatalunya.cat\/#\/schema\/person\/a9598a6786ba7d3d1c5e0de477b79370","name":"Josep Mir\u00f3 i Ard\u00e8vol","image":{"@type":"ImageObject","inLanguage":"es","@id":"https:\/\/conversesacatalunya.cat\/#\/schema\/person\/image\/","url":"https:\/\/conversesacatalunya.cat\/wp-content\/litespeed\/avatar\/c37e3dc881857483d6694cdf98fdedea.jpg?ver=1777270381","contentUrl":"https:\/\/conversesacatalunya.cat\/wp-content\/litespeed\/avatar\/c37e3dc881857483d6694cdf98fdedea.jpg?ver=1777270381","caption":"Josep Mir\u00f3 i Ard\u00e8vol"},"url":"https:\/\/conversesacatalunya.cat\/es\/author\/josep-miro-i-ardevol\/"}]}},"wps_subtitle":"Espa\u00f1a no converge con la renta per c\u00e1pita de la UE a causa de la baja productividad y un modelo econ\u00f3mico desequilibrado","_links":{"self":[{"href":"https:\/\/conversesacatalunya.cat\/es\/wp-json\/wp\/v2\/posts\/85387","targetHints":{"allow":["GET"]}}],"collection":[{"href":"https:\/\/conversesacatalunya.cat\/es\/wp-json\/wp\/v2\/posts"}],"about":[{"href":"https:\/\/conversesacatalunya.cat\/es\/wp-json\/wp\/v2\/types\/post"}],"author":[{"embeddable":true,"href":"https:\/\/conversesacatalunya.cat\/es\/wp-json\/wp\/v2\/users\/19"}],"replies":[{"embeddable":true,"href":"https:\/\/conversesacatalunya.cat\/es\/wp-json\/wp\/v2\/comments?post=85387"}],"version-history":[{"count":2,"href":"https:\/\/conversesacatalunya.cat\/es\/wp-json\/wp\/v2\/posts\/85387\/revisions"}],"predecessor-version":[{"id":85389,"href":"https:\/\/conversesacatalunya.cat\/es\/wp-json\/wp\/v2\/posts\/85387\/revisions\/85389"}],"wp:featuredmedia":[{"embeddable":true,"href":"https:\/\/conversesacatalunya.cat\/es\/wp-json\/wp\/v2\/media\/82157"}],"wp:attachment":[{"href":"https:\/\/conversesacatalunya.cat\/es\/wp-json\/wp\/v2\/media?parent=85387"}],"wp:term":[{"taxonomy":"category","embeddable":true,"href":"https:\/\/conversesacatalunya.cat\/es\/wp-json\/wp\/v2\/categories?post=85387"},{"taxonomy":"post_tag","embeddable":true,"href":"https:\/\/conversesacatalunya.cat\/es\/wp-json\/wp\/v2\/tags?post=85387"}],"curies":[{"name":"wp","href":"https:\/\/api.w.org\/{rel}","templated":true}]}}