{"id":85240,"date":"2025-01-29T10:36:14","date_gmt":"2025-01-29T09:36:14","guid":{"rendered":"https:\/\/conversesacatalunya.cat\/bussegem-en-les-dades-de-latur-no-es-or-tot-el-que-lluu-10-senyals-que-no-pots-ignorar\/"},"modified":"2025-01-29T11:03:12","modified_gmt":"2025-01-29T10:03:12","slug":"buceamos-en-los-datos-del-paro-no-es-oro-todo-lo-que-reluce-10-senales-que-no-puedes-ignorar","status":"publish","type":"post","link":"https:\/\/conversesacatalunya.cat\/es\/buceamos-en-los-datos-del-paro-no-es-oro-todo-lo-que-reluce-10-senales-que-no-puedes-ignorar\/","title":{"rendered":"Buceamos en los datos del paro: no es oro todo lo que reluce \u2013 10 se\u00f1ales que no puedes ignorar"},"content":{"rendered":"<p data-pm-slice=\"1 1 []\"><span><span class=\"\">Los datos del paro del cuarto trimestre de 2024, seg\u00fan informa la Encuesta de Poblaci\u00f3n Activa, son, a primera vista, francamente buenos: la tasa de paro se sit\u00faa en el 10,61%, la m\u00e1s baja desde el segundo trimestre de 2008, cuando se inici\u00f3 la crisis de la Gran Contracci\u00f3n. Por su parte, el n\u00famero de ocupados alcanza la cifra r\u00e9cord de 21,857 millones, la m\u00e1s alta de toda la serie hist\u00f3rica.<\/span><\/span><\/p>\n<p><span>Si nos detuvi\u00e9ramos aqu\u00ed, podr\u00edamos pensar que el Gobierno tiene motivos para echar las campanas al vuelo. Pero la realidad es mucho m\u00e1s compleja y esconde potenciales problemas para el futuro. Lo constatamos mediante los siguientes hechos:<\/span><\/p>\n<ol type=\"1\">\n<li><span><strong><span class=\"\">La reducci\u00f3n del paro se debe, sobre todo, a la disminuci\u00f3n de la tasa de actividad.<\/span><\/strong><span class=\"\">\u00a0\u00c9sta se define como el porcentaje de poblaci\u00f3n en edad de trabajar que participa en el mercado laboral, bien porque est\u00e1 ocupada, bien porque busca trabajo. Aunque el empleo ha crecido, lo que realmente ha disminuido es el n\u00famero de personas que buscan empleo porque se han retirado del mercado. En este sentido, existe un descenso de la actividad que se produce desde mediados de 2023. As\u00ed, en el \u00faltimo cuatrimestre del a\u00f1o pasado, la reducci\u00f3n se desaceler\u00f3 en medio punto. En 2023 se crearon 750.000 empleos, mientras que el pasado a\u00f1o fueron 468.100.<\/span><\/span><\/li>\n<li><span><strong>La mayor parte del empleo creado corresponde a extranjeros.<\/strong>\u00a0De los 34.800 empleos generados en el \u00faltimo cuatrimestre, 20.000 corresponden a extranjeros, y las mujeres desempe\u00f1aron un papel destacado. Esto significa que el problema cr\u00f3nico del desempleo estructural se mantiene.<\/span><\/li>\n<li><span><strong>Aunque mejora el empleo de los j\u00f3venes, sigue siendo el gran problema<\/strong>. La tasa de paro juvenil es del 24,9%, m\u00e1s del doble de la tasa general y una de las m\u00e1s altas de Europa. Este estrangulamiento en el empleo juvenil, unido a los bajos salarios que perciben en su primera incorporaci\u00f3n al mercado laboral, es uno de los principales obst\u00e1culos que condicionan el futuro inmediato de la econom\u00eda.<\/span><\/li>\n<li><span><strong>El crecimiento del empleo se ha producido, sobre todo, a expensas de los trabajadores por cuenta propia.<\/strong>\u00a0En muchos casos, esto encubre la dificultad de encontrar un trabajo asalariado y el uso de la indemnizaci\u00f3n por despido para intentar generar una nueva fuente de ingresos. En 2024, los trabajadores por cuenta propia aumentaron en 107.900 personas, mientras que los asalariados cayeron en 75.800.<\/span><\/li>\n<li><span><strong>Se\u00a0<\/strong><strong>redujo el n\u00famero de personas con trabajo a tiempo completo en 230.200, un dato preocupante, puesto que, al mismo tiempo, el trabajo a tiempo parcial aument\u00f3 en 265.000.<\/strong><\/span><\/li>\n<li><span><strong>El empleo creci\u00f3, sobre todo, gracias al sector p\u00fablico.<\/strong>\u00a0El empleo p\u00fablico aument\u00f3 en 50.400 empleos, alcanzando un r\u00e9cord hist\u00f3rico de 3.591.200 empleados p\u00fablicos. Por su parte, el empleo privado disminuy\u00f3 en 15.600 personas.<\/span><\/li>\n<li><span><strong>Casi 600.000 personas (582.400) trabajan a tiempo parcial, un dato nada menor<\/strong>.<\/span><\/li>\n<li><span><strong>Aunque el empleo creci\u00f3 en 2024 un 2,23%, las horas trabajadas s\u00f3lo lo hicieron en un 1,99%.<\/strong>\u00a0Esto significa que los empleados actuales trabajan menos horas.<\/span><\/li>\n<li><span><strong>Dos datos fundamentales todav\u00eda no est\u00e1n disponibles, pero son clave.<\/strong>\u00a0Una es la evoluci\u00f3n del total de horas trabajadas y su traducci\u00f3n en t\u00e9rminos de empleo a jornada completa, lo que dar\u00eda una imagen m\u00e1s real de la evoluci\u00f3n del trabajo en la econom\u00eda espa\u00f1ola. Por otra parte, habr\u00eda que saber cu\u00e1ntas personas con contrato fijo discontinuo perciben el seguro de desempleo a pesar de estar te\u00f3ricamente ocupadas.<\/span><\/li>\n<li><span><strong>El dato de la productividad ser\u00e1 clave.<\/strong>\u00a0Cuando conozcamos la productividad de 2024, es probable que no haya mejorado, lo que nos mantendr\u00eda anclados en uno de los grandes problemas estructurales de la econom\u00eda espa\u00f1ola: su baja productividad. Adem\u00e1s, la mejora es dif\u00edcil por el mismo perfil del empleo: un porcentaje elevado de extranjeros en sectores de baja productividad (hosteler\u00eda, cuidados del hogar, construcci\u00f3n), el aumento de los trabajadores por cuenta propia y la creaci\u00f3n de empleo p\u00fablico en detrimento del sector privado, al menos en el \u00faltimo cuatrimestre.<\/span><\/li>\n<\/ol>\n<p><span>Al igual que ocurre con el PIB y su crecimiento, ni la evoluci\u00f3n del empleo ni la del paro, a pesar de las mejoras en ciertos aspectos, reflejan una imagen realista de la econom\u00eda del pa\u00eds. La aparente bonanza no casa con las quejas de la mayor\u00eda de las familias sobre sus dificultades econ\u00f3micas. Adem\u00e1s, el modelo en el que se sostiene este empleo presenta dos riesgos extraordinarios para el futuro: el peso creciente de la inmigraci\u00f3n y el aumento del empleo p\u00fablico como soporte de las cifras oficiales.<\/span><\/p>\n<div id=\"polls-271\" class=\"wp-polls\">\n\t<form id=\"polls_form_271\" class=\"wp-polls-form\" action=\"\/index.php\" method=\"post\">\n\t\t<p style=\"display: none;\"><input type=\"hidden\" id=\"poll_271_nonce\" name=\"wp-polls-nonce\" value=\"654eb3777f\" \/><\/p>\n\t\t<p style=\"display: none;\"><input type=\"hidden\" name=\"poll_id\" value=\"271\" \/><\/p>\n\t\t<p style=\"text-align: center\"><strong>Est\u00e0s d'acord amb el Decret Llei \u00d2mnibus o consideres que les mesures substancialment diferents s'han de presentar separades?<\/strong><\/p><div id=\"polls-271-ans\" class=\"wp-polls-ans\"><ul class=\"wp-polls-ul\">\n\t\t<li><input type=\"radio\" id=\"poll-answer-765\" name=\"poll_271\" value=\"765\" \/> <label for=\"poll-answer-765\">Estic d'acord amb el Decret<\/label><\/li>\n\t\t<li><input type=\"radio\" id=\"poll-answer-766\" name=\"poll_271\" value=\"766\" \/> <label for=\"poll-answer-766\">Les mesures s'han de presentar separades<\/label><\/li>\n\t\t<li><input type=\"radio\" id=\"poll-answer-767\" name=\"poll_271\" value=\"767\" \/> <label for=\"poll-answer-767\">No ho s\u00e9<\/label><\/li>\n\t\t<\/ul><p style=\"text-align: center\"><input type=\"button\" name=\"vote\" value=\"   Vota   \" class=\"Buttons\" onclick=\"poll_vote(271);\" \/><\/p><p style=\"text-align: center\"><a href=\"#ViewPollResults\" onclick=\"poll_result(271); return false;\" title=\"View Results Of This Poll\">Mira els resultats<\/a><\/p><\/div>\n\t<\/form>\n<\/div>\n<div id=\"polls-271-loading\" class=\"wp-polls-loading\"><img decoding=\"async\" data-src=\"https:\/\/conversesacatalunya.cat\/wp-content\/plugins\/wp-polls\/images\/loading.gif\" width=\"16\" height=\"16\" alt=\"Cargando ...\" title=\"Cargando ...\" class=\"wp-polls-image lazyload\" src=\"data:image\/svg+xml;base64,PHN2ZyB3aWR0aD0iMSIgaGVpZ2h0PSIxIiB4bWxucz0iaHR0cDovL3d3dy53My5vcmcvMjAwMC9zdmciPjwvc3ZnPg==\" style=\"--smush-placeholder-width: 16px; --smush-placeholder-aspect-ratio: 16\/16;\" \/>&nbsp;Cargando ...<\/div>\n\n","protected":false},"excerpt":{"rendered":"<p>Los datos del paro del cuarto trimestre de 2024, seg\u00fan informa la Encuesta de Poblaci\u00f3n Activa, son, a primera vista, francamente buenos: la tasa de paro se sit\u00faa en el 10,61%, la m\u00e1s baja desde el segundo trimestre de 2008, cuando se inici\u00f3 la crisis de la Gran Contracci\u00f3n. Por su parte, el n\u00famero de ocupados alcanza la cifra r\u00e9cord de 21,857 millones, la m\u00e1s alta de toda la serie hist\u00f3rica. Si nos detuvi\u00e9ramos aqu\u00ed, podr\u00edamos pensar que el Gobierno tiene motivos para echar las campanas al vuelo. Pero la realidad es mucho m\u00e1s compleja y esconde potenciales problemas para el futuro. Lo constatamos mediante los siguientes hechos: La reducci\u00f3n del paro se debe, sobre todo, a la disminuci\u00f3n de la tasa de actividad.\u00a0\u00c9sta se define como el porcentaje de poblaci\u00f3n en edad de trabajar que participa en el mercado laboral, bien porque est\u00e1 ocupada, bien porque busca trabajo. Aunque el empleo ha crecido, lo que realmente ha disminuido es el n\u00famero de personas que buscan empleo porque se han retirado del mercado. En este sentido, existe un descenso de la actividad que se produce desde mediados de 2023. As\u00ed, en el \u00faltimo cuatrimestre del a\u00f1o pasado, la reducci\u00f3n se desaceler\u00f3 en medio punto. En 2023 se crearon 750.000 empleos, mientras que el pasado a\u00f1o fueron 468.100. La mayor parte del empleo creado corresponde a extranjeros.\u00a0De los 34.800 empleos generados en el \u00faltimo cuatrimestre, 20.000 corresponden a extranjeros, y las mujeres desempe\u00f1aron un papel destacado. Esto significa que el problema cr\u00f3nico del desempleo estructural se mantiene. Aunque mejora el empleo de los j\u00f3venes, sigue siendo el gran problema. La tasa de paro juvenil es del 24,9%, m\u00e1s del doble de la tasa general y una de las m\u00e1s altas de Europa. Este estrangulamiento en el empleo juvenil, unido a los bajos salarios que perciben en su primera incorporaci\u00f3n al mercado laboral, es uno de los principales obst\u00e1culos que condicionan el futuro inmediato de la econom\u00eda. El crecimiento del empleo se ha producido, sobre todo, a expensas de los trabajadores por cuenta propia.\u00a0En muchos casos, esto encubre la dificultad de encontrar un trabajo asalariado y el uso de la indemnizaci\u00f3n por despido para intentar generar una nueva fuente de ingresos. En 2024, los trabajadores por cuenta propia aumentaron en 107.900 personas, mientras que los asalariados cayeron en 75.800. Se\u00a0redujo el n\u00famero de personas con trabajo a tiempo completo en 230.200, un dato preocupante, puesto que, al mismo tiempo, el trabajo a tiempo parcial aument\u00f3 en 265.000. El empleo creci\u00f3, sobre todo, gracias al sector p\u00fablico.\u00a0El empleo p\u00fablico aument\u00f3 en 50.400 empleos, alcanzando un r\u00e9cord hist\u00f3rico de 3.591.200 empleados p\u00fablicos. Por su parte, el empleo privado disminuy\u00f3 en 15.600 personas. Casi 600.000 personas (582.400) trabajan a tiempo parcial, un dato nada menor. Aunque el empleo creci\u00f3 en 2024 un 2,23%, las horas trabajadas s\u00f3lo lo hicieron en un 1,99%.\u00a0Esto significa que los empleados actuales trabajan menos horas. Dos datos fundamentales todav\u00eda no est\u00e1n disponibles, pero son clave.\u00a0Una es la evoluci\u00f3n del total de horas trabajadas y su traducci\u00f3n en t\u00e9rminos de empleo a jornada completa, lo que dar\u00eda una imagen m\u00e1s real de la evoluci\u00f3n del trabajo en la econom\u00eda espa\u00f1ola. Por otra parte, habr\u00eda que saber cu\u00e1ntas personas con contrato fijo discontinuo perciben el seguro de desempleo a pesar de estar te\u00f3ricamente ocupadas. El dato de la productividad ser\u00e1 clave.\u00a0Cuando conozcamos la productividad de 2024, es probable que no haya mejorado, lo que nos mantendr\u00eda anclados en uno de los grandes problemas estructurales de la econom\u00eda espa\u00f1ola: su baja productividad. Adem\u00e1s, la mejora es dif\u00edcil por el mismo perfil del empleo: un porcentaje elevado de extranjeros en sectores de baja productividad (hosteler\u00eda, cuidados del hogar, construcci\u00f3n), el aumento de los trabajadores por cuenta propia y la creaci\u00f3n de empleo p\u00fablico en detrimento del sector privado, al menos en el \u00faltimo cuatrimestre. Al igual que ocurre con el PIB y su crecimiento, ni la evoluci\u00f3n del empleo ni la del paro, a pesar de las mejoras en ciertos aspectos, reflejan una imagen realista de la econom\u00eda del pa\u00eds. La aparente bonanza no casa con las quejas de la mayor\u00eda de las familias sobre sus dificultades econ\u00f3micas. Adem\u00e1s, el modelo en el que se sostiene este empleo presenta dos riesgos extraordinarios para el futuro: el peso creciente de la inmigraci\u00f3n y el aumento del empleo p\u00fablico como soporte de las cifras oficiales.<\/p>\n","protected":false},"author":81,"featured_media":49637,"comment_status":"open","ping_status":"open","sticky":false,"template":"","format":"standard","meta":{"_FSMCFIC_featured_image_caption":"","_FSMCFIC_featured_image_nocaption":"","_FSMCFIC_featured_image_hide":"","footnotes":""},"categories":[806],"tags":[1579],"class_list":["post-85240","post","type-post","status-publish","format-standard","has-post-thumbnail","hentry","category-punts-claus-del-dia-es","tag-paro"],"yoast_head":"<!-- This site is optimized with the Yoast SEO plugin v26.8 - https:\/\/yoast.com\/product\/yoast-seo-wordpress\/ -->\n<title>Buceamos en los datos del paro: no es oro todo lo que reluce \u2013 10 se\u00f1ales que no puedes ignorar - Converses a Catalunya<\/title>\n<meta name=\"description\" content=\"Al igual que ocurre con el PIB y su crecimiento, ni la evoluci\u00f3n del empleo ni la del paro, a pesar de las mejoras en ciertos aspectos, reflejan una imagen realista de la econom\u00eda del pa\u00eds\" \/>\n<meta name=\"robots\" content=\"index, follow, max-snippet:-1, max-image-preview:large, max-video-preview:-1\" \/>\n<link rel=\"canonical\" href=\"https:\/\/conversesacatalunya.cat\/es\/buceamos-en-los-datos-del-paro-no-es-oro-todo-lo-que-reluce-10-senales-que-no-puedes-ignorar\/\" \/>\n<meta property=\"og:locale\" content=\"es_ES\" \/>\n<meta property=\"og:type\" content=\"article\" \/>\n<meta property=\"og:title\" content=\"Buceamos en los datos del paro: no es oro todo lo que reluce \u2013 10 se\u00f1ales que no puedes ignorar - Converses a Catalunya\" \/>\n<meta property=\"og:description\" content=\"Al igual que ocurre con el PIB y su crecimiento, ni la evoluci\u00f3n del empleo ni la del paro, a pesar de las mejoras en ciertos aspectos, reflejan una imagen realista de la econom\u00eda del pa\u00eds\" \/>\n<meta property=\"og:url\" content=\"https:\/\/conversesacatalunya.cat\/es\/buceamos-en-los-datos-del-paro-no-es-oro-todo-lo-que-reluce-10-senales-que-no-puedes-ignorar\/\" \/>\n<meta property=\"og:site_name\" content=\"Converses a Catalunya\" \/>\n<meta property=\"article:published_time\" content=\"2025-01-29T09:36:14+00:00\" \/>\n<meta property=\"article:modified_time\" content=\"2025-01-29T10:03:12+00:00\" \/>\n<meta property=\"og:image\" content=\"https:\/\/conversesacatalunya.cat\/wp-content\/uploads\/2021\/07\/Capture-1.png\" \/>\n\t<meta property=\"og:image:width\" content=\"1070\" \/>\n\t<meta property=\"og:image:height\" content=\"695\" \/>\n\t<meta property=\"og:image:type\" content=\"image\/png\" \/>\n<meta name=\"author\" content=\"Emili Clos\" \/>\n<meta name=\"twitter:card\" content=\"summary_large_image\" \/>\n<meta name=\"twitter:label1\" content=\"Escrito por\" \/>\n\t<meta name=\"twitter:data1\" content=\"Emili Clos\" \/>\n\t<meta name=\"twitter:label2\" content=\"Tiempo de lectura\" \/>\n\t<meta name=\"twitter:data2\" content=\"4 minutos\" \/>\n<script type=\"application\/ld+json\" class=\"yoast-schema-graph\">{\"@context\":\"https:\/\/schema.org\",\"@graph\":[{\"@type\":\"Article\",\"@id\":\"https:\/\/conversesacatalunya.cat\/es\/buceamos-en-los-datos-del-paro-no-es-oro-todo-lo-que-reluce-10-senales-que-no-puedes-ignorar\/#article\",\"isPartOf\":{\"@id\":\"https:\/\/conversesacatalunya.cat\/es\/buceamos-en-los-datos-del-paro-no-es-oro-todo-lo-que-reluce-10-senales-que-no-puedes-ignorar\/\"},\"author\":{\"name\":\"Emili Clos\",\"@id\":\"https:\/\/conversesacatalunya.cat\/#\/schema\/person\/46306de4129bccb959ed5e1720c4e3e7\"},\"headline\":\"Buceamos en los datos del paro: no es oro todo lo que reluce \u2013 10 se\u00f1ales que no puedes ignorar\",\"datePublished\":\"2025-01-29T09:36:14+00:00\",\"dateModified\":\"2025-01-29T10:03:12+00:00\",\"mainEntityOfPage\":{\"@id\":\"https:\/\/conversesacatalunya.cat\/es\/buceamos-en-los-datos-del-paro-no-es-oro-todo-lo-que-reluce-10-senales-que-no-puedes-ignorar\/\"},\"wordCount\":798,\"commentCount\":0,\"image\":{\"@id\":\"https:\/\/conversesacatalunya.cat\/es\/buceamos-en-los-datos-del-paro-no-es-oro-todo-lo-que-reluce-10-senales-que-no-puedes-ignorar\/#primaryimage\"},\"thumbnailUrl\":\"https:\/\/conversesacatalunya.cat\/wp-content\/uploads\/2021\/07\/Capture-1.png\",\"keywords\":[\"Paro\"],\"articleSection\":[\"Punts clau del dia (ES)\"],\"inLanguage\":\"es\",\"potentialAction\":[{\"@type\":\"CommentAction\",\"name\":\"Comment\",\"target\":[\"https:\/\/conversesacatalunya.cat\/es\/buceamos-en-los-datos-del-paro-no-es-oro-todo-lo-que-reluce-10-senales-que-no-puedes-ignorar\/#respond\"]}]},{\"@type\":\"WebPage\",\"@id\":\"https:\/\/conversesacatalunya.cat\/es\/buceamos-en-los-datos-del-paro-no-es-oro-todo-lo-que-reluce-10-senales-que-no-puedes-ignorar\/\",\"url\":\"https:\/\/conversesacatalunya.cat\/es\/buceamos-en-los-datos-del-paro-no-es-oro-todo-lo-que-reluce-10-senales-que-no-puedes-ignorar\/\",\"name\":\"Buceamos en los datos del paro: no es oro todo lo que reluce \u2013 10 se\u00f1ales que no puedes ignorar - Converses a Catalunya\",\"isPartOf\":{\"@id\":\"https:\/\/conversesacatalunya.cat\/#website\"},\"primaryImageOfPage\":{\"@id\":\"https:\/\/conversesacatalunya.cat\/es\/buceamos-en-los-datos-del-paro-no-es-oro-todo-lo-que-reluce-10-senales-que-no-puedes-ignorar\/#primaryimage\"},\"image\":{\"@id\":\"https:\/\/conversesacatalunya.cat\/es\/buceamos-en-los-datos-del-paro-no-es-oro-todo-lo-que-reluce-10-senales-que-no-puedes-ignorar\/#primaryimage\"},\"thumbnailUrl\":\"https:\/\/conversesacatalunya.cat\/wp-content\/uploads\/2021\/07\/Capture-1.png\",\"datePublished\":\"2025-01-29T09:36:14+00:00\",\"dateModified\":\"2025-01-29T10:03:12+00:00\",\"author\":{\"@id\":\"https:\/\/conversesacatalunya.cat\/#\/schema\/person\/46306de4129bccb959ed5e1720c4e3e7\"},\"description\":\"Al igual que ocurre con el PIB y su crecimiento, ni la evoluci\u00f3n del empleo ni la del paro, a pesar de las mejoras en ciertos aspectos, reflejan una imagen realista de la econom\u00eda del pa\u00eds\",\"breadcrumb\":{\"@id\":\"https:\/\/conversesacatalunya.cat\/es\/buceamos-en-los-datos-del-paro-no-es-oro-todo-lo-que-reluce-10-senales-que-no-puedes-ignorar\/#breadcrumb\"},\"inLanguage\":\"es\",\"potentialAction\":[{\"@type\":\"ReadAction\",\"target\":[\"https:\/\/conversesacatalunya.cat\/es\/buceamos-en-los-datos-del-paro-no-es-oro-todo-lo-que-reluce-10-senales-que-no-puedes-ignorar\/\"]}]},{\"@type\":\"ImageObject\",\"inLanguage\":\"es\",\"@id\":\"https:\/\/conversesacatalunya.cat\/es\/buceamos-en-los-datos-del-paro-no-es-oro-todo-lo-que-reluce-10-senales-que-no-puedes-ignorar\/#primaryimage\",\"url\":\"https:\/\/conversesacatalunya.cat\/wp-content\/uploads\/2021\/07\/Capture-1.png\",\"contentUrl\":\"https:\/\/conversesacatalunya.cat\/wp-content\/uploads\/2021\/07\/Capture-1.png\",\"width\":1070,\"height\":695,\"caption\":\"l'atur\"},{\"@type\":\"BreadcrumbList\",\"@id\":\"https:\/\/conversesacatalunya.cat\/es\/buceamos-en-los-datos-del-paro-no-es-oro-todo-lo-que-reluce-10-senales-que-no-puedes-ignorar\/#breadcrumb\",\"itemListElement\":[{\"@type\":\"ListItem\",\"position\":1,\"name\":\"Inici\",\"item\":\"https:\/\/conversesacatalunya.cat\/es\/\"},{\"@type\":\"ListItem\",\"position\":2,\"name\":\"Buceamos en los datos del paro: no es oro todo lo que reluce \u2013 10 se\u00f1ales que no puedes ignorar\"}]},{\"@type\":\"WebSite\",\"@id\":\"https:\/\/conversesacatalunya.cat\/#website\",\"url\":\"https:\/\/conversesacatalunya.cat\/\",\"name\":\"Converses a Catalunya\",\"description\":\"\",\"potentialAction\":[{\"@type\":\"SearchAction\",\"target\":{\"@type\":\"EntryPoint\",\"urlTemplate\":\"https:\/\/conversesacatalunya.cat\/?s={search_term_string}\"},\"query-input\":{\"@type\":\"PropertyValueSpecification\",\"valueRequired\":true,\"valueName\":\"search_term_string\"}}],\"inLanguage\":\"es\"},{\"@type\":\"Person\",\"@id\":\"https:\/\/conversesacatalunya.cat\/#\/schema\/person\/46306de4129bccb959ed5e1720c4e3e7\",\"name\":\"Emili Clos\",\"image\":{\"@type\":\"ImageObject\",\"inLanguage\":\"es\",\"@id\":\"https:\/\/conversesacatalunya.cat\/#\/schema\/person\/image\/\",\"url\":\"https:\/\/conversesacatalunya.cat\/wp-content\/litespeed\/avatar\/a9a662bd802eed79498de818aef91cc9.jpg?ver=1777096184\",\"contentUrl\":\"https:\/\/conversesacatalunya.cat\/wp-content\/litespeed\/avatar\/a9a662bd802eed79498de818aef91cc9.jpg?ver=1777096184\",\"caption\":\"Emili Clos\"},\"url\":\"https:\/\/conversesacatalunya.cat\/es\/author\/emili_clos\/\"}]}<\/script>\n<!-- \/ Yoast SEO plugin. -->","yoast_head_json":{"title":"Buceamos en los datos del paro: no es oro todo lo que reluce \u2013 10 se\u00f1ales que no puedes ignorar - Converses a Catalunya","description":"Al igual que ocurre con el PIB y su crecimiento, ni la evoluci\u00f3n del empleo ni la del paro, a pesar de las mejoras en ciertos aspectos, reflejan una imagen realista de la econom\u00eda del pa\u00eds","robots":{"index":"index","follow":"follow","max-snippet":"max-snippet:-1","max-image-preview":"max-image-preview:large","max-video-preview":"max-video-preview:-1"},"canonical":"https:\/\/conversesacatalunya.cat\/es\/buceamos-en-los-datos-del-paro-no-es-oro-todo-lo-que-reluce-10-senales-que-no-puedes-ignorar\/","og_locale":"es_ES","og_type":"article","og_title":"Buceamos en los datos del paro: no es oro todo lo que reluce \u2013 10 se\u00f1ales que no puedes ignorar - Converses a Catalunya","og_description":"Al igual que ocurre con el PIB y su crecimiento, ni la evoluci\u00f3n del empleo ni la del paro, a pesar de las mejoras en ciertos aspectos, reflejan una imagen realista de la econom\u00eda del pa\u00eds","og_url":"https:\/\/conversesacatalunya.cat\/es\/buceamos-en-los-datos-del-paro-no-es-oro-todo-lo-que-reluce-10-senales-que-no-puedes-ignorar\/","og_site_name":"Converses a Catalunya","article_published_time":"2025-01-29T09:36:14+00:00","article_modified_time":"2025-01-29T10:03:12+00:00","og_image":[{"width":1070,"height":695,"url":"https:\/\/conversesacatalunya.cat\/wp-content\/uploads\/2021\/07\/Capture-1.png","type":"image\/png"}],"author":"Emili Clos","twitter_card":"summary_large_image","twitter_misc":{"Escrito por":"Emili Clos","Tiempo de lectura":"4 minutos"},"schema":{"@context":"https:\/\/schema.org","@graph":[{"@type":"Article","@id":"https:\/\/conversesacatalunya.cat\/es\/buceamos-en-los-datos-del-paro-no-es-oro-todo-lo-que-reluce-10-senales-que-no-puedes-ignorar\/#article","isPartOf":{"@id":"https:\/\/conversesacatalunya.cat\/es\/buceamos-en-los-datos-del-paro-no-es-oro-todo-lo-que-reluce-10-senales-que-no-puedes-ignorar\/"},"author":{"name":"Emili Clos","@id":"https:\/\/conversesacatalunya.cat\/#\/schema\/person\/46306de4129bccb959ed5e1720c4e3e7"},"headline":"Buceamos en los datos del paro: no es oro todo lo que reluce \u2013 10 se\u00f1ales que no puedes ignorar","datePublished":"2025-01-29T09:36:14+00:00","dateModified":"2025-01-29T10:03:12+00:00","mainEntityOfPage":{"@id":"https:\/\/conversesacatalunya.cat\/es\/buceamos-en-los-datos-del-paro-no-es-oro-todo-lo-que-reluce-10-senales-que-no-puedes-ignorar\/"},"wordCount":798,"commentCount":0,"image":{"@id":"https:\/\/conversesacatalunya.cat\/es\/buceamos-en-los-datos-del-paro-no-es-oro-todo-lo-que-reluce-10-senales-que-no-puedes-ignorar\/#primaryimage"},"thumbnailUrl":"https:\/\/conversesacatalunya.cat\/wp-content\/uploads\/2021\/07\/Capture-1.png","keywords":["Paro"],"articleSection":["Punts clau del dia (ES)"],"inLanguage":"es","potentialAction":[{"@type":"CommentAction","name":"Comment","target":["https:\/\/conversesacatalunya.cat\/es\/buceamos-en-los-datos-del-paro-no-es-oro-todo-lo-que-reluce-10-senales-que-no-puedes-ignorar\/#respond"]}]},{"@type":"WebPage","@id":"https:\/\/conversesacatalunya.cat\/es\/buceamos-en-los-datos-del-paro-no-es-oro-todo-lo-que-reluce-10-senales-que-no-puedes-ignorar\/","url":"https:\/\/conversesacatalunya.cat\/es\/buceamos-en-los-datos-del-paro-no-es-oro-todo-lo-que-reluce-10-senales-que-no-puedes-ignorar\/","name":"Buceamos en los datos del paro: no es oro todo lo que reluce \u2013 10 se\u00f1ales que no puedes ignorar - Converses a Catalunya","isPartOf":{"@id":"https:\/\/conversesacatalunya.cat\/#website"},"primaryImageOfPage":{"@id":"https:\/\/conversesacatalunya.cat\/es\/buceamos-en-los-datos-del-paro-no-es-oro-todo-lo-que-reluce-10-senales-que-no-puedes-ignorar\/#primaryimage"},"image":{"@id":"https:\/\/conversesacatalunya.cat\/es\/buceamos-en-los-datos-del-paro-no-es-oro-todo-lo-que-reluce-10-senales-que-no-puedes-ignorar\/#primaryimage"},"thumbnailUrl":"https:\/\/conversesacatalunya.cat\/wp-content\/uploads\/2021\/07\/Capture-1.png","datePublished":"2025-01-29T09:36:14+00:00","dateModified":"2025-01-29T10:03:12+00:00","author":{"@id":"https:\/\/conversesacatalunya.cat\/#\/schema\/person\/46306de4129bccb959ed5e1720c4e3e7"},"description":"Al igual que ocurre con el PIB y su crecimiento, ni la evoluci\u00f3n del empleo ni la del paro, a pesar de las mejoras en ciertos aspectos, reflejan una imagen realista de la econom\u00eda del pa\u00eds","breadcrumb":{"@id":"https:\/\/conversesacatalunya.cat\/es\/buceamos-en-los-datos-del-paro-no-es-oro-todo-lo-que-reluce-10-senales-que-no-puedes-ignorar\/#breadcrumb"},"inLanguage":"es","potentialAction":[{"@type":"ReadAction","target":["https:\/\/conversesacatalunya.cat\/es\/buceamos-en-los-datos-del-paro-no-es-oro-todo-lo-que-reluce-10-senales-que-no-puedes-ignorar\/"]}]},{"@type":"ImageObject","inLanguage":"es","@id":"https:\/\/conversesacatalunya.cat\/es\/buceamos-en-los-datos-del-paro-no-es-oro-todo-lo-que-reluce-10-senales-que-no-puedes-ignorar\/#primaryimage","url":"https:\/\/conversesacatalunya.cat\/wp-content\/uploads\/2021\/07\/Capture-1.png","contentUrl":"https:\/\/conversesacatalunya.cat\/wp-content\/uploads\/2021\/07\/Capture-1.png","width":1070,"height":695,"caption":"l'atur"},{"@type":"BreadcrumbList","@id":"https:\/\/conversesacatalunya.cat\/es\/buceamos-en-los-datos-del-paro-no-es-oro-todo-lo-que-reluce-10-senales-que-no-puedes-ignorar\/#breadcrumb","itemListElement":[{"@type":"ListItem","position":1,"name":"Inici","item":"https:\/\/conversesacatalunya.cat\/es\/"},{"@type":"ListItem","position":2,"name":"Buceamos en los datos del paro: no es oro todo lo que reluce \u2013 10 se\u00f1ales que no puedes ignorar"}]},{"@type":"WebSite","@id":"https:\/\/conversesacatalunya.cat\/#website","url":"https:\/\/conversesacatalunya.cat\/","name":"Converses a Catalunya","description":"","potentialAction":[{"@type":"SearchAction","target":{"@type":"EntryPoint","urlTemplate":"https:\/\/conversesacatalunya.cat\/?s={search_term_string}"},"query-input":{"@type":"PropertyValueSpecification","valueRequired":true,"valueName":"search_term_string"}}],"inLanguage":"es"},{"@type":"Person","@id":"https:\/\/conversesacatalunya.cat\/#\/schema\/person\/46306de4129bccb959ed5e1720c4e3e7","name":"Emili Clos","image":{"@type":"ImageObject","inLanguage":"es","@id":"https:\/\/conversesacatalunya.cat\/#\/schema\/person\/image\/","url":"https:\/\/conversesacatalunya.cat\/wp-content\/litespeed\/avatar\/a9a662bd802eed79498de818aef91cc9.jpg?ver=1777096184","contentUrl":"https:\/\/conversesacatalunya.cat\/wp-content\/litespeed\/avatar\/a9a662bd802eed79498de818aef91cc9.jpg?ver=1777096184","caption":"Emili Clos"},"url":"https:\/\/conversesacatalunya.cat\/es\/author\/emili_clos\/"}]}},"wps_subtitle":"Al igual que ocurre con el PIB y su crecimiento, ni la evoluci\u00f3n del empleo ni la del paro, a pesar de las mejoras en ciertos aspectos, reflejan una imagen realista de la econom\u00eda del pa\u00eds","_links":{"self":[{"href":"https:\/\/conversesacatalunya.cat\/es\/wp-json\/wp\/v2\/posts\/85240","targetHints":{"allow":["GET"]}}],"collection":[{"href":"https:\/\/conversesacatalunya.cat\/es\/wp-json\/wp\/v2\/posts"}],"about":[{"href":"https:\/\/conversesacatalunya.cat\/es\/wp-json\/wp\/v2\/types\/post"}],"author":[{"embeddable":true,"href":"https:\/\/conversesacatalunya.cat\/es\/wp-json\/wp\/v2\/users\/81"}],"replies":[{"embeddable":true,"href":"https:\/\/conversesacatalunya.cat\/es\/wp-json\/wp\/v2\/comments?post=85240"}],"version-history":[{"count":2,"href":"https:\/\/conversesacatalunya.cat\/es\/wp-json\/wp\/v2\/posts\/85240\/revisions"}],"predecessor-version":[{"id":85242,"href":"https:\/\/conversesacatalunya.cat\/es\/wp-json\/wp\/v2\/posts\/85240\/revisions\/85242"}],"wp:featuredmedia":[{"embeddable":true,"href":"https:\/\/conversesacatalunya.cat\/es\/wp-json\/wp\/v2\/media\/49637"}],"wp:attachment":[{"href":"https:\/\/conversesacatalunya.cat\/es\/wp-json\/wp\/v2\/media?parent=85240"}],"wp:term":[{"taxonomy":"category","embeddable":true,"href":"https:\/\/conversesacatalunya.cat\/es\/wp-json\/wp\/v2\/categories?post=85240"},{"taxonomy":"post_tag","embeddable":true,"href":"https:\/\/conversesacatalunya.cat\/es\/wp-json\/wp\/v2\/tags?post=85240"}],"curies":[{"name":"wp","href":"https:\/\/api.w.org\/{rel}","templated":true}]}}