{"id":85183,"date":"2025-01-27T10:23:28","date_gmt":"2025-01-27T09:23:28","guid":{"rendered":"https:\/\/conversesacatalunya.cat\/trump-europa-defensa\/"},"modified":"2025-01-27T13:09:55","modified_gmt":"2025-01-27T12:09:55","slug":"trump-europa-defensa","status":"publish","type":"post","link":"https:\/\/conversesacatalunya.cat\/es\/trump-europa-defensa\/","title":{"rendered":"Sin que Trump haya cumplido todav\u00eda ninguna amenaza, Europa busca gastar m\u00e1s en defensa"},"content":{"rendered":"<p data-pm-slice=\"1 1 []\"><span>Hace unas semanas ya\u00a0<\/span><a href=\"https:\/\/conversesacatalunya.cat\/es\/hacia-un-nuevo-incremento-masivo-del-gasto-militar\/\" target=\"_blank\" rel=\"noopener\"><span>hablamos<\/span><\/a><span>\u00a0de la voluntad de la administraci\u00f3n Trump de que todos los miembros de la Alianza Atl\u00e1ntica\u00a0<\/span><strong><span>aumentaran su gasto en defensa hasta el 5% del Producto Interior Bruto<\/span><\/strong><span>\u00a0(PIB). El 23 de enero, durante su intervenci\u00f3n telem\u00e1tica en el foro de Davos, el ya presidente estadounidense\u00a0<\/span><a href=\"https:\/\/elpais.com\/expres\/2025-01-24\/trump-exige-un-gasto-en-defensa-del-5-a-los-paises-de-la-otan-y-acusa-a-la-ue-de-injusta-con-ee-uu.html\" target=\"_blank\" rel=\"noopener\"><span>confirm\u00f3<\/span><\/a><span>\u00a0este objetivo.<\/span><\/p>\n<p><span>Aunque cueste creerlo, algunos pa\u00edses de Europa del Este, como\u00a0<\/span><a href=\"https:\/\/conversesacatalunya.cat\/es\/francia-aumenta-gasto-militar\/\" target=\"_blank\" rel=\"noopener\"><span>Polonia<\/span><\/a><span>, ya ten\u00edan previsto desde hace tiempo llegar a ese umbral que parece desmedido -el objetivo actual es del 2% y todav\u00eda hay pa\u00edses (en el frente a los cuales Espa\u00f1a) que se encuentran muy lejos de llegar.<\/span><\/p>\n<p><span>Desde un punto de vista hist\u00f3rico, un 5% no resulta tan desmedido si se tiene en cuenta que\u00a0<\/span><strong><span>a finales de la Guerra Fr\u00eda, los aliados europeos de la OTAN gastaban de media un 3,8% de su PIB en defensa<\/span><\/strong><span>, seg\u00fan los datos que\u00a0<\/span><a href=\"https:\/\/www.politico.eu\/article\/nato-secretary-general-mark-rutte-cold-war-military-spending-defense-budgets-russia\/\" target=\"_blank\" rel=\"noopener\"><span>anunci\u00f3<\/span><\/a><span>\u00a0el pasado diciembre el propio secretario general de la Alianza, el neerland\u00e9s Mark Rutte.<\/span><\/p>\n<p><span>Pero tambi\u00e9n debe tenerse en cuenta que entonces los pa\u00edses europeos destinaban mucho menos dinero a otras partidas presupuestarias, como las pensiones o servicios sociales de todo tipo, y que su deuda p\u00fablica era mucho menor que la actual.<\/span><\/p>\n<p><span>En cualquier caso, numerosos l\u00edderes europeos han reforzado en los \u00faltimos meses su discurso en favor de incrementar el gasto militar.<\/span><\/p>\n<p><span>El 20 de enero, el presidente franc\u00e9s Emmanuel Macron (quien, por cierto, a\u00fan no ha logrado aprobar los presupuestos) se sum\u00f3 al carro y apunt\u00f3 que\u00a0<\/span><strong><span>Francia deber\u00eda ir m\u00e1s all\u00e1 del 2%<\/span><\/strong><span>. Su razonamiento contemplaba la posibilidad de que Estados Unidos retirara en parte o totalmente sus fuerzas de Europa para desplegarlas en el Pac\u00edfico.<\/span><\/p>\n<p><span>Macron record\u00f3 que su pa\u00eds ya gastaba m\u00e1s del 2% en la actualidad (en la realidad, llega por los pelos, qued\u00e1ndose en 2024 en un 2,06%), pero se pregunt\u00f3 si este nivel \u201ces suficiente para conseguir la masa, profundidad e innovaci\u00f3n para defendernos solos en una confrontaci\u00f3n mayor. \u00bfEs suficiente para organizarnos a una escala europea y disponer de los medios para luchar?\u201d.<\/span><\/p>\n<p><span>El presidente de Francia se sumaba as\u00ed a otras capitales europeas que\u00a0<\/span><strong><span>van exactamente en la direcci\u00f3n que Trump ha establecido<\/span><\/strong><span>, sin que el presidente estadounidense haya todav\u00eda realizado ninguna amenaza de las que ha formulado a los europeos repetidamente durante los \u00faltimos meses, como incrementar dr\u00e1sticamente aranceles a las exportaciones europeas hacia Estados Unidos.<\/span><\/p>\n<p><span>Macron tambi\u00e9n pidi\u00f3 a Europa que apostara m\u00e1s decididamente por la\u00a0<\/span><strong><span>creaci\u00f3n de campeones europeos de la industria de defensa<\/span><\/strong><span>, en vez de seguir \u201cfinanciando igual a todos\u201d, lo que ha dado como resultado una fragmentaci\u00f3n excesiva de los sistemas de armas actualmente en servicio en el Viejo Continente.<\/span><\/p>\n<p><span>El nuevo secretario de defensa de Estados Unidos, Pete Hegseth, ha advertido por su parte que velar\u00eda para que los aliados demostraran su compromiso hacia el art\u00edculo 3 de la Alianza Atl\u00e1ntica, que exige a sus miembros estar \u00absuficientemente preparados\u00bb para hacer frente a un conflicto.<\/span><\/p>\n<p><span>Se espera que en la cumbre de la OTAN en La Haya, prevista en junio de 2025, se confirme un nuevo objetivo que podr\u00eda ser de m\u00e1s del 3%, seg\u00fan\u00a0<\/span><a href=\"https:\/\/www.politico.eu\/article\/france-emmanuel-macron-hints-nato-spending-target-is-too-low-donald-trump\/\" target=\"_blank\" rel=\"noopener\"><span>admiti\u00f3<\/span><\/a><span>\u00a0Rutte.<\/span><\/p>\n<div id=\"polls-271\" class=\"wp-polls\">\n\t<form id=\"polls_form_271\" class=\"wp-polls-form\" action=\"\/index.php\" method=\"post\">\n\t\t<p style=\"display: none;\"><input type=\"hidden\" id=\"poll_271_nonce\" name=\"wp-polls-nonce\" value=\"25ac45481f\" \/><\/p>\n\t\t<p style=\"display: none;\"><input type=\"hidden\" name=\"poll_id\" value=\"271\" \/><\/p>\n\t\t<p style=\"text-align: center\"><strong>Est\u00e0s d'acord amb el Decret Llei \u00d2mnibus o consideres que les mesures substancialment diferents s'han de presentar separades?<\/strong><\/p><div id=\"polls-271-ans\" class=\"wp-polls-ans\"><ul class=\"wp-polls-ul\">\n\t\t<li><input type=\"radio\" id=\"poll-answer-765\" name=\"poll_271\" value=\"765\" \/> <label for=\"poll-answer-765\">Estic d'acord amb el Decret<\/label><\/li>\n\t\t<li><input type=\"radio\" id=\"poll-answer-766\" name=\"poll_271\" value=\"766\" \/> <label for=\"poll-answer-766\">Les mesures s'han de presentar separades<\/label><\/li>\n\t\t<li><input type=\"radio\" id=\"poll-answer-767\" name=\"poll_271\" value=\"767\" \/> <label for=\"poll-answer-767\">No ho s\u00e9<\/label><\/li>\n\t\t<\/ul><p style=\"text-align: center\"><input type=\"button\" name=\"vote\" value=\"   Vota   \" class=\"Buttons\" onclick=\"poll_vote(271);\" \/><\/p><p style=\"text-align: center\"><a href=\"#ViewPollResults\" onclick=\"poll_result(271); return false;\" title=\"View Results Of This Poll\">Mira els resultats<\/a><\/p><\/div>\n\t<\/form>\n<\/div>\n<div id=\"polls-271-loading\" class=\"wp-polls-loading\"><img decoding=\"async\" data-src=\"https:\/\/conversesacatalunya.cat\/wp-content\/plugins\/wp-polls\/images\/loading.gif\" width=\"16\" height=\"16\" alt=\"Cargando ...\" title=\"Cargando ...\" class=\"wp-polls-image lazyload\" src=\"data:image\/svg+xml;base64,PHN2ZyB3aWR0aD0iMSIgaGVpZ2h0PSIxIiB4bWxucz0iaHR0cDovL3d3dy53My5vcmcvMjAwMC9zdmciPjwvc3ZnPg==\" style=\"--smush-placeholder-width: 16px; --smush-placeholder-aspect-ratio: 16\/16;\" \/>&nbsp;Cargando ...<\/div>\n\n","protected":false},"excerpt":{"rendered":"<p>Hace unas semanas ya\u00a0hablamos\u00a0de la voluntad de la administraci\u00f3n Trump de que todos los miembros de la Alianza Atl\u00e1ntica\u00a0aumentaran su gasto en defensa hasta el 5% del Producto Interior Bruto\u00a0(PIB). El 23 de enero, durante su intervenci\u00f3n telem\u00e1tica en el foro de Davos, el ya presidente estadounidense\u00a0confirm\u00f3\u00a0este objetivo. Aunque cueste creerlo, algunos pa\u00edses de Europa del Este, como\u00a0Polonia, ya ten\u00edan previsto desde hace tiempo llegar a ese umbral que parece desmedido -el objetivo actual es del 2% y todav\u00eda hay pa\u00edses (en el frente a los cuales Espa\u00f1a) que se encuentran muy lejos de llegar. Desde un punto de vista hist\u00f3rico, un 5% no resulta tan desmedido si se tiene en cuenta que\u00a0a finales de la Guerra Fr\u00eda, los aliados europeos de la OTAN gastaban de media un 3,8% de su PIB en defensa, seg\u00fan los datos que\u00a0anunci\u00f3\u00a0el pasado diciembre el propio secretario general de la Alianza, el neerland\u00e9s Mark Rutte. Pero tambi\u00e9n debe tenerse en cuenta que entonces los pa\u00edses europeos destinaban mucho menos dinero a otras partidas presupuestarias, como las pensiones o servicios sociales de todo tipo, y que su deuda p\u00fablica era mucho menor que la actual. En cualquier caso, numerosos l\u00edderes europeos han reforzado en los \u00faltimos meses su discurso en favor de incrementar el gasto militar. El 20 de enero, el presidente franc\u00e9s Emmanuel Macron (quien, por cierto, a\u00fan no ha logrado aprobar los presupuestos) se sum\u00f3 al carro y apunt\u00f3 que\u00a0Francia deber\u00eda ir m\u00e1s all\u00e1 del 2%. Su razonamiento contemplaba la posibilidad de que Estados Unidos retirara en parte o totalmente sus fuerzas de Europa para desplegarlas en el Pac\u00edfico. Macron record\u00f3 que su pa\u00eds ya gastaba m\u00e1s del 2% en la actualidad (en la realidad, llega por los pelos, qued\u00e1ndose en 2024 en un 2,06%), pero se pregunt\u00f3 si este nivel \u201ces suficiente para conseguir la masa, profundidad e innovaci\u00f3n para defendernos solos en una confrontaci\u00f3n mayor. \u00bfEs suficiente para organizarnos a una escala europea y disponer de los medios para luchar?\u201d. El presidente de Francia se sumaba as\u00ed a otras capitales europeas que\u00a0van exactamente en la direcci\u00f3n que Trump ha establecido, sin que el presidente estadounidense haya todav\u00eda realizado ninguna amenaza de las que ha formulado a los europeos repetidamente durante los \u00faltimos meses, como incrementar dr\u00e1sticamente aranceles a las exportaciones europeas hacia Estados Unidos. Macron tambi\u00e9n pidi\u00f3 a Europa que apostara m\u00e1s decididamente por la\u00a0creaci\u00f3n de campeones europeos de la industria de defensa, en vez de seguir \u201cfinanciando igual a todos\u201d, lo que ha dado como resultado una fragmentaci\u00f3n excesiva de los sistemas de armas actualmente en servicio en el Viejo Continente. El nuevo secretario de defensa de Estados Unidos, Pete Hegseth, ha advertido por su parte que velar\u00eda para que los aliados demostraran su compromiso hacia el art\u00edculo 3 de la Alianza Atl\u00e1ntica, que exige a sus miembros estar \u00absuficientemente preparados\u00bb para hacer frente a un conflicto. Se espera que en la cumbre de la OTAN en La Haya, prevista en junio de 2025, se confirme un nuevo objetivo que podr\u00eda ser de m\u00e1s del 3%, seg\u00fan\u00a0admiti\u00f3\u00a0Rutte.<\/p>\n","protected":false},"author":75,"featured_media":85176,"comment_status":"open","ping_status":"open","sticky":false,"template":"","format":"standard","meta":{"_FSMCFIC_featured_image_caption":"","_FSMCFIC_featured_image_nocaption":"","_FSMCFIC_featured_image_hide":"","footnotes":""},"categories":[806],"tags":[1089,2471,963,3510,964,1090,1059],"class_list":["post-85183","post","type-post","status-publish","format-standard","has-post-thumbnail","hentry","category-punts-claus-del-dia-es","tag-defensa-es","tag-despesa-militar-es","tag-donald-trump-es","tag-emmanuel-macron-es","tag-estats-units-es","tag-franca-es","tag-otan-es"],"yoast_head":"<!-- This site is optimized with the Yoast SEO plugin v26.8 - https:\/\/yoast.com\/product\/yoast-seo-wordpress\/ -->\n<title>Sin que Trump haya cumplido todav\u00eda ninguna amenaza, Europa busca gastar m\u00e1s en defensa - Converses a Catalunya<\/title>\n<meta name=\"robots\" content=\"index, follow, max-snippet:-1, max-image-preview:large, max-video-preview:-1\" \/>\n<link rel=\"canonical\" href=\"https:\/\/conversesacatalunya.cat\/es\/trump-europa-defensa\/\" \/>\n<meta property=\"og:locale\" content=\"es_ES\" \/>\n<meta property=\"og:type\" content=\"article\" \/>\n<meta property=\"og:title\" content=\"Sin que Trump haya cumplido todav\u00eda ninguna amenaza, Europa busca gastar m\u00e1s en defensa - Converses a Catalunya\" \/>\n<meta property=\"og:description\" content=\"Hace unas semanas ya\u00a0hablamos\u00a0de la voluntad de la administraci\u00f3n Trump de que todos los miembros de la Alianza Atl\u00e1ntica\u00a0aumentaran su gasto en defensa hasta el 5% del Producto Interior Bruto\u00a0(PIB). El 23 de enero, durante su intervenci\u00f3n telem\u00e1tica en el foro de Davos, el ya presidente estadounidense\u00a0confirm\u00f3\u00a0este objetivo. Aunque cueste creerlo, algunos pa\u00edses de Europa del Este, como\u00a0Polonia, ya ten\u00edan previsto desde hace tiempo llegar a ese umbral que parece desmedido -el objetivo actual es del 2% y todav\u00eda hay pa\u00edses (en el frente a los cuales Espa\u00f1a) que se encuentran muy lejos de llegar. Desde un punto de vista hist\u00f3rico, un 5% no resulta tan desmedido si se tiene en cuenta que\u00a0a finales de la Guerra Fr\u00eda, los aliados europeos de la OTAN gastaban de media un 3,8% de su PIB en defensa, seg\u00fan los datos que\u00a0anunci\u00f3\u00a0el pasado diciembre el propio secretario general de la Alianza, el neerland\u00e9s Mark Rutte. Pero tambi\u00e9n debe tenerse en cuenta que entonces los pa\u00edses europeos destinaban mucho menos dinero a otras partidas presupuestarias, como las pensiones o servicios sociales de todo tipo, y que su deuda p\u00fablica era mucho menor que la actual. En cualquier caso, numerosos l\u00edderes europeos han reforzado en los \u00faltimos meses su discurso en favor de incrementar el gasto militar. El 20 de enero, el presidente franc\u00e9s Emmanuel Macron (quien, por cierto, a\u00fan no ha logrado aprobar los presupuestos) se sum\u00f3 al carro y apunt\u00f3 que\u00a0Francia deber\u00eda ir m\u00e1s all\u00e1 del 2%. Su razonamiento contemplaba la posibilidad de que Estados Unidos retirara en parte o totalmente sus fuerzas de Europa para desplegarlas en el Pac\u00edfico. Macron record\u00f3 que su pa\u00eds ya gastaba m\u00e1s del 2% en la actualidad (en la realidad, llega por los pelos, qued\u00e1ndose en 2024 en un 2,06%), pero se pregunt\u00f3 si este nivel \u201ces suficiente para conseguir la masa, profundidad e innovaci\u00f3n para defendernos solos en una confrontaci\u00f3n mayor. \u00bfEs suficiente para organizarnos a una escala europea y disponer de los medios para luchar?\u201d. El presidente de Francia se sumaba as\u00ed a otras capitales europeas que\u00a0van exactamente en la direcci\u00f3n que Trump ha establecido, sin que el presidente estadounidense haya todav\u00eda realizado ninguna amenaza de las que ha formulado a los europeos repetidamente durante los \u00faltimos meses, como incrementar dr\u00e1sticamente aranceles a las exportaciones europeas hacia Estados Unidos. Macron tambi\u00e9n pidi\u00f3 a Europa que apostara m\u00e1s decididamente por la\u00a0creaci\u00f3n de campeones europeos de la industria de defensa, en vez de seguir \u201cfinanciando igual a todos\u201d, lo que ha dado como resultado una fragmentaci\u00f3n excesiva de los sistemas de armas actualmente en servicio en el Viejo Continente. El nuevo secretario de defensa de Estados Unidos, Pete Hegseth, ha advertido por su parte que velar\u00eda para que los aliados demostraran su compromiso hacia el art\u00edculo 3 de la Alianza Atl\u00e1ntica, que exige a sus miembros estar \u00absuficientemente preparados\u00bb para hacer frente a un conflicto. Se espera que en la cumbre de la OTAN en La Haya, prevista en junio de 2025, se confirme un nuevo objetivo que podr\u00eda ser de m\u00e1s del 3%, seg\u00fan\u00a0admiti\u00f3\u00a0Rutte.\" \/>\n<meta property=\"og:url\" content=\"https:\/\/conversesacatalunya.cat\/es\/trump-europa-defensa\/\" \/>\n<meta property=\"og:site_name\" content=\"Converses a Catalunya\" \/>\n<meta property=\"article:published_time\" content=\"2025-01-27T09:23:28+00:00\" \/>\n<meta property=\"article:modified_time\" content=\"2025-01-27T12:09:55+00:00\" \/>\n<meta property=\"og:image\" content=\"https:\/\/conversesacatalunya.cat\/wp-content\/uploads\/2025\/01\/Voeux-aux-Armees-2025-du-president-de-la-Republique.jpg\" \/>\n\t<meta property=\"og:image:width\" content=\"1585\" \/>\n\t<meta property=\"og:image:height\" content=\"890\" \/>\n\t<meta property=\"og:image:type\" content=\"image\/jpeg\" \/>\n<meta name=\"author\" content=\"Carles L\u00f3pez\" \/>\n<meta name=\"twitter:card\" content=\"summary_large_image\" \/>\n<meta name=\"twitter:label1\" content=\"Escrito por\" \/>\n\t<meta name=\"twitter:data1\" content=\"Carles L\u00f3pez\" \/>\n\t<meta name=\"twitter:label2\" content=\"Tiempo de lectura\" \/>\n\t<meta name=\"twitter:data2\" content=\"3 minutos\" \/>\n<script type=\"application\/ld+json\" class=\"yoast-schema-graph\">{\"@context\":\"https:\/\/schema.org\",\"@graph\":[{\"@type\":\"Article\",\"@id\":\"https:\/\/conversesacatalunya.cat\/es\/trump-europa-defensa\/#article\",\"isPartOf\":{\"@id\":\"https:\/\/conversesacatalunya.cat\/es\/trump-europa-defensa\/\"},\"author\":{\"name\":\"Carles L\u00f3pez\",\"@id\":\"https:\/\/conversesacatalunya.cat\/#\/schema\/person\/3ce2ab16c0a3803086d80722c7cad56a\"},\"headline\":\"Sin que Trump haya cumplido todav\u00eda ninguna amenaza, Europa busca gastar m\u00e1s en defensa\",\"datePublished\":\"2025-01-27T09:23:28+00:00\",\"dateModified\":\"2025-01-27T12:09:55+00:00\",\"mainEntityOfPage\":{\"@id\":\"https:\/\/conversesacatalunya.cat\/es\/trump-europa-defensa\/\"},\"wordCount\":567,\"commentCount\":0,\"image\":{\"@id\":\"https:\/\/conversesacatalunya.cat\/es\/trump-europa-defensa\/#primaryimage\"},\"thumbnailUrl\":\"https:\/\/conversesacatalunya.cat\/wp-content\/uploads\/2025\/01\/Voeux-aux-Armees-2025-du-president-de-la-Republique.jpg\",\"keywords\":[\"defensa\",\"despesa militar\",\"Donald Trump\",\"Emmanuel Macron\",\"Estats Units\",\"Fran\u00e7a\",\"OTAN\"],\"articleSection\":[\"Punts clau del dia (ES)\"],\"inLanguage\":\"es\",\"potentialAction\":[{\"@type\":\"CommentAction\",\"name\":\"Comment\",\"target\":[\"https:\/\/conversesacatalunya.cat\/es\/trump-europa-defensa\/#respond\"]}]},{\"@type\":\"WebPage\",\"@id\":\"https:\/\/conversesacatalunya.cat\/es\/trump-europa-defensa\/\",\"url\":\"https:\/\/conversesacatalunya.cat\/es\/trump-europa-defensa\/\",\"name\":\"Sin que Trump haya cumplido todav\u00eda ninguna amenaza, Europa busca gastar m\u00e1s en defensa - Converses a Catalunya\",\"isPartOf\":{\"@id\":\"https:\/\/conversesacatalunya.cat\/#website\"},\"primaryImageOfPage\":{\"@id\":\"https:\/\/conversesacatalunya.cat\/es\/trump-europa-defensa\/#primaryimage\"},\"image\":{\"@id\":\"https:\/\/conversesacatalunya.cat\/es\/trump-europa-defensa\/#primaryimage\"},\"thumbnailUrl\":\"https:\/\/conversesacatalunya.cat\/wp-content\/uploads\/2025\/01\/Voeux-aux-Armees-2025-du-president-de-la-Republique.jpg\",\"datePublished\":\"2025-01-27T09:23:28+00:00\",\"dateModified\":\"2025-01-27T12:09:55+00:00\",\"author\":{\"@id\":\"https:\/\/conversesacatalunya.cat\/#\/schema\/person\/3ce2ab16c0a3803086d80722c7cad56a\"},\"breadcrumb\":{\"@id\":\"https:\/\/conversesacatalunya.cat\/es\/trump-europa-defensa\/#breadcrumb\"},\"inLanguage\":\"es\",\"potentialAction\":[{\"@type\":\"ReadAction\",\"target\":[\"https:\/\/conversesacatalunya.cat\/es\/trump-europa-defensa\/\"]}]},{\"@type\":\"ImageObject\",\"inLanguage\":\"es\",\"@id\":\"https:\/\/conversesacatalunya.cat\/es\/trump-europa-defensa\/#primaryimage\",\"url\":\"https:\/\/conversesacatalunya.cat\/wp-content\/uploads\/2025\/01\/Voeux-aux-Armees-2025-du-president-de-la-Republique.jpg\",\"contentUrl\":\"https:\/\/conversesacatalunya.cat\/wp-content\/uploads\/2025\/01\/Voeux-aux-Armees-2025-du-president-de-la-Republique.jpg\",\"width\":1585,\"height\":890},{\"@type\":\"BreadcrumbList\",\"@id\":\"https:\/\/conversesacatalunya.cat\/es\/trump-europa-defensa\/#breadcrumb\",\"itemListElement\":[{\"@type\":\"ListItem\",\"position\":1,\"name\":\"Inici\",\"item\":\"https:\/\/conversesacatalunya.cat\/es\/\"},{\"@type\":\"ListItem\",\"position\":2,\"name\":\"Sin que Trump haya cumplido todav\u00eda ninguna amenaza, Europa busca gastar m\u00e1s en defensa\"}]},{\"@type\":\"WebSite\",\"@id\":\"https:\/\/conversesacatalunya.cat\/#website\",\"url\":\"https:\/\/conversesacatalunya.cat\/\",\"name\":\"Converses a Catalunya\",\"description\":\"\",\"potentialAction\":[{\"@type\":\"SearchAction\",\"target\":{\"@type\":\"EntryPoint\",\"urlTemplate\":\"https:\/\/conversesacatalunya.cat\/?s={search_term_string}\"},\"query-input\":{\"@type\":\"PropertyValueSpecification\",\"valueRequired\":true,\"valueName\":\"search_term_string\"}}],\"inLanguage\":\"es\"},{\"@type\":\"Person\",\"@id\":\"https:\/\/conversesacatalunya.cat\/#\/schema\/person\/3ce2ab16c0a3803086d80722c7cad56a\",\"name\":\"Carles L\u00f3pez\",\"image\":{\"@type\":\"ImageObject\",\"inLanguage\":\"es\",\"@id\":\"https:\/\/conversesacatalunya.cat\/#\/schema\/person\/image\/\",\"url\":\"https:\/\/conversesacatalunya.cat\/wp-content\/litespeed\/avatar\/4891585caf2896e97846ab77f06edcf2.jpg?ver=1777091173\",\"contentUrl\":\"https:\/\/conversesacatalunya.cat\/wp-content\/litespeed\/avatar\/4891585caf2896e97846ab77f06edcf2.jpg?ver=1777091173\",\"caption\":\"Carles L\u00f3pez\"},\"url\":\"https:\/\/conversesacatalunya.cat\/es\/author\/carles-lopez\/\"}]}<\/script>\n<!-- \/ Yoast SEO plugin. -->","yoast_head_json":{"title":"Sin que Trump haya cumplido todav\u00eda ninguna amenaza, Europa busca gastar m\u00e1s en defensa - Converses a Catalunya","robots":{"index":"index","follow":"follow","max-snippet":"max-snippet:-1","max-image-preview":"max-image-preview:large","max-video-preview":"max-video-preview:-1"},"canonical":"https:\/\/conversesacatalunya.cat\/es\/trump-europa-defensa\/","og_locale":"es_ES","og_type":"article","og_title":"Sin que Trump haya cumplido todav\u00eda ninguna amenaza, Europa busca gastar m\u00e1s en defensa - Converses a Catalunya","og_description":"Hace unas semanas ya\u00a0hablamos\u00a0de la voluntad de la administraci\u00f3n Trump de que todos los miembros de la Alianza Atl\u00e1ntica\u00a0aumentaran su gasto en defensa hasta el 5% del Producto Interior Bruto\u00a0(PIB). El 23 de enero, durante su intervenci\u00f3n telem\u00e1tica en el foro de Davos, el ya presidente estadounidense\u00a0confirm\u00f3\u00a0este objetivo. Aunque cueste creerlo, algunos pa\u00edses de Europa del Este, como\u00a0Polonia, ya ten\u00edan previsto desde hace tiempo llegar a ese umbral que parece desmedido -el objetivo actual es del 2% y todav\u00eda hay pa\u00edses (en el frente a los cuales Espa\u00f1a) que se encuentran muy lejos de llegar. Desde un punto de vista hist\u00f3rico, un 5% no resulta tan desmedido si se tiene en cuenta que\u00a0a finales de la Guerra Fr\u00eda, los aliados europeos de la OTAN gastaban de media un 3,8% de su PIB en defensa, seg\u00fan los datos que\u00a0anunci\u00f3\u00a0el pasado diciembre el propio secretario general de la Alianza, el neerland\u00e9s Mark Rutte. Pero tambi\u00e9n debe tenerse en cuenta que entonces los pa\u00edses europeos destinaban mucho menos dinero a otras partidas presupuestarias, como las pensiones o servicios sociales de todo tipo, y que su deuda p\u00fablica era mucho menor que la actual. En cualquier caso, numerosos l\u00edderes europeos han reforzado en los \u00faltimos meses su discurso en favor de incrementar el gasto militar. El 20 de enero, el presidente franc\u00e9s Emmanuel Macron (quien, por cierto, a\u00fan no ha logrado aprobar los presupuestos) se sum\u00f3 al carro y apunt\u00f3 que\u00a0Francia deber\u00eda ir m\u00e1s all\u00e1 del 2%. Su razonamiento contemplaba la posibilidad de que Estados Unidos retirara en parte o totalmente sus fuerzas de Europa para desplegarlas en el Pac\u00edfico. Macron record\u00f3 que su pa\u00eds ya gastaba m\u00e1s del 2% en la actualidad (en la realidad, llega por los pelos, qued\u00e1ndose en 2024 en un 2,06%), pero se pregunt\u00f3 si este nivel \u201ces suficiente para conseguir la masa, profundidad e innovaci\u00f3n para defendernos solos en una confrontaci\u00f3n mayor. \u00bfEs suficiente para organizarnos a una escala europea y disponer de los medios para luchar?\u201d. El presidente de Francia se sumaba as\u00ed a otras capitales europeas que\u00a0van exactamente en la direcci\u00f3n que Trump ha establecido, sin que el presidente estadounidense haya todav\u00eda realizado ninguna amenaza de las que ha formulado a los europeos repetidamente durante los \u00faltimos meses, como incrementar dr\u00e1sticamente aranceles a las exportaciones europeas hacia Estados Unidos. Macron tambi\u00e9n pidi\u00f3 a Europa que apostara m\u00e1s decididamente por la\u00a0creaci\u00f3n de campeones europeos de la industria de defensa, en vez de seguir \u201cfinanciando igual a todos\u201d, lo que ha dado como resultado una fragmentaci\u00f3n excesiva de los sistemas de armas actualmente en servicio en el Viejo Continente. El nuevo secretario de defensa de Estados Unidos, Pete Hegseth, ha advertido por su parte que velar\u00eda para que los aliados demostraran su compromiso hacia el art\u00edculo 3 de la Alianza Atl\u00e1ntica, que exige a sus miembros estar \u00absuficientemente preparados\u00bb para hacer frente a un conflicto. Se espera que en la cumbre de la OTAN en La Haya, prevista en junio de 2025, se confirme un nuevo objetivo que podr\u00eda ser de m\u00e1s del 3%, seg\u00fan\u00a0admiti\u00f3\u00a0Rutte.","og_url":"https:\/\/conversesacatalunya.cat\/es\/trump-europa-defensa\/","og_site_name":"Converses a Catalunya","article_published_time":"2025-01-27T09:23:28+00:00","article_modified_time":"2025-01-27T12:09:55+00:00","og_image":[{"width":1585,"height":890,"url":"https:\/\/conversesacatalunya.cat\/wp-content\/uploads\/2025\/01\/Voeux-aux-Armees-2025-du-president-de-la-Republique.jpg","type":"image\/jpeg"}],"author":"Carles L\u00f3pez","twitter_card":"summary_large_image","twitter_misc":{"Escrito por":"Carles L\u00f3pez","Tiempo de lectura":"3 minutos"},"schema":{"@context":"https:\/\/schema.org","@graph":[{"@type":"Article","@id":"https:\/\/conversesacatalunya.cat\/es\/trump-europa-defensa\/#article","isPartOf":{"@id":"https:\/\/conversesacatalunya.cat\/es\/trump-europa-defensa\/"},"author":{"name":"Carles L\u00f3pez","@id":"https:\/\/conversesacatalunya.cat\/#\/schema\/person\/3ce2ab16c0a3803086d80722c7cad56a"},"headline":"Sin que Trump haya cumplido todav\u00eda ninguna amenaza, Europa busca gastar m\u00e1s en defensa","datePublished":"2025-01-27T09:23:28+00:00","dateModified":"2025-01-27T12:09:55+00:00","mainEntityOfPage":{"@id":"https:\/\/conversesacatalunya.cat\/es\/trump-europa-defensa\/"},"wordCount":567,"commentCount":0,"image":{"@id":"https:\/\/conversesacatalunya.cat\/es\/trump-europa-defensa\/#primaryimage"},"thumbnailUrl":"https:\/\/conversesacatalunya.cat\/wp-content\/uploads\/2025\/01\/Voeux-aux-Armees-2025-du-president-de-la-Republique.jpg","keywords":["defensa","despesa militar","Donald Trump","Emmanuel Macron","Estats Units","Fran\u00e7a","OTAN"],"articleSection":["Punts clau del dia (ES)"],"inLanguage":"es","potentialAction":[{"@type":"CommentAction","name":"Comment","target":["https:\/\/conversesacatalunya.cat\/es\/trump-europa-defensa\/#respond"]}]},{"@type":"WebPage","@id":"https:\/\/conversesacatalunya.cat\/es\/trump-europa-defensa\/","url":"https:\/\/conversesacatalunya.cat\/es\/trump-europa-defensa\/","name":"Sin que Trump haya cumplido todav\u00eda ninguna amenaza, Europa busca gastar m\u00e1s en defensa - Converses a Catalunya","isPartOf":{"@id":"https:\/\/conversesacatalunya.cat\/#website"},"primaryImageOfPage":{"@id":"https:\/\/conversesacatalunya.cat\/es\/trump-europa-defensa\/#primaryimage"},"image":{"@id":"https:\/\/conversesacatalunya.cat\/es\/trump-europa-defensa\/#primaryimage"},"thumbnailUrl":"https:\/\/conversesacatalunya.cat\/wp-content\/uploads\/2025\/01\/Voeux-aux-Armees-2025-du-president-de-la-Republique.jpg","datePublished":"2025-01-27T09:23:28+00:00","dateModified":"2025-01-27T12:09:55+00:00","author":{"@id":"https:\/\/conversesacatalunya.cat\/#\/schema\/person\/3ce2ab16c0a3803086d80722c7cad56a"},"breadcrumb":{"@id":"https:\/\/conversesacatalunya.cat\/es\/trump-europa-defensa\/#breadcrumb"},"inLanguage":"es","potentialAction":[{"@type":"ReadAction","target":["https:\/\/conversesacatalunya.cat\/es\/trump-europa-defensa\/"]}]},{"@type":"ImageObject","inLanguage":"es","@id":"https:\/\/conversesacatalunya.cat\/es\/trump-europa-defensa\/#primaryimage","url":"https:\/\/conversesacatalunya.cat\/wp-content\/uploads\/2025\/01\/Voeux-aux-Armees-2025-du-president-de-la-Republique.jpg","contentUrl":"https:\/\/conversesacatalunya.cat\/wp-content\/uploads\/2025\/01\/Voeux-aux-Armees-2025-du-president-de-la-Republique.jpg","width":1585,"height":890},{"@type":"BreadcrumbList","@id":"https:\/\/conversesacatalunya.cat\/es\/trump-europa-defensa\/#breadcrumb","itemListElement":[{"@type":"ListItem","position":1,"name":"Inici","item":"https:\/\/conversesacatalunya.cat\/es\/"},{"@type":"ListItem","position":2,"name":"Sin que Trump haya cumplido todav\u00eda ninguna amenaza, Europa busca gastar m\u00e1s en defensa"}]},{"@type":"WebSite","@id":"https:\/\/conversesacatalunya.cat\/#website","url":"https:\/\/conversesacatalunya.cat\/","name":"Converses a Catalunya","description":"","potentialAction":[{"@type":"SearchAction","target":{"@type":"EntryPoint","urlTemplate":"https:\/\/conversesacatalunya.cat\/?s={search_term_string}"},"query-input":{"@type":"PropertyValueSpecification","valueRequired":true,"valueName":"search_term_string"}}],"inLanguage":"es"},{"@type":"Person","@id":"https:\/\/conversesacatalunya.cat\/#\/schema\/person\/3ce2ab16c0a3803086d80722c7cad56a","name":"Carles L\u00f3pez","image":{"@type":"ImageObject","inLanguage":"es","@id":"https:\/\/conversesacatalunya.cat\/#\/schema\/person\/image\/","url":"https:\/\/conversesacatalunya.cat\/wp-content\/litespeed\/avatar\/4891585caf2896e97846ab77f06edcf2.jpg?ver=1777091173","contentUrl":"https:\/\/conversesacatalunya.cat\/wp-content\/litespeed\/avatar\/4891585caf2896e97846ab77f06edcf2.jpg?ver=1777091173","caption":"Carles L\u00f3pez"},"url":"https:\/\/conversesacatalunya.cat\/es\/author\/carles-lopez\/"}]}},"wps_subtitle":"Macron se suma a los l\u00edderes europeos que declaran abiertamente que es necesario gastar m\u00e1s del 2% en defensa","_links":{"self":[{"href":"https:\/\/conversesacatalunya.cat\/es\/wp-json\/wp\/v2\/posts\/85183","targetHints":{"allow":["GET"]}}],"collection":[{"href":"https:\/\/conversesacatalunya.cat\/es\/wp-json\/wp\/v2\/posts"}],"about":[{"href":"https:\/\/conversesacatalunya.cat\/es\/wp-json\/wp\/v2\/types\/post"}],"author":[{"embeddable":true,"href":"https:\/\/conversesacatalunya.cat\/es\/wp-json\/wp\/v2\/users\/75"}],"replies":[{"embeddable":true,"href":"https:\/\/conversesacatalunya.cat\/es\/wp-json\/wp\/v2\/comments?post=85183"}],"version-history":[{"count":3,"href":"https:\/\/conversesacatalunya.cat\/es\/wp-json\/wp\/v2\/posts\/85183\/revisions"}],"predecessor-version":[{"id":85208,"href":"https:\/\/conversesacatalunya.cat\/es\/wp-json\/wp\/v2\/posts\/85183\/revisions\/85208"}],"wp:featuredmedia":[{"embeddable":true,"href":"https:\/\/conversesacatalunya.cat\/es\/wp-json\/wp\/v2\/media\/85176"}],"wp:attachment":[{"href":"https:\/\/conversesacatalunya.cat\/es\/wp-json\/wp\/v2\/media?parent=85183"}],"wp:term":[{"taxonomy":"category","embeddable":true,"href":"https:\/\/conversesacatalunya.cat\/es\/wp-json\/wp\/v2\/categories?post=85183"},{"taxonomy":"post_tag","embeddable":true,"href":"https:\/\/conversesacatalunya.cat\/es\/wp-json\/wp\/v2\/tags?post=85183"}],"curies":[{"name":"wp","href":"https:\/\/api.w.org\/{rel}","templated":true}]}}