{"id":85004,"date":"2025-01-17T11:33:54","date_gmt":"2025-01-17T10:33:54","guid":{"rendered":"https:\/\/conversesacatalunya.cat\/participa-en-lenquesta-de-la-i-conferencia-civica-daccio-politica\/"},"modified":"2025-01-17T12:35:55","modified_gmt":"2025-01-17T11:35:55","slug":"participa-en-la-encuesta-de-la-i-conferencia-civica-de-accion-politica","status":"publish","type":"post","link":"https:\/\/conversesacatalunya.cat\/es\/participa-en-la-encuesta-de-la-i-conferencia-civica-de-accion-politica\/","title":{"rendered":"Participa en la encuesta de la I Conferencia C\u00edvica de Acci\u00f3n Pol\u00edtica"},"content":{"rendered":"<p><span>El 14 de diciembre se llev\u00f3 a cabo la\u00a0<\/span><strong><a href=\"https:\/\/conversesacatalunya.cat\/es\/i-conferencia-civica-de-accion-politica\/\" target=\"_blank\" rel=\"noopener\"><span>I Conferencia C\u00edvica de Acci\u00f3n Pol\u00edtica<\/span><\/a><\/strong><span>\u00a0(CCAP). Tal y como est\u00e1 planteada, las finalidades de la Conferencia tienen, como es l\u00f3gico, continuidad en el tiempo. En la perspectiva de convocar un encuentro por zoom para todos los interesados, promovemos ahora una encuesta que ayudar\u00e1, junto a los\u00a0<\/span><a href=\"https:\/\/conversesacatalunya.cat\/es\/contenidos-de-los-grupos-de-trabajo-de-la-i-conferencia-civica-de-accion-politica\/\" target=\"_blank\" rel=\"noopener\"><span>grupos de trabajo de la Conferencia<\/span><\/a><span>, a centrar tem\u00e1ticas y objetivos.<\/span><\/p>\n<h3 style=\"text-align: center;\"><a href=\"https:\/\/forms.gle\/PKAQ2MCgLrBfSxYq7\" target=\"_blank\" rel=\"noopener\"><strong>PARTICIPA EN LA ENCUESTA AQU\u00cd<\/strong><\/a><\/h3>\n<p>&nbsp;<\/p>\n","protected":false},"excerpt":{"rendered":"<p>El 14 de diciembre se llev\u00f3 a cabo la\u00a0I Conferencia C\u00edvica de Acci\u00f3n Pol\u00edtica\u00a0(CCAP). Tal y como est\u00e1 planteada, las finalidades de la Conferencia tienen, como es l\u00f3gico, continuidad en el tiempo. En la perspectiva de convocar un encuentro por zoom para todos los interesados, promovemos ahora una encuesta que ayudar\u00e1, junto a los\u00a0grupos de trabajo de la Conferencia, a centrar tem\u00e1ticas y objetivos. PARTICIPA EN LA ENCUESTA AQU\u00cd &nbsp;<\/p>\n","protected":false},"author":2,"featured_media":84967,"comment_status":"open","ping_status":"open","sticky":false,"template":"","format":"standard","meta":{"_FSMCFIC_featured_image_caption":"","_FSMCFIC_featured_image_nocaption":"","_FSMCFIC_featured_image_hide":"","footnotes":""},"categories":[788,806],"tags":[5192],"class_list":["post-85004","post","type-post","status-publish","format-standard","has-post-thumbnail","hentry","category-objectius-comuns-es","category-punts-claus-del-dia-es","tag-i-conferencia-civica"],"yoast_head":"<!-- This site is optimized with the Yoast SEO plugin v26.8 - https:\/\/yoast.com\/product\/yoast-seo-wordpress\/ -->\n<title>Participa en la encuesta de la I Conferencia C\u00edvica de Acci\u00f3n Pol\u00edtica - Converses a Catalunya<\/title>\n<meta name=\"description\" content=\"Aunque no hayas participado en la Conferencia, si est\u00e1s interesado en regenerar la vida pol\u00edtica de nuestro pa\u00eds, haznos llegar tu opini\u00f3n\" \/>\n<meta name=\"robots\" content=\"index, follow, max-snippet:-1, max-image-preview:large, max-video-preview:-1\" \/>\n<link rel=\"canonical\" href=\"https:\/\/conversesacatalunya.cat\/es\/participa-en-la-encuesta-de-la-i-conferencia-civica-de-accion-politica\/\" \/>\n<meta property=\"og:locale\" content=\"es_ES\" \/>\n<meta property=\"og:type\" content=\"article\" \/>\n<meta property=\"og:title\" content=\"Participa en la encuesta de la I Conferencia C\u00edvica de Acci\u00f3n Pol\u00edtica - Converses a Catalunya\" \/>\n<meta property=\"og:description\" content=\"Aunque no hayas participado en la Conferencia, si est\u00e1s interesado en regenerar la vida pol\u00edtica de nuestro pa\u00eds, haznos llegar tu opini\u00f3n\" \/>\n<meta property=\"og:url\" content=\"https:\/\/conversesacatalunya.cat\/es\/participa-en-la-encuesta-de-la-i-conferencia-civica-de-accion-politica\/\" \/>\n<meta property=\"og:site_name\" content=\"Converses a Catalunya\" \/>\n<meta property=\"article:published_time\" content=\"2025-01-17T10:33:54+00:00\" \/>\n<meta property=\"article:modified_time\" content=\"2025-01-17T11:35:55+00:00\" \/>\n<meta property=\"og:image\" content=\"https:\/\/conversesacatalunya.cat\/wp-content\/uploads\/2025\/01\/logoconferencia.jpg\" \/>\n\t<meta property=\"og:image:width\" content=\"607\" \/>\n\t<meta property=\"og:image:height\" content=\"522\" \/>\n\t<meta property=\"og:image:type\" content=\"image\/jpeg\" \/>\n<meta name=\"author\" content=\"conversesacatalunya\" \/>\n<meta name=\"twitter:card\" content=\"summary_large_image\" \/>\n<meta name=\"twitter:label1\" content=\"Escrito por\" \/>\n\t<meta name=\"twitter:data1\" content=\"conversesacatalunya\" \/>\n<script type=\"application\/ld+json\" class=\"yoast-schema-graph\">{\"@context\":\"https:\/\/schema.org\",\"@graph\":[{\"@type\":\"Article\",\"@id\":\"https:\/\/conversesacatalunya.cat\/es\/participa-en-la-encuesta-de-la-i-conferencia-civica-de-accion-politica\/#article\",\"isPartOf\":{\"@id\":\"https:\/\/conversesacatalunya.cat\/es\/participa-en-la-encuesta-de-la-i-conferencia-civica-de-accion-politica\/\"},\"author\":{\"name\":\"conversesacatalunya\",\"@id\":\"https:\/\/conversesacatalunya.cat\/#\/schema\/person\/7e24d1e54a2785373ddcb275eae5ed99\"},\"headline\":\"Participa en la encuesta de la I Conferencia C\u00edvica de Acci\u00f3n Pol\u00edtica\",\"datePublished\":\"2025-01-17T10:33:54+00:00\",\"dateModified\":\"2025-01-17T11:35:55+00:00\",\"mainEntityOfPage\":{\"@id\":\"https:\/\/conversesacatalunya.cat\/es\/participa-en-la-encuesta-de-la-i-conferencia-civica-de-accion-politica\/\"},\"wordCount\":92,\"commentCount\":0,\"image\":{\"@id\":\"https:\/\/conversesacatalunya.cat\/es\/participa-en-la-encuesta-de-la-i-conferencia-civica-de-accion-politica\/#primaryimage\"},\"thumbnailUrl\":\"https:\/\/conversesacatalunya.cat\/wp-content\/uploads\/2025\/01\/logoconferencia.jpg\",\"keywords\":[\"I Conferencia c\u00edvica\"],\"articleSection\":[\"Objectius comuns (ES)\",\"Punts clau del dia (ES)\"],\"inLanguage\":\"es\",\"potentialAction\":[{\"@type\":\"CommentAction\",\"name\":\"Comment\",\"target\":[\"https:\/\/conversesacatalunya.cat\/es\/participa-en-la-encuesta-de-la-i-conferencia-civica-de-accion-politica\/#respond\"]}]},{\"@type\":\"WebPage\",\"@id\":\"https:\/\/conversesacatalunya.cat\/es\/participa-en-la-encuesta-de-la-i-conferencia-civica-de-accion-politica\/\",\"url\":\"https:\/\/conversesacatalunya.cat\/es\/participa-en-la-encuesta-de-la-i-conferencia-civica-de-accion-politica\/\",\"name\":\"Participa en la encuesta de la I Conferencia C\u00edvica de Acci\u00f3n Pol\u00edtica - Converses a Catalunya\",\"isPartOf\":{\"@id\":\"https:\/\/conversesacatalunya.cat\/#website\"},\"primaryImageOfPage\":{\"@id\":\"https:\/\/conversesacatalunya.cat\/es\/participa-en-la-encuesta-de-la-i-conferencia-civica-de-accion-politica\/#primaryimage\"},\"image\":{\"@id\":\"https:\/\/conversesacatalunya.cat\/es\/participa-en-la-encuesta-de-la-i-conferencia-civica-de-accion-politica\/#primaryimage\"},\"thumbnailUrl\":\"https:\/\/conversesacatalunya.cat\/wp-content\/uploads\/2025\/01\/logoconferencia.jpg\",\"datePublished\":\"2025-01-17T10:33:54+00:00\",\"dateModified\":\"2025-01-17T11:35:55+00:00\",\"author\":{\"@id\":\"https:\/\/conversesacatalunya.cat\/#\/schema\/person\/7e24d1e54a2785373ddcb275eae5ed99\"},\"description\":\"Aunque no hayas participado en la Conferencia, si est\u00e1s interesado en regenerar la vida pol\u00edtica de nuestro pa\u00eds, haznos llegar tu opini\u00f3n\",\"breadcrumb\":{\"@id\":\"https:\/\/conversesacatalunya.cat\/es\/participa-en-la-encuesta-de-la-i-conferencia-civica-de-accion-politica\/#breadcrumb\"},\"inLanguage\":\"es\",\"potentialAction\":[{\"@type\":\"ReadAction\",\"target\":[\"https:\/\/conversesacatalunya.cat\/es\/participa-en-la-encuesta-de-la-i-conferencia-civica-de-accion-politica\/\"]}]},{\"@type\":\"ImageObject\",\"inLanguage\":\"es\",\"@id\":\"https:\/\/conversesacatalunya.cat\/es\/participa-en-la-encuesta-de-la-i-conferencia-civica-de-accion-politica\/#primaryimage\",\"url\":\"https:\/\/conversesacatalunya.cat\/wp-content\/uploads\/2025\/01\/logoconferencia.jpg\",\"contentUrl\":\"https:\/\/conversesacatalunya.cat\/wp-content\/uploads\/2025\/01\/logoconferencia.jpg\",\"width\":607,\"height\":522},{\"@type\":\"BreadcrumbList\",\"@id\":\"https:\/\/conversesacatalunya.cat\/es\/participa-en-la-encuesta-de-la-i-conferencia-civica-de-accion-politica\/#breadcrumb\",\"itemListElement\":[{\"@type\":\"ListItem\",\"position\":1,\"name\":\"Inici\",\"item\":\"https:\/\/conversesacatalunya.cat\/es\/\"},{\"@type\":\"ListItem\",\"position\":2,\"name\":\"Participa en la encuesta de la I Conferencia C\u00edvica de Acci\u00f3n Pol\u00edtica\"}]},{\"@type\":\"WebSite\",\"@id\":\"https:\/\/conversesacatalunya.cat\/#website\",\"url\":\"https:\/\/conversesacatalunya.cat\/\",\"name\":\"Converses a Catalunya\",\"description\":\"\",\"potentialAction\":[{\"@type\":\"SearchAction\",\"target\":{\"@type\":\"EntryPoint\",\"urlTemplate\":\"https:\/\/conversesacatalunya.cat\/?s={search_term_string}\"},\"query-input\":{\"@type\":\"PropertyValueSpecification\",\"valueRequired\":true,\"valueName\":\"search_term_string\"}}],\"inLanguage\":\"es\"},{\"@type\":\"Person\",\"@id\":\"https:\/\/conversesacatalunya.cat\/#\/schema\/person\/7e24d1e54a2785373ddcb275eae5ed99\",\"name\":\"conversesacatalunya\",\"image\":{\"@type\":\"ImageObject\",\"inLanguage\":\"es\",\"@id\":\"https:\/\/conversesacatalunya.cat\/#\/schema\/person\/image\/\",\"url\":\"https:\/\/conversesacatalunya.cat\/wp-content\/litespeed\/avatar\/febdfeeec89d950f01c748045a981dd2.jpg?ver=1777314535\",\"contentUrl\":\"https:\/\/conversesacatalunya.cat\/wp-content\/litespeed\/avatar\/febdfeeec89d950f01c748045a981dd2.jpg?ver=1777314535\",\"caption\":\"conversesacatalunya\"},\"url\":\"https:\/\/conversesacatalunya.cat\/es\/author\/carme_catala\/\"}]}<\/script>\n<!-- \/ Yoast SEO plugin. -->","yoast_head_json":{"title":"Participa en la encuesta de la I Conferencia C\u00edvica de Acci\u00f3n Pol\u00edtica - Converses a Catalunya","description":"Aunque no hayas participado en la Conferencia, si est\u00e1s interesado en regenerar la vida pol\u00edtica de nuestro pa\u00eds, haznos llegar tu opini\u00f3n","robots":{"index":"index","follow":"follow","max-snippet":"max-snippet:-1","max-image-preview":"max-image-preview:large","max-video-preview":"max-video-preview:-1"},"canonical":"https:\/\/conversesacatalunya.cat\/es\/participa-en-la-encuesta-de-la-i-conferencia-civica-de-accion-politica\/","og_locale":"es_ES","og_type":"article","og_title":"Participa en la encuesta de la I Conferencia C\u00edvica de Acci\u00f3n Pol\u00edtica - Converses a Catalunya","og_description":"Aunque no hayas participado en la Conferencia, si est\u00e1s interesado en regenerar la vida pol\u00edtica de nuestro pa\u00eds, haznos llegar tu opini\u00f3n","og_url":"https:\/\/conversesacatalunya.cat\/es\/participa-en-la-encuesta-de-la-i-conferencia-civica-de-accion-politica\/","og_site_name":"Converses a Catalunya","article_published_time":"2025-01-17T10:33:54+00:00","article_modified_time":"2025-01-17T11:35:55+00:00","og_image":[{"width":607,"height":522,"url":"https:\/\/conversesacatalunya.cat\/wp-content\/uploads\/2025\/01\/logoconferencia.jpg","type":"image\/jpeg"}],"author":"conversesacatalunya","twitter_card":"summary_large_image","twitter_misc":{"Escrito por":"conversesacatalunya"},"schema":{"@context":"https:\/\/schema.org","@graph":[{"@type":"Article","@id":"https:\/\/conversesacatalunya.cat\/es\/participa-en-la-encuesta-de-la-i-conferencia-civica-de-accion-politica\/#article","isPartOf":{"@id":"https:\/\/conversesacatalunya.cat\/es\/participa-en-la-encuesta-de-la-i-conferencia-civica-de-accion-politica\/"},"author":{"name":"conversesacatalunya","@id":"https:\/\/conversesacatalunya.cat\/#\/schema\/person\/7e24d1e54a2785373ddcb275eae5ed99"},"headline":"Participa en la encuesta de la I Conferencia C\u00edvica de Acci\u00f3n Pol\u00edtica","datePublished":"2025-01-17T10:33:54+00:00","dateModified":"2025-01-17T11:35:55+00:00","mainEntityOfPage":{"@id":"https:\/\/conversesacatalunya.cat\/es\/participa-en-la-encuesta-de-la-i-conferencia-civica-de-accion-politica\/"},"wordCount":92,"commentCount":0,"image":{"@id":"https:\/\/conversesacatalunya.cat\/es\/participa-en-la-encuesta-de-la-i-conferencia-civica-de-accion-politica\/#primaryimage"},"thumbnailUrl":"https:\/\/conversesacatalunya.cat\/wp-content\/uploads\/2025\/01\/logoconferencia.jpg","keywords":["I Conferencia c\u00edvica"],"articleSection":["Objectius comuns (ES)","Punts clau del dia (ES)"],"inLanguage":"es","potentialAction":[{"@type":"CommentAction","name":"Comment","target":["https:\/\/conversesacatalunya.cat\/es\/participa-en-la-encuesta-de-la-i-conferencia-civica-de-accion-politica\/#respond"]}]},{"@type":"WebPage","@id":"https:\/\/conversesacatalunya.cat\/es\/participa-en-la-encuesta-de-la-i-conferencia-civica-de-accion-politica\/","url":"https:\/\/conversesacatalunya.cat\/es\/participa-en-la-encuesta-de-la-i-conferencia-civica-de-accion-politica\/","name":"Participa en la encuesta de la I Conferencia C\u00edvica de Acci\u00f3n Pol\u00edtica - Converses a Catalunya","isPartOf":{"@id":"https:\/\/conversesacatalunya.cat\/#website"},"primaryImageOfPage":{"@id":"https:\/\/conversesacatalunya.cat\/es\/participa-en-la-encuesta-de-la-i-conferencia-civica-de-accion-politica\/#primaryimage"},"image":{"@id":"https:\/\/conversesacatalunya.cat\/es\/participa-en-la-encuesta-de-la-i-conferencia-civica-de-accion-politica\/#primaryimage"},"thumbnailUrl":"https:\/\/conversesacatalunya.cat\/wp-content\/uploads\/2025\/01\/logoconferencia.jpg","datePublished":"2025-01-17T10:33:54+00:00","dateModified":"2025-01-17T11:35:55+00:00","author":{"@id":"https:\/\/conversesacatalunya.cat\/#\/schema\/person\/7e24d1e54a2785373ddcb275eae5ed99"},"description":"Aunque no hayas participado en la Conferencia, si est\u00e1s interesado en regenerar la vida pol\u00edtica de nuestro pa\u00eds, haznos llegar tu opini\u00f3n","breadcrumb":{"@id":"https:\/\/conversesacatalunya.cat\/es\/participa-en-la-encuesta-de-la-i-conferencia-civica-de-accion-politica\/#breadcrumb"},"inLanguage":"es","potentialAction":[{"@type":"ReadAction","target":["https:\/\/conversesacatalunya.cat\/es\/participa-en-la-encuesta-de-la-i-conferencia-civica-de-accion-politica\/"]}]},{"@type":"ImageObject","inLanguage":"es","@id":"https:\/\/conversesacatalunya.cat\/es\/participa-en-la-encuesta-de-la-i-conferencia-civica-de-accion-politica\/#primaryimage","url":"https:\/\/conversesacatalunya.cat\/wp-content\/uploads\/2025\/01\/logoconferencia.jpg","contentUrl":"https:\/\/conversesacatalunya.cat\/wp-content\/uploads\/2025\/01\/logoconferencia.jpg","width":607,"height":522},{"@type":"BreadcrumbList","@id":"https:\/\/conversesacatalunya.cat\/es\/participa-en-la-encuesta-de-la-i-conferencia-civica-de-accion-politica\/#breadcrumb","itemListElement":[{"@type":"ListItem","position":1,"name":"Inici","item":"https:\/\/conversesacatalunya.cat\/es\/"},{"@type":"ListItem","position":2,"name":"Participa en la encuesta de la I Conferencia C\u00edvica de Acci\u00f3n Pol\u00edtica"}]},{"@type":"WebSite","@id":"https:\/\/conversesacatalunya.cat\/#website","url":"https:\/\/conversesacatalunya.cat\/","name":"Converses a Catalunya","description":"","potentialAction":[{"@type":"SearchAction","target":{"@type":"EntryPoint","urlTemplate":"https:\/\/conversesacatalunya.cat\/?s={search_term_string}"},"query-input":{"@type":"PropertyValueSpecification","valueRequired":true,"valueName":"search_term_string"}}],"inLanguage":"es"},{"@type":"Person","@id":"https:\/\/conversesacatalunya.cat\/#\/schema\/person\/7e24d1e54a2785373ddcb275eae5ed99","name":"conversesacatalunya","image":{"@type":"ImageObject","inLanguage":"es","@id":"https:\/\/conversesacatalunya.cat\/#\/schema\/person\/image\/","url":"https:\/\/conversesacatalunya.cat\/wp-content\/litespeed\/avatar\/febdfeeec89d950f01c748045a981dd2.jpg?ver=1777314535","contentUrl":"https:\/\/conversesacatalunya.cat\/wp-content\/litespeed\/avatar\/febdfeeec89d950f01c748045a981dd2.jpg?ver=1777314535","caption":"conversesacatalunya"},"url":"https:\/\/conversesacatalunya.cat\/es\/author\/carme_catala\/"}]}},"wps_subtitle":"Aunque no hayas participado en la Conferencia, si est\u00e1s interesado en regenerar la vida pol\u00edtica de nuestro pa\u00eds, haznos llegar tu opini\u00f3n","_links":{"self":[{"href":"https:\/\/conversesacatalunya.cat\/es\/wp-json\/wp\/v2\/posts\/85004","targetHints":{"allow":["GET"]}}],"collection":[{"href":"https:\/\/conversesacatalunya.cat\/es\/wp-json\/wp\/v2\/posts"}],"about":[{"href":"https:\/\/conversesacatalunya.cat\/es\/wp-json\/wp\/v2\/types\/post"}],"author":[{"embeddable":true,"href":"https:\/\/conversesacatalunya.cat\/es\/wp-json\/wp\/v2\/users\/2"}],"replies":[{"embeddable":true,"href":"https:\/\/conversesacatalunya.cat\/es\/wp-json\/wp\/v2\/comments?post=85004"}],"version-history":[{"count":3,"href":"https:\/\/conversesacatalunya.cat\/es\/wp-json\/wp\/v2\/posts\/85004\/revisions"}],"predecessor-version":[{"id":85007,"href":"https:\/\/conversesacatalunya.cat\/es\/wp-json\/wp\/v2\/posts\/85004\/revisions\/85007"}],"wp:featuredmedia":[{"embeddable":true,"href":"https:\/\/conversesacatalunya.cat\/es\/wp-json\/wp\/v2\/media\/84967"}],"wp:attachment":[{"href":"https:\/\/conversesacatalunya.cat\/es\/wp-json\/wp\/v2\/media?parent=85004"}],"wp:term":[{"taxonomy":"category","embeddable":true,"href":"https:\/\/conversesacatalunya.cat\/es\/wp-json\/wp\/v2\/categories?post=85004"},{"taxonomy":"post_tag","embeddable":true,"href":"https:\/\/conversesacatalunya.cat\/es\/wp-json\/wp\/v2\/tags?post=85004"}],"curies":[{"name":"wp","href":"https:\/\/api.w.org\/{rel}","templated":true}]}}