{"id":84932,"date":"2025-01-14T12:31:56","date_gmt":"2025-01-14T11:31:56","guid":{"rendered":"https:\/\/conversesacatalunya.cat\/sanchez-i-la-destruccio-de-lestat-de-dret-una-configuracio-totalitaria\/"},"modified":"2025-01-14T12:53:28","modified_gmt":"2025-01-14T11:53:28","slug":"sanchez-y-la-destruccion-del-estado-de-derecho-una-configuracion-totalitaria","status":"publish","type":"post","link":"https:\/\/conversesacatalunya.cat\/es\/sanchez-y-la-destruccion-del-estado-de-derecho-una-configuracion-totalitaria\/","title":{"rendered":"S\u00e1nchez y la destrucci\u00f3n del Estado de derecho: una configuraci\u00f3n totalitaria"},"content":{"rendered":"<p data-pm-slice=\"1 1 []\"><span>Una de las caracter\u00edsticas necesarias para considerar totalitario a un Estado es que \u00e9ste est\u00e9 al servicio del partido que gobierna. Aunque Espa\u00f1a vive en democracia, cada vez m\u00e1s presenta rasgos que avanzan hacia la configuraci\u00f3n de\u00a0<strong>un sistema totalitario, donde todo gira en torno al partido gobernante<\/strong>. \u00c9ste funciona de acuerdo con sus intereses y no en raz\u00f3n del Estado de derecho, que deber\u00eda ser determinado por las leyes y la Constituci\u00f3n. Estas \u00faltimas se reorientan constantemente para asegurar la consecuci\u00f3n de un fin: el predominio del partido por encima del Estado.<\/span><\/p>\n<p><span>En nuestro caso, esto se produce en torno a la figura de un hiperliderazgo dentro de un partido d\u00e9bil: el de\u00a0<strong>S\u00e1nchez y el PSOE<\/strong>. La \u00faltima muestra de esa deriva se produjo con la citaci\u00f3n del fiscal general del Estado como inculpado. Este hecho hist\u00f3rico transforma el Estado de derecho, puesto que la Fiscal\u00eda, encargada de perseguir delitos, tiene ahora su m\u00e1xima autoridad acusada. Esto se agrava por el car\u00e1cter jer\u00e1rquico de la instituci\u00f3n, donde el fiscal general tiene una autoridad \u00fanica e indiscutible sobre el resto de fiscales.<\/span><\/p>\n<p><span>Tener esta figura inculpada por filtrar noticias que afectan a datos reservados de un ciudadano \u2013la pareja de Ayuso\u2013 por razones supuestamente pol\u00edticas, seg\u00fan el auto del Tribunal Supremo, apunta a una conexi\u00f3n directa con la Moncloa. Adem\u00e1s, dos estrechos colaboradores del fiscal tambi\u00e9n han sido inculpados, cuestionando la objetividad del Estado de derecho en una de sus \u00e1reas m\u00e1s sensibles:\u00a0<strong>la capacidad de perseguir a los ciudadanos por presuntos delitos<\/strong>. Esto refleja una situaci\u00f3n incompatible con el buen funcionamiento de la justicia.<\/span><\/p>\n<p><span>Es fundamental que \u00c1lvaro Garc\u00eda Ortiz presente su dimisi\u00f3n, o que el gobierno le destituya, para evitar que sus declaraciones y su defensa interfieran en el funcionamiento de la Fiscal\u00eda General del Estado. \u00c9sta es una medida elemental para preservar el Estado de derecho. Si se demuestra su inocencia, podr\u00eda ser restituido, cumpliendo as\u00ed con dos principios: no darle por culpable antes de un juicio y evitar que un presunto delito comprometa la objetividad y la imagen de los fiscales.<\/span><\/p>\n<p><span>En estas circunstancias, \u00bfc\u00f3mo pueden dormir tranquilos los ciudadanos cuando, adem\u00e1s, el ministro de Justicia, Bola\u00f1os, que se comporta m\u00e1s como un hooligan que como un ministro circunspecto que tiene a cargo la Justicia, promueve modificaciones en el procedimiento judicial que trasladar\u00edan la instrucci\u00f3n de las causas de los jueces a los fiscales? Este cambio, junto a la situaci\u00f3n del fiscal general,\u00a0<strong>erosiona gravemente la confianza en la justicia espa\u00f1ola<\/strong>.<\/span><\/p>\n<p><span><strong>El fiscal general debe dimitir o ser destituido<\/strong>, de lo contrario la falta de credibilidad del gobierno y de la fiscal\u00eda superar\u00e1 todos los l\u00edmites y pedir\u00e1 a gritos una intervenci\u00f3n de la Comisi\u00f3n Europea.<\/span><\/p>\n<h4><span><strong>Medios de comunicaci\u00f3n y colaboraci\u00f3n con el poder<\/strong><\/span><\/h4>\n<p><span>No s\u00f3lo el gobierno y la Fiscal\u00eda est\u00e1n en el centro de esta situaci\u00f3n. Tambi\u00e9n existe una clara contaminaci\u00f3n por parte de los medios de comunicaci\u00f3n. La televisi\u00f3n p\u00fablica, tanto Televisi\u00f3n Espa\u00f1ola como la televisi\u00f3n catalana, act\u00faa como instrumento de partido. Adem\u00e1s, cadenas privadas como La Sexta y diarios como El Pa\u00eds y La Vanguardia adoptan una postura sesgada.<\/span><\/p>\n<p><span>Un ejemplo es el titular de La Vanguardia sobre la inculpaci\u00f3n del fiscal general:\u00a0<strong><em>\u201cEl juez insiste contra el fiscal general del Estado y da el paso de interrogarle\u201d<\/em><\/strong>. Este titular puede llevar al lector a pensar que el fiscal general s\u00f3lo ha estado llamado a declarar, ocultando que se presenta como inculpado.\u00a0<strong>\u00bfQu\u00e9 lector puede deducir de ese titular que Garc\u00eda Ortiz est\u00e1 inculpado y tiene fecha para ir a declarar?<\/strong>\u00a0Este tipo de desinformaci\u00f3n, que mezcla informaci\u00f3n y opini\u00f3n sin distinguirlas, contribuye al deterioro del debate p\u00fablico.<\/span><\/p>\n<p><span>La manipulaci\u00f3n de la informaci\u00f3n no se limita a Espa\u00f1a. Grandes medios como\u00a0<em>The New York Times<\/em>\u00a0o\u00a0<em>The Washington Post<\/em>\u00a0en Estados Unidos tambi\u00e9n influyen en la percepci\u00f3n p\u00fablica mediante sesgos ideol\u00f3gicos.<\/span><\/p>\n<h4><span><strong>La nueva Ley Org\u00e1nica y su impacto<\/strong><\/span><\/h4>\n<p><span>El gobierno est\u00e1 promoviendo en esta misma l\u00ednea una nueva Ley Org\u00e1nica presentada de forma enga\u00f1osa como una proposici\u00f3n de ley del PSOE para evitar su revisi\u00f3n por instancias como el Consejo de Estado y el Consejo General del Poder Judicial. Titulada \u201cLey de garant\u00eda y protecci\u00f3n de los derechos fundamentales frente al acoso derivado de acciones judiciales abusivas\u201d, incluye medidas preocupantes:<\/span><\/p>\n<ol type=\"1\">\n<li><span><strong>Limitar la acusaci\u00f3n popular:<\/strong>\u00a0Proh\u00edbe a partidos pol\u00edticos y asociaciones vinculadas a ellos ejercer la acusaci\u00f3n popular, restringiendo su participaci\u00f3n en la fase de juicio oral y la formulaci\u00f3n inicial de la querella. Esto elimina uno de los logros de la democracia, que el ciudadano pueda intervenir directamente y apelar a la justicia contra el poder. Basta recordar el caso Urdangarin para constatarlo.<\/span><\/li>\n<li><span><strong>Restringir denuncias basadas en informaci\u00f3n period\u00edstica<\/strong>: Establece que no se podr\u00e1 abrir un proceso penal con \u201csimples recortes de prensa\u201d. Esto liquida una de las principales herramientas para combatir delitos desde el poder: la investigaci\u00f3n period\u00edstica. Los calificados despectivamente como \u201crecortes\u201d pueden ser fruto de detalladas investigaciones por parte de los diarios. Nada demuestran, pero son un elemento indiciario de primer orden.<\/span><\/li>\n<li><span><strong>Apartar jueces que declaran a favor de partidos pol\u00edticos<\/strong>: Esta medida recorta derechos fundamentales de los jueces y, de hecho, los convierte en militares en activo. Mejor ser\u00eda prohibir de una vez las puertas giratorias entre fiscales, jueces y pol\u00edtica estableciendo largos per\u00edodos sab\u00e1ticos para quien incurriera. Por cierto, S\u00e1nchez tiene dos jueces-ministros que, cuando sean destituidos, pueden volver al juzgado o a la Audiencia al d\u00eda siguiente. Esto no lo tocan.<\/span><\/li>\n<li><span><strong>Suprimir el delito de ofensas contra sentimientos religiosos<\/strong>: Esta medida se aprob\u00f3 sin di\u00e1logo previo con las confesiones religiosas, vulnerando el art\u00edculo 16.3 de la Constituci\u00f3n.<\/span><\/li>\n<\/ol>\n<p><span>La proposici\u00f3n establece tambi\u00e9n que se aplicar\u00e1 a causas en curso, con el objetivo de liquidar procesos abiertos contra familiares del presidente S\u00e1nchez. Estas medidas consolidan un camino hacia un Estado totalitario con formas liberales y procedimientos bananeros.<\/span><\/p>\n<div id=\"polls-269\" class=\"wp-polls\">\n\t<form id=\"polls_form_269\" class=\"wp-polls-form\" action=\"\/index.php\" method=\"post\">\n\t\t<p style=\"display: none;\"><input type=\"hidden\" id=\"poll_269_nonce\" name=\"wp-polls-nonce\" value=\"892937fe58\" \/><\/p>\n\t\t<p style=\"display: none;\"><input type=\"hidden\" name=\"poll_id\" value=\"269\" \/><\/p>\n\t\t<p style=\"text-align: center\"><strong>Creus que Illa pot continuar si no aconsegueix aprovar els pressupostos de 2025 donat que la Generalitat hauria de funcionar amb el pressupost prorrogat del 2023?<\/strong><\/p><div id=\"polls-269-ans\" class=\"wp-polls-ans\"><ul class=\"wp-polls-ul\">\n\t\t<li><input type=\"radio\" id=\"poll-answer-759\" name=\"poll_269\" value=\"759\" \/> <label for=\"poll-answer-759\">S\u00ed<\/label><\/li>\n\t\t<li><input type=\"radio\" id=\"poll-answer-760\" name=\"poll_269\" value=\"760\" \/> <label for=\"poll-answer-760\">No<\/label><\/li>\n\t\t<li><input type=\"radio\" id=\"poll-answer-761\" name=\"poll_269\" value=\"761\" \/> <label for=\"poll-answer-761\">No ho s\u00e9<\/label><\/li>\n\t\t<\/ul><p style=\"text-align: center\"><input type=\"button\" name=\"vote\" value=\"   Vota   \" class=\"Buttons\" onclick=\"poll_vote(269);\" \/><\/p><p style=\"text-align: center\"><a href=\"#ViewPollResults\" onclick=\"poll_result(269); return false;\" title=\"View Results Of This Poll\">Mira els resultats<\/a><\/p><\/div>\n\t<\/form>\n<\/div>\n<div id=\"polls-269-loading\" class=\"wp-polls-loading\"><img decoding=\"async\" data-src=\"https:\/\/conversesacatalunya.cat\/wp-content\/plugins\/wp-polls\/images\/loading.gif\" width=\"16\" height=\"16\" alt=\"Cargando ...\" title=\"Cargando ...\" class=\"wp-polls-image lazyload\" src=\"data:image\/svg+xml;base64,PHN2ZyB3aWR0aD0iMSIgaGVpZ2h0PSIxIiB4bWxucz0iaHR0cDovL3d3dy53My5vcmcvMjAwMC9zdmciPjwvc3ZnPg==\" style=\"--smush-placeholder-width: 16px; --smush-placeholder-aspect-ratio: 16\/16;\" \/>&nbsp;Cargando ...<\/div>\n\n","protected":false},"excerpt":{"rendered":"<p>Una de las caracter\u00edsticas necesarias para considerar totalitario a un Estado es que \u00e9ste est\u00e9 al servicio del partido que gobierna. Aunque Espa\u00f1a vive en democracia, cada vez m\u00e1s presenta rasgos que avanzan hacia la configuraci\u00f3n de\u00a0un sistema totalitario, donde todo gira en torno al partido gobernante. \u00c9ste funciona de acuerdo con sus intereses y no en raz\u00f3n del Estado de derecho, que deber\u00eda ser determinado por las leyes y la Constituci\u00f3n. Estas \u00faltimas se reorientan constantemente para asegurar la consecuci\u00f3n de un fin: el predominio del partido por encima del Estado. En nuestro caso, esto se produce en torno a la figura de un hiperliderazgo dentro de un partido d\u00e9bil: el de\u00a0S\u00e1nchez y el PSOE. La \u00faltima muestra de esa deriva se produjo con la citaci\u00f3n del fiscal general del Estado como inculpado. Este hecho hist\u00f3rico transforma el Estado de derecho, puesto que la Fiscal\u00eda, encargada de perseguir delitos, tiene ahora su m\u00e1xima autoridad acusada. Esto se agrava por el car\u00e1cter jer\u00e1rquico de la instituci\u00f3n, donde el fiscal general tiene una autoridad \u00fanica e indiscutible sobre el resto de fiscales. Tener esta figura inculpada por filtrar noticias que afectan a datos reservados de un ciudadano \u2013la pareja de Ayuso\u2013 por razones supuestamente pol\u00edticas, seg\u00fan el auto del Tribunal Supremo, apunta a una conexi\u00f3n directa con la Moncloa. Adem\u00e1s, dos estrechos colaboradores del fiscal tambi\u00e9n han sido inculpados, cuestionando la objetividad del Estado de derecho en una de sus \u00e1reas m\u00e1s sensibles:\u00a0la capacidad de perseguir a los ciudadanos por presuntos delitos. Esto refleja una situaci\u00f3n incompatible con el buen funcionamiento de la justicia. Es fundamental que \u00c1lvaro Garc\u00eda Ortiz presente su dimisi\u00f3n, o que el gobierno le destituya, para evitar que sus declaraciones y su defensa interfieran en el funcionamiento de la Fiscal\u00eda General del Estado. \u00c9sta es una medida elemental para preservar el Estado de derecho. Si se demuestra su inocencia, podr\u00eda ser restituido, cumpliendo as\u00ed con dos principios: no darle por culpable antes de un juicio y evitar que un presunto delito comprometa la objetividad y la imagen de los fiscales. En estas circunstancias, \u00bfc\u00f3mo pueden dormir tranquilos los ciudadanos cuando, adem\u00e1s, el ministro de Justicia, Bola\u00f1os, que se comporta m\u00e1s como un hooligan que como un ministro circunspecto que tiene a cargo la Justicia, promueve modificaciones en el procedimiento judicial que trasladar\u00edan la instrucci\u00f3n de las causas de los jueces a los fiscales? Este cambio, junto a la situaci\u00f3n del fiscal general,\u00a0erosiona gravemente la confianza en la justicia espa\u00f1ola. El fiscal general debe dimitir o ser destituido, de lo contrario la falta de credibilidad del gobierno y de la fiscal\u00eda superar\u00e1 todos los l\u00edmites y pedir\u00e1 a gritos una intervenci\u00f3n de la Comisi\u00f3n Europea. Medios de comunicaci\u00f3n y colaboraci\u00f3n con el poder No s\u00f3lo el gobierno y la Fiscal\u00eda est\u00e1n en el centro de esta situaci\u00f3n. Tambi\u00e9n existe una clara contaminaci\u00f3n por parte de los medios de comunicaci\u00f3n. La televisi\u00f3n p\u00fablica, tanto Televisi\u00f3n Espa\u00f1ola como la televisi\u00f3n catalana, act\u00faa como instrumento de partido. Adem\u00e1s, cadenas privadas como La Sexta y diarios como El Pa\u00eds y La Vanguardia adoptan una postura sesgada. Un ejemplo es el titular de La Vanguardia sobre la inculpaci\u00f3n del fiscal general:\u00a0\u201cEl juez insiste contra el fiscal general del Estado y da el paso de interrogarle\u201d. Este titular puede llevar al lector a pensar que el fiscal general s\u00f3lo ha estado llamado a declarar, ocultando que se presenta como inculpado.\u00a0\u00bfQu\u00e9 lector puede deducir de ese titular que Garc\u00eda Ortiz est\u00e1 inculpado y tiene fecha para ir a declarar?\u00a0Este tipo de desinformaci\u00f3n, que mezcla informaci\u00f3n y opini\u00f3n sin distinguirlas, contribuye al deterioro del debate p\u00fablico. La manipulaci\u00f3n de la informaci\u00f3n no se limita a Espa\u00f1a. Grandes medios como\u00a0The New York Times\u00a0o\u00a0The Washington Post\u00a0en Estados Unidos tambi\u00e9n influyen en la percepci\u00f3n p\u00fablica mediante sesgos ideol\u00f3gicos. La nueva Ley Org\u00e1nica y su impacto El gobierno est\u00e1 promoviendo en esta misma l\u00ednea una nueva Ley Org\u00e1nica presentada de forma enga\u00f1osa como una proposici\u00f3n de ley del PSOE para evitar su revisi\u00f3n por instancias como el Consejo de Estado y el Consejo General del Poder Judicial. Titulada \u201cLey de garant\u00eda y protecci\u00f3n de los derechos fundamentales frente al acoso derivado de acciones judiciales abusivas\u201d, incluye medidas preocupantes: Limitar la acusaci\u00f3n popular:\u00a0Proh\u00edbe a partidos pol\u00edticos y asociaciones vinculadas a ellos ejercer la acusaci\u00f3n popular, restringiendo su participaci\u00f3n en la fase de juicio oral y la formulaci\u00f3n inicial de la querella. Esto elimina uno de los logros de la democracia, que el ciudadano pueda intervenir directamente y apelar a la justicia contra el poder. Basta recordar el caso Urdangarin para constatarlo. Restringir denuncias basadas en informaci\u00f3n period\u00edstica: Establece que no se podr\u00e1 abrir un proceso penal con \u201csimples recortes de prensa\u201d. Esto liquida una de las principales herramientas para combatir delitos desde el poder: la investigaci\u00f3n period\u00edstica. Los calificados despectivamente como \u201crecortes\u201d pueden ser fruto de detalladas investigaciones por parte de los diarios. Nada demuestran, pero son un elemento indiciario de primer orden. Apartar jueces que declaran a favor de partidos pol\u00edticos: Esta medida recorta derechos fundamentales de los jueces y, de hecho, los convierte en militares en activo. Mejor ser\u00eda prohibir de una vez las puertas giratorias entre fiscales, jueces y pol\u00edtica estableciendo largos per\u00edodos sab\u00e1ticos para quien incurriera. Por cierto, S\u00e1nchez tiene dos jueces-ministros que, cuando sean destituidos, pueden volver al juzgado o a la Audiencia al d\u00eda siguiente. Esto no lo tocan. Suprimir el delito de ofensas contra sentimientos religiosos: Esta medida se aprob\u00f3 sin di\u00e1logo previo con las confesiones religiosas, vulnerando el art\u00edculo 16.3 de la Constituci\u00f3n. La proposici\u00f3n establece tambi\u00e9n que se aplicar\u00e1 a causas en curso, con el objetivo de liquidar procesos abiertos contra familiares del presidente S\u00e1nchez. Estas medidas consolidan un camino hacia un Estado totalitario con formas liberales y procedimientos bananeros.<\/p>\n","protected":false},"author":78,"featured_media":84929,"comment_status":"open","ping_status":"open","sticky":false,"template":"","format":"standard","meta":{"_FSMCFIC_featured_image_caption":"","_FSMCFIC_featured_image_nocaption":"","_FSMCFIC_featured_image_hide":"","footnotes":""},"categories":[806],"tags":[1443,1157],"class_list":["post-84932","post","type-post","status-publish","format-standard","has-post-thumbnail","hentry","category-punts-claus-del-dia-es","tag-estado-de-derecho","tag-pedro-sanchez-es"],"yoast_head":"<!-- This site is optimized with the Yoast SEO plugin v26.8 - https:\/\/yoast.com\/product\/yoast-seo-wordpress\/ -->\n<title>S\u00e1nchez y la destrucci\u00f3n del Estado de derecho: una configuraci\u00f3n totalitaria - Converses a Catalunya<\/title>\n<meta name=\"description\" content=\"Es fundamental que \u00c1lvaro Garc\u00eda Ortiz presente su dimisi\u00f3n, o que el gobierno le destituya, para evitar que sus declaraciones y su defensa interfieran en el funcionamiento de la Fiscal\u00eda General del Estado\" \/>\n<meta name=\"robots\" content=\"index, follow, max-snippet:-1, max-image-preview:large, max-video-preview:-1\" \/>\n<link rel=\"canonical\" href=\"https:\/\/conversesacatalunya.cat\/es\/sanchez-y-la-destruccion-del-estado-de-derecho-una-configuracion-totalitaria\/\" \/>\n<meta property=\"og:locale\" content=\"es_ES\" \/>\n<meta property=\"og:type\" content=\"article\" \/>\n<meta property=\"og:title\" content=\"S\u00e1nchez y la destrucci\u00f3n del Estado de derecho: una configuraci\u00f3n totalitaria - Converses a Catalunya\" \/>\n<meta property=\"og:description\" content=\"Es fundamental que \u00c1lvaro Garc\u00eda Ortiz presente su dimisi\u00f3n, o que el gobierno le destituya, para evitar que sus declaraciones y su defensa interfieran en el funcionamiento de la Fiscal\u00eda General del Estado\" \/>\n<meta property=\"og:url\" content=\"https:\/\/conversesacatalunya.cat\/es\/sanchez-y-la-destruccion-del-estado-de-derecho-una-configuracion-totalitaria\/\" \/>\n<meta property=\"og:site_name\" content=\"Converses a Catalunya\" \/>\n<meta property=\"article:published_time\" content=\"2025-01-14T11:31:56+00:00\" \/>\n<meta property=\"article:modified_time\" content=\"2025-01-14T11:53:28+00:00\" \/>\n<meta property=\"og:image\" content=\"https:\/\/conversesacatalunya.cat\/wp-content\/uploads\/2025\/01\/garcia-ortiz.jpg\" \/>\n\t<meta property=\"og:image:width\" content=\"639\" \/>\n\t<meta property=\"og:image:height\" content=\"472\" \/>\n\t<meta property=\"og:image:type\" content=\"image\/jpeg\" \/>\n<meta name=\"author\" content=\"Joan Masip\" \/>\n<meta name=\"twitter:card\" content=\"summary_large_image\" \/>\n<meta name=\"twitter:label1\" content=\"Escrito por\" \/>\n\t<meta name=\"twitter:data1\" content=\"Joan Masip\" \/>\n\t<meta name=\"twitter:label2\" content=\"Tiempo de lectura\" \/>\n\t<meta name=\"twitter:data2\" content=\"5 minutos\" \/>\n<script type=\"application\/ld+json\" class=\"yoast-schema-graph\">{\"@context\":\"https:\/\/schema.org\",\"@graph\":[{\"@type\":\"Article\",\"@id\":\"https:\/\/conversesacatalunya.cat\/es\/sanchez-y-la-destruccion-del-estado-de-derecho-una-configuracion-totalitaria\/#article\",\"isPartOf\":{\"@id\":\"https:\/\/conversesacatalunya.cat\/es\/sanchez-y-la-destruccion-del-estado-de-derecho-una-configuracion-totalitaria\/\"},\"author\":{\"name\":\"Joan Masip\",\"@id\":\"https:\/\/conversesacatalunya.cat\/#\/schema\/person\/311d0bf53def217d5124c78a7bc42275\"},\"headline\":\"S\u00e1nchez y la destrucci\u00f3n del Estado de derecho: una configuraci\u00f3n totalitaria\",\"datePublished\":\"2025-01-14T11:31:56+00:00\",\"dateModified\":\"2025-01-14T11:53:28+00:00\",\"mainEntityOfPage\":{\"@id\":\"https:\/\/conversesacatalunya.cat\/es\/sanchez-y-la-destruccion-del-estado-de-derecho-una-configuracion-totalitaria\/\"},\"wordCount\":1087,\"commentCount\":0,\"image\":{\"@id\":\"https:\/\/conversesacatalunya.cat\/es\/sanchez-y-la-destruccion-del-estado-de-derecho-una-configuracion-totalitaria\/#primaryimage\"},\"thumbnailUrl\":\"https:\/\/conversesacatalunya.cat\/wp-content\/uploads\/2025\/01\/garcia-ortiz.jpg\",\"keywords\":[\"estado de derecho\",\"Pedro S\u00e1nchez\"],\"articleSection\":[\"Punts clau del dia (ES)\"],\"inLanguage\":\"es\",\"potentialAction\":[{\"@type\":\"CommentAction\",\"name\":\"Comment\",\"target\":[\"https:\/\/conversesacatalunya.cat\/es\/sanchez-y-la-destruccion-del-estado-de-derecho-una-configuracion-totalitaria\/#respond\"]}]},{\"@type\":\"WebPage\",\"@id\":\"https:\/\/conversesacatalunya.cat\/es\/sanchez-y-la-destruccion-del-estado-de-derecho-una-configuracion-totalitaria\/\",\"url\":\"https:\/\/conversesacatalunya.cat\/es\/sanchez-y-la-destruccion-del-estado-de-derecho-una-configuracion-totalitaria\/\",\"name\":\"S\u00e1nchez y la destrucci\u00f3n del Estado de derecho: una configuraci\u00f3n totalitaria - Converses a Catalunya\",\"isPartOf\":{\"@id\":\"https:\/\/conversesacatalunya.cat\/#website\"},\"primaryImageOfPage\":{\"@id\":\"https:\/\/conversesacatalunya.cat\/es\/sanchez-y-la-destruccion-del-estado-de-derecho-una-configuracion-totalitaria\/#primaryimage\"},\"image\":{\"@id\":\"https:\/\/conversesacatalunya.cat\/es\/sanchez-y-la-destruccion-del-estado-de-derecho-una-configuracion-totalitaria\/#primaryimage\"},\"thumbnailUrl\":\"https:\/\/conversesacatalunya.cat\/wp-content\/uploads\/2025\/01\/garcia-ortiz.jpg\",\"datePublished\":\"2025-01-14T11:31:56+00:00\",\"dateModified\":\"2025-01-14T11:53:28+00:00\",\"author\":{\"@id\":\"https:\/\/conversesacatalunya.cat\/#\/schema\/person\/311d0bf53def217d5124c78a7bc42275\"},\"description\":\"Es fundamental que \u00c1lvaro Garc\u00eda Ortiz presente su dimisi\u00f3n, o que el gobierno le destituya, para evitar que sus declaraciones y su defensa interfieran en el funcionamiento de la Fiscal\u00eda General del Estado\",\"breadcrumb\":{\"@id\":\"https:\/\/conversesacatalunya.cat\/es\/sanchez-y-la-destruccion-del-estado-de-derecho-una-configuracion-totalitaria\/#breadcrumb\"},\"inLanguage\":\"es\",\"potentialAction\":[{\"@type\":\"ReadAction\",\"target\":[\"https:\/\/conversesacatalunya.cat\/es\/sanchez-y-la-destruccion-del-estado-de-derecho-una-configuracion-totalitaria\/\"]}]},{\"@type\":\"ImageObject\",\"inLanguage\":\"es\",\"@id\":\"https:\/\/conversesacatalunya.cat\/es\/sanchez-y-la-destruccion-del-estado-de-derecho-una-configuracion-totalitaria\/#primaryimage\",\"url\":\"https:\/\/conversesacatalunya.cat\/wp-content\/uploads\/2025\/01\/garcia-ortiz.jpg\",\"contentUrl\":\"https:\/\/conversesacatalunya.cat\/wp-content\/uploads\/2025\/01\/garcia-ortiz.jpg\",\"width\":639,\"height\":472,\"caption\":\"Garc\u00eda Ortiz\"},{\"@type\":\"BreadcrumbList\",\"@id\":\"https:\/\/conversesacatalunya.cat\/es\/sanchez-y-la-destruccion-del-estado-de-derecho-una-configuracion-totalitaria\/#breadcrumb\",\"itemListElement\":[{\"@type\":\"ListItem\",\"position\":1,\"name\":\"Inici\",\"item\":\"https:\/\/conversesacatalunya.cat\/es\/\"},{\"@type\":\"ListItem\",\"position\":2,\"name\":\"S\u00e1nchez y la destrucci\u00f3n del Estado de derecho: una configuraci\u00f3n totalitaria\"}]},{\"@type\":\"WebSite\",\"@id\":\"https:\/\/conversesacatalunya.cat\/#website\",\"url\":\"https:\/\/conversesacatalunya.cat\/\",\"name\":\"Converses a Catalunya\",\"description\":\"\",\"potentialAction\":[{\"@type\":\"SearchAction\",\"target\":{\"@type\":\"EntryPoint\",\"urlTemplate\":\"https:\/\/conversesacatalunya.cat\/?s={search_term_string}\"},\"query-input\":{\"@type\":\"PropertyValueSpecification\",\"valueRequired\":true,\"valueName\":\"search_term_string\"}}],\"inLanguage\":\"es\"},{\"@type\":\"Person\",\"@id\":\"https:\/\/conversesacatalunya.cat\/#\/schema\/person\/311d0bf53def217d5124c78a7bc42275\",\"name\":\"Joan Masip\",\"image\":{\"@type\":\"ImageObject\",\"inLanguage\":\"es\",\"@id\":\"https:\/\/conversesacatalunya.cat\/#\/schema\/person\/image\/\",\"url\":\"https:\/\/conversesacatalunya.cat\/wp-content\/litespeed\/avatar\/fa67b994763cff7d443f54b63ec96481.jpg?ver=1777372547\",\"contentUrl\":\"https:\/\/conversesacatalunya.cat\/wp-content\/litespeed\/avatar\/fa67b994763cff7d443f54b63ec96481.jpg?ver=1777372547\",\"caption\":\"Joan Masip\"},\"url\":\"https:\/\/conversesacatalunya.cat\/es\/author\/joan-masip\/\"}]}<\/script>\n<!-- \/ Yoast SEO plugin. -->","yoast_head_json":{"title":"S\u00e1nchez y la destrucci\u00f3n del Estado de derecho: una configuraci\u00f3n totalitaria - Converses a Catalunya","description":"Es fundamental que \u00c1lvaro Garc\u00eda Ortiz presente su dimisi\u00f3n, o que el gobierno le destituya, para evitar que sus declaraciones y su defensa interfieran en el funcionamiento de la Fiscal\u00eda General del Estado","robots":{"index":"index","follow":"follow","max-snippet":"max-snippet:-1","max-image-preview":"max-image-preview:large","max-video-preview":"max-video-preview:-1"},"canonical":"https:\/\/conversesacatalunya.cat\/es\/sanchez-y-la-destruccion-del-estado-de-derecho-una-configuracion-totalitaria\/","og_locale":"es_ES","og_type":"article","og_title":"S\u00e1nchez y la destrucci\u00f3n del Estado de derecho: una configuraci\u00f3n totalitaria - Converses a Catalunya","og_description":"Es fundamental que \u00c1lvaro Garc\u00eda Ortiz presente su dimisi\u00f3n, o que el gobierno le destituya, para evitar que sus declaraciones y su defensa interfieran en el funcionamiento de la Fiscal\u00eda General del Estado","og_url":"https:\/\/conversesacatalunya.cat\/es\/sanchez-y-la-destruccion-del-estado-de-derecho-una-configuracion-totalitaria\/","og_site_name":"Converses a Catalunya","article_published_time":"2025-01-14T11:31:56+00:00","article_modified_time":"2025-01-14T11:53:28+00:00","og_image":[{"width":639,"height":472,"url":"https:\/\/conversesacatalunya.cat\/wp-content\/uploads\/2025\/01\/garcia-ortiz.jpg","type":"image\/jpeg"}],"author":"Joan Masip","twitter_card":"summary_large_image","twitter_misc":{"Escrito por":"Joan Masip","Tiempo de lectura":"5 minutos"},"schema":{"@context":"https:\/\/schema.org","@graph":[{"@type":"Article","@id":"https:\/\/conversesacatalunya.cat\/es\/sanchez-y-la-destruccion-del-estado-de-derecho-una-configuracion-totalitaria\/#article","isPartOf":{"@id":"https:\/\/conversesacatalunya.cat\/es\/sanchez-y-la-destruccion-del-estado-de-derecho-una-configuracion-totalitaria\/"},"author":{"name":"Joan Masip","@id":"https:\/\/conversesacatalunya.cat\/#\/schema\/person\/311d0bf53def217d5124c78a7bc42275"},"headline":"S\u00e1nchez y la destrucci\u00f3n del Estado de derecho: una configuraci\u00f3n totalitaria","datePublished":"2025-01-14T11:31:56+00:00","dateModified":"2025-01-14T11:53:28+00:00","mainEntityOfPage":{"@id":"https:\/\/conversesacatalunya.cat\/es\/sanchez-y-la-destruccion-del-estado-de-derecho-una-configuracion-totalitaria\/"},"wordCount":1087,"commentCount":0,"image":{"@id":"https:\/\/conversesacatalunya.cat\/es\/sanchez-y-la-destruccion-del-estado-de-derecho-una-configuracion-totalitaria\/#primaryimage"},"thumbnailUrl":"https:\/\/conversesacatalunya.cat\/wp-content\/uploads\/2025\/01\/garcia-ortiz.jpg","keywords":["estado de derecho","Pedro S\u00e1nchez"],"articleSection":["Punts clau del dia (ES)"],"inLanguage":"es","potentialAction":[{"@type":"CommentAction","name":"Comment","target":["https:\/\/conversesacatalunya.cat\/es\/sanchez-y-la-destruccion-del-estado-de-derecho-una-configuracion-totalitaria\/#respond"]}]},{"@type":"WebPage","@id":"https:\/\/conversesacatalunya.cat\/es\/sanchez-y-la-destruccion-del-estado-de-derecho-una-configuracion-totalitaria\/","url":"https:\/\/conversesacatalunya.cat\/es\/sanchez-y-la-destruccion-del-estado-de-derecho-una-configuracion-totalitaria\/","name":"S\u00e1nchez y la destrucci\u00f3n del Estado de derecho: una configuraci\u00f3n totalitaria - Converses a Catalunya","isPartOf":{"@id":"https:\/\/conversesacatalunya.cat\/#website"},"primaryImageOfPage":{"@id":"https:\/\/conversesacatalunya.cat\/es\/sanchez-y-la-destruccion-del-estado-de-derecho-una-configuracion-totalitaria\/#primaryimage"},"image":{"@id":"https:\/\/conversesacatalunya.cat\/es\/sanchez-y-la-destruccion-del-estado-de-derecho-una-configuracion-totalitaria\/#primaryimage"},"thumbnailUrl":"https:\/\/conversesacatalunya.cat\/wp-content\/uploads\/2025\/01\/garcia-ortiz.jpg","datePublished":"2025-01-14T11:31:56+00:00","dateModified":"2025-01-14T11:53:28+00:00","author":{"@id":"https:\/\/conversesacatalunya.cat\/#\/schema\/person\/311d0bf53def217d5124c78a7bc42275"},"description":"Es fundamental que \u00c1lvaro Garc\u00eda Ortiz presente su dimisi\u00f3n, o que el gobierno le destituya, para evitar que sus declaraciones y su defensa interfieran en el funcionamiento de la Fiscal\u00eda General del Estado","breadcrumb":{"@id":"https:\/\/conversesacatalunya.cat\/es\/sanchez-y-la-destruccion-del-estado-de-derecho-una-configuracion-totalitaria\/#breadcrumb"},"inLanguage":"es","potentialAction":[{"@type":"ReadAction","target":["https:\/\/conversesacatalunya.cat\/es\/sanchez-y-la-destruccion-del-estado-de-derecho-una-configuracion-totalitaria\/"]}]},{"@type":"ImageObject","inLanguage":"es","@id":"https:\/\/conversesacatalunya.cat\/es\/sanchez-y-la-destruccion-del-estado-de-derecho-una-configuracion-totalitaria\/#primaryimage","url":"https:\/\/conversesacatalunya.cat\/wp-content\/uploads\/2025\/01\/garcia-ortiz.jpg","contentUrl":"https:\/\/conversesacatalunya.cat\/wp-content\/uploads\/2025\/01\/garcia-ortiz.jpg","width":639,"height":472,"caption":"Garc\u00eda Ortiz"},{"@type":"BreadcrumbList","@id":"https:\/\/conversesacatalunya.cat\/es\/sanchez-y-la-destruccion-del-estado-de-derecho-una-configuracion-totalitaria\/#breadcrumb","itemListElement":[{"@type":"ListItem","position":1,"name":"Inici","item":"https:\/\/conversesacatalunya.cat\/es\/"},{"@type":"ListItem","position":2,"name":"S\u00e1nchez y la destrucci\u00f3n del Estado de derecho: una configuraci\u00f3n totalitaria"}]},{"@type":"WebSite","@id":"https:\/\/conversesacatalunya.cat\/#website","url":"https:\/\/conversesacatalunya.cat\/","name":"Converses a Catalunya","description":"","potentialAction":[{"@type":"SearchAction","target":{"@type":"EntryPoint","urlTemplate":"https:\/\/conversesacatalunya.cat\/?s={search_term_string}"},"query-input":{"@type":"PropertyValueSpecification","valueRequired":true,"valueName":"search_term_string"}}],"inLanguage":"es"},{"@type":"Person","@id":"https:\/\/conversesacatalunya.cat\/#\/schema\/person\/311d0bf53def217d5124c78a7bc42275","name":"Joan Masip","image":{"@type":"ImageObject","inLanguage":"es","@id":"https:\/\/conversesacatalunya.cat\/#\/schema\/person\/image\/","url":"https:\/\/conversesacatalunya.cat\/wp-content\/litespeed\/avatar\/fa67b994763cff7d443f54b63ec96481.jpg?ver=1777372547","contentUrl":"https:\/\/conversesacatalunya.cat\/wp-content\/litespeed\/avatar\/fa67b994763cff7d443f54b63ec96481.jpg?ver=1777372547","caption":"Joan Masip"},"url":"https:\/\/conversesacatalunya.cat\/es\/author\/joan-masip\/"}]}},"wps_subtitle":"Es fundamental que \u00c1lvaro Garc\u00eda Ortiz presente su dimisi\u00f3n, o que el gobierno le destituya, para evitar que sus declaraciones y su defensa interfieran en el funcionamiento de la Fiscal\u00eda General del Estado","_links":{"self":[{"href":"https:\/\/conversesacatalunya.cat\/es\/wp-json\/wp\/v2\/posts\/84932","targetHints":{"allow":["GET"]}}],"collection":[{"href":"https:\/\/conversesacatalunya.cat\/es\/wp-json\/wp\/v2\/posts"}],"about":[{"href":"https:\/\/conversesacatalunya.cat\/es\/wp-json\/wp\/v2\/types\/post"}],"author":[{"embeddable":true,"href":"https:\/\/conversesacatalunya.cat\/es\/wp-json\/wp\/v2\/users\/78"}],"replies":[{"embeddable":true,"href":"https:\/\/conversesacatalunya.cat\/es\/wp-json\/wp\/v2\/comments?post=84932"}],"version-history":[{"count":2,"href":"https:\/\/conversesacatalunya.cat\/es\/wp-json\/wp\/v2\/posts\/84932\/revisions"}],"predecessor-version":[{"id":84934,"href":"https:\/\/conversesacatalunya.cat\/es\/wp-json\/wp\/v2\/posts\/84932\/revisions\/84934"}],"wp:featuredmedia":[{"embeddable":true,"href":"https:\/\/conversesacatalunya.cat\/es\/wp-json\/wp\/v2\/media\/84929"}],"wp:attachment":[{"href":"https:\/\/conversesacatalunya.cat\/es\/wp-json\/wp\/v2\/media?parent=84932"}],"wp:term":[{"taxonomy":"category","embeddable":true,"href":"https:\/\/conversesacatalunya.cat\/es\/wp-json\/wp\/v2\/categories?post=84932"},{"taxonomy":"post_tag","embeddable":true,"href":"https:\/\/conversesacatalunya.cat\/es\/wp-json\/wp\/v2\/tags?post=84932"}],"curies":[{"name":"wp","href":"https:\/\/api.w.org\/{rel}","templated":true}]}}