{"id":84882,"date":"2025-01-13T08:51:12","date_gmt":"2025-01-13T07:51:12","guid":{"rendered":"https:\/\/conversesacatalunya.cat\/el-bicentenari-del-tres-tombs-dues-centes-voltes-a-la-tradicio\/"},"modified":"2025-01-13T10:30:36","modified_gmt":"2025-01-13T09:30:36","slug":"el-bicentenario-del-tres-tombs-doscientas-vueltas-a-la-tradicion","status":"publish","type":"post","link":"https:\/\/conversesacatalunya.cat\/es\/el-bicentenario-del-tres-tombs-doscientas-vueltas-a-la-tradicion\/","title":{"rendered":"El bicentenario del Tres Tombs: doscientas vueltas a la tradici\u00f3n"},"content":{"rendered":"<p data-pm-slice=\"1 1 []\"><span>En 2025, Catalunya celebrar\u00e1 el bicentenario de una de sus festividades m\u00e1s queridas: los Tres Tombs. Esta celebraci\u00f3n, que re\u00fane tradici\u00f3n, cultura y comunidad, tiene sus or\u00edgenes en las bendiciones de los animales de tiro y compa\u00f1\u00eda, y hoy es una cita ineludible en el calendario festivo catal\u00e1n.<\/span><\/p>\n<h3><span>Or\u00edgenes y significado<\/span><\/h3>\n<p><span>Los Tres Tombs surgen de una antigua tradici\u00f3n vinculada a Sant Antoni Abat, el patr\u00f3n de los animales. En la \u00e9poca medieval, era com\u00fan que los campesinos y menestrales pidieran la protecci\u00f3n del santo para sus animales, imprescindibles para el trabajo en el campo o para el transporte de mercanc\u00edas. Esta devoci\u00f3n deriv\u00f3 en una festividad religiosa que, con el paso del tiempo, ha incorporado elementos m\u00e1s l\u00fadicos y culturales.<\/span><\/p>\n<p><span>El nombre de Tres Tombs hace referencia a las tres vueltas que las comitivas de caballos, carruajes y otros animales hacen alrededor de la iglesia o en el centro del pueblo, un acto cargado de simbolismo que representa la bendici\u00f3n y la protecci\u00f3n divinas.<\/span><\/p>\n<h3><span>La fiesta hoy<\/span><\/h3>\n<p><span>Actualmente, los Tres Tombs son mucho m\u00e1s que una bendici\u00f3n de animales. Se trata de una manifestaci\u00f3n cultural que atrae a miles de personas por toda Catalu\u00f1a, desde peque\u00f1os pueblos hasta ciudades como Igualada, Vilanova y la Geltr\u00fa o Barcelona. Las cabalgatas de carros, adornos tradicionales y exhibiciones ecuestres son un espect\u00e1culo que combina historia, tradici\u00f3n y diversi\u00f3n.<\/span><\/p>\n<h3><span>Elementos destacados<\/span><\/h3>\n<ul data-spread=\"false\">\n<li><span><strong>Los carros y carruajes<\/strong><\/span><span>: Algunos de los carros que participan en los Tres Tombs son piezas hist\u00f3ricas, restauradas con cuidado para mostrar c\u00f3mo se transportaban mercanc\u00edas antiguamente.<\/span><\/li>\n<li><span><strong>Los adornos<\/strong><\/span><span>: Tanto los caballos como los carros se decoran con gran detalle, a menudo siguiendo tradiciones locales.<\/span><\/li>\n<li><span><strong>La bendici\u00f3n de los animales:<\/strong><\/span><span>\u00a0Aunque hoy en d\u00eda participan m\u00e1s mascotas que animales de tiro, el acto de la bendici\u00f3n sigue siendo el n\u00facleo espiritual de la fiesta.<\/span><\/li>\n<\/ul>\n<h3><span>Celebraciones especiales del bicentenario<\/span><\/h3>\n<p><span>Este 2025, el bicentenario ser\u00e1 la excusa perfecta para dar a\u00fan m\u00e1s relevancia a la festividad. Se han organizado actividades extraordinarias, como exposiciones sobre la historia de los dels Tres Tombs, recreaciones hist\u00f3ricas, conferencias y concursos de adornos. Tambi\u00e9n se prev\u00e9 una gran cabalgata conjunta que reunir\u00e1 a participantes de diferentes localidades para hacer un desfile in\u00e9dito.<\/span><\/p>\n<h3><span>Un legado a preservar<\/span><\/h3>\n<p><span>El bicentenario de Tres Tombs es una oportunidad \u00fanica para poner en valor esta tradici\u00f3n, que es mucho m\u00e1s que una festividad: es un testimonio de la historia y de la identidad catalana. Preservarla no s\u00f3lo es un homenaje al pasado, sino tambi\u00e9n una forma de conectar con las futuras generaciones, que tienen la responsabilidad de mantener viva esta llama cultural.<\/span><\/p>\n<p>&nbsp;<\/p>\n","protected":false},"excerpt":{"rendered":"<p>En 2025, Catalunya celebrar\u00e1 el bicentenario de una de sus festividades m\u00e1s queridas: los Tres Tombs. Esta celebraci\u00f3n, que re\u00fane tradici\u00f3n, cultura y comunidad, tiene sus or\u00edgenes en las bendiciones de los animales de tiro y compa\u00f1\u00eda, y hoy es una cita ineludible en el calendario festivo catal\u00e1n. Or\u00edgenes y significado Los Tres Tombs surgen de una antigua tradici\u00f3n vinculada a Sant Antoni Abat, el patr\u00f3n de los animales. En la \u00e9poca medieval, era com\u00fan que los campesinos y menestrales pidieran la protecci\u00f3n del santo para sus animales, imprescindibles para el trabajo en el campo o para el transporte de mercanc\u00edas. Esta devoci\u00f3n deriv\u00f3 en una festividad religiosa que, con el paso del tiempo, ha incorporado elementos m\u00e1s l\u00fadicos y culturales. El nombre de Tres Tombs hace referencia a las tres vueltas que las comitivas de caballos, carruajes y otros animales hacen alrededor de la iglesia o en el centro del pueblo, un acto cargado de simbolismo que representa la bendici\u00f3n y la protecci\u00f3n divinas. La fiesta hoy Actualmente, los Tres Tombs son mucho m\u00e1s que una bendici\u00f3n de animales. Se trata de una manifestaci\u00f3n cultural que atrae a miles de personas por toda Catalu\u00f1a, desde peque\u00f1os pueblos hasta ciudades como Igualada, Vilanova y la Geltr\u00fa o Barcelona. Las cabalgatas de carros, adornos tradicionales y exhibiciones ecuestres son un espect\u00e1culo que combina historia, tradici\u00f3n y diversi\u00f3n. Elementos destacados Los carros y carruajes: Algunos de los carros que participan en los Tres Tombs son piezas hist\u00f3ricas, restauradas con cuidado para mostrar c\u00f3mo se transportaban mercanc\u00edas antiguamente. Los adornos: Tanto los caballos como los carros se decoran con gran detalle, a menudo siguiendo tradiciones locales. La bendici\u00f3n de los animales:\u00a0Aunque hoy en d\u00eda participan m\u00e1s mascotas que animales de tiro, el acto de la bendici\u00f3n sigue siendo el n\u00facleo espiritual de la fiesta. Celebraciones especiales del bicentenario Este 2025, el bicentenario ser\u00e1 la excusa perfecta para dar a\u00fan m\u00e1s relevancia a la festividad. Se han organizado actividades extraordinarias, como exposiciones sobre la historia de los dels Tres Tombs, recreaciones hist\u00f3ricas, conferencias y concursos de adornos. Tambi\u00e9n se prev\u00e9 una gran cabalgata conjunta que reunir\u00e1 a participantes de diferentes localidades para hacer un desfile in\u00e9dito. Un legado a preservar El bicentenario de Tres Tombs es una oportunidad \u00fanica para poner en valor esta tradici\u00f3n, que es mucho m\u00e1s que una festividad: es un testimonio de la historia y de la identidad catalana. Preservarla no s\u00f3lo es un homenaje al pasado, sino tambi\u00e9n una forma de conectar con las futuras generaciones, que tienen la responsabilidad de mantener viva esta llama cultural. &nbsp;<\/p>\n","protected":false},"author":2,"featured_media":84870,"comment_status":"open","ping_status":"open","sticky":false,"template":"","format":"standard","meta":{"_FSMCFIC_featured_image_caption":"","_FSMCFIC_featured_image_nocaption":"","_FSMCFIC_featured_image_hide":"","footnotes":""},"categories":[5224,806],"tags":[4859],"class_list":["post-84882","post","type-post","status-publish","format-standard","has-post-thumbnail","hentry","category-cocina-y-tradiciones","category-punts-claus-del-dia-es","tag-tradiciones"],"yoast_head":"<!-- This site is optimized with the Yoast SEO plugin v26.8 - https:\/\/yoast.com\/product\/yoast-seo-wordpress\/ -->\n<title>El bicentenario del Tres Tombs: doscientas vueltas a la tradici\u00f3n - Converses a Catalunya<\/title>\n<meta name=\"description\" content=\"En 2025, Catalu\u00f1a celebrar\u00e1 el bicentenario de los Tres Tombs, una festividad tradicional y cultural que combina historia, comunidad y la bendici\u00f3n de los animales, manteniendo viva una tradici\u00f3n arraigada a la identidad catalana\" \/>\n<meta name=\"robots\" content=\"index, follow, max-snippet:-1, max-image-preview:large, max-video-preview:-1\" \/>\n<link rel=\"canonical\" href=\"https:\/\/conversesacatalunya.cat\/es\/el-bicentenario-del-tres-tombs-doscientas-vueltas-a-la-tradicion\/\" \/>\n<meta property=\"og:locale\" content=\"es_ES\" \/>\n<meta property=\"og:type\" content=\"article\" \/>\n<meta property=\"og:title\" content=\"El bicentenario del Tres Tombs: doscientas vueltas a la tradici\u00f3n - Converses a Catalunya\" \/>\n<meta property=\"og:description\" content=\"En 2025, Catalu\u00f1a celebrar\u00e1 el bicentenario de los Tres Tombs, una festividad tradicional y cultural que combina historia, comunidad y la bendici\u00f3n de los animales, manteniendo viva una tradici\u00f3n arraigada a la identidad catalana\" \/>\n<meta property=\"og:url\" content=\"https:\/\/conversesacatalunya.cat\/es\/el-bicentenario-del-tres-tombs-doscientas-vueltas-a-la-tradicion\/\" \/>\n<meta property=\"og:site_name\" content=\"Converses a Catalunya\" \/>\n<meta property=\"article:published_time\" content=\"2025-01-13T07:51:12+00:00\" \/>\n<meta property=\"article:modified_time\" content=\"2025-01-13T09:30:36+00:00\" \/>\n<meta property=\"og:image\" content=\"https:\/\/conversesacatalunya.cat\/wp-content\/uploads\/2025\/01\/tres-tombs.jpg\" \/>\n\t<meta property=\"og:image:width\" content=\"626\" \/>\n\t<meta property=\"og:image:height\" content=\"430\" \/>\n\t<meta property=\"og:image:type\" content=\"image\/jpeg\" \/>\n<meta name=\"author\" content=\"conversesacatalunya\" \/>\n<meta name=\"twitter:card\" content=\"summary_large_image\" \/>\n<meta name=\"twitter:label1\" content=\"Escrito por\" \/>\n\t<meta name=\"twitter:data1\" content=\"conversesacatalunya\" \/>\n\t<meta name=\"twitter:label2\" content=\"Tiempo de lectura\" \/>\n\t<meta name=\"twitter:data2\" content=\"2 minutos\" \/>\n<script type=\"application\/ld+json\" class=\"yoast-schema-graph\">{\"@context\":\"https:\/\/schema.org\",\"@graph\":[{\"@type\":\"Article\",\"@id\":\"https:\/\/conversesacatalunya.cat\/es\/el-bicentenario-del-tres-tombs-doscientas-vueltas-a-la-tradicion\/#article\",\"isPartOf\":{\"@id\":\"https:\/\/conversesacatalunya.cat\/es\/el-bicentenario-del-tres-tombs-doscientas-vueltas-a-la-tradicion\/\"},\"author\":{\"name\":\"conversesacatalunya\",\"@id\":\"https:\/\/conversesacatalunya.cat\/#\/schema\/person\/7e24d1e54a2785373ddcb275eae5ed99\"},\"headline\":\"El bicentenario del Tres Tombs: doscientas vueltas a la tradici\u00f3n\",\"datePublished\":\"2025-01-13T07:51:12+00:00\",\"dateModified\":\"2025-01-13T09:30:36+00:00\",\"mainEntityOfPage\":{\"@id\":\"https:\/\/conversesacatalunya.cat\/es\/el-bicentenario-del-tres-tombs-doscientas-vueltas-a-la-tradicion\/\"},\"wordCount\":481,\"commentCount\":0,\"image\":{\"@id\":\"https:\/\/conversesacatalunya.cat\/es\/el-bicentenario-del-tres-tombs-doscientas-vueltas-a-la-tradicion\/#primaryimage\"},\"thumbnailUrl\":\"https:\/\/conversesacatalunya.cat\/wp-content\/uploads\/2025\/01\/tres-tombs.jpg\",\"keywords\":[\"tradiciones\"],\"articleSection\":[\"Cocina y Tradiciones\",\"Punts clau del dia (ES)\"],\"inLanguage\":\"es\",\"potentialAction\":[{\"@type\":\"CommentAction\",\"name\":\"Comment\",\"target\":[\"https:\/\/conversesacatalunya.cat\/es\/el-bicentenario-del-tres-tombs-doscientas-vueltas-a-la-tradicion\/#respond\"]}]},{\"@type\":\"WebPage\",\"@id\":\"https:\/\/conversesacatalunya.cat\/es\/el-bicentenario-del-tres-tombs-doscientas-vueltas-a-la-tradicion\/\",\"url\":\"https:\/\/conversesacatalunya.cat\/es\/el-bicentenario-del-tres-tombs-doscientas-vueltas-a-la-tradicion\/\",\"name\":\"El bicentenario del Tres Tombs: doscientas vueltas a la tradici\u00f3n - Converses a Catalunya\",\"isPartOf\":{\"@id\":\"https:\/\/conversesacatalunya.cat\/#website\"},\"primaryImageOfPage\":{\"@id\":\"https:\/\/conversesacatalunya.cat\/es\/el-bicentenario-del-tres-tombs-doscientas-vueltas-a-la-tradicion\/#primaryimage\"},\"image\":{\"@id\":\"https:\/\/conversesacatalunya.cat\/es\/el-bicentenario-del-tres-tombs-doscientas-vueltas-a-la-tradicion\/#primaryimage\"},\"thumbnailUrl\":\"https:\/\/conversesacatalunya.cat\/wp-content\/uploads\/2025\/01\/tres-tombs.jpg\",\"datePublished\":\"2025-01-13T07:51:12+00:00\",\"dateModified\":\"2025-01-13T09:30:36+00:00\",\"author\":{\"@id\":\"https:\/\/conversesacatalunya.cat\/#\/schema\/person\/7e24d1e54a2785373ddcb275eae5ed99\"},\"description\":\"En 2025, Catalu\u00f1a celebrar\u00e1 el bicentenario de los Tres Tombs, una festividad tradicional y cultural que combina historia, comunidad y la bendici\u00f3n de los animales, manteniendo viva una tradici\u00f3n arraigada a la identidad catalana\",\"breadcrumb\":{\"@id\":\"https:\/\/conversesacatalunya.cat\/es\/el-bicentenario-del-tres-tombs-doscientas-vueltas-a-la-tradicion\/#breadcrumb\"},\"inLanguage\":\"es\",\"potentialAction\":[{\"@type\":\"ReadAction\",\"target\":[\"https:\/\/conversesacatalunya.cat\/es\/el-bicentenario-del-tres-tombs-doscientas-vueltas-a-la-tradicion\/\"]}]},{\"@type\":\"ImageObject\",\"inLanguage\":\"es\",\"@id\":\"https:\/\/conversesacatalunya.cat\/es\/el-bicentenario-del-tres-tombs-doscientas-vueltas-a-la-tradicion\/#primaryimage\",\"url\":\"https:\/\/conversesacatalunya.cat\/wp-content\/uploads\/2025\/01\/tres-tombs.jpg\",\"contentUrl\":\"https:\/\/conversesacatalunya.cat\/wp-content\/uploads\/2025\/01\/tres-tombs.jpg\",\"width\":626,\"height\":430,\"caption\":\"bicentenari dels Tres Tombs\"},{\"@type\":\"BreadcrumbList\",\"@id\":\"https:\/\/conversesacatalunya.cat\/es\/el-bicentenario-del-tres-tombs-doscientas-vueltas-a-la-tradicion\/#breadcrumb\",\"itemListElement\":[{\"@type\":\"ListItem\",\"position\":1,\"name\":\"Inici\",\"item\":\"https:\/\/conversesacatalunya.cat\/es\/\"},{\"@type\":\"ListItem\",\"position\":2,\"name\":\"El bicentenario del Tres Tombs: doscientas vueltas a la tradici\u00f3n\"}]},{\"@type\":\"WebSite\",\"@id\":\"https:\/\/conversesacatalunya.cat\/#website\",\"url\":\"https:\/\/conversesacatalunya.cat\/\",\"name\":\"Converses a Catalunya\",\"description\":\"\",\"potentialAction\":[{\"@type\":\"SearchAction\",\"target\":{\"@type\":\"EntryPoint\",\"urlTemplate\":\"https:\/\/conversesacatalunya.cat\/?s={search_term_string}\"},\"query-input\":{\"@type\":\"PropertyValueSpecification\",\"valueRequired\":true,\"valueName\":\"search_term_string\"}}],\"inLanguage\":\"es\"},{\"@type\":\"Person\",\"@id\":\"https:\/\/conversesacatalunya.cat\/#\/schema\/person\/7e24d1e54a2785373ddcb275eae5ed99\",\"name\":\"conversesacatalunya\",\"image\":{\"@type\":\"ImageObject\",\"inLanguage\":\"es\",\"@id\":\"https:\/\/conversesacatalunya.cat\/#\/schema\/person\/image\/\",\"url\":\"https:\/\/conversesacatalunya.cat\/wp-content\/litespeed\/avatar\/febdfeeec89d950f01c748045a981dd2.jpg?ver=1777314535\",\"contentUrl\":\"https:\/\/conversesacatalunya.cat\/wp-content\/litespeed\/avatar\/febdfeeec89d950f01c748045a981dd2.jpg?ver=1777314535\",\"caption\":\"conversesacatalunya\"},\"url\":\"https:\/\/conversesacatalunya.cat\/es\/author\/carme_catala\/\"}]}<\/script>\n<!-- \/ Yoast SEO plugin. -->","yoast_head_json":{"title":"El bicentenario del Tres Tombs: doscientas vueltas a la tradici\u00f3n - Converses a Catalunya","description":"En 2025, Catalu\u00f1a celebrar\u00e1 el bicentenario de los Tres Tombs, una festividad tradicional y cultural que combina historia, comunidad y la bendici\u00f3n de los animales, manteniendo viva una tradici\u00f3n arraigada a la identidad catalana","robots":{"index":"index","follow":"follow","max-snippet":"max-snippet:-1","max-image-preview":"max-image-preview:large","max-video-preview":"max-video-preview:-1"},"canonical":"https:\/\/conversesacatalunya.cat\/es\/el-bicentenario-del-tres-tombs-doscientas-vueltas-a-la-tradicion\/","og_locale":"es_ES","og_type":"article","og_title":"El bicentenario del Tres Tombs: doscientas vueltas a la tradici\u00f3n - Converses a Catalunya","og_description":"En 2025, Catalu\u00f1a celebrar\u00e1 el bicentenario de los Tres Tombs, una festividad tradicional y cultural que combina historia, comunidad y la bendici\u00f3n de los animales, manteniendo viva una tradici\u00f3n arraigada a la identidad catalana","og_url":"https:\/\/conversesacatalunya.cat\/es\/el-bicentenario-del-tres-tombs-doscientas-vueltas-a-la-tradicion\/","og_site_name":"Converses a Catalunya","article_published_time":"2025-01-13T07:51:12+00:00","article_modified_time":"2025-01-13T09:30:36+00:00","og_image":[{"width":626,"height":430,"url":"https:\/\/conversesacatalunya.cat\/wp-content\/uploads\/2025\/01\/tres-tombs.jpg","type":"image\/jpeg"}],"author":"conversesacatalunya","twitter_card":"summary_large_image","twitter_misc":{"Escrito por":"conversesacatalunya","Tiempo de lectura":"2 minutos"},"schema":{"@context":"https:\/\/schema.org","@graph":[{"@type":"Article","@id":"https:\/\/conversesacatalunya.cat\/es\/el-bicentenario-del-tres-tombs-doscientas-vueltas-a-la-tradicion\/#article","isPartOf":{"@id":"https:\/\/conversesacatalunya.cat\/es\/el-bicentenario-del-tres-tombs-doscientas-vueltas-a-la-tradicion\/"},"author":{"name":"conversesacatalunya","@id":"https:\/\/conversesacatalunya.cat\/#\/schema\/person\/7e24d1e54a2785373ddcb275eae5ed99"},"headline":"El bicentenario del Tres Tombs: doscientas vueltas a la tradici\u00f3n","datePublished":"2025-01-13T07:51:12+00:00","dateModified":"2025-01-13T09:30:36+00:00","mainEntityOfPage":{"@id":"https:\/\/conversesacatalunya.cat\/es\/el-bicentenario-del-tres-tombs-doscientas-vueltas-a-la-tradicion\/"},"wordCount":481,"commentCount":0,"image":{"@id":"https:\/\/conversesacatalunya.cat\/es\/el-bicentenario-del-tres-tombs-doscientas-vueltas-a-la-tradicion\/#primaryimage"},"thumbnailUrl":"https:\/\/conversesacatalunya.cat\/wp-content\/uploads\/2025\/01\/tres-tombs.jpg","keywords":["tradiciones"],"articleSection":["Cocina y Tradiciones","Punts clau del dia (ES)"],"inLanguage":"es","potentialAction":[{"@type":"CommentAction","name":"Comment","target":["https:\/\/conversesacatalunya.cat\/es\/el-bicentenario-del-tres-tombs-doscientas-vueltas-a-la-tradicion\/#respond"]}]},{"@type":"WebPage","@id":"https:\/\/conversesacatalunya.cat\/es\/el-bicentenario-del-tres-tombs-doscientas-vueltas-a-la-tradicion\/","url":"https:\/\/conversesacatalunya.cat\/es\/el-bicentenario-del-tres-tombs-doscientas-vueltas-a-la-tradicion\/","name":"El bicentenario del Tres Tombs: doscientas vueltas a la tradici\u00f3n - Converses a Catalunya","isPartOf":{"@id":"https:\/\/conversesacatalunya.cat\/#website"},"primaryImageOfPage":{"@id":"https:\/\/conversesacatalunya.cat\/es\/el-bicentenario-del-tres-tombs-doscientas-vueltas-a-la-tradicion\/#primaryimage"},"image":{"@id":"https:\/\/conversesacatalunya.cat\/es\/el-bicentenario-del-tres-tombs-doscientas-vueltas-a-la-tradicion\/#primaryimage"},"thumbnailUrl":"https:\/\/conversesacatalunya.cat\/wp-content\/uploads\/2025\/01\/tres-tombs.jpg","datePublished":"2025-01-13T07:51:12+00:00","dateModified":"2025-01-13T09:30:36+00:00","author":{"@id":"https:\/\/conversesacatalunya.cat\/#\/schema\/person\/7e24d1e54a2785373ddcb275eae5ed99"},"description":"En 2025, Catalu\u00f1a celebrar\u00e1 el bicentenario de los Tres Tombs, una festividad tradicional y cultural que combina historia, comunidad y la bendici\u00f3n de los animales, manteniendo viva una tradici\u00f3n arraigada a la identidad catalana","breadcrumb":{"@id":"https:\/\/conversesacatalunya.cat\/es\/el-bicentenario-del-tres-tombs-doscientas-vueltas-a-la-tradicion\/#breadcrumb"},"inLanguage":"es","potentialAction":[{"@type":"ReadAction","target":["https:\/\/conversesacatalunya.cat\/es\/el-bicentenario-del-tres-tombs-doscientas-vueltas-a-la-tradicion\/"]}]},{"@type":"ImageObject","inLanguage":"es","@id":"https:\/\/conversesacatalunya.cat\/es\/el-bicentenario-del-tres-tombs-doscientas-vueltas-a-la-tradicion\/#primaryimage","url":"https:\/\/conversesacatalunya.cat\/wp-content\/uploads\/2025\/01\/tres-tombs.jpg","contentUrl":"https:\/\/conversesacatalunya.cat\/wp-content\/uploads\/2025\/01\/tres-tombs.jpg","width":626,"height":430,"caption":"bicentenari dels Tres Tombs"},{"@type":"BreadcrumbList","@id":"https:\/\/conversesacatalunya.cat\/es\/el-bicentenario-del-tres-tombs-doscientas-vueltas-a-la-tradicion\/#breadcrumb","itemListElement":[{"@type":"ListItem","position":1,"name":"Inici","item":"https:\/\/conversesacatalunya.cat\/es\/"},{"@type":"ListItem","position":2,"name":"El bicentenario del Tres Tombs: doscientas vueltas a la tradici\u00f3n"}]},{"@type":"WebSite","@id":"https:\/\/conversesacatalunya.cat\/#website","url":"https:\/\/conversesacatalunya.cat\/","name":"Converses a Catalunya","description":"","potentialAction":[{"@type":"SearchAction","target":{"@type":"EntryPoint","urlTemplate":"https:\/\/conversesacatalunya.cat\/?s={search_term_string}"},"query-input":{"@type":"PropertyValueSpecification","valueRequired":true,"valueName":"search_term_string"}}],"inLanguage":"es"},{"@type":"Person","@id":"https:\/\/conversesacatalunya.cat\/#\/schema\/person\/7e24d1e54a2785373ddcb275eae5ed99","name":"conversesacatalunya","image":{"@type":"ImageObject","inLanguage":"es","@id":"https:\/\/conversesacatalunya.cat\/#\/schema\/person\/image\/","url":"https:\/\/conversesacatalunya.cat\/wp-content\/litespeed\/avatar\/febdfeeec89d950f01c748045a981dd2.jpg?ver=1777314535","contentUrl":"https:\/\/conversesacatalunya.cat\/wp-content\/litespeed\/avatar\/febdfeeec89d950f01c748045a981dd2.jpg?ver=1777314535","caption":"conversesacatalunya"},"url":"https:\/\/conversesacatalunya.cat\/es\/author\/carme_catala\/"}]}},"wps_subtitle":"En 2025, Catalu\u00f1a celebrar\u00e1 el bicentenario de los Tres Tombs, una festividad tradicional y cultural que combina historia, comunidad y la bendici\u00f3n de los animales, manteniendo viva una tradici\u00f3n arraigada a la identidad catalana","_links":{"self":[{"href":"https:\/\/conversesacatalunya.cat\/es\/wp-json\/wp\/v2\/posts\/84882","targetHints":{"allow":["GET"]}}],"collection":[{"href":"https:\/\/conversesacatalunya.cat\/es\/wp-json\/wp\/v2\/posts"}],"about":[{"href":"https:\/\/conversesacatalunya.cat\/es\/wp-json\/wp\/v2\/types\/post"}],"author":[{"embeddable":true,"href":"https:\/\/conversesacatalunya.cat\/es\/wp-json\/wp\/v2\/users\/2"}],"replies":[{"embeddable":true,"href":"https:\/\/conversesacatalunya.cat\/es\/wp-json\/wp\/v2\/comments?post=84882"}],"version-history":[{"count":2,"href":"https:\/\/conversesacatalunya.cat\/es\/wp-json\/wp\/v2\/posts\/84882\/revisions"}],"predecessor-version":[{"id":84884,"href":"https:\/\/conversesacatalunya.cat\/es\/wp-json\/wp\/v2\/posts\/84882\/revisions\/84884"}],"wp:featuredmedia":[{"embeddable":true,"href":"https:\/\/conversesacatalunya.cat\/es\/wp-json\/wp\/v2\/media\/84870"}],"wp:attachment":[{"href":"https:\/\/conversesacatalunya.cat\/es\/wp-json\/wp\/v2\/media?parent=84882"}],"wp:term":[{"taxonomy":"category","embeddable":true,"href":"https:\/\/conversesacatalunya.cat\/es\/wp-json\/wp\/v2\/categories?post=84882"},{"taxonomy":"post_tag","embeddable":true,"href":"https:\/\/conversesacatalunya.cat\/es\/wp-json\/wp\/v2\/tags?post=84882"}],"curies":[{"name":"wp","href":"https:\/\/api.w.org\/{rel}","templated":true}]}}