{"id":84853,"date":"2025-01-09T11:45:02","date_gmt":"2025-01-09T10:45:02","guid":{"rendered":"https:\/\/conversesacatalunya.cat\/diagnostic-dels-principals-problemes-despanya\/"},"modified":"2025-01-09T14:17:23","modified_gmt":"2025-01-09T13:17:23","slug":"diagnostico-de-los-principales-problemas-de-espana","status":"publish","type":"post","link":"https:\/\/conversesacatalunya.cat\/es\/diagnostico-de-los-principales-problemas-de-espana\/","title":{"rendered":"Diagn\u00f3stico de los principales problemas de Espa\u00f1a y prioridades en pol\u00edticas p\u00fabli   cas seg\u00fan la IA Chat GPT"},"content":{"rendered":"<p><span>A partir de un an\u00e1lisis multidimensional que incluye factores econ\u00f3micos, sociales, pol\u00edticos y culturales, identifico los principales problemas que afronta Espa\u00f1a y las \u00e1reas prioritarias en las que las pol\u00edticas p\u00fablicas deber\u00edan centrarse.<\/span><\/p>\n<h4><span>\ud83c\udfdb\ufe0f\u00a0<\/span><strong><span>1. Retos econ\u00f3micos<\/span><\/strong><\/h4>\n<p><strong><span>Problemas identificados:<\/span><\/strong><\/p>\n<ul>\n<li><span>Paro estructural: Tasas altas de paro, especialmente juvenil (superiores al 25%).<\/span><\/li>\n<li><span>Precariedad laboral: Contratos temporales y bajos salarios.<\/span><\/li>\n<li><span>Baja productividad: Falta de inversi\u00f3n en innovaci\u00f3n y tecnolog\u00eda.<\/span><\/li>\n<li><span>Deuda p\u00fablica elevada: M\u00e1s del 104% del PIB.<\/span><\/li>\n<li><span>Dependencia de sectores vol\u00e1tiles: Turismo y construcci\u00f3n como motores econ\u00f3micos.\u00a0<\/span><em><span>M\u00e1s que vol\u00e1tiles, el problema radica en su baja productividad, lo que significa bajos salarios. Por ejemplo, el municipio con el menor salario medio de Catalu\u00f1a es Lloret de Mar con 21.175,5 euros (2023). El salario medio en Catalu\u00f1a es de 30.515,3 euros.<\/span><\/em><\/li>\n<\/ul>\n<h4><span>\ud83d\udcda\u00a0<\/span><strong><span>2. Educaci\u00f3n y capital humano<\/span><\/strong><\/h4>\n<p><strong><span>Problemas identificados:<\/span><\/strong><\/p>\n<ul>\n<li><span>Alto abandono escolar prematuro: Uno de los m\u00e1s altos de la UE.<\/span><\/li>\n<li><span>Desconexi\u00f3n entre educaci\u00f3n y mercado laboral: Falta de formaci\u00f3n pr\u00e1ctica.<\/span><\/li>\n<li><span>Diferencias educativas territoriales: Diferencias significativas entre comunidades aut\u00f3nomas.<\/span><\/li>\n<\/ul>\n<h4><span>\ud83c\udfe5\u00a0<\/span><strong><span>3. Sistema sanitario<\/span><\/strong><\/h4>\n<p><strong><span>Problemas identificados:<\/span><\/strong><\/p>\n<ul>\n<li><span>Sobrecarga del sistema p\u00fablico: Especialmente despu\u00e9s de la pandemia de COVID-19.<\/span><\/li>\n<li><span>Desigualdad en el acceso: Variabilidad entre comunidades aut\u00f3nomas.<\/span><\/li>\n<li><span>Escasez de profesionales m\u00e9dicos: Especialmente en atenci\u00f3n primaria.\u00a0<\/span><em><span>En realidad, en t\u00e9rminos comparativos con la Uni\u00f3n Europea, no existe tal escasez, sino que gran parte del tiempo se destina a la gesti\u00f3n administrativa y de datos. La soluci\u00f3n es relativamente f\u00e1cil: disponer de personal para la gesti\u00f3n administrativa y digitalizarlo m\u00e1s y mejor.<\/span><\/em><\/li>\n<\/ul>\n<h4><span>\ud83e\uddd3\u00a0<\/span><strong><span>4. Envejecimiento de la poblaci\u00f3n<\/span><\/strong><\/h4>\n<p><strong><span>Problemas identificados:<\/span><\/strong><\/p>\n<ul>\n<li><span>Baja natalidad: Tasa de fertilidad de 1,2 hijos por mujer.\u00a0<\/span><em><span>En realidad, es peor: 1,1 hijos por mujer en edad de procrear. ) de se\u00f1alar el problema. Es mucho m\u00e1s de lo que hacen nuestros pol\u00edticos, que prefieren ignorarlo.<\/span><\/em><\/li>\n<li><span>Sistema de pensiones insostenible: Dependencia de cotizantes activos.\u00a0<\/span><em><span>Considera que la reforma S\u00e1nchez no garantiza su viabilidad a largo plazo.<\/span><\/em><\/li>\n<li><span>Creciente demanda de servicios asistenciales: Dependencia de cuidados.<\/span><\/li>\n<\/ul>\n<p><strong><span>Hace tres recomendaciones de pol\u00edticas p\u00fablicas muy sensatas:<\/span><\/strong><\/p>\n<ul>\n<li><span>Fomentar pol\u00edticas de conciliaci\u00f3n laboral y familiar.<\/span><\/li>\n<li><span>Incentivos econ\u00f3micos para aumentar la natalidad.<\/span><\/li>\n<li><span>Reformar el sistema de pensiones para garantizar su sostenibilidad.<\/span><\/li>\n<\/ul>\n<h4><span>\ud83c\udfd8\ufe0f\u00a0<\/span><strong><span>5. Vivienda y acceso a la propiedad<\/span><\/strong><\/h4>\n<p><strong><span>Problemas identificados:<\/span><\/strong><\/p>\n<ul>\n<li><span>Precios elevados de alquiler y compra: Especialmente en grandes ciudades.<\/span><\/li>\n<li><span>Escasez de vivienda social: Parque p\u00fablico de alquiler social insuficiente.<\/span><\/li>\n<li><span>Especulaci\u00f3n inmobiliaria: Impacto de fondos de inversi\u00f3n en el mercado.\u00a0<\/span><em><span>Este \u00faltimo punto es discutible, ya que s\u00f3lo entre el 5 y el 8% de los pisos de alquiler son de grandes tenedores.<\/span><\/em><\/li>\n<\/ul>\n<p><strong><span>Se\u00f1ala como recomendaciones de pol\u00edticas p\u00fablicas:<\/span><\/strong><\/p>\n<ul>\n<li><span>Regulaci\u00f3n de los alquileres en zonas tensionadas.<\/span><\/li>\n<li><span>Aumento del parque de vivienda social.<\/span><\/li>\n<li><span>Programas de acceso a la vivienda para j\u00f3venes y familias vulnerables.<\/span><\/li>\n<\/ul>\n<h4><strong><span>\ud83c\udf0d\u00a0<\/span><\/strong><strong><span>6. Retos medioambientales<\/span><\/strong><\/h4>\n<p><strong><span>Problemas identificados:<\/span><\/strong><\/p>\n<ul>\n<li><span>Escasez de agua y sequ\u00edas recurrentes.<\/span><\/li>\n<li><span>Dependencia energ\u00e9tica: Alta dependencia de fuentes externas. Es exacto, m\u00e1s del 60% tiene ese origen. En ocasiones se confunde el mix total de producci\u00f3n de energ\u00eda primaria con el destinado a la producci\u00f3n de electricidad, donde las renovables predominan, pero en el conjunto de la necesidad de energ\u00eda el petr\u00f3leo y el gas siguen mandando.<\/span><\/li>\n<li><span>Contaminaci\u00f3n y p\u00e9rdida de biodiversidad.<\/span><\/li>\n<\/ul>\n<h4><span>\ud83d\uddf3\ufe0f\u00a0<\/span><strong><span>7. Gobernanza y cohesi\u00f3n territorial<\/span><\/strong><\/h4>\n<p><strong><span>Problemas identificados:<\/span><\/strong><\/p>\n<ul>\n<li><span>Polarizaci\u00f3n pol\u00edtica: Fragmentaci\u00f3n parlamentaria y dificultad para formar gobiernos estables.<\/span><\/li>\n<li><span>Retos auton\u00f3micos: Tensiones en Catalu\u00f1a y otras comunidades.<\/span><\/li>\n<li><span>Corrupci\u00f3n pol\u00edtica: Casos recurrentes que afectan a la confianza ciudadana.<\/span><\/li>\n<\/ul>\n<h4><span>\ud83d\udc69\u200d\u2696\ufe0f\u00a0<\/span><strong><span>8. Justicia y seguridad ciudadana<\/span><\/strong><\/h4>\n<p><strong><span>Problemas identificados:<\/span><\/strong><\/p>\n<ul>\n<li><span>Colapso judicial: Lentitud en la resoluci\u00f3n de casos.<\/span><\/li>\n<li><span>Acceso desigual a la justicia: Diferencias econ\u00f3micas limitan el acceso.<\/span><\/li>\n<li><span>Crecientes amenazas cibern\u00e9ticas: Incremento del cibercrimen.<\/span><\/li>\n<\/ul>\n<h4><span>\ud83e\udde0\u00a0<\/span><strong><span>9. Salud mental<\/span><\/strong><\/h4>\n<p><strong><span>Problemas identificados:<\/span><\/strong><\/p>\n<ul>\n<li><span>Incremento de trastornos mentales: Especialmente entre j\u00f3venes.<\/span><\/li>\n<li><span>Estigmatizaci\u00f3n social: Falta de normalizaci\u00f3n de la salud mental.<\/span><\/li>\n<li><span>Escasez de profesionales especializados.<\/span><\/li>\n<\/ul>\n<h4><span>\ud83c\udf10\u00a0<\/span><strong><span>10. Desinformaci\u00f3n y cohesi\u00f3n social<\/span><\/strong><\/h4>\n<p><strong><span>Problemas identificados:<\/span><\/strong><\/p>\n<ul>\n<li><span>Crecimiento de las\u00a0<\/span><em><span>fake news<\/span><\/em><span>\u00a0: Impacto en la opini\u00f3n p\u00fablica.<\/span><\/li>\n<li><span>Desconfianza institucional: Baja credibilidad en medios y pol\u00edticos.<\/span><\/li>\n<li><span>Fragmentaci\u00f3n social: Incremento de tensiones ideol\u00f3gicas.<\/span><\/li>\n<\/ul>\n<p><strong><span>Entre las recomendaciones de pol\u00edticas p\u00fablicas se se\u00f1ala:<\/span><\/strong><\/p>\n<ul>\n<li><span>Promover la alfabetizaci\u00f3n medi\u00e1tica en la educaci\u00f3n.<\/span><\/li>\n<li><span>Crear mecanismos de verificaci\u00f3n de informaci\u00f3n oficial. Esto es un error porque una fuente de desinformaci\u00f3n es el propio gobierno. Por ejemplo, celebrar en 1975, cuando falleci\u00f3 Franco y su sucesor Juan Carlos jur\u00f3 los Principios Fundamentales del Movimiento Nacional, como el inicio de la libertad en Espa\u00f1a (en noviembre).<\/span><\/li>\n<li><span>Fomentar la participaci\u00f3n ciudadana en procesos democr\u00e1ticos.<\/span><\/li>\n<\/ul>\n<h3><span>\ud83d\udcdd\u00a0<\/span><strong><span>Resumen de las principales prioridades:<\/span><\/strong><\/h3>\n<ol>\n<li><span>Reducci\u00f3n del paro y la precariedad laboral.<\/span><\/li>\n<li><span>Reforma educativa y lucha contra el abandono escolar.<\/span><\/li>\n<li><span>Fortalecimiento del sistema sanitario y acceso equitativo.<\/span><\/li>\n<li><span>Afrontar el envejecimiento poblacional y reformar las pensiones.<\/span><\/li>\n<li><span>Garantizar el acceso a una vivienda digna.<\/span><\/li>\n<li><span>Impulsar pol\u00edticas medioambientales sustentables.<\/span><\/li>\n<li><span>Fomentar la estabilidad pol\u00edtica y la cohesi\u00f3n territorial.<\/span><\/li>\n<li><span>Digitalizar y agilizar el sistema judicial.<\/span><\/li>\n<li><span>Invertir en salud mental.<\/span><\/li>\n<li><span>Combatir la desinformaci\u00f3n y fortalecer la confianza social.<\/span><\/li>\n<\/ol>\n<h3><span>A continuaci\u00f3n, se le pidi\u00f3 a la IA lo siguiente:<\/span><\/h3>\n<p><span>S\u00ed, las encuestas se\u00f1alan que un primer problema es el de la pol\u00edtica y los partidos pol\u00edticos. Otro concomitante puede ser el de la anomia de las instituciones. El parlamento tiene una producci\u00f3n de leyes en parte t\u00e9cnicamente imperfecta y en parte inadecuada, o que no guarda relaci\u00f3n con las necesidades sentidas por la poblaci\u00f3n. Otro, las tensiones entre la Justicia y el poder ejecutivo. Otro, las cesiones al independentismo catal\u00e1n y las tensiones que crean. \u00bfC\u00f3mo ves estas consideraciones?<\/span><\/p>\n<h4><span>La respuesta:<\/span><\/h4>\n<h4><span>\ud83d\udcca\u00a0<\/span><strong><span>An\u00e1lisis de los Problemas Estructurales del Sistema Pol\u00edtico Espa\u00f1ol<\/span><\/strong><\/h4>\n<p><span>Tus observaciones apuntan con precisi\u00f3n a una serie de problemas estructurales en el \u00e1mbito pol\u00edtico-institucional de Espa\u00f1a. Estos factores no s\u00f3lo afectan a la gobernabilidad, sino que tambi\u00e9n generan un clima de desconfianza ciudadana hacia las instituciones. A continuaci\u00f3n, desarrollo cada punto clave que has mencionado y ofrezco posibles l\u00edneas de acci\u00f3n.<\/span><\/p>\n<h4><span>\ud83c\udfdb\ufe0f\u00a0<\/span><strong><span>1. Crisis de los partidos pol\u00edticos y desafecci\u00f3n ciudadana<\/span><\/strong><\/h4>\n<p><span>\u2705\u00a0<\/span><strong><span>Problemas identificados:<\/span><\/strong><\/p>\n<ul>\n<li><span>Desconexi\u00f3n con la ciudadan\u00eda: Los partidos pol\u00edticos parecen cada vez m\u00e1s enfocados a estrategias electorales que a resolver problemas reales.<\/span><\/li>\n<li><span>Polarizaci\u00f3n extrema: El discurso pol\u00edtico ha ca\u00eddo en din\u00e1micas de permanente confrontaci\u00f3n, dejando poco espacio para acuerdos estables.<\/span><\/li>\n<li><span>Corrupci\u00f3n e impunidad: Los casos de corrupci\u00f3n han erosionado la confianza en los partidos.<\/span><\/li>\n<li><span>Carece de regeneraci\u00f3n interna: Las estructuras partidarias tienden al inmovilismo ya la perpetuaci\u00f3n de los liderazgos.<\/span><\/li>\n<\/ul>\n<p><span>\ud83d\udee0\ufe0f\u00a0<\/span><strong><span>Propuestas de pol\u00edtica p\u00fablica:<\/span><\/strong><\/p>\n<ul>\n<li><span>Reformar la Ley de Partidos para aumentar la transparencia y democracia interna.<\/span><\/li>\n<li><span>Limitar los mandatos en cargos clave para evitar la perpetuaci\u00f3n de las \u00e9lites pol\u00edticas.<\/span><\/li>\n<li><span>Incentivar la participaci\u00f3n ciudadana en las decisiones pol\u00edticas mediante consultas m\u00e1s frecuentes y mecanismos deliberativos.<\/span><\/li>\n<li><span>Endurecer las penas por corrupci\u00f3n y mejorar los mecanismos de control interno en los partidos.<\/span><\/li>\n<\/ul>\n<h4><span>\u2696\ufe0f\u00a0<\/span><strong><span>2. Tensiones entre el Poder Ejecutivo y el Judicial<\/span><\/strong><\/h4>\n<p><span>\u2705\u00a0<\/span><strong><span>Problemas identificados:<\/span><\/strong><\/p>\n<ul>\n<li><span>Interferencia pol\u00edtica en el Poder Judicial: Las instituciones judiciales son a menudo percibidas como herramientas pol\u00edticas.<\/span><\/li>\n<li><span>Bloqueo en la renovaci\u00f3n del CGPJ (Consejo General del Poder Judicial): La falta de consenso pol\u00edtico ha paralizado su renovaci\u00f3n durante a\u00f1os. En ese punto la informaci\u00f3n est\u00e1 desfasada.<\/span><\/li>\n<li><span>Politizaci\u00f3n de los altos tribunales: La elecci\u00f3n de jueces y magistrados en \u00f3rganos clave est\u00e1 sujeta a acuerdos pol\u00edticos.<\/span><\/li>\n<\/ul>\n<p><span>\ud83d\udee0\ufe0f\u00a0<\/span><strong><span>Propuestas de pol\u00edtica p\u00fablica:<\/span><\/strong><\/p>\n<ul>\n<li><span>Despolitizar a los \u00f3rganos judiciales mediante un sistema de elecci\u00f3n m\u00e1s t\u00e9cnico y menos dependiente de los partidos pol\u00edticos.<\/span><\/li>\n<li><span>Garantizar la independencia real de los jueces frente a las presiones pol\u00edticas.<\/span><\/li>\n<li><span>Agilizar los procedimientos judiciales en casos de corrupci\u00f3n y delitos pol\u00edticos.<\/span><\/li>\n<li><span>Reformar la elecci\u00f3n del CGPJ para que su composici\u00f3n refleje criterios t\u00e9cnicos y meritocr\u00e1ticos, y no exclusivamente pol\u00edticos.<\/span><\/li>\n<\/ul>\n<h4><span>\ud83c\udfe2\u00a0<\/span><strong><span>3. Parlamento: Producci\u00f3n legislativa ineficiente y desconectada<\/span><\/strong><\/h4>\n<p><span>\u2705\u00a0<\/span><strong><span>Problemas identificados<\/span><\/strong><span>:<\/span><\/p>\n<ul>\n<li><span>Producci\u00f3n legislativa excesiva e ineficaz: Se aprueban demasiadas leyes, muchas de ellas innecesarias o mal redactadas.<\/span><\/li>\n<li><span>Leyes t\u00e9cnicas poco pr\u00e1cticas: Algunas leyes tienen un enfoque m\u00e1s ideol\u00f3gico que t\u00e9cnico.<\/span><\/li>\n<li><span>Desconexi\u00f3n con la realidad social: Las prioridades legislativas a menudo no responden a las demandas m\u00e1s acuciantes de la ciudadan\u00eda.<\/span><\/li>\n<\/ul>\n<p><span>\ud83d\udee0\ufe0f\u00a0<\/span><strong><span>Propuestas de pol\u00edtica p\u00fablica:<\/span><\/strong><\/p>\n<ul>\n<li><span>Crear un comit\u00e9 independiente de revisi\u00f3n t\u00e9cnica para evaluar la calidad de las leyes antes de su aprobaci\u00f3n.<\/span><\/li>\n<li><span>Reducir la inflaci\u00f3n legislativa y fomentar leyes m\u00e1s estables y duraderas.<\/span><\/li>\n<li><span>Establecer mecanismos de consulta ciudadana en las fases preliminares de redacci\u00f3n de leyes clave.<\/span><\/li>\n<li><span>Impulsar evaluaciones de impacto reales de las leyes aprobadas.<\/span><\/li>\n<\/ul>\n<h4><span>\ud83d\uddfa\ufe0f\u00a0<\/span><strong><span>4. Cesiones al independentismo catal\u00e1n y tensiones territoriales<\/span><\/strong><\/h4>\n<p><strong><span>\u2705\u00a0<\/span><\/strong><strong><span>Problemas identificados:<\/span><\/strong><\/p>\n<ul>\n<li><span>Asimetr\u00eda territorial: Las concesiones puntuales en Catalu\u00f1a han generado un sentimiento de agravio comparativo en otras comunidades aut\u00f3nomas.<\/span><\/li>\n<li><span>Carece de un marco claro de convivencia territorial: El modelo auton\u00f3mico presenta ambig\u00fcedades y falta de coordinaci\u00f3n.<\/span><\/li>\n<li><span>Polarizaci\u00f3n interna en Catalu\u00f1a: La sociedad catalana sigue profundamente dividida en torno al independentismo.<\/span><\/li>\n<\/ul>\n<h4><span>\ud83d\udee0\ufe0f\u00a0<\/span><strong><span>Propuestas de pol\u00edtica p\u00fablica:<\/span><\/strong><\/h4>\n<ul>\n<li><span>Reformar el modelo auton\u00f3mico para clarificar competencias y responsabilidades.<\/span><\/li>\n<li><span>Establecer una financiaci\u00f3n auton\u00f3mica m\u00e1s transparente y equitativa.<\/span><\/li>\n<li><span>Fomentar el di\u00e1logo interterritorial mediante foros permanentes de encuentro entre autonom\u00edas.<\/span><\/li>\n<li><span>Desarrollar pol\u00edticas p\u00fablicas que fortalezcan la cohesi\u00f3n social en Catalu\u00f1a y reduzcan la polarizaci\u00f3n.<\/span><\/li>\n<\/ul>\n<h4><span>\ud83e\udd1d\u00a0<\/span><strong><span>5. Anom\u00eda institucional y p\u00e9rdida de confianza en las instituciones<\/span><\/strong><\/h4>\n<p><span>\u2705\u00a0<\/span><strong><span>Problemas identificados:<\/span><\/strong><\/p>\n<ul>\n<li><span>Falta de respeto a las normas comunes: Las instituciones pol\u00edticas y jur\u00eddicas a menudo no son respetadas por aquellos que deber\u00edan ser sus principales garantes.<\/span><\/li>\n<li><span>Desconfianza generalizada: El ciudadano medio siente que las instituciones no representan sus intereses.<\/span><\/li>\n<li><span>Fragmentaci\u00f3n del poder pol\u00edtico: La carencia de mayor\u00edas s\u00f3lidas genera gobiernos d\u00e9biles y legislaturas inestables.<\/span><\/li>\n<\/ul>\n<p><span>\ud83d\udee0\ufe0f\u00a0<\/span><strong><span>Propuestas de pol\u00edtica p\u00fablica:<\/span><\/strong><\/p>\n<ul>\n<li><span>Impulsar una regeneraci\u00f3n institucional que refuerce la separaci\u00f3n de poderes y la independencia de los organismos clave.<\/span><\/li>\n<li><span>Realizar auditor\u00edas peri\u00f3dicas en las instituciones p\u00fablicas para garantizar su eficacia y transparencia.<\/span><\/li>\n<li><span>Reformar el sistema electoral para favorecer la estabilidad gubernamental y reducir el bloqueo legislativo.<\/span><\/li>\n<li><span>Educar a la ciudadan\u00eda en valores democr\u00e1ticos y participaci\u00f3n activa.<\/span><\/li>\n<\/ul>\n<h3><strong><span>\ud83d\udccc\u00a0<\/span><\/strong><strong><span>Resumen de las recomendaciones prioritarias:<\/span><\/strong><\/h3>\n<ol>\n<li><span>Regeneraci\u00f3n de los partidos pol\u00edticos: Mayor transparencia, democracia interna y mecanismos anticorrupci\u00f3n.<\/span><\/li>\n<li><span>Despolitizaci\u00f3n del sistema judicial: Garantizar la independencia del poder judicial y renovar sus \u00f3rganos clave.<\/span><\/li>\n<li><span>Mejora de la producci\u00f3n legislativa: Enfoque t\u00e9cnico y pr\u00e1ctico en la creaci\u00f3n de leyes.<\/span><\/li>\n<li><span>Revisi\u00f3n del modelo territorial: Clarificar competencias y fomentar la cohesi\u00f3n interterritorial.<\/span><\/li>\n<li><span>Refuerzo institucional: Fortalecer la confianza en las instituciones mediante transparencia y eficacia.<\/span><\/li>\n<\/ol>\n<h3><strong><span>\ud83d\uddf3\ufe0f\u00a0<\/span><\/strong><strong><span>Reflexi\u00f3n final<\/span><\/strong><\/h3>\n<p><span>El sistema pol\u00edtico espa\u00f1ol necesita una profunda reforma, no s\u00f3lo en sus mecanismos formales, sino tambi\u00e9n en su cultura pol\u00edtica. Sin una clase pol\u00edtica comprometida con el di\u00e1logo, el consenso y la responsabilidad institucional, ninguna reforma estructural ser\u00e1 efectiva.<\/span><\/p>\n","protected":false},"excerpt":{"rendered":"<p>A partir de un an\u00e1lisis multidimensional que incluye factores econ\u00f3micos, sociales, pol\u00edticos y culturales, identifico los principales problemas que afronta Espa\u00f1a y las \u00e1reas prioritarias en las que las pol\u00edticas p\u00fablicas deber\u00edan centrarse. \ud83c\udfdb\ufe0f\u00a01. Retos econ\u00f3micos Problemas identificados: Paro estructural: Tasas altas de paro, especialmente juvenil (superiores al 25%). Precariedad laboral: Contratos temporales y bajos salarios. Baja productividad: Falta de inversi\u00f3n en innovaci\u00f3n y tecnolog\u00eda. Deuda p\u00fablica elevada: M\u00e1s del 104% del PIB. Dependencia de sectores vol\u00e1tiles: Turismo y construcci\u00f3n como motores econ\u00f3micos.\u00a0M\u00e1s que vol\u00e1tiles, el problema radica en su baja productividad, lo que significa bajos salarios. Por ejemplo, el municipio con el menor salario medio de Catalu\u00f1a es Lloret de Mar con 21.175,5 euros (2023). El salario medio en Catalu\u00f1a es de 30.515,3 euros. \ud83d\udcda\u00a02. Educaci\u00f3n y capital humano Problemas identificados: Alto abandono escolar prematuro: Uno de los m\u00e1s altos de la UE. Desconexi\u00f3n entre educaci\u00f3n y mercado laboral: Falta de formaci\u00f3n pr\u00e1ctica. Diferencias educativas territoriales: Diferencias significativas entre comunidades aut\u00f3nomas. \ud83c\udfe5\u00a03. Sistema sanitario Problemas identificados: Sobrecarga del sistema p\u00fablico: Especialmente despu\u00e9s de la pandemia de COVID-19. Desigualdad en el acceso: Variabilidad entre comunidades aut\u00f3nomas. Escasez de profesionales m\u00e9dicos: Especialmente en atenci\u00f3n primaria.\u00a0En realidad, en t\u00e9rminos comparativos con la Uni\u00f3n Europea, no existe tal escasez, sino que gran parte del tiempo se destina a la gesti\u00f3n administrativa y de datos. La soluci\u00f3n es relativamente f\u00e1cil: disponer de personal para la gesti\u00f3n administrativa y digitalizarlo m\u00e1s y mejor. \ud83e\uddd3\u00a04. Envejecimiento de la poblaci\u00f3n Problemas identificados: Baja natalidad: Tasa de fertilidad de 1,2 hijos por mujer.\u00a0En realidad, es peor: 1,1 hijos por mujer en edad de procrear. ) de se\u00f1alar el problema. Es mucho m\u00e1s de lo que hacen nuestros pol\u00edticos, que prefieren ignorarlo. Sistema de pensiones insostenible: Dependencia de cotizantes activos.\u00a0Considera que la reforma S\u00e1nchez no garantiza su viabilidad a largo plazo. Creciente demanda de servicios asistenciales: Dependencia de cuidados. Hace tres recomendaciones de pol\u00edticas p\u00fablicas muy sensatas: Fomentar pol\u00edticas de conciliaci\u00f3n laboral y familiar. Incentivos econ\u00f3micos para aumentar la natalidad. Reformar el sistema de pensiones para garantizar su sostenibilidad. \ud83c\udfd8\ufe0f\u00a05. Vivienda y acceso a la propiedad Problemas identificados: Precios elevados de alquiler y compra: Especialmente en grandes ciudades. Escasez de vivienda social: Parque p\u00fablico de alquiler social insuficiente. Especulaci\u00f3n inmobiliaria: Impacto de fondos de inversi\u00f3n en el mercado.\u00a0Este \u00faltimo punto es discutible, ya que s\u00f3lo entre el 5 y el 8% de los pisos de alquiler son de grandes tenedores. Se\u00f1ala como recomendaciones de pol\u00edticas p\u00fablicas: Regulaci\u00f3n de los alquileres en zonas tensionadas. Aumento del parque de vivienda social. Programas de acceso a la vivienda para j\u00f3venes y familias vulnerables. \ud83c\udf0d\u00a06. Retos medioambientales Problemas identificados: Escasez de agua y sequ\u00edas recurrentes. Dependencia energ\u00e9tica: Alta dependencia de fuentes externas. Es exacto, m\u00e1s del 60% tiene ese origen. En ocasiones se confunde el mix total de producci\u00f3n de energ\u00eda primaria con el destinado a la producci\u00f3n de electricidad, donde las renovables predominan, pero en el conjunto de la necesidad de energ\u00eda el petr\u00f3leo y el gas siguen mandando. Contaminaci\u00f3n y p\u00e9rdida de biodiversidad. \ud83d\uddf3\ufe0f\u00a07. Gobernanza y cohesi\u00f3n territorial Problemas identificados: Polarizaci\u00f3n pol\u00edtica: Fragmentaci\u00f3n parlamentaria y dificultad para formar gobiernos estables. Retos auton\u00f3micos: Tensiones en Catalu\u00f1a y otras comunidades. Corrupci\u00f3n pol\u00edtica: Casos recurrentes que afectan a la confianza ciudadana. \ud83d\udc69\u200d\u2696\ufe0f\u00a08. Justicia y seguridad ciudadana Problemas identificados: Colapso judicial: Lentitud en la resoluci\u00f3n de casos. Acceso desigual a la justicia: Diferencias econ\u00f3micas limitan el acceso. Crecientes amenazas cibern\u00e9ticas: Incremento del cibercrimen. \ud83e\udde0\u00a09. Salud mental Problemas identificados: Incremento de trastornos mentales: Especialmente entre j\u00f3venes. Estigmatizaci\u00f3n social: Falta de normalizaci\u00f3n de la salud mental. Escasez de profesionales especializados. \ud83c\udf10\u00a010. Desinformaci\u00f3n y cohesi\u00f3n social Problemas identificados: Crecimiento de las\u00a0fake news\u00a0: Impacto en la opini\u00f3n p\u00fablica. Desconfianza institucional: Baja credibilidad en medios y pol\u00edticos. Fragmentaci\u00f3n social: Incremento de tensiones ideol\u00f3gicas. Entre las recomendaciones de pol\u00edticas p\u00fablicas se se\u00f1ala: Promover la alfabetizaci\u00f3n medi\u00e1tica en la educaci\u00f3n. Crear mecanismos de verificaci\u00f3n de informaci\u00f3n oficial. Esto es un error porque una fuente de desinformaci\u00f3n es el propio gobierno. Por ejemplo, celebrar en 1975, cuando falleci\u00f3 Franco y su sucesor Juan Carlos jur\u00f3 los Principios Fundamentales del Movimiento Nacional, como el inicio de la libertad en Espa\u00f1a (en noviembre). Fomentar la participaci\u00f3n ciudadana en procesos democr\u00e1ticos. \ud83d\udcdd\u00a0Resumen de las principales prioridades: Reducci\u00f3n del paro y la precariedad laboral. Reforma educativa y lucha contra el abandono escolar. Fortalecimiento del sistema sanitario y acceso equitativo. Afrontar el envejecimiento poblacional y reformar las pensiones. Garantizar el acceso a una vivienda digna. Impulsar pol\u00edticas medioambientales sustentables. Fomentar la estabilidad pol\u00edtica y la cohesi\u00f3n territorial. Digitalizar y agilizar el sistema judicial. Invertir en salud mental. Combatir la desinformaci\u00f3n y fortalecer la confianza social. A continuaci\u00f3n, se le pidi\u00f3 a la IA lo siguiente: S\u00ed, las encuestas se\u00f1alan que un primer problema es el de la pol\u00edtica y los partidos pol\u00edticos. Otro concomitante puede ser el de la anomia de las instituciones. El parlamento tiene una producci\u00f3n de leyes en parte t\u00e9cnicamente imperfecta y en parte inadecuada, o que no guarda relaci\u00f3n con las necesidades sentidas por la poblaci\u00f3n. Otro, las tensiones entre la Justicia y el poder ejecutivo. Otro, las cesiones al independentismo catal\u00e1n y las tensiones que crean. \u00bfC\u00f3mo ves estas consideraciones? La respuesta: \ud83d\udcca\u00a0An\u00e1lisis de los Problemas Estructurales del Sistema Pol\u00edtico Espa\u00f1ol Tus observaciones apuntan con precisi\u00f3n a una serie de problemas estructurales en el \u00e1mbito pol\u00edtico-institucional de Espa\u00f1a. Estos factores no s\u00f3lo afectan a la gobernabilidad, sino que tambi\u00e9n generan un clima de desconfianza ciudadana hacia las instituciones. A continuaci\u00f3n, desarrollo cada punto clave que has mencionado y ofrezco posibles l\u00edneas de acci\u00f3n. \ud83c\udfdb\ufe0f\u00a01. Crisis de los partidos pol\u00edticos y desafecci\u00f3n ciudadana \u2705\u00a0Problemas identificados: Desconexi\u00f3n con la ciudadan\u00eda: Los partidos pol\u00edticos parecen cada vez m\u00e1s enfocados a estrategias electorales que a resolver problemas reales. Polarizaci\u00f3n extrema: El discurso pol\u00edtico ha ca\u00eddo en din\u00e1micas de permanente confrontaci\u00f3n, dejando poco espacio para acuerdos estables. Corrupci\u00f3n e impunidad: Los casos de corrupci\u00f3n han erosionado la confianza en los partidos. Carece de regeneraci\u00f3n interna: Las estructuras partidarias tienden al inmovilismo ya la perpetuaci\u00f3n de los liderazgos&#8230;.<\/p>\n","protected":false},"author":2,"featured_media":84836,"comment_status":"open","ping_status":"open","sticky":false,"template":"","format":"standard","meta":{"_FSMCFIC_featured_image_caption":"","_FSMCFIC_featured_image_nocaption":"","_FSMCFIC_featured_image_hide":"","footnotes":""},"categories":[806,807],"tags":[4192],"class_list":["post-84853","post","type-post","status-publish","format-standard","has-post-thumbnail","hentry","category-punts-claus-del-dia-es","category-reportatges-es","tag-politica-espanyola-es"],"yoast_head":"<!-- This site is optimized with the Yoast SEO plugin v26.8 - https:\/\/yoast.com\/product\/yoast-seo-wordpress\/ -->\n<title>Diagn\u00f3stico de los principales problemas de Espa\u00f1a y prioridades en pol\u00edticas p\u00fabli  cas seg\u00fan la IA Chat GPT - Converses a Catalunya<\/title>\n<meta name=\"description\" content=\"A partir de un an\u00e1lisis multidimensional que incluye factores econ\u00f3micos, sociales, pol\u00edticos y culturales, identifico los principales problemas que afronta Espa\u00f1a\" \/>\n<meta name=\"robots\" content=\"index, follow, max-snippet:-1, max-image-preview:large, max-video-preview:-1\" \/>\n<link rel=\"canonical\" href=\"https:\/\/conversesacatalunya.cat\/es\/diagnostico-de-los-principales-problemas-de-espana\/\" \/>\n<meta property=\"og:locale\" content=\"es_ES\" \/>\n<meta property=\"og:type\" content=\"article\" \/>\n<meta property=\"og:title\" content=\"Diagn\u00f3stico de los principales problemas de Espa\u00f1a y prioridades en pol\u00edticas p\u00fabli  cas seg\u00fan la IA Chat GPT - Converses a Catalunya\" \/>\n<meta property=\"og:description\" content=\"A partir de un an\u00e1lisis multidimensional que incluye factores econ\u00f3micos, sociales, pol\u00edticos y culturales, identifico los principales problemas que afronta Espa\u00f1a\" \/>\n<meta property=\"og:url\" content=\"https:\/\/conversesacatalunya.cat\/es\/diagnostico-de-los-principales-problemas-de-espana\/\" \/>\n<meta property=\"og:site_name\" content=\"Converses a Catalunya\" \/>\n<meta property=\"article:published_time\" content=\"2025-01-09T10:45:02+00:00\" \/>\n<meta property=\"article:modified_time\" content=\"2025-01-09T13:17:23+00:00\" \/>\n<meta property=\"og:image\" content=\"https:\/\/conversesacatalunya.cat\/wp-content\/uploads\/2025\/01\/problemas-espana.jpg\" \/>\n\t<meta property=\"og:image:width\" content=\"620\" \/>\n\t<meta property=\"og:image:height\" content=\"415\" \/>\n\t<meta property=\"og:image:type\" content=\"image\/jpeg\" \/>\n<meta name=\"author\" content=\"conversesacatalunya\" \/>\n<meta name=\"twitter:card\" content=\"summary_large_image\" \/>\n<meta name=\"twitter:label1\" content=\"Escrito por\" \/>\n\t<meta name=\"twitter:data1\" content=\"conversesacatalunya\" \/>\n\t<meta name=\"twitter:label2\" content=\"Tiempo de lectura\" \/>\n\t<meta name=\"twitter:data2\" content=\"9 minutos\" \/>\n<script type=\"application\/ld+json\" class=\"yoast-schema-graph\">{\"@context\":\"https:\/\/schema.org\",\"@graph\":[{\"@type\":\"Article\",\"@id\":\"https:\/\/conversesacatalunya.cat\/es\/diagnostico-de-los-principales-problemas-de-espana\/#article\",\"isPartOf\":{\"@id\":\"https:\/\/conversesacatalunya.cat\/es\/diagnostico-de-los-principales-problemas-de-espana\/\"},\"author\":{\"name\":\"conversesacatalunya\",\"@id\":\"https:\/\/conversesacatalunya.cat\/#\/schema\/person\/7e24d1e54a2785373ddcb275eae5ed99\"},\"headline\":\"Diagn\u00f3stico de los principales problemas de Espa\u00f1a y prioridades en pol\u00edticas p\u00fabli cas seg\u00fan la IA Chat GPT\",\"datePublished\":\"2025-01-09T10:45:02+00:00\",\"dateModified\":\"2025-01-09T13:17:23+00:00\",\"mainEntityOfPage\":{\"@id\":\"https:\/\/conversesacatalunya.cat\/es\/diagnostico-de-los-principales-problemas-de-espana\/\"},\"wordCount\":1904,\"commentCount\":0,\"image\":{\"@id\":\"https:\/\/conversesacatalunya.cat\/es\/diagnostico-de-los-principales-problemas-de-espana\/#primaryimage\"},\"thumbnailUrl\":\"https:\/\/conversesacatalunya.cat\/wp-content\/uploads\/2025\/01\/problemas-espana.jpg\",\"keywords\":[\"pol\u00edtica espanyola\"],\"articleSection\":[\"Punts clau del dia (ES)\",\"Reportatges (ES)\"],\"inLanguage\":\"es\",\"potentialAction\":[{\"@type\":\"CommentAction\",\"name\":\"Comment\",\"target\":[\"https:\/\/conversesacatalunya.cat\/es\/diagnostico-de-los-principales-problemas-de-espana\/#respond\"]}]},{\"@type\":\"WebPage\",\"@id\":\"https:\/\/conversesacatalunya.cat\/es\/diagnostico-de-los-principales-problemas-de-espana\/\",\"url\":\"https:\/\/conversesacatalunya.cat\/es\/diagnostico-de-los-principales-problemas-de-espana\/\",\"name\":\"Diagn\u00f3stico de los principales problemas de Espa\u00f1a y prioridades en pol\u00edticas p\u00fabli cas seg\u00fan la IA Chat GPT - Converses a Catalunya\",\"isPartOf\":{\"@id\":\"https:\/\/conversesacatalunya.cat\/#website\"},\"primaryImageOfPage\":{\"@id\":\"https:\/\/conversesacatalunya.cat\/es\/diagnostico-de-los-principales-problemas-de-espana\/#primaryimage\"},\"image\":{\"@id\":\"https:\/\/conversesacatalunya.cat\/es\/diagnostico-de-los-principales-problemas-de-espana\/#primaryimage\"},\"thumbnailUrl\":\"https:\/\/conversesacatalunya.cat\/wp-content\/uploads\/2025\/01\/problemas-espana.jpg\",\"datePublished\":\"2025-01-09T10:45:02+00:00\",\"dateModified\":\"2025-01-09T13:17:23+00:00\",\"author\":{\"@id\":\"https:\/\/conversesacatalunya.cat\/#\/schema\/person\/7e24d1e54a2785373ddcb275eae5ed99\"},\"description\":\"A partir de un an\u00e1lisis multidimensional que incluye factores econ\u00f3micos, sociales, pol\u00edticos y culturales, identifico los principales problemas que afronta Espa\u00f1a\",\"breadcrumb\":{\"@id\":\"https:\/\/conversesacatalunya.cat\/es\/diagnostico-de-los-principales-problemas-de-espana\/#breadcrumb\"},\"inLanguage\":\"es\",\"potentialAction\":[{\"@type\":\"ReadAction\",\"target\":[\"https:\/\/conversesacatalunya.cat\/es\/diagnostico-de-los-principales-problemas-de-espana\/\"]}]},{\"@type\":\"ImageObject\",\"inLanguage\":\"es\",\"@id\":\"https:\/\/conversesacatalunya.cat\/es\/diagnostico-de-los-principales-problemas-de-espana\/#primaryimage\",\"url\":\"https:\/\/conversesacatalunya.cat\/wp-content\/uploads\/2025\/01\/problemas-espana.jpg\",\"contentUrl\":\"https:\/\/conversesacatalunya.cat\/wp-content\/uploads\/2025\/01\/problemas-espana.jpg\",\"width\":620,\"height\":415},{\"@type\":\"BreadcrumbList\",\"@id\":\"https:\/\/conversesacatalunya.cat\/es\/diagnostico-de-los-principales-problemas-de-espana\/#breadcrumb\",\"itemListElement\":[{\"@type\":\"ListItem\",\"position\":1,\"name\":\"Inici\",\"item\":\"https:\/\/conversesacatalunya.cat\/es\/\"},{\"@type\":\"ListItem\",\"position\":2,\"name\":\"Diagn\u00f3stico de los principales problemas de Espa\u00f1a y prioridades en pol\u00edticas p\u00fabli cas seg\u00fan la IA Chat GPT\"}]},{\"@type\":\"WebSite\",\"@id\":\"https:\/\/conversesacatalunya.cat\/#website\",\"url\":\"https:\/\/conversesacatalunya.cat\/\",\"name\":\"Converses a Catalunya\",\"description\":\"\",\"potentialAction\":[{\"@type\":\"SearchAction\",\"target\":{\"@type\":\"EntryPoint\",\"urlTemplate\":\"https:\/\/conversesacatalunya.cat\/?s={search_term_string}\"},\"query-input\":{\"@type\":\"PropertyValueSpecification\",\"valueRequired\":true,\"valueName\":\"search_term_string\"}}],\"inLanguage\":\"es\"},{\"@type\":\"Person\",\"@id\":\"https:\/\/conversesacatalunya.cat\/#\/schema\/person\/7e24d1e54a2785373ddcb275eae5ed99\",\"name\":\"conversesacatalunya\",\"image\":{\"@type\":\"ImageObject\",\"inLanguage\":\"es\",\"@id\":\"https:\/\/conversesacatalunya.cat\/#\/schema\/person\/image\/\",\"url\":\"https:\/\/conversesacatalunya.cat\/wp-content\/litespeed\/avatar\/febdfeeec89d950f01c748045a981dd2.jpg?ver=1777314535\",\"contentUrl\":\"https:\/\/conversesacatalunya.cat\/wp-content\/litespeed\/avatar\/febdfeeec89d950f01c748045a981dd2.jpg?ver=1777314535\",\"caption\":\"conversesacatalunya\"},\"url\":\"https:\/\/conversesacatalunya.cat\/es\/author\/carme_catala\/\"}]}<\/script>\n<!-- \/ Yoast SEO plugin. -->","yoast_head_json":{"title":"Diagn\u00f3stico de los principales problemas de Espa\u00f1a y prioridades en pol\u00edticas p\u00fabli  cas seg\u00fan la IA Chat GPT - Converses a Catalunya","description":"A partir de un an\u00e1lisis multidimensional que incluye factores econ\u00f3micos, sociales, pol\u00edticos y culturales, identifico los principales problemas que afronta Espa\u00f1a","robots":{"index":"index","follow":"follow","max-snippet":"max-snippet:-1","max-image-preview":"max-image-preview:large","max-video-preview":"max-video-preview:-1"},"canonical":"https:\/\/conversesacatalunya.cat\/es\/diagnostico-de-los-principales-problemas-de-espana\/","og_locale":"es_ES","og_type":"article","og_title":"Diagn\u00f3stico de los principales problemas de Espa\u00f1a y prioridades en pol\u00edticas p\u00fabli  cas seg\u00fan la IA Chat GPT - Converses a Catalunya","og_description":"A partir de un an\u00e1lisis multidimensional que incluye factores econ\u00f3micos, sociales, pol\u00edticos y culturales, identifico los principales problemas que afronta Espa\u00f1a","og_url":"https:\/\/conversesacatalunya.cat\/es\/diagnostico-de-los-principales-problemas-de-espana\/","og_site_name":"Converses a Catalunya","article_published_time":"2025-01-09T10:45:02+00:00","article_modified_time":"2025-01-09T13:17:23+00:00","og_image":[{"width":620,"height":415,"url":"https:\/\/conversesacatalunya.cat\/wp-content\/uploads\/2025\/01\/problemas-espana.jpg","type":"image\/jpeg"}],"author":"conversesacatalunya","twitter_card":"summary_large_image","twitter_misc":{"Escrito por":"conversesacatalunya","Tiempo de lectura":"9 minutos"},"schema":{"@context":"https:\/\/schema.org","@graph":[{"@type":"Article","@id":"https:\/\/conversesacatalunya.cat\/es\/diagnostico-de-los-principales-problemas-de-espana\/#article","isPartOf":{"@id":"https:\/\/conversesacatalunya.cat\/es\/diagnostico-de-los-principales-problemas-de-espana\/"},"author":{"name":"conversesacatalunya","@id":"https:\/\/conversesacatalunya.cat\/#\/schema\/person\/7e24d1e54a2785373ddcb275eae5ed99"},"headline":"Diagn\u00f3stico de los principales problemas de Espa\u00f1a y prioridades en pol\u00edticas p\u00fabli cas seg\u00fan la IA Chat GPT","datePublished":"2025-01-09T10:45:02+00:00","dateModified":"2025-01-09T13:17:23+00:00","mainEntityOfPage":{"@id":"https:\/\/conversesacatalunya.cat\/es\/diagnostico-de-los-principales-problemas-de-espana\/"},"wordCount":1904,"commentCount":0,"image":{"@id":"https:\/\/conversesacatalunya.cat\/es\/diagnostico-de-los-principales-problemas-de-espana\/#primaryimage"},"thumbnailUrl":"https:\/\/conversesacatalunya.cat\/wp-content\/uploads\/2025\/01\/problemas-espana.jpg","keywords":["pol\u00edtica espanyola"],"articleSection":["Punts clau del dia (ES)","Reportatges (ES)"],"inLanguage":"es","potentialAction":[{"@type":"CommentAction","name":"Comment","target":["https:\/\/conversesacatalunya.cat\/es\/diagnostico-de-los-principales-problemas-de-espana\/#respond"]}]},{"@type":"WebPage","@id":"https:\/\/conversesacatalunya.cat\/es\/diagnostico-de-los-principales-problemas-de-espana\/","url":"https:\/\/conversesacatalunya.cat\/es\/diagnostico-de-los-principales-problemas-de-espana\/","name":"Diagn\u00f3stico de los principales problemas de Espa\u00f1a y prioridades en pol\u00edticas p\u00fabli cas seg\u00fan la IA Chat GPT - Converses a Catalunya","isPartOf":{"@id":"https:\/\/conversesacatalunya.cat\/#website"},"primaryImageOfPage":{"@id":"https:\/\/conversesacatalunya.cat\/es\/diagnostico-de-los-principales-problemas-de-espana\/#primaryimage"},"image":{"@id":"https:\/\/conversesacatalunya.cat\/es\/diagnostico-de-los-principales-problemas-de-espana\/#primaryimage"},"thumbnailUrl":"https:\/\/conversesacatalunya.cat\/wp-content\/uploads\/2025\/01\/problemas-espana.jpg","datePublished":"2025-01-09T10:45:02+00:00","dateModified":"2025-01-09T13:17:23+00:00","author":{"@id":"https:\/\/conversesacatalunya.cat\/#\/schema\/person\/7e24d1e54a2785373ddcb275eae5ed99"},"description":"A partir de un an\u00e1lisis multidimensional que incluye factores econ\u00f3micos, sociales, pol\u00edticos y culturales, identifico los principales problemas que afronta Espa\u00f1a","breadcrumb":{"@id":"https:\/\/conversesacatalunya.cat\/es\/diagnostico-de-los-principales-problemas-de-espana\/#breadcrumb"},"inLanguage":"es","potentialAction":[{"@type":"ReadAction","target":["https:\/\/conversesacatalunya.cat\/es\/diagnostico-de-los-principales-problemas-de-espana\/"]}]},{"@type":"ImageObject","inLanguage":"es","@id":"https:\/\/conversesacatalunya.cat\/es\/diagnostico-de-los-principales-problemas-de-espana\/#primaryimage","url":"https:\/\/conversesacatalunya.cat\/wp-content\/uploads\/2025\/01\/problemas-espana.jpg","contentUrl":"https:\/\/conversesacatalunya.cat\/wp-content\/uploads\/2025\/01\/problemas-espana.jpg","width":620,"height":415},{"@type":"BreadcrumbList","@id":"https:\/\/conversesacatalunya.cat\/es\/diagnostico-de-los-principales-problemas-de-espana\/#breadcrumb","itemListElement":[{"@type":"ListItem","position":1,"name":"Inici","item":"https:\/\/conversesacatalunya.cat\/es\/"},{"@type":"ListItem","position":2,"name":"Diagn\u00f3stico de los principales problemas de Espa\u00f1a y prioridades en pol\u00edticas p\u00fabli cas seg\u00fan la IA Chat GPT"}]},{"@type":"WebSite","@id":"https:\/\/conversesacatalunya.cat\/#website","url":"https:\/\/conversesacatalunya.cat\/","name":"Converses a Catalunya","description":"","potentialAction":[{"@type":"SearchAction","target":{"@type":"EntryPoint","urlTemplate":"https:\/\/conversesacatalunya.cat\/?s={search_term_string}"},"query-input":{"@type":"PropertyValueSpecification","valueRequired":true,"valueName":"search_term_string"}}],"inLanguage":"es"},{"@type":"Person","@id":"https:\/\/conversesacatalunya.cat\/#\/schema\/person\/7e24d1e54a2785373ddcb275eae5ed99","name":"conversesacatalunya","image":{"@type":"ImageObject","inLanguage":"es","@id":"https:\/\/conversesacatalunya.cat\/#\/schema\/person\/image\/","url":"https:\/\/conversesacatalunya.cat\/wp-content\/litespeed\/avatar\/febdfeeec89d950f01c748045a981dd2.jpg?ver=1777314535","contentUrl":"https:\/\/conversesacatalunya.cat\/wp-content\/litespeed\/avatar\/febdfeeec89d950f01c748045a981dd2.jpg?ver=1777314535","caption":"conversesacatalunya"},"url":"https:\/\/conversesacatalunya.cat\/es\/author\/carme_catala\/"}]}},"wps_subtitle":"A partir de un an\u00e1lisis multidimensional que incluye factores econ\u00f3micos, sociales, pol\u00edticos y culturales, identifico los principales problemas que afronta Espa\u00f1a y las \u00e1reas prioritarias en las que las pol\u00edticas p\u00fablicas deber\u00edan centrarse","_links":{"self":[{"href":"https:\/\/conversesacatalunya.cat\/es\/wp-json\/wp\/v2\/posts\/84853","targetHints":{"allow":["GET"]}}],"collection":[{"href":"https:\/\/conversesacatalunya.cat\/es\/wp-json\/wp\/v2\/posts"}],"about":[{"href":"https:\/\/conversesacatalunya.cat\/es\/wp-json\/wp\/v2\/types\/post"}],"author":[{"embeddable":true,"href":"https:\/\/conversesacatalunya.cat\/es\/wp-json\/wp\/v2\/users\/2"}],"replies":[{"embeddable":true,"href":"https:\/\/conversesacatalunya.cat\/es\/wp-json\/wp\/v2\/comments?post=84853"}],"version-history":[{"count":4,"href":"https:\/\/conversesacatalunya.cat\/es\/wp-json\/wp\/v2\/posts\/84853\/revisions"}],"predecessor-version":[{"id":84857,"href":"https:\/\/conversesacatalunya.cat\/es\/wp-json\/wp\/v2\/posts\/84853\/revisions\/84857"}],"wp:featuredmedia":[{"embeddable":true,"href":"https:\/\/conversesacatalunya.cat\/es\/wp-json\/wp\/v2\/media\/84836"}],"wp:attachment":[{"href":"https:\/\/conversesacatalunya.cat\/es\/wp-json\/wp\/v2\/media?parent=84853"}],"wp:term":[{"taxonomy":"category","embeddable":true,"href":"https:\/\/conversesacatalunya.cat\/es\/wp-json\/wp\/v2\/categories?post=84853"},{"taxonomy":"post_tag","embeddable":true,"href":"https:\/\/conversesacatalunya.cat\/es\/wp-json\/wp\/v2\/tags?post=84853"}],"curies":[{"name":"wp","href":"https:\/\/api.w.org\/{rel}","templated":true}]}}