{"id":84847,"date":"2025-01-09T12:27:48","date_gmt":"2025-01-09T11:27:48","guid":{"rendered":"https:\/\/conversesacatalunya.cat\/el-factor-clau-ignorat-sobre-la-immigracio-el-seu-balanc-generacional\/"},"modified":"2025-01-09T13:14:27","modified_gmt":"2025-01-09T12:14:27","slug":"el-factor-clave-ignorado-sobre-la-inmigracion-su-balance-generacional","status":"publish","type":"post","link":"https:\/\/conversesacatalunya.cat\/es\/el-factor-clave-ignorado-sobre-la-inmigracion-su-balance-generacional\/","title":{"rendered":"El factor clave ignorado sobre la inmigraci\u00f3n: su balance generacional"},"content":{"rendered":"<p><span>El\u00a0<\/span><strong><span>balance generacional<\/span><\/strong><span>\u00a0analiza la relaci\u00f3n entre los recursos que una generaci\u00f3n aporta al sistema econ\u00f3mico (principalmente mediante impuestos y cotizaciones) y los recursos que recibe (pensiones, atenci\u00f3n sanitaria, servicios p\u00fablicos). Este equilibrio es clave para evaluar la\u00a0<\/span><strong><span>sostenibilidad del Estado del Bienestar<\/span><\/strong><span>, especialmente en sociedades con pir\u00e1mides poblacionales envejecidas, como la espa\u00f1ola.<\/span><\/p>\n<h4><strong><span>Contexto demogr\u00e1fico en Espa\u00f1a<\/span><\/strong><\/h4>\n<ul>\n<li><strong><span>Envejecimiento poblacional<\/span><\/strong><span>: Espa\u00f1a tiene una de las poblaciones m\u00e1s envejecidas del mundo. Seg\u00fan el INE, en 2023, m\u00e1s del 20% de la poblaci\u00f3n supera los 65 a\u00f1os.<\/span><\/li>\n<li><strong><span>Baja natalidad<\/span><\/strong><span>: La tasa de fertilidad es de aproximadamente 1,12 hijos por mujer, muy por debajo del nivel de reemplazo generacional (2,1).<\/span><\/li>\n<li><strong><span>Esperanza de vida alta<\/span><\/strong><span>: Espa\u00f1a tiene una de las esperanzas de vida m\u00e1s altas del mundo (83 a\u00f1os).<\/span><\/li>\n<li><strong><span>Desequilibrio estructural<\/span><\/strong><span>: Cada vez hay menos personas en edad de trabajar por cada pensionista.<\/span><\/li>\n<\/ul>\n<h4><strong><span>El balance generacional en el sistema de pensiones<\/span><\/strong><\/h4>\n<p><span>El sistema de pensiones en Espa\u00f1a es de tipo\u00a0<\/span><strong><span>reparto intergeneracional<\/span><\/strong><span>, donde los trabajadores actuales financian las pensiones de los jubilados.<\/span><\/p>\n<h4><strong><span>Problemas actuales del sistema:<\/span><\/strong><\/h4>\n<ol>\n<li><strong><span>Menor n\u00famero de cotizantes<\/span><\/strong><span>: El envejecimiento reduce la proporci\u00f3n de activos sobre pasivos.<\/span><\/li>\n<li><strong><span>Mayor gasto en pensiones<\/span><\/strong><span>: El incremento de la esperanza de vida aumenta el tiempo medio de recepci\u00f3n de pensiones.<\/span><\/li>\n<li><strong><span>Tasa de reemplazo alta<\/span><\/strong><span>: La pensi\u00f3n media equivale a cerca del 80% del \u00faltimo salario, muy superior a la media de la OCDE (50-60%).<\/span><\/li>\n<li><strong><span>Inicio de la jubilaci\u00f3n de la generaci\u00f3n del \u201cbaby boom\u201d<\/span><\/strong><span>: La m\u00e1s numerosa de todas, con una prestaci\u00f3n media alta.<\/span><\/li>\n<\/ol>\n<h4><strong><span>Datos clave (2023):<\/span><\/strong><\/h4>\n<ul>\n<li><span>Relaci\u00f3n cotizantes\/pensionistas: 1,8 cotizantes por cada pensionista (en 2008 era de 2,7).<\/span><\/li>\n<li><span>Gasto en pensiones: Supone cerca de 12% del PIB.<\/span><\/li>\n<li><span>Fondo de Reserva de la Seguridad Social: Pr\u00e1cticamente agotado despu\u00e9s de la crisis de 2008.<\/span><\/li>\n<\/ul>\n<h3><strong><span>An\u00e1lisis generacional: Quien paga y qui\u00e9n recibe<\/span><\/strong><\/h3>\n<p><span>Un estudio frecuente es el de la renta\u00a0<\/span><strong><span>neta generacional<\/span><\/strong><span>, que calcula lo que cada generaci\u00f3n aporta y recibe del Estado a lo largo de su vida.<\/span><\/p>\n<h4><strong><span>Generaciones grandes (Baby Boom, nacidos 1955-1975):<\/span><\/strong><\/h4>\n<ul>\n<li><span>Aportaron mucho durante su vida laboral.<\/span><\/li>\n<li><span>Actualmente, reciben m\u00e1s de lo que aportaron, debido al aumento de la esperanza de vida y la generosidad del sistema de pensiones.<\/span><\/li>\n<\/ul>\n<h4><strong><span>Generaciones j\u00f3venes (Millenniales y Generaci\u00f3n Z):<\/span><\/strong><\/h4>\n<ul>\n<li><span>Aportan menos a causa de la precariedad laboral, salarios bajos y alta temporalidad.<\/span><\/li>\n<li><span>Se enfrentar\u00e1n a un sistema menos generoso cuando se jubilen.<\/span><\/li>\n<\/ul>\n<h3><strong><span>Medidas adoptadas en Espa\u00f1a para equilibrar el balance generacional:<\/span><\/strong><\/h3>\n<ol>\n<li><strong><span>Reforma de las pensiones (2021-2023):<\/span><\/strong>\n<ul>\n<li><span>Incremento paulatino de la edad de jubilaci\u00f3n hasta los 67 a\u00f1os en 2027.<\/span><\/li>\n<li><span>Mecanismo de Equidad Intergeneracional (MEI): Una sobrecotizaci\u00f3n del 0,6% en las n\u00f3minas (0,5% a cargo del empresario y 0,1% del trabajador) para reforzar el sistema.<\/span><\/li>\n<\/ul>\n<\/li>\n<li><strong><span>Fomento de la natalidad<\/span><\/strong><span>: Incentivos fiscales y ayudas econ\u00f3micas para familias.<\/span><\/li>\n<li><strong><span>Pol\u00edticas migratorias<\/span><\/strong><span>: Captar a trabajadores j\u00f3venes extranjeros para equilibrar la pir\u00e1mide poblacional, pero, por su alto n\u00famero y empleo mayoritario en trabajos de baja productividad, tender\u00e1n a largo plazo a acentuar los desequilibrios.<\/span><\/li>\n<li><strong><span>Planes de pensiones privados<\/span><\/strong><span>: Incentivar el ahorro privado, que hasta ahora ha fracasado por la incapacidad del gobierno.<\/span><\/li>\n<\/ol>\n<h4><strong><span>Proyecciones futuras:<\/span><\/strong><\/h4>\n<p><span>Seg\u00fan el Informe sobre el Envejecimiento ( Ageing\u00a0<\/span><em><span>Report<\/span><\/em><span>\u00a0) de la Comisi\u00f3n Europea (2021):<\/span><\/p>\n<ul>\n<li><span>Para 2050, Espa\u00f1a tendr\u00e1 1,2 trabajadores por pensionista.<\/span><\/li>\n<li><span>El gasto en pensiones podr\u00eda superar el 15% del PIB, lo que ser\u00eda insostenible.<\/span><\/li>\n<li><span>La reforma del sistema de pensiones podr\u00eda no ser suficiente sin una mejora en la productividad y el mercado laboral.<\/span><\/li>\n<\/ul>\n<p><strong><span>Debate \u00e9tico y social<\/span><\/strong><\/p>\n<ul>\n<li><span>\u00bfEs justo que las generaciones m\u00e1s j\u00f3venes asuman una carga tan alta?<\/span><\/li>\n<li><span>\u00bfEs necesario modificar la tasa de reemplazo para reducir las pensiones futuras?<\/span><\/li>\n<li><span>\u00bfC\u00f3mo afecta la precariedad laboral y los salarios bajos en el balance generacional?<\/span><\/li>\n<\/ul>\n<p><strong><span>Propuestas para mejorar el balance generacional en Espa\u00f1a:<\/span><\/strong><\/p>\n<ol>\n<li><strong><span>Incentivar el empleo de calidad<\/span><\/strong><span>: Reducir la precariedad y aumentar los salarios.<\/span><\/li>\n<li><strong><span>Fomentar la natalidad con pol\u00edticas efectivas<\/span><\/strong><span>: Educaci\u00f3n gratuita, permisos de maternidad\/paternidad extensivos, conciliaci\u00f3n familiar.<\/span><\/li>\n<li><strong><span>Reforma fiscal<\/span><\/strong><span>: Establecer un sistema m\u00e1s eficaz y funcional favorable a la econom\u00eda productiva y a las familias con hijos y a la necesidad de formar nuevos hogares.<\/span><\/li>\n<li><strong><span>Digitalizaci\u00f3n y productividad<\/span><\/strong><span>: Invertir en tecnolog\u00eda y formaci\u00f3n para mejorar la competitividad.<\/span><\/li>\n<\/ol>\n<p><span>El\u00a0<\/span><strong><span>balance generacional en Espa\u00f1a<\/span><\/strong><span>\u00a0es uno de los mayores desaf\u00edos econ\u00f3micos y sociales del pa\u00eds. Aunque se han adoptado medidas para aliviar la presi\u00f3n sobre el sistema, se requiere un enfoque integral que abarque pol\u00edticas demogr\u00e1ficas, laborales y econ\u00f3micas para garantizar un equilibrio sostenible y justo entre generaciones.<\/span><\/p>\n<p><span>Dado que el balance\u00a0<\/span><strong><span>generacional<\/span><\/strong><span>\u00a0se refiere a la relaci\u00f3n entre las aportaciones que una generaci\u00f3n realiza en el sistema econ\u00f3mico (impuestos, cotizaciones) y los beneficios que recibe (pensiones, servicios p\u00fablicos). Un salario mensual inferior a\u00a0<\/span><strong><span>1.400-1.500<\/span><\/strong><span>\u00a0euros puede influir negativamente en ese balance en sistemas de bienestar como el espa\u00f1ol.<\/span><\/p>\n<p><strong><span>Impacto de los salarios bajos en el balance generacional:<\/span><\/strong><\/p>\n<ol>\n<li><strong><span>Menor recaudaci\u00f3n fiscal y de cotizaciones:<\/span><\/strong>\n<ul>\n<li><strong><span>Cotizaciones sociales<\/span><\/strong><span>: Los salarios m\u00e1s bajos generan menores aportaciones a la Seguridad Social, debilitando la financiaci\u00f3n de las pensiones actuales y futuras.<\/span><\/li>\n<li><strong><span>Impuestos<\/span><\/strong><span>: Ingresos m\u00e1s bajos resultan en una menor recaudaci\u00f3n de impuestos directos, reduciendo los recursos disponibles para servicios p\u00fablicos.<\/span><\/li>\n<\/ul>\n<\/li>\n<li><strong><span>Aumento de la dependencia de servicios p\u00fablicos:<\/span><\/strong>\n<ul>\n<li><span>Las personas con bajos salarios pueden depender m\u00e1s de ayudas sociales, incrementando la presi\u00f3n sobre el sistema de bienestar.<\/span><\/li>\n<\/ul>\n<\/li>\n<li><strong><span>Sostenibilidad del sistema de pensiones:<\/span><\/strong>\n<ul>\n<li><span>Insuficientes contribuciones pueden comprometer la capacidad del sistema para proporcionar pensiones adecuadas en el futuro.<\/span><\/li>\n<\/ul>\n<\/li>\n<\/ol>\n<h4><strong><span>Datos relevantes en Espa\u00f1a<\/span><\/strong><\/h4>\n<ul>\n<li><strong><span>Salario medio y medio:<\/span><\/strong><span>\u00a0En 2023, el salario medio bruto mensual en Espa\u00f1a fue de 2.273 euros, mientras que el salario medio se situ\u00f3 en 1.935,5 euros.<\/span><\/li>\n<li><strong><span>Distribuci\u00f3n salarial:<\/span><\/strong><span>\u00a0El 30% de los asalariados gan\u00f3 menos de 1.534,7 euros al mes en 2023.<\/span><\/li>\n<li><strong><span>Brecha de g\u00e9nero:<\/span><\/strong><span>\u00a0El 39,7% de las mujeres tuvo un salario inferior a 1.534,7 euros frente al 21% de los hombres.<\/span><\/li>\n<li><strong><span>Umbral de pobreza:<\/span><\/strong><span>\u00a0En Espa\u00f1a, se considera que una persona est\u00e1 en riesgo de pobreza si sus ingresos son inferiores a 1.343 euros mensuales.<\/span><\/li>\n<li><strong><span>Pobreza laboral: <\/span><\/strong><span>Pese a la reducci\u00f3n del paro, los salarios bajos han llevado a una situaci\u00f3n de \u00abpobreza laboral\u00bb, en la que tener trabajo no garantiza una vida digna.<\/span><\/li>\n<\/ul>\n<p><strong><span>Conclusi\u00f3n<\/span><\/strong><\/p>\n<p><span>Los salarios mensuales inferiores a\u00a0<\/span><strong><span>1.400 a 1.500 euros<\/span><\/strong><span>\u00a0pueden resultar en un balance generacional negativo, ya que limitan las aportaciones al sistema de bienestar y aumentan la dependencia de los servicios p\u00fablicos. Para mejorar este balance, es esencial promover trabajos de calidad con salarios adecuados, fortaleciendo la sostenibilidad del sistema econ\u00f3mico y social en Espa\u00f1a.<\/span><\/p>\n<p><strong><span>El impacto generacional de la inmigraci\u00f3n en Espa\u00f1a depende de varios factores<\/span><\/strong><span>\u00a0como la edad de llegada, el nivel de formaci\u00f3n, el tipo de trabajo al que acceden y sus contribuciones al sistema p\u00fablico. Aunque existe la percepci\u00f3n generalizada de que los inmigrantes tienen un\u00a0<\/span><strong><span>balance generacional negativo<\/span><\/strong><span>, la realidad es m\u00e1s compleja.<\/span><\/p>\n<h4><strong><span>Perfil del inmigrante medio en Espa\u00f1a<\/span><\/strong><\/h4>\n<ol>\n<li><strong><span>Edad media:<\/span><\/strong><span>\u00a0\u00a0La mayor\u00eda de los inmigrantes llegan a Espa\u00f1a en edad activa (20-40 a\u00f1os). Esto significa que no requieren inversi\u00f3n en educaci\u00f3n ni cuidados sanitarios infantiles, pero s\u00ed empiezan a contribuir al sistema mediante el trabajo y el pago de impuestos.<\/span><\/li>\n<li><strong><span>Ocupaciones:<\/span><\/strong><span>\u00a0Gran parte de los inmigrantes trabajan en sectores con alta precariedad salarial y temporalidad: agricultura, construcci\u00f3n, servicios dom\u00e9sticos y hosteler\u00eda. Los salarios suelen ser menores que los de los nacionales.<\/span><\/li>\n<li><strong><span>Contribuciones fiscales y de cotizaci\u00f3n:<\/span><\/strong><span>\u00a0Pese a los bajos salarios, los inmigrantes contribuyen a trav\u00e9s de cotizaciones sociales e impuestos indirectos (IVA, tasas locales, etc.).<\/span><\/li>\n<li><strong><span>Acceso a beneficios sociales:<\/span><\/strong><span>\u00a0\u00a0Los inmigrantes tienen un acceso limitado a las prestaciones por desempleo y otros servicios sociales debido a los requisitos de residencia y cotizaci\u00f3n m\u00ednima, pero, por otra parte, por sus bajos ingresos una parte de ellos pueden ser receptores de ayudas p\u00fablicas.<\/span><\/li>\n<\/ol>\n<h4><strong><span>El balance generacional del inmigrante medio<\/span><\/strong><\/h4>\n<p><strong><span>Positivos: Factores que mejoran el balance generacional<\/span><\/strong><\/p>\n<ol>\n<li><strong><span>Llegada en edad productiva:<\/span><\/strong><br \/>\n<span>o No representan un coste en educaci\u00f3n o salud infantil.<\/span><br \/>\n<span>o Empiezan a contribuir inmediatamente al sistema fiscal y de Seguridad Social.<\/span><\/li>\n<li><strong><span>Alta participaci\u00f3n laboral:<\/span><\/strong><br \/>\n<span>o Tienen una alta tasa de participaci\u00f3n en el mercado laboral, aunque en trabajos precarios.<\/span><\/li>\n<li><strong><span>Retraso en la jubilaci\u00f3n:<\/span><\/strong><br \/>\n<span>o Muchos inmigrantes vuelven a sus pa\u00edses de origen antes de llegar a la jubilaci\u00f3n o no acceden a pensiones completas por a\u00f1os insuficientes de cotizaci\u00f3n.<\/span><\/li>\n<li><strong><span>Demanda de consumo:<\/span><\/strong><br \/>\n<span>o Contribuyen a la demanda interna, pagando impuestos indirectos (IVA).<\/span><\/li>\n<\/ol>\n<p><strong><span>Negativos: Factores que perjudican el balance generacional<\/span><\/strong><\/p>\n<ol>\n<li><strong><span>Salarios bajos:<\/span><\/strong><br \/>\n<span>o Al recibir salarios m\u00e1s bajos, sus cotizaciones son menores.<\/span><br \/>\n<span>o No contribuyen lo suficiente para compensar futuros beneficios sociales.<\/span><\/li>\n<li><strong><span>Desempleo y precariedad:<\/span><\/strong><br \/>\n<span>o La tasa de paro entre inmigrantes suele ser mayor que entre nacionales, lo que reduce su contribuci\u00f3n.<\/span><br \/>\n<span>o Muchos trabajos son temporales y en la econom\u00eda informal, lo que limita sus aportaciones.<\/span><\/li>\n<li><strong><span>Acceso a los servicios sociales:<\/span><\/strong><br \/>\n<span>o Dependiendo de su situaci\u00f3n legal y de residencia, pueden acceder a servicios p\u00fablicos como sanidad y educaci\u00f3n, lo que implica un coste.<\/span><\/li>\n<\/ol>\n<p><strong><span>Estudios y datos concretos:<\/span><\/strong><\/p>\n<ul>\n<li><strong><span>Balance fiscal de los inmigrantes en Espa\u00f1a (Banco de Espa\u00f1a, 2022):<\/span><\/strong>\n<ul>\n<li><span>Los inmigrantes contribuyen m\u00e1s de lo que reciben del sistema p\u00fablico hasta alcanzar los 65 a\u00f1os.<\/span><\/li>\n<li><span>El saldo neto es positivo si se mantienen ocupados y activos.<\/span><\/li>\n<\/ul>\n<\/li>\n<li><strong><span>Impacto en el sistema de pensiones (AIReF, 2023):<\/span><\/strong>\n<ul>\n<li><span>La inmigraci\u00f3n ha aliviado parcialmente la presi\u00f3n sobre el sistema de pensiones.<\/span><\/li>\n<li><span>Sin inmigraci\u00f3n, la relaci\u00f3n cotizante\/pensionista habr\u00eda sido de 1,5 en lugar de 1,8.<\/span><\/li>\n<\/ul>\n<\/li>\n<li><strong><span>Estudio del Instituto de Pol\u00edticas Migratorias (2023):<\/span><\/strong>\n<ul>\n<li><span>El 65% de los inmigrantes en Espa\u00f1a tiene un saldo fiscal positivo, pero \u00e9ste es un c\u00e1lculo deliberadamente sesgado porque no incorpora la jubilaci\u00f3n. Aun as\u00ed, uno de cada tres presenta un saldo negativo.<\/span><\/li>\n<li><span>El impacto negativo ocurre principalmente en situaciones de desempleo prolongado.<\/span><\/li>\n<\/ul>\n<\/li>\n<\/ul>\n<h4><strong><span>Conclusi\u00f3n general<\/span><\/strong><\/h4>\n<ul>\n<li><strong><span>A corto plazo:<\/span><\/strong><span>\u00a0El inmigrante medio en Espa\u00f1a tiene un balance generacional positivo, puesto que contribuye al sistema en edad activa y demanda pocos servicios sociales inicialmente.<\/span><\/li>\n<li><strong><span>A largo plazo:<\/span><\/strong><span>\u00a0El balance puede volverse negativo si los inmigrantes no logran acceder a trabajos estables y bien remunerados. Si se quedan en el pa\u00eds y llegan a la jubilaci\u00f3n con carreras de cotizaci\u00f3n incompletas, pueden convertirse en receptores netos de beneficios sociales.<\/span><\/li>\n<\/ul>\n<h4><strong><span>Claves para mejorar el balance generacional de los inmigrantes en Espa\u00f1a<\/span><\/strong><\/h4>\n<ol>\n<li><strong><span>Inserci\u00f3n laboral de calidad:<\/span><\/strong><span>\u00a0Facilitar el acceso a trabajos estables y bien remunerados.<\/span><\/li>\n<li><strong><span>Reconocimiento de t\u00edtulos extranjeros:<\/span><\/strong><span>\u00a0Reducir barreras burocr\u00e1ticas para el reconocimiento de calificaciones profesionales.<\/span><\/li>\n<li><strong><span>Regularizaci\u00f3n administrativa:<\/span><\/strong><span>\u00a0Combatir el empleo informal.<\/span><\/li>\n<li><strong><span>Formaci\u00f3n y educaci\u00f3n continua:<\/span><\/strong><span>\u00a0Facilitar la capacitaci\u00f3n para acceder a trabajos de mayor valor a\u00f1adido.<\/span><\/li>\n<\/ol>\n<p><span>En resumen, la inmigraci\u00f3n no es, de por s\u00ed, un factor negativo para el balance generacional, sino que su impacto depende de las pol\u00edticas p\u00fablicas que faciliten su integraci\u00f3n efectiva en el mercado laboral formal y con salarios adecuados.<\/span><\/p>\n<h4><strong><span>El Balance Generacional del inmigrante jubilado en Espa\u00f1a<\/span><\/strong><\/h4>\n<p><span>Cuando un inmigrante llega a la jubilaci\u00f3n y decide permanecer en Espa\u00f1a, su\u00a0<\/span><strong><span>balance generacional tiende a volverse negativo<\/span><\/strong><span>. Esto se debe a una serie de factores estructurales, demogr\u00e1ficos y laborales que afectan a sus contribuciones previas al sistema y sus necesidades futuras.<\/span><\/p>\n<h4><strong><span>Factores que conducen a un Balance Generacional negativo en la jubilaci\u00f3n<\/span><\/strong><\/h4>\n<ol>\n<li><strong><span>Carrera de cotizaci\u00f3n incompleta<\/span><\/strong>\n<ul>\n<li><span>Muchos inmigrantes comienzan a cotizar m\u00e1s tarde (en edad adulta).<\/span><\/li>\n<li><span>Trabajan en trabajos temporales o informales, reduciendo sus a\u00f1os de cotizaci\u00f3n efectiva.<\/span><\/li>\n<li><span>Las lagunas en sus per\u00edodos cotizados afectan directamente al importe de sus pensiones.<\/span><\/li>\n<\/ul>\n<\/li>\n<li><strong><span>Pensiones contributivas bajas<\/span><\/strong>\n<ul>\n<li><span>Al tener salarios m\u00e1s bajos en su vida laboral, las pensiones resultantes son inferiores.<\/span><\/li>\n<li><span>Muchos inmigrantes acaban dependiendo de\u00a0<\/span><strong><span>pensiones no contributivas<\/span><\/strong><span>, que son financiadas directamente por el Estado.<\/span><\/li>\n<\/ul>\n<\/li>\n<li><strong><span>Alto uso de servicios sanitarios y dependencia<\/span><\/strong>\n<ul>\n<li><span>Con el envejecimiento aumenta el uso de los servicios de salud, que en Espa\u00f1a son p\u00fablicos y universales.<\/span><\/li>\n<li><span>La atenci\u00f3n a la dependencia (ayuda domiciliaria, residencias, etc.) es costosa y suele superar las contribuciones anteriores.<\/span><\/li>\n<\/ul>\n<\/li>\n<li><strong><span>Falta de ahorro privado<\/span><\/strong>\n<ul>\n<li><span>Los bajos ingresos en la vida activa dificultan el ahorro complementario para la jubilaci\u00f3n.<\/span><\/li>\n<\/ul>\n<\/li>\n<\/ol>\n<h4><strong><span>Datos y estimaciones en Espa\u00f1a<\/span><\/strong><\/h4>\n<ol>\n<li><span>Pensiones bajas: El\u00a0<\/span><strong><span>75% de los inmigrantes jubilados en Espa\u00f1a recibe pensiones por debajo del salario m\u00ednimo interprofesional (SMI)<\/span><\/strong><span>. Gran parte de los inmigrantes reciben\u00a0<\/span><strong><span>pensiones no contributivas<\/span><\/strong><span>, que suponen un gasto directo para el sistema.<\/span><\/li>\n<li><strong><span>Acceso a servicios sanitarios:<\/span><\/strong><span>\u00a0El gasto sanitario medio en personas mayores de 65 a\u00f1os es significativamente m\u00e1s alto que en personas j\u00f3venes. Los inmigrantes mayores, al igual que el resto de la poblaci\u00f3n, tienen derecho a estos servicios sin restricciones.<\/span><\/li>\n<li><strong><span>Dependencia:<\/span><\/strong><span> El\u00a0<\/span><strong><span>Sistema para la Autonom\u00eda y Atenci\u00f3n a la Dependencia (SAAD)<\/span><\/strong><span>\u00a0requiere importantes recursos p\u00fablicos. El acceso de los inmigrantes a estas ayudas incrementa su coste social.<\/span><\/li>\n<li><strong><span>Cotizaci\u00f3n insuficiente:<\/span><\/strong><span>\u00a0\u00a0Seg\u00fan datos de la\u00a0<\/span><strong><span>Seguridad Social<\/span><\/strong><span>\u00a0, el 60% de los inmigrantes jubilados tienen\u00a0<\/span><strong><span>carreras de cotizaci\u00f3n incompletas<\/span><\/strong><span>.<\/span><\/li>\n<\/ol>\n<h4><strong><span>Factores atenuantes: \u00bfCu\u00e1ndo el Balance Generacional del inmigrante jubilado no es negativo?<\/span><\/strong><\/h4>\n<ol>\n<li><span>Jubilaci\u00f3n en su pa\u00eds de origen: Muchos inmigrantes optan por regresar a su pa\u00eds de origen despu\u00e9s de jubilarse, reduciendo su uso de los servicios p\u00fablicos espa\u00f1oles.<\/span><\/li>\n<li><span>Cotizaci\u00f3n prolongada y estable: Aquellos inmigrantes que logran cotizar de forma continua y estable durante m\u00e1s de\u00a0<\/span><strong><span>30 a\u00f1os<\/span><\/strong><span>\u00a0tienden a tener un balance menos negativo.<\/span><\/li>\n<li><span>Aportaciones de la segunda generaci\u00f3n: Los hijos de inmigrantes nacidos en Espa\u00f1a suelen tener carreras m\u00e1s estables e mayores ingresos, contribuyendo positivamente al sistema.<\/span><\/li>\n<\/ol>\n<h4><strong><span>Conclusi\u00f3n: Balance Generacional del inmigrante jubilado en Espa\u00f1a<\/span><\/strong><\/h4>\n<ul>\n<li><span>Alta probabilidad de Balance negativo: En la mayor\u00eda de los casos, el inmigrante jubilado en Espa\u00f1a tiene un\u00a0<\/span><strong><span>balance generacional negativo<\/span><\/strong><span>\u00a0a causa de cotizaciones insuficientes, dependencia de pensiones no contributivas y alto uso de servicios sanitarios y dependencia.<\/span><\/li>\n<li><span>Excepciones: Aquellos inmigrantes con carreras de cotizaci\u00f3n largas, trabajos estables y que no dependen de pensiones no contributivas pueden mantener un balance m\u00e1s equilibrado.<\/span><\/li>\n<li><span>Realidad econ\u00f3mica: El envejecimiento de la poblaci\u00f3n inmigrante presenta un reto adicional para el sistema de bienestar, especialmente si no se logra corregir las desigualdades estructurales en el mercado laboral.<\/span><\/li>\n<\/ul>\n<p><span>En definitiva, aunque la inmigraci\u00f3n es crucial para sostener el sistema de pensiones a corto plazo, su impacto a largo plazo depender\u00e1 de las pol\u00edticas p\u00fablicas que mejoren la estabilidad laboral, salarios y condiciones de jubilaci\u00f3n de esta poblaci\u00f3n. Sin estas medidas, el balance generacional de los inmigrantes jubilados ser\u00e1, con alta probabilidad, negativo.<\/span><\/p>\n","protected":false},"excerpt":{"rendered":"<p>El\u00a0balance generacional\u00a0analiza la relaci\u00f3n entre los recursos que una generaci\u00f3n aporta al sistema econ\u00f3mico (principalmente mediante impuestos y cotizaciones) y los recursos que recibe (pensiones, atenci\u00f3n sanitaria, servicios p\u00fablicos). Este equilibrio es clave para evaluar la\u00a0sostenibilidad del Estado del Bienestar, especialmente en sociedades con pir\u00e1mides poblacionales envejecidas, como la espa\u00f1ola. Contexto demogr\u00e1fico en Espa\u00f1a Envejecimiento poblacional: Espa\u00f1a tiene una de las poblaciones m\u00e1s envejecidas del mundo. Seg\u00fan el INE, en 2023, m\u00e1s del 20% de la poblaci\u00f3n supera los 65 a\u00f1os. Baja natalidad: La tasa de fertilidad es de aproximadamente 1,12 hijos por mujer, muy por debajo del nivel de reemplazo generacional (2,1). Esperanza de vida alta: Espa\u00f1a tiene una de las esperanzas de vida m\u00e1s altas del mundo (83 a\u00f1os). Desequilibrio estructural: Cada vez hay menos personas en edad de trabajar por cada pensionista. El balance generacional en el sistema de pensiones El sistema de pensiones en Espa\u00f1a es de tipo\u00a0reparto intergeneracional, donde los trabajadores actuales financian las pensiones de los jubilados. Problemas actuales del sistema: Menor n\u00famero de cotizantes: El envejecimiento reduce la proporci\u00f3n de activos sobre pasivos. Mayor gasto en pensiones: El incremento de la esperanza de vida aumenta el tiempo medio de recepci\u00f3n de pensiones. Tasa de reemplazo alta: La pensi\u00f3n media equivale a cerca del 80% del \u00faltimo salario, muy superior a la media de la OCDE (50-60%). Inicio de la jubilaci\u00f3n de la generaci\u00f3n del \u201cbaby boom\u201d: La m\u00e1s numerosa de todas, con una prestaci\u00f3n media alta. Datos clave (2023): Relaci\u00f3n cotizantes\/pensionistas: 1,8 cotizantes por cada pensionista (en 2008 era de 2,7). Gasto en pensiones: Supone cerca de 12% del PIB. Fondo de Reserva de la Seguridad Social: Pr\u00e1cticamente agotado despu\u00e9s de la crisis de 2008. An\u00e1lisis generacional: Quien paga y qui\u00e9n recibe Un estudio frecuente es el de la renta\u00a0neta generacional, que calcula lo que cada generaci\u00f3n aporta y recibe del Estado a lo largo de su vida. Generaciones grandes (Baby Boom, nacidos 1955-1975): Aportaron mucho durante su vida laboral. Actualmente, reciben m\u00e1s de lo que aportaron, debido al aumento de la esperanza de vida y la generosidad del sistema de pensiones. Generaciones j\u00f3venes (Millenniales y Generaci\u00f3n Z): Aportan menos a causa de la precariedad laboral, salarios bajos y alta temporalidad. Se enfrentar\u00e1n a un sistema menos generoso cuando se jubilen. Medidas adoptadas en Espa\u00f1a para equilibrar el balance generacional: Reforma de las pensiones (2021-2023): Incremento paulatino de la edad de jubilaci\u00f3n hasta los 67 a\u00f1os en 2027. Mecanismo de Equidad Intergeneracional (MEI): Una sobrecotizaci\u00f3n del 0,6% en las n\u00f3minas (0,5% a cargo del empresario y 0,1% del trabajador) para reforzar el sistema. Fomento de la natalidad: Incentivos fiscales y ayudas econ\u00f3micas para familias. Pol\u00edticas migratorias: Captar a trabajadores j\u00f3venes extranjeros para equilibrar la pir\u00e1mide poblacional, pero, por su alto n\u00famero y empleo mayoritario en trabajos de baja productividad, tender\u00e1n a largo plazo a acentuar los desequilibrios. Planes de pensiones privados: Incentivar el ahorro privado, que hasta ahora ha fracasado por la incapacidad del gobierno. Proyecciones futuras: Seg\u00fan el Informe sobre el Envejecimiento ( Ageing\u00a0Report\u00a0) de la Comisi\u00f3n Europea (2021): Para 2050, Espa\u00f1a tendr\u00e1 1,2 trabajadores por pensionista. El gasto en pensiones podr\u00eda superar el 15% del PIB, lo que ser\u00eda insostenible. La reforma del sistema de pensiones podr\u00eda no ser suficiente sin una mejora en la productividad y el mercado laboral. Debate \u00e9tico y social \u00bfEs justo que las generaciones m\u00e1s j\u00f3venes asuman una carga tan alta? \u00bfEs necesario modificar la tasa de reemplazo para reducir las pensiones futuras? \u00bfC\u00f3mo afecta la precariedad laboral y los salarios bajos en el balance generacional? Propuestas para mejorar el balance generacional en Espa\u00f1a: Incentivar el empleo de calidad: Reducir la precariedad y aumentar los salarios. Fomentar la natalidad con pol\u00edticas efectivas: Educaci\u00f3n gratuita, permisos de maternidad\/paternidad extensivos, conciliaci\u00f3n familiar. Reforma fiscal: Establecer un sistema m\u00e1s eficaz y funcional favorable a la econom\u00eda productiva y a las familias con hijos y a la necesidad de formar nuevos hogares. Digitalizaci\u00f3n y productividad: Invertir en tecnolog\u00eda y formaci\u00f3n para mejorar la competitividad. El\u00a0balance generacional en Espa\u00f1a\u00a0es uno de los mayores desaf\u00edos econ\u00f3micos y sociales del pa\u00eds. Aunque se han adoptado medidas para aliviar la presi\u00f3n sobre el sistema, se requiere un enfoque integral que abarque pol\u00edticas demogr\u00e1ficas, laborales y econ\u00f3micas para garantizar un equilibrio sostenible y justo entre generaciones. Dado que el balance\u00a0generacional\u00a0se refiere a la relaci\u00f3n entre las aportaciones que una generaci\u00f3n realiza en el sistema econ\u00f3mico (impuestos, cotizaciones) y los beneficios que recibe (pensiones, servicios p\u00fablicos). Un salario mensual inferior a\u00a01.400-1.500\u00a0euros puede influir negativamente en ese balance en sistemas de bienestar como el espa\u00f1ol. Impacto de los salarios bajos en el balance generacional: Menor recaudaci\u00f3n fiscal y de cotizaciones: Cotizaciones sociales: Los salarios m\u00e1s bajos generan menores aportaciones a la Seguridad Social, debilitando la financiaci\u00f3n de las pensiones actuales y futuras. Impuestos: Ingresos m\u00e1s bajos resultan en una menor recaudaci\u00f3n de impuestos directos, reduciendo los recursos disponibles para servicios p\u00fablicos. Aumento de la dependencia de servicios p\u00fablicos: Las personas con bajos salarios pueden depender m\u00e1s de ayudas sociales, incrementando la presi\u00f3n sobre el sistema de bienestar. Sostenibilidad del sistema de pensiones: Insuficientes contribuciones pueden comprometer la capacidad del sistema para proporcionar pensiones adecuadas en el futuro. Datos relevantes en Espa\u00f1a Salario medio y medio:\u00a0En 2023, el salario medio bruto mensual en Espa\u00f1a fue de 2.273 euros, mientras que el salario medio se situ\u00f3 en 1.935,5 euros. Distribuci\u00f3n salarial:\u00a0El 30% de los asalariados gan\u00f3 menos de 1.534,7 euros al mes en 2023. Brecha de g\u00e9nero:\u00a0El 39,7% de las mujeres tuvo un salario inferior a 1.534,7 euros frente al 21% de los hombres. Umbral de pobreza:\u00a0En Espa\u00f1a, se considera que una persona est\u00e1 en riesgo de pobreza si sus ingresos son inferiores a 1.343 euros mensuales. Pobreza laboral: Pese a la reducci\u00f3n del paro, los salarios bajos han llevado a una situaci\u00f3n de \u00abpobreza laboral\u00bb, en la que tener trabajo no garantiza una vida digna. Conclusi\u00f3n Los salarios mensuales inferiores a\u00a01.400 a 1.500 euros\u00a0pueden resultar en un balance generacional negativo, ya que limitan las aportaciones al sistema&#8230;<\/p>\n","protected":false},"author":81,"featured_media":84840,"comment_status":"open","ping_status":"open","sticky":false,"template":"","format":"standard","meta":{"_FSMCFIC_featured_image_caption":"","_FSMCFIC_featured_image_nocaption":"","_FSMCFIC_featured_image_hide":"","footnotes":""},"categories":[806],"tags":[1677,1678,946,1122],"class_list":["post-84847","post","type-post","status-publish","format-standard","has-post-thumbnail","hentry","category-punts-claus-del-dia-es","tag-immigracio-es","tag-inmigracion","tag-pensiones","tag-pensions-es"],"yoast_head":"<!-- This site is optimized with the Yoast SEO plugin v26.8 - https:\/\/yoast.com\/product\/yoast-seo-wordpress\/ -->\n<title>El factor clave ignorado sobre la inmigraci\u00f3n: su balance generacional - Converses a Catalunya<\/title>\n<meta name=\"description\" content=\"El balance generacional analiza la relaci\u00f3n entre los recursos que una generaci\u00f3n aporta al sistema econ\u00f3mico y los recursos que recibe\" \/>\n<meta name=\"robots\" content=\"index, follow, max-snippet:-1, max-image-preview:large, max-video-preview:-1\" \/>\n<link rel=\"canonical\" href=\"https:\/\/conversesacatalunya.cat\/es\/el-factor-clave-ignorado-sobre-la-inmigracion-su-balance-generacional\/\" \/>\n<meta property=\"og:locale\" content=\"es_ES\" \/>\n<meta property=\"og:type\" content=\"article\" \/>\n<meta property=\"og:title\" content=\"El factor clave ignorado sobre la inmigraci\u00f3n: su balance generacional - Converses a Catalunya\" \/>\n<meta property=\"og:description\" content=\"El balance generacional analiza la relaci\u00f3n entre los recursos que una generaci\u00f3n aporta al sistema econ\u00f3mico y los recursos que recibe\" \/>\n<meta property=\"og:url\" content=\"https:\/\/conversesacatalunya.cat\/es\/el-factor-clave-ignorado-sobre-la-inmigracion-su-balance-generacional\/\" \/>\n<meta property=\"og:site_name\" content=\"Converses a Catalunya\" \/>\n<meta property=\"article:published_time\" content=\"2025-01-09T11:27:48+00:00\" \/>\n<meta property=\"article:modified_time\" content=\"2025-01-09T12:14:27+00:00\" \/>\n<meta property=\"og:image\" content=\"https:\/\/conversesacatalunya.cat\/wp-content\/uploads\/2025\/01\/balance-generacional.jpg\" \/>\n\t<meta property=\"og:image:width\" content=\"687\" \/>\n\t<meta property=\"og:image:height\" content=\"401\" \/>\n\t<meta property=\"og:image:type\" content=\"image\/jpeg\" \/>\n<meta name=\"author\" content=\"Emili Clos\" \/>\n<meta name=\"twitter:card\" content=\"summary_large_image\" \/>\n<meta name=\"twitter:label1\" content=\"Escrito por\" \/>\n\t<meta name=\"twitter:data1\" content=\"Emili Clos\" \/>\n\t<meta name=\"twitter:label2\" content=\"Tiempo de lectura\" \/>\n\t<meta name=\"twitter:data2\" content=\"12 minutos\" \/>\n<script type=\"application\/ld+json\" class=\"yoast-schema-graph\">{\"@context\":\"https:\/\/schema.org\",\"@graph\":[{\"@type\":\"Article\",\"@id\":\"https:\/\/conversesacatalunya.cat\/es\/el-factor-clave-ignorado-sobre-la-inmigracion-su-balance-generacional\/#article\",\"isPartOf\":{\"@id\":\"https:\/\/conversesacatalunya.cat\/es\/el-factor-clave-ignorado-sobre-la-inmigracion-su-balance-generacional\/\"},\"author\":{\"name\":\"Emili Clos\",\"@id\":\"https:\/\/conversesacatalunya.cat\/#\/schema\/person\/46306de4129bccb959ed5e1720c4e3e7\"},\"headline\":\"El factor clave ignorado sobre la inmigraci\u00f3n: su balance generacional\",\"datePublished\":\"2025-01-09T11:27:48+00:00\",\"dateModified\":\"2025-01-09T12:14:27+00:00\",\"mainEntityOfPage\":{\"@id\":\"https:\/\/conversesacatalunya.cat\/es\/el-factor-clave-ignorado-sobre-la-inmigracion-su-balance-generacional\/\"},\"wordCount\":2494,\"commentCount\":0,\"image\":{\"@id\":\"https:\/\/conversesacatalunya.cat\/es\/el-factor-clave-ignorado-sobre-la-inmigracion-su-balance-generacional\/#primaryimage\"},\"thumbnailUrl\":\"https:\/\/conversesacatalunya.cat\/wp-content\/uploads\/2025\/01\/balance-generacional.jpg\",\"keywords\":[\"Immigraci\u00f3\",\"inmigraci\u00f3n\",\"Pensiones\",\"Pensions\"],\"articleSection\":[\"Punts clau del dia (ES)\"],\"inLanguage\":\"es\",\"potentialAction\":[{\"@type\":\"CommentAction\",\"name\":\"Comment\",\"target\":[\"https:\/\/conversesacatalunya.cat\/es\/el-factor-clave-ignorado-sobre-la-inmigracion-su-balance-generacional\/#respond\"]}]},{\"@type\":\"WebPage\",\"@id\":\"https:\/\/conversesacatalunya.cat\/es\/el-factor-clave-ignorado-sobre-la-inmigracion-su-balance-generacional\/\",\"url\":\"https:\/\/conversesacatalunya.cat\/es\/el-factor-clave-ignorado-sobre-la-inmigracion-su-balance-generacional\/\",\"name\":\"El factor clave ignorado sobre la inmigraci\u00f3n: su balance generacional - Converses a Catalunya\",\"isPartOf\":{\"@id\":\"https:\/\/conversesacatalunya.cat\/#website\"},\"primaryImageOfPage\":{\"@id\":\"https:\/\/conversesacatalunya.cat\/es\/el-factor-clave-ignorado-sobre-la-inmigracion-su-balance-generacional\/#primaryimage\"},\"image\":{\"@id\":\"https:\/\/conversesacatalunya.cat\/es\/el-factor-clave-ignorado-sobre-la-inmigracion-su-balance-generacional\/#primaryimage\"},\"thumbnailUrl\":\"https:\/\/conversesacatalunya.cat\/wp-content\/uploads\/2025\/01\/balance-generacional.jpg\",\"datePublished\":\"2025-01-09T11:27:48+00:00\",\"dateModified\":\"2025-01-09T12:14:27+00:00\",\"author\":{\"@id\":\"https:\/\/conversesacatalunya.cat\/#\/schema\/person\/46306de4129bccb959ed5e1720c4e3e7\"},\"description\":\"El balance generacional analiza la relaci\u00f3n entre los recursos que una generaci\u00f3n aporta al sistema econ\u00f3mico y los recursos que recibe\",\"breadcrumb\":{\"@id\":\"https:\/\/conversesacatalunya.cat\/es\/el-factor-clave-ignorado-sobre-la-inmigracion-su-balance-generacional\/#breadcrumb\"},\"inLanguage\":\"es\",\"potentialAction\":[{\"@type\":\"ReadAction\",\"target\":[\"https:\/\/conversesacatalunya.cat\/es\/el-factor-clave-ignorado-sobre-la-inmigracion-su-balance-generacional\/\"]}]},{\"@type\":\"ImageObject\",\"inLanguage\":\"es\",\"@id\":\"https:\/\/conversesacatalunya.cat\/es\/el-factor-clave-ignorado-sobre-la-inmigracion-su-balance-generacional\/#primaryimage\",\"url\":\"https:\/\/conversesacatalunya.cat\/wp-content\/uploads\/2025\/01\/balance-generacional.jpg\",\"contentUrl\":\"https:\/\/conversesacatalunya.cat\/wp-content\/uploads\/2025\/01\/balance-generacional.jpg\",\"width\":687,\"height\":401},{\"@type\":\"BreadcrumbList\",\"@id\":\"https:\/\/conversesacatalunya.cat\/es\/el-factor-clave-ignorado-sobre-la-inmigracion-su-balance-generacional\/#breadcrumb\",\"itemListElement\":[{\"@type\":\"ListItem\",\"position\":1,\"name\":\"Inici\",\"item\":\"https:\/\/conversesacatalunya.cat\/es\/\"},{\"@type\":\"ListItem\",\"position\":2,\"name\":\"El factor clave ignorado sobre la inmigraci\u00f3n: su balance generacional\"}]},{\"@type\":\"WebSite\",\"@id\":\"https:\/\/conversesacatalunya.cat\/#website\",\"url\":\"https:\/\/conversesacatalunya.cat\/\",\"name\":\"Converses a Catalunya\",\"description\":\"\",\"potentialAction\":[{\"@type\":\"SearchAction\",\"target\":{\"@type\":\"EntryPoint\",\"urlTemplate\":\"https:\/\/conversesacatalunya.cat\/?s={search_term_string}\"},\"query-input\":{\"@type\":\"PropertyValueSpecification\",\"valueRequired\":true,\"valueName\":\"search_term_string\"}}],\"inLanguage\":\"es\"},{\"@type\":\"Person\",\"@id\":\"https:\/\/conversesacatalunya.cat\/#\/schema\/person\/46306de4129bccb959ed5e1720c4e3e7\",\"name\":\"Emili Clos\",\"image\":{\"@type\":\"ImageObject\",\"inLanguage\":\"es\",\"@id\":\"https:\/\/conversesacatalunya.cat\/#\/schema\/person\/image\/\",\"url\":\"https:\/\/conversesacatalunya.cat\/wp-content\/litespeed\/avatar\/a9a662bd802eed79498de818aef91cc9.jpg?ver=1777096184\",\"contentUrl\":\"https:\/\/conversesacatalunya.cat\/wp-content\/litespeed\/avatar\/a9a662bd802eed79498de818aef91cc9.jpg?ver=1777096184\",\"caption\":\"Emili Clos\"},\"url\":\"https:\/\/conversesacatalunya.cat\/es\/author\/emili_clos\/\"}]}<\/script>\n<!-- \/ Yoast SEO plugin. -->","yoast_head_json":{"title":"El factor clave ignorado sobre la inmigraci\u00f3n: su balance generacional - Converses a Catalunya","description":"El balance generacional analiza la relaci\u00f3n entre los recursos que una generaci\u00f3n aporta al sistema econ\u00f3mico y los recursos que recibe","robots":{"index":"index","follow":"follow","max-snippet":"max-snippet:-1","max-image-preview":"max-image-preview:large","max-video-preview":"max-video-preview:-1"},"canonical":"https:\/\/conversesacatalunya.cat\/es\/el-factor-clave-ignorado-sobre-la-inmigracion-su-balance-generacional\/","og_locale":"es_ES","og_type":"article","og_title":"El factor clave ignorado sobre la inmigraci\u00f3n: su balance generacional - Converses a Catalunya","og_description":"El balance generacional analiza la relaci\u00f3n entre los recursos que una generaci\u00f3n aporta al sistema econ\u00f3mico y los recursos que recibe","og_url":"https:\/\/conversesacatalunya.cat\/es\/el-factor-clave-ignorado-sobre-la-inmigracion-su-balance-generacional\/","og_site_name":"Converses a Catalunya","article_published_time":"2025-01-09T11:27:48+00:00","article_modified_time":"2025-01-09T12:14:27+00:00","og_image":[{"width":687,"height":401,"url":"https:\/\/conversesacatalunya.cat\/wp-content\/uploads\/2025\/01\/balance-generacional.jpg","type":"image\/jpeg"}],"author":"Emili Clos","twitter_card":"summary_large_image","twitter_misc":{"Escrito por":"Emili Clos","Tiempo de lectura":"12 minutos"},"schema":{"@context":"https:\/\/schema.org","@graph":[{"@type":"Article","@id":"https:\/\/conversesacatalunya.cat\/es\/el-factor-clave-ignorado-sobre-la-inmigracion-su-balance-generacional\/#article","isPartOf":{"@id":"https:\/\/conversesacatalunya.cat\/es\/el-factor-clave-ignorado-sobre-la-inmigracion-su-balance-generacional\/"},"author":{"name":"Emili Clos","@id":"https:\/\/conversesacatalunya.cat\/#\/schema\/person\/46306de4129bccb959ed5e1720c4e3e7"},"headline":"El factor clave ignorado sobre la inmigraci\u00f3n: su balance generacional","datePublished":"2025-01-09T11:27:48+00:00","dateModified":"2025-01-09T12:14:27+00:00","mainEntityOfPage":{"@id":"https:\/\/conversesacatalunya.cat\/es\/el-factor-clave-ignorado-sobre-la-inmigracion-su-balance-generacional\/"},"wordCount":2494,"commentCount":0,"image":{"@id":"https:\/\/conversesacatalunya.cat\/es\/el-factor-clave-ignorado-sobre-la-inmigracion-su-balance-generacional\/#primaryimage"},"thumbnailUrl":"https:\/\/conversesacatalunya.cat\/wp-content\/uploads\/2025\/01\/balance-generacional.jpg","keywords":["Immigraci\u00f3","inmigraci\u00f3n","Pensiones","Pensions"],"articleSection":["Punts clau del dia (ES)"],"inLanguage":"es","potentialAction":[{"@type":"CommentAction","name":"Comment","target":["https:\/\/conversesacatalunya.cat\/es\/el-factor-clave-ignorado-sobre-la-inmigracion-su-balance-generacional\/#respond"]}]},{"@type":"WebPage","@id":"https:\/\/conversesacatalunya.cat\/es\/el-factor-clave-ignorado-sobre-la-inmigracion-su-balance-generacional\/","url":"https:\/\/conversesacatalunya.cat\/es\/el-factor-clave-ignorado-sobre-la-inmigracion-su-balance-generacional\/","name":"El factor clave ignorado sobre la inmigraci\u00f3n: su balance generacional - Converses a Catalunya","isPartOf":{"@id":"https:\/\/conversesacatalunya.cat\/#website"},"primaryImageOfPage":{"@id":"https:\/\/conversesacatalunya.cat\/es\/el-factor-clave-ignorado-sobre-la-inmigracion-su-balance-generacional\/#primaryimage"},"image":{"@id":"https:\/\/conversesacatalunya.cat\/es\/el-factor-clave-ignorado-sobre-la-inmigracion-su-balance-generacional\/#primaryimage"},"thumbnailUrl":"https:\/\/conversesacatalunya.cat\/wp-content\/uploads\/2025\/01\/balance-generacional.jpg","datePublished":"2025-01-09T11:27:48+00:00","dateModified":"2025-01-09T12:14:27+00:00","author":{"@id":"https:\/\/conversesacatalunya.cat\/#\/schema\/person\/46306de4129bccb959ed5e1720c4e3e7"},"description":"El balance generacional analiza la relaci\u00f3n entre los recursos que una generaci\u00f3n aporta al sistema econ\u00f3mico y los recursos que recibe","breadcrumb":{"@id":"https:\/\/conversesacatalunya.cat\/es\/el-factor-clave-ignorado-sobre-la-inmigracion-su-balance-generacional\/#breadcrumb"},"inLanguage":"es","potentialAction":[{"@type":"ReadAction","target":["https:\/\/conversesacatalunya.cat\/es\/el-factor-clave-ignorado-sobre-la-inmigracion-su-balance-generacional\/"]}]},{"@type":"ImageObject","inLanguage":"es","@id":"https:\/\/conversesacatalunya.cat\/es\/el-factor-clave-ignorado-sobre-la-inmigracion-su-balance-generacional\/#primaryimage","url":"https:\/\/conversesacatalunya.cat\/wp-content\/uploads\/2025\/01\/balance-generacional.jpg","contentUrl":"https:\/\/conversesacatalunya.cat\/wp-content\/uploads\/2025\/01\/balance-generacional.jpg","width":687,"height":401},{"@type":"BreadcrumbList","@id":"https:\/\/conversesacatalunya.cat\/es\/el-factor-clave-ignorado-sobre-la-inmigracion-su-balance-generacional\/#breadcrumb","itemListElement":[{"@type":"ListItem","position":1,"name":"Inici","item":"https:\/\/conversesacatalunya.cat\/es\/"},{"@type":"ListItem","position":2,"name":"El factor clave ignorado sobre la inmigraci\u00f3n: su balance generacional"}]},{"@type":"WebSite","@id":"https:\/\/conversesacatalunya.cat\/#website","url":"https:\/\/conversesacatalunya.cat\/","name":"Converses a Catalunya","description":"","potentialAction":[{"@type":"SearchAction","target":{"@type":"EntryPoint","urlTemplate":"https:\/\/conversesacatalunya.cat\/?s={search_term_string}"},"query-input":{"@type":"PropertyValueSpecification","valueRequired":true,"valueName":"search_term_string"}}],"inLanguage":"es"},{"@type":"Person","@id":"https:\/\/conversesacatalunya.cat\/#\/schema\/person\/46306de4129bccb959ed5e1720c4e3e7","name":"Emili Clos","image":{"@type":"ImageObject","inLanguage":"es","@id":"https:\/\/conversesacatalunya.cat\/#\/schema\/person\/image\/","url":"https:\/\/conversesacatalunya.cat\/wp-content\/litespeed\/avatar\/a9a662bd802eed79498de818aef91cc9.jpg?ver=1777096184","contentUrl":"https:\/\/conversesacatalunya.cat\/wp-content\/litespeed\/avatar\/a9a662bd802eed79498de818aef91cc9.jpg?ver=1777096184","caption":"Emili Clos"},"url":"https:\/\/conversesacatalunya.cat\/es\/author\/emili_clos\/"}]}},"wps_subtitle":"El balance generacional analiza la relaci\u00f3n entre los recursos que una generaci\u00f3n aporta al sistema econ\u00f3mico (principalmente mediante impuestos y cotizaciones) y los recursos que recibe (pensiones, atenci\u00f3n sanitaria, servicios p\u00fablicos)","_links":{"self":[{"href":"https:\/\/conversesacatalunya.cat\/es\/wp-json\/wp\/v2\/posts\/84847","targetHints":{"allow":["GET"]}}],"collection":[{"href":"https:\/\/conversesacatalunya.cat\/es\/wp-json\/wp\/v2\/posts"}],"about":[{"href":"https:\/\/conversesacatalunya.cat\/es\/wp-json\/wp\/v2\/types\/post"}],"author":[{"embeddable":true,"href":"https:\/\/conversesacatalunya.cat\/es\/wp-json\/wp\/v2\/users\/81"}],"replies":[{"embeddable":true,"href":"https:\/\/conversesacatalunya.cat\/es\/wp-json\/wp\/v2\/comments?post=84847"}],"version-history":[{"count":2,"href":"https:\/\/conversesacatalunya.cat\/es\/wp-json\/wp\/v2\/posts\/84847\/revisions"}],"predecessor-version":[{"id":84849,"href":"https:\/\/conversesacatalunya.cat\/es\/wp-json\/wp\/v2\/posts\/84847\/revisions\/84849"}],"wp:featuredmedia":[{"embeddable":true,"href":"https:\/\/conversesacatalunya.cat\/es\/wp-json\/wp\/v2\/media\/84840"}],"wp:attachment":[{"href":"https:\/\/conversesacatalunya.cat\/es\/wp-json\/wp\/v2\/media?parent=84847"}],"wp:term":[{"taxonomy":"category","embeddable":true,"href":"https:\/\/conversesacatalunya.cat\/es\/wp-json\/wp\/v2\/categories?post=84847"},{"taxonomy":"post_tag","embeddable":true,"href":"https:\/\/conversesacatalunya.cat\/es\/wp-json\/wp\/v2\/tags?post=84847"}],"curies":[{"name":"wp","href":"https:\/\/api.w.org\/{rel}","templated":true}]}}