{"id":84783,"date":"2025-01-07T10:50:18","date_gmt":"2025-01-07T09:50:18","guid":{"rendered":"https:\/\/conversesacatalunya.cat\/cinc-prediccions-politica-internacional-pel-2025\/"},"modified":"2025-01-07T11:20:51","modified_gmt":"2025-01-07T10:20:51","slug":"tres-prediccions-politica-internacional-pel-2025","status":"publish","type":"post","link":"https:\/\/conversesacatalunya.cat\/es\/tres-prediccions-politica-internacional-pel-2025\/","title":{"rendered":"Tres predicciones de pol\u00edtica internacional para 2025"},"content":{"rendered":"<p><span>En pol\u00edtica internacional para 2025, los siguientes apartados buscan escenarios plausibles que podr\u00edan darse, con argumentos basados \u200b\u200ben las informaciones actuales a nuestro alcance. Que se materialicen o no depende de una multitud de factores de fondo y circunstancias de cada momento que son imposibles de analizar de forma sistem\u00e1tica, pero no por eso el ejercicio resulta, esperemos, menos estimulante y relevante.<\/span><\/p>\n<h4><strong><span>Siria: el nuevo gobierno islamista no llegar\u00e1 a\u00a0<\/span><span>consolidar<\/span><\/strong><strong><span>\u00a0el poder<\/span><\/strong><\/h4>\n<p><span>La ca\u00edda r\u00e1pida <\/span><span>e inesperada de Bashar el Asad ha llevado a Damasco al grupo islamista (ex-Al Qaeda) HTS Su\u00a0<\/span><span>l\u00edder<\/span><span>, que se le ha dado un nuevo nombre para romper con este inc\u00f3modo pasado,\u00a0<\/span><span>Ahmed al- Sharaa, sue\u00f1a en\u00a0<strong>consolidar su poder en toda Siria y normalizar la situaci\u00f3n del pa\u00eds<\/strong>. Sin embargo, sus verdaderas intenciones en materia de aplicaci\u00f3n de la ley isl\u00e1mica\u00a0siguen siendo una preocupaci\u00f3n de numerosos sirios y observadores internacionales.<\/span><\/p>\n<p><span>Adem\u00e1s, HTS tiene otro y grave\u00a0<a href=\"https:\/\/www.crisisgroup.org\/global\/10-conflicts-watch-2025\" target=\"_blank\" rel=\"noopener\">problema<\/a>: no es ni mucho menos una fuerza suficiente para asegurar el control efectivo de todo el territorio internacionalmente reconocido como sirio. Debido a su debilidad no le quedar\u00e1 otro remedio que intentar pactar con otros grupos, ya sean pertenecientes a minor\u00edas, como los kurdos, los alau\u00eds y los cada vez m\u00e1s escasos cristianos, o bien grupos islamistas sun\u00edes, como el Ej\u00e9rcito Nacional Sirio controlado por Turqu\u00eda. La ecuaci\u00f3n parece pr\u00e1cticamente imposible de resolver, y\u00a0<strong>desgraciadamente parece probable que Siria\u00a0<a href=\"https:\/\/conversesacatalunya.cat\/es\/siria-un-nuevo-agujero-negro-en-oriente-medio\/\" target=\"_blank\" rel=\"noopener\">no pueda evitar<\/a>\u00a0una nueva fase de la guerra civil<\/strong>. Lo que est\u00e1 por ver es de qu\u00e9 intensidad y alcance.<\/span><\/p>\n<h4><strong><span>Ucrania: habr\u00e1 acuerdo de paz<\/span><\/strong><\/h4>\n<p><span>El momento\u00a0<\/span><a href=\"https:\/\/conversesacatalunya.cat\/es\/llegada-de-donald-trump-que-perspectivas-de-paz-en-ucrania\/\" target=\"_blank\" rel=\"noopener\"><span>se prepara<\/span><\/a><span>\u00a0desde hace meses, y el presidente electo Donald Trump parece determinado a volcar todos sus esfuerzos en cuanto llegue a la Casa Blanca. Sin embargo, esto no quiere decir, ni mucho menos, que la paz sea f\u00e1cil. Seguramente\u00a0<\/span><strong><span>Estados Unidos tendr\u00e1 que amenazar a Rusia con nuevas medidas de apoyo a Ucrania, mientras emitir\u00e1n un mensaje de s\u00edmbolo opuesto hacia Kiev<\/span><\/strong><span>, quiz\u00e1 fijando una fecha de fin de la ayuda militar. La opini\u00f3n de los ucranianos, cada vez m\u00e1s\u00a0<\/span><a href=\"https:\/\/conversesacatalunya.cat\/es\/volodimir-zelenski-ucrania\/\" target=\"_blank\" rel=\"noopener\"><span>desconfiados<\/span><\/a><span>\u00a0por su presidente Zelenski, es probable que sea un factor importante para acelerar el fin de las hostilidades.<\/span><\/p>\n<p><span>Sin embargo,\u00a0<\/span><strong><span>ser\u00e1 dif\u00edcil que el acuerdo de paz sea definitivo<\/span><\/strong><span>, ya que Ucrania se resistir\u00e1 a reconocer legalmente la cesi\u00f3n de territorios a Rusia, y de una forma similar, Rusia no aceptar\u00e1 un acuerdo en el que Ucrania se convierta formalmente en miembro de la OTAN.<\/span><\/p>\n<p><span>Las garant\u00edas de que Europa podr\u00eda aportar para ambas partes podr\u00edan resultar clave para una resoluci\u00f3n definitiva del conflicto, pero como desde este diario vamos repitiendo,\u00a0<\/span><strong><span>ya es tradici\u00f3n que Europa est\u00e9, por su propia carencia de habilidad, totalmente\u00a0<\/span><a href=\"https:\/\/conversesacatalunya-cat.translate.goog\/xina-mediadora-ucraina-russia-europa\/?_x_tr_sl=ca&amp;_x_tr_tl=es&amp;_x_tr_hl=es&amp;_x_tr_pto=wapp\" target=\"_blank\" rel=\"noopener\"><span>ausente<\/span><\/a><span>\u00a0en las grandes decisiones<\/span><\/strong><span>\u00a0\u2013incluyendo aquellas que m\u00e1s le afectan. Una vez m\u00e1s, pues, ser\u00e1n los estadounidenses quienes saquen las casta\u00f1as del fuego a unos europeos carentes de rumbo.<\/span><\/p>\n<h4><strong><span>Macron sobrevivir\u00e1 como presidente de Francia, pero sin gobierno<\/span><\/strong><\/h4>\n<p><span>En Francia los comentaristas pol\u00edticos han observado que\u00a0<\/span><strong><span>cada gobierno nombrado por el presidente Emmanuel Macron tiene una esperanza de vida que es la mitad de la que le ha precedido<\/span><\/strong><span>. Una regla que se cumple con cierta precisi\u00f3n desde el primer ministro que nombr\u00f3 por primera vez en 2017 a Edouard Philippe. El \u00faltimo en haberla seguido ha sido Michel Barnier, que ha\u00a0<\/span><a href=\"https:\/\/conversesacatalunya.cat\/es\/cuanto-tiempo-aguantara-el-nuevo-primer-ministro-frances\/\" target=\"_blank\" rel=\"noopener\"><span>sobrevivido<\/span><\/a><span>\u00a0poco m\u00e1s de tres meses en el cargo antes de caer en una moci\u00f3n de censura a ra\u00edz de los presupuestos. As\u00ed\u00a0<\/span><span>pues<\/span><span>, al nuevo primer ministro\u00a0<\/span><a href=\"https:\/\/conversesacatalunya.cat\/es\/francois-bayrou-nuevo-primer-ministro\/\" target=\"_blank\" rel=\"noopener\"><span>Fran\u00e7ois Bayrou<\/span><\/a><span>\u00a0podemos pronosticarle una esperanza de vida de mes y medio, plazo que acabar\u00eda a principios de febrero.<\/span><\/p>\n<p><strong><span>A Macron le quedan unos 30 meses en el poder<\/span><\/strong><span>, ya que no se puede presentar una tercera vez si no dimite antes, algo a lo que se ha negado repetidamente a hacer pese a las exigencias de la oposici\u00f3n de la extrema izquierda y de Le Pen. Unos meses que pueden ser sin embargo un aut\u00e9ntico calvario por el l\u00edder franc\u00e9s de\u00a0<\/span><a href=\"https:\/\/conversesacatalunya.cat\/es\/emmanuel-macron-o-el-populismo-en-version-elitista\/\" target=\"_blank\" rel=\"noopener\"><span>estilo autoritario<\/span><\/a><span>\u00a0y egoc\u00e9ntrico.<\/span><\/p>\n<div class=\"code-block code-block-6\"><span class='bctt-click-to-tweet'><span class='bctt-ctt-text'><a href='https:\/\/twitter.com\/intent\/tweet?url=https%3A%2F%2Fconversesacatalunya.cat%2Fes%2Ftres-prediccions-politica-internacional-pel-2025%2F&#038;text=En%20pol%C3%ADtica%20internacional%20para%202025%2C%20los%20siguientes%20apartados%20buscan%20escenarios%20plausibles%20que%20podr%C3%ADan%20darse%2C%20con%20argumentos%20basados%20%20en%20las%20informaciones%20actuales%20a%20nuestro%20alcance&#038;via=conversesacat&#038;related=conversesacat' target='_blank'rel=\"noopener noreferrer\">En pol\u00edtica internacional para 2025, los siguientes apartados buscan escenarios plausibles que podr\u00edan darse, con argumentos basados  en las informaciones actuales a nuestro alcance <\/a><\/span><a href='https:\/\/twitter.com\/intent\/tweet?url=https%3A%2F%2Fconversesacatalunya.cat%2Fes%2Ftres-prediccions-politica-internacional-pel-2025%2F&#038;text=En%20pol%C3%ADtica%20internacional%20para%202025%2C%20los%20siguientes%20apartados%20buscan%20escenarios%20plausibles%20que%20podr%C3%ADan%20darse%2C%20con%20argumentos%20basados%20%20en%20las%20informaciones%20actuales%20a%20nuestro%20alcance&#038;via=conversesacat&#038;related=conversesacat' target='_blank' class='bctt-ctt-btn'rel=\"noopener noreferrer\">Compartir en X<\/a><\/span><\/div>\n<p>&nbsp;<\/p>\n","protected":false},"excerpt":{"rendered":"<p>En pol\u00edtica internacional para 2025, los siguientes apartados buscan escenarios plausibles que podr\u00edan darse, con argumentos basados \u200b\u200ben las informaciones actuales a nuestro alcance. Que se materialicen o no depende de una multitud de factores de fondo y circunstancias de cada momento que son imposibles de analizar de forma sistem\u00e1tica, pero no por eso el ejercicio resulta, esperemos, menos estimulante y relevante. Siria: el nuevo gobierno islamista no llegar\u00e1 a\u00a0consolidar\u00a0el poder La ca\u00edda r\u00e1pida e inesperada de Bashar el Asad ha llevado a Damasco al grupo islamista (ex-Al Qaeda) HTS Su\u00a0l\u00edder, que se le ha dado un nuevo nombre para romper con este inc\u00f3modo pasado,\u00a0Ahmed al- Sharaa, sue\u00f1a en\u00a0consolidar su poder en toda Siria y normalizar la situaci\u00f3n del pa\u00eds. Sin embargo, sus verdaderas intenciones en materia de aplicaci\u00f3n de la ley isl\u00e1mica\u00a0siguen siendo una preocupaci\u00f3n de numerosos sirios y observadores internacionales. Adem\u00e1s, HTS tiene otro y grave\u00a0problema: no es ni mucho menos una fuerza suficiente para asegurar el control efectivo de todo el territorio internacionalmente reconocido como sirio. Debido a su debilidad no le quedar\u00e1 otro remedio que intentar pactar con otros grupos, ya sean pertenecientes a minor\u00edas, como los kurdos, los alau\u00eds y los cada vez m\u00e1s escasos cristianos, o bien grupos islamistas sun\u00edes, como el Ej\u00e9rcito Nacional Sirio controlado por Turqu\u00eda. La ecuaci\u00f3n parece pr\u00e1cticamente imposible de resolver, y\u00a0desgraciadamente parece probable que Siria\u00a0no pueda evitar\u00a0una nueva fase de la guerra civil. Lo que est\u00e1 por ver es de qu\u00e9 intensidad y alcance. Ucrania: habr\u00e1 acuerdo de paz El momento\u00a0se prepara\u00a0desde hace meses, y el presidente electo Donald Trump parece determinado a volcar todos sus esfuerzos en cuanto llegue a la Casa Blanca. Sin embargo, esto no quiere decir, ni mucho menos, que la paz sea f\u00e1cil. Seguramente\u00a0Estados Unidos tendr\u00e1 que amenazar a Rusia con nuevas medidas de apoyo a Ucrania, mientras emitir\u00e1n un mensaje de s\u00edmbolo opuesto hacia Kiev, quiz\u00e1 fijando una fecha de fin de la ayuda militar. La opini\u00f3n de los ucranianos, cada vez m\u00e1s\u00a0desconfiados\u00a0por su presidente Zelenski, es probable que sea un factor importante para acelerar el fin de las hostilidades. Sin embargo,\u00a0ser\u00e1 dif\u00edcil que el acuerdo de paz sea definitivo, ya que Ucrania se resistir\u00e1 a reconocer legalmente la cesi\u00f3n de territorios a Rusia, y de una forma similar, Rusia no aceptar\u00e1 un acuerdo en el que Ucrania se convierta formalmente en miembro de la OTAN. Las garant\u00edas de que Europa podr\u00eda aportar para ambas partes podr\u00edan resultar clave para una resoluci\u00f3n definitiva del conflicto, pero como desde este diario vamos repitiendo,\u00a0ya es tradici\u00f3n que Europa est\u00e9, por su propia carencia de habilidad, totalmente\u00a0ausente\u00a0en las grandes decisiones\u00a0\u2013incluyendo aquellas que m\u00e1s le afectan. Una vez m\u00e1s, pues, ser\u00e1n los estadounidenses quienes saquen las casta\u00f1as del fuego a unos europeos carentes de rumbo. Macron sobrevivir\u00e1 como presidente de Francia, pero sin gobierno En Francia los comentaristas pol\u00edticos han observado que\u00a0cada gobierno nombrado por el presidente Emmanuel Macron tiene una esperanza de vida que es la mitad de la que le ha precedido. Una regla que se cumple con cierta precisi\u00f3n desde el primer ministro que nombr\u00f3 por primera vez en 2017 a Edouard Philippe. El \u00faltimo en haberla seguido ha sido Michel Barnier, que ha\u00a0sobrevivido\u00a0poco m\u00e1s de tres meses en el cargo antes de caer en una moci\u00f3n de censura a ra\u00edz de los presupuestos. As\u00ed\u00a0pues, al nuevo primer ministro\u00a0Fran\u00e7ois Bayrou\u00a0podemos pronosticarle una esperanza de vida de mes y medio, plazo que acabar\u00eda a principios de febrero. A Macron le quedan unos 30 meses en el poder, ya que no se puede presentar una tercera vez si no dimite antes, algo a lo que se ha negado repetidamente a hacer pese a las exigencias de la oposici\u00f3n de la extrema izquierda y de Le Pen. Unos meses que pueden ser sin embargo un aut\u00e9ntico calvario por el l\u00edder franc\u00e9s de\u00a0estilo autoritario\u00a0y egoc\u00e9ntrico. &nbsp;<\/p>\n","protected":false},"author":75,"featured_media":84764,"comment_status":"open","ping_status":"open","sticky":false,"template":"","format":"standard","meta":{"_FSMCFIC_featured_image_caption":"","_FSMCFIC_featured_image_nocaption":"","_FSMCFIC_featured_image_hide":"","footnotes":""},"categories":[806],"tags":[1308],"class_list":["post-84783","post","type-post","status-publish","format-standard","has-post-thumbnail","hentry","category-punts-claus-del-dia-es","tag-conflictos-internacionales"],"yoast_head":"<!-- This site is optimized with the Yoast SEO plugin v26.8 - https:\/\/yoast.com\/product\/yoast-seo-wordpress\/ -->\n<title>Tres predicciones de pol\u00edtica internacional para 2025 - Converses a Catalunya<\/title>\n<meta name=\"description\" content=\"En pol\u00edtica internacional para 2025, los siguientes apartados buscan escenarios plausibles que se podr\u00edan dar este 2025\" \/>\n<meta name=\"robots\" content=\"index, follow, max-snippet:-1, max-image-preview:large, max-video-preview:-1\" \/>\n<link rel=\"canonical\" href=\"https:\/\/conversesacatalunya.cat\/es\/tres-prediccions-politica-internacional-pel-2025\/\" \/>\n<meta property=\"og:locale\" content=\"es_ES\" \/>\n<meta property=\"og:type\" content=\"article\" \/>\n<meta property=\"og:title\" content=\"Tres predicciones de pol\u00edtica internacional para 2025 - Converses a Catalunya\" \/>\n<meta property=\"og:description\" content=\"En pol\u00edtica internacional para 2025, los siguientes apartados buscan escenarios plausibles que se podr\u00edan dar este 2025\" \/>\n<meta property=\"og:url\" content=\"https:\/\/conversesacatalunya.cat\/es\/tres-prediccions-politica-internacional-pel-2025\/\" \/>\n<meta property=\"og:site_name\" content=\"Converses a Catalunya\" \/>\n<meta property=\"article:published_time\" content=\"2025-01-07T09:50:18+00:00\" \/>\n<meta property=\"article:modified_time\" content=\"2025-01-07T10:20:51+00:00\" \/>\n<meta property=\"og:image\" content=\"https:\/\/conversesacatalunya.cat\/wp-content\/uploads\/2025\/01\/mon.jpg\" \/>\n\t<meta property=\"og:image:width\" content=\"1920\" \/>\n\t<meta property=\"og:image:height\" content=\"960\" \/>\n\t<meta property=\"og:image:type\" content=\"image\/jpeg\" \/>\n<meta name=\"author\" content=\"Carles L\u00f3pez\" \/>\n<meta name=\"twitter:card\" content=\"summary_large_image\" \/>\n<meta name=\"twitter:label1\" content=\"Escrito por\" \/>\n\t<meta name=\"twitter:data1\" content=\"Carles L\u00f3pez\" \/>\n\t<meta name=\"twitter:label2\" content=\"Tiempo de lectura\" \/>\n\t<meta name=\"twitter:data2\" content=\"4 minutos\" \/>\n<script type=\"application\/ld+json\" class=\"yoast-schema-graph\">{\"@context\":\"https:\/\/schema.org\",\"@graph\":[{\"@type\":\"Article\",\"@id\":\"https:\/\/conversesacatalunya.cat\/es\/tres-prediccions-politica-internacional-pel-2025\/#article\",\"isPartOf\":{\"@id\":\"https:\/\/conversesacatalunya.cat\/es\/tres-prediccions-politica-internacional-pel-2025\/\"},\"author\":{\"name\":\"Carles L\u00f3pez\",\"@id\":\"https:\/\/conversesacatalunya.cat\/#\/schema\/person\/3ce2ab16c0a3803086d80722c7cad56a\"},\"headline\":\"Tres predicciones de pol\u00edtica internacional para 2025\",\"datePublished\":\"2025-01-07T09:50:18+00:00\",\"dateModified\":\"2025-01-07T10:20:51+00:00\",\"mainEntityOfPage\":{\"@id\":\"https:\/\/conversesacatalunya.cat\/es\/tres-prediccions-politica-internacional-pel-2025\/\"},\"wordCount\":749,\"commentCount\":0,\"image\":{\"@id\":\"https:\/\/conversesacatalunya.cat\/es\/tres-prediccions-politica-internacional-pel-2025\/#primaryimage\"},\"thumbnailUrl\":\"https:\/\/conversesacatalunya.cat\/wp-content\/uploads\/2025\/01\/mon.jpg\",\"keywords\":[\"conflictos internacionales\"],\"articleSection\":[\"Punts clau del dia (ES)\"],\"inLanguage\":\"es\",\"potentialAction\":[{\"@type\":\"CommentAction\",\"name\":\"Comment\",\"target\":[\"https:\/\/conversesacatalunya.cat\/es\/tres-prediccions-politica-internacional-pel-2025\/#respond\"]}]},{\"@type\":\"WebPage\",\"@id\":\"https:\/\/conversesacatalunya.cat\/es\/tres-prediccions-politica-internacional-pel-2025\/\",\"url\":\"https:\/\/conversesacatalunya.cat\/es\/tres-prediccions-politica-internacional-pel-2025\/\",\"name\":\"Tres predicciones de pol\u00edtica internacional para 2025 - Converses a Catalunya\",\"isPartOf\":{\"@id\":\"https:\/\/conversesacatalunya.cat\/#website\"},\"primaryImageOfPage\":{\"@id\":\"https:\/\/conversesacatalunya.cat\/es\/tres-prediccions-politica-internacional-pel-2025\/#primaryimage\"},\"image\":{\"@id\":\"https:\/\/conversesacatalunya.cat\/es\/tres-prediccions-politica-internacional-pel-2025\/#primaryimage\"},\"thumbnailUrl\":\"https:\/\/conversesacatalunya.cat\/wp-content\/uploads\/2025\/01\/mon.jpg\",\"datePublished\":\"2025-01-07T09:50:18+00:00\",\"dateModified\":\"2025-01-07T10:20:51+00:00\",\"author\":{\"@id\":\"https:\/\/conversesacatalunya.cat\/#\/schema\/person\/3ce2ab16c0a3803086d80722c7cad56a\"},\"description\":\"En pol\u00edtica internacional para 2025, los siguientes apartados buscan escenarios plausibles que se podr\u00edan dar este 2025\",\"breadcrumb\":{\"@id\":\"https:\/\/conversesacatalunya.cat\/es\/tres-prediccions-politica-internacional-pel-2025\/#breadcrumb\"},\"inLanguage\":\"es\",\"potentialAction\":[{\"@type\":\"ReadAction\",\"target\":[\"https:\/\/conversesacatalunya.cat\/es\/tres-prediccions-politica-internacional-pel-2025\/\"]}]},{\"@type\":\"ImageObject\",\"inLanguage\":\"es\",\"@id\":\"https:\/\/conversesacatalunya.cat\/es\/tres-prediccions-politica-internacional-pel-2025\/#primaryimage\",\"url\":\"https:\/\/conversesacatalunya.cat\/wp-content\/uploads\/2025\/01\/mon.jpg\",\"contentUrl\":\"https:\/\/conversesacatalunya.cat\/wp-content\/uploads\/2025\/01\/mon.jpg\",\"width\":1920,\"height\":960,\"caption\":\"pol\u00edtica internacional 2025\"},{\"@type\":\"BreadcrumbList\",\"@id\":\"https:\/\/conversesacatalunya.cat\/es\/tres-prediccions-politica-internacional-pel-2025\/#breadcrumb\",\"itemListElement\":[{\"@type\":\"ListItem\",\"position\":1,\"name\":\"Inici\",\"item\":\"https:\/\/conversesacatalunya.cat\/es\/\"},{\"@type\":\"ListItem\",\"position\":2,\"name\":\"Tres predicciones de pol\u00edtica internacional para 2025\"}]},{\"@type\":\"WebSite\",\"@id\":\"https:\/\/conversesacatalunya.cat\/#website\",\"url\":\"https:\/\/conversesacatalunya.cat\/\",\"name\":\"Converses a Catalunya\",\"description\":\"\",\"potentialAction\":[{\"@type\":\"SearchAction\",\"target\":{\"@type\":\"EntryPoint\",\"urlTemplate\":\"https:\/\/conversesacatalunya.cat\/?s={search_term_string}\"},\"query-input\":{\"@type\":\"PropertyValueSpecification\",\"valueRequired\":true,\"valueName\":\"search_term_string\"}}],\"inLanguage\":\"es\"},{\"@type\":\"Person\",\"@id\":\"https:\/\/conversesacatalunya.cat\/#\/schema\/person\/3ce2ab16c0a3803086d80722c7cad56a\",\"name\":\"Carles L\u00f3pez\",\"image\":{\"@type\":\"ImageObject\",\"inLanguage\":\"es\",\"@id\":\"https:\/\/conversesacatalunya.cat\/#\/schema\/person\/image\/\",\"url\":\"https:\/\/conversesacatalunya.cat\/wp-content\/litespeed\/avatar\/4891585caf2896e97846ab77f06edcf2.jpg?ver=1777091173\",\"contentUrl\":\"https:\/\/conversesacatalunya.cat\/wp-content\/litespeed\/avatar\/4891585caf2896e97846ab77f06edcf2.jpg?ver=1777091173\",\"caption\":\"Carles L\u00f3pez\"},\"url\":\"https:\/\/conversesacatalunya.cat\/es\/author\/carles-lopez\/\"}]}<\/script>\n<!-- \/ Yoast SEO plugin. -->","yoast_head_json":{"title":"Tres predicciones de pol\u00edtica internacional para 2025 - Converses a Catalunya","description":"En pol\u00edtica internacional para 2025, los siguientes apartados buscan escenarios plausibles que se podr\u00edan dar este 2025","robots":{"index":"index","follow":"follow","max-snippet":"max-snippet:-1","max-image-preview":"max-image-preview:large","max-video-preview":"max-video-preview:-1"},"canonical":"https:\/\/conversesacatalunya.cat\/es\/tres-prediccions-politica-internacional-pel-2025\/","og_locale":"es_ES","og_type":"article","og_title":"Tres predicciones de pol\u00edtica internacional para 2025 - Converses a Catalunya","og_description":"En pol\u00edtica internacional para 2025, los siguientes apartados buscan escenarios plausibles que se podr\u00edan dar este 2025","og_url":"https:\/\/conversesacatalunya.cat\/es\/tres-prediccions-politica-internacional-pel-2025\/","og_site_name":"Converses a Catalunya","article_published_time":"2025-01-07T09:50:18+00:00","article_modified_time":"2025-01-07T10:20:51+00:00","og_image":[{"width":1920,"height":960,"url":"https:\/\/conversesacatalunya.cat\/wp-content\/uploads\/2025\/01\/mon.jpg","type":"image\/jpeg"}],"author":"Carles L\u00f3pez","twitter_card":"summary_large_image","twitter_misc":{"Escrito por":"Carles L\u00f3pez","Tiempo de lectura":"4 minutos"},"schema":{"@context":"https:\/\/schema.org","@graph":[{"@type":"Article","@id":"https:\/\/conversesacatalunya.cat\/es\/tres-prediccions-politica-internacional-pel-2025\/#article","isPartOf":{"@id":"https:\/\/conversesacatalunya.cat\/es\/tres-prediccions-politica-internacional-pel-2025\/"},"author":{"name":"Carles L\u00f3pez","@id":"https:\/\/conversesacatalunya.cat\/#\/schema\/person\/3ce2ab16c0a3803086d80722c7cad56a"},"headline":"Tres predicciones de pol\u00edtica internacional para 2025","datePublished":"2025-01-07T09:50:18+00:00","dateModified":"2025-01-07T10:20:51+00:00","mainEntityOfPage":{"@id":"https:\/\/conversesacatalunya.cat\/es\/tres-prediccions-politica-internacional-pel-2025\/"},"wordCount":749,"commentCount":0,"image":{"@id":"https:\/\/conversesacatalunya.cat\/es\/tres-prediccions-politica-internacional-pel-2025\/#primaryimage"},"thumbnailUrl":"https:\/\/conversesacatalunya.cat\/wp-content\/uploads\/2025\/01\/mon.jpg","keywords":["conflictos internacionales"],"articleSection":["Punts clau del dia (ES)"],"inLanguage":"es","potentialAction":[{"@type":"CommentAction","name":"Comment","target":["https:\/\/conversesacatalunya.cat\/es\/tres-prediccions-politica-internacional-pel-2025\/#respond"]}]},{"@type":"WebPage","@id":"https:\/\/conversesacatalunya.cat\/es\/tres-prediccions-politica-internacional-pel-2025\/","url":"https:\/\/conversesacatalunya.cat\/es\/tres-prediccions-politica-internacional-pel-2025\/","name":"Tres predicciones de pol\u00edtica internacional para 2025 - Converses a Catalunya","isPartOf":{"@id":"https:\/\/conversesacatalunya.cat\/#website"},"primaryImageOfPage":{"@id":"https:\/\/conversesacatalunya.cat\/es\/tres-prediccions-politica-internacional-pel-2025\/#primaryimage"},"image":{"@id":"https:\/\/conversesacatalunya.cat\/es\/tres-prediccions-politica-internacional-pel-2025\/#primaryimage"},"thumbnailUrl":"https:\/\/conversesacatalunya.cat\/wp-content\/uploads\/2025\/01\/mon.jpg","datePublished":"2025-01-07T09:50:18+00:00","dateModified":"2025-01-07T10:20:51+00:00","author":{"@id":"https:\/\/conversesacatalunya.cat\/#\/schema\/person\/3ce2ab16c0a3803086d80722c7cad56a"},"description":"En pol\u00edtica internacional para 2025, los siguientes apartados buscan escenarios plausibles que se podr\u00edan dar este 2025","breadcrumb":{"@id":"https:\/\/conversesacatalunya.cat\/es\/tres-prediccions-politica-internacional-pel-2025\/#breadcrumb"},"inLanguage":"es","potentialAction":[{"@type":"ReadAction","target":["https:\/\/conversesacatalunya.cat\/es\/tres-prediccions-politica-internacional-pel-2025\/"]}]},{"@type":"ImageObject","inLanguage":"es","@id":"https:\/\/conversesacatalunya.cat\/es\/tres-prediccions-politica-internacional-pel-2025\/#primaryimage","url":"https:\/\/conversesacatalunya.cat\/wp-content\/uploads\/2025\/01\/mon.jpg","contentUrl":"https:\/\/conversesacatalunya.cat\/wp-content\/uploads\/2025\/01\/mon.jpg","width":1920,"height":960,"caption":"pol\u00edtica internacional 2025"},{"@type":"BreadcrumbList","@id":"https:\/\/conversesacatalunya.cat\/es\/tres-prediccions-politica-internacional-pel-2025\/#breadcrumb","itemListElement":[{"@type":"ListItem","position":1,"name":"Inici","item":"https:\/\/conversesacatalunya.cat\/es\/"},{"@type":"ListItem","position":2,"name":"Tres predicciones de pol\u00edtica internacional para 2025"}]},{"@type":"WebSite","@id":"https:\/\/conversesacatalunya.cat\/#website","url":"https:\/\/conversesacatalunya.cat\/","name":"Converses a Catalunya","description":"","potentialAction":[{"@type":"SearchAction","target":{"@type":"EntryPoint","urlTemplate":"https:\/\/conversesacatalunya.cat\/?s={search_term_string}"},"query-input":{"@type":"PropertyValueSpecification","valueRequired":true,"valueName":"search_term_string"}}],"inLanguage":"es"},{"@type":"Person","@id":"https:\/\/conversesacatalunya.cat\/#\/schema\/person\/3ce2ab16c0a3803086d80722c7cad56a","name":"Carles L\u00f3pez","image":{"@type":"ImageObject","inLanguage":"es","@id":"https:\/\/conversesacatalunya.cat\/#\/schema\/person\/image\/","url":"https:\/\/conversesacatalunya.cat\/wp-content\/litespeed\/avatar\/4891585caf2896e97846ab77f06edcf2.jpg?ver=1777091173","contentUrl":"https:\/\/conversesacatalunya.cat\/wp-content\/litespeed\/avatar\/4891585caf2896e97846ab77f06edcf2.jpg?ver=1777091173","caption":"Carles L\u00f3pez"},"url":"https:\/\/conversesacatalunya.cat\/es\/author\/carles-lopez\/"}]}},"wps_subtitle":"Siria, Ucrania y Francia","_links":{"self":[{"href":"https:\/\/conversesacatalunya.cat\/es\/wp-json\/wp\/v2\/posts\/84783","targetHints":{"allow":["GET"]}}],"collection":[{"href":"https:\/\/conversesacatalunya.cat\/es\/wp-json\/wp\/v2\/posts"}],"about":[{"href":"https:\/\/conversesacatalunya.cat\/es\/wp-json\/wp\/v2\/types\/post"}],"author":[{"embeddable":true,"href":"https:\/\/conversesacatalunya.cat\/es\/wp-json\/wp\/v2\/users\/75"}],"replies":[{"embeddable":true,"href":"https:\/\/conversesacatalunya.cat\/es\/wp-json\/wp\/v2\/comments?post=84783"}],"version-history":[{"count":2,"href":"https:\/\/conversesacatalunya.cat\/es\/wp-json\/wp\/v2\/posts\/84783\/revisions"}],"predecessor-version":[{"id":84785,"href":"https:\/\/conversesacatalunya.cat\/es\/wp-json\/wp\/v2\/posts\/84783\/revisions\/84785"}],"wp:featuredmedia":[{"embeddable":true,"href":"https:\/\/conversesacatalunya.cat\/es\/wp-json\/wp\/v2\/media\/84764"}],"wp:attachment":[{"href":"https:\/\/conversesacatalunya.cat\/es\/wp-json\/wp\/v2\/media?parent=84783"}],"wp:term":[{"taxonomy":"category","embeddable":true,"href":"https:\/\/conversesacatalunya.cat\/es\/wp-json\/wp\/v2\/categories?post=84783"},{"taxonomy":"post_tag","embeddable":true,"href":"https:\/\/conversesacatalunya.cat\/es\/wp-json\/wp\/v2\/tags?post=84783"}],"curies":[{"name":"wp","href":"https:\/\/api.w.org\/{rel}","templated":true}]}}