{"id":84620,"date":"2024-12-24T09:10:57","date_gmt":"2024-12-24T08:10:57","guid":{"rendered":"https:\/\/conversesacatalunya.cat\/europa-entendre-llenguatge-poder\/"},"modified":"2024-12-24T12:02:45","modified_gmt":"2024-12-24T11:02:45","slug":"europa-sigue-sin-querer-entender-el-lenguaje-del-poder","status":"publish","type":"post","link":"https:\/\/conversesacatalunya.cat\/es\/europa-sigue-sin-querer-entender-el-lenguaje-del-poder\/","title":{"rendered":"Europa sigue sin querer entender el lenguaje del poder"},"content":{"rendered":"<p data-pm-slice=\"1 1 []\"><span>A s\u00f3lo un mes de la inauguraci\u00f3n de Donald J. Trump como presidente de Estados Unidos, cabe preguntarse si Europa es capaz de aprender y aplicar lecciones.<\/span><\/p>\n<p><span>Hace unas semanas, desde estas l\u00edneas\u00a0<\/span><a href=\"https:\/\/conversesacatalunya.cat\/es\/necesitamos-un-trump-europeo\/\" target=\"_blank\" rel=\"noopener\"><span>ped\u00edamos<\/span><\/a><span>\u00a0un Trump europeo. Como dec\u00edamos entonces, no por emular la inc\u00f3moda personalidad del presidente electo estadounidense, sino por la monumental\u00a0<\/span><strong><span>lecci\u00f3n sobre el poder<\/span><\/strong><span>\u00a0que ofrece: Trump entiende, a diferencia de Europa, que el mundo se rige por las relaciones de poder entre los actores del escenario internacional. Y esto lo cambia todo.<\/span><\/p>\n<p><strong><span>Europa ha ofrecido al mundo en 2024 una imagen particularmente lamentable<\/span><\/strong><span>.<\/span><\/p>\n<p><span>Algunos ejemplos concretos: incompetencia en pol\u00edtica energ\u00e9tica e hipocres\u00eda respecto al gas natural de Rusia, autosabotaje en la industria del autom\u00f3vil gracias al \u201cGreen Deal\u201d de la Comisi\u00f3n, sobreregulaci\u00f3n de la inteligencia artificial (sector en el que Europa no tiene jefe -jefe &#8211; empresa destacada), esquizofrenia arancelaria hacia China, incompetencia en la gesti\u00f3n de los fondos post-Covid, endeudamiento desenfrenado, incoherencia entre los agresivos discursos y la falta de acci\u00f3n en materia de defensa, sin olvidar el escandaloso\u00a0<\/span><a href=\"https:\/\/conversesacatalunya.cat\/es\/cargos-europeos-derecha\/\" target=\"_blank\" rel=\"noopener\"><span>reparto de sillas<\/span><\/a><span>\u00a0entre los que ya estaban en el poder tras las elecciones legislativas europeas.<\/span><\/p>\n<p><span>A todos estos tristes episodios protagonizados a partes iguales por las instituciones de la Uni\u00f3n Europea y los gobiernos de los Estados miembros, se le a\u00f1ade ahora la\u00a0<\/span><strong><span>nula preparaci\u00f3n de cara a la presidencia de Trump<\/span><\/strong><span>.<\/span><\/p>\n<p><span>Y no lo decimos nosotros, sino una columnista norteamericana del\u00a0<\/span><em><span>Financial Times<\/span><\/em><span>, Rana Foroohar, quien observ\u00f3 despu\u00e9s de haber participado en un reciente encuentro con responsables pol\u00edticos europeos en Italia que, a pesar de que la agenda trataba de debatir del futuro de Europa, la atenci\u00f3n estaba centrada en Trump. Como si Europa fuera impotente e incapaz de trazar su propio destino.<\/span><\/p>\n<p><span>En un\u00a0<\/span><a href=\"https:\/\/www.ft.com\/content\/5984afb1-6f9c-47ad-a398-5821d4648c33\" target=\"_blank\" rel=\"noopener\"><span>art\u00edculo<\/span><\/a><span>\u00a0reciente,\u00a0<\/span><strong><span>Foroohar hac\u00eda a los europeos tres advertencias<\/span><\/strong><span>\u00a0que merecen ser citadas a continuaci\u00f3n.<\/span><\/p>\n<p><span>La primera, que la futura administraci\u00f3n Trump est\u00e1 preparando\u00a0<\/span><strong><span>cambios dr\u00e1sticos en el escenario geopol\u00edtico<\/span><\/strong><span>\u00a0que Europa ni siquiera llega a concebir.<\/span><\/p>\n<p><span>La segunda, que mientras Estados Unidos se desvincular\u00e1 econ\u00f3micamente de China,\u00a0<\/span><strong><span>Europa sufrir\u00e1 con a\u00fan m\u00e1s intensidad todo el poder econ\u00f3mico de Pek\u00edn<\/span><\/strong><span>.<\/span><\/p>\n<p><span>Y la tercera, que Europa debe dejar de una vez por todas de preocuparse por los detalles de sus pol\u00edticas, y\u00a0<\/span><strong><span>pensar m\u00e1s en t\u00e9rminos de poder.<\/span><\/strong><\/p>\n<p><span>Estados Unidos se est\u00e1 preparando en serio para librar una batalla definitiva contra China, y en su ecuaci\u00f3n, Europa es m\u00e1s un estorbo que una ayuda.<\/span><\/p>\n<p><span>Con un tejido empresarial propio cada vez m\u00e1s deteriorado,\u00a0<\/span><strong><span>el Viejo Continente se convertir\u00e1 en el campo de batalla<\/span><\/strong><span>\u00a0entre la maquinaria exportadora de Estados Unidos y China, ya que ambas superpotencias necesitan nuestro mercado para superar a la otra.<\/span><\/p>\n<p><span>Lo inquietante es que una vez m\u00e1s,\u00a0<\/span><strong><span>Europa est\u00e1 totalmente ausente<\/span><\/strong><span>. Como afirm\u00f3 el excomisario de comercio Pascal Lamy, \u201cla UE es predecible, lenta y se basa en reglas. Trump es exactamente lo contrario\u201d.<\/span><\/p>\n<p><span>Europa ha perdido en los \u00faltimos cuatro a\u00f1os pensando que Joe Biden y su administraci\u00f3n nos volver\u00edan a \u00abtratar bien\u00bb, y que Trump hab\u00eda sido un par\u00e9ntesis. Una vez m\u00e1s, Europa se ha equivocado tanto en el primero como en el segundo punto. Biden no era m\u00e1s amigo nuestro que Trump, y este segundo, con todo el \u00e9nfasis que pone en el poder, no es la excepci\u00f3n sino la norma del siglo XXI.<\/span><\/p>\n<p><strong><span>Europa, \u00bfqu\u00e9 m\u00e1s esperas para despertar?<\/span><\/strong><\/p>\n","protected":false},"excerpt":{"rendered":"<p>A s\u00f3lo un mes de la inauguraci\u00f3n de Donald J. Trump como presidente de Estados Unidos, cabe preguntarse si Europa es capaz de aprender y aplicar lecciones. Hace unas semanas, desde estas l\u00edneas\u00a0ped\u00edamos\u00a0un Trump europeo. Como dec\u00edamos entonces, no por emular la inc\u00f3moda personalidad del presidente electo estadounidense, sino por la monumental\u00a0lecci\u00f3n sobre el poder\u00a0que ofrece: Trump entiende, a diferencia de Europa, que el mundo se rige por las relaciones de poder entre los actores del escenario internacional. Y esto lo cambia todo. Europa ha ofrecido al mundo en 2024 una imagen particularmente lamentable. Algunos ejemplos concretos: incompetencia en pol\u00edtica energ\u00e9tica e hipocres\u00eda respecto al gas natural de Rusia, autosabotaje en la industria del autom\u00f3vil gracias al \u201cGreen Deal\u201d de la Comisi\u00f3n, sobreregulaci\u00f3n de la inteligencia artificial (sector en el que Europa no tiene jefe -jefe &#8211; empresa destacada), esquizofrenia arancelaria hacia China, incompetencia en la gesti\u00f3n de los fondos post-Covid, endeudamiento desenfrenado, incoherencia entre los agresivos discursos y la falta de acci\u00f3n en materia de defensa, sin olvidar el escandaloso\u00a0reparto de sillas\u00a0entre los que ya estaban en el poder tras las elecciones legislativas europeas. A todos estos tristes episodios protagonizados a partes iguales por las instituciones de la Uni\u00f3n Europea y los gobiernos de los Estados miembros, se le a\u00f1ade ahora la\u00a0nula preparaci\u00f3n de cara a la presidencia de Trump. Y no lo decimos nosotros, sino una columnista norteamericana del\u00a0Financial Times, Rana Foroohar, quien observ\u00f3 despu\u00e9s de haber participado en un reciente encuentro con responsables pol\u00edticos europeos en Italia que, a pesar de que la agenda trataba de debatir del futuro de Europa, la atenci\u00f3n estaba centrada en Trump. Como si Europa fuera impotente e incapaz de trazar su propio destino. En un\u00a0art\u00edculo\u00a0reciente,\u00a0Foroohar hac\u00eda a los europeos tres advertencias\u00a0que merecen ser citadas a continuaci\u00f3n. La primera, que la futura administraci\u00f3n Trump est\u00e1 preparando\u00a0cambios dr\u00e1sticos en el escenario geopol\u00edtico\u00a0que Europa ni siquiera llega a concebir. La segunda, que mientras Estados Unidos se desvincular\u00e1 econ\u00f3micamente de China,\u00a0Europa sufrir\u00e1 con a\u00fan m\u00e1s intensidad todo el poder econ\u00f3mico de Pek\u00edn. Y la tercera, que Europa debe dejar de una vez por todas de preocuparse por los detalles de sus pol\u00edticas, y\u00a0pensar m\u00e1s en t\u00e9rminos de poder. Estados Unidos se est\u00e1 preparando en serio para librar una batalla definitiva contra China, y en su ecuaci\u00f3n, Europa es m\u00e1s un estorbo que una ayuda. Con un tejido empresarial propio cada vez m\u00e1s deteriorado,\u00a0el Viejo Continente se convertir\u00e1 en el campo de batalla\u00a0entre la maquinaria exportadora de Estados Unidos y China, ya que ambas superpotencias necesitan nuestro mercado para superar a la otra. Lo inquietante es que una vez m\u00e1s,\u00a0Europa est\u00e1 totalmente ausente. Como afirm\u00f3 el excomisario de comercio Pascal Lamy, \u201cla UE es predecible, lenta y se basa en reglas. Trump es exactamente lo contrario\u201d. Europa ha perdido en los \u00faltimos cuatro a\u00f1os pensando que Joe Biden y su administraci\u00f3n nos volver\u00edan a \u00abtratar bien\u00bb, y que Trump hab\u00eda sido un par\u00e9ntesis. Una vez m\u00e1s, Europa se ha equivocado tanto en el primero como en el segundo punto. Biden no era m\u00e1s amigo nuestro que Trump, y este segundo, con todo el \u00e9nfasis que pone en el poder, no es la excepci\u00f3n sino la norma del siglo XXI. Europa, \u00bfqu\u00e9 m\u00e1s esperas para despertar?<\/p>\n","protected":false},"author":75,"featured_media":84546,"comment_status":"open","ping_status":"open","sticky":false,"template":"","format":"standard","meta":{"_FSMCFIC_featured_image_caption":"","_FSMCFIC_featured_image_nocaption":"","_FSMCFIC_featured_image_hide":"","footnotes":""},"categories":[806],"tags":[963,1371,964,1162,875,1198],"class_list":["post-84620","post","type-post","status-publish","format-standard","has-post-thumbnail","hentry","category-punts-claus-del-dia-es","tag-donald-trump-es","tag-estados-unidos","tag-estats-units-es","tag-europa-es-2","tag-europa-es","tag-xina-es"],"yoast_head":"<!-- This site is optimized with the Yoast SEO plugin v26.8 - https:\/\/yoast.com\/product\/yoast-seo-wordpress\/ -->\n<title>Europa sigue sin querer entender el lenguaje del poder - Converses a Catalunya<\/title>\n<meta name=\"description\" content=\"El Viejo Continente se convertir\u00e1 en el campo de batalla entre la maquinaria exportadora de Estados Unidos y la de China\" \/>\n<meta name=\"robots\" content=\"index, follow, max-snippet:-1, max-image-preview:large, max-video-preview:-1\" \/>\n<link rel=\"canonical\" href=\"https:\/\/conversesacatalunya.cat\/es\/europa-sigue-sin-querer-entender-el-lenguaje-del-poder\/\" \/>\n<meta property=\"og:locale\" content=\"es_ES\" \/>\n<meta property=\"og:type\" content=\"article\" \/>\n<meta property=\"og:title\" content=\"Europa sigue sin querer entender el lenguaje del poder - Converses a Catalunya\" \/>\n<meta property=\"og:description\" content=\"El Viejo Continente se convertir\u00e1 en el campo de batalla entre la maquinaria exportadora de Estados Unidos y la de China\" \/>\n<meta property=\"og:url\" content=\"https:\/\/conversesacatalunya.cat\/es\/europa-sigue-sin-querer-entender-el-lenguaje-del-poder\/\" \/>\n<meta property=\"og:site_name\" content=\"Converses a Catalunya\" \/>\n<meta property=\"article:published_time\" content=\"2024-12-24T08:10:57+00:00\" \/>\n<meta property=\"article:modified_time\" content=\"2024-12-24T11:02:45+00:00\" \/>\n<meta property=\"og:image\" content=\"https:\/\/conversesacatalunya.cat\/wp-content\/uploads\/2024\/12\/xina-europa-estats-units.jpg\" \/>\n\t<meta property=\"og:image:width\" content=\"1200\" \/>\n\t<meta property=\"og:image:height\" content=\"800\" \/>\n\t<meta property=\"og:image:type\" content=\"image\/jpeg\" \/>\n<meta name=\"author\" content=\"Carles L\u00f3pez\" \/>\n<meta name=\"twitter:card\" content=\"summary_large_image\" \/>\n<meta name=\"twitter:label1\" content=\"Escrito por\" \/>\n\t<meta name=\"twitter:data1\" content=\"Carles L\u00f3pez\" \/>\n\t<meta name=\"twitter:label2\" content=\"Tiempo de lectura\" \/>\n\t<meta name=\"twitter:data2\" content=\"3 minutos\" \/>\n<script type=\"application\/ld+json\" class=\"yoast-schema-graph\">{\"@context\":\"https:\/\/schema.org\",\"@graph\":[{\"@type\":\"Article\",\"@id\":\"https:\/\/conversesacatalunya.cat\/es\/europa-sigue-sin-querer-entender-el-lenguaje-del-poder\/#article\",\"isPartOf\":{\"@id\":\"https:\/\/conversesacatalunya.cat\/es\/europa-sigue-sin-querer-entender-el-lenguaje-del-poder\/\"},\"author\":{\"name\":\"Carles L\u00f3pez\",\"@id\":\"https:\/\/conversesacatalunya.cat\/#\/schema\/person\/3ce2ab16c0a3803086d80722c7cad56a\"},\"headline\":\"Europa sigue sin querer entender el lenguaje del poder\",\"datePublished\":\"2024-12-24T08:10:57+00:00\",\"dateModified\":\"2024-12-24T11:02:45+00:00\",\"mainEntityOfPage\":{\"@id\":\"https:\/\/conversesacatalunya.cat\/es\/europa-sigue-sin-querer-entender-el-lenguaje-del-poder\/\"},\"wordCount\":614,\"commentCount\":0,\"image\":{\"@id\":\"https:\/\/conversesacatalunya.cat\/es\/europa-sigue-sin-querer-entender-el-lenguaje-del-poder\/#primaryimage\"},\"thumbnailUrl\":\"https:\/\/conversesacatalunya.cat\/wp-content\/uploads\/2024\/12\/xina-europa-estats-units.jpg\",\"keywords\":[\"Donald Trump\",\"Estados Unidos\",\"Estats Units\",\"Europa\",\"Europa\",\"Xina\"],\"articleSection\":[\"Punts clau del dia (ES)\"],\"inLanguage\":\"es\",\"potentialAction\":[{\"@type\":\"CommentAction\",\"name\":\"Comment\",\"target\":[\"https:\/\/conversesacatalunya.cat\/es\/europa-sigue-sin-querer-entender-el-lenguaje-del-poder\/#respond\"]}]},{\"@type\":\"WebPage\",\"@id\":\"https:\/\/conversesacatalunya.cat\/es\/europa-sigue-sin-querer-entender-el-lenguaje-del-poder\/\",\"url\":\"https:\/\/conversesacatalunya.cat\/es\/europa-sigue-sin-querer-entender-el-lenguaje-del-poder\/\",\"name\":\"Europa sigue sin querer entender el lenguaje del poder - Converses a Catalunya\",\"isPartOf\":{\"@id\":\"https:\/\/conversesacatalunya.cat\/#website\"},\"primaryImageOfPage\":{\"@id\":\"https:\/\/conversesacatalunya.cat\/es\/europa-sigue-sin-querer-entender-el-lenguaje-del-poder\/#primaryimage\"},\"image\":{\"@id\":\"https:\/\/conversesacatalunya.cat\/es\/europa-sigue-sin-querer-entender-el-lenguaje-del-poder\/#primaryimage\"},\"thumbnailUrl\":\"https:\/\/conversesacatalunya.cat\/wp-content\/uploads\/2024\/12\/xina-europa-estats-units.jpg\",\"datePublished\":\"2024-12-24T08:10:57+00:00\",\"dateModified\":\"2024-12-24T11:02:45+00:00\",\"author\":{\"@id\":\"https:\/\/conversesacatalunya.cat\/#\/schema\/person\/3ce2ab16c0a3803086d80722c7cad56a\"},\"description\":\"El Viejo Continente se convertir\u00e1 en el campo de batalla entre la maquinaria exportadora de Estados Unidos y la de China\",\"breadcrumb\":{\"@id\":\"https:\/\/conversesacatalunya.cat\/es\/europa-sigue-sin-querer-entender-el-lenguaje-del-poder\/#breadcrumb\"},\"inLanguage\":\"es\",\"potentialAction\":[{\"@type\":\"ReadAction\",\"target\":[\"https:\/\/conversesacatalunya.cat\/es\/europa-sigue-sin-querer-entender-el-lenguaje-del-poder\/\"]}]},{\"@type\":\"ImageObject\",\"inLanguage\":\"es\",\"@id\":\"https:\/\/conversesacatalunya.cat\/es\/europa-sigue-sin-querer-entender-el-lenguaje-del-poder\/#primaryimage\",\"url\":\"https:\/\/conversesacatalunya.cat\/wp-content\/uploads\/2024\/12\/xina-europa-estats-units.jpg\",\"contentUrl\":\"https:\/\/conversesacatalunya.cat\/wp-content\/uploads\/2024\/12\/xina-europa-estats-units.jpg\",\"width\":1200,\"height\":800},{\"@type\":\"BreadcrumbList\",\"@id\":\"https:\/\/conversesacatalunya.cat\/es\/europa-sigue-sin-querer-entender-el-lenguaje-del-poder\/#breadcrumb\",\"itemListElement\":[{\"@type\":\"ListItem\",\"position\":1,\"name\":\"Inici\",\"item\":\"https:\/\/conversesacatalunya.cat\/es\/\"},{\"@type\":\"ListItem\",\"position\":2,\"name\":\"Europa sigue sin querer entender el lenguaje del poder\"}]},{\"@type\":\"WebSite\",\"@id\":\"https:\/\/conversesacatalunya.cat\/#website\",\"url\":\"https:\/\/conversesacatalunya.cat\/\",\"name\":\"Converses a Catalunya\",\"description\":\"\",\"potentialAction\":[{\"@type\":\"SearchAction\",\"target\":{\"@type\":\"EntryPoint\",\"urlTemplate\":\"https:\/\/conversesacatalunya.cat\/?s={search_term_string}\"},\"query-input\":{\"@type\":\"PropertyValueSpecification\",\"valueRequired\":true,\"valueName\":\"search_term_string\"}}],\"inLanguage\":\"es\"},{\"@type\":\"Person\",\"@id\":\"https:\/\/conversesacatalunya.cat\/#\/schema\/person\/3ce2ab16c0a3803086d80722c7cad56a\",\"name\":\"Carles L\u00f3pez\",\"image\":{\"@type\":\"ImageObject\",\"inLanguage\":\"es\",\"@id\":\"https:\/\/conversesacatalunya.cat\/#\/schema\/person\/image\/\",\"url\":\"https:\/\/conversesacatalunya.cat\/wp-content\/litespeed\/avatar\/4891585caf2896e97846ab77f06edcf2.jpg?ver=1777091173\",\"contentUrl\":\"https:\/\/conversesacatalunya.cat\/wp-content\/litespeed\/avatar\/4891585caf2896e97846ab77f06edcf2.jpg?ver=1777091173\",\"caption\":\"Carles L\u00f3pez\"},\"url\":\"https:\/\/conversesacatalunya.cat\/es\/author\/carles-lopez\/\"}]}<\/script>\n<!-- \/ Yoast SEO plugin. -->","yoast_head_json":{"title":"Europa sigue sin querer entender el lenguaje del poder - Converses a Catalunya","description":"El Viejo Continente se convertir\u00e1 en el campo de batalla entre la maquinaria exportadora de Estados Unidos y la de China","robots":{"index":"index","follow":"follow","max-snippet":"max-snippet:-1","max-image-preview":"max-image-preview:large","max-video-preview":"max-video-preview:-1"},"canonical":"https:\/\/conversesacatalunya.cat\/es\/europa-sigue-sin-querer-entender-el-lenguaje-del-poder\/","og_locale":"es_ES","og_type":"article","og_title":"Europa sigue sin querer entender el lenguaje del poder - Converses a Catalunya","og_description":"El Viejo Continente se convertir\u00e1 en el campo de batalla entre la maquinaria exportadora de Estados Unidos y la de China","og_url":"https:\/\/conversesacatalunya.cat\/es\/europa-sigue-sin-querer-entender-el-lenguaje-del-poder\/","og_site_name":"Converses a Catalunya","article_published_time":"2024-12-24T08:10:57+00:00","article_modified_time":"2024-12-24T11:02:45+00:00","og_image":[{"width":1200,"height":800,"url":"https:\/\/conversesacatalunya.cat\/wp-content\/uploads\/2024\/12\/xina-europa-estats-units.jpg","type":"image\/jpeg"}],"author":"Carles L\u00f3pez","twitter_card":"summary_large_image","twitter_misc":{"Escrito por":"Carles L\u00f3pez","Tiempo de lectura":"3 minutos"},"schema":{"@context":"https:\/\/schema.org","@graph":[{"@type":"Article","@id":"https:\/\/conversesacatalunya.cat\/es\/europa-sigue-sin-querer-entender-el-lenguaje-del-poder\/#article","isPartOf":{"@id":"https:\/\/conversesacatalunya.cat\/es\/europa-sigue-sin-querer-entender-el-lenguaje-del-poder\/"},"author":{"name":"Carles L\u00f3pez","@id":"https:\/\/conversesacatalunya.cat\/#\/schema\/person\/3ce2ab16c0a3803086d80722c7cad56a"},"headline":"Europa sigue sin querer entender el lenguaje del poder","datePublished":"2024-12-24T08:10:57+00:00","dateModified":"2024-12-24T11:02:45+00:00","mainEntityOfPage":{"@id":"https:\/\/conversesacatalunya.cat\/es\/europa-sigue-sin-querer-entender-el-lenguaje-del-poder\/"},"wordCount":614,"commentCount":0,"image":{"@id":"https:\/\/conversesacatalunya.cat\/es\/europa-sigue-sin-querer-entender-el-lenguaje-del-poder\/#primaryimage"},"thumbnailUrl":"https:\/\/conversesacatalunya.cat\/wp-content\/uploads\/2024\/12\/xina-europa-estats-units.jpg","keywords":["Donald Trump","Estados Unidos","Estats Units","Europa","Europa","Xina"],"articleSection":["Punts clau del dia (ES)"],"inLanguage":"es","potentialAction":[{"@type":"CommentAction","name":"Comment","target":["https:\/\/conversesacatalunya.cat\/es\/europa-sigue-sin-querer-entender-el-lenguaje-del-poder\/#respond"]}]},{"@type":"WebPage","@id":"https:\/\/conversesacatalunya.cat\/es\/europa-sigue-sin-querer-entender-el-lenguaje-del-poder\/","url":"https:\/\/conversesacatalunya.cat\/es\/europa-sigue-sin-querer-entender-el-lenguaje-del-poder\/","name":"Europa sigue sin querer entender el lenguaje del poder - Converses a Catalunya","isPartOf":{"@id":"https:\/\/conversesacatalunya.cat\/#website"},"primaryImageOfPage":{"@id":"https:\/\/conversesacatalunya.cat\/es\/europa-sigue-sin-querer-entender-el-lenguaje-del-poder\/#primaryimage"},"image":{"@id":"https:\/\/conversesacatalunya.cat\/es\/europa-sigue-sin-querer-entender-el-lenguaje-del-poder\/#primaryimage"},"thumbnailUrl":"https:\/\/conversesacatalunya.cat\/wp-content\/uploads\/2024\/12\/xina-europa-estats-units.jpg","datePublished":"2024-12-24T08:10:57+00:00","dateModified":"2024-12-24T11:02:45+00:00","author":{"@id":"https:\/\/conversesacatalunya.cat\/#\/schema\/person\/3ce2ab16c0a3803086d80722c7cad56a"},"description":"El Viejo Continente se convertir\u00e1 en el campo de batalla entre la maquinaria exportadora de Estados Unidos y la de China","breadcrumb":{"@id":"https:\/\/conversesacatalunya.cat\/es\/europa-sigue-sin-querer-entender-el-lenguaje-del-poder\/#breadcrumb"},"inLanguage":"es","potentialAction":[{"@type":"ReadAction","target":["https:\/\/conversesacatalunya.cat\/es\/europa-sigue-sin-querer-entender-el-lenguaje-del-poder\/"]}]},{"@type":"ImageObject","inLanguage":"es","@id":"https:\/\/conversesacatalunya.cat\/es\/europa-sigue-sin-querer-entender-el-lenguaje-del-poder\/#primaryimage","url":"https:\/\/conversesacatalunya.cat\/wp-content\/uploads\/2024\/12\/xina-europa-estats-units.jpg","contentUrl":"https:\/\/conversesacatalunya.cat\/wp-content\/uploads\/2024\/12\/xina-europa-estats-units.jpg","width":1200,"height":800},{"@type":"BreadcrumbList","@id":"https:\/\/conversesacatalunya.cat\/es\/europa-sigue-sin-querer-entender-el-lenguaje-del-poder\/#breadcrumb","itemListElement":[{"@type":"ListItem","position":1,"name":"Inici","item":"https:\/\/conversesacatalunya.cat\/es\/"},{"@type":"ListItem","position":2,"name":"Europa sigue sin querer entender el lenguaje del poder"}]},{"@type":"WebSite","@id":"https:\/\/conversesacatalunya.cat\/#website","url":"https:\/\/conversesacatalunya.cat\/","name":"Converses a Catalunya","description":"","potentialAction":[{"@type":"SearchAction","target":{"@type":"EntryPoint","urlTemplate":"https:\/\/conversesacatalunya.cat\/?s={search_term_string}"},"query-input":{"@type":"PropertyValueSpecification","valueRequired":true,"valueName":"search_term_string"}}],"inLanguage":"es"},{"@type":"Person","@id":"https:\/\/conversesacatalunya.cat\/#\/schema\/person\/3ce2ab16c0a3803086d80722c7cad56a","name":"Carles L\u00f3pez","image":{"@type":"ImageObject","inLanguage":"es","@id":"https:\/\/conversesacatalunya.cat\/#\/schema\/person\/image\/","url":"https:\/\/conversesacatalunya.cat\/wp-content\/litespeed\/avatar\/4891585caf2896e97846ab77f06edcf2.jpg?ver=1777091173","contentUrl":"https:\/\/conversesacatalunya.cat\/wp-content\/litespeed\/avatar\/4891585caf2896e97846ab77f06edcf2.jpg?ver=1777091173","caption":"Carles L\u00f3pez"},"url":"https:\/\/conversesacatalunya.cat\/es\/author\/carles-lopez\/"}]}},"wps_subtitle":"El Viejo Continente se convertir\u00e1 en el campo de batalla entre la maquinaria exportadora de Estados Unidos y la de China","_links":{"self":[{"href":"https:\/\/conversesacatalunya.cat\/es\/wp-json\/wp\/v2\/posts\/84620","targetHints":{"allow":["GET"]}}],"collection":[{"href":"https:\/\/conversesacatalunya.cat\/es\/wp-json\/wp\/v2\/posts"}],"about":[{"href":"https:\/\/conversesacatalunya.cat\/es\/wp-json\/wp\/v2\/types\/post"}],"author":[{"embeddable":true,"href":"https:\/\/conversesacatalunya.cat\/es\/wp-json\/wp\/v2\/users\/75"}],"replies":[{"embeddable":true,"href":"https:\/\/conversesacatalunya.cat\/es\/wp-json\/wp\/v2\/comments?post=84620"}],"version-history":[{"count":2,"href":"https:\/\/conversesacatalunya.cat\/es\/wp-json\/wp\/v2\/posts\/84620\/revisions"}],"predecessor-version":[{"id":84622,"href":"https:\/\/conversesacatalunya.cat\/es\/wp-json\/wp\/v2\/posts\/84620\/revisions\/84622"}],"wp:featuredmedia":[{"embeddable":true,"href":"https:\/\/conversesacatalunya.cat\/es\/wp-json\/wp\/v2\/media\/84546"}],"wp:attachment":[{"href":"https:\/\/conversesacatalunya.cat\/es\/wp-json\/wp\/v2\/media?parent=84620"}],"wp:term":[{"taxonomy":"category","embeddable":true,"href":"https:\/\/conversesacatalunya.cat\/es\/wp-json\/wp\/v2\/categories?post=84620"},{"taxonomy":"post_tag","embeddable":true,"href":"https:\/\/conversesacatalunya.cat\/es\/wp-json\/wp\/v2\/tags?post=84620"}],"curies":[{"name":"wp","href":"https:\/\/api.w.org\/{rel}","templated":true}]}}