{"id":84616,"date":"2024-12-24T10:50:42","date_gmt":"2024-12-24T09:50:42","guid":{"rendered":"https:\/\/conversesacatalunya.cat\/diagnostic-sobre-la-sanitat-catalana-entre-lestranyesa-i-lamenaca\/"},"modified":"2024-12-24T11:52:13","modified_gmt":"2024-12-24T10:52:13","slug":"diagnostico-sobre-la-sanidad-catalana-entre-la-extraneza-y-la-amenaza","status":"publish","type":"post","link":"https:\/\/conversesacatalunya.cat\/es\/diagnostico-sobre-la-sanidad-catalana-entre-la-extraneza-y-la-amenaza\/","title":{"rendered":"Diagn\u00f3stico sobre la sanidad catalana: entre la extra\u00f1eza y la amenaza"},"content":{"rendered":"<p><span>El Gobierno catal\u00e1n ha creado un comit\u00e9 de expertos llamado Cair\u00f3s, escrito as\u00ed con &#8216;c&#8217;, aunque tambi\u00e9n podr\u00eda adoptar la forma con &#8216;k&#8217;, Kairos, que remite a un concepto de la filosof\u00eda griega que puede traducirse como \u00abmomento adecuado u oportuno\u00bb Sea como fuere, el comit\u00e9 ha empezado a hacer propuestas que puedan contribuir a\u00a0<\/span><strong><span>revertir el deterioro de la sanidad en Catalu\u00f1a<\/span><\/strong><span>. El comit\u00e9 est\u00e1 presidido por una autoridad indiscutible: Manel del Castillo, director general del Hospital San Juan de Dios, que en unas recientes declaraciones formulaba algunas precisiones que merecen consideraci\u00f3n.<\/span><\/p>\n<h4><strong><span>El riesgo de convertirse en una sanidad para pobres y grandes patolog\u00edas<\/span><\/strong><\/h4>\n<p><span>Desde hace tiempo se est\u00e1 produciendo, como consecuencia del deficiente servicio, una\u00a0<\/span><strong><span>fuga de usuarios hacia las mutuas y la sanidad privada<\/span><\/strong><span>. Naturalmente, son personas que pueden permitirse pagar una cuota mensual. Del Castillo considera esta cuesti\u00f3n como un problema, porque cree que, de seguir as\u00ed, s\u00f3lo la poblaci\u00f3n con menos ingresos continuar\u00e1 en la asistencia sanitaria p\u00fablica. Aunque tambi\u00e9n conservar\u00eda lo que la hace insustituible: su capacidad para tratar patolog\u00edas complejas y costosas, como la mayor\u00eda de los c\u00e1nceres.<\/span><\/p>\n<p><span>Pero este razonamiento no se entiende bien, porque, descrito en estos t\u00e9rminos, lo que define no es un problema, sino una ventaja. En la sanidad p\u00fablica no hay ni ricos ni pobres: todos son usuarios o pacientes que reciben uno trato equivalente. Por tanto, en buena medida podemos prescindir de la variable de renta. Si el n\u00famero de usuarios disminuye porque una parte de ellos son atendidos por la sanidad consorciada y privada, lo que se consigue es un mejor ratio de m\u00e9dicos, enfermeras y personal sanitario para cada uno de los que permanecen en el sistema p\u00fablico.\u00a0<\/span><strong><span>Esto no empeora la situaci\u00f3n, al contrario, la mejora<\/span><\/strong><span>.<\/span><\/p>\n<p><span>El problema es para los ciudadanos que deben huir de esta sanidad debido a las esperas y dilaciones interminables, buscando algo mejor y pag\u00e1ndolo de su bolsillo sin que este hecho desgrave. Lo que en realidad existe, y es de lamentar que el comit\u00e9 de expertos no lo aborde, es un mal encaje entre el sistema asistencial mutualista, concertado o privado, y el sistema p\u00fablico. Esto permitir\u00eda un uso m\u00e1s racional de los recursos y un mejor tratamiento al paciente. En Catalu\u00f1a, donde este sector es determinante y en el \u00e1mbito hospitalario ya est\u00e1 estrechamente coordinado con la sanidad p\u00fablica, tiene una importancia a\u00fan m\u00e1s decisiva.<\/span><\/p>\n<p><span>Que este hecho se vea como un problema y no como una oportunidad, como si la sanidad p\u00fablica tuviera la finalidad de abarcar el cien por cien de la poblaci\u00f3n en lugar de combinarse y aprovechar el conjunto de los recursos existentes -sobre todo en comunidades con tradici\u00f3n como la catalana, basada en el mutualismo\u2014, no deja de ser sorprendente porque refleja un sesgo que no contribuye a un buen enfoque del problema.<\/span><\/p>\n<h4><strong><span>Catalu\u00f1a no tiene un d\u00e9ficit de m\u00e9dicos<\/span><\/strong><\/h4>\n<p><span>Manel del Castillo explica que, de acuerdo con la OCDE, Catalu\u00f1a tiene 4,7 m\u00e9dicos por cada 1.000 habitantes, cuando la mediana es de 3,2. La diferencia a favor de Catalu\u00f1a es muy notable, porque significa que disponemos de casi un 50% m\u00e1s m\u00e9dicos que la media del conjunto de los pa\u00edses m\u00e1s desarrollados del mundo.<\/span><\/p>\n<p><span>Por tanto,\u00a0<\/span><strong><span>en t\u00e9rminos globales estamos muy bien situados<\/span><\/strong><span>, pero, sin embargo, como se\u00f1ala el director del Hospital Sant Joan de D\u00e9u y presidente de Cair\u00f3s, cuando vas a la segunda y tercera corona metropolitana, con alg\u00fan extremo de Catalu\u00f1a, s\u00ed constatas esta carencia. Y si bien en el centro de la propia \u00e1rea metropolitana el ciudadano ser\u00e1 atendido, no significa que no sufra alguno de los problemas cr\u00f3nicos de esperas y colas que se dan en el conjunto de la sanidad.<\/span><\/p>\n<h4><strong><span>Entonces, \u00bfqu\u00e9 debemos entender de este diagn\u00f3stico?<\/span><\/strong><\/h4>\n<p><span>Tambi\u00e9n lo define el presidente del comit\u00e9 de expertos: nada menos que casi el\u00a0<\/span><strong><span>80% del tiempo de los m\u00e9dicos y las enfermeras se dedica a desbrozar el frondoso camino de la burocracia<\/span><\/strong><span>. De cada hora de trabajo de estos m\u00e9dicos y personal sanitario m\u00e1s cualificado, 48 minutos no se dedican al enfermo, sino al papeleo.<\/span><\/p>\n<p><span>Esto explica que, cuando alguien se visita en un centro ambulatorio, en estas visitas rel\u00e1mpago de pocos minutos, el m\u00e9dico, m\u00e1s que estar mirando al paciente y observ\u00e1ndole, est\u00e9 tecleando continuamente y mirando la pantalla de su ordenador. He aqu\u00ed uno de los graves problemas que, en principio, no parece ser dif\u00edcil de resolver.<\/span><\/p>\n<p><span>La soluci\u00f3n ya la apunta el propio doctor Manel del Castillo: la mayor\u00eda de pa\u00edses tienen la figura del\u00a0<\/span><strong><span>asistente cl\u00ednico o del administrativo sanitario<\/span><\/strong><span>, que apoya al m\u00e9dico y a la enfermera y que se encarga de realizar todos estos tr\u00e1mites. Esta soluci\u00f3n, llevada con diligencia y de forma masiva, liberar\u00eda una carga de trabajo brutal y permitir\u00eda, a un coste moderado, ganar en calidad y aprovechar a fondo la cantidad de m\u00e9dicos de los que disponemos. Pero, de momento, no parece que \u00e9sta sea una urgencia, a pesar de la magn\u00edfica relaci\u00f3n coste-beneficio que presenta.<\/span><\/p>\n<h4><strong><span>El impacto de los m\u00e9dicos extracomunitarios<\/span><\/strong><\/h4>\n<p><span>Otro factor se\u00f1alado por Manel del Castillo es el\u00a0<\/span><strong><span>creciente n\u00famero de m\u00e9dicos de procedencia extracomunitaria<\/span><\/strong><span>, b\u00e1sicamente latinoamericanos, que ocupan plaza en Catalunya. Lo dice con esmero, pero lo dice: \u00abla capacitaci\u00f3n no es tan homog\u00e9nea como aqu\u00ed, donde tenemos unos especialistas de primer\u00edsimo nivel\u00bb. En otros t\u00e9rminos, la calidad del personal m\u00e9dico proveniente de la inmigraci\u00f3n es inferior a la aut\u00f3ctona, abriendo una v\u00eda de deterioro en la prestaci\u00f3n de servicios.<\/span><\/p>\n<p><span>Se\u00f1ala, adem\u00e1s, una raz\u00f3n \u00e9tica absolutamente v\u00e1lida. A estos pa\u00edses les cuesta mucho formar a un m\u00e9dico para que despu\u00e9s nos lo quedamos nosotros. E<\/span>s una buena raz\u00f3n para frenar esta apelaci\u00f3n a la inmigraci\u00f3n y buscar la manera de disponer de m\u00e9dicos propios, <span>de acuerdo con la incorporaci\u00f3n de personal administrativo de soporte, como ya ha apuntado.<\/span><\/p>\n<p><span>El diagn\u00f3stico est\u00e1 claro y las soluciones no son extraordinariamente complejas. S\u00f3lo necesitan fijar con claridad los objetivos y disponer de la voluntad pol\u00edtica necesaria para que \u00e9stos se ejecuten. Veremos en qu\u00e9 queda todo esto.<\/span><\/p>\n<div id=\"polls-268\" class=\"wp-polls\">\n\t<form id=\"polls_form_268\" class=\"wp-polls-form\" action=\"\/index.php\" method=\"post\">\n\t\t<p style=\"display: none;\"><input type=\"hidden\" id=\"poll_268_nonce\" name=\"wp-polls-nonce\" value=\"29bfa8655c\" \/><\/p>\n\t\t<p style=\"display: none;\"><input type=\"hidden\" name=\"poll_id\" value=\"268\" \/><\/p>\n\t\t<p style=\"text-align: center\"><strong>Consideres que el 2024 ha estat un bon any pel nostre pa\u00eds?<\/strong><\/p><div id=\"polls-268-ans\" class=\"wp-polls-ans\"><ul class=\"wp-polls-ul\">\n\t\t<li><input type=\"radio\" id=\"poll-answer-756\" name=\"poll_268\" value=\"756\" \/> <label for=\"poll-answer-756\">S\u00ed<\/label><\/li>\n\t\t<li><input type=\"radio\" id=\"poll-answer-757\" name=\"poll_268\" value=\"757\" \/> <label for=\"poll-answer-757\">No<\/label><\/li>\n\t\t<li><input type=\"radio\" id=\"poll-answer-758\" name=\"poll_268\" value=\"758\" \/> <label for=\"poll-answer-758\">No ho s\u00e9<\/label><\/li>\n\t\t<\/ul><p style=\"text-align: center\"><input type=\"button\" name=\"vote\" value=\"   Vota   \" class=\"Buttons\" onclick=\"poll_vote(268);\" \/><\/p><p style=\"text-align: center\"><a href=\"#ViewPollResults\" onclick=\"poll_result(268); return false;\" title=\"View Results Of This Poll\">Mira els resultats<\/a><\/p><\/div>\n\t<\/form>\n<\/div>\n<div id=\"polls-268-loading\" class=\"wp-polls-loading\"><img decoding=\"async\" data-src=\"https:\/\/conversesacatalunya.cat\/wp-content\/plugins\/wp-polls\/images\/loading.gif\" width=\"16\" height=\"16\" alt=\"Cargando ...\" title=\"Cargando ...\" class=\"wp-polls-image lazyload\" src=\"data:image\/svg+xml;base64,PHN2ZyB3aWR0aD0iMSIgaGVpZ2h0PSIxIiB4bWxucz0iaHR0cDovL3d3dy53My5vcmcvMjAwMC9zdmciPjwvc3ZnPg==\" style=\"--smush-placeholder-width: 16px; --smush-placeholder-aspect-ratio: 16\/16;\" \/>&nbsp;Cargando ...<\/div>\n\n","protected":false},"excerpt":{"rendered":"<p>El Gobierno catal\u00e1n ha creado un comit\u00e9 de expertos llamado Cair\u00f3s, escrito as\u00ed con &#8216;c&#8217;, aunque tambi\u00e9n podr\u00eda adoptar la forma con &#8216;k&#8217;, Kairos, que remite a un concepto de la filosof\u00eda griega que puede traducirse como \u00abmomento adecuado u oportuno\u00bb Sea como fuere, el comit\u00e9 ha empezado a hacer propuestas que puedan contribuir a\u00a0revertir el deterioro de la sanidad en Catalu\u00f1a. El comit\u00e9 est\u00e1 presidido por una autoridad indiscutible: Manel del Castillo, director general del Hospital San Juan de Dios, que en unas recientes declaraciones formulaba algunas precisiones que merecen consideraci\u00f3n. El riesgo de convertirse en una sanidad para pobres y grandes patolog\u00edas Desde hace tiempo se est\u00e1 produciendo, como consecuencia del deficiente servicio, una\u00a0fuga de usuarios hacia las mutuas y la sanidad privada. Naturalmente, son personas que pueden permitirse pagar una cuota mensual. Del Castillo considera esta cuesti\u00f3n como un problema, porque cree que, de seguir as\u00ed, s\u00f3lo la poblaci\u00f3n con menos ingresos continuar\u00e1 en la asistencia sanitaria p\u00fablica. Aunque tambi\u00e9n conservar\u00eda lo que la hace insustituible: su capacidad para tratar patolog\u00edas complejas y costosas, como la mayor\u00eda de los c\u00e1nceres. Pero este razonamiento no se entiende bien, porque, descrito en estos t\u00e9rminos, lo que define no es un problema, sino una ventaja. En la sanidad p\u00fablica no hay ni ricos ni pobres: todos son usuarios o pacientes que reciben uno trato equivalente. Por tanto, en buena medida podemos prescindir de la variable de renta. Si el n\u00famero de usuarios disminuye porque una parte de ellos son atendidos por la sanidad consorciada y privada, lo que se consigue es un mejor ratio de m\u00e9dicos, enfermeras y personal sanitario para cada uno de los que permanecen en el sistema p\u00fablico.\u00a0Esto no empeora la situaci\u00f3n, al contrario, la mejora. El problema es para los ciudadanos que deben huir de esta sanidad debido a las esperas y dilaciones interminables, buscando algo mejor y pag\u00e1ndolo de su bolsillo sin que este hecho desgrave. Lo que en realidad existe, y es de lamentar que el comit\u00e9 de expertos no lo aborde, es un mal encaje entre el sistema asistencial mutualista, concertado o privado, y el sistema p\u00fablico. Esto permitir\u00eda un uso m\u00e1s racional de los recursos y un mejor tratamiento al paciente. En Catalu\u00f1a, donde este sector es determinante y en el \u00e1mbito hospitalario ya est\u00e1 estrechamente coordinado con la sanidad p\u00fablica, tiene una importancia a\u00fan m\u00e1s decisiva. Que este hecho se vea como un problema y no como una oportunidad, como si la sanidad p\u00fablica tuviera la finalidad de abarcar el cien por cien de la poblaci\u00f3n en lugar de combinarse y aprovechar el conjunto de los recursos existentes -sobre todo en comunidades con tradici\u00f3n como la catalana, basada en el mutualismo\u2014, no deja de ser sorprendente porque refleja un sesgo que no contribuye a un buen enfoque del problema. Catalu\u00f1a no tiene un d\u00e9ficit de m\u00e9dicos Manel del Castillo explica que, de acuerdo con la OCDE, Catalu\u00f1a tiene 4,7 m\u00e9dicos por cada 1.000 habitantes, cuando la mediana es de 3,2. La diferencia a favor de Catalu\u00f1a es muy notable, porque significa que disponemos de casi un 50% m\u00e1s m\u00e9dicos que la media del conjunto de los pa\u00edses m\u00e1s desarrollados del mundo. Por tanto,\u00a0en t\u00e9rminos globales estamos muy bien situados, pero, sin embargo, como se\u00f1ala el director del Hospital Sant Joan de D\u00e9u y presidente de Cair\u00f3s, cuando vas a la segunda y tercera corona metropolitana, con alg\u00fan extremo de Catalu\u00f1a, s\u00ed constatas esta carencia. Y si bien en el centro de la propia \u00e1rea metropolitana el ciudadano ser\u00e1 atendido, no significa que no sufra alguno de los problemas cr\u00f3nicos de esperas y colas que se dan en el conjunto de la sanidad. Entonces, \u00bfqu\u00e9 debemos entender de este diagn\u00f3stico? Tambi\u00e9n lo define el presidente del comit\u00e9 de expertos: nada menos que casi el\u00a080% del tiempo de los m\u00e9dicos y las enfermeras se dedica a desbrozar el frondoso camino de la burocracia. De cada hora de trabajo de estos m\u00e9dicos y personal sanitario m\u00e1s cualificado, 48 minutos no se dedican al enfermo, sino al papeleo. Esto explica que, cuando alguien se visita en un centro ambulatorio, en estas visitas rel\u00e1mpago de pocos minutos, el m\u00e9dico, m\u00e1s que estar mirando al paciente y observ\u00e1ndole, est\u00e9 tecleando continuamente y mirando la pantalla de su ordenador. He aqu\u00ed uno de los graves problemas que, en principio, no parece ser dif\u00edcil de resolver. La soluci\u00f3n ya la apunta el propio doctor Manel del Castillo: la mayor\u00eda de pa\u00edses tienen la figura del\u00a0asistente cl\u00ednico o del administrativo sanitario, que apoya al m\u00e9dico y a la enfermera y que se encarga de realizar todos estos tr\u00e1mites. Esta soluci\u00f3n, llevada con diligencia y de forma masiva, liberar\u00eda una carga de trabajo brutal y permitir\u00eda, a un coste moderado, ganar en calidad y aprovechar a fondo la cantidad de m\u00e9dicos de los que disponemos. Pero, de momento, no parece que \u00e9sta sea una urgencia, a pesar de la magn\u00edfica relaci\u00f3n coste-beneficio que presenta. El impacto de los m\u00e9dicos extracomunitarios Otro factor se\u00f1alado por Manel del Castillo es el\u00a0creciente n\u00famero de m\u00e9dicos de procedencia extracomunitaria, b\u00e1sicamente latinoamericanos, que ocupan plaza en Catalunya. Lo dice con esmero, pero lo dice: \u00abla capacitaci\u00f3n no es tan homog\u00e9nea como aqu\u00ed, donde tenemos unos especialistas de primer\u00edsimo nivel\u00bb. En otros t\u00e9rminos, la calidad del personal m\u00e9dico proveniente de la inmigraci\u00f3n es inferior a la aut\u00f3ctona, abriendo una v\u00eda de deterioro en la prestaci\u00f3n de servicios. Se\u00f1ala, adem\u00e1s, una raz\u00f3n \u00e9tica absolutamente v\u00e1lida. A estos pa\u00edses les cuesta mucho formar a un m\u00e9dico para que despu\u00e9s nos lo quedamos nosotros. Es una buena raz\u00f3n para frenar esta apelaci\u00f3n a la inmigraci\u00f3n y buscar la manera de disponer de m\u00e9dicos propios, de acuerdo con la incorporaci\u00f3n de personal administrativo de soporte, como ya ha apuntado. El diagn\u00f3stico est\u00e1 claro y las soluciones no son extraordinariamente complejas. S\u00f3lo necesitan fijar con claridad los objetivos y disponer de la voluntad pol\u00edtica necesaria para que \u00e9stos se ejecuten. Veremos en qu\u00e9 queda todo esto.<\/p>\n","protected":false},"author":78,"featured_media":84605,"comment_status":"open","ping_status":"open","sticky":false,"template":"","format":"standard","meta":{"_FSMCFIC_featured_image_caption":"","_FSMCFIC_featured_image_nocaption":"","_FSMCFIC_featured_image_hide":"","footnotes":""},"categories":[806],"tags":[4657],"class_list":["post-84616","post","type-post","status-publish","format-standard","has-post-thumbnail","hentry","category-punts-claus-del-dia-es","tag-sanidad"],"yoast_head":"<!-- This site is optimized with the Yoast SEO plugin v26.8 - https:\/\/yoast.com\/product\/yoast-seo-wordpress\/ -->\n<title>Diagn\u00f3stico sobre la sanidad catalana: entre la extra\u00f1eza y la amenaza - Converses a Catalunya<\/title>\n<meta name=\"description\" content=\"Es de esperar que salgan medidas que puedan contribuir a revertir el deterioro de la sanidad en Catalu\u00f1a\" \/>\n<meta name=\"robots\" content=\"index, follow, max-snippet:-1, max-image-preview:large, max-video-preview:-1\" \/>\n<link rel=\"canonical\" href=\"https:\/\/conversesacatalunya.cat\/es\/diagnostico-sobre-la-sanidad-catalana-entre-la-extraneza-y-la-amenaza\/\" \/>\n<meta property=\"og:locale\" content=\"es_ES\" \/>\n<meta property=\"og:type\" content=\"article\" \/>\n<meta property=\"og:title\" content=\"Diagn\u00f3stico sobre la sanidad catalana: entre la extra\u00f1eza y la amenaza - Converses a Catalunya\" \/>\n<meta property=\"og:description\" content=\"Es de esperar que salgan medidas que puedan contribuir a revertir el deterioro de la sanidad en Catalu\u00f1a\" \/>\n<meta property=\"og:url\" content=\"https:\/\/conversesacatalunya.cat\/es\/diagnostico-sobre-la-sanidad-catalana-entre-la-extraneza-y-la-amenaza\/\" \/>\n<meta property=\"og:site_name\" content=\"Converses a Catalunya\" \/>\n<meta property=\"article:published_time\" content=\"2024-12-24T09:50:42+00:00\" \/>\n<meta property=\"article:modified_time\" content=\"2024-12-24T10:52:13+00:00\" \/>\n<meta property=\"og:image\" content=\"https:\/\/conversesacatalunya.cat\/wp-content\/uploads\/2024\/12\/sant-joan-de-deu.jpg\" \/>\n\t<meta property=\"og:image:width\" content=\"645\" \/>\n\t<meta property=\"og:image:height\" content=\"502\" \/>\n\t<meta property=\"og:image:type\" content=\"image\/jpeg\" \/>\n<meta name=\"author\" content=\"Joan Masip\" \/>\n<meta name=\"twitter:card\" content=\"summary_large_image\" \/>\n<meta name=\"twitter:label1\" content=\"Escrito por\" \/>\n\t<meta name=\"twitter:data1\" content=\"Joan Masip\" \/>\n\t<meta name=\"twitter:label2\" content=\"Tiempo de lectura\" \/>\n\t<meta name=\"twitter:data2\" content=\"5 minutos\" \/>\n<script type=\"application\/ld+json\" class=\"yoast-schema-graph\">{\"@context\":\"https:\/\/schema.org\",\"@graph\":[{\"@type\":\"Article\",\"@id\":\"https:\/\/conversesacatalunya.cat\/es\/diagnostico-sobre-la-sanidad-catalana-entre-la-extraneza-y-la-amenaza\/#article\",\"isPartOf\":{\"@id\":\"https:\/\/conversesacatalunya.cat\/es\/diagnostico-sobre-la-sanidad-catalana-entre-la-extraneza-y-la-amenaza\/\"},\"author\":{\"name\":\"Joan Masip\",\"@id\":\"https:\/\/conversesacatalunya.cat\/#\/schema\/person\/311d0bf53def217d5124c78a7bc42275\"},\"headline\":\"Diagn\u00f3stico sobre la sanidad catalana: entre la extra\u00f1eza y la amenaza\",\"datePublished\":\"2024-12-24T09:50:42+00:00\",\"dateModified\":\"2024-12-24T10:52:13+00:00\",\"mainEntityOfPage\":{\"@id\":\"https:\/\/conversesacatalunya.cat\/es\/diagnostico-sobre-la-sanidad-catalana-entre-la-extraneza-y-la-amenaza\/\"},\"wordCount\":1112,\"commentCount\":0,\"image\":{\"@id\":\"https:\/\/conversesacatalunya.cat\/es\/diagnostico-sobre-la-sanidad-catalana-entre-la-extraneza-y-la-amenaza\/#primaryimage\"},\"thumbnailUrl\":\"https:\/\/conversesacatalunya.cat\/wp-content\/uploads\/2024\/12\/sant-joan-de-deu.jpg\",\"keywords\":[\"sanidad\"],\"articleSection\":[\"Punts clau del dia (ES)\"],\"inLanguage\":\"es\",\"potentialAction\":[{\"@type\":\"CommentAction\",\"name\":\"Comment\",\"target\":[\"https:\/\/conversesacatalunya.cat\/es\/diagnostico-sobre-la-sanidad-catalana-entre-la-extraneza-y-la-amenaza\/#respond\"]}]},{\"@type\":\"WebPage\",\"@id\":\"https:\/\/conversesacatalunya.cat\/es\/diagnostico-sobre-la-sanidad-catalana-entre-la-extraneza-y-la-amenaza\/\",\"url\":\"https:\/\/conversesacatalunya.cat\/es\/diagnostico-sobre-la-sanidad-catalana-entre-la-extraneza-y-la-amenaza\/\",\"name\":\"Diagn\u00f3stico sobre la sanidad catalana: entre la extra\u00f1eza y la amenaza - Converses a Catalunya\",\"isPartOf\":{\"@id\":\"https:\/\/conversesacatalunya.cat\/#website\"},\"primaryImageOfPage\":{\"@id\":\"https:\/\/conversesacatalunya.cat\/es\/diagnostico-sobre-la-sanidad-catalana-entre-la-extraneza-y-la-amenaza\/#primaryimage\"},\"image\":{\"@id\":\"https:\/\/conversesacatalunya.cat\/es\/diagnostico-sobre-la-sanidad-catalana-entre-la-extraneza-y-la-amenaza\/#primaryimage\"},\"thumbnailUrl\":\"https:\/\/conversesacatalunya.cat\/wp-content\/uploads\/2024\/12\/sant-joan-de-deu.jpg\",\"datePublished\":\"2024-12-24T09:50:42+00:00\",\"dateModified\":\"2024-12-24T10:52:13+00:00\",\"author\":{\"@id\":\"https:\/\/conversesacatalunya.cat\/#\/schema\/person\/311d0bf53def217d5124c78a7bc42275\"},\"description\":\"Es de esperar que salgan medidas que puedan contribuir a revertir el deterioro de la sanidad en Catalu\u00f1a\",\"breadcrumb\":{\"@id\":\"https:\/\/conversesacatalunya.cat\/es\/diagnostico-sobre-la-sanidad-catalana-entre-la-extraneza-y-la-amenaza\/#breadcrumb\"},\"inLanguage\":\"es\",\"potentialAction\":[{\"@type\":\"ReadAction\",\"target\":[\"https:\/\/conversesacatalunya.cat\/es\/diagnostico-sobre-la-sanidad-catalana-entre-la-extraneza-y-la-amenaza\/\"]}]},{\"@type\":\"ImageObject\",\"inLanguage\":\"es\",\"@id\":\"https:\/\/conversesacatalunya.cat\/es\/diagnostico-sobre-la-sanidad-catalana-entre-la-extraneza-y-la-amenaza\/#primaryimage\",\"url\":\"https:\/\/conversesacatalunya.cat\/wp-content\/uploads\/2024\/12\/sant-joan-de-deu.jpg\",\"contentUrl\":\"https:\/\/conversesacatalunya.cat\/wp-content\/uploads\/2024\/12\/sant-joan-de-deu.jpg\",\"width\":645,\"height\":502,\"caption\":\"sanitat catalana\"},{\"@type\":\"BreadcrumbList\",\"@id\":\"https:\/\/conversesacatalunya.cat\/es\/diagnostico-sobre-la-sanidad-catalana-entre-la-extraneza-y-la-amenaza\/#breadcrumb\",\"itemListElement\":[{\"@type\":\"ListItem\",\"position\":1,\"name\":\"Inici\",\"item\":\"https:\/\/conversesacatalunya.cat\/es\/\"},{\"@type\":\"ListItem\",\"position\":2,\"name\":\"Diagn\u00f3stico sobre la sanidad catalana: entre la extra\u00f1eza y la amenaza\"}]},{\"@type\":\"WebSite\",\"@id\":\"https:\/\/conversesacatalunya.cat\/#website\",\"url\":\"https:\/\/conversesacatalunya.cat\/\",\"name\":\"Converses a Catalunya\",\"description\":\"\",\"potentialAction\":[{\"@type\":\"SearchAction\",\"target\":{\"@type\":\"EntryPoint\",\"urlTemplate\":\"https:\/\/conversesacatalunya.cat\/?s={search_term_string}\"},\"query-input\":{\"@type\":\"PropertyValueSpecification\",\"valueRequired\":true,\"valueName\":\"search_term_string\"}}],\"inLanguage\":\"es\"},{\"@type\":\"Person\",\"@id\":\"https:\/\/conversesacatalunya.cat\/#\/schema\/person\/311d0bf53def217d5124c78a7bc42275\",\"name\":\"Joan Masip\",\"image\":{\"@type\":\"ImageObject\",\"inLanguage\":\"es\",\"@id\":\"https:\/\/conversesacatalunya.cat\/#\/schema\/person\/image\/\",\"url\":\"https:\/\/conversesacatalunya.cat\/wp-content\/litespeed\/avatar\/fa67b994763cff7d443f54b63ec96481.jpg?ver=1777372547\",\"contentUrl\":\"https:\/\/conversesacatalunya.cat\/wp-content\/litespeed\/avatar\/fa67b994763cff7d443f54b63ec96481.jpg?ver=1777372547\",\"caption\":\"Joan Masip\"},\"url\":\"https:\/\/conversesacatalunya.cat\/es\/author\/joan-masip\/\"}]}<\/script>\n<!-- \/ Yoast SEO plugin. -->","yoast_head_json":{"title":"Diagn\u00f3stico sobre la sanidad catalana: entre la extra\u00f1eza y la amenaza - Converses a Catalunya","description":"Es de esperar que salgan medidas que puedan contribuir a revertir el deterioro de la sanidad en Catalu\u00f1a","robots":{"index":"index","follow":"follow","max-snippet":"max-snippet:-1","max-image-preview":"max-image-preview:large","max-video-preview":"max-video-preview:-1"},"canonical":"https:\/\/conversesacatalunya.cat\/es\/diagnostico-sobre-la-sanidad-catalana-entre-la-extraneza-y-la-amenaza\/","og_locale":"es_ES","og_type":"article","og_title":"Diagn\u00f3stico sobre la sanidad catalana: entre la extra\u00f1eza y la amenaza - Converses a Catalunya","og_description":"Es de esperar que salgan medidas que puedan contribuir a revertir el deterioro de la sanidad en Catalu\u00f1a","og_url":"https:\/\/conversesacatalunya.cat\/es\/diagnostico-sobre-la-sanidad-catalana-entre-la-extraneza-y-la-amenaza\/","og_site_name":"Converses a Catalunya","article_published_time":"2024-12-24T09:50:42+00:00","article_modified_time":"2024-12-24T10:52:13+00:00","og_image":[{"width":645,"height":502,"url":"https:\/\/conversesacatalunya.cat\/wp-content\/uploads\/2024\/12\/sant-joan-de-deu.jpg","type":"image\/jpeg"}],"author":"Joan Masip","twitter_card":"summary_large_image","twitter_misc":{"Escrito por":"Joan Masip","Tiempo de lectura":"5 minutos"},"schema":{"@context":"https:\/\/schema.org","@graph":[{"@type":"Article","@id":"https:\/\/conversesacatalunya.cat\/es\/diagnostico-sobre-la-sanidad-catalana-entre-la-extraneza-y-la-amenaza\/#article","isPartOf":{"@id":"https:\/\/conversesacatalunya.cat\/es\/diagnostico-sobre-la-sanidad-catalana-entre-la-extraneza-y-la-amenaza\/"},"author":{"name":"Joan Masip","@id":"https:\/\/conversesacatalunya.cat\/#\/schema\/person\/311d0bf53def217d5124c78a7bc42275"},"headline":"Diagn\u00f3stico sobre la sanidad catalana: entre la extra\u00f1eza y la amenaza","datePublished":"2024-12-24T09:50:42+00:00","dateModified":"2024-12-24T10:52:13+00:00","mainEntityOfPage":{"@id":"https:\/\/conversesacatalunya.cat\/es\/diagnostico-sobre-la-sanidad-catalana-entre-la-extraneza-y-la-amenaza\/"},"wordCount":1112,"commentCount":0,"image":{"@id":"https:\/\/conversesacatalunya.cat\/es\/diagnostico-sobre-la-sanidad-catalana-entre-la-extraneza-y-la-amenaza\/#primaryimage"},"thumbnailUrl":"https:\/\/conversesacatalunya.cat\/wp-content\/uploads\/2024\/12\/sant-joan-de-deu.jpg","keywords":["sanidad"],"articleSection":["Punts clau del dia (ES)"],"inLanguage":"es","potentialAction":[{"@type":"CommentAction","name":"Comment","target":["https:\/\/conversesacatalunya.cat\/es\/diagnostico-sobre-la-sanidad-catalana-entre-la-extraneza-y-la-amenaza\/#respond"]}]},{"@type":"WebPage","@id":"https:\/\/conversesacatalunya.cat\/es\/diagnostico-sobre-la-sanidad-catalana-entre-la-extraneza-y-la-amenaza\/","url":"https:\/\/conversesacatalunya.cat\/es\/diagnostico-sobre-la-sanidad-catalana-entre-la-extraneza-y-la-amenaza\/","name":"Diagn\u00f3stico sobre la sanidad catalana: entre la extra\u00f1eza y la amenaza - Converses a Catalunya","isPartOf":{"@id":"https:\/\/conversesacatalunya.cat\/#website"},"primaryImageOfPage":{"@id":"https:\/\/conversesacatalunya.cat\/es\/diagnostico-sobre-la-sanidad-catalana-entre-la-extraneza-y-la-amenaza\/#primaryimage"},"image":{"@id":"https:\/\/conversesacatalunya.cat\/es\/diagnostico-sobre-la-sanidad-catalana-entre-la-extraneza-y-la-amenaza\/#primaryimage"},"thumbnailUrl":"https:\/\/conversesacatalunya.cat\/wp-content\/uploads\/2024\/12\/sant-joan-de-deu.jpg","datePublished":"2024-12-24T09:50:42+00:00","dateModified":"2024-12-24T10:52:13+00:00","author":{"@id":"https:\/\/conversesacatalunya.cat\/#\/schema\/person\/311d0bf53def217d5124c78a7bc42275"},"description":"Es de esperar que salgan medidas que puedan contribuir a revertir el deterioro de la sanidad en Catalu\u00f1a","breadcrumb":{"@id":"https:\/\/conversesacatalunya.cat\/es\/diagnostico-sobre-la-sanidad-catalana-entre-la-extraneza-y-la-amenaza\/#breadcrumb"},"inLanguage":"es","potentialAction":[{"@type":"ReadAction","target":["https:\/\/conversesacatalunya.cat\/es\/diagnostico-sobre-la-sanidad-catalana-entre-la-extraneza-y-la-amenaza\/"]}]},{"@type":"ImageObject","inLanguage":"es","@id":"https:\/\/conversesacatalunya.cat\/es\/diagnostico-sobre-la-sanidad-catalana-entre-la-extraneza-y-la-amenaza\/#primaryimage","url":"https:\/\/conversesacatalunya.cat\/wp-content\/uploads\/2024\/12\/sant-joan-de-deu.jpg","contentUrl":"https:\/\/conversesacatalunya.cat\/wp-content\/uploads\/2024\/12\/sant-joan-de-deu.jpg","width":645,"height":502,"caption":"sanitat catalana"},{"@type":"BreadcrumbList","@id":"https:\/\/conversesacatalunya.cat\/es\/diagnostico-sobre-la-sanidad-catalana-entre-la-extraneza-y-la-amenaza\/#breadcrumb","itemListElement":[{"@type":"ListItem","position":1,"name":"Inici","item":"https:\/\/conversesacatalunya.cat\/es\/"},{"@type":"ListItem","position":2,"name":"Diagn\u00f3stico sobre la sanidad catalana: entre la extra\u00f1eza y la amenaza"}]},{"@type":"WebSite","@id":"https:\/\/conversesacatalunya.cat\/#website","url":"https:\/\/conversesacatalunya.cat\/","name":"Converses a Catalunya","description":"","potentialAction":[{"@type":"SearchAction","target":{"@type":"EntryPoint","urlTemplate":"https:\/\/conversesacatalunya.cat\/?s={search_term_string}"},"query-input":{"@type":"PropertyValueSpecification","valueRequired":true,"valueName":"search_term_string"}}],"inLanguage":"es"},{"@type":"Person","@id":"https:\/\/conversesacatalunya.cat\/#\/schema\/person\/311d0bf53def217d5124c78a7bc42275","name":"Joan Masip","image":{"@type":"ImageObject","inLanguage":"es","@id":"https:\/\/conversesacatalunya.cat\/#\/schema\/person\/image\/","url":"https:\/\/conversesacatalunya.cat\/wp-content\/litespeed\/avatar\/fa67b994763cff7d443f54b63ec96481.jpg?ver=1777372547","contentUrl":"https:\/\/conversesacatalunya.cat\/wp-content\/litespeed\/avatar\/fa67b994763cff7d443f54b63ec96481.jpg?ver=1777372547","caption":"Joan Masip"},"url":"https:\/\/conversesacatalunya.cat\/es\/author\/joan-masip\/"}]}},"wps_subtitle":"Es de esperar que salgan medidas que puedan contribuir a revertir el deterioro de la sanidad en Catalu\u00f1a","_links":{"self":[{"href":"https:\/\/conversesacatalunya.cat\/es\/wp-json\/wp\/v2\/posts\/84616","targetHints":{"allow":["GET"]}}],"collection":[{"href":"https:\/\/conversesacatalunya.cat\/es\/wp-json\/wp\/v2\/posts"}],"about":[{"href":"https:\/\/conversesacatalunya.cat\/es\/wp-json\/wp\/v2\/types\/post"}],"author":[{"embeddable":true,"href":"https:\/\/conversesacatalunya.cat\/es\/wp-json\/wp\/v2\/users\/78"}],"replies":[{"embeddable":true,"href":"https:\/\/conversesacatalunya.cat\/es\/wp-json\/wp\/v2\/comments?post=84616"}],"version-history":[{"count":2,"href":"https:\/\/conversesacatalunya.cat\/es\/wp-json\/wp\/v2\/posts\/84616\/revisions"}],"predecessor-version":[{"id":84618,"href":"https:\/\/conversesacatalunya.cat\/es\/wp-json\/wp\/v2\/posts\/84616\/revisions\/84618"}],"wp:featuredmedia":[{"embeddable":true,"href":"https:\/\/conversesacatalunya.cat\/es\/wp-json\/wp\/v2\/media\/84605"}],"wp:attachment":[{"href":"https:\/\/conversesacatalunya.cat\/es\/wp-json\/wp\/v2\/media?parent=84616"}],"wp:term":[{"taxonomy":"category","embeddable":true,"href":"https:\/\/conversesacatalunya.cat\/es\/wp-json\/wp\/v2\/categories?post=84616"},{"taxonomy":"post_tag","embeddable":true,"href":"https:\/\/conversesacatalunya.cat\/es\/wp-json\/wp\/v2\/tags?post=84616"}],"curies":[{"name":"wp","href":"https:\/\/api.w.org\/{rel}","templated":true}]}}