{"id":84534,"date":"2024-12-20T10:23:44","date_gmt":"2024-12-20T09:23:44","guid":{"rendered":"https:\/\/conversesacatalunya.cat\/nadala-faig-pessebre\/"},"modified":"2024-12-23T08:20:25","modified_gmt":"2024-12-23T07:20:25","slug":"villancico-hacer-el-belen","status":"publish","type":"post","link":"https:\/\/conversesacatalunya.cat\/es\/villancico-hacer-el-belen\/","title":{"rendered":"Villancico, hago el bel\u00e9n"},"content":{"rendered":"<p style=\"text-align: center;\"><strong><em>Hacer un bel\u00e9n<\/em><\/strong><\/p>\n<p style=\"text-align: center;\"><em>es,<\/em><\/p>\n<p style=\"text-align: center;\"><em>Hacer un altar lleno de humanidad. <\/em><\/p>\n<p style=\"text-align: center;\"><strong><em>Hacer un bel\u00e9n<\/em><\/strong><em>,<\/em><\/p>\n<p style=\"text-align: center;\"><em>es saborear, <\/em><\/p>\n<p style=\"text-align: center;\"><em>la ternura de Dios, <\/em><\/p>\n<p style=\"text-align: center;\"><em>por lo que es humano.<\/em><\/p>\n<p style=\"text-align: center;\"><strong><em>Hacer un bel\u00e9n, <\/em><\/strong><\/p>\n<p style=\"text-align: center;\"><em>es,<\/em><\/p>\n<p style=\"text-align: center;\"><em>entre musgo, corcho y figuritas,<\/em><\/p>\n<p style=\"text-align: center;\"><em>decir con toda sencillez; <\/em><\/p>\n<p style=\"text-align: center;\"><em>Qu\u00e9 preciosa puede llegar a ser, <\/em><\/p>\n<p style=\"text-align: center;\"><em>la condici\u00f3n humana.<\/em><\/p>\n<p style=\"text-align: center;\"><strong><em>Hacer un bel\u00e9n<\/em><\/strong><em>,<\/em><\/p>\n<p style=\"text-align: center;\"><em>es, poner la Naturaleza en el Coraz\u00f3n del Hombre, <\/em><\/p>\n<p style=\"text-align: center;\"><em>y al Hombre en el Coraz\u00f3n de Dios.<\/em><\/p>\n<p style=\"text-align: center;\"><strong><em>Hacer un bel\u00e9n<\/em><\/strong><em>,<\/em><\/p>\n<p style=\"text-align: center;\"><em>es, el arte sencillo de decir,<\/em><\/p>\n<p style=\"text-align: center;\"><em>a la vez, <\/em><\/p>\n<p style=\"text-align: center;\"><em>Esperanza, Amor, Humanidad.<\/em><\/p>\n<p style=\"text-align: center;\"><strong><em>Hacer un bel\u00e9n, <\/em><\/strong><\/p>\n<p style=\"text-align: center;\"><em>es, para que nadie deje de ser ni\u00f1o,<\/em><\/p>\n<p style=\"text-align: center;\"><em>y con ojos sorprendidos,<\/em><\/p>\n<p style=\"text-align: center;\"><em>que estrenan mirada,<\/em><\/p>\n<p style=\"text-align: center;\"><em>poder sentir: <\/em><\/p>\n<p style=\"text-align: center;\"><em>\u201cC\u00f3mo nos ama Dios\u201d.<\/em><\/p>\n<p style=\"text-align: center;\"><strong><em>Esconder un bel\u00e9n,<\/em><\/strong><\/p>\n<p style=\"text-align: center;\"><em>sustituirlo, por una Estrella, <\/em><\/p>\n<p style=\"text-align: center;\"><em>o hacerlo, con una creatividad, alejada del alma.<\/em><\/p>\n<p style=\"text-align: center;\"><em>Es, <\/em><\/p>\n<p style=\"text-align: center;\"><em>no querer escuchar la ternura de Dios, <\/em><\/p>\n<p style=\"text-align: center;\"><em>Por lo que es Humano.<\/em><\/p>\n<p style=\"text-align: center;\"><em>Es perder la oportunidad, <\/em><\/p>\n<p style=\"text-align: center;\"><em>de decir, sentir, mostrar,\u00a0\u00a0\u00a0 <\/em><\/p>\n<p style=\"text-align: center;\"><em>que la Humanidad, puede llegar a ser.<\/em><\/p>\n<p style=\"text-align: center;\"><em>La imagen, <\/em><\/p>\n<p style=\"text-align: center;\"><em>del amor Divino.<\/em><\/p>\n<p style=\"text-align: center;\"><strong>Autor: Mn. Toni Deulofeu\u00a0<\/strong><\/p>\n","protected":false},"excerpt":{"rendered":"<p>Hacer un bel\u00e9n es, Hacer un altar lleno de humanidad. Hacer un bel\u00e9n, es saborear, la ternura de Dios, por lo que es humano. Hacer un bel\u00e9n, es, entre musgo, corcho y figuritas, decir con toda sencillez; Qu\u00e9 preciosa puede llegar a ser, la condici\u00f3n humana. Hacer un bel\u00e9n, es, poner la Naturaleza en el Coraz\u00f3n del Hombre, y al Hombre en el Coraz\u00f3n de Dios. Hacer un bel\u00e9n, es, el arte sencillo de decir, a la vez, Esperanza, Amor, Humanidad. Hacer un bel\u00e9n, es, para que nadie deje de ser ni\u00f1o, y con ojos sorprendidos, que estrenan mirada, poder sentir: \u201cC\u00f3mo nos ama Dios\u201d. Esconder un bel\u00e9n, sustituirlo, por una Estrella, o hacerlo, con una creatividad, alejada del alma. Es, no querer escuchar la ternura de Dios, Por lo que es Humano. Es perder la oportunidad, de decir, sentir, mostrar,\u00a0\u00a0\u00a0 que la Humanidad, puede llegar a ser. La imagen, del amor Divino. Autor: Mn. Toni Deulofeu\u00a0<\/p>\n","protected":false},"author":2,"featured_media":84495,"comment_status":"open","ping_status":"open","sticky":false,"template":"","format":"standard","meta":{"_FSMCFIC_featured_image_caption":"","_FSMCFIC_featured_image_nocaption":"","_FSMCFIC_featured_image_hide":"","footnotes":""},"categories":[804,806],"tags":[1039],"class_list":["post-84534","post","type-post","status-publish","format-standard","has-post-thumbnail","hentry","category-opinem-es","category-punts-claus-del-dia-es","tag-nadal-es"],"yoast_head":"<!-- This site is optimized with the Yoast SEO plugin v26.8 - https:\/\/yoast.com\/product\/yoast-seo-wordpress\/ -->\n<title>Villancico, hago el bel\u00e9n - Converses a Catalunya<\/title>\n<meta name=\"robots\" content=\"noindex, nofollow\" \/>\n<meta property=\"og:locale\" content=\"es_ES\" \/>\n<meta property=\"og:type\" content=\"article\" \/>\n<meta property=\"og:title\" content=\"Villancico, hago el bel\u00e9n - Converses a Catalunya\" \/>\n<meta property=\"og:description\" content=\"Hacer un bel\u00e9n es, Hacer un altar lleno de humanidad. Hacer un bel\u00e9n, es saborear, la ternura de Dios, por lo que es humano. Hacer un bel\u00e9n, es, entre musgo, corcho y figuritas, decir con toda sencillez; Qu\u00e9 preciosa puede llegar a ser, la condici\u00f3n humana. Hacer un bel\u00e9n, es, poner la Naturaleza en el Coraz\u00f3n del Hombre, y al Hombre en el Coraz\u00f3n de Dios. Hacer un bel\u00e9n, es, el arte sencillo de decir, a la vez, Esperanza, Amor, Humanidad. Hacer un bel\u00e9n, es, para que nadie deje de ser ni\u00f1o, y con ojos sorprendidos, que estrenan mirada, poder sentir: \u201cC\u00f3mo nos ama Dios\u201d. Esconder un bel\u00e9n, sustituirlo, por una Estrella, o hacerlo, con una creatividad, alejada del alma. Es, no querer escuchar la ternura de Dios, Por lo que es Humano. Es perder la oportunidad, de decir, sentir, mostrar,\u00a0\u00a0\u00a0 que la Humanidad, puede llegar a ser. La imagen, del amor Divino. Autor: Mn. Toni Deulofeu\u00a0\" \/>\n<meta property=\"og:url\" content=\"https:\/\/conversesacatalunya.cat\/es\/villancico-hacer-el-belen\/\" \/>\n<meta property=\"og:site_name\" content=\"Converses a Catalunya\" \/>\n<meta property=\"article:published_time\" content=\"2024-12-20T09:23:44+00:00\" \/>\n<meta property=\"article:modified_time\" content=\"2024-12-23T07:20:25+00:00\" \/>\n<meta property=\"og:image\" content=\"https:\/\/conversesacatalunya.cat\/wp-content\/uploads\/2024\/12\/fer-pesebre.png\" \/>\n\t<meta property=\"og:image:width\" content=\"377\" \/>\n\t<meta property=\"og:image:height\" content=\"239\" \/>\n\t<meta property=\"og:image:type\" content=\"image\/png\" \/>\n<meta name=\"author\" content=\"conversesacatalunya\" \/>\n<meta name=\"twitter:card\" content=\"summary_large_image\" \/>\n<meta name=\"twitter:label1\" content=\"Escrito por\" \/>\n\t<meta name=\"twitter:data1\" content=\"conversesacatalunya\" \/>\n\t<meta name=\"twitter:label2\" content=\"Tiempo de lectura\" \/>\n\t<meta name=\"twitter:data2\" content=\"1 minuto\" \/>\n<script type=\"application\/ld+json\" class=\"yoast-schema-graph\">{\"@context\":\"https:\/\/schema.org\",\"@graph\":[{\"@type\":\"Article\",\"@id\":\"https:\/\/conversesacatalunya.cat\/es\/villancico-hacer-el-belen\/#article\",\"isPartOf\":{\"@id\":\"https:\/\/conversesacatalunya.cat\/es\/villancico-hacer-el-belen\/\"},\"author\":{\"name\":\"conversesacatalunya\",\"@id\":\"https:\/\/conversesacatalunya.cat\/#\/schema\/person\/7e24d1e54a2785373ddcb275eae5ed99\"},\"headline\":\"Villancico, hago el bel\u00e9n\",\"datePublished\":\"2024-12-20T09:23:44+00:00\",\"dateModified\":\"2024-12-23T07:20:25+00:00\",\"mainEntityOfPage\":{\"@id\":\"https:\/\/conversesacatalunya.cat\/es\/villancico-hacer-el-belen\/\"},\"wordCount\":174,\"commentCount\":0,\"image\":{\"@id\":\"https:\/\/conversesacatalunya.cat\/es\/villancico-hacer-el-belen\/#primaryimage\"},\"thumbnailUrl\":\"https:\/\/conversesacatalunya.cat\/wp-content\/uploads\/2024\/12\/fer-pesebre.png\",\"keywords\":[\"Nadal\"],\"articleSection\":[\"Opinem (ES)\",\"Punts clau del dia (ES)\"],\"inLanguage\":\"es\",\"potentialAction\":[{\"@type\":\"CommentAction\",\"name\":\"Comment\",\"target\":[\"https:\/\/conversesacatalunya.cat\/es\/villancico-hacer-el-belen\/#respond\"]}]},{\"@type\":\"WebPage\",\"@id\":\"https:\/\/conversesacatalunya.cat\/es\/villancico-hacer-el-belen\/\",\"url\":\"https:\/\/conversesacatalunya.cat\/es\/villancico-hacer-el-belen\/\",\"name\":\"Villancico, hago el bel\u00e9n - Converses a Catalunya\",\"isPartOf\":{\"@id\":\"https:\/\/conversesacatalunya.cat\/#website\"},\"primaryImageOfPage\":{\"@id\":\"https:\/\/conversesacatalunya.cat\/es\/villancico-hacer-el-belen\/#primaryimage\"},\"image\":{\"@id\":\"https:\/\/conversesacatalunya.cat\/es\/villancico-hacer-el-belen\/#primaryimage\"},\"thumbnailUrl\":\"https:\/\/conversesacatalunya.cat\/wp-content\/uploads\/2024\/12\/fer-pesebre.png\",\"datePublished\":\"2024-12-20T09:23:44+00:00\",\"dateModified\":\"2024-12-23T07:20:25+00:00\",\"author\":{\"@id\":\"https:\/\/conversesacatalunya.cat\/#\/schema\/person\/7e24d1e54a2785373ddcb275eae5ed99\"},\"breadcrumb\":{\"@id\":\"https:\/\/conversesacatalunya.cat\/es\/villancico-hacer-el-belen\/#breadcrumb\"},\"inLanguage\":\"es\",\"potentialAction\":[{\"@type\":\"ReadAction\",\"target\":[\"https:\/\/conversesacatalunya.cat\/es\/villancico-hacer-el-belen\/\"]}]},{\"@type\":\"ImageObject\",\"inLanguage\":\"es\",\"@id\":\"https:\/\/conversesacatalunya.cat\/es\/villancico-hacer-el-belen\/#primaryimage\",\"url\":\"https:\/\/conversesacatalunya.cat\/wp-content\/uploads\/2024\/12\/fer-pesebre.png\",\"contentUrl\":\"https:\/\/conversesacatalunya.cat\/wp-content\/uploads\/2024\/12\/fer-pesebre.png\",\"width\":377,\"height\":239},{\"@type\":\"BreadcrumbList\",\"@id\":\"https:\/\/conversesacatalunya.cat\/es\/villancico-hacer-el-belen\/#breadcrumb\",\"itemListElement\":[{\"@type\":\"ListItem\",\"position\":1,\"name\":\"Inici\",\"item\":\"https:\/\/conversesacatalunya.cat\/es\/\"},{\"@type\":\"ListItem\",\"position\":2,\"name\":\"Villancico, hago el bel\u00e9n\"}]},{\"@type\":\"WebSite\",\"@id\":\"https:\/\/conversesacatalunya.cat\/#website\",\"url\":\"https:\/\/conversesacatalunya.cat\/\",\"name\":\"Converses a Catalunya\",\"description\":\"\",\"potentialAction\":[{\"@type\":\"SearchAction\",\"target\":{\"@type\":\"EntryPoint\",\"urlTemplate\":\"https:\/\/conversesacatalunya.cat\/?s={search_term_string}\"},\"query-input\":{\"@type\":\"PropertyValueSpecification\",\"valueRequired\":true,\"valueName\":\"search_term_string\"}}],\"inLanguage\":\"es\"},{\"@type\":\"Person\",\"@id\":\"https:\/\/conversesacatalunya.cat\/#\/schema\/person\/7e24d1e54a2785373ddcb275eae5ed99\",\"name\":\"conversesacatalunya\",\"image\":{\"@type\":\"ImageObject\",\"inLanguage\":\"es\",\"@id\":\"https:\/\/conversesacatalunya.cat\/#\/schema\/person\/image\/\",\"url\":\"https:\/\/conversesacatalunya.cat\/wp-content\/litespeed\/avatar\/febdfeeec89d950f01c748045a981dd2.jpg?ver=1777314535\",\"contentUrl\":\"https:\/\/conversesacatalunya.cat\/wp-content\/litespeed\/avatar\/febdfeeec89d950f01c748045a981dd2.jpg?ver=1777314535\",\"caption\":\"conversesacatalunya\"},\"url\":\"https:\/\/conversesacatalunya.cat\/es\/author\/carme_catala\/\"}]}<\/script>\n<!-- \/ Yoast SEO plugin. -->","yoast_head_json":{"title":"Villancico, hago el bel\u00e9n - Converses a Catalunya","robots":{"index":"noindex","follow":"nofollow"},"og_locale":"es_ES","og_type":"article","og_title":"Villancico, hago el bel\u00e9n - Converses a Catalunya","og_description":"Hacer un bel\u00e9n es, Hacer un altar lleno de humanidad. Hacer un bel\u00e9n, es saborear, la ternura de Dios, por lo que es humano. Hacer un bel\u00e9n, es, entre musgo, corcho y figuritas, decir con toda sencillez; Qu\u00e9 preciosa puede llegar a ser, la condici\u00f3n humana. Hacer un bel\u00e9n, es, poner la Naturaleza en el Coraz\u00f3n del Hombre, y al Hombre en el Coraz\u00f3n de Dios. Hacer un bel\u00e9n, es, el arte sencillo de decir, a la vez, Esperanza, Amor, Humanidad. Hacer un bel\u00e9n, es, para que nadie deje de ser ni\u00f1o, y con ojos sorprendidos, que estrenan mirada, poder sentir: \u201cC\u00f3mo nos ama Dios\u201d. Esconder un bel\u00e9n, sustituirlo, por una Estrella, o hacerlo, con una creatividad, alejada del alma. Es, no querer escuchar la ternura de Dios, Por lo que es Humano. Es perder la oportunidad, de decir, sentir, mostrar,\u00a0\u00a0\u00a0 que la Humanidad, puede llegar a ser. La imagen, del amor Divino. Autor: Mn. Toni Deulofeu\u00a0","og_url":"https:\/\/conversesacatalunya.cat\/es\/villancico-hacer-el-belen\/","og_site_name":"Converses a Catalunya","article_published_time":"2024-12-20T09:23:44+00:00","article_modified_time":"2024-12-23T07:20:25+00:00","og_image":[{"width":377,"height":239,"url":"https:\/\/conversesacatalunya.cat\/wp-content\/uploads\/2024\/12\/fer-pesebre.png","type":"image\/png"}],"author":"conversesacatalunya","twitter_card":"summary_large_image","twitter_misc":{"Escrito por":"conversesacatalunya","Tiempo de lectura":"1 minuto"},"schema":{"@context":"https:\/\/schema.org","@graph":[{"@type":"Article","@id":"https:\/\/conversesacatalunya.cat\/es\/villancico-hacer-el-belen\/#article","isPartOf":{"@id":"https:\/\/conversesacatalunya.cat\/es\/villancico-hacer-el-belen\/"},"author":{"name":"conversesacatalunya","@id":"https:\/\/conversesacatalunya.cat\/#\/schema\/person\/7e24d1e54a2785373ddcb275eae5ed99"},"headline":"Villancico, hago el bel\u00e9n","datePublished":"2024-12-20T09:23:44+00:00","dateModified":"2024-12-23T07:20:25+00:00","mainEntityOfPage":{"@id":"https:\/\/conversesacatalunya.cat\/es\/villancico-hacer-el-belen\/"},"wordCount":174,"commentCount":0,"image":{"@id":"https:\/\/conversesacatalunya.cat\/es\/villancico-hacer-el-belen\/#primaryimage"},"thumbnailUrl":"https:\/\/conversesacatalunya.cat\/wp-content\/uploads\/2024\/12\/fer-pesebre.png","keywords":["Nadal"],"articleSection":["Opinem (ES)","Punts clau del dia (ES)"],"inLanguage":"es","potentialAction":[{"@type":"CommentAction","name":"Comment","target":["https:\/\/conversesacatalunya.cat\/es\/villancico-hacer-el-belen\/#respond"]}]},{"@type":"WebPage","@id":"https:\/\/conversesacatalunya.cat\/es\/villancico-hacer-el-belen\/","url":"https:\/\/conversesacatalunya.cat\/es\/villancico-hacer-el-belen\/","name":"Villancico, hago el bel\u00e9n - Converses a Catalunya","isPartOf":{"@id":"https:\/\/conversesacatalunya.cat\/#website"},"primaryImageOfPage":{"@id":"https:\/\/conversesacatalunya.cat\/es\/villancico-hacer-el-belen\/#primaryimage"},"image":{"@id":"https:\/\/conversesacatalunya.cat\/es\/villancico-hacer-el-belen\/#primaryimage"},"thumbnailUrl":"https:\/\/conversesacatalunya.cat\/wp-content\/uploads\/2024\/12\/fer-pesebre.png","datePublished":"2024-12-20T09:23:44+00:00","dateModified":"2024-12-23T07:20:25+00:00","author":{"@id":"https:\/\/conversesacatalunya.cat\/#\/schema\/person\/7e24d1e54a2785373ddcb275eae5ed99"},"breadcrumb":{"@id":"https:\/\/conversesacatalunya.cat\/es\/villancico-hacer-el-belen\/#breadcrumb"},"inLanguage":"es","potentialAction":[{"@type":"ReadAction","target":["https:\/\/conversesacatalunya.cat\/es\/villancico-hacer-el-belen\/"]}]},{"@type":"ImageObject","inLanguage":"es","@id":"https:\/\/conversesacatalunya.cat\/es\/villancico-hacer-el-belen\/#primaryimage","url":"https:\/\/conversesacatalunya.cat\/wp-content\/uploads\/2024\/12\/fer-pesebre.png","contentUrl":"https:\/\/conversesacatalunya.cat\/wp-content\/uploads\/2024\/12\/fer-pesebre.png","width":377,"height":239},{"@type":"BreadcrumbList","@id":"https:\/\/conversesacatalunya.cat\/es\/villancico-hacer-el-belen\/#breadcrumb","itemListElement":[{"@type":"ListItem","position":1,"name":"Inici","item":"https:\/\/conversesacatalunya.cat\/es\/"},{"@type":"ListItem","position":2,"name":"Villancico, hago el bel\u00e9n"}]},{"@type":"WebSite","@id":"https:\/\/conversesacatalunya.cat\/#website","url":"https:\/\/conversesacatalunya.cat\/","name":"Converses a Catalunya","description":"","potentialAction":[{"@type":"SearchAction","target":{"@type":"EntryPoint","urlTemplate":"https:\/\/conversesacatalunya.cat\/?s={search_term_string}"},"query-input":{"@type":"PropertyValueSpecification","valueRequired":true,"valueName":"search_term_string"}}],"inLanguage":"es"},{"@type":"Person","@id":"https:\/\/conversesacatalunya.cat\/#\/schema\/person\/7e24d1e54a2785373ddcb275eae5ed99","name":"conversesacatalunya","image":{"@type":"ImageObject","inLanguage":"es","@id":"https:\/\/conversesacatalunya.cat\/#\/schema\/person\/image\/","url":"https:\/\/conversesacatalunya.cat\/wp-content\/litespeed\/avatar\/febdfeeec89d950f01c748045a981dd2.jpg?ver=1777314535","contentUrl":"https:\/\/conversesacatalunya.cat\/wp-content\/litespeed\/avatar\/febdfeeec89d950f01c748045a981dd2.jpg?ver=1777314535","caption":"conversesacatalunya"},"url":"https:\/\/conversesacatalunya.cat\/es\/author\/carme_catala\/"}]}},"wps_subtitle":"","_links":{"self":[{"href":"https:\/\/conversesacatalunya.cat\/es\/wp-json\/wp\/v2\/posts\/84534","targetHints":{"allow":["GET"]}}],"collection":[{"href":"https:\/\/conversesacatalunya.cat\/es\/wp-json\/wp\/v2\/posts"}],"about":[{"href":"https:\/\/conversesacatalunya.cat\/es\/wp-json\/wp\/v2\/types\/post"}],"author":[{"embeddable":true,"href":"https:\/\/conversesacatalunya.cat\/es\/wp-json\/wp\/v2\/users\/2"}],"replies":[{"embeddable":true,"href":"https:\/\/conversesacatalunya.cat\/es\/wp-json\/wp\/v2\/comments?post=84534"}],"version-history":[{"count":6,"href":"https:\/\/conversesacatalunya.cat\/es\/wp-json\/wp\/v2\/posts\/84534\/revisions"}],"predecessor-version":[{"id":84541,"href":"https:\/\/conversesacatalunya.cat\/es\/wp-json\/wp\/v2\/posts\/84534\/revisions\/84541"}],"wp:featuredmedia":[{"embeddable":true,"href":"https:\/\/conversesacatalunya.cat\/es\/wp-json\/wp\/v2\/media\/84495"}],"wp:attachment":[{"href":"https:\/\/conversesacatalunya.cat\/es\/wp-json\/wp\/v2\/media?parent=84534"}],"wp:term":[{"taxonomy":"category","embeddable":true,"href":"https:\/\/conversesacatalunya.cat\/es\/wp-json\/wp\/v2\/categories?post=84534"},{"taxonomy":"post_tag","embeddable":true,"href":"https:\/\/conversesacatalunya.cat\/es\/wp-json\/wp\/v2\/tags?post=84534"}],"curies":[{"name":"wp","href":"https:\/\/api.w.org\/{rel}","templated":true}]}}