{"id":84506,"date":"2024-12-27T08:28:50","date_gmt":"2024-12-27T07:28:50","guid":{"rendered":"https:\/\/conversesacatalunya.cat\/?p=84506"},"modified":"2024-12-24T12:32:18","modified_gmt":"2024-12-24T11:32:18","slug":"como-ha-cambiado-el-clima-en-cataluna-durante-los-ultimos-40-anos","status":"publish","type":"post","link":"https:\/\/conversesacatalunya.cat\/es\/como-ha-cambiado-el-clima-en-cataluna-durante-los-ultimos-40-anos\/","title":{"rendered":"C\u00f3mo ha cambiado el clima en Catalu\u00f1a durante los \u00faltimos 40 a\u00f1os"},"content":{"rendered":"<p>En las \u00faltimas cuatro d\u00e9cadas, Catalu\u00f1a ha vivido cambios clim\u00e1ticos significativos que han afectado a su paisaje, los ecosistemas y las actividades humanas. Este art\u00edculo analiza las transformaciones observadas, sus causas y sus consecuencias m\u00e1s destacadas.<\/p>\n<h4><strong>El aumento de las temperaturas<\/strong><\/h4>\n<p>Seg\u00fan datos del Servicio Meteorol\u00f3gico de Catalu\u00f1a (SMC), la temperatura media ha aumentado en aproximadamente 1,6 \u00baC desde la d\u00e9cada de 1980. Este incremento supera la media global y se ha manifestado especialmente en la \u00e9poca estival, con oleadas de calor m\u00e1s intensas y prolongadas. Por ejemplo, el 2003 y 2022 fueron testigos de r\u00e9cords de calor hist\u00f3ricos.<\/p>\n<h4><strong>Alteraciones en las precipitaciones<\/strong><\/h4>\n<p>Las precipitaciones tambi\u00e9n experimentaron variaciones. Aunque el total anual se ha reducido ligeramente, las lluvias son m\u00e1s irregulares y concentradas. Esto ha supuesto un aumento de los episodios de lluvias torrenciales, como el vivido en el Maresme en 2019, que provoc\u00f3 inundaciones severas. Asimismo, la sequ\u00eda se ha hecho m\u00e1s habitual, afectando especialmente a las Terres de l&#8217;Ebre y las comarcas de Ponent.<\/p>\n<h4><strong>Cambios en los ecosistemas<\/strong><\/h4>\n<p>Los ecosistemas catalanes han sufrido las consecuencias del cambio clim\u00e1tico. Los bosques mediterr\u00e1neos han visto aumentar el riesgo de incendios forestales, como los devastadores fuegos de la Ribera d&#8217;Ebre en 2019. La flora y la fauna tambi\u00e9n se han visto afectadas: especies como el pino silvestre retroceden hacia zonas m\u00e1s altas, mientras que otras especies invasoras encuentran condiciones favorables para expandirse.<\/p>\n<h4><strong>El impacto en las actividades humanas<\/strong><\/h4>\n<p>La agricultura fue uno de los sectores m\u00e1s golpeados. Los cultivos de vi\u00f1edo han tenido que adaptarse a las nuevas condiciones, con anticipos en las cosechas y cambios en la producci\u00f3n de vinos. Los cultivos de cereales y frutos secos tambi\u00e9n han experimentado un baj\u00f3n en el rendimiento. Adem\u00e1s, la disminuci\u00f3n de caudales en r\u00edos como el Ter y el Segre afecta al regad\u00edo y la producci\u00f3n de energ\u00eda hidroel\u00e9ctrica.<\/p>\n<p>El turismo, especialmente el de nieve, tambi\u00e9n ha sufrido sus consecuencias. Las estaciones de esqu\u00ed de los Pirineos han visto c\u00f3mo la temporada de nieve se reduce y, en algunos casos, han optado por diversificar su oferta tur\u00edstica para poder mantenerse.<\/p>\n<h4><strong>Causas del cambio clim\u00e1tico<\/strong><\/h4>\n<p>Las causas de los cambios observados en Catalu\u00f1a son diversas, pero el principal factor es la actividad humana. La emisi\u00f3n de gases de efecto invernadero derivada de la quema de combustibles f\u00f3siles, la deforestaci\u00f3n y la urbanizaci\u00f3n intensiva han contribuido al calentamiento global. En el \u00e1mbito local, la expansi\u00f3n de las \u00e1reas urbanas ha generado el efecto isla de calor, especialmente en ciudades como Barcelona.<\/p>\n<h4><strong>Consecuencias a largo plazo<\/strong><\/h4>\n<p>Si no se toman medidas dr\u00e1sticas, las proyecciones indican que Catalunya va a seguir sufriendo los efectos del cambio clim\u00e1tico. El aumento del nivel del mar puede afectar a zonas costeras como el Delta del Ebro, amenazando su biodiversidad y las actividades econ\u00f3micas. Adem\u00e1s, las sequ\u00edas m\u00e1s prolongadas podr\u00edan poner en riesgo la seguridad h\u00eddrica y alimentar conflictos por la escasez de agua.<\/p>\n<h4><strong>Respuestas y soluciones<\/strong><\/h4>\n<p>Para hacer frente a estos desaf\u00edos, es imprescindible apostar por la mitigaci\u00f3n y adaptaci\u00f3n. En el \u00e1mbito de la mitigaci\u00f3n, es necesario reducir las emisiones de CO2 mediante la transici\u00f3n energ\u00e9tica hacia fuentes renovables y fomentar la movilidad sostenible. Por lo que respecta a la adaptaci\u00f3n, es fundamental implementar medidas para gestionar mejor los recursos h\u00eddricos, restaurar ecosistemas y proteger las infraestructuras cr\u00edticas.<\/p>\n<h4><strong>Reflexi\u00f3n final<\/strong><\/h4>\n<p>El cambio clim\u00e1tico en Catalu\u00f1a es un fen\u00f3meno que ya no podemos ignorar. Sus manifestaciones afectan a todos los \u00e1mbitos de la sociedad y requieren una respuesta conjunta y decidida. S\u00f3lo con un firme compromiso podremos garantizar un futuro sostenible para las nuevas generaciones.<\/p>\n","protected":false},"excerpt":{"rendered":"<p>En las \u00faltimas cuatro d\u00e9cadas, Catalu\u00f1a ha vivido cambios clim\u00e1ticos significativos que han afectado a su paisaje, los ecosistemas y las actividades humanas. Este art\u00edculo analiza las transformaciones observadas, sus causas y sus consecuencias m\u00e1s destacadas. El aumento de las temperaturas Seg\u00fan datos del Servicio Meteorol\u00f3gico de Catalu\u00f1a (SMC), la temperatura media ha aumentado en aproximadamente 1,6 \u00baC desde la d\u00e9cada de 1980. Este incremento supera la media global y se ha manifestado especialmente en la \u00e9poca estival, con oleadas de calor m\u00e1s intensas y prolongadas. Por ejemplo, el 2003 y 2022 fueron testigos de r\u00e9cords de calor hist\u00f3ricos. Alteraciones en las precipitaciones Las precipitaciones tambi\u00e9n experimentaron variaciones. Aunque el total anual se ha reducido ligeramente, las lluvias son m\u00e1s irregulares y concentradas. Esto ha supuesto un aumento de los episodios de lluvias torrenciales, como el vivido en el Maresme en 2019, que provoc\u00f3 inundaciones severas. Asimismo, la sequ\u00eda se ha hecho m\u00e1s habitual, afectando especialmente a las Terres de l&#8217;Ebre y las comarcas de Ponent. Cambios en los ecosistemas Los ecosistemas catalanes han sufrido las consecuencias del cambio clim\u00e1tico. Los bosques mediterr\u00e1neos han visto aumentar el riesgo de incendios forestales, como los devastadores fuegos de la Ribera d&#8217;Ebre en 2019. La flora y la fauna tambi\u00e9n se han visto afectadas: especies como el pino silvestre retroceden hacia zonas m\u00e1s altas, mientras que otras especies invasoras encuentran condiciones favorables para expandirse. El impacto en las actividades humanas La agricultura fue uno de los sectores m\u00e1s golpeados. Los cultivos de vi\u00f1edo han tenido que adaptarse a las nuevas condiciones, con anticipos en las cosechas y cambios en la producci\u00f3n de vinos. Los cultivos de cereales y frutos secos tambi\u00e9n han experimentado un baj\u00f3n en el rendimiento. Adem\u00e1s, la disminuci\u00f3n de caudales en r\u00edos como el Ter y el Segre afecta al regad\u00edo y la producci\u00f3n de energ\u00eda hidroel\u00e9ctrica. El turismo, especialmente el de nieve, tambi\u00e9n ha sufrido sus consecuencias. Las estaciones de esqu\u00ed de los Pirineos han visto c\u00f3mo la temporada de nieve se reduce y, en algunos casos, han optado por diversificar su oferta tur\u00edstica para poder mantenerse. Causas del cambio clim\u00e1tico Las causas de los cambios observados en Catalu\u00f1a son diversas, pero el principal factor es la actividad humana. La emisi\u00f3n de gases de efecto invernadero derivada de la quema de combustibles f\u00f3siles, la deforestaci\u00f3n y la urbanizaci\u00f3n intensiva han contribuido al calentamiento global. En el \u00e1mbito local, la expansi\u00f3n de las \u00e1reas urbanas ha generado el efecto isla de calor, especialmente en ciudades como Barcelona. Consecuencias a largo plazo Si no se toman medidas dr\u00e1sticas, las proyecciones indican que Catalunya va a seguir sufriendo los efectos del cambio clim\u00e1tico. El aumento del nivel del mar puede afectar a zonas costeras como el Delta del Ebro, amenazando su biodiversidad y las actividades econ\u00f3micas. Adem\u00e1s, las sequ\u00edas m\u00e1s prolongadas podr\u00edan poner en riesgo la seguridad h\u00eddrica y alimentar conflictos por la escasez de agua. Respuestas y soluciones Para hacer frente a estos desaf\u00edos, es imprescindible apostar por la mitigaci\u00f3n y adaptaci\u00f3n. En el \u00e1mbito de la mitigaci\u00f3n, es necesario reducir las emisiones de CO2 mediante la transici\u00f3n energ\u00e9tica hacia fuentes renovables y fomentar la movilidad sostenible. Por lo que respecta a la adaptaci\u00f3n, es fundamental implementar medidas para gestionar mejor los recursos h\u00eddricos, restaurar ecosistemas y proteger las infraestructuras cr\u00edticas. Reflexi\u00f3n final El cambio clim\u00e1tico en Catalu\u00f1a es un fen\u00f3meno que ya no podemos ignorar. Sus manifestaciones afectan a todos los \u00e1mbitos de la sociedad y requieren una respuesta conjunta y decidida. S\u00f3lo con un firme compromiso podremos garantizar un futuro sostenible para las nuevas generaciones.<\/p>\n","protected":false},"author":80,"featured_media":84507,"comment_status":"open","ping_status":"open","sticky":false,"template":"","format":"standard","meta":{"_FSMCFIC_featured_image_caption":"","_FSMCFIC_featured_image_nocaption":"","_FSMCFIC_featured_image_hide":"","footnotes":""},"categories":[806],"tags":[1267,1009],"class_list":["post-84506","post","type-post","status-publish","format-standard","has-post-thumbnail","hentry","category-punts-claus-del-dia-es","tag-cambio-climatico","tag-canvi-climatic-es"],"yoast_head":"<!-- This site is optimized with the Yoast SEO plugin v26.8 - https:\/\/yoast.com\/product\/yoast-seo-wordpress\/ -->\n<title>C\u00f3mo ha cambiado el clima en Catalu\u00f1a durante los \u00faltimos 40 a\u00f1os - Converses a Catalunya<\/title>\n<meta name=\"robots\" content=\"index, follow, max-snippet:-1, max-image-preview:large, max-video-preview:-1\" \/>\n<link rel=\"canonical\" href=\"https:\/\/conversesacatalunya.cat\/?p=84491\" \/>\n<meta property=\"og:locale\" content=\"es_ES\" \/>\n<meta property=\"og:type\" content=\"article\" \/>\n<meta property=\"og:title\" content=\"C\u00f3mo ha cambiado el clima en Catalu\u00f1a durante los \u00faltimos 40 a\u00f1os - Converses a Catalunya\" \/>\n<meta property=\"og:description\" content=\"En las \u00faltimas cuatro d\u00e9cadas, Catalu\u00f1a ha vivido cambios clim\u00e1ticos significativos que han afectado a su paisaje, los ecosistemas y las actividades humanas. Este art\u00edculo analiza las transformaciones observadas, sus causas y sus consecuencias m\u00e1s destacadas. El aumento de las temperaturas Seg\u00fan datos del Servicio Meteorol\u00f3gico de Catalu\u00f1a (SMC), la temperatura media ha aumentado en aproximadamente 1,6 \u00baC desde la d\u00e9cada de 1980. Este incremento supera la media global y se ha manifestado especialmente en la \u00e9poca estival, con oleadas de calor m\u00e1s intensas y prolongadas. Por ejemplo, el 2003 y 2022 fueron testigos de r\u00e9cords de calor hist\u00f3ricos. Alteraciones en las precipitaciones Las precipitaciones tambi\u00e9n experimentaron variaciones. Aunque el total anual se ha reducido ligeramente, las lluvias son m\u00e1s irregulares y concentradas. Esto ha supuesto un aumento de los episodios de lluvias torrenciales, como el vivido en el Maresme en 2019, que provoc\u00f3 inundaciones severas. Asimismo, la sequ\u00eda se ha hecho m\u00e1s habitual, afectando especialmente a las Terres de l&#8217;Ebre y las comarcas de Ponent. Cambios en los ecosistemas Los ecosistemas catalanes han sufrido las consecuencias del cambio clim\u00e1tico. Los bosques mediterr\u00e1neos han visto aumentar el riesgo de incendios forestales, como los devastadores fuegos de la Ribera d&#8217;Ebre en 2019. La flora y la fauna tambi\u00e9n se han visto afectadas: especies como el pino silvestre retroceden hacia zonas m\u00e1s altas, mientras que otras especies invasoras encuentran condiciones favorables para expandirse. El impacto en las actividades humanas La agricultura fue uno de los sectores m\u00e1s golpeados. Los cultivos de vi\u00f1edo han tenido que adaptarse a las nuevas condiciones, con anticipos en las cosechas y cambios en la producci\u00f3n de vinos. Los cultivos de cereales y frutos secos tambi\u00e9n han experimentado un baj\u00f3n en el rendimiento. Adem\u00e1s, la disminuci\u00f3n de caudales en r\u00edos como el Ter y el Segre afecta al regad\u00edo y la producci\u00f3n de energ\u00eda hidroel\u00e9ctrica. El turismo, especialmente el de nieve, tambi\u00e9n ha sufrido sus consecuencias. Las estaciones de esqu\u00ed de los Pirineos han visto c\u00f3mo la temporada de nieve se reduce y, en algunos casos, han optado por diversificar su oferta tur\u00edstica para poder mantenerse. Causas del cambio clim\u00e1tico Las causas de los cambios observados en Catalu\u00f1a son diversas, pero el principal factor es la actividad humana. La emisi\u00f3n de gases de efecto invernadero derivada de la quema de combustibles f\u00f3siles, la deforestaci\u00f3n y la urbanizaci\u00f3n intensiva han contribuido al calentamiento global. En el \u00e1mbito local, la expansi\u00f3n de las \u00e1reas urbanas ha generado el efecto isla de calor, especialmente en ciudades como Barcelona. Consecuencias a largo plazo Si no se toman medidas dr\u00e1sticas, las proyecciones indican que Catalunya va a seguir sufriendo los efectos del cambio clim\u00e1tico. El aumento del nivel del mar puede afectar a zonas costeras como el Delta del Ebro, amenazando su biodiversidad y las actividades econ\u00f3micas. Adem\u00e1s, las sequ\u00edas m\u00e1s prolongadas podr\u00edan poner en riesgo la seguridad h\u00eddrica y alimentar conflictos por la escasez de agua. Respuestas y soluciones Para hacer frente a estos desaf\u00edos, es imprescindible apostar por la mitigaci\u00f3n y adaptaci\u00f3n. En el \u00e1mbito de la mitigaci\u00f3n, es necesario reducir las emisiones de CO2 mediante la transici\u00f3n energ\u00e9tica hacia fuentes renovables y fomentar la movilidad sostenible. Por lo que respecta a la adaptaci\u00f3n, es fundamental implementar medidas para gestionar mejor los recursos h\u00eddricos, restaurar ecosistemas y proteger las infraestructuras cr\u00edticas. Reflexi\u00f3n final El cambio clim\u00e1tico en Catalu\u00f1a es un fen\u00f3meno que ya no podemos ignorar. Sus manifestaciones afectan a todos los \u00e1mbitos de la sociedad y requieren una respuesta conjunta y decidida. S\u00f3lo con un firme compromiso podremos garantizar un futuro sostenible para las nuevas generaciones.\" \/>\n<meta property=\"og:url\" content=\"https:\/\/conversesacatalunya.cat\/?p=84491\" \/>\n<meta property=\"og:site_name\" content=\"Converses a Catalunya\" \/>\n<meta property=\"article:published_time\" content=\"2024-12-27T07:28:50+00:00\" \/>\n<meta property=\"og:image\" content=\"https:\/\/conversesacatalunya.cat\/wp-content\/uploads\/2024\/12\/canvi-climatic2.jpg\" \/>\n\t<meta property=\"og:image:width\" content=\"731\" \/>\n\t<meta property=\"og:image:height\" content=\"524\" \/>\n\t<meta property=\"og:image:type\" content=\"image\/jpeg\" \/>\n<meta name=\"author\" content=\"N\u00faria Freixa\" \/>\n<meta name=\"twitter:card\" content=\"summary_large_image\" \/>\n<meta name=\"twitter:label1\" content=\"Escrito por\" \/>\n\t<meta name=\"twitter:data1\" content=\"N\u00faria Freixa\" \/>\n\t<meta name=\"twitter:label2\" content=\"Tiempo de lectura\" \/>\n\t<meta name=\"twitter:data2\" content=\"3 minutos\" \/>\n<script type=\"application\/ld+json\" class=\"yoast-schema-graph\">{\"@context\":\"https:\/\/schema.org\",\"@graph\":[{\"@type\":\"Article\",\"@id\":\"https:\/\/conversesacatalunya.cat\/?p=84491#article\",\"isPartOf\":{\"@id\":\"https:\/\/conversesacatalunya.cat\/?p=84491\"},\"author\":{\"name\":\"N\u00faria Freixa\",\"@id\":\"https:\/\/conversesacatalunya.cat\/#\/schema\/person\/b734752c25b328c819a407cbea568c1f\"},\"headline\":\"C\u00f3mo ha cambiado el clima en Catalu\u00f1a durante los \u00faltimos 40 a\u00f1os\",\"datePublished\":\"2024-12-27T07:28:50+00:00\",\"mainEntityOfPage\":{\"@id\":\"https:\/\/conversesacatalunya.cat\/?p=84491\"},\"wordCount\":670,\"commentCount\":0,\"image\":{\"@id\":\"https:\/\/conversesacatalunya.cat\/?p=84491#primaryimage\"},\"thumbnailUrl\":\"https:\/\/conversesacatalunya.cat\/wp-content\/uploads\/2024\/12\/canvi-climatic2.jpg\",\"keywords\":[\"cambio clim\u00e1tico\",\"canvi clim\u00e0tic\"],\"articleSection\":[\"Punts clau del dia (ES)\"],\"inLanguage\":\"es\",\"potentialAction\":[{\"@type\":\"CommentAction\",\"name\":\"Comment\",\"target\":[\"https:\/\/conversesacatalunya.cat\/?p=84491#respond\"]}]},{\"@type\":\"WebPage\",\"@id\":\"https:\/\/conversesacatalunya.cat\/?p=84491\",\"url\":\"https:\/\/conversesacatalunya.cat\/?p=84491\",\"name\":\"C\u00f3mo ha cambiado el clima en Catalu\u00f1a durante los \u00faltimos 40 a\u00f1os - Converses a Catalunya\",\"isPartOf\":{\"@id\":\"https:\/\/conversesacatalunya.cat\/#website\"},\"primaryImageOfPage\":{\"@id\":\"https:\/\/conversesacatalunya.cat\/?p=84491#primaryimage\"},\"image\":{\"@id\":\"https:\/\/conversesacatalunya.cat\/?p=84491#primaryimage\"},\"thumbnailUrl\":\"https:\/\/conversesacatalunya.cat\/wp-content\/uploads\/2024\/12\/canvi-climatic2.jpg\",\"datePublished\":\"2024-12-27T07:28:50+00:00\",\"author\":{\"@id\":\"https:\/\/conversesacatalunya.cat\/#\/schema\/person\/b734752c25b328c819a407cbea568c1f\"},\"breadcrumb\":{\"@id\":\"https:\/\/conversesacatalunya.cat\/?p=84491#breadcrumb\"},\"inLanguage\":\"es\",\"potentialAction\":[{\"@type\":\"ReadAction\",\"target\":[\"https:\/\/conversesacatalunya.cat\/?p=84491\"]}]},{\"@type\":\"ImageObject\",\"inLanguage\":\"es\",\"@id\":\"https:\/\/conversesacatalunya.cat\/?p=84491#primaryimage\",\"url\":\"https:\/\/conversesacatalunya.cat\/wp-content\/uploads\/2024\/12\/canvi-climatic2.jpg\",\"contentUrl\":\"https:\/\/conversesacatalunya.cat\/wp-content\/uploads\/2024\/12\/canvi-climatic2.jpg\",\"width\":731,\"height\":524},{\"@type\":\"BreadcrumbList\",\"@id\":\"https:\/\/conversesacatalunya.cat\/?p=84491#breadcrumb\",\"itemListElement\":[{\"@type\":\"ListItem\",\"position\":1,\"name\":\"Inici\",\"item\":\"https:\/\/conversesacatalunya.cat\/es\/\"},{\"@type\":\"ListItem\",\"position\":2,\"name\":\"C\u00f3mo ha cambiado el clima en Catalu\u00f1a durante los \u00faltimos 40 a\u00f1os\"}]},{\"@type\":\"WebSite\",\"@id\":\"https:\/\/conversesacatalunya.cat\/#website\",\"url\":\"https:\/\/conversesacatalunya.cat\/\",\"name\":\"Converses a Catalunya\",\"description\":\"\",\"potentialAction\":[{\"@type\":\"SearchAction\",\"target\":{\"@type\":\"EntryPoint\",\"urlTemplate\":\"https:\/\/conversesacatalunya.cat\/?s={search_term_string}\"},\"query-input\":{\"@type\":\"PropertyValueSpecification\",\"valueRequired\":true,\"valueName\":\"search_term_string\"}}],\"inLanguage\":\"es\"},{\"@type\":\"Person\",\"@id\":\"https:\/\/conversesacatalunya.cat\/#\/schema\/person\/b734752c25b328c819a407cbea568c1f\",\"name\":\"N\u00faria Freixa\",\"image\":{\"@type\":\"ImageObject\",\"inLanguage\":\"es\",\"@id\":\"https:\/\/conversesacatalunya.cat\/#\/schema\/person\/image\/\",\"url\":\"https:\/\/conversesacatalunya.cat\/wp-content\/litespeed\/avatar\/c3686e387186fed249338fe04729c597.jpg?ver=1777289182\",\"contentUrl\":\"https:\/\/conversesacatalunya.cat\/wp-content\/litespeed\/avatar\/c3686e387186fed249338fe04729c597.jpg?ver=1777289182\",\"caption\":\"N\u00faria Freixa\"},\"url\":\"https:\/\/conversesacatalunya.cat\/es\/author\/nuria_freixa\/\"}]}<\/script>\n<!-- \/ Yoast SEO plugin. -->","yoast_head_json":{"title":"C\u00f3mo ha cambiado el clima en Catalu\u00f1a durante los \u00faltimos 40 a\u00f1os - Converses a Catalunya","robots":{"index":"index","follow":"follow","max-snippet":"max-snippet:-1","max-image-preview":"max-image-preview:large","max-video-preview":"max-video-preview:-1"},"canonical":"https:\/\/conversesacatalunya.cat\/?p=84491","og_locale":"es_ES","og_type":"article","og_title":"C\u00f3mo ha cambiado el clima en Catalu\u00f1a durante los \u00faltimos 40 a\u00f1os - Converses a Catalunya","og_description":"En las \u00faltimas cuatro d\u00e9cadas, Catalu\u00f1a ha vivido cambios clim\u00e1ticos significativos que han afectado a su paisaje, los ecosistemas y las actividades humanas. Este art\u00edculo analiza las transformaciones observadas, sus causas y sus consecuencias m\u00e1s destacadas. El aumento de las temperaturas Seg\u00fan datos del Servicio Meteorol\u00f3gico de Catalu\u00f1a (SMC), la temperatura media ha aumentado en aproximadamente 1,6 \u00baC desde la d\u00e9cada de 1980. Este incremento supera la media global y se ha manifestado especialmente en la \u00e9poca estival, con oleadas de calor m\u00e1s intensas y prolongadas. Por ejemplo, el 2003 y 2022 fueron testigos de r\u00e9cords de calor hist\u00f3ricos. Alteraciones en las precipitaciones Las precipitaciones tambi\u00e9n experimentaron variaciones. Aunque el total anual se ha reducido ligeramente, las lluvias son m\u00e1s irregulares y concentradas. Esto ha supuesto un aumento de los episodios de lluvias torrenciales, como el vivido en el Maresme en 2019, que provoc\u00f3 inundaciones severas. Asimismo, la sequ\u00eda se ha hecho m\u00e1s habitual, afectando especialmente a las Terres de l&#8217;Ebre y las comarcas de Ponent. Cambios en los ecosistemas Los ecosistemas catalanes han sufrido las consecuencias del cambio clim\u00e1tico. Los bosques mediterr\u00e1neos han visto aumentar el riesgo de incendios forestales, como los devastadores fuegos de la Ribera d&#8217;Ebre en 2019. La flora y la fauna tambi\u00e9n se han visto afectadas: especies como el pino silvestre retroceden hacia zonas m\u00e1s altas, mientras que otras especies invasoras encuentran condiciones favorables para expandirse. El impacto en las actividades humanas La agricultura fue uno de los sectores m\u00e1s golpeados. Los cultivos de vi\u00f1edo han tenido que adaptarse a las nuevas condiciones, con anticipos en las cosechas y cambios en la producci\u00f3n de vinos. Los cultivos de cereales y frutos secos tambi\u00e9n han experimentado un baj\u00f3n en el rendimiento. Adem\u00e1s, la disminuci\u00f3n de caudales en r\u00edos como el Ter y el Segre afecta al regad\u00edo y la producci\u00f3n de energ\u00eda hidroel\u00e9ctrica. El turismo, especialmente el de nieve, tambi\u00e9n ha sufrido sus consecuencias. Las estaciones de esqu\u00ed de los Pirineos han visto c\u00f3mo la temporada de nieve se reduce y, en algunos casos, han optado por diversificar su oferta tur\u00edstica para poder mantenerse. Causas del cambio clim\u00e1tico Las causas de los cambios observados en Catalu\u00f1a son diversas, pero el principal factor es la actividad humana. La emisi\u00f3n de gases de efecto invernadero derivada de la quema de combustibles f\u00f3siles, la deforestaci\u00f3n y la urbanizaci\u00f3n intensiva han contribuido al calentamiento global. En el \u00e1mbito local, la expansi\u00f3n de las \u00e1reas urbanas ha generado el efecto isla de calor, especialmente en ciudades como Barcelona. Consecuencias a largo plazo Si no se toman medidas dr\u00e1sticas, las proyecciones indican que Catalunya va a seguir sufriendo los efectos del cambio clim\u00e1tico. El aumento del nivel del mar puede afectar a zonas costeras como el Delta del Ebro, amenazando su biodiversidad y las actividades econ\u00f3micas. Adem\u00e1s, las sequ\u00edas m\u00e1s prolongadas podr\u00edan poner en riesgo la seguridad h\u00eddrica y alimentar conflictos por la escasez de agua. Respuestas y soluciones Para hacer frente a estos desaf\u00edos, es imprescindible apostar por la mitigaci\u00f3n y adaptaci\u00f3n. En el \u00e1mbito de la mitigaci\u00f3n, es necesario reducir las emisiones de CO2 mediante la transici\u00f3n energ\u00e9tica hacia fuentes renovables y fomentar la movilidad sostenible. Por lo que respecta a la adaptaci\u00f3n, es fundamental implementar medidas para gestionar mejor los recursos h\u00eddricos, restaurar ecosistemas y proteger las infraestructuras cr\u00edticas. Reflexi\u00f3n final El cambio clim\u00e1tico en Catalu\u00f1a es un fen\u00f3meno que ya no podemos ignorar. Sus manifestaciones afectan a todos los \u00e1mbitos de la sociedad y requieren una respuesta conjunta y decidida. S\u00f3lo con un firme compromiso podremos garantizar un futuro sostenible para las nuevas generaciones.","og_url":"https:\/\/conversesacatalunya.cat\/?p=84491","og_site_name":"Converses a Catalunya","article_published_time":"2024-12-27T07:28:50+00:00","og_image":[{"width":731,"height":524,"url":"https:\/\/conversesacatalunya.cat\/wp-content\/uploads\/2024\/12\/canvi-climatic2.jpg","type":"image\/jpeg"}],"author":"N\u00faria Freixa","twitter_card":"summary_large_image","twitter_misc":{"Escrito por":"N\u00faria Freixa","Tiempo de lectura":"3 minutos"},"schema":{"@context":"https:\/\/schema.org","@graph":[{"@type":"Article","@id":"https:\/\/conversesacatalunya.cat\/?p=84491#article","isPartOf":{"@id":"https:\/\/conversesacatalunya.cat\/?p=84491"},"author":{"name":"N\u00faria Freixa","@id":"https:\/\/conversesacatalunya.cat\/#\/schema\/person\/b734752c25b328c819a407cbea568c1f"},"headline":"C\u00f3mo ha cambiado el clima en Catalu\u00f1a durante los \u00faltimos 40 a\u00f1os","datePublished":"2024-12-27T07:28:50+00:00","mainEntityOfPage":{"@id":"https:\/\/conversesacatalunya.cat\/?p=84491"},"wordCount":670,"commentCount":0,"image":{"@id":"https:\/\/conversesacatalunya.cat\/?p=84491#primaryimage"},"thumbnailUrl":"https:\/\/conversesacatalunya.cat\/wp-content\/uploads\/2024\/12\/canvi-climatic2.jpg","keywords":["cambio clim\u00e1tico","canvi clim\u00e0tic"],"articleSection":["Punts clau del dia (ES)"],"inLanguage":"es","potentialAction":[{"@type":"CommentAction","name":"Comment","target":["https:\/\/conversesacatalunya.cat\/?p=84491#respond"]}]},{"@type":"WebPage","@id":"https:\/\/conversesacatalunya.cat\/?p=84491","url":"https:\/\/conversesacatalunya.cat\/?p=84491","name":"C\u00f3mo ha cambiado el clima en Catalu\u00f1a durante los \u00faltimos 40 a\u00f1os - Converses a Catalunya","isPartOf":{"@id":"https:\/\/conversesacatalunya.cat\/#website"},"primaryImageOfPage":{"@id":"https:\/\/conversesacatalunya.cat\/?p=84491#primaryimage"},"image":{"@id":"https:\/\/conversesacatalunya.cat\/?p=84491#primaryimage"},"thumbnailUrl":"https:\/\/conversesacatalunya.cat\/wp-content\/uploads\/2024\/12\/canvi-climatic2.jpg","datePublished":"2024-12-27T07:28:50+00:00","author":{"@id":"https:\/\/conversesacatalunya.cat\/#\/schema\/person\/b734752c25b328c819a407cbea568c1f"},"breadcrumb":{"@id":"https:\/\/conversesacatalunya.cat\/?p=84491#breadcrumb"},"inLanguage":"es","potentialAction":[{"@type":"ReadAction","target":["https:\/\/conversesacatalunya.cat\/?p=84491"]}]},{"@type":"ImageObject","inLanguage":"es","@id":"https:\/\/conversesacatalunya.cat\/?p=84491#primaryimage","url":"https:\/\/conversesacatalunya.cat\/wp-content\/uploads\/2024\/12\/canvi-climatic2.jpg","contentUrl":"https:\/\/conversesacatalunya.cat\/wp-content\/uploads\/2024\/12\/canvi-climatic2.jpg","width":731,"height":524},{"@type":"BreadcrumbList","@id":"https:\/\/conversesacatalunya.cat\/?p=84491#breadcrumb","itemListElement":[{"@type":"ListItem","position":1,"name":"Inici","item":"https:\/\/conversesacatalunya.cat\/es\/"},{"@type":"ListItem","position":2,"name":"C\u00f3mo ha cambiado el clima en Catalu\u00f1a durante los \u00faltimos 40 a\u00f1os"}]},{"@type":"WebSite","@id":"https:\/\/conversesacatalunya.cat\/#website","url":"https:\/\/conversesacatalunya.cat\/","name":"Converses a Catalunya","description":"","potentialAction":[{"@type":"SearchAction","target":{"@type":"EntryPoint","urlTemplate":"https:\/\/conversesacatalunya.cat\/?s={search_term_string}"},"query-input":{"@type":"PropertyValueSpecification","valueRequired":true,"valueName":"search_term_string"}}],"inLanguage":"es"},{"@type":"Person","@id":"https:\/\/conversesacatalunya.cat\/#\/schema\/person\/b734752c25b328c819a407cbea568c1f","name":"N\u00faria Freixa","image":{"@type":"ImageObject","inLanguage":"es","@id":"https:\/\/conversesacatalunya.cat\/#\/schema\/person\/image\/","url":"https:\/\/conversesacatalunya.cat\/wp-content\/litespeed\/avatar\/c3686e387186fed249338fe04729c597.jpg?ver=1777289182","contentUrl":"https:\/\/conversesacatalunya.cat\/wp-content\/litespeed\/avatar\/c3686e387186fed249338fe04729c597.jpg?ver=1777289182","caption":"N\u00faria Freixa"},"url":"https:\/\/conversesacatalunya.cat\/es\/author\/nuria_freixa\/"}]}},"wps_subtitle":"","_links":{"self":[{"href":"https:\/\/conversesacatalunya.cat\/es\/wp-json\/wp\/v2\/posts\/84506","targetHints":{"allow":["GET"]}}],"collection":[{"href":"https:\/\/conversesacatalunya.cat\/es\/wp-json\/wp\/v2\/posts"}],"about":[{"href":"https:\/\/conversesacatalunya.cat\/es\/wp-json\/wp\/v2\/types\/post"}],"author":[{"embeddable":true,"href":"https:\/\/conversesacatalunya.cat\/es\/wp-json\/wp\/v2\/users\/80"}],"replies":[{"embeddable":true,"href":"https:\/\/conversesacatalunya.cat\/es\/wp-json\/wp\/v2\/comments?post=84506"}],"version-history":[{"count":1,"href":"https:\/\/conversesacatalunya.cat\/es\/wp-json\/wp\/v2\/posts\/84506\/revisions"}],"predecessor-version":[{"id":84509,"href":"https:\/\/conversesacatalunya.cat\/es\/wp-json\/wp\/v2\/posts\/84506\/revisions\/84509"}],"wp:featuredmedia":[{"embeddable":true,"href":"https:\/\/conversesacatalunya.cat\/es\/wp-json\/wp\/v2\/media\/84507"}],"wp:attachment":[{"href":"https:\/\/conversesacatalunya.cat\/es\/wp-json\/wp\/v2\/media?parent=84506"}],"wp:term":[{"taxonomy":"category","embeddable":true,"href":"https:\/\/conversesacatalunya.cat\/es\/wp-json\/wp\/v2\/categories?post=84506"},{"taxonomy":"post_tag","embeddable":true,"href":"https:\/\/conversesacatalunya.cat\/es\/wp-json\/wp\/v2\/tags?post=84506"}],"curies":[{"name":"wp","href":"https:\/\/api.w.org\/{rel}","templated":true}]}}