{"id":84488,"date":"2024-12-19T10:59:26","date_gmt":"2024-12-19T09:59:26","guid":{"rendered":"https:\/\/conversesacatalunya.cat\/economia-catalana-cada-cop-mes-lluny-del-capdavant\/"},"modified":"2024-12-19T12:28:05","modified_gmt":"2024-12-19T11:28:05","slug":"economia-catalana-cada-vez-mas-lejos-de-la-cabeza","status":"publish","type":"post","link":"https:\/\/conversesacatalunya.cat\/es\/economia-catalana-cada-vez-mas-lejos-de-la-cabeza\/","title":{"rendered":"Econom\u00eda catalana: cada vez m\u00e1s lejos de la cabeza"},"content":{"rendered":"<p><span>\u00c9ste es el diagn\u00f3stico que se desprende de los datos presentados en dos informes recientes: el \u00cdndice de Competitividad Regional (ICREG) 2024, elaborado por el Colegio de Economistas de Espa\u00f1a, y un an\u00e1lisis del crecimiento del PIB de las comunidades aut\u00f3nomas.<\/span><\/p>\n<h4><strong><span>\u00cdndice de Competitividad Regional (ICREG)<\/span><\/strong><\/h4>\n<p><span>El ICREG eval\u00faa las 17 comunidades aut\u00f3nomas espa\u00f1olas utilizando 54 indicadores estructurados en siete ejes competitivos: entorno econ\u00f3mico, capital humano, mercado de trabajo, entorno institucional, infraestructuras b\u00e1sicas, eficiencia empresarial e innovaci\u00f3n. Este informe, realizado por investigadores de la Universidad de Murcia, proporciona un perfil competitivo detallado para cada comunidad aut\u00f3noma.<\/span><\/p>\n<p><span>En 2023, la competitividad estructural media de las comunidades aut\u00f3nomas creci\u00f3 un 5,6%, el segundo mayor incremento anual desde 2008. Aunque todas las comunidades mejoraron sus resultados, las regiones menos avanzadas experimentaron mayores progresos, reduciendo ligeramente su brecha respecto a las m\u00e1s competitivas.<\/span><\/p>\n<p><span>Los tres primeros puestos del ranking de competitividad siguen ocupados por la Comunidad de Madrid, Pa\u00eds Vasco y Navarra, con Madrid consolidando su liderazgo. En cambio, sigue siendo la \u00fanica comunidad clasificada en el nivel de competitividad medio-alto, aumentando su distancia respecto a Madrid.<\/span><\/p>\n<p><span>Por otro lado, Arag\u00f3n, La Rioja, Castilla y Le\u00f3n, Galicia y Cantabria forman el grupo de comunidades con un nivel competitivo medio-bajo. El creixement m\u00e9s intens de l\u2019ICREG el 2023 es va donar a les Illes Balears, Can\u00e0ries, Andalusia y Asturias, mientras que regiones como Extremadura, Castilla y Le\u00f3n, Castilla-La Mancha, Navarra, Pa\u00eds Vasco y La Rioja crecieron por debajo de la media.<\/span><\/p>\n<h4><strong><span>Crecimiento del PIB: Catalu\u00f1a en la media<\/span><\/strong><\/h4>\n<p><span>Seg\u00fan la estimaci\u00f3n de la AIReF para 2024, Catalu\u00f1a presenta un crecimiento del PIB del 1,8%, alineado con la media nacional y similar a comunidades como Andaluc\u00eda, Murcia, La Rioja y Extremadura. No obstante, regiones como Castilla y Le\u00f3n, Pa\u00eds Vasco, Navarra y Arag\u00f3n lideran con un crecimiento del 2,2%, marcando una clara distancia respecto a Catalu\u00f1a.<\/span><\/p>\n<p><span>Para contextualizar este incremento del PIB, es esencial considerar el crecimiento de la poblaci\u00f3n, ya que este indicador afecta directamente a la percepci\u00f3n de mejora econ\u00f3mica. Si el PIB crece al mismo o menor ritmo que la poblaci\u00f3n, los ingresos reales por persona no aumentan significativamente, y la productividad \u2014un problema cr\u00f3nico en Espa\u00f1a\u2014 sigue siendo baja.<\/span><\/p>\n<h4><strong><span>Crecimiento poblacional: un factor clave<\/span><\/strong><\/h4>\n<p><span>Los datos m\u00e1s recientes del INE reflejan un notable crecimiento poblacional. En el segundo trimestre de 2024, la poblaci\u00f3n residente en Espa\u00f1a aument\u00f3 en 67.367 personas, alcanzando un m\u00e1ximo hist\u00f3rico de 48.797.875 habitantes a 1 de julio de 2024. En t\u00e9rminos anuales, el incremento fue de 415.369 personas.<\/span><\/p>\n<p><span>Este crecimiento se explica principalmente por el aumento de la poblaci\u00f3n nacida en el extranjero, mientras que el n\u00famero de nacidos en Espa\u00f1a disminuy\u00f3. El 1 de julio de 2024, la poblaci\u00f3n nacida en el extranjero era de 9.036.416 personas, de las que 6.632.064 manten\u00edan su nacionalidad extranjera.<\/span><\/p>\n<p><span>Por comunidades aut\u00f3nomas, Catalu\u00f1a registr\u00f3 un crecimiento poblacional del 0,23% entre el primer y el segundo trimestre de 2024, casi el doble de la media nacional (0,14%). Sin embargo, Madrid lider\u00f3 con un incremento del 0,33%, seguida de la Comunidad Valenciana (0,28%) y Baleares (0,28%).<\/span><\/p>\n<h4><strong><span>Consideraciones finales<\/span><\/strong><\/h4>\n<p><span>El crecimiento poblacional relativiza el aumento del PIB, especialmente en comunidades como Catalu\u00f1a, Baleares y Comunidad Valenciana, donde el turismo desempe\u00f1a un papel destacado en la econom\u00eda. Aunque Madrid tambi\u00e9n muestra un alto crecimiento poblacional, su dependencia del turismo es menor, lo que le permite consolidar su liderazgo econ\u00f3mico.<\/span><\/p>\n<p><span>En conclusi\u00f3n, mientras que la econom\u00eda catalana sigue mostrando ciertos avances, la distancia con las regiones l\u00edderes, particularmente Madrid, sigue aumentando. Factores como la productividad y la dependencia de sectores espec\u00edficos, como el turismo, son elementos que deben abordarse para mejorar la competitividad estructural de Catalu\u00f1a a largo plazo.<\/span><\/p>\n<div id=\"polls-267\" class=\"wp-polls\">\n\t<form id=\"polls_form_267\" class=\"wp-polls-form\" action=\"\/index.php\" method=\"post\">\n\t\t<p style=\"display: none;\"><input type=\"hidden\" id=\"poll_267_nonce\" name=\"wp-polls-nonce\" value=\"9f6baabed4\" \/><\/p>\n\t\t<p style=\"display: none;\"><input type=\"hidden\" name=\"poll_id\" value=\"267\" \/><\/p>\n\t\t<p style=\"text-align: center\"><strong>Ha tingut coneixement de la I Confer\u00e8ncia C\u00edvica d'Acci\u00f3 Pol\u00edtica del dissabte 14 de desembre?<\/strong><\/p><div id=\"polls-267-ans\" class=\"wp-polls-ans\"><ul class=\"wp-polls-ul\">\n\t\t<li><input type=\"radio\" id=\"poll-answer-754\" name=\"poll_267\" value=\"754\" \/> <label for=\"poll-answer-754\">S\u00ed<\/label><\/li>\n\t\t<li><input type=\"radio\" id=\"poll-answer-755\" name=\"poll_267\" value=\"755\" \/> <label for=\"poll-answer-755\">No<\/label><\/li>\n\t\t<\/ul><p style=\"text-align: center\"><input type=\"button\" name=\"vote\" value=\"   Vota   \" class=\"Buttons\" onclick=\"poll_vote(267);\" \/><\/p><p style=\"text-align: center\"><a href=\"#ViewPollResults\" onclick=\"poll_result(267); return false;\" title=\"View Results Of This Poll\">Mira els resultats<\/a><\/p><\/div>\n\t<\/form>\n<\/div>\n<div id=\"polls-267-loading\" class=\"wp-polls-loading\"><img decoding=\"async\" data-src=\"https:\/\/conversesacatalunya.cat\/wp-content\/plugins\/wp-polls\/images\/loading.gif\" width=\"16\" height=\"16\" alt=\"Cargando ...\" title=\"Cargando ...\" class=\"wp-polls-image lazyload\" src=\"data:image\/svg+xml;base64,PHN2ZyB3aWR0aD0iMSIgaGVpZ2h0PSIxIiB4bWxucz0iaHR0cDovL3d3dy53My5vcmcvMjAwMC9zdmciPjwvc3ZnPg==\" style=\"--smush-placeholder-width: 16px; --smush-placeholder-aspect-ratio: 16\/16;\" \/>&nbsp;Cargando ...<\/div>\n\n","protected":false},"excerpt":{"rendered":"<p>\u00c9ste es el diagn\u00f3stico que se desprende de los datos presentados en dos informes recientes: el \u00cdndice de Competitividad Regional (ICREG) 2024, elaborado por el Colegio de Economistas de Espa\u00f1a, y un an\u00e1lisis del crecimiento del PIB de las comunidades aut\u00f3nomas. \u00cdndice de Competitividad Regional (ICREG) El ICREG eval\u00faa las 17 comunidades aut\u00f3nomas espa\u00f1olas utilizando 54 indicadores estructurados en siete ejes competitivos: entorno econ\u00f3mico, capital humano, mercado de trabajo, entorno institucional, infraestructuras b\u00e1sicas, eficiencia empresarial e innovaci\u00f3n. Este informe, realizado por investigadores de la Universidad de Murcia, proporciona un perfil competitivo detallado para cada comunidad aut\u00f3noma. En 2023, la competitividad estructural media de las comunidades aut\u00f3nomas creci\u00f3 un 5,6%, el segundo mayor incremento anual desde 2008. Aunque todas las comunidades mejoraron sus resultados, las regiones menos avanzadas experimentaron mayores progresos, reduciendo ligeramente su brecha respecto a las m\u00e1s competitivas. Los tres primeros puestos del ranking de competitividad siguen ocupados por la Comunidad de Madrid, Pa\u00eds Vasco y Navarra, con Madrid consolidando su liderazgo. En cambio, sigue siendo la \u00fanica comunidad clasificada en el nivel de competitividad medio-alto, aumentando su distancia respecto a Madrid. Por otro lado, Arag\u00f3n, La Rioja, Castilla y Le\u00f3n, Galicia y Cantabria forman el grupo de comunidades con un nivel competitivo medio-bajo. El creixement m\u00e9s intens de l\u2019ICREG el 2023 es va donar a les Illes Balears, Can\u00e0ries, Andalusia y Asturias, mientras que regiones como Extremadura, Castilla y Le\u00f3n, Castilla-La Mancha, Navarra, Pa\u00eds Vasco y La Rioja crecieron por debajo de la media. Crecimiento del PIB: Catalu\u00f1a en la media Seg\u00fan la estimaci\u00f3n de la AIReF para 2024, Catalu\u00f1a presenta un crecimiento del PIB del 1,8%, alineado con la media nacional y similar a comunidades como Andaluc\u00eda, Murcia, La Rioja y Extremadura. No obstante, regiones como Castilla y Le\u00f3n, Pa\u00eds Vasco, Navarra y Arag\u00f3n lideran con un crecimiento del 2,2%, marcando una clara distancia respecto a Catalu\u00f1a. Para contextualizar este incremento del PIB, es esencial considerar el crecimiento de la poblaci\u00f3n, ya que este indicador afecta directamente a la percepci\u00f3n de mejora econ\u00f3mica. Si el PIB crece al mismo o menor ritmo que la poblaci\u00f3n, los ingresos reales por persona no aumentan significativamente, y la productividad \u2014un problema cr\u00f3nico en Espa\u00f1a\u2014 sigue siendo baja. Crecimiento poblacional: un factor clave Los datos m\u00e1s recientes del INE reflejan un notable crecimiento poblacional. En el segundo trimestre de 2024, la poblaci\u00f3n residente en Espa\u00f1a aument\u00f3 en 67.367 personas, alcanzando un m\u00e1ximo hist\u00f3rico de 48.797.875 habitantes a 1 de julio de 2024. En t\u00e9rminos anuales, el incremento fue de 415.369 personas. Este crecimiento se explica principalmente por el aumento de la poblaci\u00f3n nacida en el extranjero, mientras que el n\u00famero de nacidos en Espa\u00f1a disminuy\u00f3. El 1 de julio de 2024, la poblaci\u00f3n nacida en el extranjero era de 9.036.416 personas, de las que 6.632.064 manten\u00edan su nacionalidad extranjera. Por comunidades aut\u00f3nomas, Catalu\u00f1a registr\u00f3 un crecimiento poblacional del 0,23% entre el primer y el segundo trimestre de 2024, casi el doble de la media nacional (0,14%). Sin embargo, Madrid lider\u00f3 con un incremento del 0,33%, seguida de la Comunidad Valenciana (0,28%) y Baleares (0,28%). Consideraciones finales El crecimiento poblacional relativiza el aumento del PIB, especialmente en comunidades como Catalu\u00f1a, Baleares y Comunidad Valenciana, donde el turismo desempe\u00f1a un papel destacado en la econom\u00eda. Aunque Madrid tambi\u00e9n muestra un alto crecimiento poblacional, su dependencia del turismo es menor, lo que le permite consolidar su liderazgo econ\u00f3mico. En conclusi\u00f3n, mientras que la econom\u00eda catalana sigue mostrando ciertos avances, la distancia con las regiones l\u00edderes, particularmente Madrid, sigue aumentando. Factores como la productividad y la dependencia de sectores espec\u00edficos, como el turismo, son elementos que deben abordarse para mejorar la competitividad estructural de Catalu\u00f1a a largo plazo.<\/p>\n","protected":false},"author":77,"featured_media":71682,"comment_status":"open","ping_status":"open","sticky":false,"template":"","format":"standard","meta":{"_FSMCFIC_featured_image_caption":"","_FSMCFIC_featured_image_nocaption":"","_FSMCFIC_featured_image_hide":"","footnotes":""},"categories":[806],"tags":[3276],"class_list":["post-84488","post","type-post","status-publish","format-standard","has-post-thumbnail","hentry","category-punts-claus-del-dia-es","tag-economia-cataluna"],"yoast_head":"<!-- This site is optimized with the Yoast SEO plugin v26.8 - https:\/\/yoast.com\/product\/yoast-seo-wordpress\/ -->\n<title>Econom\u00eda catalana: cada vez m\u00e1s lejos de la cabeza - Converses a Catalunya<\/title>\n<meta name=\"description\" content=\"Mientras que la econom\u00eda catalana sigue mostrando ciertos avances, la distancia con las regiones l\u00edderes, particularmente Madrid, sigue aumentando\" \/>\n<meta name=\"robots\" content=\"index, follow, max-snippet:-1, max-image-preview:large, max-video-preview:-1\" \/>\n<link rel=\"canonical\" href=\"https:\/\/conversesacatalunya.cat\/es\/economia-catalana-cada-vez-mas-lejos-de-la-cabeza\/\" \/>\n<meta property=\"og:locale\" content=\"es_ES\" \/>\n<meta property=\"og:type\" content=\"article\" \/>\n<meta property=\"og:title\" content=\"Econom\u00eda catalana: cada vez m\u00e1s lejos de la cabeza - Converses a Catalunya\" \/>\n<meta property=\"og:description\" content=\"Mientras que la econom\u00eda catalana sigue mostrando ciertos avances, la distancia con las regiones l\u00edderes, particularmente Madrid, sigue aumentando\" \/>\n<meta property=\"og:url\" content=\"https:\/\/conversesacatalunya.cat\/es\/economia-catalana-cada-vez-mas-lejos-de-la-cabeza\/\" \/>\n<meta property=\"og:site_name\" content=\"Converses a Catalunya\" \/>\n<meta property=\"article:published_time\" content=\"2024-12-19T09:59:26+00:00\" \/>\n<meta property=\"article:modified_time\" content=\"2024-12-19T11:28:05+00:00\" \/>\n<meta property=\"og:image\" content=\"https:\/\/conversesacatalunya.cat\/wp-content\/uploads\/2023\/10\/economia-catalunya.jpg\" \/>\n\t<meta property=\"og:image:width\" content=\"655\" \/>\n\t<meta property=\"og:image:height\" content=\"368\" \/>\n\t<meta property=\"og:image:type\" content=\"image\/jpeg\" \/>\n<meta name=\"author\" content=\"Enric Casanovas\" \/>\n<meta name=\"twitter:card\" content=\"summary_large_image\" \/>\n<meta name=\"twitter:label1\" content=\"Escrito por\" \/>\n\t<meta name=\"twitter:data1\" content=\"Enric Casanovas\" \/>\n\t<meta name=\"twitter:label2\" content=\"Tiempo de lectura\" \/>\n\t<meta name=\"twitter:data2\" content=\"3 minutos\" \/>\n<script type=\"application\/ld+json\" class=\"yoast-schema-graph\">{\"@context\":\"https:\/\/schema.org\",\"@graph\":[{\"@type\":\"Article\",\"@id\":\"https:\/\/conversesacatalunya.cat\/es\/economia-catalana-cada-vez-mas-lejos-de-la-cabeza\/#article\",\"isPartOf\":{\"@id\":\"https:\/\/conversesacatalunya.cat\/es\/economia-catalana-cada-vez-mas-lejos-de-la-cabeza\/\"},\"author\":{\"name\":\"Enric Casanovas\",\"@id\":\"https:\/\/conversesacatalunya.cat\/#\/schema\/person\/79bd0577b2f3afc8d6519d207c6e8609\"},\"headline\":\"Econom\u00eda catalana: cada vez m\u00e1s lejos de la cabeza\",\"datePublished\":\"2024-12-19T09:59:26+00:00\",\"dateModified\":\"2024-12-19T11:28:05+00:00\",\"mainEntityOfPage\":{\"@id\":\"https:\/\/conversesacatalunya.cat\/es\/economia-catalana-cada-vez-mas-lejos-de-la-cabeza\/\"},\"wordCount\":659,\"commentCount\":0,\"image\":{\"@id\":\"https:\/\/conversesacatalunya.cat\/es\/economia-catalana-cada-vez-mas-lejos-de-la-cabeza\/#primaryimage\"},\"thumbnailUrl\":\"https:\/\/conversesacatalunya.cat\/wp-content\/uploads\/2023\/10\/economia-catalunya.jpg\",\"keywords\":[\"Econom\u00eda Catalu\u00f1a\"],\"articleSection\":[\"Punts clau del dia (ES)\"],\"inLanguage\":\"es\",\"potentialAction\":[{\"@type\":\"CommentAction\",\"name\":\"Comment\",\"target\":[\"https:\/\/conversesacatalunya.cat\/es\/economia-catalana-cada-vez-mas-lejos-de-la-cabeza\/#respond\"]}]},{\"@type\":\"WebPage\",\"@id\":\"https:\/\/conversesacatalunya.cat\/es\/economia-catalana-cada-vez-mas-lejos-de-la-cabeza\/\",\"url\":\"https:\/\/conversesacatalunya.cat\/es\/economia-catalana-cada-vez-mas-lejos-de-la-cabeza\/\",\"name\":\"Econom\u00eda catalana: cada vez m\u00e1s lejos de la cabeza - Converses a Catalunya\",\"isPartOf\":{\"@id\":\"https:\/\/conversesacatalunya.cat\/#website\"},\"primaryImageOfPage\":{\"@id\":\"https:\/\/conversesacatalunya.cat\/es\/economia-catalana-cada-vez-mas-lejos-de-la-cabeza\/#primaryimage\"},\"image\":{\"@id\":\"https:\/\/conversesacatalunya.cat\/es\/economia-catalana-cada-vez-mas-lejos-de-la-cabeza\/#primaryimage\"},\"thumbnailUrl\":\"https:\/\/conversesacatalunya.cat\/wp-content\/uploads\/2023\/10\/economia-catalunya.jpg\",\"datePublished\":\"2024-12-19T09:59:26+00:00\",\"dateModified\":\"2024-12-19T11:28:05+00:00\",\"author\":{\"@id\":\"https:\/\/conversesacatalunya.cat\/#\/schema\/person\/79bd0577b2f3afc8d6519d207c6e8609\"},\"description\":\"Mientras que la econom\u00eda catalana sigue mostrando ciertos avances, la distancia con las regiones l\u00edderes, particularmente Madrid, sigue aumentando\",\"breadcrumb\":{\"@id\":\"https:\/\/conversesacatalunya.cat\/es\/economia-catalana-cada-vez-mas-lejos-de-la-cabeza\/#breadcrumb\"},\"inLanguage\":\"es\",\"potentialAction\":[{\"@type\":\"ReadAction\",\"target\":[\"https:\/\/conversesacatalunya.cat\/es\/economia-catalana-cada-vez-mas-lejos-de-la-cabeza\/\"]}]},{\"@type\":\"ImageObject\",\"inLanguage\":\"es\",\"@id\":\"https:\/\/conversesacatalunya.cat\/es\/economia-catalana-cada-vez-mas-lejos-de-la-cabeza\/#primaryimage\",\"url\":\"https:\/\/conversesacatalunya.cat\/wp-content\/uploads\/2023\/10\/economia-catalunya.jpg\",\"contentUrl\":\"https:\/\/conversesacatalunya.cat\/wp-content\/uploads\/2023\/10\/economia-catalunya.jpg\",\"width\":655,\"height\":368},{\"@type\":\"BreadcrumbList\",\"@id\":\"https:\/\/conversesacatalunya.cat\/es\/economia-catalana-cada-vez-mas-lejos-de-la-cabeza\/#breadcrumb\",\"itemListElement\":[{\"@type\":\"ListItem\",\"position\":1,\"name\":\"Inici\",\"item\":\"https:\/\/conversesacatalunya.cat\/es\/\"},{\"@type\":\"ListItem\",\"position\":2,\"name\":\"Econom\u00eda catalana: cada vez m\u00e1s lejos de la cabeza\"}]},{\"@type\":\"WebSite\",\"@id\":\"https:\/\/conversesacatalunya.cat\/#website\",\"url\":\"https:\/\/conversesacatalunya.cat\/\",\"name\":\"Converses a Catalunya\",\"description\":\"\",\"potentialAction\":[{\"@type\":\"SearchAction\",\"target\":{\"@type\":\"EntryPoint\",\"urlTemplate\":\"https:\/\/conversesacatalunya.cat\/?s={search_term_string}\"},\"query-input\":{\"@type\":\"PropertyValueSpecification\",\"valueRequired\":true,\"valueName\":\"search_term_string\"}}],\"inLanguage\":\"es\"},{\"@type\":\"Person\",\"@id\":\"https:\/\/conversesacatalunya.cat\/#\/schema\/person\/79bd0577b2f3afc8d6519d207c6e8609\",\"name\":\"Enric Casanovas\",\"image\":{\"@type\":\"ImageObject\",\"inLanguage\":\"es\",\"@id\":\"https:\/\/conversesacatalunya.cat\/#\/schema\/person\/image\/\",\"url\":\"https:\/\/conversesacatalunya.cat\/wp-content\/litespeed\/avatar\/7ae4379ad4421ec77820e92afd36dd78.jpg?ver=1777373933\",\"contentUrl\":\"https:\/\/conversesacatalunya.cat\/wp-content\/litespeed\/avatar\/7ae4379ad4421ec77820e92afd36dd78.jpg?ver=1777373933\",\"caption\":\"Enric Casanovas\"},\"url\":\"https:\/\/conversesacatalunya.cat\/es\/author\/enric-casanovas\/\"}]}<\/script>\n<!-- \/ Yoast SEO plugin. -->","yoast_head_json":{"title":"Econom\u00eda catalana: cada vez m\u00e1s lejos de la cabeza - Converses a Catalunya","description":"Mientras que la econom\u00eda catalana sigue mostrando ciertos avances, la distancia con las regiones l\u00edderes, particularmente Madrid, sigue aumentando","robots":{"index":"index","follow":"follow","max-snippet":"max-snippet:-1","max-image-preview":"max-image-preview:large","max-video-preview":"max-video-preview:-1"},"canonical":"https:\/\/conversesacatalunya.cat\/es\/economia-catalana-cada-vez-mas-lejos-de-la-cabeza\/","og_locale":"es_ES","og_type":"article","og_title":"Econom\u00eda catalana: cada vez m\u00e1s lejos de la cabeza - Converses a Catalunya","og_description":"Mientras que la econom\u00eda catalana sigue mostrando ciertos avances, la distancia con las regiones l\u00edderes, particularmente Madrid, sigue aumentando","og_url":"https:\/\/conversesacatalunya.cat\/es\/economia-catalana-cada-vez-mas-lejos-de-la-cabeza\/","og_site_name":"Converses a Catalunya","article_published_time":"2024-12-19T09:59:26+00:00","article_modified_time":"2024-12-19T11:28:05+00:00","og_image":[{"width":655,"height":368,"url":"https:\/\/conversesacatalunya.cat\/wp-content\/uploads\/2023\/10\/economia-catalunya.jpg","type":"image\/jpeg"}],"author":"Enric Casanovas","twitter_card":"summary_large_image","twitter_misc":{"Escrito por":"Enric Casanovas","Tiempo de lectura":"3 minutos"},"schema":{"@context":"https:\/\/schema.org","@graph":[{"@type":"Article","@id":"https:\/\/conversesacatalunya.cat\/es\/economia-catalana-cada-vez-mas-lejos-de-la-cabeza\/#article","isPartOf":{"@id":"https:\/\/conversesacatalunya.cat\/es\/economia-catalana-cada-vez-mas-lejos-de-la-cabeza\/"},"author":{"name":"Enric Casanovas","@id":"https:\/\/conversesacatalunya.cat\/#\/schema\/person\/79bd0577b2f3afc8d6519d207c6e8609"},"headline":"Econom\u00eda catalana: cada vez m\u00e1s lejos de la cabeza","datePublished":"2024-12-19T09:59:26+00:00","dateModified":"2024-12-19T11:28:05+00:00","mainEntityOfPage":{"@id":"https:\/\/conversesacatalunya.cat\/es\/economia-catalana-cada-vez-mas-lejos-de-la-cabeza\/"},"wordCount":659,"commentCount":0,"image":{"@id":"https:\/\/conversesacatalunya.cat\/es\/economia-catalana-cada-vez-mas-lejos-de-la-cabeza\/#primaryimage"},"thumbnailUrl":"https:\/\/conversesacatalunya.cat\/wp-content\/uploads\/2023\/10\/economia-catalunya.jpg","keywords":["Econom\u00eda Catalu\u00f1a"],"articleSection":["Punts clau del dia (ES)"],"inLanguage":"es","potentialAction":[{"@type":"CommentAction","name":"Comment","target":["https:\/\/conversesacatalunya.cat\/es\/economia-catalana-cada-vez-mas-lejos-de-la-cabeza\/#respond"]}]},{"@type":"WebPage","@id":"https:\/\/conversesacatalunya.cat\/es\/economia-catalana-cada-vez-mas-lejos-de-la-cabeza\/","url":"https:\/\/conversesacatalunya.cat\/es\/economia-catalana-cada-vez-mas-lejos-de-la-cabeza\/","name":"Econom\u00eda catalana: cada vez m\u00e1s lejos de la cabeza - Converses a Catalunya","isPartOf":{"@id":"https:\/\/conversesacatalunya.cat\/#website"},"primaryImageOfPage":{"@id":"https:\/\/conversesacatalunya.cat\/es\/economia-catalana-cada-vez-mas-lejos-de-la-cabeza\/#primaryimage"},"image":{"@id":"https:\/\/conversesacatalunya.cat\/es\/economia-catalana-cada-vez-mas-lejos-de-la-cabeza\/#primaryimage"},"thumbnailUrl":"https:\/\/conversesacatalunya.cat\/wp-content\/uploads\/2023\/10\/economia-catalunya.jpg","datePublished":"2024-12-19T09:59:26+00:00","dateModified":"2024-12-19T11:28:05+00:00","author":{"@id":"https:\/\/conversesacatalunya.cat\/#\/schema\/person\/79bd0577b2f3afc8d6519d207c6e8609"},"description":"Mientras que la econom\u00eda catalana sigue mostrando ciertos avances, la distancia con las regiones l\u00edderes, particularmente Madrid, sigue aumentando","breadcrumb":{"@id":"https:\/\/conversesacatalunya.cat\/es\/economia-catalana-cada-vez-mas-lejos-de-la-cabeza\/#breadcrumb"},"inLanguage":"es","potentialAction":[{"@type":"ReadAction","target":["https:\/\/conversesacatalunya.cat\/es\/economia-catalana-cada-vez-mas-lejos-de-la-cabeza\/"]}]},{"@type":"ImageObject","inLanguage":"es","@id":"https:\/\/conversesacatalunya.cat\/es\/economia-catalana-cada-vez-mas-lejos-de-la-cabeza\/#primaryimage","url":"https:\/\/conversesacatalunya.cat\/wp-content\/uploads\/2023\/10\/economia-catalunya.jpg","contentUrl":"https:\/\/conversesacatalunya.cat\/wp-content\/uploads\/2023\/10\/economia-catalunya.jpg","width":655,"height":368},{"@type":"BreadcrumbList","@id":"https:\/\/conversesacatalunya.cat\/es\/economia-catalana-cada-vez-mas-lejos-de-la-cabeza\/#breadcrumb","itemListElement":[{"@type":"ListItem","position":1,"name":"Inici","item":"https:\/\/conversesacatalunya.cat\/es\/"},{"@type":"ListItem","position":2,"name":"Econom\u00eda catalana: cada vez m\u00e1s lejos de la cabeza"}]},{"@type":"WebSite","@id":"https:\/\/conversesacatalunya.cat\/#website","url":"https:\/\/conversesacatalunya.cat\/","name":"Converses a Catalunya","description":"","potentialAction":[{"@type":"SearchAction","target":{"@type":"EntryPoint","urlTemplate":"https:\/\/conversesacatalunya.cat\/?s={search_term_string}"},"query-input":{"@type":"PropertyValueSpecification","valueRequired":true,"valueName":"search_term_string"}}],"inLanguage":"es"},{"@type":"Person","@id":"https:\/\/conversesacatalunya.cat\/#\/schema\/person\/79bd0577b2f3afc8d6519d207c6e8609","name":"Enric Casanovas","image":{"@type":"ImageObject","inLanguage":"es","@id":"https:\/\/conversesacatalunya.cat\/#\/schema\/person\/image\/","url":"https:\/\/conversesacatalunya.cat\/wp-content\/litespeed\/avatar\/7ae4379ad4421ec77820e92afd36dd78.jpg?ver=1777373933","contentUrl":"https:\/\/conversesacatalunya.cat\/wp-content\/litespeed\/avatar\/7ae4379ad4421ec77820e92afd36dd78.jpg?ver=1777373933","caption":"Enric Casanovas"},"url":"https:\/\/conversesacatalunya.cat\/es\/author\/enric-casanovas\/"}]}},"wps_subtitle":"Mientras que la econom\u00eda catalana sigue mostrando ciertos avances, la distancia con las regiones l\u00edderes, particularmente Madrid, sigue aumentando","_links":{"self":[{"href":"https:\/\/conversesacatalunya.cat\/es\/wp-json\/wp\/v2\/posts\/84488","targetHints":{"allow":["GET"]}}],"collection":[{"href":"https:\/\/conversesacatalunya.cat\/es\/wp-json\/wp\/v2\/posts"}],"about":[{"href":"https:\/\/conversesacatalunya.cat\/es\/wp-json\/wp\/v2\/types\/post"}],"author":[{"embeddable":true,"href":"https:\/\/conversesacatalunya.cat\/es\/wp-json\/wp\/v2\/users\/77"}],"replies":[{"embeddable":true,"href":"https:\/\/conversesacatalunya.cat\/es\/wp-json\/wp\/v2\/comments?post=84488"}],"version-history":[{"count":2,"href":"https:\/\/conversesacatalunya.cat\/es\/wp-json\/wp\/v2\/posts\/84488\/revisions"}],"predecessor-version":[{"id":84490,"href":"https:\/\/conversesacatalunya.cat\/es\/wp-json\/wp\/v2\/posts\/84488\/revisions\/84490"}],"wp:featuredmedia":[{"embeddable":true,"href":"https:\/\/conversesacatalunya.cat\/es\/wp-json\/wp\/v2\/media\/71682"}],"wp:attachment":[{"href":"https:\/\/conversesacatalunya.cat\/es\/wp-json\/wp\/v2\/media?parent=84488"}],"wp:term":[{"taxonomy":"category","embeddable":true,"href":"https:\/\/conversesacatalunya.cat\/es\/wp-json\/wp\/v2\/categories?post=84488"},{"taxonomy":"post_tag","embeddable":true,"href":"https:\/\/conversesacatalunya.cat\/es\/wp-json\/wp\/v2\/tags?post=84488"}],"curies":[{"name":"wp","href":"https:\/\/api.w.org\/{rel}","templated":true}]}}