{"id":84100,"date":"2024-12-02T10:46:34","date_gmt":"2024-12-02T09:46:34","guid":{"rendered":"https:\/\/conversesacatalunya.cat\/jordi-pujol-i-el-manifest-de-castelltercol\/"},"modified":"2024-12-03T05:50:40","modified_gmt":"2024-12-03T04:50:40","slug":"jordi-pujol-y-el-manifiesto-de-castelltercol","status":"publish","type":"post","link":"https:\/\/conversesacatalunya.cat\/es\/jordi-pujol-y-el-manifiesto-de-castelltercol\/","title":{"rendered":"Jordi Pujol y el Manifiesto de Castellter\u00e7ol"},"content":{"rendered":"<p><span>En realidad, no se trata formalmente de un manifiesto, sino de la intervenci\u00f3n de Jordi Pujol durante el homenaje organizado por la Asociaci\u00f3n de Amigos de Prat de la Riba, con motivo del 50 aniversario de la fundaci\u00f3n de Converg\u00e8ncia Democr\u00e0tica de Catalunya (CDC). Para ser precisos, se celebraba el movimiento que dio\u00a0<\/span><a href=\"https:\/\/conversesacatalunya.cat\/es\/cuando-se-fundo-convergencia-democratica-de-catalunya-cdc\/\" target=\"_blank\" rel=\"noopener\"><span>origen a CDC<\/span><\/a><span>, donde tambi\u00e9n participaba Uni\u00f3 Democr\u00e0tica de Catalunya (UDC), ya que el partido, tal y como lo conocemos y que se present\u00f3 a las elecciones, no naci\u00f3 hasta dos a\u00f1os despu\u00e9s, sin UDC. Fue una especie de rememoraci\u00f3n fundacional sin los fundadores, m\u00e1s all\u00e1 de Pujol, porque quienes llevaron la voz cantante -Artur Mas, Xavier Trias y N\u00faria Gibert- en 1974 estaban lejos de involucrarse en la pol\u00edtica.<\/span><\/p>\n<p><span>Un hecho interesante y significativo que refleja\u00a0<\/span><strong><span>el final de una \u00e9poca que realmente vive Junts<\/span><\/strong><span>, o al menos parte de Junts. Los mismos, con Mas al frente, que hace unos a\u00f1os se apresuraron a despojar a Jordi Pujol de todas sus dignidades como presidente de la Generalitat, que marc\u00f3 historia en el sentido m\u00e1s positivo del t\u00e9rmino y fue la gran figura del catalanismo pol\u00edtico junto con Prat de la Riba, ahora se esfuerzan por aparecer a su lado. Y no es casualidad:\u00a0<\/span><strong><span>Pujol es el s\u00edmbolo vivo de CDC, y de alg\u00fan modo, Converg\u00e8ncia es la gran nostalgia de la pol\u00edtica actual<\/span><\/strong><span>.<\/span><\/p>\n<p><span>Sin embargo, entre los protagonistas hay una diferencia importante: Mas y Trias son militantes de Junts y se declaran abiertamente independentistas, mientras que\u00a0<\/span><a href=\"https:\/\/conversesacatalunya.cat\/es\/jordi-pujol-ideas-accion-politica-el-legado-6-el-autogobierno\/\" target=\"_blank\" rel=\"noopener\"><span>Pujol nunca se ha querido sumar a este partido ni ha sido independentista<\/span><\/a><span>. Si quedaba alguna duda, su discurso en Castellter\u00e7ol, su \u201cmanifiesto\u201d, lo dej\u00f3 claro con tres puntos fundamentales que constituyen una enmienda a la totalidad del proyecto de Mas i Puigdemont:<\/span><\/p>\n<ol>\n<li><span>No a la independencia porque es inviable y no conviene a Catalu\u00f1a.<\/span><\/li>\n<li><span>S\u00ed a la l\u00f3gica de CDC de siempre: negociaci\u00f3n y confrontaci\u00f3n estrictamente democr\u00e1tica, sin miedo a primar los votos para ganar autogobierno y ejercerlo.<\/span><\/li>\n<li><span>Fue un error grande liquidar a CDC por miedo y embarcarse en nuevas siglas que ya se ve c\u00f3mo han terminado.<\/span><\/li>\n<\/ol>\n<p><span>Pujol formul\u00f3 el proyecto que muchos quieren escuchar, algunos desde dentro de Junts, muchos m\u00e1s desde fuera. Fue una enmienda a la totalidad en el camino pol\u00edtico que gui\u00f3 a Artur Mas.<\/span><\/p>\n<p><strong><span>Pero el tiempo no pasa en vano.\u00a0<\/span><\/strong><span>El proyecto convergente en las coordenadas actuales no puede ser una copia del pasado inexistente, ni las viejas victorias garantizan, por s\u00ed solas, logros futuros. CDC tuvo \u00e9xito por <\/span><strong><span>tres razones b\u00e1sicas<\/span><\/strong><span>; lo que en el lenguaje de la \u00e9poca ser\u00edan condiciones objetivas necesarias: la existencia de una corriente social y cultural basada en el catalanismo pol\u00edtico que integraba la menestral\u00eda, la peque\u00f1a y mediana burgues\u00eda, gran parte del mundo rural, el catolicismo militante y catalanista, en una s\u00edntesis que Pujol defini\u00f3 en t\u00e9rminos populares: \u00abSant Pancra\u00e7, Salut y Feina\u00bb (San Pancracio, Salud y Trabajo).<\/span><\/p>\n<p><span>Esta\u00a0<\/span><strong><span>corriente social organizada<\/span><\/strong><span>\u00a0tuvo un l\u00edder con cualidades extraordinarias, m\u00e1s para la pol\u00edtica que para la organizaci\u00f3n, pero capaz de rodearse de personas que sab\u00edan construir.<\/span><\/p>\n<p><span>La tercera condici\u00f3n, que a menudo se olvida, es que CDC representaba una alternativa a la hegemon\u00eda cultural y pol\u00edtica de la \u00e9poca: la izquierda con fuertes tintes marxistas, representada por el PSUC y el PSC en Catalu\u00f1a, que dominaban en las facultades universitarias, el mundo de la cultura y los medios de comunicaci\u00f3n. Sin embargo, con el ciclo electoral de la democracia ya iniciado, el PSOE con Felipe Gonz\u00e1lez al frente obten\u00eda un caudal de votos considerable en el \u00e1rea metropolitana de Barcelona y el Baix Llobregat. Sin embargo, en el \u00e1mbito de elecciones al Parlament de Catalunya, los t\u00e9rminos se invert\u00edan y Pujol arrasaba. Era el voto dual a gran escala.<\/span><\/p>\n<p><span>Hoy, un renacimiento convergente pasa necesariamente por el mismo camino: estructurar una corriente social propia, fuerte cultural y pol\u00edticamente, que sea alternativa a la versi\u00f3n actual de la progres\u00eda, con el PSC-PSOE y Salvador Illa en primer plano, junto con los Comunes y el interrogante de c\u00f3mo acabar\u00e1 jugando Esquerra, hoy absorbida por S\u00e1nchez.<\/span><\/p>\n<p><span>Esto, en la pr\u00e1ctica, implica muchas cuestiones ingratas para la agenda del <\/span><em><span>establishment<\/span><\/em><span>\u00a0progresista, pero que mucha gente demanda. Por ejemplo:\u00a0<\/span><strong><span>afrontar la baja tasa de natalidad y sus graves consecuencias para Catalunya<\/span><\/strong><span>, que podr\u00edan llegar a ser terminales, mientras que el aborto significa ya el 40% de los nacimientos, una magnitud arrolladora. La\u00a0<\/span><strong><span>inmigraci\u00f3n masiva<\/span><\/strong><span>, sus causas y consecuencias, su impacto negativo en la lengua cultura, productividad y la estructura productiva de Catalu\u00f1a, y todo ello sin caer en excesos chovinistas ni en demagogia. No hace falta: ya existe la demagogia de los hechos. Y a\u00fan restar\u00eda la cuesti\u00f3n de un liderazgo por hacer y que s\u00f3lo puede surgir de las nuevas hornadas.<\/span><\/p>\n<p><span>En cualquier caso, lo que es evidente es que este\u00a0<\/span><strong><span>renacimiento democr\u00e1tico<\/span><\/strong><span>, si llega a producirse, no vendr\u00e1 de la mano de los de antes. Su papel importante es el de contribuir desde un segundo plano, ponerse al servicio de una nueva generaci\u00f3n de personas mucho m\u00e1s j\u00f3venes que asuman el reto de construir de nuevo, asentados sobre la realidad de hoy, mirando hacia el futuro, bas\u00e1ndose en la experiencia pasada y el legado de Jordi Pujol y aquella CDC y CiU, para recrear, no para revivir.<\/span><\/p>\n<div id=\"polls-265\" class=\"wp-polls\">\n\t<form id=\"polls_form_265\" class=\"wp-polls-form\" action=\"\/index.php\" method=\"post\">\n\t\t<p style=\"display: none;\"><input type=\"hidden\" id=\"poll_265_nonce\" name=\"wp-polls-nonce\" value=\"8d6eb1c1b9\" \/><\/p>\n\t\t<p style=\"display: none;\"><input type=\"hidden\" name=\"poll_id\" value=\"265\" \/><\/p>\n\t\t<p style=\"text-align: center\"><strong>Creus que el president de la Generalitat ha d'assistir al congr\u00e9s del PSOE i dir que est\u00e0 all\u00e0 per donar suport incondicional al president del govern espanyol?<\/strong><\/p><div id=\"polls-265-ans\" class=\"wp-polls-ans\"><ul class=\"wp-polls-ul\">\n\t\t<li><input type=\"radio\" id=\"poll-answer-748\" name=\"poll_265\" value=\"748\" \/> <label for=\"poll-answer-748\">S\u00ed<\/label><\/li>\n\t\t<li><input type=\"radio\" id=\"poll-answer-749\" name=\"poll_265\" value=\"749\" \/> <label for=\"poll-answer-749\">No<\/label><\/li>\n\t\t<li><input type=\"radio\" id=\"poll-answer-750\" name=\"poll_265\" value=\"750\" \/> <label for=\"poll-answer-750\">No ho s\u00e9<\/label><\/li>\n\t\t<\/ul><p style=\"text-align: center\"><input type=\"button\" name=\"vote\" value=\"   Vota   \" class=\"Buttons\" onclick=\"poll_vote(265);\" \/><\/p><p style=\"text-align: center\"><a href=\"#ViewPollResults\" onclick=\"poll_result(265); return false;\" title=\"View Results Of This Poll\">Mira els resultats<\/a><\/p><\/div>\n\t<\/form>\n<\/div>\n<div id=\"polls-265-loading\" class=\"wp-polls-loading\"><img decoding=\"async\" data-src=\"https:\/\/conversesacatalunya.cat\/wp-content\/plugins\/wp-polls\/images\/loading.gif\" width=\"16\" height=\"16\" alt=\"Cargando ...\" title=\"Cargando ...\" class=\"wp-polls-image lazyload\" src=\"data:image\/svg+xml;base64,PHN2ZyB3aWR0aD0iMSIgaGVpZ2h0PSIxIiB4bWxucz0iaHR0cDovL3d3dy53My5vcmcvMjAwMC9zdmciPjwvc3ZnPg==\" style=\"--smush-placeholder-width: 16px; --smush-placeholder-aspect-ratio: 16\/16;\" \/>&nbsp;Cargando ...<\/div>\n\n","protected":false},"excerpt":{"rendered":"<p>En realidad, no se trata formalmente de un manifiesto, sino de la intervenci\u00f3n de Jordi Pujol durante el homenaje organizado por la Asociaci\u00f3n de Amigos de Prat de la Riba, con motivo del 50 aniversario de la fundaci\u00f3n de Converg\u00e8ncia Democr\u00e0tica de Catalunya (CDC). Para ser precisos, se celebraba el movimiento que dio\u00a0origen a CDC, donde tambi\u00e9n participaba Uni\u00f3 Democr\u00e0tica de Catalunya (UDC), ya que el partido, tal y como lo conocemos y que se present\u00f3 a las elecciones, no naci\u00f3 hasta dos a\u00f1os despu\u00e9s, sin UDC. Fue una especie de rememoraci\u00f3n fundacional sin los fundadores, m\u00e1s all\u00e1 de Pujol, porque quienes llevaron la voz cantante -Artur Mas, Xavier Trias y N\u00faria Gibert- en 1974 estaban lejos de involucrarse en la pol\u00edtica. Un hecho interesante y significativo que refleja\u00a0el final de una \u00e9poca que realmente vive Junts, o al menos parte de Junts. Los mismos, con Mas al frente, que hace unos a\u00f1os se apresuraron a despojar a Jordi Pujol de todas sus dignidades como presidente de la Generalitat, que marc\u00f3 historia en el sentido m\u00e1s positivo del t\u00e9rmino y fue la gran figura del catalanismo pol\u00edtico junto con Prat de la Riba, ahora se esfuerzan por aparecer a su lado. Y no es casualidad:\u00a0Pujol es el s\u00edmbolo vivo de CDC, y de alg\u00fan modo, Converg\u00e8ncia es la gran nostalgia de la pol\u00edtica actual. Sin embargo, entre los protagonistas hay una diferencia importante: Mas y Trias son militantes de Junts y se declaran abiertamente independentistas, mientras que\u00a0Pujol nunca se ha querido sumar a este partido ni ha sido independentista. Si quedaba alguna duda, su discurso en Castellter\u00e7ol, su \u201cmanifiesto\u201d, lo dej\u00f3 claro con tres puntos fundamentales que constituyen una enmienda a la totalidad del proyecto de Mas i Puigdemont: No a la independencia porque es inviable y no conviene a Catalu\u00f1a. S\u00ed a la l\u00f3gica de CDC de siempre: negociaci\u00f3n y confrontaci\u00f3n estrictamente democr\u00e1tica, sin miedo a primar los votos para ganar autogobierno y ejercerlo. Fue un error grande liquidar a CDC por miedo y embarcarse en nuevas siglas que ya se ve c\u00f3mo han terminado. Pujol formul\u00f3 el proyecto que muchos quieren escuchar, algunos desde dentro de Junts, muchos m\u00e1s desde fuera. Fue una enmienda a la totalidad en el camino pol\u00edtico que gui\u00f3 a Artur Mas. Pero el tiempo no pasa en vano.\u00a0El proyecto convergente en las coordenadas actuales no puede ser una copia del pasado inexistente, ni las viejas victorias garantizan, por s\u00ed solas, logros futuros. CDC tuvo \u00e9xito por tres razones b\u00e1sicas; lo que en el lenguaje de la \u00e9poca ser\u00edan condiciones objetivas necesarias: la existencia de una corriente social y cultural basada en el catalanismo pol\u00edtico que integraba la menestral\u00eda, la peque\u00f1a y mediana burgues\u00eda, gran parte del mundo rural, el catolicismo militante y catalanista, en una s\u00edntesis que Pujol defini\u00f3 en t\u00e9rminos populares: \u00abSant Pancra\u00e7, Salut y Feina\u00bb (San Pancracio, Salud y Trabajo). Esta\u00a0corriente social organizada\u00a0tuvo un l\u00edder con cualidades extraordinarias, m\u00e1s para la pol\u00edtica que para la organizaci\u00f3n, pero capaz de rodearse de personas que sab\u00edan construir. La tercera condici\u00f3n, que a menudo se olvida, es que CDC representaba una alternativa a la hegemon\u00eda cultural y pol\u00edtica de la \u00e9poca: la izquierda con fuertes tintes marxistas, representada por el PSUC y el PSC en Catalu\u00f1a, que dominaban en las facultades universitarias, el mundo de la cultura y los medios de comunicaci\u00f3n. Sin embargo, con el ciclo electoral de la democracia ya iniciado, el PSOE con Felipe Gonz\u00e1lez al frente obten\u00eda un caudal de votos considerable en el \u00e1rea metropolitana de Barcelona y el Baix Llobregat. Sin embargo, en el \u00e1mbito de elecciones al Parlament de Catalunya, los t\u00e9rminos se invert\u00edan y Pujol arrasaba. Era el voto dual a gran escala. Hoy, un renacimiento convergente pasa necesariamente por el mismo camino: estructurar una corriente social propia, fuerte cultural y pol\u00edticamente, que sea alternativa a la versi\u00f3n actual de la progres\u00eda, con el PSC-PSOE y Salvador Illa en primer plano, junto con los Comunes y el interrogante de c\u00f3mo acabar\u00e1 jugando Esquerra, hoy absorbida por S\u00e1nchez. Esto, en la pr\u00e1ctica, implica muchas cuestiones ingratas para la agenda del establishment\u00a0progresista, pero que mucha gente demanda. Por ejemplo:\u00a0afrontar la baja tasa de natalidad y sus graves consecuencias para Catalunya, que podr\u00edan llegar a ser terminales, mientras que el aborto significa ya el 40% de los nacimientos, una magnitud arrolladora. La\u00a0inmigraci\u00f3n masiva, sus causas y consecuencias, su impacto negativo en la lengua cultura, productividad y la estructura productiva de Catalu\u00f1a, y todo ello sin caer en excesos chovinistas ni en demagogia. No hace falta: ya existe la demagogia de los hechos. Y a\u00fan restar\u00eda la cuesti\u00f3n de un liderazgo por hacer y que s\u00f3lo puede surgir de las nuevas hornadas. En cualquier caso, lo que es evidente es que este\u00a0renacimiento democr\u00e1tico, si llega a producirse, no vendr\u00e1 de la mano de los de antes. Su papel importante es el de contribuir desde un segundo plano, ponerse al servicio de una nueva generaci\u00f3n de personas mucho m\u00e1s j\u00f3venes que asuman el reto de construir de nuevo, asentados sobre la realidad de hoy, mirando hacia el futuro, bas\u00e1ndose en la experiencia pasada y el legado de Jordi Pujol y aquella CDC y CiU, para recrear, no para revivir.<\/p>\n","protected":false},"author":19,"featured_media":84088,"comment_status":"open","ping_status":"open","sticky":false,"template":"","format":"standard","meta":{"_FSMCFIC_featured_image_caption":"","_FSMCFIC_featured_image_nocaption":"","_FSMCFIC_featured_image_hide":"","footnotes":""},"categories":[806],"tags":[843],"class_list":["post-84100","post","type-post","status-publish","format-standard","has-post-thumbnail","hentry","category-punts-claus-del-dia-es","tag-jordi-pujol-es"],"yoast_head":"<!-- This site is optimized with the Yoast SEO plugin v26.8 - https:\/\/yoast.com\/product\/yoast-seo-wordpress\/ -->\n<title>Jordi Pujol y el Manifiesto de Castellter\u00e7ol - Converses a Catalunya<\/title>\n<meta name=\"description\" content=\"Pujol \u00e9s el s\u00edmbol viu de CDC, i d&#039;alguna manera, Converg\u00e8ncia \u00e9s la gran nost\u00e0lgia de la pol\u00edtica actual\" \/>\n<meta name=\"robots\" content=\"index, follow, max-snippet:-1, max-image-preview:large, max-video-preview:-1\" \/>\n<link rel=\"canonical\" href=\"https:\/\/conversesacatalunya.cat\/es\/jordi-pujol-y-el-manifiesto-de-castelltercol\/\" \/>\n<meta property=\"og:locale\" content=\"es_ES\" \/>\n<meta property=\"og:type\" content=\"article\" \/>\n<meta property=\"og:title\" content=\"Jordi Pujol y el Manifiesto de Castellter\u00e7ol - Converses a Catalunya\" \/>\n<meta property=\"og:description\" content=\"Pujol \u00e9s el s\u00edmbol viu de CDC, i d&#039;alguna manera, Converg\u00e8ncia \u00e9s la gran nost\u00e0lgia de la pol\u00edtica actual\" \/>\n<meta property=\"og:url\" content=\"https:\/\/conversesacatalunya.cat\/es\/jordi-pujol-y-el-manifiesto-de-castelltercol\/\" \/>\n<meta property=\"og:site_name\" content=\"Converses a Catalunya\" \/>\n<meta property=\"article:published_time\" content=\"2024-12-02T09:46:34+00:00\" \/>\n<meta property=\"article:modified_time\" content=\"2024-12-03T04:50:40+00:00\" \/>\n<meta property=\"og:image\" content=\"https:\/\/conversesacatalunya.cat\/wp-content\/uploads\/2024\/12\/pujol.jpg\" \/>\n\t<meta property=\"og:image:width\" content=\"662\" \/>\n\t<meta property=\"og:image:height\" content=\"418\" \/>\n\t<meta property=\"og:image:type\" content=\"image\/jpeg\" \/>\n<meta name=\"author\" content=\"Josep Mir\u00f3 i Ard\u00e8vol\" \/>\n<meta name=\"twitter:card\" content=\"summary_large_image\" \/>\n<meta name=\"twitter:label1\" content=\"Escrito por\" \/>\n\t<meta name=\"twitter:data1\" content=\"Josep Mir\u00f3 i Ard\u00e8vol\" \/>\n\t<meta name=\"twitter:label2\" content=\"Tiempo de lectura\" \/>\n\t<meta name=\"twitter:data2\" content=\"5 minutos\" \/>\n<script type=\"application\/ld+json\" class=\"yoast-schema-graph\">{\"@context\":\"https:\/\/schema.org\",\"@graph\":[{\"@type\":\"Article\",\"@id\":\"https:\/\/conversesacatalunya.cat\/es\/jordi-pujol-y-el-manifiesto-de-castelltercol\/#article\",\"isPartOf\":{\"@id\":\"https:\/\/conversesacatalunya.cat\/es\/jordi-pujol-y-el-manifiesto-de-castelltercol\/\"},\"author\":{\"name\":\"Josep Mir\u00f3 i Ard\u00e8vol\",\"@id\":\"https:\/\/conversesacatalunya.cat\/#\/schema\/person\/a9598a6786ba7d3d1c5e0de477b79370\"},\"headline\":\"Jordi Pujol y el Manifiesto de Castellter\u00e7ol\",\"datePublished\":\"2024-12-02T09:46:34+00:00\",\"dateModified\":\"2024-12-03T04:50:40+00:00\",\"mainEntityOfPage\":{\"@id\":\"https:\/\/conversesacatalunya.cat\/es\/jordi-pujol-y-el-manifiesto-de-castelltercol\/\"},\"wordCount\":956,\"commentCount\":0,\"image\":{\"@id\":\"https:\/\/conversesacatalunya.cat\/es\/jordi-pujol-y-el-manifiesto-de-castelltercol\/#primaryimage\"},\"thumbnailUrl\":\"https:\/\/conversesacatalunya.cat\/wp-content\/uploads\/2024\/12\/pujol.jpg\",\"keywords\":[\"Jordi Pujol\"],\"articleSection\":[\"Punts clau del dia (ES)\"],\"inLanguage\":\"es\",\"potentialAction\":[{\"@type\":\"CommentAction\",\"name\":\"Comment\",\"target\":[\"https:\/\/conversesacatalunya.cat\/es\/jordi-pujol-y-el-manifiesto-de-castelltercol\/#respond\"]}]},{\"@type\":\"WebPage\",\"@id\":\"https:\/\/conversesacatalunya.cat\/es\/jordi-pujol-y-el-manifiesto-de-castelltercol\/\",\"url\":\"https:\/\/conversesacatalunya.cat\/es\/jordi-pujol-y-el-manifiesto-de-castelltercol\/\",\"name\":\"Jordi Pujol y el Manifiesto de Castellter\u00e7ol - Converses a Catalunya\",\"isPartOf\":{\"@id\":\"https:\/\/conversesacatalunya.cat\/#website\"},\"primaryImageOfPage\":{\"@id\":\"https:\/\/conversesacatalunya.cat\/es\/jordi-pujol-y-el-manifiesto-de-castelltercol\/#primaryimage\"},\"image\":{\"@id\":\"https:\/\/conversesacatalunya.cat\/es\/jordi-pujol-y-el-manifiesto-de-castelltercol\/#primaryimage\"},\"thumbnailUrl\":\"https:\/\/conversesacatalunya.cat\/wp-content\/uploads\/2024\/12\/pujol.jpg\",\"datePublished\":\"2024-12-02T09:46:34+00:00\",\"dateModified\":\"2024-12-03T04:50:40+00:00\",\"author\":{\"@id\":\"https:\/\/conversesacatalunya.cat\/#\/schema\/person\/a9598a6786ba7d3d1c5e0de477b79370\"},\"description\":\"Pujol \u00e9s el s\u00edmbol viu de CDC, i d'alguna manera, Converg\u00e8ncia \u00e9s la gran nost\u00e0lgia de la pol\u00edtica actual\",\"breadcrumb\":{\"@id\":\"https:\/\/conversesacatalunya.cat\/es\/jordi-pujol-y-el-manifiesto-de-castelltercol\/#breadcrumb\"},\"inLanguage\":\"es\",\"potentialAction\":[{\"@type\":\"ReadAction\",\"target\":[\"https:\/\/conversesacatalunya.cat\/es\/jordi-pujol-y-el-manifiesto-de-castelltercol\/\"]}]},{\"@type\":\"ImageObject\",\"inLanguage\":\"es\",\"@id\":\"https:\/\/conversesacatalunya.cat\/es\/jordi-pujol-y-el-manifiesto-de-castelltercol\/#primaryimage\",\"url\":\"https:\/\/conversesacatalunya.cat\/wp-content\/uploads\/2024\/12\/pujol.jpg\",\"contentUrl\":\"https:\/\/conversesacatalunya.cat\/wp-content\/uploads\/2024\/12\/pujol.jpg\",\"width\":662,\"height\":418,\"caption\":\"Pujol\"},{\"@type\":\"BreadcrumbList\",\"@id\":\"https:\/\/conversesacatalunya.cat\/es\/jordi-pujol-y-el-manifiesto-de-castelltercol\/#breadcrumb\",\"itemListElement\":[{\"@type\":\"ListItem\",\"position\":1,\"name\":\"Inici\",\"item\":\"https:\/\/conversesacatalunya.cat\/es\/\"},{\"@type\":\"ListItem\",\"position\":2,\"name\":\"Jordi Pujol y el Manifiesto de Castellter\u00e7ol\"}]},{\"@type\":\"WebSite\",\"@id\":\"https:\/\/conversesacatalunya.cat\/#website\",\"url\":\"https:\/\/conversesacatalunya.cat\/\",\"name\":\"Converses a Catalunya\",\"description\":\"\",\"potentialAction\":[{\"@type\":\"SearchAction\",\"target\":{\"@type\":\"EntryPoint\",\"urlTemplate\":\"https:\/\/conversesacatalunya.cat\/?s={search_term_string}\"},\"query-input\":{\"@type\":\"PropertyValueSpecification\",\"valueRequired\":true,\"valueName\":\"search_term_string\"}}],\"inLanguage\":\"es\"},{\"@type\":\"Person\",\"@id\":\"https:\/\/conversesacatalunya.cat\/#\/schema\/person\/a9598a6786ba7d3d1c5e0de477b79370\",\"name\":\"Josep Mir\u00f3 i Ard\u00e8vol\",\"image\":{\"@type\":\"ImageObject\",\"inLanguage\":\"es\",\"@id\":\"https:\/\/conversesacatalunya.cat\/#\/schema\/person\/image\/\",\"url\":\"https:\/\/conversesacatalunya.cat\/wp-content\/litespeed\/avatar\/c37e3dc881857483d6694cdf98fdedea.jpg?ver=1777270381\",\"contentUrl\":\"https:\/\/conversesacatalunya.cat\/wp-content\/litespeed\/avatar\/c37e3dc881857483d6694cdf98fdedea.jpg?ver=1777270381\",\"caption\":\"Josep Mir\u00f3 i Ard\u00e8vol\"},\"url\":\"https:\/\/conversesacatalunya.cat\/es\/author\/josep-miro-i-ardevol\/\"}]}<\/script>\n<!-- \/ Yoast SEO plugin. -->","yoast_head_json":{"title":"Jordi Pujol y el Manifiesto de Castellter\u00e7ol - Converses a Catalunya","description":"Pujol \u00e9s el s\u00edmbol viu de CDC, i d'alguna manera, Converg\u00e8ncia \u00e9s la gran nost\u00e0lgia de la pol\u00edtica actual","robots":{"index":"index","follow":"follow","max-snippet":"max-snippet:-1","max-image-preview":"max-image-preview:large","max-video-preview":"max-video-preview:-1"},"canonical":"https:\/\/conversesacatalunya.cat\/es\/jordi-pujol-y-el-manifiesto-de-castelltercol\/","og_locale":"es_ES","og_type":"article","og_title":"Jordi Pujol y el Manifiesto de Castellter\u00e7ol - Converses a Catalunya","og_description":"Pujol \u00e9s el s\u00edmbol viu de CDC, i d'alguna manera, Converg\u00e8ncia \u00e9s la gran nost\u00e0lgia de la pol\u00edtica actual","og_url":"https:\/\/conversesacatalunya.cat\/es\/jordi-pujol-y-el-manifiesto-de-castelltercol\/","og_site_name":"Converses a Catalunya","article_published_time":"2024-12-02T09:46:34+00:00","article_modified_time":"2024-12-03T04:50:40+00:00","og_image":[{"width":662,"height":418,"url":"https:\/\/conversesacatalunya.cat\/wp-content\/uploads\/2024\/12\/pujol.jpg","type":"image\/jpeg"}],"author":"Josep Mir\u00f3 i Ard\u00e8vol","twitter_card":"summary_large_image","twitter_misc":{"Escrito por":"Josep Mir\u00f3 i Ard\u00e8vol","Tiempo de lectura":"5 minutos"},"schema":{"@context":"https:\/\/schema.org","@graph":[{"@type":"Article","@id":"https:\/\/conversesacatalunya.cat\/es\/jordi-pujol-y-el-manifiesto-de-castelltercol\/#article","isPartOf":{"@id":"https:\/\/conversesacatalunya.cat\/es\/jordi-pujol-y-el-manifiesto-de-castelltercol\/"},"author":{"name":"Josep Mir\u00f3 i Ard\u00e8vol","@id":"https:\/\/conversesacatalunya.cat\/#\/schema\/person\/a9598a6786ba7d3d1c5e0de477b79370"},"headline":"Jordi Pujol y el Manifiesto de Castellter\u00e7ol","datePublished":"2024-12-02T09:46:34+00:00","dateModified":"2024-12-03T04:50:40+00:00","mainEntityOfPage":{"@id":"https:\/\/conversesacatalunya.cat\/es\/jordi-pujol-y-el-manifiesto-de-castelltercol\/"},"wordCount":956,"commentCount":0,"image":{"@id":"https:\/\/conversesacatalunya.cat\/es\/jordi-pujol-y-el-manifiesto-de-castelltercol\/#primaryimage"},"thumbnailUrl":"https:\/\/conversesacatalunya.cat\/wp-content\/uploads\/2024\/12\/pujol.jpg","keywords":["Jordi Pujol"],"articleSection":["Punts clau del dia (ES)"],"inLanguage":"es","potentialAction":[{"@type":"CommentAction","name":"Comment","target":["https:\/\/conversesacatalunya.cat\/es\/jordi-pujol-y-el-manifiesto-de-castelltercol\/#respond"]}]},{"@type":"WebPage","@id":"https:\/\/conversesacatalunya.cat\/es\/jordi-pujol-y-el-manifiesto-de-castelltercol\/","url":"https:\/\/conversesacatalunya.cat\/es\/jordi-pujol-y-el-manifiesto-de-castelltercol\/","name":"Jordi Pujol y el Manifiesto de Castellter\u00e7ol - Converses a Catalunya","isPartOf":{"@id":"https:\/\/conversesacatalunya.cat\/#website"},"primaryImageOfPage":{"@id":"https:\/\/conversesacatalunya.cat\/es\/jordi-pujol-y-el-manifiesto-de-castelltercol\/#primaryimage"},"image":{"@id":"https:\/\/conversesacatalunya.cat\/es\/jordi-pujol-y-el-manifiesto-de-castelltercol\/#primaryimage"},"thumbnailUrl":"https:\/\/conversesacatalunya.cat\/wp-content\/uploads\/2024\/12\/pujol.jpg","datePublished":"2024-12-02T09:46:34+00:00","dateModified":"2024-12-03T04:50:40+00:00","author":{"@id":"https:\/\/conversesacatalunya.cat\/#\/schema\/person\/a9598a6786ba7d3d1c5e0de477b79370"},"description":"Pujol \u00e9s el s\u00edmbol viu de CDC, i d'alguna manera, Converg\u00e8ncia \u00e9s la gran nost\u00e0lgia de la pol\u00edtica actual","breadcrumb":{"@id":"https:\/\/conversesacatalunya.cat\/es\/jordi-pujol-y-el-manifiesto-de-castelltercol\/#breadcrumb"},"inLanguage":"es","potentialAction":[{"@type":"ReadAction","target":["https:\/\/conversesacatalunya.cat\/es\/jordi-pujol-y-el-manifiesto-de-castelltercol\/"]}]},{"@type":"ImageObject","inLanguage":"es","@id":"https:\/\/conversesacatalunya.cat\/es\/jordi-pujol-y-el-manifiesto-de-castelltercol\/#primaryimage","url":"https:\/\/conversesacatalunya.cat\/wp-content\/uploads\/2024\/12\/pujol.jpg","contentUrl":"https:\/\/conversesacatalunya.cat\/wp-content\/uploads\/2024\/12\/pujol.jpg","width":662,"height":418,"caption":"Pujol"},{"@type":"BreadcrumbList","@id":"https:\/\/conversesacatalunya.cat\/es\/jordi-pujol-y-el-manifiesto-de-castelltercol\/#breadcrumb","itemListElement":[{"@type":"ListItem","position":1,"name":"Inici","item":"https:\/\/conversesacatalunya.cat\/es\/"},{"@type":"ListItem","position":2,"name":"Jordi Pujol y el Manifiesto de Castellter\u00e7ol"}]},{"@type":"WebSite","@id":"https:\/\/conversesacatalunya.cat\/#website","url":"https:\/\/conversesacatalunya.cat\/","name":"Converses a Catalunya","description":"","potentialAction":[{"@type":"SearchAction","target":{"@type":"EntryPoint","urlTemplate":"https:\/\/conversesacatalunya.cat\/?s={search_term_string}"},"query-input":{"@type":"PropertyValueSpecification","valueRequired":true,"valueName":"search_term_string"}}],"inLanguage":"es"},{"@type":"Person","@id":"https:\/\/conversesacatalunya.cat\/#\/schema\/person\/a9598a6786ba7d3d1c5e0de477b79370","name":"Josep Mir\u00f3 i Ard\u00e8vol","image":{"@type":"ImageObject","inLanguage":"es","@id":"https:\/\/conversesacatalunya.cat\/#\/schema\/person\/image\/","url":"https:\/\/conversesacatalunya.cat\/wp-content\/litespeed\/avatar\/c37e3dc881857483d6694cdf98fdedea.jpg?ver=1777270381","contentUrl":"https:\/\/conversesacatalunya.cat\/wp-content\/litespeed\/avatar\/c37e3dc881857483d6694cdf98fdedea.jpg?ver=1777270381","caption":"Josep Mir\u00f3 i Ard\u00e8vol"},"url":"https:\/\/conversesacatalunya.cat\/es\/author\/josep-miro-i-ardevol\/"}]}},"wps_subtitle":"Pujol \u00e9s el s\u00edmbol viu de CDC, i d'alguna manera, Converg\u00e8ncia \u00e9s la gran nost\u00e0lgia de la pol\u00edtica actual","_links":{"self":[{"href":"https:\/\/conversesacatalunya.cat\/es\/wp-json\/wp\/v2\/posts\/84100","targetHints":{"allow":["GET"]}}],"collection":[{"href":"https:\/\/conversesacatalunya.cat\/es\/wp-json\/wp\/v2\/posts"}],"about":[{"href":"https:\/\/conversesacatalunya.cat\/es\/wp-json\/wp\/v2\/types\/post"}],"author":[{"embeddable":true,"href":"https:\/\/conversesacatalunya.cat\/es\/wp-json\/wp\/v2\/users\/19"}],"replies":[{"embeddable":true,"href":"https:\/\/conversesacatalunya.cat\/es\/wp-json\/wp\/v2\/comments?post=84100"}],"version-history":[{"count":5,"href":"https:\/\/conversesacatalunya.cat\/es\/wp-json\/wp\/v2\/posts\/84100\/revisions"}],"predecessor-version":[{"id":84111,"href":"https:\/\/conversesacatalunya.cat\/es\/wp-json\/wp\/v2\/posts\/84100\/revisions\/84111"}],"wp:featuredmedia":[{"embeddable":true,"href":"https:\/\/conversesacatalunya.cat\/es\/wp-json\/wp\/v2\/media\/84088"}],"wp:attachment":[{"href":"https:\/\/conversesacatalunya.cat\/es\/wp-json\/wp\/v2\/media?parent=84100"}],"wp:term":[{"taxonomy":"category","embeddable":true,"href":"https:\/\/conversesacatalunya.cat\/es\/wp-json\/wp\/v2\/categories?post=84100"},{"taxonomy":"post_tag","embeddable":true,"href":"https:\/\/conversesacatalunya.cat\/es\/wp-json\/wp\/v2\/tags?post=84100"}],"curies":[{"name":"wp","href":"https:\/\/api.w.org\/{rel}","templated":true}]}}