{"id":84044,"date":"2024-11-29T10:37:39","date_gmt":"2024-11-29T09:37:39","guid":{"rendered":"https:\/\/conversesacatalunya.cat\/per-que-lindependentisme-catala-esta-en-crisi\/"},"modified":"2024-11-29T11:45:21","modified_gmt":"2024-11-29T10:45:21","slug":"por-que-el-independentismo-catalan-esta-en-crisis","status":"publish","type":"post","link":"https:\/\/conversesacatalunya.cat\/es\/por-que-el-independentismo-catalan-esta-en-crisis\/","title":{"rendered":"\u00bfPor qu\u00e9 el independentismo catal\u00e1n est\u00e1 en crisis?"},"content":{"rendered":"<p><span>El independentismo catal\u00e1n, tal y como se articula hoy en los principales partidos pol\u00edticos \u2014Junts por Catalunya, Esquerra Republicana y la CUP\u2014, atraviesa un momento de debilidad y desconcierto. El panorama no es esperanzador, y la llegada de nuevos actores, como Alian\u00e7a Catalana, que todav\u00eda es pronto para valorar, no parece suficiente para cambiar la tendencia.<\/span><\/p>\n<p><span>Pese al apoyo del\u00a0<\/span><strong><span>40% del electorado<\/span><\/strong><span>, una cifra considerable si se concentrara en un \u00fanico objetivo, el movimiento independentista se muestra incapaz de capitalizar ese apoyo para gobernar la Generalitat o los principales ayuntamientos.<\/span><\/p>\n<p><span>Seg\u00fan\u00a0<\/span><a href=\"https:\/\/govern.cat\/salapremsa\/notes-premsa\/660382\/ceo-publica-resultats-lultima-onada-del-barometre-2024\" target=\"_blank\" rel=\"noopener\"><span>el \u00faltimo estudio del Centro de Estudios de Opini\u00f3n (CEO)<\/span><\/a><span>, Esquerra y Junts logran entre el 29% y el 35% de los votos. Con la CUP y Alian\u00e7a Catalana, el porcentaje se situar\u00eda entre el 38% y el 48%. Si bien la cifra es significativa, el amplio abanico tambi\u00e9n refleja la\u00a0<\/span><strong><span>incertidumbre del momento<\/span><\/strong><span>. Si el techo actual es del 40%, la debilidad del movimiento se debe principalmente a la\u00a0<\/span><strong><span>fragmentaci\u00f3n pol\u00edtica y la falta de una estrategia unitaria<\/span><\/strong><span>: cuatro partidos y un feroz cainismo que mina cualquier posible cohesi\u00f3n.<\/span><\/p>\n<p><span>El problema del independentismo radica en\u00a0<\/span><strong><span>la ausencia de un proyecto claro<\/span><\/strong><span>. Entre la promesa de la independencia y la situaci\u00f3n actual, no hay m\u00e1s que consignas vagas y promesas incumplidas, como la \u201cconfrontaci\u00f3n con el Estado\u201d defendida por Puigdemont. Por otra parte, Esquerra se ha acomodado en una pol\u00edtica puramente autonomista, alineada con el gobierno de Pedro S\u00e1nchez, en la que siempre se presenta como un socio subalterno.<\/span><\/p>\n<p><span>Es comprensible, e incluso inteligente, que el independentismo catal\u00e1n no quiera seguir la v\u00eda de la confrontaci\u00f3n violenta o de la inestabilidad permanente. No encaja con el car\u00e1cter del pa\u00eds, ni con sus \u00e9lites econ\u00f3micas ni con la clase media. Pero esto no significa que no existan <\/span><strong><span>otras v\u00edas para avanzar<\/span><\/strong><span>.<\/span><\/p>\n<p><span>La relaci\u00f3n hist\u00f3rica entre ciertos sectores del nacionalismo catal\u00e1n y el sionismo podr\u00eda ser un ejemplo de c\u00f3mo una estrategia a largo plazo, basada en la\u00a0<\/span><strong><span>reconstrucci\u00f3n interna y la b\u00fasqueda de alianzas internacionales<\/span><\/strong><span>, puede eventualmente dar frutos, aunque tambi\u00e9n advierte que la independencia no siempre conduce a la paz y la estabilidad.<\/span><\/p>\n<p><span>Otro factor que debilita al independentismo es la desaparici\u00f3n del\u00a0<\/span><strong><span>catalanismo cultural y pol\u00edtico<\/span><\/strong><span>\u00a0que sol\u00eda ser la base de su fuerza. Hoy, incluso la televisi\u00f3n p\u00fablica -el principal medio de difusi\u00f3n cultural- est\u00e1 lejos de ofrecer un servicio plural que incluya a toda la comunidad catalanista; m\u00e1s bien, se ha convertido en un instrumento partidista, m\u00e1s cercano al sectarismo que a la inclusi\u00f3n.<\/span><\/p>\n<p><span>Sin ese sustrato cultural y sin familias que transmitan la identidad catalana, el independentismo corre el riesgo de convertirse en una ideolog\u00eda vac\u00eda, m\u00e1s enfocada en el pasado, y a menudo mal interpretado, que a construir un proyecto.<\/span><\/p>\n<p><span>Con una tasa de natalidad de 1,1 hijos por mujer -de las m\u00e1s bajas del mundo-, con el catal\u00e1n retrocediendo como lengua de uso social, y con una inmigraci\u00f3n creciente que parte de las \u00e9lites econ\u00f3micas favorecen,\u00a0<\/span><strong><span>el futuro del proyecto independentista se tambalea<\/span><\/strong><span>.<\/span><\/p>\n<p><span>La conclusi\u00f3n es que en Barcelona y en la Generalitat manda el PSC-PSOE: los partidos independentistas tambi\u00e9n deben responder por este escenario. Su problema, manifestaci\u00f3n de impotencia, es que no saben c\u00f3mo.<\/span><\/p>\n<div id=\"polls-264\" class=\"wp-polls\">\n\t<form id=\"polls_form_264\" class=\"wp-polls-form\" action=\"\/index.php\" method=\"post\">\n\t\t<p style=\"display: none;\"><input type=\"hidden\" id=\"poll_264_nonce\" name=\"wp-polls-nonce\" value=\"5a3f88a176\" \/><\/p>\n\t\t<p style=\"display: none;\"><input type=\"hidden\" name=\"poll_id\" value=\"264\" \/><\/p>\n\t\t<p style=\"text-align: center\"><strong>Segons el Centre d'Estudis d'Opini\u00f3 de la Generalitat el 60% dels ciutadans consideren que hi ha massa immigraci\u00f3. Illa considera que tot va b\u00e9. Qu\u00e8 en penses tu, hi ha massa immigraci\u00f3?<\/strong><\/p><div id=\"polls-264-ans\" class=\"wp-polls-ans\"><ul class=\"wp-polls-ul\">\n\t\t<li><input type=\"radio\" id=\"poll-answer-745\" name=\"poll_264\" value=\"745\" \/> <label for=\"poll-answer-745\">S\u00ed<\/label><\/li>\n\t\t<li><input type=\"radio\" id=\"poll-answer-746\" name=\"poll_264\" value=\"746\" \/> <label for=\"poll-answer-746\">No<\/label><\/li>\n\t\t<li><input type=\"radio\" id=\"poll-answer-747\" name=\"poll_264\" value=\"747\" \/> <label for=\"poll-answer-747\">No ho s\u00e9<\/label><\/li>\n\t\t<\/ul><p style=\"text-align: center\"><input type=\"button\" name=\"vote\" value=\"   Vota   \" class=\"Buttons\" onclick=\"poll_vote(264);\" \/><\/p><p style=\"text-align: center\"><a href=\"#ViewPollResults\" onclick=\"poll_result(264); return false;\" title=\"View Results Of This Poll\">Mira els resultats<\/a><\/p><\/div>\n\t<\/form>\n<\/div>\n<div id=\"polls-264-loading\" class=\"wp-polls-loading\"><img decoding=\"async\" data-src=\"https:\/\/conversesacatalunya.cat\/wp-content\/plugins\/wp-polls\/images\/loading.gif\" width=\"16\" height=\"16\" alt=\"Cargando ...\" title=\"Cargando ...\" class=\"wp-polls-image lazyload\" src=\"data:image\/svg+xml;base64,PHN2ZyB3aWR0aD0iMSIgaGVpZ2h0PSIxIiB4bWxucz0iaHR0cDovL3d3dy53My5vcmcvMjAwMC9zdmciPjwvc3ZnPg==\" style=\"--smush-placeholder-width: 16px; --smush-placeholder-aspect-ratio: 16\/16;\" \/>&nbsp;Cargando ...<\/div>\n\n","protected":false},"excerpt":{"rendered":"<p>El independentismo catal\u00e1n, tal y como se articula hoy en los principales partidos pol\u00edticos \u2014Junts por Catalunya, Esquerra Republicana y la CUP\u2014, atraviesa un momento de debilidad y desconcierto. El panorama no es esperanzador, y la llegada de nuevos actores, como Alian\u00e7a Catalana, que todav\u00eda es pronto para valorar, no parece suficiente para cambiar la tendencia. Pese al apoyo del\u00a040% del electorado, una cifra considerable si se concentrara en un \u00fanico objetivo, el movimiento independentista se muestra incapaz de capitalizar ese apoyo para gobernar la Generalitat o los principales ayuntamientos. Seg\u00fan\u00a0el \u00faltimo estudio del Centro de Estudios de Opini\u00f3n (CEO), Esquerra y Junts logran entre el 29% y el 35% de los votos. Con la CUP y Alian\u00e7a Catalana, el porcentaje se situar\u00eda entre el 38% y el 48%. Si bien la cifra es significativa, el amplio abanico tambi\u00e9n refleja la\u00a0incertidumbre del momento. Si el techo actual es del 40%, la debilidad del movimiento se debe principalmente a la\u00a0fragmentaci\u00f3n pol\u00edtica y la falta de una estrategia unitaria: cuatro partidos y un feroz cainismo que mina cualquier posible cohesi\u00f3n. El problema del independentismo radica en\u00a0la ausencia de un proyecto claro. Entre la promesa de la independencia y la situaci\u00f3n actual, no hay m\u00e1s que consignas vagas y promesas incumplidas, como la \u201cconfrontaci\u00f3n con el Estado\u201d defendida por Puigdemont. Por otra parte, Esquerra se ha acomodado en una pol\u00edtica puramente autonomista, alineada con el gobierno de Pedro S\u00e1nchez, en la que siempre se presenta como un socio subalterno. Es comprensible, e incluso inteligente, que el independentismo catal\u00e1n no quiera seguir la v\u00eda de la confrontaci\u00f3n violenta o de la inestabilidad permanente. No encaja con el car\u00e1cter del pa\u00eds, ni con sus \u00e9lites econ\u00f3micas ni con la clase media. Pero esto no significa que no existan otras v\u00edas para avanzar. La relaci\u00f3n hist\u00f3rica entre ciertos sectores del nacionalismo catal\u00e1n y el sionismo podr\u00eda ser un ejemplo de c\u00f3mo una estrategia a largo plazo, basada en la\u00a0reconstrucci\u00f3n interna y la b\u00fasqueda de alianzas internacionales, puede eventualmente dar frutos, aunque tambi\u00e9n advierte que la independencia no siempre conduce a la paz y la estabilidad. Otro factor que debilita al independentismo es la desaparici\u00f3n del\u00a0catalanismo cultural y pol\u00edtico\u00a0que sol\u00eda ser la base de su fuerza. Hoy, incluso la televisi\u00f3n p\u00fablica -el principal medio de difusi\u00f3n cultural- est\u00e1 lejos de ofrecer un servicio plural que incluya a toda la comunidad catalanista; m\u00e1s bien, se ha convertido en un instrumento partidista, m\u00e1s cercano al sectarismo que a la inclusi\u00f3n. Sin ese sustrato cultural y sin familias que transmitan la identidad catalana, el independentismo corre el riesgo de convertirse en una ideolog\u00eda vac\u00eda, m\u00e1s enfocada en el pasado, y a menudo mal interpretado, que a construir un proyecto. Con una tasa de natalidad de 1,1 hijos por mujer -de las m\u00e1s bajas del mundo-, con el catal\u00e1n retrocediendo como lengua de uso social, y con una inmigraci\u00f3n creciente que parte de las \u00e9lites econ\u00f3micas favorecen,\u00a0el futuro del proyecto independentista se tambalea. La conclusi\u00f3n es que en Barcelona y en la Generalitat manda el PSC-PSOE: los partidos independentistas tambi\u00e9n deben responder por este escenario. Su problema, manifestaci\u00f3n de impotencia, es que no saben c\u00f3mo.<\/p>\n","protected":false},"author":77,"featured_media":53313,"comment_status":"open","ping_status":"open","sticky":false,"template":"","format":"standard","meta":{"_FSMCFIC_featured_image_caption":"","_FSMCFIC_featured_image_nocaption":"","_FSMCFIC_featured_image_hide":"","footnotes":""},"categories":[806],"tags":[986],"class_list":["post-84044","post","type-post","status-publish","format-standard","has-post-thumbnail","hentry","category-punts-claus-del-dia-es","tag-independentismo-es"],"yoast_head":"<!-- This site is optimized with the Yoast SEO plugin v26.8 - https:\/\/yoast.com\/product\/yoast-seo-wordpress\/ -->\n<title>\u00bfPor qu\u00e9 el independentismo catal\u00e1n est\u00e1 en crisis? - Converses a Catalunya<\/title>\n<meta name=\"description\" content=\"An\u00e1lisis de las causas y consecuencias de la fragmentaci\u00f3n y la desorientaci\u00f3n en el independentismo catal\u00e1n actual\" \/>\n<meta name=\"robots\" content=\"index, follow, max-snippet:-1, max-image-preview:large, max-video-preview:-1\" \/>\n<link rel=\"canonical\" href=\"https:\/\/conversesacatalunya.cat\/es\/por-que-el-independentismo-catalan-esta-en-crisis\/\" \/>\n<meta property=\"og:locale\" content=\"es_ES\" \/>\n<meta property=\"og:type\" content=\"article\" \/>\n<meta property=\"og:title\" content=\"\u00bfPor qu\u00e9 el independentismo catal\u00e1n est\u00e1 en crisis? - Converses a Catalunya\" \/>\n<meta property=\"og:description\" content=\"An\u00e1lisis de las causas y consecuencias de la fragmentaci\u00f3n y la desorientaci\u00f3n en el independentismo catal\u00e1n actual\" \/>\n<meta property=\"og:url\" content=\"https:\/\/conversesacatalunya.cat\/es\/por-que-el-independentismo-catalan-esta-en-crisis\/\" \/>\n<meta property=\"og:site_name\" content=\"Converses a Catalunya\" \/>\n<meta property=\"article:published_time\" content=\"2024-11-29T09:37:39+00:00\" \/>\n<meta property=\"article:modified_time\" content=\"2024-11-29T10:45:21+00:00\" \/>\n<meta property=\"og:image\" content=\"https:\/\/conversesacatalunya.cat\/wp-content\/uploads\/2021\/12\/independentisme-1.jpg\" \/>\n\t<meta property=\"og:image:width\" content=\"750\" \/>\n\t<meta property=\"og:image:height\" content=\"420\" \/>\n\t<meta property=\"og:image:type\" content=\"image\/jpeg\" \/>\n<meta name=\"author\" content=\"Enric Casanovas\" \/>\n<meta name=\"twitter:card\" content=\"summary_large_image\" \/>\n<meta name=\"twitter:label1\" content=\"Escrito por\" \/>\n\t<meta name=\"twitter:data1\" content=\"Enric Casanovas\" \/>\n\t<meta name=\"twitter:label2\" content=\"Tiempo de lectura\" \/>\n\t<meta name=\"twitter:data2\" content=\"3 minutos\" \/>\n<script type=\"application\/ld+json\" class=\"yoast-schema-graph\">{\"@context\":\"https:\/\/schema.org\",\"@graph\":[{\"@type\":\"Article\",\"@id\":\"https:\/\/conversesacatalunya.cat\/es\/por-que-el-independentismo-catalan-esta-en-crisis\/#article\",\"isPartOf\":{\"@id\":\"https:\/\/conversesacatalunya.cat\/es\/por-que-el-independentismo-catalan-esta-en-crisis\/\"},\"author\":{\"name\":\"Enric Casanovas\",\"@id\":\"https:\/\/conversesacatalunya.cat\/#\/schema\/person\/79bd0577b2f3afc8d6519d207c6e8609\"},\"headline\":\"\u00bfPor qu\u00e9 el independentismo catal\u00e1n est\u00e1 en crisis?\",\"datePublished\":\"2024-11-29T09:37:39+00:00\",\"dateModified\":\"2024-11-29T10:45:21+00:00\",\"mainEntityOfPage\":{\"@id\":\"https:\/\/conversesacatalunya.cat\/es\/por-que-el-independentismo-catalan-esta-en-crisis\/\"},\"wordCount\":589,\"commentCount\":0,\"image\":{\"@id\":\"https:\/\/conversesacatalunya.cat\/es\/por-que-el-independentismo-catalan-esta-en-crisis\/#primaryimage\"},\"thumbnailUrl\":\"https:\/\/conversesacatalunya.cat\/wp-content\/uploads\/2021\/12\/independentisme-1.jpg\",\"keywords\":[\"Independentismo\"],\"articleSection\":[\"Punts clau del dia (ES)\"],\"inLanguage\":\"es\",\"potentialAction\":[{\"@type\":\"CommentAction\",\"name\":\"Comment\",\"target\":[\"https:\/\/conversesacatalunya.cat\/es\/por-que-el-independentismo-catalan-esta-en-crisis\/#respond\"]}]},{\"@type\":\"WebPage\",\"@id\":\"https:\/\/conversesacatalunya.cat\/es\/por-que-el-independentismo-catalan-esta-en-crisis\/\",\"url\":\"https:\/\/conversesacatalunya.cat\/es\/por-que-el-independentismo-catalan-esta-en-crisis\/\",\"name\":\"\u00bfPor qu\u00e9 el independentismo catal\u00e1n est\u00e1 en crisis? - Converses a Catalunya\",\"isPartOf\":{\"@id\":\"https:\/\/conversesacatalunya.cat\/#website\"},\"primaryImageOfPage\":{\"@id\":\"https:\/\/conversesacatalunya.cat\/es\/por-que-el-independentismo-catalan-esta-en-crisis\/#primaryimage\"},\"image\":{\"@id\":\"https:\/\/conversesacatalunya.cat\/es\/por-que-el-independentismo-catalan-esta-en-crisis\/#primaryimage\"},\"thumbnailUrl\":\"https:\/\/conversesacatalunya.cat\/wp-content\/uploads\/2021\/12\/independentisme-1.jpg\",\"datePublished\":\"2024-11-29T09:37:39+00:00\",\"dateModified\":\"2024-11-29T10:45:21+00:00\",\"author\":{\"@id\":\"https:\/\/conversesacatalunya.cat\/#\/schema\/person\/79bd0577b2f3afc8d6519d207c6e8609\"},\"description\":\"An\u00e1lisis de las causas y consecuencias de la fragmentaci\u00f3n y la desorientaci\u00f3n en el independentismo catal\u00e1n actual\",\"breadcrumb\":{\"@id\":\"https:\/\/conversesacatalunya.cat\/es\/por-que-el-independentismo-catalan-esta-en-crisis\/#breadcrumb\"},\"inLanguage\":\"es\",\"potentialAction\":[{\"@type\":\"ReadAction\",\"target\":[\"https:\/\/conversesacatalunya.cat\/es\/por-que-el-independentismo-catalan-esta-en-crisis\/\"]}]},{\"@type\":\"ImageObject\",\"inLanguage\":\"es\",\"@id\":\"https:\/\/conversesacatalunya.cat\/es\/por-que-el-independentismo-catalan-esta-en-crisis\/#primaryimage\",\"url\":\"https:\/\/conversesacatalunya.cat\/wp-content\/uploads\/2021\/12\/independentisme-1.jpg\",\"contentUrl\":\"https:\/\/conversesacatalunya.cat\/wp-content\/uploads\/2021\/12\/independentisme-1.jpg\",\"width\":750,\"height\":420,\"caption\":\"independentisme\"},{\"@type\":\"BreadcrumbList\",\"@id\":\"https:\/\/conversesacatalunya.cat\/es\/por-que-el-independentismo-catalan-esta-en-crisis\/#breadcrumb\",\"itemListElement\":[{\"@type\":\"ListItem\",\"position\":1,\"name\":\"Inici\",\"item\":\"https:\/\/conversesacatalunya.cat\/es\/\"},{\"@type\":\"ListItem\",\"position\":2,\"name\":\"\u00bfPor qu\u00e9 el independentismo catal\u00e1n est\u00e1 en crisis?\"}]},{\"@type\":\"WebSite\",\"@id\":\"https:\/\/conversesacatalunya.cat\/#website\",\"url\":\"https:\/\/conversesacatalunya.cat\/\",\"name\":\"Converses a Catalunya\",\"description\":\"\",\"potentialAction\":[{\"@type\":\"SearchAction\",\"target\":{\"@type\":\"EntryPoint\",\"urlTemplate\":\"https:\/\/conversesacatalunya.cat\/?s={search_term_string}\"},\"query-input\":{\"@type\":\"PropertyValueSpecification\",\"valueRequired\":true,\"valueName\":\"search_term_string\"}}],\"inLanguage\":\"es\"},{\"@type\":\"Person\",\"@id\":\"https:\/\/conversesacatalunya.cat\/#\/schema\/person\/79bd0577b2f3afc8d6519d207c6e8609\",\"name\":\"Enric Casanovas\",\"image\":{\"@type\":\"ImageObject\",\"inLanguage\":\"es\",\"@id\":\"https:\/\/conversesacatalunya.cat\/#\/schema\/person\/image\/\",\"url\":\"https:\/\/conversesacatalunya.cat\/wp-content\/litespeed\/avatar\/7ae4379ad4421ec77820e92afd36dd78.jpg?ver=1777373933\",\"contentUrl\":\"https:\/\/conversesacatalunya.cat\/wp-content\/litespeed\/avatar\/7ae4379ad4421ec77820e92afd36dd78.jpg?ver=1777373933\",\"caption\":\"Enric Casanovas\"},\"url\":\"https:\/\/conversesacatalunya.cat\/es\/author\/enric-casanovas\/\"}]}<\/script>\n<!-- \/ Yoast SEO plugin. -->","yoast_head_json":{"title":"\u00bfPor qu\u00e9 el independentismo catal\u00e1n est\u00e1 en crisis? - Converses a Catalunya","description":"An\u00e1lisis de las causas y consecuencias de la fragmentaci\u00f3n y la desorientaci\u00f3n en el independentismo catal\u00e1n actual","robots":{"index":"index","follow":"follow","max-snippet":"max-snippet:-1","max-image-preview":"max-image-preview:large","max-video-preview":"max-video-preview:-1"},"canonical":"https:\/\/conversesacatalunya.cat\/es\/por-que-el-independentismo-catalan-esta-en-crisis\/","og_locale":"es_ES","og_type":"article","og_title":"\u00bfPor qu\u00e9 el independentismo catal\u00e1n est\u00e1 en crisis? - Converses a Catalunya","og_description":"An\u00e1lisis de las causas y consecuencias de la fragmentaci\u00f3n y la desorientaci\u00f3n en el independentismo catal\u00e1n actual","og_url":"https:\/\/conversesacatalunya.cat\/es\/por-que-el-independentismo-catalan-esta-en-crisis\/","og_site_name":"Converses a Catalunya","article_published_time":"2024-11-29T09:37:39+00:00","article_modified_time":"2024-11-29T10:45:21+00:00","og_image":[{"width":750,"height":420,"url":"https:\/\/conversesacatalunya.cat\/wp-content\/uploads\/2021\/12\/independentisme-1.jpg","type":"image\/jpeg"}],"author":"Enric Casanovas","twitter_card":"summary_large_image","twitter_misc":{"Escrito por":"Enric Casanovas","Tiempo de lectura":"3 minutos"},"schema":{"@context":"https:\/\/schema.org","@graph":[{"@type":"Article","@id":"https:\/\/conversesacatalunya.cat\/es\/por-que-el-independentismo-catalan-esta-en-crisis\/#article","isPartOf":{"@id":"https:\/\/conversesacatalunya.cat\/es\/por-que-el-independentismo-catalan-esta-en-crisis\/"},"author":{"name":"Enric Casanovas","@id":"https:\/\/conversesacatalunya.cat\/#\/schema\/person\/79bd0577b2f3afc8d6519d207c6e8609"},"headline":"\u00bfPor qu\u00e9 el independentismo catal\u00e1n est\u00e1 en crisis?","datePublished":"2024-11-29T09:37:39+00:00","dateModified":"2024-11-29T10:45:21+00:00","mainEntityOfPage":{"@id":"https:\/\/conversesacatalunya.cat\/es\/por-que-el-independentismo-catalan-esta-en-crisis\/"},"wordCount":589,"commentCount":0,"image":{"@id":"https:\/\/conversesacatalunya.cat\/es\/por-que-el-independentismo-catalan-esta-en-crisis\/#primaryimage"},"thumbnailUrl":"https:\/\/conversesacatalunya.cat\/wp-content\/uploads\/2021\/12\/independentisme-1.jpg","keywords":["Independentismo"],"articleSection":["Punts clau del dia (ES)"],"inLanguage":"es","potentialAction":[{"@type":"CommentAction","name":"Comment","target":["https:\/\/conversesacatalunya.cat\/es\/por-que-el-independentismo-catalan-esta-en-crisis\/#respond"]}]},{"@type":"WebPage","@id":"https:\/\/conversesacatalunya.cat\/es\/por-que-el-independentismo-catalan-esta-en-crisis\/","url":"https:\/\/conversesacatalunya.cat\/es\/por-que-el-independentismo-catalan-esta-en-crisis\/","name":"\u00bfPor qu\u00e9 el independentismo catal\u00e1n est\u00e1 en crisis? - Converses a Catalunya","isPartOf":{"@id":"https:\/\/conversesacatalunya.cat\/#website"},"primaryImageOfPage":{"@id":"https:\/\/conversesacatalunya.cat\/es\/por-que-el-independentismo-catalan-esta-en-crisis\/#primaryimage"},"image":{"@id":"https:\/\/conversesacatalunya.cat\/es\/por-que-el-independentismo-catalan-esta-en-crisis\/#primaryimage"},"thumbnailUrl":"https:\/\/conversesacatalunya.cat\/wp-content\/uploads\/2021\/12\/independentisme-1.jpg","datePublished":"2024-11-29T09:37:39+00:00","dateModified":"2024-11-29T10:45:21+00:00","author":{"@id":"https:\/\/conversesacatalunya.cat\/#\/schema\/person\/79bd0577b2f3afc8d6519d207c6e8609"},"description":"An\u00e1lisis de las causas y consecuencias de la fragmentaci\u00f3n y la desorientaci\u00f3n en el independentismo catal\u00e1n actual","breadcrumb":{"@id":"https:\/\/conversesacatalunya.cat\/es\/por-que-el-independentismo-catalan-esta-en-crisis\/#breadcrumb"},"inLanguage":"es","potentialAction":[{"@type":"ReadAction","target":["https:\/\/conversesacatalunya.cat\/es\/por-que-el-independentismo-catalan-esta-en-crisis\/"]}]},{"@type":"ImageObject","inLanguage":"es","@id":"https:\/\/conversesacatalunya.cat\/es\/por-que-el-independentismo-catalan-esta-en-crisis\/#primaryimage","url":"https:\/\/conversesacatalunya.cat\/wp-content\/uploads\/2021\/12\/independentisme-1.jpg","contentUrl":"https:\/\/conversesacatalunya.cat\/wp-content\/uploads\/2021\/12\/independentisme-1.jpg","width":750,"height":420,"caption":"independentisme"},{"@type":"BreadcrumbList","@id":"https:\/\/conversesacatalunya.cat\/es\/por-que-el-independentismo-catalan-esta-en-crisis\/#breadcrumb","itemListElement":[{"@type":"ListItem","position":1,"name":"Inici","item":"https:\/\/conversesacatalunya.cat\/es\/"},{"@type":"ListItem","position":2,"name":"\u00bfPor qu\u00e9 el independentismo catal\u00e1n est\u00e1 en crisis?"}]},{"@type":"WebSite","@id":"https:\/\/conversesacatalunya.cat\/#website","url":"https:\/\/conversesacatalunya.cat\/","name":"Converses a Catalunya","description":"","potentialAction":[{"@type":"SearchAction","target":{"@type":"EntryPoint","urlTemplate":"https:\/\/conversesacatalunya.cat\/?s={search_term_string}"},"query-input":{"@type":"PropertyValueSpecification","valueRequired":true,"valueName":"search_term_string"}}],"inLanguage":"es"},{"@type":"Person","@id":"https:\/\/conversesacatalunya.cat\/#\/schema\/person\/79bd0577b2f3afc8d6519d207c6e8609","name":"Enric Casanovas","image":{"@type":"ImageObject","inLanguage":"es","@id":"https:\/\/conversesacatalunya.cat\/#\/schema\/person\/image\/","url":"https:\/\/conversesacatalunya.cat\/wp-content\/litespeed\/avatar\/7ae4379ad4421ec77820e92afd36dd78.jpg?ver=1777373933","contentUrl":"https:\/\/conversesacatalunya.cat\/wp-content\/litespeed\/avatar\/7ae4379ad4421ec77820e92afd36dd78.jpg?ver=1777373933","caption":"Enric Casanovas"},"url":"https:\/\/conversesacatalunya.cat\/es\/author\/enric-casanovas\/"}]}},"wps_subtitle":"An\u00e1lisis de las causas y consecuencias de la fragmentaci\u00f3n y la desorientaci\u00f3n en el independentismo catal\u00e1n actual","_links":{"self":[{"href":"https:\/\/conversesacatalunya.cat\/es\/wp-json\/wp\/v2\/posts\/84044","targetHints":{"allow":["GET"]}}],"collection":[{"href":"https:\/\/conversesacatalunya.cat\/es\/wp-json\/wp\/v2\/posts"}],"about":[{"href":"https:\/\/conversesacatalunya.cat\/es\/wp-json\/wp\/v2\/types\/post"}],"author":[{"embeddable":true,"href":"https:\/\/conversesacatalunya.cat\/es\/wp-json\/wp\/v2\/users\/77"}],"replies":[{"embeddable":true,"href":"https:\/\/conversesacatalunya.cat\/es\/wp-json\/wp\/v2\/comments?post=84044"}],"version-history":[{"count":2,"href":"https:\/\/conversesacatalunya.cat\/es\/wp-json\/wp\/v2\/posts\/84044\/revisions"}],"predecessor-version":[{"id":84046,"href":"https:\/\/conversesacatalunya.cat\/es\/wp-json\/wp\/v2\/posts\/84044\/revisions\/84046"}],"wp:featuredmedia":[{"embeddable":true,"href":"https:\/\/conversesacatalunya.cat\/es\/wp-json\/wp\/v2\/media\/53313"}],"wp:attachment":[{"href":"https:\/\/conversesacatalunya.cat\/es\/wp-json\/wp\/v2\/media?parent=84044"}],"wp:term":[{"taxonomy":"category","embeddable":true,"href":"https:\/\/conversesacatalunya.cat\/es\/wp-json\/wp\/v2\/categories?post=84044"},{"taxonomy":"post_tag","embeddable":true,"href":"https:\/\/conversesacatalunya.cat\/es\/wp-json\/wp\/v2\/tags?post=84044"}],"curies":[{"name":"wp","href":"https:\/\/api.w.org\/{rel}","templated":true}]}}