{"id":84020,"date":"2024-11-28T11:25:01","date_gmt":"2024-11-28T10:25:01","guid":{"rendered":"https:\/\/conversesacatalunya.cat\/la-dramatica-situacio-dels-nostres-compatriotes-que-viuen-al-carrer\/"},"modified":"2024-11-28T13:27:47","modified_gmt":"2024-11-28T12:27:47","slug":"la-dramatica-situacion-de-nuestros-compatriotas-que-viven-en-la-calle","status":"publish","type":"post","link":"https:\/\/conversesacatalunya.cat\/es\/la-dramatica-situacion-de-nuestros-compatriotas-que-viven-en-la-calle\/","title":{"rendered":"La dram\u00e1tica situaci\u00f3n de nuestros compatriotas que viven en la calle"},"content":{"rendered":"<h4><strong>La falta de un hogar, un drama humano<\/strong><\/h4>\n<p>La situaci\u00f3n m\u00e1s dram\u00e1tica que puede vivir una persona es la de no disponer de un hogar, una carencia que puede ser devastadora. No tener cuatro paredes donde refugiarse debe ser demoledor. para entenderlo. Por tanto, las personas que viven en estas condiciones extremas, estos compatriotas, deber\u00edan ser objeto de una atenci\u00f3n inmediata y efectiva por parte de los poderes p\u00fablicos implicados, que no son pocos ni disponen de pocos recursos: Generalitat, Ayuntamientos \u2014sobre todo el de Barcelona\u2014 y Diputaciones, no es as\u00ed, como puede verse por la\u00a0<strong>falta de acciones ante las iniciativas legislativas para abordar este problema<\/strong>. El Parlament de Catalunya no considera el sinhogarismo una prioridad.<\/p>\n<h4><strong>Una problem\u00e1tica f\u00e1cil de resolver<\/strong><\/h4>\n<p>A diferencia del problema general de la vivienda, que exige un gran esfuerzo y que a menudo se convierte en promesas de futuras viviendas que nunca llegan \u2014como las 50.000 viviendas prometidas por Illa\u2014, la situaci\u00f3n de los sin techo es de una dimensi\u00f3n mucho m\u00e1s modesta y, por tanto, es f\u00e1cil \u2014s\u00ed, f\u00e1cil\u2014 de resolver.<\/p>\n<h4><strong>Datos recientes sobre el sinhogarismo<\/strong><\/h4>\n<p>Seg\u00fan los \u00faltimos recuentos, en Barcelona hay 1.384 personas viviendo en la calle, la cifra m\u00e1s alta registrada hasta ahora, lo que supone un aumento del 12% respecto al a\u00f1o anterior. Si a\u00f1adimos aquellos que se acogen a recursos sociales para pasar la noche en centros municipales y de entidades, el total alcanza 4.504 personas. Adem\u00e1s, sabemos que 2.009 personas duermen en la calle en doce municipios (Barcelona, \u200b\u200bTarragona, Girona, Lleida, Hospitalet de Llobregat, Badalona, \u200b\u200bMatar\u00f3, Terrassa, Santa Coloma de Gramanet, Sant Adri\u00e0 de Bes\u00f2s, Sabadell y Reus). Estos doce municipios acogen al 44% de la poblaci\u00f3n catalana. En el resto de poblaciones, se calcula que hay entre 650 y 700 personas m\u00e1s viviendo en la calle, con distribuciones variables entre municipios como Lleida, Tarragona, Girona, Hospitalet o Badalona.<\/p>\n<h4><strong>Recuentos oficiales y datos territoriales<\/strong><\/h4>\n<p>El Parlament de Catalunya inst\u00f3 en el 2015 al Gobierno de la Generalitat a hacer recuentos cada dos a\u00f1os para obtener datos m\u00e1s precisos sobre el sinhogarismo en todo el territorio. Seg\u00fan el Marco de Acci\u00f3n para el abordaje del sinhogarismo en Catalu\u00f1a 2022-2025,\u00a0<strong>2.531 personas viven directamente en la calle<\/strong>. Adem\u00e1s, hay 25.108 personas que viven en viviendas inseguras, con problemas para pagar el alquiler, con una orden de desahucio, o que sufren situaciones de violencia dom\u00e9stica, y 22.622 personas que viven en viviendas inadecuadas o barracas, sin suministros b\u00e1sicos o en situaciones de masificaci\u00f3n.<\/p>\n<h4><strong>Soluciones con consenso<\/strong><\/h4>\n<p>En cuanto al problema m\u00e1s urgente, existe una soluci\u00f3n concreta que cuenta con un amplio consenso: desplegar la metodolog\u00eda del modelo\u00a0<a href=\"https:\/\/www.sjdserveissocials-bcn.org\/es\/housing-first-espanya\" target=\"_blank\" rel=\"noopener\"><em><strong>Housing First<\/strong><\/em><\/a> y avanzar hacia el derecho a la vivienda de las personas que viven en la calle o en centros de acogida. \u00c9sta y otras soluciones est\u00e1n contempladas en una propuesta de ley para el sinhogarismo en Catalu\u00f1a presentada por entidades sociales y acad\u00e9micas. No se aprob\u00f3 en la anterior legislatura y, al convocarse elecciones, la propuesta decay\u00f3. Ahora es necesario reactivarla, pero por eso es necesaria la voluntad pol\u00edtica del Gobierno Illa, que de momento no lo ha considerado una prioridad.<\/p>\n<h4><strong>Ineficiencia en la gesti\u00f3n p\u00fablica<\/strong><\/h4>\n<p>La cuesti\u00f3n, sin embargo, va m\u00e1s all\u00e1 de la legislaci\u00f3n, ya que tambi\u00e9n existe un desperdicio de recursos p\u00fablicos debido a los costes de transacci\u00f3n de las administraciones. Por cada 1.000 euros de ingreso en el presupuesto, una entidad como C\u00e1ritas obtiene entre 9 y 10 veces m\u00e1s resultados en t\u00e9rminos de prestaci\u00f3n final de servicios o ayudas econ\u00f3micas que la Generalitat o el Ayuntamiento. Por poner un ejemplo, la atenci\u00f3n de un menor no acompa\u00f1ado le cuesta a la Generalitat 178 euros al d\u00eda, m\u00e1s de 5.300 euros al mes, una cantidad enorme que, adem\u00e1s, no incluye los costes indirectos de los costes de transacci\u00f3n para hacer efectivo y controlar el contrato o convenio con la entidad prestamista. Con mucho menos dinero, y a trav\u00e9s de familias de acogida o entidades como C\u00e1ritas, se podr\u00eda obtener un mejor resultado.<\/p>\n<h4><strong>La necesidad de una gesti\u00f3n subsidiaria<\/strong><\/h4>\n<p>La administraci\u00f3n deber\u00eda limitarse en este campo a\u00a0<strong>proporcionar recursos a las entidades<\/strong>\u00a0con mayor experiencia probada, centr\u00e1ndose en las condiciones y su control, que deber\u00eda ser por objetivos: cu\u00e1ntas personas consiguen un lugar para vivir, en cu\u00e1les condiciones, cu\u00e1ntas siguen un itinerario de inserci\u00f3n, cu\u00e1ntas lo culminan, etc. Un buen marco normativo y una buena inspecci\u00f3n, dejando la ejecuci\u00f3n a aquellas entidades que realizan el trabajo con vocaci\u00f3n, podr\u00edan aplicar un modelo de subsidiariedad que permitir\u00eda reducir costes, llegar a m\u00e1s gente y ofrecer mejor calidad y resultados. Es necesario poner fin a la l\u00f3gica fat\u00eddica de la burocracia, que valora el trabajo no por los objetivos realmente alcanzados, sino por el presupuesto y el personal implicado.<\/p>\n<div id=\"polls-264\" class=\"wp-polls\">\n\t<form id=\"polls_form_264\" class=\"wp-polls-form\" action=\"\/index.php\" method=\"post\">\n\t\t<p style=\"display: none;\"><input type=\"hidden\" id=\"poll_264_nonce\" name=\"wp-polls-nonce\" value=\"67b73d364a\" \/><\/p>\n\t\t<p style=\"display: none;\"><input type=\"hidden\" name=\"poll_id\" value=\"264\" \/><\/p>\n\t\t<p style=\"text-align: center\"><strong>Segons el Centre d'Estudis d'Opini\u00f3 de la Generalitat el 60% dels ciutadans consideren que hi ha massa immigraci\u00f3. Illa considera que tot va b\u00e9. Qu\u00e8 en penses tu, hi ha massa immigraci\u00f3?<\/strong><\/p><div id=\"polls-264-ans\" class=\"wp-polls-ans\"><ul class=\"wp-polls-ul\">\n\t\t<li><input type=\"radio\" id=\"poll-answer-745\" name=\"poll_264\" value=\"745\" \/> <label for=\"poll-answer-745\">S\u00ed<\/label><\/li>\n\t\t<li><input type=\"radio\" id=\"poll-answer-746\" name=\"poll_264\" value=\"746\" \/> <label for=\"poll-answer-746\">No<\/label><\/li>\n\t\t<li><input type=\"radio\" id=\"poll-answer-747\" name=\"poll_264\" value=\"747\" \/> <label for=\"poll-answer-747\">No ho s\u00e9<\/label><\/li>\n\t\t<\/ul><p style=\"text-align: center\"><input type=\"button\" name=\"vote\" value=\"   Vota   \" class=\"Buttons\" onclick=\"poll_vote(264);\" \/><\/p><p style=\"text-align: center\"><a href=\"#ViewPollResults\" onclick=\"poll_result(264); return false;\" title=\"View Results Of This Poll\">Mira els resultats<\/a><\/p><\/div>\n\t<\/form>\n<\/div>\n<div id=\"polls-264-loading\" class=\"wp-polls-loading\"><img decoding=\"async\" data-src=\"https:\/\/conversesacatalunya.cat\/wp-content\/plugins\/wp-polls\/images\/loading.gif\" width=\"16\" height=\"16\" alt=\"Cargando ...\" title=\"Cargando ...\" class=\"wp-polls-image lazyload\" src=\"data:image\/svg+xml;base64,PHN2ZyB3aWR0aD0iMSIgaGVpZ2h0PSIxIiB4bWxucz0iaHR0cDovL3d3dy53My5vcmcvMjAwMC9zdmciPjwvc3ZnPg==\" style=\"--smush-placeholder-width: 16px; --smush-placeholder-aspect-ratio: 16\/16;\" \/>&nbsp;Cargando ...<\/div>\n\n","protected":false},"excerpt":{"rendered":"<p>La falta de un hogar, un drama humano La situaci\u00f3n m\u00e1s dram\u00e1tica que puede vivir una persona es la de no disponer de un hogar, una carencia que puede ser devastadora. No tener cuatro paredes donde refugiarse debe ser demoledor. para entenderlo. Por tanto, las personas que viven en estas condiciones extremas, estos compatriotas, deber\u00edan ser objeto de una atenci\u00f3n inmediata y efectiva por parte de los poderes p\u00fablicos implicados, que no son pocos ni disponen de pocos recursos: Generalitat, Ayuntamientos \u2014sobre todo el de Barcelona\u2014 y Diputaciones, no es as\u00ed, como puede verse por la\u00a0falta de acciones ante las iniciativas legislativas para abordar este problema. El Parlament de Catalunya no considera el sinhogarismo una prioridad. Una problem\u00e1tica f\u00e1cil de resolver A diferencia del problema general de la vivienda, que exige un gran esfuerzo y que a menudo se convierte en promesas de futuras viviendas que nunca llegan \u2014como las 50.000 viviendas prometidas por Illa\u2014, la situaci\u00f3n de los sin techo es de una dimensi\u00f3n mucho m\u00e1s modesta y, por tanto, es f\u00e1cil \u2014s\u00ed, f\u00e1cil\u2014 de resolver. Datos recientes sobre el sinhogarismo Seg\u00fan los \u00faltimos recuentos, en Barcelona hay 1.384 personas viviendo en la calle, la cifra m\u00e1s alta registrada hasta ahora, lo que supone un aumento del 12% respecto al a\u00f1o anterior. Si a\u00f1adimos aquellos que se acogen a recursos sociales para pasar la noche en centros municipales y de entidades, el total alcanza 4.504 personas. Adem\u00e1s, sabemos que 2.009 personas duermen en la calle en doce municipios (Barcelona, \u200b\u200bTarragona, Girona, Lleida, Hospitalet de Llobregat, Badalona, \u200b\u200bMatar\u00f3, Terrassa, Santa Coloma de Gramanet, Sant Adri\u00e0 de Bes\u00f2s, Sabadell y Reus). Estos doce municipios acogen al 44% de la poblaci\u00f3n catalana. En el resto de poblaciones, se calcula que hay entre 650 y 700 personas m\u00e1s viviendo en la calle, con distribuciones variables entre municipios como Lleida, Tarragona, Girona, Hospitalet o Badalona. Recuentos oficiales y datos territoriales El Parlament de Catalunya inst\u00f3 en el 2015 al Gobierno de la Generalitat a hacer recuentos cada dos a\u00f1os para obtener datos m\u00e1s precisos sobre el sinhogarismo en todo el territorio. Seg\u00fan el Marco de Acci\u00f3n para el abordaje del sinhogarismo en Catalu\u00f1a 2022-2025,\u00a02.531 personas viven directamente en la calle. Adem\u00e1s, hay 25.108 personas que viven en viviendas inseguras, con problemas para pagar el alquiler, con una orden de desahucio, o que sufren situaciones de violencia dom\u00e9stica, y 22.622 personas que viven en viviendas inadecuadas o barracas, sin suministros b\u00e1sicos o en situaciones de masificaci\u00f3n. Soluciones con consenso En cuanto al problema m\u00e1s urgente, existe una soluci\u00f3n concreta que cuenta con un amplio consenso: desplegar la metodolog\u00eda del modelo\u00a0Housing First y avanzar hacia el derecho a la vivienda de las personas que viven en la calle o en centros de acogida. \u00c9sta y otras soluciones est\u00e1n contempladas en una propuesta de ley para el sinhogarismo en Catalu\u00f1a presentada por entidades sociales y acad\u00e9micas. No se aprob\u00f3 en la anterior legislatura y, al convocarse elecciones, la propuesta decay\u00f3. Ahora es necesario reactivarla, pero por eso es necesaria la voluntad pol\u00edtica del Gobierno Illa, que de momento no lo ha considerado una prioridad. Ineficiencia en la gesti\u00f3n p\u00fablica La cuesti\u00f3n, sin embargo, va m\u00e1s all\u00e1 de la legislaci\u00f3n, ya que tambi\u00e9n existe un desperdicio de recursos p\u00fablicos debido a los costes de transacci\u00f3n de las administraciones. Por cada 1.000 euros de ingreso en el presupuesto, una entidad como C\u00e1ritas obtiene entre 9 y 10 veces m\u00e1s resultados en t\u00e9rminos de prestaci\u00f3n final de servicios o ayudas econ\u00f3micas que la Generalitat o el Ayuntamiento. Por poner un ejemplo, la atenci\u00f3n de un menor no acompa\u00f1ado le cuesta a la Generalitat 178 euros al d\u00eda, m\u00e1s de 5.300 euros al mes, una cantidad enorme que, adem\u00e1s, no incluye los costes indirectos de los costes de transacci\u00f3n para hacer efectivo y controlar el contrato o convenio con la entidad prestamista. Con mucho menos dinero, y a trav\u00e9s de familias de acogida o entidades como C\u00e1ritas, se podr\u00eda obtener un mejor resultado. La necesidad de una gesti\u00f3n subsidiaria La administraci\u00f3n deber\u00eda limitarse en este campo a\u00a0proporcionar recursos a las entidades\u00a0con mayor experiencia probada, centr\u00e1ndose en las condiciones y su control, que deber\u00eda ser por objetivos: cu\u00e1ntas personas consiguen un lugar para vivir, en cu\u00e1les condiciones, cu\u00e1ntas siguen un itinerario de inserci\u00f3n, cu\u00e1ntas lo culminan, etc. Un buen marco normativo y una buena inspecci\u00f3n, dejando la ejecuci\u00f3n a aquellas entidades que realizan el trabajo con vocaci\u00f3n, podr\u00edan aplicar un modelo de subsidiariedad que permitir\u00eda reducir costes, llegar a m\u00e1s gente y ofrecer mejor calidad y resultados. Es necesario poner fin a la l\u00f3gica fat\u00eddica de la burocracia, que valora el trabajo no por los objetivos realmente alcanzados, sino por el presupuesto y el personal implicado.<\/p>\n","protected":false},"author":19,"featured_media":84005,"comment_status":"open","ping_status":"open","sticky":false,"template":"","format":"standard","meta":{"_FSMCFIC_featured_image_caption":"","_FSMCFIC_featured_image_nocaption":"","_FSMCFIC_featured_image_hide":"","footnotes":""},"categories":[806],"tags":[984,1035],"class_list":["post-84020","post","type-post","status-publish","format-standard","has-post-thumbnail","hentry","category-punts-claus-del-dia-es","tag-pobreza","tag-vivienda"],"yoast_head":"<!-- This site is optimized with the Yoast SEO plugin v26.8 - https:\/\/yoast.com\/product\/yoast-seo-wordpress\/ -->\n<title>La dram\u00e1tica situaci\u00f3n de nuestros compatriotas que viven en la calle - Converses a Catalunya<\/title>\n<meta name=\"description\" content=\"Sinhogarismo en Catalu\u00f1a: una problem\u00e1tica urgente que requiere soluciones efectivas y una gesti\u00f3n eficiente\" \/>\n<meta name=\"robots\" content=\"index, follow, max-snippet:-1, max-image-preview:large, max-video-preview:-1\" \/>\n<link rel=\"canonical\" href=\"https:\/\/conversesacatalunya.cat\/es\/la-dramatica-situacion-de-nuestros-compatriotas-que-viven-en-la-calle\/\" \/>\n<meta property=\"og:locale\" content=\"es_ES\" \/>\n<meta property=\"og:type\" content=\"article\" \/>\n<meta property=\"og:title\" content=\"La dram\u00e1tica situaci\u00f3n de nuestros compatriotas que viven en la calle - Converses a Catalunya\" \/>\n<meta property=\"og:description\" content=\"Sinhogarismo en Catalu\u00f1a: una problem\u00e1tica urgente que requiere soluciones efectivas y una gesti\u00f3n eficiente\" \/>\n<meta property=\"og:url\" content=\"https:\/\/conversesacatalunya.cat\/es\/la-dramatica-situacion-de-nuestros-compatriotas-que-viven-en-la-calle\/\" \/>\n<meta property=\"og:site_name\" content=\"Converses a Catalunya\" \/>\n<meta property=\"article:published_time\" content=\"2024-11-28T10:25:01+00:00\" \/>\n<meta property=\"article:modified_time\" content=\"2024-11-28T12:27:47+00:00\" \/>\n<meta property=\"og:image\" content=\"https:\/\/conversesacatalunya.cat\/wp-content\/uploads\/2024\/11\/sensellarisme.jpg\" \/>\n\t<meta property=\"og:image:width\" content=\"642\" \/>\n\t<meta property=\"og:image:height\" content=\"485\" \/>\n\t<meta property=\"og:image:type\" content=\"image\/jpeg\" \/>\n<meta name=\"author\" content=\"Josep Mir\u00f3 i Ard\u00e8vol\" \/>\n<meta name=\"twitter:card\" content=\"summary_large_image\" \/>\n<meta name=\"twitter:label1\" content=\"Escrito por\" \/>\n\t<meta name=\"twitter:data1\" content=\"Josep Mir\u00f3 i Ard\u00e8vol\" \/>\n\t<meta name=\"twitter:label2\" content=\"Tiempo de lectura\" \/>\n\t<meta name=\"twitter:data2\" content=\"4 minutos\" \/>\n<script type=\"application\/ld+json\" class=\"yoast-schema-graph\">{\"@context\":\"https:\/\/schema.org\",\"@graph\":[{\"@type\":\"Article\",\"@id\":\"https:\/\/conversesacatalunya.cat\/es\/la-dramatica-situacion-de-nuestros-compatriotas-que-viven-en-la-calle\/#article\",\"isPartOf\":{\"@id\":\"https:\/\/conversesacatalunya.cat\/es\/la-dramatica-situacion-de-nuestros-compatriotas-que-viven-en-la-calle\/\"},\"author\":{\"name\":\"Josep Mir\u00f3 i Ard\u00e8vol\",\"@id\":\"https:\/\/conversesacatalunya.cat\/#\/schema\/person\/a9598a6786ba7d3d1c5e0de477b79370\"},\"headline\":\"La dram\u00e1tica situaci\u00f3n de nuestros compatriotas que viven en la calle\",\"datePublished\":\"2024-11-28T10:25:01+00:00\",\"dateModified\":\"2024-11-28T12:27:47+00:00\",\"mainEntityOfPage\":{\"@id\":\"https:\/\/conversesacatalunya.cat\/es\/la-dramatica-situacion-de-nuestros-compatriotas-que-viven-en-la-calle\/\"},\"wordCount\":864,\"commentCount\":0,\"image\":{\"@id\":\"https:\/\/conversesacatalunya.cat\/es\/la-dramatica-situacion-de-nuestros-compatriotas-que-viven-en-la-calle\/#primaryimage\"},\"thumbnailUrl\":\"https:\/\/conversesacatalunya.cat\/wp-content\/uploads\/2024\/11\/sensellarisme.jpg\",\"keywords\":[\"pobreza\",\"vivienda\"],\"articleSection\":[\"Punts clau del dia (ES)\"],\"inLanguage\":\"es\",\"potentialAction\":[{\"@type\":\"CommentAction\",\"name\":\"Comment\",\"target\":[\"https:\/\/conversesacatalunya.cat\/es\/la-dramatica-situacion-de-nuestros-compatriotas-que-viven-en-la-calle\/#respond\"]}]},{\"@type\":\"WebPage\",\"@id\":\"https:\/\/conversesacatalunya.cat\/es\/la-dramatica-situacion-de-nuestros-compatriotas-que-viven-en-la-calle\/\",\"url\":\"https:\/\/conversesacatalunya.cat\/es\/la-dramatica-situacion-de-nuestros-compatriotas-que-viven-en-la-calle\/\",\"name\":\"La dram\u00e1tica situaci\u00f3n de nuestros compatriotas que viven en la calle - Converses a Catalunya\",\"isPartOf\":{\"@id\":\"https:\/\/conversesacatalunya.cat\/#website\"},\"primaryImageOfPage\":{\"@id\":\"https:\/\/conversesacatalunya.cat\/es\/la-dramatica-situacion-de-nuestros-compatriotas-que-viven-en-la-calle\/#primaryimage\"},\"image\":{\"@id\":\"https:\/\/conversesacatalunya.cat\/es\/la-dramatica-situacion-de-nuestros-compatriotas-que-viven-en-la-calle\/#primaryimage\"},\"thumbnailUrl\":\"https:\/\/conversesacatalunya.cat\/wp-content\/uploads\/2024\/11\/sensellarisme.jpg\",\"datePublished\":\"2024-11-28T10:25:01+00:00\",\"dateModified\":\"2024-11-28T12:27:47+00:00\",\"author\":{\"@id\":\"https:\/\/conversesacatalunya.cat\/#\/schema\/person\/a9598a6786ba7d3d1c5e0de477b79370\"},\"description\":\"Sinhogarismo en Catalu\u00f1a: una problem\u00e1tica urgente que requiere soluciones efectivas y una gesti\u00f3n eficiente\",\"breadcrumb\":{\"@id\":\"https:\/\/conversesacatalunya.cat\/es\/la-dramatica-situacion-de-nuestros-compatriotas-que-viven-en-la-calle\/#breadcrumb\"},\"inLanguage\":\"es\",\"potentialAction\":[{\"@type\":\"ReadAction\",\"target\":[\"https:\/\/conversesacatalunya.cat\/es\/la-dramatica-situacion-de-nuestros-compatriotas-que-viven-en-la-calle\/\"]}]},{\"@type\":\"ImageObject\",\"inLanguage\":\"es\",\"@id\":\"https:\/\/conversesacatalunya.cat\/es\/la-dramatica-situacion-de-nuestros-compatriotas-que-viven-en-la-calle\/#primaryimage\",\"url\":\"https:\/\/conversesacatalunya.cat\/wp-content\/uploads\/2024\/11\/sensellarisme.jpg\",\"contentUrl\":\"https:\/\/conversesacatalunya.cat\/wp-content\/uploads\/2024\/11\/sensellarisme.jpg\",\"width\":642,\"height\":485,\"caption\":\"sensellarisme\"},{\"@type\":\"BreadcrumbList\",\"@id\":\"https:\/\/conversesacatalunya.cat\/es\/la-dramatica-situacion-de-nuestros-compatriotas-que-viven-en-la-calle\/#breadcrumb\",\"itemListElement\":[{\"@type\":\"ListItem\",\"position\":1,\"name\":\"Inici\",\"item\":\"https:\/\/conversesacatalunya.cat\/es\/\"},{\"@type\":\"ListItem\",\"position\":2,\"name\":\"La dram\u00e1tica situaci\u00f3n de nuestros compatriotas que viven en la calle\"}]},{\"@type\":\"WebSite\",\"@id\":\"https:\/\/conversesacatalunya.cat\/#website\",\"url\":\"https:\/\/conversesacatalunya.cat\/\",\"name\":\"Converses a Catalunya\",\"description\":\"\",\"potentialAction\":[{\"@type\":\"SearchAction\",\"target\":{\"@type\":\"EntryPoint\",\"urlTemplate\":\"https:\/\/conversesacatalunya.cat\/?s={search_term_string}\"},\"query-input\":{\"@type\":\"PropertyValueSpecification\",\"valueRequired\":true,\"valueName\":\"search_term_string\"}}],\"inLanguage\":\"es\"},{\"@type\":\"Person\",\"@id\":\"https:\/\/conversesacatalunya.cat\/#\/schema\/person\/a9598a6786ba7d3d1c5e0de477b79370\",\"name\":\"Josep Mir\u00f3 i Ard\u00e8vol\",\"image\":{\"@type\":\"ImageObject\",\"inLanguage\":\"es\",\"@id\":\"https:\/\/conversesacatalunya.cat\/#\/schema\/person\/image\/\",\"url\":\"https:\/\/conversesacatalunya.cat\/wp-content\/litespeed\/avatar\/c37e3dc881857483d6694cdf98fdedea.jpg?ver=1777270381\",\"contentUrl\":\"https:\/\/conversesacatalunya.cat\/wp-content\/litespeed\/avatar\/c37e3dc881857483d6694cdf98fdedea.jpg?ver=1777270381\",\"caption\":\"Josep Mir\u00f3 i Ard\u00e8vol\"},\"url\":\"https:\/\/conversesacatalunya.cat\/es\/author\/josep-miro-i-ardevol\/\"}]}<\/script>\n<!-- \/ Yoast SEO plugin. -->","yoast_head_json":{"title":"La dram\u00e1tica situaci\u00f3n de nuestros compatriotas que viven en la calle - Converses a Catalunya","description":"Sinhogarismo en Catalu\u00f1a: una problem\u00e1tica urgente que requiere soluciones efectivas y una gesti\u00f3n eficiente","robots":{"index":"index","follow":"follow","max-snippet":"max-snippet:-1","max-image-preview":"max-image-preview:large","max-video-preview":"max-video-preview:-1"},"canonical":"https:\/\/conversesacatalunya.cat\/es\/la-dramatica-situacion-de-nuestros-compatriotas-que-viven-en-la-calle\/","og_locale":"es_ES","og_type":"article","og_title":"La dram\u00e1tica situaci\u00f3n de nuestros compatriotas que viven en la calle - Converses a Catalunya","og_description":"Sinhogarismo en Catalu\u00f1a: una problem\u00e1tica urgente que requiere soluciones efectivas y una gesti\u00f3n eficiente","og_url":"https:\/\/conversesacatalunya.cat\/es\/la-dramatica-situacion-de-nuestros-compatriotas-que-viven-en-la-calle\/","og_site_name":"Converses a Catalunya","article_published_time":"2024-11-28T10:25:01+00:00","article_modified_time":"2024-11-28T12:27:47+00:00","og_image":[{"width":642,"height":485,"url":"https:\/\/conversesacatalunya.cat\/wp-content\/uploads\/2024\/11\/sensellarisme.jpg","type":"image\/jpeg"}],"author":"Josep Mir\u00f3 i Ard\u00e8vol","twitter_card":"summary_large_image","twitter_misc":{"Escrito por":"Josep Mir\u00f3 i Ard\u00e8vol","Tiempo de lectura":"4 minutos"},"schema":{"@context":"https:\/\/schema.org","@graph":[{"@type":"Article","@id":"https:\/\/conversesacatalunya.cat\/es\/la-dramatica-situacion-de-nuestros-compatriotas-que-viven-en-la-calle\/#article","isPartOf":{"@id":"https:\/\/conversesacatalunya.cat\/es\/la-dramatica-situacion-de-nuestros-compatriotas-que-viven-en-la-calle\/"},"author":{"name":"Josep Mir\u00f3 i Ard\u00e8vol","@id":"https:\/\/conversesacatalunya.cat\/#\/schema\/person\/a9598a6786ba7d3d1c5e0de477b79370"},"headline":"La dram\u00e1tica situaci\u00f3n de nuestros compatriotas que viven en la calle","datePublished":"2024-11-28T10:25:01+00:00","dateModified":"2024-11-28T12:27:47+00:00","mainEntityOfPage":{"@id":"https:\/\/conversesacatalunya.cat\/es\/la-dramatica-situacion-de-nuestros-compatriotas-que-viven-en-la-calle\/"},"wordCount":864,"commentCount":0,"image":{"@id":"https:\/\/conversesacatalunya.cat\/es\/la-dramatica-situacion-de-nuestros-compatriotas-que-viven-en-la-calle\/#primaryimage"},"thumbnailUrl":"https:\/\/conversesacatalunya.cat\/wp-content\/uploads\/2024\/11\/sensellarisme.jpg","keywords":["pobreza","vivienda"],"articleSection":["Punts clau del dia (ES)"],"inLanguage":"es","potentialAction":[{"@type":"CommentAction","name":"Comment","target":["https:\/\/conversesacatalunya.cat\/es\/la-dramatica-situacion-de-nuestros-compatriotas-que-viven-en-la-calle\/#respond"]}]},{"@type":"WebPage","@id":"https:\/\/conversesacatalunya.cat\/es\/la-dramatica-situacion-de-nuestros-compatriotas-que-viven-en-la-calle\/","url":"https:\/\/conversesacatalunya.cat\/es\/la-dramatica-situacion-de-nuestros-compatriotas-que-viven-en-la-calle\/","name":"La dram\u00e1tica situaci\u00f3n de nuestros compatriotas que viven en la calle - Converses a Catalunya","isPartOf":{"@id":"https:\/\/conversesacatalunya.cat\/#website"},"primaryImageOfPage":{"@id":"https:\/\/conversesacatalunya.cat\/es\/la-dramatica-situacion-de-nuestros-compatriotas-que-viven-en-la-calle\/#primaryimage"},"image":{"@id":"https:\/\/conversesacatalunya.cat\/es\/la-dramatica-situacion-de-nuestros-compatriotas-que-viven-en-la-calle\/#primaryimage"},"thumbnailUrl":"https:\/\/conversesacatalunya.cat\/wp-content\/uploads\/2024\/11\/sensellarisme.jpg","datePublished":"2024-11-28T10:25:01+00:00","dateModified":"2024-11-28T12:27:47+00:00","author":{"@id":"https:\/\/conversesacatalunya.cat\/#\/schema\/person\/a9598a6786ba7d3d1c5e0de477b79370"},"description":"Sinhogarismo en Catalu\u00f1a: una problem\u00e1tica urgente que requiere soluciones efectivas y una gesti\u00f3n eficiente","breadcrumb":{"@id":"https:\/\/conversesacatalunya.cat\/es\/la-dramatica-situacion-de-nuestros-compatriotas-que-viven-en-la-calle\/#breadcrumb"},"inLanguage":"es","potentialAction":[{"@type":"ReadAction","target":["https:\/\/conversesacatalunya.cat\/es\/la-dramatica-situacion-de-nuestros-compatriotas-que-viven-en-la-calle\/"]}]},{"@type":"ImageObject","inLanguage":"es","@id":"https:\/\/conversesacatalunya.cat\/es\/la-dramatica-situacion-de-nuestros-compatriotas-que-viven-en-la-calle\/#primaryimage","url":"https:\/\/conversesacatalunya.cat\/wp-content\/uploads\/2024\/11\/sensellarisme.jpg","contentUrl":"https:\/\/conversesacatalunya.cat\/wp-content\/uploads\/2024\/11\/sensellarisme.jpg","width":642,"height":485,"caption":"sensellarisme"},{"@type":"BreadcrumbList","@id":"https:\/\/conversesacatalunya.cat\/es\/la-dramatica-situacion-de-nuestros-compatriotas-que-viven-en-la-calle\/#breadcrumb","itemListElement":[{"@type":"ListItem","position":1,"name":"Inici","item":"https:\/\/conversesacatalunya.cat\/es\/"},{"@type":"ListItem","position":2,"name":"La dram\u00e1tica situaci\u00f3n de nuestros compatriotas que viven en la calle"}]},{"@type":"WebSite","@id":"https:\/\/conversesacatalunya.cat\/#website","url":"https:\/\/conversesacatalunya.cat\/","name":"Converses a Catalunya","description":"","potentialAction":[{"@type":"SearchAction","target":{"@type":"EntryPoint","urlTemplate":"https:\/\/conversesacatalunya.cat\/?s={search_term_string}"},"query-input":{"@type":"PropertyValueSpecification","valueRequired":true,"valueName":"search_term_string"}}],"inLanguage":"es"},{"@type":"Person","@id":"https:\/\/conversesacatalunya.cat\/#\/schema\/person\/a9598a6786ba7d3d1c5e0de477b79370","name":"Josep Mir\u00f3 i Ard\u00e8vol","image":{"@type":"ImageObject","inLanguage":"es","@id":"https:\/\/conversesacatalunya.cat\/#\/schema\/person\/image\/","url":"https:\/\/conversesacatalunya.cat\/wp-content\/litespeed\/avatar\/c37e3dc881857483d6694cdf98fdedea.jpg?ver=1777270381","contentUrl":"https:\/\/conversesacatalunya.cat\/wp-content\/litespeed\/avatar\/c37e3dc881857483d6694cdf98fdedea.jpg?ver=1777270381","caption":"Josep Mir\u00f3 i Ard\u00e8vol"},"url":"https:\/\/conversesacatalunya.cat\/es\/author\/josep-miro-i-ardevol\/"}]}},"wps_subtitle":"Sinhogarismo en Catalu\u00f1a: una problem\u00e1tica urgente que requiere soluciones efectivas y una gesti\u00f3n eficiente","_links":{"self":[{"href":"https:\/\/conversesacatalunya.cat\/es\/wp-json\/wp\/v2\/posts\/84020","targetHints":{"allow":["GET"]}}],"collection":[{"href":"https:\/\/conversesacatalunya.cat\/es\/wp-json\/wp\/v2\/posts"}],"about":[{"href":"https:\/\/conversesacatalunya.cat\/es\/wp-json\/wp\/v2\/types\/post"}],"author":[{"embeddable":true,"href":"https:\/\/conversesacatalunya.cat\/es\/wp-json\/wp\/v2\/users\/19"}],"replies":[{"embeddable":true,"href":"https:\/\/conversesacatalunya.cat\/es\/wp-json\/wp\/v2\/comments?post=84020"}],"version-history":[{"count":3,"href":"https:\/\/conversesacatalunya.cat\/es\/wp-json\/wp\/v2\/posts\/84020\/revisions"}],"predecessor-version":[{"id":84023,"href":"https:\/\/conversesacatalunya.cat\/es\/wp-json\/wp\/v2\/posts\/84020\/revisions\/84023"}],"wp:featuredmedia":[{"embeddable":true,"href":"https:\/\/conversesacatalunya.cat\/es\/wp-json\/wp\/v2\/media\/84005"}],"wp:attachment":[{"href":"https:\/\/conversesacatalunya.cat\/es\/wp-json\/wp\/v2\/media?parent=84020"}],"wp:term":[{"taxonomy":"category","embeddable":true,"href":"https:\/\/conversesacatalunya.cat\/es\/wp-json\/wp\/v2\/categories?post=84020"},{"taxonomy":"post_tag","embeddable":true,"href":"https:\/\/conversesacatalunya.cat\/es\/wp-json\/wp\/v2\/tags?post=84020"}],"curies":[{"name":"wp","href":"https:\/\/api.w.org\/{rel}","templated":true}]}}