{"id":84016,"date":"2024-11-28T11:34:48","date_gmt":"2024-11-28T10:34:48","guid":{"rendered":"https:\/\/conversesacatalunya.cat\/la-primera-enquesta-del-centre-dopinio-de-la-generalitat-no-porta-bones-noticies-per-a-lestablishment-politic\/"},"modified":"2024-11-28T12:55:17","modified_gmt":"2024-11-28T11:55:17","slug":"la-primera-encuesta-del-centro-de-opinion-de-la-generalitat-no-trae-buenas-noticias-para-el-establishment-politico","status":"publish","type":"post","link":"https:\/\/conversesacatalunya.cat\/es\/la-primera-encuesta-del-centro-de-opinion-de-la-generalitat-no-trae-buenas-noticias-para-el-establishment-politico\/","title":{"rendered":"La primera encuesta del Centro de Opini\u00f3n de la Generalitat no trae buenas noticias para el establishment pol\u00edtico"},"content":{"rendered":"<p><span>La encuesta se\u00f1ala un principio de desgaste para el gobierno de Salvador Illa, cuando apenas ha superado los 100 d\u00edas iniciales de gesti\u00f3n. La poblaci\u00f3n, al parecer, no parece reconocer el valor que los medios de comunicaci\u00f3n del\u00a0<\/span><em><span>establishment\u00a0<\/span><\/em><span>intentan transmitir cada d\u00eda sobre la tranquilidad que imprime la nueva gesti\u00f3n de la Generalitat, quiz\u00e1s porque algunos la confunden con la \u201cpaz de los cementerios\u201d.<\/span><\/p>\n<p><span>Sea como fuere,\u00a0<\/span><b><span>la encuesta otorga entre 39 y 42 esca\u00f1os al PSC<\/span><\/b><span>, lo que sugiere una posible p\u00e9rdida en comparaci\u00f3n con los 42 diputados actuales. Peor le va a Junts per Catalunya, que podr\u00eda perder entre 3 y 5 diputados de los que tiene actualmente, mientras que para Esquerra Republicana las trifulcas internas no parecen pasarle factura, ya que se mantiene en 20 esca\u00f1os e incluso podr\u00eda ganar uno m\u00e1s.<\/span><\/p>\n<p><span>El Partido Popular tambi\u00e9n se mantiene estable con sus 15 esca\u00f1os, mientras que Vox podr\u00eda quedarse con los 11 actuales o perder uno. Por otro lado, En Com\u00fa Podem, liderado por J\u00e9ssica Albiach, no conseguir\u00eda salir de la marginalidad de sus 6 esca\u00f1os, aunque podr\u00eda sumar uno m\u00e1s.<\/span><\/p>\n<p><span>\u00bfD\u00f3nde se producen las modificaciones importantes?\u00a0<\/span><strong><span>En los extremos<\/span><\/strong><span>. La CUP passaria de 4 a 6 esca\u00f1os, mejorando en un 50% sus resultados, y todav\u00eda m\u00e1s notable es el avance de Alian\u00e7a Catalana, liderada por S\u00edlvia Orriols, que podr\u00eda conseguir entre 6 y 7 diputats a partir de los dos actuales.<\/span><\/p>\n<p><span>La mayor\u00eda absoluta en el Parlamento se sit\u00faa en 68 diputados, y\u00a0<\/span><b><span>la coalici\u00f3n que dio la presidencia a Illa parece encontrarse en peligro<\/span><\/b><span>. Esta p\u00e9rdida de posiciones de Junts coincide en el tiempo con el reconocimiento de que el gobierno espa\u00f1ol traspasar\u00e1 competencias en inmigraci\u00f3n. La diferencia respecto a lo anunciado no es menor: Junts afirmaba que ser\u00eda un traspaso integral de todas las competencias del Estado mediante la v\u00eda directa del art\u00edculo 150.2 de la Constituci\u00f3n. Esto fue lo que acordaron Santos Cerd\u00e1n y Puigdemont para que los diputados de Junts apoyaran a Pedro S\u00e1nchez.<\/span><\/p>\n<p><span>Sin embargo, los meses han pasado y ahora parece que antes de terminar el a\u00f1o esta cuesti\u00f3n quedar\u00e1 resuelta. No est\u00e1 claro si realmente lo que afirma Junts ser\u00e1 lo que se traspasar\u00e1:\u00a0<\/span><strong><span>pr\u00e1cticamente todo salvo el control fronterizo<\/span><\/strong><span>, pero con derecho y posibilidades factuales de regular la cantidad de inmigrantes en Catalunya. En pocas semanas se resolver\u00e1 la incertidumbre y veremos si Puigdemont y su partido logran apuntarse un \u00e9xito en este terreno, algo que necesitan desesperadamente, ya que los datos muestran que existe un traspaso de votos entre Junts y Alian\u00e7a Catalana.<\/span><\/p>\n<p><span>De hecho,\u00a0<\/span><b><span>los dos mayores partidos independentistas<\/span><\/b><span>\u00a0necesitan desesperadamente que se cumplan los acuerdos que afirman haber pactado, aunque ahora el beneficiario sea el Partido Socialista que gobierna en Espa\u00f1a. Es probable que el gobierno de S\u00e1nchez haga un uso de las nuevas competencias en l\u00ednea con sus propios intereses, pero esto no quita que la dimensi\u00f3n competencial haya crecido.<\/span><\/p>\n<p><span>Esquerra Republicana tambi\u00e9n necesita que se demuestre que el pacto que entreg\u00f3 la presidencia al candidato socialista sobre el\u00a0<\/span><b><span>nuevo sistema de financiaci\u00f3n<\/span><\/b><span>\u00a0se acerque a una suerte de concierto fiscal atenuado. Si esto es as\u00ed, Esquerra podr\u00e1 sacar pecho y esperar un rendimiento electoral; si resulta ser un nuevo \u00abparte de las monta\u00f1as\u00bb, la crisis de Esquerra se profundizar\u00e1.<\/span><\/p>\n<p><span>En este mismo sentido est\u00e1 la competencia por el\u00a0<\/span><strong><span>traspaso de\u00a0<\/span><\/strong><b><span>Cercan\u00edas<\/span><\/b><span>, que deber\u00eda hacerse efectiva el pr\u00f3ximo a\u00f1o y que, de momento, s\u00f3lo tiene comisiones de trabajo. El papel del actual presidente de la Generalitat en este proceso ser\u00e1 determinante, como ha demostrado el caso vasco, el gran beneficiado por el gobierno de S\u00e1nchez gracias a la acci\u00f3n bien coordinada entre su grupo en el Congreso y el gobierno de Vitoria. De hecho, Pa\u00eds Vasco ha a\u00f1adido algo m\u00e1s a sus competencias, sobre todo en el \u00e1mbito del concierto econ\u00f3mico, que dispone de un cupo extraordinariamente favorable. Esto significa que el independentismo vasco ha pasado a un segundo plano, superado por una estrategia m\u00e1s pr\u00e1ctica y rentable.<\/span><\/p>\n<p><span>No se trata ya de separarse del Estado espa\u00f1ol, sino de hacer desaparecer su presencia pr\u00e1ctica en el Pa\u00eds Vasco, donde casi todas las funciones son ejercidas por el propio gobierno regional, lo que le convierte en una especie de\u00a0<\/span><b><span>confederaci\u00f3n de facto,<\/span><\/b><span>\u00a0\u00a0m\u00e1s all\u00e1 de un simple contrato federal.<\/span><\/p>\n<p><span>Por ejemplo, en los actuales y controvertidos impuestos sobre la banca y las empresas energ\u00e9ticas, si finalmente se aplican a causa del acuerdo con Podemos, la situaci\u00f3n es muy distinta en Catalu\u00f1a que en el Pa\u00eds Vasco. En el Pa\u00eds Vasco, quien recauda estos impuestos es Hacienda vasca, que puede devolverlos bajo diversas f\u00f3rmulas consideradas convenientes. Por tanto, ni el Banco Bilbao Vizcaya Argentaria (BBVA) ni las energ\u00e9ticas vascas tendr\u00e1n que temer los efectos de esta sobrecarga fiscal, lo que no se podr\u00e1 decir en el caso de CaixaBank, que es la entidad m\u00e1s afectada a causa de las caracter\u00edsticas de su negocio.<\/span><\/p>\n<p><span>El independentismo catal\u00e1n sigue predicando el horizonte independentista, pero actuando en la pr\u00e1ctica dentro del marco auton\u00f3mico y con una estrecha alianza con el gobierno espa\u00f1ol, aunque\u00a0<\/span><b><span>sin conseguir las contrapartidas que s\u00ed ha logrado el gobierno vasco<\/span><\/b><span>. Pedro S\u00e1nchez no es ajeno a este principio de confederaci\u00f3n parcial de Espa\u00f1a, que comienza en el Pa\u00eds Vasco y est\u00e1 por ver si se extender\u00e1 a Catalu\u00f1a.<\/span><\/p>\n<p><span>No es algo menor que precisamente\u00a0<\/span><b><span>Catalu\u00f1a constituya el \u00faltimo baluarte territorial del PSOE<\/span><\/b><span>, ya que en el resto de Espa\u00f1a sus gobiernos auton\u00f3micos son escasos y sus gobiernos municipales no cuentan con muchas capitales importantes. Solo Catalu\u00f1a, con la Generalitat y el Ayuntamiento de Barcelona, \u200b\u200bgracias al apoyo del PP, y la Diputaci\u00f3, presentan un bagaje territorial de gran relevancia.<\/span><\/p>\n<p><span>Sobre estas coordenadas se mover\u00e1 la pol\u00edtica catalana a principios de 2025.<\/span><\/p>\n<div id=\"polls-264\" class=\"wp-polls\">\n\t<form id=\"polls_form_264\" class=\"wp-polls-form\" action=\"\/index.php\" method=\"post\">\n\t\t<p style=\"display: none;\"><input type=\"hidden\" id=\"poll_264_nonce\" name=\"wp-polls-nonce\" value=\"1c5046d2a9\" \/><\/p>\n\t\t<p style=\"display: none;\"><input type=\"hidden\" name=\"poll_id\" value=\"264\" \/><\/p>\n\t\t<p style=\"text-align: center\"><strong>Segons el Centre d'Estudis d'Opini\u00f3 de la Generalitat el 60% dels ciutadans consideren que hi ha massa immigraci\u00f3. Illa considera que tot va b\u00e9. Qu\u00e8 en penses tu, hi ha massa immigraci\u00f3?<\/strong><\/p><div id=\"polls-264-ans\" class=\"wp-polls-ans\"><ul class=\"wp-polls-ul\">\n\t\t<li><input type=\"radio\" id=\"poll-answer-745\" name=\"poll_264\" value=\"745\" \/> <label for=\"poll-answer-745\">S\u00ed<\/label><\/li>\n\t\t<li><input type=\"radio\" id=\"poll-answer-746\" name=\"poll_264\" value=\"746\" \/> <label for=\"poll-answer-746\">No<\/label><\/li>\n\t\t<li><input type=\"radio\" id=\"poll-answer-747\" name=\"poll_264\" value=\"747\" \/> <label for=\"poll-answer-747\">No ho s\u00e9<\/label><\/li>\n\t\t<\/ul><p style=\"text-align: center\"><input type=\"button\" name=\"vote\" value=\"   Vota   \" class=\"Buttons\" onclick=\"poll_vote(264);\" \/><\/p><p style=\"text-align: center\"><a href=\"#ViewPollResults\" onclick=\"poll_result(264); return false;\" title=\"View Results Of This Poll\">Mira els resultats<\/a><\/p><\/div>\n\t<\/form>\n<\/div>\n<div id=\"polls-264-loading\" class=\"wp-polls-loading\"><img decoding=\"async\" data-src=\"https:\/\/conversesacatalunya.cat\/wp-content\/plugins\/wp-polls\/images\/loading.gif\" width=\"16\" height=\"16\" alt=\"Cargando ...\" title=\"Cargando ...\" class=\"wp-polls-image lazyload\" src=\"data:image\/svg+xml;base64,PHN2ZyB3aWR0aD0iMSIgaGVpZ2h0PSIxIiB4bWxucz0iaHR0cDovL3d3dy53My5vcmcvMjAwMC9zdmciPjwvc3ZnPg==\" style=\"--smush-placeholder-width: 16px; --smush-placeholder-aspect-ratio: 16\/16;\" \/>&nbsp;Cargando ...<\/div>\n\n","protected":false},"excerpt":{"rendered":"<p>La encuesta se\u00f1ala un principio de desgaste para el gobierno de Salvador Illa, cuando apenas ha superado los 100 d\u00edas iniciales de gesti\u00f3n. La poblaci\u00f3n, al parecer, no parece reconocer el valor que los medios de comunicaci\u00f3n del\u00a0establishment\u00a0intentan transmitir cada d\u00eda sobre la tranquilidad que imprime la nueva gesti\u00f3n de la Generalitat, quiz\u00e1s porque algunos la confunden con la \u201cpaz de los cementerios\u201d. Sea como fuere,\u00a0la encuesta otorga entre 39 y 42 esca\u00f1os al PSC, lo que sugiere una posible p\u00e9rdida en comparaci\u00f3n con los 42 diputados actuales. Peor le va a Junts per Catalunya, que podr\u00eda perder entre 3 y 5 diputados de los que tiene actualmente, mientras que para Esquerra Republicana las trifulcas internas no parecen pasarle factura, ya que se mantiene en 20 esca\u00f1os e incluso podr\u00eda ganar uno m\u00e1s. El Partido Popular tambi\u00e9n se mantiene estable con sus 15 esca\u00f1os, mientras que Vox podr\u00eda quedarse con los 11 actuales o perder uno. Por otro lado, En Com\u00fa Podem, liderado por J\u00e9ssica Albiach, no conseguir\u00eda salir de la marginalidad de sus 6 esca\u00f1os, aunque podr\u00eda sumar uno m\u00e1s. \u00bfD\u00f3nde se producen las modificaciones importantes?\u00a0En los extremos. La CUP passaria de 4 a 6 esca\u00f1os, mejorando en un 50% sus resultados, y todav\u00eda m\u00e1s notable es el avance de Alian\u00e7a Catalana, liderada por S\u00edlvia Orriols, que podr\u00eda conseguir entre 6 y 7 diputats a partir de los dos actuales. La mayor\u00eda absoluta en el Parlamento se sit\u00faa en 68 diputados, y\u00a0la coalici\u00f3n que dio la presidencia a Illa parece encontrarse en peligro. Esta p\u00e9rdida de posiciones de Junts coincide en el tiempo con el reconocimiento de que el gobierno espa\u00f1ol traspasar\u00e1 competencias en inmigraci\u00f3n. La diferencia respecto a lo anunciado no es menor: Junts afirmaba que ser\u00eda un traspaso integral de todas las competencias del Estado mediante la v\u00eda directa del art\u00edculo 150.2 de la Constituci\u00f3n. Esto fue lo que acordaron Santos Cerd\u00e1n y Puigdemont para que los diputados de Junts apoyaran a Pedro S\u00e1nchez. Sin embargo, los meses han pasado y ahora parece que antes de terminar el a\u00f1o esta cuesti\u00f3n quedar\u00e1 resuelta. No est\u00e1 claro si realmente lo que afirma Junts ser\u00e1 lo que se traspasar\u00e1:\u00a0pr\u00e1cticamente todo salvo el control fronterizo, pero con derecho y posibilidades factuales de regular la cantidad de inmigrantes en Catalunya. En pocas semanas se resolver\u00e1 la incertidumbre y veremos si Puigdemont y su partido logran apuntarse un \u00e9xito en este terreno, algo que necesitan desesperadamente, ya que los datos muestran que existe un traspaso de votos entre Junts y Alian\u00e7a Catalana. De hecho,\u00a0los dos mayores partidos independentistas\u00a0necesitan desesperadamente que se cumplan los acuerdos que afirman haber pactado, aunque ahora el beneficiario sea el Partido Socialista que gobierna en Espa\u00f1a. Es probable que el gobierno de S\u00e1nchez haga un uso de las nuevas competencias en l\u00ednea con sus propios intereses, pero esto no quita que la dimensi\u00f3n competencial haya crecido. Esquerra Republicana tambi\u00e9n necesita que se demuestre que el pacto que entreg\u00f3 la presidencia al candidato socialista sobre el\u00a0nuevo sistema de financiaci\u00f3n\u00a0se acerque a una suerte de concierto fiscal atenuado. Si esto es as\u00ed, Esquerra podr\u00e1 sacar pecho y esperar un rendimiento electoral; si resulta ser un nuevo \u00abparte de las monta\u00f1as\u00bb, la crisis de Esquerra se profundizar\u00e1. En este mismo sentido est\u00e1 la competencia por el\u00a0traspaso de\u00a0Cercan\u00edas, que deber\u00eda hacerse efectiva el pr\u00f3ximo a\u00f1o y que, de momento, s\u00f3lo tiene comisiones de trabajo. El papel del actual presidente de la Generalitat en este proceso ser\u00e1 determinante, como ha demostrado el caso vasco, el gran beneficiado por el gobierno de S\u00e1nchez gracias a la acci\u00f3n bien coordinada entre su grupo en el Congreso y el gobierno de Vitoria. De hecho, Pa\u00eds Vasco ha a\u00f1adido algo m\u00e1s a sus competencias, sobre todo en el \u00e1mbito del concierto econ\u00f3mico, que dispone de un cupo extraordinariamente favorable. Esto significa que el independentismo vasco ha pasado a un segundo plano, superado por una estrategia m\u00e1s pr\u00e1ctica y rentable. No se trata ya de separarse del Estado espa\u00f1ol, sino de hacer desaparecer su presencia pr\u00e1ctica en el Pa\u00eds Vasco, donde casi todas las funciones son ejercidas por el propio gobierno regional, lo que le convierte en una especie de\u00a0confederaci\u00f3n de facto,\u00a0\u00a0m\u00e1s all\u00e1 de un simple contrato federal. Por ejemplo, en los actuales y controvertidos impuestos sobre la banca y las empresas energ\u00e9ticas, si finalmente se aplican a causa del acuerdo con Podemos, la situaci\u00f3n es muy distinta en Catalu\u00f1a que en el Pa\u00eds Vasco. En el Pa\u00eds Vasco, quien recauda estos impuestos es Hacienda vasca, que puede devolverlos bajo diversas f\u00f3rmulas consideradas convenientes. Por tanto, ni el Banco Bilbao Vizcaya Argentaria (BBVA) ni las energ\u00e9ticas vascas tendr\u00e1n que temer los efectos de esta sobrecarga fiscal, lo que no se podr\u00e1 decir en el caso de CaixaBank, que es la entidad m\u00e1s afectada a causa de las caracter\u00edsticas de su negocio. El independentismo catal\u00e1n sigue predicando el horizonte independentista, pero actuando en la pr\u00e1ctica dentro del marco auton\u00f3mico y con una estrecha alianza con el gobierno espa\u00f1ol, aunque\u00a0sin conseguir las contrapartidas que s\u00ed ha logrado el gobierno vasco. Pedro S\u00e1nchez no es ajeno a este principio de confederaci\u00f3n parcial de Espa\u00f1a, que comienza en el Pa\u00eds Vasco y est\u00e1 por ver si se extender\u00e1 a Catalu\u00f1a. No es algo menor que precisamente\u00a0Catalu\u00f1a constituya el \u00faltimo baluarte territorial del PSOE, ya que en el resto de Espa\u00f1a sus gobiernos auton\u00f3micos son escasos y sus gobiernos municipales no cuentan con muchas capitales importantes. Solo Catalu\u00f1a, con la Generalitat y el Ayuntamiento de Barcelona, \u200b\u200bgracias al apoyo del PP, y la Diputaci\u00f3, presentan un bagaje territorial de gran relevancia. Sobre estas coordenadas se mover\u00e1 la pol\u00edtica catalana a principios de 2025.<\/p>\n","protected":false},"author":77,"featured_media":84009,"comment_status":"open","ping_status":"open","sticky":false,"template":"","format":"standard","meta":{"_FSMCFIC_featured_image_caption":"","_FSMCFIC_featured_image_nocaption":"","_FSMCFIC_featured_image_hide":"","footnotes":""},"categories":[806],"tags":[1065],"class_list":["post-84016","post","type-post","status-publish","format-standard","has-post-thumbnail","hentry","category-punts-claus-del-dia-es","tag-encuestas"],"yoast_head":"<!-- This site is optimized with the Yoast SEO plugin v26.8 - https:\/\/yoast.com\/product\/yoast-seo-wordpress\/ -->\n<title>La primera encuesta del Centro de Opini\u00f3n de la Generalitat no trae buenas noticias para el establishment pol\u00edtico - Converses a Catalunya<\/title>\n<meta name=\"robots\" content=\"index, follow, max-snippet:-1, max-image-preview:large, max-video-preview:-1\" \/>\n<link rel=\"canonical\" href=\"https:\/\/conversesacatalunya.cat\/es\/la-primera-encuesta-del-centro-de-opinion-de-la-generalitat-no-trae-buenas-noticias-para-el-establishment-politico\/\" \/>\n<meta property=\"og:locale\" content=\"es_ES\" \/>\n<meta property=\"og:type\" content=\"article\" \/>\n<meta property=\"og:title\" content=\"La primera encuesta del Centro de Opini\u00f3n de la Generalitat no trae buenas noticias para el establishment pol\u00edtico - Converses a Catalunya\" \/>\n<meta property=\"og:description\" content=\"La encuesta se\u00f1ala un principio de desgaste para el gobierno de Salvador Illa, cuando apenas ha superado los 100 d\u00edas iniciales de gesti\u00f3n. La poblaci\u00f3n, al parecer, no parece reconocer el valor que los medios de comunicaci\u00f3n del\u00a0establishment\u00a0intentan transmitir cada d\u00eda sobre la tranquilidad que imprime la nueva gesti\u00f3n de la Generalitat, quiz\u00e1s porque algunos la confunden con la \u201cpaz de los cementerios\u201d. Sea como fuere,\u00a0la encuesta otorga entre 39 y 42 esca\u00f1os al PSC, lo que sugiere una posible p\u00e9rdida en comparaci\u00f3n con los 42 diputados actuales. Peor le va a Junts per Catalunya, que podr\u00eda perder entre 3 y 5 diputados de los que tiene actualmente, mientras que para Esquerra Republicana las trifulcas internas no parecen pasarle factura, ya que se mantiene en 20 esca\u00f1os e incluso podr\u00eda ganar uno m\u00e1s. El Partido Popular tambi\u00e9n se mantiene estable con sus 15 esca\u00f1os, mientras que Vox podr\u00eda quedarse con los 11 actuales o perder uno. Por otro lado, En Com\u00fa Podem, liderado por J\u00e9ssica Albiach, no conseguir\u00eda salir de la marginalidad de sus 6 esca\u00f1os, aunque podr\u00eda sumar uno m\u00e1s. \u00bfD\u00f3nde se producen las modificaciones importantes?\u00a0En los extremos. La CUP passaria de 4 a 6 esca\u00f1os, mejorando en un 50% sus resultados, y todav\u00eda m\u00e1s notable es el avance de Alian\u00e7a Catalana, liderada por S\u00edlvia Orriols, que podr\u00eda conseguir entre 6 y 7 diputats a partir de los dos actuales. La mayor\u00eda absoluta en el Parlamento se sit\u00faa en 68 diputados, y\u00a0la coalici\u00f3n que dio la presidencia a Illa parece encontrarse en peligro. Esta p\u00e9rdida de posiciones de Junts coincide en el tiempo con el reconocimiento de que el gobierno espa\u00f1ol traspasar\u00e1 competencias en inmigraci\u00f3n. La diferencia respecto a lo anunciado no es menor: Junts afirmaba que ser\u00eda un traspaso integral de todas las competencias del Estado mediante la v\u00eda directa del art\u00edculo 150.2 de la Constituci\u00f3n. Esto fue lo que acordaron Santos Cerd\u00e1n y Puigdemont para que los diputados de Junts apoyaran a Pedro S\u00e1nchez. Sin embargo, los meses han pasado y ahora parece que antes de terminar el a\u00f1o esta cuesti\u00f3n quedar\u00e1 resuelta. No est\u00e1 claro si realmente lo que afirma Junts ser\u00e1 lo que se traspasar\u00e1:\u00a0pr\u00e1cticamente todo salvo el control fronterizo, pero con derecho y posibilidades factuales de regular la cantidad de inmigrantes en Catalunya. En pocas semanas se resolver\u00e1 la incertidumbre y veremos si Puigdemont y su partido logran apuntarse un \u00e9xito en este terreno, algo que necesitan desesperadamente, ya que los datos muestran que existe un traspaso de votos entre Junts y Alian\u00e7a Catalana. De hecho,\u00a0los dos mayores partidos independentistas\u00a0necesitan desesperadamente que se cumplan los acuerdos que afirman haber pactado, aunque ahora el beneficiario sea el Partido Socialista que gobierna en Espa\u00f1a. Es probable que el gobierno de S\u00e1nchez haga un uso de las nuevas competencias en l\u00ednea con sus propios intereses, pero esto no quita que la dimensi\u00f3n competencial haya crecido. Esquerra Republicana tambi\u00e9n necesita que se demuestre que el pacto que entreg\u00f3 la presidencia al candidato socialista sobre el\u00a0nuevo sistema de financiaci\u00f3n\u00a0se acerque a una suerte de concierto fiscal atenuado. Si esto es as\u00ed, Esquerra podr\u00e1 sacar pecho y esperar un rendimiento electoral; si resulta ser un nuevo \u00abparte de las monta\u00f1as\u00bb, la crisis de Esquerra se profundizar\u00e1. En este mismo sentido est\u00e1 la competencia por el\u00a0traspaso de\u00a0Cercan\u00edas, que deber\u00eda hacerse efectiva el pr\u00f3ximo a\u00f1o y que, de momento, s\u00f3lo tiene comisiones de trabajo. El papel del actual presidente de la Generalitat en este proceso ser\u00e1 determinante, como ha demostrado el caso vasco, el gran beneficiado por el gobierno de S\u00e1nchez gracias a la acci\u00f3n bien coordinada entre su grupo en el Congreso y el gobierno de Vitoria. De hecho, Pa\u00eds Vasco ha a\u00f1adido algo m\u00e1s a sus competencias, sobre todo en el \u00e1mbito del concierto econ\u00f3mico, que dispone de un cupo extraordinariamente favorable. Esto significa que el independentismo vasco ha pasado a un segundo plano, superado por una estrategia m\u00e1s pr\u00e1ctica y rentable. No se trata ya de separarse del Estado espa\u00f1ol, sino de hacer desaparecer su presencia pr\u00e1ctica en el Pa\u00eds Vasco, donde casi todas las funciones son ejercidas por el propio gobierno regional, lo que le convierte en una especie de\u00a0confederaci\u00f3n de facto,\u00a0\u00a0m\u00e1s all\u00e1 de un simple contrato federal. Por ejemplo, en los actuales y controvertidos impuestos sobre la banca y las empresas energ\u00e9ticas, si finalmente se aplican a causa del acuerdo con Podemos, la situaci\u00f3n es muy distinta en Catalu\u00f1a que en el Pa\u00eds Vasco. En el Pa\u00eds Vasco, quien recauda estos impuestos es Hacienda vasca, que puede devolverlos bajo diversas f\u00f3rmulas consideradas convenientes. Por tanto, ni el Banco Bilbao Vizcaya Argentaria (BBVA) ni las energ\u00e9ticas vascas tendr\u00e1n que temer los efectos de esta sobrecarga fiscal, lo que no se podr\u00e1 decir en el caso de CaixaBank, que es la entidad m\u00e1s afectada a causa de las caracter\u00edsticas de su negocio. El independentismo catal\u00e1n sigue predicando el horizonte independentista, pero actuando en la pr\u00e1ctica dentro del marco auton\u00f3mico y con una estrecha alianza con el gobierno espa\u00f1ol, aunque\u00a0sin conseguir las contrapartidas que s\u00ed ha logrado el gobierno vasco. Pedro S\u00e1nchez no es ajeno a este principio de confederaci\u00f3n parcial de Espa\u00f1a, que comienza en el Pa\u00eds Vasco y est\u00e1 por ver si se extender\u00e1 a Catalu\u00f1a. No es algo menor que precisamente\u00a0Catalu\u00f1a constituya el \u00faltimo baluarte territorial del PSOE, ya que en el resto de Espa\u00f1a sus gobiernos auton\u00f3micos son escasos y sus gobiernos municipales no cuentan con muchas capitales importantes. Solo Catalu\u00f1a, con la Generalitat y el Ayuntamiento de Barcelona, \u200b\u200bgracias al apoyo del PP, y la Diputaci\u00f3, presentan un bagaje territorial de gran relevancia. Sobre estas coordenadas se mover\u00e1 la pol\u00edtica catalana a principios de 2025.\" \/>\n<meta property=\"og:url\" content=\"https:\/\/conversesacatalunya.cat\/es\/la-primera-encuesta-del-centro-de-opinion-de-la-generalitat-no-trae-buenas-noticias-para-el-establishment-politico\/\" \/>\n<meta property=\"og:site_name\" content=\"Converses a Catalunya\" \/>\n<meta property=\"article:published_time\" content=\"2024-11-28T10:34:48+00:00\" \/>\n<meta property=\"article:modified_time\" content=\"2024-11-28T11:55:17+00:00\" \/>\n<meta property=\"og:image\" content=\"https:\/\/conversesacatalunya.cat\/wp-content\/uploads\/2024\/11\/enquesta-catalunya.jpg\" \/>\n\t<meta property=\"og:image:width\" content=\"687\" \/>\n\t<meta property=\"og:image:height\" content=\"463\" \/>\n\t<meta property=\"og:image:type\" content=\"image\/jpeg\" \/>\n<meta name=\"author\" content=\"Enric Casanovas\" \/>\n<meta name=\"twitter:card\" content=\"summary_large_image\" \/>\n<meta name=\"twitter:label1\" content=\"Escrito por\" \/>\n\t<meta name=\"twitter:data1\" content=\"Enric Casanovas\" \/>\n\t<meta name=\"twitter:label2\" content=\"Tiempo de lectura\" \/>\n\t<meta name=\"twitter:data2\" content=\"5 minutos\" \/>\n<script type=\"application\/ld+json\" class=\"yoast-schema-graph\">{\"@context\":\"https:\/\/schema.org\",\"@graph\":[{\"@type\":\"Article\",\"@id\":\"https:\/\/conversesacatalunya.cat\/es\/la-primera-encuesta-del-centro-de-opinion-de-la-generalitat-no-trae-buenas-noticias-para-el-establishment-politico\/#article\",\"isPartOf\":{\"@id\":\"https:\/\/conversesacatalunya.cat\/es\/la-primera-encuesta-del-centro-de-opinion-de-la-generalitat-no-trae-buenas-noticias-para-el-establishment-politico\/\"},\"author\":{\"name\":\"Enric Casanovas\",\"@id\":\"https:\/\/conversesacatalunya.cat\/#\/schema\/person\/79bd0577b2f3afc8d6519d207c6e8609\"},\"headline\":\"La primera encuesta del Centro de Opini\u00f3n de la Generalitat no trae buenas noticias para el establishment pol\u00edtico\",\"datePublished\":\"2024-11-28T10:34:48+00:00\",\"dateModified\":\"2024-11-28T11:55:17+00:00\",\"mainEntityOfPage\":{\"@id\":\"https:\/\/conversesacatalunya.cat\/es\/la-primera-encuesta-del-centro-de-opinion-de-la-generalitat-no-trae-buenas-noticias-para-el-establishment-politico\/\"},\"wordCount\":1055,\"commentCount\":0,\"image\":{\"@id\":\"https:\/\/conversesacatalunya.cat\/es\/la-primera-encuesta-del-centro-de-opinion-de-la-generalitat-no-trae-buenas-noticias-para-el-establishment-politico\/#primaryimage\"},\"thumbnailUrl\":\"https:\/\/conversesacatalunya.cat\/wp-content\/uploads\/2024\/11\/enquesta-catalunya.jpg\",\"keywords\":[\"Encuestas\"],\"articleSection\":[\"Punts clau del dia (ES)\"],\"inLanguage\":\"es\",\"potentialAction\":[{\"@type\":\"CommentAction\",\"name\":\"Comment\",\"target\":[\"https:\/\/conversesacatalunya.cat\/es\/la-primera-encuesta-del-centro-de-opinion-de-la-generalitat-no-trae-buenas-noticias-para-el-establishment-politico\/#respond\"]}]},{\"@type\":\"WebPage\",\"@id\":\"https:\/\/conversesacatalunya.cat\/es\/la-primera-encuesta-del-centro-de-opinion-de-la-generalitat-no-trae-buenas-noticias-para-el-establishment-politico\/\",\"url\":\"https:\/\/conversesacatalunya.cat\/es\/la-primera-encuesta-del-centro-de-opinion-de-la-generalitat-no-trae-buenas-noticias-para-el-establishment-politico\/\",\"name\":\"La primera encuesta del Centro de Opini\u00f3n de la Generalitat no trae buenas noticias para el establishment pol\u00edtico - Converses a Catalunya\",\"isPartOf\":{\"@id\":\"https:\/\/conversesacatalunya.cat\/#website\"},\"primaryImageOfPage\":{\"@id\":\"https:\/\/conversesacatalunya.cat\/es\/la-primera-encuesta-del-centro-de-opinion-de-la-generalitat-no-trae-buenas-noticias-para-el-establishment-politico\/#primaryimage\"},\"image\":{\"@id\":\"https:\/\/conversesacatalunya.cat\/es\/la-primera-encuesta-del-centro-de-opinion-de-la-generalitat-no-trae-buenas-noticias-para-el-establishment-politico\/#primaryimage\"},\"thumbnailUrl\":\"https:\/\/conversesacatalunya.cat\/wp-content\/uploads\/2024\/11\/enquesta-catalunya.jpg\",\"datePublished\":\"2024-11-28T10:34:48+00:00\",\"dateModified\":\"2024-11-28T11:55:17+00:00\",\"author\":{\"@id\":\"https:\/\/conversesacatalunya.cat\/#\/schema\/person\/79bd0577b2f3afc8d6519d207c6e8609\"},\"breadcrumb\":{\"@id\":\"https:\/\/conversesacatalunya.cat\/es\/la-primera-encuesta-del-centro-de-opinion-de-la-generalitat-no-trae-buenas-noticias-para-el-establishment-politico\/#breadcrumb\"},\"inLanguage\":\"es\",\"potentialAction\":[{\"@type\":\"ReadAction\",\"target\":[\"https:\/\/conversesacatalunya.cat\/es\/la-primera-encuesta-del-centro-de-opinion-de-la-generalitat-no-trae-buenas-noticias-para-el-establishment-politico\/\"]}]},{\"@type\":\"ImageObject\",\"inLanguage\":\"es\",\"@id\":\"https:\/\/conversesacatalunya.cat\/es\/la-primera-encuesta-del-centro-de-opinion-de-la-generalitat-no-trae-buenas-noticias-para-el-establishment-politico\/#primaryimage\",\"url\":\"https:\/\/conversesacatalunya.cat\/wp-content\/uploads\/2024\/11\/enquesta-catalunya.jpg\",\"contentUrl\":\"https:\/\/conversesacatalunya.cat\/wp-content\/uploads\/2024\/11\/enquesta-catalunya.jpg\",\"width\":687,\"height\":463},{\"@type\":\"BreadcrumbList\",\"@id\":\"https:\/\/conversesacatalunya.cat\/es\/la-primera-encuesta-del-centro-de-opinion-de-la-generalitat-no-trae-buenas-noticias-para-el-establishment-politico\/#breadcrumb\",\"itemListElement\":[{\"@type\":\"ListItem\",\"position\":1,\"name\":\"Inici\",\"item\":\"https:\/\/conversesacatalunya.cat\/es\/\"},{\"@type\":\"ListItem\",\"position\":2,\"name\":\"La primera encuesta del Centro de Opini\u00f3n de la Generalitat no trae buenas noticias para el establishment pol\u00edtico\"}]},{\"@type\":\"WebSite\",\"@id\":\"https:\/\/conversesacatalunya.cat\/#website\",\"url\":\"https:\/\/conversesacatalunya.cat\/\",\"name\":\"Converses a Catalunya\",\"description\":\"\",\"potentialAction\":[{\"@type\":\"SearchAction\",\"target\":{\"@type\":\"EntryPoint\",\"urlTemplate\":\"https:\/\/conversesacatalunya.cat\/?s={search_term_string}\"},\"query-input\":{\"@type\":\"PropertyValueSpecification\",\"valueRequired\":true,\"valueName\":\"search_term_string\"}}],\"inLanguage\":\"es\"},{\"@type\":\"Person\",\"@id\":\"https:\/\/conversesacatalunya.cat\/#\/schema\/person\/79bd0577b2f3afc8d6519d207c6e8609\",\"name\":\"Enric Casanovas\",\"image\":{\"@type\":\"ImageObject\",\"inLanguage\":\"es\",\"@id\":\"https:\/\/conversesacatalunya.cat\/#\/schema\/person\/image\/\",\"url\":\"https:\/\/conversesacatalunya.cat\/wp-content\/litespeed\/avatar\/7ae4379ad4421ec77820e92afd36dd78.jpg?ver=1777373933\",\"contentUrl\":\"https:\/\/conversesacatalunya.cat\/wp-content\/litespeed\/avatar\/7ae4379ad4421ec77820e92afd36dd78.jpg?ver=1777373933\",\"caption\":\"Enric Casanovas\"},\"url\":\"https:\/\/conversesacatalunya.cat\/es\/author\/enric-casanovas\/\"}]}<\/script>\n<!-- \/ Yoast SEO plugin. -->","yoast_head_json":{"title":"La primera encuesta del Centro de Opini\u00f3n de la Generalitat no trae buenas noticias para el establishment pol\u00edtico - Converses a Catalunya","robots":{"index":"index","follow":"follow","max-snippet":"max-snippet:-1","max-image-preview":"max-image-preview:large","max-video-preview":"max-video-preview:-1"},"canonical":"https:\/\/conversesacatalunya.cat\/es\/la-primera-encuesta-del-centro-de-opinion-de-la-generalitat-no-trae-buenas-noticias-para-el-establishment-politico\/","og_locale":"es_ES","og_type":"article","og_title":"La primera encuesta del Centro de Opini\u00f3n de la Generalitat no trae buenas noticias para el establishment pol\u00edtico - Converses a Catalunya","og_description":"La encuesta se\u00f1ala un principio de desgaste para el gobierno de Salvador Illa, cuando apenas ha superado los 100 d\u00edas iniciales de gesti\u00f3n. La poblaci\u00f3n, al parecer, no parece reconocer el valor que los medios de comunicaci\u00f3n del\u00a0establishment\u00a0intentan transmitir cada d\u00eda sobre la tranquilidad que imprime la nueva gesti\u00f3n de la Generalitat, quiz\u00e1s porque algunos la confunden con la \u201cpaz de los cementerios\u201d. Sea como fuere,\u00a0la encuesta otorga entre 39 y 42 esca\u00f1os al PSC, lo que sugiere una posible p\u00e9rdida en comparaci\u00f3n con los 42 diputados actuales. Peor le va a Junts per Catalunya, que podr\u00eda perder entre 3 y 5 diputados de los que tiene actualmente, mientras que para Esquerra Republicana las trifulcas internas no parecen pasarle factura, ya que se mantiene en 20 esca\u00f1os e incluso podr\u00eda ganar uno m\u00e1s. El Partido Popular tambi\u00e9n se mantiene estable con sus 15 esca\u00f1os, mientras que Vox podr\u00eda quedarse con los 11 actuales o perder uno. Por otro lado, En Com\u00fa Podem, liderado por J\u00e9ssica Albiach, no conseguir\u00eda salir de la marginalidad de sus 6 esca\u00f1os, aunque podr\u00eda sumar uno m\u00e1s. \u00bfD\u00f3nde se producen las modificaciones importantes?\u00a0En los extremos. La CUP passaria de 4 a 6 esca\u00f1os, mejorando en un 50% sus resultados, y todav\u00eda m\u00e1s notable es el avance de Alian\u00e7a Catalana, liderada por S\u00edlvia Orriols, que podr\u00eda conseguir entre 6 y 7 diputats a partir de los dos actuales. La mayor\u00eda absoluta en el Parlamento se sit\u00faa en 68 diputados, y\u00a0la coalici\u00f3n que dio la presidencia a Illa parece encontrarse en peligro. Esta p\u00e9rdida de posiciones de Junts coincide en el tiempo con el reconocimiento de que el gobierno espa\u00f1ol traspasar\u00e1 competencias en inmigraci\u00f3n. La diferencia respecto a lo anunciado no es menor: Junts afirmaba que ser\u00eda un traspaso integral de todas las competencias del Estado mediante la v\u00eda directa del art\u00edculo 150.2 de la Constituci\u00f3n. Esto fue lo que acordaron Santos Cerd\u00e1n y Puigdemont para que los diputados de Junts apoyaran a Pedro S\u00e1nchez. Sin embargo, los meses han pasado y ahora parece que antes de terminar el a\u00f1o esta cuesti\u00f3n quedar\u00e1 resuelta. No est\u00e1 claro si realmente lo que afirma Junts ser\u00e1 lo que se traspasar\u00e1:\u00a0pr\u00e1cticamente todo salvo el control fronterizo, pero con derecho y posibilidades factuales de regular la cantidad de inmigrantes en Catalunya. En pocas semanas se resolver\u00e1 la incertidumbre y veremos si Puigdemont y su partido logran apuntarse un \u00e9xito en este terreno, algo que necesitan desesperadamente, ya que los datos muestran que existe un traspaso de votos entre Junts y Alian\u00e7a Catalana. De hecho,\u00a0los dos mayores partidos independentistas\u00a0necesitan desesperadamente que se cumplan los acuerdos que afirman haber pactado, aunque ahora el beneficiario sea el Partido Socialista que gobierna en Espa\u00f1a. Es probable que el gobierno de S\u00e1nchez haga un uso de las nuevas competencias en l\u00ednea con sus propios intereses, pero esto no quita que la dimensi\u00f3n competencial haya crecido. Esquerra Republicana tambi\u00e9n necesita que se demuestre que el pacto que entreg\u00f3 la presidencia al candidato socialista sobre el\u00a0nuevo sistema de financiaci\u00f3n\u00a0se acerque a una suerte de concierto fiscal atenuado. Si esto es as\u00ed, Esquerra podr\u00e1 sacar pecho y esperar un rendimiento electoral; si resulta ser un nuevo \u00abparte de las monta\u00f1as\u00bb, la crisis de Esquerra se profundizar\u00e1. En este mismo sentido est\u00e1 la competencia por el\u00a0traspaso de\u00a0Cercan\u00edas, que deber\u00eda hacerse efectiva el pr\u00f3ximo a\u00f1o y que, de momento, s\u00f3lo tiene comisiones de trabajo. El papel del actual presidente de la Generalitat en este proceso ser\u00e1 determinante, como ha demostrado el caso vasco, el gran beneficiado por el gobierno de S\u00e1nchez gracias a la acci\u00f3n bien coordinada entre su grupo en el Congreso y el gobierno de Vitoria. De hecho, Pa\u00eds Vasco ha a\u00f1adido algo m\u00e1s a sus competencias, sobre todo en el \u00e1mbito del concierto econ\u00f3mico, que dispone de un cupo extraordinariamente favorable. Esto significa que el independentismo vasco ha pasado a un segundo plano, superado por una estrategia m\u00e1s pr\u00e1ctica y rentable. No se trata ya de separarse del Estado espa\u00f1ol, sino de hacer desaparecer su presencia pr\u00e1ctica en el Pa\u00eds Vasco, donde casi todas las funciones son ejercidas por el propio gobierno regional, lo que le convierte en una especie de\u00a0confederaci\u00f3n de facto,\u00a0\u00a0m\u00e1s all\u00e1 de un simple contrato federal. Por ejemplo, en los actuales y controvertidos impuestos sobre la banca y las empresas energ\u00e9ticas, si finalmente se aplican a causa del acuerdo con Podemos, la situaci\u00f3n es muy distinta en Catalu\u00f1a que en el Pa\u00eds Vasco. En el Pa\u00eds Vasco, quien recauda estos impuestos es Hacienda vasca, que puede devolverlos bajo diversas f\u00f3rmulas consideradas convenientes. Por tanto, ni el Banco Bilbao Vizcaya Argentaria (BBVA) ni las energ\u00e9ticas vascas tendr\u00e1n que temer los efectos de esta sobrecarga fiscal, lo que no se podr\u00e1 decir en el caso de CaixaBank, que es la entidad m\u00e1s afectada a causa de las caracter\u00edsticas de su negocio. El independentismo catal\u00e1n sigue predicando el horizonte independentista, pero actuando en la pr\u00e1ctica dentro del marco auton\u00f3mico y con una estrecha alianza con el gobierno espa\u00f1ol, aunque\u00a0sin conseguir las contrapartidas que s\u00ed ha logrado el gobierno vasco. Pedro S\u00e1nchez no es ajeno a este principio de confederaci\u00f3n parcial de Espa\u00f1a, que comienza en el Pa\u00eds Vasco y est\u00e1 por ver si se extender\u00e1 a Catalu\u00f1a. No es algo menor que precisamente\u00a0Catalu\u00f1a constituya el \u00faltimo baluarte territorial del PSOE, ya que en el resto de Espa\u00f1a sus gobiernos auton\u00f3micos son escasos y sus gobiernos municipales no cuentan con muchas capitales importantes. Solo Catalu\u00f1a, con la Generalitat y el Ayuntamiento de Barcelona, \u200b\u200bgracias al apoyo del PP, y la Diputaci\u00f3, presentan un bagaje territorial de gran relevancia. Sobre estas coordenadas se mover\u00e1 la pol\u00edtica catalana a principios de 2025.","og_url":"https:\/\/conversesacatalunya.cat\/es\/la-primera-encuesta-del-centro-de-opinion-de-la-generalitat-no-trae-buenas-noticias-para-el-establishment-politico\/","og_site_name":"Converses a Catalunya","article_published_time":"2024-11-28T10:34:48+00:00","article_modified_time":"2024-11-28T11:55:17+00:00","og_image":[{"width":687,"height":463,"url":"https:\/\/conversesacatalunya.cat\/wp-content\/uploads\/2024\/11\/enquesta-catalunya.jpg","type":"image\/jpeg"}],"author":"Enric Casanovas","twitter_card":"summary_large_image","twitter_misc":{"Escrito por":"Enric Casanovas","Tiempo de lectura":"5 minutos"},"schema":{"@context":"https:\/\/schema.org","@graph":[{"@type":"Article","@id":"https:\/\/conversesacatalunya.cat\/es\/la-primera-encuesta-del-centro-de-opinion-de-la-generalitat-no-trae-buenas-noticias-para-el-establishment-politico\/#article","isPartOf":{"@id":"https:\/\/conversesacatalunya.cat\/es\/la-primera-encuesta-del-centro-de-opinion-de-la-generalitat-no-trae-buenas-noticias-para-el-establishment-politico\/"},"author":{"name":"Enric Casanovas","@id":"https:\/\/conversesacatalunya.cat\/#\/schema\/person\/79bd0577b2f3afc8d6519d207c6e8609"},"headline":"La primera encuesta del Centro de Opini\u00f3n de la Generalitat no trae buenas noticias para el establishment pol\u00edtico","datePublished":"2024-11-28T10:34:48+00:00","dateModified":"2024-11-28T11:55:17+00:00","mainEntityOfPage":{"@id":"https:\/\/conversesacatalunya.cat\/es\/la-primera-encuesta-del-centro-de-opinion-de-la-generalitat-no-trae-buenas-noticias-para-el-establishment-politico\/"},"wordCount":1055,"commentCount":0,"image":{"@id":"https:\/\/conversesacatalunya.cat\/es\/la-primera-encuesta-del-centro-de-opinion-de-la-generalitat-no-trae-buenas-noticias-para-el-establishment-politico\/#primaryimage"},"thumbnailUrl":"https:\/\/conversesacatalunya.cat\/wp-content\/uploads\/2024\/11\/enquesta-catalunya.jpg","keywords":["Encuestas"],"articleSection":["Punts clau del dia (ES)"],"inLanguage":"es","potentialAction":[{"@type":"CommentAction","name":"Comment","target":["https:\/\/conversesacatalunya.cat\/es\/la-primera-encuesta-del-centro-de-opinion-de-la-generalitat-no-trae-buenas-noticias-para-el-establishment-politico\/#respond"]}]},{"@type":"WebPage","@id":"https:\/\/conversesacatalunya.cat\/es\/la-primera-encuesta-del-centro-de-opinion-de-la-generalitat-no-trae-buenas-noticias-para-el-establishment-politico\/","url":"https:\/\/conversesacatalunya.cat\/es\/la-primera-encuesta-del-centro-de-opinion-de-la-generalitat-no-trae-buenas-noticias-para-el-establishment-politico\/","name":"La primera encuesta del Centro de Opini\u00f3n de la Generalitat no trae buenas noticias para el establishment pol\u00edtico - Converses a Catalunya","isPartOf":{"@id":"https:\/\/conversesacatalunya.cat\/#website"},"primaryImageOfPage":{"@id":"https:\/\/conversesacatalunya.cat\/es\/la-primera-encuesta-del-centro-de-opinion-de-la-generalitat-no-trae-buenas-noticias-para-el-establishment-politico\/#primaryimage"},"image":{"@id":"https:\/\/conversesacatalunya.cat\/es\/la-primera-encuesta-del-centro-de-opinion-de-la-generalitat-no-trae-buenas-noticias-para-el-establishment-politico\/#primaryimage"},"thumbnailUrl":"https:\/\/conversesacatalunya.cat\/wp-content\/uploads\/2024\/11\/enquesta-catalunya.jpg","datePublished":"2024-11-28T10:34:48+00:00","dateModified":"2024-11-28T11:55:17+00:00","author":{"@id":"https:\/\/conversesacatalunya.cat\/#\/schema\/person\/79bd0577b2f3afc8d6519d207c6e8609"},"breadcrumb":{"@id":"https:\/\/conversesacatalunya.cat\/es\/la-primera-encuesta-del-centro-de-opinion-de-la-generalitat-no-trae-buenas-noticias-para-el-establishment-politico\/#breadcrumb"},"inLanguage":"es","potentialAction":[{"@type":"ReadAction","target":["https:\/\/conversesacatalunya.cat\/es\/la-primera-encuesta-del-centro-de-opinion-de-la-generalitat-no-trae-buenas-noticias-para-el-establishment-politico\/"]}]},{"@type":"ImageObject","inLanguage":"es","@id":"https:\/\/conversesacatalunya.cat\/es\/la-primera-encuesta-del-centro-de-opinion-de-la-generalitat-no-trae-buenas-noticias-para-el-establishment-politico\/#primaryimage","url":"https:\/\/conversesacatalunya.cat\/wp-content\/uploads\/2024\/11\/enquesta-catalunya.jpg","contentUrl":"https:\/\/conversesacatalunya.cat\/wp-content\/uploads\/2024\/11\/enquesta-catalunya.jpg","width":687,"height":463},{"@type":"BreadcrumbList","@id":"https:\/\/conversesacatalunya.cat\/es\/la-primera-encuesta-del-centro-de-opinion-de-la-generalitat-no-trae-buenas-noticias-para-el-establishment-politico\/#breadcrumb","itemListElement":[{"@type":"ListItem","position":1,"name":"Inici","item":"https:\/\/conversesacatalunya.cat\/es\/"},{"@type":"ListItem","position":2,"name":"La primera encuesta del Centro de Opini\u00f3n de la Generalitat no trae buenas noticias para el establishment pol\u00edtico"}]},{"@type":"WebSite","@id":"https:\/\/conversesacatalunya.cat\/#website","url":"https:\/\/conversesacatalunya.cat\/","name":"Converses a Catalunya","description":"","potentialAction":[{"@type":"SearchAction","target":{"@type":"EntryPoint","urlTemplate":"https:\/\/conversesacatalunya.cat\/?s={search_term_string}"},"query-input":{"@type":"PropertyValueSpecification","valueRequired":true,"valueName":"search_term_string"}}],"inLanguage":"es"},{"@type":"Person","@id":"https:\/\/conversesacatalunya.cat\/#\/schema\/person\/79bd0577b2f3afc8d6519d207c6e8609","name":"Enric Casanovas","image":{"@type":"ImageObject","inLanguage":"es","@id":"https:\/\/conversesacatalunya.cat\/#\/schema\/person\/image\/","url":"https:\/\/conversesacatalunya.cat\/wp-content\/litespeed\/avatar\/7ae4379ad4421ec77820e92afd36dd78.jpg?ver=1777373933","contentUrl":"https:\/\/conversesacatalunya.cat\/wp-content\/litespeed\/avatar\/7ae4379ad4421ec77820e92afd36dd78.jpg?ver=1777373933","caption":"Enric Casanovas"},"url":"https:\/\/conversesacatalunya.cat\/es\/author\/enric-casanovas\/"}]}},"wps_subtitle":"","_links":{"self":[{"href":"https:\/\/conversesacatalunya.cat\/es\/wp-json\/wp\/v2\/posts\/84016","targetHints":{"allow":["GET"]}}],"collection":[{"href":"https:\/\/conversesacatalunya.cat\/es\/wp-json\/wp\/v2\/posts"}],"about":[{"href":"https:\/\/conversesacatalunya.cat\/es\/wp-json\/wp\/v2\/types\/post"}],"author":[{"embeddable":true,"href":"https:\/\/conversesacatalunya.cat\/es\/wp-json\/wp\/v2\/users\/77"}],"replies":[{"embeddable":true,"href":"https:\/\/conversesacatalunya.cat\/es\/wp-json\/wp\/v2\/comments?post=84016"}],"version-history":[{"count":2,"href":"https:\/\/conversesacatalunya.cat\/es\/wp-json\/wp\/v2\/posts\/84016\/revisions"}],"predecessor-version":[{"id":84018,"href":"https:\/\/conversesacatalunya.cat\/es\/wp-json\/wp\/v2\/posts\/84016\/revisions\/84018"}],"wp:featuredmedia":[{"embeddable":true,"href":"https:\/\/conversesacatalunya.cat\/es\/wp-json\/wp\/v2\/media\/84009"}],"wp:attachment":[{"href":"https:\/\/conversesacatalunya.cat\/es\/wp-json\/wp\/v2\/media?parent=84016"}],"wp:term":[{"taxonomy":"category","embeddable":true,"href":"https:\/\/conversesacatalunya.cat\/es\/wp-json\/wp\/v2\/categories?post=84016"},{"taxonomy":"post_tag","embeddable":true,"href":"https:\/\/conversesacatalunya.cat\/es\/wp-json\/wp\/v2\/tags?post=84016"}],"curies":[{"name":"wp","href":"https:\/\/api.w.org\/{rel}","templated":true}]}}