{"id":83755,"date":"2024-11-20T11:32:20","date_gmt":"2024-11-20T10:32:20","guid":{"rendered":"https:\/\/conversesacatalunya.cat\/com-la-societat-pot-resoldre-la-crisi-de-la-politica-i-els-partits\/"},"modified":"2024-11-20T12:57:33","modified_gmt":"2024-11-20T11:57:33","slug":"como-la-sociedad-puede-resolver-la-crisis-de-la-politica-y-los-partidos","status":"publish","type":"post","link":"https:\/\/conversesacatalunya.cat\/es\/como-la-sociedad-puede-resolver-la-crisis-de-la-politica-y-los-partidos\/","title":{"rendered":"La soluci\u00f3n ciudadana: c\u00f3mo la sociedad puede resolver la crisis de la pol\u00edtica y los partidos"},"content":{"rendered":"<p><span>En los contactos previos para conseguir que varias personas participaran en la\u00a0<\/span><a href=\"https:\/\/conversesacatalunya.cat\/es\/unete-a-la-conferencia-civica\/\" target=\"_blank\" rel=\"noopener\"><strong><span>Conferencia C\u00edvica de Acci\u00f3n Pol\u00edtica<\/span><\/strong><\/a><span>, nos hemos encontrado con una\u00a0<\/span><strong><span>dificultad imprevista<\/span><\/strong><span>: el gran rechazo que existe hacia la pol\u00edtica, un sentimiento que la tragedia de Valencia y sus derivadas ha multiplicado. Sirve de poco explicar que la conferencia es precisamente el inicio del <\/span><strong><span>camino para regenerar, reformar y reparar la vida pol\u00edtica de nuestro pa\u00eds<\/span><\/strong><span>; muchos lo ponen todo en el mismo saco y\u00a0<\/span><strong><span>no diferencian<\/span><\/strong><span> lo que podr\u00eda ser la acci\u00f3n organizada directa de los ciudadanos, desde la misma sociedad, de lo que hacen los partidos.<\/span><\/p>\n<p><strong><span>Si no superamos esta barrera<\/span><\/strong><span>, nuestros grandes problemas no tendr\u00e1n soluci\u00f3n, al contrario, empeorar\u00e1n d\u00eda a d\u00eda. Esto es por una raz\u00f3n que mucha parte de la ciudadan\u00eda no percibe:<\/span><\/p>\n<p><strong><span>La pol\u00edtica no es otra cosa que la acci\u00f3n organizada para mejorar el conjunto de la sociedad<\/span><\/strong><span>; dicho de forma m\u00e1s clara, es la consecuci\u00f3n del\u00a0<\/span><strong><span>bien com\u00fan<\/span><\/strong><span>, que no es otra cosa que la construcci\u00f3n de las condiciones colectivas que hacen posible que cada uno de nosotros, nuestras familias, empresas y pueblos o ciudades, puedan alcanzar su proyecto de vida de la forma m\u00e1s plena posible. Y ese objetivo com\u00fan necesita pol\u00edticas p\u00fablicas<\/span><strong><span>, y esto es la pol\u00edtica<\/span><\/strong><span>. Por tanto, sin pol\u00edtica no hay mejora, lo que sucede es que debe ser una buena y dirigida a este fin.<\/span><\/p>\n<p><span>El problema es que actualmente no se hace pol\u00edtica por el bien com\u00fan, sino \u00ab<\/span><strong><span>pol\u00edtica de la pol\u00edtica<\/span><\/strong><span>\u00bb para ganar cuotas de poder o beneficio, sea personal, de grupo o del partido. El caso de Valencia ha sido un claro ejemplo de ello. Pero\u00a0<\/span><strong><span>lo que hacen los partidos no agota la pol\u00edtica<\/span><\/strong><span>; por un lado, ni siquiera act\u00faan de acuerdo con la finalidad que justifica su existencia, que es ordenar y encauzar, en una sociedad plural, las diferentes ideas y necesidades, haci\u00e9ndolas racionales y tratables, una tarea imposible cuando se trata millones de ciudadanos por separado. Pero, si los partidos, como es el caso, no realizan este trabajo bien,\u00a0<\/span><strong><span>la pol\u00edtica se transforma en problema.<\/span><\/strong><\/p>\n<p><span>Por tanto,\u00a0<\/span><strong><span>reparar esta grave disfunci\u00f3n<\/span><\/strong><span>\u00a0es una necesidad que no ser\u00e1 resuelta por los mismos partidos que viven dentro de su burbuja, sino por la acci\u00f3n imperativa de los ciudadanos organizados.<\/span><\/p>\n<ol>\n<li><span>Hacer pol\u00edtica no es privativo de los partidos.<\/span><\/li>\n<li><span>Los partidos, en la actualidad, forman parte m\u00e1s del problema que de la soluci\u00f3n.<\/span><\/li>\n<li><span>La pol\u00edtica es necesaria para resolver problemas comunes y mejorar nuestras condiciones de vida.<\/span><\/li>\n<li><span>Este aparente c\u00edrculo vicioso s\u00f3lo se rompe si\u00a0<\/span><strong><span>irrumpe en escena una corriente organizada de la sociedad civil<\/span><\/strong><span>\u00a0que hace esencialmente dos cosas:<\/span>\n<ol>\n<li><span>Define, canaliza y presiona por proyectos e iniciativas concretas que pongan contra las cuerdas a los partidos.<\/span><\/li>\n<li><span>Mediante esta din\u00e1mica, empuja a reparar el mal funcionamiento de los partidos, oblig\u00e1ndoles a cumplir su misi\u00f3n.<\/span><\/li>\n<\/ol>\n<\/li>\n<\/ol>\n<p><span>No estoy diciendo nada nuevo:\u00a0<\/span><strong><span>la democracia s\u00f3lo es eficaz y eficiente, justa y participativa,<\/span><\/strong><span>\u00a0en aquellos pa\u00edses dotados de\u00a0<\/span><strong><span>sociedades civiles fuertes,<\/span><\/strong><span>\u00a0donde los ciudadanos participan mediante diversas asociaciones y entidades en la vida p\u00fablica, de forma no supeditada a ning\u00fan partido, ni para apoyar a \u00e9ste o aqu\u00e9l otro, sino en funci\u00f3n de lo que hacen en cada caso.<\/span><\/p>\n<p><span>\u00c9ste es el camino a recorrer si queremos salir del callej\u00f3n sin salida, y el que pretende iniciar\u00a0<\/span><strong><span>la Conferencia C\u00edvica de Acci\u00f3n Pol\u00edtica<\/span><\/strong><span>, un marco que Converses a Catalunya aporta como servicio, pero que deben ser las personas concretas, los ciudadanos, quienes deben convertirla en realidad. Pongamos la ocasi\u00f3n; otra cosa es que se aproveche.<\/span><\/p>\n<h4><span>\u00bf<strong>Y\u00a0<\/strong><\/span><strong><span>c\u00f3mo se realiza esta acci\u00f3n pol\u00edtica desde la sociedad civil organizada?<\/span><\/strong><span>\u00a0Pondr\u00e9 un ejemplo de entre los muchos posibles.<\/span><\/h4>\n<p><span>En Argentina de Milei est\u00e1n aplicando un programa elaborado que es muy interesante. Olvidemos por un momento la pol\u00e9mica sobre Milei y su pol\u00edtica global; <\/span><strong><span>cito s\u00f3lo el ejemplo concreto<\/span><\/strong><span>. Convencidos, por evidencia, de que las leyes, para bien o para mal, determinan buena parte de lo que es un pa\u00eds, decidieron revisar todas las leyes vigentes, un total de 4.200, con 100 voluntarios competentes, clasific\u00e1ndolas inicialmente en tres grupos: las leyes convenientes o \u00fatiles, las perjudiciales a derogar, y el bloque que requerir\u00eda m\u00e1s trabajo, el de las normas que deber\u00edan modificarse.<\/span><\/p>\n<p><span>Pues bien, semejante\u00a0<\/span><strong><span>tarea<\/span><\/strong><span>\u00a0deber\u00eda hacerse para empezar, y como modelo, en\u00a0<\/span><strong><span>Catalu\u00f1a.<\/span><\/strong><span>\u00a0Desbrozar la selva legislativa, dejarla reducida a lo que conviene y modificar aspectos de aquellas leyes que, pese a mantenerse, tienen aspectos negativos. De ah\u00ed surge\u00a0<\/span><strong><span>un formidable programa de gobierno que moviliza a la sociedad<\/span><\/strong><span>\u00a0para que sea realizado. En Catalu\u00f1a no existen tantas leyes como en Argentina (en Espa\u00f1a m\u00e1s), y es un esfuerzo asequible que permite una ancha reflexi\u00f3n sobre lo que queremos y no queremos sobre aspectos concretos. Canalizar todo esto es una de las acciones posibles de la sociedad civil organizada, lo que deber\u00eda surgir de la Conferencia C\u00edvica de Acci\u00f3n Pol\u00edtica.<\/span><\/p>\n<h4 style=\"text-align: center;\"><span>Ven e inscr\u00edbete ahora aqu\u00ed en la Conferencia C\u00edvica de Acci\u00f3n Pol\u00edtica (CCAP) del 14 de diciembre:<\/span><\/h4>\n<h4 style=\"text-align: center;\"><a href=\"http:\/\/conversesacatalunya.cat\/conferenciacivica\"><strong>M\u00c1S INFORMACI\u00d3N E INSCRIPCIONES<\/strong><\/a><\/h4>\n<p><img fetchpriority=\"high\" decoding=\"async\" class=\"aligncenter wp-image-82943 size-us_600_600_crop\" src=\"https:\/\/conversesacatalunya.cat\/wp-content\/uploads\/2024\/10\/INVITACIO-CONFCIVICA-600x600.png\" alt=\"confer\u00e8ncia c\u00edvica\" width=\"600\" height=\"600\" srcset=\"https:\/\/conversesacatalunya.cat\/wp-content\/uploads\/2024\/10\/INVITACIO-CONFCIVICA-600x600.png 600w, https:\/\/conversesacatalunya.cat\/wp-content\/uploads\/2024\/10\/INVITACIO-CONFCIVICA-300x300.png 300w, https:\/\/conversesacatalunya.cat\/wp-content\/uploads\/2024\/10\/INVITACIO-CONFCIVICA-1024x1024.png 1024w, https:\/\/conversesacatalunya.cat\/wp-content\/uploads\/2024\/10\/INVITACIO-CONFCIVICA-150x150.png 150w, https:\/\/conversesacatalunya.cat\/wp-content\/uploads\/2024\/10\/INVITACIO-CONFCIVICA-350x350.png 350w, https:\/\/conversesacatalunya.cat\/wp-content\/uploads\/2024\/10\/INVITACIO-CONFCIVICA.png 1654w\" sizes=\"(max-width: 600px) 100vw, 600px\" \/><\/p>\n","protected":false},"excerpt":{"rendered":"<p>En los contactos previos para conseguir que varias personas participaran en la\u00a0Conferencia C\u00edvica de Acci\u00f3n Pol\u00edtica, nos hemos encontrado con una\u00a0dificultad imprevista: el gran rechazo que existe hacia la pol\u00edtica, un sentimiento que la tragedia de Valencia y sus derivadas ha multiplicado. Sirve de poco explicar que la conferencia es precisamente el inicio del camino para regenerar, reformar y reparar la vida pol\u00edtica de nuestro pa\u00eds; muchos lo ponen todo en el mismo saco y\u00a0no diferencian lo que podr\u00eda ser la acci\u00f3n organizada directa de los ciudadanos, desde la misma sociedad, de lo que hacen los partidos. Si no superamos esta barrera, nuestros grandes problemas no tendr\u00e1n soluci\u00f3n, al contrario, empeorar\u00e1n d\u00eda a d\u00eda. Esto es por una raz\u00f3n que mucha parte de la ciudadan\u00eda no percibe: La pol\u00edtica no es otra cosa que la acci\u00f3n organizada para mejorar el conjunto de la sociedad; dicho de forma m\u00e1s clara, es la consecuci\u00f3n del\u00a0bien com\u00fan, que no es otra cosa que la construcci\u00f3n de las condiciones colectivas que hacen posible que cada uno de nosotros, nuestras familias, empresas y pueblos o ciudades, puedan alcanzar su proyecto de vida de la forma m\u00e1s plena posible. Y ese objetivo com\u00fan necesita pol\u00edticas p\u00fablicas, y esto es la pol\u00edtica. Por tanto, sin pol\u00edtica no hay mejora, lo que sucede es que debe ser una buena y dirigida a este fin. El problema es que actualmente no se hace pol\u00edtica por el bien com\u00fan, sino \u00abpol\u00edtica de la pol\u00edtica\u00bb para ganar cuotas de poder o beneficio, sea personal, de grupo o del partido. El caso de Valencia ha sido un claro ejemplo de ello. Pero\u00a0lo que hacen los partidos no agota la pol\u00edtica; por un lado, ni siquiera act\u00faan de acuerdo con la finalidad que justifica su existencia, que es ordenar y encauzar, en una sociedad plural, las diferentes ideas y necesidades, haci\u00e9ndolas racionales y tratables, una tarea imposible cuando se trata millones de ciudadanos por separado. Pero, si los partidos, como es el caso, no realizan este trabajo bien,\u00a0la pol\u00edtica se transforma en problema. Por tanto,\u00a0reparar esta grave disfunci\u00f3n\u00a0es una necesidad que no ser\u00e1 resuelta por los mismos partidos que viven dentro de su burbuja, sino por la acci\u00f3n imperativa de los ciudadanos organizados. Hacer pol\u00edtica no es privativo de los partidos. Los partidos, en la actualidad, forman parte m\u00e1s del problema que de la soluci\u00f3n. La pol\u00edtica es necesaria para resolver problemas comunes y mejorar nuestras condiciones de vida. Este aparente c\u00edrculo vicioso s\u00f3lo se rompe si\u00a0irrumpe en escena una corriente organizada de la sociedad civil\u00a0que hace esencialmente dos cosas: Define, canaliza y presiona por proyectos e iniciativas concretas que pongan contra las cuerdas a los partidos. Mediante esta din\u00e1mica, empuja a reparar el mal funcionamiento de los partidos, oblig\u00e1ndoles a cumplir su misi\u00f3n. No estoy diciendo nada nuevo:\u00a0la democracia s\u00f3lo es eficaz y eficiente, justa y participativa,\u00a0en aquellos pa\u00edses dotados de\u00a0sociedades civiles fuertes,\u00a0donde los ciudadanos participan mediante diversas asociaciones y entidades en la vida p\u00fablica, de forma no supeditada a ning\u00fan partido, ni para apoyar a \u00e9ste o aqu\u00e9l otro, sino en funci\u00f3n de lo que hacen en cada caso. \u00c9ste es el camino a recorrer si queremos salir del callej\u00f3n sin salida, y el que pretende iniciar\u00a0la Conferencia C\u00edvica de Acci\u00f3n Pol\u00edtica, un marco que Converses a Catalunya aporta como servicio, pero que deben ser las personas concretas, los ciudadanos, quienes deben convertirla en realidad. Pongamos la ocasi\u00f3n; otra cosa es que se aproveche. \u00bfY\u00a0c\u00f3mo se realiza esta acci\u00f3n pol\u00edtica desde la sociedad civil organizada?\u00a0Pondr\u00e9 un ejemplo de entre los muchos posibles. En Argentina de Milei est\u00e1n aplicando un programa elaborado que es muy interesante. Olvidemos por un momento la pol\u00e9mica sobre Milei y su pol\u00edtica global; cito s\u00f3lo el ejemplo concreto. Convencidos, por evidencia, de que las leyes, para bien o para mal, determinan buena parte de lo que es un pa\u00eds, decidieron revisar todas las leyes vigentes, un total de 4.200, con 100 voluntarios competentes, clasific\u00e1ndolas inicialmente en tres grupos: las leyes convenientes o \u00fatiles, las perjudiciales a derogar, y el bloque que requerir\u00eda m\u00e1s trabajo, el de las normas que deber\u00edan modificarse. Pues bien, semejante\u00a0tarea\u00a0deber\u00eda hacerse para empezar, y como modelo, en\u00a0Catalu\u00f1a.\u00a0Desbrozar la selva legislativa, dejarla reducida a lo que conviene y modificar aspectos de aquellas leyes que, pese a mantenerse, tienen aspectos negativos. De ah\u00ed surge\u00a0un formidable programa de gobierno que moviliza a la sociedad\u00a0para que sea realizado. En Catalu\u00f1a no existen tantas leyes como en Argentina (en Espa\u00f1a m\u00e1s), y es un esfuerzo asequible que permite una ancha reflexi\u00f3n sobre lo que queremos y no queremos sobre aspectos concretos. Canalizar todo esto es una de las acciones posibles de la sociedad civil organizada, lo que deber\u00eda surgir de la Conferencia C\u00edvica de Acci\u00f3n Pol\u00edtica. Ven e inscr\u00edbete ahora aqu\u00ed en la Conferencia C\u00edvica de Acci\u00f3n Pol\u00edtica (CCAP) del 14 de diciembre: M\u00c1S INFORMACI\u00d3N E INSCRIPCIONES<\/p>\n","protected":false},"author":19,"featured_media":82474,"comment_status":"open","ping_status":"open","sticky":false,"template":"","format":"standard","meta":{"_FSMCFIC_featured_image_caption":"","_FSMCFIC_featured_image_nocaption":"","_FSMCFIC_featured_image_hide":"","footnotes":""},"categories":[786,796,5182],"tags":[5192],"class_list":["post-83755","post","type-post","status-publish","format-standard","has-post-thumbnail","hentry","category-agenda-es","category-el-blog-de-josep-miro-i-ardevol-es","category-especial-conferencia-civica-es","tag-i-conferencia-civica"],"yoast_head":"<!-- This site is optimized with the Yoast SEO plugin v26.8 - https:\/\/yoast.com\/product\/yoast-seo-wordpress\/ -->\n<title>La soluci\u00f3n ciudadana: c\u00f3mo la sociedad puede resolver la crisis de la pol\u00edtica y los partidos - Converses a Catalunya<\/title>\n<meta name=\"description\" content=\"La pol\u00edtica no es m\u00e1s que la acci\u00f3n organizada para mejorar el conjunto de la sociedad; dicho de forma m\u00e1s clara, es la consecuci\u00f3n del bien com\u00fan\" \/>\n<meta name=\"robots\" content=\"index, follow, max-snippet:-1, max-image-preview:large, max-video-preview:-1\" \/>\n<link rel=\"canonical\" href=\"https:\/\/conversesacatalunya.cat\/es\/como-la-sociedad-puede-resolver-la-crisis-de-la-politica-y-los-partidos\/\" \/>\n<meta property=\"og:locale\" content=\"es_ES\" \/>\n<meta property=\"og:type\" content=\"article\" \/>\n<meta property=\"og:title\" content=\"La soluci\u00f3n ciudadana: c\u00f3mo la sociedad puede resolver la crisis de la pol\u00edtica y los partidos - Converses a Catalunya\" \/>\n<meta property=\"og:description\" content=\"La pol\u00edtica no es m\u00e1s que la acci\u00f3n organizada para mejorar el conjunto de la sociedad; dicho de forma m\u00e1s clara, es la consecuci\u00f3n del bien com\u00fan\" \/>\n<meta property=\"og:url\" content=\"https:\/\/conversesacatalunya.cat\/es\/como-la-sociedad-puede-resolver-la-crisis-de-la-politica-y-los-partidos\/\" \/>\n<meta property=\"og:site_name\" content=\"Converses a Catalunya\" \/>\n<meta property=\"article:published_time\" content=\"2024-11-20T10:32:20+00:00\" \/>\n<meta property=\"article:modified_time\" content=\"2024-11-20T11:57:33+00:00\" \/>\n<meta property=\"og:image\" content=\"https:\/\/conversesacatalunya.cat\/wp-content\/uploads\/2024\/10\/16.jpg\" \/>\n\t<meta property=\"og:image:width\" content=\"1080\" \/>\n\t<meta property=\"og:image:height\" content=\"1080\" \/>\n\t<meta property=\"og:image:type\" content=\"image\/jpeg\" \/>\n<meta name=\"author\" content=\"Josep Mir\u00f3 i Ard\u00e8vol\" \/>\n<meta name=\"twitter:card\" content=\"summary_large_image\" \/>\n<meta name=\"twitter:label1\" content=\"Escrito por\" \/>\n\t<meta name=\"twitter:data1\" content=\"Josep Mir\u00f3 i Ard\u00e8vol\" \/>\n\t<meta name=\"twitter:label2\" content=\"Tiempo de lectura\" \/>\n\t<meta name=\"twitter:data2\" content=\"5 minutos\" \/>\n<script type=\"application\/ld+json\" class=\"yoast-schema-graph\">{\"@context\":\"https:\/\/schema.org\",\"@graph\":[{\"@type\":\"Article\",\"@id\":\"https:\/\/conversesacatalunya.cat\/es\/como-la-sociedad-puede-resolver-la-crisis-de-la-politica-y-los-partidos\/#article\",\"isPartOf\":{\"@id\":\"https:\/\/conversesacatalunya.cat\/es\/como-la-sociedad-puede-resolver-la-crisis-de-la-politica-y-los-partidos\/\"},\"author\":{\"name\":\"Josep Mir\u00f3 i Ard\u00e8vol\",\"@id\":\"https:\/\/conversesacatalunya.cat\/#\/schema\/person\/a9598a6786ba7d3d1c5e0de477b79370\"},\"headline\":\"La soluci\u00f3n ciudadana: c\u00f3mo la sociedad puede resolver la crisis de la pol\u00edtica y los partidos\",\"datePublished\":\"2024-11-20T10:32:20+00:00\",\"dateModified\":\"2024-11-20T11:57:33+00:00\",\"mainEntityOfPage\":{\"@id\":\"https:\/\/conversesacatalunya.cat\/es\/como-la-sociedad-puede-resolver-la-crisis-de-la-politica-y-los-partidos\/\"},\"wordCount\":933,\"commentCount\":0,\"image\":{\"@id\":\"https:\/\/conversesacatalunya.cat\/es\/como-la-sociedad-puede-resolver-la-crisis-de-la-politica-y-los-partidos\/#primaryimage\"},\"thumbnailUrl\":\"https:\/\/conversesacatalunya.cat\/wp-content\/uploads\/2024\/10\/16.jpg\",\"keywords\":[\"I Conferencia c\u00edvica\"],\"articleSection\":[\"Agenda (ES)\",\"El Blog de Josep Mir\u00f3 i Ard\u00e8vol (ES)\",\"Especial conferencia c\u00edvica\"],\"inLanguage\":\"es\",\"potentialAction\":[{\"@type\":\"CommentAction\",\"name\":\"Comment\",\"target\":[\"https:\/\/conversesacatalunya.cat\/es\/como-la-sociedad-puede-resolver-la-crisis-de-la-politica-y-los-partidos\/#respond\"]}]},{\"@type\":\"WebPage\",\"@id\":\"https:\/\/conversesacatalunya.cat\/es\/como-la-sociedad-puede-resolver-la-crisis-de-la-politica-y-los-partidos\/\",\"url\":\"https:\/\/conversesacatalunya.cat\/es\/como-la-sociedad-puede-resolver-la-crisis-de-la-politica-y-los-partidos\/\",\"name\":\"La soluci\u00f3n ciudadana: c\u00f3mo la sociedad puede resolver la crisis de la pol\u00edtica y los partidos - Converses a Catalunya\",\"isPartOf\":{\"@id\":\"https:\/\/conversesacatalunya.cat\/#website\"},\"primaryImageOfPage\":{\"@id\":\"https:\/\/conversesacatalunya.cat\/es\/como-la-sociedad-puede-resolver-la-crisis-de-la-politica-y-los-partidos\/#primaryimage\"},\"image\":{\"@id\":\"https:\/\/conversesacatalunya.cat\/es\/como-la-sociedad-puede-resolver-la-crisis-de-la-politica-y-los-partidos\/#primaryimage\"},\"thumbnailUrl\":\"https:\/\/conversesacatalunya.cat\/wp-content\/uploads\/2024\/10\/16.jpg\",\"datePublished\":\"2024-11-20T10:32:20+00:00\",\"dateModified\":\"2024-11-20T11:57:33+00:00\",\"author\":{\"@id\":\"https:\/\/conversesacatalunya.cat\/#\/schema\/person\/a9598a6786ba7d3d1c5e0de477b79370\"},\"description\":\"La pol\u00edtica no es m\u00e1s que la acci\u00f3n organizada para mejorar el conjunto de la sociedad; dicho de forma m\u00e1s clara, es la consecuci\u00f3n del bien com\u00fan\",\"breadcrumb\":{\"@id\":\"https:\/\/conversesacatalunya.cat\/es\/como-la-sociedad-puede-resolver-la-crisis-de-la-politica-y-los-partidos\/#breadcrumb\"},\"inLanguage\":\"es\",\"potentialAction\":[{\"@type\":\"ReadAction\",\"target\":[\"https:\/\/conversesacatalunya.cat\/es\/como-la-sociedad-puede-resolver-la-crisis-de-la-politica-y-los-partidos\/\"]}]},{\"@type\":\"ImageObject\",\"inLanguage\":\"es\",\"@id\":\"https:\/\/conversesacatalunya.cat\/es\/como-la-sociedad-puede-resolver-la-crisis-de-la-politica-y-los-partidos\/#primaryimage\",\"url\":\"https:\/\/conversesacatalunya.cat\/wp-content\/uploads\/2024\/10\/16.jpg\",\"contentUrl\":\"https:\/\/conversesacatalunya.cat\/wp-content\/uploads\/2024\/10\/16.jpg\",\"width\":1080,\"height\":1080},{\"@type\":\"BreadcrumbList\",\"@id\":\"https:\/\/conversesacatalunya.cat\/es\/como-la-sociedad-puede-resolver-la-crisis-de-la-politica-y-los-partidos\/#breadcrumb\",\"itemListElement\":[{\"@type\":\"ListItem\",\"position\":1,\"name\":\"Inici\",\"item\":\"https:\/\/conversesacatalunya.cat\/es\/\"},{\"@type\":\"ListItem\",\"position\":2,\"name\":\"La soluci\u00f3n ciudadana: c\u00f3mo la sociedad puede resolver la crisis de la pol\u00edtica y los partidos\"}]},{\"@type\":\"WebSite\",\"@id\":\"https:\/\/conversesacatalunya.cat\/#website\",\"url\":\"https:\/\/conversesacatalunya.cat\/\",\"name\":\"Converses a Catalunya\",\"description\":\"\",\"potentialAction\":[{\"@type\":\"SearchAction\",\"target\":{\"@type\":\"EntryPoint\",\"urlTemplate\":\"https:\/\/conversesacatalunya.cat\/?s={search_term_string}\"},\"query-input\":{\"@type\":\"PropertyValueSpecification\",\"valueRequired\":true,\"valueName\":\"search_term_string\"}}],\"inLanguage\":\"es\"},{\"@type\":\"Person\",\"@id\":\"https:\/\/conversesacatalunya.cat\/#\/schema\/person\/a9598a6786ba7d3d1c5e0de477b79370\",\"name\":\"Josep Mir\u00f3 i Ard\u00e8vol\",\"image\":{\"@type\":\"ImageObject\",\"inLanguage\":\"es\",\"@id\":\"https:\/\/conversesacatalunya.cat\/#\/schema\/person\/image\/\",\"url\":\"https:\/\/conversesacatalunya.cat\/wp-content\/litespeed\/avatar\/c37e3dc881857483d6694cdf98fdedea.jpg?ver=1777270381\",\"contentUrl\":\"https:\/\/conversesacatalunya.cat\/wp-content\/litespeed\/avatar\/c37e3dc881857483d6694cdf98fdedea.jpg?ver=1777270381\",\"caption\":\"Josep Mir\u00f3 i Ard\u00e8vol\"},\"url\":\"https:\/\/conversesacatalunya.cat\/es\/author\/josep-miro-i-ardevol\/\"}]}<\/script>\n<!-- \/ Yoast SEO plugin. -->","yoast_head_json":{"title":"La soluci\u00f3n ciudadana: c\u00f3mo la sociedad puede resolver la crisis de la pol\u00edtica y los partidos - Converses a Catalunya","description":"La pol\u00edtica no es m\u00e1s que la acci\u00f3n organizada para mejorar el conjunto de la sociedad; dicho de forma m\u00e1s clara, es la consecuci\u00f3n del bien com\u00fan","robots":{"index":"index","follow":"follow","max-snippet":"max-snippet:-1","max-image-preview":"max-image-preview:large","max-video-preview":"max-video-preview:-1"},"canonical":"https:\/\/conversesacatalunya.cat\/es\/como-la-sociedad-puede-resolver-la-crisis-de-la-politica-y-los-partidos\/","og_locale":"es_ES","og_type":"article","og_title":"La soluci\u00f3n ciudadana: c\u00f3mo la sociedad puede resolver la crisis de la pol\u00edtica y los partidos - Converses a Catalunya","og_description":"La pol\u00edtica no es m\u00e1s que la acci\u00f3n organizada para mejorar el conjunto de la sociedad; dicho de forma m\u00e1s clara, es la consecuci\u00f3n del bien com\u00fan","og_url":"https:\/\/conversesacatalunya.cat\/es\/como-la-sociedad-puede-resolver-la-crisis-de-la-politica-y-los-partidos\/","og_site_name":"Converses a Catalunya","article_published_time":"2024-11-20T10:32:20+00:00","article_modified_time":"2024-11-20T11:57:33+00:00","og_image":[{"width":1080,"height":1080,"url":"https:\/\/conversesacatalunya.cat\/wp-content\/uploads\/2024\/10\/16.jpg","type":"image\/jpeg"}],"author":"Josep Mir\u00f3 i Ard\u00e8vol","twitter_card":"summary_large_image","twitter_misc":{"Escrito por":"Josep Mir\u00f3 i Ard\u00e8vol","Tiempo de lectura":"5 minutos"},"schema":{"@context":"https:\/\/schema.org","@graph":[{"@type":"Article","@id":"https:\/\/conversesacatalunya.cat\/es\/como-la-sociedad-puede-resolver-la-crisis-de-la-politica-y-los-partidos\/#article","isPartOf":{"@id":"https:\/\/conversesacatalunya.cat\/es\/como-la-sociedad-puede-resolver-la-crisis-de-la-politica-y-los-partidos\/"},"author":{"name":"Josep Mir\u00f3 i Ard\u00e8vol","@id":"https:\/\/conversesacatalunya.cat\/#\/schema\/person\/a9598a6786ba7d3d1c5e0de477b79370"},"headline":"La soluci\u00f3n ciudadana: c\u00f3mo la sociedad puede resolver la crisis de la pol\u00edtica y los partidos","datePublished":"2024-11-20T10:32:20+00:00","dateModified":"2024-11-20T11:57:33+00:00","mainEntityOfPage":{"@id":"https:\/\/conversesacatalunya.cat\/es\/como-la-sociedad-puede-resolver-la-crisis-de-la-politica-y-los-partidos\/"},"wordCount":933,"commentCount":0,"image":{"@id":"https:\/\/conversesacatalunya.cat\/es\/como-la-sociedad-puede-resolver-la-crisis-de-la-politica-y-los-partidos\/#primaryimage"},"thumbnailUrl":"https:\/\/conversesacatalunya.cat\/wp-content\/uploads\/2024\/10\/16.jpg","keywords":["I Conferencia c\u00edvica"],"articleSection":["Agenda (ES)","El Blog de Josep Mir\u00f3 i Ard\u00e8vol (ES)","Especial conferencia c\u00edvica"],"inLanguage":"es","potentialAction":[{"@type":"CommentAction","name":"Comment","target":["https:\/\/conversesacatalunya.cat\/es\/como-la-sociedad-puede-resolver-la-crisis-de-la-politica-y-los-partidos\/#respond"]}]},{"@type":"WebPage","@id":"https:\/\/conversesacatalunya.cat\/es\/como-la-sociedad-puede-resolver-la-crisis-de-la-politica-y-los-partidos\/","url":"https:\/\/conversesacatalunya.cat\/es\/como-la-sociedad-puede-resolver-la-crisis-de-la-politica-y-los-partidos\/","name":"La soluci\u00f3n ciudadana: c\u00f3mo la sociedad puede resolver la crisis de la pol\u00edtica y los partidos - Converses a Catalunya","isPartOf":{"@id":"https:\/\/conversesacatalunya.cat\/#website"},"primaryImageOfPage":{"@id":"https:\/\/conversesacatalunya.cat\/es\/como-la-sociedad-puede-resolver-la-crisis-de-la-politica-y-los-partidos\/#primaryimage"},"image":{"@id":"https:\/\/conversesacatalunya.cat\/es\/como-la-sociedad-puede-resolver-la-crisis-de-la-politica-y-los-partidos\/#primaryimage"},"thumbnailUrl":"https:\/\/conversesacatalunya.cat\/wp-content\/uploads\/2024\/10\/16.jpg","datePublished":"2024-11-20T10:32:20+00:00","dateModified":"2024-11-20T11:57:33+00:00","author":{"@id":"https:\/\/conversesacatalunya.cat\/#\/schema\/person\/a9598a6786ba7d3d1c5e0de477b79370"},"description":"La pol\u00edtica no es m\u00e1s que la acci\u00f3n organizada para mejorar el conjunto de la sociedad; dicho de forma m\u00e1s clara, es la consecuci\u00f3n del bien com\u00fan","breadcrumb":{"@id":"https:\/\/conversesacatalunya.cat\/es\/como-la-sociedad-puede-resolver-la-crisis-de-la-politica-y-los-partidos\/#breadcrumb"},"inLanguage":"es","potentialAction":[{"@type":"ReadAction","target":["https:\/\/conversesacatalunya.cat\/es\/como-la-sociedad-puede-resolver-la-crisis-de-la-politica-y-los-partidos\/"]}]},{"@type":"ImageObject","inLanguage":"es","@id":"https:\/\/conversesacatalunya.cat\/es\/como-la-sociedad-puede-resolver-la-crisis-de-la-politica-y-los-partidos\/#primaryimage","url":"https:\/\/conversesacatalunya.cat\/wp-content\/uploads\/2024\/10\/16.jpg","contentUrl":"https:\/\/conversesacatalunya.cat\/wp-content\/uploads\/2024\/10\/16.jpg","width":1080,"height":1080},{"@type":"BreadcrumbList","@id":"https:\/\/conversesacatalunya.cat\/es\/como-la-sociedad-puede-resolver-la-crisis-de-la-politica-y-los-partidos\/#breadcrumb","itemListElement":[{"@type":"ListItem","position":1,"name":"Inici","item":"https:\/\/conversesacatalunya.cat\/es\/"},{"@type":"ListItem","position":2,"name":"La soluci\u00f3n ciudadana: c\u00f3mo la sociedad puede resolver la crisis de la pol\u00edtica y los partidos"}]},{"@type":"WebSite","@id":"https:\/\/conversesacatalunya.cat\/#website","url":"https:\/\/conversesacatalunya.cat\/","name":"Converses a Catalunya","description":"","potentialAction":[{"@type":"SearchAction","target":{"@type":"EntryPoint","urlTemplate":"https:\/\/conversesacatalunya.cat\/?s={search_term_string}"},"query-input":{"@type":"PropertyValueSpecification","valueRequired":true,"valueName":"search_term_string"}}],"inLanguage":"es"},{"@type":"Person","@id":"https:\/\/conversesacatalunya.cat\/#\/schema\/person\/a9598a6786ba7d3d1c5e0de477b79370","name":"Josep Mir\u00f3 i Ard\u00e8vol","image":{"@type":"ImageObject","inLanguage":"es","@id":"https:\/\/conversesacatalunya.cat\/#\/schema\/person\/image\/","url":"https:\/\/conversesacatalunya.cat\/wp-content\/litespeed\/avatar\/c37e3dc881857483d6694cdf98fdedea.jpg?ver=1777270381","contentUrl":"https:\/\/conversesacatalunya.cat\/wp-content\/litespeed\/avatar\/c37e3dc881857483d6694cdf98fdedea.jpg?ver=1777270381","caption":"Josep Mir\u00f3 i Ard\u00e8vol"},"url":"https:\/\/conversesacatalunya.cat\/es\/author\/josep-miro-i-ardevol\/"}]}},"wps_subtitle":"La pol\u00edtica no es m\u00e1s que la acci\u00f3n organizada para mejorar el conjunto de la sociedad; dicho de forma m\u00e1s clara, es la consecuci\u00f3n del bien com\u00fan","_links":{"self":[{"href":"https:\/\/conversesacatalunya.cat\/es\/wp-json\/wp\/v2\/posts\/83755","targetHints":{"allow":["GET"]}}],"collection":[{"href":"https:\/\/conversesacatalunya.cat\/es\/wp-json\/wp\/v2\/posts"}],"about":[{"href":"https:\/\/conversesacatalunya.cat\/es\/wp-json\/wp\/v2\/types\/post"}],"author":[{"embeddable":true,"href":"https:\/\/conversesacatalunya.cat\/es\/wp-json\/wp\/v2\/users\/19"}],"replies":[{"embeddable":true,"href":"https:\/\/conversesacatalunya.cat\/es\/wp-json\/wp\/v2\/comments?post=83755"}],"version-history":[{"count":2,"href":"https:\/\/conversesacatalunya.cat\/es\/wp-json\/wp\/v2\/posts\/83755\/revisions"}],"predecessor-version":[{"id":83759,"href":"https:\/\/conversesacatalunya.cat\/es\/wp-json\/wp\/v2\/posts\/83755\/revisions\/83759"}],"wp:featuredmedia":[{"embeddable":true,"href":"https:\/\/conversesacatalunya.cat\/es\/wp-json\/wp\/v2\/media\/82474"}],"wp:attachment":[{"href":"https:\/\/conversesacatalunya.cat\/es\/wp-json\/wp\/v2\/media?parent=83755"}],"wp:term":[{"taxonomy":"category","embeddable":true,"href":"https:\/\/conversesacatalunya.cat\/es\/wp-json\/wp\/v2\/categories?post=83755"},{"taxonomy":"post_tag","embeddable":true,"href":"https:\/\/conversesacatalunya.cat\/es\/wp-json\/wp\/v2\/tags?post=83755"}],"curies":[{"name":"wp","href":"https:\/\/api.w.org\/{rel}","templated":true}]}}