{"id":83704,"date":"2024-11-19T11:22:30","date_gmt":"2024-11-19T10:22:30","guid":{"rendered":"https:\/\/conversesacatalunya.cat\/collboni-i-lescandol-del-pessebre\/"},"modified":"2024-11-19T12:10:35","modified_gmt":"2024-11-19T11:10:35","slug":"collboni-escandalo-pesebre","status":"publish","type":"post","link":"https:\/\/conversesacatalunya.cat\/es\/collboni-escandalo-pesebre\/","title":{"rendered":"Collboni y el esc\u00e1ndalo del pesebre. O cambiamos de ciudad o cambiamos de alcalde"},"content":{"rendered":"<p><span>Collboni, alcalde gracias al Partido Popular, ha vuelto a hacer de las suyas. Gobernando con tan solo 10 concejales de 41, sufre un d\u00e9ficit democr\u00e1tico evidente, ins\u00f3lito en cualquier otra ciudad de Europa. Ahora ha ido un paso m\u00e1s all\u00e1. Primero, <\/span><a href=\"https:\/\/conversesacatalunya.cat\/es\/collboni-cancela-la-misa-de-la-merce\/\" target=\"_blank\" rel=\"noopener\"><span>excluy\u00f3 el anuncio<\/span><\/a><span> de la misa de la Virgen de la Merc\u00e8 del programa de fiestas, que precisamente Barcelona celebra en conmemoraci\u00f3n de esta Virgen. As\u00ed segu\u00eda la pauta marcada por Colau.<\/span><\/p>\n<p><span>Pero ahora,\u00a0<\/span><strong><span>con el pesebre en la plaza de Sant Jaume ha ido a\u00fan m\u00e1s lejos: sencillamente lo ha eliminado del espacio p\u00fablico<\/span><\/strong><span>.\u00a0<\/span><span>Colau nunca se atrevi\u00f3 a tanto, ella se dedic\u00f3 a desvirtuarlo con versiones digamos creativas de esta tradici\u00f3n tan catalana y barcelonesa que arranca en el <\/span><strong><span>siglo XVII.<\/span><\/strong><\/p>\n<p><span>Es la primera vez desde el final de la Guerra Civil, incluidos los mandatos de otros alcaldes socialistas como Serra, Maragall, Clos\u00a0<\/span><span>o Hereu, que en la plaza de Sant Jaume no habr\u00e1 bel\u00e9n, sino una<\/span><strong><span>\u00a0estrella c\u00f3smica\u00a0<\/span><\/strong><span>con af\u00e1n cosmopolita.<\/span><\/p>\n<p><span>Lo peor de todo es la justificaci\u00f3n que ha dado Collboni para la cancelaci\u00f3n del pesebre: ha dicho que es\u00a0<\/span><strong><span>para no fomentar pol\u00e9micas<\/span><\/strong><span>, lo que indica una sensibilidad pol\u00edtica propia de la escasa representatividad democr\u00e1tica que posee. Pero la pol\u00e9mica comienza ahora con esa censura ins\u00f3lita. Adem\u00e1s, considerar que esta tradici\u00f3n tan arraigada es motivo de pol\u00e9mica es, de hecho, poner en cuesti\u00f3n la propia tradici\u00f3n, como ya hizo antes con la Merc\u00e8.<\/span><\/p>\n<p><span>Esto afecta a las entra\u00f1as de la ciudad, sus barrios y sus hogares, que siguen celebrando el pesebre, como bien lo explicita la feria dedicada a este fin, que se celebra a\u00f1o tras a\u00f1o con tanto \u00e9xito de asistencia en la plaza de la Catedral, a pocos metros de la plaza Sant Jaume, donde el pesebre est\u00e1 censurado. Es una contradicci\u00f3n may\u00fascula:\u00a0<\/span><strong><span>existe una gran celebraci\u00f3n ciudadana a favor del pesebre en la feria<\/span><\/strong><span>, mientras que el te\u00f3rico representante de la ciudad considera que esta pr\u00e1ctica solo comporta conflictos.<\/span><\/p>\n<p><span>Collboni es la expresi\u00f3n de este cosmopolitismo de mesa rasa que est\u00e1 liquidando la ciudad, la cultura catalana y, de paso, la lengua, que ya solo es utilizada como primera opci\u00f3n por un tercio de los habitantes de Barcelona. Somos una ciudad colonizada por el turismo y por los intereses inmobiliarios de negocios internacionales, donde el ciudadano medio, de toda la vida, va quedando como un reducto, siendo cada vez m\u00e1s observado como una reliquia, pese a ser quien contribuye decisivamente a mantener viva la ciudad.<\/span><\/p>\n<p><span>En esta acci\u00f3n contra el pesebre existe el intento de\u00a0<\/span><strong><span>reducir la fiesta de Navidad a una org\u00eda de compras<\/span><\/strong><span>. Sustituyen el nacimiento de Jes\u00fas por la idolatr\u00eda del consumo, una celebraci\u00f3n vac\u00eda de sentido. Son los mismos que, en las escuelas, sobre todo en las p\u00fablicas, vetan tambi\u00e9n el pesebre, sustituy\u00e9ndolo por anodinos \u201cno lugares\u201d que intentan celebrar un solsticio de invierno absolutamente alejado de toda participaci\u00f3n popular, tradici\u00f3n y cultura propia.<\/span><\/p>\n<p><span>La alcaldesa de una peque\u00f1a poblaci\u00f3n, Sant Salvador de Guardiola, Anna Llobet, ha tenido el acierto de dejar en evidencia a Collboni con una sola frase:\u00a0<\/span><em><span>\u201cHabr\u00e1 un pesebre tradicional (a nosotros no nos molesta ni nos ofende) y dos \u00abTios\u00bb gigantes por el pueblo. Tambi\u00e9n hacemos los Pastorets, que son un \u00e9xito. Barceloneses que no reconoce su ciudad: \u00a1est\u00e1s invitados a venir!\u201d<\/span><\/em><\/p>\n<p><span>Es exactamente eso:\u00a0<\/span><strong><span>los barceloneses ya no nos sentimos reconocidos en nuestra propia ciudad<\/span><\/strong><span>\u00a0ni en quien pretende ser nuestro alcalde. La soluci\u00f3n es evidente: o cambiamos de ciudad o cambiamos de alcalde.<\/span><\/p>\n<div id=\"polls-263\" class=\"wp-polls\">\n\t<form id=\"polls_form_263\" class=\"wp-polls-form\" action=\"\/index.php\" method=\"post\">\n\t\t<p style=\"display: none;\"><input type=\"hidden\" id=\"poll_263_nonce\" name=\"wp-polls-nonce\" value=\"15dd7ec94a\" \/><\/p>\n\t\t<p style=\"display: none;\"><input type=\"hidden\" name=\"poll_id\" value=\"263\" \/><\/p>\n\t\t<p style=\"text-align: center\"><strong>Est\u00e0s d'acord que una estrella substitueixi el pessebre de Nadal a la pla\u00e7a Sant Jaume de Barcelona?<\/strong><\/p><div id=\"polls-263-ans\" class=\"wp-polls-ans\"><ul class=\"wp-polls-ul\">\n\t\t<li><input type=\"radio\" id=\"poll-answer-742\" name=\"poll_263\" value=\"742\" \/> <label for=\"poll-answer-742\">S\u00ed<\/label><\/li>\n\t\t<li><input type=\"radio\" id=\"poll-answer-743\" name=\"poll_263\" value=\"743\" \/> <label for=\"poll-answer-743\">No<\/label><\/li>\n\t\t<li><input type=\"radio\" id=\"poll-answer-744\" name=\"poll_263\" value=\"744\" \/> <label for=\"poll-answer-744\">No ho s\u00e9<\/label><\/li>\n\t\t<\/ul><p style=\"text-align: center\"><input type=\"button\" name=\"vote\" value=\"   Vota   \" class=\"Buttons\" onclick=\"poll_vote(263);\" \/><\/p><p style=\"text-align: center\"><a href=\"#ViewPollResults\" onclick=\"poll_result(263); return false;\" title=\"View Results Of This Poll\">Mira els resultats<\/a><\/p><\/div>\n\t<\/form>\n<\/div>\n<div id=\"polls-263-loading\" class=\"wp-polls-loading\"><img decoding=\"async\" data-src=\"https:\/\/conversesacatalunya.cat\/wp-content\/plugins\/wp-polls\/images\/loading.gif\" width=\"16\" height=\"16\" alt=\"Cargando ...\" title=\"Cargando ...\" class=\"wp-polls-image lazyload\" src=\"data:image\/svg+xml;base64,PHN2ZyB3aWR0aD0iMSIgaGVpZ2h0PSIxIiB4bWxucz0iaHR0cDovL3d3dy53My5vcmcvMjAwMC9zdmciPjwvc3ZnPg==\" style=\"--smush-placeholder-width: 16px; --smush-placeholder-aspect-ratio: 16\/16;\" \/>&nbsp;Cargando ...<\/div>\n\n<div class=\"ssba-modern-2 ssba ssbp-wrap aligncenter ssbp--theme-1\"><\/div>\n","protected":false},"excerpt":{"rendered":"<p>Collboni, alcalde gracias al Partido Popular, ha vuelto a hacer de las suyas. Gobernando con tan solo 10 concejales de 41, sufre un d\u00e9ficit democr\u00e1tico evidente, ins\u00f3lito en cualquier otra ciudad de Europa. Ahora ha ido un paso m\u00e1s all\u00e1. Primero, excluy\u00f3 el anuncio de la misa de la Virgen de la Merc\u00e8 del programa de fiestas, que precisamente Barcelona celebra en conmemoraci\u00f3n de esta Virgen. As\u00ed segu\u00eda la pauta marcada por Colau. Pero ahora,\u00a0con el pesebre en la plaza de Sant Jaume ha ido a\u00fan m\u00e1s lejos: sencillamente lo ha eliminado del espacio p\u00fablico.\u00a0Colau nunca se atrevi\u00f3 a tanto, ella se dedic\u00f3 a desvirtuarlo con versiones digamos creativas de esta tradici\u00f3n tan catalana y barcelonesa que arranca en el siglo XVII. Es la primera vez desde el final de la Guerra Civil, incluidos los mandatos de otros alcaldes socialistas como Serra, Maragall, Clos\u00a0o Hereu, que en la plaza de Sant Jaume no habr\u00e1 bel\u00e9n, sino una\u00a0estrella c\u00f3smica\u00a0con af\u00e1n cosmopolita. Lo peor de todo es la justificaci\u00f3n que ha dado Collboni para la cancelaci\u00f3n del pesebre: ha dicho que es\u00a0para no fomentar pol\u00e9micas, lo que indica una sensibilidad pol\u00edtica propia de la escasa representatividad democr\u00e1tica que posee. Pero la pol\u00e9mica comienza ahora con esa censura ins\u00f3lita. Adem\u00e1s, considerar que esta tradici\u00f3n tan arraigada es motivo de pol\u00e9mica es, de hecho, poner en cuesti\u00f3n la propia tradici\u00f3n, como ya hizo antes con la Merc\u00e8. Esto afecta a las entra\u00f1as de la ciudad, sus barrios y sus hogares, que siguen celebrando el pesebre, como bien lo explicita la feria dedicada a este fin, que se celebra a\u00f1o tras a\u00f1o con tanto \u00e9xito de asistencia en la plaza de la Catedral, a pocos metros de la plaza Sant Jaume, donde el pesebre est\u00e1 censurado. Es una contradicci\u00f3n may\u00fascula:\u00a0existe una gran celebraci\u00f3n ciudadana a favor del pesebre en la feria, mientras que el te\u00f3rico representante de la ciudad considera que esta pr\u00e1ctica solo comporta conflictos. Collboni es la expresi\u00f3n de este cosmopolitismo de mesa rasa que est\u00e1 liquidando la ciudad, la cultura catalana y, de paso, la lengua, que ya solo es utilizada como primera opci\u00f3n por un tercio de los habitantes de Barcelona. Somos una ciudad colonizada por el turismo y por los intereses inmobiliarios de negocios internacionales, donde el ciudadano medio, de toda la vida, va quedando como un reducto, siendo cada vez m\u00e1s observado como una reliquia, pese a ser quien contribuye decisivamente a mantener viva la ciudad. En esta acci\u00f3n contra el pesebre existe el intento de\u00a0reducir la fiesta de Navidad a una org\u00eda de compras. Sustituyen el nacimiento de Jes\u00fas por la idolatr\u00eda del consumo, una celebraci\u00f3n vac\u00eda de sentido. Son los mismos que, en las escuelas, sobre todo en las p\u00fablicas, vetan tambi\u00e9n el pesebre, sustituy\u00e9ndolo por anodinos \u201cno lugares\u201d que intentan celebrar un solsticio de invierno absolutamente alejado de toda participaci\u00f3n popular, tradici\u00f3n y cultura propia. La alcaldesa de una peque\u00f1a poblaci\u00f3n, Sant Salvador de Guardiola, Anna Llobet, ha tenido el acierto de dejar en evidencia a Collboni con una sola frase:\u00a0\u201cHabr\u00e1 un pesebre tradicional (a nosotros no nos molesta ni nos ofende) y dos \u00abTios\u00bb gigantes por el pueblo. Tambi\u00e9n hacemos los Pastorets, que son un \u00e9xito. Barceloneses que no reconoce su ciudad: \u00a1est\u00e1s invitados a venir!\u201d Es exactamente eso:\u00a0los barceloneses ya no nos sentimos reconocidos en nuestra propia ciudad\u00a0ni en quien pretende ser nuestro alcalde. La soluci\u00f3n es evidente: o cambiamos de ciudad o cambiamos de alcalde.<\/p>\n","protected":false},"author":77,"featured_media":83701,"comment_status":"open","ping_status":"open","sticky":false,"template":"","format":"standard","meta":{"_FSMCFIC_featured_image_caption":"","_FSMCFIC_featured_image_nocaption":"","_FSMCFIC_featured_image_hide":"","footnotes":""},"categories":[3787,806],"tags":[1039,3194,1044],"class_list":["post-83704","post","type-post","status-publish","format-standard","has-post-thumbnail","hentry","category-expedient-barcelona-es","category-punts-claus-del-dia-es","tag-nadal-es","tag-pesebre","tag-pessebre-es"],"yoast_head":"<!-- This site is optimized with the Yoast SEO plugin v26.8 - https:\/\/yoast.com\/product\/yoast-seo-wordpress\/ -->\n<title>Collboni y el esc\u00e1ndalo del pesebre. O cambiamos de ciudad o cambiamos de alcalde - Converses a Catalunya<\/title>\n<meta name=\"description\" content=\"Los barceloneses ya no nos sentimos reconocidos en nuestra propia ciudad, ni en quien pretende ser nuestro alcalde\" \/>\n<meta name=\"robots\" content=\"index, follow, max-snippet:-1, max-image-preview:large, max-video-preview:-1\" \/>\n<link rel=\"canonical\" href=\"https:\/\/conversesacatalunya.cat\/es\/collboni-escandalo-pesebre\/\" \/>\n<meta property=\"og:locale\" content=\"es_ES\" \/>\n<meta property=\"og:type\" content=\"article\" \/>\n<meta property=\"og:title\" content=\"Collboni y el esc\u00e1ndalo del pesebre. O cambiamos de ciudad o cambiamos de alcalde - Converses a Catalunya\" \/>\n<meta property=\"og:description\" content=\"Los barceloneses ya no nos sentimos reconocidos en nuestra propia ciudad, ni en quien pretende ser nuestro alcalde\" \/>\n<meta property=\"og:url\" content=\"https:\/\/conversesacatalunya.cat\/es\/collboni-escandalo-pesebre\/\" \/>\n<meta property=\"og:site_name\" content=\"Converses a Catalunya\" \/>\n<meta property=\"article:published_time\" content=\"2024-11-19T10:22:30+00:00\" \/>\n<meta property=\"article:modified_time\" content=\"2024-11-19T11:10:35+00:00\" \/>\n<meta property=\"og:image\" content=\"https:\/\/conversesacatalunya.cat\/wp-content\/uploads\/2024\/11\/pesebre2024.png\" \/>\n\t<meta property=\"og:image:width\" content=\"911\" \/>\n\t<meta property=\"og:image:height\" content=\"506\" \/>\n\t<meta property=\"og:image:type\" content=\"image\/png\" \/>\n<meta name=\"author\" content=\"Enric Casanovas\" \/>\n<meta name=\"twitter:card\" content=\"summary_large_image\" \/>\n<meta name=\"twitter:label1\" content=\"Escrito por\" \/>\n\t<meta name=\"twitter:data1\" content=\"Enric Casanovas\" \/>\n\t<meta name=\"twitter:label2\" content=\"Tiempo de lectura\" \/>\n\t<meta name=\"twitter:data2\" content=\"3 minutos\" \/>\n<script type=\"application\/ld+json\" class=\"yoast-schema-graph\">{\"@context\":\"https:\/\/schema.org\",\"@graph\":[{\"@type\":\"Article\",\"@id\":\"https:\/\/conversesacatalunya.cat\/es\/collboni-escandalo-pesebre\/#article\",\"isPartOf\":{\"@id\":\"https:\/\/conversesacatalunya.cat\/es\/collboni-escandalo-pesebre\/\"},\"author\":{\"name\":\"Enric Casanovas\",\"@id\":\"https:\/\/conversesacatalunya.cat\/#\/schema\/person\/79bd0577b2f3afc8d6519d207c6e8609\"},\"headline\":\"Collboni y el esc\u00e1ndalo del pesebre. O cambiamos de ciudad o cambiamos de alcalde\",\"datePublished\":\"2024-11-19T10:22:30+00:00\",\"dateModified\":\"2024-11-19T11:10:35+00:00\",\"mainEntityOfPage\":{\"@id\":\"https:\/\/conversesacatalunya.cat\/es\/collboni-escandalo-pesebre\/\"},\"wordCount\":650,\"commentCount\":0,\"image\":{\"@id\":\"https:\/\/conversesacatalunya.cat\/es\/collboni-escandalo-pesebre\/#primaryimage\"},\"thumbnailUrl\":\"https:\/\/conversesacatalunya.cat\/wp-content\/uploads\/2024\/11\/pesebre2024.png\",\"keywords\":[\"Nadal\",\"Pesebre\",\"pessebre\"],\"articleSection\":[\"Expedient Barcelona (ES)\",\"Punts clau del dia (ES)\"],\"inLanguage\":\"es\",\"potentialAction\":[{\"@type\":\"CommentAction\",\"name\":\"Comment\",\"target\":[\"https:\/\/conversesacatalunya.cat\/es\/collboni-escandalo-pesebre\/#respond\"]}]},{\"@type\":\"WebPage\",\"@id\":\"https:\/\/conversesacatalunya.cat\/es\/collboni-escandalo-pesebre\/\",\"url\":\"https:\/\/conversesacatalunya.cat\/es\/collboni-escandalo-pesebre\/\",\"name\":\"Collboni y el esc\u00e1ndalo del pesebre. O cambiamos de ciudad o cambiamos de alcalde - Converses a Catalunya\",\"isPartOf\":{\"@id\":\"https:\/\/conversesacatalunya.cat\/#website\"},\"primaryImageOfPage\":{\"@id\":\"https:\/\/conversesacatalunya.cat\/es\/collboni-escandalo-pesebre\/#primaryimage\"},\"image\":{\"@id\":\"https:\/\/conversesacatalunya.cat\/es\/collboni-escandalo-pesebre\/#primaryimage\"},\"thumbnailUrl\":\"https:\/\/conversesacatalunya.cat\/wp-content\/uploads\/2024\/11\/pesebre2024.png\",\"datePublished\":\"2024-11-19T10:22:30+00:00\",\"dateModified\":\"2024-11-19T11:10:35+00:00\",\"author\":{\"@id\":\"https:\/\/conversesacatalunya.cat\/#\/schema\/person\/79bd0577b2f3afc8d6519d207c6e8609\"},\"description\":\"Los barceloneses ya no nos sentimos reconocidos en nuestra propia ciudad, ni en quien pretende ser nuestro alcalde\",\"breadcrumb\":{\"@id\":\"https:\/\/conversesacatalunya.cat\/es\/collboni-escandalo-pesebre\/#breadcrumb\"},\"inLanguage\":\"es\",\"potentialAction\":[{\"@type\":\"ReadAction\",\"target\":[\"https:\/\/conversesacatalunya.cat\/es\/collboni-escandalo-pesebre\/\"]}]},{\"@type\":\"ImageObject\",\"inLanguage\":\"es\",\"@id\":\"https:\/\/conversesacatalunya.cat\/es\/collboni-escandalo-pesebre\/#primaryimage\",\"url\":\"https:\/\/conversesacatalunya.cat\/wp-content\/uploads\/2024\/11\/pesebre2024.png\",\"contentUrl\":\"https:\/\/conversesacatalunya.cat\/wp-content\/uploads\/2024\/11\/pesebre2024.png\",\"width\":911,\"height\":506,\"caption\":\"Collboni i pessebre\"},{\"@type\":\"BreadcrumbList\",\"@id\":\"https:\/\/conversesacatalunya.cat\/es\/collboni-escandalo-pesebre\/#breadcrumb\",\"itemListElement\":[{\"@type\":\"ListItem\",\"position\":1,\"name\":\"Inici\",\"item\":\"https:\/\/conversesacatalunya.cat\/es\/\"},{\"@type\":\"ListItem\",\"position\":2,\"name\":\"Collboni y el esc\u00e1ndalo del pesebre. O cambiamos de ciudad o cambiamos de alcalde\"}]},{\"@type\":\"WebSite\",\"@id\":\"https:\/\/conversesacatalunya.cat\/#website\",\"url\":\"https:\/\/conversesacatalunya.cat\/\",\"name\":\"Converses a Catalunya\",\"description\":\"\",\"potentialAction\":[{\"@type\":\"SearchAction\",\"target\":{\"@type\":\"EntryPoint\",\"urlTemplate\":\"https:\/\/conversesacatalunya.cat\/?s={search_term_string}\"},\"query-input\":{\"@type\":\"PropertyValueSpecification\",\"valueRequired\":true,\"valueName\":\"search_term_string\"}}],\"inLanguage\":\"es\"},{\"@type\":\"Person\",\"@id\":\"https:\/\/conversesacatalunya.cat\/#\/schema\/person\/79bd0577b2f3afc8d6519d207c6e8609\",\"name\":\"Enric Casanovas\",\"image\":{\"@type\":\"ImageObject\",\"inLanguage\":\"es\",\"@id\":\"https:\/\/conversesacatalunya.cat\/#\/schema\/person\/image\/\",\"url\":\"https:\/\/conversesacatalunya.cat\/wp-content\/litespeed\/avatar\/7ae4379ad4421ec77820e92afd36dd78.jpg?ver=1777373933\",\"contentUrl\":\"https:\/\/conversesacatalunya.cat\/wp-content\/litespeed\/avatar\/7ae4379ad4421ec77820e92afd36dd78.jpg?ver=1777373933\",\"caption\":\"Enric Casanovas\"},\"url\":\"https:\/\/conversesacatalunya.cat\/es\/author\/enric-casanovas\/\"}]}<\/script>\n<!-- \/ Yoast SEO plugin. -->","yoast_head_json":{"title":"Collboni y el esc\u00e1ndalo del pesebre. O cambiamos de ciudad o cambiamos de alcalde - Converses a Catalunya","description":"Los barceloneses ya no nos sentimos reconocidos en nuestra propia ciudad, ni en quien pretende ser nuestro alcalde","robots":{"index":"index","follow":"follow","max-snippet":"max-snippet:-1","max-image-preview":"max-image-preview:large","max-video-preview":"max-video-preview:-1"},"canonical":"https:\/\/conversesacatalunya.cat\/es\/collboni-escandalo-pesebre\/","og_locale":"es_ES","og_type":"article","og_title":"Collboni y el esc\u00e1ndalo del pesebre. O cambiamos de ciudad o cambiamos de alcalde - Converses a Catalunya","og_description":"Los barceloneses ya no nos sentimos reconocidos en nuestra propia ciudad, ni en quien pretende ser nuestro alcalde","og_url":"https:\/\/conversesacatalunya.cat\/es\/collboni-escandalo-pesebre\/","og_site_name":"Converses a Catalunya","article_published_time":"2024-11-19T10:22:30+00:00","article_modified_time":"2024-11-19T11:10:35+00:00","og_image":[{"width":911,"height":506,"url":"https:\/\/conversesacatalunya.cat\/wp-content\/uploads\/2024\/11\/pesebre2024.png","type":"image\/png"}],"author":"Enric Casanovas","twitter_card":"summary_large_image","twitter_misc":{"Escrito por":"Enric Casanovas","Tiempo de lectura":"3 minutos"},"schema":{"@context":"https:\/\/schema.org","@graph":[{"@type":"Article","@id":"https:\/\/conversesacatalunya.cat\/es\/collboni-escandalo-pesebre\/#article","isPartOf":{"@id":"https:\/\/conversesacatalunya.cat\/es\/collboni-escandalo-pesebre\/"},"author":{"name":"Enric Casanovas","@id":"https:\/\/conversesacatalunya.cat\/#\/schema\/person\/79bd0577b2f3afc8d6519d207c6e8609"},"headline":"Collboni y el esc\u00e1ndalo del pesebre. O cambiamos de ciudad o cambiamos de alcalde","datePublished":"2024-11-19T10:22:30+00:00","dateModified":"2024-11-19T11:10:35+00:00","mainEntityOfPage":{"@id":"https:\/\/conversesacatalunya.cat\/es\/collboni-escandalo-pesebre\/"},"wordCount":650,"commentCount":0,"image":{"@id":"https:\/\/conversesacatalunya.cat\/es\/collboni-escandalo-pesebre\/#primaryimage"},"thumbnailUrl":"https:\/\/conversesacatalunya.cat\/wp-content\/uploads\/2024\/11\/pesebre2024.png","keywords":["Nadal","Pesebre","pessebre"],"articleSection":["Expedient Barcelona (ES)","Punts clau del dia (ES)"],"inLanguage":"es","potentialAction":[{"@type":"CommentAction","name":"Comment","target":["https:\/\/conversesacatalunya.cat\/es\/collboni-escandalo-pesebre\/#respond"]}]},{"@type":"WebPage","@id":"https:\/\/conversesacatalunya.cat\/es\/collboni-escandalo-pesebre\/","url":"https:\/\/conversesacatalunya.cat\/es\/collboni-escandalo-pesebre\/","name":"Collboni y el esc\u00e1ndalo del pesebre. O cambiamos de ciudad o cambiamos de alcalde - Converses a Catalunya","isPartOf":{"@id":"https:\/\/conversesacatalunya.cat\/#website"},"primaryImageOfPage":{"@id":"https:\/\/conversesacatalunya.cat\/es\/collboni-escandalo-pesebre\/#primaryimage"},"image":{"@id":"https:\/\/conversesacatalunya.cat\/es\/collboni-escandalo-pesebre\/#primaryimage"},"thumbnailUrl":"https:\/\/conversesacatalunya.cat\/wp-content\/uploads\/2024\/11\/pesebre2024.png","datePublished":"2024-11-19T10:22:30+00:00","dateModified":"2024-11-19T11:10:35+00:00","author":{"@id":"https:\/\/conversesacatalunya.cat\/#\/schema\/person\/79bd0577b2f3afc8d6519d207c6e8609"},"description":"Los barceloneses ya no nos sentimos reconocidos en nuestra propia ciudad, ni en quien pretende ser nuestro alcalde","breadcrumb":{"@id":"https:\/\/conversesacatalunya.cat\/es\/collboni-escandalo-pesebre\/#breadcrumb"},"inLanguage":"es","potentialAction":[{"@type":"ReadAction","target":["https:\/\/conversesacatalunya.cat\/es\/collboni-escandalo-pesebre\/"]}]},{"@type":"ImageObject","inLanguage":"es","@id":"https:\/\/conversesacatalunya.cat\/es\/collboni-escandalo-pesebre\/#primaryimage","url":"https:\/\/conversesacatalunya.cat\/wp-content\/uploads\/2024\/11\/pesebre2024.png","contentUrl":"https:\/\/conversesacatalunya.cat\/wp-content\/uploads\/2024\/11\/pesebre2024.png","width":911,"height":506,"caption":"Collboni i pessebre"},{"@type":"BreadcrumbList","@id":"https:\/\/conversesacatalunya.cat\/es\/collboni-escandalo-pesebre\/#breadcrumb","itemListElement":[{"@type":"ListItem","position":1,"name":"Inici","item":"https:\/\/conversesacatalunya.cat\/es\/"},{"@type":"ListItem","position":2,"name":"Collboni y el esc\u00e1ndalo del pesebre. O cambiamos de ciudad o cambiamos de alcalde"}]},{"@type":"WebSite","@id":"https:\/\/conversesacatalunya.cat\/#website","url":"https:\/\/conversesacatalunya.cat\/","name":"Converses a Catalunya","description":"","potentialAction":[{"@type":"SearchAction","target":{"@type":"EntryPoint","urlTemplate":"https:\/\/conversesacatalunya.cat\/?s={search_term_string}"},"query-input":{"@type":"PropertyValueSpecification","valueRequired":true,"valueName":"search_term_string"}}],"inLanguage":"es"},{"@type":"Person","@id":"https:\/\/conversesacatalunya.cat\/#\/schema\/person\/79bd0577b2f3afc8d6519d207c6e8609","name":"Enric Casanovas","image":{"@type":"ImageObject","inLanguage":"es","@id":"https:\/\/conversesacatalunya.cat\/#\/schema\/person\/image\/","url":"https:\/\/conversesacatalunya.cat\/wp-content\/litespeed\/avatar\/7ae4379ad4421ec77820e92afd36dd78.jpg?ver=1777373933","contentUrl":"https:\/\/conversesacatalunya.cat\/wp-content\/litespeed\/avatar\/7ae4379ad4421ec77820e92afd36dd78.jpg?ver=1777373933","caption":"Enric Casanovas"},"url":"https:\/\/conversesacatalunya.cat\/es\/author\/enric-casanovas\/"}]}},"wps_subtitle":"Los barceloneses ya no nos sentimos reconocidos en nuestra propia ciudad, ni en quien pretende ser nuestro alcalde","_links":{"self":[{"href":"https:\/\/conversesacatalunya.cat\/es\/wp-json\/wp\/v2\/posts\/83704","targetHints":{"allow":["GET"]}}],"collection":[{"href":"https:\/\/conversesacatalunya.cat\/es\/wp-json\/wp\/v2\/posts"}],"about":[{"href":"https:\/\/conversesacatalunya.cat\/es\/wp-json\/wp\/v2\/types\/post"}],"author":[{"embeddable":true,"href":"https:\/\/conversesacatalunya.cat\/es\/wp-json\/wp\/v2\/users\/77"}],"replies":[{"embeddable":true,"href":"https:\/\/conversesacatalunya.cat\/es\/wp-json\/wp\/v2\/comments?post=83704"}],"version-history":[{"count":2,"href":"https:\/\/conversesacatalunya.cat\/es\/wp-json\/wp\/v2\/posts\/83704\/revisions"}],"predecessor-version":[{"id":83706,"href":"https:\/\/conversesacatalunya.cat\/es\/wp-json\/wp\/v2\/posts\/83704\/revisions\/83706"}],"wp:featuredmedia":[{"embeddable":true,"href":"https:\/\/conversesacatalunya.cat\/es\/wp-json\/wp\/v2\/media\/83701"}],"wp:attachment":[{"href":"https:\/\/conversesacatalunya.cat\/es\/wp-json\/wp\/v2\/media?parent=83704"}],"wp:term":[{"taxonomy":"category","embeddable":true,"href":"https:\/\/conversesacatalunya.cat\/es\/wp-json\/wp\/v2\/categories?post=83704"},{"taxonomy":"post_tag","embeddable":true,"href":"https:\/\/conversesacatalunya.cat\/es\/wp-json\/wp\/v2\/tags?post=83704"}],"curies":[{"name":"wp","href":"https:\/\/api.w.org\/{rel}","templated":true}]}}