{"id":83515,"date":"2024-11-15T11:10:08","date_gmt":"2024-11-15T10:10:08","guid":{"rendered":"https:\/\/conversesacatalunya.cat\/el-simbol-sagrat-del-nostre-temps-lavortament-massiu\/"},"modified":"2024-11-18T11:52:42","modified_gmt":"2024-11-18T10:52:42","slug":"el-simbolo-sagrado-de-nuestro-tiempo-el-aborto-masivo","status":"publish","type":"post","link":"https:\/\/conversesacatalunya.cat\/es\/el-simbolo-sagrado-de-nuestro-tiempo-el-aborto-masivo\/","title":{"rendered":"El s\u00edmbolo sagrado de nuestro tiempo: el aborto masivo"},"content":{"rendered":"<p style=\"text-align: justify;\">Las elecciones en Estados Unidos, especialmente por parte de la candidata dem\u00f3crata Kamala Harris, ponen de manifiesto el car\u00e1cter central del aborto en la significaci\u00f3n y el posicionamiento pol\u00edtico actual. La cuesti\u00f3n despierta pasiones, y el aborto, que en un primer momento se justificaba como un mal menor, se ha convertido en un derecho constitucional.<\/p>\n<p style=\"text-align: justify;\">Este cambio se ha consagrado pol\u00edticamente por figuras como Emmanuel Macron en Francia y tambi\u00e9n por Pedro S\u00e1nchez, quien, con voluntad de doblar la apuesta,\u00a0<a href=\"https:\/\/www.forumlibertas.com\/sanchez-lanza-la-guerra-cultural-para-intentar-revertir-su-derrota-electoral\/\" target=\"_blank\" rel=\"noopener\">propone incorporar ese derecho<\/a>\u00a0junto al matrimonio homosexual desde el PSOE, en el congreso que tendr\u00e1 lugar en Sevilla a finales de noviembre.<\/p>\n<p style=\"text-align: justify;\">El aborto ha adquirido una significaci\u00f3n tan relevante que su generosa aceptaci\u00f3n, sin demasiadas restricciones, sit\u00faa a sus defensores en el \u201cbando bueno de la historia\u201d, mientras que cualquier oposici\u00f3n o intento de restricci\u00f3n convierte a sus detractores en \u201cfachas reaccionarios\u201d. Como s\u00edmbolo sacralizado, el debate racional es casi imposible, y a menudo parece cancelarse la posibilidad de razonamiento p\u00fablico. Se sospecha que esta falta de debate se debe a la inseguridad respecto a lo que se defiende.Es raro que, si realmente se quiere una decisi\u00f3n razonada, se persigan policial y penalmente a peque\u00f1os grupos que simplemente rezan ante cl\u00ednicas de aborto. Es un hecho ins\u00f3lito: persecuci\u00f3n por orar.<\/p>\n<p style=\"text-align: justify;\">Tambi\u00e9n resulta sorprendente que, si se desea una decisi\u00f3n bien informada por parte de la mujer, se haya eliminado la informaci\u00f3n m\u00ednima por escrito sobre posibles alternativas. No se considera la necesidad de ofrecer otras opciones reales a la tragedia que puede suponer un aborto, ni tampoco de acompa\u00f1ar a la mujer en un proceso de reflexi\u00f3n para que entienda el alcance de su decisi\u00f3n y las consecuencias que tambi\u00e9n puede tener para ella.Es moralmente discutible y peligroso para la salud que no se informe sobre los riesgos del estr\u00e9s postraum\u00e1tico que sufren muchas mujeres que han abortado y que pueden llegar a sufrir consecuencias muy graves, a menudo sin atenci\u00f3n m\u00e9dica adecuada.<\/p>\n<p style=\"text-align: justify;\">Las cl\u00ednicas de aborto, en definitiva, son negocios privados que no ofrecen soporte posterior, y la sanidad p\u00fablica tampoco est\u00e1 preparada para esa atenci\u00f3n. Simplemente, esta patolog\u00eda derivada de haber interrumpido de forma traum\u00e1tica un proceso natural, como es el embarazo, no existe para el sistema sanitario. Tampoco parece razonable prohibir la escucha del latido del feto o la visi\u00f3n de im\u00e1genes, negando as\u00ed una realidad evidente: la <strong>condici\u00f3n humana del feto<\/strong>.El argumento del\u00a0<strong>aborto como s\u00edmbolo sacralizado\u00a0<\/strong>se basa en una premisa falsa: \u00ab<strong>el derecho de la mujer sobre su propio cuerpo\u00bb<\/strong>. M\u00e1s all\u00e1 de que nadie tiene ese derecho de forma ilimitada \u2014por ejemplo, no se puede vender un ri\u00f1\u00f3n ni suicidarse libremente\u2014, la evidencia nos dice que\u00a0<strong>el ser<\/strong>\u00a0<strong>humano engendrado no forma parte del cuerpo de la madre\u00a0<\/strong>como si fuera una extensi\u00f3n suya.<\/p>\n<p style=\"text-align: justify;\">Es una realidad independiente, definida por su propio c\u00f3digo gen\u00e9tico \u00fanico e irrepetible que aparece en el momento en que la c\u00e9lula fecundada comienza a dividirse. Desde ese instante, ya existe un ser humano que nada tiene que ver con la madre, salvo que es una individualidad diferente que inicia un proceso de transformaci\u00f3n, donde el nacimiento es un punto de inflexi\u00f3n, pero no comporta ning\u00fan cambio de naturaleza.Es evidente que el ser humano no aparece repentinamente en el acto de nacer, sino que, incluso despu\u00e9s del nacimiento, sigue sometido a un proceso de desarrollo que comporta muchos cambios, especialmente en la formaci\u00f3n de la conciencia.<\/p>\n<p style=\"text-align: justify;\">El aborto, en t\u00e9rminos objetivos, supone matar a un ser humano que, dejado en su din\u00e1mica natural, se convertir\u00eda en alguien como usted o como yo. Ni el derecho al propio cuerpo, ni otras caricaturas grotescas tienen sentido en ese contexto. Tanto es as\u00ed que los cient\u00edficos que trabajan con embriones humanos nunca les dejan vivir m\u00e1s\u00a0all\u00e1 del d\u00eda 14\u00a0, es la conocida como \u00ab<strong>regla de los 14 d\u00edas<\/strong>\u00bb porque saben que all\u00ed hay una humanidad espec\u00edfica.<\/p>\n<p style=\"text-align: justify;\">Ciertamente, el feto es totalmente dependiente de la madre. Pero A) Esta caracter\u00edstica tambi\u00e9n se da durante mucho tiempo despu\u00e9s del nacimiento, y esto no justifica legalmente su muerte. B) El cuidador, en ning\u00fan caso, tiene derecho a disponer de la vida del ser humano que cuida. Si un enfermo de demencia senil en la fase final de su vida es matado por su cuidador, se comete un homicidio. El cuidado de la madre por el beb\u00e9 engendrado no otorga el derecho a disponer de su vida por inter\u00e9s propio.<\/p>\n<p style=\"text-align: justify;\">Pero \u00bf<strong>por qu\u00e9 se producen abortos, y por qu\u00e9 son tan masivos<\/strong>? Son la consecuencia de un embarazo no deseado y rechazado. Es el resultado de un acto sexual cuyas consecuencias no se quer\u00edan. La pregunta es evidente: \u00bfel placer debe pasar por encima de la vida? Una cultura que admite esta supremac\u00eda -propia de una sociedad desvinculada- es una sociedad en decadencia, hacia su colapso. La historia nos muestra que cuando en una cultura el placer se impone al deber, el resultado es el declive y la ca\u00edda. En este contexto, el aborto se convierte en un s\u00edmbolo potente, no de lo que defiende el feminismo, sino de la decadencia y la autodestrucci\u00f3n.Nunca como hoy han estado tan disponibles los m\u00e9todos anticonceptivos y, sin embargo, el aborto es masivo. Esto indica que la promiscuidad y la falta de control sobre las pasiones sexuales es desmedida.<\/p>\n<p style=\"text-align: justify;\">Quiz\u00e1s ser\u00eda hora de correlacionar esta realidad con otra:\u00a0<strong>la creciente violencia sexual\u00a0<\/strong>que cada a\u00f1o afecta a miles de mujeres y que sigue aumentando. Son dos caras de la misma moneda, que el feminismo de g\u00e9nero, como cualquier ideolog\u00eda totalitaria, se niega a ver a causa de su fanatismo ideol\u00f3gico.Por \u00faltimo, es importante\u00a0<strong>considerar el da\u00f1o colectivo<\/strong>. En Catalu\u00f1a y en Espa\u00f1a hace a\u00f1os que mueren m\u00e1s personas de las que nacen, la tasa de fecundidad est\u00e1 por el suelo, y los abortos ya representan uno de cada tres nacimientos. Quiz\u00e1s los partidarios de la independencia, te\u00f3ricos defensores de la naci\u00f3n catalana, deber\u00edan reflexionar sobre este camino que conduce a nuestra desaparici\u00f3n como pueblo a causa de nuestras propias decisiones.<\/p>\n<div id=\"polls-262\" class=\"wp-polls\">\n\t<form id=\"polls_form_262\" class=\"wp-polls-form\" action=\"\/index.php\" method=\"post\">\n\t\t<p style=\"display: none;\"><input type=\"hidden\" id=\"poll_262_nonce\" name=\"wp-polls-nonce\" value=\"3149dfcaac\" \/><\/p>\n\t\t<p style=\"display: none;\"><input type=\"hidden\" name=\"poll_id\" value=\"262\" \/><\/p>\n\t\t<p style=\"text-align: center\"><strong>Creus que Trump ser\u00e0 un bon president pels EUA?<\/strong><\/p><div id=\"polls-262-ans\" class=\"wp-polls-ans\"><ul class=\"wp-polls-ul\">\n\t\t<li><input type=\"radio\" id=\"poll-answer-739\" name=\"poll_262\" value=\"739\" \/> <label for=\"poll-answer-739\">S\u00ed<\/label><\/li>\n\t\t<li><input type=\"radio\" id=\"poll-answer-740\" name=\"poll_262\" value=\"740\" \/> <label for=\"poll-answer-740\">No<\/label><\/li>\n\t\t<li><input type=\"radio\" id=\"poll-answer-741\" name=\"poll_262\" value=\"741\" \/> <label for=\"poll-answer-741\">No ho s\u00e9<\/label><\/li>\n\t\t<\/ul><p style=\"text-align: center\"><input type=\"button\" name=\"vote\" value=\"   Vota   \" class=\"Buttons\" onclick=\"poll_vote(262);\" \/><\/p><p style=\"text-align: center\"><a href=\"#ViewPollResults\" onclick=\"poll_result(262); return false;\" title=\"View Results Of This Poll\">Mira els resultats<\/a><\/p><\/div>\n\t<\/form>\n<\/div>\n<div id=\"polls-262-loading\" class=\"wp-polls-loading\"><img decoding=\"async\" data-src=\"https:\/\/conversesacatalunya.cat\/wp-content\/plugins\/wp-polls\/images\/loading.gif\" width=\"16\" height=\"16\" alt=\"Cargando ...\" title=\"Cargando ...\" class=\"wp-polls-image lazyload\" src=\"data:image\/svg+xml;base64,PHN2ZyB3aWR0aD0iMSIgaGVpZ2h0PSIxIiB4bWxucz0iaHR0cDovL3d3dy53My5vcmcvMjAwMC9zdmciPjwvc3ZnPg==\" style=\"--smush-placeholder-width: 16px; --smush-placeholder-aspect-ratio: 16\/16;\" \/>&nbsp;Cargando ...<\/div>\n\n","protected":false},"excerpt":{"rendered":"<p>Las elecciones en Estados Unidos, especialmente por parte de la candidata dem\u00f3crata Kamala Harris, ponen de manifiesto el car\u00e1cter central del aborto en la significaci\u00f3n y el posicionamiento pol\u00edtico actual. La cuesti\u00f3n despierta pasiones, y el aborto, que en un primer momento se justificaba como un mal menor, se ha convertido en un derecho constitucional. Este cambio se ha consagrado pol\u00edticamente por figuras como Emmanuel Macron en Francia y tambi\u00e9n por Pedro S\u00e1nchez, quien, con voluntad de doblar la apuesta,\u00a0propone incorporar ese derecho\u00a0junto al matrimonio homosexual desde el PSOE, en el congreso que tendr\u00e1 lugar en Sevilla a finales de noviembre. El aborto ha adquirido una significaci\u00f3n tan relevante que su generosa aceptaci\u00f3n, sin demasiadas restricciones, sit\u00faa a sus defensores en el \u201cbando bueno de la historia\u201d, mientras que cualquier oposici\u00f3n o intento de restricci\u00f3n convierte a sus detractores en \u201cfachas reaccionarios\u201d. Como s\u00edmbolo sacralizado, el debate racional es casi imposible, y a menudo parece cancelarse la posibilidad de razonamiento p\u00fablico. Se sospecha que esta falta de debate se debe a la inseguridad respecto a lo que se defiende.Es raro que, si realmente se quiere una decisi\u00f3n razonada, se persigan policial y penalmente a peque\u00f1os grupos que simplemente rezan ante cl\u00ednicas de aborto. Es un hecho ins\u00f3lito: persecuci\u00f3n por orar. Tambi\u00e9n resulta sorprendente que, si se desea una decisi\u00f3n bien informada por parte de la mujer, se haya eliminado la informaci\u00f3n m\u00ednima por escrito sobre posibles alternativas. No se considera la necesidad de ofrecer otras opciones reales a la tragedia que puede suponer un aborto, ni tampoco de acompa\u00f1ar a la mujer en un proceso de reflexi\u00f3n para que entienda el alcance de su decisi\u00f3n y las consecuencias que tambi\u00e9n puede tener para ella.Es moralmente discutible y peligroso para la salud que no se informe sobre los riesgos del estr\u00e9s postraum\u00e1tico que sufren muchas mujeres que han abortado y que pueden llegar a sufrir consecuencias muy graves, a menudo sin atenci\u00f3n m\u00e9dica adecuada. Las cl\u00ednicas de aborto, en definitiva, son negocios privados que no ofrecen soporte posterior, y la sanidad p\u00fablica tampoco est\u00e1 preparada para esa atenci\u00f3n. Simplemente, esta patolog\u00eda derivada de haber interrumpido de forma traum\u00e1tica un proceso natural, como es el embarazo, no existe para el sistema sanitario. Tampoco parece razonable prohibir la escucha del latido del feto o la visi\u00f3n de im\u00e1genes, negando as\u00ed una realidad evidente: la condici\u00f3n humana del feto.El argumento del\u00a0aborto como s\u00edmbolo sacralizado\u00a0se basa en una premisa falsa: \u00abel derecho de la mujer sobre su propio cuerpo\u00bb. M\u00e1s all\u00e1 de que nadie tiene ese derecho de forma ilimitada \u2014por ejemplo, no se puede vender un ri\u00f1\u00f3n ni suicidarse libremente\u2014, la evidencia nos dice que\u00a0el ser\u00a0humano engendrado no forma parte del cuerpo de la madre\u00a0como si fuera una extensi\u00f3n suya. Es una realidad independiente, definida por su propio c\u00f3digo gen\u00e9tico \u00fanico e irrepetible que aparece en el momento en que la c\u00e9lula fecundada comienza a dividirse. Desde ese instante, ya existe un ser humano que nada tiene que ver con la madre, salvo que es una individualidad diferente que inicia un proceso de transformaci\u00f3n, donde el nacimiento es un punto de inflexi\u00f3n, pero no comporta ning\u00fan cambio de naturaleza.Es evidente que el ser humano no aparece repentinamente en el acto de nacer, sino que, incluso despu\u00e9s del nacimiento, sigue sometido a un proceso de desarrollo que comporta muchos cambios, especialmente en la formaci\u00f3n de la conciencia. El aborto, en t\u00e9rminos objetivos, supone matar a un ser humano que, dejado en su din\u00e1mica natural, se convertir\u00eda en alguien como usted o como yo. Ni el derecho al propio cuerpo, ni otras caricaturas grotescas tienen sentido en ese contexto. Tanto es as\u00ed que los cient\u00edficos que trabajan con embriones humanos nunca les dejan vivir m\u00e1s\u00a0all\u00e1 del d\u00eda 14\u00a0, es la conocida como \u00abregla de los 14 d\u00edas\u00bb porque saben que all\u00ed hay una humanidad espec\u00edfica. Ciertamente, el feto es totalmente dependiente de la madre. Pero A) Esta caracter\u00edstica tambi\u00e9n se da durante mucho tiempo despu\u00e9s del nacimiento, y esto no justifica legalmente su muerte. B) El cuidador, en ning\u00fan caso, tiene derecho a disponer de la vida del ser humano que cuida. Si un enfermo de demencia senil en la fase final de su vida es matado por su cuidador, se comete un homicidio. El cuidado de la madre por el beb\u00e9 engendrado no otorga el derecho a disponer de su vida por inter\u00e9s propio. Pero \u00bfpor qu\u00e9 se producen abortos, y por qu\u00e9 son tan masivos? Son la consecuencia de un embarazo no deseado y rechazado. Es el resultado de un acto sexual cuyas consecuencias no se quer\u00edan. La pregunta es evidente: \u00bfel placer debe pasar por encima de la vida? Una cultura que admite esta supremac\u00eda -propia de una sociedad desvinculada- es una sociedad en decadencia, hacia su colapso. La historia nos muestra que cuando en una cultura el placer se impone al deber, el resultado es el declive y la ca\u00edda. En este contexto, el aborto se convierte en un s\u00edmbolo potente, no de lo que defiende el feminismo, sino de la decadencia y la autodestrucci\u00f3n.Nunca como hoy han estado tan disponibles los m\u00e9todos anticonceptivos y, sin embargo, el aborto es masivo. Esto indica que la promiscuidad y la falta de control sobre las pasiones sexuales es desmedida. Quiz\u00e1s ser\u00eda hora de correlacionar esta realidad con otra:\u00a0la creciente violencia sexual\u00a0que cada a\u00f1o afecta a miles de mujeres y que sigue aumentando. Son dos caras de la misma moneda, que el feminismo de g\u00e9nero, como cualquier ideolog\u00eda totalitaria, se niega a ver a causa de su fanatismo ideol\u00f3gico.Por \u00faltimo, es importante\u00a0considerar el da\u00f1o colectivo. En Catalu\u00f1a y en Espa\u00f1a hace a\u00f1os que mueren m\u00e1s personas de las que nacen, la tasa de fecundidad est\u00e1 por el suelo, y los abortos ya representan uno de cada tres nacimientos. Quiz\u00e1s los partidarios de la independencia, te\u00f3ricos defensores de la naci\u00f3n catalana, deber\u00edan reflexionar sobre este camino que conduce a nuestra desaparici\u00f3n como pueblo a causa de nuestras propias decisiones.<\/p>\n","protected":false},"author":19,"featured_media":83501,"comment_status":"open","ping_status":"open","sticky":false,"template":"","format":"standard","meta":{"_FSMCFIC_featured_image_caption":"","_FSMCFIC_featured_image_nocaption":"","_FSMCFIC_featured_image_hide":"","footnotes":""},"categories":[806],"tags":[2573],"class_list":["post-83515","post","type-post","status-publish","format-standard","has-post-thumbnail","hentry","category-punts-claus-del-dia-es","tag-aborto"],"yoast_head":"<!-- This site is optimized with the Yoast SEO plugin v26.8 - https:\/\/yoast.com\/product\/yoast-seo-wordpress\/ -->\n<title>El s\u00edmbolo sagrado de nuestro tiempo: el aborto masivo - Converses a Catalunya<\/title>\n<meta name=\"description\" content=\"El aborto: debate moral, pol\u00edtico y social en el centro de la sociedad contemporanea\" \/>\n<meta name=\"robots\" content=\"index, follow, max-snippet:-1, max-image-preview:large, max-video-preview:-1\" \/>\n<link rel=\"canonical\" href=\"https:\/\/conversesacatalunya.cat\/es\/el-simbolo-sagrado-de-nuestro-tiempo-el-aborto-masivo\/\" \/>\n<meta property=\"og:locale\" content=\"es_ES\" \/>\n<meta property=\"og:type\" content=\"article\" \/>\n<meta property=\"og:title\" content=\"El s\u00edmbolo sagrado de nuestro tiempo: el aborto masivo - Converses a Catalunya\" \/>\n<meta property=\"og:description\" content=\"El aborto: debate moral, pol\u00edtico y social en el centro de la sociedad contemporanea\" \/>\n<meta property=\"og:url\" content=\"https:\/\/conversesacatalunya.cat\/es\/el-simbolo-sagrado-de-nuestro-tiempo-el-aborto-masivo\/\" \/>\n<meta property=\"og:site_name\" content=\"Converses a Catalunya\" \/>\n<meta property=\"article:published_time\" content=\"2024-11-15T10:10:08+00:00\" \/>\n<meta property=\"article:modified_time\" content=\"2024-11-18T10:52:42+00:00\" \/>\n<meta property=\"og:image\" content=\"https:\/\/conversesacatalunya.cat\/wp-content\/uploads\/2024\/11\/avortament.jpg\" \/>\n\t<meta property=\"og:image:width\" content=\"687\" \/>\n\t<meta property=\"og:image:height\" content=\"503\" \/>\n\t<meta property=\"og:image:type\" content=\"image\/jpeg\" \/>\n<meta name=\"author\" content=\"Josep Mir\u00f3 i Ard\u00e8vol\" \/>\n<meta name=\"twitter:card\" content=\"summary_large_image\" \/>\n<meta name=\"twitter:label1\" content=\"Escrito por\" \/>\n\t<meta name=\"twitter:data1\" content=\"Josep Mir\u00f3 i Ard\u00e8vol\" \/>\n\t<meta name=\"twitter:label2\" content=\"Tiempo de lectura\" \/>\n\t<meta name=\"twitter:data2\" content=\"5 minutos\" \/>\n<script type=\"application\/ld+json\" class=\"yoast-schema-graph\">{\"@context\":\"https:\/\/schema.org\",\"@graph\":[{\"@type\":\"Article\",\"@id\":\"https:\/\/conversesacatalunya.cat\/es\/el-simbolo-sagrado-de-nuestro-tiempo-el-aborto-masivo\/#article\",\"isPartOf\":{\"@id\":\"https:\/\/conversesacatalunya.cat\/es\/el-simbolo-sagrado-de-nuestro-tiempo-el-aborto-masivo\/\"},\"author\":{\"name\":\"Josep Mir\u00f3 i Ard\u00e8vol\",\"@id\":\"https:\/\/conversesacatalunya.cat\/#\/schema\/person\/a9598a6786ba7d3d1c5e0de477b79370\"},\"headline\":\"El s\u00edmbolo sagrado de nuestro tiempo: el aborto masivo\",\"datePublished\":\"2024-11-15T10:10:08+00:00\",\"dateModified\":\"2024-11-18T10:52:42+00:00\",\"mainEntityOfPage\":{\"@id\":\"https:\/\/conversesacatalunya.cat\/es\/el-simbolo-sagrado-de-nuestro-tiempo-el-aborto-masivo\/\"},\"wordCount\":1107,\"commentCount\":0,\"image\":{\"@id\":\"https:\/\/conversesacatalunya.cat\/es\/el-simbolo-sagrado-de-nuestro-tiempo-el-aborto-masivo\/#primaryimage\"},\"thumbnailUrl\":\"https:\/\/conversesacatalunya.cat\/wp-content\/uploads\/2024\/11\/avortament.jpg\",\"keywords\":[\"aborto\"],\"articleSection\":[\"Punts clau del dia (ES)\"],\"inLanguage\":\"es\",\"potentialAction\":[{\"@type\":\"CommentAction\",\"name\":\"Comment\",\"target\":[\"https:\/\/conversesacatalunya.cat\/es\/el-simbolo-sagrado-de-nuestro-tiempo-el-aborto-masivo\/#respond\"]}]},{\"@type\":\"WebPage\",\"@id\":\"https:\/\/conversesacatalunya.cat\/es\/el-simbolo-sagrado-de-nuestro-tiempo-el-aborto-masivo\/\",\"url\":\"https:\/\/conversesacatalunya.cat\/es\/el-simbolo-sagrado-de-nuestro-tiempo-el-aborto-masivo\/\",\"name\":\"El s\u00edmbolo sagrado de nuestro tiempo: el aborto masivo - Converses a Catalunya\",\"isPartOf\":{\"@id\":\"https:\/\/conversesacatalunya.cat\/#website\"},\"primaryImageOfPage\":{\"@id\":\"https:\/\/conversesacatalunya.cat\/es\/el-simbolo-sagrado-de-nuestro-tiempo-el-aborto-masivo\/#primaryimage\"},\"image\":{\"@id\":\"https:\/\/conversesacatalunya.cat\/es\/el-simbolo-sagrado-de-nuestro-tiempo-el-aborto-masivo\/#primaryimage\"},\"thumbnailUrl\":\"https:\/\/conversesacatalunya.cat\/wp-content\/uploads\/2024\/11\/avortament.jpg\",\"datePublished\":\"2024-11-15T10:10:08+00:00\",\"dateModified\":\"2024-11-18T10:52:42+00:00\",\"author\":{\"@id\":\"https:\/\/conversesacatalunya.cat\/#\/schema\/person\/a9598a6786ba7d3d1c5e0de477b79370\"},\"description\":\"El aborto: debate moral, pol\u00edtico y social en el centro de la sociedad contemporanea\",\"breadcrumb\":{\"@id\":\"https:\/\/conversesacatalunya.cat\/es\/el-simbolo-sagrado-de-nuestro-tiempo-el-aborto-masivo\/#breadcrumb\"},\"inLanguage\":\"es\",\"potentialAction\":[{\"@type\":\"ReadAction\",\"target\":[\"https:\/\/conversesacatalunya.cat\/es\/el-simbolo-sagrado-de-nuestro-tiempo-el-aborto-masivo\/\"]}]},{\"@type\":\"ImageObject\",\"inLanguage\":\"es\",\"@id\":\"https:\/\/conversesacatalunya.cat\/es\/el-simbolo-sagrado-de-nuestro-tiempo-el-aborto-masivo\/#primaryimage\",\"url\":\"https:\/\/conversesacatalunya.cat\/wp-content\/uploads\/2024\/11\/avortament.jpg\",\"contentUrl\":\"https:\/\/conversesacatalunya.cat\/wp-content\/uploads\/2024\/11\/avortament.jpg\",\"width\":687,\"height\":503},{\"@type\":\"BreadcrumbList\",\"@id\":\"https:\/\/conversesacatalunya.cat\/es\/el-simbolo-sagrado-de-nuestro-tiempo-el-aborto-masivo\/#breadcrumb\",\"itemListElement\":[{\"@type\":\"ListItem\",\"position\":1,\"name\":\"Inici\",\"item\":\"https:\/\/conversesacatalunya.cat\/es\/\"},{\"@type\":\"ListItem\",\"position\":2,\"name\":\"El s\u00edmbolo sagrado de nuestro tiempo: el aborto masivo\"}]},{\"@type\":\"WebSite\",\"@id\":\"https:\/\/conversesacatalunya.cat\/#website\",\"url\":\"https:\/\/conversesacatalunya.cat\/\",\"name\":\"Converses a Catalunya\",\"description\":\"\",\"potentialAction\":[{\"@type\":\"SearchAction\",\"target\":{\"@type\":\"EntryPoint\",\"urlTemplate\":\"https:\/\/conversesacatalunya.cat\/?s={search_term_string}\"},\"query-input\":{\"@type\":\"PropertyValueSpecification\",\"valueRequired\":true,\"valueName\":\"search_term_string\"}}],\"inLanguage\":\"es\"},{\"@type\":\"Person\",\"@id\":\"https:\/\/conversesacatalunya.cat\/#\/schema\/person\/a9598a6786ba7d3d1c5e0de477b79370\",\"name\":\"Josep Mir\u00f3 i Ard\u00e8vol\",\"image\":{\"@type\":\"ImageObject\",\"inLanguage\":\"es\",\"@id\":\"https:\/\/conversesacatalunya.cat\/#\/schema\/person\/image\/\",\"url\":\"https:\/\/conversesacatalunya.cat\/wp-content\/litespeed\/avatar\/c37e3dc881857483d6694cdf98fdedea.jpg?ver=1777270381\",\"contentUrl\":\"https:\/\/conversesacatalunya.cat\/wp-content\/litespeed\/avatar\/c37e3dc881857483d6694cdf98fdedea.jpg?ver=1777270381\",\"caption\":\"Josep Mir\u00f3 i Ard\u00e8vol\"},\"url\":\"https:\/\/conversesacatalunya.cat\/es\/author\/josep-miro-i-ardevol\/\"}]}<\/script>\n<!-- \/ Yoast SEO plugin. -->","yoast_head_json":{"title":"El s\u00edmbolo sagrado de nuestro tiempo: el aborto masivo - Converses a Catalunya","description":"El aborto: debate moral, pol\u00edtico y social en el centro de la sociedad contemporanea","robots":{"index":"index","follow":"follow","max-snippet":"max-snippet:-1","max-image-preview":"max-image-preview:large","max-video-preview":"max-video-preview:-1"},"canonical":"https:\/\/conversesacatalunya.cat\/es\/el-simbolo-sagrado-de-nuestro-tiempo-el-aborto-masivo\/","og_locale":"es_ES","og_type":"article","og_title":"El s\u00edmbolo sagrado de nuestro tiempo: el aborto masivo - Converses a Catalunya","og_description":"El aborto: debate moral, pol\u00edtico y social en el centro de la sociedad contemporanea","og_url":"https:\/\/conversesacatalunya.cat\/es\/el-simbolo-sagrado-de-nuestro-tiempo-el-aborto-masivo\/","og_site_name":"Converses a Catalunya","article_published_time":"2024-11-15T10:10:08+00:00","article_modified_time":"2024-11-18T10:52:42+00:00","og_image":[{"width":687,"height":503,"url":"https:\/\/conversesacatalunya.cat\/wp-content\/uploads\/2024\/11\/avortament.jpg","type":"image\/jpeg"}],"author":"Josep Mir\u00f3 i Ard\u00e8vol","twitter_card":"summary_large_image","twitter_misc":{"Escrito por":"Josep Mir\u00f3 i Ard\u00e8vol","Tiempo de lectura":"5 minutos"},"schema":{"@context":"https:\/\/schema.org","@graph":[{"@type":"Article","@id":"https:\/\/conversesacatalunya.cat\/es\/el-simbolo-sagrado-de-nuestro-tiempo-el-aborto-masivo\/#article","isPartOf":{"@id":"https:\/\/conversesacatalunya.cat\/es\/el-simbolo-sagrado-de-nuestro-tiempo-el-aborto-masivo\/"},"author":{"name":"Josep Mir\u00f3 i Ard\u00e8vol","@id":"https:\/\/conversesacatalunya.cat\/#\/schema\/person\/a9598a6786ba7d3d1c5e0de477b79370"},"headline":"El s\u00edmbolo sagrado de nuestro tiempo: el aborto masivo","datePublished":"2024-11-15T10:10:08+00:00","dateModified":"2024-11-18T10:52:42+00:00","mainEntityOfPage":{"@id":"https:\/\/conversesacatalunya.cat\/es\/el-simbolo-sagrado-de-nuestro-tiempo-el-aborto-masivo\/"},"wordCount":1107,"commentCount":0,"image":{"@id":"https:\/\/conversesacatalunya.cat\/es\/el-simbolo-sagrado-de-nuestro-tiempo-el-aborto-masivo\/#primaryimage"},"thumbnailUrl":"https:\/\/conversesacatalunya.cat\/wp-content\/uploads\/2024\/11\/avortament.jpg","keywords":["aborto"],"articleSection":["Punts clau del dia (ES)"],"inLanguage":"es","potentialAction":[{"@type":"CommentAction","name":"Comment","target":["https:\/\/conversesacatalunya.cat\/es\/el-simbolo-sagrado-de-nuestro-tiempo-el-aborto-masivo\/#respond"]}]},{"@type":"WebPage","@id":"https:\/\/conversesacatalunya.cat\/es\/el-simbolo-sagrado-de-nuestro-tiempo-el-aborto-masivo\/","url":"https:\/\/conversesacatalunya.cat\/es\/el-simbolo-sagrado-de-nuestro-tiempo-el-aborto-masivo\/","name":"El s\u00edmbolo sagrado de nuestro tiempo: el aborto masivo - Converses a Catalunya","isPartOf":{"@id":"https:\/\/conversesacatalunya.cat\/#website"},"primaryImageOfPage":{"@id":"https:\/\/conversesacatalunya.cat\/es\/el-simbolo-sagrado-de-nuestro-tiempo-el-aborto-masivo\/#primaryimage"},"image":{"@id":"https:\/\/conversesacatalunya.cat\/es\/el-simbolo-sagrado-de-nuestro-tiempo-el-aborto-masivo\/#primaryimage"},"thumbnailUrl":"https:\/\/conversesacatalunya.cat\/wp-content\/uploads\/2024\/11\/avortament.jpg","datePublished":"2024-11-15T10:10:08+00:00","dateModified":"2024-11-18T10:52:42+00:00","author":{"@id":"https:\/\/conversesacatalunya.cat\/#\/schema\/person\/a9598a6786ba7d3d1c5e0de477b79370"},"description":"El aborto: debate moral, pol\u00edtico y social en el centro de la sociedad contemporanea","breadcrumb":{"@id":"https:\/\/conversesacatalunya.cat\/es\/el-simbolo-sagrado-de-nuestro-tiempo-el-aborto-masivo\/#breadcrumb"},"inLanguage":"es","potentialAction":[{"@type":"ReadAction","target":["https:\/\/conversesacatalunya.cat\/es\/el-simbolo-sagrado-de-nuestro-tiempo-el-aborto-masivo\/"]}]},{"@type":"ImageObject","inLanguage":"es","@id":"https:\/\/conversesacatalunya.cat\/es\/el-simbolo-sagrado-de-nuestro-tiempo-el-aborto-masivo\/#primaryimage","url":"https:\/\/conversesacatalunya.cat\/wp-content\/uploads\/2024\/11\/avortament.jpg","contentUrl":"https:\/\/conversesacatalunya.cat\/wp-content\/uploads\/2024\/11\/avortament.jpg","width":687,"height":503},{"@type":"BreadcrumbList","@id":"https:\/\/conversesacatalunya.cat\/es\/el-simbolo-sagrado-de-nuestro-tiempo-el-aborto-masivo\/#breadcrumb","itemListElement":[{"@type":"ListItem","position":1,"name":"Inici","item":"https:\/\/conversesacatalunya.cat\/es\/"},{"@type":"ListItem","position":2,"name":"El s\u00edmbolo sagrado de nuestro tiempo: el aborto masivo"}]},{"@type":"WebSite","@id":"https:\/\/conversesacatalunya.cat\/#website","url":"https:\/\/conversesacatalunya.cat\/","name":"Converses a Catalunya","description":"","potentialAction":[{"@type":"SearchAction","target":{"@type":"EntryPoint","urlTemplate":"https:\/\/conversesacatalunya.cat\/?s={search_term_string}"},"query-input":{"@type":"PropertyValueSpecification","valueRequired":true,"valueName":"search_term_string"}}],"inLanguage":"es"},{"@type":"Person","@id":"https:\/\/conversesacatalunya.cat\/#\/schema\/person\/a9598a6786ba7d3d1c5e0de477b79370","name":"Josep Mir\u00f3 i Ard\u00e8vol","image":{"@type":"ImageObject","inLanguage":"es","@id":"https:\/\/conversesacatalunya.cat\/#\/schema\/person\/image\/","url":"https:\/\/conversesacatalunya.cat\/wp-content\/litespeed\/avatar\/c37e3dc881857483d6694cdf98fdedea.jpg?ver=1777270381","contentUrl":"https:\/\/conversesacatalunya.cat\/wp-content\/litespeed\/avatar\/c37e3dc881857483d6694cdf98fdedea.jpg?ver=1777270381","caption":"Josep Mir\u00f3 i Ard\u00e8vol"},"url":"https:\/\/conversesacatalunya.cat\/es\/author\/josep-miro-i-ardevol\/"}]}},"wps_subtitle":"El aborto: debate moral, pol\u00edtico y social en el centro de la sociedad contemporanea","_links":{"self":[{"href":"https:\/\/conversesacatalunya.cat\/es\/wp-json\/wp\/v2\/posts\/83515","targetHints":{"allow":["GET"]}}],"collection":[{"href":"https:\/\/conversesacatalunya.cat\/es\/wp-json\/wp\/v2\/posts"}],"about":[{"href":"https:\/\/conversesacatalunya.cat\/es\/wp-json\/wp\/v2\/types\/post"}],"author":[{"embeddable":true,"href":"https:\/\/conversesacatalunya.cat\/es\/wp-json\/wp\/v2\/users\/19"}],"replies":[{"embeddable":true,"href":"https:\/\/conversesacatalunya.cat\/es\/wp-json\/wp\/v2\/comments?post=83515"}],"version-history":[{"count":5,"href":"https:\/\/conversesacatalunya.cat\/es\/wp-json\/wp\/v2\/posts\/83515\/revisions"}],"predecessor-version":[{"id":83562,"href":"https:\/\/conversesacatalunya.cat\/es\/wp-json\/wp\/v2\/posts\/83515\/revisions\/83562"}],"wp:featuredmedia":[{"embeddable":true,"href":"https:\/\/conversesacatalunya.cat\/es\/wp-json\/wp\/v2\/media\/83501"}],"wp:attachment":[{"href":"https:\/\/conversesacatalunya.cat\/es\/wp-json\/wp\/v2\/media?parent=83515"}],"wp:term":[{"taxonomy":"category","embeddable":true,"href":"https:\/\/conversesacatalunya.cat\/es\/wp-json\/wp\/v2\/categories?post=83515"},{"taxonomy":"post_tag","embeddable":true,"href":"https:\/\/conversesacatalunya.cat\/es\/wp-json\/wp\/v2\/tags?post=83515"}],"curies":[{"name":"wp","href":"https:\/\/api.w.org\/{rel}","templated":true}]}}