{"id":83486,"date":"2024-11-14T11:05:39","date_gmt":"2024-11-14T10:05:39","guid":{"rendered":"https:\/\/conversesacatalunya.cat\/sense-una-societat-civil-forta-i-organitzada-sempre-estarem-en-mans-dels-mals-governs\/"},"modified":"2024-11-14T15:13:28","modified_gmt":"2024-11-14T14:13:28","slug":"sin-una-sociedad-civil-fuerte-y-organizada-siempre-estaremos-en-manos-de-los-malos-gobiernos","status":"publish","type":"post","link":"https:\/\/conversesacatalunya.cat\/es\/sin-una-sociedad-civil-fuerte-y-organizada-siempre-estaremos-en-manos-de-los-malos-gobiernos\/","title":{"rendered":"Sin una sociedad civil fuerte y organizada, siempre estaremos en manos de los malos gobiernos"},"content":{"rendered":"<p><span>Es evidente que hay un rechazo generalizado e intenso a los partidos y a la forma en que se hace la pol\u00edtica. A menudo, se confunde con \u00abla Pol\u00edtica\u00bb, cuando tan s\u00f3lo se trata de lo que est\u00e1n haciendo los partidos. La pol\u00edtica es mucho m\u00e1s ancha, ya que expresa toda actividad dirigida a construir el bien com\u00fan, es decir, \u00abel conjunto de condiciones de la vida social que hacen posible a las asociaciones y a cada uno de sus miembros el logro m\u00e1s pleno y m\u00e1s f\u00e1cil de la propia perfecci\u00f3n\u00bb. Esto es la pol\u00edtica\u2026 o deber\u00eda serlo.<\/span><\/p>\n<p><strong><span>La responsabilidad del rechazo recae en los partidos<\/span><\/strong><span>; por lo menos, eso dicen las encuestas, que ya se\u00f1alan la pol\u00edtica como el principal problema para la gente. \u00a1Mira por d\u00f3nde! Lo que, en teor\u00eda, deber\u00eda servir para mejorar las cosas, es un gran problema; m\u00e1s o menos como si el m\u00e9dico contribuyera a extender la enfermedad en lugar de controlarla y curarla.<\/span><\/p>\n<p><span>Sin embargo, asignar toda la responsabilidad a los partidos y gobiernos es incompleto.\u00a0<\/span><strong><span>Una parte muy importante recae en nosotros<\/span><\/strong><span>, los ciudadanos, pero no lo asumimos, puesto que somos exigentes hacia los dem\u00e1s e indulgentes con nuestras propias carencias. Nos refugiamos en la cr\u00edtica estorca de acci\u00f3n y prop\u00f3sito.<\/span><\/p>\n<p><span>La ciudadan\u00eda en general no est\u00e1 informada sobre la pol\u00edtica real, m\u00e1s all\u00e1 de los reproches que se lanzan los pol\u00edticos. Hay que decir que no es f\u00e1cil estarlo, puesto que los medios de comunicaci\u00f3n, m\u00e1s atentos al esc\u00e1ndalo que a los contenidos, no ayudan. Sin embargo, con un poco de buena voluntad se puede forjar criterio.<\/span><\/p>\n<p><span>Por supuesto, esto ser\u00eda m\u00e1s sencillo si las personas formaran parte de clubes, grupos c\u00edvicos o c\u00edrculos de debate pol\u00edtico, que les faciliten el acceso a un mejor conocimiento. Esto, en nuestro pa\u00eds, apenas existe. Fuera de la vida endog\u00e1mica de los partidos, poco m\u00e1s que no sean plataformas a su servicio. Por eso tiene tanto inter\u00e9s Converses en Catalu\u00f1a, un \u00e1mbito de reflexi\u00f3n y opini\u00f3n, porque no est\u00e1 casado con ninguna sigla pol\u00edtica.<\/span><\/p>\n<figure id=\"attachment_82943\" aria-describedby=\"caption-attachment-82943\" style=\"width: 600px\" class=\"wp-caption aligncenter\"><img fetchpriority=\"high\" decoding=\"async\" class=\"size-us_600_600_crop wp-image-82943\" src=\"https:\/\/conversesacatalunya.cat\/wp-content\/uploads\/2024\/10\/INVITACIO-CONFCIVICA-600x600.png\" alt=\"confer\u00e8ncia c\u00edvica\" width=\"600\" height=\"600\" srcset=\"https:\/\/conversesacatalunya.cat\/wp-content\/uploads\/2024\/10\/INVITACIO-CONFCIVICA-600x600.png 600w, https:\/\/conversesacatalunya.cat\/wp-content\/uploads\/2024\/10\/INVITACIO-CONFCIVICA-300x300.png 300w, https:\/\/conversesacatalunya.cat\/wp-content\/uploads\/2024\/10\/INVITACIO-CONFCIVICA-1024x1024.png 1024w, https:\/\/conversesacatalunya.cat\/wp-content\/uploads\/2024\/10\/INVITACIO-CONFCIVICA-150x150.png 150w, https:\/\/conversesacatalunya.cat\/wp-content\/uploads\/2024\/10\/INVITACIO-CONFCIVICA-350x350.png 350w, https:\/\/conversesacatalunya.cat\/wp-content\/uploads\/2024\/10\/INVITACIO-CONFCIVICA.png 1654w\" sizes=\"(max-width: 600px) 100vw, 600px\" \/><figcaption id=\"caption-attachment-82943\" class=\"wp-caption-text\"><a href=\"http:\/\/CONVERSESACATALUNYA.CAT\/CONFERENCIACIVICA\" target=\"_blank\" rel=\"noopener\">M\u00c9S INFORMACI\u00d3 I INSCRIPCIONS AQU\u00cd<\/a><\/figcaption><\/figure>\n<p>&nbsp;<\/p>\n<p><span>Dado el\u00a0<\/span><strong><span>poco inter\u00e9s y seguimiento de la pr\u00e1ctica pol\u00edtica y de la acci\u00f3n de gobierno<\/span><\/strong><span>, no hay est\u00edmulos ni incentivos para gobernar bien. Si no hay un m\u00ednimo de p\u00fablico entendido, la pr\u00e1ctica de un \u00e1mbito \u2014sea un deporte, teatro o pol\u00edtica\u2014degenera. El resultado es bien visible:\u00a0<\/span><strong><span>falta un seguimiento cr\u00edtico, exigente y bien informado. Sin embargo, nunca recuperaremos el buen gobierno, ya que el paso del tiempo ha agotado la hornada m\u00e1s o menos idealista y bien preparada de la transici\u00f3n<\/span><\/strong><span>.<\/span><\/p>\n<p><span>Si queremos un buen gobierno, necesitamos una sociedad civil fuerte y no partidista, que se manifieste a trav\u00e9s de organizaciones independientes, cuya finalidad sea la b\u00fasqueda del bien com\u00fan sin \u00e1nimo de beneficio propio. \u00c9sta es una debilidad muy acusada en Espa\u00f1a: en 2018 s\u00f3lo el 32% de la poblaci\u00f3n pertenec\u00eda a alg\u00fan tipo de asociaci\u00f3n y, de este porcentaje, la mayor\u00eda pertenece a entidades deportivas. En 1990, esa cifra era del 73%.<\/span><\/p>\n<p><span>Catalu\u00f1a siempre ha tenido una gran tradici\u00f3n asociativa, pero con el paso de los a\u00f1os, y a lo largo de este siglo, se ha ido homogeneizando con Espa\u00f1a en ese d\u00e9ficit.<\/span><\/p>\n<p><span>Por si la debilidad no fuera suficiente, existe una tendencia extraordinaria de que las organizaciones de la sociedad civil se confundan con la pol\u00edtica partidista, lo que s\u00f3lo favorece el aumento de la partitocracia y del mal gobierno. De hecho, los partidos pol\u00edticos tienden cada vez m\u00e1s a realizar funciones de activismo, cuando deber\u00edan estar centrados en el debate interno de las pol\u00edticas p\u00fablicas, a transmitirlas a la opini\u00f3n ciudadana y a canalizar de forma ordenada sus puntos de vista. \u00c9sta es su funci\u00f3n fundamental y lo que justifica su existencia.<\/span><\/p>\n<p><strong><span>La pol\u00edtica de partidos ocupa toda la esfera p\u00fablica<\/span><\/strong><span>, incluidos los medios de comunicaci\u00f3n, que viven en una permanente relaci\u00f3n de amor-odio con los partidos: de amor con aquellos que siguen la l\u00ednea del diario, la televisi\u00f3n o la radio, y de odio hacia los contrarios. Hoy, este c\u00e1ncer medi\u00e1tico corroe a la sociedad y asfixia a las organizaciones de la sociedad civil, que no tienen espacio p\u00fablico para hacerse presentes porque los medios las desprecian, sobre todo si son independientes o contrarias a la l\u00ednea de ese medio.<\/span><\/p>\n<p><strong><span>Es necesario crear un espacio lo m\u00e1s fuerte posible de car\u00e1cter c\u00edvico, que exprese los puntos de vista de la sociedad civil en la vida p\u00fablica<\/span><\/strong><span>, que los haga llegar a los partidos y al conjunto de la ciudadan\u00eda, que proponga iniciativas, que se mueva para exigirlas, que cree conciencia de estas exigencias. Una de estas necesidades es que Catalu\u00f1a disponga, de una vez por todas, de un sistema electoral propio en lugar de utilizar una normativa espa\u00f1ola de car\u00e1cter provisional elaborada durante la transici\u00f3n. Necesitamos un sistema electoral que ponga a los ciudadanos, los electores, en primer t\u00e9rmino y les d\u00e9 una verdadera capacidad de decidir.\u00a0<\/span><\/p>\n<p><span>Una organizaci\u00f3n civil fuerte y no partidista debe ser capaz de alzar la voz sobre cuestiones que en muchos momentos molestar\u00e1n a los gobiernos o ser\u00e1n indeseadas por las dos bandas de la banqueta, gobierno y oposici\u00f3n, como sucedi\u00f3 con la falta de rendici\u00f3n de cuentas con el desastre de la COVID, algo que se puede reproducir con la tragedia valenciana. Porque, al final, unos y otros prefieren no da\u00f1arse mutuamente.<\/span><\/p>\n<p><span>Por todo ello, la\u00a0<\/span><a href=\"http:\/\/conversesacatalunya.cat\/conferenciacivica\" target=\"_blank\" rel=\"noopener\"><strong><span>Conferencia C\u00edvica de Acci\u00f3n Pol\u00edtica<\/span><\/strong><\/a><span> (CCAP) de 14 de diciembre es de gran inter\u00e9s e importancia, porque pretende dar respuesta al deterioro de la pol\u00edtica, a las ineficacias de los gobiernos y a la debilidad de la sociedad civil. Se trata de que nos encontremos personas con vocaci\u00f3n de servicio, hoy interesadas en la construcci\u00f3n del bien com\u00fan de nuestro pa\u00eds.<\/span><\/p>\n<h3><strong><span>\u00bfYa conoces la CCAP? Inscr\u00edbete aqu\u00ed:\u00a0<\/span><\/strong><\/h3>\n<h3 style=\"text-align: center;\"><strong><a href=\"http:\/\/conversesacatalunya.cat\/conferenciacivica\" target=\"_blank\" rel=\"noopener\"> I Confer\u00e8ncia C\u00edvica d&#8217;Acci\u00f3 Pol\u00edtica<\/a><\/strong><\/h3>\n<div id=\"polls-262\" class=\"wp-polls\">\n\t<form id=\"polls_form_262\" class=\"wp-polls-form\" action=\"\/index.php\" method=\"post\">\n\t\t<p style=\"display: none;\"><input type=\"hidden\" id=\"poll_262_nonce\" name=\"wp-polls-nonce\" value=\"3149dfcaac\" \/><\/p>\n\t\t<p style=\"display: none;\"><input type=\"hidden\" name=\"poll_id\" value=\"262\" \/><\/p>\n\t\t<p style=\"text-align: center\"><strong>Creus que Trump ser\u00e0 un bon president pels EUA?<\/strong><\/p><div id=\"polls-262-ans\" class=\"wp-polls-ans\"><ul class=\"wp-polls-ul\">\n\t\t<li><input type=\"radio\" id=\"poll-answer-739\" name=\"poll_262\" value=\"739\" \/> <label for=\"poll-answer-739\">S\u00ed<\/label><\/li>\n\t\t<li><input type=\"radio\" id=\"poll-answer-740\" name=\"poll_262\" value=\"740\" \/> <label for=\"poll-answer-740\">No<\/label><\/li>\n\t\t<li><input type=\"radio\" id=\"poll-answer-741\" name=\"poll_262\" value=\"741\" \/> <label for=\"poll-answer-741\">No ho s\u00e9<\/label><\/li>\n\t\t<\/ul><p style=\"text-align: center\"><input type=\"button\" name=\"vote\" value=\"   Vota   \" class=\"Buttons\" onclick=\"poll_vote(262);\" \/><\/p><p style=\"text-align: center\"><a href=\"#ViewPollResults\" onclick=\"poll_result(262); return false;\" title=\"View Results Of This Poll\">Mira els resultats<\/a><\/p><\/div>\n\t<\/form>\n<\/div>\n<div id=\"polls-262-loading\" class=\"wp-polls-loading\"><img decoding=\"async\" data-src=\"https:\/\/conversesacatalunya.cat\/wp-content\/plugins\/wp-polls\/images\/loading.gif\" width=\"16\" height=\"16\" alt=\"Cargando ...\" title=\"Cargando ...\" class=\"wp-polls-image lazyload\" src=\"data:image\/svg+xml;base64,PHN2ZyB3aWR0aD0iMSIgaGVpZ2h0PSIxIiB4bWxucz0iaHR0cDovL3d3dy53My5vcmcvMjAwMC9zdmciPjwvc3ZnPg==\" style=\"--smush-placeholder-width: 16px; --smush-placeholder-aspect-ratio: 16\/16;\" \/>&nbsp;Cargando ...<\/div>\n\n","protected":false},"excerpt":{"rendered":"<p>Es evidente que hay un rechazo generalizado e intenso a los partidos y a la forma en que se hace la pol\u00edtica. A menudo, se confunde con \u00abla Pol\u00edtica\u00bb, cuando tan s\u00f3lo se trata de lo que est\u00e1n haciendo los partidos. La pol\u00edtica es mucho m\u00e1s ancha, ya que expresa toda actividad dirigida a construir el bien com\u00fan, es decir, \u00abel conjunto de condiciones de la vida social que hacen posible a las asociaciones y a cada uno de sus miembros el logro m\u00e1s pleno y m\u00e1s f\u00e1cil de la propia perfecci\u00f3n\u00bb. Esto es la pol\u00edtica\u2026 o deber\u00eda serlo. La responsabilidad del rechazo recae en los partidos; por lo menos, eso dicen las encuestas, que ya se\u00f1alan la pol\u00edtica como el principal problema para la gente. \u00a1Mira por d\u00f3nde! Lo que, en teor\u00eda, deber\u00eda servir para mejorar las cosas, es un gran problema; m\u00e1s o menos como si el m\u00e9dico contribuyera a extender la enfermedad en lugar de controlarla y curarla. Sin embargo, asignar toda la responsabilidad a los partidos y gobiernos es incompleto.\u00a0Una parte muy importante recae en nosotros, los ciudadanos, pero no lo asumimos, puesto que somos exigentes hacia los dem\u00e1s e indulgentes con nuestras propias carencias. Nos refugiamos en la cr\u00edtica estorca de acci\u00f3n y prop\u00f3sito. La ciudadan\u00eda en general no est\u00e1 informada sobre la pol\u00edtica real, m\u00e1s all\u00e1 de los reproches que se lanzan los pol\u00edticos. Hay que decir que no es f\u00e1cil estarlo, puesto que los medios de comunicaci\u00f3n, m\u00e1s atentos al esc\u00e1ndalo que a los contenidos, no ayudan. Sin embargo, con un poco de buena voluntad se puede forjar criterio. Por supuesto, esto ser\u00eda m\u00e1s sencillo si las personas formaran parte de clubes, grupos c\u00edvicos o c\u00edrculos de debate pol\u00edtico, que les faciliten el acceso a un mejor conocimiento. Esto, en nuestro pa\u00eds, apenas existe. Fuera de la vida endog\u00e1mica de los partidos, poco m\u00e1s que no sean plataformas a su servicio. Por eso tiene tanto inter\u00e9s Converses en Catalu\u00f1a, un \u00e1mbito de reflexi\u00f3n y opini\u00f3n, porque no est\u00e1 casado con ninguna sigla pol\u00edtica. &nbsp; Dado el\u00a0poco inter\u00e9s y seguimiento de la pr\u00e1ctica pol\u00edtica y de la acci\u00f3n de gobierno, no hay est\u00edmulos ni incentivos para gobernar bien. Si no hay un m\u00ednimo de p\u00fablico entendido, la pr\u00e1ctica de un \u00e1mbito \u2014sea un deporte, teatro o pol\u00edtica\u2014degenera. El resultado es bien visible:\u00a0falta un seguimiento cr\u00edtico, exigente y bien informado. Sin embargo, nunca recuperaremos el buen gobierno, ya que el paso del tiempo ha agotado la hornada m\u00e1s o menos idealista y bien preparada de la transici\u00f3n. Si queremos un buen gobierno, necesitamos una sociedad civil fuerte y no partidista, que se manifieste a trav\u00e9s de organizaciones independientes, cuya finalidad sea la b\u00fasqueda del bien com\u00fan sin \u00e1nimo de beneficio propio. \u00c9sta es una debilidad muy acusada en Espa\u00f1a: en 2018 s\u00f3lo el 32% de la poblaci\u00f3n pertenec\u00eda a alg\u00fan tipo de asociaci\u00f3n y, de este porcentaje, la mayor\u00eda pertenece a entidades deportivas. En 1990, esa cifra era del 73%. Catalu\u00f1a siempre ha tenido una gran tradici\u00f3n asociativa, pero con el paso de los a\u00f1os, y a lo largo de este siglo, se ha ido homogeneizando con Espa\u00f1a en ese d\u00e9ficit. Por si la debilidad no fuera suficiente, existe una tendencia extraordinaria de que las organizaciones de la sociedad civil se confundan con la pol\u00edtica partidista, lo que s\u00f3lo favorece el aumento de la partitocracia y del mal gobierno. De hecho, los partidos pol\u00edticos tienden cada vez m\u00e1s a realizar funciones de activismo, cuando deber\u00edan estar centrados en el debate interno de las pol\u00edticas p\u00fablicas, a transmitirlas a la opini\u00f3n ciudadana y a canalizar de forma ordenada sus puntos de vista. \u00c9sta es su funci\u00f3n fundamental y lo que justifica su existencia. La pol\u00edtica de partidos ocupa toda la esfera p\u00fablica, incluidos los medios de comunicaci\u00f3n, que viven en una permanente relaci\u00f3n de amor-odio con los partidos: de amor con aquellos que siguen la l\u00ednea del diario, la televisi\u00f3n o la radio, y de odio hacia los contrarios. Hoy, este c\u00e1ncer medi\u00e1tico corroe a la sociedad y asfixia a las organizaciones de la sociedad civil, que no tienen espacio p\u00fablico para hacerse presentes porque los medios las desprecian, sobre todo si son independientes o contrarias a la l\u00ednea de ese medio. Es necesario crear un espacio lo m\u00e1s fuerte posible de car\u00e1cter c\u00edvico, que exprese los puntos de vista de la sociedad civil en la vida p\u00fablica, que los haga llegar a los partidos y al conjunto de la ciudadan\u00eda, que proponga iniciativas, que se mueva para exigirlas, que cree conciencia de estas exigencias. Una de estas necesidades es que Catalu\u00f1a disponga, de una vez por todas, de un sistema electoral propio en lugar de utilizar una normativa espa\u00f1ola de car\u00e1cter provisional elaborada durante la transici\u00f3n. Necesitamos un sistema electoral que ponga a los ciudadanos, los electores, en primer t\u00e9rmino y les d\u00e9 una verdadera capacidad de decidir.\u00a0 Una organizaci\u00f3n civil fuerte y no partidista debe ser capaz de alzar la voz sobre cuestiones que en muchos momentos molestar\u00e1n a los gobiernos o ser\u00e1n indeseadas por las dos bandas de la banqueta, gobierno y oposici\u00f3n, como sucedi\u00f3 con la falta de rendici\u00f3n de cuentas con el desastre de la COVID, algo que se puede reproducir con la tragedia valenciana. Porque, al final, unos y otros prefieren no da\u00f1arse mutuamente. Por todo ello, la\u00a0Conferencia C\u00edvica de Acci\u00f3n Pol\u00edtica (CCAP) de 14 de diciembre es de gran inter\u00e9s e importancia, porque pretende dar respuesta al deterioro de la pol\u00edtica, a las ineficacias de los gobiernos y a la debilidad de la sociedad civil. Se trata de que nos encontremos personas con vocaci\u00f3n de servicio, hoy interesadas en la construcci\u00f3n del bien com\u00fan de nuestro pa\u00eds. \u00bfYa conoces la CCAP? Inscr\u00edbete aqu\u00ed:\u00a0 I Confer\u00e8ncia C\u00edvica d&#8217;Acci\u00f3 Pol\u00edtica<\/p>\n","protected":false},"author":19,"featured_media":82476,"comment_status":"open","ping_status":"open","sticky":false,"template":"","format":"standard","meta":{"_FSMCFIC_featured_image_caption":"","_FSMCFIC_featured_image_nocaption":"","_FSMCFIC_featured_image_hide":"","footnotes":""},"categories":[806],"tags":[5192],"class_list":["post-83486","post","type-post","status-publish","format-standard","has-post-thumbnail","hentry","category-punts-claus-del-dia-es","tag-i-conferencia-civica"],"yoast_head":"<!-- This site is optimized with the Yoast SEO plugin v26.8 - https:\/\/yoast.com\/product\/yoast-seo-wordpress\/ -->\n<title>Sin una sociedad civil fuerte y organizada, siempre estaremos en manos de los malos gobiernos - Converses a Catalunya<\/title>\n<meta name=\"description\" content=\"Por qu\u00e9 una sociedad civil organizada y no partidista es esencial para garantizar el buen gobierno y combatir a los malos gobiernos\" \/>\n<meta name=\"robots\" content=\"index, follow, max-snippet:-1, max-image-preview:large, max-video-preview:-1\" \/>\n<link rel=\"canonical\" href=\"https:\/\/conversesacatalunya.cat\/es\/sin-una-sociedad-civil-fuerte-y-organizada-siempre-estaremos-en-manos-de-los-malos-gobiernos\/\" \/>\n<meta property=\"og:locale\" content=\"es_ES\" \/>\n<meta property=\"og:type\" content=\"article\" \/>\n<meta property=\"og:title\" content=\"Sin una sociedad civil fuerte y organizada, siempre estaremos en manos de los malos gobiernos - Converses a Catalunya\" \/>\n<meta property=\"og:description\" content=\"Por qu\u00e9 una sociedad civil organizada y no partidista es esencial para garantizar el buen gobierno y combatir a los malos gobiernos\" \/>\n<meta property=\"og:url\" content=\"https:\/\/conversesacatalunya.cat\/es\/sin-una-sociedad-civil-fuerte-y-organizada-siempre-estaremos-en-manos-de-los-malos-gobiernos\/\" \/>\n<meta property=\"og:site_name\" content=\"Converses a Catalunya\" \/>\n<meta property=\"article:published_time\" content=\"2024-11-14T10:05:39+00:00\" \/>\n<meta property=\"article:modified_time\" content=\"2024-11-14T14:13:28+00:00\" \/>\n<meta property=\"og:image\" content=\"https:\/\/conversesacatalunya.cat\/wp-content\/uploads\/2024\/10\/17.jpg\" \/>\n\t<meta property=\"og:image:width\" content=\"1080\" \/>\n\t<meta property=\"og:image:height\" content=\"1080\" \/>\n\t<meta property=\"og:image:type\" content=\"image\/jpeg\" \/>\n<meta name=\"author\" content=\"Josep Mir\u00f3 i Ard\u00e8vol\" \/>\n<meta name=\"twitter:card\" content=\"summary_large_image\" \/>\n<meta name=\"twitter:label1\" content=\"Escrito por\" \/>\n\t<meta name=\"twitter:data1\" content=\"Josep Mir\u00f3 i Ard\u00e8vol\" \/>\n\t<meta name=\"twitter:label2\" content=\"Tiempo de lectura\" \/>\n\t<meta name=\"twitter:data2\" content=\"5 minutos\" \/>\n<script type=\"application\/ld+json\" class=\"yoast-schema-graph\">{\"@context\":\"https:\/\/schema.org\",\"@graph\":[{\"@type\":\"Article\",\"@id\":\"https:\/\/conversesacatalunya.cat\/es\/sin-una-sociedad-civil-fuerte-y-organizada-siempre-estaremos-en-manos-de-los-malos-gobiernos\/#article\",\"isPartOf\":{\"@id\":\"https:\/\/conversesacatalunya.cat\/es\/sin-una-sociedad-civil-fuerte-y-organizada-siempre-estaremos-en-manos-de-los-malos-gobiernos\/\"},\"author\":{\"name\":\"Josep Mir\u00f3 i Ard\u00e8vol\",\"@id\":\"https:\/\/conversesacatalunya.cat\/#\/schema\/person\/a9598a6786ba7d3d1c5e0de477b79370\"},\"headline\":\"Sin una sociedad civil fuerte y organizada, siempre estaremos en manos de los malos gobiernos\",\"datePublished\":\"2024-11-14T10:05:39+00:00\",\"dateModified\":\"2024-11-14T14:13:28+00:00\",\"mainEntityOfPage\":{\"@id\":\"https:\/\/conversesacatalunya.cat\/es\/sin-una-sociedad-civil-fuerte-y-organizada-siempre-estaremos-en-manos-de-los-malos-gobiernos\/\"},\"wordCount\":1110,\"commentCount\":0,\"image\":{\"@id\":\"https:\/\/conversesacatalunya.cat\/es\/sin-una-sociedad-civil-fuerte-y-organizada-siempre-estaremos-en-manos-de-los-malos-gobiernos\/#primaryimage\"},\"thumbnailUrl\":\"https:\/\/conversesacatalunya.cat\/wp-content\/uploads\/2024\/10\/17.jpg\",\"keywords\":[\"I Conferencia c\u00edvica\"],\"articleSection\":[\"Punts clau del dia (ES)\"],\"inLanguage\":\"es\",\"potentialAction\":[{\"@type\":\"CommentAction\",\"name\":\"Comment\",\"target\":[\"https:\/\/conversesacatalunya.cat\/es\/sin-una-sociedad-civil-fuerte-y-organizada-siempre-estaremos-en-manos-de-los-malos-gobiernos\/#respond\"]}]},{\"@type\":\"WebPage\",\"@id\":\"https:\/\/conversesacatalunya.cat\/es\/sin-una-sociedad-civil-fuerte-y-organizada-siempre-estaremos-en-manos-de-los-malos-gobiernos\/\",\"url\":\"https:\/\/conversesacatalunya.cat\/es\/sin-una-sociedad-civil-fuerte-y-organizada-siempre-estaremos-en-manos-de-los-malos-gobiernos\/\",\"name\":\"Sin una sociedad civil fuerte y organizada, siempre estaremos en manos de los malos gobiernos - Converses a Catalunya\",\"isPartOf\":{\"@id\":\"https:\/\/conversesacatalunya.cat\/#website\"},\"primaryImageOfPage\":{\"@id\":\"https:\/\/conversesacatalunya.cat\/es\/sin-una-sociedad-civil-fuerte-y-organizada-siempre-estaremos-en-manos-de-los-malos-gobiernos\/#primaryimage\"},\"image\":{\"@id\":\"https:\/\/conversesacatalunya.cat\/es\/sin-una-sociedad-civil-fuerte-y-organizada-siempre-estaremos-en-manos-de-los-malos-gobiernos\/#primaryimage\"},\"thumbnailUrl\":\"https:\/\/conversesacatalunya.cat\/wp-content\/uploads\/2024\/10\/17.jpg\",\"datePublished\":\"2024-11-14T10:05:39+00:00\",\"dateModified\":\"2024-11-14T14:13:28+00:00\",\"author\":{\"@id\":\"https:\/\/conversesacatalunya.cat\/#\/schema\/person\/a9598a6786ba7d3d1c5e0de477b79370\"},\"description\":\"Por qu\u00e9 una sociedad civil organizada y no partidista es esencial para garantizar el buen gobierno y combatir a los malos gobiernos\",\"breadcrumb\":{\"@id\":\"https:\/\/conversesacatalunya.cat\/es\/sin-una-sociedad-civil-fuerte-y-organizada-siempre-estaremos-en-manos-de-los-malos-gobiernos\/#breadcrumb\"},\"inLanguage\":\"es\",\"potentialAction\":[{\"@type\":\"ReadAction\",\"target\":[\"https:\/\/conversesacatalunya.cat\/es\/sin-una-sociedad-civil-fuerte-y-organizada-siempre-estaremos-en-manos-de-los-malos-gobiernos\/\"]}]},{\"@type\":\"ImageObject\",\"inLanguage\":\"es\",\"@id\":\"https:\/\/conversesacatalunya.cat\/es\/sin-una-sociedad-civil-fuerte-y-organizada-siempre-estaremos-en-manos-de-los-malos-gobiernos\/#primaryimage\",\"url\":\"https:\/\/conversesacatalunya.cat\/wp-content\/uploads\/2024\/10\/17.jpg\",\"contentUrl\":\"https:\/\/conversesacatalunya.cat\/wp-content\/uploads\/2024\/10\/17.jpg\",\"width\":1080,\"height\":1080},{\"@type\":\"BreadcrumbList\",\"@id\":\"https:\/\/conversesacatalunya.cat\/es\/sin-una-sociedad-civil-fuerte-y-organizada-siempre-estaremos-en-manos-de-los-malos-gobiernos\/#breadcrumb\",\"itemListElement\":[{\"@type\":\"ListItem\",\"position\":1,\"name\":\"Inici\",\"item\":\"https:\/\/conversesacatalunya.cat\/es\/\"},{\"@type\":\"ListItem\",\"position\":2,\"name\":\"Sin una sociedad civil fuerte y organizada, siempre estaremos en manos de los malos gobiernos\"}]},{\"@type\":\"WebSite\",\"@id\":\"https:\/\/conversesacatalunya.cat\/#website\",\"url\":\"https:\/\/conversesacatalunya.cat\/\",\"name\":\"Converses a Catalunya\",\"description\":\"\",\"potentialAction\":[{\"@type\":\"SearchAction\",\"target\":{\"@type\":\"EntryPoint\",\"urlTemplate\":\"https:\/\/conversesacatalunya.cat\/?s={search_term_string}\"},\"query-input\":{\"@type\":\"PropertyValueSpecification\",\"valueRequired\":true,\"valueName\":\"search_term_string\"}}],\"inLanguage\":\"es\"},{\"@type\":\"Person\",\"@id\":\"https:\/\/conversesacatalunya.cat\/#\/schema\/person\/a9598a6786ba7d3d1c5e0de477b79370\",\"name\":\"Josep Mir\u00f3 i Ard\u00e8vol\",\"image\":{\"@type\":\"ImageObject\",\"inLanguage\":\"es\",\"@id\":\"https:\/\/conversesacatalunya.cat\/#\/schema\/person\/image\/\",\"url\":\"https:\/\/conversesacatalunya.cat\/wp-content\/litespeed\/avatar\/c37e3dc881857483d6694cdf98fdedea.jpg?ver=1777270381\",\"contentUrl\":\"https:\/\/conversesacatalunya.cat\/wp-content\/litespeed\/avatar\/c37e3dc881857483d6694cdf98fdedea.jpg?ver=1777270381\",\"caption\":\"Josep Mir\u00f3 i Ard\u00e8vol\"},\"url\":\"https:\/\/conversesacatalunya.cat\/es\/author\/josep-miro-i-ardevol\/\"}]}<\/script>\n<!-- \/ Yoast SEO plugin. -->","yoast_head_json":{"title":"Sin una sociedad civil fuerte y organizada, siempre estaremos en manos de los malos gobiernos - Converses a Catalunya","description":"Por qu\u00e9 una sociedad civil organizada y no partidista es esencial para garantizar el buen gobierno y combatir a los malos gobiernos","robots":{"index":"index","follow":"follow","max-snippet":"max-snippet:-1","max-image-preview":"max-image-preview:large","max-video-preview":"max-video-preview:-1"},"canonical":"https:\/\/conversesacatalunya.cat\/es\/sin-una-sociedad-civil-fuerte-y-organizada-siempre-estaremos-en-manos-de-los-malos-gobiernos\/","og_locale":"es_ES","og_type":"article","og_title":"Sin una sociedad civil fuerte y organizada, siempre estaremos en manos de los malos gobiernos - Converses a Catalunya","og_description":"Por qu\u00e9 una sociedad civil organizada y no partidista es esencial para garantizar el buen gobierno y combatir a los malos gobiernos","og_url":"https:\/\/conversesacatalunya.cat\/es\/sin-una-sociedad-civil-fuerte-y-organizada-siempre-estaremos-en-manos-de-los-malos-gobiernos\/","og_site_name":"Converses a Catalunya","article_published_time":"2024-11-14T10:05:39+00:00","article_modified_time":"2024-11-14T14:13:28+00:00","og_image":[{"width":1080,"height":1080,"url":"https:\/\/conversesacatalunya.cat\/wp-content\/uploads\/2024\/10\/17.jpg","type":"image\/jpeg"}],"author":"Josep Mir\u00f3 i Ard\u00e8vol","twitter_card":"summary_large_image","twitter_misc":{"Escrito por":"Josep Mir\u00f3 i Ard\u00e8vol","Tiempo de lectura":"5 minutos"},"schema":{"@context":"https:\/\/schema.org","@graph":[{"@type":"Article","@id":"https:\/\/conversesacatalunya.cat\/es\/sin-una-sociedad-civil-fuerte-y-organizada-siempre-estaremos-en-manos-de-los-malos-gobiernos\/#article","isPartOf":{"@id":"https:\/\/conversesacatalunya.cat\/es\/sin-una-sociedad-civil-fuerte-y-organizada-siempre-estaremos-en-manos-de-los-malos-gobiernos\/"},"author":{"name":"Josep Mir\u00f3 i Ard\u00e8vol","@id":"https:\/\/conversesacatalunya.cat\/#\/schema\/person\/a9598a6786ba7d3d1c5e0de477b79370"},"headline":"Sin una sociedad civil fuerte y organizada, siempre estaremos en manos de los malos gobiernos","datePublished":"2024-11-14T10:05:39+00:00","dateModified":"2024-11-14T14:13:28+00:00","mainEntityOfPage":{"@id":"https:\/\/conversesacatalunya.cat\/es\/sin-una-sociedad-civil-fuerte-y-organizada-siempre-estaremos-en-manos-de-los-malos-gobiernos\/"},"wordCount":1110,"commentCount":0,"image":{"@id":"https:\/\/conversesacatalunya.cat\/es\/sin-una-sociedad-civil-fuerte-y-organizada-siempre-estaremos-en-manos-de-los-malos-gobiernos\/#primaryimage"},"thumbnailUrl":"https:\/\/conversesacatalunya.cat\/wp-content\/uploads\/2024\/10\/17.jpg","keywords":["I Conferencia c\u00edvica"],"articleSection":["Punts clau del dia (ES)"],"inLanguage":"es","potentialAction":[{"@type":"CommentAction","name":"Comment","target":["https:\/\/conversesacatalunya.cat\/es\/sin-una-sociedad-civil-fuerte-y-organizada-siempre-estaremos-en-manos-de-los-malos-gobiernos\/#respond"]}]},{"@type":"WebPage","@id":"https:\/\/conversesacatalunya.cat\/es\/sin-una-sociedad-civil-fuerte-y-organizada-siempre-estaremos-en-manos-de-los-malos-gobiernos\/","url":"https:\/\/conversesacatalunya.cat\/es\/sin-una-sociedad-civil-fuerte-y-organizada-siempre-estaremos-en-manos-de-los-malos-gobiernos\/","name":"Sin una sociedad civil fuerte y organizada, siempre estaremos en manos de los malos gobiernos - Converses a Catalunya","isPartOf":{"@id":"https:\/\/conversesacatalunya.cat\/#website"},"primaryImageOfPage":{"@id":"https:\/\/conversesacatalunya.cat\/es\/sin-una-sociedad-civil-fuerte-y-organizada-siempre-estaremos-en-manos-de-los-malos-gobiernos\/#primaryimage"},"image":{"@id":"https:\/\/conversesacatalunya.cat\/es\/sin-una-sociedad-civil-fuerte-y-organizada-siempre-estaremos-en-manos-de-los-malos-gobiernos\/#primaryimage"},"thumbnailUrl":"https:\/\/conversesacatalunya.cat\/wp-content\/uploads\/2024\/10\/17.jpg","datePublished":"2024-11-14T10:05:39+00:00","dateModified":"2024-11-14T14:13:28+00:00","author":{"@id":"https:\/\/conversesacatalunya.cat\/#\/schema\/person\/a9598a6786ba7d3d1c5e0de477b79370"},"description":"Por qu\u00e9 una sociedad civil organizada y no partidista es esencial para garantizar el buen gobierno y combatir a los malos gobiernos","breadcrumb":{"@id":"https:\/\/conversesacatalunya.cat\/es\/sin-una-sociedad-civil-fuerte-y-organizada-siempre-estaremos-en-manos-de-los-malos-gobiernos\/#breadcrumb"},"inLanguage":"es","potentialAction":[{"@type":"ReadAction","target":["https:\/\/conversesacatalunya.cat\/es\/sin-una-sociedad-civil-fuerte-y-organizada-siempre-estaremos-en-manos-de-los-malos-gobiernos\/"]}]},{"@type":"ImageObject","inLanguage":"es","@id":"https:\/\/conversesacatalunya.cat\/es\/sin-una-sociedad-civil-fuerte-y-organizada-siempre-estaremos-en-manos-de-los-malos-gobiernos\/#primaryimage","url":"https:\/\/conversesacatalunya.cat\/wp-content\/uploads\/2024\/10\/17.jpg","contentUrl":"https:\/\/conversesacatalunya.cat\/wp-content\/uploads\/2024\/10\/17.jpg","width":1080,"height":1080},{"@type":"BreadcrumbList","@id":"https:\/\/conversesacatalunya.cat\/es\/sin-una-sociedad-civil-fuerte-y-organizada-siempre-estaremos-en-manos-de-los-malos-gobiernos\/#breadcrumb","itemListElement":[{"@type":"ListItem","position":1,"name":"Inici","item":"https:\/\/conversesacatalunya.cat\/es\/"},{"@type":"ListItem","position":2,"name":"Sin una sociedad civil fuerte y organizada, siempre estaremos en manos de los malos gobiernos"}]},{"@type":"WebSite","@id":"https:\/\/conversesacatalunya.cat\/#website","url":"https:\/\/conversesacatalunya.cat\/","name":"Converses a Catalunya","description":"","potentialAction":[{"@type":"SearchAction","target":{"@type":"EntryPoint","urlTemplate":"https:\/\/conversesacatalunya.cat\/?s={search_term_string}"},"query-input":{"@type":"PropertyValueSpecification","valueRequired":true,"valueName":"search_term_string"}}],"inLanguage":"es"},{"@type":"Person","@id":"https:\/\/conversesacatalunya.cat\/#\/schema\/person\/a9598a6786ba7d3d1c5e0de477b79370","name":"Josep Mir\u00f3 i Ard\u00e8vol","image":{"@type":"ImageObject","inLanguage":"es","@id":"https:\/\/conversesacatalunya.cat\/#\/schema\/person\/image\/","url":"https:\/\/conversesacatalunya.cat\/wp-content\/litespeed\/avatar\/c37e3dc881857483d6694cdf98fdedea.jpg?ver=1777270381","contentUrl":"https:\/\/conversesacatalunya.cat\/wp-content\/litespeed\/avatar\/c37e3dc881857483d6694cdf98fdedea.jpg?ver=1777270381","caption":"Josep Mir\u00f3 i Ard\u00e8vol"},"url":"https:\/\/conversesacatalunya.cat\/es\/author\/josep-miro-i-ardevol\/"}]}},"wps_subtitle":"Por qu\u00e9 una sociedad civil organizada y no partidista es esencial para garantizar el buen gobierno y combatir a los malos gobiernos","_links":{"self":[{"href":"https:\/\/conversesacatalunya.cat\/es\/wp-json\/wp\/v2\/posts\/83486","targetHints":{"allow":["GET"]}}],"collection":[{"href":"https:\/\/conversesacatalunya.cat\/es\/wp-json\/wp\/v2\/posts"}],"about":[{"href":"https:\/\/conversesacatalunya.cat\/es\/wp-json\/wp\/v2\/types\/post"}],"author":[{"embeddable":true,"href":"https:\/\/conversesacatalunya.cat\/es\/wp-json\/wp\/v2\/users\/19"}],"replies":[{"embeddable":true,"href":"https:\/\/conversesacatalunya.cat\/es\/wp-json\/wp\/v2\/comments?post=83486"}],"version-history":[{"count":2,"href":"https:\/\/conversesacatalunya.cat\/es\/wp-json\/wp\/v2\/posts\/83486\/revisions"}],"predecessor-version":[{"id":83488,"href":"https:\/\/conversesacatalunya.cat\/es\/wp-json\/wp\/v2\/posts\/83486\/revisions\/83488"}],"wp:featuredmedia":[{"embeddable":true,"href":"https:\/\/conversesacatalunya.cat\/es\/wp-json\/wp\/v2\/media\/82476"}],"wp:attachment":[{"href":"https:\/\/conversesacatalunya.cat\/es\/wp-json\/wp\/v2\/media?parent=83486"}],"wp:term":[{"taxonomy":"category","embeddable":true,"href":"https:\/\/conversesacatalunya.cat\/es\/wp-json\/wp\/v2\/categories?post=83486"},{"taxonomy":"post_tag","embeddable":true,"href":"https:\/\/conversesacatalunya.cat\/es\/wp-json\/wp\/v2\/tags?post=83486"}],"curies":[{"name":"wp","href":"https:\/\/api.w.org\/{rel}","templated":true}]}}